{"id":6855,"date":"2025-12-18T16:31:55","date_gmt":"2025-12-18T15:31:55","guid":{"rendered":"https:\/\/unaymilletras.com\/?p=6855"},"modified":"2025-12-18T16:32:39","modified_gmt":"2025-12-18T15:32:39","slug":"manuel-carrasco-vuelve-a-madrid-el-27-de-junio-de-2026","status":"publish","type":"post","link":"https:\/\/unaymilletras.com\/en\/manuel-carrasco-vuelve-a-madrid-el-27-de-junio-de-2026\/","title":{"rendered":"Manuel Carrasco vuelve a Madrid el 27 de junio de 2026"},"content":{"rendered":"<div data-elementor-type=\"wp-post\" data-elementor-id=\"6855\" class=\"elementor elementor-6855\">\n\t\t\t\t\t\t<section class=\"elementor-section elementor-top-section elementor-element elementor-element-d8a8854 elementor-section-boxed elementor-section-height-default elementor-section-height-default\" data-id=\"d8a8854\" data-element_type=\"section\" data-e-type=\"section\">\n\t\t\t\t\t\t<div class=\"elementor-container elementor-column-gap-default\">\n\t\t\t\t\t<div class=\"elementor-column elementor-col-100 elementor-top-column elementor-element elementor-element-20aeb75\" data-id=\"20aeb75\" data-element_type=\"column\" data-e-type=\"column\">\n\t\t\t<div class=\"elementor-widget-wrap elementor-element-populated\">\n\t\t\t\t\t\t<div class=\"elementor-element elementor-element-5bc8dcb elementor-widget elementor-widget-text-editor\" data-id=\"5bc8dcb\" data-element_type=\"widget\" data-e-type=\"widget\" data-widget_type=\"text-editor.default\">\n\t\t\t\t<div class=\"elementor-widget-container\">\n\t\t\t\t\t\t\t\t\t<h2 style=\"text-align: center;\"><span style=\"color: #808080;\"><em>El artista Manuel Carrasco actuar\u00e1 en Iberdrola Music dentro de una nueva etapa marcada por \u201cPueblo Salvaje\u201d<\/em><\/span><\/h2>\t\t\t\t\t\t\t\t<\/div>\n\t\t\t\t<\/div>\n\t\t\t\t\t<\/div>\n\t\t<\/div>\n\t\t\t\t\t<\/div>\n\t\t<\/section>\n\t\t\t\t<section class=\"elementor-section elementor-top-section elementor-element elementor-element-bce5d45 elementor-section-boxed elementor-section-height-default elementor-section-height-default\" data-id=\"bce5d45\" data-element_type=\"section\" data-e-type=\"section\">\n\t\t\t\t\t\t<div class=\"elementor-container elementor-column-gap-default\">\n\t\t\t\t\t<div class=\"elementor-column elementor-col-100 elementor-top-column elementor-element elementor-element-4661def\" data-id=\"4661def\" data-element_type=\"column\" data-e-type=\"column\">\n\t\t\t<div class=\"elementor-widget-wrap elementor-element-populated\">\n\t\t\t\t\t\t<div class=\"elementor-element elementor-element-bece737 elementor-widget elementor-widget-text-editor\" data-id=\"bece737\" data-element_type=\"widget\" data-e-type=\"widget\" data-widget_type=\"text-editor.default\">\n\t\t\t\t<div class=\"elementor-widget-container\">\n\t\t\t\t\t\t\t\t\t<p data-start=\"244\" data-end=\"517\">Manuel Carrasco ha anunciado un nuevo concierto en Madrid que tendr\u00e1 lugar el 27 de junio en Iberdrola Music. La fecha se suma a una etapa muy especial para el artista, que contin\u00faa consolidando su relaci\u00f3n con el p\u00fablico tras uno de los momentos m\u00e1s s\u00f3lidos de su carrera.<\/p>\t\t\t\t\t\t\t\t<\/div>\n\t\t\t\t<\/div>\n\t\t\t\t\t<\/div>\n\t\t<\/div>\n\t\t\t\t\t<\/div>\n\t\t<\/section>\n\t\t\t\t<section class=\"elementor-section elementor-top-section elementor-element elementor-element-38acec7 elementor-section-boxed elementor-section-height-default elementor-section-height-default\" data-id=\"38acec7\" data-element_type=\"section\" data-e-type=\"section\">\n\t\t\t\t\t\t<div class=\"elementor-container elementor-column-gap-default\">\n\t\t\t\t\t<div class=\"elementor-column elementor-col-100 elementor-top-column elementor-element elementor-element-50122f3\" data-id=\"50122f3\" data-element_type=\"column\" data-e-type=\"column\">\n\t\t\t<div class=\"elementor-widget-wrap elementor-element-populated\">\n\t\t\t\t\t\t<div class=\"elementor-element elementor-element-d59c17f elementor-widget elementor-widget-text-editor\" data-id=\"d59c17f\" data-element_type=\"widget\" data-e-type=\"widget\" data-widget_type=\"text-editor.default\">\n\t\t\t\t<div class=\"elementor-widget-container\">\n\t\t\t\t\t\t\t\t\t<p><strong>Informaci\u00f3n sobre el concierto:<\/strong><\/p>\t\t\t\t\t\t\t\t<\/div>\n\t\t\t\t<\/div>\n\t\t\t\t<section class=\"elementor-section elementor-inner-section elementor-element elementor-element-e80307e elementor-section-boxed elementor-section-height-default elementor-section-height-default\" data-id=\"e80307e\" data-element_type=\"section\" data-e-type=\"section\">\n\t\t\t\t\t\t<div class=\"elementor-container elementor-column-gap-default\">\n\t\t\t\t\t<div class=\"elementor-column elementor-col-50 elementor-inner-column elementor-element elementor-element-43bbe1c\" data-id=\"43bbe1c\" data-element_type=\"column\" data-e-type=\"column\">\n\t\t\t<div class=\"elementor-widget-wrap elementor-element-populated\">\n\t\t\t\t\t\t<div class=\"elementor-element elementor-element-12ecfe8 elementor-widget elementor-widget-text-editor\" data-id=\"12ecfe8\" data-element_type=\"widget\" data-e-type=\"widget\" data-widget_type=\"text-editor.default\">\n\t\t\t\t<div class=\"elementor-widget-container\">\n\t\t\t\t\t\t\t\t\t<p><strong data-start=\"1486\" data-end=\"1496\">Fecha:<\/strong> 27 de junio<br data-start=\"1508\" data-end=\"1511\" \/><strong data-start=\"1511\" data-end=\"1522\">Ciudad:<\/strong> Madrid<br data-start=\"1529\" data-end=\"1532\" \/><strong data-start=\"1532\" data-end=\"1544\">Recinto:<\/strong> Iberdrola Music<\/p>\t\t\t\t\t\t\t\t<\/div>\n\t\t\t\t<\/div>\n\t\t\t\t\t<\/div>\n\t\t<\/div>\n\t\t\t\t<div class=\"elementor-column elementor-col-50 elementor-inner-column elementor-element elementor-element-738598c\" data-id=\"738598c\" data-element_type=\"column\" data-e-type=\"column\">\n\t\t\t<div class=\"elementor-widget-wrap elementor-element-populated\">\n\t\t\t\t\t\t<div class=\"elementor-element elementor-element-71a3be5 elementor-widget elementor-widget-text-editor\" data-id=\"71a3be5\" data-element_type=\"widget\" data-e-type=\"widget\" data-widget_type=\"text-editor.default\">\n\t\t\t\t<div class=\"elementor-widget-container\">\n\t\t\t\t\t\t\t\t\t<p><strong data-start=\"1564\" data-end=\"1577\">Entradas:<\/strong><br data-start=\"1577\" data-end=\"1580\" \/>A la venta a partir de <strong data-start=\"1603\" data-end=\"1620\">enero de 2026<\/strong><br data-start=\"1620\" data-end=\"1623\" \/><strong data-start=\"1623\" data-end=\"1635\">Precios:<\/strong> desde <strong data-start=\"1642\" data-end=\"1653\">48,50 \u20ac<\/strong><br data-start=\"1653\" data-end=\"1656\" \/><em data-start=\"1656\" data-end=\"1726\">(Pr\u00f3ximamente se ampliar\u00e1 la informaci\u00f3n sobre la venta de entradas)<\/em><\/p>\t\t\t\t\t\t\t\t<\/div>\n\t\t\t\t<\/div>\n\t\t\t\t\t<\/div>\n\t\t<\/div>\n\t\t\t\t\t<\/div>\n\t\t<\/section>\n\t\t\t\t\t<\/div>\n\t\t<\/div>\n\t\t\t\t\t<\/div>\n\t\t<\/section>\n\t\t\t\t<section class=\"elementor-section elementor-top-section elementor-element elementor-element-e612452 elementor-section-boxed elementor-section-height-default elementor-section-height-default\" data-id=\"e612452\" data-element_type=\"section\" data-e-type=\"section\">\n\t\t\t\t\t\t<div class=\"elementor-container elementor-column-gap-default\">\n\t\t\t\t\t<div class=\"elementor-column elementor-col-100 elementor-top-column elementor-element elementor-element-2700e81\" data-id=\"2700e81\" data-element_type=\"column\" data-e-type=\"column\">\n\t\t\t<div class=\"elementor-widget-wrap elementor-element-populated\">\n\t\t\t\t\t\t<div class=\"elementor-element elementor-element-cc50e26 elementor-widget elementor-widget-image\" data-id=\"cc50e26\" data-element_type=\"widget\" data-e-type=\"widget\" data-widget_type=\"image.default\">\n\t\t\t\t<div class=\"elementor-widget-container\">\n\t\t\t\t\t\t\t\t\t\t\t\t\t\t\t<img fetchpriority=\"high\" decoding=\"async\" width=\"640\" height=\"427\" src=\"https:\/\/unaymilletras.com\/wp-content\/uploads\/2025\/12\/79372672-ee56-c105-c1bb-1a01eaf4-1024x683.jpg\" class=\"attachment-large size-large wp-image-6857\" alt=\"Manuel Carrasco\" srcset=\"https:\/\/unaymilletras.com\/wp-content\/uploads\/2025\/12\/79372672-ee56-c105-c1bb-1a01eaf4-1024x683.jpg 1024w, https:\/\/unaymilletras.com\/wp-content\/uploads\/2025\/12\/79372672-ee56-c105-c1bb-1a01eaf4-300x200.jpg 300w, https:\/\/unaymilletras.com\/wp-content\/uploads\/2025\/12\/79372672-ee56-c105-c1bb-1a01eaf4-768x512.jpg 768w, https:\/\/unaymilletras.com\/wp-content\/uploads\/2025\/12\/79372672-ee56-c105-c1bb-1a01eaf4-1536x1024.jpg 1536w, https:\/\/unaymilletras.com\/wp-content\/uploads\/2025\/12\/79372672-ee56-c105-c1bb-1a01eaf4-2048x1365.jpg 2048w, https:\/\/unaymilletras.com\/wp-content\/uploads\/2025\/12\/79372672-ee56-c105-c1bb-1a01eaf4-18x12.jpg 18w, https:\/\/unaymilletras.com\/wp-content\/uploads\/2025\/12\/79372672-ee56-c105-c1bb-1a01eaf4-scaled-e1766071919555.jpg 600w\" sizes=\"(max-width: 640px) 100vw, 640px\" \/>\t\t\t\t\t\t\t\t\t\t\t\t\t\t\t<\/div>\n\t\t\t\t<\/div>\n\t\t\t\t\t<\/div>\n\t\t<\/div>\n\t\t\t\t\t<\/div>\n\t\t<\/section>\n\t\t\t\t<section class=\"elementor-section elementor-top-section elementor-element elementor-element-1f73071 elementor-section-boxed elementor-section-height-default elementor-section-height-default\" data-id=\"1f73071\" data-element_type=\"section\" data-e-type=\"section\">\n\t\t\t\t\t\t<div class=\"elementor-container elementor-column-gap-default\">\n\t\t\t\t\t<div class=\"elementor-column elementor-col-100 elementor-top-column elementor-element elementor-element-c07eba3\" data-id=\"c07eba3\" data-element_type=\"column\" data-e-type=\"column\">\n\t\t\t<div class=\"elementor-widget-wrap elementor-element-populated\">\n\t\t\t\t\t\t<div class=\"elementor-element elementor-element-ad3ee44 elementor-widget elementor-widget-text-editor\" data-id=\"ad3ee44\" data-element_type=\"widget\" data-e-type=\"widget\" data-widget_type=\"text-editor.default\">\n\t\t\t\t<div class=\"elementor-widget-container\">\n\t\t\t\t\t\t\t\t\t<p data-start=\"519\" data-end=\"846\">El cantante llega a la capital inmerso en el lanzamiento de <em data-start=\"579\" data-end=\"595\">Pueblo Salvaje<\/em>, su nuevo proyecto musical, con el que abre una etapa marcada por la conexi\u00f3n emocional, la identidad colectiva y la libertad creativa. Un trabajo que refleja su forma de entender la m\u00fasica como un espacio compartido, honesto y alejado de artificios.<\/p><p data-start=\"848\" data-end=\"1219\">Con una trayectoria respaldada por grandes cifras y una fuerte presencia en directo, Carrasco se ha convertido en uno de los artistas m\u00e1s queridos del panorama nacional. Sus conciertos destacan por la cercan\u00eda con el p\u00fablico y una puesta en escena que convierte cada cita en una experiencia emocional, algo que previsiblemente volver\u00e1 a repetirse en esta fecha madrile\u00f1a.<\/p><p data-start=\"1221\" data-end=\"1448\">El concierto del 27 de junio se perfila como una de las grandes citas musicales del verano en Madrid, en un recinto dise\u00f1ado para acoger espect\u00e1culos de gran formato y que refuerza la apuesta de la ciudad por la m\u00fasica en vivo.<\/p>\t\t\t\t\t\t\t\t<\/div>\n\t\t\t\t<\/div>\n\t\t\t\t\t<\/div>\n\t\t<\/div>\n\t\t\t\t\t<\/div>\n\t\t<\/section>\n\t\t\t\t<\/div>","protected":false},"excerpt":{"rendered":"<p>El artista Manuel Carrasco actuar\u00e1 en Iberdrola Music dentro de una nueva etapa marcada por \u201cPueblo Salvaje\u201d Manuel Carrasco ha anunciado un nuevo concierto en Madrid que tendr\u00e1 lugar el 27 de junio en Iberdrola Music. La fecha se suma a una etapa muy especial para el artista, que contin\u00faa consolidando su relaci\u00f3n con el [&hellip;]<\/p>\n","protected":false},"author":6,"featured_media":6857,"comment_status":"closed","ping_status":"closed","sticky":false,"template":"","format":"standard","meta":{"footnotes":""},"categories":[4],"tags":[],"class_list":["post-6855","post","type-post","status-publish","format-standard","has-post-thumbnail","hentry","category-musica"],"yoast_head":"<!-- This site is optimized with the Yoast SEO plugin v27.4 - https:\/\/yoast.com\/product\/yoast-seo-wordpress\/ -->\n<title>Manuel Carrasco vuelve a Madrid el 27 de junio de 2026<\/title>\n<meta name=\"description\" content=\"El artista Manuel Carrasco actuar\u00e1 en Iberdrola Music dentro de una nueva etapa marcada por \u201cPueblo Salvaje\u201d\" \/>\n<meta name=\"robots\" content=\"index, follow, max-snippet:-1, max-image-preview:large, max-video-preview:-1\" \/>\n<link rel=\"canonical\" href=\"https:\/\/unaymilletras.com\/en\/manuel-carrasco-vuelve-a-madrid-el-27-de-junio-de-2026\/\" \/>\n<meta property=\"og:locale\" content=\"en_GB\" \/>\n<meta property=\"og:type\" content=\"article\" \/>\n<meta property=\"og:title\" content=\"Manuel Carrasco vuelve a Madrid el 27 de junio de 2026\" \/>\n<meta property=\"og:description\" content=\"El artista Manuel Carrasco actuar\u00e1 en Iberdrola Music dentro de una nueva etapa marcada por \u201cPueblo Salvaje\u201d\" \/>\n<meta property=\"og:url\" content=\"https:\/\/unaymilletras.com\/en\/manuel-carrasco-vuelve-a-madrid-el-27-de-junio-de-2026\/\" \/>\n<meta property=\"og:site_name\" content=\"Una y Mil Letras\" \/>\n<meta property=\"article:published_time\" content=\"2025-12-18T15:31:55+00:00\" \/>\n<meta property=\"article:modified_time\" content=\"2025-12-18T15:32:39+00:00\" \/>\n<meta property=\"og:image\" content=\"http:\/\/unaymilletras.com\/wp-content\/uploads\/2025\/12\/79372672-ee56-c105-c1bb-1a01eaf4-scaled-e1766071919555.jpg\" \/>\n\t<meta property=\"og:image:width\" content=\"600\" \/>\n\t<meta property=\"og:image:height\" content=\"400\" \/>\n\t<meta property=\"og:image:type\" content=\"image\/jpeg\" \/>\n<meta name=\"author\" content=\"Redacci\u00f3n\" \/>\n<meta name=\"twitter:card\" content=\"summary_large_image\" \/>\n<meta name=\"twitter:creator\" content=\"@UnaYMilLetras\" \/>\n<meta name=\"twitter:site\" content=\"@UnaYMilLetras\" \/>\n<meta name=\"twitter:label1\" content=\"Written by\" \/>\n\t<meta name=\"twitter:data1\" content=\"Redacci\u00f3n\" \/>\n\t<meta name=\"twitter:label2\" content=\"Estimated reading time\" \/>\n\t<meta name=\"twitter:data2\" content=\"2 minutes\" \/>\n<script type=\"application\/ld+json\" class=\"yoast-schema-graph\">{\"@context\":\"https:\\\/\\\/schema.org\",\"@graph\":[{\"@type\":\"Article\",\"@id\":\"https:\\\/\\\/unaymilletras.com\\\/manuel-carrasco-vuelve-a-madrid-el-27-de-junio-de-2026\\\/#article\",\"isPartOf\":{\"@id\":\"https:\\\/\\\/unaymilletras.com\\\/manuel-carrasco-vuelve-a-madrid-el-27-de-junio-de-2026\\\/\"},\"author\":{\"name\":\"Redacci\u00f3n\",\"@id\":\"http:\\\/\\\/unaymilletras.com\\\/#\\\/schema\\\/person\\\/0860dc8a218329991ee2c7591f4f849d\"},\"headline\":\"Manuel Carrasco vuelve a Madrid el 27 de junio de 2026\",\"datePublished\":\"2025-12-18T15:31:55+00:00\",\"dateModified\":\"2025-12-18T15:32:39+00:00\",\"mainEntityOfPage\":{\"@id\":\"https:\\\/\\\/unaymilletras.com\\\/manuel-carrasco-vuelve-a-madrid-el-27-de-junio-de-2026\\\/\"},\"wordCount\":278,\"publisher\":{\"@id\":\"http:\\\/\\\/unaymilletras.com\\\/#organization\"},\"image\":{\"@id\":\"https:\\\/\\\/unaymilletras.com\\\/manuel-carrasco-vuelve-a-madrid-el-27-de-junio-de-2026\\\/#primaryimage\"},\"thumbnailUrl\":\"https:\\\/\\\/unaymilletras.com\\\/wp-content\\\/uploads\\\/2025\\\/12\\\/79372672-ee56-c105-c1bb-1a01eaf4-scaled-e1766071919555.jpg\",\"articleSection\":[\"M\u00fasica\"],\"inLanguage\":\"en-GB\"},{\"@type\":\"WebPage\",\"@id\":\"https:\\\/\\\/unaymilletras.com\\\/manuel-carrasco-vuelve-a-madrid-el-27-de-junio-de-2026\\\/\",\"url\":\"https:\\\/\\\/unaymilletras.com\\\/manuel-carrasco-vuelve-a-madrid-el-27-de-junio-de-2026\\\/\",\"name\":\"Manuel Carrasco vuelve a Madrid el 27 de junio de 2026\",\"isPartOf\":{\"@id\":\"http:\\\/\\\/unaymilletras.com\\\/#website\"},\"primaryImageOfPage\":{\"@id\":\"https:\\\/\\\/unaymilletras.com\\\/manuel-carrasco-vuelve-a-madrid-el-27-de-junio-de-2026\\\/#primaryimage\"},\"image\":{\"@id\":\"https:\\\/\\\/unaymilletras.com\\\/manuel-carrasco-vuelve-a-madrid-el-27-de-junio-de-2026\\\/#primaryimage\"},\"thumbnailUrl\":\"https:\\\/\\\/unaymilletras.com\\\/wp-content\\\/uploads\\\/2025\\\/12\\\/79372672-ee56-c105-c1bb-1a01eaf4-scaled-e1766071919555.jpg\",\"datePublished\":\"2025-12-18T15:31:55+00:00\",\"dateModified\":\"2025-12-18T15:32:39+00:00\",\"description\":\"El artista Manuel Carrasco actuar\u00e1 en Iberdrola Music dentro de una nueva etapa marcada por \u201cPueblo Salvaje\u201d\",\"breadcrumb\":{\"@id\":\"https:\\\/\\\/unaymilletras.com\\\/manuel-carrasco-vuelve-a-madrid-el-27-de-junio-de-2026\\\/#breadcrumb\"},\"inLanguage\":\"en-GB\",\"potentialAction\":[{\"@type\":\"ReadAction\",\"target\":[\"https:\\\/\\\/unaymilletras.com\\\/manuel-carrasco-vuelve-a-madrid-el-27-de-junio-de-2026\\\/\"]}]},{\"@type\":\"ImageObject\",\"inLanguage\":\"en-GB\",\"@id\":\"https:\\\/\\\/unaymilletras.com\\\/manuel-carrasco-vuelve-a-madrid-el-27-de-junio-de-2026\\\/#primaryimage\",\"url\":\"https:\\\/\\\/unaymilletras.com\\\/wp-content\\\/uploads\\\/2025\\\/12\\\/79372672-ee56-c105-c1bb-1a01eaf4-scaled-e1766071919555.jpg\",\"contentUrl\":\"https:\\\/\\\/unaymilletras.com\\\/wp-content\\\/uploads\\\/2025\\\/12\\\/79372672-ee56-c105-c1bb-1a01eaf4-scaled-e1766071919555.jpg\",\"width\":600,\"height\":400,\"caption\":\"Manuel Carrasco\"},{\"@type\":\"BreadcrumbList\",\"@id\":\"https:\\\/\\\/unaymilletras.com\\\/manuel-carrasco-vuelve-a-madrid-el-27-de-junio-de-2026\\\/#breadcrumb\",\"itemListElement\":[{\"@type\":\"ListItem\",\"position\":1,\"name\":\"Home\",\"item\":\"http:\\\/\\\/unaymilletras.com\\\/\"},{\"@type\":\"ListItem\",\"position\":2,\"name\":\"Manuel Carrasco vuelve a Madrid el 27 de junio de 2026\"}]},{\"@type\":\"WebSite\",\"@id\":\"http:\\\/\\\/unaymilletras.com\\\/#website\",\"url\":\"http:\\\/\\\/unaymilletras.com\\\/\",\"name\":\"Una y Mil Letras\",\"description\":\"\",\"publisher\":{\"@id\":\"http:\\\/\\\/unaymilletras.com\\\/#organization\"},\"potentialAction\":[{\"@type\":\"SearchAction\",\"target\":{\"@type\":\"EntryPoint\",\"urlTemplate\":\"http:\\\/\\\/unaymilletras.com\\\/?s={search_term_string}\"},\"query-input\":{\"@type\":\"PropertyValueSpecification\",\"valueRequired\":true,\"valueName\":\"search_term_string\"}}],\"inLanguage\":\"en-GB\"},{\"@type\":\"Organization\",\"@id\":\"http:\\\/\\\/unaymilletras.com\\\/#organization\",\"name\":\"Una y Mil Letras\",\"url\":\"http:\\\/\\\/unaymilletras.com\\\/\",\"logo\":{\"@type\":\"ImageObject\",\"inLanguage\":\"en-GB\",\"@id\":\"http:\\\/\\\/unaymilletras.com\\\/#\\\/schema\\\/logo\\\/image\\\/\",\"url\":\"https:\\\/\\\/unaymilletras.com\\\/wp-content\\\/uploads\\\/2024\\\/06\\\/cropped-Logo-removebg-preview.png\",\"contentUrl\":\"https:\\\/\\\/unaymilletras.com\\\/wp-content\\\/uploads\\\/2024\\\/06\\\/cropped-Logo-removebg-preview.png\",\"width\":512,\"height\":512,\"caption\":\"Una y Mil Letras\"},\"image\":{\"@id\":\"http:\\\/\\\/unaymilletras.com\\\/#\\\/schema\\\/logo\\\/image\\\/\"},\"sameAs\":[\"https:\\\/\\\/x.com\\\/UnaYMilLetras\",\"https:\\\/\\\/instagram.com\\\/UnaYMilLetras\"]},{\"@type\":\"Person\",\"@id\":\"http:\\\/\\\/unaymilletras.com\\\/#\\\/schema\\\/person\\\/0860dc8a218329991ee2c7591f4f849d\",\"name\":\"Redacci\u00f3n\",\"image\":{\"@type\":\"ImageObject\",\"inLanguage\":\"en-GB\",\"@id\":\"https:\\\/\\\/secure.gravatar.com\\\/avatar\\\/d8f55e05a8b6597e45c55a1dcbdbfe44f4a360d88b48e00de5216a79b7732796?s=96&d=mm&r=g\",\"url\":\"https:\\\/\\\/secure.gravatar.com\\\/avatar\\\/d8f55e05a8b6597e45c55a1dcbdbfe44f4a360d88b48e00de5216a79b7732796?s=96&d=mm&r=g\",\"contentUrl\":\"https:\\\/\\\/secure.gravatar.com\\\/avatar\\\/d8f55e05a8b6597e45c55a1dcbdbfe44f4a360d88b48e00de5216a79b7732796?s=96&d=mm&r=g\",\"caption\":\"Redacci\u00f3n\"},\"url\":\"https:\\\/\\\/unaymilletras.com\\\/en\\\/author\\\/redaccion\\\/\"}]}<\/script>\n<!-- \/ Yoast SEO plugin. -->","yoast_head_json":{"title":"Manuel Carrasco vuelve a Madrid el 27 de junio de 2026","description":"El artista Manuel Carrasco actuar\u00e1 en Iberdrola Music dentro de una nueva etapa marcada por \u201cPueblo Salvaje\u201d","robots":{"index":"index","follow":"follow","max-snippet":"max-snippet:-1","max-image-preview":"max-image-preview:large","max-video-preview":"max-video-preview:-1"},"canonical":"https:\/\/unaymilletras.com\/en\/manuel-carrasco-vuelve-a-madrid-el-27-de-junio-de-2026\/","og_locale":"en_GB","og_type":"article","og_title":"Manuel Carrasco vuelve a Madrid el 27 de junio de 2026","og_description":"El artista Manuel Carrasco actuar\u00e1 en Iberdrola Music dentro de una nueva etapa marcada por \u201cPueblo Salvaje\u201d","og_url":"https:\/\/unaymilletras.com\/en\/manuel-carrasco-vuelve-a-madrid-el-27-de-junio-de-2026\/","og_site_name":"Una y Mil Letras","article_published_time":"2025-12-18T15:31:55+00:00","article_modified_time":"2025-12-18T15:32:39+00:00","og_image":[{"width":600,"height":400,"url":"http:\/\/unaymilletras.com\/wp-content\/uploads\/2025\/12\/79372672-ee56-c105-c1bb-1a01eaf4-scaled-e1766071919555.jpg","type":"image\/jpeg"}],"author":"Redacci\u00f3n","twitter_card":"summary_large_image","twitter_creator":"@UnaYMilLetras","twitter_site":"@UnaYMilLetras","twitter_misc":{"Written by":"Redacci\u00f3n","Estimated reading time":"2 minutes"},"schema":{"@context":"https:\/\/schema.org","@graph":[{"@type":"Article","@id":"https:\/\/unaymilletras.com\/manuel-carrasco-vuelve-a-madrid-el-27-de-junio-de-2026\/#article","isPartOf":{"@id":"https:\/\/unaymilletras.com\/manuel-carrasco-vuelve-a-madrid-el-27-de-junio-de-2026\/"},"author":{"name":"Redacci\u00f3n","@id":"http:\/\/unaymilletras.com\/#\/schema\/person\/0860dc8a218329991ee2c7591f4f849d"},"headline":"Manuel Carrasco vuelve a Madrid el 27 de junio de 2026","datePublished":"2025-12-18T15:31:55+00:00","dateModified":"2025-12-18T15:32:39+00:00","mainEntityOfPage":{"@id":"https:\/\/unaymilletras.com\/manuel-carrasco-vuelve-a-madrid-el-27-de-junio-de-2026\/"},"wordCount":278,"publisher":{"@id":"http:\/\/unaymilletras.com\/#organization"},"image":{"@id":"https:\/\/unaymilletras.com\/manuel-carrasco-vuelve-a-madrid-el-27-de-junio-de-2026\/#primaryimage"},"thumbnailUrl":"https:\/\/unaymilletras.com\/wp-content\/uploads\/2025\/12\/79372672-ee56-c105-c1bb-1a01eaf4-scaled-e1766071919555.jpg","articleSection":["M\u00fasica"],"inLanguage":"en-GB"},{"@type":"WebPage","@id":"https:\/\/unaymilletras.com\/manuel-carrasco-vuelve-a-madrid-el-27-de-junio-de-2026\/","url":"https:\/\/unaymilletras.com\/manuel-carrasco-vuelve-a-madrid-el-27-de-junio-de-2026\/","name":"Manuel Carrasco vuelve a Madrid el 27 de junio de 2026","isPartOf":{"@id":"http:\/\/unaymilletras.com\/#website"},"primaryImageOfPage":{"@id":"https:\/\/unaymilletras.com\/manuel-carrasco-vuelve-a-madrid-el-27-de-junio-de-2026\/#primaryimage"},"image":{"@id":"https:\/\/unaymilletras.com\/manuel-carrasco-vuelve-a-madrid-el-27-de-junio-de-2026\/#primaryimage"},"thumbnailUrl":"https:\/\/unaymilletras.com\/wp-content\/uploads\/2025\/12\/79372672-ee56-c105-c1bb-1a01eaf4-scaled-e1766071919555.jpg","datePublished":"2025-12-18T15:31:55+00:00","dateModified":"2025-12-18T15:32:39+00:00","description":"El artista Manuel Carrasco actuar\u00e1 en Iberdrola Music dentro de una nueva etapa marcada por \u201cPueblo Salvaje\u201d","breadcrumb":{"@id":"https:\/\/unaymilletras.com\/manuel-carrasco-vuelve-a-madrid-el-27-de-junio-de-2026\/#breadcrumb"},"inLanguage":"en-GB","potentialAction":[{"@type":"ReadAction","target":["https:\/\/unaymilletras.com\/manuel-carrasco-vuelve-a-madrid-el-27-de-junio-de-2026\/"]}]},{"@type":"ImageObject","inLanguage":"en-GB","@id":"https:\/\/unaymilletras.com\/manuel-carrasco-vuelve-a-madrid-el-27-de-junio-de-2026\/#primaryimage","url":"https:\/\/unaymilletras.com\/wp-content\/uploads\/2025\/12\/79372672-ee56-c105-c1bb-1a01eaf4-scaled-e1766071919555.jpg","contentUrl":"https:\/\/unaymilletras.com\/wp-content\/uploads\/2025\/12\/79372672-ee56-c105-c1bb-1a01eaf4-scaled-e1766071919555.jpg","width":600,"height":400,"caption":"Manuel Carrasco"},{"@type":"BreadcrumbList","@id":"https:\/\/unaymilletras.com\/manuel-carrasco-vuelve-a-madrid-el-27-de-junio-de-2026\/#breadcrumb","itemListElement":[{"@type":"ListItem","position":1,"name":"Home","item":"http:\/\/unaymilletras.com\/"},{"@type":"ListItem","position":2,"name":"Manuel Carrasco vuelve a Madrid el 27 de junio de 2026"}]},{"@type":"WebSite","@id":"http:\/\/unaymilletras.com\/#website","url":"http:\/\/unaymilletras.com\/","name":"Una y Mil Letras","description":"","publisher":{"@id":"http:\/\/unaymilletras.com\/#organization"},"potentialAction":[{"@type":"SearchAction","target":{"@type":"EntryPoint","urlTemplate":"http:\/\/unaymilletras.com\/?s={search_term_string}"},"query-input":{"@type":"PropertyValueSpecification","valueRequired":true,"valueName":"search_term_string"}}],"inLanguage":"en-GB"},{"@type":"Organization","@id":"http:\/\/unaymilletras.com\/#organization","name":"Una y Mil Letras","url":"http:\/\/unaymilletras.com\/","logo":{"@type":"ImageObject","inLanguage":"en-GB","@id":"http:\/\/unaymilletras.com\/#\/schema\/logo\/image\/","url":"https:\/\/unaymilletras.com\/wp-content\/uploads\/2024\/06\/cropped-Logo-removebg-preview.png","contentUrl":"https:\/\/unaymilletras.com\/wp-content\/uploads\/2024\/06\/cropped-Logo-removebg-preview.png","width":512,"height":512,"caption":"Una y Mil Letras"},"image":{"@id":"http:\/\/unaymilletras.com\/#\/schema\/logo\/image\/"},"sameAs":["https:\/\/x.com\/UnaYMilLetras","https:\/\/instagram.com\/UnaYMilLetras"]},{"@type":"Person","@id":"http:\/\/unaymilletras.com\/#\/schema\/person\/0860dc8a218329991ee2c7591f4f849d","name":"Redacci\u00f3n","image":{"@type":"ImageObject","inLanguage":"en-GB","@id":"https:\/\/secure.gravatar.com\/avatar\/d8f55e05a8b6597e45c55a1dcbdbfe44f4a360d88b48e00de5216a79b7732796?s=96&d=mm&r=g","url":"https:\/\/secure.gravatar.com\/avatar\/d8f55e05a8b6597e45c55a1dcbdbfe44f4a360d88b48e00de5216a79b7732796?s=96&d=mm&r=g","contentUrl":"https:\/\/secure.gravatar.com\/avatar\/d8f55e05a8b6597e45c55a1dcbdbfe44f4a360d88b48e00de5216a79b7732796?s=96&d=mm&r=g","caption":"Redacci\u00f3n"},"url":"https:\/\/unaymilletras.com\/en\/author\/redaccion\/"}]}},"_links":{"self":[{"href":"https:\/\/unaymilletras.com\/en\/wp-json\/wp\/v2\/posts\/6855","targetHints":{"allow":["GET"]}}],"collection":[{"href":"https:\/\/unaymilletras.com\/en\/wp-json\/wp\/v2\/posts"}],"about":[{"href":"https:\/\/unaymilletras.com\/en\/wp-json\/wp\/v2\/types\/post"}],"author":[{"embeddable":true,"href":"https:\/\/unaymilletras.com\/en\/wp-json\/wp\/v2\/users\/6"}],"replies":[{"embeddable":true,"href":"https:\/\/unaymilletras.com\/en\/wp-json\/wp\/v2\/comments?post=6855"}],"version-history":[{"count":7,"href":"https:\/\/unaymilletras.com\/en\/wp-json\/wp\/v2\/posts\/6855\/revisions"}],"predecessor-version":[{"id":6863,"href":"https:\/\/unaymilletras.com\/en\/wp-json\/wp\/v2\/posts\/6855\/revisions\/6863"}],"wp:featuredmedia":[{"embeddable":true,"href":"https:\/\/unaymilletras.com\/en\/wp-json\/wp\/v2\/media\/6857"}],"wp:attachment":[{"href":"https:\/\/unaymilletras.com\/en\/wp-json\/wp\/v2\/media?parent=6855"}],"wp:term":[{"taxonomy":"category","embeddable":true,"href":"https:\/\/unaymilletras.com\/en\/wp-json\/wp\/v2\/categories?post=6855"},{"taxonomy":"post_tag","embeddable":true,"href":"https:\/\/unaymilletras.com\/en\/wp-json\/wp\/v2\/tags?post=6855"}],"curies":[{"name":"wp","href":"https:\/\/api.w.org\/{rel}","templated":true}]}}