{"id":6865,"date":"2025-12-19T13:43:07","date_gmt":"2025-12-19T12:43:07","guid":{"rendered":"https:\/\/unaymilletras.com\/?p=6865"},"modified":"2025-12-19T13:43:07","modified_gmt":"2025-12-19T12:43:07","slug":"hard-gz-anuncia-las-primeras-fechas-de-lacosta-tour","status":"publish","type":"post","link":"https:\/\/unaymilletras.com\/en\/hard-gz-anuncia-las-primeras-fechas-de-lacosta-tour\/","title":{"rendered":"Hard GZ anuncia las primeras fechas de \u201cLACOSTA Tour\u201d"},"content":{"rendered":"<div data-elementor-type=\"wp-post\" data-elementor-id=\"6865\" class=\"elementor elementor-6865\">\n\t\t\t\t\t\t<section class=\"elementor-section elementor-top-section elementor-element elementor-element-cc5064a elementor-section-boxed elementor-section-height-default elementor-section-height-default\" data-id=\"cc5064a\" data-element_type=\"section\" data-e-type=\"section\">\n\t\t\t\t\t\t<div class=\"elementor-container elementor-column-gap-default\">\n\t\t\t\t\t<div class=\"elementor-column elementor-col-100 elementor-top-column elementor-element elementor-element-9b9c042\" data-id=\"9b9c042\" data-element_type=\"column\" data-e-type=\"column\">\n\t\t\t<div class=\"elementor-widget-wrap elementor-element-populated\">\n\t\t\t\t\t\t<div class=\"elementor-element elementor-element-4639cd3 elementor-widget elementor-widget-heading\" data-id=\"4639cd3\" data-element_type=\"widget\" data-e-type=\"widget\" data-widget_type=\"heading.default\">\n\t\t\t\t<div class=\"elementor-widget-container\">\n\t\t\t\t\t<h2 class=\"elementor-heading-title elementor-size-default\">El rapero vuelve a las salas tras su X aniversario<\/h2>\t\t\t\t<\/div>\n\t\t\t\t<\/div>\n\t\t\t\t\t<\/div>\n\t\t<\/div>\n\t\t\t\t\t<\/div>\n\t\t<\/section>\n\t\t\t\t<section class=\"elementor-section elementor-top-section elementor-element elementor-element-19786045 elementor-section-boxed elementor-section-height-default elementor-section-height-default\" data-id=\"19786045\" data-element_type=\"section\" data-e-type=\"section\">\n\t\t\t\t\t\t<div class=\"elementor-container elementor-column-gap-default\">\n\t\t\t\t\t<div class=\"elementor-column elementor-col-100 elementor-top-column elementor-element elementor-element-7ac498ea\" data-id=\"7ac498ea\" data-element_type=\"column\" data-e-type=\"column\">\n\t\t\t<div class=\"elementor-widget-wrap elementor-element-populated\">\n\t\t\t\t\t\t<div class=\"elementor-element elementor-element-223cd96d elementor-widget elementor-widget-text-editor\" data-id=\"223cd96d\" data-element_type=\"widget\" data-e-type=\"widget\" data-widget_type=\"text-editor.default\">\n\t\t\t\t<div class=\"elementor-widget-container\">\n\t\t\t\t\t\t\t\t\t\n<p>El nuevo disco de Hard GZ ped\u00eda escenario, y el rapero gallego ya ha marcado las coordenadas para hacerlo realidad. \u00abLACOSTA Tour\u00bb ser\u00e1 la gira con la que el artista recorrer\u00e1 distintas ciudades entre el verano de 2026 y la primavera de 2027 para presentar en directo \u00abLACOSTA II\u00bb, su \u00faltimo trabajo de estudio. <\/p>\n\n\n\n<p>El punto de partida ser\u00e1n los festivales como el Morri\u00f1a Festival, en A Coru\u00f1a, que se celebrar\u00e1 los d\u00edas 24 y 25 de julio de 2026. Un inicio con sabor a casa para un proyecto profundamente ligado al territorio y a la identidad gallega. Tras estas paradas veraniegas, Hard GZ pasar\u00e1 por Zaragoza, Valencia, Murcia y Bilbao. <\/p>\n\n\n\n<p>Ya en 2027, continuar\u00e1 su recorrido con tres nuevas fechas: Barcelona acoger\u00e1 el directo el 23 de enero, Sevilla el 6 de marzo y Granada el 13 de marzo. <a href=\"https:\/\/linktr.ee\/LACOSTATOUR\">Las entradas para todos los conciertos ya est\u00e1n a la venta.<\/a><\/p>\n\n\n\n<figure class=\"wp-block-image size-large\"><img fetchpriority=\"high\" decoding=\"async\" width=\"819\" height=\"1024\" src=\"https:\/\/unaymilletras.com\/wp-content\/uploads\/2025\/12\/image-5-819x1024.png\" alt=\"\" class=\"wp-image-6866\" srcset=\"https:\/\/unaymilletras.com\/wp-content\/uploads\/2025\/12\/image-5-819x1024.png 819w, https:\/\/unaymilletras.com\/wp-content\/uploads\/2025\/12\/image-5-240x300.png 240w, https:\/\/unaymilletras.com\/wp-content\/uploads\/2025\/12\/image-5-768x960.png 768w, https:\/\/unaymilletras.com\/wp-content\/uploads\/2025\/12\/image-5-1229x1536.png 1229w, https:\/\/unaymilletras.com\/wp-content\/uploads\/2025\/12\/image-5-1639x2048.png 1639w, https:\/\/unaymilletras.com\/wp-content\/uploads\/2025\/12\/image-5-10x12.png 10w, https:\/\/unaymilletras.com\/wp-content\/uploads\/2025\/12\/image-5-1024x1280.png 1024w\" sizes=\"(max-width: 819px) 100vw, 819px\" \/><figcaption class=\"wp-element-caption\">Fuente: Polar <\/figcaption><\/figure>\n\n\n\n<h2 class=\"wp-block-heading\">\u00abLACOSTA II\u00bb, su \u00faltimo \u00e1lbum<\/h2>\n\n\n\n<p>Esta nueva gira acompa\u00f1a el lanzamiento de \u00abLACOSTA II\u00bb, publicado este mismo mes de diciembre y concebido como la segunda parte de \u00abLACOSTA\u00bb (2023). El \u00e1lbum, formado por diez cortes, cuenta con colaboraciones como Toni Anzis, Tan Brownie, Marcelus Airlines o Peque\u00f1o Rodr\u00edguez, y vuelve a situar el foco en la vida en la costa gallega, su gente y los lugares que han marcado al artista. Seg\u00fan ha explicado el propio Hard GZ, se trata de \u00ab<em>un retrato honesto de la gente que me<\/em> <em>rodea y del territorio que me ha hecho ser quien soy\u00bb<\/em>.<\/p>\n\n\n\n<figure class=\"wp-block-embed is-type-rich is-provider-spotify wp-block-embed-spotify wp-embed-aspect-21-9 wp-has-aspect-ratio\"><div class=\"wp-block-embed__wrapper\">\n<iframe title=\"Spotify Embed: LACOSTA II\" style=\"border-radius: 12px\" width=\"100%\" height=\"352\" frameborder=\"0\" allowfullscreen allow=\"autoplay; clipboard-write; encrypted-media; fullscreen; picture-in-picture\" loading=\"lazy\" src=\"https:\/\/open.spotify.com\/embed\/album\/61RiJkJfMH0nsqgLqIub3w?si=BN_L9x1XTxu5echkW6XSuQ&amp;utm_source=oembed\"><\/iframe>\n<\/div><\/figure>\n\n\n\n<p>El anuncio llega tras una etapa especialmente intensa en la carrera del rapero. En 2024, protagoniz\u00f3 una gira por toda Espa\u00f1a con m\u00e1s de 30 fechas sold out, y en 2025 celebr\u00f3 su X aniversario en la m\u00fasica con conciertos en el Movistar Arena de Madrid y el Sant Jordi Club de Barcelona. A esto se suma el lanzamiento de \u201cVoltarei\u201d, tema compuesto para el Celta de Vigo, que ser\u00e1 utilizado como himno en competiciones europeas.<\/p>\n\n\n\n<p>Con una trayectoria construida desde la constancia y la honestidad, Hard GZ afronta estas fechas como la continuaci\u00f3n natural de un ciclo creativo que encuentra en el directo su espacio m\u00e1s aut\u00e9ntico. \u00a1No te lo puedes perder!<\/p>\n\t\t\t\t\t\t\t\t<\/div>\n\t\t\t\t<\/div>\n\t\t\t\t\t<\/div>\n\t\t<\/div>\n\t\t\t\t\t<\/div>\n\t\t<\/section>\n\t\t\t\t<\/div>","protected":false},"excerpt":{"rendered":"<p>El rapero vuelve a las salas tras su X aniversario El nuevo disco de Hard GZ ped\u00eda escenario, y el rapero gallego ya ha marcado las coordenadas para hacerlo realidad. \u00abLACOSTA Tour\u00bb ser\u00e1 la gira con la que el artista recorrer\u00e1 distintas ciudades entre el verano de 2026 y la primavera de 2027 para presentar [&hellip;]<\/p>\n","protected":false},"author":5,"featured_media":6870,"comment_status":"closed","ping_status":"closed","sticky":false,"template":"","format":"standard","meta":{"footnotes":""},"categories":[4],"tags":[298,334,171,335,328,329,332,336,172,301,331],"class_list":["post-6865","post","type-post","status-publish","format-standard","has-post-thumbnail","hentry","category-musica","tag-a-coruna","tag-barcelona","tag-gira","tag-granada","tag-hard-gz","tag-lacosta","tag-murcia","tag-polar","tag-tour","tag-valencia","tag-zaragoza"],"yoast_head":"<!-- This site is optimized with the Yoast SEO plugin v27.4 - https:\/\/yoast.com\/product\/yoast-seo-wordpress\/ -->\n<title>Hard GZ anuncia las primeras fechas de \u201cLACOSTA Tour\u201d &#8902; Una y Mil Letras<\/title>\n<meta name=\"description\" content=\"Hard GZ confirma las primeras fechas de &quot;LACOSTA Tour&quot;, una gira que recorrer\u00e1 varias ciudades entre 2026 y 2027.\" \/>\n<meta name=\"robots\" content=\"index, follow, max-snippet:-1, max-image-preview:large, max-video-preview:-1\" \/>\n<link rel=\"canonical\" href=\"https:\/\/unaymilletras.com\/en\/hard-gz-anuncia-las-primeras-fechas-de-lacosta-tour\/\" \/>\n<meta property=\"og:locale\" content=\"en_GB\" \/>\n<meta property=\"og:type\" content=\"article\" \/>\n<meta property=\"og:title\" content=\"Hard GZ anuncia las primeras fechas de \u201cLACOSTA Tour\u201d &#8902; Una y Mil Letras\" \/>\n<meta property=\"og:description\" content=\"Hard GZ confirma las primeras fechas de &quot;LACOSTA Tour&quot;, una gira que recorrer\u00e1 varias ciudades entre 2026 y 2027.\" \/>\n<meta property=\"og:url\" content=\"https:\/\/unaymilletras.com\/en\/hard-gz-anuncia-las-primeras-fechas-de-lacosta-tour\/\" \/>\n<meta property=\"og:site_name\" content=\"Una y Mil Letras\" \/>\n<meta property=\"article:published_time\" content=\"2025-12-19T12:43:07+00:00\" \/>\n<meta property=\"og:image\" content=\"http:\/\/unaymilletras.com\/wp-content\/uploads\/2025\/12\/unnamed-12.png\" \/>\n\t<meta property=\"og:image:width\" content=\"1056\" \/>\n\t<meta property=\"og:image:height\" content=\"720\" \/>\n\t<meta property=\"og:image:type\" content=\"image\/png\" \/>\n<meta name=\"author\" content=\"Luc\u00eda Fandi\u00f1o\" \/>\n<meta name=\"twitter:card\" content=\"summary_large_image\" \/>\n<meta name=\"twitter:creator\" content=\"@UnaYMilLetras\" \/>\n<meta name=\"twitter:site\" content=\"@UnaYMilLetras\" \/>\n<meta name=\"twitter:label1\" content=\"Written by\" \/>\n\t<meta name=\"twitter:data1\" content=\"Luc\u00eda Fandi\u00f1o\" \/>\n\t<meta name=\"twitter:label2\" content=\"Estimated reading time\" \/>\n\t<meta name=\"twitter:data2\" content=\"3 minutes\" \/>\n<script type=\"application\/ld+json\" class=\"yoast-schema-graph\">{\"@context\":\"https:\\\/\\\/schema.org\",\"@graph\":[{\"@type\":\"Article\",\"@id\":\"https:\\\/\\\/unaymilletras.com\\\/hard-gz-anuncia-las-primeras-fechas-de-lacosta-tour\\\/#article\",\"isPartOf\":{\"@id\":\"https:\\\/\\\/unaymilletras.com\\\/hard-gz-anuncia-las-primeras-fechas-de-lacosta-tour\\\/\"},\"author\":{\"name\":\"Luc\u00eda Fandi\u00f1o\",\"@id\":\"http:\\\/\\\/unaymilletras.com\\\/#\\\/schema\\\/person\\\/047a24f09ead3f0ba2387e5df86d9336\"},\"headline\":\"Hard GZ anuncia las primeras fechas de \u201cLACOSTA Tour\u201d\",\"datePublished\":\"2025-12-19T12:43:07+00:00\",\"mainEntityOfPage\":{\"@id\":\"https:\\\/\\\/unaymilletras.com\\\/hard-gz-anuncia-las-primeras-fechas-de-lacosta-tour\\\/\"},\"wordCount\":404,\"publisher\":{\"@id\":\"http:\\\/\\\/unaymilletras.com\\\/#organization\"},\"image\":{\"@id\":\"https:\\\/\\\/unaymilletras.com\\\/hard-gz-anuncia-las-primeras-fechas-de-lacosta-tour\\\/#primaryimage\"},\"thumbnailUrl\":\"https:\\\/\\\/unaymilletras.com\\\/wp-content\\\/uploads\\\/2025\\\/12\\\/unnamed-12.png\",\"keywords\":[\"A Coru\u00f1a\",\"Barcelona\",\"Gira\",\"Granada\",\"Hard GZ\",\"LACOSTA\",\"Murcia\",\"Polar\",\"Tour\",\"Valencia\",\"Zaragoza\"],\"articleSection\":[\"M\u00fasica\"],\"inLanguage\":\"en-GB\"},{\"@type\":\"WebPage\",\"@id\":\"https:\\\/\\\/unaymilletras.com\\\/hard-gz-anuncia-las-primeras-fechas-de-lacosta-tour\\\/\",\"url\":\"https:\\\/\\\/unaymilletras.com\\\/hard-gz-anuncia-las-primeras-fechas-de-lacosta-tour\\\/\",\"name\":\"Hard GZ anuncia las primeras fechas de \u201cLACOSTA Tour\u201d &#8902; Una y Mil Letras\",\"isPartOf\":{\"@id\":\"http:\\\/\\\/unaymilletras.com\\\/#website\"},\"primaryImageOfPage\":{\"@id\":\"https:\\\/\\\/unaymilletras.com\\\/hard-gz-anuncia-las-primeras-fechas-de-lacosta-tour\\\/#primaryimage\"},\"image\":{\"@id\":\"https:\\\/\\\/unaymilletras.com\\\/hard-gz-anuncia-las-primeras-fechas-de-lacosta-tour\\\/#primaryimage\"},\"thumbnailUrl\":\"https:\\\/\\\/unaymilletras.com\\\/wp-content\\\/uploads\\\/2025\\\/12\\\/unnamed-12.png\",\"datePublished\":\"2025-12-19T12:43:07+00:00\",\"description\":\"Hard GZ confirma las primeras fechas de \\\"LACOSTA Tour\\\", una gira que recorrer\u00e1 varias ciudades entre 2026 y 2027.\",\"breadcrumb\":{\"@id\":\"https:\\\/\\\/unaymilletras.com\\\/hard-gz-anuncia-las-primeras-fechas-de-lacosta-tour\\\/#breadcrumb\"},\"inLanguage\":\"en-GB\",\"potentialAction\":[{\"@type\":\"ReadAction\",\"target\":[\"https:\\\/\\\/unaymilletras.com\\\/hard-gz-anuncia-las-primeras-fechas-de-lacosta-tour\\\/\"]}]},{\"@type\":\"ImageObject\",\"inLanguage\":\"en-GB\",\"@id\":\"https:\\\/\\\/unaymilletras.com\\\/hard-gz-anuncia-las-primeras-fechas-de-lacosta-tour\\\/#primaryimage\",\"url\":\"https:\\\/\\\/unaymilletras.com\\\/wp-content\\\/uploads\\\/2025\\\/12\\\/unnamed-12.png\",\"contentUrl\":\"https:\\\/\\\/unaymilletras.com\\\/wp-content\\\/uploads\\\/2025\\\/12\\\/unnamed-12.png\",\"width\":1056,\"height\":720,\"caption\":\"Fuente: Polar\"},{\"@type\":\"BreadcrumbList\",\"@id\":\"https:\\\/\\\/unaymilletras.com\\\/hard-gz-anuncia-las-primeras-fechas-de-lacosta-tour\\\/#breadcrumb\",\"itemListElement\":[{\"@type\":\"ListItem\",\"position\":1,\"name\":\"Home\",\"item\":\"http:\\\/\\\/unaymilletras.com\\\/\"},{\"@type\":\"ListItem\",\"position\":2,\"name\":\"Hard GZ anuncia las primeras fechas de \u201cLACOSTA Tour\u201d\"}]},{\"@type\":\"WebSite\",\"@id\":\"http:\\\/\\\/unaymilletras.com\\\/#website\",\"url\":\"http:\\\/\\\/unaymilletras.com\\\/\",\"name\":\"Una y Mil Letras\",\"description\":\"\",\"publisher\":{\"@id\":\"http:\\\/\\\/unaymilletras.com\\\/#organization\"},\"potentialAction\":[{\"@type\":\"SearchAction\",\"target\":{\"@type\":\"EntryPoint\",\"urlTemplate\":\"http:\\\/\\\/unaymilletras.com\\\/?s={search_term_string}\"},\"query-input\":{\"@type\":\"PropertyValueSpecification\",\"valueRequired\":true,\"valueName\":\"search_term_string\"}}],\"inLanguage\":\"en-GB\"},{\"@type\":\"Organization\",\"@id\":\"http:\\\/\\\/unaymilletras.com\\\/#organization\",\"name\":\"Una y Mil Letras\",\"url\":\"http:\\\/\\\/unaymilletras.com\\\/\",\"logo\":{\"@type\":\"ImageObject\",\"inLanguage\":\"en-GB\",\"@id\":\"http:\\\/\\\/unaymilletras.com\\\/#\\\/schema\\\/logo\\\/image\\\/\",\"url\":\"https:\\\/\\\/unaymilletras.com\\\/wp-content\\\/uploads\\\/2024\\\/06\\\/cropped-Logo-removebg-preview.png\",\"contentUrl\":\"https:\\\/\\\/unaymilletras.com\\\/wp-content\\\/uploads\\\/2024\\\/06\\\/cropped-Logo-removebg-preview.png\",\"width\":512,\"height\":512,\"caption\":\"Una y Mil Letras\"},\"image\":{\"@id\":\"http:\\\/\\\/unaymilletras.com\\\/#\\\/schema\\\/logo\\\/image\\\/\"},\"sameAs\":[\"https:\\\/\\\/x.com\\\/UnaYMilLetras\",\"https:\\\/\\\/instagram.com\\\/UnaYMilLetras\"]},{\"@type\":\"Person\",\"@id\":\"http:\\\/\\\/unaymilletras.com\\\/#\\\/schema\\\/person\\\/047a24f09ead3f0ba2387e5df86d9336\",\"name\":\"Luc\u00eda Fandi\u00f1o\",\"image\":{\"@type\":\"ImageObject\",\"inLanguage\":\"en-GB\",\"@id\":\"https:\\\/\\\/secure.gravatar.com\\\/avatar\\\/d22d9eea03f89c5d17f4b05c3efeb11bad23ff32b99e63bbf54232bc1b6a06b2?s=96&d=mm&r=g\",\"url\":\"https:\\\/\\\/secure.gravatar.com\\\/avatar\\\/d22d9eea03f89c5d17f4b05c3efeb11bad23ff32b99e63bbf54232bc1b6a06b2?s=96&d=mm&r=g\",\"contentUrl\":\"https:\\\/\\\/secure.gravatar.com\\\/avatar\\\/d22d9eea03f89c5d17f4b05c3efeb11bad23ff32b99e63bbf54232bc1b6a06b2?s=96&d=mm&r=g\",\"caption\":\"Luc\u00eda Fandi\u00f1o\"},\"sameAs\":[\"www.instagram.com\\\/luciaafandino\"],\"url\":\"https:\\\/\\\/unaymilletras.com\\\/en\\\/author\\\/luciaafandino\\\/\"}]}<\/script>\n<!-- \/ Yoast SEO plugin. -->","yoast_head_json":{"title":"Hard GZ anuncia las primeras fechas de \u201cLACOSTA Tour\u201d &#8902; Una y Mil Letras","description":"Hard GZ confirma las primeras fechas de \"LACOSTA Tour\", una gira que recorrer\u00e1 varias ciudades entre 2026 y 2027.","robots":{"index":"index","follow":"follow","max-snippet":"max-snippet:-1","max-image-preview":"max-image-preview:large","max-video-preview":"max-video-preview:-1"},"canonical":"https:\/\/unaymilletras.com\/en\/hard-gz-anuncia-las-primeras-fechas-de-lacosta-tour\/","og_locale":"en_GB","og_type":"article","og_title":"Hard GZ anuncia las primeras fechas de \u201cLACOSTA Tour\u201d &#8902; Una y Mil Letras","og_description":"Hard GZ confirma las primeras fechas de \"LACOSTA Tour\", una gira que recorrer\u00e1 varias ciudades entre 2026 y 2027.","og_url":"https:\/\/unaymilletras.com\/en\/hard-gz-anuncia-las-primeras-fechas-de-lacosta-tour\/","og_site_name":"Una y Mil Letras","article_published_time":"2025-12-19T12:43:07+00:00","og_image":[{"width":1056,"height":720,"url":"http:\/\/unaymilletras.com\/wp-content\/uploads\/2025\/12\/unnamed-12.png","type":"image\/png"}],"author":"Luc\u00eda Fandi\u00f1o","twitter_card":"summary_large_image","twitter_creator":"@UnaYMilLetras","twitter_site":"@UnaYMilLetras","twitter_misc":{"Written by":"Luc\u00eda Fandi\u00f1o","Estimated reading time":"3 minutes"},"schema":{"@context":"https:\/\/schema.org","@graph":[{"@type":"Article","@id":"https:\/\/unaymilletras.com\/hard-gz-anuncia-las-primeras-fechas-de-lacosta-tour\/#article","isPartOf":{"@id":"https:\/\/unaymilletras.com\/hard-gz-anuncia-las-primeras-fechas-de-lacosta-tour\/"},"author":{"name":"Luc\u00eda Fandi\u00f1o","@id":"http:\/\/unaymilletras.com\/#\/schema\/person\/047a24f09ead3f0ba2387e5df86d9336"},"headline":"Hard GZ anuncia las primeras fechas de \u201cLACOSTA Tour\u201d","datePublished":"2025-12-19T12:43:07+00:00","mainEntityOfPage":{"@id":"https:\/\/unaymilletras.com\/hard-gz-anuncia-las-primeras-fechas-de-lacosta-tour\/"},"wordCount":404,"publisher":{"@id":"http:\/\/unaymilletras.com\/#organization"},"image":{"@id":"https:\/\/unaymilletras.com\/hard-gz-anuncia-las-primeras-fechas-de-lacosta-tour\/#primaryimage"},"thumbnailUrl":"https:\/\/unaymilletras.com\/wp-content\/uploads\/2025\/12\/unnamed-12.png","keywords":["A Coru\u00f1a","Barcelona","Gira","Granada","Hard GZ","LACOSTA","Murcia","Polar","Tour","Valencia","Zaragoza"],"articleSection":["M\u00fasica"],"inLanguage":"en-GB"},{"@type":"WebPage","@id":"https:\/\/unaymilletras.com\/hard-gz-anuncia-las-primeras-fechas-de-lacosta-tour\/","url":"https:\/\/unaymilletras.com\/hard-gz-anuncia-las-primeras-fechas-de-lacosta-tour\/","name":"Hard GZ anuncia las primeras fechas de \u201cLACOSTA Tour\u201d &#8902; Una y Mil Letras","isPartOf":{"@id":"http:\/\/unaymilletras.com\/#website"},"primaryImageOfPage":{"@id":"https:\/\/unaymilletras.com\/hard-gz-anuncia-las-primeras-fechas-de-lacosta-tour\/#primaryimage"},"image":{"@id":"https:\/\/unaymilletras.com\/hard-gz-anuncia-las-primeras-fechas-de-lacosta-tour\/#primaryimage"},"thumbnailUrl":"https:\/\/unaymilletras.com\/wp-content\/uploads\/2025\/12\/unnamed-12.png","datePublished":"2025-12-19T12:43:07+00:00","description":"Hard GZ confirma las primeras fechas de \"LACOSTA Tour\", una gira que recorrer\u00e1 varias ciudades entre 2026 y 2027.","breadcrumb":{"@id":"https:\/\/unaymilletras.com\/hard-gz-anuncia-las-primeras-fechas-de-lacosta-tour\/#breadcrumb"},"inLanguage":"en-GB","potentialAction":[{"@type":"ReadAction","target":["https:\/\/unaymilletras.com\/hard-gz-anuncia-las-primeras-fechas-de-lacosta-tour\/"]}]},{"@type":"ImageObject","inLanguage":"en-GB","@id":"https:\/\/unaymilletras.com\/hard-gz-anuncia-las-primeras-fechas-de-lacosta-tour\/#primaryimage","url":"https:\/\/unaymilletras.com\/wp-content\/uploads\/2025\/12\/unnamed-12.png","contentUrl":"https:\/\/unaymilletras.com\/wp-content\/uploads\/2025\/12\/unnamed-12.png","width":1056,"height":720,"caption":"Fuente: Polar"},{"@type":"BreadcrumbList","@id":"https:\/\/unaymilletras.com\/hard-gz-anuncia-las-primeras-fechas-de-lacosta-tour\/#breadcrumb","itemListElement":[{"@type":"ListItem","position":1,"name":"Home","item":"http:\/\/unaymilletras.com\/"},{"@type":"ListItem","position":2,"name":"Hard GZ anuncia las primeras fechas de \u201cLACOSTA Tour\u201d"}]},{"@type":"WebSite","@id":"http:\/\/unaymilletras.com\/#website","url":"http:\/\/unaymilletras.com\/","name":"Una y Mil Letras","description":"","publisher":{"@id":"http:\/\/unaymilletras.com\/#organization"},"potentialAction":[{"@type":"SearchAction","target":{"@type":"EntryPoint","urlTemplate":"http:\/\/unaymilletras.com\/?s={search_term_string}"},"query-input":{"@type":"PropertyValueSpecification","valueRequired":true,"valueName":"search_term_string"}}],"inLanguage":"en-GB"},{"@type":"Organization","@id":"http:\/\/unaymilletras.com\/#organization","name":"Una y Mil Letras","url":"http:\/\/unaymilletras.com\/","logo":{"@type":"ImageObject","inLanguage":"en-GB","@id":"http:\/\/unaymilletras.com\/#\/schema\/logo\/image\/","url":"https:\/\/unaymilletras.com\/wp-content\/uploads\/2024\/06\/cropped-Logo-removebg-preview.png","contentUrl":"https:\/\/unaymilletras.com\/wp-content\/uploads\/2024\/06\/cropped-Logo-removebg-preview.png","width":512,"height":512,"caption":"Una y Mil Letras"},"image":{"@id":"http:\/\/unaymilletras.com\/#\/schema\/logo\/image\/"},"sameAs":["https:\/\/x.com\/UnaYMilLetras","https:\/\/instagram.com\/UnaYMilLetras"]},{"@type":"Person","@id":"http:\/\/unaymilletras.com\/#\/schema\/person\/047a24f09ead3f0ba2387e5df86d9336","name":"Luc\u00eda Fandi\u00f1o","image":{"@type":"ImageObject","inLanguage":"en-GB","@id":"https:\/\/secure.gravatar.com\/avatar\/d22d9eea03f89c5d17f4b05c3efeb11bad23ff32b99e63bbf54232bc1b6a06b2?s=96&d=mm&r=g","url":"https:\/\/secure.gravatar.com\/avatar\/d22d9eea03f89c5d17f4b05c3efeb11bad23ff32b99e63bbf54232bc1b6a06b2?s=96&d=mm&r=g","contentUrl":"https:\/\/secure.gravatar.com\/avatar\/d22d9eea03f89c5d17f4b05c3efeb11bad23ff32b99e63bbf54232bc1b6a06b2?s=96&d=mm&r=g","caption":"Luc\u00eda Fandi\u00f1o"},"sameAs":["www.instagram.com\/luciaafandino"],"url":"https:\/\/unaymilletras.com\/en\/author\/luciaafandino\/"}]}},"_links":{"self":[{"href":"https:\/\/unaymilletras.com\/en\/wp-json\/wp\/v2\/posts\/6865","targetHints":{"allow":["GET"]}}],"collection":[{"href":"https:\/\/unaymilletras.com\/en\/wp-json\/wp\/v2\/posts"}],"about":[{"href":"https:\/\/unaymilletras.com\/en\/wp-json\/wp\/v2\/types\/post"}],"author":[{"embeddable":true,"href":"https:\/\/unaymilletras.com\/en\/wp-json\/wp\/v2\/users\/5"}],"replies":[{"embeddable":true,"href":"https:\/\/unaymilletras.com\/en\/wp-json\/wp\/v2\/comments?post=6865"}],"version-history":[{"count":3,"href":"https:\/\/unaymilletras.com\/en\/wp-json\/wp\/v2\/posts\/6865\/revisions"}],"predecessor-version":[{"id":6869,"href":"https:\/\/unaymilletras.com\/en\/wp-json\/wp\/v2\/posts\/6865\/revisions\/6869"}],"wp:featuredmedia":[{"embeddable":true,"href":"https:\/\/unaymilletras.com\/en\/wp-json\/wp\/v2\/media\/6870"}],"wp:attachment":[{"href":"https:\/\/unaymilletras.com\/en\/wp-json\/wp\/v2\/media?parent=6865"}],"wp:term":[{"taxonomy":"category","embeddable":true,"href":"https:\/\/unaymilletras.com\/en\/wp-json\/wp\/v2\/categories?post=6865"},{"taxonomy":"post_tag","embeddable":true,"href":"https:\/\/unaymilletras.com\/en\/wp-json\/wp\/v2\/tags?post=6865"}],"curies":[{"name":"wp","href":"https:\/\/api.w.org\/{rel}","templated":true}]}}