{"id":6871,"date":"2025-12-19T19:19:03","date_gmt":"2025-12-19T18:19:03","guid":{"rendered":"https:\/\/unaymilletras.com\/?p=6871"},"modified":"2025-12-19T19:19:59","modified_gmt":"2025-12-19T18:19:59","slug":"ruslana-inicia-su-nueva-etapa","status":"publish","type":"post","link":"https:\/\/unaymilletras.com\/en\/ruslana-inicia-su-nueva-etapa\/","title":{"rendered":"Ruslana inicia su nueva etapa"},"content":{"rendered":"<div data-elementor-type=\"wp-post\" data-elementor-id=\"6871\" class=\"elementor elementor-6871\">\n\t\t\t\t\t\t<section class=\"elementor-section elementor-top-section elementor-element elementor-element-113560e elementor-section-boxed elementor-section-height-default elementor-section-height-default\" data-id=\"113560e\" data-element_type=\"section\" data-e-type=\"section\">\n\t\t\t\t\t\t<div class=\"elementor-container elementor-column-gap-default\">\n\t\t\t\t\t<div class=\"elementor-column elementor-col-100 elementor-top-column elementor-element elementor-element-bc42715\" data-id=\"bc42715\" data-element_type=\"column\" data-e-type=\"column\">\n\t\t\t<div class=\"elementor-widget-wrap elementor-element-populated\">\n\t\t\t\t\t\t<div class=\"elementor-element elementor-element-27f4002 elementor-widget elementor-widget-text-editor\" data-id=\"27f4002\" data-element_type=\"widget\" data-e-type=\"widget\" data-widget_type=\"text-editor.default\">\n\t\t\t\t<div class=\"elementor-widget-container\">\n\t\t\t\t\t\t\t\t\t<h2 style=\"text-align: center;\"><span style=\"color: #808080;\"><em>\u201cLas guapas no morimos de verdad\u201d es el tema con el que Ruslana presenta su nuevo proyecto: \u00abCatarsis\u00bb<\/em><\/span><\/h2>\t\t\t\t\t\t\t\t<\/div>\n\t\t\t\t<\/div>\n\t\t\t\t\t<\/div>\n\t\t<\/div>\n\t\t\t\t\t<\/div>\n\t\t<\/section>\n\t\t\t\t<section class=\"elementor-section elementor-top-section elementor-element elementor-element-b7b665b elementor-section-boxed elementor-section-height-default elementor-section-height-default\" data-id=\"b7b665b\" data-element_type=\"section\" data-e-type=\"section\">\n\t\t\t\t\t\t<div class=\"elementor-container elementor-column-gap-default\">\n\t\t\t\t\t<div class=\"elementor-column elementor-col-100 elementor-top-column elementor-element elementor-element-ba911b2\" data-id=\"ba911b2\" data-element_type=\"column\" data-e-type=\"column\">\n\t\t\t<div class=\"elementor-widget-wrap elementor-element-populated\">\n\t\t\t\t\t\t<div class=\"elementor-element elementor-element-6742dd2 elementor-widget elementor-widget-text-editor\" data-id=\"6742dd2\" data-element_type=\"widget\" data-e-type=\"widget\" data-widget_type=\"text-editor.default\">\n\t\t\t\t<div class=\"elementor-widget-container\">\n\t\t\t\t\t\t\t\t\t<p class=\"p1\"><i>Catarsis<\/i> ya tiene disponible su primer sencillo. Ruslana ha escogido \u201clas guapas no morimos de verdad\u201d para presentar esta nueva etapa. Su nuevo EP ver\u00e1 la luz en febrero de 2026 pero este adelanto ya se puede escuchar en todas las plataformas. Este supone un punto de inflexi\u00f3n tanto en su sonido como en su forma de expresarse.<\/p><p class=\"p1\"><i>las guapas no morimos de verdad<\/i> habla de la necesidad de dejar huella y con ello perdurar en el tiempo. Lo que hacemos define c\u00f3mo nos recordar\u00e1n y nosotros elegimos c\u00f3mo actuar. Este mensaje conecta con ese deseo de permanencia, identidad y afirmaci\u00f3n personal.<\/p>\t\t\t\t\t\t\t\t<\/div>\n\t\t\t\t<\/div>\n\t\t\t\t\t<\/div>\n\t\t<\/div>\n\t\t\t\t\t<\/div>\n\t\t<\/section>\n\t\t\t\t<section class=\"elementor-section elementor-top-section elementor-element elementor-element-8ccb89c elementor-section-boxed elementor-section-height-default elementor-section-height-default\" data-id=\"8ccb89c\" data-element_type=\"section\" data-e-type=\"section\">\n\t\t\t\t\t\t<div class=\"elementor-container elementor-column-gap-default\">\n\t\t\t\t\t<div class=\"elementor-column elementor-col-100 elementor-top-column elementor-element elementor-element-a3caada\" data-id=\"a3caada\" data-element_type=\"column\" data-e-type=\"column\">\n\t\t\t<div class=\"elementor-widget-wrap elementor-element-populated\">\n\t\t\t\t\t\t<div class=\"elementor-element elementor-element-54ba0b8 elementor-widget elementor-widget-video\" data-id=\"54ba0b8\" data-element_type=\"widget\" data-e-type=\"widget\" data-settings=\"{&quot;youtube_url&quot;:&quot;https:\\\/\\\/www.youtube.com\\\/watch?v=3Nw5_PWBlBI&quot;,&quot;video_type&quot;:&quot;youtube&quot;,&quot;controls&quot;:&quot;yes&quot;}\" data-widget_type=\"video.default\">\n\t\t\t\t<div class=\"elementor-widget-container\">\n\t\t\t\t\t\t\t<div class=\"elementor-wrapper elementor-open-inline\">\n\t\t\t<div class=\"elementor-video\"><\/div>\t\t<\/div>\n\t\t\t\t\t\t<\/div>\n\t\t\t\t<\/div>\n\t\t\t\t\t<\/div>\n\t\t<\/div>\n\t\t\t\t\t<\/div>\n\t\t<\/section>\n\t\t\t\t<section class=\"elementor-section elementor-top-section elementor-element elementor-element-d311a4c elementor-section-boxed elementor-section-height-default elementor-section-height-default\" data-id=\"d311a4c\" data-element_type=\"section\" data-e-type=\"section\">\n\t\t\t\t\t\t<div class=\"elementor-container elementor-column-gap-default\">\n\t\t\t\t\t<div class=\"elementor-column elementor-col-100 elementor-top-column elementor-element elementor-element-0cab0bc\" data-id=\"0cab0bc\" data-element_type=\"column\" data-e-type=\"column\">\n\t\t\t<div class=\"elementor-widget-wrap elementor-element-populated\">\n\t\t\t\t\t\t<div class=\"elementor-element elementor-element-63f713f elementor-widget elementor-widget-text-editor\" data-id=\"63f713f\" data-element_type=\"widget\" data-e-type=\"widget\" data-widget_type=\"text-editor.default\">\n\t\t\t\t<div class=\"elementor-widget-container\">\n\t\t\t\t\t\t\t\t\t<p class=\"p1\">En cuanto a lo que el sonido se refiere, con esta canci\u00f3n Ruslana nos muestra una faceta m\u00e1s madura. Su producci\u00f3n hace que la intensidad emocional del tema sea mayor y aborda directamente la tem\u00e1tica principal de <i>Catarsis, <\/i>pero mantiene su esencia de pop-rock.<\/p><p class=\"p1\">Este nuevo EP, promete ser el proyecto m\u00e1s honesto, intenso y personal de la carrera de Ruslana hasta el momento. Nace de un due\u00f1o, uno que se va desvaneciendo y oscureciendo hasta materializarse en un directo. Hace unos d\u00edas la artista anunciaba cuatro conciertos por Espa\u00f1a con los cuales volv\u00eda a los escenarios.<\/p>\t\t\t\t\t\t\t\t<\/div>\n\t\t\t\t<\/div>\n\t\t\t\t\t<\/div>\n\t\t<\/div>\n\t\t\t\t\t<\/div>\n\t\t<\/section>\n\t\t\t\t<section class=\"elementor-section elementor-top-section elementor-element elementor-element-bfce377 elementor-section-boxed elementor-section-height-default elementor-section-height-default\" data-id=\"bfce377\" data-element_type=\"section\" data-e-type=\"section\">\n\t\t\t\t\t\t<div class=\"elementor-container elementor-column-gap-default\">\n\t\t\t\t\t<div class=\"elementor-column elementor-col-100 elementor-top-column elementor-element elementor-element-cdaf70f\" data-id=\"cdaf70f\" data-element_type=\"column\" data-e-type=\"column\">\n\t\t\t<div class=\"elementor-widget-wrap elementor-element-populated\">\n\t\t\t\t\t\t<div class=\"elementor-element elementor-element-2c4326e elementor-widget elementor-widget-image\" data-id=\"2c4326e\" data-element_type=\"widget\" data-e-type=\"widget\" data-widget_type=\"image.default\">\n\t\t\t\t<div class=\"elementor-widget-container\">\n\t\t\t\t\t\t\t\t\t\t\t\t\t\t\t<img fetchpriority=\"high\" decoding=\"async\" width=\"640\" height=\"640\" src=\"https:\/\/unaymilletras.com\/wp-content\/uploads\/2025\/12\/w660_1466870_1024x1024-d2c-rusla.jpg\" class=\"attachment-large size-large wp-image-6873\" alt=\"Ruslana Catarsis\" srcset=\"https:\/\/unaymilletras.com\/wp-content\/uploads\/2025\/12\/w660_1466870_1024x1024-d2c-rusla.jpg 660w, https:\/\/unaymilletras.com\/wp-content\/uploads\/2025\/12\/w660_1466870_1024x1024-d2c-rusla-300x300.jpg 300w, https:\/\/unaymilletras.com\/wp-content\/uploads\/2025\/12\/w660_1466870_1024x1024-d2c-rusla-150x150.jpg 150w, https:\/\/unaymilletras.com\/wp-content\/uploads\/2025\/12\/w660_1466870_1024x1024-d2c-rusla-12x12.jpg 12w\" sizes=\"(max-width: 640px) 100vw, 640px\" \/>\t\t\t\t\t\t\t\t\t\t\t\t\t\t\t<\/div>\n\t\t\t\t<\/div>\n\t\t\t\t\t<\/div>\n\t\t<\/div>\n\t\t\t\t\t<\/div>\n\t\t<\/section>\n\t\t\t\t<section class=\"elementor-section elementor-top-section elementor-element elementor-element-7ebaed3 elementor-section-boxed elementor-section-height-default elementor-section-height-default\" data-id=\"7ebaed3\" data-element_type=\"section\" data-e-type=\"section\">\n\t\t\t\t\t\t<div class=\"elementor-container elementor-column-gap-default\">\n\t\t\t\t\t<div class=\"elementor-column elementor-col-100 elementor-top-column elementor-element elementor-element-014b1bc\" data-id=\"014b1bc\" data-element_type=\"column\" data-e-type=\"column\">\n\t\t\t<div class=\"elementor-widget-wrap elementor-element-populated\">\n\t\t\t\t\t\t<div class=\"elementor-element elementor-element-929e04b elementor-widget elementor-widget-text-editor\" data-id=\"929e04b\" data-element_type=\"widget\" data-e-type=\"widget\" data-widget_type=\"text-editor.default\">\n\t\t\t\t<div class=\"elementor-widget-container\">\n\t\t\t\t\t\t\t\t\t<p class=\"p1\">Madrid, Barcelona, Valencia y Bilbao ser\u00e1n las afortunadas que por el momento podr\u00e1n disfrutar en directo de esta nueva etapa. Cada una de ellas vivir\u00e1 una experiencia \u00fanica y Ruslana invita a sus fans a vivir con ella un viaje emocional muy profundo. Un universo en el que lo ef\u00edmero se vuelve eterno.<\/p><p class=\"p1\">Puedes compar las entradas <a href=\"https:\/\/ruslanaoficial.com\/pages\/tour-2026\">aqu\u00ed<\/a>.<\/p>\t\t\t\t\t\t\t\t<\/div>\n\t\t\t\t<\/div>\n\t\t\t\t\t<\/div>\n\t\t<\/div>\n\t\t\t\t\t<\/div>\n\t\t<\/section>\n\t\t\t\t<section class=\"elementor-section elementor-top-section elementor-element elementor-element-e3e64c7 elementor-section-boxed elementor-section-height-default elementor-section-height-default\" data-id=\"e3e64c7\" data-element_type=\"section\" data-e-type=\"section\">\n\t\t\t\t\t\t<div class=\"elementor-container elementor-column-gap-default\">\n\t\t\t\t\t<div class=\"elementor-column elementor-col-100 elementor-top-column elementor-element elementor-element-ece0d6d\" data-id=\"ece0d6d\" data-element_type=\"column\" data-e-type=\"column\">\n\t\t\t<div class=\"elementor-widget-wrap elementor-element-populated\">\n\t\t\t\t\t\t<div class=\"elementor-element elementor-element-19e0240 elementor-widget elementor-widget-text-editor\" data-id=\"19e0240\" data-element_type=\"widget\" data-e-type=\"widget\" data-widget_type=\"text-editor.default\">\n\t\t\t\t<div class=\"elementor-widget-container\">\n\t\t\t\t\t\t\t\t\t<p class=\"p2\"><span class=\"s1\"><b>FECHAS DEL TOUR<\/b><\/span><\/p><p class=\"p2\" style=\"text-align: center;\"><del><span class=\"s1\"><b>21 FEBRERO &#8211;<\/b><\/span><span class=\"s2\"><b>\u00a0MADRID<\/b>\u00a0&#8211; Sala Galileo Galilei\u00a0<\/span>\u00a0\u00a0\u00a0<span class=\"s3\"><span style=\"color: #ff0000;\">SOLD OUT<\/span><br \/><\/span><\/del><span class=\"s4\"><b>12 MARZO &#8211;<\/b><\/span><b>\u00a0VALENCIA<\/b>\u00a0&#8211; Sala Loco Club<br \/><span class=\"s4\"><b>22 MARZO &#8211;<\/b><\/span><b>\u00a0BARCELONA<\/b>\u00a0&#8211; Sala Razzmataz 2<br \/><span class=\"s4\"><b>29 MARZO &#8211;<\/b><\/span><b>\u00a0BILBAO<\/b>\u00a0&#8211; Kaf<span class=\"s5\">e<\/span>\u00a0Antzokia<\/p>\t\t\t\t\t\t\t\t<\/div>\n\t\t\t\t<\/div>\n\t\t\t\t\t<\/div>\n\t\t<\/div>\n\t\t\t\t\t<\/div>\n\t\t<\/section>\n\t\t\t\t<\/div>","protected":false},"excerpt":{"rendered":"<p>\u201cLas guapas no morimos de verdad\u201d es el tema con el que Ruslana presenta su nuevo proyecto: \u00abCatarsis\u00bb Catarsis ya tiene disponible su primer sencillo. Ruslana ha escogido \u201clas guapas no morimos de verdad\u201d para presentar esta nueva etapa. Su nuevo EP ver\u00e1 la luz en febrero de 2026 pero este adelanto ya se puede [&hellip;]<\/p>\n","protected":false},"author":1,"featured_media":6873,"comment_status":"closed","ping_status":"closed","sticky":false,"template":"","format":"standard","meta":{"footnotes":""},"categories":[4],"tags":[],"class_list":["post-6871","post","type-post","status-publish","format-standard","has-post-thumbnail","hentry","category-musica"],"yoast_head":"<!-- This site is optimized with the Yoast SEO plugin v27.4 - https:\/\/yoast.com\/product\/yoast-seo-wordpress\/ -->\n<title>Ruslana inicia su nueva etapa &#8902; Una y Mil Letras<\/title>\n<meta name=\"description\" content=\"\u201cLas guapas no morimos de verdad\u201d es el tema con el que Ruslana presenta su nuevo proyecto: &quot;Catarsis&quot;\" \/>\n<meta name=\"robots\" content=\"index, follow, max-snippet:-1, max-image-preview:large, max-video-preview:-1\" \/>\n<link rel=\"canonical\" href=\"https:\/\/unaymilletras.com\/en\/ruslana-inicia-su-nueva-etapa\/\" \/>\n<meta property=\"og:locale\" content=\"en_GB\" \/>\n<meta property=\"og:type\" content=\"article\" \/>\n<meta property=\"og:title\" content=\"Ruslana inicia su nueva etapa &#8902; Una y Mil Letras\" \/>\n<meta property=\"og:description\" content=\"\u201cLas guapas no morimos de verdad\u201d es el tema con el que Ruslana presenta su nuevo proyecto: &quot;Catarsis&quot;\" \/>\n<meta property=\"og:url\" content=\"https:\/\/unaymilletras.com\/en\/ruslana-inicia-su-nueva-etapa\/\" \/>\n<meta property=\"og:site_name\" content=\"Una y Mil Letras\" \/>\n<meta property=\"article:published_time\" content=\"2025-12-19T18:19:03+00:00\" \/>\n<meta property=\"article:modified_time\" content=\"2025-12-19T18:19:59+00:00\" \/>\n<meta property=\"og:image\" content=\"http:\/\/unaymilletras.com\/wp-content\/uploads\/2025\/12\/w660_1466870_1024x1024-d2c-rusla.jpg\" \/>\n\t<meta property=\"og:image:width\" content=\"660\" \/>\n\t<meta property=\"og:image:height\" content=\"660\" \/>\n\t<meta property=\"og:image:type\" content=\"image\/jpeg\" \/>\n<meta name=\"author\" content=\"Maria Gil Robledo\" \/>\n<meta name=\"twitter:card\" content=\"summary_large_image\" \/>\n<meta name=\"twitter:creator\" content=\"@UnaYMilLetras\" \/>\n<meta name=\"twitter:site\" content=\"@UnaYMilLetras\" \/>\n<meta name=\"twitter:label1\" content=\"Written by\" \/>\n\t<meta name=\"twitter:data1\" content=\"Maria Gil Robledo\" \/>\n\t<meta name=\"twitter:label2\" content=\"Estimated reading time\" \/>\n\t<meta name=\"twitter:data2\" content=\"2 minutes\" \/>\n<script type=\"application\/ld+json\" class=\"yoast-schema-graph\">{\"@context\":\"https:\\\/\\\/schema.org\",\"@graph\":[{\"@type\":\"Article\",\"@id\":\"https:\\\/\\\/unaymilletras.com\\\/ruslana-inicia-su-nueva-etapa\\\/#article\",\"isPartOf\":{\"@id\":\"https:\\\/\\\/unaymilletras.com\\\/ruslana-inicia-su-nueva-etapa\\\/\"},\"author\":{\"name\":\"Maria Gil Robledo\",\"@id\":\"http:\\\/\\\/unaymilletras.com\\\/#\\\/schema\\\/person\\\/d55ba681b8a4e463d8982dbe36a5dc94\"},\"headline\":\"Ruslana inicia su nueva etapa\",\"datePublished\":\"2025-12-19T18:19:03+00:00\",\"dateModified\":\"2025-12-19T18:19:59+00:00\",\"mainEntityOfPage\":{\"@id\":\"https:\\\/\\\/unaymilletras.com\\\/ruslana-inicia-su-nueva-etapa\\\/\"},\"wordCount\":334,\"publisher\":{\"@id\":\"http:\\\/\\\/unaymilletras.com\\\/#organization\"},\"image\":{\"@id\":\"https:\\\/\\\/unaymilletras.com\\\/ruslana-inicia-su-nueva-etapa\\\/#primaryimage\"},\"thumbnailUrl\":\"https:\\\/\\\/unaymilletras.com\\\/wp-content\\\/uploads\\\/2025\\\/12\\\/w660_1466870_1024x1024-d2c-rusla.jpg\",\"articleSection\":[\"M\u00fasica\"],\"inLanguage\":\"en-GB\"},{\"@type\":\"WebPage\",\"@id\":\"https:\\\/\\\/unaymilletras.com\\\/ruslana-inicia-su-nueva-etapa\\\/\",\"url\":\"https:\\\/\\\/unaymilletras.com\\\/ruslana-inicia-su-nueva-etapa\\\/\",\"name\":\"Ruslana inicia su nueva etapa &#8902; Una y Mil Letras\",\"isPartOf\":{\"@id\":\"http:\\\/\\\/unaymilletras.com\\\/#website\"},\"primaryImageOfPage\":{\"@id\":\"https:\\\/\\\/unaymilletras.com\\\/ruslana-inicia-su-nueva-etapa\\\/#primaryimage\"},\"image\":{\"@id\":\"https:\\\/\\\/unaymilletras.com\\\/ruslana-inicia-su-nueva-etapa\\\/#primaryimage\"},\"thumbnailUrl\":\"https:\\\/\\\/unaymilletras.com\\\/wp-content\\\/uploads\\\/2025\\\/12\\\/w660_1466870_1024x1024-d2c-rusla.jpg\",\"datePublished\":\"2025-12-19T18:19:03+00:00\",\"dateModified\":\"2025-12-19T18:19:59+00:00\",\"description\":\"\u201cLas guapas no morimos de verdad\u201d es el tema con el que Ruslana presenta su nuevo proyecto: \\\"Catarsis\\\"\",\"breadcrumb\":{\"@id\":\"https:\\\/\\\/unaymilletras.com\\\/ruslana-inicia-su-nueva-etapa\\\/#breadcrumb\"},\"inLanguage\":\"en-GB\",\"potentialAction\":[{\"@type\":\"ReadAction\",\"target\":[\"https:\\\/\\\/unaymilletras.com\\\/ruslana-inicia-su-nueva-etapa\\\/\"]}]},{\"@type\":\"ImageObject\",\"inLanguage\":\"en-GB\",\"@id\":\"https:\\\/\\\/unaymilletras.com\\\/ruslana-inicia-su-nueva-etapa\\\/#primaryimage\",\"url\":\"https:\\\/\\\/unaymilletras.com\\\/wp-content\\\/uploads\\\/2025\\\/12\\\/w660_1466870_1024x1024-d2c-rusla.jpg\",\"contentUrl\":\"https:\\\/\\\/unaymilletras.com\\\/wp-content\\\/uploads\\\/2025\\\/12\\\/w660_1466870_1024x1024-d2c-rusla.jpg\",\"width\":660,\"height\":660,\"caption\":\"Ruslana Catarsis\"},{\"@type\":\"BreadcrumbList\",\"@id\":\"https:\\\/\\\/unaymilletras.com\\\/ruslana-inicia-su-nueva-etapa\\\/#breadcrumb\",\"itemListElement\":[{\"@type\":\"ListItem\",\"position\":1,\"name\":\"Home\",\"item\":\"http:\\\/\\\/unaymilletras.com\\\/\"},{\"@type\":\"ListItem\",\"position\":2,\"name\":\"Ruslana inicia su nueva etapa\"}]},{\"@type\":\"WebSite\",\"@id\":\"http:\\\/\\\/unaymilletras.com\\\/#website\",\"url\":\"http:\\\/\\\/unaymilletras.com\\\/\",\"name\":\"Una y Mil Letras\",\"description\":\"\",\"publisher\":{\"@id\":\"http:\\\/\\\/unaymilletras.com\\\/#organization\"},\"potentialAction\":[{\"@type\":\"SearchAction\",\"target\":{\"@type\":\"EntryPoint\",\"urlTemplate\":\"http:\\\/\\\/unaymilletras.com\\\/?s={search_term_string}\"},\"query-input\":{\"@type\":\"PropertyValueSpecification\",\"valueRequired\":true,\"valueName\":\"search_term_string\"}}],\"inLanguage\":\"en-GB\"},{\"@type\":\"Organization\",\"@id\":\"http:\\\/\\\/unaymilletras.com\\\/#organization\",\"name\":\"Una y Mil Letras\",\"url\":\"http:\\\/\\\/unaymilletras.com\\\/\",\"logo\":{\"@type\":\"ImageObject\",\"inLanguage\":\"en-GB\",\"@id\":\"http:\\\/\\\/unaymilletras.com\\\/#\\\/schema\\\/logo\\\/image\\\/\",\"url\":\"https:\\\/\\\/unaymilletras.com\\\/wp-content\\\/uploads\\\/2024\\\/06\\\/cropped-Logo-removebg-preview.png\",\"contentUrl\":\"https:\\\/\\\/unaymilletras.com\\\/wp-content\\\/uploads\\\/2024\\\/06\\\/cropped-Logo-removebg-preview.png\",\"width\":512,\"height\":512,\"caption\":\"Una y Mil Letras\"},\"image\":{\"@id\":\"http:\\\/\\\/unaymilletras.com\\\/#\\\/schema\\\/logo\\\/image\\\/\"},\"sameAs\":[\"https:\\\/\\\/x.com\\\/UnaYMilLetras\",\"https:\\\/\\\/instagram.com\\\/UnaYMilLetras\"]},{\"@type\":\"Person\",\"@id\":\"http:\\\/\\\/unaymilletras.com\\\/#\\\/schema\\\/person\\\/d55ba681b8a4e463d8982dbe36a5dc94\",\"name\":\"Maria Gil Robledo\",\"image\":{\"@type\":\"ImageObject\",\"inLanguage\":\"en-GB\",\"@id\":\"https:\\\/\\\/secure.gravatar.com\\\/avatar\\\/4b8e5102e0015789407eb4870b12f0f2857952d83ca124058f92b764bd1840c3?s=96&d=mm&r=g\",\"url\":\"https:\\\/\\\/secure.gravatar.com\\\/avatar\\\/4b8e5102e0015789407eb4870b12f0f2857952d83ca124058f92b764bd1840c3?s=96&d=mm&r=g\",\"contentUrl\":\"https:\\\/\\\/secure.gravatar.com\\\/avatar\\\/4b8e5102e0015789407eb4870b12f0f2857952d83ca124058f92b764bd1840c3?s=96&d=mm&r=g\",\"caption\":\"Maria Gil Robledo\"},\"sameAs\":[\"http:\\\/\\\/unaymilletras.com\"],\"url\":\"https:\\\/\\\/unaymilletras.com\\\/en\\\/author\\\/mariiagiil02_\\\/\"}]}<\/script>\n<!-- \/ Yoast SEO plugin. -->","yoast_head_json":{"title":"Ruslana inicia su nueva etapa &#8902; Una y Mil Letras","description":"\u201cLas guapas no morimos de verdad\u201d es el tema con el que Ruslana presenta su nuevo proyecto: \"Catarsis\"","robots":{"index":"index","follow":"follow","max-snippet":"max-snippet:-1","max-image-preview":"max-image-preview:large","max-video-preview":"max-video-preview:-1"},"canonical":"https:\/\/unaymilletras.com\/en\/ruslana-inicia-su-nueva-etapa\/","og_locale":"en_GB","og_type":"article","og_title":"Ruslana inicia su nueva etapa &#8902; Una y Mil Letras","og_description":"\u201cLas guapas no morimos de verdad\u201d es el tema con el que Ruslana presenta su nuevo proyecto: \"Catarsis\"","og_url":"https:\/\/unaymilletras.com\/en\/ruslana-inicia-su-nueva-etapa\/","og_site_name":"Una y Mil Letras","article_published_time":"2025-12-19T18:19:03+00:00","article_modified_time":"2025-12-19T18:19:59+00:00","og_image":[{"width":660,"height":660,"url":"http:\/\/unaymilletras.com\/wp-content\/uploads\/2025\/12\/w660_1466870_1024x1024-d2c-rusla.jpg","type":"image\/jpeg"}],"author":"Maria Gil Robledo","twitter_card":"summary_large_image","twitter_creator":"@UnaYMilLetras","twitter_site":"@UnaYMilLetras","twitter_misc":{"Written by":"Maria Gil Robledo","Estimated reading time":"2 minutes"},"schema":{"@context":"https:\/\/schema.org","@graph":[{"@type":"Article","@id":"https:\/\/unaymilletras.com\/ruslana-inicia-su-nueva-etapa\/#article","isPartOf":{"@id":"https:\/\/unaymilletras.com\/ruslana-inicia-su-nueva-etapa\/"},"author":{"name":"Maria Gil Robledo","@id":"http:\/\/unaymilletras.com\/#\/schema\/person\/d55ba681b8a4e463d8982dbe36a5dc94"},"headline":"Ruslana inicia su nueva etapa","datePublished":"2025-12-19T18:19:03+00:00","dateModified":"2025-12-19T18:19:59+00:00","mainEntityOfPage":{"@id":"https:\/\/unaymilletras.com\/ruslana-inicia-su-nueva-etapa\/"},"wordCount":334,"publisher":{"@id":"http:\/\/unaymilletras.com\/#organization"},"image":{"@id":"https:\/\/unaymilletras.com\/ruslana-inicia-su-nueva-etapa\/#primaryimage"},"thumbnailUrl":"https:\/\/unaymilletras.com\/wp-content\/uploads\/2025\/12\/w660_1466870_1024x1024-d2c-rusla.jpg","articleSection":["M\u00fasica"],"inLanguage":"en-GB"},{"@type":"WebPage","@id":"https:\/\/unaymilletras.com\/ruslana-inicia-su-nueva-etapa\/","url":"https:\/\/unaymilletras.com\/ruslana-inicia-su-nueva-etapa\/","name":"Ruslana inicia su nueva etapa &#8902; Una y Mil Letras","isPartOf":{"@id":"http:\/\/unaymilletras.com\/#website"},"primaryImageOfPage":{"@id":"https:\/\/unaymilletras.com\/ruslana-inicia-su-nueva-etapa\/#primaryimage"},"image":{"@id":"https:\/\/unaymilletras.com\/ruslana-inicia-su-nueva-etapa\/#primaryimage"},"thumbnailUrl":"https:\/\/unaymilletras.com\/wp-content\/uploads\/2025\/12\/w660_1466870_1024x1024-d2c-rusla.jpg","datePublished":"2025-12-19T18:19:03+00:00","dateModified":"2025-12-19T18:19:59+00:00","description":"\u201cLas guapas no morimos de verdad\u201d es el tema con el que Ruslana presenta su nuevo proyecto: \"Catarsis\"","breadcrumb":{"@id":"https:\/\/unaymilletras.com\/ruslana-inicia-su-nueva-etapa\/#breadcrumb"},"inLanguage":"en-GB","potentialAction":[{"@type":"ReadAction","target":["https:\/\/unaymilletras.com\/ruslana-inicia-su-nueva-etapa\/"]}]},{"@type":"ImageObject","inLanguage":"en-GB","@id":"https:\/\/unaymilletras.com\/ruslana-inicia-su-nueva-etapa\/#primaryimage","url":"https:\/\/unaymilletras.com\/wp-content\/uploads\/2025\/12\/w660_1466870_1024x1024-d2c-rusla.jpg","contentUrl":"https:\/\/unaymilletras.com\/wp-content\/uploads\/2025\/12\/w660_1466870_1024x1024-d2c-rusla.jpg","width":660,"height":660,"caption":"Ruslana Catarsis"},{"@type":"BreadcrumbList","@id":"https:\/\/unaymilletras.com\/ruslana-inicia-su-nueva-etapa\/#breadcrumb","itemListElement":[{"@type":"ListItem","position":1,"name":"Home","item":"http:\/\/unaymilletras.com\/"},{"@type":"ListItem","position":2,"name":"Ruslana inicia su nueva etapa"}]},{"@type":"WebSite","@id":"http:\/\/unaymilletras.com\/#website","url":"http:\/\/unaymilletras.com\/","name":"Una y Mil Letras","description":"","publisher":{"@id":"http:\/\/unaymilletras.com\/#organization"},"potentialAction":[{"@type":"SearchAction","target":{"@type":"EntryPoint","urlTemplate":"http:\/\/unaymilletras.com\/?s={search_term_string}"},"query-input":{"@type":"PropertyValueSpecification","valueRequired":true,"valueName":"search_term_string"}}],"inLanguage":"en-GB"},{"@type":"Organization","@id":"http:\/\/unaymilletras.com\/#organization","name":"Una y Mil Letras","url":"http:\/\/unaymilletras.com\/","logo":{"@type":"ImageObject","inLanguage":"en-GB","@id":"http:\/\/unaymilletras.com\/#\/schema\/logo\/image\/","url":"https:\/\/unaymilletras.com\/wp-content\/uploads\/2024\/06\/cropped-Logo-removebg-preview.png","contentUrl":"https:\/\/unaymilletras.com\/wp-content\/uploads\/2024\/06\/cropped-Logo-removebg-preview.png","width":512,"height":512,"caption":"Una y Mil Letras"},"image":{"@id":"http:\/\/unaymilletras.com\/#\/schema\/logo\/image\/"},"sameAs":["https:\/\/x.com\/UnaYMilLetras","https:\/\/instagram.com\/UnaYMilLetras"]},{"@type":"Person","@id":"http:\/\/unaymilletras.com\/#\/schema\/person\/d55ba681b8a4e463d8982dbe36a5dc94","name":"Maria Gil Robledo","image":{"@type":"ImageObject","inLanguage":"en-GB","@id":"https:\/\/secure.gravatar.com\/avatar\/4b8e5102e0015789407eb4870b12f0f2857952d83ca124058f92b764bd1840c3?s=96&d=mm&r=g","url":"https:\/\/secure.gravatar.com\/avatar\/4b8e5102e0015789407eb4870b12f0f2857952d83ca124058f92b764bd1840c3?s=96&d=mm&r=g","contentUrl":"https:\/\/secure.gravatar.com\/avatar\/4b8e5102e0015789407eb4870b12f0f2857952d83ca124058f92b764bd1840c3?s=96&d=mm&r=g","caption":"Maria Gil Robledo"},"sameAs":["http:\/\/unaymilletras.com"],"url":"https:\/\/unaymilletras.com\/en\/author\/mariiagiil02_\/"}]}},"_links":{"self":[{"href":"https:\/\/unaymilletras.com\/en\/wp-json\/wp\/v2\/posts\/6871","targetHints":{"allow":["GET"]}}],"collection":[{"href":"https:\/\/unaymilletras.com\/en\/wp-json\/wp\/v2\/posts"}],"about":[{"href":"https:\/\/unaymilletras.com\/en\/wp-json\/wp\/v2\/types\/post"}],"author":[{"embeddable":true,"href":"https:\/\/unaymilletras.com\/en\/wp-json\/wp\/v2\/users\/1"}],"replies":[{"embeddable":true,"href":"https:\/\/unaymilletras.com\/en\/wp-json\/wp\/v2\/comments?post=6871"}],"version-history":[{"count":7,"href":"https:\/\/unaymilletras.com\/en\/wp-json\/wp\/v2\/posts\/6871\/revisions"}],"predecessor-version":[{"id":6879,"href":"https:\/\/unaymilletras.com\/en\/wp-json\/wp\/v2\/posts\/6871\/revisions\/6879"}],"wp:featuredmedia":[{"embeddable":true,"href":"https:\/\/unaymilletras.com\/en\/wp-json\/wp\/v2\/media\/6873"}],"wp:attachment":[{"href":"https:\/\/unaymilletras.com\/en\/wp-json\/wp\/v2\/media?parent=6871"}],"wp:term":[{"taxonomy":"category","embeddable":true,"href":"https:\/\/unaymilletras.com\/en\/wp-json\/wp\/v2\/categories?post=6871"},{"taxonomy":"post_tag","embeddable":true,"href":"https:\/\/unaymilletras.com\/en\/wp-json\/wp\/v2\/tags?post=6871"}],"curies":[{"name":"wp","href":"https:\/\/api.w.org\/{rel}","templated":true}]}}