{"id":6890,"date":"2025-12-21T16:37:09","date_gmt":"2025-12-21T15:37:09","guid":{"rendered":"https:\/\/unaymilletras.com\/?p=6890"},"modified":"2025-12-21T16:38:07","modified_gmt":"2025-12-21T15:38:07","slug":"hydro-el-productor-que-define-el-sonido-del-urbano-global","status":"publish","type":"post","link":"https:\/\/unaymilletras.com\/en\/hydro-el-productor-que-define-el-sonido-del-urbano-global\/","title":{"rendered":"Hydro, el productor que define el sonido del urbano global"},"content":{"rendered":"<div data-elementor-type=\"wp-post\" data-elementor-id=\"6890\" class=\"elementor elementor-6890\">\n\t\t\t\t\t\t<section class=\"elementor-section elementor-top-section elementor-element elementor-element-3bc1e09 elementor-section-boxed elementor-section-height-default elementor-section-height-default\" data-id=\"3bc1e09\" data-element_type=\"section\" data-e-type=\"section\">\n\t\t\t\t\t\t<div class=\"elementor-container elementor-column-gap-default\">\n\t\t\t\t\t<div class=\"elementor-column elementor-col-100 elementor-top-column elementor-element elementor-element-2357368\" data-id=\"2357368\" data-element_type=\"column\" data-e-type=\"column\">\n\t\t\t<div class=\"elementor-widget-wrap elementor-element-populated\">\n\t\t\t\t\t\t<div class=\"elementor-element elementor-element-0f09293 elementor-widget elementor-widget-text-editor\" data-id=\"0f09293\" data-element_type=\"widget\" data-e-type=\"widget\" data-widget_type=\"text-editor.default\">\n\t\t\t\t<div class=\"elementor-widget-container\">\n\t\t\t\t\t\t\t\t\t<h2 style=\"text-align: center;\"><span style=\"color: #808080;\"><em>Detr\u00e1s de algunos de los mayores \u00e9xitos del g\u00e9nero se esconde una figura clave que conecta escenas, artistas y tendencias: Hydro<\/em><\/span><\/h2>\t\t\t\t\t\t\t\t<\/div>\n\t\t\t\t<\/div>\n\t\t\t\t\t<\/div>\n\t\t<\/div>\n\t\t\t\t\t<\/div>\n\t\t<\/section>\n\t\t\t\t<section class=\"elementor-section elementor-top-section elementor-element elementor-element-3b9062f elementor-section-boxed elementor-section-height-default elementor-section-height-default\" data-id=\"3b9062f\" data-element_type=\"section\" data-e-type=\"section\">\n\t\t\t\t\t\t<div class=\"elementor-container elementor-column-gap-default\">\n\t\t\t\t\t<div class=\"elementor-column elementor-col-100 elementor-top-column elementor-element elementor-element-96fdcf7\" data-id=\"96fdcf7\" data-element_type=\"column\" data-e-type=\"column\">\n\t\t\t<div class=\"elementor-widget-wrap elementor-element-populated\">\n\t\t\t\t\t\t<div class=\"elementor-element elementor-element-056444f elementor-widget elementor-widget-text-editor\" data-id=\"056444f\" data-element_type=\"widget\" data-e-type=\"widget\" data-widget_type=\"text-editor.default\">\n\t\t\t\t<div class=\"elementor-widget-container\">\n\t\t\t\t\t\t\t\t\t<p data-start=\"370\" data-end=\"659\">Detr\u00e1s de muchos de los hits m\u00e1s reconocibles del urbano actual hay un mismo nombre: <b>Hydro<\/b>. El productor puertorrique\u00f1o se ha convertido en una pieza esencial del engranaje creativo del g\u00e9nero, firmando algunos de los temas que han marcado el pulso de la m\u00fasica urbana en los \u00faltimos a\u00f1os.<\/p><p data-start=\"661\" data-end=\"994\">Su trayectoria habla por s\u00ed sola. Hydro ha trabajado con figuras como Bad Bunny, Daddy Yankee, Karol G, Anuel AA, J Balvin, Rauw Alejandro, Myke Towers, Ozuna o Arc\u00e1ngel, construyendo un cat\u00e1logo que conecta escenas, generaciones y estilos. M\u00e1s que adaptarse a las tendencias, su sello ha sido crear sonidos que terminan marc\u00e1ndolas.<\/p>\t\t\t\t\t\t\t\t<\/div>\n\t\t\t\t<\/div>\n\t\t\t\t\t<\/div>\n\t\t<\/div>\n\t\t\t\t\t<\/div>\n\t\t<\/section>\n\t\t\t\t<section class=\"elementor-section elementor-top-section elementor-element elementor-element-e287321 elementor-section-boxed elementor-section-height-default elementor-section-height-default\" data-id=\"e287321\" data-element_type=\"section\" data-e-type=\"section\">\n\t\t\t\t\t\t<div class=\"elementor-container elementor-column-gap-default\">\n\t\t\t\t\t<div class=\"elementor-column elementor-col-100 elementor-top-column elementor-element elementor-element-bb989a7\" data-id=\"bb989a7\" data-element_type=\"column\" data-e-type=\"column\">\n\t\t\t<div class=\"elementor-widget-wrap elementor-element-populated\">\n\t\t\t\t\t\t<div class=\"elementor-element elementor-element-246cfc5 elementor-widget elementor-widget-image\" data-id=\"246cfc5\" data-element_type=\"widget\" data-e-type=\"widget\" data-widget_type=\"image.default\">\n\t\t\t\t<div class=\"elementor-widget-container\">\n\t\t\t\t\t\t\t\t\t\t\t\t\t\t\t<img fetchpriority=\"high\" decoding=\"async\" width=\"640\" height=\"579\" src=\"https:\/\/unaymilletras.com\/wp-content\/uploads\/2025\/12\/Captura-de-pantalla-2025-12-21-a-las-16.34.22-1024x926.png\" class=\"attachment-large size-large wp-image-6892\" alt=\"Hydro\" srcset=\"https:\/\/unaymilletras.com\/wp-content\/uploads\/2025\/12\/Captura-de-pantalla-2025-12-21-a-las-16.34.22-1024x926.png 1024w, https:\/\/unaymilletras.com\/wp-content\/uploads\/2025\/12\/Captura-de-pantalla-2025-12-21-a-las-16.34.22-300x271.png 300w, https:\/\/unaymilletras.com\/wp-content\/uploads\/2025\/12\/Captura-de-pantalla-2025-12-21-a-las-16.34.22-768x695.png 768w, https:\/\/unaymilletras.com\/wp-content\/uploads\/2025\/12\/Captura-de-pantalla-2025-12-21-a-las-16.34.22-1536x1389.png 1536w, https:\/\/unaymilletras.com\/wp-content\/uploads\/2025\/12\/Captura-de-pantalla-2025-12-21-a-las-16.34.22-13x12.png 13w, https:\/\/unaymilletras.com\/wp-content\/uploads\/2025\/12\/Captura-de-pantalla-2025-12-21-a-las-16.34.22-e1766331306197.png 600w\" sizes=\"(max-width: 640px) 100vw, 640px\" \/>\t\t\t\t\t\t\t\t\t\t\t\t\t\t\t<\/div>\n\t\t\t\t<\/div>\n\t\t\t\t\t<\/div>\n\t\t<\/div>\n\t\t\t\t\t<\/div>\n\t\t<\/section>\n\t\t\t\t<section class=\"elementor-section elementor-top-section elementor-element elementor-element-ba77fb1 elementor-section-boxed elementor-section-height-default elementor-section-height-default\" data-id=\"ba77fb1\" data-element_type=\"section\" data-e-type=\"section\">\n\t\t\t\t\t\t<div class=\"elementor-container elementor-column-gap-default\">\n\t\t\t\t\t<div class=\"elementor-column elementor-col-100 elementor-top-column elementor-element elementor-element-e6c95e7\" data-id=\"e6c95e7\" data-element_type=\"column\" data-e-type=\"column\">\n\t\t\t<div class=\"elementor-widget-wrap elementor-element-populated\">\n\t\t\t\t\t\t<div class=\"elementor-element elementor-element-291cb31 elementor-widget elementor-widget-text-editor\" data-id=\"291cb31\" data-element_type=\"widget\" data-e-type=\"widget\" data-widget_type=\"text-editor.default\">\n\t\t\t\t<div class=\"elementor-widget-container\">\n\t\t\t\t\t\t\t\t\t<p data-start=\"996\" data-end=\"1318\">Uno de los ejemplos m\u00e1s recientes de su impacto es <em data-start=\"1047\" data-end=\"1056\">Sevilla<\/em>, el tema de JC Reyes y NTG que se convirti\u00f3 en un fen\u00f3meno cultural. En esa producci\u00f3n, Hydro fusiona la est\u00e9tica urbana europea con el ADN caribe\u00f1o que caracteriza su sonido, demostrando su capacidad para leer contextos y transformarlos en propuestas globales.<\/p><p data-start=\"1320\" data-end=\"1625\">Esa versatilidad vuelve a aparecer en <em data-start=\"1358\" data-end=\"1377\">Maybach Freestyle<\/em>, un ejercicio de rap crudo y atmosf\u00e9rico junto a Fronti, SOMBRA PR, Ele D y Hunnid. Aqu\u00ed, Hydro apuesta por un sonido oscuro, acelerado y cinematogr\u00e1fico, movi\u00e9ndose con soltura entre lo experimental y lo callejero sin perder coherencia art\u00edstica.<\/p>\t\t\t\t\t\t\t\t<\/div>\n\t\t\t\t<\/div>\n\t\t\t\t\t<\/div>\n\t\t<\/div>\n\t\t\t\t\t<\/div>\n\t\t<\/section>\n\t\t\t\t<section class=\"elementor-section elementor-top-section elementor-element elementor-element-1deb9a7 elementor-section-boxed elementor-section-height-default elementor-section-height-default\" data-id=\"1deb9a7\" data-element_type=\"section\" data-e-type=\"section\">\n\t\t\t\t\t\t<div class=\"elementor-container elementor-column-gap-default\">\n\t\t\t\t\t<div class=\"elementor-column elementor-col-100 elementor-top-column elementor-element elementor-element-ffa8d3c\" data-id=\"ffa8d3c\" data-element_type=\"column\" data-e-type=\"column\">\n\t\t\t<div class=\"elementor-widget-wrap elementor-element-populated\">\n\t\t\t\t\t\t<div class=\"elementor-element elementor-element-8e9ac21 elementor-widget elementor-widget-video\" data-id=\"8e9ac21\" data-element_type=\"widget\" data-e-type=\"widget\" data-settings=\"{&quot;youtube_url&quot;:&quot;https:\\\/\\\/www.youtube.com\\\/watch?v=GeUqP44kp98&quot;,&quot;video_type&quot;:&quot;youtube&quot;,&quot;controls&quot;:&quot;yes&quot;}\" data-widget_type=\"video.default\">\n\t\t\t\t<div class=\"elementor-widget-container\">\n\t\t\t\t\t\t\t<div class=\"elementor-wrapper elementor-open-inline\">\n\t\t\t<div class=\"elementor-video\"><\/div>\t\t<\/div>\n\t\t\t\t\t\t<\/div>\n\t\t\t\t<\/div>\n\t\t\t\t\t<\/div>\n\t\t<\/div>\n\t\t\t\t\t<\/div>\n\t\t<\/section>\n\t\t\t\t<section class=\"elementor-section elementor-top-section elementor-element elementor-element-689c5b8 elementor-section-boxed elementor-section-height-default elementor-section-height-default\" data-id=\"689c5b8\" data-element_type=\"section\" data-e-type=\"section\">\n\t\t\t\t\t\t<div class=\"elementor-container elementor-column-gap-default\">\n\t\t\t\t\t<div class=\"elementor-column elementor-col-100 elementor-top-column elementor-element elementor-element-71d28f6\" data-id=\"71d28f6\" data-element_type=\"column\" data-e-type=\"column\">\n\t\t\t<div class=\"elementor-widget-wrap elementor-element-populated\">\n\t\t\t\t\t\t<div class=\"elementor-element elementor-element-0c75c6d elementor-widget elementor-widget-text-editor\" data-id=\"0c75c6d\" data-element_type=\"widget\" data-e-type=\"widget\" data-widget_type=\"text-editor.default\">\n\t\t\t\t<div class=\"elementor-widget-container\">\n\t\t\t\t\t\t\t\t\t<p data-start=\"1627\" data-end=\"1993\">Su influencia tambi\u00e9n ha cruzado el Atl\u00e1ntico. El productor ha participado en proyectos junto a artistas como Lil Wayne, Snoop Dogg y Jennifer Lopez, confirmando su facilidad para adaptarse a distintos c\u00f3digos culturales sin diluir su identidad. Reggaet\u00f3n y trap son solo el punto de partida: su universo creativo abarca hip-hop, pop, R&amp;B, electr\u00f3nica y afro-fusion.<\/p><p data-start=\"1995\" data-end=\"2274\">Con ra\u00edces firmes en Puerto Rico y una proyecci\u00f3n claramente internacional, Hydro representa una nueva generaci\u00f3n de productores que entienden el urbano como un lenguaje global. Su cat\u00e1logo sigue creciendo y su nombre ya es sin\u00f3nimo de impacto, visi\u00f3n y futuro dentro del g\u00e9nero.<\/p>\t\t\t\t\t\t\t\t<\/div>\n\t\t\t\t<\/div>\n\t\t\t\t\t<\/div>\n\t\t<\/div>\n\t\t\t\t\t<\/div>\n\t\t<\/section>\n\t\t\t\t<\/div>","protected":false},"excerpt":{"rendered":"<p>Detr\u00e1s de algunos de los mayores \u00e9xitos del g\u00e9nero se esconde una figura clave que conecta escenas, artistas y tendencias: Hydro Detr\u00e1s de muchos de los hits m\u00e1s reconocibles del urbano actual hay un mismo nombre: Hydro. El productor puertorrique\u00f1o se ha convertido en una pieza esencial del engranaje creativo del g\u00e9nero, firmando algunos de [&hellip;]<\/p>\n","protected":false},"author":6,"featured_media":6892,"comment_status":"closed","ping_status":"closed","sticky":false,"template":"","format":"standard","meta":{"footnotes":""},"categories":[4],"tags":[],"class_list":["post-6890","post","type-post","status-publish","format-standard","has-post-thumbnail","hentry","category-musica"],"yoast_head":"<!-- This site is optimized with the Yoast SEO plugin v27.4 - https:\/\/yoast.com\/product\/yoast-seo-wordpress\/ -->\n<title>Hydro, el productor que define el sonido del urbano global<\/title>\n<meta name=\"description\" content=\"Detr\u00e1s de algunos de los mayores \u00e9xitos del g\u00e9nero se esconde una figura clave que conecta escenas, artistas y tendencias: Hydro\" \/>\n<meta name=\"robots\" content=\"index, follow, max-snippet:-1, max-image-preview:large, max-video-preview:-1\" \/>\n<link rel=\"canonical\" href=\"https:\/\/unaymilletras.com\/en\/hydro-el-productor-que-define-el-sonido-del-urbano-global\/\" \/>\n<meta property=\"og:locale\" content=\"en_GB\" \/>\n<meta property=\"og:type\" content=\"article\" \/>\n<meta property=\"og:title\" content=\"Hydro, el productor que define el sonido del urbano global\" \/>\n<meta property=\"og:description\" content=\"Detr\u00e1s de algunos de los mayores \u00e9xitos del g\u00e9nero se esconde una figura clave que conecta escenas, artistas y tendencias: Hydro\" \/>\n<meta property=\"og:url\" content=\"https:\/\/unaymilletras.com\/en\/hydro-el-productor-que-define-el-sonido-del-urbano-global\/\" \/>\n<meta property=\"og:site_name\" content=\"Una y Mil Letras\" \/>\n<meta property=\"article:published_time\" content=\"2025-12-21T15:37:09+00:00\" \/>\n<meta property=\"article:modified_time\" content=\"2025-12-21T15:38:07+00:00\" \/>\n<meta property=\"og:image\" content=\"http:\/\/unaymilletras.com\/wp-content\/uploads\/2025\/12\/Captura-de-pantalla-2025-12-21-a-las-16.34.22-e1766331306197.png\" \/>\n\t<meta property=\"og:image:width\" content=\"600\" \/>\n\t<meta property=\"og:image:height\" content=\"543\" \/>\n\t<meta property=\"og:image:type\" content=\"image\/png\" \/>\n<meta name=\"author\" content=\"Redacci\u00f3n\" \/>\n<meta name=\"twitter:card\" content=\"summary_large_image\" \/>\n<meta name=\"twitter:creator\" content=\"@UnaYMilLetras\" \/>\n<meta name=\"twitter:site\" content=\"@UnaYMilLetras\" \/>\n<meta name=\"twitter:label1\" content=\"Written by\" \/>\n\t<meta name=\"twitter:data1\" content=\"Redacci\u00f3n\" \/>\n\t<meta name=\"twitter:label2\" content=\"Estimated reading time\" \/>\n\t<meta name=\"twitter:data2\" content=\"2 minutes\" \/>\n<script type=\"application\/ld+json\" class=\"yoast-schema-graph\">{\"@context\":\"https:\\\/\\\/schema.org\",\"@graph\":[{\"@type\":\"Article\",\"@id\":\"https:\\\/\\\/unaymilletras.com\\\/hydro-el-productor-que-define-el-sonido-del-urbano-global\\\/#article\",\"isPartOf\":{\"@id\":\"https:\\\/\\\/unaymilletras.com\\\/hydro-el-productor-que-define-el-sonido-del-urbano-global\\\/\"},\"author\":{\"name\":\"Redacci\u00f3n\",\"@id\":\"http:\\\/\\\/unaymilletras.com\\\/#\\\/schema\\\/person\\\/0860dc8a218329991ee2c7591f4f849d\"},\"headline\":\"Hydro, el productor que define el sonido del urbano global\",\"datePublished\":\"2025-12-21T15:37:09+00:00\",\"dateModified\":\"2025-12-21T15:38:07+00:00\",\"mainEntityOfPage\":{\"@id\":\"https:\\\/\\\/unaymilletras.com\\\/hydro-el-productor-que-define-el-sonido-del-urbano-global\\\/\"},\"wordCount\":376,\"publisher\":{\"@id\":\"http:\\\/\\\/unaymilletras.com\\\/#organization\"},\"image\":{\"@id\":\"https:\\\/\\\/unaymilletras.com\\\/hydro-el-productor-que-define-el-sonido-del-urbano-global\\\/#primaryimage\"},\"thumbnailUrl\":\"https:\\\/\\\/unaymilletras.com\\\/wp-content\\\/uploads\\\/2025\\\/12\\\/Captura-de-pantalla-2025-12-21-a-las-16.34.22-e1766331306197.png\",\"articleSection\":[\"M\u00fasica\"],\"inLanguage\":\"en-GB\"},{\"@type\":\"WebPage\",\"@id\":\"https:\\\/\\\/unaymilletras.com\\\/hydro-el-productor-que-define-el-sonido-del-urbano-global\\\/\",\"url\":\"https:\\\/\\\/unaymilletras.com\\\/hydro-el-productor-que-define-el-sonido-del-urbano-global\\\/\",\"name\":\"Hydro, el productor que define el sonido del urbano global\",\"isPartOf\":{\"@id\":\"http:\\\/\\\/unaymilletras.com\\\/#website\"},\"primaryImageOfPage\":{\"@id\":\"https:\\\/\\\/unaymilletras.com\\\/hydro-el-productor-que-define-el-sonido-del-urbano-global\\\/#primaryimage\"},\"image\":{\"@id\":\"https:\\\/\\\/unaymilletras.com\\\/hydro-el-productor-que-define-el-sonido-del-urbano-global\\\/#primaryimage\"},\"thumbnailUrl\":\"https:\\\/\\\/unaymilletras.com\\\/wp-content\\\/uploads\\\/2025\\\/12\\\/Captura-de-pantalla-2025-12-21-a-las-16.34.22-e1766331306197.png\",\"datePublished\":\"2025-12-21T15:37:09+00:00\",\"dateModified\":\"2025-12-21T15:38:07+00:00\",\"description\":\"Detr\u00e1s de algunos de los mayores \u00e9xitos del g\u00e9nero se esconde una figura clave que conecta escenas, artistas y tendencias: Hydro\",\"breadcrumb\":{\"@id\":\"https:\\\/\\\/unaymilletras.com\\\/hydro-el-productor-que-define-el-sonido-del-urbano-global\\\/#breadcrumb\"},\"inLanguage\":\"en-GB\",\"potentialAction\":[{\"@type\":\"ReadAction\",\"target\":[\"https:\\\/\\\/unaymilletras.com\\\/hydro-el-productor-que-define-el-sonido-del-urbano-global\\\/\"]}]},{\"@type\":\"ImageObject\",\"inLanguage\":\"en-GB\",\"@id\":\"https:\\\/\\\/unaymilletras.com\\\/hydro-el-productor-que-define-el-sonido-del-urbano-global\\\/#primaryimage\",\"url\":\"https:\\\/\\\/unaymilletras.com\\\/wp-content\\\/uploads\\\/2025\\\/12\\\/Captura-de-pantalla-2025-12-21-a-las-16.34.22-e1766331306197.png\",\"contentUrl\":\"https:\\\/\\\/unaymilletras.com\\\/wp-content\\\/uploads\\\/2025\\\/12\\\/Captura-de-pantalla-2025-12-21-a-las-16.34.22-e1766331306197.png\",\"width\":600,\"height\":543,\"caption\":\"Hydro\"},{\"@type\":\"BreadcrumbList\",\"@id\":\"https:\\\/\\\/unaymilletras.com\\\/hydro-el-productor-que-define-el-sonido-del-urbano-global\\\/#breadcrumb\",\"itemListElement\":[{\"@type\":\"ListItem\",\"position\":1,\"name\":\"Home\",\"item\":\"http:\\\/\\\/unaymilletras.com\\\/\"},{\"@type\":\"ListItem\",\"position\":2,\"name\":\"Hydro, el productor que define el sonido del urbano global\"}]},{\"@type\":\"WebSite\",\"@id\":\"http:\\\/\\\/unaymilletras.com\\\/#website\",\"url\":\"http:\\\/\\\/unaymilletras.com\\\/\",\"name\":\"Una y Mil Letras\",\"description\":\"\",\"publisher\":{\"@id\":\"http:\\\/\\\/unaymilletras.com\\\/#organization\"},\"potentialAction\":[{\"@type\":\"SearchAction\",\"target\":{\"@type\":\"EntryPoint\",\"urlTemplate\":\"http:\\\/\\\/unaymilletras.com\\\/?s={search_term_string}\"},\"query-input\":{\"@type\":\"PropertyValueSpecification\",\"valueRequired\":true,\"valueName\":\"search_term_string\"}}],\"inLanguage\":\"en-GB\"},{\"@type\":\"Organization\",\"@id\":\"http:\\\/\\\/unaymilletras.com\\\/#organization\",\"name\":\"Una y Mil Letras\",\"url\":\"http:\\\/\\\/unaymilletras.com\\\/\",\"logo\":{\"@type\":\"ImageObject\",\"inLanguage\":\"en-GB\",\"@id\":\"http:\\\/\\\/unaymilletras.com\\\/#\\\/schema\\\/logo\\\/image\\\/\",\"url\":\"https:\\\/\\\/unaymilletras.com\\\/wp-content\\\/uploads\\\/2024\\\/06\\\/cropped-Logo-removebg-preview.png\",\"contentUrl\":\"https:\\\/\\\/unaymilletras.com\\\/wp-content\\\/uploads\\\/2024\\\/06\\\/cropped-Logo-removebg-preview.png\",\"width\":512,\"height\":512,\"caption\":\"Una y Mil Letras\"},\"image\":{\"@id\":\"http:\\\/\\\/unaymilletras.com\\\/#\\\/schema\\\/logo\\\/image\\\/\"},\"sameAs\":[\"https:\\\/\\\/x.com\\\/UnaYMilLetras\",\"https:\\\/\\\/instagram.com\\\/UnaYMilLetras\"]},{\"@type\":\"Person\",\"@id\":\"http:\\\/\\\/unaymilletras.com\\\/#\\\/schema\\\/person\\\/0860dc8a218329991ee2c7591f4f849d\",\"name\":\"Redacci\u00f3n\",\"image\":{\"@type\":\"ImageObject\",\"inLanguage\":\"en-GB\",\"@id\":\"https:\\\/\\\/secure.gravatar.com\\\/avatar\\\/d8f55e05a8b6597e45c55a1dcbdbfe44f4a360d88b48e00de5216a79b7732796?s=96&d=mm&r=g\",\"url\":\"https:\\\/\\\/secure.gravatar.com\\\/avatar\\\/d8f55e05a8b6597e45c55a1dcbdbfe44f4a360d88b48e00de5216a79b7732796?s=96&d=mm&r=g\",\"contentUrl\":\"https:\\\/\\\/secure.gravatar.com\\\/avatar\\\/d8f55e05a8b6597e45c55a1dcbdbfe44f4a360d88b48e00de5216a79b7732796?s=96&d=mm&r=g\",\"caption\":\"Redacci\u00f3n\"},\"url\":\"https:\\\/\\\/unaymilletras.com\\\/en\\\/author\\\/redaccion\\\/\"}]}<\/script>\n<!-- \/ Yoast SEO plugin. -->","yoast_head_json":{"title":"Hydro, el productor que define el sonido del urbano global","description":"Detr\u00e1s de algunos de los mayores \u00e9xitos del g\u00e9nero se esconde una figura clave que conecta escenas, artistas y tendencias: Hydro","robots":{"index":"index","follow":"follow","max-snippet":"max-snippet:-1","max-image-preview":"max-image-preview:large","max-video-preview":"max-video-preview:-1"},"canonical":"https:\/\/unaymilletras.com\/en\/hydro-el-productor-que-define-el-sonido-del-urbano-global\/","og_locale":"en_GB","og_type":"article","og_title":"Hydro, el productor que define el sonido del urbano global","og_description":"Detr\u00e1s de algunos de los mayores \u00e9xitos del g\u00e9nero se esconde una figura clave que conecta escenas, artistas y tendencias: Hydro","og_url":"https:\/\/unaymilletras.com\/en\/hydro-el-productor-que-define-el-sonido-del-urbano-global\/","og_site_name":"Una y Mil Letras","article_published_time":"2025-12-21T15:37:09+00:00","article_modified_time":"2025-12-21T15:38:07+00:00","og_image":[{"width":600,"height":543,"url":"http:\/\/unaymilletras.com\/wp-content\/uploads\/2025\/12\/Captura-de-pantalla-2025-12-21-a-las-16.34.22-e1766331306197.png","type":"image\/png"}],"author":"Redacci\u00f3n","twitter_card":"summary_large_image","twitter_creator":"@UnaYMilLetras","twitter_site":"@UnaYMilLetras","twitter_misc":{"Written by":"Redacci\u00f3n","Estimated reading time":"2 minutes"},"schema":{"@context":"https:\/\/schema.org","@graph":[{"@type":"Article","@id":"https:\/\/unaymilletras.com\/hydro-el-productor-que-define-el-sonido-del-urbano-global\/#article","isPartOf":{"@id":"https:\/\/unaymilletras.com\/hydro-el-productor-que-define-el-sonido-del-urbano-global\/"},"author":{"name":"Redacci\u00f3n","@id":"http:\/\/unaymilletras.com\/#\/schema\/person\/0860dc8a218329991ee2c7591f4f849d"},"headline":"Hydro, el productor que define el sonido del urbano global","datePublished":"2025-12-21T15:37:09+00:00","dateModified":"2025-12-21T15:38:07+00:00","mainEntityOfPage":{"@id":"https:\/\/unaymilletras.com\/hydro-el-productor-que-define-el-sonido-del-urbano-global\/"},"wordCount":376,"publisher":{"@id":"http:\/\/unaymilletras.com\/#organization"},"image":{"@id":"https:\/\/unaymilletras.com\/hydro-el-productor-que-define-el-sonido-del-urbano-global\/#primaryimage"},"thumbnailUrl":"https:\/\/unaymilletras.com\/wp-content\/uploads\/2025\/12\/Captura-de-pantalla-2025-12-21-a-las-16.34.22-e1766331306197.png","articleSection":["M\u00fasica"],"inLanguage":"en-GB"},{"@type":"WebPage","@id":"https:\/\/unaymilletras.com\/hydro-el-productor-que-define-el-sonido-del-urbano-global\/","url":"https:\/\/unaymilletras.com\/hydro-el-productor-que-define-el-sonido-del-urbano-global\/","name":"Hydro, el productor que define el sonido del urbano global","isPartOf":{"@id":"http:\/\/unaymilletras.com\/#website"},"primaryImageOfPage":{"@id":"https:\/\/unaymilletras.com\/hydro-el-productor-que-define-el-sonido-del-urbano-global\/#primaryimage"},"image":{"@id":"https:\/\/unaymilletras.com\/hydro-el-productor-que-define-el-sonido-del-urbano-global\/#primaryimage"},"thumbnailUrl":"https:\/\/unaymilletras.com\/wp-content\/uploads\/2025\/12\/Captura-de-pantalla-2025-12-21-a-las-16.34.22-e1766331306197.png","datePublished":"2025-12-21T15:37:09+00:00","dateModified":"2025-12-21T15:38:07+00:00","description":"Detr\u00e1s de algunos de los mayores \u00e9xitos del g\u00e9nero se esconde una figura clave que conecta escenas, artistas y tendencias: Hydro","breadcrumb":{"@id":"https:\/\/unaymilletras.com\/hydro-el-productor-que-define-el-sonido-del-urbano-global\/#breadcrumb"},"inLanguage":"en-GB","potentialAction":[{"@type":"ReadAction","target":["https:\/\/unaymilletras.com\/hydro-el-productor-que-define-el-sonido-del-urbano-global\/"]}]},{"@type":"ImageObject","inLanguage":"en-GB","@id":"https:\/\/unaymilletras.com\/hydro-el-productor-que-define-el-sonido-del-urbano-global\/#primaryimage","url":"https:\/\/unaymilletras.com\/wp-content\/uploads\/2025\/12\/Captura-de-pantalla-2025-12-21-a-las-16.34.22-e1766331306197.png","contentUrl":"https:\/\/unaymilletras.com\/wp-content\/uploads\/2025\/12\/Captura-de-pantalla-2025-12-21-a-las-16.34.22-e1766331306197.png","width":600,"height":543,"caption":"Hydro"},{"@type":"BreadcrumbList","@id":"https:\/\/unaymilletras.com\/hydro-el-productor-que-define-el-sonido-del-urbano-global\/#breadcrumb","itemListElement":[{"@type":"ListItem","position":1,"name":"Home","item":"http:\/\/unaymilletras.com\/"},{"@type":"ListItem","position":2,"name":"Hydro, el productor que define el sonido del urbano global"}]},{"@type":"WebSite","@id":"http:\/\/unaymilletras.com\/#website","url":"http:\/\/unaymilletras.com\/","name":"Una y Mil Letras","description":"","publisher":{"@id":"http:\/\/unaymilletras.com\/#organization"},"potentialAction":[{"@type":"SearchAction","target":{"@type":"EntryPoint","urlTemplate":"http:\/\/unaymilletras.com\/?s={search_term_string}"},"query-input":{"@type":"PropertyValueSpecification","valueRequired":true,"valueName":"search_term_string"}}],"inLanguage":"en-GB"},{"@type":"Organization","@id":"http:\/\/unaymilletras.com\/#organization","name":"Una y Mil Letras","url":"http:\/\/unaymilletras.com\/","logo":{"@type":"ImageObject","inLanguage":"en-GB","@id":"http:\/\/unaymilletras.com\/#\/schema\/logo\/image\/","url":"https:\/\/unaymilletras.com\/wp-content\/uploads\/2024\/06\/cropped-Logo-removebg-preview.png","contentUrl":"https:\/\/unaymilletras.com\/wp-content\/uploads\/2024\/06\/cropped-Logo-removebg-preview.png","width":512,"height":512,"caption":"Una y Mil Letras"},"image":{"@id":"http:\/\/unaymilletras.com\/#\/schema\/logo\/image\/"},"sameAs":["https:\/\/x.com\/UnaYMilLetras","https:\/\/instagram.com\/UnaYMilLetras"]},{"@type":"Person","@id":"http:\/\/unaymilletras.com\/#\/schema\/person\/0860dc8a218329991ee2c7591f4f849d","name":"Redacci\u00f3n","image":{"@type":"ImageObject","inLanguage":"en-GB","@id":"https:\/\/secure.gravatar.com\/avatar\/d8f55e05a8b6597e45c55a1dcbdbfe44f4a360d88b48e00de5216a79b7732796?s=96&d=mm&r=g","url":"https:\/\/secure.gravatar.com\/avatar\/d8f55e05a8b6597e45c55a1dcbdbfe44f4a360d88b48e00de5216a79b7732796?s=96&d=mm&r=g","contentUrl":"https:\/\/secure.gravatar.com\/avatar\/d8f55e05a8b6597e45c55a1dcbdbfe44f4a360d88b48e00de5216a79b7732796?s=96&d=mm&r=g","caption":"Redacci\u00f3n"},"url":"https:\/\/unaymilletras.com\/en\/author\/redaccion\/"}]}},"_links":{"self":[{"href":"https:\/\/unaymilletras.com\/en\/wp-json\/wp\/v2\/posts\/6890","targetHints":{"allow":["GET"]}}],"collection":[{"href":"https:\/\/unaymilletras.com\/en\/wp-json\/wp\/v2\/posts"}],"about":[{"href":"https:\/\/unaymilletras.com\/en\/wp-json\/wp\/v2\/types\/post"}],"author":[{"embeddable":true,"href":"https:\/\/unaymilletras.com\/en\/wp-json\/wp\/v2\/users\/6"}],"replies":[{"embeddable":true,"href":"https:\/\/unaymilletras.com\/en\/wp-json\/wp\/v2\/comments?post=6890"}],"version-history":[{"count":7,"href":"https:\/\/unaymilletras.com\/en\/wp-json\/wp\/v2\/posts\/6890\/revisions"}],"predecessor-version":[{"id":6898,"href":"https:\/\/unaymilletras.com\/en\/wp-json\/wp\/v2\/posts\/6890\/revisions\/6898"}],"wp:featuredmedia":[{"embeddable":true,"href":"https:\/\/unaymilletras.com\/en\/wp-json\/wp\/v2\/media\/6892"}],"wp:attachment":[{"href":"https:\/\/unaymilletras.com\/en\/wp-json\/wp\/v2\/media?parent=6890"}],"wp:term":[{"taxonomy":"category","embeddable":true,"href":"https:\/\/unaymilletras.com\/en\/wp-json\/wp\/v2\/categories?post=6890"},{"taxonomy":"post_tag","embeddable":true,"href":"https:\/\/unaymilletras.com\/en\/wp-json\/wp\/v2\/tags?post=6890"}],"curies":[{"name":"wp","href":"https:\/\/api.w.org\/{rel}","templated":true}]}}