{"id":6899,"date":"2025-12-22T16:43:05","date_gmt":"2025-12-22T15:43:05","guid":{"rendered":"https:\/\/unaymilletras.com\/?p=6899"},"modified":"2025-12-22T16:43:05","modified_gmt":"2025-12-22T15:43:05","slug":"rusowsky-primer-confirmado-del-costa-feira-2026","status":"publish","type":"post","link":"https:\/\/unaymilletras.com\/en\/rusowsky-primer-confirmado-del-costa-feira-2026\/","title":{"rendered":"Rusowsky, primer confirmado del Costa Feira 2026"},"content":{"rendered":"<div data-elementor-type=\"wp-post\" data-elementor-id=\"6899\" class=\"elementor elementor-6899\">\n\t\t\t\t\t\t<section class=\"elementor-section elementor-top-section elementor-element elementor-element-914fc8b elementor-section-boxed elementor-section-height-default elementor-section-height-default\" data-id=\"914fc8b\" data-element_type=\"section\" data-e-type=\"section\">\n\t\t\t\t\t\t<div class=\"elementor-container elementor-column-gap-default\">\n\t\t\t\t\t<div class=\"elementor-column elementor-col-100 elementor-top-column elementor-element elementor-element-57ae4ee\" data-id=\"57ae4ee\" data-element_type=\"column\" data-e-type=\"column\">\n\t\t\t<div class=\"elementor-widget-wrap elementor-element-populated\">\n\t\t\t\t\t\t<div class=\"elementor-element elementor-element-ede1546 elementor-widget elementor-widget-heading\" data-id=\"ede1546\" data-element_type=\"widget\" data-e-type=\"widget\" data-widget_type=\"heading.default\">\n\t\t\t\t<div class=\"elementor-widget-container\">\n\t\t\t\t\t<h2 class=\"elementor-heading-title elementor-size-default\">El artista vallisoletano actuar\u00e1 el 15 de agosto en Sanxenxo<\/h2>\t\t\t\t<\/div>\n\t\t\t\t<\/div>\n\t\t\t\t\t<\/div>\n\t\t<\/div>\n\t\t\t\t\t<\/div>\n\t\t<\/section>\n\t\t\t\t<section class=\"elementor-section elementor-top-section elementor-element elementor-element-660f9ee4 elementor-section-boxed elementor-section-height-default elementor-section-height-default\" data-id=\"660f9ee4\" data-element_type=\"section\" data-e-type=\"section\">\n\t\t\t\t\t\t<div class=\"elementor-container elementor-column-gap-default\">\n\t\t\t\t\t<div class=\"elementor-column elementor-col-100 elementor-top-column elementor-element elementor-element-3d691f9d\" data-id=\"3d691f9d\" data-element_type=\"column\" data-e-type=\"column\">\n\t\t\t<div class=\"elementor-widget-wrap elementor-element-populated\">\n\t\t\t\t\t\t<div class=\"elementor-element elementor-element-e1701d7 elementor-widget elementor-widget-text-editor\" data-id=\"e1701d7\" data-element_type=\"widget\" data-e-type=\"widget\" data-widget_type=\"text-editor.default\">\n\t\t\t\t<div class=\"elementor-widget-container\">\n\t\t\t\t\t\t\t\t\t\n<p>El Costa Feira volver\u00e1 en 2026, y, un a\u00f1o m\u00e1s, Sanxenxo se convertir\u00e1 en el epicentro de la m\u00fasica en las R\u00edas Baixas. Poco a poco, el cartel empieza a tomar forma, y ya tenemos el primer artista confirmado: Rusowsky. El vallisoletano criado en Fuenlabrada ser\u00e1 el encargado de abrir la edici\u00f3n de 2026 el 15 de agosto, presentando su esperado espect\u00e1culo \u00abDaisy\u00bb.<\/p>\n\n\n\n<p>Con apenas unos a\u00f1os de trayectoria en el mainstream, Rusowsky se ha convertido en una de las figuras clave del pop alternativo en espa\u00f1ol. Sus canciones, cargadas de sensibilidad y energ\u00eda, le han permitido conquistar a cientos de miles de fans en todo el mundo, desde escenarios de festivales internacionales hasta salas emblem\u00e1ticas de Espa\u00f1a. De hecho, su reciente \u2018sold out\u2019 en dos noches consecutivas en la Sala Capitol de Santiago demuestra el tir\u00f3n que tiene actualmente, tanto a nivel de p\u00fablico como de cr\u00edtica.<\/p>\n\n\n\n<p>Adem\u00e1s de su \u00e9xito comercial, Rusowsky cuenta con reconocimientos que avalan su talento. Ha sido nominado a los Latin Grammy y destacado como \u2018Artista Revelaci\u00f3n\u2019 en los GQ Men of the Year, premios que evidencian que estamos ante un creador que ha dejado huella en la m\u00fasica contempor\u00e1nea en espa\u00f1ol. <\/p>\n\n\n\n<h2 class=\"wp-block-heading\">Primer artista confirmado del Costa Feira<\/h2>\n\n\n\n<p>Rusowsky llega como primer confirmado del Costa Feira 2026. El festival promete mantener la expectaci\u00f3n durante los pr\u00f3ximos meses mientras va desvelando nuevos nombres. Aunque, nunca dejan de sorprender&#8230; por eso suman una edici\u00f3n m\u00e1s.<\/p>\n\n\n\n<figure class=\"wp-block-image size-large\"><img fetchpriority=\"high\" decoding=\"async\" width=\"1024\" height=\"307\" src=\"https:\/\/unaymilletras.com\/wp-content\/uploads\/2025\/12\/image-6-1024x307.png\" alt=\"\" class=\"wp-image-6900\" srcset=\"https:\/\/unaymilletras.com\/wp-content\/uploads\/2025\/12\/image-6-1024x307.png 1024w, https:\/\/unaymilletras.com\/wp-content\/uploads\/2025\/12\/image-6-300x90.png 300w, https:\/\/unaymilletras.com\/wp-content\/uploads\/2025\/12\/image-6-768x230.png 768w, https:\/\/unaymilletras.com\/wp-content\/uploads\/2025\/12\/image-6-18x5.png 18w, https:\/\/unaymilletras.com\/wp-content\/uploads\/2025\/12\/image-6.png 1333w\" sizes=\"(max-width: 1024px) 100vw, 1024px\" \/><figcaption class=\"wp-element-caption\">Fuente: Costa Feira<\/figcaption><\/figure>\n\n\n\n<p>Las entradas ya est\u00e1n disponibles a trav\u00e9s de la <a href=\"https:\/\/costafeira.com\/\">web oficial del festival<\/a>. No pierdas la oportunidad de conseguir tu ticket y no quedarte sin ver uno de los conciertos m\u00e1s destacados del verano en Galicia. Adem\u00e1s, para quienes quieran aprovechar la visita y descubrir la zona, el Costa Feira se celebra en un entorno privilegiado frente al mar, convirti\u00e9ndose en un aut\u00e9ntico planazo de verano.<\/p>\n\n\n\n<p>La m\u00fasica tomar\u00e1 el protagonismo en Sanxenxo el 15 de agosto, cuando Rusowsky suba al escenario con su show <em>Daisy<\/em>. Una cita imprescindible para los amantes del pop alternativo. <\/p>\n\t\t\t\t\t\t\t\t<\/div>\n\t\t\t\t<\/div>\n\t\t\t\t\t<\/div>\n\t\t<\/div>\n\t\t\t\t\t<\/div>\n\t\t<\/section>\n\t\t\t\t<\/div>","protected":false},"excerpt":{"rendered":"<p>El artista vallisoletano actuar\u00e1 el 15 de agosto en Sanxenxo El Costa Feira volver\u00e1 en 2026, y, un a\u00f1o m\u00e1s, Sanxenxo se convertir\u00e1 en el epicentro de la m\u00fasica en las R\u00edas Baixas. Poco a poco, el cartel empieza a tomar forma, y ya tenemos el primer artista confirmado: Rusowsky. El vallisoletano criado en Fuenlabrada [&hellip;]<\/p>\n","protected":false},"author":5,"featured_media":6904,"comment_status":"closed","ping_status":"closed","sticky":false,"template":"","format":"standard","meta":{"footnotes":""},"categories":[4],"tags":[337,340,339,338],"class_list":["post-6899","post","type-post","status-publish","format-standard","has-post-thumbnail","hentry","category-musica","tag-costa-feira","tag-daisy","tag-rusowsky","tag-sanxenxo"],"yoast_head":"<!-- This site is optimized with the Yoast SEO plugin v27.4 - https:\/\/yoast.com\/product\/yoast-seo-wordpress\/ -->\n<title>Rusowsky, primer confirmado del Costa Feira 2026 &#8902; Una y Mil Letras<\/title>\n<meta name=\"description\" content=\"Sanxenxo se prepara para el Costa Feira 2026 el 15 de agosto con Rusowsky, una de las voces m\u00e1s destacadas del pop alternativo en espa\u00f1ol.\" \/>\n<meta name=\"robots\" content=\"index, follow, max-snippet:-1, max-image-preview:large, max-video-preview:-1\" \/>\n<link rel=\"canonical\" href=\"https:\/\/unaymilletras.com\/en\/rusowsky-primer-confirmado-del-costa-feira-2026\/\" \/>\n<meta property=\"og:locale\" content=\"en_GB\" \/>\n<meta property=\"og:type\" content=\"article\" \/>\n<meta property=\"og:title\" content=\"Rusowsky, primer confirmado del Costa Feira 2026 &#8902; Una y Mil Letras\" \/>\n<meta property=\"og:description\" content=\"Sanxenxo se prepara para el Costa Feira 2026 el 15 de agosto con Rusowsky, una de las voces m\u00e1s destacadas del pop alternativo en espa\u00f1ol.\" \/>\n<meta property=\"og:url\" content=\"https:\/\/unaymilletras.com\/en\/rusowsky-primer-confirmado-del-costa-feira-2026\/\" \/>\n<meta property=\"og:site_name\" content=\"Una y Mil Letras\" \/>\n<meta property=\"article:published_time\" content=\"2025-12-22T15:43:05+00:00\" \/>\n<meta property=\"og:image\" content=\"http:\/\/unaymilletras.com\/wp-content\/uploads\/2025\/12\/fotoweb-2025-12-22T135613.201.png\" \/>\n\t<meta property=\"og:image:width\" content=\"1920\" \/>\n\t<meta property=\"og:image:height\" content=\"1080\" \/>\n\t<meta property=\"og:image:type\" content=\"image\/png\" \/>\n<meta name=\"author\" content=\"Luc\u00eda Fandi\u00f1o\" \/>\n<meta name=\"twitter:card\" content=\"summary_large_image\" \/>\n<meta name=\"twitter:creator\" content=\"@UnaYMilLetras\" \/>\n<meta name=\"twitter:site\" content=\"@UnaYMilLetras\" \/>\n<meta name=\"twitter:label1\" content=\"Written by\" \/>\n\t<meta name=\"twitter:data1\" content=\"Luc\u00eda Fandi\u00f1o\" \/>\n\t<meta name=\"twitter:label2\" content=\"Estimated reading time\" \/>\n\t<meta name=\"twitter:data2\" content=\"2 minutes\" \/>\n<script type=\"application\/ld+json\" class=\"yoast-schema-graph\">{\"@context\":\"https:\\\/\\\/schema.org\",\"@graph\":[{\"@type\":\"Article\",\"@id\":\"https:\\\/\\\/unaymilletras.com\\\/rusowsky-primer-confirmado-del-costa-feira-2026\\\/#article\",\"isPartOf\":{\"@id\":\"https:\\\/\\\/unaymilletras.com\\\/rusowsky-primer-confirmado-del-costa-feira-2026\\\/\"},\"author\":{\"name\":\"Luc\u00eda Fandi\u00f1o\",\"@id\":\"http:\\\/\\\/unaymilletras.com\\\/#\\\/schema\\\/person\\\/047a24f09ead3f0ba2387e5df86d9336\"},\"headline\":\"Rusowsky, primer confirmado del Costa Feira 2026\",\"datePublished\":\"2025-12-22T15:43:05+00:00\",\"mainEntityOfPage\":{\"@id\":\"https:\\\/\\\/unaymilletras.com\\\/rusowsky-primer-confirmado-del-costa-feira-2026\\\/\"},\"wordCount\":377,\"publisher\":{\"@id\":\"http:\\\/\\\/unaymilletras.com\\\/#organization\"},\"image\":{\"@id\":\"https:\\\/\\\/unaymilletras.com\\\/rusowsky-primer-confirmado-del-costa-feira-2026\\\/#primaryimage\"},\"thumbnailUrl\":\"https:\\\/\\\/unaymilletras.com\\\/wp-content\\\/uploads\\\/2025\\\/12\\\/fotoweb-2025-12-22T135613.201.png\",\"keywords\":[\"Costa Feira\",\"Daisy\",\"Rusowsky\",\"Sanxenxo\"],\"articleSection\":[\"M\u00fasica\"],\"inLanguage\":\"en-GB\"},{\"@type\":\"WebPage\",\"@id\":\"https:\\\/\\\/unaymilletras.com\\\/rusowsky-primer-confirmado-del-costa-feira-2026\\\/\",\"url\":\"https:\\\/\\\/unaymilletras.com\\\/rusowsky-primer-confirmado-del-costa-feira-2026\\\/\",\"name\":\"Rusowsky, primer confirmado del Costa Feira 2026 &#8902; Una y Mil Letras\",\"isPartOf\":{\"@id\":\"http:\\\/\\\/unaymilletras.com\\\/#website\"},\"primaryImageOfPage\":{\"@id\":\"https:\\\/\\\/unaymilletras.com\\\/rusowsky-primer-confirmado-del-costa-feira-2026\\\/#primaryimage\"},\"image\":{\"@id\":\"https:\\\/\\\/unaymilletras.com\\\/rusowsky-primer-confirmado-del-costa-feira-2026\\\/#primaryimage\"},\"thumbnailUrl\":\"https:\\\/\\\/unaymilletras.com\\\/wp-content\\\/uploads\\\/2025\\\/12\\\/fotoweb-2025-12-22T135613.201.png\",\"datePublished\":\"2025-12-22T15:43:05+00:00\",\"description\":\"Sanxenxo se prepara para el Costa Feira 2026 el 15 de agosto con Rusowsky, una de las voces m\u00e1s destacadas del pop alternativo en espa\u00f1ol.\",\"breadcrumb\":{\"@id\":\"https:\\\/\\\/unaymilletras.com\\\/rusowsky-primer-confirmado-del-costa-feira-2026\\\/#breadcrumb\"},\"inLanguage\":\"en-GB\",\"potentialAction\":[{\"@type\":\"ReadAction\",\"target\":[\"https:\\\/\\\/unaymilletras.com\\\/rusowsky-primer-confirmado-del-costa-feira-2026\\\/\"]}]},{\"@type\":\"ImageObject\",\"inLanguage\":\"en-GB\",\"@id\":\"https:\\\/\\\/unaymilletras.com\\\/rusowsky-primer-confirmado-del-costa-feira-2026\\\/#primaryimage\",\"url\":\"https:\\\/\\\/unaymilletras.com\\\/wp-content\\\/uploads\\\/2025\\\/12\\\/fotoweb-2025-12-22T135613.201.png\",\"contentUrl\":\"https:\\\/\\\/unaymilletras.com\\\/wp-content\\\/uploads\\\/2025\\\/12\\\/fotoweb-2025-12-22T135613.201.png\",\"width\":1920,\"height\":1080},{\"@type\":\"BreadcrumbList\",\"@id\":\"https:\\\/\\\/unaymilletras.com\\\/rusowsky-primer-confirmado-del-costa-feira-2026\\\/#breadcrumb\",\"itemListElement\":[{\"@type\":\"ListItem\",\"position\":1,\"name\":\"Home\",\"item\":\"http:\\\/\\\/unaymilletras.com\\\/\"},{\"@type\":\"ListItem\",\"position\":2,\"name\":\"Rusowsky, primer confirmado del Costa Feira 2026\"}]},{\"@type\":\"WebSite\",\"@id\":\"http:\\\/\\\/unaymilletras.com\\\/#website\",\"url\":\"http:\\\/\\\/unaymilletras.com\\\/\",\"name\":\"Una y Mil Letras\",\"description\":\"\",\"publisher\":{\"@id\":\"http:\\\/\\\/unaymilletras.com\\\/#organization\"},\"potentialAction\":[{\"@type\":\"SearchAction\",\"target\":{\"@type\":\"EntryPoint\",\"urlTemplate\":\"http:\\\/\\\/unaymilletras.com\\\/?s={search_term_string}\"},\"query-input\":{\"@type\":\"PropertyValueSpecification\",\"valueRequired\":true,\"valueName\":\"search_term_string\"}}],\"inLanguage\":\"en-GB\"},{\"@type\":\"Organization\",\"@id\":\"http:\\\/\\\/unaymilletras.com\\\/#organization\",\"name\":\"Una y Mil Letras\",\"url\":\"http:\\\/\\\/unaymilletras.com\\\/\",\"logo\":{\"@type\":\"ImageObject\",\"inLanguage\":\"en-GB\",\"@id\":\"http:\\\/\\\/unaymilletras.com\\\/#\\\/schema\\\/logo\\\/image\\\/\",\"url\":\"https:\\\/\\\/unaymilletras.com\\\/wp-content\\\/uploads\\\/2024\\\/06\\\/cropped-Logo-removebg-preview.png\",\"contentUrl\":\"https:\\\/\\\/unaymilletras.com\\\/wp-content\\\/uploads\\\/2024\\\/06\\\/cropped-Logo-removebg-preview.png\",\"width\":512,\"height\":512,\"caption\":\"Una y Mil Letras\"},\"image\":{\"@id\":\"http:\\\/\\\/unaymilletras.com\\\/#\\\/schema\\\/logo\\\/image\\\/\"},\"sameAs\":[\"https:\\\/\\\/x.com\\\/UnaYMilLetras\",\"https:\\\/\\\/instagram.com\\\/UnaYMilLetras\"]},{\"@type\":\"Person\",\"@id\":\"http:\\\/\\\/unaymilletras.com\\\/#\\\/schema\\\/person\\\/047a24f09ead3f0ba2387e5df86d9336\",\"name\":\"Luc\u00eda Fandi\u00f1o\",\"image\":{\"@type\":\"ImageObject\",\"inLanguage\":\"en-GB\",\"@id\":\"https:\\\/\\\/secure.gravatar.com\\\/avatar\\\/d22d9eea03f89c5d17f4b05c3efeb11bad23ff32b99e63bbf54232bc1b6a06b2?s=96&d=mm&r=g\",\"url\":\"https:\\\/\\\/secure.gravatar.com\\\/avatar\\\/d22d9eea03f89c5d17f4b05c3efeb11bad23ff32b99e63bbf54232bc1b6a06b2?s=96&d=mm&r=g\",\"contentUrl\":\"https:\\\/\\\/secure.gravatar.com\\\/avatar\\\/d22d9eea03f89c5d17f4b05c3efeb11bad23ff32b99e63bbf54232bc1b6a06b2?s=96&d=mm&r=g\",\"caption\":\"Luc\u00eda Fandi\u00f1o\"},\"sameAs\":[\"www.instagram.com\\\/luciaafandino\"],\"url\":\"https:\\\/\\\/unaymilletras.com\\\/en\\\/author\\\/luciaafandino\\\/\"}]}<\/script>\n<!-- \/ Yoast SEO plugin. -->","yoast_head_json":{"title":"Rusowsky, primer confirmado del Costa Feira 2026 &#8902; Una y Mil Letras","description":"Sanxenxo se prepara para el Costa Feira 2026 el 15 de agosto con Rusowsky, una de las voces m\u00e1s destacadas del pop alternativo en espa\u00f1ol.","robots":{"index":"index","follow":"follow","max-snippet":"max-snippet:-1","max-image-preview":"max-image-preview:large","max-video-preview":"max-video-preview:-1"},"canonical":"https:\/\/unaymilletras.com\/en\/rusowsky-primer-confirmado-del-costa-feira-2026\/","og_locale":"en_GB","og_type":"article","og_title":"Rusowsky, primer confirmado del Costa Feira 2026 &#8902; Una y Mil Letras","og_description":"Sanxenxo se prepara para el Costa Feira 2026 el 15 de agosto con Rusowsky, una de las voces m\u00e1s destacadas del pop alternativo en espa\u00f1ol.","og_url":"https:\/\/unaymilletras.com\/en\/rusowsky-primer-confirmado-del-costa-feira-2026\/","og_site_name":"Una y Mil Letras","article_published_time":"2025-12-22T15:43:05+00:00","og_image":[{"width":1920,"height":1080,"url":"http:\/\/unaymilletras.com\/wp-content\/uploads\/2025\/12\/fotoweb-2025-12-22T135613.201.png","type":"image\/png"}],"author":"Luc\u00eda Fandi\u00f1o","twitter_card":"summary_large_image","twitter_creator":"@UnaYMilLetras","twitter_site":"@UnaYMilLetras","twitter_misc":{"Written by":"Luc\u00eda Fandi\u00f1o","Estimated reading time":"2 minutes"},"schema":{"@context":"https:\/\/schema.org","@graph":[{"@type":"Article","@id":"https:\/\/unaymilletras.com\/rusowsky-primer-confirmado-del-costa-feira-2026\/#article","isPartOf":{"@id":"https:\/\/unaymilletras.com\/rusowsky-primer-confirmado-del-costa-feira-2026\/"},"author":{"name":"Luc\u00eda Fandi\u00f1o","@id":"http:\/\/unaymilletras.com\/#\/schema\/person\/047a24f09ead3f0ba2387e5df86d9336"},"headline":"Rusowsky, primer confirmado del Costa Feira 2026","datePublished":"2025-12-22T15:43:05+00:00","mainEntityOfPage":{"@id":"https:\/\/unaymilletras.com\/rusowsky-primer-confirmado-del-costa-feira-2026\/"},"wordCount":377,"publisher":{"@id":"http:\/\/unaymilletras.com\/#organization"},"image":{"@id":"https:\/\/unaymilletras.com\/rusowsky-primer-confirmado-del-costa-feira-2026\/#primaryimage"},"thumbnailUrl":"https:\/\/unaymilletras.com\/wp-content\/uploads\/2025\/12\/fotoweb-2025-12-22T135613.201.png","keywords":["Costa Feira","Daisy","Rusowsky","Sanxenxo"],"articleSection":["M\u00fasica"],"inLanguage":"en-GB"},{"@type":"WebPage","@id":"https:\/\/unaymilletras.com\/rusowsky-primer-confirmado-del-costa-feira-2026\/","url":"https:\/\/unaymilletras.com\/rusowsky-primer-confirmado-del-costa-feira-2026\/","name":"Rusowsky, primer confirmado del Costa Feira 2026 &#8902; Una y Mil Letras","isPartOf":{"@id":"http:\/\/unaymilletras.com\/#website"},"primaryImageOfPage":{"@id":"https:\/\/unaymilletras.com\/rusowsky-primer-confirmado-del-costa-feira-2026\/#primaryimage"},"image":{"@id":"https:\/\/unaymilletras.com\/rusowsky-primer-confirmado-del-costa-feira-2026\/#primaryimage"},"thumbnailUrl":"https:\/\/unaymilletras.com\/wp-content\/uploads\/2025\/12\/fotoweb-2025-12-22T135613.201.png","datePublished":"2025-12-22T15:43:05+00:00","description":"Sanxenxo se prepara para el Costa Feira 2026 el 15 de agosto con Rusowsky, una de las voces m\u00e1s destacadas del pop alternativo en espa\u00f1ol.","breadcrumb":{"@id":"https:\/\/unaymilletras.com\/rusowsky-primer-confirmado-del-costa-feira-2026\/#breadcrumb"},"inLanguage":"en-GB","potentialAction":[{"@type":"ReadAction","target":["https:\/\/unaymilletras.com\/rusowsky-primer-confirmado-del-costa-feira-2026\/"]}]},{"@type":"ImageObject","inLanguage":"en-GB","@id":"https:\/\/unaymilletras.com\/rusowsky-primer-confirmado-del-costa-feira-2026\/#primaryimage","url":"https:\/\/unaymilletras.com\/wp-content\/uploads\/2025\/12\/fotoweb-2025-12-22T135613.201.png","contentUrl":"https:\/\/unaymilletras.com\/wp-content\/uploads\/2025\/12\/fotoweb-2025-12-22T135613.201.png","width":1920,"height":1080},{"@type":"BreadcrumbList","@id":"https:\/\/unaymilletras.com\/rusowsky-primer-confirmado-del-costa-feira-2026\/#breadcrumb","itemListElement":[{"@type":"ListItem","position":1,"name":"Home","item":"http:\/\/unaymilletras.com\/"},{"@type":"ListItem","position":2,"name":"Rusowsky, primer confirmado del Costa Feira 2026"}]},{"@type":"WebSite","@id":"http:\/\/unaymilletras.com\/#website","url":"http:\/\/unaymilletras.com\/","name":"Una y Mil Letras","description":"","publisher":{"@id":"http:\/\/unaymilletras.com\/#organization"},"potentialAction":[{"@type":"SearchAction","target":{"@type":"EntryPoint","urlTemplate":"http:\/\/unaymilletras.com\/?s={search_term_string}"},"query-input":{"@type":"PropertyValueSpecification","valueRequired":true,"valueName":"search_term_string"}}],"inLanguage":"en-GB"},{"@type":"Organization","@id":"http:\/\/unaymilletras.com\/#organization","name":"Una y Mil Letras","url":"http:\/\/unaymilletras.com\/","logo":{"@type":"ImageObject","inLanguage":"en-GB","@id":"http:\/\/unaymilletras.com\/#\/schema\/logo\/image\/","url":"https:\/\/unaymilletras.com\/wp-content\/uploads\/2024\/06\/cropped-Logo-removebg-preview.png","contentUrl":"https:\/\/unaymilletras.com\/wp-content\/uploads\/2024\/06\/cropped-Logo-removebg-preview.png","width":512,"height":512,"caption":"Una y Mil Letras"},"image":{"@id":"http:\/\/unaymilletras.com\/#\/schema\/logo\/image\/"},"sameAs":["https:\/\/x.com\/UnaYMilLetras","https:\/\/instagram.com\/UnaYMilLetras"]},{"@type":"Person","@id":"http:\/\/unaymilletras.com\/#\/schema\/person\/047a24f09ead3f0ba2387e5df86d9336","name":"Luc\u00eda Fandi\u00f1o","image":{"@type":"ImageObject","inLanguage":"en-GB","@id":"https:\/\/secure.gravatar.com\/avatar\/d22d9eea03f89c5d17f4b05c3efeb11bad23ff32b99e63bbf54232bc1b6a06b2?s=96&d=mm&r=g","url":"https:\/\/secure.gravatar.com\/avatar\/d22d9eea03f89c5d17f4b05c3efeb11bad23ff32b99e63bbf54232bc1b6a06b2?s=96&d=mm&r=g","contentUrl":"https:\/\/secure.gravatar.com\/avatar\/d22d9eea03f89c5d17f4b05c3efeb11bad23ff32b99e63bbf54232bc1b6a06b2?s=96&d=mm&r=g","caption":"Luc\u00eda Fandi\u00f1o"},"sameAs":["www.instagram.com\/luciaafandino"],"url":"https:\/\/unaymilletras.com\/en\/author\/luciaafandino\/"}]}},"_links":{"self":[{"href":"https:\/\/unaymilletras.com\/en\/wp-json\/wp\/v2\/posts\/6899","targetHints":{"allow":["GET"]}}],"collection":[{"href":"https:\/\/unaymilletras.com\/en\/wp-json\/wp\/v2\/posts"}],"about":[{"href":"https:\/\/unaymilletras.com\/en\/wp-json\/wp\/v2\/types\/post"}],"author":[{"embeddable":true,"href":"https:\/\/unaymilletras.com\/en\/wp-json\/wp\/v2\/users\/5"}],"replies":[{"embeddable":true,"href":"https:\/\/unaymilletras.com\/en\/wp-json\/wp\/v2\/comments?post=6899"}],"version-history":[{"count":3,"href":"https:\/\/unaymilletras.com\/en\/wp-json\/wp\/v2\/posts\/6899\/revisions"}],"predecessor-version":[{"id":6903,"href":"https:\/\/unaymilletras.com\/en\/wp-json\/wp\/v2\/posts\/6899\/revisions\/6903"}],"wp:featuredmedia":[{"embeddable":true,"href":"https:\/\/unaymilletras.com\/en\/wp-json\/wp\/v2\/media\/6904"}],"wp:attachment":[{"href":"https:\/\/unaymilletras.com\/en\/wp-json\/wp\/v2\/media?parent=6899"}],"wp:term":[{"taxonomy":"category","embeddable":true,"href":"https:\/\/unaymilletras.com\/en\/wp-json\/wp\/v2\/categories?post=6899"},{"taxonomy":"post_tag","embeddable":true,"href":"https:\/\/unaymilletras.com\/en\/wp-json\/wp\/v2\/tags?post=6899"}],"curies":[{"name":"wp","href":"https:\/\/api.w.org\/{rel}","templated":true}]}}