{"id":6905,"date":"2025-12-22T18:10:58","date_gmt":"2025-12-22T17:10:58","guid":{"rendered":"https:\/\/unaymilletras.com\/?p=6905"},"modified":"2025-12-24T14:24:16","modified_gmt":"2025-12-24T13:24:16","slug":"grecas-no-solo-conquista-la-m-30-con-su-nuevo-album","status":"publish","type":"post","link":"https:\/\/unaymilletras.com\/en\/grecas-no-solo-conquista-la-m-30-con-su-nuevo-album\/","title":{"rendered":"Grecas no solo conquista la M-30 con su nuevo \u00e1lbum"},"content":{"rendered":"<div data-elementor-type=\"wp-post\" data-elementor-id=\"6905\" class=\"elementor elementor-6905\">\n\t\t\t\t\t\t<section class=\"elementor-section elementor-top-section elementor-element elementor-element-9bb0a60 elementor-section-boxed elementor-section-height-default elementor-section-height-default\" data-id=\"9bb0a60\" data-element_type=\"section\" data-e-type=\"section\">\n\t\t\t\t\t\t<div class=\"elementor-container elementor-column-gap-default\">\n\t\t\t\t\t<div class=\"elementor-column elementor-col-100 elementor-top-column elementor-element elementor-element-2c4f01c\" data-id=\"2c4f01c\" data-element_type=\"column\" data-e-type=\"column\">\n\t\t\t<div class=\"elementor-widget-wrap elementor-element-populated\">\n\t\t\t\t\t\t<div class=\"elementor-element elementor-element-5059588 elementor-widget elementor-widget-heading\" data-id=\"5059588\" data-element_type=\"widget\" data-e-type=\"widget\" data-widget_type=\"heading.default\">\n\t\t\t\t<div class=\"elementor-widget-container\">\n\t\t\t\t\t<h2 class=\"elementor-heading-title elementor-size-default\">El artista madrile\u00f1o alcanza el Top 10 de ventas en Espa\u00f1a con su nuevo \u00e1lbum<\/h2>\t\t\t\t<\/div>\n\t\t\t\t<\/div>\n\t\t\t\t\t<\/div>\n\t\t<\/div>\n\t\t\t\t\t<\/div>\n\t\t<\/section>\n\t\t\t\t<section class=\"elementor-section elementor-top-section elementor-element elementor-element-13b7b0ff elementor-section-boxed elementor-section-height-default elementor-section-height-default\" data-id=\"13b7b0ff\" data-element_type=\"section\" data-e-type=\"section\">\n\t\t\t\t\t\t<div class=\"elementor-container elementor-column-gap-default\">\n\t\t\t\t\t<div class=\"elementor-column elementor-col-100 elementor-top-column elementor-element elementor-element-363e6b62\" data-id=\"363e6b62\" data-element_type=\"column\" data-e-type=\"column\">\n\t\t\t<div class=\"elementor-widget-wrap elementor-element-populated\">\n\t\t\t\t\t\t<div class=\"elementor-element elementor-element-3a1623ee elementor-widget elementor-widget-text-editor\" data-id=\"3a1623ee\" data-element_type=\"widget\" data-e-type=\"widget\" data-widget_type=\"text-editor.default\">\n\t\t\t\t<div class=\"elementor-widget-container\">\n\t\t\t\t\t\t\t\t\t\n<p>Grecas tiene ese don de conquistar a quien lo escucha, porque nunca deja de sorprender. En la jerga actual, podr\u00edamos decir que est\u00e1 en su \u201cprime\u201d, y lo demuestra a cada paso de su carrera. Su \u00faltimo proyecto, \u201cEscrito en la M-30\u201d, se ha colado en el Top 10 de ventas de \u00e1lbumes en Espa\u00f1a, una confirmaci\u00f3n de que su m\u00fasica es hoy imprescindible en el panorama urbano espa\u00f1ol.<\/p>\n\n\n\n<p>\u201cEscrito en la M-30\u201d funciona como una carta abierta a la ciudad que lo vio nacer. Un \u00e1lbum profundamente madrile\u00f1o y urbano, en el que Grecas se rodea de colaboraciones estelares como Ergo Pro, Israel B, El Bugg, Gloosito o Ill Peke\u00f1o. Lejos de quedarse en la superficie, el proyecto pone el foco en lo cotidiano, en esas historias que pasan cuando nadie est\u00e1 mirando. <\/p>\n\n\n\n<figure class=\"wp-block-embed is-type-rich is-provider-spotify wp-block-embed-spotify wp-embed-aspect-21-9 wp-has-aspect-ratio\"><div class=\"wp-block-embed__wrapper\">\n<iframe title=\"Spotify Embed: Escrito en la M-30\" style=\"border-radius: 12px\" width=\"100%\" height=\"352\" frameborder=\"0\" allowfullscreen allow=\"autoplay; clipboard-write; encrypted-media; fullscreen; picture-in-picture\" loading=\"lazy\" src=\"https:\/\/open.spotify.com\/embed\/album\/7q7uLuyeYwAXZkMtoTKwkV?si=gG9usP6ZT8CrJ5B2I5av4A&amp;utm_source=oembed\"><\/iframe>\n<\/div><\/figure>\n\n\n\n<p>Entre los temas que m\u00e1s est\u00e1n dando de qu\u00e9 hablar se encuentra \u201cQu\u00e9 culpa tiene el lunes de no ser un s\u00e1bado\u201d. La canci\u00f3n arranca con la frase <em>\u201cTengo un colega con los mismos h\u00e1bitos que \u00c1balos\u201d<\/em>, y su iron\u00eda directa junto con ese toque fresco la han convertido en uno de los temas m\u00e1s reconocibles del disco, llev\u00e1ndola incluso al Top 200 de Spotify Espa\u00f1a.<\/p>\n\n\n\n<p>Otro de los temas que est\u00e1 causando sensaci\u00f3n es \u201cFormidable\u201d, que ha encontrado una nueva vida en TikTok gracias a un trend protagonizado por hermanos y hermanas: <em>\u201cmi hermana y yo somos como Bart y Lisa, peleamos pero si tiene un problema voy deprisa\u201d<\/em>. Miles de usuarios han convertido la canci\u00f3n en la banda sonora de momentos cotidianos, haciendo que su alcance crezca de manera completamente org\u00e1nica.<\/p>\n\n\n\n<h2 class=\"wp-block-heading\">\u00abEscrito en la M-30\u00bb: una experiencia musical<\/h2>\n\n\n\n<p>El \u00e1lbum incluso ha traspasado las pantallas. GRECAS ha llevado su proyecto a todos lados, desde una lona gigante en la M-30, hasta escuchar el \u00e1lbum junto a sus fans dentro de su propio taxi, pasando por una watchparty en Madrid o el estreno del shortfilm junto a Little Spain. <\/p>\n\n\n\n<p>Si Madrid suena, probablemente sean Grecas y su M-30. Y si todav\u00eda no lo escuchas, te est\u00e1s perdiendo de uno de los proyectos del momento.<\/p>\n\t\t\t\t\t\t\t\t<\/div>\n\t\t\t\t<\/div>\n\t\t\t\t\t<\/div>\n\t\t<\/div>\n\t\t\t\t\t<\/div>\n\t\t<\/section>\n\t\t\t\t<\/div>","protected":false},"excerpt":{"rendered":"<p>El artista madrile\u00f1o alcanza el Top 10 de ventas en Espa\u00f1a con su nuevo \u00e1lbum Grecas tiene ese don de conquistar a quien lo escucha, porque nunca deja de sorprender. En la jerga actual, podr\u00edamos decir que est\u00e1 en su \u201cprime\u201d, y lo demuestra a cada paso de su carrera. Su \u00faltimo proyecto, \u201cEscrito en [&hellip;]<\/p>\n","protected":false},"author":5,"featured_media":6910,"comment_status":"closed","ping_status":"closed","sticky":false,"template":"","format":"standard","meta":{"footnotes":""},"categories":[4],"tags":[],"class_list":["post-6905","post","type-post","status-publish","format-standard","has-post-thumbnail","hentry","category-musica"],"yoast_head":"<!-- This site is optimized with the Yoast SEO plugin v27.4 - https:\/\/yoast.com\/product\/yoast-seo-wordpress\/ -->\n<title>Grecas no solo conquista la M-30 con su nuevo \u00e1lbum &#8902; Una y Mil Letras<\/title>\n<meta name=\"description\" content=\"\u201cEscrito en la M-30\u201d, el nuevo trabajo del artista madrile\u00f1o, se sit\u00faa actualmente en el Top 10 de ventas de \u00e1lbumes en Espa\u00f1a\" \/>\n<meta name=\"robots\" content=\"index, follow, max-snippet:-1, max-image-preview:large, max-video-preview:-1\" \/>\n<link rel=\"canonical\" href=\"https:\/\/unaymilletras.com\/en\/grecas-no-solo-conquista-la-m-30-con-su-nuevo-album\/\" \/>\n<meta property=\"og:locale\" content=\"en_GB\" \/>\n<meta property=\"og:type\" content=\"article\" \/>\n<meta property=\"og:title\" content=\"Grecas no solo conquista la M-30 con su nuevo \u00e1lbum &#8902; Una y Mil Letras\" \/>\n<meta property=\"og:description\" content=\"\u201cEscrito en la M-30\u201d, el nuevo trabajo del artista madrile\u00f1o, se sit\u00faa actualmente en el Top 10 de ventas de \u00e1lbumes en Espa\u00f1a\" \/>\n<meta property=\"og:url\" content=\"https:\/\/unaymilletras.com\/en\/grecas-no-solo-conquista-la-m-30-con-su-nuevo-album\/\" \/>\n<meta property=\"og:site_name\" content=\"Una y Mil Letras\" \/>\n<meta property=\"article:published_time\" content=\"2025-12-22T17:10:58+00:00\" \/>\n<meta property=\"article:modified_time\" content=\"2025-12-24T13:24:16+00:00\" \/>\n<meta property=\"og:image\" content=\"http:\/\/unaymilletras.com\/wp-content\/uploads\/2025\/12\/grecas-en-su-nuevo-proyecto-escrito-en-la-m-30-redes-sociales.jpeg\" \/>\n\t<meta property=\"og:image:width\" content=\"1250\" \/>\n\t<meta property=\"og:image:height\" content=\"750\" \/>\n\t<meta property=\"og:image:type\" content=\"image\/jpeg\" \/>\n<meta name=\"author\" content=\"Luc\u00eda Fandi\u00f1o\" \/>\n<meta name=\"twitter:card\" content=\"summary_large_image\" \/>\n<meta name=\"twitter:creator\" content=\"@UnaYMilLetras\" \/>\n<meta name=\"twitter:site\" content=\"@UnaYMilLetras\" \/>\n<meta name=\"twitter:label1\" content=\"Written by\" \/>\n\t<meta name=\"twitter:data1\" content=\"Luc\u00eda Fandi\u00f1o\" \/>\n\t<meta name=\"twitter:label2\" content=\"Estimated reading time\" \/>\n\t<meta name=\"twitter:data2\" content=\"2 minutes\" \/>\n<script type=\"application\/ld+json\" class=\"yoast-schema-graph\">{\"@context\":\"https:\\\/\\\/schema.org\",\"@graph\":[{\"@type\":\"Article\",\"@id\":\"https:\\\/\\\/unaymilletras.com\\\/grecas-no-solo-conquista-la-m-30-con-su-nuevo-album\\\/#article\",\"isPartOf\":{\"@id\":\"https:\\\/\\\/unaymilletras.com\\\/grecas-no-solo-conquista-la-m-30-con-su-nuevo-album\\\/\"},\"author\":{\"name\":\"Luc\u00eda Fandi\u00f1o\",\"@id\":\"http:\\\/\\\/unaymilletras.com\\\/#\\\/schema\\\/person\\\/047a24f09ead3f0ba2387e5df86d9336\"},\"headline\":\"Grecas no solo conquista la M-30 con su nuevo \u00e1lbum\",\"datePublished\":\"2025-12-22T17:10:58+00:00\",\"dateModified\":\"2025-12-24T13:24:16+00:00\",\"mainEntityOfPage\":{\"@id\":\"https:\\\/\\\/unaymilletras.com\\\/grecas-no-solo-conquista-la-m-30-con-su-nuevo-album\\\/\"},\"wordCount\":411,\"publisher\":{\"@id\":\"http:\\\/\\\/unaymilletras.com\\\/#organization\"},\"image\":{\"@id\":\"https:\\\/\\\/unaymilletras.com\\\/grecas-no-solo-conquista-la-m-30-con-su-nuevo-album\\\/#primaryimage\"},\"thumbnailUrl\":\"https:\\\/\\\/unaymilletras.com\\\/wp-content\\\/uploads\\\/2025\\\/12\\\/grecas-en-su-nuevo-proyecto-escrito-en-la-m-30-redes-sociales.jpeg\",\"articleSection\":[\"M\u00fasica\"],\"inLanguage\":\"en-GB\"},{\"@type\":\"WebPage\",\"@id\":\"https:\\\/\\\/unaymilletras.com\\\/grecas-no-solo-conquista-la-m-30-con-su-nuevo-album\\\/\",\"url\":\"https:\\\/\\\/unaymilletras.com\\\/grecas-no-solo-conquista-la-m-30-con-su-nuevo-album\\\/\",\"name\":\"Grecas no solo conquista la M-30 con su nuevo \u00e1lbum &#8902; Una y Mil Letras\",\"isPartOf\":{\"@id\":\"http:\\\/\\\/unaymilletras.com\\\/#website\"},\"primaryImageOfPage\":{\"@id\":\"https:\\\/\\\/unaymilletras.com\\\/grecas-no-solo-conquista-la-m-30-con-su-nuevo-album\\\/#primaryimage\"},\"image\":{\"@id\":\"https:\\\/\\\/unaymilletras.com\\\/grecas-no-solo-conquista-la-m-30-con-su-nuevo-album\\\/#primaryimage\"},\"thumbnailUrl\":\"https:\\\/\\\/unaymilletras.com\\\/wp-content\\\/uploads\\\/2025\\\/12\\\/grecas-en-su-nuevo-proyecto-escrito-en-la-m-30-redes-sociales.jpeg\",\"datePublished\":\"2025-12-22T17:10:58+00:00\",\"dateModified\":\"2025-12-24T13:24:16+00:00\",\"description\":\"\u201cEscrito en la M-30\u201d, el nuevo trabajo del artista madrile\u00f1o, se sit\u00faa actualmente en el Top 10 de ventas de \u00e1lbumes en Espa\u00f1a\",\"breadcrumb\":{\"@id\":\"https:\\\/\\\/unaymilletras.com\\\/grecas-no-solo-conquista-la-m-30-con-su-nuevo-album\\\/#breadcrumb\"},\"inLanguage\":\"en-GB\",\"potentialAction\":[{\"@type\":\"ReadAction\",\"target\":[\"https:\\\/\\\/unaymilletras.com\\\/grecas-no-solo-conquista-la-m-30-con-su-nuevo-album\\\/\"]}]},{\"@type\":\"ImageObject\",\"inLanguage\":\"en-GB\",\"@id\":\"https:\\\/\\\/unaymilletras.com\\\/grecas-no-solo-conquista-la-m-30-con-su-nuevo-album\\\/#primaryimage\",\"url\":\"https:\\\/\\\/unaymilletras.com\\\/wp-content\\\/uploads\\\/2025\\\/12\\\/grecas-en-su-nuevo-proyecto-escrito-en-la-m-30-redes-sociales.jpeg\",\"contentUrl\":\"https:\\\/\\\/unaymilletras.com\\\/wp-content\\\/uploads\\\/2025\\\/12\\\/grecas-en-su-nuevo-proyecto-escrito-en-la-m-30-redes-sociales.jpeg\",\"width\":1250,\"height\":750},{\"@type\":\"BreadcrumbList\",\"@id\":\"https:\\\/\\\/unaymilletras.com\\\/grecas-no-solo-conquista-la-m-30-con-su-nuevo-album\\\/#breadcrumb\",\"itemListElement\":[{\"@type\":\"ListItem\",\"position\":1,\"name\":\"Home\",\"item\":\"http:\\\/\\\/unaymilletras.com\\\/\"},{\"@type\":\"ListItem\",\"position\":2,\"name\":\"Grecas no solo conquista la M-30 con su nuevo \u00e1lbum\"}]},{\"@type\":\"WebSite\",\"@id\":\"http:\\\/\\\/unaymilletras.com\\\/#website\",\"url\":\"http:\\\/\\\/unaymilletras.com\\\/\",\"name\":\"Una y Mil Letras\",\"description\":\"\",\"publisher\":{\"@id\":\"http:\\\/\\\/unaymilletras.com\\\/#organization\"},\"potentialAction\":[{\"@type\":\"SearchAction\",\"target\":{\"@type\":\"EntryPoint\",\"urlTemplate\":\"http:\\\/\\\/unaymilletras.com\\\/?s={search_term_string}\"},\"query-input\":{\"@type\":\"PropertyValueSpecification\",\"valueRequired\":true,\"valueName\":\"search_term_string\"}}],\"inLanguage\":\"en-GB\"},{\"@type\":\"Organization\",\"@id\":\"http:\\\/\\\/unaymilletras.com\\\/#organization\",\"name\":\"Una y Mil Letras\",\"url\":\"http:\\\/\\\/unaymilletras.com\\\/\",\"logo\":{\"@type\":\"ImageObject\",\"inLanguage\":\"en-GB\",\"@id\":\"http:\\\/\\\/unaymilletras.com\\\/#\\\/schema\\\/logo\\\/image\\\/\",\"url\":\"https:\\\/\\\/unaymilletras.com\\\/wp-content\\\/uploads\\\/2024\\\/06\\\/cropped-Logo-removebg-preview.png\",\"contentUrl\":\"https:\\\/\\\/unaymilletras.com\\\/wp-content\\\/uploads\\\/2024\\\/06\\\/cropped-Logo-removebg-preview.png\",\"width\":512,\"height\":512,\"caption\":\"Una y Mil Letras\"},\"image\":{\"@id\":\"http:\\\/\\\/unaymilletras.com\\\/#\\\/schema\\\/logo\\\/image\\\/\"},\"sameAs\":[\"https:\\\/\\\/x.com\\\/UnaYMilLetras\",\"https:\\\/\\\/instagram.com\\\/UnaYMilLetras\"]},{\"@type\":\"Person\",\"@id\":\"http:\\\/\\\/unaymilletras.com\\\/#\\\/schema\\\/person\\\/047a24f09ead3f0ba2387e5df86d9336\",\"name\":\"Luc\u00eda Fandi\u00f1o\",\"image\":{\"@type\":\"ImageObject\",\"inLanguage\":\"en-GB\",\"@id\":\"https:\\\/\\\/secure.gravatar.com\\\/avatar\\\/d22d9eea03f89c5d17f4b05c3efeb11bad23ff32b99e63bbf54232bc1b6a06b2?s=96&d=mm&r=g\",\"url\":\"https:\\\/\\\/secure.gravatar.com\\\/avatar\\\/d22d9eea03f89c5d17f4b05c3efeb11bad23ff32b99e63bbf54232bc1b6a06b2?s=96&d=mm&r=g\",\"contentUrl\":\"https:\\\/\\\/secure.gravatar.com\\\/avatar\\\/d22d9eea03f89c5d17f4b05c3efeb11bad23ff32b99e63bbf54232bc1b6a06b2?s=96&d=mm&r=g\",\"caption\":\"Luc\u00eda Fandi\u00f1o\"},\"sameAs\":[\"www.instagram.com\\\/luciaafandino\"],\"url\":\"https:\\\/\\\/unaymilletras.com\\\/en\\\/author\\\/luciaafandino\\\/\"}]}<\/script>\n<!-- \/ Yoast SEO plugin. -->","yoast_head_json":{"title":"Grecas no solo conquista la M-30 con su nuevo \u00e1lbum &#8902; Una y Mil Letras","description":"\u201cEscrito en la M-30\u201d, el nuevo trabajo del artista madrile\u00f1o, se sit\u00faa actualmente en el Top 10 de ventas de \u00e1lbumes en Espa\u00f1a","robots":{"index":"index","follow":"follow","max-snippet":"max-snippet:-1","max-image-preview":"max-image-preview:large","max-video-preview":"max-video-preview:-1"},"canonical":"https:\/\/unaymilletras.com\/en\/grecas-no-solo-conquista-la-m-30-con-su-nuevo-album\/","og_locale":"en_GB","og_type":"article","og_title":"Grecas no solo conquista la M-30 con su nuevo \u00e1lbum &#8902; Una y Mil Letras","og_description":"\u201cEscrito en la M-30\u201d, el nuevo trabajo del artista madrile\u00f1o, se sit\u00faa actualmente en el Top 10 de ventas de \u00e1lbumes en Espa\u00f1a","og_url":"https:\/\/unaymilletras.com\/en\/grecas-no-solo-conquista-la-m-30-con-su-nuevo-album\/","og_site_name":"Una y Mil Letras","article_published_time":"2025-12-22T17:10:58+00:00","article_modified_time":"2025-12-24T13:24:16+00:00","og_image":[{"width":1250,"height":750,"url":"http:\/\/unaymilletras.com\/wp-content\/uploads\/2025\/12\/grecas-en-su-nuevo-proyecto-escrito-en-la-m-30-redes-sociales.jpeg","type":"image\/jpeg"}],"author":"Luc\u00eda Fandi\u00f1o","twitter_card":"summary_large_image","twitter_creator":"@UnaYMilLetras","twitter_site":"@UnaYMilLetras","twitter_misc":{"Written by":"Luc\u00eda Fandi\u00f1o","Estimated reading time":"2 minutes"},"schema":{"@context":"https:\/\/schema.org","@graph":[{"@type":"Article","@id":"https:\/\/unaymilletras.com\/grecas-no-solo-conquista-la-m-30-con-su-nuevo-album\/#article","isPartOf":{"@id":"https:\/\/unaymilletras.com\/grecas-no-solo-conquista-la-m-30-con-su-nuevo-album\/"},"author":{"name":"Luc\u00eda Fandi\u00f1o","@id":"http:\/\/unaymilletras.com\/#\/schema\/person\/047a24f09ead3f0ba2387e5df86d9336"},"headline":"Grecas no solo conquista la M-30 con su nuevo \u00e1lbum","datePublished":"2025-12-22T17:10:58+00:00","dateModified":"2025-12-24T13:24:16+00:00","mainEntityOfPage":{"@id":"https:\/\/unaymilletras.com\/grecas-no-solo-conquista-la-m-30-con-su-nuevo-album\/"},"wordCount":411,"publisher":{"@id":"http:\/\/unaymilletras.com\/#organization"},"image":{"@id":"https:\/\/unaymilletras.com\/grecas-no-solo-conquista-la-m-30-con-su-nuevo-album\/#primaryimage"},"thumbnailUrl":"https:\/\/unaymilletras.com\/wp-content\/uploads\/2025\/12\/grecas-en-su-nuevo-proyecto-escrito-en-la-m-30-redes-sociales.jpeg","articleSection":["M\u00fasica"],"inLanguage":"en-GB"},{"@type":"WebPage","@id":"https:\/\/unaymilletras.com\/grecas-no-solo-conquista-la-m-30-con-su-nuevo-album\/","url":"https:\/\/unaymilletras.com\/grecas-no-solo-conquista-la-m-30-con-su-nuevo-album\/","name":"Grecas no solo conquista la M-30 con su nuevo \u00e1lbum &#8902; Una y Mil Letras","isPartOf":{"@id":"http:\/\/unaymilletras.com\/#website"},"primaryImageOfPage":{"@id":"https:\/\/unaymilletras.com\/grecas-no-solo-conquista-la-m-30-con-su-nuevo-album\/#primaryimage"},"image":{"@id":"https:\/\/unaymilletras.com\/grecas-no-solo-conquista-la-m-30-con-su-nuevo-album\/#primaryimage"},"thumbnailUrl":"https:\/\/unaymilletras.com\/wp-content\/uploads\/2025\/12\/grecas-en-su-nuevo-proyecto-escrito-en-la-m-30-redes-sociales.jpeg","datePublished":"2025-12-22T17:10:58+00:00","dateModified":"2025-12-24T13:24:16+00:00","description":"\u201cEscrito en la M-30\u201d, el nuevo trabajo del artista madrile\u00f1o, se sit\u00faa actualmente en el Top 10 de ventas de \u00e1lbumes en Espa\u00f1a","breadcrumb":{"@id":"https:\/\/unaymilletras.com\/grecas-no-solo-conquista-la-m-30-con-su-nuevo-album\/#breadcrumb"},"inLanguage":"en-GB","potentialAction":[{"@type":"ReadAction","target":["https:\/\/unaymilletras.com\/grecas-no-solo-conquista-la-m-30-con-su-nuevo-album\/"]}]},{"@type":"ImageObject","inLanguage":"en-GB","@id":"https:\/\/unaymilletras.com\/grecas-no-solo-conquista-la-m-30-con-su-nuevo-album\/#primaryimage","url":"https:\/\/unaymilletras.com\/wp-content\/uploads\/2025\/12\/grecas-en-su-nuevo-proyecto-escrito-en-la-m-30-redes-sociales.jpeg","contentUrl":"https:\/\/unaymilletras.com\/wp-content\/uploads\/2025\/12\/grecas-en-su-nuevo-proyecto-escrito-en-la-m-30-redes-sociales.jpeg","width":1250,"height":750},{"@type":"BreadcrumbList","@id":"https:\/\/unaymilletras.com\/grecas-no-solo-conquista-la-m-30-con-su-nuevo-album\/#breadcrumb","itemListElement":[{"@type":"ListItem","position":1,"name":"Home","item":"http:\/\/unaymilletras.com\/"},{"@type":"ListItem","position":2,"name":"Grecas no solo conquista la M-30 con su nuevo \u00e1lbum"}]},{"@type":"WebSite","@id":"http:\/\/unaymilletras.com\/#website","url":"http:\/\/unaymilletras.com\/","name":"Una y Mil Letras","description":"","publisher":{"@id":"http:\/\/unaymilletras.com\/#organization"},"potentialAction":[{"@type":"SearchAction","target":{"@type":"EntryPoint","urlTemplate":"http:\/\/unaymilletras.com\/?s={search_term_string}"},"query-input":{"@type":"PropertyValueSpecification","valueRequired":true,"valueName":"search_term_string"}}],"inLanguage":"en-GB"},{"@type":"Organization","@id":"http:\/\/unaymilletras.com\/#organization","name":"Una y Mil Letras","url":"http:\/\/unaymilletras.com\/","logo":{"@type":"ImageObject","inLanguage":"en-GB","@id":"http:\/\/unaymilletras.com\/#\/schema\/logo\/image\/","url":"https:\/\/unaymilletras.com\/wp-content\/uploads\/2024\/06\/cropped-Logo-removebg-preview.png","contentUrl":"https:\/\/unaymilletras.com\/wp-content\/uploads\/2024\/06\/cropped-Logo-removebg-preview.png","width":512,"height":512,"caption":"Una y Mil Letras"},"image":{"@id":"http:\/\/unaymilletras.com\/#\/schema\/logo\/image\/"},"sameAs":["https:\/\/x.com\/UnaYMilLetras","https:\/\/instagram.com\/UnaYMilLetras"]},{"@type":"Person","@id":"http:\/\/unaymilletras.com\/#\/schema\/person\/047a24f09ead3f0ba2387e5df86d9336","name":"Luc\u00eda Fandi\u00f1o","image":{"@type":"ImageObject","inLanguage":"en-GB","@id":"https:\/\/secure.gravatar.com\/avatar\/d22d9eea03f89c5d17f4b05c3efeb11bad23ff32b99e63bbf54232bc1b6a06b2?s=96&d=mm&r=g","url":"https:\/\/secure.gravatar.com\/avatar\/d22d9eea03f89c5d17f4b05c3efeb11bad23ff32b99e63bbf54232bc1b6a06b2?s=96&d=mm&r=g","contentUrl":"https:\/\/secure.gravatar.com\/avatar\/d22d9eea03f89c5d17f4b05c3efeb11bad23ff32b99e63bbf54232bc1b6a06b2?s=96&d=mm&r=g","caption":"Luc\u00eda Fandi\u00f1o"},"sameAs":["www.instagram.com\/luciaafandino"],"url":"https:\/\/unaymilletras.com\/en\/author\/luciaafandino\/"}]}},"_links":{"self":[{"href":"https:\/\/unaymilletras.com\/en\/wp-json\/wp\/v2\/posts\/6905","targetHints":{"allow":["GET"]}}],"collection":[{"href":"https:\/\/unaymilletras.com\/en\/wp-json\/wp\/v2\/posts"}],"about":[{"href":"https:\/\/unaymilletras.com\/en\/wp-json\/wp\/v2\/types\/post"}],"author":[{"embeddable":true,"href":"https:\/\/unaymilletras.com\/en\/wp-json\/wp\/v2\/users\/5"}],"replies":[{"embeddable":true,"href":"https:\/\/unaymilletras.com\/en\/wp-json\/wp\/v2\/comments?post=6905"}],"version-history":[{"count":4,"href":"https:\/\/unaymilletras.com\/en\/wp-json\/wp\/v2\/posts\/6905\/revisions"}],"predecessor-version":[{"id":6911,"href":"https:\/\/unaymilletras.com\/en\/wp-json\/wp\/v2\/posts\/6905\/revisions\/6911"}],"wp:featuredmedia":[{"embeddable":true,"href":"https:\/\/unaymilletras.com\/en\/wp-json\/wp\/v2\/media\/6910"}],"wp:attachment":[{"href":"https:\/\/unaymilletras.com\/en\/wp-json\/wp\/v2\/media?parent=6905"}],"wp:term":[{"taxonomy":"category","embeddable":true,"href":"https:\/\/unaymilletras.com\/en\/wp-json\/wp\/v2\/categories?post=6905"},{"taxonomy":"post_tag","embeddable":true,"href":"https:\/\/unaymilletras.com\/en\/wp-json\/wp\/v2\/tags?post=6905"}],"curies":[{"name":"wp","href":"https:\/\/api.w.org\/{rel}","templated":true}]}}