{"id":6913,"date":"2025-12-23T12:28:57","date_gmt":"2025-12-23T11:28:57","guid":{"rendered":"https:\/\/unaymilletras.com\/?p=6913"},"modified":"2025-12-23T12:28:58","modified_gmt":"2025-12-23T11:28:58","slug":"trueno-anuncia-su-regreso-a-madrid-con-un-gran-concierto-en-el-movistar-arena-en-2026","status":"publish","type":"post","link":"https:\/\/unaymilletras.com\/en\/trueno-anuncia-su-regreso-a-madrid-con-un-gran-concierto-en-el-movistar-arena-en-2026\/","title":{"rendered":"Trueno anuncia su regreso a Madrid con un gran concierto en el Movistar Arena en 2026"},"content":{"rendered":"<p><strong><em>Trueno, el rapero del barrio de La Boca, volver\u00e1 a la capital en octubre de 2026 tras un concierto exitoso en este mismo recinto en marzo<\/em><\/strong><\/p>\n\n\n\n<p>Madrid volver\u00e1 a ser testigo del imparable crecimiento de Trueno. El rapero argentino ha anunciado una nueva actuaci\u00f3n en la capital el pr\u00f3ximo 21 de octubre de 2026, fecha en la que regresar\u00e1 al Movistar Arena tras el rotundo \u00e9xito de su \u00faltima visita. En aquella ocasi\u00f3n agot\u00f3 todas las entradas en este mismo recinto el pasado mes de marzo. Ser\u00e1 su tercera vez en Madrid y hay mucha expectaci\u00f3n por su show, con casi un a\u00f1o de antelaci\u00f3n para adquirir entradas.<\/p>\n\n\n\n<p>La cita supone un nuevo cap\u00edtulo en la estrecha conexi\u00f3n que el artista mantiene con el p\u00fablico espa\u00f1ol. Dicho v\u00ednculo se ha fortalecido especialmente en los \u00faltimos a\u00f1os. Durante 2025, Trueno recorri\u00f3 el pa\u00eds de norte a sur con una intensa agenda de conciertos. Colg\u00f3 el cartel de \u201cno hay entradas\u201d en sus principales plazas y consolid\u00f3 a Madrid como una de sus paradas clave en Europa.<\/p>\n\n\n\n<figure class=\"wp-block-image size-large\"><img fetchpriority=\"high\" decoding=\"async\" width=\"1024\" height=\"1024\" src=\"http:\/\/unaymilletras.com\/wp-content\/uploads\/2025\/12\/trueno-1024x1024.jpg\" alt=\"Trueno\" class=\"wp-image-6914\" \/><\/figure>\n\n\n\n<p>Este momento llega respaldado por una trayectoria art\u00edstica que no ha dejado de crecer. En 2024, el lanzamiento de <em>El \u00daltimo Baile<\/em> marc\u00f3 un punto de inflexi\u00f3n en su carrera. El \u00e1lbum super\u00f3 el bill\u00f3n de reproducciones y dej\u00f3 \u00e9xitos como \u201cTranky Funky\u201d, ganador de un Latin GRAMMY, o \u201cReal Gangsta Love\u201d, que alcanz\u00f3 el Top 10 global de Spotify. Un a\u00f1o despu\u00e9s, la versi\u00f3n Deluxe del disco ampli\u00f3 su alcance con nuevas canciones y colaboraciones junto a artistas como Feid y Young Miko. Este consigui\u00f3, adem\u00e1s, una segunda nominaci\u00f3n consecutiva a los GRAMMYs.<\/p>\n\n\n\n<p>El camino hasta aqu\u00ed comenz\u00f3 con <em>Atrevido<\/em>, su \u00e1lbum debut, con el que logr\u00f3 situar nueve de diez canciones en el Top 50 de Argentina. Su irrupci\u00f3n en la escena fue tan r\u00e1pida como contundente, impulsada por su paso por las batallas de freestyle, donde se proclam\u00f3 campe\u00f3n de la Red Bull Batalla de los Gallos y la Freestyle Master Series en 2019. Tambi\u00e9n fue clave su colaboraci\u00f3n viral con Bizarrap, que lo proyect\u00f3 a nivel internacional.<\/p>\n\n\n\n<p>Desde entonces, Trueno ha llevado su m\u00fasica a los principales escenarios del mundo. Su <em>Atrevido Tour<\/em> en 2021 incluy\u00f3 una primera gira mundial con 30 conciertos y 19 fechas agotadas. Despu\u00e9s tuvo giras por Europa, Latinoam\u00e9rica y Estados Unidos tras el \u00e9xito de <em>Bien o Mal<\/em>.  Ese disco actualmente supera los 500 millones de reproducciones y ha sido clave en su consolidaci\u00f3n como referente global de la m\u00fasica urbana. Con el concierto del 21 de octubre de 2026 en el Movistar Arena, Trueno promete un espect\u00e1culo especial que resume su evoluci\u00f3n art\u00edstica y confirma que su historia con Madrid est\u00e1 lejos de terminar.<\/p>","protected":false},"excerpt":{"rendered":"<p>Trueno, el rapero del barrio de La Boca, volver\u00e1 a la capital en octubre de 2026 tras un concierto exitoso en este mismo recinto en marzo Madrid volver\u00e1 a ser testigo del imparable crecimiento de Trueno. El rapero argentino ha anunciado una nueva actuaci\u00f3n en la capital el pr\u00f3ximo 21 de octubre de 2026, fecha [&hellip;]<\/p>\n","protected":false},"author":10,"featured_media":6914,"comment_status":"closed","ping_status":"closed","sticky":false,"template":"","format":"standard","meta":{"footnotes":""},"categories":[4],"tags":[],"class_list":["post-6913","post","type-post","status-publish","format-standard","has-post-thumbnail","hentry","category-musica"],"yoast_head":"<!-- This site is optimized with the Yoast SEO plugin v27.4 - https:\/\/yoast.com\/product\/yoast-seo-wordpress\/ -->\n<title>Trueno anuncia su regreso a Madrid con un gran concierto en el Movistar Arena en 2026 &#8902; Una y Mil Letras<\/title>\n<meta name=\"description\" content=\"Trueno, el rapero del barrio de La Boca, volver\u00e1 a la capital en octubre de 2026 tras un concierto exitoso en este mismo recinto en marzo\" \/>\n<meta name=\"robots\" content=\"index, follow, max-snippet:-1, max-image-preview:large, max-video-preview:-1\" \/>\n<link rel=\"canonical\" href=\"https:\/\/unaymilletras.com\/en\/trueno-anuncia-su-regreso-a-madrid-con-un-gran-concierto-en-el-movistar-arena-en-2026\/\" \/>\n<meta property=\"og:locale\" content=\"en_GB\" \/>\n<meta property=\"og:type\" content=\"article\" \/>\n<meta property=\"og:title\" content=\"Trueno anuncia su regreso a Madrid con un gran concierto en el Movistar Arena en 2026 &#8902; Una y Mil Letras\" \/>\n<meta property=\"og:description\" content=\"Trueno, el rapero del barrio de La Boca, volver\u00e1 a la capital en octubre de 2026 tras un concierto exitoso en este mismo recinto en marzo\" \/>\n<meta property=\"og:url\" content=\"https:\/\/unaymilletras.com\/en\/trueno-anuncia-su-regreso-a-madrid-con-un-gran-concierto-en-el-movistar-arena-en-2026\/\" \/>\n<meta property=\"og:site_name\" content=\"Una y Mil Letras\" \/>\n<meta property=\"article:published_time\" content=\"2025-12-23T11:28:57+00:00\" \/>\n<meta property=\"article:modified_time\" content=\"2025-12-23T11:28:58+00:00\" \/>\n<meta property=\"og:image\" content=\"http:\/\/unaymilletras.com\/wp-content\/uploads\/2025\/12\/trueno-e1766488624265.jpg\" \/>\n\t<meta property=\"og:image:width\" content=\"299\" \/>\n\t<meta property=\"og:image:height\" content=\"299\" \/>\n\t<meta property=\"og:image:type\" content=\"image\/jpeg\" \/>\n<meta name=\"author\" content=\"David Hern\u00e1ndez\" \/>\n<meta name=\"twitter:card\" content=\"summary_large_image\" \/>\n<meta name=\"twitter:creator\" content=\"@UnaYMilLetras\" \/>\n<meta name=\"twitter:site\" content=\"@UnaYMilLetras\" \/>\n<meta name=\"twitter:label1\" content=\"Written by\" \/>\n\t<meta name=\"twitter:data1\" content=\"David Hern\u00e1ndez\" \/>\n\t<meta name=\"twitter:label2\" content=\"Estimated reading time\" \/>\n\t<meta name=\"twitter:data2\" content=\"3 minutes\" \/>\n<script type=\"application\/ld+json\" class=\"yoast-schema-graph\">{\"@context\":\"https:\\\/\\\/schema.org\",\"@graph\":[{\"@type\":\"Article\",\"@id\":\"https:\\\/\\\/unaymilletras.com\\\/trueno-anuncia-su-regreso-a-madrid-con-un-gran-concierto-en-el-movistar-arena-en-2026\\\/#article\",\"isPartOf\":{\"@id\":\"https:\\\/\\\/unaymilletras.com\\\/trueno-anuncia-su-regreso-a-madrid-con-un-gran-concierto-en-el-movistar-arena-en-2026\\\/\"},\"author\":{\"name\":\"David Hern\u00e1ndez\",\"@id\":\"http:\\\/\\\/unaymilletras.com\\\/#\\\/schema\\\/person\\\/0c171c80bc49a58d7a8ed3394548370c\"},\"headline\":\"Trueno anuncia su regreso a Madrid con un gran concierto en el Movistar Arena en 2026\",\"datePublished\":\"2025-12-23T11:28:57+00:00\",\"dateModified\":\"2025-12-23T11:28:58+00:00\",\"mainEntityOfPage\":{\"@id\":\"https:\\\/\\\/unaymilletras.com\\\/trueno-anuncia-su-regreso-a-madrid-con-un-gran-concierto-en-el-movistar-arena-en-2026\\\/\"},\"wordCount\":484,\"publisher\":{\"@id\":\"http:\\\/\\\/unaymilletras.com\\\/#organization\"},\"image\":{\"@id\":\"https:\\\/\\\/unaymilletras.com\\\/trueno-anuncia-su-regreso-a-madrid-con-un-gran-concierto-en-el-movistar-arena-en-2026\\\/#primaryimage\"},\"thumbnailUrl\":\"https:\\\/\\\/unaymilletras.com\\\/wp-content\\\/uploads\\\/2025\\\/12\\\/trueno-e1766488624265.jpg\",\"articleSection\":[\"M\u00fasica\"],\"inLanguage\":\"en-GB\"},{\"@type\":\"WebPage\",\"@id\":\"https:\\\/\\\/unaymilletras.com\\\/trueno-anuncia-su-regreso-a-madrid-con-un-gran-concierto-en-el-movistar-arena-en-2026\\\/\",\"url\":\"https:\\\/\\\/unaymilletras.com\\\/trueno-anuncia-su-regreso-a-madrid-con-un-gran-concierto-en-el-movistar-arena-en-2026\\\/\",\"name\":\"Trueno anuncia su regreso a Madrid con un gran concierto en el Movistar Arena en 2026 &#8902; Una y Mil Letras\",\"isPartOf\":{\"@id\":\"http:\\\/\\\/unaymilletras.com\\\/#website\"},\"primaryImageOfPage\":{\"@id\":\"https:\\\/\\\/unaymilletras.com\\\/trueno-anuncia-su-regreso-a-madrid-con-un-gran-concierto-en-el-movistar-arena-en-2026\\\/#primaryimage\"},\"image\":{\"@id\":\"https:\\\/\\\/unaymilletras.com\\\/trueno-anuncia-su-regreso-a-madrid-con-un-gran-concierto-en-el-movistar-arena-en-2026\\\/#primaryimage\"},\"thumbnailUrl\":\"https:\\\/\\\/unaymilletras.com\\\/wp-content\\\/uploads\\\/2025\\\/12\\\/trueno-e1766488624265.jpg\",\"datePublished\":\"2025-12-23T11:28:57+00:00\",\"dateModified\":\"2025-12-23T11:28:58+00:00\",\"description\":\"Trueno, el rapero del barrio de La Boca, volver\u00e1 a la capital en octubre de 2026 tras un concierto exitoso en este mismo recinto en marzo\",\"breadcrumb\":{\"@id\":\"https:\\\/\\\/unaymilletras.com\\\/trueno-anuncia-su-regreso-a-madrid-con-un-gran-concierto-en-el-movistar-arena-en-2026\\\/#breadcrumb\"},\"inLanguage\":\"en-GB\",\"potentialAction\":[{\"@type\":\"ReadAction\",\"target\":[\"https:\\\/\\\/unaymilletras.com\\\/trueno-anuncia-su-regreso-a-madrid-con-un-gran-concierto-en-el-movistar-arena-en-2026\\\/\"]}]},{\"@type\":\"ImageObject\",\"inLanguage\":\"en-GB\",\"@id\":\"https:\\\/\\\/unaymilletras.com\\\/trueno-anuncia-su-regreso-a-madrid-con-un-gran-concierto-en-el-movistar-arena-en-2026\\\/#primaryimage\",\"url\":\"https:\\\/\\\/unaymilletras.com\\\/wp-content\\\/uploads\\\/2025\\\/12\\\/trueno-e1766488624265.jpg\",\"contentUrl\":\"https:\\\/\\\/unaymilletras.com\\\/wp-content\\\/uploads\\\/2025\\\/12\\\/trueno-e1766488624265.jpg\",\"width\":299,\"height\":299,\"caption\":\"Trueno\"},{\"@type\":\"BreadcrumbList\",\"@id\":\"https:\\\/\\\/unaymilletras.com\\\/trueno-anuncia-su-regreso-a-madrid-con-un-gran-concierto-en-el-movistar-arena-en-2026\\\/#breadcrumb\",\"itemListElement\":[{\"@type\":\"ListItem\",\"position\":1,\"name\":\"Home\",\"item\":\"http:\\\/\\\/unaymilletras.com\\\/\"},{\"@type\":\"ListItem\",\"position\":2,\"name\":\"Trueno anuncia su regreso a Madrid con un gran concierto en el Movistar Arena en 2026\"}]},{\"@type\":\"WebSite\",\"@id\":\"http:\\\/\\\/unaymilletras.com\\\/#website\",\"url\":\"http:\\\/\\\/unaymilletras.com\\\/\",\"name\":\"Una y Mil Letras\",\"description\":\"\",\"publisher\":{\"@id\":\"http:\\\/\\\/unaymilletras.com\\\/#organization\"},\"potentialAction\":[{\"@type\":\"SearchAction\",\"target\":{\"@type\":\"EntryPoint\",\"urlTemplate\":\"http:\\\/\\\/unaymilletras.com\\\/?s={search_term_string}\"},\"query-input\":{\"@type\":\"PropertyValueSpecification\",\"valueRequired\":true,\"valueName\":\"search_term_string\"}}],\"inLanguage\":\"en-GB\"},{\"@type\":\"Organization\",\"@id\":\"http:\\\/\\\/unaymilletras.com\\\/#organization\",\"name\":\"Una y Mil Letras\",\"url\":\"http:\\\/\\\/unaymilletras.com\\\/\",\"logo\":{\"@type\":\"ImageObject\",\"inLanguage\":\"en-GB\",\"@id\":\"http:\\\/\\\/unaymilletras.com\\\/#\\\/schema\\\/logo\\\/image\\\/\",\"url\":\"https:\\\/\\\/unaymilletras.com\\\/wp-content\\\/uploads\\\/2024\\\/06\\\/cropped-Logo-removebg-preview.png\",\"contentUrl\":\"https:\\\/\\\/unaymilletras.com\\\/wp-content\\\/uploads\\\/2024\\\/06\\\/cropped-Logo-removebg-preview.png\",\"width\":512,\"height\":512,\"caption\":\"Una y Mil Letras\"},\"image\":{\"@id\":\"http:\\\/\\\/unaymilletras.com\\\/#\\\/schema\\\/logo\\\/image\\\/\"},\"sameAs\":[\"https:\\\/\\\/x.com\\\/UnaYMilLetras\",\"https:\\\/\\\/instagram.com\\\/UnaYMilLetras\"]},{\"@type\":\"Person\",\"@id\":\"http:\\\/\\\/unaymilletras.com\\\/#\\\/schema\\\/person\\\/0c171c80bc49a58d7a8ed3394548370c\",\"name\":\"David Hern\u00e1ndez\",\"image\":{\"@type\":\"ImageObject\",\"inLanguage\":\"en-GB\",\"@id\":\"https:\\\/\\\/secure.gravatar.com\\\/avatar\\\/86739d73874dcbc11e4278af33fb905704f5c29329727efb3b0e0bc838b0d469?s=96&d=mm&r=g\",\"url\":\"https:\\\/\\\/secure.gravatar.com\\\/avatar\\\/86739d73874dcbc11e4278af33fb905704f5c29329727efb3b0e0bc838b0d469?s=96&d=mm&r=g\",\"contentUrl\":\"https:\\\/\\\/secure.gravatar.com\\\/avatar\\\/86739d73874dcbc11e4278af33fb905704f5c29329727efb3b0e0bc838b0d469?s=96&d=mm&r=g\",\"caption\":\"David Hern\u00e1ndez\"},\"url\":\"https:\\\/\\\/unaymilletras.com\\\/en\\\/author\\\/davidesel\\\/\"}]}<\/script>\n<!-- \/ Yoast SEO plugin. -->","yoast_head_json":{"title":"Trueno anuncia su regreso a Madrid con un gran concierto en el Movistar Arena en 2026 &#8902; Una y Mil Letras","description":"Trueno, el rapero del barrio de La Boca, volver\u00e1 a la capital en octubre de 2026 tras un concierto exitoso en este mismo recinto en marzo","robots":{"index":"index","follow":"follow","max-snippet":"max-snippet:-1","max-image-preview":"max-image-preview:large","max-video-preview":"max-video-preview:-1"},"canonical":"https:\/\/unaymilletras.com\/en\/trueno-anuncia-su-regreso-a-madrid-con-un-gran-concierto-en-el-movistar-arena-en-2026\/","og_locale":"en_GB","og_type":"article","og_title":"Trueno anuncia su regreso a Madrid con un gran concierto en el Movistar Arena en 2026 &#8902; Una y Mil Letras","og_description":"Trueno, el rapero del barrio de La Boca, volver\u00e1 a la capital en octubre de 2026 tras un concierto exitoso en este mismo recinto en marzo","og_url":"https:\/\/unaymilletras.com\/en\/trueno-anuncia-su-regreso-a-madrid-con-un-gran-concierto-en-el-movistar-arena-en-2026\/","og_site_name":"Una y Mil Letras","article_published_time":"2025-12-23T11:28:57+00:00","article_modified_time":"2025-12-23T11:28:58+00:00","og_image":[{"width":299,"height":299,"url":"http:\/\/unaymilletras.com\/wp-content\/uploads\/2025\/12\/trueno-e1766488624265.jpg","type":"image\/jpeg"}],"author":"David Hern\u00e1ndez","twitter_card":"summary_large_image","twitter_creator":"@UnaYMilLetras","twitter_site":"@UnaYMilLetras","twitter_misc":{"Written by":"David Hern\u00e1ndez","Estimated reading time":"3 minutes"},"schema":{"@context":"https:\/\/schema.org","@graph":[{"@type":"Article","@id":"https:\/\/unaymilletras.com\/trueno-anuncia-su-regreso-a-madrid-con-un-gran-concierto-en-el-movistar-arena-en-2026\/#article","isPartOf":{"@id":"https:\/\/unaymilletras.com\/trueno-anuncia-su-regreso-a-madrid-con-un-gran-concierto-en-el-movistar-arena-en-2026\/"},"author":{"name":"David Hern\u00e1ndez","@id":"http:\/\/unaymilletras.com\/#\/schema\/person\/0c171c80bc49a58d7a8ed3394548370c"},"headline":"Trueno anuncia su regreso a Madrid con un gran concierto en el Movistar Arena en 2026","datePublished":"2025-12-23T11:28:57+00:00","dateModified":"2025-12-23T11:28:58+00:00","mainEntityOfPage":{"@id":"https:\/\/unaymilletras.com\/trueno-anuncia-su-regreso-a-madrid-con-un-gran-concierto-en-el-movistar-arena-en-2026\/"},"wordCount":484,"publisher":{"@id":"http:\/\/unaymilletras.com\/#organization"},"image":{"@id":"https:\/\/unaymilletras.com\/trueno-anuncia-su-regreso-a-madrid-con-un-gran-concierto-en-el-movistar-arena-en-2026\/#primaryimage"},"thumbnailUrl":"https:\/\/unaymilletras.com\/wp-content\/uploads\/2025\/12\/trueno-e1766488624265.jpg","articleSection":["M\u00fasica"],"inLanguage":"en-GB"},{"@type":"WebPage","@id":"https:\/\/unaymilletras.com\/trueno-anuncia-su-regreso-a-madrid-con-un-gran-concierto-en-el-movistar-arena-en-2026\/","url":"https:\/\/unaymilletras.com\/trueno-anuncia-su-regreso-a-madrid-con-un-gran-concierto-en-el-movistar-arena-en-2026\/","name":"Trueno anuncia su regreso a Madrid con un gran concierto en el Movistar Arena en 2026 &#8902; Una y Mil Letras","isPartOf":{"@id":"http:\/\/unaymilletras.com\/#website"},"primaryImageOfPage":{"@id":"https:\/\/unaymilletras.com\/trueno-anuncia-su-regreso-a-madrid-con-un-gran-concierto-en-el-movistar-arena-en-2026\/#primaryimage"},"image":{"@id":"https:\/\/unaymilletras.com\/trueno-anuncia-su-regreso-a-madrid-con-un-gran-concierto-en-el-movistar-arena-en-2026\/#primaryimage"},"thumbnailUrl":"https:\/\/unaymilletras.com\/wp-content\/uploads\/2025\/12\/trueno-e1766488624265.jpg","datePublished":"2025-12-23T11:28:57+00:00","dateModified":"2025-12-23T11:28:58+00:00","description":"Trueno, el rapero del barrio de La Boca, volver\u00e1 a la capital en octubre de 2026 tras un concierto exitoso en este mismo recinto en marzo","breadcrumb":{"@id":"https:\/\/unaymilletras.com\/trueno-anuncia-su-regreso-a-madrid-con-un-gran-concierto-en-el-movistar-arena-en-2026\/#breadcrumb"},"inLanguage":"en-GB","potentialAction":[{"@type":"ReadAction","target":["https:\/\/unaymilletras.com\/trueno-anuncia-su-regreso-a-madrid-con-un-gran-concierto-en-el-movistar-arena-en-2026\/"]}]},{"@type":"ImageObject","inLanguage":"en-GB","@id":"https:\/\/unaymilletras.com\/trueno-anuncia-su-regreso-a-madrid-con-un-gran-concierto-en-el-movistar-arena-en-2026\/#primaryimage","url":"https:\/\/unaymilletras.com\/wp-content\/uploads\/2025\/12\/trueno-e1766488624265.jpg","contentUrl":"https:\/\/unaymilletras.com\/wp-content\/uploads\/2025\/12\/trueno-e1766488624265.jpg","width":299,"height":299,"caption":"Trueno"},{"@type":"BreadcrumbList","@id":"https:\/\/unaymilletras.com\/trueno-anuncia-su-regreso-a-madrid-con-un-gran-concierto-en-el-movistar-arena-en-2026\/#breadcrumb","itemListElement":[{"@type":"ListItem","position":1,"name":"Home","item":"http:\/\/unaymilletras.com\/"},{"@type":"ListItem","position":2,"name":"Trueno anuncia su regreso a Madrid con un gran concierto en el Movistar Arena en 2026"}]},{"@type":"WebSite","@id":"http:\/\/unaymilletras.com\/#website","url":"http:\/\/unaymilletras.com\/","name":"Una y Mil Letras","description":"","publisher":{"@id":"http:\/\/unaymilletras.com\/#organization"},"potentialAction":[{"@type":"SearchAction","target":{"@type":"EntryPoint","urlTemplate":"http:\/\/unaymilletras.com\/?s={search_term_string}"},"query-input":{"@type":"PropertyValueSpecification","valueRequired":true,"valueName":"search_term_string"}}],"inLanguage":"en-GB"},{"@type":"Organization","@id":"http:\/\/unaymilletras.com\/#organization","name":"Una y Mil Letras","url":"http:\/\/unaymilletras.com\/","logo":{"@type":"ImageObject","inLanguage":"en-GB","@id":"http:\/\/unaymilletras.com\/#\/schema\/logo\/image\/","url":"https:\/\/unaymilletras.com\/wp-content\/uploads\/2024\/06\/cropped-Logo-removebg-preview.png","contentUrl":"https:\/\/unaymilletras.com\/wp-content\/uploads\/2024\/06\/cropped-Logo-removebg-preview.png","width":512,"height":512,"caption":"Una y Mil Letras"},"image":{"@id":"http:\/\/unaymilletras.com\/#\/schema\/logo\/image\/"},"sameAs":["https:\/\/x.com\/UnaYMilLetras","https:\/\/instagram.com\/UnaYMilLetras"]},{"@type":"Person","@id":"http:\/\/unaymilletras.com\/#\/schema\/person\/0c171c80bc49a58d7a8ed3394548370c","name":"David Hern\u00e1ndez","image":{"@type":"ImageObject","inLanguage":"en-GB","@id":"https:\/\/secure.gravatar.com\/avatar\/86739d73874dcbc11e4278af33fb905704f5c29329727efb3b0e0bc838b0d469?s=96&d=mm&r=g","url":"https:\/\/secure.gravatar.com\/avatar\/86739d73874dcbc11e4278af33fb905704f5c29329727efb3b0e0bc838b0d469?s=96&d=mm&r=g","contentUrl":"https:\/\/secure.gravatar.com\/avatar\/86739d73874dcbc11e4278af33fb905704f5c29329727efb3b0e0bc838b0d469?s=96&d=mm&r=g","caption":"David Hern\u00e1ndez"},"url":"https:\/\/unaymilletras.com\/en\/author\/davidesel\/"}]}},"_links":{"self":[{"href":"https:\/\/unaymilletras.com\/en\/wp-json\/wp\/v2\/posts\/6913","targetHints":{"allow":["GET"]}}],"collection":[{"href":"https:\/\/unaymilletras.com\/en\/wp-json\/wp\/v2\/posts"}],"about":[{"href":"https:\/\/unaymilletras.com\/en\/wp-json\/wp\/v2\/types\/post"}],"author":[{"embeddable":true,"href":"https:\/\/unaymilletras.com\/en\/wp-json\/wp\/v2\/users\/10"}],"replies":[{"embeddable":true,"href":"https:\/\/unaymilletras.com\/en\/wp-json\/wp\/v2\/comments?post=6913"}],"version-history":[{"count":1,"href":"https:\/\/unaymilletras.com\/en\/wp-json\/wp\/v2\/posts\/6913\/revisions"}],"predecessor-version":[{"id":6915,"href":"https:\/\/unaymilletras.com\/en\/wp-json\/wp\/v2\/posts\/6913\/revisions\/6915"}],"wp:featuredmedia":[{"embeddable":true,"href":"https:\/\/unaymilletras.com\/en\/wp-json\/wp\/v2\/media\/6914"}],"wp:attachment":[{"href":"https:\/\/unaymilletras.com\/en\/wp-json\/wp\/v2\/media?parent=6913"}],"wp:term":[{"taxonomy":"category","embeddable":true,"href":"https:\/\/unaymilletras.com\/en\/wp-json\/wp\/v2\/categories?post=6913"},{"taxonomy":"post_tag","embeddable":true,"href":"https:\/\/unaymilletras.com\/en\/wp-json\/wp\/v2\/tags?post=6913"}],"curies":[{"name":"wp","href":"https:\/\/api.w.org\/{rel}","templated":true}]}}