{"id":6916,"date":"2025-12-30T12:34:03","date_gmt":"2025-12-30T11:34:03","guid":{"rendered":"https:\/\/unaymilletras.com\/?p=6916"},"modified":"2025-12-30T12:34:19","modified_gmt":"2025-12-30T11:34:19","slug":"don-omar-agota-las-entradas-de-sevilla-en-minutos","status":"publish","type":"post","link":"https:\/\/unaymilletras.com\/en\/don-omar-agota-las-entradas-de-sevilla-en-minutos\/","title":{"rendered":"Don Omar agota las entradas de Sevilla en minutos"},"content":{"rendered":"<div data-elementor-type=\"wp-post\" data-elementor-id=\"6916\" class=\"elementor elementor-6916\">\n\t\t\t\t\t\t<section class=\"elementor-section elementor-top-section elementor-element elementor-element-f4cbc48 elementor-section-boxed elementor-section-height-default elementor-section-height-default\" data-id=\"f4cbc48\" data-element_type=\"section\" data-e-type=\"section\">\n\t\t\t\t\t\t<div class=\"elementor-container elementor-column-gap-default\">\n\t\t\t\t\t<div class=\"elementor-column elementor-col-100 elementor-top-column elementor-element elementor-element-e2d96d9\" data-id=\"e2d96d9\" data-element_type=\"column\" data-e-type=\"column\">\n\t\t\t<div class=\"elementor-widget-wrap elementor-element-populated\">\n\t\t\t\t\t\t<div class=\"elementor-element elementor-element-865fcfa elementor-widget elementor-widget-text-editor\" data-id=\"865fcfa\" data-element_type=\"widget\" data-e-type=\"widget\" data-widget_type=\"text-editor.default\">\n\t\t\t\t<div class=\"elementor-widget-container\">\n\t\t\t\t\t\t\t\t\t<h2 style=\"text-align: center;\"><span style=\"color: #808080;\"><em>El concierto del 18 de julio de 2026 de Don Omar en el Estadio La Cartuja cuelga el cartel de sold out tras su \u00e9xito en Tenerife<\/em><\/span><\/h2>\t\t\t\t\t\t\t\t<\/div>\n\t\t\t\t<\/div>\n\t\t\t\t\t<\/div>\n\t\t<\/div>\n\t\t\t\t\t<\/div>\n\t\t<\/section>\n\t\t\t\t<section class=\"elementor-section elementor-top-section elementor-element elementor-element-b2851f3 elementor-section-boxed elementor-section-height-default elementor-section-height-default\" data-id=\"b2851f3\" data-element_type=\"section\" data-e-type=\"section\">\n\t\t\t\t\t\t<div class=\"elementor-container elementor-column-gap-default\">\n\t\t\t\t\t<div class=\"elementor-column elementor-col-100 elementor-top-column elementor-element elementor-element-9481524\" data-id=\"9481524\" data-element_type=\"column\" data-e-type=\"column\">\n\t\t\t<div class=\"elementor-widget-wrap elementor-element-populated\">\n\t\t\t\t\t\t<div class=\"elementor-element elementor-element-c942897 elementor-widget elementor-widget-text-editor\" data-id=\"c942897\" data-element_type=\"widget\" data-e-type=\"widget\" data-widget_type=\"text-editor.default\">\n\t\t\t\t<div class=\"elementor-widget-container\">\n\t\t\t\t\t\t\t\t\t<p data-start=\"199\" data-end=\"502\"><b>Don Omar<\/b> vuelve a demostrar que su conexi\u00f3n con el p\u00fablico espa\u00f1ol sigue intacta. El artista ha agotado todas las entradas para su concierto del pr\u00f3ximo <b>18 de julio de 2026 en el Estadio La Cartuja de Sevilla <\/b>en cuesti\u00f3n de minutos, convirtiendo la cita en uno de los grandes hitos musicales del verano.<\/p>\n<p data-start=\"504\" data-end=\"843\">Este nuevo sold out llega poco despu\u00e9s del arrollador \u00e9xito vivido en Tenerife, donde Don Omar reuni\u00f3 a 40.000 personas en el Tenerife Cook Music Fest y dej\u00f3 a miles de fans sin entrada. La respuesta en Sevilla ha sido igual de contundente, confirmando que su regreso a los escenarios espa\u00f1oles es uno de los m\u00e1s esperados del pr\u00f3ximo a\u00f1o.<\/p>\t\t\t\t\t\t\t\t<\/div>\n\t\t\t\t<\/div>\n\t\t\t\t\t<\/div>\n\t\t<\/div>\n\t\t\t\t\t<\/div>\n\t\t<\/section>\n\t\t\t\t<section class=\"elementor-section elementor-top-section elementor-element elementor-element-c327da0 elementor-section-boxed elementor-section-height-default elementor-section-height-default\" data-id=\"c327da0\" data-element_type=\"section\" data-e-type=\"section\">\n\t\t\t\t\t\t<div class=\"elementor-container elementor-column-gap-default\">\n\t\t\t\t\t<div class=\"elementor-column elementor-col-33 elementor-top-column elementor-element elementor-element-ca76c62\" data-id=\"ca76c62\" data-element_type=\"column\" data-e-type=\"column\">\n\t\t\t<div class=\"elementor-widget-wrap elementor-element-populated\">\n\t\t\t\t\t\t<div class=\"elementor-element elementor-element-2ccafa8 elementor-widget elementor-widget-text-editor\" data-id=\"2ccafa8\" data-element_type=\"widget\" data-e-type=\"widget\" data-widget_type=\"text-editor.default\">\n\t\t\t\t<div class=\"elementor-widget-container\">\n\t\t\t\t\t\t\t\t\t<p data-start=\"845\" data-end=\"1162\">La fecha en La Cartuja consolida a Sevilla como una de las grandes capitales musicales de 2026 y se perfila como uno de los conciertos m\u00e1s multitudinarios del verano. Ser\u00e1, adem\u00e1s, una de las pocas oportunidades de ver a Don Omar en directo en Espa\u00f1a ese a\u00f1o, tras agotar todas las fechas anunciadas hasta el momento.<\/p>\t\t\t\t\t\t\t\t<\/div>\n\t\t\t\t<\/div>\n\t\t\t\t\t<\/div>\n\t\t<\/div>\n\t\t\t\t<div class=\"elementor-column elementor-col-33 elementor-top-column elementor-element elementor-element-8299016\" data-id=\"8299016\" data-element_type=\"column\" data-e-type=\"column\">\n\t\t\t<div class=\"elementor-widget-wrap elementor-element-populated\">\n\t\t\t\t\t\t<div class=\"elementor-element elementor-element-e7902f6 elementor-widget elementor-widget-image\" data-id=\"e7902f6\" data-element_type=\"widget\" data-e-type=\"widget\" data-widget_type=\"image.default\">\n\t\t\t\t<div class=\"elementor-widget-container\">\n\t\t\t\t\t\t\t\t\t\t\t\t<figure class=\"wp-caption\">\n\t\t\t\t\t\t\t\t\t\t<img fetchpriority=\"high\" decoding=\"async\" width=\"640\" height=\"800\" src=\"https:\/\/unaymilletras.com\/wp-content\/uploads\/2025\/12\/DSC06911-1-819x1024.jpg\" class=\"attachment-large size-large wp-image-6918\" alt=\"Don Omar\" srcset=\"https:\/\/unaymilletras.com\/wp-content\/uploads\/2025\/12\/DSC06911-1-819x1024.jpg 819w, https:\/\/unaymilletras.com\/wp-content\/uploads\/2025\/12\/DSC06911-1-240x300.jpg 240w, https:\/\/unaymilletras.com\/wp-content\/uploads\/2025\/12\/DSC06911-1-768x960.jpg 768w, https:\/\/unaymilletras.com\/wp-content\/uploads\/2025\/12\/DSC06911-1-1229x1536.jpg 1229w, https:\/\/unaymilletras.com\/wp-content\/uploads\/2025\/12\/DSC06911-1-1639x2048.jpg 1639w, https:\/\/unaymilletras.com\/wp-content\/uploads\/2025\/12\/DSC06911-1-10x12.jpg 10w, https:\/\/unaymilletras.com\/wp-content\/uploads\/2025\/12\/DSC06911-1-1024x1280.jpg 1024w, https:\/\/unaymilletras.com\/wp-content\/uploads\/2025\/12\/DSC06911-1-scaled-e1767094228496.jpg 600w\" sizes=\"(max-width: 640px) 100vw, 640px\" \/>\t\t\t\t\t\t\t\t\t\t\t<figcaption class=\"widget-image-caption wp-caption-text\">Foto: Ale Correa<\/figcaption>\n\t\t\t\t\t\t\t\t\t\t<\/figure>\n\t\t\t\t\t\t\t\t\t<\/div>\n\t\t\t\t<\/div>\n\t\t\t\t\t<\/div>\n\t\t<\/div>\n\t\t\t\t<div class=\"elementor-column elementor-col-33 elementor-top-column elementor-element elementor-element-03730a8\" data-id=\"03730a8\" data-element_type=\"column\" data-e-type=\"column\">\n\t\t\t<div class=\"elementor-widget-wrap elementor-element-populated\">\n\t\t\t\t\t\t<div class=\"elementor-element elementor-element-37f100d elementor-widget elementor-widget-text-editor\" data-id=\"37f100d\" data-element_type=\"widget\" data-e-type=\"widget\" data-widget_type=\"text-editor.default\">\n\t\t\t\t<div class=\"elementor-widget-container\">\n\t\t\t\t\t\t\t\t\t<p data-start=\"1164\" data-end=\"1514\">Con m\u00e1s de 25 a\u00f1os de carrera, Don Omar es una figura esencial en la historia del reggaet\u00f3n y la m\u00fasica urbana latina. Su repertorio incluye himnos generacionales como <em data-start=\"1332\" data-end=\"1346\">Danza Kuduro<\/em>, <em data-start=\"1348\" data-end=\"1363\">Dale Don Dale<\/em>, <em data-start=\"1365\" data-end=\"1371\">Dile<\/em>, <em data-start=\"1373\" data-end=\"1387\">Virtual Diva<\/em> o <em data-start=\"1390\" data-end=\"1404\">Sali\u00f3 el Sol<\/em>, canciones que siguen conectando con p\u00fablicos de distintas generaciones y que formar\u00e1n parte del espect\u00e1culo.<\/p>\t\t\t\t\t\t\t\t<\/div>\n\t\t\t\t<\/div>\n\t\t\t\t\t<\/div>\n\t\t<\/div>\n\t\t\t\t\t<\/div>\n\t\t<\/section>\n\t\t\t\t<section class=\"elementor-section elementor-top-section elementor-element elementor-element-faab733 elementor-section-boxed elementor-section-height-default elementor-section-height-default\" data-id=\"faab733\" data-element_type=\"section\" data-e-type=\"section\">\n\t\t\t\t\t\t<div class=\"elementor-container elementor-column-gap-default\">\n\t\t\t\t\t<div class=\"elementor-column elementor-col-100 elementor-top-column elementor-element elementor-element-e3fa8dd\" data-id=\"e3fa8dd\" data-element_type=\"column\" data-e-type=\"column\">\n\t\t\t<div class=\"elementor-widget-wrap elementor-element-populated\">\n\t\t\t\t\t\t<div class=\"elementor-element elementor-element-4914084 elementor-widget elementor-widget-text-editor\" data-id=\"4914084\" data-element_type=\"widget\" data-e-type=\"widget\" data-widget_type=\"text-editor.default\">\n\t\t\t\t<div class=\"elementor-widget-container\">\n\t\t\t\t\t\t\t\t\t<p data-start=\"1516\" data-end=\"1766\">El concierto de Sevilla contar\u00e1 con una producci\u00f3n de gran formato dise\u00f1ada espec\u00edficamente para esta gira, combinando sus grandes cl\u00e1sicos con una puesta en escena renovada. Adem\u00e1s, el show incluir\u00e1 artistas invitados que se anunciar\u00e1n pr\u00f3ximamente.<\/p><p data-start=\"1768\" data-end=\"1980\" data-is-last-node=\"\" data-is-only-node=\"\">Este doble \u00e9xito en Espa\u00f1a confirma a Don Omar como uno de los artistas latinos m\u00e1s influyentes y queridos a nivel global, capaz de llenar estadios y seguir haciendo historia d\u00e9cadas despu\u00e9s de sus primeros hits.<\/p>\t\t\t\t\t\t\t\t<\/div>\n\t\t\t\t<\/div>\n\t\t\t\t\t<\/div>\n\t\t<\/div>\n\t\t\t\t\t<\/div>\n\t\t<\/section>\n\t\t\t\t<\/div>","protected":false},"excerpt":{"rendered":"<p>El concierto del 18 de julio de 2026 de Don Omar en el Estadio La Cartuja cuelga el cartel de sold out tras su \u00e9xito en Tenerife Don Omar vuelve a demostrar que su conexi\u00f3n con el p\u00fablico espa\u00f1ol sigue intacta. El artista ha agotado todas las entradas para su concierto del pr\u00f3ximo 18 de [&hellip;]<\/p>\n","protected":false},"author":6,"featured_media":6918,"comment_status":"closed","ping_status":"closed","sticky":false,"template":"","format":"standard","meta":{"footnotes":""},"categories":[4],"tags":[],"class_list":["post-6916","post","type-post","status-publish","format-standard","has-post-thumbnail","hentry","category-musica"],"yoast_head":"<!-- This site is optimized with the Yoast SEO plugin v27.4 - https:\/\/yoast.com\/product\/yoast-seo-wordpress\/ -->\n<title>Don Omar agota las entradas de Sevilla en minutos<\/title>\n<meta name=\"description\" content=\"El concierto del 18 de julio de 2026 de Don Omar en el Estadio La Cartuja cuelga el cartel de sold out tras el \u00e9xito previo en Tenerife\" \/>\n<meta name=\"robots\" content=\"index, follow, max-snippet:-1, max-image-preview:large, max-video-preview:-1\" \/>\n<link rel=\"canonical\" href=\"https:\/\/unaymilletras.com\/en\/don-omar-agota-las-entradas-de-sevilla-en-minutos\/\" \/>\n<meta property=\"og:locale\" content=\"en_GB\" \/>\n<meta property=\"og:type\" content=\"article\" \/>\n<meta property=\"og:title\" content=\"Don Omar agota las entradas de Sevilla en minutos\" \/>\n<meta property=\"og:description\" content=\"El concierto del 18 de julio de 2026 de Don Omar en el Estadio La Cartuja cuelga el cartel de sold out tras el \u00e9xito previo en Tenerife\" \/>\n<meta property=\"og:url\" content=\"https:\/\/unaymilletras.com\/en\/don-omar-agota-las-entradas-de-sevilla-en-minutos\/\" \/>\n<meta property=\"og:site_name\" content=\"Una y Mil Letras\" \/>\n<meta property=\"article:published_time\" content=\"2025-12-30T11:34:03+00:00\" \/>\n<meta property=\"article:modified_time\" content=\"2025-12-30T11:34:19+00:00\" \/>\n<meta property=\"og:image\" content=\"http:\/\/unaymilletras.com\/wp-content\/uploads\/2025\/12\/DSC06911-1-scaled-e1767094228496.jpg\" \/>\n\t<meta property=\"og:image:width\" content=\"600\" \/>\n\t<meta property=\"og:image:height\" content=\"750\" \/>\n\t<meta property=\"og:image:type\" content=\"image\/jpeg\" \/>\n<meta name=\"author\" content=\"Redacci\u00f3n\" \/>\n<meta name=\"twitter:card\" content=\"summary_large_image\" \/>\n<meta name=\"twitter:creator\" content=\"@UnaYMilLetras\" \/>\n<meta name=\"twitter:site\" content=\"@UnaYMilLetras\" \/>\n<meta name=\"twitter:label1\" content=\"Written by\" \/>\n\t<meta name=\"twitter:data1\" content=\"Redacci\u00f3n\" \/>\n\t<meta name=\"twitter:label2\" content=\"Estimated reading time\" \/>\n\t<meta name=\"twitter:data2\" content=\"2 minutes\" \/>\n<script type=\"application\/ld+json\" class=\"yoast-schema-graph\">{\"@context\":\"https:\\\/\\\/schema.org\",\"@graph\":[{\"@type\":\"Article\",\"@id\":\"https:\\\/\\\/unaymilletras.com\\\/don-omar-agota-las-entradas-de-sevilla-en-minutos\\\/#article\",\"isPartOf\":{\"@id\":\"https:\\\/\\\/unaymilletras.com\\\/don-omar-agota-las-entradas-de-sevilla-en-minutos\\\/\"},\"author\":{\"name\":\"Redacci\u00f3n\",\"@id\":\"http:\\\/\\\/unaymilletras.com\\\/#\\\/schema\\\/person\\\/0860dc8a218329991ee2c7591f4f849d\"},\"headline\":\"Don Omar agota las entradas de Sevilla en minutos\",\"datePublished\":\"2025-12-30T11:34:03+00:00\",\"dateModified\":\"2025-12-30T11:34:19+00:00\",\"mainEntityOfPage\":{\"@id\":\"https:\\\/\\\/unaymilletras.com\\\/don-omar-agota-las-entradas-de-sevilla-en-minutos\\\/\"},\"wordCount\":362,\"publisher\":{\"@id\":\"http:\\\/\\\/unaymilletras.com\\\/#organization\"},\"image\":{\"@id\":\"https:\\\/\\\/unaymilletras.com\\\/don-omar-agota-las-entradas-de-sevilla-en-minutos\\\/#primaryimage\"},\"thumbnailUrl\":\"https:\\\/\\\/unaymilletras.com\\\/wp-content\\\/uploads\\\/2025\\\/12\\\/DSC06911-1-scaled-e1767094228496.jpg\",\"articleSection\":[\"M\u00fasica\"],\"inLanguage\":\"en-GB\"},{\"@type\":\"WebPage\",\"@id\":\"https:\\\/\\\/unaymilletras.com\\\/don-omar-agota-las-entradas-de-sevilla-en-minutos\\\/\",\"url\":\"https:\\\/\\\/unaymilletras.com\\\/don-omar-agota-las-entradas-de-sevilla-en-minutos\\\/\",\"name\":\"Don Omar agota las entradas de Sevilla en minutos\",\"isPartOf\":{\"@id\":\"http:\\\/\\\/unaymilletras.com\\\/#website\"},\"primaryImageOfPage\":{\"@id\":\"https:\\\/\\\/unaymilletras.com\\\/don-omar-agota-las-entradas-de-sevilla-en-minutos\\\/#primaryimage\"},\"image\":{\"@id\":\"https:\\\/\\\/unaymilletras.com\\\/don-omar-agota-las-entradas-de-sevilla-en-minutos\\\/#primaryimage\"},\"thumbnailUrl\":\"https:\\\/\\\/unaymilletras.com\\\/wp-content\\\/uploads\\\/2025\\\/12\\\/DSC06911-1-scaled-e1767094228496.jpg\",\"datePublished\":\"2025-12-30T11:34:03+00:00\",\"dateModified\":\"2025-12-30T11:34:19+00:00\",\"description\":\"El concierto del 18 de julio de 2026 de Don Omar en el Estadio La Cartuja cuelga el cartel de sold out tras el \u00e9xito previo en Tenerife\",\"breadcrumb\":{\"@id\":\"https:\\\/\\\/unaymilletras.com\\\/don-omar-agota-las-entradas-de-sevilla-en-minutos\\\/#breadcrumb\"},\"inLanguage\":\"en-GB\",\"potentialAction\":[{\"@type\":\"ReadAction\",\"target\":[\"https:\\\/\\\/unaymilletras.com\\\/don-omar-agota-las-entradas-de-sevilla-en-minutos\\\/\"]}]},{\"@type\":\"ImageObject\",\"inLanguage\":\"en-GB\",\"@id\":\"https:\\\/\\\/unaymilletras.com\\\/don-omar-agota-las-entradas-de-sevilla-en-minutos\\\/#primaryimage\",\"url\":\"https:\\\/\\\/unaymilletras.com\\\/wp-content\\\/uploads\\\/2025\\\/12\\\/DSC06911-1-scaled-e1767094228496.jpg\",\"contentUrl\":\"https:\\\/\\\/unaymilletras.com\\\/wp-content\\\/uploads\\\/2025\\\/12\\\/DSC06911-1-scaled-e1767094228496.jpg\",\"width\":600,\"height\":750,\"caption\":\"Foto: Ale Correa\"},{\"@type\":\"BreadcrumbList\",\"@id\":\"https:\\\/\\\/unaymilletras.com\\\/don-omar-agota-las-entradas-de-sevilla-en-minutos\\\/#breadcrumb\",\"itemListElement\":[{\"@type\":\"ListItem\",\"position\":1,\"name\":\"Home\",\"item\":\"http:\\\/\\\/unaymilletras.com\\\/\"},{\"@type\":\"ListItem\",\"position\":2,\"name\":\"Don Omar agota las entradas de Sevilla en minutos\"}]},{\"@type\":\"WebSite\",\"@id\":\"http:\\\/\\\/unaymilletras.com\\\/#website\",\"url\":\"http:\\\/\\\/unaymilletras.com\\\/\",\"name\":\"Una y Mil Letras\",\"description\":\"\",\"publisher\":{\"@id\":\"http:\\\/\\\/unaymilletras.com\\\/#organization\"},\"potentialAction\":[{\"@type\":\"SearchAction\",\"target\":{\"@type\":\"EntryPoint\",\"urlTemplate\":\"http:\\\/\\\/unaymilletras.com\\\/?s={search_term_string}\"},\"query-input\":{\"@type\":\"PropertyValueSpecification\",\"valueRequired\":true,\"valueName\":\"search_term_string\"}}],\"inLanguage\":\"en-GB\"},{\"@type\":\"Organization\",\"@id\":\"http:\\\/\\\/unaymilletras.com\\\/#organization\",\"name\":\"Una y Mil Letras\",\"url\":\"http:\\\/\\\/unaymilletras.com\\\/\",\"logo\":{\"@type\":\"ImageObject\",\"inLanguage\":\"en-GB\",\"@id\":\"http:\\\/\\\/unaymilletras.com\\\/#\\\/schema\\\/logo\\\/image\\\/\",\"url\":\"https:\\\/\\\/unaymilletras.com\\\/wp-content\\\/uploads\\\/2024\\\/06\\\/cropped-Logo-removebg-preview.png\",\"contentUrl\":\"https:\\\/\\\/unaymilletras.com\\\/wp-content\\\/uploads\\\/2024\\\/06\\\/cropped-Logo-removebg-preview.png\",\"width\":512,\"height\":512,\"caption\":\"Una y Mil Letras\"},\"image\":{\"@id\":\"http:\\\/\\\/unaymilletras.com\\\/#\\\/schema\\\/logo\\\/image\\\/\"},\"sameAs\":[\"https:\\\/\\\/x.com\\\/UnaYMilLetras\",\"https:\\\/\\\/instagram.com\\\/UnaYMilLetras\"]},{\"@type\":\"Person\",\"@id\":\"http:\\\/\\\/unaymilletras.com\\\/#\\\/schema\\\/person\\\/0860dc8a218329991ee2c7591f4f849d\",\"name\":\"Redacci\u00f3n\",\"image\":{\"@type\":\"ImageObject\",\"inLanguage\":\"en-GB\",\"@id\":\"https:\\\/\\\/secure.gravatar.com\\\/avatar\\\/d8f55e05a8b6597e45c55a1dcbdbfe44f4a360d88b48e00de5216a79b7732796?s=96&d=mm&r=g\",\"url\":\"https:\\\/\\\/secure.gravatar.com\\\/avatar\\\/d8f55e05a8b6597e45c55a1dcbdbfe44f4a360d88b48e00de5216a79b7732796?s=96&d=mm&r=g\",\"contentUrl\":\"https:\\\/\\\/secure.gravatar.com\\\/avatar\\\/d8f55e05a8b6597e45c55a1dcbdbfe44f4a360d88b48e00de5216a79b7732796?s=96&d=mm&r=g\",\"caption\":\"Redacci\u00f3n\"},\"url\":\"https:\\\/\\\/unaymilletras.com\\\/en\\\/author\\\/redaccion\\\/\"}]}<\/script>\n<!-- \/ Yoast SEO plugin. -->","yoast_head_json":{"title":"Don Omar agota las entradas de Sevilla en minutos","description":"El concierto del 18 de julio de 2026 de Don Omar en el Estadio La Cartuja cuelga el cartel de sold out tras el \u00e9xito previo en Tenerife","robots":{"index":"index","follow":"follow","max-snippet":"max-snippet:-1","max-image-preview":"max-image-preview:large","max-video-preview":"max-video-preview:-1"},"canonical":"https:\/\/unaymilletras.com\/en\/don-omar-agota-las-entradas-de-sevilla-en-minutos\/","og_locale":"en_GB","og_type":"article","og_title":"Don Omar agota las entradas de Sevilla en minutos","og_description":"El concierto del 18 de julio de 2026 de Don Omar en el Estadio La Cartuja cuelga el cartel de sold out tras el \u00e9xito previo en Tenerife","og_url":"https:\/\/unaymilletras.com\/en\/don-omar-agota-las-entradas-de-sevilla-en-minutos\/","og_site_name":"Una y Mil Letras","article_published_time":"2025-12-30T11:34:03+00:00","article_modified_time":"2025-12-30T11:34:19+00:00","og_image":[{"width":600,"height":750,"url":"http:\/\/unaymilletras.com\/wp-content\/uploads\/2025\/12\/DSC06911-1-scaled-e1767094228496.jpg","type":"image\/jpeg"}],"author":"Redacci\u00f3n","twitter_card":"summary_large_image","twitter_creator":"@UnaYMilLetras","twitter_site":"@UnaYMilLetras","twitter_misc":{"Written by":"Redacci\u00f3n","Estimated reading time":"2 minutes"},"schema":{"@context":"https:\/\/schema.org","@graph":[{"@type":"Article","@id":"https:\/\/unaymilletras.com\/don-omar-agota-las-entradas-de-sevilla-en-minutos\/#article","isPartOf":{"@id":"https:\/\/unaymilletras.com\/don-omar-agota-las-entradas-de-sevilla-en-minutos\/"},"author":{"name":"Redacci\u00f3n","@id":"http:\/\/unaymilletras.com\/#\/schema\/person\/0860dc8a218329991ee2c7591f4f849d"},"headline":"Don Omar agota las entradas de Sevilla en minutos","datePublished":"2025-12-30T11:34:03+00:00","dateModified":"2025-12-30T11:34:19+00:00","mainEntityOfPage":{"@id":"https:\/\/unaymilletras.com\/don-omar-agota-las-entradas-de-sevilla-en-minutos\/"},"wordCount":362,"publisher":{"@id":"http:\/\/unaymilletras.com\/#organization"},"image":{"@id":"https:\/\/unaymilletras.com\/don-omar-agota-las-entradas-de-sevilla-en-minutos\/#primaryimage"},"thumbnailUrl":"https:\/\/unaymilletras.com\/wp-content\/uploads\/2025\/12\/DSC06911-1-scaled-e1767094228496.jpg","articleSection":["M\u00fasica"],"inLanguage":"en-GB"},{"@type":"WebPage","@id":"https:\/\/unaymilletras.com\/don-omar-agota-las-entradas-de-sevilla-en-minutos\/","url":"https:\/\/unaymilletras.com\/don-omar-agota-las-entradas-de-sevilla-en-minutos\/","name":"Don Omar agota las entradas de Sevilla en minutos","isPartOf":{"@id":"http:\/\/unaymilletras.com\/#website"},"primaryImageOfPage":{"@id":"https:\/\/unaymilletras.com\/don-omar-agota-las-entradas-de-sevilla-en-minutos\/#primaryimage"},"image":{"@id":"https:\/\/unaymilletras.com\/don-omar-agota-las-entradas-de-sevilla-en-minutos\/#primaryimage"},"thumbnailUrl":"https:\/\/unaymilletras.com\/wp-content\/uploads\/2025\/12\/DSC06911-1-scaled-e1767094228496.jpg","datePublished":"2025-12-30T11:34:03+00:00","dateModified":"2025-12-30T11:34:19+00:00","description":"El concierto del 18 de julio de 2026 de Don Omar en el Estadio La Cartuja cuelga el cartel de sold out tras el \u00e9xito previo en Tenerife","breadcrumb":{"@id":"https:\/\/unaymilletras.com\/don-omar-agota-las-entradas-de-sevilla-en-minutos\/#breadcrumb"},"inLanguage":"en-GB","potentialAction":[{"@type":"ReadAction","target":["https:\/\/unaymilletras.com\/don-omar-agota-las-entradas-de-sevilla-en-minutos\/"]}]},{"@type":"ImageObject","inLanguage":"en-GB","@id":"https:\/\/unaymilletras.com\/don-omar-agota-las-entradas-de-sevilla-en-minutos\/#primaryimage","url":"https:\/\/unaymilletras.com\/wp-content\/uploads\/2025\/12\/DSC06911-1-scaled-e1767094228496.jpg","contentUrl":"https:\/\/unaymilletras.com\/wp-content\/uploads\/2025\/12\/DSC06911-1-scaled-e1767094228496.jpg","width":600,"height":750,"caption":"Foto: Ale Correa"},{"@type":"BreadcrumbList","@id":"https:\/\/unaymilletras.com\/don-omar-agota-las-entradas-de-sevilla-en-minutos\/#breadcrumb","itemListElement":[{"@type":"ListItem","position":1,"name":"Home","item":"http:\/\/unaymilletras.com\/"},{"@type":"ListItem","position":2,"name":"Don Omar agota las entradas de Sevilla en minutos"}]},{"@type":"WebSite","@id":"http:\/\/unaymilletras.com\/#website","url":"http:\/\/unaymilletras.com\/","name":"Una y Mil Letras","description":"","publisher":{"@id":"http:\/\/unaymilletras.com\/#organization"},"potentialAction":[{"@type":"SearchAction","target":{"@type":"EntryPoint","urlTemplate":"http:\/\/unaymilletras.com\/?s={search_term_string}"},"query-input":{"@type":"PropertyValueSpecification","valueRequired":true,"valueName":"search_term_string"}}],"inLanguage":"en-GB"},{"@type":"Organization","@id":"http:\/\/unaymilletras.com\/#organization","name":"Una y Mil Letras","url":"http:\/\/unaymilletras.com\/","logo":{"@type":"ImageObject","inLanguage":"en-GB","@id":"http:\/\/unaymilletras.com\/#\/schema\/logo\/image\/","url":"https:\/\/unaymilletras.com\/wp-content\/uploads\/2024\/06\/cropped-Logo-removebg-preview.png","contentUrl":"https:\/\/unaymilletras.com\/wp-content\/uploads\/2024\/06\/cropped-Logo-removebg-preview.png","width":512,"height":512,"caption":"Una y Mil Letras"},"image":{"@id":"http:\/\/unaymilletras.com\/#\/schema\/logo\/image\/"},"sameAs":["https:\/\/x.com\/UnaYMilLetras","https:\/\/instagram.com\/UnaYMilLetras"]},{"@type":"Person","@id":"http:\/\/unaymilletras.com\/#\/schema\/person\/0860dc8a218329991ee2c7591f4f849d","name":"Redacci\u00f3n","image":{"@type":"ImageObject","inLanguage":"en-GB","@id":"https:\/\/secure.gravatar.com\/avatar\/d8f55e05a8b6597e45c55a1dcbdbfe44f4a360d88b48e00de5216a79b7732796?s=96&d=mm&r=g","url":"https:\/\/secure.gravatar.com\/avatar\/d8f55e05a8b6597e45c55a1dcbdbfe44f4a360d88b48e00de5216a79b7732796?s=96&d=mm&r=g","contentUrl":"https:\/\/secure.gravatar.com\/avatar\/d8f55e05a8b6597e45c55a1dcbdbfe44f4a360d88b48e00de5216a79b7732796?s=96&d=mm&r=g","caption":"Redacci\u00f3n"},"url":"https:\/\/unaymilletras.com\/en\/author\/redaccion\/"}]}},"_links":{"self":[{"href":"https:\/\/unaymilletras.com\/en\/wp-json\/wp\/v2\/posts\/6916","targetHints":{"allow":["GET"]}}],"collection":[{"href":"https:\/\/unaymilletras.com\/en\/wp-json\/wp\/v2\/posts"}],"about":[{"href":"https:\/\/unaymilletras.com\/en\/wp-json\/wp\/v2\/types\/post"}],"author":[{"embeddable":true,"href":"https:\/\/unaymilletras.com\/en\/wp-json\/wp\/v2\/users\/6"}],"replies":[{"embeddable":true,"href":"https:\/\/unaymilletras.com\/en\/wp-json\/wp\/v2\/comments?post=6916"}],"version-history":[{"count":7,"href":"https:\/\/unaymilletras.com\/en\/wp-json\/wp\/v2\/posts\/6916\/revisions"}],"predecessor-version":[{"id":6924,"href":"https:\/\/unaymilletras.com\/en\/wp-json\/wp\/v2\/posts\/6916\/revisions\/6924"}],"wp:featuredmedia":[{"embeddable":true,"href":"https:\/\/unaymilletras.com\/en\/wp-json\/wp\/v2\/media\/6918"}],"wp:attachment":[{"href":"https:\/\/unaymilletras.com\/en\/wp-json\/wp\/v2\/media?parent=6916"}],"wp:term":[{"taxonomy":"category","embeddable":true,"href":"https:\/\/unaymilletras.com\/en\/wp-json\/wp\/v2\/categories?post=6916"},{"taxonomy":"post_tag","embeddable":true,"href":"https:\/\/unaymilletras.com\/en\/wp-json\/wp\/v2\/tags?post=6916"}],"curies":[{"name":"wp","href":"https:\/\/api.w.org\/{rel}","templated":true}]}}