{"id":692,"date":"2023-06-01T13:25:35","date_gmt":"2023-06-01T13:25:35","guid":{"rendered":"http:\/\/unaymilletras.com\/?p=692"},"modified":"2023-06-01T13:27:45","modified_gmt":"2023-06-01T13:27:45","slug":"quevedo-dj-saot-st-y-bluefire","status":"publish","type":"post","link":"https:\/\/unaymilletras.com\/en\/quevedo-dj-saot-st-y-bluefire\/","title":{"rendered":"Quevedo, DJ Saot St y Bluefire en #49 de After Hour the mixtape"},"content":{"rendered":"<div data-elementor-type=\"wp-post\" data-elementor-id=\"692\" class=\"elementor elementor-692\">\n\t\t\t\t\t\t<section class=\"elementor-section elementor-top-section elementor-element elementor-element-a35b847 elementor-section-boxed elementor-section-height-default elementor-section-height-default\" data-id=\"a35b847\" data-element_type=\"section\" data-e-type=\"section\">\n\t\t\t\t\t\t<div class=\"elementor-container elementor-column-gap-default\">\n\t\t\t\t\t<div class=\"elementor-column elementor-col-100 elementor-top-column elementor-element elementor-element-c04f37e\" data-id=\"c04f37e\" data-element_type=\"column\" data-e-type=\"column\">\n\t\t\t<div class=\"elementor-widget-wrap elementor-element-populated\">\n\t\t\t\t\t\t<div class=\"elementor-element elementor-element-9e4cd71 elementor-widget elementor-widget-text-editor\" data-id=\"9e4cd71\" data-element_type=\"widget\" data-e-type=\"widget\" data-widget_type=\"text-editor.default\">\n\t\t\t\t<div class=\"elementor-widget-container\">\n\t\t\t\t\t\t\t\t\t<h2><em><span style=\"color: #808080;\">Quevedo se une a Bluefire y DJ Saot St en la uni\u00f3n del talento de los artistas actuales dentro del panorama urbano<\/span><\/em><\/h2>\t\t\t\t\t\t\t\t<\/div>\n\t\t\t\t<\/div>\n\t\t\t\t\t<\/div>\n\t\t<\/div>\n\t\t\t\t\t<\/div>\n\t\t<\/section>\n\t\t\t\t<section class=\"elementor-section elementor-top-section elementor-element elementor-element-e9c5df7 elementor-section-boxed elementor-section-height-default elementor-section-height-default\" data-id=\"e9c5df7\" data-element_type=\"section\" data-e-type=\"section\">\n\t\t\t\t\t\t<div class=\"elementor-container elementor-column-gap-default\">\n\t\t\t\t\t<div class=\"elementor-column elementor-col-100 elementor-top-column elementor-element elementor-element-9eb733d\" data-id=\"9eb733d\" data-element_type=\"column\" data-e-type=\"column\">\n\t\t\t<div class=\"elementor-widget-wrap elementor-element-populated\">\n\t\t\t\t\t\t<div class=\"elementor-element elementor-element-2881bb9 elementor-widget elementor-widget-text-editor\" data-id=\"2881bb9\" data-element_type=\"widget\" data-e-type=\"widget\" data-widget_type=\"text-editor.default\">\n\t\t\t\t<div class=\"elementor-widget-container\">\n\t\t\t\t\t\t\t\t\t<p>Un proyecto musical por el que han pasado decenas de artistas como Sara Socas o Bejo. Ahora se unen Quevedo y Bluefire, dos personas que no pod\u00edan faltar y se ha lanzado coincidiendo con la celebraci\u00f3n del D\u00eda de Canarias. Se trata de una canci\u00f3n que mezcla el trap con el reguet\u00f3n y que pondr\u00e1 al p\u00fablico a bailar. Este ha sido un \u00faltimo adelanto antes de que se pueda disfrutar de la mixtape completa y los primeros 11 visuales el pr\u00f3ximo 2 de junio.<\/p>\t\t\t\t\t\t\t\t<\/div>\n\t\t\t\t<\/div>\n\t\t\t\t\t<\/div>\n\t\t<\/div>\n\t\t\t\t\t<\/div>\n\t\t<\/section>\n\t\t\t\t<section class=\"elementor-section elementor-top-section elementor-element elementor-element-7cc69e8 elementor-section-boxed elementor-section-height-default elementor-section-height-default\" data-id=\"7cc69e8\" data-element_type=\"section\" data-e-type=\"section\">\n\t\t\t\t\t\t<div class=\"elementor-container elementor-column-gap-default\">\n\t\t\t\t\t<div class=\"elementor-column elementor-col-50 elementor-top-column elementor-element elementor-element-0318212\" data-id=\"0318212\" data-element_type=\"column\" data-e-type=\"column\">\n\t\t\t<div class=\"elementor-widget-wrap elementor-element-populated\">\n\t\t\t\t\t\t<div class=\"elementor-element elementor-element-74aded6 elementor-widget elementor-widget-image\" data-id=\"74aded6\" data-element_type=\"widget\" data-e-type=\"widget\" data-widget_type=\"image.default\">\n\t\t\t\t<div class=\"elementor-widget-container\">\n\t\t\t\t\t\t\t\t\t\t\t\t\t\t\t<img fetchpriority=\"high\" decoding=\"async\" width=\"640\" height=\"960\" src=\"https:\/\/unaymilletras.com\/wp-content\/uploads\/2023\/06\/quevedo-49-683x1024.jpeg\" class=\"attachment-large size-large wp-image-694\" alt=\"Quevedo\" srcset=\"https:\/\/unaymilletras.com\/wp-content\/uploads\/2023\/06\/quevedo-49-683x1024.jpeg 683w, https:\/\/unaymilletras.com\/wp-content\/uploads\/2023\/06\/quevedo-49-scaled-e1685625622798-200x300.jpeg 200w, https:\/\/unaymilletras.com\/wp-content\/uploads\/2023\/06\/quevedo-49-768x1152.jpeg 768w, https:\/\/unaymilletras.com\/wp-content\/uploads\/2023\/06\/quevedo-49-1024x1536.jpeg 1024w, https:\/\/unaymilletras.com\/wp-content\/uploads\/2023\/06\/quevedo-49-1365x2048.jpeg 1365w, https:\/\/unaymilletras.com\/wp-content\/uploads\/2023\/06\/quevedo-49-scaled-e1685625622798.jpeg 600w\" sizes=\"(max-width: 640px) 100vw, 640px\" \/>\t\t\t\t\t\t\t\t\t\t\t\t\t\t\t<\/div>\n\t\t\t\t<\/div>\n\t\t\t\t\t<\/div>\n\t\t<\/div>\n\t\t\t\t<div class=\"elementor-column elementor-col-50 elementor-top-column elementor-element elementor-element-2b0a177\" data-id=\"2b0a177\" data-element_type=\"column\" data-e-type=\"column\">\n\t\t\t<div class=\"elementor-widget-wrap elementor-element-populated\">\n\t\t\t\t\t\t<div class=\"elementor-element elementor-element-c84369d elementor-widget elementor-widget-text-editor\" data-id=\"c84369d\" data-element_type=\"widget\" data-e-type=\"widget\" data-widget_type=\"text-editor.default\">\n\t\t\t\t<div class=\"elementor-widget-container\">\n\t\t\t\t\t\t\t\t\t<p>Quevedo es un artista que no a parado de crecer en el \u00faltimo a\u00f1o, siendo <em>Cay\u00f3 la noche<\/em>, el tema que comparte junto a otros muchos artistas canarios un punto clave en su carrera como artista. Actualmente cuenta con m\u00e1s de 32 millones de oyentes mensuales en <a href=\"https:\/\/open.spotify.com\/artist\/52iwsT98xCoGgiGntTiR7K?si=s9uyAo09R-Oibi1XsnT4hg\">Spotify<\/a>. Adem\u00e1s, esta no es la primera vez que colabora don DJ Saot St pues antes ya se hab\u00edan juntado en <em>Ahora y Siempre<\/em>.<\/p>\t\t\t\t\t\t\t\t<\/div>\n\t\t\t\t<\/div>\n\t\t\t\t\t<\/div>\n\t\t<\/div>\n\t\t\t\t\t<\/div>\n\t\t<\/section>\n\t\t\t\t<section class=\"elementor-section elementor-top-section elementor-element elementor-element-bf3d2d2 elementor-section-boxed elementor-section-height-default elementor-section-height-default\" data-id=\"bf3d2d2\" data-element_type=\"section\" data-e-type=\"section\">\n\t\t\t\t\t\t<div class=\"elementor-container elementor-column-gap-default\">\n\t\t\t\t\t<div class=\"elementor-column elementor-col-100 elementor-top-column elementor-element elementor-element-1c1bc84\" data-id=\"1c1bc84\" data-element_type=\"column\" data-e-type=\"column\">\n\t\t\t<div class=\"elementor-widget-wrap elementor-element-populated\">\n\t\t\t\t\t\t<div class=\"elementor-element elementor-element-0649594 elementor-widget elementor-widget-text-editor\" data-id=\"0649594\" data-element_type=\"widget\" data-e-type=\"widget\" data-widget_type=\"text-editor.default\">\n\t\t\t\t<div class=\"elementor-widget-container\">\n\t\t\t\t\t\t\t\t\t<p>El d\u00eda del estreno toda la familia de AFTER HOUR se reunieron para hacer un visionado exclusivo de los v\u00eddeos. Aqu\u00ed se encontraban m\u00e1s de 50 artistas y representantes de la cultura canaria, como deportistas, c\u00f3micos o locutores. Un evento que un\u00eda a nuevas y antiguas generaciones de artistas locales.\u00a0<\/p>\t\t\t\t\t\t\t\t<\/div>\n\t\t\t\t<\/div>\n\t\t\t\t\t<\/div>\n\t\t<\/div>\n\t\t\t\t\t<\/div>\n\t\t<\/section>\n\t\t\t\t<section class=\"elementor-section elementor-top-section elementor-element elementor-element-653fed9 elementor-section-boxed elementor-section-height-default elementor-section-height-default\" data-id=\"653fed9\" data-element_type=\"section\" data-e-type=\"section\">\n\t\t\t\t\t\t<div class=\"elementor-container elementor-column-gap-default\">\n\t\t\t\t\t<div class=\"elementor-column elementor-col-33 elementor-top-column elementor-element elementor-element-11eef16\" data-id=\"11eef16\" data-element_type=\"column\" data-e-type=\"column\">\n\t\t\t<div class=\"elementor-widget-wrap elementor-element-populated\">\n\t\t\t\t\t\t<div class=\"elementor-element elementor-element-4f48de1 elementor-widget elementor-widget-image\" data-id=\"4f48de1\" data-element_type=\"widget\" data-e-type=\"widget\" data-widget_type=\"image.default\">\n\t\t\t\t<div class=\"elementor-widget-container\">\n\t\t\t\t\t\t\t\t\t\t\t\t\t\t\t<img decoding=\"async\" width=\"640\" height=\"960\" src=\"https:\/\/unaymilletras.com\/wp-content\/uploads\/2023\/06\/evento-1-683x1024.jpeg\" class=\"attachment-large size-large wp-image-696\" alt=\"\" srcset=\"https:\/\/unaymilletras.com\/wp-content\/uploads\/2023\/06\/evento-1-683x1024.jpeg 683w, https:\/\/unaymilletras.com\/wp-content\/uploads\/2023\/06\/evento-1-e1685625724219-200x300.jpeg 200w, https:\/\/unaymilletras.com\/wp-content\/uploads\/2023\/06\/evento-1-768x1152.jpeg 768w, https:\/\/unaymilletras.com\/wp-content\/uploads\/2023\/06\/evento-1-1024x1536.jpeg 1024w, https:\/\/unaymilletras.com\/wp-content\/uploads\/2023\/06\/evento-1-1365x2048.jpeg 1365w, https:\/\/unaymilletras.com\/wp-content\/uploads\/2023\/06\/evento-1-e1685625724219.jpeg 600w\" sizes=\"(max-width: 640px) 100vw, 640px\" \/>\t\t\t\t\t\t\t\t\t\t\t\t\t\t\t<\/div>\n\t\t\t\t<\/div>\n\t\t\t\t\t<\/div>\n\t\t<\/div>\n\t\t\t\t<div class=\"elementor-column elementor-col-33 elementor-top-column elementor-element elementor-element-83b0c12\" data-id=\"83b0c12\" data-element_type=\"column\" data-e-type=\"column\">\n\t\t\t<div class=\"elementor-widget-wrap elementor-element-populated\">\n\t\t\t\t\t\t<div class=\"elementor-element elementor-element-57f10f9 elementor-widget elementor-widget-image\" data-id=\"57f10f9\" data-element_type=\"widget\" data-e-type=\"widget\" data-widget_type=\"image.default\">\n\t\t\t\t<div class=\"elementor-widget-container\">\n\t\t\t\t\t\t\t\t\t\t\t\t\t\t\t<img decoding=\"async\" width=\"640\" height=\"427\" src=\"https:\/\/unaymilletras.com\/wp-content\/uploads\/2023\/06\/evento-1024x683.jpeg\" class=\"attachment-large size-large wp-image-695\" alt=\"\" srcset=\"https:\/\/unaymilletras.com\/wp-content\/uploads\/2023\/06\/evento-1024x683.jpeg 1024w, https:\/\/unaymilletras.com\/wp-content\/uploads\/2023\/06\/evento-e1685625735253-300x200.jpeg 300w, https:\/\/unaymilletras.com\/wp-content\/uploads\/2023\/06\/evento-768x512.jpeg 768w, https:\/\/unaymilletras.com\/wp-content\/uploads\/2023\/06\/evento-1536x1024.jpeg 1536w, https:\/\/unaymilletras.com\/wp-content\/uploads\/2023\/06\/evento-2048x1365.jpeg 2048w, https:\/\/unaymilletras.com\/wp-content\/uploads\/2023\/06\/evento-e1685625735253.jpeg 600w\" sizes=\"(max-width: 640px) 100vw, 640px\" \/>\t\t\t\t\t\t\t\t\t\t\t\t\t\t\t<\/div>\n\t\t\t\t<\/div>\n\t\t\t\t\t<\/div>\n\t\t<\/div>\n\t\t\t\t<div class=\"elementor-column elementor-col-33 elementor-top-column elementor-element elementor-element-d734444\" data-id=\"d734444\" data-element_type=\"column\" data-e-type=\"column\">\n\t\t\t<div class=\"elementor-widget-wrap elementor-element-populated\">\n\t\t\t\t\t\t<div class=\"elementor-element elementor-element-f165642 elementor-widget elementor-widget-image\" data-id=\"f165642\" data-element_type=\"widget\" data-e-type=\"widget\" data-widget_type=\"image.default\">\n\t\t\t\t<div class=\"elementor-widget-container\">\n\t\t\t\t\t\t\t\t\t\t\t\t\t\t\t<img loading=\"lazy\" decoding=\"async\" width=\"640\" height=\"960\" src=\"https:\/\/unaymilletras.com\/wp-content\/uploads\/2023\/06\/evento-2-683x1024.jpeg\" class=\"attachment-large size-large wp-image-697\" alt=\"\" srcset=\"https:\/\/unaymilletras.com\/wp-content\/uploads\/2023\/06\/evento-2-683x1024.jpeg 683w, https:\/\/unaymilletras.com\/wp-content\/uploads\/2023\/06\/evento-2-e1685625747683-200x300.jpeg 200w, https:\/\/unaymilletras.com\/wp-content\/uploads\/2023\/06\/evento-2-768x1152.jpeg 768w, https:\/\/unaymilletras.com\/wp-content\/uploads\/2023\/06\/evento-2-1024x1536.jpeg 1024w, https:\/\/unaymilletras.com\/wp-content\/uploads\/2023\/06\/evento-2-1365x2048.jpeg 1365w, https:\/\/unaymilletras.com\/wp-content\/uploads\/2023\/06\/evento-2-e1685625747683.jpeg 600w\" sizes=\"(max-width: 640px) 100vw, 640px\" \/>\t\t\t\t\t\t\t\t\t\t\t\t\t\t\t<\/div>\n\t\t\t\t<\/div>\n\t\t\t\t\t<\/div>\n\t\t<\/div>\n\t\t\t\t\t<\/div>\n\t\t<\/section>\n\t\t\t\t<section class=\"elementor-section elementor-top-section elementor-element elementor-element-54407bd elementor-section-boxed elementor-section-height-default elementor-section-height-default\" data-id=\"54407bd\" data-element_type=\"section\" data-e-type=\"section\">\n\t\t\t\t\t\t<div class=\"elementor-container elementor-column-gap-default\">\n\t\t\t\t\t<div class=\"elementor-column elementor-col-100 elementor-top-column elementor-element elementor-element-db1b734\" data-id=\"db1b734\" data-element_type=\"column\" data-e-type=\"column\">\n\t\t\t<div class=\"elementor-widget-wrap elementor-element-populated\">\n\t\t\t\t\t\t<div class=\"elementor-element elementor-element-eccb87c elementor-widget elementor-widget-text-editor\" data-id=\"eccb87c\" data-element_type=\"widget\" data-e-type=\"widget\" data-widget_type=\"text-editor.default\">\n\t\t\t\t<div class=\"elementor-widget-container\">\n\t\t\t\t\t\t\t\t\t<p>Durante el acto hubo un c\u00f3ctel se pudo ver todo el proyecto acompa\u00f1ado del atardecer y hubo un open mic en el que participaron varios de los artistas que han formado pate del proyecto adem\u00e1s de DJs de la isla.<\/p>\t\t\t\t\t\t\t\t<\/div>\n\t\t\t\t<\/div>\n\t\t\t\t\t<\/div>\n\t\t<\/div>\n\t\t\t\t\t<\/div>\n\t\t<\/section>\n\t\t\t\t<section class=\"elementor-section elementor-top-section elementor-element elementor-element-7d6a16f elementor-section-boxed elementor-section-height-default elementor-section-height-default\" data-id=\"7d6a16f\" data-element_type=\"section\" data-e-type=\"section\">\n\t\t\t\t\t\t<div class=\"elementor-container elementor-column-gap-default\">\n\t\t\t\t\t<div class=\"elementor-column elementor-col-100 elementor-top-column elementor-element elementor-element-f60ff6e\" data-id=\"f60ff6e\" data-element_type=\"column\" data-e-type=\"column\">\n\t\t\t<div class=\"elementor-widget-wrap elementor-element-populated\">\n\t\t\t\t\t\t<div class=\"elementor-element elementor-element-c8dd904 elementor-widget elementor-widget-video\" data-id=\"c8dd904\" data-element_type=\"widget\" data-e-type=\"widget\" data-settings=\"{&quot;youtube_url&quot;:&quot;https:\\\/\\\/youtu.be\\\/maThcPeI0-E&quot;,&quot;video_type&quot;:&quot;youtube&quot;,&quot;controls&quot;:&quot;yes&quot;}\" data-widget_type=\"video.default\">\n\t\t\t\t<div class=\"elementor-widget-container\">\n\t\t\t\t\t\t\t<div class=\"elementor-wrapper elementor-open-inline\">\n\t\t\t<div class=\"elementor-video\"><\/div>\t\t<\/div>\n\t\t\t\t\t\t<\/div>\n\t\t\t\t<\/div>\n\t\t\t\t\t<\/div>\n\t\t<\/div>\n\t\t\t\t\t<\/div>\n\t\t<\/section>\n\t\t\t\t<\/div>","protected":false},"excerpt":{"rendered":"<p>Quevedo se une a Bluefire y DJ Saot St en la uni\u00f3n del talento de los artistas actuales dentro del panorama urbano Un proyecto musical por el que han pasado decenas de artistas como Sara Socas o Bejo. Ahora se unen Quevedo y Bluefire, dos personas que no pod\u00edan faltar y se ha lanzado coincidiendo [&hellip;]<\/p>\n","protected":false},"author":1,"featured_media":698,"comment_status":"open","ping_status":"open","sticky":false,"template":"","format":"standard","meta":{"footnotes":""},"categories":[4],"tags":[],"class_list":["post-692","post","type-post","status-publish","format-standard","has-post-thumbnail","hentry","category-musica"],"yoast_head":"<!-- This site is optimized with the Yoast SEO plugin v27.4 - https:\/\/yoast.com\/product\/yoast-seo-wordpress\/ -->\n<title>Quevedo, DJ Saot St y Bluefire en #49 de After Hour the mixtape &#8902; Una y Mil Letras<\/title>\n<meta name=\"description\" content=\"Quevedo se une a Bluefire y DJ Saot St en la uni\u00f3n del talento de los artistas actuales dentro del panorama urbano\" \/>\n<meta name=\"robots\" content=\"index, follow, max-snippet:-1, max-image-preview:large, max-video-preview:-1\" \/>\n<link rel=\"canonical\" href=\"https:\/\/unaymilletras.com\/en\/quevedo-dj-saot-st-y-bluefire\/\" \/>\n<meta property=\"og:locale\" content=\"en_GB\" \/>\n<meta property=\"og:type\" content=\"article\" \/>\n<meta property=\"og:title\" content=\"Quevedo, DJ Saot St y Bluefire en #49 de After Hour the mixtape &#8902; Una y Mil Letras\" \/>\n<meta property=\"og:description\" content=\"Quevedo se une a Bluefire y DJ Saot St en la uni\u00f3n del talento de los artistas actuales dentro del panorama urbano\" \/>\n<meta property=\"og:url\" content=\"https:\/\/unaymilletras.com\/en\/quevedo-dj-saot-st-y-bluefire\/\" \/>\n<meta property=\"og:site_name\" content=\"Una y Mil Letras\" \/>\n<meta property=\"article:published_time\" content=\"2023-06-01T13:25:35+00:00\" \/>\n<meta property=\"article:modified_time\" content=\"2023-06-01T13:27:45+00:00\" \/>\n<meta property=\"og:image\" content=\"https:\/\/unaymilletras.com\/wp-content\/uploads\/2023\/06\/portada-scaled-e1685625672623.jpeg\" \/>\n\t<meta property=\"og:image:width\" content=\"600\" \/>\n\t<meta property=\"og:image:height\" content=\"600\" \/>\n\t<meta property=\"og:image:type\" content=\"image\/jpeg\" \/>\n<meta name=\"author\" content=\"Maria Gil Robledo\" \/>\n<meta name=\"twitter:card\" content=\"summary_large_image\" \/>\n<meta name=\"twitter:creator\" content=\"@UnaYMilLetras\" \/>\n<meta name=\"twitter:site\" content=\"@UnaYMilLetras\" \/>\n<meta name=\"twitter:label1\" content=\"Written by\" \/>\n\t<meta name=\"twitter:data1\" content=\"Maria Gil Robledo\" \/>\n\t<meta name=\"twitter:label2\" content=\"Estimated reading time\" \/>\n\t<meta name=\"twitter:data2\" content=\"3 minutes\" \/>\n<script type=\"application\/ld+json\" class=\"yoast-schema-graph\">{\"@context\":\"https:\\\/\\\/schema.org\",\"@graph\":[{\"@type\":\"Article\",\"@id\":\"https:\\\/\\\/unaymilletras.com\\\/quevedo-dj-saot-st-y-bluefire\\\/#article\",\"isPartOf\":{\"@id\":\"https:\\\/\\\/unaymilletras.com\\\/quevedo-dj-saot-st-y-bluefire\\\/\"},\"author\":{\"name\":\"Maria Gil Robledo\",\"@id\":\"http:\\\/\\\/unaymilletras.com\\\/#\\\/schema\\\/person\\\/d55ba681b8a4e463d8982dbe36a5dc94\"},\"headline\":\"Quevedo, DJ Saot St y Bluefire en #49 de After Hour the mixtape\",\"datePublished\":\"2023-06-01T13:25:35+00:00\",\"dateModified\":\"2023-06-01T13:27:45+00:00\",\"mainEntityOfPage\":{\"@id\":\"https:\\\/\\\/unaymilletras.com\\\/quevedo-dj-saot-st-y-bluefire\\\/\"},\"wordCount\":302,\"commentCount\":0,\"publisher\":{\"@id\":\"http:\\\/\\\/unaymilletras.com\\\/#organization\"},\"image\":{\"@id\":\"https:\\\/\\\/unaymilletras.com\\\/quevedo-dj-saot-st-y-bluefire\\\/#primaryimage\"},\"thumbnailUrl\":\"https:\\\/\\\/unaymilletras.com\\\/wp-content\\\/uploads\\\/2023\\\/06\\\/portada-scaled-e1685625672623.jpeg\",\"articleSection\":[\"M\u00fasica\"],\"inLanguage\":\"en-GB\",\"potentialAction\":[{\"@type\":\"CommentAction\",\"name\":\"Comment\",\"target\":[\"https:\\\/\\\/unaymilletras.com\\\/quevedo-dj-saot-st-y-bluefire\\\/#respond\"]}]},{\"@type\":\"WebPage\",\"@id\":\"https:\\\/\\\/unaymilletras.com\\\/quevedo-dj-saot-st-y-bluefire\\\/\",\"url\":\"https:\\\/\\\/unaymilletras.com\\\/quevedo-dj-saot-st-y-bluefire\\\/\",\"name\":\"Quevedo, DJ Saot St y Bluefire en #49 de After Hour the mixtape &#8902; Una y Mil Letras\",\"isPartOf\":{\"@id\":\"http:\\\/\\\/unaymilletras.com\\\/#website\"},\"primaryImageOfPage\":{\"@id\":\"https:\\\/\\\/unaymilletras.com\\\/quevedo-dj-saot-st-y-bluefire\\\/#primaryimage\"},\"image\":{\"@id\":\"https:\\\/\\\/unaymilletras.com\\\/quevedo-dj-saot-st-y-bluefire\\\/#primaryimage\"},\"thumbnailUrl\":\"https:\\\/\\\/unaymilletras.com\\\/wp-content\\\/uploads\\\/2023\\\/06\\\/portada-scaled-e1685625672623.jpeg\",\"datePublished\":\"2023-06-01T13:25:35+00:00\",\"dateModified\":\"2023-06-01T13:27:45+00:00\",\"description\":\"Quevedo se une a Bluefire y DJ Saot St en la uni\u00f3n del talento de los artistas actuales dentro del panorama urbano\",\"breadcrumb\":{\"@id\":\"https:\\\/\\\/unaymilletras.com\\\/quevedo-dj-saot-st-y-bluefire\\\/#breadcrumb\"},\"inLanguage\":\"en-GB\",\"potentialAction\":[{\"@type\":\"ReadAction\",\"target\":[\"https:\\\/\\\/unaymilletras.com\\\/quevedo-dj-saot-st-y-bluefire\\\/\"]}]},{\"@type\":\"ImageObject\",\"inLanguage\":\"en-GB\",\"@id\":\"https:\\\/\\\/unaymilletras.com\\\/quevedo-dj-saot-st-y-bluefire\\\/#primaryimage\",\"url\":\"https:\\\/\\\/unaymilletras.com\\\/wp-content\\\/uploads\\\/2023\\\/06\\\/portada-scaled-e1685625672623.jpeg\",\"contentUrl\":\"https:\\\/\\\/unaymilletras.com\\\/wp-content\\\/uploads\\\/2023\\\/06\\\/portada-scaled-e1685625672623.jpeg\",\"width\":600,\"height\":600,\"caption\":\"Quevedo AFTER HOUR\"},{\"@type\":\"BreadcrumbList\",\"@id\":\"https:\\\/\\\/unaymilletras.com\\\/quevedo-dj-saot-st-y-bluefire\\\/#breadcrumb\",\"itemListElement\":[{\"@type\":\"ListItem\",\"position\":1,\"name\":\"Home\",\"item\":\"http:\\\/\\\/unaymilletras.com\\\/\"},{\"@type\":\"ListItem\",\"position\":2,\"name\":\"Quevedo, DJ Saot St y Bluefire en #49 de After Hour the mixtape\"}]},{\"@type\":\"WebSite\",\"@id\":\"http:\\\/\\\/unaymilletras.com\\\/#website\",\"url\":\"http:\\\/\\\/unaymilletras.com\\\/\",\"name\":\"Una y Mil Letras\",\"description\":\"\",\"publisher\":{\"@id\":\"http:\\\/\\\/unaymilletras.com\\\/#organization\"},\"potentialAction\":[{\"@type\":\"SearchAction\",\"target\":{\"@type\":\"EntryPoint\",\"urlTemplate\":\"http:\\\/\\\/unaymilletras.com\\\/?s={search_term_string}\"},\"query-input\":{\"@type\":\"PropertyValueSpecification\",\"valueRequired\":true,\"valueName\":\"search_term_string\"}}],\"inLanguage\":\"en-GB\"},{\"@type\":\"Organization\",\"@id\":\"http:\\\/\\\/unaymilletras.com\\\/#organization\",\"name\":\"Una y Mil Letras\",\"url\":\"http:\\\/\\\/unaymilletras.com\\\/\",\"logo\":{\"@type\":\"ImageObject\",\"inLanguage\":\"en-GB\",\"@id\":\"http:\\\/\\\/unaymilletras.com\\\/#\\\/schema\\\/logo\\\/image\\\/\",\"url\":\"https:\\\/\\\/unaymilletras.com\\\/wp-content\\\/uploads\\\/2024\\\/06\\\/cropped-Logo-removebg-preview.png\",\"contentUrl\":\"https:\\\/\\\/unaymilletras.com\\\/wp-content\\\/uploads\\\/2024\\\/06\\\/cropped-Logo-removebg-preview.png\",\"width\":512,\"height\":512,\"caption\":\"Una y Mil Letras\"},\"image\":{\"@id\":\"http:\\\/\\\/unaymilletras.com\\\/#\\\/schema\\\/logo\\\/image\\\/\"},\"sameAs\":[\"https:\\\/\\\/x.com\\\/UnaYMilLetras\",\"https:\\\/\\\/instagram.com\\\/UnaYMilLetras\"]},{\"@type\":\"Person\",\"@id\":\"http:\\\/\\\/unaymilletras.com\\\/#\\\/schema\\\/person\\\/d55ba681b8a4e463d8982dbe36a5dc94\",\"name\":\"Maria Gil Robledo\",\"image\":{\"@type\":\"ImageObject\",\"inLanguage\":\"en-GB\",\"@id\":\"https:\\\/\\\/secure.gravatar.com\\\/avatar\\\/4b8e5102e0015789407eb4870b12f0f2857952d83ca124058f92b764bd1840c3?s=96&d=mm&r=g\",\"url\":\"https:\\\/\\\/secure.gravatar.com\\\/avatar\\\/4b8e5102e0015789407eb4870b12f0f2857952d83ca124058f92b764bd1840c3?s=96&d=mm&r=g\",\"contentUrl\":\"https:\\\/\\\/secure.gravatar.com\\\/avatar\\\/4b8e5102e0015789407eb4870b12f0f2857952d83ca124058f92b764bd1840c3?s=96&d=mm&r=g\",\"caption\":\"Maria Gil Robledo\"},\"sameAs\":[\"http:\\\/\\\/unaymilletras.com\"],\"url\":\"https:\\\/\\\/unaymilletras.com\\\/en\\\/author\\\/mariiagiil02_\\\/\"}]}<\/script>\n<!-- \/ Yoast SEO plugin. -->","yoast_head_json":{"title":"Quevedo, DJ Saot St y Bluefire en #49 de After Hour the mixtape &#8902; Una y Mil Letras","description":"Quevedo se une a Bluefire y DJ Saot St en la uni\u00f3n del talento de los artistas actuales dentro del panorama urbano","robots":{"index":"index","follow":"follow","max-snippet":"max-snippet:-1","max-image-preview":"max-image-preview:large","max-video-preview":"max-video-preview:-1"},"canonical":"https:\/\/unaymilletras.com\/en\/quevedo-dj-saot-st-y-bluefire\/","og_locale":"en_GB","og_type":"article","og_title":"Quevedo, DJ Saot St y Bluefire en #49 de After Hour the mixtape &#8902; Una y Mil Letras","og_description":"Quevedo se une a Bluefire y DJ Saot St en la uni\u00f3n del talento de los artistas actuales dentro del panorama urbano","og_url":"https:\/\/unaymilletras.com\/en\/quevedo-dj-saot-st-y-bluefire\/","og_site_name":"Una y Mil Letras","article_published_time":"2023-06-01T13:25:35+00:00","article_modified_time":"2023-06-01T13:27:45+00:00","og_image":[{"width":600,"height":600,"url":"https:\/\/unaymilletras.com\/wp-content\/uploads\/2023\/06\/portada-scaled-e1685625672623.jpeg","type":"image\/jpeg"}],"author":"Maria Gil Robledo","twitter_card":"summary_large_image","twitter_creator":"@UnaYMilLetras","twitter_site":"@UnaYMilLetras","twitter_misc":{"Written by":"Maria Gil Robledo","Estimated reading time":"3 minutes"},"schema":{"@context":"https:\/\/schema.org","@graph":[{"@type":"Article","@id":"https:\/\/unaymilletras.com\/quevedo-dj-saot-st-y-bluefire\/#article","isPartOf":{"@id":"https:\/\/unaymilletras.com\/quevedo-dj-saot-st-y-bluefire\/"},"author":{"name":"Maria Gil Robledo","@id":"http:\/\/unaymilletras.com\/#\/schema\/person\/d55ba681b8a4e463d8982dbe36a5dc94"},"headline":"Quevedo, DJ Saot St y Bluefire en #49 de After Hour the mixtape","datePublished":"2023-06-01T13:25:35+00:00","dateModified":"2023-06-01T13:27:45+00:00","mainEntityOfPage":{"@id":"https:\/\/unaymilletras.com\/quevedo-dj-saot-st-y-bluefire\/"},"wordCount":302,"commentCount":0,"publisher":{"@id":"http:\/\/unaymilletras.com\/#organization"},"image":{"@id":"https:\/\/unaymilletras.com\/quevedo-dj-saot-st-y-bluefire\/#primaryimage"},"thumbnailUrl":"https:\/\/unaymilletras.com\/wp-content\/uploads\/2023\/06\/portada-scaled-e1685625672623.jpeg","articleSection":["M\u00fasica"],"inLanguage":"en-GB","potentialAction":[{"@type":"CommentAction","name":"Comment","target":["https:\/\/unaymilletras.com\/quevedo-dj-saot-st-y-bluefire\/#respond"]}]},{"@type":"WebPage","@id":"https:\/\/unaymilletras.com\/quevedo-dj-saot-st-y-bluefire\/","url":"https:\/\/unaymilletras.com\/quevedo-dj-saot-st-y-bluefire\/","name":"Quevedo, DJ Saot St y Bluefire en #49 de After Hour the mixtape &#8902; Una y Mil Letras","isPartOf":{"@id":"http:\/\/unaymilletras.com\/#website"},"primaryImageOfPage":{"@id":"https:\/\/unaymilletras.com\/quevedo-dj-saot-st-y-bluefire\/#primaryimage"},"image":{"@id":"https:\/\/unaymilletras.com\/quevedo-dj-saot-st-y-bluefire\/#primaryimage"},"thumbnailUrl":"https:\/\/unaymilletras.com\/wp-content\/uploads\/2023\/06\/portada-scaled-e1685625672623.jpeg","datePublished":"2023-06-01T13:25:35+00:00","dateModified":"2023-06-01T13:27:45+00:00","description":"Quevedo se une a Bluefire y DJ Saot St en la uni\u00f3n del talento de los artistas actuales dentro del panorama urbano","breadcrumb":{"@id":"https:\/\/unaymilletras.com\/quevedo-dj-saot-st-y-bluefire\/#breadcrumb"},"inLanguage":"en-GB","potentialAction":[{"@type":"ReadAction","target":["https:\/\/unaymilletras.com\/quevedo-dj-saot-st-y-bluefire\/"]}]},{"@type":"ImageObject","inLanguage":"en-GB","@id":"https:\/\/unaymilletras.com\/quevedo-dj-saot-st-y-bluefire\/#primaryimage","url":"https:\/\/unaymilletras.com\/wp-content\/uploads\/2023\/06\/portada-scaled-e1685625672623.jpeg","contentUrl":"https:\/\/unaymilletras.com\/wp-content\/uploads\/2023\/06\/portada-scaled-e1685625672623.jpeg","width":600,"height":600,"caption":"Quevedo AFTER HOUR"},{"@type":"BreadcrumbList","@id":"https:\/\/unaymilletras.com\/quevedo-dj-saot-st-y-bluefire\/#breadcrumb","itemListElement":[{"@type":"ListItem","position":1,"name":"Home","item":"http:\/\/unaymilletras.com\/"},{"@type":"ListItem","position":2,"name":"Quevedo, DJ Saot St y Bluefire en #49 de After Hour the mixtape"}]},{"@type":"WebSite","@id":"http:\/\/unaymilletras.com\/#website","url":"http:\/\/unaymilletras.com\/","name":"Una y Mil Letras","description":"","publisher":{"@id":"http:\/\/unaymilletras.com\/#organization"},"potentialAction":[{"@type":"SearchAction","target":{"@type":"EntryPoint","urlTemplate":"http:\/\/unaymilletras.com\/?s={search_term_string}"},"query-input":{"@type":"PropertyValueSpecification","valueRequired":true,"valueName":"search_term_string"}}],"inLanguage":"en-GB"},{"@type":"Organization","@id":"http:\/\/unaymilletras.com\/#organization","name":"Una y Mil Letras","url":"http:\/\/unaymilletras.com\/","logo":{"@type":"ImageObject","inLanguage":"en-GB","@id":"http:\/\/unaymilletras.com\/#\/schema\/logo\/image\/","url":"https:\/\/unaymilletras.com\/wp-content\/uploads\/2024\/06\/cropped-Logo-removebg-preview.png","contentUrl":"https:\/\/unaymilletras.com\/wp-content\/uploads\/2024\/06\/cropped-Logo-removebg-preview.png","width":512,"height":512,"caption":"Una y Mil Letras"},"image":{"@id":"http:\/\/unaymilletras.com\/#\/schema\/logo\/image\/"},"sameAs":["https:\/\/x.com\/UnaYMilLetras","https:\/\/instagram.com\/UnaYMilLetras"]},{"@type":"Person","@id":"http:\/\/unaymilletras.com\/#\/schema\/person\/d55ba681b8a4e463d8982dbe36a5dc94","name":"Maria Gil Robledo","image":{"@type":"ImageObject","inLanguage":"en-GB","@id":"https:\/\/secure.gravatar.com\/avatar\/4b8e5102e0015789407eb4870b12f0f2857952d83ca124058f92b764bd1840c3?s=96&d=mm&r=g","url":"https:\/\/secure.gravatar.com\/avatar\/4b8e5102e0015789407eb4870b12f0f2857952d83ca124058f92b764bd1840c3?s=96&d=mm&r=g","contentUrl":"https:\/\/secure.gravatar.com\/avatar\/4b8e5102e0015789407eb4870b12f0f2857952d83ca124058f92b764bd1840c3?s=96&d=mm&r=g","caption":"Maria Gil Robledo"},"sameAs":["http:\/\/unaymilletras.com"],"url":"https:\/\/unaymilletras.com\/en\/author\/mariiagiil02_\/"}]}},"_links":{"self":[{"href":"https:\/\/unaymilletras.com\/en\/wp-json\/wp\/v2\/posts\/692","targetHints":{"allow":["GET"]}}],"collection":[{"href":"https:\/\/unaymilletras.com\/en\/wp-json\/wp\/v2\/posts"}],"about":[{"href":"https:\/\/unaymilletras.com\/en\/wp-json\/wp\/v2\/types\/post"}],"author":[{"embeddable":true,"href":"https:\/\/unaymilletras.com\/en\/wp-json\/wp\/v2\/users\/1"}],"replies":[{"embeddable":true,"href":"https:\/\/unaymilletras.com\/en\/wp-json\/wp\/v2\/comments?post=692"}],"version-history":[{"count":7,"href":"https:\/\/unaymilletras.com\/en\/wp-json\/wp\/v2\/posts\/692\/revisions"}],"predecessor-version":[{"id":704,"href":"https:\/\/unaymilletras.com\/en\/wp-json\/wp\/v2\/posts\/692\/revisions\/704"}],"wp:featuredmedia":[{"embeddable":true,"href":"https:\/\/unaymilletras.com\/en\/wp-json\/wp\/v2\/media\/698"}],"wp:attachment":[{"href":"https:\/\/unaymilletras.com\/en\/wp-json\/wp\/v2\/media?parent=692"}],"wp:term":[{"taxonomy":"category","embeddable":true,"href":"https:\/\/unaymilletras.com\/en\/wp-json\/wp\/v2\/categories?post=692"},{"taxonomy":"post_tag","embeddable":true,"href":"https:\/\/unaymilletras.com\/en\/wp-json\/wp\/v2\/tags?post=692"}],"curies":[{"name":"wp","href":"https:\/\/api.w.org\/{rel}","templated":true}]}}