{"id":6925,"date":"2026-01-08T14:14:46","date_gmt":"2026-01-08T13:14:46","guid":{"rendered":"https:\/\/unaymilletras.com\/?p=6925"},"modified":"2026-01-08T21:25:34","modified_gmt":"2026-01-08T20:25:34","slug":"bruno-mars-traera-the-romantic-tour-a-madrid-en-2026","status":"publish","type":"post","link":"https:\/\/unaymilletras.com\/en\/bruno-mars-traera-the-romantic-tour-a-madrid-en-2026\/","title":{"rendered":"Bruno Mars traer\u00e1 The Romantic Tour a Madrid en 2026"},"content":{"rendered":"<div data-elementor-type=\"wp-post\" data-elementor-id=\"6925\" class=\"elementor elementor-6925\">\n\t\t\t\t\t\t<section class=\"elementor-section elementor-top-section elementor-element elementor-element-f7e39e0 elementor-section-boxed elementor-section-height-default elementor-section-height-default\" data-id=\"f7e39e0\" data-element_type=\"section\" data-e-type=\"section\">\n\t\t\t\t\t\t<div class=\"elementor-container elementor-column-gap-default\">\n\t\t\t\t\t<div class=\"elementor-column elementor-col-100 elementor-top-column elementor-element elementor-element-a8ef586\" data-id=\"a8ef586\" data-element_type=\"column\" data-e-type=\"column\">\n\t\t\t<div class=\"elementor-widget-wrap elementor-element-populated\">\n\t\t\t\t\t\t<div class=\"elementor-element elementor-element-cf365bc elementor-widget elementor-widget-text-editor\" data-id=\"cf365bc\" data-element_type=\"widget\" data-e-type=\"widget\" data-widget_type=\"text-editor.default\">\n\t\t\t\t<div class=\"elementor-widget-container\">\n\t\t\t\t\t\t\t\t\t<h2 style=\"text-align: center;\"><span style=\"color: #808080;\"><em>El artista internacional Bruno Mars actuar\u00e1 el 10 de julio en el Riyadh Air Metropolitano dentro de su gira mundial<\/em><\/span><\/h2>\t\t\t\t\t\t\t\t<\/div>\n\t\t\t\t<\/div>\n\t\t\t\t\t<\/div>\n\t\t<\/div>\n\t\t\t\t\t<\/div>\n\t\t<\/section>\n\t\t\t\t<section class=\"elementor-section elementor-top-section elementor-element elementor-element-3364c19 elementor-section-boxed elementor-section-height-default elementor-section-height-default\" data-id=\"3364c19\" data-element_type=\"section\" data-e-type=\"section\">\n\t\t\t\t\t\t<div class=\"elementor-container elementor-column-gap-default\">\n\t\t\t\t\t<div class=\"elementor-column elementor-col-100 elementor-top-column elementor-element elementor-element-37082c4\" data-id=\"37082c4\" data-element_type=\"column\" data-e-type=\"column\">\n\t\t\t<div class=\"elementor-widget-wrap elementor-element-populated\">\n\t\t\t\t\t\t<div class=\"elementor-element elementor-element-0d44396 elementor-widget elementor-widget-text-editor\" data-id=\"0d44396\" data-element_type=\"widget\" data-e-type=\"widget\" data-widget_type=\"text-editor.default\">\n\t\t\t\t<div class=\"elementor-widget-container\">\n\t\t\t\t\t\t\t\t\t<p data-start=\"175\" data-end=\"561\">Bruno Mars volver\u00e1 a Madrid el pr\u00f3ximo 10 de julio de 2026 con <em data-start=\"238\" data-end=\"257\">The Romantic Tour<\/em>, una gira muy esperada que marca su regreso a los grandes escenarios tras casi una d\u00e9cada y que supone, adem\u00e1s, su primer tour mundial como cabeza de cartel en estadios. La cita tendr\u00e1 lugar en el Riyadh Air Metropolitano y promete convertirse en uno de los grandes acontecimientos musicales del verano.<\/p><p data-start=\"563\" data-end=\"881\">La gira llega despu\u00e9s del \u00e9xito hist\u00f3rico del <em data-start=\"609\" data-end=\"631\">24K Magic World Tour<\/em> y recorrer\u00e1 Norteam\u00e9rica, Europa y Reino Unido con cerca de 40 conciertos en algunos de los recintos m\u00e1s emblem\u00e1ticos del mundo. Madrid ser\u00e1 una de las paradas clave del tramo europeo, junto a ciudades como Londres, Par\u00eds, Mil\u00e1n, Berl\u00edn o \u00c1msterdam.<\/p>\t\t\t\t\t\t\t\t<\/div>\n\t\t\t\t<\/div>\n\t\t\t\t\t<\/div>\n\t\t<\/div>\n\t\t\t\t\t<\/div>\n\t\t<\/section>\n\t\t\t\t<section class=\"elementor-section elementor-top-section elementor-element elementor-element-ef5b0bb elementor-section-boxed elementor-section-height-default elementor-section-height-default\" data-id=\"ef5b0bb\" data-element_type=\"section\" data-e-type=\"section\">\n\t\t\t\t\t\t<div class=\"elementor-container elementor-column-gap-default\">\n\t\t\t\t\t<div class=\"elementor-column elementor-col-100 elementor-top-column elementor-element elementor-element-6e3054b\" data-id=\"6e3054b\" data-element_type=\"column\" data-e-type=\"column\">\n\t\t\t<div class=\"elementor-widget-wrap elementor-element-populated\">\n\t\t\t\t\t\t<div class=\"elementor-element elementor-element-6fb9aa1 elementor-widget elementor-widget-image\" data-id=\"6fb9aa1\" data-element_type=\"widget\" data-e-type=\"widget\" data-widget_type=\"image.default\">\n\t\t\t\t<div class=\"elementor-widget-container\">\n\t\t\t\t\t\t\t\t\t\t\t\t\t\t\t<img fetchpriority=\"high\" decoding=\"async\" width=\"640\" height=\"832\" src=\"https:\/\/unaymilletras.com\/wp-content\/uploads\/2026\/01\/5781146e-1579-809f-c20f-470ad92e-788x1024.jpg\" class=\"attachment-large size-large wp-image-6927\" alt=\"Bruno Mars\" srcset=\"https:\/\/unaymilletras.com\/wp-content\/uploads\/2026\/01\/5781146e-1579-809f-c20f-470ad92e-788x1024.jpg 788w, https:\/\/unaymilletras.com\/wp-content\/uploads\/2026\/01\/5781146e-1579-809f-c20f-470ad92e-231x300.jpg 231w, https:\/\/unaymilletras.com\/wp-content\/uploads\/2026\/01\/5781146e-1579-809f-c20f-470ad92e-768x998.jpg 768w, https:\/\/unaymilletras.com\/wp-content\/uploads\/2026\/01\/5781146e-1579-809f-c20f-470ad92e-1182x1536.jpg 1182w, https:\/\/unaymilletras.com\/wp-content\/uploads\/2026\/01\/5781146e-1579-809f-c20f-470ad92e-1575x2048.jpg 1575w, https:\/\/unaymilletras.com\/wp-content\/uploads\/2026\/01\/5781146e-1579-809f-c20f-470ad92e-9x12.jpg 9w, https:\/\/unaymilletras.com\/wp-content\/uploads\/2026\/01\/5781146e-1579-809f-c20f-470ad92e-1024x1331.jpg 1024w, https:\/\/unaymilletras.com\/wp-content\/uploads\/2026\/01\/5781146e-1579-809f-c20f-470ad92e-scaled-e1767878545697.jpg 600w\" sizes=\"(max-width: 640px) 100vw, 640px\" \/>\t\t\t\t\t\t\t\t\t\t\t\t\t\t\t<\/div>\n\t\t\t\t<\/div>\n\t\t\t\t\t<\/div>\n\t\t<\/div>\n\t\t\t\t\t<\/div>\n\t\t<\/section>\n\t\t\t\t<section class=\"elementor-section elementor-top-section elementor-element elementor-element-136114f elementor-section-boxed elementor-section-height-default elementor-section-height-default\" data-id=\"136114f\" data-element_type=\"section\" data-e-type=\"section\">\n\t\t\t\t\t\t<div class=\"elementor-container elementor-column-gap-default\">\n\t\t\t\t\t<div class=\"elementor-column elementor-col-100 elementor-top-column elementor-element elementor-element-92bfd33\" data-id=\"92bfd33\" data-element_type=\"column\" data-e-type=\"column\">\n\t\t\t<div class=\"elementor-widget-wrap elementor-element-populated\">\n\t\t\t\t\t\t<div class=\"elementor-element elementor-element-348f4d0 elementor-widget elementor-widget-text-editor\" data-id=\"348f4d0\" data-element_type=\"widget\" data-e-type=\"widget\" data-widget_type=\"text-editor.default\">\n\t\t\t\t<div class=\"elementor-widget-container\">\n\t\t\t\t\t\t\t\t\t<p data-start=\"883\" data-end=\"1201\">Sobre el escenario, Bruno Mars estar\u00e1 acompa\u00f1ado en todas las fechas por Anderson .Paak, que participar\u00e1 como DJ Pee .Wee, reforzando la conexi\u00f3n art\u00edstica que ambos consolidaron con Silk Sonic. Adem\u00e1s, artistas como Victoria Mon\u00e9t, RAYE y Leon Thomas se sumar\u00e1n como invitados especiales en algunas ciudades del tour.<\/p>\n<p data-start=\"1203\" data-end=\"1615\"><em data-start=\"1203\" data-end=\"1222\">The Romantic Tour<\/em> llega en un momento especialmente brillante para el artista hawaiano. En los \u00faltimos a\u00f1os ha firmado r\u00e9cords de asistencia en todo el mundo, con residencias agotadas en Las Vegas, una gira hist\u00f3rica por Brasil y m\u00faltiples sold outs en Asia y Ocean\u00eda. En 2024, incluso inaugur\u00f3 el Intuit Dome de Los \u00c1ngeles con dos conciertos consecutivos, uno de ellos con la aparici\u00f3n sorpresa de Lady Gaga.<\/p>\n<p data-start=\"1617\" data-end=\"1978\">Este nuevo tour tambi\u00e9n acompa\u00f1a el anuncio de <em data-start=\"1664\" data-end=\"1678\">The Romantic<\/em>, el cuarto \u00e1lbum en solitario de Bruno Mars, que ver\u00e1 la luz el 27 de febrero de 2026. El proyecto llega respaldado por una racha imparable de \u00e9xitos globales, con canciones que han dominado las listas internacionales y consolidado su estatus como una de las mayores estrellas del pop contempor\u00e1neo.<\/p>\n<p data-start=\"1980\" data-end=\"2276\"><strong data-start=\"1980\" data-end=\"2004\">Entradas y preventas<\/strong><br data-start=\"2004\" data-end=\"2007\">La preventa de artista comenzar\u00e1 el mi\u00e9rcoles 14 de enero a las 12:00 h. Para acceder, ser\u00e1 necesario registrarse previamente en la web oficial de <a href=\"http:\/\/BrunoMars.com\">Bruno Mars<\/a>.<\/p><p data-start=\"1980\" data-end=\"2276\">La venta general se activar\u00e1 el jueves 15 de enero a las 12:00 h a trav\u00e9s de Livenation.es y Ticketmaster.<\/p>\n<p data-start=\"2278\" data-end=\"2341\"><strong data-start=\"2278\" data-end=\"2289\">Precios<\/strong><br data-start=\"2289\" data-end=\"2292\">Entradas desde 70 \u20ac (m\u00e1s gastos de distribuci\u00f3n).<\/p>\n<p data-start=\"2343\" data-end=\"2656\" data-is-last-node=\"\" data-is-only-node=\"\">El regreso de Bruno Mars a Madrid no solo supone una nueva oportunidad de verle en directo, sino tambi\u00e9n la confirmaci\u00f3n de que 2026 ser\u00e1 uno de los a\u00f1os m\u00e1s importantes de su carrera. Una noche pensada para celebrar su nueva etapa art\u00edstica y reencontrarse con un p\u00fablico que llevaba a\u00f1os esperando este momento.<\/p>\t\t\t\t\t\t\t\t<\/div>\n\t\t\t\t<\/div>\n\t\t\t\t\t<\/div>\n\t\t<\/div>\n\t\t\t\t\t<\/div>\n\t\t<\/section>\n\t\t\t\t<\/div>","protected":false},"excerpt":{"rendered":"<p>El artista internacional Bruno Mars actuar\u00e1 el 10 de julio en el Riyadh Air Metropolitano dentro de su gira mundial Bruno Mars volver\u00e1 a Madrid el pr\u00f3ximo 10 de julio de 2026 con The Romantic Tour, una gira muy esperada que marca su regreso a los grandes escenarios tras casi una d\u00e9cada y que supone, [&hellip;]<\/p>\n","protected":false},"author":6,"featured_media":6927,"comment_status":"closed","ping_status":"closed","sticky":false,"template":"","format":"standard","meta":{"footnotes":""},"categories":[4],"tags":[],"class_list":["post-6925","post","type-post","status-publish","format-standard","has-post-thumbnail","hentry","category-musica"],"yoast_head":"<!-- This site is optimized with the Yoast SEO plugin v27.4 - https:\/\/yoast.com\/product\/yoast-seo-wordpress\/ -->\n<title>Bruno Mars traer\u00e1 The Romantic Tour a Madrid en 2026 &#8902; Una y Mil Letras<\/title>\n<meta name=\"description\" content=\"El artista internacional Bruno Mars actuar\u00e1 el 10 de julio en el Riyadh Air Metropolitano dentro de su gira mundial\" \/>\n<meta name=\"robots\" content=\"index, follow, max-snippet:-1, max-image-preview:large, max-video-preview:-1\" \/>\n<link rel=\"canonical\" href=\"https:\/\/unaymilletras.com\/en\/bruno-mars-traera-the-romantic-tour-a-madrid-en-2026\/\" \/>\n<meta property=\"og:locale\" content=\"en_GB\" \/>\n<meta property=\"og:type\" content=\"article\" \/>\n<meta property=\"og:title\" content=\"Bruno Mars traer\u00e1 The Romantic Tour a Madrid en 2026 &#8902; Una y Mil Letras\" \/>\n<meta property=\"og:description\" content=\"El artista internacional Bruno Mars actuar\u00e1 el 10 de julio en el Riyadh Air Metropolitano dentro de su gira mundial\" \/>\n<meta property=\"og:url\" content=\"https:\/\/unaymilletras.com\/en\/bruno-mars-traera-the-romantic-tour-a-madrid-en-2026\/\" \/>\n<meta property=\"og:site_name\" content=\"Una y Mil Letras\" \/>\n<meta property=\"article:published_time\" content=\"2026-01-08T13:14:46+00:00\" \/>\n<meta property=\"article:modified_time\" content=\"2026-01-08T20:25:34+00:00\" \/>\n<meta property=\"og:image\" content=\"http:\/\/unaymilletras.com\/wp-content\/uploads\/2026\/01\/5781146e-1579-809f-c20f-470ad92e-scaled-e1767878545697.jpg\" \/>\n\t<meta property=\"og:image:width\" content=\"600\" \/>\n\t<meta property=\"og:image:height\" content=\"780\" \/>\n\t<meta property=\"og:image:type\" content=\"image\/jpeg\" \/>\n<meta name=\"author\" content=\"Redacci\u00f3n\" \/>\n<meta name=\"twitter:card\" content=\"summary_large_image\" \/>\n<meta name=\"twitter:creator\" content=\"@UnaYMilLetras\" \/>\n<meta name=\"twitter:site\" content=\"@UnaYMilLetras\" \/>\n<meta name=\"twitter:label1\" content=\"Written by\" \/>\n\t<meta name=\"twitter:data1\" content=\"Redacci\u00f3n\" \/>\n\t<meta name=\"twitter:label2\" content=\"Estimated reading time\" \/>\n\t<meta name=\"twitter:data2\" content=\"3 minutes\" \/>\n<script type=\"application\/ld+json\" class=\"yoast-schema-graph\">{\"@context\":\"https:\\\/\\\/schema.org\",\"@graph\":[{\"@type\":\"Article\",\"@id\":\"https:\\\/\\\/unaymilletras.com\\\/bruno-mars-traera-the-romantic-tour-a-madrid-en-2026\\\/#article\",\"isPartOf\":{\"@id\":\"https:\\\/\\\/unaymilletras.com\\\/bruno-mars-traera-the-romantic-tour-a-madrid-en-2026\\\/\"},\"author\":{\"name\":\"Redacci\u00f3n\",\"@id\":\"http:\\\/\\\/unaymilletras.com\\\/#\\\/schema\\\/person\\\/0860dc8a218329991ee2c7591f4f849d\"},\"headline\":\"Bruno Mars traer\u00e1 The Romantic Tour a Madrid en 2026\",\"datePublished\":\"2026-01-08T13:14:46+00:00\",\"dateModified\":\"2026-01-08T20:25:34+00:00\",\"mainEntityOfPage\":{\"@id\":\"https:\\\/\\\/unaymilletras.com\\\/bruno-mars-traera-the-romantic-tour-a-madrid-en-2026\\\/\"},\"wordCount\":464,\"publisher\":{\"@id\":\"http:\\\/\\\/unaymilletras.com\\\/#organization\"},\"image\":{\"@id\":\"https:\\\/\\\/unaymilletras.com\\\/bruno-mars-traera-the-romantic-tour-a-madrid-en-2026\\\/#primaryimage\"},\"thumbnailUrl\":\"https:\\\/\\\/unaymilletras.com\\\/wp-content\\\/uploads\\\/2026\\\/01\\\/5781146e-1579-809f-c20f-470ad92e-scaled-e1767878545697.jpg\",\"articleSection\":[\"M\u00fasica\"],\"inLanguage\":\"en-GB\"},{\"@type\":\"WebPage\",\"@id\":\"https:\\\/\\\/unaymilletras.com\\\/bruno-mars-traera-the-romantic-tour-a-madrid-en-2026\\\/\",\"url\":\"https:\\\/\\\/unaymilletras.com\\\/bruno-mars-traera-the-romantic-tour-a-madrid-en-2026\\\/\",\"name\":\"Bruno Mars traer\u00e1 The Romantic Tour a Madrid en 2026 &#8902; Una y Mil Letras\",\"isPartOf\":{\"@id\":\"http:\\\/\\\/unaymilletras.com\\\/#website\"},\"primaryImageOfPage\":{\"@id\":\"https:\\\/\\\/unaymilletras.com\\\/bruno-mars-traera-the-romantic-tour-a-madrid-en-2026\\\/#primaryimage\"},\"image\":{\"@id\":\"https:\\\/\\\/unaymilletras.com\\\/bruno-mars-traera-the-romantic-tour-a-madrid-en-2026\\\/#primaryimage\"},\"thumbnailUrl\":\"https:\\\/\\\/unaymilletras.com\\\/wp-content\\\/uploads\\\/2026\\\/01\\\/5781146e-1579-809f-c20f-470ad92e-scaled-e1767878545697.jpg\",\"datePublished\":\"2026-01-08T13:14:46+00:00\",\"dateModified\":\"2026-01-08T20:25:34+00:00\",\"description\":\"El artista internacional Bruno Mars actuar\u00e1 el 10 de julio en el Riyadh Air Metropolitano dentro de su gira mundial\",\"breadcrumb\":{\"@id\":\"https:\\\/\\\/unaymilletras.com\\\/bruno-mars-traera-the-romantic-tour-a-madrid-en-2026\\\/#breadcrumb\"},\"inLanguage\":\"en-GB\",\"potentialAction\":[{\"@type\":\"ReadAction\",\"target\":[\"https:\\\/\\\/unaymilletras.com\\\/bruno-mars-traera-the-romantic-tour-a-madrid-en-2026\\\/\"]}]},{\"@type\":\"ImageObject\",\"inLanguage\":\"en-GB\",\"@id\":\"https:\\\/\\\/unaymilletras.com\\\/bruno-mars-traera-the-romantic-tour-a-madrid-en-2026\\\/#primaryimage\",\"url\":\"https:\\\/\\\/unaymilletras.com\\\/wp-content\\\/uploads\\\/2026\\\/01\\\/5781146e-1579-809f-c20f-470ad92e-scaled-e1767878545697.jpg\",\"contentUrl\":\"https:\\\/\\\/unaymilletras.com\\\/wp-content\\\/uploads\\\/2026\\\/01\\\/5781146e-1579-809f-c20f-470ad92e-scaled-e1767878545697.jpg\",\"width\":600,\"height\":780,\"caption\":\"Bruno Mars\"},{\"@type\":\"BreadcrumbList\",\"@id\":\"https:\\\/\\\/unaymilletras.com\\\/bruno-mars-traera-the-romantic-tour-a-madrid-en-2026\\\/#breadcrumb\",\"itemListElement\":[{\"@type\":\"ListItem\",\"position\":1,\"name\":\"Home\",\"item\":\"http:\\\/\\\/unaymilletras.com\\\/\"},{\"@type\":\"ListItem\",\"position\":2,\"name\":\"Bruno Mars traer\u00e1 The Romantic Tour a Madrid en 2026\"}]},{\"@type\":\"WebSite\",\"@id\":\"http:\\\/\\\/unaymilletras.com\\\/#website\",\"url\":\"http:\\\/\\\/unaymilletras.com\\\/\",\"name\":\"Una y Mil Letras\",\"description\":\"\",\"publisher\":{\"@id\":\"http:\\\/\\\/unaymilletras.com\\\/#organization\"},\"potentialAction\":[{\"@type\":\"SearchAction\",\"target\":{\"@type\":\"EntryPoint\",\"urlTemplate\":\"http:\\\/\\\/unaymilletras.com\\\/?s={search_term_string}\"},\"query-input\":{\"@type\":\"PropertyValueSpecification\",\"valueRequired\":true,\"valueName\":\"search_term_string\"}}],\"inLanguage\":\"en-GB\"},{\"@type\":\"Organization\",\"@id\":\"http:\\\/\\\/unaymilletras.com\\\/#organization\",\"name\":\"Una y Mil Letras\",\"url\":\"http:\\\/\\\/unaymilletras.com\\\/\",\"logo\":{\"@type\":\"ImageObject\",\"inLanguage\":\"en-GB\",\"@id\":\"http:\\\/\\\/unaymilletras.com\\\/#\\\/schema\\\/logo\\\/image\\\/\",\"url\":\"https:\\\/\\\/unaymilletras.com\\\/wp-content\\\/uploads\\\/2024\\\/06\\\/cropped-Logo-removebg-preview.png\",\"contentUrl\":\"https:\\\/\\\/unaymilletras.com\\\/wp-content\\\/uploads\\\/2024\\\/06\\\/cropped-Logo-removebg-preview.png\",\"width\":512,\"height\":512,\"caption\":\"Una y Mil Letras\"},\"image\":{\"@id\":\"http:\\\/\\\/unaymilletras.com\\\/#\\\/schema\\\/logo\\\/image\\\/\"},\"sameAs\":[\"https:\\\/\\\/x.com\\\/UnaYMilLetras\",\"https:\\\/\\\/instagram.com\\\/UnaYMilLetras\"]},{\"@type\":\"Person\",\"@id\":\"http:\\\/\\\/unaymilletras.com\\\/#\\\/schema\\\/person\\\/0860dc8a218329991ee2c7591f4f849d\",\"name\":\"Redacci\u00f3n\",\"image\":{\"@type\":\"ImageObject\",\"inLanguage\":\"en-GB\",\"@id\":\"https:\\\/\\\/secure.gravatar.com\\\/avatar\\\/d8f55e05a8b6597e45c55a1dcbdbfe44f4a360d88b48e00de5216a79b7732796?s=96&d=mm&r=g\",\"url\":\"https:\\\/\\\/secure.gravatar.com\\\/avatar\\\/d8f55e05a8b6597e45c55a1dcbdbfe44f4a360d88b48e00de5216a79b7732796?s=96&d=mm&r=g\",\"contentUrl\":\"https:\\\/\\\/secure.gravatar.com\\\/avatar\\\/d8f55e05a8b6597e45c55a1dcbdbfe44f4a360d88b48e00de5216a79b7732796?s=96&d=mm&r=g\",\"caption\":\"Redacci\u00f3n\"},\"url\":\"https:\\\/\\\/unaymilletras.com\\\/en\\\/author\\\/redaccion\\\/\"}]}<\/script>\n<!-- \/ Yoast SEO plugin. -->","yoast_head_json":{"title":"Bruno Mars traer\u00e1 The Romantic Tour a Madrid en 2026 &#8902; Una y Mil Letras","description":"El artista internacional Bruno Mars actuar\u00e1 el 10 de julio en el Riyadh Air Metropolitano dentro de su gira mundial","robots":{"index":"index","follow":"follow","max-snippet":"max-snippet:-1","max-image-preview":"max-image-preview:large","max-video-preview":"max-video-preview:-1"},"canonical":"https:\/\/unaymilletras.com\/en\/bruno-mars-traera-the-romantic-tour-a-madrid-en-2026\/","og_locale":"en_GB","og_type":"article","og_title":"Bruno Mars traer\u00e1 The Romantic Tour a Madrid en 2026 &#8902; Una y Mil Letras","og_description":"El artista internacional Bruno Mars actuar\u00e1 el 10 de julio en el Riyadh Air Metropolitano dentro de su gira mundial","og_url":"https:\/\/unaymilletras.com\/en\/bruno-mars-traera-the-romantic-tour-a-madrid-en-2026\/","og_site_name":"Una y Mil Letras","article_published_time":"2026-01-08T13:14:46+00:00","article_modified_time":"2026-01-08T20:25:34+00:00","og_image":[{"width":600,"height":780,"url":"http:\/\/unaymilletras.com\/wp-content\/uploads\/2026\/01\/5781146e-1579-809f-c20f-470ad92e-scaled-e1767878545697.jpg","type":"image\/jpeg"}],"author":"Redacci\u00f3n","twitter_card":"summary_large_image","twitter_creator":"@UnaYMilLetras","twitter_site":"@UnaYMilLetras","twitter_misc":{"Written by":"Redacci\u00f3n","Estimated reading time":"3 minutes"},"schema":{"@context":"https:\/\/schema.org","@graph":[{"@type":"Article","@id":"https:\/\/unaymilletras.com\/bruno-mars-traera-the-romantic-tour-a-madrid-en-2026\/#article","isPartOf":{"@id":"https:\/\/unaymilletras.com\/bruno-mars-traera-the-romantic-tour-a-madrid-en-2026\/"},"author":{"name":"Redacci\u00f3n","@id":"http:\/\/unaymilletras.com\/#\/schema\/person\/0860dc8a218329991ee2c7591f4f849d"},"headline":"Bruno Mars traer\u00e1 The Romantic Tour a Madrid en 2026","datePublished":"2026-01-08T13:14:46+00:00","dateModified":"2026-01-08T20:25:34+00:00","mainEntityOfPage":{"@id":"https:\/\/unaymilletras.com\/bruno-mars-traera-the-romantic-tour-a-madrid-en-2026\/"},"wordCount":464,"publisher":{"@id":"http:\/\/unaymilletras.com\/#organization"},"image":{"@id":"https:\/\/unaymilletras.com\/bruno-mars-traera-the-romantic-tour-a-madrid-en-2026\/#primaryimage"},"thumbnailUrl":"https:\/\/unaymilletras.com\/wp-content\/uploads\/2026\/01\/5781146e-1579-809f-c20f-470ad92e-scaled-e1767878545697.jpg","articleSection":["M\u00fasica"],"inLanguage":"en-GB"},{"@type":"WebPage","@id":"https:\/\/unaymilletras.com\/bruno-mars-traera-the-romantic-tour-a-madrid-en-2026\/","url":"https:\/\/unaymilletras.com\/bruno-mars-traera-the-romantic-tour-a-madrid-en-2026\/","name":"Bruno Mars traer\u00e1 The Romantic Tour a Madrid en 2026 &#8902; Una y Mil Letras","isPartOf":{"@id":"http:\/\/unaymilletras.com\/#website"},"primaryImageOfPage":{"@id":"https:\/\/unaymilletras.com\/bruno-mars-traera-the-romantic-tour-a-madrid-en-2026\/#primaryimage"},"image":{"@id":"https:\/\/unaymilletras.com\/bruno-mars-traera-the-romantic-tour-a-madrid-en-2026\/#primaryimage"},"thumbnailUrl":"https:\/\/unaymilletras.com\/wp-content\/uploads\/2026\/01\/5781146e-1579-809f-c20f-470ad92e-scaled-e1767878545697.jpg","datePublished":"2026-01-08T13:14:46+00:00","dateModified":"2026-01-08T20:25:34+00:00","description":"El artista internacional Bruno Mars actuar\u00e1 el 10 de julio en el Riyadh Air Metropolitano dentro de su gira mundial","breadcrumb":{"@id":"https:\/\/unaymilletras.com\/bruno-mars-traera-the-romantic-tour-a-madrid-en-2026\/#breadcrumb"},"inLanguage":"en-GB","potentialAction":[{"@type":"ReadAction","target":["https:\/\/unaymilletras.com\/bruno-mars-traera-the-romantic-tour-a-madrid-en-2026\/"]}]},{"@type":"ImageObject","inLanguage":"en-GB","@id":"https:\/\/unaymilletras.com\/bruno-mars-traera-the-romantic-tour-a-madrid-en-2026\/#primaryimage","url":"https:\/\/unaymilletras.com\/wp-content\/uploads\/2026\/01\/5781146e-1579-809f-c20f-470ad92e-scaled-e1767878545697.jpg","contentUrl":"https:\/\/unaymilletras.com\/wp-content\/uploads\/2026\/01\/5781146e-1579-809f-c20f-470ad92e-scaled-e1767878545697.jpg","width":600,"height":780,"caption":"Bruno Mars"},{"@type":"BreadcrumbList","@id":"https:\/\/unaymilletras.com\/bruno-mars-traera-the-romantic-tour-a-madrid-en-2026\/#breadcrumb","itemListElement":[{"@type":"ListItem","position":1,"name":"Home","item":"http:\/\/unaymilletras.com\/"},{"@type":"ListItem","position":2,"name":"Bruno Mars traer\u00e1 The Romantic Tour a Madrid en 2026"}]},{"@type":"WebSite","@id":"http:\/\/unaymilletras.com\/#website","url":"http:\/\/unaymilletras.com\/","name":"Una y Mil Letras","description":"","publisher":{"@id":"http:\/\/unaymilletras.com\/#organization"},"potentialAction":[{"@type":"SearchAction","target":{"@type":"EntryPoint","urlTemplate":"http:\/\/unaymilletras.com\/?s={search_term_string}"},"query-input":{"@type":"PropertyValueSpecification","valueRequired":true,"valueName":"search_term_string"}}],"inLanguage":"en-GB"},{"@type":"Organization","@id":"http:\/\/unaymilletras.com\/#organization","name":"Una y Mil Letras","url":"http:\/\/unaymilletras.com\/","logo":{"@type":"ImageObject","inLanguage":"en-GB","@id":"http:\/\/unaymilletras.com\/#\/schema\/logo\/image\/","url":"https:\/\/unaymilletras.com\/wp-content\/uploads\/2024\/06\/cropped-Logo-removebg-preview.png","contentUrl":"https:\/\/unaymilletras.com\/wp-content\/uploads\/2024\/06\/cropped-Logo-removebg-preview.png","width":512,"height":512,"caption":"Una y Mil Letras"},"image":{"@id":"http:\/\/unaymilletras.com\/#\/schema\/logo\/image\/"},"sameAs":["https:\/\/x.com\/UnaYMilLetras","https:\/\/instagram.com\/UnaYMilLetras"]},{"@type":"Person","@id":"http:\/\/unaymilletras.com\/#\/schema\/person\/0860dc8a218329991ee2c7591f4f849d","name":"Redacci\u00f3n","image":{"@type":"ImageObject","inLanguage":"en-GB","@id":"https:\/\/secure.gravatar.com\/avatar\/d8f55e05a8b6597e45c55a1dcbdbfe44f4a360d88b48e00de5216a79b7732796?s=96&d=mm&r=g","url":"https:\/\/secure.gravatar.com\/avatar\/d8f55e05a8b6597e45c55a1dcbdbfe44f4a360d88b48e00de5216a79b7732796?s=96&d=mm&r=g","contentUrl":"https:\/\/secure.gravatar.com\/avatar\/d8f55e05a8b6597e45c55a1dcbdbfe44f4a360d88b48e00de5216a79b7732796?s=96&d=mm&r=g","caption":"Redacci\u00f3n"},"url":"https:\/\/unaymilletras.com\/en\/author\/redaccion\/"}]}},"_links":{"self":[{"href":"https:\/\/unaymilletras.com\/en\/wp-json\/wp\/v2\/posts\/6925","targetHints":{"allow":["GET"]}}],"collection":[{"href":"https:\/\/unaymilletras.com\/en\/wp-json\/wp\/v2\/posts"}],"about":[{"href":"https:\/\/unaymilletras.com\/en\/wp-json\/wp\/v2\/types\/post"}],"author":[{"embeddable":true,"href":"https:\/\/unaymilletras.com\/en\/wp-json\/wp\/v2\/users\/6"}],"replies":[{"embeddable":true,"href":"https:\/\/unaymilletras.com\/en\/wp-json\/wp\/v2\/comments?post=6925"}],"version-history":[{"count":7,"href":"https:\/\/unaymilletras.com\/en\/wp-json\/wp\/v2\/posts\/6925\/revisions"}],"predecessor-version":[{"id":6933,"href":"https:\/\/unaymilletras.com\/en\/wp-json\/wp\/v2\/posts\/6925\/revisions\/6933"}],"wp:featuredmedia":[{"embeddable":true,"href":"https:\/\/unaymilletras.com\/en\/wp-json\/wp\/v2\/media\/6927"}],"wp:attachment":[{"href":"https:\/\/unaymilletras.com\/en\/wp-json\/wp\/v2\/media?parent=6925"}],"wp:term":[{"taxonomy":"category","embeddable":true,"href":"https:\/\/unaymilletras.com\/en\/wp-json\/wp\/v2\/categories?post=6925"},{"taxonomy":"post_tag","embeddable":true,"href":"https:\/\/unaymilletras.com\/en\/wp-json\/wp\/v2\/tags?post=6925"}],"curies":[{"name":"wp","href":"https:\/\/api.w.org\/{rel}","templated":true}]}}