{"id":6935,"date":"2026-01-09T12:12:55","date_gmt":"2026-01-09T11:12:55","guid":{"rendered":"https:\/\/unaymilletras.com\/?p=6935"},"modified":"2026-01-09T12:12:56","modified_gmt":"2026-01-09T11:12:56","slug":"pablo-lopez-inicia-su-nueva-gira-el-nino-del-espacio-en-concierto","status":"publish","type":"post","link":"https:\/\/unaymilletras.com\/en\/pablo-lopez-inicia-su-nueva-gira-el-nino-del-espacio-en-concierto\/","title":{"rendered":"Pablo L\u00f3pez inicia su nueva gira \u201cEl Ni\u00f1o del Espacio en Concierto\u201d"},"content":{"rendered":"<h2 class=\"wp-block-heading\">El malague\u00f1o vuelve a los escenarios para presentar su nuevo sencillo<\/h2>\n\n\n\n<p>Pablo L\u00f3pez regresa a los escenarios y lo hace por todo lo alto. El cantante inicia <strong>hoy su nueva gira, \u201cEl Ni\u00f1o del Espacio en Concierto\u201d<\/strong>, un <a href=\"https:\/\/los40.com\/2025\/11\/22\/pablo-lopez-anuncia-nueva-gira-por-espana-en-2026-ciudades-fechas-y-entradas-de-preventa\/\">proyecto<\/a> con el que abre una nueva etapa musical tras la gran acogida que tuvieron sus \u00faltimos conciertos. En ellos logr\u00f3 reafirmar su conexi\u00f3n con el p\u00fablico y consolidarse como uno de los nombres imprescindibles de la m\u00fasica espa\u00f1ola actual.<\/p>\n\n\n\n<p>El nombre de la gira responde al nuevo universo creativo en el que se mueve el autor de \u00abEl Patio\u00bb, que prepara su pr\u00f3ximo trabajo discogr\u00e1fico, y que casi ha finalizado. Lo llamativo es que, pese a que el disco a\u00fan no ha visto la luz, <strong>los seguidores no han dudado en volcarse<\/strong>. Muchas ciudades han agotado entradas en apenas d\u00edas, obligando a <strong>ampliar fechas<\/strong> ante la alta demanda. Un claro ejemplo de la fidelidad de su p\u00fablico.<\/p>\n\n\n\n<p>El a\u00f1o pasado hizo parada en cinco ciudades espa\u00f1olas en las que present\u00f3 su gira m\u00e1s personal, \u00abPiano y voz\u00bb. En ella Pablo L\u00f3pez se entregaba a su p\u00fablico con el \u00fanico acompa\u00f1amiento de su piano, alguna guitarra y su voz. \u00abEs como estar en el sal\u00f3n de mi casa\u00bb, dec\u00eda cada vez que se sub\u00eda al escenario. En esta ocasi\u00f3n L\u00f3pez apuesta por <strong>una gira en teatros y auditorios<\/strong>, espacios que mantienen ese ambiente \u00edntimo y cercano, y pensados para disfrutar de su interpretaci\u00f3n y la de su banda. El tour recorrer\u00e1 <strong>m\u00e1s de treinta ciudades espa\u00f1olas<\/strong> con parada en lugares como M\u00e1laga, Valencia, Sevilla, Bilbao o Barcelona.<\/p>\n\n\n\n<p>Muchas ciudades ya han colgado el cartel de <strong>\u00abNo hay billetes\u00bb,<\/strong> mientras que muchas otras han ido a\u00f1adiendo una segunda fecha ante la alta demanda. Adem\u00e1s de presentar sus nuevas canciones, el artista repasar\u00e1 algunos de los temas m\u00e1s significativos de su carrera y que ha presentado en <a href=\"https:\/\/unaymilletras.com\/en\/pablo-lopez-deslumbra-en-un-espectaculo-unico-en-la-santalucia-universal-music-de-sevilla\/\">m\u00faltiples ocasiones.<\/a><\/p>\n\n\n\n<figure class=\"wp-block-image size-large\"><img fetchpriority=\"high\" decoding=\"async\" width=\"905\" height=\"1024\" src=\"https:\/\/unaymilletras.com\/wp-content\/uploads\/2026\/01\/IMG_6525-905x1024.jpg\" alt=\"\" class=\"wp-image-6937\" srcset=\"https:\/\/unaymilletras.com\/wp-content\/uploads\/2026\/01\/IMG_6525-905x1024.jpg 905w, https:\/\/unaymilletras.com\/wp-content\/uploads\/2026\/01\/IMG_6525-265x300.jpg 265w, https:\/\/unaymilletras.com\/wp-content\/uploads\/2026\/01\/IMG_6525-768x869.jpg 768w, https:\/\/unaymilletras.com\/wp-content\/uploads\/2026\/01\/IMG_6525-11x12.jpg 11w, https:\/\/unaymilletras.com\/wp-content\/uploads\/2026\/01\/IMG_6525-1024x1158.jpg 1024w, https:\/\/unaymilletras.com\/wp-content\/uploads\/2026\/01\/IMG_6525.jpg 1168w\" sizes=\"(max-width: 905px) 100vw, 905px\" \/><figcaption class=\"wp-element-caption\">Cartel oficial de la gira<\/figcaption><\/figure>\n\n\n\n<p><strong>Hoy, en el Teatro Casa Col\u00f3n de Huelva, comenzar\u00e1 esta aventura sobre los escenarios<\/strong>. Se espera un p\u00fablico entregado, un artista dispuesto a darlo todo y una noche llena de emoci\u00f3n, sensibilidad y magia que marcar\u00e1 el inicio de una gira muy especial.<\/p>","protected":false},"excerpt":{"rendered":"<p>El malague\u00f1o vuelve a los escenarios para presentar su nuevo sencillo Pablo L\u00f3pez regresa a los escenarios y lo hace por todo lo alto. El cantante inicia hoy su nueva gira, \u201cEl Ni\u00f1o del Espacio en Concierto\u201d, un proyecto con el que abre una nueva etapa musical tras la gran acogida que tuvieron sus \u00faltimos [&hellip;]<\/p>\n","protected":false},"author":16,"featured_media":6936,"comment_status":"closed","ping_status":"closed","sticky":false,"template":"","format":"standard","meta":{"footnotes":""},"categories":[4],"tags":[178,171,169],"class_list":["post-6935","post","type-post","status-publish","format-standard","has-post-thumbnail","hentry","category-musica","tag-espana","tag-gira","tag-musica"],"yoast_head":"<!-- This site is optimized with the Yoast SEO plugin v27.4 - https:\/\/yoast.com\/product\/yoast-seo-wordpress\/ -->\n<title>Pablo L\u00f3pez inicia su nueva gira \u201cEl Ni\u00f1o del Espacio en Concierto\u201d &#8902; Una y Mil Letras<\/title>\n<meta name=\"robots\" content=\"index, follow, max-snippet:-1, max-image-preview:large, max-video-preview:-1\" \/>\n<link rel=\"canonical\" href=\"https:\/\/unaymilletras.com\/en\/pablo-lopez-inicia-su-nueva-gira-el-nino-del-espacio-en-concierto\/\" \/>\n<meta property=\"og:locale\" content=\"en_GB\" \/>\n<meta property=\"og:type\" content=\"article\" \/>\n<meta property=\"og:title\" content=\"Pablo L\u00f3pez inicia su nueva gira \u201cEl Ni\u00f1o del Espacio en Concierto\u201d &#8902; Una y Mil Letras\" \/>\n<meta property=\"og:description\" content=\"El malague\u00f1o vuelve a los escenarios para presentar su nuevo sencillo Pablo L\u00f3pez regresa a los escenarios y lo hace por todo lo alto. El cantante inicia hoy su nueva gira, \u201cEl Ni\u00f1o del Espacio en Concierto\u201d, un proyecto con el que abre una nueva etapa musical tras la gran acogida que tuvieron sus \u00faltimos [&hellip;]\" \/>\n<meta property=\"og:url\" content=\"https:\/\/unaymilletras.com\/en\/pablo-lopez-inicia-su-nueva-gira-el-nino-del-espacio-en-concierto\/\" \/>\n<meta property=\"og:site_name\" content=\"Una y Mil Letras\" \/>\n<meta property=\"article:published_time\" content=\"2026-01-09T11:12:55+00:00\" \/>\n<meta property=\"article:modified_time\" content=\"2026-01-09T11:12:56+00:00\" \/>\n<meta property=\"og:image\" content=\"http:\/\/unaymilletras.com\/wp-content\/uploads\/2026\/01\/IMG_6526.jpg\" \/>\n\t<meta property=\"og:image:width\" content=\"1081\" \/>\n\t<meta property=\"og:image:height\" content=\"780\" \/>\n\t<meta property=\"og:image:type\" content=\"image\/jpeg\" \/>\n<meta name=\"author\" content=\"Mercedes Serrano\" \/>\n<meta name=\"twitter:card\" content=\"summary_large_image\" \/>\n<meta name=\"twitter:creator\" content=\"@UnaYMilLetras\" \/>\n<meta name=\"twitter:site\" content=\"@UnaYMilLetras\" \/>\n<meta name=\"twitter:label1\" content=\"Written by\" \/>\n\t<meta name=\"twitter:data1\" content=\"Mercedes Serrano\" \/>\n\t<meta name=\"twitter:label2\" content=\"Estimated reading time\" \/>\n\t<meta name=\"twitter:data2\" content=\"3 minutes\" \/>\n<script type=\"application\/ld+json\" class=\"yoast-schema-graph\">{\"@context\":\"https:\\\/\\\/schema.org\",\"@graph\":[{\"@type\":\"Article\",\"@id\":\"https:\\\/\\\/unaymilletras.com\\\/pablo-lopez-inicia-su-nueva-gira-el-nino-del-espacio-en-concierto\\\/#article\",\"isPartOf\":{\"@id\":\"https:\\\/\\\/unaymilletras.com\\\/pablo-lopez-inicia-su-nueva-gira-el-nino-del-espacio-en-concierto\\\/\"},\"author\":{\"name\":\"Mercedes Serrano\",\"@id\":\"http:\\\/\\\/unaymilletras.com\\\/#\\\/schema\\\/person\\\/728c13b7395f2a11969bcfa356396dfd\"},\"headline\":\"Pablo L\u00f3pez inicia su nueva gira \u201cEl Ni\u00f1o del Espacio en Concierto\u201d\",\"datePublished\":\"2026-01-09T11:12:55+00:00\",\"dateModified\":\"2026-01-09T11:12:56+00:00\",\"mainEntityOfPage\":{\"@id\":\"https:\\\/\\\/unaymilletras.com\\\/pablo-lopez-inicia-su-nueva-gira-el-nino-del-espacio-en-concierto\\\/\"},\"wordCount\":411,\"publisher\":{\"@id\":\"http:\\\/\\\/unaymilletras.com\\\/#organization\"},\"image\":{\"@id\":\"https:\\\/\\\/unaymilletras.com\\\/pablo-lopez-inicia-su-nueva-gira-el-nino-del-espacio-en-concierto\\\/#primaryimage\"},\"thumbnailUrl\":\"https:\\\/\\\/unaymilletras.com\\\/wp-content\\\/uploads\\\/2026\\\/01\\\/IMG_6526.jpg\",\"keywords\":[\"Espa\u00f1a\",\"Gira\",\"musica\"],\"articleSection\":[\"M\u00fasica\"],\"inLanguage\":\"en-GB\"},{\"@type\":\"WebPage\",\"@id\":\"https:\\\/\\\/unaymilletras.com\\\/pablo-lopez-inicia-su-nueva-gira-el-nino-del-espacio-en-concierto\\\/\",\"url\":\"https:\\\/\\\/unaymilletras.com\\\/pablo-lopez-inicia-su-nueva-gira-el-nino-del-espacio-en-concierto\\\/\",\"name\":\"Pablo L\u00f3pez inicia su nueva gira \u201cEl Ni\u00f1o del Espacio en Concierto\u201d &#8902; Una y Mil Letras\",\"isPartOf\":{\"@id\":\"http:\\\/\\\/unaymilletras.com\\\/#website\"},\"primaryImageOfPage\":{\"@id\":\"https:\\\/\\\/unaymilletras.com\\\/pablo-lopez-inicia-su-nueva-gira-el-nino-del-espacio-en-concierto\\\/#primaryimage\"},\"image\":{\"@id\":\"https:\\\/\\\/unaymilletras.com\\\/pablo-lopez-inicia-su-nueva-gira-el-nino-del-espacio-en-concierto\\\/#primaryimage\"},\"thumbnailUrl\":\"https:\\\/\\\/unaymilletras.com\\\/wp-content\\\/uploads\\\/2026\\\/01\\\/IMG_6526.jpg\",\"datePublished\":\"2026-01-09T11:12:55+00:00\",\"dateModified\":\"2026-01-09T11:12:56+00:00\",\"breadcrumb\":{\"@id\":\"https:\\\/\\\/unaymilletras.com\\\/pablo-lopez-inicia-su-nueva-gira-el-nino-del-espacio-en-concierto\\\/#breadcrumb\"},\"inLanguage\":\"en-GB\",\"potentialAction\":[{\"@type\":\"ReadAction\",\"target\":[\"https:\\\/\\\/unaymilletras.com\\\/pablo-lopez-inicia-su-nueva-gira-el-nino-del-espacio-en-concierto\\\/\"]}]},{\"@type\":\"ImageObject\",\"inLanguage\":\"en-GB\",\"@id\":\"https:\\\/\\\/unaymilletras.com\\\/pablo-lopez-inicia-su-nueva-gira-el-nino-del-espacio-en-concierto\\\/#primaryimage\",\"url\":\"https:\\\/\\\/unaymilletras.com\\\/wp-content\\\/uploads\\\/2026\\\/01\\\/IMG_6526.jpg\",\"contentUrl\":\"https:\\\/\\\/unaymilletras.com\\\/wp-content\\\/uploads\\\/2026\\\/01\\\/IMG_6526.jpg\",\"width\":1081,\"height\":780,\"caption\":\"Pablo L\u00f3pez sobre los escenarios | Fuente: Instagram @pablolopezmusic\"},{\"@type\":\"BreadcrumbList\",\"@id\":\"https:\\\/\\\/unaymilletras.com\\\/pablo-lopez-inicia-su-nueva-gira-el-nino-del-espacio-en-concierto\\\/#breadcrumb\",\"itemListElement\":[{\"@type\":\"ListItem\",\"position\":1,\"name\":\"Home\",\"item\":\"http:\\\/\\\/unaymilletras.com\\\/\"},{\"@type\":\"ListItem\",\"position\":2,\"name\":\"Pablo L\u00f3pez inicia su nueva gira \u201cEl Ni\u00f1o del Espacio en Concierto\u201d\"}]},{\"@type\":\"WebSite\",\"@id\":\"http:\\\/\\\/unaymilletras.com\\\/#website\",\"url\":\"http:\\\/\\\/unaymilletras.com\\\/\",\"name\":\"Una y Mil Letras\",\"description\":\"\",\"publisher\":{\"@id\":\"http:\\\/\\\/unaymilletras.com\\\/#organization\"},\"potentialAction\":[{\"@type\":\"SearchAction\",\"target\":{\"@type\":\"EntryPoint\",\"urlTemplate\":\"http:\\\/\\\/unaymilletras.com\\\/?s={search_term_string}\"},\"query-input\":{\"@type\":\"PropertyValueSpecification\",\"valueRequired\":true,\"valueName\":\"search_term_string\"}}],\"inLanguage\":\"en-GB\"},{\"@type\":\"Organization\",\"@id\":\"http:\\\/\\\/unaymilletras.com\\\/#organization\",\"name\":\"Una y Mil Letras\",\"url\":\"http:\\\/\\\/unaymilletras.com\\\/\",\"logo\":{\"@type\":\"ImageObject\",\"inLanguage\":\"en-GB\",\"@id\":\"http:\\\/\\\/unaymilletras.com\\\/#\\\/schema\\\/logo\\\/image\\\/\",\"url\":\"https:\\\/\\\/unaymilletras.com\\\/wp-content\\\/uploads\\\/2024\\\/06\\\/cropped-Logo-removebg-preview.png\",\"contentUrl\":\"https:\\\/\\\/unaymilletras.com\\\/wp-content\\\/uploads\\\/2024\\\/06\\\/cropped-Logo-removebg-preview.png\",\"width\":512,\"height\":512,\"caption\":\"Una y Mil Letras\"},\"image\":{\"@id\":\"http:\\\/\\\/unaymilletras.com\\\/#\\\/schema\\\/logo\\\/image\\\/\"},\"sameAs\":[\"https:\\\/\\\/x.com\\\/UnaYMilLetras\",\"https:\\\/\\\/instagram.com\\\/UnaYMilLetras\"]},{\"@type\":\"Person\",\"@id\":\"http:\\\/\\\/unaymilletras.com\\\/#\\\/schema\\\/person\\\/728c13b7395f2a11969bcfa356396dfd\",\"name\":\"Mercedes Serrano\",\"image\":{\"@type\":\"ImageObject\",\"inLanguage\":\"en-GB\",\"@id\":\"https:\\\/\\\/secure.gravatar.com\\\/avatar\\\/25fc1817bc872d5b7767664dc1798059e5cdc900520fd06f6182a99304f5ab67?s=96&d=mm&r=g\",\"url\":\"https:\\\/\\\/secure.gravatar.com\\\/avatar\\\/25fc1817bc872d5b7767664dc1798059e5cdc900520fd06f6182a99304f5ab67?s=96&d=mm&r=g\",\"contentUrl\":\"https:\\\/\\\/secure.gravatar.com\\\/avatar\\\/25fc1817bc872d5b7767664dc1798059e5cdc900520fd06f6182a99304f5ab67?s=96&d=mm&r=g\",\"caption\":\"Mercedes Serrano\"},\"url\":\"https:\\\/\\\/unaymilletras.com\\\/en\\\/author\\\/merserrano\\\/\"}]}<\/script>\n<!-- \/ Yoast SEO plugin. -->","yoast_head_json":{"title":"Pablo L\u00f3pez inicia su nueva gira \u201cEl Ni\u00f1o del Espacio en Concierto\u201d &#8902; Una y Mil Letras","robots":{"index":"index","follow":"follow","max-snippet":"max-snippet:-1","max-image-preview":"max-image-preview:large","max-video-preview":"max-video-preview:-1"},"canonical":"https:\/\/unaymilletras.com\/en\/pablo-lopez-inicia-su-nueva-gira-el-nino-del-espacio-en-concierto\/","og_locale":"en_GB","og_type":"article","og_title":"Pablo L\u00f3pez inicia su nueva gira \u201cEl Ni\u00f1o del Espacio en Concierto\u201d &#8902; Una y Mil Letras","og_description":"El malague\u00f1o vuelve a los escenarios para presentar su nuevo sencillo Pablo L\u00f3pez regresa a los escenarios y lo hace por todo lo alto. El cantante inicia hoy su nueva gira, \u201cEl Ni\u00f1o del Espacio en Concierto\u201d, un proyecto con el que abre una nueva etapa musical tras la gran acogida que tuvieron sus \u00faltimos [&hellip;]","og_url":"https:\/\/unaymilletras.com\/en\/pablo-lopez-inicia-su-nueva-gira-el-nino-del-espacio-en-concierto\/","og_site_name":"Una y Mil Letras","article_published_time":"2026-01-09T11:12:55+00:00","article_modified_time":"2026-01-09T11:12:56+00:00","og_image":[{"width":1081,"height":780,"url":"http:\/\/unaymilletras.com\/wp-content\/uploads\/2026\/01\/IMG_6526.jpg","type":"image\/jpeg"}],"author":"Mercedes Serrano","twitter_card":"summary_large_image","twitter_creator":"@UnaYMilLetras","twitter_site":"@UnaYMilLetras","twitter_misc":{"Written by":"Mercedes Serrano","Estimated reading time":"3 minutes"},"schema":{"@context":"https:\/\/schema.org","@graph":[{"@type":"Article","@id":"https:\/\/unaymilletras.com\/pablo-lopez-inicia-su-nueva-gira-el-nino-del-espacio-en-concierto\/#article","isPartOf":{"@id":"https:\/\/unaymilletras.com\/pablo-lopez-inicia-su-nueva-gira-el-nino-del-espacio-en-concierto\/"},"author":{"name":"Mercedes Serrano","@id":"http:\/\/unaymilletras.com\/#\/schema\/person\/728c13b7395f2a11969bcfa356396dfd"},"headline":"Pablo L\u00f3pez inicia su nueva gira \u201cEl Ni\u00f1o del Espacio en Concierto\u201d","datePublished":"2026-01-09T11:12:55+00:00","dateModified":"2026-01-09T11:12:56+00:00","mainEntityOfPage":{"@id":"https:\/\/unaymilletras.com\/pablo-lopez-inicia-su-nueva-gira-el-nino-del-espacio-en-concierto\/"},"wordCount":411,"publisher":{"@id":"http:\/\/unaymilletras.com\/#organization"},"image":{"@id":"https:\/\/unaymilletras.com\/pablo-lopez-inicia-su-nueva-gira-el-nino-del-espacio-en-concierto\/#primaryimage"},"thumbnailUrl":"https:\/\/unaymilletras.com\/wp-content\/uploads\/2026\/01\/IMG_6526.jpg","keywords":["Espa\u00f1a","Gira","musica"],"articleSection":["M\u00fasica"],"inLanguage":"en-GB"},{"@type":"WebPage","@id":"https:\/\/unaymilletras.com\/pablo-lopez-inicia-su-nueva-gira-el-nino-del-espacio-en-concierto\/","url":"https:\/\/unaymilletras.com\/pablo-lopez-inicia-su-nueva-gira-el-nino-del-espacio-en-concierto\/","name":"Pablo L\u00f3pez inicia su nueva gira \u201cEl Ni\u00f1o del Espacio en Concierto\u201d &#8902; Una y Mil Letras","isPartOf":{"@id":"http:\/\/unaymilletras.com\/#website"},"primaryImageOfPage":{"@id":"https:\/\/unaymilletras.com\/pablo-lopez-inicia-su-nueva-gira-el-nino-del-espacio-en-concierto\/#primaryimage"},"image":{"@id":"https:\/\/unaymilletras.com\/pablo-lopez-inicia-su-nueva-gira-el-nino-del-espacio-en-concierto\/#primaryimage"},"thumbnailUrl":"https:\/\/unaymilletras.com\/wp-content\/uploads\/2026\/01\/IMG_6526.jpg","datePublished":"2026-01-09T11:12:55+00:00","dateModified":"2026-01-09T11:12:56+00:00","breadcrumb":{"@id":"https:\/\/unaymilletras.com\/pablo-lopez-inicia-su-nueva-gira-el-nino-del-espacio-en-concierto\/#breadcrumb"},"inLanguage":"en-GB","potentialAction":[{"@type":"ReadAction","target":["https:\/\/unaymilletras.com\/pablo-lopez-inicia-su-nueva-gira-el-nino-del-espacio-en-concierto\/"]}]},{"@type":"ImageObject","inLanguage":"en-GB","@id":"https:\/\/unaymilletras.com\/pablo-lopez-inicia-su-nueva-gira-el-nino-del-espacio-en-concierto\/#primaryimage","url":"https:\/\/unaymilletras.com\/wp-content\/uploads\/2026\/01\/IMG_6526.jpg","contentUrl":"https:\/\/unaymilletras.com\/wp-content\/uploads\/2026\/01\/IMG_6526.jpg","width":1081,"height":780,"caption":"Pablo L\u00f3pez sobre los escenarios | Fuente: Instagram @pablolopezmusic"},{"@type":"BreadcrumbList","@id":"https:\/\/unaymilletras.com\/pablo-lopez-inicia-su-nueva-gira-el-nino-del-espacio-en-concierto\/#breadcrumb","itemListElement":[{"@type":"ListItem","position":1,"name":"Home","item":"http:\/\/unaymilletras.com\/"},{"@type":"ListItem","position":2,"name":"Pablo L\u00f3pez inicia su nueva gira \u201cEl Ni\u00f1o del Espacio en Concierto\u201d"}]},{"@type":"WebSite","@id":"http:\/\/unaymilletras.com\/#website","url":"http:\/\/unaymilletras.com\/","name":"Una y Mil Letras","description":"","publisher":{"@id":"http:\/\/unaymilletras.com\/#organization"},"potentialAction":[{"@type":"SearchAction","target":{"@type":"EntryPoint","urlTemplate":"http:\/\/unaymilletras.com\/?s={search_term_string}"},"query-input":{"@type":"PropertyValueSpecification","valueRequired":true,"valueName":"search_term_string"}}],"inLanguage":"en-GB"},{"@type":"Organization","@id":"http:\/\/unaymilletras.com\/#organization","name":"Una y Mil Letras","url":"http:\/\/unaymilletras.com\/","logo":{"@type":"ImageObject","inLanguage":"en-GB","@id":"http:\/\/unaymilletras.com\/#\/schema\/logo\/image\/","url":"https:\/\/unaymilletras.com\/wp-content\/uploads\/2024\/06\/cropped-Logo-removebg-preview.png","contentUrl":"https:\/\/unaymilletras.com\/wp-content\/uploads\/2024\/06\/cropped-Logo-removebg-preview.png","width":512,"height":512,"caption":"Una y Mil Letras"},"image":{"@id":"http:\/\/unaymilletras.com\/#\/schema\/logo\/image\/"},"sameAs":["https:\/\/x.com\/UnaYMilLetras","https:\/\/instagram.com\/UnaYMilLetras"]},{"@type":"Person","@id":"http:\/\/unaymilletras.com\/#\/schema\/person\/728c13b7395f2a11969bcfa356396dfd","name":"Mercedes Serrano","image":{"@type":"ImageObject","inLanguage":"en-GB","@id":"https:\/\/secure.gravatar.com\/avatar\/25fc1817bc872d5b7767664dc1798059e5cdc900520fd06f6182a99304f5ab67?s=96&d=mm&r=g","url":"https:\/\/secure.gravatar.com\/avatar\/25fc1817bc872d5b7767664dc1798059e5cdc900520fd06f6182a99304f5ab67?s=96&d=mm&r=g","contentUrl":"https:\/\/secure.gravatar.com\/avatar\/25fc1817bc872d5b7767664dc1798059e5cdc900520fd06f6182a99304f5ab67?s=96&d=mm&r=g","caption":"Mercedes Serrano"},"url":"https:\/\/unaymilletras.com\/en\/author\/merserrano\/"}]}},"_links":{"self":[{"href":"https:\/\/unaymilletras.com\/en\/wp-json\/wp\/v2\/posts\/6935","targetHints":{"allow":["GET"]}}],"collection":[{"href":"https:\/\/unaymilletras.com\/en\/wp-json\/wp\/v2\/posts"}],"about":[{"href":"https:\/\/unaymilletras.com\/en\/wp-json\/wp\/v2\/types\/post"}],"author":[{"embeddable":true,"href":"https:\/\/unaymilletras.com\/en\/wp-json\/wp\/v2\/users\/16"}],"replies":[{"embeddable":true,"href":"https:\/\/unaymilletras.com\/en\/wp-json\/wp\/v2\/comments?post=6935"}],"version-history":[{"count":1,"href":"https:\/\/unaymilletras.com\/en\/wp-json\/wp\/v2\/posts\/6935\/revisions"}],"predecessor-version":[{"id":6938,"href":"https:\/\/unaymilletras.com\/en\/wp-json\/wp\/v2\/posts\/6935\/revisions\/6938"}],"wp:featuredmedia":[{"embeddable":true,"href":"https:\/\/unaymilletras.com\/en\/wp-json\/wp\/v2\/media\/6936"}],"wp:attachment":[{"href":"https:\/\/unaymilletras.com\/en\/wp-json\/wp\/v2\/media?parent=6935"}],"wp:term":[{"taxonomy":"category","embeddable":true,"href":"https:\/\/unaymilletras.com\/en\/wp-json\/wp\/v2\/categories?post=6935"},{"taxonomy":"post_tag","embeddable":true,"href":"https:\/\/unaymilletras.com\/en\/wp-json\/wp\/v2\/tags?post=6935"}],"curies":[{"name":"wp","href":"https:\/\/api.w.org\/{rel}","templated":true}]}}