{"id":6941,"date":"2025-10-21T13:14:00","date_gmt":"2025-10-21T11:14:00","guid":{"rendered":"https:\/\/unaymilletras.com\/?p=6941"},"modified":"2026-01-09T13:15:22","modified_gmt":"2026-01-09T12:15:22","slug":"milo-j-regresa-a-espana-con-la-vida-era-mas-corta","status":"publish","type":"post","link":"https:\/\/unaymilletras.com\/en\/milo-j-regresa-a-espana-con-la-vida-era-mas-corta\/","title":{"rendered":"Milo J regresa a Espa\u00f1a con La vida era m\u00e1s corta"},"content":{"rendered":"<div data-elementor-type=\"wp-post\" data-elementor-id=\"6941\" class=\"elementor elementor-6941\">\n\t\t\t\t\t\t<section class=\"elementor-section elementor-top-section elementor-element elementor-element-8a00780 elementor-section-boxed elementor-section-height-default elementor-section-height-default\" data-id=\"8a00780\" data-element_type=\"section\" data-e-type=\"section\">\n\t\t\t\t\t\t<div class=\"elementor-container elementor-column-gap-default\">\n\t\t\t\t\t<div class=\"elementor-column elementor-col-100 elementor-top-column elementor-element elementor-element-f44839a\" data-id=\"f44839a\" data-element_type=\"column\" data-e-type=\"column\">\n\t\t\t<div class=\"elementor-widget-wrap elementor-element-populated\">\n\t\t\t\t\t\t<div class=\"elementor-element elementor-element-ecf3d43 elementor-widget elementor-widget-text-editor\" data-id=\"ecf3d43\" data-element_type=\"widget\" data-e-type=\"widget\" data-widget_type=\"text-editor.default\">\n\t\t\t\t<div class=\"elementor-widget-container\">\n\t\t\t\t\t\t\t\t\t<h2 style=\"text-align: center;\"><span style=\"color: #808080;\"><em>El \u00e1lbum de Milo J que conecta el folklore argentino con una mirada generacional y contempor\u00e1nea sonar\u00e1 en directo en Espa\u00f1a<\/em><\/span><\/h2>\t\t\t\t\t\t\t\t<\/div>\n\t\t\t\t<\/div>\n\t\t\t\t\t<\/div>\n\t\t<\/div>\n\t\t\t\t\t<\/div>\n\t\t<\/section>\n\t\t\t\t<section class=\"elementor-section elementor-top-section elementor-element elementor-element-2742414 elementor-section-boxed elementor-section-height-default elementor-section-height-default\" data-id=\"2742414\" data-element_type=\"section\" data-e-type=\"section\">\n\t\t\t\t\t\t<div class=\"elementor-container elementor-column-gap-default\">\n\t\t\t\t\t<div class=\"elementor-column elementor-col-100 elementor-top-column elementor-element elementor-element-0807646\" data-id=\"0807646\" data-element_type=\"column\" data-e-type=\"column\">\n\t\t\t<div class=\"elementor-widget-wrap elementor-element-populated\">\n\t\t\t\t\t\t<div class=\"elementor-element elementor-element-f1ee851 elementor-widget elementor-widget-text-editor\" data-id=\"f1ee851\" data-element_type=\"widget\" data-e-type=\"widget\" data-widget_type=\"text-editor.default\">\n\t\t\t\t<div class=\"elementor-widget-container\">\n\t\t\t\t\t\t\t\t\t<p data-start=\"148\" data-end=\"474\">Milo J vuelve a Espa\u00f1a para presentar <em data-start=\"186\" data-end=\"209\">La vida era m\u00e1s corta<\/em>, su nuevo trabajo discogr\u00e1fico y una de las obras m\u00e1s personales y ambiciosas de su carrera hasta la fecha. El artista argentino traer\u00e1 este proyecto a Sevilla, Madrid, Barcelona y Valencia en enero de 2026, en una gira que promete ser tan \u00edntima como contundente.<\/p><p data-start=\"476\" data-end=\"918\">El \u00e1lbum, compuesto por 15 canciones, funciona como un viaje emocional y sonoro que atraviesa el folklore argentino, el tango y los c\u00e1nticos tradicionales, reinterpretados desde una est\u00e9tica actual en la que conviven el rap, la m\u00fasica urbana y los arreglos ac\u00fasticos. Milo J construye un puente entre lo ancestral y lo moderno, explorando temas como la identidad, la memoria y la herencia cultural desde una mirada profundamente generacional.<\/p>\t\t\t\t\t\t\t\t<\/div>\n\t\t\t\t<\/div>\n\t\t\t\t\t<\/div>\n\t\t<\/div>\n\t\t\t\t\t<\/div>\n\t\t<\/section>\n\t\t\t\t<section class=\"elementor-section elementor-top-section elementor-element elementor-element-5ab1e37 elementor-section-boxed elementor-section-height-default elementor-section-height-default\" data-id=\"5ab1e37\" data-element_type=\"section\" data-e-type=\"section\">\n\t\t\t\t\t\t<div class=\"elementor-container elementor-column-gap-default\">\n\t\t\t\t\t<div class=\"elementor-column elementor-col-100 elementor-top-column elementor-element elementor-element-241e3e3\" data-id=\"241e3e3\" data-element_type=\"column\" data-e-type=\"column\">\n\t\t\t<div class=\"elementor-widget-wrap elementor-element-populated\">\n\t\t\t\t\t\t<div class=\"elementor-element elementor-element-930e8d9 elementor-widget elementor-widget-image\" data-id=\"930e8d9\" data-element_type=\"widget\" data-e-type=\"widget\" data-widget_type=\"image.default\">\n\t\t\t\t<div class=\"elementor-widget-container\">\n\t\t\t\t\t\t\t\t\t\t\t\t\t\t\t<img fetchpriority=\"high\" decoding=\"async\" width=\"640\" height=\"800\" src=\"https:\/\/unaymilletras.com\/wp-content\/uploads\/2026\/01\/7e9f859d-15e6-0dc2-ee65-ecae2060-819x1024.jpg\" class=\"attachment-large size-large wp-image-6944\" alt=\"Milo J\" srcset=\"https:\/\/unaymilletras.com\/wp-content\/uploads\/2026\/01\/7e9f859d-15e6-0dc2-ee65-ecae2060-819x1024.jpg 819w, https:\/\/unaymilletras.com\/wp-content\/uploads\/2026\/01\/7e9f859d-15e6-0dc2-ee65-ecae2060-240x300.jpg 240w, https:\/\/unaymilletras.com\/wp-content\/uploads\/2026\/01\/7e9f859d-15e6-0dc2-ee65-ecae2060-768x960.jpg 768w, https:\/\/unaymilletras.com\/wp-content\/uploads\/2026\/01\/7e9f859d-15e6-0dc2-ee65-ecae2060-10x12.jpg 10w, https:\/\/unaymilletras.com\/wp-content\/uploads\/2026\/01\/7e9f859d-15e6-0dc2-ee65-ecae2060-1024x1280.jpg 1024w, https:\/\/unaymilletras.com\/wp-content\/uploads\/2026\/01\/7e9f859d-15e6-0dc2-ee65-ecae2060-e1767960821970.jpg 600w\" sizes=\"(max-width: 640px) 100vw, 640px\" \/>\t\t\t\t\t\t\t\t\t\t\t\t\t\t\t<\/div>\n\t\t\t\t<\/div>\n\t\t\t\t\t<\/div>\n\t\t<\/div>\n\t\t\t\t\t<\/div>\n\t\t<\/section>\n\t\t\t\t<section class=\"elementor-section elementor-top-section elementor-element elementor-element-67f16fc elementor-section-boxed elementor-section-height-default elementor-section-height-default\" data-id=\"67f16fc\" data-element_type=\"section\" data-e-type=\"section\">\n\t\t\t\t\t\t<div class=\"elementor-container elementor-column-gap-default\">\n\t\t\t\t\t<div class=\"elementor-column elementor-col-100 elementor-top-column elementor-element elementor-element-c850b0b\" data-id=\"c850b0b\" data-element_type=\"column\" data-e-type=\"column\">\n\t\t\t<div class=\"elementor-widget-wrap elementor-element-populated\">\n\t\t\t\t\t\t<div class=\"elementor-element elementor-element-609a1c8 elementor-widget elementor-widget-text-editor\" data-id=\"609a1c8\" data-element_type=\"widget\" data-e-type=\"widget\" data-widget_type=\"text-editor.default\">\n\t\t\t\t<div class=\"elementor-widget-container\">\n\t\t\t\t\t\t\t\t\t<p data-start=\"920\" data-end=\"1290\"><em data-start=\"920\" data-end=\"943\">La vida era m\u00e1s corta<\/em> no se plantea solo como un disco, sino como una declaraci\u00f3n art\u00edstica. En sus letras aparecen reflexiones sobre el paso del tiempo, el desencanto, los sue\u00f1os que mutan y la necesidad de resistir a trav\u00e9s del arte. La narrativa del proyecto se apoya en una sensibilidad honesta, donde la introspecci\u00f3n convive con el compromiso emocional y social.<\/p><p data-start=\"1292\" data-end=\"1658\">El \u00e1lbum cuenta con colaboraciones que refuerzan esa idea de di\u00e1logo entre generaciones y estilos, con nombres tan significativos como Mercedes Sosa, Silvio Rodr\u00edguez, Trueno o Akrilla. Instrumentos como el bandone\u00f3n, las guitarras criollas y las percusiones folcl\u00f3ricas se mezclan con beats urbanos, dando forma a un sonido poco habitual dentro de la escena actual.<\/p><p data-start=\"1660\" data-end=\"1988\">Con este nuevo trabajo, Milo J confirma su capacidad para construir un lenguaje propio, capaz de unir pasado y presente sin perder autenticidad. <em data-start=\"1805\" data-end=\"1828\">La vida era m\u00e1s corta<\/em> se presenta como un manifiesto sonoro que habla de ra\u00edces, de tiempo y de emociones compartidas, y que cobra una nueva dimensi\u00f3n cuando se traslada al directo.<\/p><p style=\"text-align: center;\" data-start=\"1990\" data-end=\"2170\"><strong data-start=\"1990\" data-end=\"2023\">Fechas en Espa\u00f1a \u2013 enero 2026<\/strong><br data-start=\"2023\" data-end=\"2026\" \/>Sevilla \u00b7 14\/01 \u00b7 Cartuja Center CITE<br data-start=\"2063\" data-end=\"2066\" \/>Madrid \u00b7 15\/01 \u00b7 Movistar Arena<br data-start=\"2097\" data-end=\"2100\" \/>Barcelona \u00b7 18\/01 \u00b7 Palau Sant Jordi<br data-start=\"2136\" data-end=\"2139\" \/>Valencia \u00b7 19\/01 \u00b7 Roig Arena<\/p><p data-start=\"2172\" data-end=\"2366\" data-is-last-node=\"\" data-is-only-node=\"\">El regreso de Milo J a los escenarios espa\u00f1oles llega como una oportunidad \u00fanica para vivir de cerca un proyecto que ya se perfila como una de las obras clave de la nueva m\u00fasica latinoamericana<\/p>\t\t\t\t\t\t\t\t<\/div>\n\t\t\t\t<\/div>\n\t\t\t\t\t<\/div>\n\t\t<\/div>\n\t\t\t\t\t<\/div>\n\t\t<\/section>\n\t\t\t\t<\/div>","protected":false},"excerpt":{"rendered":"<p>El \u00e1lbum de Milo J que conecta el folklore argentino con una mirada generacional y contempor\u00e1nea sonar\u00e1 en directo en Espa\u00f1a Milo J vuelve a Espa\u00f1a para presentar La vida era m\u00e1s corta, su nuevo trabajo discogr\u00e1fico y una de las obras m\u00e1s personales y ambiciosas de su carrera hasta la fecha. El artista argentino [&hellip;]<\/p>\n","protected":false},"author":6,"featured_media":6944,"comment_status":"closed","ping_status":"closed","sticky":false,"template":"","format":"standard","meta":{"footnotes":""},"categories":[1],"tags":[],"class_list":["post-6941","post","type-post","status-publish","format-standard","has-post-thumbnail","hentry","category-uncategorized"],"yoast_head":"<!-- This site is optimized with the Yoast SEO plugin v27.4 - https:\/\/yoast.com\/product\/yoast-seo-wordpress\/ -->\n<title>Milo J regresa a Espa\u00f1a con La vida era m\u00e1s corta<\/title>\n<meta name=\"description\" content=\"El \u00e1lbum de Milo J que conecta el folklore argentino con una mirada generacional y contempor\u00e1nea sonar\u00e1 en directo en 4 ciudades espa\u00f1olas\" \/>\n<meta name=\"robots\" content=\"index, follow, max-snippet:-1, max-image-preview:large, max-video-preview:-1\" \/>\n<link rel=\"canonical\" href=\"https:\/\/unaymilletras.com\/en\/milo-j-regresa-a-espana-con-la-vida-era-mas-corta\/\" \/>\n<meta property=\"og:locale\" content=\"en_GB\" \/>\n<meta property=\"og:type\" content=\"article\" \/>\n<meta property=\"og:title\" content=\"Milo J regresa a Espa\u00f1a con La vida era m\u00e1s corta\" \/>\n<meta property=\"og:description\" content=\"El \u00e1lbum de Milo J que conecta el folklore argentino con una mirada generacional y contempor\u00e1nea sonar\u00e1 en directo en 4 ciudades espa\u00f1olas\" \/>\n<meta property=\"og:url\" content=\"https:\/\/unaymilletras.com\/en\/milo-j-regresa-a-espana-con-la-vida-era-mas-corta\/\" \/>\n<meta property=\"og:site_name\" content=\"Una y Mil Letras\" \/>\n<meta property=\"article:published_time\" content=\"2025-10-21T11:14:00+00:00\" \/>\n<meta property=\"article:modified_time\" content=\"2026-01-09T12:15:22+00:00\" \/>\n<meta property=\"og:image\" content=\"http:\/\/unaymilletras.com\/wp-content\/uploads\/2026\/01\/7e9f859d-15e6-0dc2-ee65-ecae2060-e1767960821970.jpg\" \/>\n\t<meta property=\"og:image:width\" content=\"600\" \/>\n\t<meta property=\"og:image:height\" content=\"750\" \/>\n\t<meta property=\"og:image:type\" content=\"image\/jpeg\" \/>\n<meta name=\"author\" content=\"Redacci\u00f3n\" \/>\n<meta name=\"twitter:card\" content=\"summary_large_image\" \/>\n<meta name=\"twitter:creator\" content=\"@UnaYMilLetras\" \/>\n<meta name=\"twitter:site\" content=\"@UnaYMilLetras\" \/>\n<meta name=\"twitter:label1\" content=\"Written by\" \/>\n\t<meta name=\"twitter:data1\" content=\"Redacci\u00f3n\" \/>\n\t<meta name=\"twitter:label2\" content=\"Estimated reading time\" \/>\n\t<meta name=\"twitter:data2\" content=\"3 minutes\" \/>\n<script type=\"application\/ld+json\" class=\"yoast-schema-graph\">{\"@context\":\"https:\\\/\\\/schema.org\",\"@graph\":[{\"@type\":\"Article\",\"@id\":\"https:\\\/\\\/unaymilletras.com\\\/milo-j-regresa-a-espana-con-la-vida-era-mas-corta\\\/#article\",\"isPartOf\":{\"@id\":\"https:\\\/\\\/unaymilletras.com\\\/milo-j-regresa-a-espana-con-la-vida-era-mas-corta\\\/\"},\"author\":{\"name\":\"Redacci\u00f3n\",\"@id\":\"http:\\\/\\\/unaymilletras.com\\\/#\\\/schema\\\/person\\\/0860dc8a218329991ee2c7591f4f849d\"},\"headline\":\"Milo J regresa a Espa\u00f1a con La vida era m\u00e1s corta\",\"datePublished\":\"2025-10-21T11:14:00+00:00\",\"dateModified\":\"2026-01-09T12:15:22+00:00\",\"mainEntityOfPage\":{\"@id\":\"https:\\\/\\\/unaymilletras.com\\\/milo-j-regresa-a-espana-con-la-vida-era-mas-corta\\\/\"},\"wordCount\":406,\"publisher\":{\"@id\":\"http:\\\/\\\/unaymilletras.com\\\/#organization\"},\"image\":{\"@id\":\"https:\\\/\\\/unaymilletras.com\\\/milo-j-regresa-a-espana-con-la-vida-era-mas-corta\\\/#primaryimage\"},\"thumbnailUrl\":\"https:\\\/\\\/unaymilletras.com\\\/wp-content\\\/uploads\\\/2026\\\/01\\\/7e9f859d-15e6-0dc2-ee65-ecae2060-e1767960821970.jpg\",\"articleSection\":[\"Uncategorized\"],\"inLanguage\":\"en-GB\"},{\"@type\":\"WebPage\",\"@id\":\"https:\\\/\\\/unaymilletras.com\\\/milo-j-regresa-a-espana-con-la-vida-era-mas-corta\\\/\",\"url\":\"https:\\\/\\\/unaymilletras.com\\\/milo-j-regresa-a-espana-con-la-vida-era-mas-corta\\\/\",\"name\":\"Milo J regresa a Espa\u00f1a con La vida era m\u00e1s corta\",\"isPartOf\":{\"@id\":\"http:\\\/\\\/unaymilletras.com\\\/#website\"},\"primaryImageOfPage\":{\"@id\":\"https:\\\/\\\/unaymilletras.com\\\/milo-j-regresa-a-espana-con-la-vida-era-mas-corta\\\/#primaryimage\"},\"image\":{\"@id\":\"https:\\\/\\\/unaymilletras.com\\\/milo-j-regresa-a-espana-con-la-vida-era-mas-corta\\\/#primaryimage\"},\"thumbnailUrl\":\"https:\\\/\\\/unaymilletras.com\\\/wp-content\\\/uploads\\\/2026\\\/01\\\/7e9f859d-15e6-0dc2-ee65-ecae2060-e1767960821970.jpg\",\"datePublished\":\"2025-10-21T11:14:00+00:00\",\"dateModified\":\"2026-01-09T12:15:22+00:00\",\"description\":\"El \u00e1lbum de Milo J que conecta el folklore argentino con una mirada generacional y contempor\u00e1nea sonar\u00e1 en directo en 4 ciudades espa\u00f1olas\",\"breadcrumb\":{\"@id\":\"https:\\\/\\\/unaymilletras.com\\\/milo-j-regresa-a-espana-con-la-vida-era-mas-corta\\\/#breadcrumb\"},\"inLanguage\":\"en-GB\",\"potentialAction\":[{\"@type\":\"ReadAction\",\"target\":[\"https:\\\/\\\/unaymilletras.com\\\/milo-j-regresa-a-espana-con-la-vida-era-mas-corta\\\/\"]}]},{\"@type\":\"ImageObject\",\"inLanguage\":\"en-GB\",\"@id\":\"https:\\\/\\\/unaymilletras.com\\\/milo-j-regresa-a-espana-con-la-vida-era-mas-corta\\\/#primaryimage\",\"url\":\"https:\\\/\\\/unaymilletras.com\\\/wp-content\\\/uploads\\\/2026\\\/01\\\/7e9f859d-15e6-0dc2-ee65-ecae2060-e1767960821970.jpg\",\"contentUrl\":\"https:\\\/\\\/unaymilletras.com\\\/wp-content\\\/uploads\\\/2026\\\/01\\\/7e9f859d-15e6-0dc2-ee65-ecae2060-e1767960821970.jpg\",\"width\":600,\"height\":750,\"caption\":\"Milo J\"},{\"@type\":\"BreadcrumbList\",\"@id\":\"https:\\\/\\\/unaymilletras.com\\\/milo-j-regresa-a-espana-con-la-vida-era-mas-corta\\\/#breadcrumb\",\"itemListElement\":[{\"@type\":\"ListItem\",\"position\":1,\"name\":\"Home\",\"item\":\"http:\\\/\\\/unaymilletras.com\\\/\"},{\"@type\":\"ListItem\",\"position\":2,\"name\":\"Milo J regresa a Espa\u00f1a con La vida era m\u00e1s corta\"}]},{\"@type\":\"WebSite\",\"@id\":\"http:\\\/\\\/unaymilletras.com\\\/#website\",\"url\":\"http:\\\/\\\/unaymilletras.com\\\/\",\"name\":\"Una y Mil Letras\",\"description\":\"\",\"publisher\":{\"@id\":\"http:\\\/\\\/unaymilletras.com\\\/#organization\"},\"potentialAction\":[{\"@type\":\"SearchAction\",\"target\":{\"@type\":\"EntryPoint\",\"urlTemplate\":\"http:\\\/\\\/unaymilletras.com\\\/?s={search_term_string}\"},\"query-input\":{\"@type\":\"PropertyValueSpecification\",\"valueRequired\":true,\"valueName\":\"search_term_string\"}}],\"inLanguage\":\"en-GB\"},{\"@type\":\"Organization\",\"@id\":\"http:\\\/\\\/unaymilletras.com\\\/#organization\",\"name\":\"Una y Mil Letras\",\"url\":\"http:\\\/\\\/unaymilletras.com\\\/\",\"logo\":{\"@type\":\"ImageObject\",\"inLanguage\":\"en-GB\",\"@id\":\"http:\\\/\\\/unaymilletras.com\\\/#\\\/schema\\\/logo\\\/image\\\/\",\"url\":\"https:\\\/\\\/unaymilletras.com\\\/wp-content\\\/uploads\\\/2024\\\/06\\\/cropped-Logo-removebg-preview.png\",\"contentUrl\":\"https:\\\/\\\/unaymilletras.com\\\/wp-content\\\/uploads\\\/2024\\\/06\\\/cropped-Logo-removebg-preview.png\",\"width\":512,\"height\":512,\"caption\":\"Una y Mil Letras\"},\"image\":{\"@id\":\"http:\\\/\\\/unaymilletras.com\\\/#\\\/schema\\\/logo\\\/image\\\/\"},\"sameAs\":[\"https:\\\/\\\/x.com\\\/UnaYMilLetras\",\"https:\\\/\\\/instagram.com\\\/UnaYMilLetras\"]},{\"@type\":\"Person\",\"@id\":\"http:\\\/\\\/unaymilletras.com\\\/#\\\/schema\\\/person\\\/0860dc8a218329991ee2c7591f4f849d\",\"name\":\"Redacci\u00f3n\",\"image\":{\"@type\":\"ImageObject\",\"inLanguage\":\"en-GB\",\"@id\":\"https:\\\/\\\/secure.gravatar.com\\\/avatar\\\/d8f55e05a8b6597e45c55a1dcbdbfe44f4a360d88b48e00de5216a79b7732796?s=96&d=mm&r=g\",\"url\":\"https:\\\/\\\/secure.gravatar.com\\\/avatar\\\/d8f55e05a8b6597e45c55a1dcbdbfe44f4a360d88b48e00de5216a79b7732796?s=96&d=mm&r=g\",\"contentUrl\":\"https:\\\/\\\/secure.gravatar.com\\\/avatar\\\/d8f55e05a8b6597e45c55a1dcbdbfe44f4a360d88b48e00de5216a79b7732796?s=96&d=mm&r=g\",\"caption\":\"Redacci\u00f3n\"},\"url\":\"https:\\\/\\\/unaymilletras.com\\\/en\\\/author\\\/redaccion\\\/\"}]}<\/script>\n<!-- \/ Yoast SEO plugin. -->","yoast_head_json":{"title":"Milo J regresa a Espa\u00f1a con La vida era m\u00e1s corta","description":"El \u00e1lbum de Milo J que conecta el folklore argentino con una mirada generacional y contempor\u00e1nea sonar\u00e1 en directo en 4 ciudades espa\u00f1olas","robots":{"index":"index","follow":"follow","max-snippet":"max-snippet:-1","max-image-preview":"max-image-preview:large","max-video-preview":"max-video-preview:-1"},"canonical":"https:\/\/unaymilletras.com\/en\/milo-j-regresa-a-espana-con-la-vida-era-mas-corta\/","og_locale":"en_GB","og_type":"article","og_title":"Milo J regresa a Espa\u00f1a con La vida era m\u00e1s corta","og_description":"El \u00e1lbum de Milo J que conecta el folklore argentino con una mirada generacional y contempor\u00e1nea sonar\u00e1 en directo en 4 ciudades espa\u00f1olas","og_url":"https:\/\/unaymilletras.com\/en\/milo-j-regresa-a-espana-con-la-vida-era-mas-corta\/","og_site_name":"Una y Mil Letras","article_published_time":"2025-10-21T11:14:00+00:00","article_modified_time":"2026-01-09T12:15:22+00:00","og_image":[{"width":600,"height":750,"url":"http:\/\/unaymilletras.com\/wp-content\/uploads\/2026\/01\/7e9f859d-15e6-0dc2-ee65-ecae2060-e1767960821970.jpg","type":"image\/jpeg"}],"author":"Redacci\u00f3n","twitter_card":"summary_large_image","twitter_creator":"@UnaYMilLetras","twitter_site":"@UnaYMilLetras","twitter_misc":{"Written by":"Redacci\u00f3n","Estimated reading time":"3 minutes"},"schema":{"@context":"https:\/\/schema.org","@graph":[{"@type":"Article","@id":"https:\/\/unaymilletras.com\/milo-j-regresa-a-espana-con-la-vida-era-mas-corta\/#article","isPartOf":{"@id":"https:\/\/unaymilletras.com\/milo-j-regresa-a-espana-con-la-vida-era-mas-corta\/"},"author":{"name":"Redacci\u00f3n","@id":"http:\/\/unaymilletras.com\/#\/schema\/person\/0860dc8a218329991ee2c7591f4f849d"},"headline":"Milo J regresa a Espa\u00f1a con La vida era m\u00e1s corta","datePublished":"2025-10-21T11:14:00+00:00","dateModified":"2026-01-09T12:15:22+00:00","mainEntityOfPage":{"@id":"https:\/\/unaymilletras.com\/milo-j-regresa-a-espana-con-la-vida-era-mas-corta\/"},"wordCount":406,"publisher":{"@id":"http:\/\/unaymilletras.com\/#organization"},"image":{"@id":"https:\/\/unaymilletras.com\/milo-j-regresa-a-espana-con-la-vida-era-mas-corta\/#primaryimage"},"thumbnailUrl":"https:\/\/unaymilletras.com\/wp-content\/uploads\/2026\/01\/7e9f859d-15e6-0dc2-ee65-ecae2060-e1767960821970.jpg","articleSection":["Uncategorized"],"inLanguage":"en-GB"},{"@type":"WebPage","@id":"https:\/\/unaymilletras.com\/milo-j-regresa-a-espana-con-la-vida-era-mas-corta\/","url":"https:\/\/unaymilletras.com\/milo-j-regresa-a-espana-con-la-vida-era-mas-corta\/","name":"Milo J regresa a Espa\u00f1a con La vida era m\u00e1s corta","isPartOf":{"@id":"http:\/\/unaymilletras.com\/#website"},"primaryImageOfPage":{"@id":"https:\/\/unaymilletras.com\/milo-j-regresa-a-espana-con-la-vida-era-mas-corta\/#primaryimage"},"image":{"@id":"https:\/\/unaymilletras.com\/milo-j-regresa-a-espana-con-la-vida-era-mas-corta\/#primaryimage"},"thumbnailUrl":"https:\/\/unaymilletras.com\/wp-content\/uploads\/2026\/01\/7e9f859d-15e6-0dc2-ee65-ecae2060-e1767960821970.jpg","datePublished":"2025-10-21T11:14:00+00:00","dateModified":"2026-01-09T12:15:22+00:00","description":"El \u00e1lbum de Milo J que conecta el folklore argentino con una mirada generacional y contempor\u00e1nea sonar\u00e1 en directo en 4 ciudades espa\u00f1olas","breadcrumb":{"@id":"https:\/\/unaymilletras.com\/milo-j-regresa-a-espana-con-la-vida-era-mas-corta\/#breadcrumb"},"inLanguage":"en-GB","potentialAction":[{"@type":"ReadAction","target":["https:\/\/unaymilletras.com\/milo-j-regresa-a-espana-con-la-vida-era-mas-corta\/"]}]},{"@type":"ImageObject","inLanguage":"en-GB","@id":"https:\/\/unaymilletras.com\/milo-j-regresa-a-espana-con-la-vida-era-mas-corta\/#primaryimage","url":"https:\/\/unaymilletras.com\/wp-content\/uploads\/2026\/01\/7e9f859d-15e6-0dc2-ee65-ecae2060-e1767960821970.jpg","contentUrl":"https:\/\/unaymilletras.com\/wp-content\/uploads\/2026\/01\/7e9f859d-15e6-0dc2-ee65-ecae2060-e1767960821970.jpg","width":600,"height":750,"caption":"Milo J"},{"@type":"BreadcrumbList","@id":"https:\/\/unaymilletras.com\/milo-j-regresa-a-espana-con-la-vida-era-mas-corta\/#breadcrumb","itemListElement":[{"@type":"ListItem","position":1,"name":"Home","item":"http:\/\/unaymilletras.com\/"},{"@type":"ListItem","position":2,"name":"Milo J regresa a Espa\u00f1a con La vida era m\u00e1s corta"}]},{"@type":"WebSite","@id":"http:\/\/unaymilletras.com\/#website","url":"http:\/\/unaymilletras.com\/","name":"Una y Mil Letras","description":"","publisher":{"@id":"http:\/\/unaymilletras.com\/#organization"},"potentialAction":[{"@type":"SearchAction","target":{"@type":"EntryPoint","urlTemplate":"http:\/\/unaymilletras.com\/?s={search_term_string}"},"query-input":{"@type":"PropertyValueSpecification","valueRequired":true,"valueName":"search_term_string"}}],"inLanguage":"en-GB"},{"@type":"Organization","@id":"http:\/\/unaymilletras.com\/#organization","name":"Una y Mil Letras","url":"http:\/\/unaymilletras.com\/","logo":{"@type":"ImageObject","inLanguage":"en-GB","@id":"http:\/\/unaymilletras.com\/#\/schema\/logo\/image\/","url":"https:\/\/unaymilletras.com\/wp-content\/uploads\/2024\/06\/cropped-Logo-removebg-preview.png","contentUrl":"https:\/\/unaymilletras.com\/wp-content\/uploads\/2024\/06\/cropped-Logo-removebg-preview.png","width":512,"height":512,"caption":"Una y Mil Letras"},"image":{"@id":"http:\/\/unaymilletras.com\/#\/schema\/logo\/image\/"},"sameAs":["https:\/\/x.com\/UnaYMilLetras","https:\/\/instagram.com\/UnaYMilLetras"]},{"@type":"Person","@id":"http:\/\/unaymilletras.com\/#\/schema\/person\/0860dc8a218329991ee2c7591f4f849d","name":"Redacci\u00f3n","image":{"@type":"ImageObject","inLanguage":"en-GB","@id":"https:\/\/secure.gravatar.com\/avatar\/d8f55e05a8b6597e45c55a1dcbdbfe44f4a360d88b48e00de5216a79b7732796?s=96&d=mm&r=g","url":"https:\/\/secure.gravatar.com\/avatar\/d8f55e05a8b6597e45c55a1dcbdbfe44f4a360d88b48e00de5216a79b7732796?s=96&d=mm&r=g","contentUrl":"https:\/\/secure.gravatar.com\/avatar\/d8f55e05a8b6597e45c55a1dcbdbfe44f4a360d88b48e00de5216a79b7732796?s=96&d=mm&r=g","caption":"Redacci\u00f3n"},"url":"https:\/\/unaymilletras.com\/en\/author\/redaccion\/"}]}},"_links":{"self":[{"href":"https:\/\/unaymilletras.com\/en\/wp-json\/wp\/v2\/posts\/6941","targetHints":{"allow":["GET"]}}],"collection":[{"href":"https:\/\/unaymilletras.com\/en\/wp-json\/wp\/v2\/posts"}],"about":[{"href":"https:\/\/unaymilletras.com\/en\/wp-json\/wp\/v2\/types\/post"}],"author":[{"embeddable":true,"href":"https:\/\/unaymilletras.com\/en\/wp-json\/wp\/v2\/users\/6"}],"replies":[{"embeddable":true,"href":"https:\/\/unaymilletras.com\/en\/wp-json\/wp\/v2\/comments?post=6941"}],"version-history":[{"count":7,"href":"https:\/\/unaymilletras.com\/en\/wp-json\/wp\/v2\/posts\/6941\/revisions"}],"predecessor-version":[{"id":6950,"href":"https:\/\/unaymilletras.com\/en\/wp-json\/wp\/v2\/posts\/6941\/revisions\/6950"}],"wp:featuredmedia":[{"embeddable":true,"href":"https:\/\/unaymilletras.com\/en\/wp-json\/wp\/v2\/media\/6944"}],"wp:attachment":[{"href":"https:\/\/unaymilletras.com\/en\/wp-json\/wp\/v2\/media?parent=6941"}],"wp:term":[{"taxonomy":"category","embeddable":true,"href":"https:\/\/unaymilletras.com\/en\/wp-json\/wp\/v2\/categories?post=6941"},{"taxonomy":"post_tag","embeddable":true,"href":"https:\/\/unaymilletras.com\/en\/wp-json\/wp\/v2\/tags?post=6941"}],"curies":[{"name":"wp","href":"https:\/\/api.w.org\/{rel}","templated":true}]}}