{"id":6994,"date":"2026-01-12T18:02:22","date_gmt":"2026-01-12T17:02:22","guid":{"rendered":"https:\/\/unaymilletras.com\/?p=6994"},"modified":"2026-01-15T18:02:54","modified_gmt":"2026-01-15T17:02:54","slug":"tarja-y-marko-hietala-vuelven-a-espana-con-living-the-dream-together-tour-2026","status":"publish","type":"post","link":"https:\/\/unaymilletras.com\/en\/tarja-y-marko-hietala-vuelven-a-espana-con-living-the-dream-together-tour-2026\/","title":{"rendered":"Tarja y Marko Hietala vuelven a Espa\u00f1a con Living the Dream Together Tour 2026"},"content":{"rendered":"<div data-elementor-type=\"wp-post\" data-elementor-id=\"6994\" class=\"elementor elementor-6994\">\n\t\t\t\t\t\t<section class=\"elementor-section elementor-top-section elementor-element elementor-element-c2d2021 elementor-section-boxed elementor-section-height-default elementor-section-height-default\" data-id=\"c2d2021\" data-element_type=\"section\" data-e-type=\"section\">\n\t\t\t\t\t\t<div class=\"elementor-container elementor-column-gap-default\">\n\t\t\t\t\t<div class=\"elementor-column elementor-col-100 elementor-top-column elementor-element elementor-element-675e946\" data-id=\"675e946\" data-element_type=\"column\" data-e-type=\"column\">\n\t\t\t<div class=\"elementor-widget-wrap elementor-element-populated\">\n\t\t\t\t\t\t<div class=\"elementor-element elementor-element-3e6f0a6 elementor-widget elementor-widget-text-editor\" data-id=\"3e6f0a6\" data-element_type=\"widget\" data-e-type=\"widget\" data-widget_type=\"text-editor.default\">\n\t\t\t\t<div class=\"elementor-widget-container\">\n\t\t\t\t\t\t\t\t\t<h2><span style=\"color: #808080;\"><em>Los iconos del metal sinf\u00f3nico, Tarja y Marko Hietala, se re\u00fanen para interpretar cl\u00e1sicos y repertorio en solitario en cuatro ciudades<\/em><\/span><\/h2>\t\t\t\t\t\t\t\t<\/div>\n\t\t\t\t<\/div>\n\t\t\t\t\t<\/div>\n\t\t<\/div>\n\t\t\t\t\t<\/div>\n\t\t<\/section>\n\t\t\t\t<section class=\"elementor-section elementor-top-section elementor-element elementor-element-370df20 elementor-section-boxed elementor-section-height-default elementor-section-height-default\" data-id=\"370df20\" data-element_type=\"section\" data-e-type=\"section\">\n\t\t\t\t\t\t<div class=\"elementor-container elementor-column-gap-default\">\n\t\t\t\t\t<div class=\"elementor-column elementor-col-100 elementor-top-column elementor-element elementor-element-2d7aed4\" data-id=\"2d7aed4\" data-element_type=\"column\" data-e-type=\"column\">\n\t\t\t<div class=\"elementor-widget-wrap elementor-element-populated\">\n\t\t\t\t\t\t<div class=\"elementor-element elementor-element-4729923 elementor-widget elementor-widget-text-editor\" data-id=\"4729923\" data-element_type=\"widget\" data-e-type=\"widget\" data-widget_type=\"text-editor.default\">\n\t\t\t\t<div class=\"elementor-widget-container\">\n\t\t\t\t\t\t\t\t\t<p data-start=\"211\" data-end=\"725\">Tarja Turunen y Marko Hietala, dos de las voces m\u00e1s emblem\u00e1ticas del metal sinf\u00f3nico europeo y exmiembros de Nightwish, han anunciado una gira conjunta que llegar\u00e1 a Espa\u00f1a a principios de 2026. La serie de conciertos forma parte del <em data-start=\"445\" data-end=\"486\"><strong data-start=\"446\" data-end=\"485\">Living the Dream Together Tour 2026<\/strong><\/em> y propone una experiencia \u00fanica para los fans del g\u00e9nero: un recorrido por los repertorios solistas de ambos artistas junto a una selecci\u00f3n especial de cl\u00e1sicos de Nightwish elegidos por ellos mismos.<\/p><p data-start=\"727\" data-end=\"1246\">La gira representa un <strong data-start=\"749\" data-end=\"774\">reencuentro hist\u00f3rico<\/strong> en un formato que va m\u00e1s all\u00e1 de la nostalgia. M\u00e1s que revivir el pasado, Tarja y Marko reinterpretan la m\u00fasica que les consagr\u00f3, combinando su evoluci\u00f3n individual con la qu\u00edmica que les hizo tan influyentes dentro del metal sinf\u00f3nico. Cada concierto incluir\u00e1 sets individuales y momentos compartidos en el escenario, con algunas versiones inesperadas que a\u00f1adir\u00e1n un elemento de sorpresa incluso para seguidores de largo recorrido.<\/p>\t\t\t\t\t\t\t\t<\/div>\n\t\t\t\t<\/div>\n\t\t\t\t\t<\/div>\n\t\t<\/div>\n\t\t\t\t\t<\/div>\n\t\t<\/section>\n\t\t\t\t<section class=\"elementor-section elementor-top-section elementor-element elementor-element-f21bf6d elementor-section-boxed elementor-section-height-default elementor-section-height-default\" data-id=\"f21bf6d\" data-element_type=\"section\" data-e-type=\"section\">\n\t\t\t\t\t\t<div class=\"elementor-container elementor-column-gap-default\">\n\t\t\t\t\t<div class=\"elementor-column elementor-col-100 elementor-top-column elementor-element elementor-element-cf5a288\" data-id=\"cf5a288\" data-element_type=\"column\" data-e-type=\"column\">\n\t\t\t<div class=\"elementor-widget-wrap elementor-element-populated\">\n\t\t\t\t\t\t<div class=\"elementor-element elementor-element-52062b7 elementor-widget elementor-widget-image\" data-id=\"52062b7\" data-element_type=\"widget\" data-e-type=\"widget\" data-widget_type=\"image.default\">\n\t\t\t\t<div class=\"elementor-widget-container\">\n\t\t\t\t\t\t\t\t\t\t\t\t\t\t\t<img fetchpriority=\"high\" decoding=\"async\" width=\"640\" height=\"335\" src=\"https:\/\/unaymilletras.com\/wp-content\/uploads\/2026\/01\/RR26-TarjaMarko-Evento-1200X628.jpg\" class=\"attachment-large size-large wp-image-6996\" alt=\"\" srcset=\"https:\/\/unaymilletras.com\/wp-content\/uploads\/2026\/01\/RR26-TarjaMarko-Evento-1200X628.jpg 800w, https:\/\/unaymilletras.com\/wp-content\/uploads\/2026\/01\/RR26-TarjaMarko-Evento-1200X628-300x157.jpg 300w, https:\/\/unaymilletras.com\/wp-content\/uploads\/2026\/01\/RR26-TarjaMarko-Evento-1200X628-768x402.jpg 768w, https:\/\/unaymilletras.com\/wp-content\/uploads\/2026\/01\/RR26-TarjaMarko-Evento-1200X628-18x9.jpg 18w\" sizes=\"(max-width: 640px) 100vw, 640px\" \/>\t\t\t\t\t\t\t\t\t\t\t\t\t\t\t<\/div>\n\t\t\t\t<\/div>\n\t\t\t\t\t<\/div>\n\t\t<\/div>\n\t\t\t\t\t<\/div>\n\t\t<\/section>\n\t\t\t\t<section class=\"elementor-section elementor-top-section elementor-element elementor-element-7ddbcd2 elementor-section-boxed elementor-section-height-default elementor-section-height-default\" data-id=\"7ddbcd2\" data-element_type=\"section\" data-e-type=\"section\">\n\t\t\t\t\t\t<div class=\"elementor-container elementor-column-gap-default\">\n\t\t\t\t\t<div class=\"elementor-column elementor-col-100 elementor-top-column elementor-element elementor-element-390a2f2\" data-id=\"390a2f2\" data-element_type=\"column\" data-e-type=\"column\">\n\t\t\t<div class=\"elementor-widget-wrap elementor-element-populated\">\n\t\t\t\t\t\t<div class=\"elementor-element elementor-element-468e5d8 elementor-widget elementor-widget-text-editor\" data-id=\"468e5d8\" data-element_type=\"widget\" data-e-type=\"widget\" data-widget_type=\"text-editor.default\">\n\t\t\t\t<div class=\"elementor-widget-container\">\n\t\t\t\t\t\t\t\t\t<p data-start=\"1248\" data-end=\"1510\">Los conciertos en Espa\u00f1a est\u00e1n programados en <strong data-start=\"1294\" data-end=\"1313\">cuatro ciudades<\/strong> y ofrecer\u00e1n una oportunidad excepcional para ver a estas dos figuras legendarias en directo, con un repertorio que une intensidad, t\u00e9cnica vocal y emotividad:<\/p><ul data-start=\"1512\" data-end=\"1748\"><li data-start=\"1512\" data-end=\"1560\"><p data-start=\"1514\" data-end=\"1560\"><strong data-start=\"1514\" data-end=\"1537\">30 de enero de 2026<\/strong> \u2013 Gij\u00f3n, Gij\u00f3n Arena<\/p><\/li><li data-start=\"1512\" data-end=\"1560\"><p data-start=\"1514\" data-end=\"1560\"><strong data-start=\"1563\" data-end=\"1586\">31 de enero de 2026<\/strong> \u2013 Bilbao, Santana 27<\/p><\/li><li data-start=\"1610\" data-end=\"1659\"><p data-start=\"1612\" data-end=\"1659\"><strong data-start=\"1612\" data-end=\"1636\">2 de febrero de 2026<\/strong> \u2013 Madrid, La Riviera<\/p><\/li><li data-start=\"1660\" data-end=\"1748\"><p data-start=\"1662\" data-end=\"1748\"><strong data-start=\"1662\" data-end=\"1686\">3 de febrero de 2026<\/strong> \u2013 Barcelona, Razzmatazz<\/p><\/li><\/ul><p data-start=\"1750\" data-end=\"2179\">La gira llegar\u00e1 a mediados del invierno y promete ser uno de los primeros grandes hitos musicales del a\u00f1o para los aficionados al metal en Espa\u00f1a. Adem\u00e1s de la potencia vocal de Tarja, reconocida por su formaci\u00f3n l\u00edrica y su carrera en solitario, y la fuerza interpretativa de Marko, la colaboraci\u00f3n de ambos en este tour subraya su mutua qu\u00edmica art\u00edstica y su legado conjunto en Nightwish.<\/p><p data-start=\"2181\" data-end=\"2423\">Las entradas para las fechas espa\u00f1olas se pusieron a la venta tras una preventa exclusiva ligada al Resurrection Fest EG 2025 y luego en venta general a trav\u00e9s de la plataforma de Route Resurrection Fest.<\/p><p data-start=\"2425\" data-end=\"2690\">Este regreso conjunto a Espa\u00f1a ofrece tanto una mirada al pasado como una celebraci\u00f3n de sus trayectorias individuales, en un formato pensado para emocionar a quienes crecieron con su m\u00fasica y para sorprender a nuevos p\u00fablicos.<\/p>\t\t\t\t\t\t\t\t<\/div>\n\t\t\t\t<\/div>\n\t\t\t\t\t<\/div>\n\t\t<\/div>\n\t\t\t\t\t<\/div>\n\t\t<\/section>\n\t\t\t\t<\/div>","protected":false},"excerpt":{"rendered":"<p>Los iconos del metal sinf\u00f3nico, Tarja y Marko Hietala, se re\u00fanen para interpretar cl\u00e1sicos y repertorio en solitario en cuatro ciudades Tarja Turunen y Marko Hietala, dos de las voces m\u00e1s emblem\u00e1ticas del metal sinf\u00f3nico europeo y exmiembros de Nightwish, han anunciado una gira conjunta que llegar\u00e1 a Espa\u00f1a a principios de 2026. La serie [&hellip;]<\/p>\n","protected":false},"author":6,"featured_media":6996,"comment_status":"closed","ping_status":"closed","sticky":false,"template":"","format":"standard","meta":{"footnotes":""},"categories":[4],"tags":[],"class_list":["post-6994","post","type-post","status-publish","format-standard","has-post-thumbnail","hentry","category-musica"],"yoast_head":"<!-- This site is optimized with the Yoast SEO plugin v27.4 - https:\/\/yoast.com\/product\/yoast-seo-wordpress\/ -->\n<title>Tarja y Marko Hietala vuelven a Espa\u00f1a con Living the Dream Together Tour 2026<\/title>\n<meta name=\"description\" content=\"Los iconos del metal sinf\u00f3nico, Tarja y Marko Hietala, se re\u00fanen para interpretar cl\u00e1sicos y repertorio en solitario en cuatro ciudades\" \/>\n<meta name=\"robots\" content=\"index, follow, max-snippet:-1, max-image-preview:large, max-video-preview:-1\" \/>\n<link rel=\"canonical\" href=\"https:\/\/unaymilletras.com\/en\/tarja-y-marko-hietala-vuelven-a-espana-con-living-the-dream-together-tour-2026\/\" \/>\n<meta property=\"og:locale\" content=\"en_GB\" \/>\n<meta property=\"og:type\" content=\"article\" \/>\n<meta property=\"og:title\" content=\"Tarja y Marko Hietala vuelven a Espa\u00f1a con Living the Dream Together Tour 2026\" \/>\n<meta property=\"og:description\" content=\"Los iconos del metal sinf\u00f3nico, Tarja y Marko Hietala, se re\u00fanen para interpretar cl\u00e1sicos y repertorio en solitario en cuatro ciudades\" \/>\n<meta property=\"og:url\" content=\"https:\/\/unaymilletras.com\/en\/tarja-y-marko-hietala-vuelven-a-espana-con-living-the-dream-together-tour-2026\/\" \/>\n<meta property=\"og:site_name\" content=\"Una y Mil Letras\" \/>\n<meta property=\"article:published_time\" content=\"2026-01-12T17:02:22+00:00\" \/>\n<meta property=\"article:modified_time\" content=\"2026-01-15T17:02:54+00:00\" \/>\n<meta property=\"og:image\" content=\"http:\/\/unaymilletras.com\/wp-content\/uploads\/2026\/01\/RR26-TarjaMarko-Evento-1200X628.jpg\" \/>\n\t<meta property=\"og:image:width\" content=\"800\" \/>\n\t<meta property=\"og:image:height\" content=\"419\" \/>\n\t<meta property=\"og:image:type\" content=\"image\/jpeg\" \/>\n<meta name=\"author\" content=\"Redacci\u00f3n\" \/>\n<meta name=\"twitter:card\" content=\"summary_large_image\" \/>\n<meta name=\"twitter:creator\" content=\"@UnaYMilLetras\" \/>\n<meta name=\"twitter:site\" content=\"@UnaYMilLetras\" \/>\n<meta name=\"twitter:label1\" content=\"Written by\" \/>\n\t<meta name=\"twitter:data1\" content=\"Redacci\u00f3n\" \/>\n\t<meta name=\"twitter:label2\" content=\"Estimated reading time\" \/>\n\t<meta name=\"twitter:data2\" content=\"3 minutes\" \/>\n<script type=\"application\/ld+json\" class=\"yoast-schema-graph\">{\"@context\":\"https:\\\/\\\/schema.org\",\"@graph\":[{\"@type\":\"Article\",\"@id\":\"https:\\\/\\\/unaymilletras.com\\\/tarja-y-marko-hietala-vuelven-a-espana-con-living-the-dream-together-tour-2026\\\/#article\",\"isPartOf\":{\"@id\":\"https:\\\/\\\/unaymilletras.com\\\/tarja-y-marko-hietala-vuelven-a-espana-con-living-the-dream-together-tour-2026\\\/\"},\"author\":{\"name\":\"Redacci\u00f3n\",\"@id\":\"http:\\\/\\\/unaymilletras.com\\\/#\\\/schema\\\/person\\\/0860dc8a218329991ee2c7591f4f849d\"},\"headline\":\"Tarja y Marko Hietala vuelven a Espa\u00f1a con Living the Dream Together Tour 2026\",\"datePublished\":\"2026-01-12T17:02:22+00:00\",\"dateModified\":\"2026-01-15T17:02:54+00:00\",\"mainEntityOfPage\":{\"@id\":\"https:\\\/\\\/unaymilletras.com\\\/tarja-y-marko-hietala-vuelven-a-espana-con-living-the-dream-together-tour-2026\\\/\"},\"wordCount\":414,\"publisher\":{\"@id\":\"http:\\\/\\\/unaymilletras.com\\\/#organization\"},\"image\":{\"@id\":\"https:\\\/\\\/unaymilletras.com\\\/tarja-y-marko-hietala-vuelven-a-espana-con-living-the-dream-together-tour-2026\\\/#primaryimage\"},\"thumbnailUrl\":\"https:\\\/\\\/unaymilletras.com\\\/wp-content\\\/uploads\\\/2026\\\/01\\\/RR26-TarjaMarko-Evento-1200X628.jpg\",\"articleSection\":[\"M\u00fasica\"],\"inLanguage\":\"en-GB\"},{\"@type\":\"WebPage\",\"@id\":\"https:\\\/\\\/unaymilletras.com\\\/tarja-y-marko-hietala-vuelven-a-espana-con-living-the-dream-together-tour-2026\\\/\",\"url\":\"https:\\\/\\\/unaymilletras.com\\\/tarja-y-marko-hietala-vuelven-a-espana-con-living-the-dream-together-tour-2026\\\/\",\"name\":\"Tarja y Marko Hietala vuelven a Espa\u00f1a con Living the Dream Together Tour 2026\",\"isPartOf\":{\"@id\":\"http:\\\/\\\/unaymilletras.com\\\/#website\"},\"primaryImageOfPage\":{\"@id\":\"https:\\\/\\\/unaymilletras.com\\\/tarja-y-marko-hietala-vuelven-a-espana-con-living-the-dream-together-tour-2026\\\/#primaryimage\"},\"image\":{\"@id\":\"https:\\\/\\\/unaymilletras.com\\\/tarja-y-marko-hietala-vuelven-a-espana-con-living-the-dream-together-tour-2026\\\/#primaryimage\"},\"thumbnailUrl\":\"https:\\\/\\\/unaymilletras.com\\\/wp-content\\\/uploads\\\/2026\\\/01\\\/RR26-TarjaMarko-Evento-1200X628.jpg\",\"datePublished\":\"2026-01-12T17:02:22+00:00\",\"dateModified\":\"2026-01-15T17:02:54+00:00\",\"description\":\"Los iconos del metal sinf\u00f3nico, Tarja y Marko Hietala, se re\u00fanen para interpretar cl\u00e1sicos y repertorio en solitario en cuatro ciudades\",\"breadcrumb\":{\"@id\":\"https:\\\/\\\/unaymilletras.com\\\/tarja-y-marko-hietala-vuelven-a-espana-con-living-the-dream-together-tour-2026\\\/#breadcrumb\"},\"inLanguage\":\"en-GB\",\"potentialAction\":[{\"@type\":\"ReadAction\",\"target\":[\"https:\\\/\\\/unaymilletras.com\\\/tarja-y-marko-hietala-vuelven-a-espana-con-living-the-dream-together-tour-2026\\\/\"]}]},{\"@type\":\"ImageObject\",\"inLanguage\":\"en-GB\",\"@id\":\"https:\\\/\\\/unaymilletras.com\\\/tarja-y-marko-hietala-vuelven-a-espana-con-living-the-dream-together-tour-2026\\\/#primaryimage\",\"url\":\"https:\\\/\\\/unaymilletras.com\\\/wp-content\\\/uploads\\\/2026\\\/01\\\/RR26-TarjaMarko-Evento-1200X628.jpg\",\"contentUrl\":\"https:\\\/\\\/unaymilletras.com\\\/wp-content\\\/uploads\\\/2026\\\/01\\\/RR26-TarjaMarko-Evento-1200X628.jpg\",\"width\":800,\"height\":419},{\"@type\":\"BreadcrumbList\",\"@id\":\"https:\\\/\\\/unaymilletras.com\\\/tarja-y-marko-hietala-vuelven-a-espana-con-living-the-dream-together-tour-2026\\\/#breadcrumb\",\"itemListElement\":[{\"@type\":\"ListItem\",\"position\":1,\"name\":\"Home\",\"item\":\"http:\\\/\\\/unaymilletras.com\\\/\"},{\"@type\":\"ListItem\",\"position\":2,\"name\":\"Tarja y Marko Hietala vuelven a Espa\u00f1a con Living the Dream Together Tour 2026\"}]},{\"@type\":\"WebSite\",\"@id\":\"http:\\\/\\\/unaymilletras.com\\\/#website\",\"url\":\"http:\\\/\\\/unaymilletras.com\\\/\",\"name\":\"Una y Mil Letras\",\"description\":\"\",\"publisher\":{\"@id\":\"http:\\\/\\\/unaymilletras.com\\\/#organization\"},\"potentialAction\":[{\"@type\":\"SearchAction\",\"target\":{\"@type\":\"EntryPoint\",\"urlTemplate\":\"http:\\\/\\\/unaymilletras.com\\\/?s={search_term_string}\"},\"query-input\":{\"@type\":\"PropertyValueSpecification\",\"valueRequired\":true,\"valueName\":\"search_term_string\"}}],\"inLanguage\":\"en-GB\"},{\"@type\":\"Organization\",\"@id\":\"http:\\\/\\\/unaymilletras.com\\\/#organization\",\"name\":\"Una y Mil Letras\",\"url\":\"http:\\\/\\\/unaymilletras.com\\\/\",\"logo\":{\"@type\":\"ImageObject\",\"inLanguage\":\"en-GB\",\"@id\":\"http:\\\/\\\/unaymilletras.com\\\/#\\\/schema\\\/logo\\\/image\\\/\",\"url\":\"https:\\\/\\\/unaymilletras.com\\\/wp-content\\\/uploads\\\/2024\\\/06\\\/cropped-Logo-removebg-preview.png\",\"contentUrl\":\"https:\\\/\\\/unaymilletras.com\\\/wp-content\\\/uploads\\\/2024\\\/06\\\/cropped-Logo-removebg-preview.png\",\"width\":512,\"height\":512,\"caption\":\"Una y Mil Letras\"},\"image\":{\"@id\":\"http:\\\/\\\/unaymilletras.com\\\/#\\\/schema\\\/logo\\\/image\\\/\"},\"sameAs\":[\"https:\\\/\\\/x.com\\\/UnaYMilLetras\",\"https:\\\/\\\/instagram.com\\\/UnaYMilLetras\"]},{\"@type\":\"Person\",\"@id\":\"http:\\\/\\\/unaymilletras.com\\\/#\\\/schema\\\/person\\\/0860dc8a218329991ee2c7591f4f849d\",\"name\":\"Redacci\u00f3n\",\"image\":{\"@type\":\"ImageObject\",\"inLanguage\":\"en-GB\",\"@id\":\"https:\\\/\\\/secure.gravatar.com\\\/avatar\\\/d8f55e05a8b6597e45c55a1dcbdbfe44f4a360d88b48e00de5216a79b7732796?s=96&d=mm&r=g\",\"url\":\"https:\\\/\\\/secure.gravatar.com\\\/avatar\\\/d8f55e05a8b6597e45c55a1dcbdbfe44f4a360d88b48e00de5216a79b7732796?s=96&d=mm&r=g\",\"contentUrl\":\"https:\\\/\\\/secure.gravatar.com\\\/avatar\\\/d8f55e05a8b6597e45c55a1dcbdbfe44f4a360d88b48e00de5216a79b7732796?s=96&d=mm&r=g\",\"caption\":\"Redacci\u00f3n\"},\"url\":\"https:\\\/\\\/unaymilletras.com\\\/en\\\/author\\\/redaccion\\\/\"}]}<\/script>\n<!-- \/ Yoast SEO plugin. -->","yoast_head_json":{"title":"Tarja y Marko Hietala vuelven a Espa\u00f1a con Living the Dream Together Tour 2026","description":"Los iconos del metal sinf\u00f3nico, Tarja y Marko Hietala, se re\u00fanen para interpretar cl\u00e1sicos y repertorio en solitario en cuatro ciudades","robots":{"index":"index","follow":"follow","max-snippet":"max-snippet:-1","max-image-preview":"max-image-preview:large","max-video-preview":"max-video-preview:-1"},"canonical":"https:\/\/unaymilletras.com\/en\/tarja-y-marko-hietala-vuelven-a-espana-con-living-the-dream-together-tour-2026\/","og_locale":"en_GB","og_type":"article","og_title":"Tarja y Marko Hietala vuelven a Espa\u00f1a con Living the Dream Together Tour 2026","og_description":"Los iconos del metal sinf\u00f3nico, Tarja y Marko Hietala, se re\u00fanen para interpretar cl\u00e1sicos y repertorio en solitario en cuatro ciudades","og_url":"https:\/\/unaymilletras.com\/en\/tarja-y-marko-hietala-vuelven-a-espana-con-living-the-dream-together-tour-2026\/","og_site_name":"Una y Mil Letras","article_published_time":"2026-01-12T17:02:22+00:00","article_modified_time":"2026-01-15T17:02:54+00:00","og_image":[{"width":800,"height":419,"url":"http:\/\/unaymilletras.com\/wp-content\/uploads\/2026\/01\/RR26-TarjaMarko-Evento-1200X628.jpg","type":"image\/jpeg"}],"author":"Redacci\u00f3n","twitter_card":"summary_large_image","twitter_creator":"@UnaYMilLetras","twitter_site":"@UnaYMilLetras","twitter_misc":{"Written by":"Redacci\u00f3n","Estimated reading time":"3 minutes"},"schema":{"@context":"https:\/\/schema.org","@graph":[{"@type":"Article","@id":"https:\/\/unaymilletras.com\/tarja-y-marko-hietala-vuelven-a-espana-con-living-the-dream-together-tour-2026\/#article","isPartOf":{"@id":"https:\/\/unaymilletras.com\/tarja-y-marko-hietala-vuelven-a-espana-con-living-the-dream-together-tour-2026\/"},"author":{"name":"Redacci\u00f3n","@id":"http:\/\/unaymilletras.com\/#\/schema\/person\/0860dc8a218329991ee2c7591f4f849d"},"headline":"Tarja y Marko Hietala vuelven a Espa\u00f1a con Living the Dream Together Tour 2026","datePublished":"2026-01-12T17:02:22+00:00","dateModified":"2026-01-15T17:02:54+00:00","mainEntityOfPage":{"@id":"https:\/\/unaymilletras.com\/tarja-y-marko-hietala-vuelven-a-espana-con-living-the-dream-together-tour-2026\/"},"wordCount":414,"publisher":{"@id":"http:\/\/unaymilletras.com\/#organization"},"image":{"@id":"https:\/\/unaymilletras.com\/tarja-y-marko-hietala-vuelven-a-espana-con-living-the-dream-together-tour-2026\/#primaryimage"},"thumbnailUrl":"https:\/\/unaymilletras.com\/wp-content\/uploads\/2026\/01\/RR26-TarjaMarko-Evento-1200X628.jpg","articleSection":["M\u00fasica"],"inLanguage":"en-GB"},{"@type":"WebPage","@id":"https:\/\/unaymilletras.com\/tarja-y-marko-hietala-vuelven-a-espana-con-living-the-dream-together-tour-2026\/","url":"https:\/\/unaymilletras.com\/tarja-y-marko-hietala-vuelven-a-espana-con-living-the-dream-together-tour-2026\/","name":"Tarja y Marko Hietala vuelven a Espa\u00f1a con Living the Dream Together Tour 2026","isPartOf":{"@id":"http:\/\/unaymilletras.com\/#website"},"primaryImageOfPage":{"@id":"https:\/\/unaymilletras.com\/tarja-y-marko-hietala-vuelven-a-espana-con-living-the-dream-together-tour-2026\/#primaryimage"},"image":{"@id":"https:\/\/unaymilletras.com\/tarja-y-marko-hietala-vuelven-a-espana-con-living-the-dream-together-tour-2026\/#primaryimage"},"thumbnailUrl":"https:\/\/unaymilletras.com\/wp-content\/uploads\/2026\/01\/RR26-TarjaMarko-Evento-1200X628.jpg","datePublished":"2026-01-12T17:02:22+00:00","dateModified":"2026-01-15T17:02:54+00:00","description":"Los iconos del metal sinf\u00f3nico, Tarja y Marko Hietala, se re\u00fanen para interpretar cl\u00e1sicos y repertorio en solitario en cuatro ciudades","breadcrumb":{"@id":"https:\/\/unaymilletras.com\/tarja-y-marko-hietala-vuelven-a-espana-con-living-the-dream-together-tour-2026\/#breadcrumb"},"inLanguage":"en-GB","potentialAction":[{"@type":"ReadAction","target":["https:\/\/unaymilletras.com\/tarja-y-marko-hietala-vuelven-a-espana-con-living-the-dream-together-tour-2026\/"]}]},{"@type":"ImageObject","inLanguage":"en-GB","@id":"https:\/\/unaymilletras.com\/tarja-y-marko-hietala-vuelven-a-espana-con-living-the-dream-together-tour-2026\/#primaryimage","url":"https:\/\/unaymilletras.com\/wp-content\/uploads\/2026\/01\/RR26-TarjaMarko-Evento-1200X628.jpg","contentUrl":"https:\/\/unaymilletras.com\/wp-content\/uploads\/2026\/01\/RR26-TarjaMarko-Evento-1200X628.jpg","width":800,"height":419},{"@type":"BreadcrumbList","@id":"https:\/\/unaymilletras.com\/tarja-y-marko-hietala-vuelven-a-espana-con-living-the-dream-together-tour-2026\/#breadcrumb","itemListElement":[{"@type":"ListItem","position":1,"name":"Home","item":"http:\/\/unaymilletras.com\/"},{"@type":"ListItem","position":2,"name":"Tarja y Marko Hietala vuelven a Espa\u00f1a con Living the Dream Together Tour 2026"}]},{"@type":"WebSite","@id":"http:\/\/unaymilletras.com\/#website","url":"http:\/\/unaymilletras.com\/","name":"Una y Mil Letras","description":"","publisher":{"@id":"http:\/\/unaymilletras.com\/#organization"},"potentialAction":[{"@type":"SearchAction","target":{"@type":"EntryPoint","urlTemplate":"http:\/\/unaymilletras.com\/?s={search_term_string}"},"query-input":{"@type":"PropertyValueSpecification","valueRequired":true,"valueName":"search_term_string"}}],"inLanguage":"en-GB"},{"@type":"Organization","@id":"http:\/\/unaymilletras.com\/#organization","name":"Una y Mil Letras","url":"http:\/\/unaymilletras.com\/","logo":{"@type":"ImageObject","inLanguage":"en-GB","@id":"http:\/\/unaymilletras.com\/#\/schema\/logo\/image\/","url":"https:\/\/unaymilletras.com\/wp-content\/uploads\/2024\/06\/cropped-Logo-removebg-preview.png","contentUrl":"https:\/\/unaymilletras.com\/wp-content\/uploads\/2024\/06\/cropped-Logo-removebg-preview.png","width":512,"height":512,"caption":"Una y Mil Letras"},"image":{"@id":"http:\/\/unaymilletras.com\/#\/schema\/logo\/image\/"},"sameAs":["https:\/\/x.com\/UnaYMilLetras","https:\/\/instagram.com\/UnaYMilLetras"]},{"@type":"Person","@id":"http:\/\/unaymilletras.com\/#\/schema\/person\/0860dc8a218329991ee2c7591f4f849d","name":"Redacci\u00f3n","image":{"@type":"ImageObject","inLanguage":"en-GB","@id":"https:\/\/secure.gravatar.com\/avatar\/d8f55e05a8b6597e45c55a1dcbdbfe44f4a360d88b48e00de5216a79b7732796?s=96&d=mm&r=g","url":"https:\/\/secure.gravatar.com\/avatar\/d8f55e05a8b6597e45c55a1dcbdbfe44f4a360d88b48e00de5216a79b7732796?s=96&d=mm&r=g","contentUrl":"https:\/\/secure.gravatar.com\/avatar\/d8f55e05a8b6597e45c55a1dcbdbfe44f4a360d88b48e00de5216a79b7732796?s=96&d=mm&r=g","caption":"Redacci\u00f3n"},"url":"https:\/\/unaymilletras.com\/en\/author\/redaccion\/"}]}},"_links":{"self":[{"href":"https:\/\/unaymilletras.com\/en\/wp-json\/wp\/v2\/posts\/6994","targetHints":{"allow":["GET"]}}],"collection":[{"href":"https:\/\/unaymilletras.com\/en\/wp-json\/wp\/v2\/posts"}],"about":[{"href":"https:\/\/unaymilletras.com\/en\/wp-json\/wp\/v2\/types\/post"}],"author":[{"embeddable":true,"href":"https:\/\/unaymilletras.com\/en\/wp-json\/wp\/v2\/users\/6"}],"replies":[{"embeddable":true,"href":"https:\/\/unaymilletras.com\/en\/wp-json\/wp\/v2\/comments?post=6994"}],"version-history":[{"count":4,"href":"https:\/\/unaymilletras.com\/en\/wp-json\/wp\/v2\/posts\/6994\/revisions"}],"predecessor-version":[{"id":7001,"href":"https:\/\/unaymilletras.com\/en\/wp-json\/wp\/v2\/posts\/6994\/revisions\/7001"}],"wp:featuredmedia":[{"embeddable":true,"href":"https:\/\/unaymilletras.com\/en\/wp-json\/wp\/v2\/media\/6996"}],"wp:attachment":[{"href":"https:\/\/unaymilletras.com\/en\/wp-json\/wp\/v2\/media?parent=6994"}],"wp:term":[{"taxonomy":"category","embeddable":true,"href":"https:\/\/unaymilletras.com\/en\/wp-json\/wp\/v2\/categories?post=6994"},{"taxonomy":"post_tag","embeddable":true,"href":"https:\/\/unaymilletras.com\/en\/wp-json\/wp\/v2\/tags?post=6994"}],"curies":[{"name":"wp","href":"https:\/\/api.w.org\/{rel}","templated":true}]}}