{"id":6998,"date":"2026-01-15T18:28:35","date_gmt":"2026-01-15T17:28:35","guid":{"rendered":"https:\/\/unaymilletras.com\/?p=6998"},"modified":"2026-01-15T18:29:02","modified_gmt":"2026-01-15T17:29:02","slug":"leiva-nominado-a-los-goya-2026-por-hasta-que-me-quede-sin-voz","status":"publish","type":"post","link":"https:\/\/unaymilletras.com\/en\/leiva-nominado-a-los-goya-2026-por-hasta-que-me-quede-sin-voz\/","title":{"rendered":"Leiva, nominado a los Goya 2026 por \u201cHasta que me quede sin voz\u201d"},"content":{"rendered":"<div data-elementor-type=\"wp-post\" data-elementor-id=\"6998\" class=\"elementor elementor-6998\">\n\t\t\t\t\t\t<section class=\"elementor-section elementor-top-section elementor-element elementor-element-f75fb76 elementor-section-boxed elementor-section-height-default elementor-section-height-default\" data-id=\"f75fb76\" data-element_type=\"section\" data-e-type=\"section\">\n\t\t\t\t\t\t<div class=\"elementor-container elementor-column-gap-default\">\n\t\t\t\t\t<div class=\"elementor-column elementor-col-100 elementor-top-column elementor-element elementor-element-7cc1735\" data-id=\"7cc1735\" data-element_type=\"column\" data-e-type=\"column\">\n\t\t\t<div class=\"elementor-widget-wrap elementor-element-populated\">\n\t\t\t\t\t\t<div class=\"elementor-element elementor-element-3cc115f elementor-widget elementor-widget-heading\" data-id=\"3cc115f\" data-element_type=\"widget\" data-e-type=\"widget\" data-widget_type=\"heading.default\">\n\t\t\t\t<div class=\"elementor-widget-container\">\n\t\t\t\t\t<h2 class=\"elementor-heading-title elementor-size-default\">La gala de los Premios Goya 2026 se celebrar\u00e1 el 28 de febrero en Barcelona<\/h2>\t\t\t\t<\/div>\n\t\t\t\t<\/div>\n\t\t\t\t\t<\/div>\n\t\t<\/div>\n\t\t\t\t\t<\/div>\n\t\t<\/section>\n\t\t\t\t<section class=\"elementor-section elementor-top-section elementor-element elementor-element-7a697c07 elementor-section-boxed elementor-section-height-default elementor-section-height-default\" data-id=\"7a697c07\" data-element_type=\"section\" data-e-type=\"section\">\n\t\t\t\t\t\t<div class=\"elementor-container elementor-column-gap-default\">\n\t\t\t\t\t<div class=\"elementor-column elementor-col-100 elementor-top-column elementor-element elementor-element-6d5abc32\" data-id=\"6d5abc32\" data-element_type=\"column\" data-e-type=\"column\">\n\t\t\t<div class=\"elementor-widget-wrap elementor-element-populated\">\n\t\t\t\t\t\t<div class=\"elementor-element elementor-element-139f5d99 elementor-widget elementor-widget-text-editor\" data-id=\"139f5d99\" data-element_type=\"widget\" data-e-type=\"widget\" data-widget_type=\"text-editor.default\">\n\t\t\t\t<div class=\"elementor-widget-container\">\n\t\t\t\t\t\t\t\t\t\n<p>No hay dos sin tres. Y Leiva es el claro ejemplo de ello. Despu\u00e9s de ganar el Goya por \u201cLa llamada\u201d en 2018 y por <em>\u201cSinti\u00e9ndolo mucho\u201d<\/em> junto a Joaqu\u00edn Sabina en 2023, el cantautor madrile\u00f1o ha sido nominado a los Premios Goya 2026 en la categor\u00eda de Mejor Canci\u00f3n Original por <em>\u201cHasta que me quede sin voz\u201d<\/em>. Este es el tema principal del documental que lleva el mismo nombre y que ya se puede ver en Movistar+.<\/p>\n\n\n\n<p>La canci\u00f3n, compuesta, producida e interpretada por Leiva, acompa\u00f1a la historia con delicadeza y fuerza, convirti\u00e9ndose en la banda sonora perfecta gracias a su capacidad innata de contar historias con la m\u00fasica. El filme se estren\u00f3 en festivales como el Festival de Cine de San Sebasti\u00e1n y el In-Edit de Barcelona. Y, ahora, contin\u00faa su recorrido internacional con proyecciones en Buenos Aires y, desde el 22 de enero, en Ciudad de M\u00e9xico.<\/p>\n\n\n\n<figure class=\"wp-block-embed is-type-video is-provider-youtube wp-block-embed-youtube wp-embed-aspect-16-9 wp-has-aspect-ratio\"><div class=\"wp-block-embed__wrapper\">\n<iframe title=\"Leiva - Hasta que me quede sin voz (Video Oficial)\" width=\"640\" height=\"360\" src=\"https:\/\/www.youtube.com\/embed\/nctxJ4qi3Ws?feature=oembed\" frameborder=\"0\" allow=\"accelerometer; autoplay; clipboard-write; encrypted-media; gyroscope; picture-in-picture; web-share\" referrerpolicy=\"strict-origin-when-cross-origin\" allowfullscreen><\/iframe>\n<\/div><\/figure>\n\n\n\n<p>Este a\u00f1o, la categor\u00eda de Mejor Canci\u00f3n Original re\u00fane a grandes artistas del panorama espa\u00f1ol. Leiva compite con nombres como Alba Flores, Silvia P\u00e9rez Cruz y V\u00edctor Manuel, pero su trayectoria y su capacidad para emocionar con la m\u00fasica lo consolidan como uno de los favoritos.<\/p>\n\n\n\n<h2 class=\"wp-block-heading\">\u00abGigante\u00bb, su \u00faltimo \u00e1lbum<\/h2>\n\n\n\n<p>2025 fue, sin duda, un a\u00f1o inolvidable para el artista. Su \u00faltimo \u00e1lbum, Gigante, ha sido certificado Disco de Platino, y su Tour Gigante ha llenado salas en Chile, Uruguay y Argentina. Ahora, el tour sigue su curso internacional con fechas en M\u00e9xico, Colombia y Per\u00fa, antes de regresar a Espa\u00f1a para cerrar la gira con una serie de conciertos que prometen ser inolvidables, incluido un Movistar Arena <em>sold out<\/em> en Madrid. <a href=\"https:\/\/www.leivaweb.es\/\">Las entradas est\u00e1n disponibles en la web del artista.<\/a><\/p>\n\n\n\n<ul class=\"wp-block-list\">\n<li>27\/06 Zaragoza \u2013 Ibercaja Estadio<\/li>\n\n\n\n<li>04\/07 Vigo \u2013 Porto de Vigo<\/li>\n\n\n\n<li>18\/07 C\u00e1diz \u2013 C\u00e1diz Music Stadium<\/li>\n\n\n\n<li>15\/08 Torrevieja \u2013 Parque Antonio Soria \/ Brilla Torrevieja<\/li>\n\n\n\n<li>19\/09 Oviedo \u2013 La Er\u00eda<\/li>\n\n\n\n<li>29\/09 Madrid \u2013 Movistar Arena (segunda fecha)<\/li>\n\n\n\n<li>30\/09 Madrid \u2013 Movistar Arena (SOLD OUT)<\/li>\n<\/ul>\n\n\n\n<p>Este nuevo a\u00f1o, se inaugura por todo lo alto para Leiva. Y promete mucho&#8230; incluso puede hacer que nos quedemos sin voz en sus conciertos de fin de gira.<\/p>\n\t\t\t\t\t\t\t\t<\/div>\n\t\t\t\t<\/div>\n\t\t\t\t\t<\/div>\n\t\t<\/div>\n\t\t\t\t\t<\/div>\n\t\t<\/section>\n\t\t\t\t<\/div>","protected":false},"excerpt":{"rendered":"<p>La gala de los Premios Goya 2026 se celebrar\u00e1 el 28 de febrero en Barcelona No hay dos sin tres. Y Leiva es el claro ejemplo de ello. Despu\u00e9s de ganar el Goya por \u201cLa llamada\u201d en 2018 y por \u201cSinti\u00e9ndolo mucho\u201d junto a Joaqu\u00edn Sabina en 2023, el cantautor madrile\u00f1o ha sido nominado a [&hellip;]<\/p>\n","protected":false},"author":5,"featured_media":7005,"comment_status":"closed","ping_status":"closed","sticky":false,"template":"","format":"standard","meta":{"footnotes":""},"categories":[4],"tags":[346,342,343,344,341,347,345],"class_list":["post-6998","post","type-post","status-publish","format-standard","has-post-thumbnail","hentry","category-musica","tag-banda-sonora","tag-documental","tag-goya","tag-hasta-que-me-quede-sin-voz","tag-leiva","tag-mejor-cancion-original","tag-movistar"],"yoast_head":"<!-- This site is optimized with the Yoast SEO plugin v27.4 - https:\/\/yoast.com\/product\/yoast-seo-wordpress\/ -->\n<title>Leiva, nominado a los Goya 2026 por \u201cHasta que me quede sin voz\u201d &#8902; Una y Mil Letras<\/title>\n<meta name=\"description\" content=\"Leiva, nominado a los Goya 2026 por \u201cHasta que me quede sin voz\u201d, sigue triunfando con su m\u00fasica y su Tour Gigante de fin de gira.\" \/>\n<meta name=\"robots\" content=\"index, follow, max-snippet:-1, max-image-preview:large, max-video-preview:-1\" \/>\n<link rel=\"canonical\" href=\"https:\/\/unaymilletras.com\/en\/leiva-nominado-a-los-goya-2026-por-hasta-que-me-quede-sin-voz\/\" \/>\n<meta property=\"og:locale\" content=\"en_GB\" \/>\n<meta property=\"og:type\" content=\"article\" \/>\n<meta property=\"og:title\" content=\"Leiva, nominado a los Goya 2026 por \u201cHasta que me quede sin voz\u201d &#8902; Una y Mil Letras\" \/>\n<meta property=\"og:description\" content=\"Leiva, nominado a los Goya 2026 por \u201cHasta que me quede sin voz\u201d, sigue triunfando con su m\u00fasica y su Tour Gigante de fin de gira.\" \/>\n<meta property=\"og:url\" content=\"https:\/\/unaymilletras.com\/en\/leiva-nominado-a-los-goya-2026-por-hasta-que-me-quede-sin-voz\/\" \/>\n<meta property=\"og:site_name\" content=\"Una y Mil Letras\" \/>\n<meta property=\"article:published_time\" content=\"2026-01-15T17:28:35+00:00\" \/>\n<meta property=\"article:modified_time\" content=\"2026-01-15T17:29:02+00:00\" \/>\n<meta property=\"og:image\" content=\"http:\/\/unaymilletras.com\/wp-content\/uploads\/2026\/01\/unnamed-43.jpg\" \/>\n\t<meta property=\"og:image:width\" content=\"1920\" \/>\n\t<meta property=\"og:image:height\" content=\"1080\" \/>\n\t<meta property=\"og:image:type\" content=\"image\/jpeg\" \/>\n<meta name=\"author\" content=\"Luc\u00eda Fandi\u00f1o\" \/>\n<meta name=\"twitter:card\" content=\"summary_large_image\" \/>\n<meta name=\"twitter:creator\" content=\"@UnaYMilLetras\" \/>\n<meta name=\"twitter:site\" content=\"@UnaYMilLetras\" \/>\n<meta name=\"twitter:label1\" content=\"Written by\" \/>\n\t<meta name=\"twitter:data1\" content=\"Luc\u00eda Fandi\u00f1o\" \/>\n\t<meta name=\"twitter:label2\" content=\"Estimated reading time\" \/>\n\t<meta name=\"twitter:data2\" content=\"2 minutes\" \/>\n<script type=\"application\/ld+json\" class=\"yoast-schema-graph\">{\"@context\":\"https:\\\/\\\/schema.org\",\"@graph\":[{\"@type\":\"Article\",\"@id\":\"https:\\\/\\\/unaymilletras.com\\\/leiva-nominado-a-los-goya-2026-por-hasta-que-me-quede-sin-voz\\\/#article\",\"isPartOf\":{\"@id\":\"https:\\\/\\\/unaymilletras.com\\\/leiva-nominado-a-los-goya-2026-por-hasta-que-me-quede-sin-voz\\\/\"},\"author\":{\"name\":\"Luc\u00eda Fandi\u00f1o\",\"@id\":\"http:\\\/\\\/unaymilletras.com\\\/#\\\/schema\\\/person\\\/047a24f09ead3f0ba2387e5df86d9336\"},\"headline\":\"Leiva, nominado a los Goya 2026 por \u201cHasta que me quede sin voz\u201d\",\"datePublished\":\"2026-01-15T17:28:35+00:00\",\"dateModified\":\"2026-01-15T17:29:02+00:00\",\"mainEntityOfPage\":{\"@id\":\"https:\\\/\\\/unaymilletras.com\\\/leiva-nominado-a-los-goya-2026-por-hasta-que-me-quede-sin-voz\\\/\"},\"wordCount\":406,\"publisher\":{\"@id\":\"http:\\\/\\\/unaymilletras.com\\\/#organization\"},\"image\":{\"@id\":\"https:\\\/\\\/unaymilletras.com\\\/leiva-nominado-a-los-goya-2026-por-hasta-que-me-quede-sin-voz\\\/#primaryimage\"},\"thumbnailUrl\":\"https:\\\/\\\/unaymilletras.com\\\/wp-content\\\/uploads\\\/2026\\\/01\\\/unnamed-43.jpg\",\"keywords\":[\"Banda sonora\",\"Documental\",\"Goya\",\"Hasta que me quede sin voz\",\"Leiva\",\"Mejor canci\u00f3n original\",\"Movistar+\"],\"articleSection\":[\"M\u00fasica\"],\"inLanguage\":\"en-GB\"},{\"@type\":\"WebPage\",\"@id\":\"https:\\\/\\\/unaymilletras.com\\\/leiva-nominado-a-los-goya-2026-por-hasta-que-me-quede-sin-voz\\\/\",\"url\":\"https:\\\/\\\/unaymilletras.com\\\/leiva-nominado-a-los-goya-2026-por-hasta-que-me-quede-sin-voz\\\/\",\"name\":\"Leiva, nominado a los Goya 2026 por \u201cHasta que me quede sin voz\u201d &#8902; Una y Mil Letras\",\"isPartOf\":{\"@id\":\"http:\\\/\\\/unaymilletras.com\\\/#website\"},\"primaryImageOfPage\":{\"@id\":\"https:\\\/\\\/unaymilletras.com\\\/leiva-nominado-a-los-goya-2026-por-hasta-que-me-quede-sin-voz\\\/#primaryimage\"},\"image\":{\"@id\":\"https:\\\/\\\/unaymilletras.com\\\/leiva-nominado-a-los-goya-2026-por-hasta-que-me-quede-sin-voz\\\/#primaryimage\"},\"thumbnailUrl\":\"https:\\\/\\\/unaymilletras.com\\\/wp-content\\\/uploads\\\/2026\\\/01\\\/unnamed-43.jpg\",\"datePublished\":\"2026-01-15T17:28:35+00:00\",\"dateModified\":\"2026-01-15T17:29:02+00:00\",\"description\":\"Leiva, nominado a los Goya 2026 por \u201cHasta que me quede sin voz\u201d, sigue triunfando con su m\u00fasica y su Tour Gigante de fin de gira.\",\"breadcrumb\":{\"@id\":\"https:\\\/\\\/unaymilletras.com\\\/leiva-nominado-a-los-goya-2026-por-hasta-que-me-quede-sin-voz\\\/#breadcrumb\"},\"inLanguage\":\"en-GB\",\"potentialAction\":[{\"@type\":\"ReadAction\",\"target\":[\"https:\\\/\\\/unaymilletras.com\\\/leiva-nominado-a-los-goya-2026-por-hasta-que-me-quede-sin-voz\\\/\"]}]},{\"@type\":\"ImageObject\",\"inLanguage\":\"en-GB\",\"@id\":\"https:\\\/\\\/unaymilletras.com\\\/leiva-nominado-a-los-goya-2026-por-hasta-que-me-quede-sin-voz\\\/#primaryimage\",\"url\":\"https:\\\/\\\/unaymilletras.com\\\/wp-content\\\/uploads\\\/2026\\\/01\\\/unnamed-43.jpg\",\"contentUrl\":\"https:\\\/\\\/unaymilletras.com\\\/wp-content\\\/uploads\\\/2026\\\/01\\\/unnamed-43.jpg\",\"width\":1920,\"height\":1080,\"caption\":\"Fuente: Sony Music\"},{\"@type\":\"BreadcrumbList\",\"@id\":\"https:\\\/\\\/unaymilletras.com\\\/leiva-nominado-a-los-goya-2026-por-hasta-que-me-quede-sin-voz\\\/#breadcrumb\",\"itemListElement\":[{\"@type\":\"ListItem\",\"position\":1,\"name\":\"Home\",\"item\":\"http:\\\/\\\/unaymilletras.com\\\/\"},{\"@type\":\"ListItem\",\"position\":2,\"name\":\"Leiva, nominado a los Goya 2026 por \u201cHasta que me quede sin voz\u201d\"}]},{\"@type\":\"WebSite\",\"@id\":\"http:\\\/\\\/unaymilletras.com\\\/#website\",\"url\":\"http:\\\/\\\/unaymilletras.com\\\/\",\"name\":\"Una y Mil Letras\",\"description\":\"\",\"publisher\":{\"@id\":\"http:\\\/\\\/unaymilletras.com\\\/#organization\"},\"potentialAction\":[{\"@type\":\"SearchAction\",\"target\":{\"@type\":\"EntryPoint\",\"urlTemplate\":\"http:\\\/\\\/unaymilletras.com\\\/?s={search_term_string}\"},\"query-input\":{\"@type\":\"PropertyValueSpecification\",\"valueRequired\":true,\"valueName\":\"search_term_string\"}}],\"inLanguage\":\"en-GB\"},{\"@type\":\"Organization\",\"@id\":\"http:\\\/\\\/unaymilletras.com\\\/#organization\",\"name\":\"Una y Mil Letras\",\"url\":\"http:\\\/\\\/unaymilletras.com\\\/\",\"logo\":{\"@type\":\"ImageObject\",\"inLanguage\":\"en-GB\",\"@id\":\"http:\\\/\\\/unaymilletras.com\\\/#\\\/schema\\\/logo\\\/image\\\/\",\"url\":\"https:\\\/\\\/unaymilletras.com\\\/wp-content\\\/uploads\\\/2024\\\/06\\\/cropped-Logo-removebg-preview.png\",\"contentUrl\":\"https:\\\/\\\/unaymilletras.com\\\/wp-content\\\/uploads\\\/2024\\\/06\\\/cropped-Logo-removebg-preview.png\",\"width\":512,\"height\":512,\"caption\":\"Una y Mil Letras\"},\"image\":{\"@id\":\"http:\\\/\\\/unaymilletras.com\\\/#\\\/schema\\\/logo\\\/image\\\/\"},\"sameAs\":[\"https:\\\/\\\/x.com\\\/UnaYMilLetras\",\"https:\\\/\\\/instagram.com\\\/UnaYMilLetras\"]},{\"@type\":\"Person\",\"@id\":\"http:\\\/\\\/unaymilletras.com\\\/#\\\/schema\\\/person\\\/047a24f09ead3f0ba2387e5df86d9336\",\"name\":\"Luc\u00eda Fandi\u00f1o\",\"image\":{\"@type\":\"ImageObject\",\"inLanguage\":\"en-GB\",\"@id\":\"https:\\\/\\\/secure.gravatar.com\\\/avatar\\\/d22d9eea03f89c5d17f4b05c3efeb11bad23ff32b99e63bbf54232bc1b6a06b2?s=96&d=mm&r=g\",\"url\":\"https:\\\/\\\/secure.gravatar.com\\\/avatar\\\/d22d9eea03f89c5d17f4b05c3efeb11bad23ff32b99e63bbf54232bc1b6a06b2?s=96&d=mm&r=g\",\"contentUrl\":\"https:\\\/\\\/secure.gravatar.com\\\/avatar\\\/d22d9eea03f89c5d17f4b05c3efeb11bad23ff32b99e63bbf54232bc1b6a06b2?s=96&d=mm&r=g\",\"caption\":\"Luc\u00eda Fandi\u00f1o\"},\"sameAs\":[\"www.instagram.com\\\/luciaafandino\"],\"url\":\"https:\\\/\\\/unaymilletras.com\\\/en\\\/author\\\/luciaafandino\\\/\"}]}<\/script>\n<!-- \/ Yoast SEO plugin. -->","yoast_head_json":{"title":"Leiva, nominado a los Goya 2026 por \u201cHasta que me quede sin voz\u201d &#8902; Una y Mil Letras","description":"Leiva, nominado a los Goya 2026 por \u201cHasta que me quede sin voz\u201d, sigue triunfando con su m\u00fasica y su Tour Gigante de fin de gira.","robots":{"index":"index","follow":"follow","max-snippet":"max-snippet:-1","max-image-preview":"max-image-preview:large","max-video-preview":"max-video-preview:-1"},"canonical":"https:\/\/unaymilletras.com\/en\/leiva-nominado-a-los-goya-2026-por-hasta-que-me-quede-sin-voz\/","og_locale":"en_GB","og_type":"article","og_title":"Leiva, nominado a los Goya 2026 por \u201cHasta que me quede sin voz\u201d &#8902; Una y Mil Letras","og_description":"Leiva, nominado a los Goya 2026 por \u201cHasta que me quede sin voz\u201d, sigue triunfando con su m\u00fasica y su Tour Gigante de fin de gira.","og_url":"https:\/\/unaymilletras.com\/en\/leiva-nominado-a-los-goya-2026-por-hasta-que-me-quede-sin-voz\/","og_site_name":"Una y Mil Letras","article_published_time":"2026-01-15T17:28:35+00:00","article_modified_time":"2026-01-15T17:29:02+00:00","og_image":[{"width":1920,"height":1080,"url":"http:\/\/unaymilletras.com\/wp-content\/uploads\/2026\/01\/unnamed-43.jpg","type":"image\/jpeg"}],"author":"Luc\u00eda Fandi\u00f1o","twitter_card":"summary_large_image","twitter_creator":"@UnaYMilLetras","twitter_site":"@UnaYMilLetras","twitter_misc":{"Written by":"Luc\u00eda Fandi\u00f1o","Estimated reading time":"2 minutes"},"schema":{"@context":"https:\/\/schema.org","@graph":[{"@type":"Article","@id":"https:\/\/unaymilletras.com\/leiva-nominado-a-los-goya-2026-por-hasta-que-me-quede-sin-voz\/#article","isPartOf":{"@id":"https:\/\/unaymilletras.com\/leiva-nominado-a-los-goya-2026-por-hasta-que-me-quede-sin-voz\/"},"author":{"name":"Luc\u00eda Fandi\u00f1o","@id":"http:\/\/unaymilletras.com\/#\/schema\/person\/047a24f09ead3f0ba2387e5df86d9336"},"headline":"Leiva, nominado a los Goya 2026 por \u201cHasta que me quede sin voz\u201d","datePublished":"2026-01-15T17:28:35+00:00","dateModified":"2026-01-15T17:29:02+00:00","mainEntityOfPage":{"@id":"https:\/\/unaymilletras.com\/leiva-nominado-a-los-goya-2026-por-hasta-que-me-quede-sin-voz\/"},"wordCount":406,"publisher":{"@id":"http:\/\/unaymilletras.com\/#organization"},"image":{"@id":"https:\/\/unaymilletras.com\/leiva-nominado-a-los-goya-2026-por-hasta-que-me-quede-sin-voz\/#primaryimage"},"thumbnailUrl":"https:\/\/unaymilletras.com\/wp-content\/uploads\/2026\/01\/unnamed-43.jpg","keywords":["Banda sonora","Documental","Goya","Hasta que me quede sin voz","Leiva","Mejor canci\u00f3n original","Movistar+"],"articleSection":["M\u00fasica"],"inLanguage":"en-GB"},{"@type":"WebPage","@id":"https:\/\/unaymilletras.com\/leiva-nominado-a-los-goya-2026-por-hasta-que-me-quede-sin-voz\/","url":"https:\/\/unaymilletras.com\/leiva-nominado-a-los-goya-2026-por-hasta-que-me-quede-sin-voz\/","name":"Leiva, nominado a los Goya 2026 por \u201cHasta que me quede sin voz\u201d &#8902; Una y Mil Letras","isPartOf":{"@id":"http:\/\/unaymilletras.com\/#website"},"primaryImageOfPage":{"@id":"https:\/\/unaymilletras.com\/leiva-nominado-a-los-goya-2026-por-hasta-que-me-quede-sin-voz\/#primaryimage"},"image":{"@id":"https:\/\/unaymilletras.com\/leiva-nominado-a-los-goya-2026-por-hasta-que-me-quede-sin-voz\/#primaryimage"},"thumbnailUrl":"https:\/\/unaymilletras.com\/wp-content\/uploads\/2026\/01\/unnamed-43.jpg","datePublished":"2026-01-15T17:28:35+00:00","dateModified":"2026-01-15T17:29:02+00:00","description":"Leiva, nominado a los Goya 2026 por \u201cHasta que me quede sin voz\u201d, sigue triunfando con su m\u00fasica y su Tour Gigante de fin de gira.","breadcrumb":{"@id":"https:\/\/unaymilletras.com\/leiva-nominado-a-los-goya-2026-por-hasta-que-me-quede-sin-voz\/#breadcrumb"},"inLanguage":"en-GB","potentialAction":[{"@type":"ReadAction","target":["https:\/\/unaymilletras.com\/leiva-nominado-a-los-goya-2026-por-hasta-que-me-quede-sin-voz\/"]}]},{"@type":"ImageObject","inLanguage":"en-GB","@id":"https:\/\/unaymilletras.com\/leiva-nominado-a-los-goya-2026-por-hasta-que-me-quede-sin-voz\/#primaryimage","url":"https:\/\/unaymilletras.com\/wp-content\/uploads\/2026\/01\/unnamed-43.jpg","contentUrl":"https:\/\/unaymilletras.com\/wp-content\/uploads\/2026\/01\/unnamed-43.jpg","width":1920,"height":1080,"caption":"Fuente: Sony Music"},{"@type":"BreadcrumbList","@id":"https:\/\/unaymilletras.com\/leiva-nominado-a-los-goya-2026-por-hasta-que-me-quede-sin-voz\/#breadcrumb","itemListElement":[{"@type":"ListItem","position":1,"name":"Home","item":"http:\/\/unaymilletras.com\/"},{"@type":"ListItem","position":2,"name":"Leiva, nominado a los Goya 2026 por \u201cHasta que me quede sin voz\u201d"}]},{"@type":"WebSite","@id":"http:\/\/unaymilletras.com\/#website","url":"http:\/\/unaymilletras.com\/","name":"Una y Mil Letras","description":"","publisher":{"@id":"http:\/\/unaymilletras.com\/#organization"},"potentialAction":[{"@type":"SearchAction","target":{"@type":"EntryPoint","urlTemplate":"http:\/\/unaymilletras.com\/?s={search_term_string}"},"query-input":{"@type":"PropertyValueSpecification","valueRequired":true,"valueName":"search_term_string"}}],"inLanguage":"en-GB"},{"@type":"Organization","@id":"http:\/\/unaymilletras.com\/#organization","name":"Una y Mil Letras","url":"http:\/\/unaymilletras.com\/","logo":{"@type":"ImageObject","inLanguage":"en-GB","@id":"http:\/\/unaymilletras.com\/#\/schema\/logo\/image\/","url":"https:\/\/unaymilletras.com\/wp-content\/uploads\/2024\/06\/cropped-Logo-removebg-preview.png","contentUrl":"https:\/\/unaymilletras.com\/wp-content\/uploads\/2024\/06\/cropped-Logo-removebg-preview.png","width":512,"height":512,"caption":"Una y Mil Letras"},"image":{"@id":"http:\/\/unaymilletras.com\/#\/schema\/logo\/image\/"},"sameAs":["https:\/\/x.com\/UnaYMilLetras","https:\/\/instagram.com\/UnaYMilLetras"]},{"@type":"Person","@id":"http:\/\/unaymilletras.com\/#\/schema\/person\/047a24f09ead3f0ba2387e5df86d9336","name":"Luc\u00eda Fandi\u00f1o","image":{"@type":"ImageObject","inLanguage":"en-GB","@id":"https:\/\/secure.gravatar.com\/avatar\/d22d9eea03f89c5d17f4b05c3efeb11bad23ff32b99e63bbf54232bc1b6a06b2?s=96&d=mm&r=g","url":"https:\/\/secure.gravatar.com\/avatar\/d22d9eea03f89c5d17f4b05c3efeb11bad23ff32b99e63bbf54232bc1b6a06b2?s=96&d=mm&r=g","contentUrl":"https:\/\/secure.gravatar.com\/avatar\/d22d9eea03f89c5d17f4b05c3efeb11bad23ff32b99e63bbf54232bc1b6a06b2?s=96&d=mm&r=g","caption":"Luc\u00eda Fandi\u00f1o"},"sameAs":["www.instagram.com\/luciaafandino"],"url":"https:\/\/unaymilletras.com\/en\/author\/luciaafandino\/"}]}},"_links":{"self":[{"href":"https:\/\/unaymilletras.com\/en\/wp-json\/wp\/v2\/posts\/6998","targetHints":{"allow":["GET"]}}],"collection":[{"href":"https:\/\/unaymilletras.com\/en\/wp-json\/wp\/v2\/posts"}],"about":[{"href":"https:\/\/unaymilletras.com\/en\/wp-json\/wp\/v2\/types\/post"}],"author":[{"embeddable":true,"href":"https:\/\/unaymilletras.com\/en\/wp-json\/wp\/v2\/users\/5"}],"replies":[{"embeddable":true,"href":"https:\/\/unaymilletras.com\/en\/wp-json\/wp\/v2\/comments?post=6998"}],"version-history":[{"count":5,"href":"https:\/\/unaymilletras.com\/en\/wp-json\/wp\/v2\/posts\/6998\/revisions"}],"predecessor-version":[{"id":7007,"href":"https:\/\/unaymilletras.com\/en\/wp-json\/wp\/v2\/posts\/6998\/revisions\/7007"}],"wp:featuredmedia":[{"embeddable":true,"href":"https:\/\/unaymilletras.com\/en\/wp-json\/wp\/v2\/media\/7005"}],"wp:attachment":[{"href":"https:\/\/unaymilletras.com\/en\/wp-json\/wp\/v2\/media?parent=6998"}],"wp:term":[{"taxonomy":"category","embeddable":true,"href":"https:\/\/unaymilletras.com\/en\/wp-json\/wp\/v2\/categories?post=6998"},{"taxonomy":"post_tag","embeddable":true,"href":"https:\/\/unaymilletras.com\/en\/wp-json\/wp\/v2\/tags?post=6998"}],"curies":[{"name":"wp","href":"https:\/\/api.w.org\/{rel}","templated":true}]}}