{"id":7008,"date":"2026-01-16T09:30:00","date_gmt":"2026-01-16T08:30:00","guid":{"rendered":"https:\/\/unaymilletras.com\/?p=7008"},"modified":"2026-01-16T11:00:34","modified_gmt":"2026-01-16T10:00:34","slug":"los-premios-cygnus-2026-reivindican-el-cine-que-piensa-frente-a-la-prisa-y-el-ruido","status":"publish","type":"post","link":"https:\/\/unaymilletras.com\/en\/los-premios-cygnus-2026-reivindican-el-cine-que-piensa-frente-a-la-prisa-y-el-ruido\/","title":{"rendered":"Los Premios Cygnus 2026 reivindican el cine que piensa frente a la prisa y el ruido"},"content":{"rendered":"<div data-elementor-type=\"wp-post\" data-elementor-id=\"7008\" class=\"elementor elementor-7008\">\n\t\t\t\t\t\t<section class=\"elementor-section elementor-top-section elementor-element elementor-element-35eea07 elementor-section-boxed elementor-section-height-default elementor-section-height-default\" data-id=\"35eea07\" data-element_type=\"section\" data-e-type=\"section\">\n\t\t\t\t\t\t<div class=\"elementor-container elementor-column-gap-default\">\n\t\t\t\t\t<div class=\"elementor-column elementor-col-100 elementor-top-column elementor-element elementor-element-a8eb321\" data-id=\"a8eb321\" data-element_type=\"column\" data-e-type=\"column\">\n\t\t\t<div class=\"elementor-widget-wrap elementor-element-populated\">\n\t\t\t\t\t\t<div class=\"elementor-element elementor-element-04716a5 elementor-widget elementor-widget-text-editor\" data-id=\"04716a5\" data-element_type=\"widget\" data-e-type=\"widget\" data-widget_type=\"text-editor.default\">\n\t\t\t\t<div class=\"elementor-widget-container\">\n\t\t\t\t\t\t\t\t\t<h2 style=\"text-align: center;\"><span style=\"color: #808080;\"><em>La UAH celebra una edici\u00f3n de los Premios Cygnus marcada por el compromiso social y reconocimiento a creadores y comunicadores<\/em><\/span><\/h2>\t\t\t\t\t\t\t\t<\/div>\n\t\t\t\t<\/div>\n\t\t\t\t\t<\/div>\n\t\t<\/div>\n\t\t\t\t\t<\/div>\n\t\t<\/section>\n\t\t\t\t<section class=\"elementor-section elementor-top-section elementor-element elementor-element-75f2271 elementor-section-boxed elementor-section-height-default elementor-section-height-default\" data-id=\"75f2271\" data-element_type=\"section\" data-e-type=\"section\">\n\t\t\t\t\t\t<div class=\"elementor-container elementor-column-gap-default\">\n\t\t\t\t\t<div class=\"elementor-column elementor-col-100 elementor-top-column elementor-element elementor-element-e692d07\" data-id=\"e692d07\" data-element_type=\"column\" data-e-type=\"column\">\n\t\t\t<div class=\"elementor-widget-wrap elementor-element-populated\">\n\t\t\t\t\t\t<div class=\"elementor-element elementor-element-c58271b elementor-widget elementor-widget-text-editor\" data-id=\"c58271b\" data-element_type=\"widget\" data-e-type=\"widget\" data-widget_type=\"text-editor.default\">\n\t\t\t\t<div class=\"elementor-widget-container\">\n\t\t\t\t\t\t\t\t\t<p data-start=\"261\" data-end=\"654\">Los Premios Cygnus 2026 volvieron a convertir el Paraninfo de la Universidad de Alcal\u00e1 en el gran punto de encuentro del cine solidario y de valores en Espa\u00f1a. En una octava edici\u00f3n cargada de reflexi\u00f3n, los galardones pusieron el foco en la necesidad de un cine que se tome su tiempo, que observe con honestidad y que dialogue con la sociedad m\u00e1s all\u00e1 de la inmediatez que domina el presente.<\/p><p data-start=\"656\" data-end=\"1089\">Durante la ceremonia, presentada por Mat\u00edas Prats Jr., el director de los premios, Javier Santamar\u00eda, reivindic\u00f3 el papel del audiovisual como herramienta de conciencia colectiva. En un contexto marcado por el exceso de est\u00edmulos y el ruido constante, defendi\u00f3 un cine que no renuncie a la belleza, pero que tampoco se desligue de su impacto humano y social. Un cine capaz de dejar huella y de acompa\u00f1ar a la sociedad en sus dilemas.<\/p><p data-start=\"1091\" data-end=\"1551\">Ese esp\u00edritu se reflej\u00f3 en el palmar\u00e9s de este a\u00f1o, que reconoci\u00f3 tanto a producciones como a profesionales que han sabido conjugar oficio, sensibilidad y responsabilidad. T\u00edtulos como\u00a0<em data-start=\"1276\" data-end=\"1286\">Wolfgang<\/em>,\u00a0<em data-start=\"1288\" data-end=\"1300\">Poquita fe<\/em>,\u00a0<em data-start=\"1302\" data-end=\"1309\">Sirat<\/em>\u00a0o\u00a0<em data-start=\"1312\" data-end=\"1329\">Tierra de nadie<\/em>\u00a0fueron premiados por su capacidad para emocionar y generar reflexi\u00f3n, mientras que nombres propios como David Trueba, Clara Lago, Luis Zahera o \u00c1lvaro Morte destacaron por trabajos marcados por la honestidad y la empat\u00eda.<\/p>\t\t\t\t\t\t\t\t<\/div>\n\t\t\t\t<\/div>\n\t\t\t\t\t<\/div>\n\t\t<\/div>\n\t\t\t\t\t<\/div>\n\t\t<\/section>\n\t\t\t\t<section class=\"elementor-section elementor-top-section elementor-element elementor-element-c98b860 elementor-section-boxed elementor-section-height-default elementor-section-height-default\" data-id=\"c98b860\" data-element_type=\"section\" data-e-type=\"section\">\n\t\t\t\t\t\t<div class=\"elementor-container elementor-column-gap-default\">\n\t\t\t\t\t<div class=\"elementor-column elementor-col-100 elementor-top-column elementor-element elementor-element-0ffae1c\" data-id=\"0ffae1c\" data-element_type=\"column\" data-e-type=\"column\">\n\t\t\t<div class=\"elementor-widget-wrap elementor-element-populated\">\n\t\t\t\t\t\t<div class=\"elementor-element elementor-element-ecc3681 elementor-widget elementor-widget-image\" data-id=\"ecc3681\" data-element_type=\"widget\" data-e-type=\"widget\" data-widget_type=\"image.default\">\n\t\t\t\t<div class=\"elementor-widget-container\">\n\t\t\t\t\t\t\t\t\t\t\t\t\t\t\t<img fetchpriority=\"high\" decoding=\"async\" width=\"640\" height=\"426\" src=\"https:\/\/unaymilletras.com\/wp-content\/uploads\/2026\/01\/VIII_CYGNUS_-54-1024x681.jpg\" class=\"attachment-large size-large wp-image-7025\" alt=\"Premios Cygnus 2026\" srcset=\"https:\/\/unaymilletras.com\/wp-content\/uploads\/2026\/01\/VIII_CYGNUS_-54-1024x681.jpg 1024w, https:\/\/unaymilletras.com\/wp-content\/uploads\/2026\/01\/VIII_CYGNUS_-54-300x200.jpg 300w, https:\/\/unaymilletras.com\/wp-content\/uploads\/2026\/01\/VIII_CYGNUS_-54-768x511.jpg 768w, https:\/\/unaymilletras.com\/wp-content\/uploads\/2026\/01\/VIII_CYGNUS_-54-18x12.jpg 18w, https:\/\/unaymilletras.com\/wp-content\/uploads\/2026\/01\/VIII_CYGNUS_-54-e1768557400957.jpg 600w\" sizes=\"(max-width: 640px) 100vw, 640px\" \/>\t\t\t\t\t\t\t\t\t\t\t\t\t\t\t<\/div>\n\t\t\t\t<\/div>\n\t\t\t\t\t<\/div>\n\t\t<\/div>\n\t\t\t\t\t<\/div>\n\t\t<\/section>\n\t\t\t\t<section class=\"elementor-section elementor-top-section elementor-element elementor-element-8f35fea elementor-section-boxed elementor-section-height-default elementor-section-height-default\" data-id=\"8f35fea\" data-element_type=\"section\" data-e-type=\"section\">\n\t\t\t\t\t\t<div class=\"elementor-container elementor-column-gap-default\">\n\t\t\t\t\t<div class=\"elementor-column elementor-col-100 elementor-top-column elementor-element elementor-element-b004522\" data-id=\"b004522\" data-element_type=\"column\" data-e-type=\"column\">\n\t\t\t<div class=\"elementor-widget-wrap elementor-element-populated\">\n\t\t\t\t\t\t<div class=\"elementor-element elementor-element-c0d0cb3 elementor-widget elementor-widget-text-editor\" data-id=\"c0d0cb3\" data-element_type=\"widget\" data-e-type=\"widget\" data-widget_type=\"text-editor.default\">\n\t\t\t\t<div class=\"elementor-widget-container\">\n\t\t\t\t\t\t\t\t\t<p data-start=\"1091\" data-end=\"1551\">Los reconocimientos especiales reforzaron esa misma l\u00ednea. Por un lado, la iniciativa <em data-start=\"1639\" data-end=\"1652\">Ponle Freno<\/em> de Atresmedia fue distinguida por casi dos d\u00e9cadas de labor constante en favor de la seguridad vial y la concienciaci\u00f3n social. Patricia P\u00e9rez, directora de la Fundaci\u00f3n Atresmedia, subray\u00f3 que los medios no solo informan o entretienen, sino que tambi\u00e9n pueden prevenir, concienciar y salvar vidas cuando se implican activamente.<\/p>\n<p data-start=\"1984\" data-end=\"2396\">Por otro, Risto Mejide recibi\u00f3 el premio a la labor comunicativa por una trayectoria caracterizada por la provocaci\u00f3n, el humor y la defensa del pensamiento cr\u00edtico. En su discurso, record\u00f3 la importancia de los valores en un momento en el que no todo puede ni debe comprarse, reivindicando la valent\u00eda, la honestidad y el derecho a comunicar informaci\u00f3n veraz como pilares esenciales de la sociedad democr\u00e1tica.<\/p>\n<p data-start=\"2398\" data-end=\"2744\">La sostenibilidad y la educaci\u00f3n volvieron a ocupar un lugar central en los Cygnus. <em data-start=\"2482\" data-end=\"2489\">Sirat<\/em> fue reconocida como la producci\u00f3n m\u00e1s ecosostenible, mientras que <em data-start=\"2556\" data-end=\"2573\">Tierra de nadie<\/em> recibi\u00f3 el Premio especial C\u00e1tedra Platino Educa, consolidando dos galardones que ponen el acento en el compromiso medioambiental y formativo de la industria audiovisual.<\/p>\t\t\t\t\t\t\t\t<\/div>\n\t\t\t\t<\/div>\n\t\t\t\t\t<\/div>\n\t\t<\/div>\n\t\t\t\t\t<\/div>\n\t\t<\/section>\n\t\t\t\t<section class=\"elementor-section elementor-top-section elementor-element elementor-element-60116f8 elementor-section-boxed elementor-section-height-default elementor-section-height-default\" data-id=\"60116f8\" data-element_type=\"section\" data-e-type=\"section\">\n\t\t\t\t\t\t<div class=\"elementor-container elementor-column-gap-default\">\n\t\t\t\t\t<div class=\"elementor-column elementor-col-100 elementor-top-column elementor-element elementor-element-4d0cf15\" data-id=\"4d0cf15\" data-element_type=\"column\" data-e-type=\"column\">\n\t\t\t<div class=\"elementor-widget-wrap elementor-element-populated\">\n\t\t\t\t\t\t<div class=\"elementor-element elementor-element-96636a5 elementor-widget elementor-widget-video\" data-id=\"96636a5\" data-element_type=\"widget\" data-e-type=\"widget\" data-settings=\"{&quot;youtube_url&quot;:&quot;https:\\\/\\\/www.youtube.com\\\/watch?v=CVMtz_a5MOw&amp;t=2s&quot;,&quot;video_type&quot;:&quot;youtube&quot;,&quot;controls&quot;:&quot;yes&quot;}\" data-widget_type=\"video.default\">\n\t\t\t\t<div class=\"elementor-widget-container\">\n\t\t\t\t\t\t\t<div class=\"elementor-wrapper elementor-open-inline\">\n\t\t\t<div class=\"elementor-video\"><\/div>\t\t<\/div>\n\t\t\t\t\t\t<\/div>\n\t\t\t\t<\/div>\n\t\t\t\t\t<\/div>\n\t\t<\/div>\n\t\t\t\t\t<\/div>\n\t\t<\/section>\n\t\t\t\t<section class=\"elementor-section elementor-top-section elementor-element elementor-element-3867b0c elementor-section-boxed elementor-section-height-default elementor-section-height-default\" data-id=\"3867b0c\" data-element_type=\"section\" data-e-type=\"section\">\n\t\t\t\t\t\t<div class=\"elementor-container elementor-column-gap-default\">\n\t\t\t\t\t<div class=\"elementor-column elementor-col-100 elementor-top-column elementor-element elementor-element-c2b83e9\" data-id=\"c2b83e9\" data-element_type=\"column\" data-e-type=\"column\">\n\t\t\t<div class=\"elementor-widget-wrap elementor-element-populated\">\n\t\t\t\t\t\t<div class=\"elementor-element elementor-element-f22e82a elementor-widget elementor-widget-text-editor\" data-id=\"f22e82a\" data-element_type=\"widget\" data-e-type=\"widget\" data-widget_type=\"text-editor.default\">\n\t\t\t\t<div class=\"elementor-widget-container\">\n\t\t\t\t\t\t\t\t\t<p data-start=\"2746\" data-end=\"3064\">Entre las grandes triunfadoras de la noche destacaron\u00a0<em data-start=\"2800\" data-end=\"2810\">Wolfgang<\/em>, elegida Mejor Pel\u00edcula, y\u00a0<em data-start=\"2838\" data-end=\"2850\">Poquita fe<\/em>, reconocida como Mejor Serie. Los premiados coincidieron en subrayar valores como la dignidad, la humanidad y la empat\u00eda, conceptos que atravesaron toda la ceremonia y que definen la filosof\u00eda de estos galardones.<\/p><p data-start=\"3066\" data-end=\"3528\">Desde la Universidad de Alcal\u00e1, la vicerrectora Mar\u00eda Sarabia Alegr\u00eda cerr\u00f3 el acto apelando a la memoria emocional del cine espa\u00f1ol. Record\u00f3 c\u00f3mo, desde hace d\u00e9cadas, muchas pel\u00edculas ya hablaban de derechos sociales, libertad o salud mental, y c\u00f3mo esos valores siguen vivos hoy en las nuevas producciones. Una herencia que conecta pasado y presente, y que convierte al cine, al igual que a la universidad, en un espacio compartido de aprendizaje y conciencia.<\/p><p data-start=\"3530\" data-end=\"3740\" data-is-last-node=\"\" data-is-only-node=\"\">Con esta edici\u00f3n, los Premios Cygnus refuerzan su papel como referente del cine comprometido en Espa\u00f1a, celebrando un audiovisual que no corre, que escucha y que mira de frente a la realidad para transformarla.<\/p>\t\t\t\t\t\t\t\t<\/div>\n\t\t\t\t<\/div>\n\t\t\t\t\t<\/div>\n\t\t<\/div>\n\t\t\t\t\t<\/div>\n\t\t<\/section>\n\t\t\t\t<\/div>","protected":false},"excerpt":{"rendered":"<p>La UAH celebra una edici\u00f3n de los Premios Cygnus marcada por el compromiso social y reconocimiento a creadores y comunicadores Los Premios Cygnus 2026 volvieron a convertir el Paraninfo de la Universidad de Alcal\u00e1 en el gran punto de encuentro del cine solidario y de valores en Espa\u00f1a. En una octava edici\u00f3n cargada de reflexi\u00f3n, [&hellip;]<\/p>\n","protected":false},"author":6,"featured_media":7025,"comment_status":"closed","ping_status":"closed","sticky":false,"template":"","format":"standard","meta":{"footnotes":""},"categories":[117],"tags":[],"class_list":["post-7008","post","type-post","status-publish","format-standard","has-post-thumbnail","hentry","category-peliculas-y-series"],"yoast_head":"<!-- This site is optimized with the Yoast SEO plugin v27.4 - https:\/\/yoast.com\/product\/yoast-seo-wordpress\/ -->\n<title>Los Premios Cygnus 2026 reivindican el cine que piensa frente a la prisa y el ruido &#8902;<\/title>\n<meta name=\"description\" content=\"La UAH celebra una edici\u00f3n de los Premios Cygnus marcada por el compromiso social y reconocimiento a creadores y comunicadores\" \/>\n<meta name=\"robots\" content=\"index, follow, max-snippet:-1, max-image-preview:large, max-video-preview:-1\" \/>\n<link rel=\"canonical\" href=\"https:\/\/unaymilletras.com\/en\/los-premios-cygnus-2026-reivindican-el-cine-que-piensa-frente-a-la-prisa-y-el-ruido\/\" \/>\n<meta property=\"og:locale\" content=\"en_GB\" \/>\n<meta property=\"og:type\" content=\"article\" \/>\n<meta property=\"og:title\" content=\"Los Premios Cygnus 2026 reivindican el cine que piensa frente a la prisa y el ruido &#8902;\" \/>\n<meta property=\"og:description\" content=\"La UAH celebra una edici\u00f3n de los Premios Cygnus marcada por el compromiso social y reconocimiento a creadores y comunicadores\" \/>\n<meta property=\"og:url\" content=\"https:\/\/unaymilletras.com\/en\/los-premios-cygnus-2026-reivindican-el-cine-que-piensa-frente-a-la-prisa-y-el-ruido\/\" \/>\n<meta property=\"og:site_name\" content=\"Una y Mil Letras\" \/>\n<meta property=\"article:published_time\" content=\"2026-01-16T08:30:00+00:00\" \/>\n<meta property=\"article:modified_time\" content=\"2026-01-16T10:00:34+00:00\" \/>\n<meta property=\"og:image\" content=\"http:\/\/unaymilletras.com\/wp-content\/uploads\/2026\/01\/VIII_CYGNUS_-54-e1768557400957.jpg\" \/>\n\t<meta property=\"og:image:width\" content=\"600\" \/>\n\t<meta property=\"og:image:height\" content=\"399\" \/>\n\t<meta property=\"og:image:type\" content=\"image\/jpeg\" \/>\n<meta name=\"author\" content=\"Redacci\u00f3n\" \/>\n<meta name=\"twitter:card\" content=\"summary_large_image\" \/>\n<meta name=\"twitter:creator\" content=\"@UnaYMilLetras\" \/>\n<meta name=\"twitter:site\" content=\"@UnaYMilLetras\" \/>\n<meta name=\"twitter:label1\" content=\"Written by\" \/>\n\t<meta name=\"twitter:data1\" content=\"Redacci\u00f3n\" \/>\n\t<meta name=\"twitter:label2\" content=\"Estimated reading time\" \/>\n\t<meta name=\"twitter:data2\" content=\"4 minutes\" \/>\n<script type=\"application\/ld+json\" class=\"yoast-schema-graph\">{\"@context\":\"https:\\\/\\\/schema.org\",\"@graph\":[{\"@type\":\"Article\",\"@id\":\"https:\\\/\\\/unaymilletras.com\\\/los-premios-cygnus-2026-reivindican-el-cine-que-piensa-frente-a-la-prisa-y-el-ruido\\\/#article\",\"isPartOf\":{\"@id\":\"https:\\\/\\\/unaymilletras.com\\\/los-premios-cygnus-2026-reivindican-el-cine-que-piensa-frente-a-la-prisa-y-el-ruido\\\/\"},\"author\":{\"name\":\"Redacci\u00f3n\",\"@id\":\"http:\\\/\\\/unaymilletras.com\\\/#\\\/schema\\\/person\\\/0860dc8a218329991ee2c7591f4f849d\"},\"headline\":\"Los Premios Cygnus 2026 reivindican el cine que piensa frente a la prisa y el ruido\",\"datePublished\":\"2026-01-16T08:30:00+00:00\",\"dateModified\":\"2026-01-16T10:00:34+00:00\",\"mainEntityOfPage\":{\"@id\":\"https:\\\/\\\/unaymilletras.com\\\/los-premios-cygnus-2026-reivindican-el-cine-que-piensa-frente-a-la-prisa-y-el-ruido\\\/\"},\"wordCount\":635,\"publisher\":{\"@id\":\"http:\\\/\\\/unaymilletras.com\\\/#organization\"},\"image\":{\"@id\":\"https:\\\/\\\/unaymilletras.com\\\/los-premios-cygnus-2026-reivindican-el-cine-que-piensa-frente-a-la-prisa-y-el-ruido\\\/#primaryimage\"},\"thumbnailUrl\":\"https:\\\/\\\/unaymilletras.com\\\/wp-content\\\/uploads\\\/2026\\\/01\\\/VIII_CYGNUS_-54-e1768557400957.jpg\",\"articleSection\":[\"Pel\u00edculas y Series\"],\"inLanguage\":\"en-GB\"},{\"@type\":\"WebPage\",\"@id\":\"https:\\\/\\\/unaymilletras.com\\\/los-premios-cygnus-2026-reivindican-el-cine-que-piensa-frente-a-la-prisa-y-el-ruido\\\/\",\"url\":\"https:\\\/\\\/unaymilletras.com\\\/los-premios-cygnus-2026-reivindican-el-cine-que-piensa-frente-a-la-prisa-y-el-ruido\\\/\",\"name\":\"Los Premios Cygnus 2026 reivindican el cine que piensa frente a la prisa y el ruido &#8902;\",\"isPartOf\":{\"@id\":\"http:\\\/\\\/unaymilletras.com\\\/#website\"},\"primaryImageOfPage\":{\"@id\":\"https:\\\/\\\/unaymilletras.com\\\/los-premios-cygnus-2026-reivindican-el-cine-que-piensa-frente-a-la-prisa-y-el-ruido\\\/#primaryimage\"},\"image\":{\"@id\":\"https:\\\/\\\/unaymilletras.com\\\/los-premios-cygnus-2026-reivindican-el-cine-que-piensa-frente-a-la-prisa-y-el-ruido\\\/#primaryimage\"},\"thumbnailUrl\":\"https:\\\/\\\/unaymilletras.com\\\/wp-content\\\/uploads\\\/2026\\\/01\\\/VIII_CYGNUS_-54-e1768557400957.jpg\",\"datePublished\":\"2026-01-16T08:30:00+00:00\",\"dateModified\":\"2026-01-16T10:00:34+00:00\",\"description\":\"La UAH celebra una edici\u00f3n de los Premios Cygnus marcada por el compromiso social y reconocimiento a creadores y comunicadores\",\"breadcrumb\":{\"@id\":\"https:\\\/\\\/unaymilletras.com\\\/los-premios-cygnus-2026-reivindican-el-cine-que-piensa-frente-a-la-prisa-y-el-ruido\\\/#breadcrumb\"},\"inLanguage\":\"en-GB\",\"potentialAction\":[{\"@type\":\"ReadAction\",\"target\":[\"https:\\\/\\\/unaymilletras.com\\\/los-premios-cygnus-2026-reivindican-el-cine-que-piensa-frente-a-la-prisa-y-el-ruido\\\/\"]}]},{\"@type\":\"ImageObject\",\"inLanguage\":\"en-GB\",\"@id\":\"https:\\\/\\\/unaymilletras.com\\\/los-premios-cygnus-2026-reivindican-el-cine-que-piensa-frente-a-la-prisa-y-el-ruido\\\/#primaryimage\",\"url\":\"https:\\\/\\\/unaymilletras.com\\\/wp-content\\\/uploads\\\/2026\\\/01\\\/VIII_CYGNUS_-54-e1768557400957.jpg\",\"contentUrl\":\"https:\\\/\\\/unaymilletras.com\\\/wp-content\\\/uploads\\\/2026\\\/01\\\/VIII_CYGNUS_-54-e1768557400957.jpg\",\"width\":600,\"height\":399,\"caption\":\"Premios Cygnus 2026\"},{\"@type\":\"BreadcrumbList\",\"@id\":\"https:\\\/\\\/unaymilletras.com\\\/los-premios-cygnus-2026-reivindican-el-cine-que-piensa-frente-a-la-prisa-y-el-ruido\\\/#breadcrumb\",\"itemListElement\":[{\"@type\":\"ListItem\",\"position\":1,\"name\":\"Home\",\"item\":\"http:\\\/\\\/unaymilletras.com\\\/\"},{\"@type\":\"ListItem\",\"position\":2,\"name\":\"Los Premios Cygnus 2026 reivindican el cine que piensa frente a la prisa y el ruido\"}]},{\"@type\":\"WebSite\",\"@id\":\"http:\\\/\\\/unaymilletras.com\\\/#website\",\"url\":\"http:\\\/\\\/unaymilletras.com\\\/\",\"name\":\"Una y Mil Letras\",\"description\":\"\",\"publisher\":{\"@id\":\"http:\\\/\\\/unaymilletras.com\\\/#organization\"},\"potentialAction\":[{\"@type\":\"SearchAction\",\"target\":{\"@type\":\"EntryPoint\",\"urlTemplate\":\"http:\\\/\\\/unaymilletras.com\\\/?s={search_term_string}\"},\"query-input\":{\"@type\":\"PropertyValueSpecification\",\"valueRequired\":true,\"valueName\":\"search_term_string\"}}],\"inLanguage\":\"en-GB\"},{\"@type\":\"Organization\",\"@id\":\"http:\\\/\\\/unaymilletras.com\\\/#organization\",\"name\":\"Una y Mil Letras\",\"url\":\"http:\\\/\\\/unaymilletras.com\\\/\",\"logo\":{\"@type\":\"ImageObject\",\"inLanguage\":\"en-GB\",\"@id\":\"http:\\\/\\\/unaymilletras.com\\\/#\\\/schema\\\/logo\\\/image\\\/\",\"url\":\"https:\\\/\\\/unaymilletras.com\\\/wp-content\\\/uploads\\\/2024\\\/06\\\/cropped-Logo-removebg-preview.png\",\"contentUrl\":\"https:\\\/\\\/unaymilletras.com\\\/wp-content\\\/uploads\\\/2024\\\/06\\\/cropped-Logo-removebg-preview.png\",\"width\":512,\"height\":512,\"caption\":\"Una y Mil Letras\"},\"image\":{\"@id\":\"http:\\\/\\\/unaymilletras.com\\\/#\\\/schema\\\/logo\\\/image\\\/\"},\"sameAs\":[\"https:\\\/\\\/x.com\\\/UnaYMilLetras\",\"https:\\\/\\\/instagram.com\\\/UnaYMilLetras\"]},{\"@type\":\"Person\",\"@id\":\"http:\\\/\\\/unaymilletras.com\\\/#\\\/schema\\\/person\\\/0860dc8a218329991ee2c7591f4f849d\",\"name\":\"Redacci\u00f3n\",\"image\":{\"@type\":\"ImageObject\",\"inLanguage\":\"en-GB\",\"@id\":\"https:\\\/\\\/secure.gravatar.com\\\/avatar\\\/d8f55e05a8b6597e45c55a1dcbdbfe44f4a360d88b48e00de5216a79b7732796?s=96&d=mm&r=g\",\"url\":\"https:\\\/\\\/secure.gravatar.com\\\/avatar\\\/d8f55e05a8b6597e45c55a1dcbdbfe44f4a360d88b48e00de5216a79b7732796?s=96&d=mm&r=g\",\"contentUrl\":\"https:\\\/\\\/secure.gravatar.com\\\/avatar\\\/d8f55e05a8b6597e45c55a1dcbdbfe44f4a360d88b48e00de5216a79b7732796?s=96&d=mm&r=g\",\"caption\":\"Redacci\u00f3n\"},\"url\":\"https:\\\/\\\/unaymilletras.com\\\/en\\\/author\\\/redaccion\\\/\"}]}<\/script>\n<!-- \/ Yoast SEO plugin. -->","yoast_head_json":{"title":"Los Premios Cygnus 2026 reivindican el cine que piensa frente a la prisa y el ruido &#8902;","description":"La UAH celebra una edici\u00f3n de los Premios Cygnus marcada por el compromiso social y reconocimiento a creadores y comunicadores","robots":{"index":"index","follow":"follow","max-snippet":"max-snippet:-1","max-image-preview":"max-image-preview:large","max-video-preview":"max-video-preview:-1"},"canonical":"https:\/\/unaymilletras.com\/en\/los-premios-cygnus-2026-reivindican-el-cine-que-piensa-frente-a-la-prisa-y-el-ruido\/","og_locale":"en_GB","og_type":"article","og_title":"Los Premios Cygnus 2026 reivindican el cine que piensa frente a la prisa y el ruido &#8902;","og_description":"La UAH celebra una edici\u00f3n de los Premios Cygnus marcada por el compromiso social y reconocimiento a creadores y comunicadores","og_url":"https:\/\/unaymilletras.com\/en\/los-premios-cygnus-2026-reivindican-el-cine-que-piensa-frente-a-la-prisa-y-el-ruido\/","og_site_name":"Una y Mil Letras","article_published_time":"2026-01-16T08:30:00+00:00","article_modified_time":"2026-01-16T10:00:34+00:00","og_image":[{"width":600,"height":399,"url":"http:\/\/unaymilletras.com\/wp-content\/uploads\/2026\/01\/VIII_CYGNUS_-54-e1768557400957.jpg","type":"image\/jpeg"}],"author":"Redacci\u00f3n","twitter_card":"summary_large_image","twitter_creator":"@UnaYMilLetras","twitter_site":"@UnaYMilLetras","twitter_misc":{"Written by":"Redacci\u00f3n","Estimated reading time":"4 minutes"},"schema":{"@context":"https:\/\/schema.org","@graph":[{"@type":"Article","@id":"https:\/\/unaymilletras.com\/los-premios-cygnus-2026-reivindican-el-cine-que-piensa-frente-a-la-prisa-y-el-ruido\/#article","isPartOf":{"@id":"https:\/\/unaymilletras.com\/los-premios-cygnus-2026-reivindican-el-cine-que-piensa-frente-a-la-prisa-y-el-ruido\/"},"author":{"name":"Redacci\u00f3n","@id":"http:\/\/unaymilletras.com\/#\/schema\/person\/0860dc8a218329991ee2c7591f4f849d"},"headline":"Los Premios Cygnus 2026 reivindican el cine que piensa frente a la prisa y el ruido","datePublished":"2026-01-16T08:30:00+00:00","dateModified":"2026-01-16T10:00:34+00:00","mainEntityOfPage":{"@id":"https:\/\/unaymilletras.com\/los-premios-cygnus-2026-reivindican-el-cine-que-piensa-frente-a-la-prisa-y-el-ruido\/"},"wordCount":635,"publisher":{"@id":"http:\/\/unaymilletras.com\/#organization"},"image":{"@id":"https:\/\/unaymilletras.com\/los-premios-cygnus-2026-reivindican-el-cine-que-piensa-frente-a-la-prisa-y-el-ruido\/#primaryimage"},"thumbnailUrl":"https:\/\/unaymilletras.com\/wp-content\/uploads\/2026\/01\/VIII_CYGNUS_-54-e1768557400957.jpg","articleSection":["Pel\u00edculas y Series"],"inLanguage":"en-GB"},{"@type":"WebPage","@id":"https:\/\/unaymilletras.com\/los-premios-cygnus-2026-reivindican-el-cine-que-piensa-frente-a-la-prisa-y-el-ruido\/","url":"https:\/\/unaymilletras.com\/los-premios-cygnus-2026-reivindican-el-cine-que-piensa-frente-a-la-prisa-y-el-ruido\/","name":"Los Premios Cygnus 2026 reivindican el cine que piensa frente a la prisa y el ruido &#8902;","isPartOf":{"@id":"http:\/\/unaymilletras.com\/#website"},"primaryImageOfPage":{"@id":"https:\/\/unaymilletras.com\/los-premios-cygnus-2026-reivindican-el-cine-que-piensa-frente-a-la-prisa-y-el-ruido\/#primaryimage"},"image":{"@id":"https:\/\/unaymilletras.com\/los-premios-cygnus-2026-reivindican-el-cine-que-piensa-frente-a-la-prisa-y-el-ruido\/#primaryimage"},"thumbnailUrl":"https:\/\/unaymilletras.com\/wp-content\/uploads\/2026\/01\/VIII_CYGNUS_-54-e1768557400957.jpg","datePublished":"2026-01-16T08:30:00+00:00","dateModified":"2026-01-16T10:00:34+00:00","description":"La UAH celebra una edici\u00f3n de los Premios Cygnus marcada por el compromiso social y reconocimiento a creadores y comunicadores","breadcrumb":{"@id":"https:\/\/unaymilletras.com\/los-premios-cygnus-2026-reivindican-el-cine-que-piensa-frente-a-la-prisa-y-el-ruido\/#breadcrumb"},"inLanguage":"en-GB","potentialAction":[{"@type":"ReadAction","target":["https:\/\/unaymilletras.com\/los-premios-cygnus-2026-reivindican-el-cine-que-piensa-frente-a-la-prisa-y-el-ruido\/"]}]},{"@type":"ImageObject","inLanguage":"en-GB","@id":"https:\/\/unaymilletras.com\/los-premios-cygnus-2026-reivindican-el-cine-que-piensa-frente-a-la-prisa-y-el-ruido\/#primaryimage","url":"https:\/\/unaymilletras.com\/wp-content\/uploads\/2026\/01\/VIII_CYGNUS_-54-e1768557400957.jpg","contentUrl":"https:\/\/unaymilletras.com\/wp-content\/uploads\/2026\/01\/VIII_CYGNUS_-54-e1768557400957.jpg","width":600,"height":399,"caption":"Premios Cygnus 2026"},{"@type":"BreadcrumbList","@id":"https:\/\/unaymilletras.com\/los-premios-cygnus-2026-reivindican-el-cine-que-piensa-frente-a-la-prisa-y-el-ruido\/#breadcrumb","itemListElement":[{"@type":"ListItem","position":1,"name":"Home","item":"http:\/\/unaymilletras.com\/"},{"@type":"ListItem","position":2,"name":"Los Premios Cygnus 2026 reivindican el cine que piensa frente a la prisa y el ruido"}]},{"@type":"WebSite","@id":"http:\/\/unaymilletras.com\/#website","url":"http:\/\/unaymilletras.com\/","name":"Una y Mil Letras","description":"","publisher":{"@id":"http:\/\/unaymilletras.com\/#organization"},"potentialAction":[{"@type":"SearchAction","target":{"@type":"EntryPoint","urlTemplate":"http:\/\/unaymilletras.com\/?s={search_term_string}"},"query-input":{"@type":"PropertyValueSpecification","valueRequired":true,"valueName":"search_term_string"}}],"inLanguage":"en-GB"},{"@type":"Organization","@id":"http:\/\/unaymilletras.com\/#organization","name":"Una y Mil Letras","url":"http:\/\/unaymilletras.com\/","logo":{"@type":"ImageObject","inLanguage":"en-GB","@id":"http:\/\/unaymilletras.com\/#\/schema\/logo\/image\/","url":"https:\/\/unaymilletras.com\/wp-content\/uploads\/2024\/06\/cropped-Logo-removebg-preview.png","contentUrl":"https:\/\/unaymilletras.com\/wp-content\/uploads\/2024\/06\/cropped-Logo-removebg-preview.png","width":512,"height":512,"caption":"Una y Mil Letras"},"image":{"@id":"http:\/\/unaymilletras.com\/#\/schema\/logo\/image\/"},"sameAs":["https:\/\/x.com\/UnaYMilLetras","https:\/\/instagram.com\/UnaYMilLetras"]},{"@type":"Person","@id":"http:\/\/unaymilletras.com\/#\/schema\/person\/0860dc8a218329991ee2c7591f4f849d","name":"Redacci\u00f3n","image":{"@type":"ImageObject","inLanguage":"en-GB","@id":"https:\/\/secure.gravatar.com\/avatar\/d8f55e05a8b6597e45c55a1dcbdbfe44f4a360d88b48e00de5216a79b7732796?s=96&d=mm&r=g","url":"https:\/\/secure.gravatar.com\/avatar\/d8f55e05a8b6597e45c55a1dcbdbfe44f4a360d88b48e00de5216a79b7732796?s=96&d=mm&r=g","contentUrl":"https:\/\/secure.gravatar.com\/avatar\/d8f55e05a8b6597e45c55a1dcbdbfe44f4a360d88b48e00de5216a79b7732796?s=96&d=mm&r=g","caption":"Redacci\u00f3n"},"url":"https:\/\/unaymilletras.com\/en\/author\/redaccion\/"}]}},"_links":{"self":[{"href":"https:\/\/unaymilletras.com\/en\/wp-json\/wp\/v2\/posts\/7008","targetHints":{"allow":["GET"]}}],"collection":[{"href":"https:\/\/unaymilletras.com\/en\/wp-json\/wp\/v2\/posts"}],"about":[{"href":"https:\/\/unaymilletras.com\/en\/wp-json\/wp\/v2\/types\/post"}],"author":[{"embeddable":true,"href":"https:\/\/unaymilletras.com\/en\/wp-json\/wp\/v2\/users\/6"}],"replies":[{"embeddable":true,"href":"https:\/\/unaymilletras.com\/en\/wp-json\/wp\/v2\/comments?post=7008"}],"version-history":[{"count":7,"href":"https:\/\/unaymilletras.com\/en\/wp-json\/wp\/v2\/posts\/7008\/revisions"}],"predecessor-version":[{"id":7031,"href":"https:\/\/unaymilletras.com\/en\/wp-json\/wp\/v2\/posts\/7008\/revisions\/7031"}],"wp:featuredmedia":[{"embeddable":true,"href":"https:\/\/unaymilletras.com\/en\/wp-json\/wp\/v2\/media\/7025"}],"wp:attachment":[{"href":"https:\/\/unaymilletras.com\/en\/wp-json\/wp\/v2\/media?parent=7008"}],"wp:term":[{"taxonomy":"category","embeddable":true,"href":"https:\/\/unaymilletras.com\/en\/wp-json\/wp\/v2\/categories?post=7008"},{"taxonomy":"post_tag","embeddable":true,"href":"https:\/\/unaymilletras.com\/en\/wp-json\/wp\/v2\/tags?post=7008"}],"curies":[{"name":"wp","href":"https:\/\/api.w.org\/{rel}","templated":true}]}}