{"id":7010,"date":"2026-01-16T10:45:31","date_gmt":"2026-01-16T09:45:31","guid":{"rendered":"https:\/\/unaymilletras.com\/?p=7010"},"modified":"2026-01-16T10:47:59","modified_gmt":"2026-01-16T09:47:59","slug":"melendi-suma-nuevas-fechas-a-su-pop-rock-tour-tras-agotar-entradas-en-varias-ciudades","status":"publish","type":"post","link":"https:\/\/unaymilletras.com\/en\/melendi-suma-nuevas-fechas-a-su-pop-rock-tour-tras-agotar-entradas-en-varias-ciudades\/","title":{"rendered":"Melendi suma nuevas fechas a su Pop Rock Tour tras agotar entradas en varias ciudades"},"content":{"rendered":"<div data-elementor-type=\"wp-post\" data-elementor-id=\"7010\" class=\"elementor elementor-7010\">\n\t\t\t\t\t\t<section class=\"elementor-section elementor-top-section elementor-element elementor-element-3a3a336 elementor-section-boxed elementor-section-height-default elementor-section-height-default\" data-id=\"3a3a336\" data-element_type=\"section\" data-e-type=\"section\">\n\t\t\t\t\t\t<div class=\"elementor-container elementor-column-gap-default\">\n\t\t\t\t\t<div class=\"elementor-column elementor-col-100 elementor-top-column elementor-element elementor-element-c72065d\" data-id=\"c72065d\" data-element_type=\"column\" data-e-type=\"column\">\n\t\t\t<div class=\"elementor-widget-wrap elementor-element-populated\">\n\t\t\t\t\t\t<div class=\"elementor-element elementor-element-fb2bbbe elementor-widget elementor-widget-text-editor\" data-id=\"fb2bbbe\" data-element_type=\"widget\" data-e-type=\"widget\" data-widget_type=\"text-editor.default\">\n\t\t\t\t<div class=\"elementor-widget-container\">\n\t\t\t\t\t\t\t\t\t<p style=\"text-align: justify\">Melendi vuelve a demostrar su enorme tir\u00f3n en directo. El artista asturiano ha anunciado nuevas fechas para su <em data-start=\"380\" data-end=\"395\">Pop Rock Tour<\/em> despu\u00e9s de colgar el cartel de <strong data-start=\"427\" data-end=\"498\">entradas agotadas en Murcia, Bilbao, Barcelona, A Coru\u00f1a y Valencia<\/strong>, seis de los nueve conciertos inicialmente anunciados.<\/p>\t\t\t\t\t\t\t\t<\/div>\n\t\t\t\t<\/div>\n\t\t\t\t\t<\/div>\n\t\t<\/div>\n\t\t\t\t\t<\/div>\n\t\t<\/section>\n\t\t\t\t<section class=\"elementor-section elementor-top-section elementor-element elementor-element-82278bb elementor-section-boxed elementor-section-height-default elementor-section-height-default\" data-id=\"82278bb\" data-element_type=\"section\" data-e-type=\"section\">\n\t\t\t\t\t\t<div class=\"elementor-container elementor-column-gap-default\">\n\t\t\t\t\t<div class=\"elementor-column elementor-col-100 elementor-top-column elementor-element elementor-element-e83feea\" data-id=\"e83feea\" data-element_type=\"column\" data-e-type=\"column\">\n\t\t\t<div class=\"elementor-widget-wrap elementor-element-populated\">\n\t\t\t\t\t\t<div class=\"elementor-element elementor-element-3303f20 elementor-widget elementor-widget-image\" data-id=\"3303f20\" data-element_type=\"widget\" data-e-type=\"widget\" data-widget_type=\"image.default\">\n\t\t\t\t<div class=\"elementor-widget-container\">\n\t\t\t\t\t\t\t\t\t\t\t\t\t\t\t<img fetchpriority=\"high\" decoding=\"async\" width=\"640\" height=\"325\" src=\"https:\/\/unaymilletras.com\/wp-content\/uploads\/2026\/01\/unnamed-1-768x390.jpg\" class=\"attachment-medium_large size-medium_large wp-image-7012\" alt=\"\" srcset=\"https:\/\/unaymilletras.com\/wp-content\/uploads\/2026\/01\/unnamed-1-768x390.jpg 768w, https:\/\/unaymilletras.com\/wp-content\/uploads\/2026\/01\/unnamed-1-300x152.jpg 300w, https:\/\/unaymilletras.com\/wp-content\/uploads\/2026\/01\/unnamed-1-18x9.jpg 18w, https:\/\/unaymilletras.com\/wp-content\/uploads\/2026\/01\/unnamed-1.jpg 956w\" sizes=\"(max-width: 640px) 100vw, 640px\" \/>\t\t\t\t\t\t\t\t\t\t\t\t\t\t\t<\/div>\n\t\t\t\t<\/div>\n\t\t\t\t\t<\/div>\n\t\t<\/div>\n\t\t\t\t\t<\/div>\n\t\t<\/section>\n\t\t\t\t<section class=\"elementor-section elementor-top-section elementor-element elementor-element-ca9871d elementor-section-boxed elementor-section-height-default elementor-section-height-default\" data-id=\"ca9871d\" data-element_type=\"section\" data-e-type=\"section\">\n\t\t\t\t\t\t<div class=\"elementor-container elementor-column-gap-default\">\n\t\t\t\t\t<div class=\"elementor-column elementor-col-100 elementor-top-column elementor-element elementor-element-e9de258\" data-id=\"e9de258\" data-element_type=\"column\" data-e-type=\"column\">\n\t\t\t<div class=\"elementor-widget-wrap elementor-element-populated\">\n\t\t\t\t\t\t<div class=\"elementor-element elementor-element-f79d14a elementor-widget elementor-widget-text-editor\" data-id=\"f79d14a\" data-element_type=\"widget\" data-e-type=\"widget\" data-widget_type=\"text-editor.default\">\n\t\t\t\t<div class=\"elementor-widget-container\">\n\t\t\t\t\t\t\t\t\t<p style=\"text-align: justify\">Las nuevas entradas <strong>ya han salido a la venta<\/strong> de su <a href=\"https:\/\/www.melendioficial.com\/\">web oficial<\/a>.\u00a0La alta demanda ha llevado al cantante a ampliar su gira en varias de estas ciudades, en un tour que ya ha vendido cerca de <strong data-start=\"825\" data-end=\"845\">100.000 entradas<\/strong> antes incluso del lanzamiento de su pr\u00f3ximo disco.<\/p>\t\t\t\t\t\t\t\t<\/div>\n\t\t\t\t<\/div>\n\t\t\t\t\t<\/div>\n\t\t<\/div>\n\t\t\t\t\t<\/div>\n\t\t<\/section>\n\t\t\t\t<section class=\"elementor-section elementor-top-section elementor-element elementor-element-7dae948 elementor-section-boxed elementor-section-height-default elementor-section-height-default\" data-id=\"7dae948\" data-element_type=\"section\" data-e-type=\"section\">\n\t\t\t\t\t\t<div class=\"elementor-container elementor-column-gap-default\">\n\t\t\t\t\t<div class=\"elementor-column elementor-col-50 elementor-top-column elementor-element elementor-element-34e682d\" data-id=\"34e682d\" data-element_type=\"column\" data-e-type=\"column\">\n\t\t\t<div class=\"elementor-widget-wrap elementor-element-populated\">\n\t\t\t\t\t\t<div class=\"elementor-element elementor-element-fb94e62 elementor-widget elementor-widget-image\" data-id=\"fb94e62\" data-element_type=\"widget\" data-e-type=\"widget\" data-widget_type=\"image.default\">\n\t\t\t\t<div class=\"elementor-widget-container\">\n\t\t\t\t\t\t\t\t\t\t\t\t\t\t\t<img decoding=\"async\" width=\"640\" height=\"423\" src=\"https:\/\/unaymilletras.com\/wp-content\/uploads\/2026\/01\/unnamed-1-1-1024x677.png\" class=\"attachment-large size-large wp-image-7013\" alt=\"\" srcset=\"https:\/\/unaymilletras.com\/wp-content\/uploads\/2026\/01\/unnamed-1-1-1024x677.png 1024w, https:\/\/unaymilletras.com\/wp-content\/uploads\/2026\/01\/unnamed-1-1-300x198.png 300w, https:\/\/unaymilletras.com\/wp-content\/uploads\/2026\/01\/unnamed-1-1-768x508.png 768w, https:\/\/unaymilletras.com\/wp-content\/uploads\/2026\/01\/unnamed-1-1-18x12.png 18w, https:\/\/unaymilletras.com\/wp-content\/uploads\/2026\/01\/unnamed-1-1-e1768556266543.png 600w\" sizes=\"(max-width: 640px) 100vw, 640px\" \/>\t\t\t\t\t\t\t\t\t\t\t\t\t\t\t<\/div>\n\t\t\t\t<\/div>\n\t\t\t\t\t<\/div>\n\t\t<\/div>\n\t\t\t\t<div class=\"elementor-column elementor-col-50 elementor-top-column elementor-element elementor-element-f9ee3f9\" data-id=\"f9ee3f9\" data-element_type=\"column\" data-e-type=\"column\">\n\t\t\t<div class=\"elementor-widget-wrap elementor-element-populated\">\n\t\t\t\t\t\t<div class=\"elementor-element elementor-element-8d4fabf elementor-widget elementor-widget-text-editor\" data-id=\"8d4fabf\" data-element_type=\"widget\" data-e-type=\"widget\" data-widget_type=\"text-editor.default\">\n\t\t\t\t<div class=\"elementor-widget-container\">\n\t\t\t\t\t\t\t\t\t<p style=\"text-align: justify\">El\u00a0<em data-start=\"901\" data-end=\"916\">Pop Rock Tour<\/em> servir\u00e1 como carta de presentaci\u00f3n en directo de \u00ab<strong data-start=\"966\" data-end=\"978\">Pop Rock\u00bb<\/strong>, el nuevo \u00e1lbum de estudio de Melendi, cuyo lanzamiento es inminente. En los conciertos, el artista combinar\u00e1 nuevas canciones con algunos de los grandes himnos que han marcado sus m\u00e1s de dos d\u00e9cadas de carrera.<\/p>\t\t\t\t\t\t\t\t<\/div>\n\t\t\t\t<\/div>\n\t\t\t\t\t<\/div>\n\t\t<\/div>\n\t\t\t\t\t<\/div>\n\t\t<\/section>\n\t\t\t\t<section class=\"elementor-section elementor-top-section elementor-element elementor-element-d3f2665 elementor-section-boxed elementor-section-height-default elementor-section-height-default\" data-id=\"d3f2665\" data-element_type=\"section\" data-e-type=\"section\">\n\t\t\t\t\t\t<div class=\"elementor-container elementor-column-gap-default\">\n\t\t\t\t\t<div class=\"elementor-column elementor-col-100 elementor-top-column elementor-element elementor-element-942af0c\" data-id=\"942af0c\" data-element_type=\"column\" data-e-type=\"column\">\n\t\t\t<div class=\"elementor-widget-wrap elementor-element-populated\">\n\t\t\t\t\t\t<div class=\"elementor-element elementor-element-109c4e6 elementor-widget elementor-widget-text-editor\" data-id=\"109c4e6\" data-element_type=\"widget\" data-e-type=\"widget\" data-widget_type=\"text-editor.default\">\n\t\t\t\t<div class=\"elementor-widget-container\">\n\t\t\t\t\t\t\t\t\t<p style=\"text-align: justify\">Desde su propio t\u00edtulo, \u00abPop Rock\u00bb se plantea como una declaraci\u00f3n de intenciones. Se trata de un trabajo que apuesta por <b>melod\u00edas reconocibles, estribillos directos y una clara vocaci\u00f3n de escenario<\/b>. M\u00e1s que una reinvenci\u00f3n, el disco supone una reafirmaci\u00f3n de la identidad art\u00edstica de Melendi, combinando la experiencia acumulada con una sonoridad actual.<\/p>\t\t\t\t\t\t\t\t<\/div>\n\t\t\t\t<\/div>\n\t\t\t\t\t<\/div>\n\t\t<\/div>\n\t\t\t\t\t<\/div>\n\t\t<\/section>\n\t\t\t\t<section class=\"elementor-section elementor-top-section elementor-element elementor-element-b78c322 elementor-section-boxed elementor-section-height-default elementor-section-height-default\" data-id=\"b78c322\" data-element_type=\"section\" data-e-type=\"section\">\n\t\t\t\t\t\t<div class=\"elementor-container elementor-column-gap-default\">\n\t\t\t\t\t<div class=\"elementor-column elementor-col-100 elementor-top-column elementor-element elementor-element-4708792\" data-id=\"4708792\" data-element_type=\"column\" data-e-type=\"column\">\n\t\t\t<div class=\"elementor-widget-wrap elementor-element-populated\">\n\t\t\t\t\t\t<div class=\"elementor-element elementor-element-78fc279 elementor-widget elementor-widget-text-editor\" data-id=\"78fc279\" data-element_type=\"widget\" data-e-type=\"widget\" data-widget_type=\"text-editor.default\">\n\t\t\t\t<div class=\"elementor-widget-container\">\n\t\t\t\t\t\t\t\t\t<p style=\"text-align: justify\">Tras el \u00e9xito de \u00ab<strong>Likes y cicatrices\u00bb<\/strong> (2021) y la gira conmemorativa \u00ab<strong>20 a\u00f1os sin noticias\u00bb<\/strong> (2023), este nuevo \u00e1lbum marca un nuevo paso en su evoluci\u00f3n art\u00edstica, manteniendo intacta su conexi\u00f3n con el p\u00fablico a trav\u00e9s de letras cercanas y canciones dise\u00f1adas para ser compartidas en vivo.<\/p>\t\t\t\t\t\t\t\t<\/div>\n\t\t\t\t<\/div>\n\t\t\t\t\t<\/div>\n\t\t<\/div>\n\t\t\t\t\t<\/div>\n\t\t<\/section>\n\t\t\t\t<section class=\"elementor-section elementor-top-section elementor-element elementor-element-ef98049 elementor-section-boxed elementor-section-height-default elementor-section-height-default\" data-id=\"ef98049\" data-element_type=\"section\" data-e-type=\"section\">\n\t\t\t\t\t\t<div class=\"elementor-container elementor-column-gap-default\">\n\t\t\t\t\t<div class=\"elementor-column elementor-col-100 elementor-top-column elementor-element elementor-element-93ef8e0\" data-id=\"93ef8e0\" data-element_type=\"column\" data-e-type=\"column\">\n\t\t\t<div class=\"elementor-widget-wrap elementor-element-populated\">\n\t\t\t\t\t\t<div class=\"elementor-element elementor-element-1e622ee elementor-widget elementor-widget-image\" data-id=\"1e622ee\" data-element_type=\"widget\" data-e-type=\"widget\" data-widget_type=\"image.default\">\n\t\t\t\t<div class=\"elementor-widget-container\">\n\t\t\t\t\t\t\t\t\t\t\t\t\t\t\t<img decoding=\"async\" width=\"640\" height=\"640\" src=\"https:\/\/unaymilletras.com\/wp-content\/uploads\/2026\/01\/unnamed-2-1024x1024.jpg\" class=\"attachment-large size-large wp-image-7015\" alt=\"\" srcset=\"https:\/\/unaymilletras.com\/wp-content\/uploads\/2026\/01\/unnamed-2-1024x1024.jpg 1024w, https:\/\/unaymilletras.com\/wp-content\/uploads\/2026\/01\/unnamed-2-300x300.jpg 300w, https:\/\/unaymilletras.com\/wp-content\/uploads\/2026\/01\/unnamed-2-150x150.jpg 150w, https:\/\/unaymilletras.com\/wp-content\/uploads\/2026\/01\/unnamed-2-768x768.jpg 768w, https:\/\/unaymilletras.com\/wp-content\/uploads\/2026\/01\/unnamed-2-12x12.jpg 12w, https:\/\/unaymilletras.com\/wp-content\/uploads\/2026\/01\/unnamed-2-e1768556465674.jpg 600w\" sizes=\"(max-width: 640px) 100vw, 640px\" \/>\t\t\t\t\t\t\t\t\t\t\t\t\t\t\t<\/div>\n\t\t\t\t<\/div>\n\t\t\t\t\t<\/div>\n\t\t<\/div>\n\t\t\t\t\t<\/div>\n\t\t<\/section>\n\t\t\t\t<section class=\"elementor-section elementor-top-section elementor-element elementor-element-d847966 elementor-section-boxed elementor-section-height-default elementor-section-height-default\" data-id=\"d847966\" data-element_type=\"section\" data-e-type=\"section\">\n\t\t\t\t\t\t<div class=\"elementor-container elementor-column-gap-default\">\n\t\t\t\t\t<div class=\"elementor-column elementor-col-100 elementor-top-column elementor-element elementor-element-dc4acbb\" data-id=\"dc4acbb\" data-element_type=\"column\" data-e-type=\"column\">\n\t\t\t<div class=\"elementor-widget-wrap elementor-element-populated\">\n\t\t\t\t\t\t<div class=\"elementor-element elementor-element-4db05bd elementor-widget elementor-widget-text-editor\" data-id=\"4db05bd\" data-element_type=\"widget\" data-e-type=\"widget\" data-widget_type=\"text-editor.default\">\n\t\t\t\t<div class=\"elementor-widget-container\">\n\t\t\t\t\t\t\t\t\t<p style=\"text-align: justify\">Con el <em data-start=\"2768\" data-end=\"2783\">Pop Rock Tour<\/em>, Melendi confirma que sigue siendo uno de los nombres clave del pop rock nacional y que su conexi\u00f3n con el p\u00fablico contin\u00faa m\u00e1s fuerte que nunca.<\/p><p>\u00a0<\/p><p>Sigue descubriendo m\u00e1s sobre la actualidad musical en\u00a0<em><a href=\"https:\/\/unaymilletras.com\/en\/\">Una y mil letras<\/a>.<\/em><\/p>\t\t\t\t\t\t\t\t<\/div>\n\t\t\t\t<\/div>\n\t\t\t\t\t<\/div>\n\t\t<\/div>\n\t\t\t\t\t<\/div>\n\t\t<\/section>\n\t\t\t\t<\/div>","protected":false},"excerpt":{"rendered":"<p>Melendi vuelve a demostrar su enorme tir\u00f3n en directo. El artista asturiano ha anunciado nuevas fechas para su Pop Rock Tour despu\u00e9s de colgar el cartel de entradas agotadas en Murcia, Bilbao, Barcelona, A Coru\u00f1a y Valencia, seis de los nueve conciertos inicialmente anunciados. Las nuevas entradas ya han salido a la venta de su [&hellip;]<\/p>\n","protected":false},"author":13,"featured_media":7012,"comment_status":"closed","ping_status":"closed","sticky":false,"template":"","format":"standard","meta":{"footnotes":""},"categories":[119,4],"tags":[],"class_list":["post-7010","post","type-post","status-publish","format-standard","has-post-thumbnail","hentry","category-eventos","category-musica"],"yoast_head":"<!-- This site is optimized with the Yoast SEO plugin v27.4 - https:\/\/yoast.com\/product\/yoast-seo-wordpress\/ -->\n<title>Melendi suma nuevas fechas a su Pop Rock Tour<\/title>\n<meta name=\"description\" content=\"Melendi suma nuevas fechas a su Pop Rock Tour tras agotar entradas en varias ciudades. Las entradas ya est\u00e1n a la venta\" \/>\n<meta name=\"robots\" content=\"index, follow, max-snippet:-1, max-image-preview:large, max-video-preview:-1\" \/>\n<link rel=\"canonical\" href=\"https:\/\/unaymilletras.com\/en\/melendi-suma-nuevas-fechas-a-su-pop-rock-tour-tras-agotar-entradas-en-varias-ciudades\/\" \/>\n<meta property=\"og:locale\" content=\"en_GB\" \/>\n<meta property=\"og:type\" content=\"article\" \/>\n<meta property=\"og:title\" content=\"Melendi suma nuevas fechas a su Pop Rock Tour\" \/>\n<meta property=\"og:description\" content=\"Melendi suma nuevas fechas a su Pop Rock Tour tras agotar entradas en varias ciudades. Las entradas ya est\u00e1n a la venta\" \/>\n<meta property=\"og:url\" content=\"https:\/\/unaymilletras.com\/en\/melendi-suma-nuevas-fechas-a-su-pop-rock-tour-tras-agotar-entradas-en-varias-ciudades\/\" \/>\n<meta property=\"og:site_name\" content=\"Una y Mil Letras\" \/>\n<meta property=\"article:published_time\" content=\"2026-01-16T09:45:31+00:00\" \/>\n<meta property=\"article:modified_time\" content=\"2026-01-16T09:47:59+00:00\" \/>\n<meta property=\"og:image\" content=\"http:\/\/unaymilletras.com\/wp-content\/uploads\/2026\/01\/unnamed-1.jpg\" \/>\n\t<meta property=\"og:image:width\" content=\"956\" \/>\n\t<meta property=\"og:image:height\" content=\"485\" \/>\n\t<meta property=\"og:image:type\" content=\"image\/jpeg\" \/>\n<meta name=\"author\" content=\"Alba Benito\" \/>\n<meta name=\"twitter:card\" content=\"summary_large_image\" \/>\n<meta name=\"twitter:creator\" content=\"@UnaYMilLetras\" \/>\n<meta name=\"twitter:site\" content=\"@UnaYMilLetras\" \/>\n<meta name=\"twitter:label1\" content=\"Written by\" \/>\n\t<meta name=\"twitter:data1\" content=\"Alba Benito\" \/>\n\t<meta name=\"twitter:label2\" content=\"Estimated reading time\" \/>\n\t<meta name=\"twitter:data2\" content=\"2 minutes\" \/>\n<script type=\"application\/ld+json\" class=\"yoast-schema-graph\">{\"@context\":\"https:\\\/\\\/schema.org\",\"@graph\":[{\"@type\":\"Article\",\"@id\":\"https:\\\/\\\/unaymilletras.com\\\/melendi-suma-nuevas-fechas-a-su-pop-rock-tour-tras-agotar-entradas-en-varias-ciudades\\\/#article\",\"isPartOf\":{\"@id\":\"https:\\\/\\\/unaymilletras.com\\\/melendi-suma-nuevas-fechas-a-su-pop-rock-tour-tras-agotar-entradas-en-varias-ciudades\\\/\"},\"author\":{\"name\":\"Alba Benito\",\"@id\":\"http:\\\/\\\/unaymilletras.com\\\/#\\\/schema\\\/person\\\/a10550e4bff9a23f941f52b2cd5d8686\"},\"headline\":\"Melendi suma nuevas fechas a su Pop Rock Tour tras agotar entradas en varias ciudades\",\"datePublished\":\"2026-01-16T09:45:31+00:00\",\"dateModified\":\"2026-01-16T09:47:59+00:00\",\"mainEntityOfPage\":{\"@id\":\"https:\\\/\\\/unaymilletras.com\\\/melendi-suma-nuevas-fechas-a-su-pop-rock-tour-tras-agotar-entradas-en-varias-ciudades\\\/\"},\"wordCount\":324,\"publisher\":{\"@id\":\"http:\\\/\\\/unaymilletras.com\\\/#organization\"},\"image\":{\"@id\":\"https:\\\/\\\/unaymilletras.com\\\/melendi-suma-nuevas-fechas-a-su-pop-rock-tour-tras-agotar-entradas-en-varias-ciudades\\\/#primaryimage\"},\"thumbnailUrl\":\"https:\\\/\\\/unaymilletras.com\\\/wp-content\\\/uploads\\\/2026\\\/01\\\/unnamed-1.jpg\",\"articleSection\":[\"Eventos\",\"M\u00fasica\"],\"inLanguage\":\"en-GB\"},{\"@type\":\"WebPage\",\"@id\":\"https:\\\/\\\/unaymilletras.com\\\/melendi-suma-nuevas-fechas-a-su-pop-rock-tour-tras-agotar-entradas-en-varias-ciudades\\\/\",\"url\":\"https:\\\/\\\/unaymilletras.com\\\/melendi-suma-nuevas-fechas-a-su-pop-rock-tour-tras-agotar-entradas-en-varias-ciudades\\\/\",\"name\":\"Melendi suma nuevas fechas a su Pop Rock Tour\",\"isPartOf\":{\"@id\":\"http:\\\/\\\/unaymilletras.com\\\/#website\"},\"primaryImageOfPage\":{\"@id\":\"https:\\\/\\\/unaymilletras.com\\\/melendi-suma-nuevas-fechas-a-su-pop-rock-tour-tras-agotar-entradas-en-varias-ciudades\\\/#primaryimage\"},\"image\":{\"@id\":\"https:\\\/\\\/unaymilletras.com\\\/melendi-suma-nuevas-fechas-a-su-pop-rock-tour-tras-agotar-entradas-en-varias-ciudades\\\/#primaryimage\"},\"thumbnailUrl\":\"https:\\\/\\\/unaymilletras.com\\\/wp-content\\\/uploads\\\/2026\\\/01\\\/unnamed-1.jpg\",\"datePublished\":\"2026-01-16T09:45:31+00:00\",\"dateModified\":\"2026-01-16T09:47:59+00:00\",\"description\":\"Melendi suma nuevas fechas a su Pop Rock Tour tras agotar entradas en varias ciudades. Las entradas ya est\u00e1n a la venta\",\"breadcrumb\":{\"@id\":\"https:\\\/\\\/unaymilletras.com\\\/melendi-suma-nuevas-fechas-a-su-pop-rock-tour-tras-agotar-entradas-en-varias-ciudades\\\/#breadcrumb\"},\"inLanguage\":\"en-GB\",\"potentialAction\":[{\"@type\":\"ReadAction\",\"target\":[\"https:\\\/\\\/unaymilletras.com\\\/melendi-suma-nuevas-fechas-a-su-pop-rock-tour-tras-agotar-entradas-en-varias-ciudades\\\/\"]}]},{\"@type\":\"ImageObject\",\"inLanguage\":\"en-GB\",\"@id\":\"https:\\\/\\\/unaymilletras.com\\\/melendi-suma-nuevas-fechas-a-su-pop-rock-tour-tras-agotar-entradas-en-varias-ciudades\\\/#primaryimage\",\"url\":\"https:\\\/\\\/unaymilletras.com\\\/wp-content\\\/uploads\\\/2026\\\/01\\\/unnamed-1.jpg\",\"contentUrl\":\"https:\\\/\\\/unaymilletras.com\\\/wp-content\\\/uploads\\\/2026\\\/01\\\/unnamed-1.jpg\",\"width\":956,\"height\":485},{\"@type\":\"BreadcrumbList\",\"@id\":\"https:\\\/\\\/unaymilletras.com\\\/melendi-suma-nuevas-fechas-a-su-pop-rock-tour-tras-agotar-entradas-en-varias-ciudades\\\/#breadcrumb\",\"itemListElement\":[{\"@type\":\"ListItem\",\"position\":1,\"name\":\"Home\",\"item\":\"http:\\\/\\\/unaymilletras.com\\\/\"},{\"@type\":\"ListItem\",\"position\":2,\"name\":\"Melendi suma nuevas fechas a su Pop Rock Tour tras agotar entradas en varias ciudades\"}]},{\"@type\":\"WebSite\",\"@id\":\"http:\\\/\\\/unaymilletras.com\\\/#website\",\"url\":\"http:\\\/\\\/unaymilletras.com\\\/\",\"name\":\"Una y Mil Letras\",\"description\":\"\",\"publisher\":{\"@id\":\"http:\\\/\\\/unaymilletras.com\\\/#organization\"},\"potentialAction\":[{\"@type\":\"SearchAction\",\"target\":{\"@type\":\"EntryPoint\",\"urlTemplate\":\"http:\\\/\\\/unaymilletras.com\\\/?s={search_term_string}\"},\"query-input\":{\"@type\":\"PropertyValueSpecification\",\"valueRequired\":true,\"valueName\":\"search_term_string\"}}],\"inLanguage\":\"en-GB\"},{\"@type\":\"Organization\",\"@id\":\"http:\\\/\\\/unaymilletras.com\\\/#organization\",\"name\":\"Una y Mil Letras\",\"url\":\"http:\\\/\\\/unaymilletras.com\\\/\",\"logo\":{\"@type\":\"ImageObject\",\"inLanguage\":\"en-GB\",\"@id\":\"http:\\\/\\\/unaymilletras.com\\\/#\\\/schema\\\/logo\\\/image\\\/\",\"url\":\"https:\\\/\\\/unaymilletras.com\\\/wp-content\\\/uploads\\\/2024\\\/06\\\/cropped-Logo-removebg-preview.png\",\"contentUrl\":\"https:\\\/\\\/unaymilletras.com\\\/wp-content\\\/uploads\\\/2024\\\/06\\\/cropped-Logo-removebg-preview.png\",\"width\":512,\"height\":512,\"caption\":\"Una y Mil Letras\"},\"image\":{\"@id\":\"http:\\\/\\\/unaymilletras.com\\\/#\\\/schema\\\/logo\\\/image\\\/\"},\"sameAs\":[\"https:\\\/\\\/x.com\\\/UnaYMilLetras\",\"https:\\\/\\\/instagram.com\\\/UnaYMilLetras\"]},{\"@type\":\"Person\",\"@id\":\"http:\\\/\\\/unaymilletras.com\\\/#\\\/schema\\\/person\\\/a10550e4bff9a23f941f52b2cd5d8686\",\"name\":\"Alba Benito\",\"image\":{\"@type\":\"ImageObject\",\"inLanguage\":\"en-GB\",\"@id\":\"https:\\\/\\\/secure.gravatar.com\\\/avatar\\\/f227a2222ee313f4b5dea91891742064ec98aa8f11b91568879eaecf941f84de?s=96&d=mm&r=g\",\"url\":\"https:\\\/\\\/secure.gravatar.com\\\/avatar\\\/f227a2222ee313f4b5dea91891742064ec98aa8f11b91568879eaecf941f84de?s=96&d=mm&r=g\",\"contentUrl\":\"https:\\\/\\\/secure.gravatar.com\\\/avatar\\\/f227a2222ee313f4b5dea91891742064ec98aa8f11b91568879eaecf941f84de?s=96&d=mm&r=g\",\"caption\":\"Alba Benito\"},\"url\":\"https:\\\/\\\/unaymilletras.com\\\/en\\\/author\\\/aalbaas_\\\/\"}]}<\/script>\n<!-- \/ Yoast SEO plugin. -->","yoast_head_json":{"title":"Melendi suma nuevas fechas a su Pop Rock Tour","description":"Melendi suma nuevas fechas a su Pop Rock Tour tras agotar entradas en varias ciudades. Las entradas ya est\u00e1n a la venta","robots":{"index":"index","follow":"follow","max-snippet":"max-snippet:-1","max-image-preview":"max-image-preview:large","max-video-preview":"max-video-preview:-1"},"canonical":"https:\/\/unaymilletras.com\/en\/melendi-suma-nuevas-fechas-a-su-pop-rock-tour-tras-agotar-entradas-en-varias-ciudades\/","og_locale":"en_GB","og_type":"article","og_title":"Melendi suma nuevas fechas a su Pop Rock Tour","og_description":"Melendi suma nuevas fechas a su Pop Rock Tour tras agotar entradas en varias ciudades. Las entradas ya est\u00e1n a la venta","og_url":"https:\/\/unaymilletras.com\/en\/melendi-suma-nuevas-fechas-a-su-pop-rock-tour-tras-agotar-entradas-en-varias-ciudades\/","og_site_name":"Una y Mil Letras","article_published_time":"2026-01-16T09:45:31+00:00","article_modified_time":"2026-01-16T09:47:59+00:00","og_image":[{"width":956,"height":485,"url":"http:\/\/unaymilletras.com\/wp-content\/uploads\/2026\/01\/unnamed-1.jpg","type":"image\/jpeg"}],"author":"Alba Benito","twitter_card":"summary_large_image","twitter_creator":"@UnaYMilLetras","twitter_site":"@UnaYMilLetras","twitter_misc":{"Written by":"Alba Benito","Estimated reading time":"2 minutes"},"schema":{"@context":"https:\/\/schema.org","@graph":[{"@type":"Article","@id":"https:\/\/unaymilletras.com\/melendi-suma-nuevas-fechas-a-su-pop-rock-tour-tras-agotar-entradas-en-varias-ciudades\/#article","isPartOf":{"@id":"https:\/\/unaymilletras.com\/melendi-suma-nuevas-fechas-a-su-pop-rock-tour-tras-agotar-entradas-en-varias-ciudades\/"},"author":{"name":"Alba Benito","@id":"http:\/\/unaymilletras.com\/#\/schema\/person\/a10550e4bff9a23f941f52b2cd5d8686"},"headline":"Melendi suma nuevas fechas a su Pop Rock Tour tras agotar entradas en varias ciudades","datePublished":"2026-01-16T09:45:31+00:00","dateModified":"2026-01-16T09:47:59+00:00","mainEntityOfPage":{"@id":"https:\/\/unaymilletras.com\/melendi-suma-nuevas-fechas-a-su-pop-rock-tour-tras-agotar-entradas-en-varias-ciudades\/"},"wordCount":324,"publisher":{"@id":"http:\/\/unaymilletras.com\/#organization"},"image":{"@id":"https:\/\/unaymilletras.com\/melendi-suma-nuevas-fechas-a-su-pop-rock-tour-tras-agotar-entradas-en-varias-ciudades\/#primaryimage"},"thumbnailUrl":"https:\/\/unaymilletras.com\/wp-content\/uploads\/2026\/01\/unnamed-1.jpg","articleSection":["Eventos","M\u00fasica"],"inLanguage":"en-GB"},{"@type":"WebPage","@id":"https:\/\/unaymilletras.com\/melendi-suma-nuevas-fechas-a-su-pop-rock-tour-tras-agotar-entradas-en-varias-ciudades\/","url":"https:\/\/unaymilletras.com\/melendi-suma-nuevas-fechas-a-su-pop-rock-tour-tras-agotar-entradas-en-varias-ciudades\/","name":"Melendi suma nuevas fechas a su Pop Rock Tour","isPartOf":{"@id":"http:\/\/unaymilletras.com\/#website"},"primaryImageOfPage":{"@id":"https:\/\/unaymilletras.com\/melendi-suma-nuevas-fechas-a-su-pop-rock-tour-tras-agotar-entradas-en-varias-ciudades\/#primaryimage"},"image":{"@id":"https:\/\/unaymilletras.com\/melendi-suma-nuevas-fechas-a-su-pop-rock-tour-tras-agotar-entradas-en-varias-ciudades\/#primaryimage"},"thumbnailUrl":"https:\/\/unaymilletras.com\/wp-content\/uploads\/2026\/01\/unnamed-1.jpg","datePublished":"2026-01-16T09:45:31+00:00","dateModified":"2026-01-16T09:47:59+00:00","description":"Melendi suma nuevas fechas a su Pop Rock Tour tras agotar entradas en varias ciudades. Las entradas ya est\u00e1n a la venta","breadcrumb":{"@id":"https:\/\/unaymilletras.com\/melendi-suma-nuevas-fechas-a-su-pop-rock-tour-tras-agotar-entradas-en-varias-ciudades\/#breadcrumb"},"inLanguage":"en-GB","potentialAction":[{"@type":"ReadAction","target":["https:\/\/unaymilletras.com\/melendi-suma-nuevas-fechas-a-su-pop-rock-tour-tras-agotar-entradas-en-varias-ciudades\/"]}]},{"@type":"ImageObject","inLanguage":"en-GB","@id":"https:\/\/unaymilletras.com\/melendi-suma-nuevas-fechas-a-su-pop-rock-tour-tras-agotar-entradas-en-varias-ciudades\/#primaryimage","url":"https:\/\/unaymilletras.com\/wp-content\/uploads\/2026\/01\/unnamed-1.jpg","contentUrl":"https:\/\/unaymilletras.com\/wp-content\/uploads\/2026\/01\/unnamed-1.jpg","width":956,"height":485},{"@type":"BreadcrumbList","@id":"https:\/\/unaymilletras.com\/melendi-suma-nuevas-fechas-a-su-pop-rock-tour-tras-agotar-entradas-en-varias-ciudades\/#breadcrumb","itemListElement":[{"@type":"ListItem","position":1,"name":"Home","item":"http:\/\/unaymilletras.com\/"},{"@type":"ListItem","position":2,"name":"Melendi suma nuevas fechas a su Pop Rock Tour tras agotar entradas en varias ciudades"}]},{"@type":"WebSite","@id":"http:\/\/unaymilletras.com\/#website","url":"http:\/\/unaymilletras.com\/","name":"Una y Mil Letras","description":"","publisher":{"@id":"http:\/\/unaymilletras.com\/#organization"},"potentialAction":[{"@type":"SearchAction","target":{"@type":"EntryPoint","urlTemplate":"http:\/\/unaymilletras.com\/?s={search_term_string}"},"query-input":{"@type":"PropertyValueSpecification","valueRequired":true,"valueName":"search_term_string"}}],"inLanguage":"en-GB"},{"@type":"Organization","@id":"http:\/\/unaymilletras.com\/#organization","name":"Una y Mil Letras","url":"http:\/\/unaymilletras.com\/","logo":{"@type":"ImageObject","inLanguage":"en-GB","@id":"http:\/\/unaymilletras.com\/#\/schema\/logo\/image\/","url":"https:\/\/unaymilletras.com\/wp-content\/uploads\/2024\/06\/cropped-Logo-removebg-preview.png","contentUrl":"https:\/\/unaymilletras.com\/wp-content\/uploads\/2024\/06\/cropped-Logo-removebg-preview.png","width":512,"height":512,"caption":"Una y Mil Letras"},"image":{"@id":"http:\/\/unaymilletras.com\/#\/schema\/logo\/image\/"},"sameAs":["https:\/\/x.com\/UnaYMilLetras","https:\/\/instagram.com\/UnaYMilLetras"]},{"@type":"Person","@id":"http:\/\/unaymilletras.com\/#\/schema\/person\/a10550e4bff9a23f941f52b2cd5d8686","name":"Alba Benito","image":{"@type":"ImageObject","inLanguage":"en-GB","@id":"https:\/\/secure.gravatar.com\/avatar\/f227a2222ee313f4b5dea91891742064ec98aa8f11b91568879eaecf941f84de?s=96&d=mm&r=g","url":"https:\/\/secure.gravatar.com\/avatar\/f227a2222ee313f4b5dea91891742064ec98aa8f11b91568879eaecf941f84de?s=96&d=mm&r=g","contentUrl":"https:\/\/secure.gravatar.com\/avatar\/f227a2222ee313f4b5dea91891742064ec98aa8f11b91568879eaecf941f84de?s=96&d=mm&r=g","caption":"Alba Benito"},"url":"https:\/\/unaymilletras.com\/en\/author\/aalbaas_\/"}]}},"_links":{"self":[{"href":"https:\/\/unaymilletras.com\/en\/wp-json\/wp\/v2\/posts\/7010","targetHints":{"allow":["GET"]}}],"collection":[{"href":"https:\/\/unaymilletras.com\/en\/wp-json\/wp\/v2\/posts"}],"about":[{"href":"https:\/\/unaymilletras.com\/en\/wp-json\/wp\/v2\/types\/post"}],"author":[{"embeddable":true,"href":"https:\/\/unaymilletras.com\/en\/wp-json\/wp\/v2\/users\/13"}],"replies":[{"embeddable":true,"href":"https:\/\/unaymilletras.com\/en\/wp-json\/wp\/v2\/comments?post=7010"}],"version-history":[{"count":10,"href":"https:\/\/unaymilletras.com\/en\/wp-json\/wp\/v2\/posts\/7010\/revisions"}],"predecessor-version":[{"id":7024,"href":"https:\/\/unaymilletras.com\/en\/wp-json\/wp\/v2\/posts\/7010\/revisions\/7024"}],"wp:featuredmedia":[{"embeddable":true,"href":"https:\/\/unaymilletras.com\/en\/wp-json\/wp\/v2\/media\/7012"}],"wp:attachment":[{"href":"https:\/\/unaymilletras.com\/en\/wp-json\/wp\/v2\/media?parent=7010"}],"wp:term":[{"taxonomy":"category","embeddable":true,"href":"https:\/\/unaymilletras.com\/en\/wp-json\/wp\/v2\/categories?post=7010"},{"taxonomy":"post_tag","embeddable":true,"href":"https:\/\/unaymilletras.com\/en\/wp-json\/wp\/v2\/tags?post=7010"}],"curies":[{"name":"wp","href":"https:\/\/api.w.org\/{rel}","templated":true}]}}