{"id":7032,"date":"2026-01-16T15:02:49","date_gmt":"2026-01-16T14:02:49","guid":{"rendered":"https:\/\/unaymilletras.com\/?p=7032"},"modified":"2026-01-16T15:02:50","modified_gmt":"2026-01-16T14:02:50","slug":"dei-v-volvio-al-perreo-con-su-nuevo-single-que-marcara-su-2026","status":"publish","type":"post","link":"https:\/\/unaymilletras.com\/en\/dei-v-volvio-al-perreo-con-su-nuevo-single-que-marcara-su-2026\/","title":{"rendered":"Dei V &#8216;Volvi\u00f3 al Perreo&#8217; con su nuevo single que marcar\u00e1 su 2026"},"content":{"rendered":"<p><strong><em>El puertorrique\u00f1o Dei V regres\u00f3 con un sencillo que trae de vuelta se etapa m\u00e1s reggaetonera antes de comenzar su gira que pasar\u00e1 por Espa\u00f1a<\/em><\/strong><\/p>\n\n\n\n<p>El 2026 acaba de empezar y Dei V ya deja pistas del ritmo en el que se centrar\u00e1 en su nuevo a\u00f1o musical. El puertorrique\u00f1o lanz\u00f3 <em>\u201cVolvi\u00f3 El Perreo\u201d<\/em>, un sencillo que funciona como declaraci\u00f3n de intenciones. As\u00ed confirma su vuelta al reggaeton sin perder la versatilidad que lo convirti\u00f3 en una de las figuras m\u00e1s s\u00f3lidas de la nueva generaci\u00f3n.<\/p>\n\n\n\n<p>El tema fue producido por DJ Luian, uno de los productores m\u00e1s influyentes en la historia del g\u00e9nero, con una melod\u00eda propia de finales de los 2000. El resultado es una canci\u00f3n pensada para la pista, directa y sin rodeos. Es aqu\u00ed donde Dei V demuestra que puede brillar en el trap m\u00e1s crudo y en el perreo cl\u00e1sico que marc\u00f3 a toda una generaci\u00f3n.<\/p>\n\n\n\n<figure class=\"wp-block-image size-large\"><img fetchpriority=\"high\" decoding=\"async\" width=\"1024\" height=\"1024\" src=\"http:\/\/unaymilletras.com\/wp-content\/uploads\/2026\/01\/Cover_DeiV_Volvio_El_Perreo_Cover-1024x1024.jpg\" alt=\"Dei V\" class=\"wp-image-7033\" \/><\/figure>\n\n\n\n<p>Este lanzamiento se produce en un momento clave para el artista. En apenas dos a\u00f1os, Dei V ha pasado de ser una promesa a consolidarse como uno de los nombres m\u00e1s fuertes del urbano en espa\u00f1ol. Su \u00e1lbum <em>&#8216;Qui\u00e9n Es Dei V?<\/em>&#8216; (2024) marc\u00f3 un antes y un despu\u00e9s, mientras que 2025 termin\u00f3 de catapultarlo gracias a proyectos como <em>\u201cLOS FLAVORZ\u201d<\/em> junto a J Castle y <em>&#8216;Underwater<\/em>&#8216;. Tambi\u00e9n lanz\u00f3 colaboraciones de alto perfil como <em>&#8216;V\u00e9LDA<\/em>&#8216;, incluida en el \u00faltimo disco de Bad Bunny. Ese crecimiento se reflej\u00f3 tambi\u00e9n en directo, con tres noches consecutivas llenando el Coliseo de Puerto Rico, un hito reservado solo para los grandes.<\/p>\n\n\n\n<figure class=\"wp-block-image size-large\"><img decoding=\"async\" width=\"683\" height=\"1024\" src=\"http:\/\/unaymilletras.com\/wp-content\/uploads\/2026\/01\/DSC09743-683x1024.jpg\" alt=\"Dei V\" class=\"wp-image-7034\" \/><\/figure>\n\n\n\n<p>Espa\u00f1a es otro de los territorios donde su ascenso fue imparable. En cuesti\u00f3n de meses, Dei V pas\u00f3 de agotar entradas en La Riviera a repetir sold out en recintos de primer nivel como el Movistar Arena de Madrid y el Sant Jordi Club de Barcelona. De esta manera estableci\u00f3 una conexi\u00f3n cada vez m\u00e1s fuerte con el p\u00fablico espa\u00f1ol.<\/p>\n\n\n\n<p>Precisamente <em>\u201cVolvi\u00f3 El Perreo\u201d<\/em> apunta a convertirse en uno de sus canciones imprescindibles en sus conciertos. En estos se incluyen los dos grandes shows con los que Dei V regresar\u00e1 a Espa\u00f1a el pr\u00f3ximo mes de marzo. De la mano de Iglesias Entertainment, el artista actuar\u00e1 el 6 de marzo en el Movistar Arena de Madrid y el 8 de marzo en el Palau Sant Jordi de Barcelona. En dichas fechas, el recientemente nominado a los Premios Lo Nuestro se encontrar\u00e1 con miles de fans que han crecido al ritmo de su m\u00fasica.<\/p>","protected":false},"excerpt":{"rendered":"<p>El puertorrique\u00f1o Dei V regres\u00f3 con un sencillo que trae de vuelta se etapa m\u00e1s reggaetonera antes de comenzar su gira que pasar\u00e1 por Espa\u00f1a El 2026 acaba de empezar y Dei V ya deja pistas del ritmo en el que se centrar\u00e1 en su nuevo a\u00f1o musical. El puertorrique\u00f1o lanz\u00f3 \u201cVolvi\u00f3 El Perreo\u201d, un [&hellip;]<\/p>\n","protected":false},"author":10,"featured_media":7033,"comment_status":"closed","ping_status":"closed","sticky":false,"template":"","format":"standard","meta":{"footnotes":""},"categories":[4],"tags":[348,178,171,170,169,184,203],"class_list":["post-7032","post","type-post","status-publish","format-standard","has-post-thumbnail","hentry","category-musica","tag-dei-v","tag-espana","tag-gira","tag-movistar-arena","tag-musica","tag-sencillo","tag-single"],"yoast_head":"<!-- This site is optimized with the Yoast SEO plugin v27.4 - https:\/\/yoast.com\/product\/yoast-seo-wordpress\/ -->\n<title>Dei V &#039;Volvi\u00f3 al Perreo&#039; con su nuevo single que marcar\u00e1 su 2026 &#8902; Una y Mil Letras<\/title>\n<meta name=\"description\" content=\"El puertorrique\u00f1o Dei V regres\u00f3 con un sencillo que trae de vuelta se etapa m\u00e1s reggaetonera antes de comenzar su gira que pasar\u00e1 por Espa\u00f1a\" \/>\n<meta name=\"robots\" content=\"index, follow, max-snippet:-1, max-image-preview:large, max-video-preview:-1\" \/>\n<link rel=\"canonical\" href=\"https:\/\/unaymilletras.com\/en\/dei-v-volvio-al-perreo-con-su-nuevo-single-que-marcara-su-2026\/\" \/>\n<meta property=\"og:locale\" content=\"en_GB\" \/>\n<meta property=\"og:type\" content=\"article\" \/>\n<meta property=\"og:title\" content=\"Dei V &#039;Volvi\u00f3 al Perreo&#039; con su nuevo single que marcar\u00e1 su 2026 &#8902; Una y Mil Letras\" \/>\n<meta property=\"og:description\" content=\"El puertorrique\u00f1o Dei V regres\u00f3 con un sencillo que trae de vuelta se etapa m\u00e1s reggaetonera antes de comenzar su gira que pasar\u00e1 por Espa\u00f1a\" \/>\n<meta property=\"og:url\" content=\"https:\/\/unaymilletras.com\/en\/dei-v-volvio-al-perreo-con-su-nuevo-single-que-marcara-su-2026\/\" \/>\n<meta property=\"og:site_name\" content=\"Una y Mil Letras\" \/>\n<meta property=\"article:published_time\" content=\"2026-01-16T14:02:49+00:00\" \/>\n<meta property=\"article:modified_time\" content=\"2026-01-16T14:02:50+00:00\" \/>\n<meta property=\"og:image\" content=\"http:\/\/unaymilletras.com\/wp-content\/uploads\/2026\/01\/Cover_DeiV_Volvio_El_Perreo_Cover-scaled-e1768571203620.jpg\" \/>\n\t<meta property=\"og:image:width\" content=\"600\" \/>\n\t<meta property=\"og:image:height\" content=\"600\" \/>\n\t<meta property=\"og:image:type\" content=\"image\/jpeg\" \/>\n<meta name=\"author\" content=\"David Hern\u00e1ndez\" \/>\n<meta name=\"twitter:card\" content=\"summary_large_image\" \/>\n<meta name=\"twitter:creator\" content=\"@UnaYMilLetras\" \/>\n<meta name=\"twitter:site\" content=\"@UnaYMilLetras\" \/>\n<meta name=\"twitter:label1\" content=\"Written by\" \/>\n\t<meta name=\"twitter:data1\" content=\"David Hern\u00e1ndez\" \/>\n\t<meta name=\"twitter:label2\" content=\"Estimated reading time\" \/>\n\t<meta name=\"twitter:data2\" content=\"3 minutes\" \/>\n<script type=\"application\/ld+json\" class=\"yoast-schema-graph\">{\"@context\":\"https:\\\/\\\/schema.org\",\"@graph\":[{\"@type\":\"Article\",\"@id\":\"https:\\\/\\\/unaymilletras.com\\\/dei-v-volvio-al-perreo-con-su-nuevo-single-que-marcara-su-2026\\\/#article\",\"isPartOf\":{\"@id\":\"https:\\\/\\\/unaymilletras.com\\\/dei-v-volvio-al-perreo-con-su-nuevo-single-que-marcara-su-2026\\\/\"},\"author\":{\"name\":\"David Hern\u00e1ndez\",\"@id\":\"http:\\\/\\\/unaymilletras.com\\\/#\\\/schema\\\/person\\\/0c171c80bc49a58d7a8ed3394548370c\"},\"headline\":\"Dei V &#8216;Volvi\u00f3 al Perreo&#8217; con su nuevo single que marcar\u00e1 su 2026\",\"datePublished\":\"2026-01-16T14:02:49+00:00\",\"dateModified\":\"2026-01-16T14:02:50+00:00\",\"mainEntityOfPage\":{\"@id\":\"https:\\\/\\\/unaymilletras.com\\\/dei-v-volvio-al-perreo-con-su-nuevo-single-que-marcara-su-2026\\\/\"},\"wordCount\":450,\"publisher\":{\"@id\":\"http:\\\/\\\/unaymilletras.com\\\/#organization\"},\"image\":{\"@id\":\"https:\\\/\\\/unaymilletras.com\\\/dei-v-volvio-al-perreo-con-su-nuevo-single-que-marcara-su-2026\\\/#primaryimage\"},\"thumbnailUrl\":\"https:\\\/\\\/unaymilletras.com\\\/wp-content\\\/uploads\\\/2026\\\/01\\\/Cover_DeiV_Volvio_El_Perreo_Cover-scaled-e1768571203620.jpg\",\"keywords\":[\"Dei V\",\"Espa\u00f1a\",\"Gira\",\"Movistar Arena\",\"musica\",\"Sencillo\",\"Single\"],\"articleSection\":[\"M\u00fasica\"],\"inLanguage\":\"en-GB\"},{\"@type\":\"WebPage\",\"@id\":\"https:\\\/\\\/unaymilletras.com\\\/dei-v-volvio-al-perreo-con-su-nuevo-single-que-marcara-su-2026\\\/\",\"url\":\"https:\\\/\\\/unaymilletras.com\\\/dei-v-volvio-al-perreo-con-su-nuevo-single-que-marcara-su-2026\\\/\",\"name\":\"Dei V 'Volvi\u00f3 al Perreo' con su nuevo single que marcar\u00e1 su 2026 &#8902; Una y Mil Letras\",\"isPartOf\":{\"@id\":\"http:\\\/\\\/unaymilletras.com\\\/#website\"},\"primaryImageOfPage\":{\"@id\":\"https:\\\/\\\/unaymilletras.com\\\/dei-v-volvio-al-perreo-con-su-nuevo-single-que-marcara-su-2026\\\/#primaryimage\"},\"image\":{\"@id\":\"https:\\\/\\\/unaymilletras.com\\\/dei-v-volvio-al-perreo-con-su-nuevo-single-que-marcara-su-2026\\\/#primaryimage\"},\"thumbnailUrl\":\"https:\\\/\\\/unaymilletras.com\\\/wp-content\\\/uploads\\\/2026\\\/01\\\/Cover_DeiV_Volvio_El_Perreo_Cover-scaled-e1768571203620.jpg\",\"datePublished\":\"2026-01-16T14:02:49+00:00\",\"dateModified\":\"2026-01-16T14:02:50+00:00\",\"description\":\"El puertorrique\u00f1o Dei V regres\u00f3 con un sencillo que trae de vuelta se etapa m\u00e1s reggaetonera antes de comenzar su gira que pasar\u00e1 por Espa\u00f1a\",\"breadcrumb\":{\"@id\":\"https:\\\/\\\/unaymilletras.com\\\/dei-v-volvio-al-perreo-con-su-nuevo-single-que-marcara-su-2026\\\/#breadcrumb\"},\"inLanguage\":\"en-GB\",\"potentialAction\":[{\"@type\":\"ReadAction\",\"target\":[\"https:\\\/\\\/unaymilletras.com\\\/dei-v-volvio-al-perreo-con-su-nuevo-single-que-marcara-su-2026\\\/\"]}]},{\"@type\":\"ImageObject\",\"inLanguage\":\"en-GB\",\"@id\":\"https:\\\/\\\/unaymilletras.com\\\/dei-v-volvio-al-perreo-con-su-nuevo-single-que-marcara-su-2026\\\/#primaryimage\",\"url\":\"https:\\\/\\\/unaymilletras.com\\\/wp-content\\\/uploads\\\/2026\\\/01\\\/Cover_DeiV_Volvio_El_Perreo_Cover-scaled-e1768571203620.jpg\",\"contentUrl\":\"https:\\\/\\\/unaymilletras.com\\\/wp-content\\\/uploads\\\/2026\\\/01\\\/Cover_DeiV_Volvio_El_Perreo_Cover-scaled-e1768571203620.jpg\",\"width\":600,\"height\":600,\"caption\":\"Dei V\"},{\"@type\":\"BreadcrumbList\",\"@id\":\"https:\\\/\\\/unaymilletras.com\\\/dei-v-volvio-al-perreo-con-su-nuevo-single-que-marcara-su-2026\\\/#breadcrumb\",\"itemListElement\":[{\"@type\":\"ListItem\",\"position\":1,\"name\":\"Home\",\"item\":\"http:\\\/\\\/unaymilletras.com\\\/\"},{\"@type\":\"ListItem\",\"position\":2,\"name\":\"Dei V &#8216;Volvi\u00f3 al Perreo&#8217; con su nuevo single que marcar\u00e1 su 2026\"}]},{\"@type\":\"WebSite\",\"@id\":\"http:\\\/\\\/unaymilletras.com\\\/#website\",\"url\":\"http:\\\/\\\/unaymilletras.com\\\/\",\"name\":\"Una y Mil Letras\",\"description\":\"\",\"publisher\":{\"@id\":\"http:\\\/\\\/unaymilletras.com\\\/#organization\"},\"potentialAction\":[{\"@type\":\"SearchAction\",\"target\":{\"@type\":\"EntryPoint\",\"urlTemplate\":\"http:\\\/\\\/unaymilletras.com\\\/?s={search_term_string}\"},\"query-input\":{\"@type\":\"PropertyValueSpecification\",\"valueRequired\":true,\"valueName\":\"search_term_string\"}}],\"inLanguage\":\"en-GB\"},{\"@type\":\"Organization\",\"@id\":\"http:\\\/\\\/unaymilletras.com\\\/#organization\",\"name\":\"Una y Mil Letras\",\"url\":\"http:\\\/\\\/unaymilletras.com\\\/\",\"logo\":{\"@type\":\"ImageObject\",\"inLanguage\":\"en-GB\",\"@id\":\"http:\\\/\\\/unaymilletras.com\\\/#\\\/schema\\\/logo\\\/image\\\/\",\"url\":\"https:\\\/\\\/unaymilletras.com\\\/wp-content\\\/uploads\\\/2024\\\/06\\\/cropped-Logo-removebg-preview.png\",\"contentUrl\":\"https:\\\/\\\/unaymilletras.com\\\/wp-content\\\/uploads\\\/2024\\\/06\\\/cropped-Logo-removebg-preview.png\",\"width\":512,\"height\":512,\"caption\":\"Una y Mil Letras\"},\"image\":{\"@id\":\"http:\\\/\\\/unaymilletras.com\\\/#\\\/schema\\\/logo\\\/image\\\/\"},\"sameAs\":[\"https:\\\/\\\/x.com\\\/UnaYMilLetras\",\"https:\\\/\\\/instagram.com\\\/UnaYMilLetras\"]},{\"@type\":\"Person\",\"@id\":\"http:\\\/\\\/unaymilletras.com\\\/#\\\/schema\\\/person\\\/0c171c80bc49a58d7a8ed3394548370c\",\"name\":\"David Hern\u00e1ndez\",\"image\":{\"@type\":\"ImageObject\",\"inLanguage\":\"en-GB\",\"@id\":\"https:\\\/\\\/secure.gravatar.com\\\/avatar\\\/86739d73874dcbc11e4278af33fb905704f5c29329727efb3b0e0bc838b0d469?s=96&d=mm&r=g\",\"url\":\"https:\\\/\\\/secure.gravatar.com\\\/avatar\\\/86739d73874dcbc11e4278af33fb905704f5c29329727efb3b0e0bc838b0d469?s=96&d=mm&r=g\",\"contentUrl\":\"https:\\\/\\\/secure.gravatar.com\\\/avatar\\\/86739d73874dcbc11e4278af33fb905704f5c29329727efb3b0e0bc838b0d469?s=96&d=mm&r=g\",\"caption\":\"David Hern\u00e1ndez\"},\"url\":\"https:\\\/\\\/unaymilletras.com\\\/en\\\/author\\\/davidesel\\\/\"}]}<\/script>\n<!-- \/ Yoast SEO plugin. -->","yoast_head_json":{"title":"Dei V 'Volvi\u00f3 al Perreo' con su nuevo single que marcar\u00e1 su 2026 &#8902; Una y Mil Letras","description":"El puertorrique\u00f1o Dei V regres\u00f3 con un sencillo que trae de vuelta se etapa m\u00e1s reggaetonera antes de comenzar su gira que pasar\u00e1 por Espa\u00f1a","robots":{"index":"index","follow":"follow","max-snippet":"max-snippet:-1","max-image-preview":"max-image-preview:large","max-video-preview":"max-video-preview:-1"},"canonical":"https:\/\/unaymilletras.com\/en\/dei-v-volvio-al-perreo-con-su-nuevo-single-que-marcara-su-2026\/","og_locale":"en_GB","og_type":"article","og_title":"Dei V 'Volvi\u00f3 al Perreo' con su nuevo single que marcar\u00e1 su 2026 &#8902; Una y Mil Letras","og_description":"El puertorrique\u00f1o Dei V regres\u00f3 con un sencillo que trae de vuelta se etapa m\u00e1s reggaetonera antes de comenzar su gira que pasar\u00e1 por Espa\u00f1a","og_url":"https:\/\/unaymilletras.com\/en\/dei-v-volvio-al-perreo-con-su-nuevo-single-que-marcara-su-2026\/","og_site_name":"Una y Mil Letras","article_published_time":"2026-01-16T14:02:49+00:00","article_modified_time":"2026-01-16T14:02:50+00:00","og_image":[{"width":600,"height":600,"url":"http:\/\/unaymilletras.com\/wp-content\/uploads\/2026\/01\/Cover_DeiV_Volvio_El_Perreo_Cover-scaled-e1768571203620.jpg","type":"image\/jpeg"}],"author":"David Hern\u00e1ndez","twitter_card":"summary_large_image","twitter_creator":"@UnaYMilLetras","twitter_site":"@UnaYMilLetras","twitter_misc":{"Written by":"David Hern\u00e1ndez","Estimated reading time":"3 minutes"},"schema":{"@context":"https:\/\/schema.org","@graph":[{"@type":"Article","@id":"https:\/\/unaymilletras.com\/dei-v-volvio-al-perreo-con-su-nuevo-single-que-marcara-su-2026\/#article","isPartOf":{"@id":"https:\/\/unaymilletras.com\/dei-v-volvio-al-perreo-con-su-nuevo-single-que-marcara-su-2026\/"},"author":{"name":"David Hern\u00e1ndez","@id":"http:\/\/unaymilletras.com\/#\/schema\/person\/0c171c80bc49a58d7a8ed3394548370c"},"headline":"Dei V &#8216;Volvi\u00f3 al Perreo&#8217; con su nuevo single que marcar\u00e1 su 2026","datePublished":"2026-01-16T14:02:49+00:00","dateModified":"2026-01-16T14:02:50+00:00","mainEntityOfPage":{"@id":"https:\/\/unaymilletras.com\/dei-v-volvio-al-perreo-con-su-nuevo-single-que-marcara-su-2026\/"},"wordCount":450,"publisher":{"@id":"http:\/\/unaymilletras.com\/#organization"},"image":{"@id":"https:\/\/unaymilletras.com\/dei-v-volvio-al-perreo-con-su-nuevo-single-que-marcara-su-2026\/#primaryimage"},"thumbnailUrl":"https:\/\/unaymilletras.com\/wp-content\/uploads\/2026\/01\/Cover_DeiV_Volvio_El_Perreo_Cover-scaled-e1768571203620.jpg","keywords":["Dei V","Espa\u00f1a","Gira","Movistar Arena","musica","Sencillo","Single"],"articleSection":["M\u00fasica"],"inLanguage":"en-GB"},{"@type":"WebPage","@id":"https:\/\/unaymilletras.com\/dei-v-volvio-al-perreo-con-su-nuevo-single-que-marcara-su-2026\/","url":"https:\/\/unaymilletras.com\/dei-v-volvio-al-perreo-con-su-nuevo-single-que-marcara-su-2026\/","name":"Dei V 'Volvi\u00f3 al Perreo' con su nuevo single que marcar\u00e1 su 2026 &#8902; Una y Mil Letras","isPartOf":{"@id":"http:\/\/unaymilletras.com\/#website"},"primaryImageOfPage":{"@id":"https:\/\/unaymilletras.com\/dei-v-volvio-al-perreo-con-su-nuevo-single-que-marcara-su-2026\/#primaryimage"},"image":{"@id":"https:\/\/unaymilletras.com\/dei-v-volvio-al-perreo-con-su-nuevo-single-que-marcara-su-2026\/#primaryimage"},"thumbnailUrl":"https:\/\/unaymilletras.com\/wp-content\/uploads\/2026\/01\/Cover_DeiV_Volvio_El_Perreo_Cover-scaled-e1768571203620.jpg","datePublished":"2026-01-16T14:02:49+00:00","dateModified":"2026-01-16T14:02:50+00:00","description":"El puertorrique\u00f1o Dei V regres\u00f3 con un sencillo que trae de vuelta se etapa m\u00e1s reggaetonera antes de comenzar su gira que pasar\u00e1 por Espa\u00f1a","breadcrumb":{"@id":"https:\/\/unaymilletras.com\/dei-v-volvio-al-perreo-con-su-nuevo-single-que-marcara-su-2026\/#breadcrumb"},"inLanguage":"en-GB","potentialAction":[{"@type":"ReadAction","target":["https:\/\/unaymilletras.com\/dei-v-volvio-al-perreo-con-su-nuevo-single-que-marcara-su-2026\/"]}]},{"@type":"ImageObject","inLanguage":"en-GB","@id":"https:\/\/unaymilletras.com\/dei-v-volvio-al-perreo-con-su-nuevo-single-que-marcara-su-2026\/#primaryimage","url":"https:\/\/unaymilletras.com\/wp-content\/uploads\/2026\/01\/Cover_DeiV_Volvio_El_Perreo_Cover-scaled-e1768571203620.jpg","contentUrl":"https:\/\/unaymilletras.com\/wp-content\/uploads\/2026\/01\/Cover_DeiV_Volvio_El_Perreo_Cover-scaled-e1768571203620.jpg","width":600,"height":600,"caption":"Dei V"},{"@type":"BreadcrumbList","@id":"https:\/\/unaymilletras.com\/dei-v-volvio-al-perreo-con-su-nuevo-single-que-marcara-su-2026\/#breadcrumb","itemListElement":[{"@type":"ListItem","position":1,"name":"Home","item":"http:\/\/unaymilletras.com\/"},{"@type":"ListItem","position":2,"name":"Dei V &#8216;Volvi\u00f3 al Perreo&#8217; con su nuevo single que marcar\u00e1 su 2026"}]},{"@type":"WebSite","@id":"http:\/\/unaymilletras.com\/#website","url":"http:\/\/unaymilletras.com\/","name":"Una y Mil Letras","description":"","publisher":{"@id":"http:\/\/unaymilletras.com\/#organization"},"potentialAction":[{"@type":"SearchAction","target":{"@type":"EntryPoint","urlTemplate":"http:\/\/unaymilletras.com\/?s={search_term_string}"},"query-input":{"@type":"PropertyValueSpecification","valueRequired":true,"valueName":"search_term_string"}}],"inLanguage":"en-GB"},{"@type":"Organization","@id":"http:\/\/unaymilletras.com\/#organization","name":"Una y Mil Letras","url":"http:\/\/unaymilletras.com\/","logo":{"@type":"ImageObject","inLanguage":"en-GB","@id":"http:\/\/unaymilletras.com\/#\/schema\/logo\/image\/","url":"https:\/\/unaymilletras.com\/wp-content\/uploads\/2024\/06\/cropped-Logo-removebg-preview.png","contentUrl":"https:\/\/unaymilletras.com\/wp-content\/uploads\/2024\/06\/cropped-Logo-removebg-preview.png","width":512,"height":512,"caption":"Una y Mil Letras"},"image":{"@id":"http:\/\/unaymilletras.com\/#\/schema\/logo\/image\/"},"sameAs":["https:\/\/x.com\/UnaYMilLetras","https:\/\/instagram.com\/UnaYMilLetras"]},{"@type":"Person","@id":"http:\/\/unaymilletras.com\/#\/schema\/person\/0c171c80bc49a58d7a8ed3394548370c","name":"David Hern\u00e1ndez","image":{"@type":"ImageObject","inLanguage":"en-GB","@id":"https:\/\/secure.gravatar.com\/avatar\/86739d73874dcbc11e4278af33fb905704f5c29329727efb3b0e0bc838b0d469?s=96&d=mm&r=g","url":"https:\/\/secure.gravatar.com\/avatar\/86739d73874dcbc11e4278af33fb905704f5c29329727efb3b0e0bc838b0d469?s=96&d=mm&r=g","contentUrl":"https:\/\/secure.gravatar.com\/avatar\/86739d73874dcbc11e4278af33fb905704f5c29329727efb3b0e0bc838b0d469?s=96&d=mm&r=g","caption":"David Hern\u00e1ndez"},"url":"https:\/\/unaymilletras.com\/en\/author\/davidesel\/"}]}},"_links":{"self":[{"href":"https:\/\/unaymilletras.com\/en\/wp-json\/wp\/v2\/posts\/7032","targetHints":{"allow":["GET"]}}],"collection":[{"href":"https:\/\/unaymilletras.com\/en\/wp-json\/wp\/v2\/posts"}],"about":[{"href":"https:\/\/unaymilletras.com\/en\/wp-json\/wp\/v2\/types\/post"}],"author":[{"embeddable":true,"href":"https:\/\/unaymilletras.com\/en\/wp-json\/wp\/v2\/users\/10"}],"replies":[{"embeddable":true,"href":"https:\/\/unaymilletras.com\/en\/wp-json\/wp\/v2\/comments?post=7032"}],"version-history":[{"count":1,"href":"https:\/\/unaymilletras.com\/en\/wp-json\/wp\/v2\/posts\/7032\/revisions"}],"predecessor-version":[{"id":7035,"href":"https:\/\/unaymilletras.com\/en\/wp-json\/wp\/v2\/posts\/7032\/revisions\/7035"}],"wp:featuredmedia":[{"embeddable":true,"href":"https:\/\/unaymilletras.com\/en\/wp-json\/wp\/v2\/media\/7033"}],"wp:attachment":[{"href":"https:\/\/unaymilletras.com\/en\/wp-json\/wp\/v2\/media?parent=7032"}],"wp:term":[{"taxonomy":"category","embeddable":true,"href":"https:\/\/unaymilletras.com\/en\/wp-json\/wp\/v2\/categories?post=7032"},{"taxonomy":"post_tag","embeddable":true,"href":"https:\/\/unaymilletras.com\/en\/wp-json\/wp\/v2\/tags?post=7032"}],"curies":[{"name":"wp","href":"https:\/\/api.w.org\/{rel}","templated":true}]}}