{"id":7056,"date":"2026-01-17T22:20:12","date_gmt":"2026-01-17T21:20:12","guid":{"rendered":"https:\/\/unaymilletras.com\/?p=7056"},"modified":"2026-01-17T22:20:12","modified_gmt":"2026-01-17T21:20:12","slug":"cris-mj-lanza-las-filtradas-un-album-inesperado","status":"publish","type":"post","link":"https:\/\/unaymilletras.com\/en\/cris-mj-lanza-las-filtradas-un-album-inesperado\/","title":{"rendered":"Cris MJ lanza &#8216;Las filtradas&#8217;, un \u00e1lbum inesperado"},"content":{"rendered":"<p><strong><em>El artista chileno, Cris MJ, sac\u00f3 un proyecto ambicioso compuesto de 18 canciones con colaboraciones del calibre de Bryant Myers o FloyyMenor<\/em><\/strong><\/p>\n\n\n\n<p>El movimiento urbano chileno suma un nuevo cap\u00edtulo clave con el estreno oficial de &#8216;<em>Las Filtradas&#8217;,<\/em> el m\u00e1s reciente \u00e1lbum de Cris MJ. El proyecto que est\u00e1 compuesto por 18 canciones confirma el momento de madurez art\u00edstica del cantante el cual le convierte en uno de los nombres m\u00e1s influyentes a nivel latinoamericano.<\/p>\n\n\n\n<p>Lejos de ser un lanzamiento convencional, &#8216;Las Filtradas&#8217; nace desde la calle y desde la conexi\u00f3n directa con el p\u00fablico. Varias de sus canciones circularon previamente de forma no oficial en redes sociales y plataformas digitales. Esto gener\u00f3 millones de reproducciones, challenges virales y una expectativa pocas veces vista en la escena local. Estas filtraciones transformaron cada tema en un fen\u00f3meno anticipado que ahora cuenta con un trabajo de producci\u00f3n m\u00e1s pulido y una narrativa cohesionada.<\/p>\n\n\n\n<figure class=\"wp-block-image size-large\"><img fetchpriority=\"high\" decoding=\"async\" width=\"819\" height=\"1024\" src=\"http:\/\/unaymilletras.com\/wp-content\/uploads\/2026\/01\/CHRISMJ_4103-1-1-819x1024.jpg\" alt=\"Cris MJ\" class=\"wp-image-7057\" \/><\/figure>\n\n\n\n<p>El \u00e1lbum funciona adem\u00e1s como una continuaci\u00f3n natural de &#8216;Apocalipsis&#8217;, el disco que marc\u00f3 un antes y un despu\u00e9s en la carrera de Cris MJ. Si en ese proyecto el artista logr\u00f3 abrir definitivamente las puertas del mercado internacional en &#8216;Las Filtradas&#8217; profundiza su identidad. A nivel l\u00edrico, el \u00e1lbum recorre distintas etapas de la vida del artista. Desde el barrio, al ascenso econ\u00f3mico, las contradicciones de la fama y las relaciones personales, siempre desde un lenguaje crudo y reconocible para su audiencia. Canciones como &#8216;Pensando Br\u00edgido&#8217;, &#8216;Desde Los 12&#8217; o &#8216;Coraz\u00f3n Negro&#8217; reflejan ese ADN callejero que ha sido clave en su conexi\u00f3n con millones de oyentes.<\/p>\n\n\n\n<p>Uno de los puntos altos de &#8216;Las Filtradas&#8217; es su selecci\u00f3n de colaboraciones. FloyyMenor, Nes, PandaBlack y el puertorrique\u00f1o Bryant Myers aportan distintas texturas al proyecto, ampliando su alcance regional e internacional sin romper la coherencia sonora que caracteriza a Cris MJ. <\/p>\n\n\n\n<p>El lanzamiento tiene lugar en uno de los momentos m\u00e1s s\u00f3lidos de su trayectoria con millones de streams acumulados, presencia constante en playlists editoriales, rankings digitales y una gira que agot\u00f3 entradas en m\u00faltiples ciudades de Chile y otros pa\u00edses de la regi\u00f3n. M\u00e1s all\u00e1 de los n\u00fameros, su impacto se refleja en la validaci\u00f3n cultural de un sonido chileno que hoy se exporta y marca tendencia.<\/p>\n\n\n\n<p>De cara al futuro el artista ya prepara un 2026 que promete ser hist\u00f3rico. El pr\u00f3ximo 17 de abril se presentar\u00e1 en el Estadio Nacional de Chile, convirti\u00e9ndose as\u00ed en el primer artista urbano chileno en liderar un espect\u00e1culo en este recinto emblem\u00e1tico, un hito que confirma la magnitud de su convocatoria y su lugar dentro de la m\u00fasica popular del pa\u00eds.<\/p>","protected":false},"excerpt":{"rendered":"<p>El artista chileno, Cris MJ, sac\u00f3 un proyecto ambicioso compuesto de 18 canciones con colaboraciones del calibre de Bryant Myers o FloyyMenor El movimiento urbano chileno suma un nuevo cap\u00edtulo clave con el estreno oficial de &#8216;Las Filtradas&#8217;, el m\u00e1s reciente \u00e1lbum de Cris MJ. El proyecto que est\u00e1 compuesto por 18 canciones confirma el [&hellip;]<\/p>\n","protected":false},"author":10,"featured_media":7057,"comment_status":"closed","ping_status":"closed","sticky":false,"template":"","format":"standard","meta":{"footnotes":""},"categories":[4],"tags":[167,350,168,171,169],"class_list":["post-7056","post","type-post","status-publish","format-standard","has-post-thumbnail","hentry","category-musica","tag-album","tag-chile","tag-disco","tag-gira","tag-musica"],"yoast_head":"<!-- This site is optimized with the Yoast SEO plugin v27.4 - https:\/\/yoast.com\/product\/yoast-seo-wordpress\/ -->\n<title>Cris MJ lanza &#039;Las filtradas&#039;, un \u00e1lbum inesperado &#8902; Una y Mil Letras<\/title>\n<meta name=\"description\" content=\"El artista chileno, Cris MJ, sac\u00f3 un proyecto ambicioso compuesto de 18 canciones con colaboraciones del calibre de Bryant Myers o FloyyMenor\" \/>\n<meta name=\"robots\" content=\"index, follow, max-snippet:-1, max-image-preview:large, max-video-preview:-1\" \/>\n<link rel=\"canonical\" href=\"https:\/\/unaymilletras.com\/en\/cris-mj-lanza-las-filtradas-un-album-inesperado\/\" \/>\n<meta property=\"og:locale\" content=\"en_GB\" \/>\n<meta property=\"og:type\" content=\"article\" \/>\n<meta property=\"og:title\" content=\"Cris MJ lanza &#039;Las filtradas&#039;, un \u00e1lbum inesperado &#8902; Una y Mil Letras\" \/>\n<meta property=\"og:description\" content=\"El artista chileno, Cris MJ, sac\u00f3 un proyecto ambicioso compuesto de 18 canciones con colaboraciones del calibre de Bryant Myers o FloyyMenor\" \/>\n<meta property=\"og:url\" content=\"https:\/\/unaymilletras.com\/en\/cris-mj-lanza-las-filtradas-un-album-inesperado\/\" \/>\n<meta property=\"og:site_name\" content=\"Una y Mil Letras\" \/>\n<meta property=\"article:published_time\" content=\"2026-01-17T21:20:12+00:00\" \/>\n<meta property=\"og:image\" content=\"http:\/\/unaymilletras.com\/wp-content\/uploads\/2026\/01\/CHRISMJ_4103-1-1-scaled-e1768684762573.jpg\" \/>\n\t<meta property=\"og:image:width\" content=\"600\" \/>\n\t<meta property=\"og:image:height\" content=\"750\" \/>\n\t<meta property=\"og:image:type\" content=\"image\/jpeg\" \/>\n<meta name=\"author\" content=\"David Hern\u00e1ndez\" \/>\n<meta name=\"twitter:card\" content=\"summary_large_image\" \/>\n<meta name=\"twitter:creator\" content=\"@UnaYMilLetras\" \/>\n<meta name=\"twitter:site\" content=\"@UnaYMilLetras\" \/>\n<meta name=\"twitter:label1\" content=\"Written by\" \/>\n\t<meta name=\"twitter:data1\" content=\"David Hern\u00e1ndez\" \/>\n\t<meta name=\"twitter:label2\" content=\"Estimated reading time\" \/>\n\t<meta name=\"twitter:data2\" content=\"3 minutes\" \/>\n<script type=\"application\/ld+json\" class=\"yoast-schema-graph\">{\"@context\":\"https:\\\/\\\/schema.org\",\"@graph\":[{\"@type\":\"Article\",\"@id\":\"https:\\\/\\\/unaymilletras.com\\\/cris-mj-lanza-las-filtradas-un-album-inesperado\\\/#article\",\"isPartOf\":{\"@id\":\"https:\\\/\\\/unaymilletras.com\\\/cris-mj-lanza-las-filtradas-un-album-inesperado\\\/\"},\"author\":{\"name\":\"David Hern\u00e1ndez\",\"@id\":\"http:\\\/\\\/unaymilletras.com\\\/#\\\/schema\\\/person\\\/0c171c80bc49a58d7a8ed3394548370c\"},\"headline\":\"Cris MJ lanza &#8216;Las filtradas&#8217;, un \u00e1lbum inesperado\",\"datePublished\":\"2026-01-17T21:20:12+00:00\",\"mainEntityOfPage\":{\"@id\":\"https:\\\/\\\/unaymilletras.com\\\/cris-mj-lanza-las-filtradas-un-album-inesperado\\\/\"},\"wordCount\":467,\"publisher\":{\"@id\":\"http:\\\/\\\/unaymilletras.com\\\/#organization\"},\"image\":{\"@id\":\"https:\\\/\\\/unaymilletras.com\\\/cris-mj-lanza-las-filtradas-un-album-inesperado\\\/#primaryimage\"},\"thumbnailUrl\":\"https:\\\/\\\/unaymilletras.com\\\/wp-content\\\/uploads\\\/2026\\\/01\\\/CHRISMJ_4103-1-1-scaled-e1768684762573.jpg\",\"keywords\":[\"\u00e1lbum\",\"Chile\",\"disco\",\"Gira\",\"musica\"],\"articleSection\":[\"M\u00fasica\"],\"inLanguage\":\"en-GB\"},{\"@type\":\"WebPage\",\"@id\":\"https:\\\/\\\/unaymilletras.com\\\/cris-mj-lanza-las-filtradas-un-album-inesperado\\\/\",\"url\":\"https:\\\/\\\/unaymilletras.com\\\/cris-mj-lanza-las-filtradas-un-album-inesperado\\\/\",\"name\":\"Cris MJ lanza 'Las filtradas', un \u00e1lbum inesperado &#8902; Una y Mil Letras\",\"isPartOf\":{\"@id\":\"http:\\\/\\\/unaymilletras.com\\\/#website\"},\"primaryImageOfPage\":{\"@id\":\"https:\\\/\\\/unaymilletras.com\\\/cris-mj-lanza-las-filtradas-un-album-inesperado\\\/#primaryimage\"},\"image\":{\"@id\":\"https:\\\/\\\/unaymilletras.com\\\/cris-mj-lanza-las-filtradas-un-album-inesperado\\\/#primaryimage\"},\"thumbnailUrl\":\"https:\\\/\\\/unaymilletras.com\\\/wp-content\\\/uploads\\\/2026\\\/01\\\/CHRISMJ_4103-1-1-scaled-e1768684762573.jpg\",\"datePublished\":\"2026-01-17T21:20:12+00:00\",\"description\":\"El artista chileno, Cris MJ, sac\u00f3 un proyecto ambicioso compuesto de 18 canciones con colaboraciones del calibre de Bryant Myers o FloyyMenor\",\"breadcrumb\":{\"@id\":\"https:\\\/\\\/unaymilletras.com\\\/cris-mj-lanza-las-filtradas-un-album-inesperado\\\/#breadcrumb\"},\"inLanguage\":\"en-GB\",\"potentialAction\":[{\"@type\":\"ReadAction\",\"target\":[\"https:\\\/\\\/unaymilletras.com\\\/cris-mj-lanza-las-filtradas-un-album-inesperado\\\/\"]}]},{\"@type\":\"ImageObject\",\"inLanguage\":\"en-GB\",\"@id\":\"https:\\\/\\\/unaymilletras.com\\\/cris-mj-lanza-las-filtradas-un-album-inesperado\\\/#primaryimage\",\"url\":\"https:\\\/\\\/unaymilletras.com\\\/wp-content\\\/uploads\\\/2026\\\/01\\\/CHRISMJ_4103-1-1-scaled-e1768684762573.jpg\",\"contentUrl\":\"https:\\\/\\\/unaymilletras.com\\\/wp-content\\\/uploads\\\/2026\\\/01\\\/CHRISMJ_4103-1-1-scaled-e1768684762573.jpg\",\"width\":600,\"height\":750,\"caption\":\"Cris MJ\"},{\"@type\":\"BreadcrumbList\",\"@id\":\"https:\\\/\\\/unaymilletras.com\\\/cris-mj-lanza-las-filtradas-un-album-inesperado\\\/#breadcrumb\",\"itemListElement\":[{\"@type\":\"ListItem\",\"position\":1,\"name\":\"Home\",\"item\":\"http:\\\/\\\/unaymilletras.com\\\/\"},{\"@type\":\"ListItem\",\"position\":2,\"name\":\"Cris MJ lanza &#8216;Las filtradas&#8217;, un \u00e1lbum inesperado\"}]},{\"@type\":\"WebSite\",\"@id\":\"http:\\\/\\\/unaymilletras.com\\\/#website\",\"url\":\"http:\\\/\\\/unaymilletras.com\\\/\",\"name\":\"Una y Mil Letras\",\"description\":\"\",\"publisher\":{\"@id\":\"http:\\\/\\\/unaymilletras.com\\\/#organization\"},\"potentialAction\":[{\"@type\":\"SearchAction\",\"target\":{\"@type\":\"EntryPoint\",\"urlTemplate\":\"http:\\\/\\\/unaymilletras.com\\\/?s={search_term_string}\"},\"query-input\":{\"@type\":\"PropertyValueSpecification\",\"valueRequired\":true,\"valueName\":\"search_term_string\"}}],\"inLanguage\":\"en-GB\"},{\"@type\":\"Organization\",\"@id\":\"http:\\\/\\\/unaymilletras.com\\\/#organization\",\"name\":\"Una y Mil Letras\",\"url\":\"http:\\\/\\\/unaymilletras.com\\\/\",\"logo\":{\"@type\":\"ImageObject\",\"inLanguage\":\"en-GB\",\"@id\":\"http:\\\/\\\/unaymilletras.com\\\/#\\\/schema\\\/logo\\\/image\\\/\",\"url\":\"https:\\\/\\\/unaymilletras.com\\\/wp-content\\\/uploads\\\/2024\\\/06\\\/cropped-Logo-removebg-preview.png\",\"contentUrl\":\"https:\\\/\\\/unaymilletras.com\\\/wp-content\\\/uploads\\\/2024\\\/06\\\/cropped-Logo-removebg-preview.png\",\"width\":512,\"height\":512,\"caption\":\"Una y Mil Letras\"},\"image\":{\"@id\":\"http:\\\/\\\/unaymilletras.com\\\/#\\\/schema\\\/logo\\\/image\\\/\"},\"sameAs\":[\"https:\\\/\\\/x.com\\\/UnaYMilLetras\",\"https:\\\/\\\/instagram.com\\\/UnaYMilLetras\"]},{\"@type\":\"Person\",\"@id\":\"http:\\\/\\\/unaymilletras.com\\\/#\\\/schema\\\/person\\\/0c171c80bc49a58d7a8ed3394548370c\",\"name\":\"David Hern\u00e1ndez\",\"image\":{\"@type\":\"ImageObject\",\"inLanguage\":\"en-GB\",\"@id\":\"https:\\\/\\\/secure.gravatar.com\\\/avatar\\\/86739d73874dcbc11e4278af33fb905704f5c29329727efb3b0e0bc838b0d469?s=96&d=mm&r=g\",\"url\":\"https:\\\/\\\/secure.gravatar.com\\\/avatar\\\/86739d73874dcbc11e4278af33fb905704f5c29329727efb3b0e0bc838b0d469?s=96&d=mm&r=g\",\"contentUrl\":\"https:\\\/\\\/secure.gravatar.com\\\/avatar\\\/86739d73874dcbc11e4278af33fb905704f5c29329727efb3b0e0bc838b0d469?s=96&d=mm&r=g\",\"caption\":\"David Hern\u00e1ndez\"},\"url\":\"https:\\\/\\\/unaymilletras.com\\\/en\\\/author\\\/davidesel\\\/\"}]}<\/script>\n<!-- \/ Yoast SEO plugin. -->","yoast_head_json":{"title":"Cris MJ lanza 'Las filtradas', un \u00e1lbum inesperado &#8902; Una y Mil Letras","description":"El artista chileno, Cris MJ, sac\u00f3 un proyecto ambicioso compuesto de 18 canciones con colaboraciones del calibre de Bryant Myers o FloyyMenor","robots":{"index":"index","follow":"follow","max-snippet":"max-snippet:-1","max-image-preview":"max-image-preview:large","max-video-preview":"max-video-preview:-1"},"canonical":"https:\/\/unaymilletras.com\/en\/cris-mj-lanza-las-filtradas-un-album-inesperado\/","og_locale":"en_GB","og_type":"article","og_title":"Cris MJ lanza 'Las filtradas', un \u00e1lbum inesperado &#8902; Una y Mil Letras","og_description":"El artista chileno, Cris MJ, sac\u00f3 un proyecto ambicioso compuesto de 18 canciones con colaboraciones del calibre de Bryant Myers o FloyyMenor","og_url":"https:\/\/unaymilletras.com\/en\/cris-mj-lanza-las-filtradas-un-album-inesperado\/","og_site_name":"Una y Mil Letras","article_published_time":"2026-01-17T21:20:12+00:00","og_image":[{"width":600,"height":750,"url":"http:\/\/unaymilletras.com\/wp-content\/uploads\/2026\/01\/CHRISMJ_4103-1-1-scaled-e1768684762573.jpg","type":"image\/jpeg"}],"author":"David Hern\u00e1ndez","twitter_card":"summary_large_image","twitter_creator":"@UnaYMilLetras","twitter_site":"@UnaYMilLetras","twitter_misc":{"Written by":"David Hern\u00e1ndez","Estimated reading time":"3 minutes"},"schema":{"@context":"https:\/\/schema.org","@graph":[{"@type":"Article","@id":"https:\/\/unaymilletras.com\/cris-mj-lanza-las-filtradas-un-album-inesperado\/#article","isPartOf":{"@id":"https:\/\/unaymilletras.com\/cris-mj-lanza-las-filtradas-un-album-inesperado\/"},"author":{"name":"David Hern\u00e1ndez","@id":"http:\/\/unaymilletras.com\/#\/schema\/person\/0c171c80bc49a58d7a8ed3394548370c"},"headline":"Cris MJ lanza &#8216;Las filtradas&#8217;, un \u00e1lbum inesperado","datePublished":"2026-01-17T21:20:12+00:00","mainEntityOfPage":{"@id":"https:\/\/unaymilletras.com\/cris-mj-lanza-las-filtradas-un-album-inesperado\/"},"wordCount":467,"publisher":{"@id":"http:\/\/unaymilletras.com\/#organization"},"image":{"@id":"https:\/\/unaymilletras.com\/cris-mj-lanza-las-filtradas-un-album-inesperado\/#primaryimage"},"thumbnailUrl":"https:\/\/unaymilletras.com\/wp-content\/uploads\/2026\/01\/CHRISMJ_4103-1-1-scaled-e1768684762573.jpg","keywords":["\u00e1lbum","Chile","disco","Gira","musica"],"articleSection":["M\u00fasica"],"inLanguage":"en-GB"},{"@type":"WebPage","@id":"https:\/\/unaymilletras.com\/cris-mj-lanza-las-filtradas-un-album-inesperado\/","url":"https:\/\/unaymilletras.com\/cris-mj-lanza-las-filtradas-un-album-inesperado\/","name":"Cris MJ lanza 'Las filtradas', un \u00e1lbum inesperado &#8902; Una y Mil Letras","isPartOf":{"@id":"http:\/\/unaymilletras.com\/#website"},"primaryImageOfPage":{"@id":"https:\/\/unaymilletras.com\/cris-mj-lanza-las-filtradas-un-album-inesperado\/#primaryimage"},"image":{"@id":"https:\/\/unaymilletras.com\/cris-mj-lanza-las-filtradas-un-album-inesperado\/#primaryimage"},"thumbnailUrl":"https:\/\/unaymilletras.com\/wp-content\/uploads\/2026\/01\/CHRISMJ_4103-1-1-scaled-e1768684762573.jpg","datePublished":"2026-01-17T21:20:12+00:00","description":"El artista chileno, Cris MJ, sac\u00f3 un proyecto ambicioso compuesto de 18 canciones con colaboraciones del calibre de Bryant Myers o FloyyMenor","breadcrumb":{"@id":"https:\/\/unaymilletras.com\/cris-mj-lanza-las-filtradas-un-album-inesperado\/#breadcrumb"},"inLanguage":"en-GB","potentialAction":[{"@type":"ReadAction","target":["https:\/\/unaymilletras.com\/cris-mj-lanza-las-filtradas-un-album-inesperado\/"]}]},{"@type":"ImageObject","inLanguage":"en-GB","@id":"https:\/\/unaymilletras.com\/cris-mj-lanza-las-filtradas-un-album-inesperado\/#primaryimage","url":"https:\/\/unaymilletras.com\/wp-content\/uploads\/2026\/01\/CHRISMJ_4103-1-1-scaled-e1768684762573.jpg","contentUrl":"https:\/\/unaymilletras.com\/wp-content\/uploads\/2026\/01\/CHRISMJ_4103-1-1-scaled-e1768684762573.jpg","width":600,"height":750,"caption":"Cris MJ"},{"@type":"BreadcrumbList","@id":"https:\/\/unaymilletras.com\/cris-mj-lanza-las-filtradas-un-album-inesperado\/#breadcrumb","itemListElement":[{"@type":"ListItem","position":1,"name":"Home","item":"http:\/\/unaymilletras.com\/"},{"@type":"ListItem","position":2,"name":"Cris MJ lanza &#8216;Las filtradas&#8217;, un \u00e1lbum inesperado"}]},{"@type":"WebSite","@id":"http:\/\/unaymilletras.com\/#website","url":"http:\/\/unaymilletras.com\/","name":"Una y Mil Letras","description":"","publisher":{"@id":"http:\/\/unaymilletras.com\/#organization"},"potentialAction":[{"@type":"SearchAction","target":{"@type":"EntryPoint","urlTemplate":"http:\/\/unaymilletras.com\/?s={search_term_string}"},"query-input":{"@type":"PropertyValueSpecification","valueRequired":true,"valueName":"search_term_string"}}],"inLanguage":"en-GB"},{"@type":"Organization","@id":"http:\/\/unaymilletras.com\/#organization","name":"Una y Mil Letras","url":"http:\/\/unaymilletras.com\/","logo":{"@type":"ImageObject","inLanguage":"en-GB","@id":"http:\/\/unaymilletras.com\/#\/schema\/logo\/image\/","url":"https:\/\/unaymilletras.com\/wp-content\/uploads\/2024\/06\/cropped-Logo-removebg-preview.png","contentUrl":"https:\/\/unaymilletras.com\/wp-content\/uploads\/2024\/06\/cropped-Logo-removebg-preview.png","width":512,"height":512,"caption":"Una y Mil Letras"},"image":{"@id":"http:\/\/unaymilletras.com\/#\/schema\/logo\/image\/"},"sameAs":["https:\/\/x.com\/UnaYMilLetras","https:\/\/instagram.com\/UnaYMilLetras"]},{"@type":"Person","@id":"http:\/\/unaymilletras.com\/#\/schema\/person\/0c171c80bc49a58d7a8ed3394548370c","name":"David Hern\u00e1ndez","image":{"@type":"ImageObject","inLanguage":"en-GB","@id":"https:\/\/secure.gravatar.com\/avatar\/86739d73874dcbc11e4278af33fb905704f5c29329727efb3b0e0bc838b0d469?s=96&d=mm&r=g","url":"https:\/\/secure.gravatar.com\/avatar\/86739d73874dcbc11e4278af33fb905704f5c29329727efb3b0e0bc838b0d469?s=96&d=mm&r=g","contentUrl":"https:\/\/secure.gravatar.com\/avatar\/86739d73874dcbc11e4278af33fb905704f5c29329727efb3b0e0bc838b0d469?s=96&d=mm&r=g","caption":"David Hern\u00e1ndez"},"url":"https:\/\/unaymilletras.com\/en\/author\/davidesel\/"}]}},"_links":{"self":[{"href":"https:\/\/unaymilletras.com\/en\/wp-json\/wp\/v2\/posts\/7056","targetHints":{"allow":["GET"]}}],"collection":[{"href":"https:\/\/unaymilletras.com\/en\/wp-json\/wp\/v2\/posts"}],"about":[{"href":"https:\/\/unaymilletras.com\/en\/wp-json\/wp\/v2\/types\/post"}],"author":[{"embeddable":true,"href":"https:\/\/unaymilletras.com\/en\/wp-json\/wp\/v2\/users\/10"}],"replies":[{"embeddable":true,"href":"https:\/\/unaymilletras.com\/en\/wp-json\/wp\/v2\/comments?post=7056"}],"version-history":[{"count":1,"href":"https:\/\/unaymilletras.com\/en\/wp-json\/wp\/v2\/posts\/7056\/revisions"}],"predecessor-version":[{"id":7058,"href":"https:\/\/unaymilletras.com\/en\/wp-json\/wp\/v2\/posts\/7056\/revisions\/7058"}],"wp:featuredmedia":[{"embeddable":true,"href":"https:\/\/unaymilletras.com\/en\/wp-json\/wp\/v2\/media\/7057"}],"wp:attachment":[{"href":"https:\/\/unaymilletras.com\/en\/wp-json\/wp\/v2\/media?parent=7056"}],"wp:term":[{"taxonomy":"category","embeddable":true,"href":"https:\/\/unaymilletras.com\/en\/wp-json\/wp\/v2\/categories?post=7056"},{"taxonomy":"post_tag","embeddable":true,"href":"https:\/\/unaymilletras.com\/en\/wp-json\/wp\/v2\/tags?post=7056"}],"curies":[{"name":"wp","href":"https:\/\/api.w.org\/{rel}","templated":true}]}}