{"id":7059,"date":"2026-01-19T00:05:33","date_gmt":"2026-01-18T23:05:33","guid":{"rendered":"https:\/\/unaymilletras.com\/?p=7059"},"modified":"2026-01-19T00:05:33","modified_gmt":"2026-01-18T23:05:33","slug":"moni-motes-y-depol-le-cantan-a-la-calma-de-la-superacion-en-me-va-bien-de-momento","status":"publish","type":"post","link":"https:\/\/unaymilletras.com\/en\/moni-motes-y-depol-le-cantan-a-la-calma-de-la-superacion-en-me-va-bien-de-momento\/","title":{"rendered":"Moni Motes y Depol le cantan a la calma de la superaci\u00f3n en \u00abMe va bien de momento\u00bb"},"content":{"rendered":"<div data-elementor-type=\"wp-post\" data-elementor-id=\"7059\" class=\"elementor elementor-7059\">\n\t\t\t\t\t\t<section class=\"elementor-section elementor-top-section elementor-element elementor-element-aa7637d elementor-section-boxed elementor-section-height-default elementor-section-height-default\" data-id=\"aa7637d\" data-element_type=\"section\" data-e-type=\"section\">\n\t\t\t\t\t\t<div class=\"elementor-container elementor-column-gap-default\">\n\t\t\t\t\t<div class=\"elementor-column elementor-col-100 elementor-top-column elementor-element elementor-element-001e5eb\" data-id=\"001e5eb\" data-element_type=\"column\" data-e-type=\"column\">\n\t\t\t<div class=\"elementor-widget-wrap elementor-element-populated\">\n\t\t\t\t\t\t<div class=\"elementor-element elementor-element-b034e19 elementor-widget elementor-widget-heading\" data-id=\"b034e19\" data-element_type=\"widget\" data-e-type=\"widget\" data-widget_type=\"heading.default\">\n\t\t\t\t<div class=\"elementor-widget-container\">\n\t\t\t\t\t<h2 class=\"elementor-heading-title elementor-size-default\">La colaboraci\u00f3n es la antesala de \"Auroras\", el primer EP de Moni Motes<\/h2>\t\t\t\t<\/div>\n\t\t\t\t<\/div>\n\t\t\t\t\t<\/div>\n\t\t<\/div>\n\t\t\t\t\t<\/div>\n\t\t<\/section>\n\t\t\t\t<section class=\"elementor-section elementor-top-section elementor-element elementor-element-17978aa1 elementor-section-boxed elementor-section-height-default elementor-section-height-default\" data-id=\"17978aa1\" data-element_type=\"section\" data-e-type=\"section\">\n\t\t\t\t\t\t<div class=\"elementor-container elementor-column-gap-default\">\n\t\t\t\t\t<div class=\"elementor-column elementor-col-100 elementor-top-column elementor-element elementor-element-84e3e11\" data-id=\"84e3e11\" data-element_type=\"column\" data-e-type=\"column\">\n\t\t\t<div class=\"elementor-widget-wrap elementor-element-populated\">\n\t\t\t\t\t\t<div class=\"elementor-element elementor-element-1a167408 elementor-widget elementor-widget-text-editor\" data-id=\"1a167408\" data-element_type=\"widget\" data-e-type=\"widget\" data-widget_type=\"text-editor.default\">\n\t\t\t\t<div class=\"elementor-widget-container\">\n\t\t\t\t\t\t\t\t\t\n<p>Moni Motes, una de las voces femeninas m\u00e1s prometedoras del pop espa\u00f1ol, sigue dando forma a su primer EP, <em>Auroras<\/em>, previsto para 2026. Tras el estreno de <em>No Soy Como T\u00fa<\/em>, la artista presenta ahora su segundo single, <em>Me Va Bien De Momento<\/em>, una colaboraci\u00f3n con DePol que refuerza su propuesta musical y muestra su crecimiento dentro del panorama nacional.<\/p>\n\n<p>El tema forma parte de un proyecto de cinco canciones que Moni llevar\u00e1 a su primera gira, con paradas en ciudades como Madrid, Barcelona, Valencia, Sevilla y Pamplona, donde los fans podr\u00e1n disfrutar de su m\u00fasica en directo y conocer de cerca su universo art\u00edstico.<\/p>\n\n<ul class=\"wp-block-list\">\n<li>5 de febrero &#8211; Sala El Sol (Madrid)<\/li>\n\n<li>19 de febrero &#8211; Palau Alameda (Valencia)<\/li>\n\n<li>21 de febrero &#8211; Sauvage (Barcelona)<\/li>\n\n<li>6 de marzo &#8211; Zentral (Pamplona)<\/li>\n\n<li>14 de marzo &#8211; FunClub (Sevilla)<\/li>\n<\/ul>\n\n<p>A veces, la m\u00fasica llega justo cuando m\u00e1s la necesitamos. Este single habla de ese momento en el que el dolor tras una ruptura queda atr\u00e1s y se abre paso una nueva etapa de calma, aceptaci\u00f3n y peque\u00f1as victorias personales. La canci\u00f3n combina sensibilidad y emoci\u00f3n con un sonido fresco y cercano para sumergirnos en un universo sonoro lleno de intimidad.<\/p>\n\n<p>Compuesta por Moni, DePol y \u00c1lex Walls, y producida por Pablo Bigboy, <em>Me Va Bien De Momento<\/em> apuesta por un pop mel\u00f3dico y luminoso. Las guitarras ac\u00fasticas recorren el tema con delicadeza, aportando calidez y cercan\u00eda, mientras la voz de Moni transmite honestidad y emoci\u00f3n.<\/p>\n\n<p>Adem\u00e1s, el lanzamiento viene acompa\u00f1ado de un videoclip dirigido y producido por Pablo Tuche, grabado en Madrid. En \u00e9l, Moni y DePol interpretan la canci\u00f3n con naturalidad y complicidad, reforzando la narrativa del tema: la superaci\u00f3n, el equilibrio despu\u00e9s de la tormenta y la sensaci\u00f3n de que cada final puede abrir la puerta a un nuevo comienzo.<\/p>\n\n<figure class=\"wp-block-embed is-type-video is-provider-youtube wp-block-embed-youtube wp-embed-aspect-4-3 wp-has-aspect-ratio\">\n<div class=\"wp-block-embed__wrapper\">https:\/\/www.youtube.com\/watch?v=-05UPG1_C_4&amp;list=RD-05UPG1_C_4&amp;start_radio=1<\/div>\n<\/figure>\n\n<p>&#8216;Me va bien de momento&#8217; es un anticipo de &#8216;Auroras&#8217;, el proyecto debut<\/p>\n\t\t\t\t\t\t\t\t<\/div>\n\t\t\t\t<\/div>\n\t\t\t\t\t<\/div>\n\t\t<\/div>\n\t\t\t\t\t<\/div>\n\t\t<\/section>\n\t\t\t\t<\/div>","protected":false},"excerpt":{"rendered":"<p>La colaboraci\u00f3n es la antesala de \u00abAuroras\u00bb, el primer EP de Moni Motes Moni Motes, una de las voces femeninas m\u00e1s prometedoras del pop espa\u00f1ol, sigue dando forma a su primer EP, Auroras, previsto para 2026. Tras el estreno de No Soy Como T\u00fa, la artista presenta ahora su segundo single, Me Va Bien De [&hellip;]<\/p>\n","protected":false},"author":5,"featured_media":7065,"comment_status":"closed","ping_status":"closed","sticky":false,"template":"","format":"standard","meta":{"footnotes":""},"categories":[1],"tags":[],"class_list":["post-7059","post","type-post","status-publish","format-standard","has-post-thumbnail","hentry","category-uncategorized"],"yoast_head":"<!-- This site is optimized with the Yoast SEO plugin v27.4 - https:\/\/yoast.com\/product\/yoast-seo-wordpress\/ -->\n<title>Moni Motes y Depol le cantan a la calma de la superaci\u00f3n en &quot;Me va bien de momento&quot; &#8902; Una y Mil Letras<\/title>\n<meta name=\"description\" content=\"Moni Motes contin\u00faa su debut con Auroras y presenta Me Va Bien De Momento, su segundo single junto a DePol.\" \/>\n<meta name=\"robots\" content=\"index, follow, max-snippet:-1, max-image-preview:large, max-video-preview:-1\" \/>\n<link rel=\"canonical\" href=\"https:\/\/unaymilletras.com\/en\/moni-motes-y-depol-le-cantan-a-la-calma-de-la-superacion-en-me-va-bien-de-momento\/\" \/>\n<meta property=\"og:locale\" content=\"en_GB\" \/>\n<meta property=\"og:type\" content=\"article\" \/>\n<meta property=\"og:title\" content=\"Moni Motes y Depol le cantan a la calma de la superaci\u00f3n en &quot;Me va bien de momento&quot; &#8902; Una y Mil Letras\" \/>\n<meta property=\"og:description\" content=\"Moni Motes contin\u00faa su debut con Auroras y presenta Me Va Bien De Momento, su segundo single junto a DePol.\" \/>\n<meta property=\"og:url\" content=\"https:\/\/unaymilletras.com\/en\/moni-motes-y-depol-le-cantan-a-la-calma-de-la-superacion-en-me-va-bien-de-momento\/\" \/>\n<meta property=\"og:site_name\" content=\"Una y Mil Letras\" \/>\n<meta property=\"article:published_time\" content=\"2026-01-18T23:05:33+00:00\" \/>\n<meta property=\"og:image\" content=\"http:\/\/unaymilletras.com\/wp-content\/uploads\/2026\/01\/unnamed-44-1.jpg\" \/>\n\t<meta property=\"og:image:width\" content=\"2480\" \/>\n\t<meta property=\"og:image:height\" content=\"890\" \/>\n\t<meta property=\"og:image:type\" content=\"image\/jpeg\" \/>\n<meta name=\"author\" content=\"Luc\u00eda Fandi\u00f1o\" \/>\n<meta name=\"twitter:card\" content=\"summary_large_image\" \/>\n<meta name=\"twitter:creator\" content=\"@UnaYMilLetras\" \/>\n<meta name=\"twitter:site\" content=\"@UnaYMilLetras\" \/>\n<meta name=\"twitter:label1\" content=\"Written by\" \/>\n\t<meta name=\"twitter:data1\" content=\"Luc\u00eda Fandi\u00f1o\" \/>\n\t<meta name=\"twitter:label2\" content=\"Estimated reading time\" \/>\n\t<meta name=\"twitter:data2\" content=\"2 minutes\" \/>\n<script type=\"application\/ld+json\" class=\"yoast-schema-graph\">{\"@context\":\"https:\\\/\\\/schema.org\",\"@graph\":[{\"@type\":\"Article\",\"@id\":\"https:\\\/\\\/unaymilletras.com\\\/moni-motes-y-depol-le-cantan-a-la-calma-de-la-superacion-en-me-va-bien-de-momento\\\/#article\",\"isPartOf\":{\"@id\":\"https:\\\/\\\/unaymilletras.com\\\/moni-motes-y-depol-le-cantan-a-la-calma-de-la-superacion-en-me-va-bien-de-momento\\\/\"},\"author\":{\"name\":\"Luc\u00eda Fandi\u00f1o\",\"@id\":\"http:\\\/\\\/unaymilletras.com\\\/#\\\/schema\\\/person\\\/047a24f09ead3f0ba2387e5df86d9336\"},\"headline\":\"Moni Motes y Depol le cantan a la calma de la superaci\u00f3n en \u00abMe va bien de momento\u00bb\",\"datePublished\":\"2026-01-18T23:05:33+00:00\",\"mainEntityOfPage\":{\"@id\":\"https:\\\/\\\/unaymilletras.com\\\/moni-motes-y-depol-le-cantan-a-la-calma-de-la-superacion-en-me-va-bien-de-momento\\\/\"},\"wordCount\":381,\"publisher\":{\"@id\":\"http:\\\/\\\/unaymilletras.com\\\/#organization\"},\"image\":{\"@id\":\"https:\\\/\\\/unaymilletras.com\\\/moni-motes-y-depol-le-cantan-a-la-calma-de-la-superacion-en-me-va-bien-de-momento\\\/#primaryimage\"},\"thumbnailUrl\":\"https:\\\/\\\/unaymilletras.com\\\/wp-content\\\/uploads\\\/2026\\\/01\\\/unnamed-44-1-e1770061524886.jpg\",\"articleSection\":[\"Uncategorized\"],\"inLanguage\":\"en-GB\"},{\"@type\":\"WebPage\",\"@id\":\"https:\\\/\\\/unaymilletras.com\\\/moni-motes-y-depol-le-cantan-a-la-calma-de-la-superacion-en-me-va-bien-de-momento\\\/\",\"url\":\"https:\\\/\\\/unaymilletras.com\\\/moni-motes-y-depol-le-cantan-a-la-calma-de-la-superacion-en-me-va-bien-de-momento\\\/\",\"name\":\"Moni Motes y Depol le cantan a la calma de la superaci\u00f3n en \\\"Me va bien de momento\\\" &#8902; Una y Mil Letras\",\"isPartOf\":{\"@id\":\"http:\\\/\\\/unaymilletras.com\\\/#website\"},\"primaryImageOfPage\":{\"@id\":\"https:\\\/\\\/unaymilletras.com\\\/moni-motes-y-depol-le-cantan-a-la-calma-de-la-superacion-en-me-va-bien-de-momento\\\/#primaryimage\"},\"image\":{\"@id\":\"https:\\\/\\\/unaymilletras.com\\\/moni-motes-y-depol-le-cantan-a-la-calma-de-la-superacion-en-me-va-bien-de-momento\\\/#primaryimage\"},\"thumbnailUrl\":\"https:\\\/\\\/unaymilletras.com\\\/wp-content\\\/uploads\\\/2026\\\/01\\\/unnamed-44-1-e1770061524886.jpg\",\"datePublished\":\"2026-01-18T23:05:33+00:00\",\"description\":\"Moni Motes contin\u00faa su debut con Auroras y presenta Me Va Bien De Momento, su segundo single junto a DePol.\",\"breadcrumb\":{\"@id\":\"https:\\\/\\\/unaymilletras.com\\\/moni-motes-y-depol-le-cantan-a-la-calma-de-la-superacion-en-me-va-bien-de-momento\\\/#breadcrumb\"},\"inLanguage\":\"en-GB\",\"potentialAction\":[{\"@type\":\"ReadAction\",\"target\":[\"https:\\\/\\\/unaymilletras.com\\\/moni-motes-y-depol-le-cantan-a-la-calma-de-la-superacion-en-me-va-bien-de-momento\\\/\"]}]},{\"@type\":\"ImageObject\",\"inLanguage\":\"en-GB\",\"@id\":\"https:\\\/\\\/unaymilletras.com\\\/moni-motes-y-depol-le-cantan-a-la-calma-de-la-superacion-en-me-va-bien-de-momento\\\/#primaryimage\",\"url\":\"https:\\\/\\\/unaymilletras.com\\\/wp-content\\\/uploads\\\/2026\\\/01\\\/unnamed-44-1-e1770061524886.jpg\",\"contentUrl\":\"https:\\\/\\\/unaymilletras.com\\\/wp-content\\\/uploads\\\/2026\\\/01\\\/unnamed-44-1-e1770061524886.jpg\",\"width\":600,\"height\":215},{\"@type\":\"BreadcrumbList\",\"@id\":\"https:\\\/\\\/unaymilletras.com\\\/moni-motes-y-depol-le-cantan-a-la-calma-de-la-superacion-en-me-va-bien-de-momento\\\/#breadcrumb\",\"itemListElement\":[{\"@type\":\"ListItem\",\"position\":1,\"name\":\"Home\",\"item\":\"http:\\\/\\\/unaymilletras.com\\\/\"},{\"@type\":\"ListItem\",\"position\":2,\"name\":\"Moni Motes y Depol le cantan a la calma de la superaci\u00f3n en \u00abMe va bien de momento\u00bb\"}]},{\"@type\":\"WebSite\",\"@id\":\"http:\\\/\\\/unaymilletras.com\\\/#website\",\"url\":\"http:\\\/\\\/unaymilletras.com\\\/\",\"name\":\"Una y Mil Letras\",\"description\":\"\",\"publisher\":{\"@id\":\"http:\\\/\\\/unaymilletras.com\\\/#organization\"},\"potentialAction\":[{\"@type\":\"SearchAction\",\"target\":{\"@type\":\"EntryPoint\",\"urlTemplate\":\"http:\\\/\\\/unaymilletras.com\\\/?s={search_term_string}\"},\"query-input\":{\"@type\":\"PropertyValueSpecification\",\"valueRequired\":true,\"valueName\":\"search_term_string\"}}],\"inLanguage\":\"en-GB\"},{\"@type\":\"Organization\",\"@id\":\"http:\\\/\\\/unaymilletras.com\\\/#organization\",\"name\":\"Una y Mil Letras\",\"url\":\"http:\\\/\\\/unaymilletras.com\\\/\",\"logo\":{\"@type\":\"ImageObject\",\"inLanguage\":\"en-GB\",\"@id\":\"http:\\\/\\\/unaymilletras.com\\\/#\\\/schema\\\/logo\\\/image\\\/\",\"url\":\"https:\\\/\\\/unaymilletras.com\\\/wp-content\\\/uploads\\\/2024\\\/06\\\/cropped-Logo-removebg-preview.png\",\"contentUrl\":\"https:\\\/\\\/unaymilletras.com\\\/wp-content\\\/uploads\\\/2024\\\/06\\\/cropped-Logo-removebg-preview.png\",\"width\":512,\"height\":512,\"caption\":\"Una y Mil Letras\"},\"image\":{\"@id\":\"http:\\\/\\\/unaymilletras.com\\\/#\\\/schema\\\/logo\\\/image\\\/\"},\"sameAs\":[\"https:\\\/\\\/x.com\\\/UnaYMilLetras\",\"https:\\\/\\\/instagram.com\\\/UnaYMilLetras\"]},{\"@type\":\"Person\",\"@id\":\"http:\\\/\\\/unaymilletras.com\\\/#\\\/schema\\\/person\\\/047a24f09ead3f0ba2387e5df86d9336\",\"name\":\"Luc\u00eda Fandi\u00f1o\",\"image\":{\"@type\":\"ImageObject\",\"inLanguage\":\"en-GB\",\"@id\":\"https:\\\/\\\/secure.gravatar.com\\\/avatar\\\/d22d9eea03f89c5d17f4b05c3efeb11bad23ff32b99e63bbf54232bc1b6a06b2?s=96&d=mm&r=g\",\"url\":\"https:\\\/\\\/secure.gravatar.com\\\/avatar\\\/d22d9eea03f89c5d17f4b05c3efeb11bad23ff32b99e63bbf54232bc1b6a06b2?s=96&d=mm&r=g\",\"contentUrl\":\"https:\\\/\\\/secure.gravatar.com\\\/avatar\\\/d22d9eea03f89c5d17f4b05c3efeb11bad23ff32b99e63bbf54232bc1b6a06b2?s=96&d=mm&r=g\",\"caption\":\"Luc\u00eda Fandi\u00f1o\"},\"sameAs\":[\"www.instagram.com\\\/luciaafandino\"],\"url\":\"https:\\\/\\\/unaymilletras.com\\\/en\\\/author\\\/luciaafandino\\\/\"}]}<\/script>\n<!-- \/ Yoast SEO plugin. -->","yoast_head_json":{"title":"Moni Motes y Depol le cantan a la calma de la superaci\u00f3n en \"Me va bien de momento\" &#8902; Una y Mil Letras","description":"Moni Motes contin\u00faa su debut con Auroras y presenta Me Va Bien De Momento, su segundo single junto a DePol.","robots":{"index":"index","follow":"follow","max-snippet":"max-snippet:-1","max-image-preview":"max-image-preview:large","max-video-preview":"max-video-preview:-1"},"canonical":"https:\/\/unaymilletras.com\/en\/moni-motes-y-depol-le-cantan-a-la-calma-de-la-superacion-en-me-va-bien-de-momento\/","og_locale":"en_GB","og_type":"article","og_title":"Moni Motes y Depol le cantan a la calma de la superaci\u00f3n en \"Me va bien de momento\" &#8902; Una y Mil Letras","og_description":"Moni Motes contin\u00faa su debut con Auroras y presenta Me Va Bien De Momento, su segundo single junto a DePol.","og_url":"https:\/\/unaymilletras.com\/en\/moni-motes-y-depol-le-cantan-a-la-calma-de-la-superacion-en-me-va-bien-de-momento\/","og_site_name":"Una y Mil Letras","article_published_time":"2026-01-18T23:05:33+00:00","og_image":[{"width":2480,"height":890,"url":"http:\/\/unaymilletras.com\/wp-content\/uploads\/2026\/01\/unnamed-44-1.jpg","type":"image\/jpeg"}],"author":"Luc\u00eda Fandi\u00f1o","twitter_card":"summary_large_image","twitter_creator":"@UnaYMilLetras","twitter_site":"@UnaYMilLetras","twitter_misc":{"Written by":"Luc\u00eda Fandi\u00f1o","Estimated reading time":"2 minutes"},"schema":{"@context":"https:\/\/schema.org","@graph":[{"@type":"Article","@id":"https:\/\/unaymilletras.com\/moni-motes-y-depol-le-cantan-a-la-calma-de-la-superacion-en-me-va-bien-de-momento\/#article","isPartOf":{"@id":"https:\/\/unaymilletras.com\/moni-motes-y-depol-le-cantan-a-la-calma-de-la-superacion-en-me-va-bien-de-momento\/"},"author":{"name":"Luc\u00eda Fandi\u00f1o","@id":"http:\/\/unaymilletras.com\/#\/schema\/person\/047a24f09ead3f0ba2387e5df86d9336"},"headline":"Moni Motes y Depol le cantan a la calma de la superaci\u00f3n en \u00abMe va bien de momento\u00bb","datePublished":"2026-01-18T23:05:33+00:00","mainEntityOfPage":{"@id":"https:\/\/unaymilletras.com\/moni-motes-y-depol-le-cantan-a-la-calma-de-la-superacion-en-me-va-bien-de-momento\/"},"wordCount":381,"publisher":{"@id":"http:\/\/unaymilletras.com\/#organization"},"image":{"@id":"https:\/\/unaymilletras.com\/moni-motes-y-depol-le-cantan-a-la-calma-de-la-superacion-en-me-va-bien-de-momento\/#primaryimage"},"thumbnailUrl":"https:\/\/unaymilletras.com\/wp-content\/uploads\/2026\/01\/unnamed-44-1-e1770061524886.jpg","articleSection":["Uncategorized"],"inLanguage":"en-GB"},{"@type":"WebPage","@id":"https:\/\/unaymilletras.com\/moni-motes-y-depol-le-cantan-a-la-calma-de-la-superacion-en-me-va-bien-de-momento\/","url":"https:\/\/unaymilletras.com\/moni-motes-y-depol-le-cantan-a-la-calma-de-la-superacion-en-me-va-bien-de-momento\/","name":"Moni Motes y Depol le cantan a la calma de la superaci\u00f3n en \"Me va bien de momento\" &#8902; Una y Mil Letras","isPartOf":{"@id":"http:\/\/unaymilletras.com\/#website"},"primaryImageOfPage":{"@id":"https:\/\/unaymilletras.com\/moni-motes-y-depol-le-cantan-a-la-calma-de-la-superacion-en-me-va-bien-de-momento\/#primaryimage"},"image":{"@id":"https:\/\/unaymilletras.com\/moni-motes-y-depol-le-cantan-a-la-calma-de-la-superacion-en-me-va-bien-de-momento\/#primaryimage"},"thumbnailUrl":"https:\/\/unaymilletras.com\/wp-content\/uploads\/2026\/01\/unnamed-44-1-e1770061524886.jpg","datePublished":"2026-01-18T23:05:33+00:00","description":"Moni Motes contin\u00faa su debut con Auroras y presenta Me Va Bien De Momento, su segundo single junto a DePol.","breadcrumb":{"@id":"https:\/\/unaymilletras.com\/moni-motes-y-depol-le-cantan-a-la-calma-de-la-superacion-en-me-va-bien-de-momento\/#breadcrumb"},"inLanguage":"en-GB","potentialAction":[{"@type":"ReadAction","target":["https:\/\/unaymilletras.com\/moni-motes-y-depol-le-cantan-a-la-calma-de-la-superacion-en-me-va-bien-de-momento\/"]}]},{"@type":"ImageObject","inLanguage":"en-GB","@id":"https:\/\/unaymilletras.com\/moni-motes-y-depol-le-cantan-a-la-calma-de-la-superacion-en-me-va-bien-de-momento\/#primaryimage","url":"https:\/\/unaymilletras.com\/wp-content\/uploads\/2026\/01\/unnamed-44-1-e1770061524886.jpg","contentUrl":"https:\/\/unaymilletras.com\/wp-content\/uploads\/2026\/01\/unnamed-44-1-e1770061524886.jpg","width":600,"height":215},{"@type":"BreadcrumbList","@id":"https:\/\/unaymilletras.com\/moni-motes-y-depol-le-cantan-a-la-calma-de-la-superacion-en-me-va-bien-de-momento\/#breadcrumb","itemListElement":[{"@type":"ListItem","position":1,"name":"Home","item":"http:\/\/unaymilletras.com\/"},{"@type":"ListItem","position":2,"name":"Moni Motes y Depol le cantan a la calma de la superaci\u00f3n en \u00abMe va bien de momento\u00bb"}]},{"@type":"WebSite","@id":"http:\/\/unaymilletras.com\/#website","url":"http:\/\/unaymilletras.com\/","name":"Una y Mil Letras","description":"","publisher":{"@id":"http:\/\/unaymilletras.com\/#organization"},"potentialAction":[{"@type":"SearchAction","target":{"@type":"EntryPoint","urlTemplate":"http:\/\/unaymilletras.com\/?s={search_term_string}"},"query-input":{"@type":"PropertyValueSpecification","valueRequired":true,"valueName":"search_term_string"}}],"inLanguage":"en-GB"},{"@type":"Organization","@id":"http:\/\/unaymilletras.com\/#organization","name":"Una y Mil Letras","url":"http:\/\/unaymilletras.com\/","logo":{"@type":"ImageObject","inLanguage":"en-GB","@id":"http:\/\/unaymilletras.com\/#\/schema\/logo\/image\/","url":"https:\/\/unaymilletras.com\/wp-content\/uploads\/2024\/06\/cropped-Logo-removebg-preview.png","contentUrl":"https:\/\/unaymilletras.com\/wp-content\/uploads\/2024\/06\/cropped-Logo-removebg-preview.png","width":512,"height":512,"caption":"Una y Mil Letras"},"image":{"@id":"http:\/\/unaymilletras.com\/#\/schema\/logo\/image\/"},"sameAs":["https:\/\/x.com\/UnaYMilLetras","https:\/\/instagram.com\/UnaYMilLetras"]},{"@type":"Person","@id":"http:\/\/unaymilletras.com\/#\/schema\/person\/047a24f09ead3f0ba2387e5df86d9336","name":"Luc\u00eda Fandi\u00f1o","image":{"@type":"ImageObject","inLanguage":"en-GB","@id":"https:\/\/secure.gravatar.com\/avatar\/d22d9eea03f89c5d17f4b05c3efeb11bad23ff32b99e63bbf54232bc1b6a06b2?s=96&d=mm&r=g","url":"https:\/\/secure.gravatar.com\/avatar\/d22d9eea03f89c5d17f4b05c3efeb11bad23ff32b99e63bbf54232bc1b6a06b2?s=96&d=mm&r=g","contentUrl":"https:\/\/secure.gravatar.com\/avatar\/d22d9eea03f89c5d17f4b05c3efeb11bad23ff32b99e63bbf54232bc1b6a06b2?s=96&d=mm&r=g","caption":"Luc\u00eda Fandi\u00f1o"},"sameAs":["www.instagram.com\/luciaafandino"],"url":"https:\/\/unaymilletras.com\/en\/author\/luciaafandino\/"}]}},"_links":{"self":[{"href":"https:\/\/unaymilletras.com\/en\/wp-json\/wp\/v2\/posts\/7059","targetHints":{"allow":["GET"]}}],"collection":[{"href":"https:\/\/unaymilletras.com\/en\/wp-json\/wp\/v2\/posts"}],"about":[{"href":"https:\/\/unaymilletras.com\/en\/wp-json\/wp\/v2\/types\/post"}],"author":[{"embeddable":true,"href":"https:\/\/unaymilletras.com\/en\/wp-json\/wp\/v2\/users\/5"}],"replies":[{"embeddable":true,"href":"https:\/\/unaymilletras.com\/en\/wp-json\/wp\/v2\/comments?post=7059"}],"version-history":[{"count":3,"href":"https:\/\/unaymilletras.com\/en\/wp-json\/wp\/v2\/posts\/7059\/revisions"}],"predecessor-version":[{"id":7063,"href":"https:\/\/unaymilletras.com\/en\/wp-json\/wp\/v2\/posts\/7059\/revisions\/7063"}],"wp:featuredmedia":[{"embeddable":true,"href":"https:\/\/unaymilletras.com\/en\/wp-json\/wp\/v2\/media\/7065"}],"wp:attachment":[{"href":"https:\/\/unaymilletras.com\/en\/wp-json\/wp\/v2\/media?parent=7059"}],"wp:term":[{"taxonomy":"category","embeddable":true,"href":"https:\/\/unaymilletras.com\/en\/wp-json\/wp\/v2\/categories?post=7059"},{"taxonomy":"post_tag","embeddable":true,"href":"https:\/\/unaymilletras.com\/en\/wp-json\/wp\/v2\/tags?post=7059"}],"curies":[{"name":"wp","href":"https:\/\/api.w.org\/{rel}","templated":true}]}}