{"id":7060,"date":"2026-01-20T20:28:02","date_gmt":"2026-01-20T19:28:02","guid":{"rendered":"https:\/\/unaymilletras.com\/?p=7060"},"modified":"2026-01-20T20:43:18","modified_gmt":"2026-01-20T19:43:18","slug":"fantomel-y-kate-linn-regresan-con-elastico-una-colaboracion-de-alto-voltaje","status":"publish","type":"post","link":"https:\/\/unaymilletras.com\/en\/fantomel-y-kate-linn-regresan-con-elastico-una-colaboracion-de-alto-voltaje\/","title":{"rendered":"Fantomel y Kate Linn regresan con \u201cEl\u00e1stico\u201d, una colaboraci\u00f3n de alto voltaje"},"content":{"rendered":"<div data-elementor-type=\"wp-post\" data-elementor-id=\"7060\" class=\"elementor elementor-7060\">\n\t\t\t\t\t\t<section class=\"elementor-section elementor-top-section elementor-element elementor-element-5a97661 elementor-section-boxed elementor-section-height-default elementor-section-height-default\" data-id=\"5a97661\" data-element_type=\"section\" data-e-type=\"section\">\n\t\t\t\t\t\t<div class=\"elementor-container elementor-column-gap-default\">\n\t\t\t\t\t<div class=\"elementor-column elementor-col-100 elementor-top-column elementor-element elementor-element-bc43c20\" data-id=\"bc43c20\" data-element_type=\"column\" data-e-type=\"column\">\n\t\t\t<div class=\"elementor-widget-wrap elementor-element-populated\">\n\t\t\t\t\t\t<div class=\"elementor-element elementor-element-ead3a83 elementor-widget elementor-widget-text-editor\" data-id=\"ead3a83\" data-element_type=\"widget\" data-e-type=\"widget\" data-widget_type=\"text-editor.default\">\n\t\t\t\t<div class=\"elementor-widget-container\">\n\t\t\t\t\t\t\t\t\t<h2 style=\"text-align: center;\"><span style=\"color: #808080;\"><em>Fantomel y Kate Linn: d<\/em><\/span><span style=\"color: #808080;\"><em>e \u201cDame Un Grrr\u201d al siguiente paso internacional junto a Willy William, Ben Cristovao y Jombriel<\/em><\/span><\/h2>\t\t\t\t\t\t\t\t<\/div>\n\t\t\t\t<\/div>\n\t\t\t\t\t<\/div>\n\t\t<\/div>\n\t\t\t\t\t<\/div>\n\t\t<\/section>\n\t\t\t\t<section class=\"elementor-section elementor-top-section elementor-element elementor-element-7f34ce9 elementor-section-boxed elementor-section-height-default elementor-section-height-default\" data-id=\"7f34ce9\" data-element_type=\"section\" data-e-type=\"section\">\n\t\t\t\t\t\t<div class=\"elementor-container elementor-column-gap-default\">\n\t\t\t\t\t<div class=\"elementor-column elementor-col-100 elementor-top-column elementor-element elementor-element-5449daf\" data-id=\"5449daf\" data-element_type=\"column\" data-e-type=\"column\">\n\t\t\t<div class=\"elementor-widget-wrap elementor-element-populated\">\n\t\t\t\t\t\t<div class=\"elementor-element elementor-element-cc3203d elementor-widget elementor-widget-text-editor\" data-id=\"cc3203d\" data-element_type=\"widget\" data-e-type=\"widget\" data-widget_type=\"text-editor.default\">\n\t\t\t\t<div class=\"elementor-widget-container\">\n\t\t\t\t\t\t\t\t\t<p data-start=\"350\" data-end=\"610\">Tras liderar el ranking global de TikTok y alcanzar el Top 3 de Shazam a nivel mundial con <em data-start=\"441\" data-end=\"455\">Dame Un Grrr<\/em>, Fantomel y Kate Linn vuelven a la carga con <em data-start=\"501\" data-end=\"511\">El\u00e1stico<\/em>, un nuevo lanzamiento concebido para conectar escenas, culturas y p\u00fablicos a escala internacional.<\/p><p data-start=\"612\" data-end=\"1004\">Lejos de ser una colaboraci\u00f3n puntual, <em data-start=\"651\" data-end=\"661\">El\u00e1stico<\/em> funciona como un punto de encuentro entre distintos universos musicales. Al proyecto se suman Willy William, uno de los grandes nombres de los \u00e9xitos globales de la \u00faltima d\u00e9cada; Ben Cristovao, figura clave de la escena de Europa Central; y Jombriel, representante de la nueva generaci\u00f3n latina que pisa fuerte en el streaming internacional.<\/p><p data-start=\"1006\" data-end=\"1391\">El resultado es un tema de alta energ\u00eda que combina latin pop, producci\u00f3n electr\u00f3nica y una estructura pensada tanto para la pista de baile como para el ecosistema digital. Fantomel y Kate Linn refuerzan aqu\u00ed el componente viral que ya los ha situado como habituales de los charts sociales, mientras que cada artista aporta una identidad reconocible que ampl\u00eda el alcance del proyecto.<\/p>\t\t\t\t\t\t\t\t<\/div>\n\t\t\t\t<\/div>\n\t\t\t\t\t<\/div>\n\t\t<\/div>\n\t\t\t\t\t<\/div>\n\t\t<\/section>\n\t\t\t\t<section class=\"elementor-section elementor-top-section elementor-element elementor-element-b721af7 elementor-section-boxed elementor-section-height-default elementor-section-height-default\" data-id=\"b721af7\" data-element_type=\"section\" data-e-type=\"section\">\n\t\t\t\t\t\t<div class=\"elementor-container elementor-column-gap-default\">\n\t\t\t\t\t<div class=\"elementor-column elementor-col-100 elementor-top-column elementor-element elementor-element-f62e283\" data-id=\"f62e283\" data-element_type=\"column\" data-e-type=\"column\">\n\t\t\t<div class=\"elementor-widget-wrap elementor-element-populated\">\n\t\t\t\t\t\t<div class=\"elementor-element elementor-element-8829b5c elementor-widget elementor-widget-image\" data-id=\"8829b5c\" data-element_type=\"widget\" data-e-type=\"widget\" data-widget_type=\"image.default\">\n\t\t\t\t<div class=\"elementor-widget-container\">\n\t\t\t\t\t\t\t\t\t\t\t\t\t\t\t<img fetchpriority=\"high\" decoding=\"async\" width=\"640\" height=\"640\" src=\"https:\/\/unaymilletras.com\/wp-content\/uploads\/2026\/01\/composite_photo2-1024x1024.jpg\" class=\"attachment-large size-large wp-image-7067\" alt=\"Fantomel y Kate Linn\" srcset=\"https:\/\/unaymilletras.com\/wp-content\/uploads\/2026\/01\/composite_photo2-1024x1024.jpg 1024w, https:\/\/unaymilletras.com\/wp-content\/uploads\/2026\/01\/composite_photo2-300x300.jpg 300w, https:\/\/unaymilletras.com\/wp-content\/uploads\/2026\/01\/composite_photo2-150x150.jpg 150w, https:\/\/unaymilletras.com\/wp-content\/uploads\/2026\/01\/composite_photo2-768x768.jpg 768w, https:\/\/unaymilletras.com\/wp-content\/uploads\/2026\/01\/composite_photo2-1536x1536.jpg 1536w, https:\/\/unaymilletras.com\/wp-content\/uploads\/2026\/01\/composite_photo2-2048x2048.jpg 2048w, https:\/\/unaymilletras.com\/wp-content\/uploads\/2026\/01\/composite_photo2-12x12.jpg 12w, https:\/\/unaymilletras.com\/wp-content\/uploads\/2026\/01\/composite_photo2-scaled-e1768938117106.jpg 600w\" sizes=\"(max-width: 640px) 100vw, 640px\" \/>\t\t\t\t\t\t\t\t\t\t\t\t\t\t\t<\/div>\n\t\t\t\t<\/div>\n\t\t\t\t\t<\/div>\n\t\t<\/div>\n\t\t\t\t\t<\/div>\n\t\t<\/section>\n\t\t\t\t<section class=\"elementor-section elementor-top-section elementor-element elementor-element-61ac054 elementor-section-boxed elementor-section-height-default elementor-section-height-default\" data-id=\"61ac054\" data-element_type=\"section\" data-e-type=\"section\">\n\t\t\t\t\t\t<div class=\"elementor-container elementor-column-gap-default\">\n\t\t\t\t\t<div class=\"elementor-column elementor-col-100 elementor-top-column elementor-element elementor-element-e46b628\" data-id=\"e46b628\" data-element_type=\"column\" data-e-type=\"column\">\n\t\t\t<div class=\"elementor-widget-wrap elementor-element-populated\">\n\t\t\t\t\t\t<div class=\"elementor-element elementor-element-6161b20 elementor-widget elementor-widget-text-editor\" data-id=\"6161b20\" data-element_type=\"widget\" data-e-type=\"widget\" data-widget_type=\"text-editor.default\">\n\t\t\t\t<div class=\"elementor-widget-container\">\n\t\t\t\t\t\t\t\t\t<p data-start=\"1393\" data-end=\"1731\">La dimensi\u00f3n visual juega un papel esencial en este lanzamiento. El videoclip de <em data-start=\"1474\" data-end=\"1484\">El\u00e1stico<\/em>, rodado en Tenerife a principios de 2026, apuesta por una est\u00e9tica futurista en la que conviven moda urbana, coreograf\u00edas marcadas y una narrativa dise\u00f1ada para el consumo r\u00e1pido y compartible, alineada con los c\u00f3digos actuales de TikTok y Reels.<\/p><p data-start=\"1733\" data-end=\"1986\">El estreno llega acompa\u00f1ado de una estrategia centrada en redes sociales, con challenges de contenido generado por usuarios, activaciones con creadores y eventos de presentaci\u00f3n tematizados, reforzando desde el primer momento la vocaci\u00f3n viral del tema.<\/p><p data-start=\"1988\" data-end=\"2322\" data-is-last-node=\"\" data-is-only-node=\"\">Compuesta de forma conjunta por los propios artistas y sus equipos, <em data-start=\"2056\" data-end=\"2066\">El\u00e1stico<\/em> se presenta como una canci\u00f3n claramente orientada al mercado internacional, con potencial para encajar en playlists editoriales de Latin Pop, Dance y Electronic, y para consolidar a Fantomel y Kate Linn como nombres recurrentes dentro del circuito global.<\/p>\t\t\t\t\t\t\t\t<\/div>\n\t\t\t\t<\/div>\n\t\t\t\t\t<\/div>\n\t\t<\/div>\n\t\t\t\t\t<\/div>\n\t\t<\/section>\n\t\t\t\t<\/div>","protected":false},"excerpt":{"rendered":"<p>Fantomel y Kate Linn: de \u201cDame Un Grrr\u201d al siguiente paso internacional junto a Willy William, Ben Cristovao y Jombriel Tras liderar el ranking global de TikTok y alcanzar el Top 3 de Shazam a nivel mundial con Dame Un Grrr, Fantomel y Kate Linn vuelven a la carga con El\u00e1stico, un nuevo lanzamiento concebido [&hellip;]<\/p>\n","protected":false},"author":6,"featured_media":7067,"comment_status":"closed","ping_status":"closed","sticky":false,"template":"","format":"standard","meta":{"footnotes":""},"categories":[4],"tags":[],"class_list":["post-7060","post","type-post","status-publish","format-standard","has-post-thumbnail","hentry","category-musica"],"yoast_head":"<!-- This site is optimized with the Yoast SEO plugin v27.4 - https:\/\/yoast.com\/product\/yoast-seo-wordpress\/ -->\n<title>Fantomel y Kate Linn regresan con \u201cEl\u00e1stico\u201d, una colaboraci\u00f3n de alto voltaje &#8902; Una y Mil Letras<\/title>\n<meta name=\"robots\" content=\"index, follow, max-snippet:-1, max-image-preview:large, max-video-preview:-1\" \/>\n<link rel=\"canonical\" href=\"https:\/\/unaymilletras.com\/en\/fantomel-y-kate-linn-regresan-con-elastico-una-colaboracion-de-alto-voltaje\/\" \/>\n<meta property=\"og:locale\" content=\"en_GB\" \/>\n<meta property=\"og:type\" content=\"article\" \/>\n<meta property=\"og:title\" content=\"Fantomel y Kate Linn regresan con \u201cEl\u00e1stico\u201d, una colaboraci\u00f3n de alto voltaje &#8902; Una y Mil Letras\" \/>\n<meta property=\"og:description\" content=\"Fantomel y Kate Linn: de \u201cDame Un Grrr\u201d al siguiente paso internacional junto a Willy William, Ben Cristovao y Jombriel Tras liderar el ranking global de TikTok y alcanzar el Top 3 de Shazam a nivel mundial con Dame Un Grrr, Fantomel y Kate Linn vuelven a la carga con El\u00e1stico, un nuevo lanzamiento concebido [&hellip;]\" \/>\n<meta property=\"og:url\" content=\"https:\/\/unaymilletras.com\/en\/fantomel-y-kate-linn-regresan-con-elastico-una-colaboracion-de-alto-voltaje\/\" \/>\n<meta property=\"og:site_name\" content=\"Una y Mil Letras\" \/>\n<meta property=\"article:published_time\" content=\"2026-01-20T19:28:02+00:00\" \/>\n<meta property=\"article:modified_time\" content=\"2026-01-20T19:43:18+00:00\" \/>\n<meta property=\"og:image\" content=\"http:\/\/unaymilletras.com\/wp-content\/uploads\/2026\/01\/composite_photo2-scaled-e1768938117106.jpg\" \/>\n\t<meta property=\"og:image:width\" content=\"600\" \/>\n\t<meta property=\"og:image:height\" content=\"600\" \/>\n\t<meta property=\"og:image:type\" content=\"image\/jpeg\" \/>\n<meta name=\"author\" content=\"Redacci\u00f3n\" \/>\n<meta name=\"twitter:card\" content=\"summary_large_image\" \/>\n<meta name=\"twitter:creator\" content=\"@UnaYMilLetras\" \/>\n<meta name=\"twitter:site\" content=\"@UnaYMilLetras\" \/>\n<meta name=\"twitter:label1\" content=\"Written by\" \/>\n\t<meta name=\"twitter:data1\" content=\"Redacci\u00f3n\" \/>\n\t<meta name=\"twitter:label2\" content=\"Estimated reading time\" \/>\n\t<meta name=\"twitter:data2\" content=\"2 minutes\" \/>\n<script type=\"application\/ld+json\" class=\"yoast-schema-graph\">{\"@context\":\"https:\\\/\\\/schema.org\",\"@graph\":[{\"@type\":\"Article\",\"@id\":\"https:\\\/\\\/unaymilletras.com\\\/fantomel-y-kate-linn-regresan-con-elastico-una-colaboracion-de-alto-voltaje\\\/#article\",\"isPartOf\":{\"@id\":\"https:\\\/\\\/unaymilletras.com\\\/fantomel-y-kate-linn-regresan-con-elastico-una-colaboracion-de-alto-voltaje\\\/\"},\"author\":{\"name\":\"Redacci\u00f3n\",\"@id\":\"http:\\\/\\\/unaymilletras.com\\\/#\\\/schema\\\/person\\\/0860dc8a218329991ee2c7591f4f849d\"},\"headline\":\"Fantomel y Kate Linn regresan con \u201cEl\u00e1stico\u201d, una colaboraci\u00f3n de alto voltaje\",\"datePublished\":\"2026-01-20T19:28:02+00:00\",\"dateModified\":\"2026-01-20T19:43:18+00:00\",\"mainEntityOfPage\":{\"@id\":\"https:\\\/\\\/unaymilletras.com\\\/fantomel-y-kate-linn-regresan-con-elastico-una-colaboracion-de-alto-voltaje\\\/\"},\"wordCount\":362,\"publisher\":{\"@id\":\"http:\\\/\\\/unaymilletras.com\\\/#organization\"},\"image\":{\"@id\":\"https:\\\/\\\/unaymilletras.com\\\/fantomel-y-kate-linn-regresan-con-elastico-una-colaboracion-de-alto-voltaje\\\/#primaryimage\"},\"thumbnailUrl\":\"https:\\\/\\\/unaymilletras.com\\\/wp-content\\\/uploads\\\/2026\\\/01\\\/composite_photo2-scaled-e1768938117106.jpg\",\"articleSection\":[\"M\u00fasica\"],\"inLanguage\":\"en-GB\"},{\"@type\":\"WebPage\",\"@id\":\"https:\\\/\\\/unaymilletras.com\\\/fantomel-y-kate-linn-regresan-con-elastico-una-colaboracion-de-alto-voltaje\\\/\",\"url\":\"https:\\\/\\\/unaymilletras.com\\\/fantomel-y-kate-linn-regresan-con-elastico-una-colaboracion-de-alto-voltaje\\\/\",\"name\":\"Fantomel y Kate Linn regresan con \u201cEl\u00e1stico\u201d, una colaboraci\u00f3n de alto voltaje &#8902; Una y Mil Letras\",\"isPartOf\":{\"@id\":\"http:\\\/\\\/unaymilletras.com\\\/#website\"},\"primaryImageOfPage\":{\"@id\":\"https:\\\/\\\/unaymilletras.com\\\/fantomel-y-kate-linn-regresan-con-elastico-una-colaboracion-de-alto-voltaje\\\/#primaryimage\"},\"image\":{\"@id\":\"https:\\\/\\\/unaymilletras.com\\\/fantomel-y-kate-linn-regresan-con-elastico-una-colaboracion-de-alto-voltaje\\\/#primaryimage\"},\"thumbnailUrl\":\"https:\\\/\\\/unaymilletras.com\\\/wp-content\\\/uploads\\\/2026\\\/01\\\/composite_photo2-scaled-e1768938117106.jpg\",\"datePublished\":\"2026-01-20T19:28:02+00:00\",\"dateModified\":\"2026-01-20T19:43:18+00:00\",\"breadcrumb\":{\"@id\":\"https:\\\/\\\/unaymilletras.com\\\/fantomel-y-kate-linn-regresan-con-elastico-una-colaboracion-de-alto-voltaje\\\/#breadcrumb\"},\"inLanguage\":\"en-GB\",\"potentialAction\":[{\"@type\":\"ReadAction\",\"target\":[\"https:\\\/\\\/unaymilletras.com\\\/fantomel-y-kate-linn-regresan-con-elastico-una-colaboracion-de-alto-voltaje\\\/\"]}]},{\"@type\":\"ImageObject\",\"inLanguage\":\"en-GB\",\"@id\":\"https:\\\/\\\/unaymilletras.com\\\/fantomel-y-kate-linn-regresan-con-elastico-una-colaboracion-de-alto-voltaje\\\/#primaryimage\",\"url\":\"https:\\\/\\\/unaymilletras.com\\\/wp-content\\\/uploads\\\/2026\\\/01\\\/composite_photo2-scaled-e1768938117106.jpg\",\"contentUrl\":\"https:\\\/\\\/unaymilletras.com\\\/wp-content\\\/uploads\\\/2026\\\/01\\\/composite_photo2-scaled-e1768938117106.jpg\",\"width\":600,\"height\":600,\"caption\":\"Fantomel y Kate Linn\"},{\"@type\":\"BreadcrumbList\",\"@id\":\"https:\\\/\\\/unaymilletras.com\\\/fantomel-y-kate-linn-regresan-con-elastico-una-colaboracion-de-alto-voltaje\\\/#breadcrumb\",\"itemListElement\":[{\"@type\":\"ListItem\",\"position\":1,\"name\":\"Home\",\"item\":\"http:\\\/\\\/unaymilletras.com\\\/\"},{\"@type\":\"ListItem\",\"position\":2,\"name\":\"Fantomel y Kate Linn regresan con \u201cEl\u00e1stico\u201d, una colaboraci\u00f3n de alto voltaje\"}]},{\"@type\":\"WebSite\",\"@id\":\"http:\\\/\\\/unaymilletras.com\\\/#website\",\"url\":\"http:\\\/\\\/unaymilletras.com\\\/\",\"name\":\"Una y Mil Letras\",\"description\":\"\",\"publisher\":{\"@id\":\"http:\\\/\\\/unaymilletras.com\\\/#organization\"},\"potentialAction\":[{\"@type\":\"SearchAction\",\"target\":{\"@type\":\"EntryPoint\",\"urlTemplate\":\"http:\\\/\\\/unaymilletras.com\\\/?s={search_term_string}\"},\"query-input\":{\"@type\":\"PropertyValueSpecification\",\"valueRequired\":true,\"valueName\":\"search_term_string\"}}],\"inLanguage\":\"en-GB\"},{\"@type\":\"Organization\",\"@id\":\"http:\\\/\\\/unaymilletras.com\\\/#organization\",\"name\":\"Una y Mil Letras\",\"url\":\"http:\\\/\\\/unaymilletras.com\\\/\",\"logo\":{\"@type\":\"ImageObject\",\"inLanguage\":\"en-GB\",\"@id\":\"http:\\\/\\\/unaymilletras.com\\\/#\\\/schema\\\/logo\\\/image\\\/\",\"url\":\"https:\\\/\\\/unaymilletras.com\\\/wp-content\\\/uploads\\\/2024\\\/06\\\/cropped-Logo-removebg-preview.png\",\"contentUrl\":\"https:\\\/\\\/unaymilletras.com\\\/wp-content\\\/uploads\\\/2024\\\/06\\\/cropped-Logo-removebg-preview.png\",\"width\":512,\"height\":512,\"caption\":\"Una y Mil Letras\"},\"image\":{\"@id\":\"http:\\\/\\\/unaymilletras.com\\\/#\\\/schema\\\/logo\\\/image\\\/\"},\"sameAs\":[\"https:\\\/\\\/x.com\\\/UnaYMilLetras\",\"https:\\\/\\\/instagram.com\\\/UnaYMilLetras\"]},{\"@type\":\"Person\",\"@id\":\"http:\\\/\\\/unaymilletras.com\\\/#\\\/schema\\\/person\\\/0860dc8a218329991ee2c7591f4f849d\",\"name\":\"Redacci\u00f3n\",\"image\":{\"@type\":\"ImageObject\",\"inLanguage\":\"en-GB\",\"@id\":\"https:\\\/\\\/secure.gravatar.com\\\/avatar\\\/d8f55e05a8b6597e45c55a1dcbdbfe44f4a360d88b48e00de5216a79b7732796?s=96&d=mm&r=g\",\"url\":\"https:\\\/\\\/secure.gravatar.com\\\/avatar\\\/d8f55e05a8b6597e45c55a1dcbdbfe44f4a360d88b48e00de5216a79b7732796?s=96&d=mm&r=g\",\"contentUrl\":\"https:\\\/\\\/secure.gravatar.com\\\/avatar\\\/d8f55e05a8b6597e45c55a1dcbdbfe44f4a360d88b48e00de5216a79b7732796?s=96&d=mm&r=g\",\"caption\":\"Redacci\u00f3n\"},\"url\":\"https:\\\/\\\/unaymilletras.com\\\/en\\\/author\\\/redaccion\\\/\"}]}<\/script>\n<!-- \/ Yoast SEO plugin. -->","yoast_head_json":{"title":"Fantomel y Kate Linn regresan con \u201cEl\u00e1stico\u201d, una colaboraci\u00f3n de alto voltaje &#8902; Una y Mil Letras","robots":{"index":"index","follow":"follow","max-snippet":"max-snippet:-1","max-image-preview":"max-image-preview:large","max-video-preview":"max-video-preview:-1"},"canonical":"https:\/\/unaymilletras.com\/en\/fantomel-y-kate-linn-regresan-con-elastico-una-colaboracion-de-alto-voltaje\/","og_locale":"en_GB","og_type":"article","og_title":"Fantomel y Kate Linn regresan con \u201cEl\u00e1stico\u201d, una colaboraci\u00f3n de alto voltaje &#8902; Una y Mil Letras","og_description":"Fantomel y Kate Linn: de \u201cDame Un Grrr\u201d al siguiente paso internacional junto a Willy William, Ben Cristovao y Jombriel Tras liderar el ranking global de TikTok y alcanzar el Top 3 de Shazam a nivel mundial con Dame Un Grrr, Fantomel y Kate Linn vuelven a la carga con El\u00e1stico, un nuevo lanzamiento concebido [&hellip;]","og_url":"https:\/\/unaymilletras.com\/en\/fantomel-y-kate-linn-regresan-con-elastico-una-colaboracion-de-alto-voltaje\/","og_site_name":"Una y Mil Letras","article_published_time":"2026-01-20T19:28:02+00:00","article_modified_time":"2026-01-20T19:43:18+00:00","og_image":[{"width":600,"height":600,"url":"http:\/\/unaymilletras.com\/wp-content\/uploads\/2026\/01\/composite_photo2-scaled-e1768938117106.jpg","type":"image\/jpeg"}],"author":"Redacci\u00f3n","twitter_card":"summary_large_image","twitter_creator":"@UnaYMilLetras","twitter_site":"@UnaYMilLetras","twitter_misc":{"Written by":"Redacci\u00f3n","Estimated reading time":"2 minutes"},"schema":{"@context":"https:\/\/schema.org","@graph":[{"@type":"Article","@id":"https:\/\/unaymilletras.com\/fantomel-y-kate-linn-regresan-con-elastico-una-colaboracion-de-alto-voltaje\/#article","isPartOf":{"@id":"https:\/\/unaymilletras.com\/fantomel-y-kate-linn-regresan-con-elastico-una-colaboracion-de-alto-voltaje\/"},"author":{"name":"Redacci\u00f3n","@id":"http:\/\/unaymilletras.com\/#\/schema\/person\/0860dc8a218329991ee2c7591f4f849d"},"headline":"Fantomel y Kate Linn regresan con \u201cEl\u00e1stico\u201d, una colaboraci\u00f3n de alto voltaje","datePublished":"2026-01-20T19:28:02+00:00","dateModified":"2026-01-20T19:43:18+00:00","mainEntityOfPage":{"@id":"https:\/\/unaymilletras.com\/fantomel-y-kate-linn-regresan-con-elastico-una-colaboracion-de-alto-voltaje\/"},"wordCount":362,"publisher":{"@id":"http:\/\/unaymilletras.com\/#organization"},"image":{"@id":"https:\/\/unaymilletras.com\/fantomel-y-kate-linn-regresan-con-elastico-una-colaboracion-de-alto-voltaje\/#primaryimage"},"thumbnailUrl":"https:\/\/unaymilletras.com\/wp-content\/uploads\/2026\/01\/composite_photo2-scaled-e1768938117106.jpg","articleSection":["M\u00fasica"],"inLanguage":"en-GB"},{"@type":"WebPage","@id":"https:\/\/unaymilletras.com\/fantomel-y-kate-linn-regresan-con-elastico-una-colaboracion-de-alto-voltaje\/","url":"https:\/\/unaymilletras.com\/fantomel-y-kate-linn-regresan-con-elastico-una-colaboracion-de-alto-voltaje\/","name":"Fantomel y Kate Linn regresan con \u201cEl\u00e1stico\u201d, una colaboraci\u00f3n de alto voltaje &#8902; Una y Mil Letras","isPartOf":{"@id":"http:\/\/unaymilletras.com\/#website"},"primaryImageOfPage":{"@id":"https:\/\/unaymilletras.com\/fantomel-y-kate-linn-regresan-con-elastico-una-colaboracion-de-alto-voltaje\/#primaryimage"},"image":{"@id":"https:\/\/unaymilletras.com\/fantomel-y-kate-linn-regresan-con-elastico-una-colaboracion-de-alto-voltaje\/#primaryimage"},"thumbnailUrl":"https:\/\/unaymilletras.com\/wp-content\/uploads\/2026\/01\/composite_photo2-scaled-e1768938117106.jpg","datePublished":"2026-01-20T19:28:02+00:00","dateModified":"2026-01-20T19:43:18+00:00","breadcrumb":{"@id":"https:\/\/unaymilletras.com\/fantomel-y-kate-linn-regresan-con-elastico-una-colaboracion-de-alto-voltaje\/#breadcrumb"},"inLanguage":"en-GB","potentialAction":[{"@type":"ReadAction","target":["https:\/\/unaymilletras.com\/fantomel-y-kate-linn-regresan-con-elastico-una-colaboracion-de-alto-voltaje\/"]}]},{"@type":"ImageObject","inLanguage":"en-GB","@id":"https:\/\/unaymilletras.com\/fantomel-y-kate-linn-regresan-con-elastico-una-colaboracion-de-alto-voltaje\/#primaryimage","url":"https:\/\/unaymilletras.com\/wp-content\/uploads\/2026\/01\/composite_photo2-scaled-e1768938117106.jpg","contentUrl":"https:\/\/unaymilletras.com\/wp-content\/uploads\/2026\/01\/composite_photo2-scaled-e1768938117106.jpg","width":600,"height":600,"caption":"Fantomel y Kate Linn"},{"@type":"BreadcrumbList","@id":"https:\/\/unaymilletras.com\/fantomel-y-kate-linn-regresan-con-elastico-una-colaboracion-de-alto-voltaje\/#breadcrumb","itemListElement":[{"@type":"ListItem","position":1,"name":"Home","item":"http:\/\/unaymilletras.com\/"},{"@type":"ListItem","position":2,"name":"Fantomel y Kate Linn regresan con \u201cEl\u00e1stico\u201d, una colaboraci\u00f3n de alto voltaje"}]},{"@type":"WebSite","@id":"http:\/\/unaymilletras.com\/#website","url":"http:\/\/unaymilletras.com\/","name":"Una y Mil Letras","description":"","publisher":{"@id":"http:\/\/unaymilletras.com\/#organization"},"potentialAction":[{"@type":"SearchAction","target":{"@type":"EntryPoint","urlTemplate":"http:\/\/unaymilletras.com\/?s={search_term_string}"},"query-input":{"@type":"PropertyValueSpecification","valueRequired":true,"valueName":"search_term_string"}}],"inLanguage":"en-GB"},{"@type":"Organization","@id":"http:\/\/unaymilletras.com\/#organization","name":"Una y Mil Letras","url":"http:\/\/unaymilletras.com\/","logo":{"@type":"ImageObject","inLanguage":"en-GB","@id":"http:\/\/unaymilletras.com\/#\/schema\/logo\/image\/","url":"https:\/\/unaymilletras.com\/wp-content\/uploads\/2024\/06\/cropped-Logo-removebg-preview.png","contentUrl":"https:\/\/unaymilletras.com\/wp-content\/uploads\/2024\/06\/cropped-Logo-removebg-preview.png","width":512,"height":512,"caption":"Una y Mil Letras"},"image":{"@id":"http:\/\/unaymilletras.com\/#\/schema\/logo\/image\/"},"sameAs":["https:\/\/x.com\/UnaYMilLetras","https:\/\/instagram.com\/UnaYMilLetras"]},{"@type":"Person","@id":"http:\/\/unaymilletras.com\/#\/schema\/person\/0860dc8a218329991ee2c7591f4f849d","name":"Redacci\u00f3n","image":{"@type":"ImageObject","inLanguage":"en-GB","@id":"https:\/\/secure.gravatar.com\/avatar\/d8f55e05a8b6597e45c55a1dcbdbfe44f4a360d88b48e00de5216a79b7732796?s=96&d=mm&r=g","url":"https:\/\/secure.gravatar.com\/avatar\/d8f55e05a8b6597e45c55a1dcbdbfe44f4a360d88b48e00de5216a79b7732796?s=96&d=mm&r=g","contentUrl":"https:\/\/secure.gravatar.com\/avatar\/d8f55e05a8b6597e45c55a1dcbdbfe44f4a360d88b48e00de5216a79b7732796?s=96&d=mm&r=g","caption":"Redacci\u00f3n"},"url":"https:\/\/unaymilletras.com\/en\/author\/redaccion\/"}]}},"_links":{"self":[{"href":"https:\/\/unaymilletras.com\/en\/wp-json\/wp\/v2\/posts\/7060","targetHints":{"allow":["GET"]}}],"collection":[{"href":"https:\/\/unaymilletras.com\/en\/wp-json\/wp\/v2\/posts"}],"about":[{"href":"https:\/\/unaymilletras.com\/en\/wp-json\/wp\/v2\/types\/post"}],"author":[{"embeddable":true,"href":"https:\/\/unaymilletras.com\/en\/wp-json\/wp\/v2\/users\/6"}],"replies":[{"embeddable":true,"href":"https:\/\/unaymilletras.com\/en\/wp-json\/wp\/v2\/comments?post=7060"}],"version-history":[{"count":7,"href":"https:\/\/unaymilletras.com\/en\/wp-json\/wp\/v2\/posts\/7060\/revisions"}],"predecessor-version":[{"id":7073,"href":"https:\/\/unaymilletras.com\/en\/wp-json\/wp\/v2\/posts\/7060\/revisions\/7073"}],"wp:featuredmedia":[{"embeddable":true,"href":"https:\/\/unaymilletras.com\/en\/wp-json\/wp\/v2\/media\/7067"}],"wp:attachment":[{"href":"https:\/\/unaymilletras.com\/en\/wp-json\/wp\/v2\/media?parent=7060"}],"wp:term":[{"taxonomy":"category","embeddable":true,"href":"https:\/\/unaymilletras.com\/en\/wp-json\/wp\/v2\/categories?post=7060"},{"taxonomy":"post_tag","embeddable":true,"href":"https:\/\/unaymilletras.com\/en\/wp-json\/wp\/v2\/tags?post=7060"}],"curies":[{"name":"wp","href":"https:\/\/api.w.org\/{rel}","templated":true}]}}