{"id":7074,"date":"2026-01-02T20:00:00","date_gmt":"2026-01-02T19:00:00","guid":{"rendered":"https:\/\/unaymilletras.com\/?p=7074"},"modified":"2026-01-20T20:56:22","modified_gmt":"2026-01-20T19:56:22","slug":"inverfest-2026-calienta-el-invierno-con-mas-de-cien-conciertos","status":"publish","type":"post","link":"https:\/\/unaymilletras.com\/en\/inverfest-2026-calienta-el-invierno-con-mas-de-cien-conciertos\/","title":{"rendered":"Inverfest 2026 calienta el invierno con m\u00e1s de cien conciertos"},"content":{"rendered":"<div data-elementor-type=\"wp-post\" data-elementor-id=\"7074\" class=\"elementor elementor-7074\">\n\t\t\t\t\t\t<section class=\"elementor-section elementor-top-section elementor-element elementor-element-95b191c elementor-section-boxed elementor-section-height-default elementor-section-height-default\" data-id=\"95b191c\" data-element_type=\"section\" data-e-type=\"section\">\n\t\t\t\t\t\t<div class=\"elementor-container elementor-column-gap-default\">\n\t\t\t\t\t<div class=\"elementor-column elementor-col-100 elementor-top-column elementor-element elementor-element-5ab89b7\" data-id=\"5ab89b7\" data-element_type=\"column\" data-e-type=\"column\">\n\t\t\t<div class=\"elementor-widget-wrap elementor-element-populated\">\n\t\t\t\t\t\t<div class=\"elementor-element elementor-element-30a9963 elementor-widget elementor-widget-text-editor\" data-id=\"30a9963\" data-element_type=\"widget\" data-e-type=\"widget\" data-widget_type=\"text-editor.default\">\n\t\t\t\t<div class=\"elementor-widget-container\">\n\t\t\t\t\t\t\t\t\t<h2 style=\"text-align: center;\"><span style=\"color: #808080;\"><em>El festival Inverfest 2026 se extender\u00e1 de enero a marzo y ocupar\u00e1 salas y teatros de todo Madrid, Bilbao y Zaragoza<\/em><\/span><\/h2>\t\t\t\t\t\t\t\t<\/div>\n\t\t\t\t<\/div>\n\t\t\t\t\t<\/div>\n\t\t<\/div>\n\t\t\t\t\t<\/div>\n\t\t<\/section>\n\t\t\t\t<section class=\"elementor-section elementor-top-section elementor-element elementor-element-4fff238 elementor-section-boxed elementor-section-height-default elementor-section-height-default\" data-id=\"4fff238\" data-element_type=\"section\" data-e-type=\"section\">\n\t\t\t\t\t\t<div class=\"elementor-container elementor-column-gap-default\">\n\t\t\t\t\t<div class=\"elementor-column elementor-col-100 elementor-top-column elementor-element elementor-element-9f46257\" data-id=\"9f46257\" data-element_type=\"column\" data-e-type=\"column\">\n\t\t\t<div class=\"elementor-widget-wrap elementor-element-populated\">\n\t\t\t\t\t\t<div class=\"elementor-element elementor-element-9efb96a elementor-widget elementor-widget-text-editor\" data-id=\"9efb96a\" data-element_type=\"widget\" data-e-type=\"widget\" data-widget_type=\"text-editor.default\">\n\t\t\t\t<div class=\"elementor-widget-container\">\n\t\t\t\t\t\t\t\t\t<p data-start=\"166\" data-end=\"490\">Madrid, Bilbao y Zaragoza volver\u00e1n a tener banda sonora durante los meses m\u00e1s fr\u00edos del a\u00f1o gracias a <strong data-start=\"248\" data-end=\"266\">Inverfest 2026<\/strong>, que regresa con una de sus ediciones m\u00e1s amplias hasta la fecha. El ciclo de conciertos en la capital se celebrar\u00e1 <strong data-start=\"369\" data-end=\"402\">del 3 de enero al 25 de marzo<\/strong>, reuniendo m\u00e1s de un centenar de actuaciones repartidas entre <strong data-start=\"465\" data-end=\"489\">Madrid y Fuenlabrada<\/strong>.<\/p>\n<p data-start=\"492\" data-end=\"882\">A lo largo de casi tres meses, el festival convertir\u00e1 el invierno en una ruta musical constante, con conciertos pr\u00e1cticamente cada semana y una programaci\u00f3n pensada para p\u00fablicos muy distintos. Inverfest vuelve a apostar por una combinaci\u00f3n equilibrada entre <strong data-start=\"751\" data-end=\"813\">artistas consagrados, propuestas actuales y nuevos nombres<\/strong>, manteniendo su identidad como punto de encuentro intergeneracional.<\/p>\t\t\t\t\t\t\t\t<\/div>\n\t\t\t\t<\/div>\n\t\t\t\t\t<\/div>\n\t\t<\/div>\n\t\t\t\t\t<\/div>\n\t\t<\/section>\n\t\t\t\t<section class=\"elementor-section elementor-top-section elementor-element elementor-element-4b01605 elementor-section-boxed elementor-section-height-default elementor-section-height-default\" data-id=\"4b01605\" data-element_type=\"section\" data-e-type=\"section\">\n\t\t\t\t\t\t<div class=\"elementor-container elementor-column-gap-default\">\n\t\t\t\t\t<div class=\"elementor-column elementor-col-100 elementor-top-column elementor-element elementor-element-8dfe31b\" data-id=\"8dfe31b\" data-element_type=\"column\" data-e-type=\"column\">\n\t\t\t<div class=\"elementor-widget-wrap elementor-element-populated\">\n\t\t\t\t\t\t<div class=\"elementor-element elementor-element-240130f elementor-widget elementor-widget-image\" data-id=\"240130f\" data-element_type=\"widget\" data-e-type=\"widget\" data-widget_type=\"image.default\">\n\t\t\t\t<div class=\"elementor-widget-container\">\n\t\t\t\t\t\t\t\t\t\t\t\t\t\t\t<img fetchpriority=\"high\" decoding=\"async\" width=\"640\" height=\"853\" src=\"https:\/\/unaymilletras.com\/wp-content\/uploads\/2026\/01\/image-768x1024.jpg\" class=\"attachment-large size-large wp-image-7077\" alt=\"\" srcset=\"https:\/\/unaymilletras.com\/wp-content\/uploads\/2026\/01\/image-768x1024.jpg 768w, https:\/\/unaymilletras.com\/wp-content\/uploads\/2026\/01\/image-225x300.jpg 225w, https:\/\/unaymilletras.com\/wp-content\/uploads\/2026\/01\/image-9x12.jpg 9w, https:\/\/unaymilletras.com\/wp-content\/uploads\/2026\/01\/image.jpg 900w\" sizes=\"(max-width: 640px) 100vw, 640px\" \/>\t\t\t\t\t\t\t\t\t\t\t\t\t\t\t<\/div>\n\t\t\t\t<\/div>\n\t\t\t\t\t<\/div>\n\t\t<\/div>\n\t\t\t\t\t<\/div>\n\t\t<\/section>\n\t\t\t\t<section class=\"elementor-section elementor-top-section elementor-element elementor-element-d5bbd2c elementor-section-boxed elementor-section-height-default elementor-section-height-default\" data-id=\"d5bbd2c\" data-element_type=\"section\" data-e-type=\"section\">\n\t\t\t\t\t\t<div class=\"elementor-container elementor-column-gap-default\">\n\t\t\t\t\t<div class=\"elementor-column elementor-col-100 elementor-top-column elementor-element elementor-element-3aea56b\" data-id=\"3aea56b\" data-element_type=\"column\" data-e-type=\"column\">\n\t\t\t<div class=\"elementor-widget-wrap elementor-element-populated\">\n\t\t\t\t\t\t<div class=\"elementor-element elementor-element-694fbd2 elementor-widget elementor-widget-text-editor\" data-id=\"694fbd2\" data-element_type=\"widget\" data-e-type=\"widget\" data-widget_type=\"text-editor.default\">\n\t\t\t\t<div class=\"elementor-widget-container\">\n\t\t\t\t\t\t\t\t\t<p data-start=\"884\" data-end=\"1291\">Los conciertos se repartir\u00e1n en <strong data-start=\"916\" data-end=\"933\">doce recintos<\/strong>, entre ellos espacios habituales del festival como el <strong data-start=\"988\" data-end=\"1006\">Movistar Arena<\/strong>, <strong data-start=\"1008\" data-end=\"1022\">La Riviera<\/strong>, el <strong data-start=\"1027\" data-end=\"1049\">Teatro Circo Price<\/strong>, <strong data-start=\"1051\" data-end=\"1068\">Teatro Eslava<\/strong>, <strong data-start=\"1070\" data-end=\"1085\">Sala El Sol<\/strong> o <strong data-start=\"1088\" data-end=\"1100\">Sala But<\/strong>, a los que se suman otros escenarios de la capital y la Casa de la M\u00fasica de Fuenlabrada. Esta diversidad de sedes permite que cada artista encuentre el formato m\u00e1s adecuado para su directo.<\/p><p data-start=\"1293\" data-end=\"1693\">El cartel incluye estilos que van del pop al rock, pasando por el indie, la canci\u00f3n de autor o las propuestas m\u00e1s alternativas. Nombres como <strong data-start=\"1434\" data-end=\"1597\">Luz Casal, Abraham Mateo, Valeria Castro, Ismael Serrano, Sexy Zebras, Hinds, La Bien Querida, Kiko Veneno, Natalia Lacunza o Derby Motoreta\u2019s Burrito Kachimba<\/strong> forman parte de una programaci\u00f3n que refleja el pulso actual de la m\u00fasica en directo en Espa\u00f1a.<\/p><p data-start=\"1695\" data-end=\"2091\" data-is-last-node=\"\" data-is-only-node=\"\">Inverfest se ha consolidado como algo m\u00e1s que un festival: es una forma de vivir el invierno madrile\u00f1o a trav\u00e9s de la m\u00fasica, llenando teatros y salas en una \u00e9poca tradicionalmente m\u00e1s tranquila para los conciertos. En 2026, el ciclo vuelve a confirmar su papel como <strong data-start=\"1962\" data-end=\"2019\">una de las grandes citas culturales del inicio de a\u00f1o<\/strong>, ofreciendo una agenda extensa, variada y repartida por toda la ciudad.<\/p>\t\t\t\t\t\t\t\t<\/div>\n\t\t\t\t<\/div>\n\t\t\t\t\t<\/div>\n\t\t<\/div>\n\t\t\t\t\t<\/div>\n\t\t<\/section>\n\t\t\t\t<\/div>","protected":false},"excerpt":{"rendered":"<p>El festival Inverfest 2026 se extender\u00e1 de enero a marzo y ocupar\u00e1 salas y teatros de todo Madrid, Bilbao y Zaragoza Madrid, Bilbao y Zaragoza volver\u00e1n a tener banda sonora durante los meses m\u00e1s fr\u00edos del a\u00f1o gracias a Inverfest 2026, que regresa con una de sus ediciones m\u00e1s amplias hasta la fecha. El ciclo [&hellip;]<\/p>\n","protected":false},"author":6,"featured_media":7077,"comment_status":"closed","ping_status":"closed","sticky":false,"template":"","format":"standard","meta":{"footnotes":""},"categories":[4],"tags":[],"class_list":["post-7074","post","type-post","status-publish","format-standard","has-post-thumbnail","hentry","category-musica"],"yoast_head":"<!-- This site is optimized with the Yoast SEO plugin v27.4 - https:\/\/yoast.com\/product\/yoast-seo-wordpress\/ -->\n<title>Inverfest 2026 calienta el invierno con m\u00e1s de cien conciertos<\/title>\n<meta name=\"description\" content=\"El festival Inverfest 2026 se extender\u00e1 de enero a marzo y ocupar\u00e1 salas y teatros de todo Madrid, Bilbao y Zaragoza\" \/>\n<meta name=\"robots\" content=\"index, follow, max-snippet:-1, max-image-preview:large, max-video-preview:-1\" \/>\n<link rel=\"canonical\" href=\"https:\/\/unaymilletras.com\/en\/inverfest-2026-calienta-el-invierno-con-mas-de-cien-conciertos\/\" \/>\n<meta property=\"og:locale\" content=\"en_GB\" \/>\n<meta property=\"og:type\" content=\"article\" \/>\n<meta property=\"og:title\" content=\"Inverfest 2026 calienta el invierno con m\u00e1s de cien conciertos\" \/>\n<meta property=\"og:description\" content=\"El festival Inverfest 2026 se extender\u00e1 de enero a marzo y ocupar\u00e1 salas y teatros de todo Madrid, Bilbao y Zaragoza\" \/>\n<meta property=\"og:url\" content=\"https:\/\/unaymilletras.com\/en\/inverfest-2026-calienta-el-invierno-con-mas-de-cien-conciertos\/\" \/>\n<meta property=\"og:site_name\" content=\"Una y Mil Letras\" \/>\n<meta property=\"article:published_time\" content=\"2026-01-02T19:00:00+00:00\" \/>\n<meta property=\"article:modified_time\" content=\"2026-01-20T19:56:22+00:00\" \/>\n<meta property=\"og:image\" content=\"http:\/\/unaymilletras.com\/wp-content\/uploads\/2026\/01\/image.jpg\" \/>\n\t<meta property=\"og:image:width\" content=\"900\" \/>\n\t<meta property=\"og:image:height\" content=\"1200\" \/>\n\t<meta property=\"og:image:type\" content=\"image\/jpeg\" \/>\n<meta name=\"author\" content=\"Redacci\u00f3n\" \/>\n<meta name=\"twitter:card\" content=\"summary_large_image\" \/>\n<meta name=\"twitter:creator\" content=\"@UnaYMilLetras\" \/>\n<meta name=\"twitter:site\" content=\"@UnaYMilLetras\" \/>\n<meta name=\"twitter:label1\" content=\"Written by\" \/>\n\t<meta name=\"twitter:data1\" content=\"Redacci\u00f3n\" \/>\n\t<meta name=\"twitter:label2\" content=\"Estimated reading time\" \/>\n\t<meta name=\"twitter:data2\" content=\"2 minutes\" \/>\n<script type=\"application\/ld+json\" class=\"yoast-schema-graph\">{\"@context\":\"https:\\\/\\\/schema.org\",\"@graph\":[{\"@type\":\"Article\",\"@id\":\"https:\\\/\\\/unaymilletras.com\\\/inverfest-2026-calienta-el-invierno-con-mas-de-cien-conciertos\\\/#article\",\"isPartOf\":{\"@id\":\"https:\\\/\\\/unaymilletras.com\\\/inverfest-2026-calienta-el-invierno-con-mas-de-cien-conciertos\\\/\"},\"author\":{\"name\":\"Redacci\u00f3n\",\"@id\":\"http:\\\/\\\/unaymilletras.com\\\/#\\\/schema\\\/person\\\/0860dc8a218329991ee2c7591f4f849d\"},\"headline\":\"Inverfest 2026 calienta el invierno con m\u00e1s de cien conciertos\",\"datePublished\":\"2026-01-02T19:00:00+00:00\",\"dateModified\":\"2026-01-20T19:56:22+00:00\",\"mainEntityOfPage\":{\"@id\":\"https:\\\/\\\/unaymilletras.com\\\/inverfest-2026-calienta-el-invierno-con-mas-de-cien-conciertos\\\/\"},\"wordCount\":363,\"publisher\":{\"@id\":\"http:\\\/\\\/unaymilletras.com\\\/#organization\"},\"image\":{\"@id\":\"https:\\\/\\\/unaymilletras.com\\\/inverfest-2026-calienta-el-invierno-con-mas-de-cien-conciertos\\\/#primaryimage\"},\"thumbnailUrl\":\"https:\\\/\\\/unaymilletras.com\\\/wp-content\\\/uploads\\\/2026\\\/01\\\/image.jpg\",\"articleSection\":[\"M\u00fasica\"],\"inLanguage\":\"en-GB\"},{\"@type\":\"WebPage\",\"@id\":\"https:\\\/\\\/unaymilletras.com\\\/inverfest-2026-calienta-el-invierno-con-mas-de-cien-conciertos\\\/\",\"url\":\"https:\\\/\\\/unaymilletras.com\\\/inverfest-2026-calienta-el-invierno-con-mas-de-cien-conciertos\\\/\",\"name\":\"Inverfest 2026 calienta el invierno con m\u00e1s de cien conciertos\",\"isPartOf\":{\"@id\":\"http:\\\/\\\/unaymilletras.com\\\/#website\"},\"primaryImageOfPage\":{\"@id\":\"https:\\\/\\\/unaymilletras.com\\\/inverfest-2026-calienta-el-invierno-con-mas-de-cien-conciertos\\\/#primaryimage\"},\"image\":{\"@id\":\"https:\\\/\\\/unaymilletras.com\\\/inverfest-2026-calienta-el-invierno-con-mas-de-cien-conciertos\\\/#primaryimage\"},\"thumbnailUrl\":\"https:\\\/\\\/unaymilletras.com\\\/wp-content\\\/uploads\\\/2026\\\/01\\\/image.jpg\",\"datePublished\":\"2026-01-02T19:00:00+00:00\",\"dateModified\":\"2026-01-20T19:56:22+00:00\",\"description\":\"El festival Inverfest 2026 se extender\u00e1 de enero a marzo y ocupar\u00e1 salas y teatros de todo Madrid, Bilbao y Zaragoza\",\"breadcrumb\":{\"@id\":\"https:\\\/\\\/unaymilletras.com\\\/inverfest-2026-calienta-el-invierno-con-mas-de-cien-conciertos\\\/#breadcrumb\"},\"inLanguage\":\"en-GB\",\"potentialAction\":[{\"@type\":\"ReadAction\",\"target\":[\"https:\\\/\\\/unaymilletras.com\\\/inverfest-2026-calienta-el-invierno-con-mas-de-cien-conciertos\\\/\"]}]},{\"@type\":\"ImageObject\",\"inLanguage\":\"en-GB\",\"@id\":\"https:\\\/\\\/unaymilletras.com\\\/inverfest-2026-calienta-el-invierno-con-mas-de-cien-conciertos\\\/#primaryimage\",\"url\":\"https:\\\/\\\/unaymilletras.com\\\/wp-content\\\/uploads\\\/2026\\\/01\\\/image.jpg\",\"contentUrl\":\"https:\\\/\\\/unaymilletras.com\\\/wp-content\\\/uploads\\\/2026\\\/01\\\/image.jpg\",\"width\":900,\"height\":1200},{\"@type\":\"BreadcrumbList\",\"@id\":\"https:\\\/\\\/unaymilletras.com\\\/inverfest-2026-calienta-el-invierno-con-mas-de-cien-conciertos\\\/#breadcrumb\",\"itemListElement\":[{\"@type\":\"ListItem\",\"position\":1,\"name\":\"Home\",\"item\":\"http:\\\/\\\/unaymilletras.com\\\/\"},{\"@type\":\"ListItem\",\"position\":2,\"name\":\"Inverfest 2026 calienta el invierno con m\u00e1s de cien conciertos\"}]},{\"@type\":\"WebSite\",\"@id\":\"http:\\\/\\\/unaymilletras.com\\\/#website\",\"url\":\"http:\\\/\\\/unaymilletras.com\\\/\",\"name\":\"Una y Mil Letras\",\"description\":\"\",\"publisher\":{\"@id\":\"http:\\\/\\\/unaymilletras.com\\\/#organization\"},\"potentialAction\":[{\"@type\":\"SearchAction\",\"target\":{\"@type\":\"EntryPoint\",\"urlTemplate\":\"http:\\\/\\\/unaymilletras.com\\\/?s={search_term_string}\"},\"query-input\":{\"@type\":\"PropertyValueSpecification\",\"valueRequired\":true,\"valueName\":\"search_term_string\"}}],\"inLanguage\":\"en-GB\"},{\"@type\":\"Organization\",\"@id\":\"http:\\\/\\\/unaymilletras.com\\\/#organization\",\"name\":\"Una y Mil Letras\",\"url\":\"http:\\\/\\\/unaymilletras.com\\\/\",\"logo\":{\"@type\":\"ImageObject\",\"inLanguage\":\"en-GB\",\"@id\":\"http:\\\/\\\/unaymilletras.com\\\/#\\\/schema\\\/logo\\\/image\\\/\",\"url\":\"https:\\\/\\\/unaymilletras.com\\\/wp-content\\\/uploads\\\/2024\\\/06\\\/cropped-Logo-removebg-preview.png\",\"contentUrl\":\"https:\\\/\\\/unaymilletras.com\\\/wp-content\\\/uploads\\\/2024\\\/06\\\/cropped-Logo-removebg-preview.png\",\"width\":512,\"height\":512,\"caption\":\"Una y Mil Letras\"},\"image\":{\"@id\":\"http:\\\/\\\/unaymilletras.com\\\/#\\\/schema\\\/logo\\\/image\\\/\"},\"sameAs\":[\"https:\\\/\\\/x.com\\\/UnaYMilLetras\",\"https:\\\/\\\/instagram.com\\\/UnaYMilLetras\"]},{\"@type\":\"Person\",\"@id\":\"http:\\\/\\\/unaymilletras.com\\\/#\\\/schema\\\/person\\\/0860dc8a218329991ee2c7591f4f849d\",\"name\":\"Redacci\u00f3n\",\"image\":{\"@type\":\"ImageObject\",\"inLanguage\":\"en-GB\",\"@id\":\"https:\\\/\\\/secure.gravatar.com\\\/avatar\\\/d8f55e05a8b6597e45c55a1dcbdbfe44f4a360d88b48e00de5216a79b7732796?s=96&d=mm&r=g\",\"url\":\"https:\\\/\\\/secure.gravatar.com\\\/avatar\\\/d8f55e05a8b6597e45c55a1dcbdbfe44f4a360d88b48e00de5216a79b7732796?s=96&d=mm&r=g\",\"contentUrl\":\"https:\\\/\\\/secure.gravatar.com\\\/avatar\\\/d8f55e05a8b6597e45c55a1dcbdbfe44f4a360d88b48e00de5216a79b7732796?s=96&d=mm&r=g\",\"caption\":\"Redacci\u00f3n\"},\"url\":\"https:\\\/\\\/unaymilletras.com\\\/en\\\/author\\\/redaccion\\\/\"}]}<\/script>\n<!-- \/ Yoast SEO plugin. -->","yoast_head_json":{"title":"Inverfest 2026 calienta el invierno con m\u00e1s de cien conciertos","description":"El festival Inverfest 2026 se extender\u00e1 de enero a marzo y ocupar\u00e1 salas y teatros de todo Madrid, Bilbao y Zaragoza","robots":{"index":"index","follow":"follow","max-snippet":"max-snippet:-1","max-image-preview":"max-image-preview:large","max-video-preview":"max-video-preview:-1"},"canonical":"https:\/\/unaymilletras.com\/en\/inverfest-2026-calienta-el-invierno-con-mas-de-cien-conciertos\/","og_locale":"en_GB","og_type":"article","og_title":"Inverfest 2026 calienta el invierno con m\u00e1s de cien conciertos","og_description":"El festival Inverfest 2026 se extender\u00e1 de enero a marzo y ocupar\u00e1 salas y teatros de todo Madrid, Bilbao y Zaragoza","og_url":"https:\/\/unaymilletras.com\/en\/inverfest-2026-calienta-el-invierno-con-mas-de-cien-conciertos\/","og_site_name":"Una y Mil Letras","article_published_time":"2026-01-02T19:00:00+00:00","article_modified_time":"2026-01-20T19:56:22+00:00","og_image":[{"width":900,"height":1200,"url":"http:\/\/unaymilletras.com\/wp-content\/uploads\/2026\/01\/image.jpg","type":"image\/jpeg"}],"author":"Redacci\u00f3n","twitter_card":"summary_large_image","twitter_creator":"@UnaYMilLetras","twitter_site":"@UnaYMilLetras","twitter_misc":{"Written by":"Redacci\u00f3n","Estimated reading time":"2 minutes"},"schema":{"@context":"https:\/\/schema.org","@graph":[{"@type":"Article","@id":"https:\/\/unaymilletras.com\/inverfest-2026-calienta-el-invierno-con-mas-de-cien-conciertos\/#article","isPartOf":{"@id":"https:\/\/unaymilletras.com\/inverfest-2026-calienta-el-invierno-con-mas-de-cien-conciertos\/"},"author":{"name":"Redacci\u00f3n","@id":"http:\/\/unaymilletras.com\/#\/schema\/person\/0860dc8a218329991ee2c7591f4f849d"},"headline":"Inverfest 2026 calienta el invierno con m\u00e1s de cien conciertos","datePublished":"2026-01-02T19:00:00+00:00","dateModified":"2026-01-20T19:56:22+00:00","mainEntityOfPage":{"@id":"https:\/\/unaymilletras.com\/inverfest-2026-calienta-el-invierno-con-mas-de-cien-conciertos\/"},"wordCount":363,"publisher":{"@id":"http:\/\/unaymilletras.com\/#organization"},"image":{"@id":"https:\/\/unaymilletras.com\/inverfest-2026-calienta-el-invierno-con-mas-de-cien-conciertos\/#primaryimage"},"thumbnailUrl":"https:\/\/unaymilletras.com\/wp-content\/uploads\/2026\/01\/image.jpg","articleSection":["M\u00fasica"],"inLanguage":"en-GB"},{"@type":"WebPage","@id":"https:\/\/unaymilletras.com\/inverfest-2026-calienta-el-invierno-con-mas-de-cien-conciertos\/","url":"https:\/\/unaymilletras.com\/inverfest-2026-calienta-el-invierno-con-mas-de-cien-conciertos\/","name":"Inverfest 2026 calienta el invierno con m\u00e1s de cien conciertos","isPartOf":{"@id":"http:\/\/unaymilletras.com\/#website"},"primaryImageOfPage":{"@id":"https:\/\/unaymilletras.com\/inverfest-2026-calienta-el-invierno-con-mas-de-cien-conciertos\/#primaryimage"},"image":{"@id":"https:\/\/unaymilletras.com\/inverfest-2026-calienta-el-invierno-con-mas-de-cien-conciertos\/#primaryimage"},"thumbnailUrl":"https:\/\/unaymilletras.com\/wp-content\/uploads\/2026\/01\/image.jpg","datePublished":"2026-01-02T19:00:00+00:00","dateModified":"2026-01-20T19:56:22+00:00","description":"El festival Inverfest 2026 se extender\u00e1 de enero a marzo y ocupar\u00e1 salas y teatros de todo Madrid, Bilbao y Zaragoza","breadcrumb":{"@id":"https:\/\/unaymilletras.com\/inverfest-2026-calienta-el-invierno-con-mas-de-cien-conciertos\/#breadcrumb"},"inLanguage":"en-GB","potentialAction":[{"@type":"ReadAction","target":["https:\/\/unaymilletras.com\/inverfest-2026-calienta-el-invierno-con-mas-de-cien-conciertos\/"]}]},{"@type":"ImageObject","inLanguage":"en-GB","@id":"https:\/\/unaymilletras.com\/inverfest-2026-calienta-el-invierno-con-mas-de-cien-conciertos\/#primaryimage","url":"https:\/\/unaymilletras.com\/wp-content\/uploads\/2026\/01\/image.jpg","contentUrl":"https:\/\/unaymilletras.com\/wp-content\/uploads\/2026\/01\/image.jpg","width":900,"height":1200},{"@type":"BreadcrumbList","@id":"https:\/\/unaymilletras.com\/inverfest-2026-calienta-el-invierno-con-mas-de-cien-conciertos\/#breadcrumb","itemListElement":[{"@type":"ListItem","position":1,"name":"Home","item":"http:\/\/unaymilletras.com\/"},{"@type":"ListItem","position":2,"name":"Inverfest 2026 calienta el invierno con m\u00e1s de cien conciertos"}]},{"@type":"WebSite","@id":"http:\/\/unaymilletras.com\/#website","url":"http:\/\/unaymilletras.com\/","name":"Una y Mil Letras","description":"","publisher":{"@id":"http:\/\/unaymilletras.com\/#organization"},"potentialAction":[{"@type":"SearchAction","target":{"@type":"EntryPoint","urlTemplate":"http:\/\/unaymilletras.com\/?s={search_term_string}"},"query-input":{"@type":"PropertyValueSpecification","valueRequired":true,"valueName":"search_term_string"}}],"inLanguage":"en-GB"},{"@type":"Organization","@id":"http:\/\/unaymilletras.com\/#organization","name":"Una y Mil Letras","url":"http:\/\/unaymilletras.com\/","logo":{"@type":"ImageObject","inLanguage":"en-GB","@id":"http:\/\/unaymilletras.com\/#\/schema\/logo\/image\/","url":"https:\/\/unaymilletras.com\/wp-content\/uploads\/2024\/06\/cropped-Logo-removebg-preview.png","contentUrl":"https:\/\/unaymilletras.com\/wp-content\/uploads\/2024\/06\/cropped-Logo-removebg-preview.png","width":512,"height":512,"caption":"Una y Mil Letras"},"image":{"@id":"http:\/\/unaymilletras.com\/#\/schema\/logo\/image\/"},"sameAs":["https:\/\/x.com\/UnaYMilLetras","https:\/\/instagram.com\/UnaYMilLetras"]},{"@type":"Person","@id":"http:\/\/unaymilletras.com\/#\/schema\/person\/0860dc8a218329991ee2c7591f4f849d","name":"Redacci\u00f3n","image":{"@type":"ImageObject","inLanguage":"en-GB","@id":"https:\/\/secure.gravatar.com\/avatar\/d8f55e05a8b6597e45c55a1dcbdbfe44f4a360d88b48e00de5216a79b7732796?s=96&d=mm&r=g","url":"https:\/\/secure.gravatar.com\/avatar\/d8f55e05a8b6597e45c55a1dcbdbfe44f4a360d88b48e00de5216a79b7732796?s=96&d=mm&r=g","contentUrl":"https:\/\/secure.gravatar.com\/avatar\/d8f55e05a8b6597e45c55a1dcbdbfe44f4a360d88b48e00de5216a79b7732796?s=96&d=mm&r=g","caption":"Redacci\u00f3n"},"url":"https:\/\/unaymilletras.com\/en\/author\/redaccion\/"}]}},"_links":{"self":[{"href":"https:\/\/unaymilletras.com\/en\/wp-json\/wp\/v2\/posts\/7074","targetHints":{"allow":["GET"]}}],"collection":[{"href":"https:\/\/unaymilletras.com\/en\/wp-json\/wp\/v2\/posts"}],"about":[{"href":"https:\/\/unaymilletras.com\/en\/wp-json\/wp\/v2\/types\/post"}],"author":[{"embeddable":true,"href":"https:\/\/unaymilletras.com\/en\/wp-json\/wp\/v2\/users\/6"}],"replies":[{"embeddable":true,"href":"https:\/\/unaymilletras.com\/en\/wp-json\/wp\/v2\/comments?post=7074"}],"version-history":[{"count":4,"href":"https:\/\/unaymilletras.com\/en\/wp-json\/wp\/v2\/posts\/7074\/revisions"}],"predecessor-version":[{"id":7080,"href":"https:\/\/unaymilletras.com\/en\/wp-json\/wp\/v2\/posts\/7074\/revisions\/7080"}],"wp:featuredmedia":[{"embeddable":true,"href":"https:\/\/unaymilletras.com\/en\/wp-json\/wp\/v2\/media\/7077"}],"wp:attachment":[{"href":"https:\/\/unaymilletras.com\/en\/wp-json\/wp\/v2\/media?parent=7074"}],"wp:term":[{"taxonomy":"category","embeddable":true,"href":"https:\/\/unaymilletras.com\/en\/wp-json\/wp\/v2\/categories?post=7074"},{"taxonomy":"post_tag","embeddable":true,"href":"https:\/\/unaymilletras.com\/en\/wp-json\/wp\/v2\/tags?post=7074"}],"curies":[{"name":"wp","href":"https:\/\/api.w.org\/{rel}","templated":true}]}}