{"id":7081,"date":"2026-01-20T21:46:06","date_gmt":"2026-01-20T20:46:06","guid":{"rendered":"https:\/\/unaymilletras.com\/?p=7081"},"modified":"2026-01-20T21:46:58","modified_gmt":"2026-01-20T20:46:58","slug":"alvaro-garcia-anuncia-su-nueva-gira-por-espana-punto-de-encuentro","status":"publish","type":"post","link":"https:\/\/unaymilletras.com\/en\/alvaro-garcia-anuncia-su-nueva-gira-por-espana-punto-de-encuentro\/","title":{"rendered":"\u00c1lvaro Garc\u00eda anuncia su nueva gira por Espa\u00f1a: \u201cPunto de Encuentro\u201d"},"content":{"rendered":"<div data-elementor-type=\"wp-post\" data-elementor-id=\"7081\" class=\"elementor elementor-7081\">\n\t\t\t\t\t\t<section class=\"elementor-section elementor-top-section elementor-element elementor-element-b18819d elementor-section-boxed elementor-section-height-default elementor-section-height-default\" data-id=\"b18819d\" data-element_type=\"section\" data-e-type=\"section\">\n\t\t\t\t\t\t<div class=\"elementor-container elementor-column-gap-default\">\n\t\t\t\t\t<div class=\"elementor-column elementor-col-100 elementor-top-column elementor-element elementor-element-79a00e1\" data-id=\"79a00e1\" data-element_type=\"column\" data-e-type=\"column\">\n\t\t\t<div class=\"elementor-widget-wrap elementor-element-populated\">\n\t\t\t\t\t\t<div class=\"elementor-element elementor-element-cfe8c18 elementor-widget elementor-widget-text-editor\" data-id=\"cfe8c18\" data-element_type=\"widget\" data-e-type=\"widget\" data-widget_type=\"text-editor.default\">\n\t\t\t\t<div class=\"elementor-widget-container\">\n\t\t\t\t\t\t\t\t\t<p style=\"text-align: justify\">\u00c1lvaro Garc\u00eda anuncia su nueva gira por Espa\u00f1a titulada <em data-start=\"314\" data-end=\"336\">\u201c<\/em>Punto de Encuentro<em data-start=\"314\" data-end=\"336\">\u201d<\/em>. El cantante ha confirmado tres nuevas fechas para este 2026 en Sevilla, Madrid y Barcelona, donde presentar\u00e1 en directo su nueva m\u00fasica sin olvidar los temas que ya han conectado con su p\u00fablico.<\/p>\t\t\t\t\t\t\t\t<\/div>\n\t\t\t\t<\/div>\n\t\t\t\t\t<\/div>\n\t\t<\/div>\n\t\t\t\t\t<\/div>\n\t\t<\/section>\n\t\t\t\t<section class=\"elementor-section elementor-top-section elementor-element elementor-element-4efde4a elementor-section-boxed elementor-section-height-default elementor-section-height-default\" data-id=\"4efde4a\" data-element_type=\"section\" data-e-type=\"section\">\n\t\t\t\t\t\t<div class=\"elementor-container elementor-column-gap-default\">\n\t\t\t\t\t<div class=\"elementor-column elementor-col-100 elementor-top-column elementor-element elementor-element-59091bf\" data-id=\"59091bf\" data-element_type=\"column\" data-e-type=\"column\">\n\t\t\t<div class=\"elementor-widget-wrap elementor-element-populated\">\n\t\t\t\t\t\t<div class=\"elementor-element elementor-element-361bb41 elementor-widget elementor-widget-image\" data-id=\"361bb41\" data-element_type=\"widget\" data-e-type=\"widget\" data-widget_type=\"image.default\">\n\t\t\t\t<div class=\"elementor-widget-container\">\n\t\t\t\t\t\t\t\t\t\t\t\t\t\t\t<img fetchpriority=\"high\" decoding=\"async\" width=\"640\" height=\"229\" src=\"https:\/\/unaymilletras.com\/wp-content\/uploads\/2026\/01\/unnamed-3-1024x367.jpg\" class=\"attachment-large size-large wp-image-7083\" alt=\"\" srcset=\"https:\/\/unaymilletras.com\/wp-content\/uploads\/2026\/01\/unnamed-3-1024x367.jpg 1024w, https:\/\/unaymilletras.com\/wp-content\/uploads\/2026\/01\/unnamed-3-300x108.jpg 300w, https:\/\/unaymilletras.com\/wp-content\/uploads\/2026\/01\/unnamed-3-768x276.jpg 768w, https:\/\/unaymilletras.com\/wp-content\/uploads\/2026\/01\/unnamed-3-1536x551.jpg 1536w, https:\/\/unaymilletras.com\/wp-content\/uploads\/2026\/01\/unnamed-3-2048x735.jpg 2048w, https:\/\/unaymilletras.com\/wp-content\/uploads\/2026\/01\/unnamed-3-18x6.jpg 18w, https:\/\/unaymilletras.com\/wp-content\/uploads\/2026\/01\/unnamed-3-e1768940897741.jpg 600w\" sizes=\"(max-width: 640px) 100vw, 640px\" \/>\t\t\t\t\t\t\t\t\t\t\t\t\t\t\t<\/div>\n\t\t\t\t<\/div>\n\t\t\t\t\t<\/div>\n\t\t<\/div>\n\t\t\t\t\t<\/div>\n\t\t<\/section>\n\t\t\t\t<section class=\"elementor-section elementor-top-section elementor-element elementor-element-aa43987 elementor-section-boxed elementor-section-height-default elementor-section-height-default\" data-id=\"aa43987\" data-element_type=\"section\" data-e-type=\"section\">\n\t\t\t\t\t\t<div class=\"elementor-container elementor-column-gap-default\">\n\t\t\t\t\t<div class=\"elementor-column elementor-col-100 elementor-top-column elementor-element elementor-element-e603f21\" data-id=\"e603f21\" data-element_type=\"column\" data-e-type=\"column\">\n\t\t\t<div class=\"elementor-widget-wrap elementor-element-populated\">\n\t\t\t\t\t\t<div class=\"elementor-element elementor-element-ed4a01d elementor-widget elementor-widget-text-editor\" data-id=\"ed4a01d\" data-element_type=\"widget\" data-e-type=\"widget\" data-widget_type=\"text-editor.default\">\n\t\t\t\t<div class=\"elementor-widget-container\">\n\t\t\t\t\t\t\t\t\t<p style=\"text-align: justify\">Con una propuesta sonora que mezcla emoci\u00f3n, cercan\u00eda y una cuidada puesta en escena, \u00c1lvaro Garc\u00eda se ha consolidado como una de las voces emergentes con mayor proyecci\u00f3n del panorama actual. Su directo se ha convertido en uno de sus grandes puntos fuertes, apostando por conciertos \u00edntimos y experiencias pensadas para reforzar la conexi\u00f3n con sus seguidores.<\/p>\t\t\t\t\t\t\t\t<\/div>\n\t\t\t\t<\/div>\n\t\t\t\t\t<\/div>\n\t\t<\/div>\n\t\t\t\t\t<\/div>\n\t\t<\/section>\n\t\t\t\t<section class=\"elementor-section elementor-top-section elementor-element elementor-element-0b0494a elementor-section-boxed elementor-section-height-default elementor-section-height-default\" data-id=\"0b0494a\" data-element_type=\"section\" data-e-type=\"section\">\n\t\t\t\t\t\t<div class=\"elementor-container elementor-column-gap-default\">\n\t\t\t\t\t<div class=\"elementor-column elementor-col-100 elementor-top-column elementor-element elementor-element-4798e9f\" data-id=\"4798e9f\" data-element_type=\"column\" data-e-type=\"column\">\n\t\t\t<div class=\"elementor-widget-wrap elementor-element-populated\">\n\t\t\t\t\t\t<div class=\"elementor-element elementor-element-2527df3 elementor-widget elementor-widget-text-editor\" data-id=\"2527df3\" data-element_type=\"widget\" data-e-type=\"widget\" data-widget_type=\"text-editor.default\">\n\t\t\t\t<div class=\"elementor-widget-container\">\n\t\t\t\t\t\t\t\t\t<p style=\"text-align: justify\">La gira \u201cPunto de Encuentro\u201d nace como un concepto simb\u00f3lico: un lugar al que se llega desde distintos puntos con una misma intenci\u00f3n, conectar. Cada concierto se plantea como un momento de cercan\u00eda, en el que la distancia entre el artista y el p\u00fablico desaparece para dar paso a una experiencia \u00fanica. Adem\u00e1s, cada fecha ser\u00e1 presentada como un nuevo punto en el mapa, revelado mediante coordenadas, invitando a compartir, sentir y vivir cada encuentro en directo.<\/p>\t\t\t\t\t\t\t\t<\/div>\n\t\t\t\t<\/div>\n\t\t\t\t\t<\/div>\n\t\t<\/div>\n\t\t\t\t\t<\/div>\n\t\t<\/section>\n\t\t\t\t<section class=\"elementor-section elementor-top-section elementor-element elementor-element-5633fee elementor-section-boxed elementor-section-height-default elementor-section-height-default\" data-id=\"5633fee\" data-element_type=\"section\" data-e-type=\"section\">\n\t\t\t\t\t\t<div class=\"elementor-container elementor-column-gap-default\">\n\t\t\t\t\t<div class=\"elementor-column elementor-col-100 elementor-top-column elementor-element elementor-element-049935f\" data-id=\"049935f\" data-element_type=\"column\" data-e-type=\"column\">\n\t\t\t<div class=\"elementor-widget-wrap elementor-element-populated\">\n\t\t\t\t\t\t<div class=\"elementor-element elementor-element-45a98da elementor-widget elementor-widget-text-editor\" data-id=\"45a98da\" data-element_type=\"widget\" data-e-type=\"widget\" data-widget_type=\"text-editor.default\">\n\t\t\t\t<div class=\"elementor-widget-container\">\n\t\t\t\t\t\t\t\t\t<p data-start=\"1601\" data-end=\"1656\"><strong data-start=\"1601\" data-end=\"1656\">Fechas confirmadas de la gira \u201cPunto de Encuentro\u201d:<\/strong><\/p><ul data-start=\"1658\" data-end=\"1838\"><li data-start=\"1658\" data-end=\"1720\"><p data-start=\"1660\" data-end=\"1720\">5 de septiembre \u2013 <a href=\"https:\/\/auditoriocartuja.com\/evento\/alvaro-garcia-punto-de-encuentro-gira-2026\/\">Sevilla \u2013 Auditorio Cartuja<\/a> \u2013 20:30 h<\/p><\/li><li data-start=\"1721\" data-end=\"1775\"><p data-start=\"1723\" data-end=\"1775\">1 de octubre \u2013 <a href=\"https:\/\/www.enterticket.es\/eventos\/alvaro-garcia-madrid-851230\">Madrid \u2013 Sala Villanos<\/a> \u2013 20:30 h<\/p><\/li><li data-start=\"1776\" data-end=\"1838\"><p data-start=\"1778\" data-end=\"1838\">17 de octubre \u2013 <a href=\"https:\/\/tickets.oneboxtds.com\/guitarbcn\/select\/2715765?hl=es-ES\">Barcelona \u2013 Sala Razzmatazz 3<\/a> \u2013 20:30 h<\/p><\/li><\/ul><p data-start=\"1840\" data-end=\"1924\">Las entradas para estos conciertos ya est\u00e1n a la venta.<\/p>\t\t\t\t\t\t\t\t<\/div>\n\t\t\t\t<\/div>\n\t\t\t\t\t<\/div>\n\t\t<\/div>\n\t\t\t\t\t<\/div>\n\t\t<\/section>\n\t\t\t\t<section class=\"elementor-section elementor-top-section elementor-element elementor-element-b89a95c elementor-section-boxed elementor-section-height-default elementor-section-height-default\" data-id=\"b89a95c\" data-element_type=\"section\" data-e-type=\"section\">\n\t\t\t\t\t\t<div class=\"elementor-container elementor-column-gap-default\">\n\t\t\t\t\t<div class=\"elementor-column elementor-col-50 elementor-top-column elementor-element elementor-element-1c0720d\" data-id=\"1c0720d\" data-element_type=\"column\" data-e-type=\"column\">\n\t\t\t<div class=\"elementor-widget-wrap elementor-element-populated\">\n\t\t\t\t\t\t<div class=\"elementor-element elementor-element-9eee483 elementor-widget elementor-widget-text-editor\" data-id=\"9eee483\" data-element_type=\"widget\" data-e-type=\"widget\" data-widget_type=\"text-editor.default\">\n\t\t\t\t<div class=\"elementor-widget-container\">\n\t\t\t\t\t\t\t\t\t<p style=\"text-align: justify\">Estas nuevas citas suponen un paso m\u00e1s en el crecimiento art\u00edstico de \u00c1lvaro Garc\u00eda y le permitir\u00e1n reencontrarse con sus seguidores en distintos puntos del pa\u00eds, adem\u00e1s de acercar su m\u00fasica en directo a nuevas audiencias.<\/p>\t\t\t\t\t\t\t\t<\/div>\n\t\t\t\t<\/div>\n\t\t\t\t\t<\/div>\n\t\t<\/div>\n\t\t\t\t<div class=\"elementor-column elementor-col-50 elementor-top-column elementor-element elementor-element-8da7abb\" data-id=\"8da7abb\" data-element_type=\"column\" data-e-type=\"column\">\n\t\t\t<div class=\"elementor-widget-wrap elementor-element-populated\">\n\t\t\t\t\t\t<div class=\"elementor-element elementor-element-39fa651 elementor-widget elementor-widget-image\" data-id=\"39fa651\" data-element_type=\"widget\" data-e-type=\"widget\" data-widget_type=\"image.default\">\n\t\t\t\t<div class=\"elementor-widget-container\">\n\t\t\t\t\t\t\t\t\t\t\t\t\t\t\t<img decoding=\"async\" width=\"640\" height=\"640\" src=\"https:\/\/unaymilletras.com\/wp-content\/uploads\/2026\/01\/channels4_profile-1.jpg\" class=\"attachment-large size-large wp-image-7088\" alt=\"\" srcset=\"https:\/\/unaymilletras.com\/wp-content\/uploads\/2026\/01\/channels4_profile-1.jpg 900w, https:\/\/unaymilletras.com\/wp-content\/uploads\/2026\/01\/channels4_profile-1-300x300.jpg 300w, https:\/\/unaymilletras.com\/wp-content\/uploads\/2026\/01\/channels4_profile-1-150x150.jpg 150w, https:\/\/unaymilletras.com\/wp-content\/uploads\/2026\/01\/channels4_profile-1-768x768.jpg 768w, https:\/\/unaymilletras.com\/wp-content\/uploads\/2026\/01\/channels4_profile-1-12x12.jpg 12w\" sizes=\"(max-width: 640px) 100vw, 640px\" \/>\t\t\t\t\t\t\t\t\t\t\t\t\t\t\t<\/div>\n\t\t\t\t<\/div>\n\t\t\t\t\t<\/div>\n\t\t<\/div>\n\t\t\t\t\t<\/div>\n\t\t<\/section>\n\t\t\t\t<section class=\"elementor-section elementor-top-section elementor-element elementor-element-f44155f elementor-section-boxed elementor-section-height-default elementor-section-height-default\" data-id=\"f44155f\" data-element_type=\"section\" data-e-type=\"section\">\n\t\t\t\t\t\t<div class=\"elementor-container elementor-column-gap-default\">\n\t\t\t\t\t<div class=\"elementor-column elementor-col-100 elementor-top-column elementor-element elementor-element-c88e233\" data-id=\"c88e233\" data-element_type=\"column\" data-e-type=\"column\">\n\t\t\t<div class=\"elementor-widget-wrap elementor-element-populated\">\n\t\t\t\t\t\t<div class=\"elementor-element elementor-element-c2e8c92 elementor-widget elementor-widget-text-editor\" data-id=\"c2e8c92\" data-element_type=\"widget\" data-e-type=\"widget\" data-widget_type=\"text-editor.default\">\n\t\t\t\t<div class=\"elementor-widget-container\">\n\t\t\t\t\t\t\t\t\t<p>Sigue descubriendo m\u00e1s sobre la actualidad musical en\u00a0<em><a href=\"https:\/\/unaymilletras.com\/en\/\">Una y mil letras<\/a>.<\/em><\/p>\t\t\t\t\t\t\t\t<\/div>\n\t\t\t\t<\/div>\n\t\t\t\t\t<\/div>\n\t\t<\/div>\n\t\t\t\t\t<\/div>\n\t\t<\/section>\n\t\t\t\t<\/div>","protected":false},"excerpt":{"rendered":"<p>\u00c1lvaro Garc\u00eda anuncia su nueva gira por Espa\u00f1a titulada \u201cPunto de Encuentro\u201d. El cantante ha confirmado tres nuevas fechas para este 2026 en Sevilla, Madrid y Barcelona, donde presentar\u00e1 en directo su nueva m\u00fasica sin olvidar los temas que ya han conectado con su p\u00fablico. Con una propuesta sonora que mezcla emoci\u00f3n, cercan\u00eda y una [&hellip;]<\/p>\n","protected":false},"author":13,"featured_media":7083,"comment_status":"closed","ping_status":"closed","sticky":false,"template":"","format":"standard","meta":{"footnotes":""},"categories":[119,4],"tags":[],"class_list":["post-7081","post","type-post","status-publish","format-standard","has-post-thumbnail","hentry","category-eventos","category-musica"],"yoast_head":"<!-- This site is optimized with the Yoast SEO plugin v27.4 - https:\/\/yoast.com\/product\/yoast-seo-wordpress\/ -->\n<title>\u00c1lvaro Garc\u00eda anuncia su nueva gira por Espa\u00f1a<\/title>\n<meta name=\"description\" content=\"\u00c1lvaro Garc\u00eda anuncia su gira \u201cPunto de Encuentro\u201d por Espa\u00f1a en 2026 con conciertos en Sevilla, Madrid y Barcelona. Entradas ya a la venta.\" \/>\n<meta name=\"robots\" content=\"index, follow, max-snippet:-1, max-image-preview:large, max-video-preview:-1\" \/>\n<link rel=\"canonical\" href=\"https:\/\/unaymilletras.com\/en\/alvaro-garcia-anuncia-su-nueva-gira-por-espana-punto-de-encuentro\/\" \/>\n<meta property=\"og:locale\" content=\"en_GB\" \/>\n<meta property=\"og:type\" content=\"article\" \/>\n<meta property=\"og:title\" content=\"\u00c1lvaro Garc\u00eda anuncia su nueva gira por Espa\u00f1a\" \/>\n<meta property=\"og:description\" content=\"\u00c1lvaro Garc\u00eda anuncia su gira \u201cPunto de Encuentro\u201d por Espa\u00f1a en 2026 con conciertos en Sevilla, Madrid y Barcelona. Entradas ya a la venta.\" \/>\n<meta property=\"og:url\" content=\"https:\/\/unaymilletras.com\/en\/alvaro-garcia-anuncia-su-nueva-gira-por-espana-punto-de-encuentro\/\" \/>\n<meta property=\"og:site_name\" content=\"Una y Mil Letras\" \/>\n<meta property=\"article:published_time\" content=\"2026-01-20T20:46:06+00:00\" \/>\n<meta property=\"article:modified_time\" content=\"2026-01-20T20:46:58+00:00\" \/>\n<meta property=\"og:image\" content=\"http:\/\/unaymilletras.com\/wp-content\/uploads\/2026\/01\/unnamed-3-e1768940897741.jpg\" \/>\n\t<meta property=\"og:image:width\" content=\"600\" \/>\n\t<meta property=\"og:image:height\" content=\"215\" \/>\n\t<meta property=\"og:image:type\" content=\"image\/jpeg\" \/>\n<meta name=\"author\" content=\"Alba Benito\" \/>\n<meta name=\"twitter:card\" content=\"summary_large_image\" \/>\n<meta name=\"twitter:creator\" content=\"@UnaYMilLetras\" \/>\n<meta name=\"twitter:site\" content=\"@UnaYMilLetras\" \/>\n<meta name=\"twitter:label1\" content=\"Written by\" \/>\n\t<meta name=\"twitter:data1\" content=\"Alba Benito\" \/>\n\t<meta name=\"twitter:label2\" content=\"Estimated reading time\" \/>\n\t<meta name=\"twitter:data2\" content=\"2 minutes\" \/>\n<script type=\"application\/ld+json\" class=\"yoast-schema-graph\">{\"@context\":\"https:\\\/\\\/schema.org\",\"@graph\":[{\"@type\":\"Article\",\"@id\":\"https:\\\/\\\/unaymilletras.com\\\/alvaro-garcia-anuncia-su-nueva-gira-por-espana-punto-de-encuentro\\\/#article\",\"isPartOf\":{\"@id\":\"https:\\\/\\\/unaymilletras.com\\\/alvaro-garcia-anuncia-su-nueva-gira-por-espana-punto-de-encuentro\\\/\"},\"author\":{\"name\":\"Alba Benito\",\"@id\":\"http:\\\/\\\/unaymilletras.com\\\/#\\\/schema\\\/person\\\/a10550e4bff9a23f941f52b2cd5d8686\"},\"headline\":\"\u00c1lvaro Garc\u00eda anuncia su nueva gira por Espa\u00f1a: \u201cPunto de Encuentro\u201d\",\"datePublished\":\"2026-01-20T20:46:06+00:00\",\"dateModified\":\"2026-01-20T20:46:58+00:00\",\"mainEntityOfPage\":{\"@id\":\"https:\\\/\\\/unaymilletras.com\\\/alvaro-garcia-anuncia-su-nueva-gira-por-espana-punto-de-encuentro\\\/\"},\"wordCount\":298,\"publisher\":{\"@id\":\"http:\\\/\\\/unaymilletras.com\\\/#organization\"},\"image\":{\"@id\":\"https:\\\/\\\/unaymilletras.com\\\/alvaro-garcia-anuncia-su-nueva-gira-por-espana-punto-de-encuentro\\\/#primaryimage\"},\"thumbnailUrl\":\"https:\\\/\\\/unaymilletras.com\\\/wp-content\\\/uploads\\\/2026\\\/01\\\/unnamed-3-e1768940897741.jpg\",\"articleSection\":[\"Eventos\",\"M\u00fasica\"],\"inLanguage\":\"en-GB\"},{\"@type\":\"WebPage\",\"@id\":\"https:\\\/\\\/unaymilletras.com\\\/alvaro-garcia-anuncia-su-nueva-gira-por-espana-punto-de-encuentro\\\/\",\"url\":\"https:\\\/\\\/unaymilletras.com\\\/alvaro-garcia-anuncia-su-nueva-gira-por-espana-punto-de-encuentro\\\/\",\"name\":\"\u00c1lvaro Garc\u00eda anuncia su nueva gira por Espa\u00f1a\",\"isPartOf\":{\"@id\":\"http:\\\/\\\/unaymilletras.com\\\/#website\"},\"primaryImageOfPage\":{\"@id\":\"https:\\\/\\\/unaymilletras.com\\\/alvaro-garcia-anuncia-su-nueva-gira-por-espana-punto-de-encuentro\\\/#primaryimage\"},\"image\":{\"@id\":\"https:\\\/\\\/unaymilletras.com\\\/alvaro-garcia-anuncia-su-nueva-gira-por-espana-punto-de-encuentro\\\/#primaryimage\"},\"thumbnailUrl\":\"https:\\\/\\\/unaymilletras.com\\\/wp-content\\\/uploads\\\/2026\\\/01\\\/unnamed-3-e1768940897741.jpg\",\"datePublished\":\"2026-01-20T20:46:06+00:00\",\"dateModified\":\"2026-01-20T20:46:58+00:00\",\"description\":\"\u00c1lvaro Garc\u00eda anuncia su gira \u201cPunto de Encuentro\u201d por Espa\u00f1a en 2026 con conciertos en Sevilla, Madrid y Barcelona. Entradas ya a la venta.\",\"breadcrumb\":{\"@id\":\"https:\\\/\\\/unaymilletras.com\\\/alvaro-garcia-anuncia-su-nueva-gira-por-espana-punto-de-encuentro\\\/#breadcrumb\"},\"inLanguage\":\"en-GB\",\"potentialAction\":[{\"@type\":\"ReadAction\",\"target\":[\"https:\\\/\\\/unaymilletras.com\\\/alvaro-garcia-anuncia-su-nueva-gira-por-espana-punto-de-encuentro\\\/\"]}]},{\"@type\":\"ImageObject\",\"inLanguage\":\"en-GB\",\"@id\":\"https:\\\/\\\/unaymilletras.com\\\/alvaro-garcia-anuncia-su-nueva-gira-por-espana-punto-de-encuentro\\\/#primaryimage\",\"url\":\"https:\\\/\\\/unaymilletras.com\\\/wp-content\\\/uploads\\\/2026\\\/01\\\/unnamed-3-e1768940897741.jpg\",\"contentUrl\":\"https:\\\/\\\/unaymilletras.com\\\/wp-content\\\/uploads\\\/2026\\\/01\\\/unnamed-3-e1768940897741.jpg\",\"width\":600,\"height\":215},{\"@type\":\"BreadcrumbList\",\"@id\":\"https:\\\/\\\/unaymilletras.com\\\/alvaro-garcia-anuncia-su-nueva-gira-por-espana-punto-de-encuentro\\\/#breadcrumb\",\"itemListElement\":[{\"@type\":\"ListItem\",\"position\":1,\"name\":\"Home\",\"item\":\"http:\\\/\\\/unaymilletras.com\\\/\"},{\"@type\":\"ListItem\",\"position\":2,\"name\":\"\u00c1lvaro Garc\u00eda anuncia su nueva gira por Espa\u00f1a: \u201cPunto de Encuentro\u201d\"}]},{\"@type\":\"WebSite\",\"@id\":\"http:\\\/\\\/unaymilletras.com\\\/#website\",\"url\":\"http:\\\/\\\/unaymilletras.com\\\/\",\"name\":\"Una y Mil Letras\",\"description\":\"\",\"publisher\":{\"@id\":\"http:\\\/\\\/unaymilletras.com\\\/#organization\"},\"potentialAction\":[{\"@type\":\"SearchAction\",\"target\":{\"@type\":\"EntryPoint\",\"urlTemplate\":\"http:\\\/\\\/unaymilletras.com\\\/?s={search_term_string}\"},\"query-input\":{\"@type\":\"PropertyValueSpecification\",\"valueRequired\":true,\"valueName\":\"search_term_string\"}}],\"inLanguage\":\"en-GB\"},{\"@type\":\"Organization\",\"@id\":\"http:\\\/\\\/unaymilletras.com\\\/#organization\",\"name\":\"Una y Mil Letras\",\"url\":\"http:\\\/\\\/unaymilletras.com\\\/\",\"logo\":{\"@type\":\"ImageObject\",\"inLanguage\":\"en-GB\",\"@id\":\"http:\\\/\\\/unaymilletras.com\\\/#\\\/schema\\\/logo\\\/image\\\/\",\"url\":\"https:\\\/\\\/unaymilletras.com\\\/wp-content\\\/uploads\\\/2024\\\/06\\\/cropped-Logo-removebg-preview.png\",\"contentUrl\":\"https:\\\/\\\/unaymilletras.com\\\/wp-content\\\/uploads\\\/2024\\\/06\\\/cropped-Logo-removebg-preview.png\",\"width\":512,\"height\":512,\"caption\":\"Una y Mil Letras\"},\"image\":{\"@id\":\"http:\\\/\\\/unaymilletras.com\\\/#\\\/schema\\\/logo\\\/image\\\/\"},\"sameAs\":[\"https:\\\/\\\/x.com\\\/UnaYMilLetras\",\"https:\\\/\\\/instagram.com\\\/UnaYMilLetras\"]},{\"@type\":\"Person\",\"@id\":\"http:\\\/\\\/unaymilletras.com\\\/#\\\/schema\\\/person\\\/a10550e4bff9a23f941f52b2cd5d8686\",\"name\":\"Alba Benito\",\"image\":{\"@type\":\"ImageObject\",\"inLanguage\":\"en-GB\",\"@id\":\"https:\\\/\\\/secure.gravatar.com\\\/avatar\\\/f227a2222ee313f4b5dea91891742064ec98aa8f11b91568879eaecf941f84de?s=96&d=mm&r=g\",\"url\":\"https:\\\/\\\/secure.gravatar.com\\\/avatar\\\/f227a2222ee313f4b5dea91891742064ec98aa8f11b91568879eaecf941f84de?s=96&d=mm&r=g\",\"contentUrl\":\"https:\\\/\\\/secure.gravatar.com\\\/avatar\\\/f227a2222ee313f4b5dea91891742064ec98aa8f11b91568879eaecf941f84de?s=96&d=mm&r=g\",\"caption\":\"Alba Benito\"},\"url\":\"https:\\\/\\\/unaymilletras.com\\\/en\\\/author\\\/aalbaas_\\\/\"}]}<\/script>\n<!-- \/ Yoast SEO plugin. -->","yoast_head_json":{"title":"\u00c1lvaro Garc\u00eda anuncia su nueva gira por Espa\u00f1a","description":"\u00c1lvaro Garc\u00eda anuncia su gira \u201cPunto de Encuentro\u201d por Espa\u00f1a en 2026 con conciertos en Sevilla, Madrid y Barcelona. Entradas ya a la venta.","robots":{"index":"index","follow":"follow","max-snippet":"max-snippet:-1","max-image-preview":"max-image-preview:large","max-video-preview":"max-video-preview:-1"},"canonical":"https:\/\/unaymilletras.com\/en\/alvaro-garcia-anuncia-su-nueva-gira-por-espana-punto-de-encuentro\/","og_locale":"en_GB","og_type":"article","og_title":"\u00c1lvaro Garc\u00eda anuncia su nueva gira por Espa\u00f1a","og_description":"\u00c1lvaro Garc\u00eda anuncia su gira \u201cPunto de Encuentro\u201d por Espa\u00f1a en 2026 con conciertos en Sevilla, Madrid y Barcelona. Entradas ya a la venta.","og_url":"https:\/\/unaymilletras.com\/en\/alvaro-garcia-anuncia-su-nueva-gira-por-espana-punto-de-encuentro\/","og_site_name":"Una y Mil Letras","article_published_time":"2026-01-20T20:46:06+00:00","article_modified_time":"2026-01-20T20:46:58+00:00","og_image":[{"width":600,"height":215,"url":"http:\/\/unaymilletras.com\/wp-content\/uploads\/2026\/01\/unnamed-3-e1768940897741.jpg","type":"image\/jpeg"}],"author":"Alba Benito","twitter_card":"summary_large_image","twitter_creator":"@UnaYMilLetras","twitter_site":"@UnaYMilLetras","twitter_misc":{"Written by":"Alba Benito","Estimated reading time":"2 minutes"},"schema":{"@context":"https:\/\/schema.org","@graph":[{"@type":"Article","@id":"https:\/\/unaymilletras.com\/alvaro-garcia-anuncia-su-nueva-gira-por-espana-punto-de-encuentro\/#article","isPartOf":{"@id":"https:\/\/unaymilletras.com\/alvaro-garcia-anuncia-su-nueva-gira-por-espana-punto-de-encuentro\/"},"author":{"name":"Alba Benito","@id":"http:\/\/unaymilletras.com\/#\/schema\/person\/a10550e4bff9a23f941f52b2cd5d8686"},"headline":"\u00c1lvaro Garc\u00eda anuncia su nueva gira por Espa\u00f1a: \u201cPunto de Encuentro\u201d","datePublished":"2026-01-20T20:46:06+00:00","dateModified":"2026-01-20T20:46:58+00:00","mainEntityOfPage":{"@id":"https:\/\/unaymilletras.com\/alvaro-garcia-anuncia-su-nueva-gira-por-espana-punto-de-encuentro\/"},"wordCount":298,"publisher":{"@id":"http:\/\/unaymilletras.com\/#organization"},"image":{"@id":"https:\/\/unaymilletras.com\/alvaro-garcia-anuncia-su-nueva-gira-por-espana-punto-de-encuentro\/#primaryimage"},"thumbnailUrl":"https:\/\/unaymilletras.com\/wp-content\/uploads\/2026\/01\/unnamed-3-e1768940897741.jpg","articleSection":["Eventos","M\u00fasica"],"inLanguage":"en-GB"},{"@type":"WebPage","@id":"https:\/\/unaymilletras.com\/alvaro-garcia-anuncia-su-nueva-gira-por-espana-punto-de-encuentro\/","url":"https:\/\/unaymilletras.com\/alvaro-garcia-anuncia-su-nueva-gira-por-espana-punto-de-encuentro\/","name":"\u00c1lvaro Garc\u00eda anuncia su nueva gira por Espa\u00f1a","isPartOf":{"@id":"http:\/\/unaymilletras.com\/#website"},"primaryImageOfPage":{"@id":"https:\/\/unaymilletras.com\/alvaro-garcia-anuncia-su-nueva-gira-por-espana-punto-de-encuentro\/#primaryimage"},"image":{"@id":"https:\/\/unaymilletras.com\/alvaro-garcia-anuncia-su-nueva-gira-por-espana-punto-de-encuentro\/#primaryimage"},"thumbnailUrl":"https:\/\/unaymilletras.com\/wp-content\/uploads\/2026\/01\/unnamed-3-e1768940897741.jpg","datePublished":"2026-01-20T20:46:06+00:00","dateModified":"2026-01-20T20:46:58+00:00","description":"\u00c1lvaro Garc\u00eda anuncia su gira \u201cPunto de Encuentro\u201d por Espa\u00f1a en 2026 con conciertos en Sevilla, Madrid y Barcelona. Entradas ya a la venta.","breadcrumb":{"@id":"https:\/\/unaymilletras.com\/alvaro-garcia-anuncia-su-nueva-gira-por-espana-punto-de-encuentro\/#breadcrumb"},"inLanguage":"en-GB","potentialAction":[{"@type":"ReadAction","target":["https:\/\/unaymilletras.com\/alvaro-garcia-anuncia-su-nueva-gira-por-espana-punto-de-encuentro\/"]}]},{"@type":"ImageObject","inLanguage":"en-GB","@id":"https:\/\/unaymilletras.com\/alvaro-garcia-anuncia-su-nueva-gira-por-espana-punto-de-encuentro\/#primaryimage","url":"https:\/\/unaymilletras.com\/wp-content\/uploads\/2026\/01\/unnamed-3-e1768940897741.jpg","contentUrl":"https:\/\/unaymilletras.com\/wp-content\/uploads\/2026\/01\/unnamed-3-e1768940897741.jpg","width":600,"height":215},{"@type":"BreadcrumbList","@id":"https:\/\/unaymilletras.com\/alvaro-garcia-anuncia-su-nueva-gira-por-espana-punto-de-encuentro\/#breadcrumb","itemListElement":[{"@type":"ListItem","position":1,"name":"Home","item":"http:\/\/unaymilletras.com\/"},{"@type":"ListItem","position":2,"name":"\u00c1lvaro Garc\u00eda anuncia su nueva gira por Espa\u00f1a: \u201cPunto de Encuentro\u201d"}]},{"@type":"WebSite","@id":"http:\/\/unaymilletras.com\/#website","url":"http:\/\/unaymilletras.com\/","name":"Una y Mil Letras","description":"","publisher":{"@id":"http:\/\/unaymilletras.com\/#organization"},"potentialAction":[{"@type":"SearchAction","target":{"@type":"EntryPoint","urlTemplate":"http:\/\/unaymilletras.com\/?s={search_term_string}"},"query-input":{"@type":"PropertyValueSpecification","valueRequired":true,"valueName":"search_term_string"}}],"inLanguage":"en-GB"},{"@type":"Organization","@id":"http:\/\/unaymilletras.com\/#organization","name":"Una y Mil Letras","url":"http:\/\/unaymilletras.com\/","logo":{"@type":"ImageObject","inLanguage":"en-GB","@id":"http:\/\/unaymilletras.com\/#\/schema\/logo\/image\/","url":"https:\/\/unaymilletras.com\/wp-content\/uploads\/2024\/06\/cropped-Logo-removebg-preview.png","contentUrl":"https:\/\/unaymilletras.com\/wp-content\/uploads\/2024\/06\/cropped-Logo-removebg-preview.png","width":512,"height":512,"caption":"Una y Mil Letras"},"image":{"@id":"http:\/\/unaymilletras.com\/#\/schema\/logo\/image\/"},"sameAs":["https:\/\/x.com\/UnaYMilLetras","https:\/\/instagram.com\/UnaYMilLetras"]},{"@type":"Person","@id":"http:\/\/unaymilletras.com\/#\/schema\/person\/a10550e4bff9a23f941f52b2cd5d8686","name":"Alba Benito","image":{"@type":"ImageObject","inLanguage":"en-GB","@id":"https:\/\/secure.gravatar.com\/avatar\/f227a2222ee313f4b5dea91891742064ec98aa8f11b91568879eaecf941f84de?s=96&d=mm&r=g","url":"https:\/\/secure.gravatar.com\/avatar\/f227a2222ee313f4b5dea91891742064ec98aa8f11b91568879eaecf941f84de?s=96&d=mm&r=g","contentUrl":"https:\/\/secure.gravatar.com\/avatar\/f227a2222ee313f4b5dea91891742064ec98aa8f11b91568879eaecf941f84de?s=96&d=mm&r=g","caption":"Alba Benito"},"url":"https:\/\/unaymilletras.com\/en\/author\/aalbaas_\/"}]}},"_links":{"self":[{"href":"https:\/\/unaymilletras.com\/en\/wp-json\/wp\/v2\/posts\/7081","targetHints":{"allow":["GET"]}}],"collection":[{"href":"https:\/\/unaymilletras.com\/en\/wp-json\/wp\/v2\/posts"}],"about":[{"href":"https:\/\/unaymilletras.com\/en\/wp-json\/wp\/v2\/types\/post"}],"author":[{"embeddable":true,"href":"https:\/\/unaymilletras.com\/en\/wp-json\/wp\/v2\/users\/13"}],"replies":[{"embeddable":true,"href":"https:\/\/unaymilletras.com\/en\/wp-json\/wp\/v2\/comments?post=7081"}],"version-history":[{"count":13,"href":"https:\/\/unaymilletras.com\/en\/wp-json\/wp\/v2\/posts\/7081\/revisions"}],"predecessor-version":[{"id":7097,"href":"https:\/\/unaymilletras.com\/en\/wp-json\/wp\/v2\/posts\/7081\/revisions\/7097"}],"wp:featuredmedia":[{"embeddable":true,"href":"https:\/\/unaymilletras.com\/en\/wp-json\/wp\/v2\/media\/7083"}],"wp:attachment":[{"href":"https:\/\/unaymilletras.com\/en\/wp-json\/wp\/v2\/media?parent=7081"}],"wp:term":[{"taxonomy":"category","embeddable":true,"href":"https:\/\/unaymilletras.com\/en\/wp-json\/wp\/v2\/categories?post=7081"},{"taxonomy":"post_tag","embeddable":true,"href":"https:\/\/unaymilletras.com\/en\/wp-json\/wp\/v2\/tags?post=7081"}],"curies":[{"name":"wp","href":"https:\/\/api.w.org\/{rel}","templated":true}]}}