{"id":7098,"date":"2026-01-23T10:00:00","date_gmt":"2026-01-23T09:00:00","guid":{"rendered":"https:\/\/unaymilletras.com\/?p=7098"},"modified":"2026-01-23T13:50:04","modified_gmt":"2026-01-23T12:50:04","slug":"teyou-y-guillo-rist-abren-una-nueva-etapa-tras-la-academia","status":"publish","type":"post","link":"https:\/\/unaymilletras.com\/en\/teyou-y-guillo-rist-abren-una-nueva-etapa-tras-la-academia\/","title":{"rendered":"T\u00e9you y Guillo Rist abren una nueva etapa tras la academia"},"content":{"rendered":"<div data-elementor-type=\"wp-post\" data-elementor-id=\"7098\" class=\"elementor elementor-7098\">\n\t\t\t\t\t\t<section class=\"elementor-section elementor-top-section elementor-element elementor-element-fca6077 elementor-section-boxed elementor-section-height-default elementor-section-height-default\" data-id=\"fca6077\" data-element_type=\"section\" data-e-type=\"section\">\n\t\t\t\t\t\t<div class=\"elementor-container elementor-column-gap-default\">\n\t\t\t\t\t<div class=\"elementor-column elementor-col-100 elementor-top-column elementor-element elementor-element-a6ef5ea\" data-id=\"a6ef5ea\" data-element_type=\"column\" data-e-type=\"column\">\n\t\t\t<div class=\"elementor-widget-wrap elementor-element-populated\">\n\t\t\t\t\t\t<div class=\"elementor-element elementor-element-a2b96bd elementor-widget elementor-widget-text-editor\" data-id=\"a2b96bd\" data-element_type=\"widget\" data-e-type=\"widget\" data-widget_type=\"text-editor.default\">\n\t\t\t\t<div class=\"elementor-widget-container\">\n\t\t\t\t\t\t\t\t\t<h2 style=\"text-align: center;\" data-start=\"192\" data-end=\"398\"><span style=\"color: #808080;\"><em>Los primeros singles de T\u00e9you y Guillo Rist muestran dos caminos personales y complementarios despu\u00e9s de OT 2025<\/em><\/span><\/h2>\t\t\t\t\t\t\t\t<\/div>\n\t\t\t\t<\/div>\n\t\t\t\t\t<\/div>\n\t\t<\/div>\n\t\t\t\t\t<\/div>\n\t\t<\/section>\n\t\t\t\t<section class=\"elementor-section elementor-top-section elementor-element elementor-element-4c33eb2 elementor-section-boxed elementor-section-height-default elementor-section-height-default\" data-id=\"4c33eb2\" data-element_type=\"section\" data-e-type=\"section\">\n\t\t\t\t\t\t<div class=\"elementor-container elementor-column-gap-default\">\n\t\t\t\t\t<div class=\"elementor-column elementor-col-100 elementor-top-column elementor-element elementor-element-c4e5aaf\" data-id=\"c4e5aaf\" data-element_type=\"column\" data-e-type=\"column\">\n\t\t\t<div class=\"elementor-widget-wrap elementor-element-populated\">\n\t\t\t\t\t\t<div class=\"elementor-element elementor-element-c9aa9c5 elementor-widget elementor-widget-text-editor\" data-id=\"c9aa9c5\" data-element_type=\"widget\" data-e-type=\"widget\" data-widget_type=\"text-editor.default\">\n\t\t\t\t<div class=\"elementor-widget-container\">\n\t\t\t\t\t\t\t\t\t<p data-start=\"400\" data-end=\"745\">Los nombres de <strong data-start=\"415\" data-end=\"438\">T\u00e9you y Guillo Rist<\/strong> empiezan a sonar con fuerza fuera de la academia. Tras su participaci\u00f3n en <em data-start=\"514\" data-end=\"538\">Operaci\u00f3n Triunfo 2025<\/em>, ambos artistas han estrenado en semanas consecutivas sus primeros singles oficiales, dando forma a universos musicales propios y dejando claro que esta nueva etapa va mucho m\u00e1s all\u00e1 del formato televisivo.<\/p><p data-start=\"747\" data-end=\"1299\">La semana pasada fue <strong data-start=\"768\" data-end=\"777\">T\u00e9you<\/strong> quien dio el primer paso con <em data-start=\"807\" data-end=\"817\">Algo m\u00edo<\/em>, una canci\u00f3n que funciona como punto de partida emocional y creativo. El tema, producido por <strong data-start=\"911\" data-end=\"920\">BLAYA<\/strong>, se mueve entre el pop \u00edntimo y los matices electr\u00f3nicos, y nace desde un lugar de introspecci\u00f3n y calma. Escrita en parte durante su paso por el programa, la canci\u00f3n refleja la necesidad de reconectar con lo esencial, soltar la autoexigencia y permitirse sentir sin miedo. T\u00e9you construye as\u00ed un debut honesto, delicado y muy alineado con una nueva generaci\u00f3n de pop emocional.<\/p>\t\t\t\t\t\t\t\t<\/div>\n\t\t\t\t<\/div>\n\t\t\t\t\t<\/div>\n\t\t<\/div>\n\t\t\t\t\t<\/div>\n\t\t<\/section>\n\t\t\t\t<section class=\"elementor-section elementor-top-section elementor-element elementor-element-5c475ea elementor-section-boxed elementor-section-height-default elementor-section-height-default\" data-id=\"5c475ea\" data-element_type=\"section\" data-e-type=\"section\">\n\t\t\t\t\t\t<div class=\"elementor-container elementor-column-gap-default\">\n\t\t\t\t\t<div class=\"elementor-column elementor-col-50 elementor-top-column elementor-element elementor-element-a3c4fbd\" data-id=\"a3c4fbd\" data-element_type=\"column\" data-e-type=\"column\">\n\t\t\t<div class=\"elementor-widget-wrap elementor-element-populated\">\n\t\t\t\t\t\t<div class=\"elementor-element elementor-element-d4a756a elementor-widget elementor-widget-image\" data-id=\"d4a756a\" data-element_type=\"widget\" data-e-type=\"widget\" data-widget_type=\"image.default\">\n\t\t\t\t<div class=\"elementor-widget-container\">\n\t\t\t\t\t\t\t\t\t\t\t\t\t\t\t<img fetchpriority=\"high\" decoding=\"async\" width=\"640\" height=\"640\" src=\"https:\/\/unaymilletras.com\/wp-content\/uploads\/2026\/01\/09-TEYOU-FINAL-1024x1024.jpg\" class=\"attachment-large size-large wp-image-7104\" alt=\"T\u00e9you\" srcset=\"https:\/\/unaymilletras.com\/wp-content\/uploads\/2026\/01\/09-TEYOU-FINAL-1024x1024.jpg 1024w, https:\/\/unaymilletras.com\/wp-content\/uploads\/2026\/01\/09-TEYOU-FINAL-300x300.jpg 300w, https:\/\/unaymilletras.com\/wp-content\/uploads\/2026\/01\/09-TEYOU-FINAL-150x150.jpg 150w, https:\/\/unaymilletras.com\/wp-content\/uploads\/2026\/01\/09-TEYOU-FINAL-768x768.jpg 768w, https:\/\/unaymilletras.com\/wp-content\/uploads\/2026\/01\/09-TEYOU-FINAL-1536x1536.jpg 1536w, https:\/\/unaymilletras.com\/wp-content\/uploads\/2026\/01\/09-TEYOU-FINAL-2048x2048.jpg 2048w, https:\/\/unaymilletras.com\/wp-content\/uploads\/2026\/01\/09-TEYOU-FINAL-12x12.jpg 12w, https:\/\/unaymilletras.com\/wp-content\/uploads\/2026\/01\/09-TEYOU-FINAL-scaled-e1769172387921.jpg 600w\" sizes=\"(max-width: 640px) 100vw, 640px\" \/>\t\t\t\t\t\t\t\t\t\t\t\t\t\t\t<\/div>\n\t\t\t\t<\/div>\n\t\t\t\t\t<\/div>\n\t\t<\/div>\n\t\t\t\t<div class=\"elementor-column elementor-col-50 elementor-top-column elementor-element elementor-element-dfd82f5\" data-id=\"dfd82f5\" data-element_type=\"column\" data-e-type=\"column\">\n\t\t\t<div class=\"elementor-widget-wrap elementor-element-populated\">\n\t\t\t\t\t\t<div class=\"elementor-element elementor-element-9e89357 elementor-widget elementor-widget-image\" data-id=\"9e89357\" data-element_type=\"widget\" data-e-type=\"widget\" data-widget_type=\"image.default\">\n\t\t\t\t<div class=\"elementor-widget-container\">\n\t\t\t\t\t\t\t\t\t\t\t\t\t\t\t<img decoding=\"async\" width=\"640\" height=\"640\" src=\"https:\/\/unaymilletras.com\/wp-content\/uploads\/2026\/01\/11-GUILLO-v4-1-1024x1024.jpg\" class=\"attachment-large size-large wp-image-7103\" alt=\"Guillo Rist\" srcset=\"https:\/\/unaymilletras.com\/wp-content\/uploads\/2026\/01\/11-GUILLO-v4-1-1024x1024.jpg 1024w, https:\/\/unaymilletras.com\/wp-content\/uploads\/2026\/01\/11-GUILLO-v4-1-300x300.jpg 300w, https:\/\/unaymilletras.com\/wp-content\/uploads\/2026\/01\/11-GUILLO-v4-1-150x150.jpg 150w, https:\/\/unaymilletras.com\/wp-content\/uploads\/2026\/01\/11-GUILLO-v4-1-768x768.jpg 768w, https:\/\/unaymilletras.com\/wp-content\/uploads\/2026\/01\/11-GUILLO-v4-1-1536x1536.jpg 1536w, https:\/\/unaymilletras.com\/wp-content\/uploads\/2026\/01\/11-GUILLO-v4-1-2048x2048.jpg 2048w, https:\/\/unaymilletras.com\/wp-content\/uploads\/2026\/01\/11-GUILLO-v4-1-12x12.jpg 12w, https:\/\/unaymilletras.com\/wp-content\/uploads\/2026\/01\/11-GUILLO-v4-1-scaled-e1769172374817.jpg 600w\" sizes=\"(max-width: 640px) 100vw, 640px\" \/>\t\t\t\t\t\t\t\t\t\t\t\t\t\t\t<\/div>\n\t\t\t\t<\/div>\n\t\t\t\t\t<\/div>\n\t\t<\/div>\n\t\t\t\t\t<\/div>\n\t\t<\/section>\n\t\t\t\t<section class=\"elementor-section elementor-top-section elementor-element elementor-element-0619227 elementor-section-boxed elementor-section-height-default elementor-section-height-default\" data-id=\"0619227\" data-element_type=\"section\" data-e-type=\"section\">\n\t\t\t\t\t\t<div class=\"elementor-container elementor-column-gap-default\">\n\t\t\t\t\t<div class=\"elementor-column elementor-col-100 elementor-top-column elementor-element elementor-element-937262f\" data-id=\"937262f\" data-element_type=\"column\" data-e-type=\"column\">\n\t\t\t<div class=\"elementor-widget-wrap elementor-element-populated\">\n\t\t\t\t\t\t<div class=\"elementor-element elementor-element-b61c4ba elementor-widget elementor-widget-text-editor\" data-id=\"b61c4ba\" data-element_type=\"widget\" data-e-type=\"widget\" data-widget_type=\"text-editor.default\">\n\t\t\t\t<div class=\"elementor-widget-container\">\n\t\t\t\t\t\t\t\t\t<p data-start=\"1301\" data-end=\"1794\">Pocos d\u00edas despu\u00e9s, <strong data-start=\"1321\" data-end=\"1336\">Guillo Rist<\/strong> toma el relevo con <em data-start=\"1356\" data-end=\"1362\">MUTE<\/em>, un primer single que explora justo lo contrario: el ruido interno que aparece cuando todo se detiene. Producida por <strong data-start=\"1480\" data-end=\"1493\">Scotty DK<\/strong> y coescrita junto a <strong data-start=\"1514\" data-end=\"1531\">Yaren Guill\u00e9n<\/strong>, la canci\u00f3n se apoya en una base pop con pulsi\u00f3n dance que contrasta con su carga introspectiva. El silencio, la confusi\u00f3n y la pausa se convierten en protagonistas de un tema que no busca respuestas inmediatas, sino habitar el proceso y transformarlo en m\u00fasica.<\/p><p data-start=\"1796\" data-end=\"2096\" data-is-last-node=\"\" data-is-only-node=\"\">Con estos lanzamientos, <strong data-start=\"1820\" data-end=\"1843\">T\u00e9you y Guillo Rist<\/strong> comienzan a definir su identidad art\u00edstica tras <em data-start=\"1892\" data-end=\"1916\">Operaci\u00f3n Triunfo 2025<\/em>. Dos debuts distintos, pero unidos por una misma idea: usar la m\u00fasica como espacio de verdad, exploraci\u00f3n y libertad creativa, marcando el inicio real de sus caminos en solitario<\/p>\t\t\t\t\t\t\t\t<\/div>\n\t\t\t\t<\/div>\n\t\t\t\t\t<\/div>\n\t\t<\/div>\n\t\t\t\t\t<\/div>\n\t\t<\/section>\n\t\t\t\t<\/div>","protected":false},"excerpt":{"rendered":"<p>Los primeros singles de T\u00e9you y Guillo Rist muestran dos caminos personales y complementarios despu\u00e9s de OT 2025 Los nombres de T\u00e9you y Guillo Rist empiezan a sonar con fuerza fuera de la academia. Tras su participaci\u00f3n en Operaci\u00f3n Triunfo 2025, ambos artistas han estrenado en semanas consecutivas sus primeros singles oficiales, dando forma a [&hellip;]<\/p>\n","protected":false},"author":6,"featured_media":7104,"comment_status":"closed","ping_status":"closed","sticky":false,"template":"","format":"standard","meta":{"footnotes":""},"categories":[4],"tags":[],"class_list":["post-7098","post","type-post","status-publish","format-standard","has-post-thumbnail","hentry","category-musica"],"yoast_head":"<!-- This site is optimized with the Yoast SEO plugin v27.4 - https:\/\/yoast.com\/product\/yoast-seo-wordpress\/ -->\n<title>T\u00e9you y Guillo Rist abren una nueva etapa tras la academia<\/title>\n<meta name=\"description\" content=\"Los primeros singles de T\u00e9you y Guillo Rist muestran dos caminos personales y complementarios despu\u00e9s de su paso por Operaci\u00f3n Triunfo 2025\" \/>\n<meta name=\"robots\" content=\"index, follow, max-snippet:-1, max-image-preview:large, max-video-preview:-1\" \/>\n<link rel=\"canonical\" href=\"https:\/\/unaymilletras.com\/en\/teyou-y-guillo-rist-abren-una-nueva-etapa-tras-la-academia\/\" \/>\n<meta property=\"og:locale\" content=\"en_GB\" \/>\n<meta property=\"og:type\" content=\"article\" \/>\n<meta property=\"og:title\" content=\"T\u00e9you y Guillo Rist abren una nueva etapa tras la academia\" \/>\n<meta property=\"og:description\" content=\"Los primeros singles de T\u00e9you y Guillo Rist muestran dos caminos personales y complementarios despu\u00e9s de su paso por Operaci\u00f3n Triunfo 2025\" \/>\n<meta property=\"og:url\" content=\"https:\/\/unaymilletras.com\/en\/teyou-y-guillo-rist-abren-una-nueva-etapa-tras-la-academia\/\" \/>\n<meta property=\"og:site_name\" content=\"Una y Mil Letras\" \/>\n<meta property=\"article:published_time\" content=\"2026-01-23T09:00:00+00:00\" \/>\n<meta property=\"article:modified_time\" content=\"2026-01-23T12:50:04+00:00\" \/>\n<meta property=\"og:image\" content=\"http:\/\/unaymilletras.com\/wp-content\/uploads\/2026\/01\/09-TEYOU-FINAL-scaled-e1769172387921.jpg\" \/>\n\t<meta property=\"og:image:width\" content=\"600\" \/>\n\t<meta property=\"og:image:height\" content=\"600\" \/>\n\t<meta property=\"og:image:type\" content=\"image\/jpeg\" \/>\n<meta name=\"author\" content=\"Redacci\u00f3n\" \/>\n<meta name=\"twitter:card\" content=\"summary_large_image\" \/>\n<meta name=\"twitter:creator\" content=\"@UnaYMilLetras\" \/>\n<meta name=\"twitter:site\" content=\"@UnaYMilLetras\" \/>\n<meta name=\"twitter:label1\" content=\"Written by\" \/>\n\t<meta name=\"twitter:data1\" content=\"Redacci\u00f3n\" \/>\n\t<meta name=\"twitter:label2\" content=\"Estimated reading time\" \/>\n\t<meta name=\"twitter:data2\" content=\"2 minutes\" \/>\n<script type=\"application\/ld+json\" class=\"yoast-schema-graph\">{\"@context\":\"https:\\\/\\\/schema.org\",\"@graph\":[{\"@type\":\"Article\",\"@id\":\"https:\\\/\\\/unaymilletras.com\\\/teyou-y-guillo-rist-abren-una-nueva-etapa-tras-la-academia\\\/#article\",\"isPartOf\":{\"@id\":\"https:\\\/\\\/unaymilletras.com\\\/teyou-y-guillo-rist-abren-una-nueva-etapa-tras-la-academia\\\/\"},\"author\":{\"name\":\"Redacci\u00f3n\",\"@id\":\"http:\\\/\\\/unaymilletras.com\\\/#\\\/schema\\\/person\\\/0860dc8a218329991ee2c7591f4f849d\"},\"headline\":\"T\u00e9you y Guillo Rist abren una nueva etapa tras la academia\",\"datePublished\":\"2026-01-23T09:00:00+00:00\",\"dateModified\":\"2026-01-23T12:50:04+00:00\",\"mainEntityOfPage\":{\"@id\":\"https:\\\/\\\/unaymilletras.com\\\/teyou-y-guillo-rist-abren-una-nueva-etapa-tras-la-academia\\\/\"},\"wordCount\":326,\"publisher\":{\"@id\":\"http:\\\/\\\/unaymilletras.com\\\/#organization\"},\"image\":{\"@id\":\"https:\\\/\\\/unaymilletras.com\\\/teyou-y-guillo-rist-abren-una-nueva-etapa-tras-la-academia\\\/#primaryimage\"},\"thumbnailUrl\":\"https:\\\/\\\/unaymilletras.com\\\/wp-content\\\/uploads\\\/2026\\\/01\\\/09-TEYOU-FINAL-scaled-e1769172387921.jpg\",\"articleSection\":[\"M\u00fasica\"],\"inLanguage\":\"en-GB\"},{\"@type\":\"WebPage\",\"@id\":\"https:\\\/\\\/unaymilletras.com\\\/teyou-y-guillo-rist-abren-una-nueva-etapa-tras-la-academia\\\/\",\"url\":\"https:\\\/\\\/unaymilletras.com\\\/teyou-y-guillo-rist-abren-una-nueva-etapa-tras-la-academia\\\/\",\"name\":\"T\u00e9you y Guillo Rist abren una nueva etapa tras la academia\",\"isPartOf\":{\"@id\":\"http:\\\/\\\/unaymilletras.com\\\/#website\"},\"primaryImageOfPage\":{\"@id\":\"https:\\\/\\\/unaymilletras.com\\\/teyou-y-guillo-rist-abren-una-nueva-etapa-tras-la-academia\\\/#primaryimage\"},\"image\":{\"@id\":\"https:\\\/\\\/unaymilletras.com\\\/teyou-y-guillo-rist-abren-una-nueva-etapa-tras-la-academia\\\/#primaryimage\"},\"thumbnailUrl\":\"https:\\\/\\\/unaymilletras.com\\\/wp-content\\\/uploads\\\/2026\\\/01\\\/09-TEYOU-FINAL-scaled-e1769172387921.jpg\",\"datePublished\":\"2026-01-23T09:00:00+00:00\",\"dateModified\":\"2026-01-23T12:50:04+00:00\",\"description\":\"Los primeros singles de T\u00e9you y Guillo Rist muestran dos caminos personales y complementarios despu\u00e9s de su paso por Operaci\u00f3n Triunfo 2025\",\"breadcrumb\":{\"@id\":\"https:\\\/\\\/unaymilletras.com\\\/teyou-y-guillo-rist-abren-una-nueva-etapa-tras-la-academia\\\/#breadcrumb\"},\"inLanguage\":\"en-GB\",\"potentialAction\":[{\"@type\":\"ReadAction\",\"target\":[\"https:\\\/\\\/unaymilletras.com\\\/teyou-y-guillo-rist-abren-una-nueva-etapa-tras-la-academia\\\/\"]}]},{\"@type\":\"ImageObject\",\"inLanguage\":\"en-GB\",\"@id\":\"https:\\\/\\\/unaymilletras.com\\\/teyou-y-guillo-rist-abren-una-nueva-etapa-tras-la-academia\\\/#primaryimage\",\"url\":\"https:\\\/\\\/unaymilletras.com\\\/wp-content\\\/uploads\\\/2026\\\/01\\\/09-TEYOU-FINAL-scaled-e1769172387921.jpg\",\"contentUrl\":\"https:\\\/\\\/unaymilletras.com\\\/wp-content\\\/uploads\\\/2026\\\/01\\\/09-TEYOU-FINAL-scaled-e1769172387921.jpg\",\"width\":600,\"height\":600,\"caption\":\"T\u00e9you\"},{\"@type\":\"BreadcrumbList\",\"@id\":\"https:\\\/\\\/unaymilletras.com\\\/teyou-y-guillo-rist-abren-una-nueva-etapa-tras-la-academia\\\/#breadcrumb\",\"itemListElement\":[{\"@type\":\"ListItem\",\"position\":1,\"name\":\"Home\",\"item\":\"http:\\\/\\\/unaymilletras.com\\\/\"},{\"@type\":\"ListItem\",\"position\":2,\"name\":\"T\u00e9you y Guillo Rist abren una nueva etapa tras la academia\"}]},{\"@type\":\"WebSite\",\"@id\":\"http:\\\/\\\/unaymilletras.com\\\/#website\",\"url\":\"http:\\\/\\\/unaymilletras.com\\\/\",\"name\":\"Una y Mil Letras\",\"description\":\"\",\"publisher\":{\"@id\":\"http:\\\/\\\/unaymilletras.com\\\/#organization\"},\"potentialAction\":[{\"@type\":\"SearchAction\",\"target\":{\"@type\":\"EntryPoint\",\"urlTemplate\":\"http:\\\/\\\/unaymilletras.com\\\/?s={search_term_string}\"},\"query-input\":{\"@type\":\"PropertyValueSpecification\",\"valueRequired\":true,\"valueName\":\"search_term_string\"}}],\"inLanguage\":\"en-GB\"},{\"@type\":\"Organization\",\"@id\":\"http:\\\/\\\/unaymilletras.com\\\/#organization\",\"name\":\"Una y Mil Letras\",\"url\":\"http:\\\/\\\/unaymilletras.com\\\/\",\"logo\":{\"@type\":\"ImageObject\",\"inLanguage\":\"en-GB\",\"@id\":\"http:\\\/\\\/unaymilletras.com\\\/#\\\/schema\\\/logo\\\/image\\\/\",\"url\":\"https:\\\/\\\/unaymilletras.com\\\/wp-content\\\/uploads\\\/2024\\\/06\\\/cropped-Logo-removebg-preview.png\",\"contentUrl\":\"https:\\\/\\\/unaymilletras.com\\\/wp-content\\\/uploads\\\/2024\\\/06\\\/cropped-Logo-removebg-preview.png\",\"width\":512,\"height\":512,\"caption\":\"Una y Mil Letras\"},\"image\":{\"@id\":\"http:\\\/\\\/unaymilletras.com\\\/#\\\/schema\\\/logo\\\/image\\\/\"},\"sameAs\":[\"https:\\\/\\\/x.com\\\/UnaYMilLetras\",\"https:\\\/\\\/instagram.com\\\/UnaYMilLetras\"]},{\"@type\":\"Person\",\"@id\":\"http:\\\/\\\/unaymilletras.com\\\/#\\\/schema\\\/person\\\/0860dc8a218329991ee2c7591f4f849d\",\"name\":\"Redacci\u00f3n\",\"image\":{\"@type\":\"ImageObject\",\"inLanguage\":\"en-GB\",\"@id\":\"https:\\\/\\\/secure.gravatar.com\\\/avatar\\\/d8f55e05a8b6597e45c55a1dcbdbfe44f4a360d88b48e00de5216a79b7732796?s=96&d=mm&r=g\",\"url\":\"https:\\\/\\\/secure.gravatar.com\\\/avatar\\\/d8f55e05a8b6597e45c55a1dcbdbfe44f4a360d88b48e00de5216a79b7732796?s=96&d=mm&r=g\",\"contentUrl\":\"https:\\\/\\\/secure.gravatar.com\\\/avatar\\\/d8f55e05a8b6597e45c55a1dcbdbfe44f4a360d88b48e00de5216a79b7732796?s=96&d=mm&r=g\",\"caption\":\"Redacci\u00f3n\"},\"url\":\"https:\\\/\\\/unaymilletras.com\\\/en\\\/author\\\/redaccion\\\/\"}]}<\/script>\n<!-- \/ Yoast SEO plugin. -->","yoast_head_json":{"title":"T\u00e9you y Guillo Rist abren una nueva etapa tras la academia","description":"Los primeros singles de T\u00e9you y Guillo Rist muestran dos caminos personales y complementarios despu\u00e9s de su paso por Operaci\u00f3n Triunfo 2025","robots":{"index":"index","follow":"follow","max-snippet":"max-snippet:-1","max-image-preview":"max-image-preview:large","max-video-preview":"max-video-preview:-1"},"canonical":"https:\/\/unaymilletras.com\/en\/teyou-y-guillo-rist-abren-una-nueva-etapa-tras-la-academia\/","og_locale":"en_GB","og_type":"article","og_title":"T\u00e9you y Guillo Rist abren una nueva etapa tras la academia","og_description":"Los primeros singles de T\u00e9you y Guillo Rist muestran dos caminos personales y complementarios despu\u00e9s de su paso por Operaci\u00f3n Triunfo 2025","og_url":"https:\/\/unaymilletras.com\/en\/teyou-y-guillo-rist-abren-una-nueva-etapa-tras-la-academia\/","og_site_name":"Una y Mil Letras","article_published_time":"2026-01-23T09:00:00+00:00","article_modified_time":"2026-01-23T12:50:04+00:00","og_image":[{"width":600,"height":600,"url":"http:\/\/unaymilletras.com\/wp-content\/uploads\/2026\/01\/09-TEYOU-FINAL-scaled-e1769172387921.jpg","type":"image\/jpeg"}],"author":"Redacci\u00f3n","twitter_card":"summary_large_image","twitter_creator":"@UnaYMilLetras","twitter_site":"@UnaYMilLetras","twitter_misc":{"Written by":"Redacci\u00f3n","Estimated reading time":"2 minutes"},"schema":{"@context":"https:\/\/schema.org","@graph":[{"@type":"Article","@id":"https:\/\/unaymilletras.com\/teyou-y-guillo-rist-abren-una-nueva-etapa-tras-la-academia\/#article","isPartOf":{"@id":"https:\/\/unaymilletras.com\/teyou-y-guillo-rist-abren-una-nueva-etapa-tras-la-academia\/"},"author":{"name":"Redacci\u00f3n","@id":"http:\/\/unaymilletras.com\/#\/schema\/person\/0860dc8a218329991ee2c7591f4f849d"},"headline":"T\u00e9you y Guillo Rist abren una nueva etapa tras la academia","datePublished":"2026-01-23T09:00:00+00:00","dateModified":"2026-01-23T12:50:04+00:00","mainEntityOfPage":{"@id":"https:\/\/unaymilletras.com\/teyou-y-guillo-rist-abren-una-nueva-etapa-tras-la-academia\/"},"wordCount":326,"publisher":{"@id":"http:\/\/unaymilletras.com\/#organization"},"image":{"@id":"https:\/\/unaymilletras.com\/teyou-y-guillo-rist-abren-una-nueva-etapa-tras-la-academia\/#primaryimage"},"thumbnailUrl":"https:\/\/unaymilletras.com\/wp-content\/uploads\/2026\/01\/09-TEYOU-FINAL-scaled-e1769172387921.jpg","articleSection":["M\u00fasica"],"inLanguage":"en-GB"},{"@type":"WebPage","@id":"https:\/\/unaymilletras.com\/teyou-y-guillo-rist-abren-una-nueva-etapa-tras-la-academia\/","url":"https:\/\/unaymilletras.com\/teyou-y-guillo-rist-abren-una-nueva-etapa-tras-la-academia\/","name":"T\u00e9you y Guillo Rist abren una nueva etapa tras la academia","isPartOf":{"@id":"http:\/\/unaymilletras.com\/#website"},"primaryImageOfPage":{"@id":"https:\/\/unaymilletras.com\/teyou-y-guillo-rist-abren-una-nueva-etapa-tras-la-academia\/#primaryimage"},"image":{"@id":"https:\/\/unaymilletras.com\/teyou-y-guillo-rist-abren-una-nueva-etapa-tras-la-academia\/#primaryimage"},"thumbnailUrl":"https:\/\/unaymilletras.com\/wp-content\/uploads\/2026\/01\/09-TEYOU-FINAL-scaled-e1769172387921.jpg","datePublished":"2026-01-23T09:00:00+00:00","dateModified":"2026-01-23T12:50:04+00:00","description":"Los primeros singles de T\u00e9you y Guillo Rist muestran dos caminos personales y complementarios despu\u00e9s de su paso por Operaci\u00f3n Triunfo 2025","breadcrumb":{"@id":"https:\/\/unaymilletras.com\/teyou-y-guillo-rist-abren-una-nueva-etapa-tras-la-academia\/#breadcrumb"},"inLanguage":"en-GB","potentialAction":[{"@type":"ReadAction","target":["https:\/\/unaymilletras.com\/teyou-y-guillo-rist-abren-una-nueva-etapa-tras-la-academia\/"]}]},{"@type":"ImageObject","inLanguage":"en-GB","@id":"https:\/\/unaymilletras.com\/teyou-y-guillo-rist-abren-una-nueva-etapa-tras-la-academia\/#primaryimage","url":"https:\/\/unaymilletras.com\/wp-content\/uploads\/2026\/01\/09-TEYOU-FINAL-scaled-e1769172387921.jpg","contentUrl":"https:\/\/unaymilletras.com\/wp-content\/uploads\/2026\/01\/09-TEYOU-FINAL-scaled-e1769172387921.jpg","width":600,"height":600,"caption":"T\u00e9you"},{"@type":"BreadcrumbList","@id":"https:\/\/unaymilletras.com\/teyou-y-guillo-rist-abren-una-nueva-etapa-tras-la-academia\/#breadcrumb","itemListElement":[{"@type":"ListItem","position":1,"name":"Home","item":"http:\/\/unaymilletras.com\/"},{"@type":"ListItem","position":2,"name":"T\u00e9you y Guillo Rist abren una nueva etapa tras la academia"}]},{"@type":"WebSite","@id":"http:\/\/unaymilletras.com\/#website","url":"http:\/\/unaymilletras.com\/","name":"Una y Mil Letras","description":"","publisher":{"@id":"http:\/\/unaymilletras.com\/#organization"},"potentialAction":[{"@type":"SearchAction","target":{"@type":"EntryPoint","urlTemplate":"http:\/\/unaymilletras.com\/?s={search_term_string}"},"query-input":{"@type":"PropertyValueSpecification","valueRequired":true,"valueName":"search_term_string"}}],"inLanguage":"en-GB"},{"@type":"Organization","@id":"http:\/\/unaymilletras.com\/#organization","name":"Una y Mil Letras","url":"http:\/\/unaymilletras.com\/","logo":{"@type":"ImageObject","inLanguage":"en-GB","@id":"http:\/\/unaymilletras.com\/#\/schema\/logo\/image\/","url":"https:\/\/unaymilletras.com\/wp-content\/uploads\/2024\/06\/cropped-Logo-removebg-preview.png","contentUrl":"https:\/\/unaymilletras.com\/wp-content\/uploads\/2024\/06\/cropped-Logo-removebg-preview.png","width":512,"height":512,"caption":"Una y Mil Letras"},"image":{"@id":"http:\/\/unaymilletras.com\/#\/schema\/logo\/image\/"},"sameAs":["https:\/\/x.com\/UnaYMilLetras","https:\/\/instagram.com\/UnaYMilLetras"]},{"@type":"Person","@id":"http:\/\/unaymilletras.com\/#\/schema\/person\/0860dc8a218329991ee2c7591f4f849d","name":"Redacci\u00f3n","image":{"@type":"ImageObject","inLanguage":"en-GB","@id":"https:\/\/secure.gravatar.com\/avatar\/d8f55e05a8b6597e45c55a1dcbdbfe44f4a360d88b48e00de5216a79b7732796?s=96&d=mm&r=g","url":"https:\/\/secure.gravatar.com\/avatar\/d8f55e05a8b6597e45c55a1dcbdbfe44f4a360d88b48e00de5216a79b7732796?s=96&d=mm&r=g","contentUrl":"https:\/\/secure.gravatar.com\/avatar\/d8f55e05a8b6597e45c55a1dcbdbfe44f4a360d88b48e00de5216a79b7732796?s=96&d=mm&r=g","caption":"Redacci\u00f3n"},"url":"https:\/\/unaymilletras.com\/en\/author\/redaccion\/"}]}},"_links":{"self":[{"href":"https:\/\/unaymilletras.com\/en\/wp-json\/wp\/v2\/posts\/7098","targetHints":{"allow":["GET"]}}],"collection":[{"href":"https:\/\/unaymilletras.com\/en\/wp-json\/wp\/v2\/posts"}],"about":[{"href":"https:\/\/unaymilletras.com\/en\/wp-json\/wp\/v2\/types\/post"}],"author":[{"embeddable":true,"href":"https:\/\/unaymilletras.com\/en\/wp-json\/wp\/v2\/users\/6"}],"replies":[{"embeddable":true,"href":"https:\/\/unaymilletras.com\/en\/wp-json\/wp\/v2\/comments?post=7098"}],"version-history":[{"count":7,"href":"https:\/\/unaymilletras.com\/en\/wp-json\/wp\/v2\/posts\/7098\/revisions"}],"predecessor-version":[{"id":7107,"href":"https:\/\/unaymilletras.com\/en\/wp-json\/wp\/v2\/posts\/7098\/revisions\/7107"}],"wp:featuredmedia":[{"embeddable":true,"href":"https:\/\/unaymilletras.com\/en\/wp-json\/wp\/v2\/media\/7104"}],"wp:attachment":[{"href":"https:\/\/unaymilletras.com\/en\/wp-json\/wp\/v2\/media?parent=7098"}],"wp:term":[{"taxonomy":"category","embeddable":true,"href":"https:\/\/unaymilletras.com\/en\/wp-json\/wp\/v2\/categories?post=7098"},{"taxonomy":"post_tag","embeddable":true,"href":"https:\/\/unaymilletras.com\/en\/wp-json\/wp\/v2\/tags?post=7098"}],"curies":[{"name":"wp","href":"https:\/\/api.w.org\/{rel}","templated":true}]}}