{"id":71,"date":"2020-04-12T15:02:02","date_gmt":"2020-04-12T15:02:02","guid":{"rendered":"https:\/\/unaymilletras.wordpress.com\/?p=71"},"modified":"2023-05-06T14:08:37","modified_gmt":"2023-05-06T14:08:37","slug":"71-2","status":"publish","type":"post","link":"https:\/\/unaymilletras.com\/en\/71-2\/","title":{"rendered":"Futbolista e influencer, la combinaci\u00f3n perfecta"},"content":{"rendered":"<p>Desde hace ya m\u00e1s de cinco meses se ha podido ver a <a href=\"https:\/\/www.instagram.com\/martaa_diiaz\/\">Marta D\u00edaz<\/a>, influencer que cuenta con dos millones de seguidores en Instagram y m\u00e1s de un mill\u00f3n y medio de suscriptores en su <a href=\"https:\/\/www.youtube.com\/channel\/UCF1h4Bry3S9fL12D15H5P7Q\">canal de YouTube,<\/a> con <a href=\"https:\/\/www.instagram.com\/sergioregui\/\">Sergio Reguil\u00f3n<\/a>, jugador del Real Madrid cedido al Sevillal FC, juntos. Pero no ha sido hasta hace un par de d\u00edas cuando ambos han decidido publicar una foto en sus cuentas de Instagram convirtiendo su evidente relaci\u00f3n en algo oficial. \u00ab<em>Por fin puedo oficializar lo que muchos sospech\u00e1bais. Hoy os quiero presentar a una de las personas m\u00e1s importante de mi vida. Te amo peque\u00f1a \ud83d\udc9b<\/em>\u00ab, escrib\u00eda \u00e9l bajo su foto. Su relaci\u00f3n siempre fue algo sospechado y, sobre todo, aceptada por todos. M\u00e1s de una vez se ha podido ver la buena amistad que tiene Reguil\u00f3n con el hermano de la influencer, el conocido <em>youtuber <\/em><a href=\"https:\/\/www.youtube.com\/user\/AlphaSniper97\">Alphasniper97<\/a>, que, adem\u00e1s, fue el primero en mostrar su apoyo a la pareja en la foto que public\u00f3 Marta.<\/p>\n\n\n\n<figure class=\"wp-block-gallery columns-1 is-cropped wp-block-gallery-1 is-layout-flex wp-block-gallery-is-layout-flex\"><ul class=\"blocks-gallery-grid\"><li class=\"blocks-gallery-item\"><figure><img fetchpriority=\"high\" decoding=\"async\" width=\"802\" height=\"585\" src=\"http:\/\/unaymilletras.com\/wp-content\/uploads\/2020\/04\/2020-04-11.png?w=802\" alt=\"\" data-id=\"78\" data-link=\"https:\/\/unaymilletras.wordpress.com\/2020-04-11\/\" class=\"wp-image-78\" srcset=\"https:\/\/unaymilletras.com\/wp-content\/uploads\/2020\/04\/2020-04-11.png 802w, https:\/\/unaymilletras.com\/wp-content\/uploads\/2020\/04\/2020-04-11-300x219.png 300w, https:\/\/unaymilletras.com\/wp-content\/uploads\/2020\/04\/2020-04-11-768x560.png 768w\" sizes=\"(max-width: 802px) 100vw, 802px\" \/><\/figure><\/li><\/ul><\/figure>\n\n\n\n<p>Como ella misma ha dicho, esta relaci\u00f3n era \u00abun secreto a voces\u00bb pues han acudido a numerosos eventos juntos, como por ejemplo a la boda del compa\u00f1ero de equipo de Reguil\u00f3n, Sergio Ramos; los premios MTV celebrados en Sevilla en 2019; partidos de tenis en <em>La caja m\u00e1gica<\/em> el pasado a\u00f1o; y el directo de Instagram que hicieron tanto Marta como Alpha y Reguil\u00f3n, los tres juntos, en la misma casa.<\/p>\n\n\n\n<p>A pesar de que ambos parecen pertenecer a mundos completamente distintos no son tantas las cosas que les alejan. El futbolista fue fichado hace un a\u00f1o por uno de los clubes de esports m\u00e1s importantes del pa\u00eds, Team Heretics. Adem\u00e1s, durante la cuarentena se ha propuesto ameniz\u00e1rsela a sus seguidores haciendo directos diarios en su canal de <a href=\"https:\/\/www.twitch.tv\/sergioregui\/videos\">Twitch <\/a>como un aut\u00e9ntico streamer. Aqu\u00ed juega a diversos juegos como Fortnite, Valorant, LOL, etc. A todo ello se le puede a\u00f1adir que ha participado en varios v\u00eddeos de YouTube junto al comentarista Ibai (<a href=\"https:\/\/www.youtube.com\/watch?v=9q0MIPZiXaM\">https:\/\/www.youtube.com\/watch?v=9q0MIPZiXaM<\/a>); el <em>youtuber <\/em>TheGrefg (<a href=\"https:\/\/www.youtube.com\/watch?v=ND_nM8BoZhA&amp;t=23s\">https:\/\/www.youtube.com\/watch?v=ND_nM8BoZhA&amp;t=23s<\/a>), e incluso se ha animado a ense\u00f1ar su propio set up (<a href=\"https:\/\/www.youtube.com\/watch?v=Bhb-A4I5_Xc\">https:\/\/www.youtube.com\/watch?v=Bhb-A4I5_Xc<\/a>). <\/p>\n\n\n\n<p><\/p>","protected":false},"excerpt":{"rendered":"<p>Desde hace ya m\u00e1s de cinco meses se ha podido ver a Marta D\u00edaz, influencer que cuenta con dos millones de seguidores en Instagram y m\u00e1s de un mill\u00f3n y medio de suscriptores en su canal de YouTube, con Sergio Reguil\u00f3n, jugador del Real Madrid cedido al Sevillal FC, juntos. Pero no ha sido hasta [&hellip;]<\/p>\n","protected":false},"author":1,"featured_media":86,"comment_status":"open","ping_status":"open","sticky":false,"template":"","format":"standard","meta":{"footnotes":""},"categories":[2],"tags":[],"class_list":["post-71","post","type-post","status-publish","format-standard","has-post-thumbnail","hentry","category-celebrities"],"yoast_head":"<!-- This site is optimized with the Yoast SEO plugin v27.4 - https:\/\/yoast.com\/product\/yoast-seo-wordpress\/ -->\n<title>Futbolista e influencer, la combinaci\u00f3n perfecta &#8902; Una y Mil Letras<\/title>\n<meta name=\"robots\" content=\"index, follow, max-snippet:-1, max-image-preview:large, max-video-preview:-1\" \/>\n<link rel=\"canonical\" href=\"https:\/\/unaymilletras.com\/en\/71-2\/\" \/>\n<meta property=\"og:locale\" content=\"en_GB\" \/>\n<meta property=\"og:type\" content=\"article\" \/>\n<meta property=\"og:title\" content=\"Futbolista e influencer, la combinaci\u00f3n perfecta &#8902; Una y Mil Letras\" \/>\n<meta property=\"og:description\" content=\"Desde hace ya m\u00e1s de cinco meses se ha podido ver a Marta D\u00edaz, influencer que cuenta con dos millones de seguidores en Instagram y m\u00e1s de un mill\u00f3n y medio de suscriptores en su canal de YouTube, con Sergio Reguil\u00f3n, jugador del Real Madrid cedido al Sevillal FC, juntos. Pero no ha sido hasta [&hellip;]\" \/>\n<meta property=\"og:url\" content=\"https:\/\/unaymilletras.com\/en\/71-2\/\" \/>\n<meta property=\"og:site_name\" content=\"Una y Mil Letras\" \/>\n<meta property=\"article:published_time\" content=\"2020-04-12T15:02:02+00:00\" \/>\n<meta property=\"article:modified_time\" content=\"2023-05-06T14:08:37+00:00\" \/>\n<meta property=\"og:image\" content=\"https:\/\/unaymilletras.com\/wp-content\/uploads\/2020\/04\/b6176df61dfb274b9260c283d59dd0cc-1.png\" \/>\n\t<meta property=\"og:image:width\" content=\"944\" \/>\n\t<meta property=\"og:image:height\" content=\"626\" \/>\n\t<meta property=\"og:image:type\" content=\"image\/png\" \/>\n<meta name=\"author\" content=\"Maria Gil Robledo\" \/>\n<meta name=\"twitter:card\" content=\"summary_large_image\" \/>\n<meta name=\"twitter:creator\" content=\"@UnaYMilLetras\" \/>\n<meta name=\"twitter:site\" content=\"@UnaYMilLetras\" \/>\n<meta name=\"twitter:label1\" content=\"Written by\" \/>\n\t<meta name=\"twitter:data1\" content=\"Maria Gil Robledo\" \/>\n\t<meta name=\"twitter:label2\" content=\"Estimated reading time\" \/>\n\t<meta name=\"twitter:data2\" content=\"2 minutes\" \/>\n<script type=\"application\/ld+json\" class=\"yoast-schema-graph\">{\"@context\":\"https:\\\/\\\/schema.org\",\"@graph\":[{\"@type\":\"Article\",\"@id\":\"https:\\\/\\\/unaymilletras.com\\\/71-2\\\/#article\",\"isPartOf\":{\"@id\":\"https:\\\/\\\/unaymilletras.com\\\/71-2\\\/\"},\"author\":{\"name\":\"Maria Gil Robledo\",\"@id\":\"http:\\\/\\\/unaymilletras.com\\\/#\\\/schema\\\/person\\\/d55ba681b8a4e463d8982dbe36a5dc94\"},\"headline\":\"Futbolista e influencer, la combinaci\u00f3n perfecta\",\"datePublished\":\"2020-04-12T15:02:02+00:00\",\"dateModified\":\"2023-05-06T14:08:37+00:00\",\"mainEntityOfPage\":{\"@id\":\"https:\\\/\\\/unaymilletras.com\\\/71-2\\\/\"},\"wordCount\":404,\"commentCount\":0,\"publisher\":{\"@id\":\"http:\\\/\\\/unaymilletras.com\\\/#organization\"},\"image\":{\"@id\":\"https:\\\/\\\/unaymilletras.com\\\/71-2\\\/#primaryimage\"},\"thumbnailUrl\":\"https:\\\/\\\/unaymilletras.com\\\/wp-content\\\/uploads\\\/2020\\\/04\\\/b6176df61dfb274b9260c283d59dd0cc-1.png\",\"articleSection\":[\"Celebrities\"],\"inLanguage\":\"en-GB\",\"potentialAction\":[{\"@type\":\"CommentAction\",\"name\":\"Comment\",\"target\":[\"https:\\\/\\\/unaymilletras.com\\\/71-2\\\/#respond\"]}]},{\"@type\":\"WebPage\",\"@id\":\"https:\\\/\\\/unaymilletras.com\\\/71-2\\\/\",\"url\":\"https:\\\/\\\/unaymilletras.com\\\/71-2\\\/\",\"name\":\"Futbolista e influencer, la combinaci\u00f3n perfecta &#8902; Una y Mil Letras\",\"isPartOf\":{\"@id\":\"http:\\\/\\\/unaymilletras.com\\\/#website\"},\"primaryImageOfPage\":{\"@id\":\"https:\\\/\\\/unaymilletras.com\\\/71-2\\\/#primaryimage\"},\"image\":{\"@id\":\"https:\\\/\\\/unaymilletras.com\\\/71-2\\\/#primaryimage\"},\"thumbnailUrl\":\"https:\\\/\\\/unaymilletras.com\\\/wp-content\\\/uploads\\\/2020\\\/04\\\/b6176df61dfb274b9260c283d59dd0cc-1.png\",\"datePublished\":\"2020-04-12T15:02:02+00:00\",\"dateModified\":\"2023-05-06T14:08:37+00:00\",\"breadcrumb\":{\"@id\":\"https:\\\/\\\/unaymilletras.com\\\/71-2\\\/#breadcrumb\"},\"inLanguage\":\"en-GB\",\"potentialAction\":[{\"@type\":\"ReadAction\",\"target\":[\"https:\\\/\\\/unaymilletras.com\\\/71-2\\\/\"]}]},{\"@type\":\"ImageObject\",\"inLanguage\":\"en-GB\",\"@id\":\"https:\\\/\\\/unaymilletras.com\\\/71-2\\\/#primaryimage\",\"url\":\"https:\\\/\\\/unaymilletras.com\\\/wp-content\\\/uploads\\\/2020\\\/04\\\/b6176df61dfb274b9260c283d59dd0cc-1.png\",\"contentUrl\":\"https:\\\/\\\/unaymilletras.com\\\/wp-content\\\/uploads\\\/2020\\\/04\\\/b6176df61dfb274b9260c283d59dd0cc-1.png\",\"width\":944,\"height\":626},{\"@type\":\"BreadcrumbList\",\"@id\":\"https:\\\/\\\/unaymilletras.com\\\/71-2\\\/#breadcrumb\",\"itemListElement\":[{\"@type\":\"ListItem\",\"position\":1,\"name\":\"Home\",\"item\":\"http:\\\/\\\/unaymilletras.com\\\/\"},{\"@type\":\"ListItem\",\"position\":2,\"name\":\"Futbolista e influencer, la combinaci\u00f3n perfecta\"}]},{\"@type\":\"WebSite\",\"@id\":\"http:\\\/\\\/unaymilletras.com\\\/#website\",\"url\":\"http:\\\/\\\/unaymilletras.com\\\/\",\"name\":\"Una y Mil Letras\",\"description\":\"\",\"publisher\":{\"@id\":\"http:\\\/\\\/unaymilletras.com\\\/#organization\"},\"potentialAction\":[{\"@type\":\"SearchAction\",\"target\":{\"@type\":\"EntryPoint\",\"urlTemplate\":\"http:\\\/\\\/unaymilletras.com\\\/?s={search_term_string}\"},\"query-input\":{\"@type\":\"PropertyValueSpecification\",\"valueRequired\":true,\"valueName\":\"search_term_string\"}}],\"inLanguage\":\"en-GB\"},{\"@type\":\"Organization\",\"@id\":\"http:\\\/\\\/unaymilletras.com\\\/#organization\",\"name\":\"Una y Mil Letras\",\"url\":\"http:\\\/\\\/unaymilletras.com\\\/\",\"logo\":{\"@type\":\"ImageObject\",\"inLanguage\":\"en-GB\",\"@id\":\"http:\\\/\\\/unaymilletras.com\\\/#\\\/schema\\\/logo\\\/image\\\/\",\"url\":\"https:\\\/\\\/unaymilletras.com\\\/wp-content\\\/uploads\\\/2024\\\/06\\\/cropped-Logo-removebg-preview.png\",\"contentUrl\":\"https:\\\/\\\/unaymilletras.com\\\/wp-content\\\/uploads\\\/2024\\\/06\\\/cropped-Logo-removebg-preview.png\",\"width\":512,\"height\":512,\"caption\":\"Una y Mil Letras\"},\"image\":{\"@id\":\"http:\\\/\\\/unaymilletras.com\\\/#\\\/schema\\\/logo\\\/image\\\/\"},\"sameAs\":[\"https:\\\/\\\/x.com\\\/UnaYMilLetras\",\"https:\\\/\\\/instagram.com\\\/UnaYMilLetras\"]},{\"@type\":\"Person\",\"@id\":\"http:\\\/\\\/unaymilletras.com\\\/#\\\/schema\\\/person\\\/d55ba681b8a4e463d8982dbe36a5dc94\",\"name\":\"Maria Gil Robledo\",\"image\":{\"@type\":\"ImageObject\",\"inLanguage\":\"en-GB\",\"@id\":\"https:\\\/\\\/secure.gravatar.com\\\/avatar\\\/4b8e5102e0015789407eb4870b12f0f2857952d83ca124058f92b764bd1840c3?s=96&d=mm&r=g\",\"url\":\"https:\\\/\\\/secure.gravatar.com\\\/avatar\\\/4b8e5102e0015789407eb4870b12f0f2857952d83ca124058f92b764bd1840c3?s=96&d=mm&r=g\",\"contentUrl\":\"https:\\\/\\\/secure.gravatar.com\\\/avatar\\\/4b8e5102e0015789407eb4870b12f0f2857952d83ca124058f92b764bd1840c3?s=96&d=mm&r=g\",\"caption\":\"Maria Gil Robledo\"},\"sameAs\":[\"http:\\\/\\\/unaymilletras.com\"],\"url\":\"https:\\\/\\\/unaymilletras.com\\\/en\\\/author\\\/mariiagiil02_\\\/\"}]}<\/script>\n<!-- \/ Yoast SEO plugin. -->","yoast_head_json":{"title":"Futbolista e influencer, la combinaci\u00f3n perfecta &#8902; Una y Mil Letras","robots":{"index":"index","follow":"follow","max-snippet":"max-snippet:-1","max-image-preview":"max-image-preview:large","max-video-preview":"max-video-preview:-1"},"canonical":"https:\/\/unaymilletras.com\/en\/71-2\/","og_locale":"en_GB","og_type":"article","og_title":"Futbolista e influencer, la combinaci\u00f3n perfecta &#8902; Una y Mil Letras","og_description":"Desde hace ya m\u00e1s de cinco meses se ha podido ver a Marta D\u00edaz, influencer que cuenta con dos millones de seguidores en Instagram y m\u00e1s de un mill\u00f3n y medio de suscriptores en su canal de YouTube, con Sergio Reguil\u00f3n, jugador del Real Madrid cedido al Sevillal FC, juntos. Pero no ha sido hasta [&hellip;]","og_url":"https:\/\/unaymilletras.com\/en\/71-2\/","og_site_name":"Una y Mil Letras","article_published_time":"2020-04-12T15:02:02+00:00","article_modified_time":"2023-05-06T14:08:37+00:00","og_image":[{"width":944,"height":626,"url":"https:\/\/unaymilletras.com\/wp-content\/uploads\/2020\/04\/b6176df61dfb274b9260c283d59dd0cc-1.png","type":"image\/png"}],"author":"Maria Gil Robledo","twitter_card":"summary_large_image","twitter_creator":"@UnaYMilLetras","twitter_site":"@UnaYMilLetras","twitter_misc":{"Written by":"Maria Gil Robledo","Estimated reading time":"2 minutes"},"schema":{"@context":"https:\/\/schema.org","@graph":[{"@type":"Article","@id":"https:\/\/unaymilletras.com\/71-2\/#article","isPartOf":{"@id":"https:\/\/unaymilletras.com\/71-2\/"},"author":{"name":"Maria Gil Robledo","@id":"http:\/\/unaymilletras.com\/#\/schema\/person\/d55ba681b8a4e463d8982dbe36a5dc94"},"headline":"Futbolista e influencer, la combinaci\u00f3n perfecta","datePublished":"2020-04-12T15:02:02+00:00","dateModified":"2023-05-06T14:08:37+00:00","mainEntityOfPage":{"@id":"https:\/\/unaymilletras.com\/71-2\/"},"wordCount":404,"commentCount":0,"publisher":{"@id":"http:\/\/unaymilletras.com\/#organization"},"image":{"@id":"https:\/\/unaymilletras.com\/71-2\/#primaryimage"},"thumbnailUrl":"https:\/\/unaymilletras.com\/wp-content\/uploads\/2020\/04\/b6176df61dfb274b9260c283d59dd0cc-1.png","articleSection":["Celebrities"],"inLanguage":"en-GB","potentialAction":[{"@type":"CommentAction","name":"Comment","target":["https:\/\/unaymilletras.com\/71-2\/#respond"]}]},{"@type":"WebPage","@id":"https:\/\/unaymilletras.com\/71-2\/","url":"https:\/\/unaymilletras.com\/71-2\/","name":"Futbolista e influencer, la combinaci\u00f3n perfecta &#8902; Una y Mil Letras","isPartOf":{"@id":"http:\/\/unaymilletras.com\/#website"},"primaryImageOfPage":{"@id":"https:\/\/unaymilletras.com\/71-2\/#primaryimage"},"image":{"@id":"https:\/\/unaymilletras.com\/71-2\/#primaryimage"},"thumbnailUrl":"https:\/\/unaymilletras.com\/wp-content\/uploads\/2020\/04\/b6176df61dfb274b9260c283d59dd0cc-1.png","datePublished":"2020-04-12T15:02:02+00:00","dateModified":"2023-05-06T14:08:37+00:00","breadcrumb":{"@id":"https:\/\/unaymilletras.com\/71-2\/#breadcrumb"},"inLanguage":"en-GB","potentialAction":[{"@type":"ReadAction","target":["https:\/\/unaymilletras.com\/71-2\/"]}]},{"@type":"ImageObject","inLanguage":"en-GB","@id":"https:\/\/unaymilletras.com\/71-2\/#primaryimage","url":"https:\/\/unaymilletras.com\/wp-content\/uploads\/2020\/04\/b6176df61dfb274b9260c283d59dd0cc-1.png","contentUrl":"https:\/\/unaymilletras.com\/wp-content\/uploads\/2020\/04\/b6176df61dfb274b9260c283d59dd0cc-1.png","width":944,"height":626},{"@type":"BreadcrumbList","@id":"https:\/\/unaymilletras.com\/71-2\/#breadcrumb","itemListElement":[{"@type":"ListItem","position":1,"name":"Home","item":"http:\/\/unaymilletras.com\/"},{"@type":"ListItem","position":2,"name":"Futbolista e influencer, la combinaci\u00f3n perfecta"}]},{"@type":"WebSite","@id":"http:\/\/unaymilletras.com\/#website","url":"http:\/\/unaymilletras.com\/","name":"Una y Mil Letras","description":"","publisher":{"@id":"http:\/\/unaymilletras.com\/#organization"},"potentialAction":[{"@type":"SearchAction","target":{"@type":"EntryPoint","urlTemplate":"http:\/\/unaymilletras.com\/?s={search_term_string}"},"query-input":{"@type":"PropertyValueSpecification","valueRequired":true,"valueName":"search_term_string"}}],"inLanguage":"en-GB"},{"@type":"Organization","@id":"http:\/\/unaymilletras.com\/#organization","name":"Una y Mil Letras","url":"http:\/\/unaymilletras.com\/","logo":{"@type":"ImageObject","inLanguage":"en-GB","@id":"http:\/\/unaymilletras.com\/#\/schema\/logo\/image\/","url":"https:\/\/unaymilletras.com\/wp-content\/uploads\/2024\/06\/cropped-Logo-removebg-preview.png","contentUrl":"https:\/\/unaymilletras.com\/wp-content\/uploads\/2024\/06\/cropped-Logo-removebg-preview.png","width":512,"height":512,"caption":"Una y Mil Letras"},"image":{"@id":"http:\/\/unaymilletras.com\/#\/schema\/logo\/image\/"},"sameAs":["https:\/\/x.com\/UnaYMilLetras","https:\/\/instagram.com\/UnaYMilLetras"]},{"@type":"Person","@id":"http:\/\/unaymilletras.com\/#\/schema\/person\/d55ba681b8a4e463d8982dbe36a5dc94","name":"Maria Gil Robledo","image":{"@type":"ImageObject","inLanguage":"en-GB","@id":"https:\/\/secure.gravatar.com\/avatar\/4b8e5102e0015789407eb4870b12f0f2857952d83ca124058f92b764bd1840c3?s=96&d=mm&r=g","url":"https:\/\/secure.gravatar.com\/avatar\/4b8e5102e0015789407eb4870b12f0f2857952d83ca124058f92b764bd1840c3?s=96&d=mm&r=g","contentUrl":"https:\/\/secure.gravatar.com\/avatar\/4b8e5102e0015789407eb4870b12f0f2857952d83ca124058f92b764bd1840c3?s=96&d=mm&r=g","caption":"Maria Gil Robledo"},"sameAs":["http:\/\/unaymilletras.com"],"url":"https:\/\/unaymilletras.com\/en\/author\/mariiagiil02_\/"}]}},"_links":{"self":[{"href":"https:\/\/unaymilletras.com\/en\/wp-json\/wp\/v2\/posts\/71","targetHints":{"allow":["GET"]}}],"collection":[{"href":"https:\/\/unaymilletras.com\/en\/wp-json\/wp\/v2\/posts"}],"about":[{"href":"https:\/\/unaymilletras.com\/en\/wp-json\/wp\/v2\/types\/post"}],"author":[{"embeddable":true,"href":"https:\/\/unaymilletras.com\/en\/wp-json\/wp\/v2\/users\/1"}],"replies":[{"embeddable":true,"href":"https:\/\/unaymilletras.com\/en\/wp-json\/wp\/v2\/comments?post=71"}],"version-history":[{"count":1,"href":"https:\/\/unaymilletras.com\/en\/wp-json\/wp\/v2\/posts\/71\/revisions"}],"predecessor-version":[{"id":552,"href":"https:\/\/unaymilletras.com\/en\/wp-json\/wp\/v2\/posts\/71\/revisions\/552"}],"wp:featuredmedia":[{"embeddable":true,"href":"https:\/\/unaymilletras.com\/en\/wp-json\/wp\/v2\/media\/86"}],"wp:attachment":[{"href":"https:\/\/unaymilletras.com\/en\/wp-json\/wp\/v2\/media?parent=71"}],"wp:term":[{"taxonomy":"category","embeddable":true,"href":"https:\/\/unaymilletras.com\/en\/wp-json\/wp\/v2\/categories?post=71"},{"taxonomy":"post_tag","embeddable":true,"href":"https:\/\/unaymilletras.com\/en\/wp-json\/wp\/v2\/tags?post=71"}],"curies":[{"name":"wp","href":"https:\/\/api.w.org\/{rel}","templated":true}]}}