{"id":7108,"date":"2026-01-23T14:30:18","date_gmt":"2026-01-23T13:30:18","guid":{"rendered":"https:\/\/unaymilletras.com\/?p=7108"},"modified":"2026-01-23T14:32:20","modified_gmt":"2026-01-23T13:32:20","slug":"melocos-presenta-madrid-su-nuevo-single-marcado-por-la-nostalgia","status":"publish","type":"post","link":"https:\/\/unaymilletras.com\/en\/melocos-presenta-madrid-su-nuevo-single-marcado-por-la-nostalgia\/","title":{"rendered":"Melocos presenta &#8216;Madrid&#8217;, su nuevo single marcado por la nostalgia"},"content":{"rendered":"<div data-elementor-type=\"wp-post\" data-elementor-id=\"7108\" class=\"elementor elementor-7108\">\n\t\t\t\t\t\t<section class=\"elementor-section elementor-top-section elementor-element elementor-element-dae2533 elementor-section-boxed elementor-section-height-default elementor-section-height-default\" data-id=\"dae2533\" data-element_type=\"section\" data-e-type=\"section\">\n\t\t\t\t\t\t<div class=\"elementor-container elementor-column-gap-default\">\n\t\t\t\t\t<div class=\"elementor-column elementor-col-100 elementor-top-column elementor-element elementor-element-3e54ff3\" data-id=\"3e54ff3\" data-element_type=\"column\" data-e-type=\"column\">\n\t\t\t<div class=\"elementor-widget-wrap elementor-element-populated\">\n\t\t\t\t\t\t<div class=\"elementor-element elementor-element-f19e0d5 elementor-widget elementor-widget-text-editor\" data-id=\"f19e0d5\" data-element_type=\"widget\" data-e-type=\"widget\" data-widget_type=\"text-editor.default\">\n\t\t\t\t<div class=\"elementor-widget-container\">\n\t\t\t\t\t\t\t\t\t<p style=\"text-align: justify\">Melocos presenta &#8216;Madrid&#8217;, una canci\u00f3n \u00edntima y emocional que pone el foco en las despedidas, el paso del tiempo y todo lo que se queda sin decir. Un tema donde la ciudad se convierte en escenario, refugio y met\u00e1fora de una historia que no termina de cerrarse. La canci\u00f3n <a href=\"https:\/\/musicadders.ffm.to\/madridmelocos?utm_campaign=melocos-presenta-madrid-un-nuevo-single-marcado-por-la-nostalgia-y-las-despedidas&amp;utm_medium=email&amp;utm_source=acumbamail\">ya est\u00e1 disponible<\/a> en todas las plataformas.<\/p>\t\t\t\t\t\t\t\t<\/div>\n\t\t\t\t<\/div>\n\t\t\t\t\t<\/div>\n\t\t<\/div>\n\t\t\t\t\t<\/div>\n\t\t<\/section>\n\t\t\t\t<section class=\"elementor-section elementor-top-section elementor-element elementor-element-5ce1779 elementor-section-boxed elementor-section-height-default elementor-section-height-default\" data-id=\"5ce1779\" data-element_type=\"section\" data-e-type=\"section\">\n\t\t\t\t\t\t<div class=\"elementor-container elementor-column-gap-default\">\n\t\t\t\t\t<div class=\"elementor-column elementor-col-100 elementor-top-column elementor-element elementor-element-0363d37\" data-id=\"0363d37\" data-element_type=\"column\" data-e-type=\"column\">\n\t\t\t<div class=\"elementor-widget-wrap elementor-element-populated\">\n\t\t\t\t\t\t<div class=\"elementor-element elementor-element-5d2c4db elementor-widget elementor-widget-image\" data-id=\"5d2c4db\" data-element_type=\"widget\" data-e-type=\"widget\" data-widget_type=\"image.default\">\n\t\t\t\t<div class=\"elementor-widget-container\">\n\t\t\t\t\t\t\t\t\t\t\t\t\t\t\t<img fetchpriority=\"high\" decoding=\"async\" width=\"640\" height=\"640\" src=\"https:\/\/unaymilletras.com\/wp-content\/uploads\/2026\/01\/unnamed-2-1024x1024.png\" class=\"attachment-large size-large wp-image-7110\" alt=\"\" srcset=\"https:\/\/unaymilletras.com\/wp-content\/uploads\/2026\/01\/unnamed-2-1024x1024.png 1024w, https:\/\/unaymilletras.com\/wp-content\/uploads\/2026\/01\/unnamed-2-300x300.png 300w, https:\/\/unaymilletras.com\/wp-content\/uploads\/2026\/01\/unnamed-2-150x150.png 150w, https:\/\/unaymilletras.com\/wp-content\/uploads\/2026\/01\/unnamed-2-768x768.png 768w, https:\/\/unaymilletras.com\/wp-content\/uploads\/2026\/01\/unnamed-2-12x12.png 12w, https:\/\/unaymilletras.com\/wp-content\/uploads\/2026\/01\/unnamed-2-e1769173584293.png 600w\" sizes=\"(max-width: 640px) 100vw, 640px\" \/>\t\t\t\t\t\t\t\t\t\t\t\t\t\t\t<\/div>\n\t\t\t\t<\/div>\n\t\t\t\t\t<\/div>\n\t\t<\/div>\n\t\t\t\t\t<\/div>\n\t\t<\/section>\n\t\t\t\t<section class=\"elementor-section elementor-top-section elementor-element elementor-element-fddf9a0 elementor-section-boxed elementor-section-height-default elementor-section-height-default\" data-id=\"fddf9a0\" data-element_type=\"section\" data-e-type=\"section\">\n\t\t\t\t\t\t<div class=\"elementor-container elementor-column-gap-default\">\n\t\t\t\t\t<div class=\"elementor-column elementor-col-100 elementor-top-column elementor-element elementor-element-07b4cca\" data-id=\"07b4cca\" data-element_type=\"column\" data-e-type=\"column\">\n\t\t\t<div class=\"elementor-widget-wrap elementor-element-populated\">\n\t\t\t\t\t\t<div class=\"elementor-element elementor-element-a07bae4 elementor-widget elementor-widget-text-editor\" data-id=\"a07bae4\" data-element_type=\"widget\" data-e-type=\"widget\" data-widget_type=\"text-editor.default\">\n\t\t\t\t<div class=\"elementor-widget-container\">\n\t\t\t\t\t\t\t\t\t<p style=\"text-align: justify\">&#8216;Madrid&#8217; habla de esa persona que se va, de lo que uno confiesa cuando ya parece tarde y de la facilidad con la que, a veces, volver\u00edas junto a esa persona si ella te llama. La banda firma un retrato melanc\u00f3lico donde la ausencia transforma el paisaje y convierte a la capital en un personaje m\u00e1s con frases como:\u00a0<\/p>\t\t\t\t\t\t\t\t<\/div>\n\t\t\t\t<\/div>\n\t\t\t\t\t<\/div>\n\t\t<\/div>\n\t\t\t\t\t<\/div>\n\t\t<\/section>\n\t\t\t\t<section class=\"elementor-section elementor-top-section elementor-element elementor-element-c996bb9 elementor-section-boxed elementor-section-height-default elementor-section-height-default\" data-id=\"c996bb9\" data-element_type=\"section\" data-e-type=\"section\">\n\t\t\t\t\t\t<div class=\"elementor-container elementor-column-gap-default\">\n\t\t\t\t\t<div class=\"elementor-column elementor-col-100 elementor-top-column elementor-element elementor-element-f8b9900\" data-id=\"f8b9900\" data-element_type=\"column\" data-e-type=\"column\">\n\t\t\t<div class=\"elementor-widget-wrap elementor-element-populated\">\n\t\t\t\t\t\t<div class=\"elementor-element elementor-element-208d757 elementor-widget elementor-widget-text-editor\" data-id=\"208d757\" data-element_type=\"widget\" data-e-type=\"widget\" data-widget_type=\"text-editor.default\">\n\t\t\t\t<div class=\"elementor-widget-container\">\n\t\t\t\t\t\t\t\t\t<h2 style=\"text-align: center\"><span style=\"color: #808080\"><em>\u00abMadrid ya no es Madrid sin ti\u00bb<\/em><\/span><\/h2>\t\t\t\t\t\t\t\t<\/div>\n\t\t\t\t<\/div>\n\t\t\t\t\t<\/div>\n\t\t<\/div>\n\t\t\t\t\t<\/div>\n\t\t<\/section>\n\t\t\t\t<section class=\"elementor-section elementor-top-section elementor-element elementor-element-b6e76f0 elementor-section-boxed elementor-section-height-default elementor-section-height-default\" data-id=\"b6e76f0\" data-element_type=\"section\" data-e-type=\"section\">\n\t\t\t\t\t\t<div class=\"elementor-container elementor-column-gap-default\">\n\t\t\t\t\t<div class=\"elementor-column elementor-col-100 elementor-top-column elementor-element elementor-element-0840d9d\" data-id=\"0840d9d\" data-element_type=\"column\" data-e-type=\"column\">\n\t\t\t<div class=\"elementor-widget-wrap elementor-element-populated\">\n\t\t\t\t\t\t<div class=\"elementor-element elementor-element-02b26a6 elementor-widget elementor-widget-text-editor\" data-id=\"02b26a6\" data-element_type=\"widget\" data-e-type=\"widget\" data-widget_type=\"text-editor.default\">\n\t\t\t\t<div class=\"elementor-widget-container\">\n\t\t\t\t\t\t\t\t\t<p style=\"text-align: justify\">Este lanzamiento abre una nueva etapa en la trayectoria del grupo consolidando su identidad sonora mientras explora nuevos matices en la composici\u00f3n y el relato. El single ha sido compuesto por Jaime Terr\u00f3n, y producido por Tato Latorre. El resultado: un sonido \u00edntimo y luminoso que invita a la nostalgia y al recuerdo.<\/p>\t\t\t\t\t\t\t\t<\/div>\n\t\t\t\t<\/div>\n\t\t\t\t\t<\/div>\n\t\t<\/div>\n\t\t\t\t\t<\/div>\n\t\t<\/section>\n\t\t\t\t<section class=\"elementor-section elementor-top-section elementor-element elementor-element-1549596 elementor-section-boxed elementor-section-height-default elementor-section-height-default\" data-id=\"1549596\" data-element_type=\"section\" data-e-type=\"section\">\n\t\t\t\t\t\t<div class=\"elementor-container elementor-column-gap-default\">\n\t\t\t\t\t<div class=\"elementor-column elementor-col-100 elementor-top-column elementor-element elementor-element-e9e8c69\" data-id=\"e9e8c69\" data-element_type=\"column\" data-e-type=\"column\">\n\t\t\t<div class=\"elementor-widget-wrap elementor-element-populated\">\n\t\t\t\t\t\t<div class=\"elementor-element elementor-element-dc87ae4 elementor-widget elementor-widget-video\" data-id=\"dc87ae4\" data-element_type=\"widget\" data-e-type=\"widget\" data-settings=\"{&quot;youtube_url&quot;:&quot;https:\\\/\\\/youtu.be\\\/hXDBBajNH6w?si=aF-crE-XCZMBT201&quot;,&quot;video_type&quot;:&quot;youtube&quot;,&quot;controls&quot;:&quot;yes&quot;}\" data-widget_type=\"video.default\">\n\t\t\t\t<div class=\"elementor-widget-container\">\n\t\t\t\t\t\t\t<div class=\"elementor-wrapper elementor-open-inline\">\n\t\t\t<div class=\"elementor-video\"><\/div>\t\t<\/div>\n\t\t\t\t\t\t<\/div>\n\t\t\t\t<\/div>\n\t\t\t\t\t<\/div>\n\t\t<\/div>\n\t\t\t\t\t<\/div>\n\t\t<\/section>\n\t\t\t\t<section class=\"elementor-section elementor-top-section elementor-element elementor-element-374f8ad elementor-section-boxed elementor-section-height-default elementor-section-height-default\" data-id=\"374f8ad\" data-element_type=\"section\" data-e-type=\"section\">\n\t\t\t\t\t\t<div class=\"elementor-container elementor-column-gap-default\">\n\t\t\t\t\t<div class=\"elementor-column elementor-col-100 elementor-top-column elementor-element elementor-element-b04ad2d\" data-id=\"b04ad2d\" data-element_type=\"column\" data-e-type=\"column\">\n\t\t\t<div class=\"elementor-widget-wrap elementor-element-populated\">\n\t\t\t\t\t\t<div class=\"elementor-element elementor-element-fc563bc elementor-widget elementor-widget-text-editor\" data-id=\"fc563bc\" data-element_type=\"widget\" data-e-type=\"widget\" data-widget_type=\"text-editor.default\">\n\t\t\t\t<div class=\"elementor-widget-container\">\n\t\t\t\t\t\t\t\t\t<p style=\"text-align: justify\">Fieles al estilo que marc\u00f3 a toda una generaci\u00f3n, Melocos combina sensibilidad, cercan\u00eda y una capacidad \u00fanica para describir emociones sencillas pero universales. &#8216;Madrid&#8217; conecta con quienes alguna vez vivieron un adi\u00f3s que no terminaba de cerrarse, una vuelta inesperada o un recuerdo que sigue en el aire. Porque hay ciudades que cambian, pero hay personas que las cambian todav\u00eda m\u00e1s.<\/p>\t\t\t\t\t\t\t\t<\/div>\n\t\t\t\t<\/div>\n\t\t\t\t\t<\/div>\n\t\t<\/div>\n\t\t\t\t\t<\/div>\n\t\t<\/section>\n\t\t\t\t<section class=\"elementor-section elementor-top-section elementor-element elementor-element-f82daa2 elementor-section-boxed elementor-section-height-default elementor-section-height-default\" data-id=\"f82daa2\" data-element_type=\"section\" data-e-type=\"section\">\n\t\t\t\t\t\t<div class=\"elementor-container elementor-column-gap-default\">\n\t\t\t\t\t<div class=\"elementor-column elementor-col-100 elementor-top-column elementor-element elementor-element-a4d996e\" data-id=\"a4d996e\" data-element_type=\"column\" data-e-type=\"column\">\n\t\t\t<div class=\"elementor-widget-wrap elementor-element-populated\">\n\t\t\t\t\t\t<div class=\"elementor-element elementor-element-d1ca73d elementor-widget elementor-widget-text-editor\" data-id=\"d1ca73d\" data-element_type=\"widget\" data-e-type=\"widget\" data-widget_type=\"text-editor.default\">\n\t\t\t\t<div class=\"elementor-widget-container\">\n\t\t\t\t\t\t\t\t\t<p>Sigue descubriendo m\u00e1s sobre la actualidad musical en\u00a0<em><a href=\"https:\/\/unaymilletras.com\/en\/\">Una y mil letras<\/a>.<\/em><\/p>\t\t\t\t\t\t\t\t<\/div>\n\t\t\t\t<\/div>\n\t\t\t\t\t<\/div>\n\t\t<\/div>\n\t\t\t\t\t<\/div>\n\t\t<\/section>\n\t\t\t\t<\/div>","protected":false},"excerpt":{"rendered":"<p>Melocos presenta &#8216;Madrid&#8217;, una canci\u00f3n \u00edntima y emocional que pone el foco en las despedidas, el paso del tiempo y todo lo que se queda sin decir. Un tema donde la ciudad se convierte en escenario, refugio y met\u00e1fora de una historia que no termina de cerrarse. La canci\u00f3n ya est\u00e1 disponible en todas las [&hellip;]<\/p>\n","protected":false},"author":13,"featured_media":7110,"comment_status":"closed","ping_status":"closed","sticky":false,"template":"","format":"standard","meta":{"footnotes":""},"categories":[4],"tags":[],"class_list":["post-7108","post","type-post","status-publish","format-standard","has-post-thumbnail","hentry","category-musica"],"yoast_head":"<!-- This site is optimized with the Yoast SEO plugin v27.4 - https:\/\/yoast.com\/product\/yoast-seo-wordpress\/ -->\n<title>Melocos presenta \u201cMadrid\u201d, su nuevo single<\/title>\n<meta name=\"description\" content=\"Melocos presenta \u201cMadrid\u201d, su nuevo single cargado de nostalgia sobre despedidas, ausencias y recuerdos. Ya disponible en plataformas.\" \/>\n<meta name=\"robots\" content=\"index, follow, max-snippet:-1, max-image-preview:large, max-video-preview:-1\" \/>\n<link rel=\"canonical\" href=\"https:\/\/unaymilletras.com\/en\/melocos-presenta-madrid-su-nuevo-single-marcado-por-la-nostalgia\/\" \/>\n<meta property=\"og:locale\" content=\"en_GB\" \/>\n<meta property=\"og:type\" content=\"article\" \/>\n<meta property=\"og:title\" content=\"Melocos presenta \u201cMadrid\u201d, su nuevo single\" \/>\n<meta property=\"og:description\" content=\"Melocos presenta \u201cMadrid\u201d, su nuevo single cargado de nostalgia sobre despedidas, ausencias y recuerdos. Ya disponible en plataformas.\" \/>\n<meta property=\"og:url\" content=\"https:\/\/unaymilletras.com\/en\/melocos-presenta-madrid-su-nuevo-single-marcado-por-la-nostalgia\/\" \/>\n<meta property=\"og:site_name\" content=\"Una y Mil Letras\" \/>\n<meta property=\"article:published_time\" content=\"2026-01-23T13:30:18+00:00\" \/>\n<meta property=\"article:modified_time\" content=\"2026-01-23T13:32:20+00:00\" \/>\n<meta property=\"og:image\" content=\"http:\/\/unaymilletras.com\/wp-content\/uploads\/2026\/01\/unnamed-2-e1769173584293.png\" \/>\n\t<meta property=\"og:image:width\" content=\"600\" \/>\n\t<meta property=\"og:image:height\" content=\"600\" \/>\n\t<meta property=\"og:image:type\" content=\"image\/png\" \/>\n<meta name=\"author\" content=\"Alba Benito\" \/>\n<meta name=\"twitter:card\" content=\"summary_large_image\" \/>\n<meta name=\"twitter:creator\" content=\"@UnaYMilLetras\" \/>\n<meta name=\"twitter:site\" content=\"@UnaYMilLetras\" \/>\n<meta name=\"twitter:label1\" content=\"Written by\" \/>\n\t<meta name=\"twitter:data1\" content=\"Alba Benito\" \/>\n\t<meta name=\"twitter:label2\" content=\"Estimated reading time\" \/>\n\t<meta name=\"twitter:data2\" content=\"2 minutes\" \/>\n<script type=\"application\/ld+json\" class=\"yoast-schema-graph\">{\"@context\":\"https:\\\/\\\/schema.org\",\"@graph\":[{\"@type\":\"Article\",\"@id\":\"https:\\\/\\\/unaymilletras.com\\\/melocos-presenta-madrid-su-nuevo-single-marcado-por-la-nostalgia\\\/#article\",\"isPartOf\":{\"@id\":\"https:\\\/\\\/unaymilletras.com\\\/melocos-presenta-madrid-su-nuevo-single-marcado-por-la-nostalgia\\\/\"},\"author\":{\"name\":\"Alba Benito\",\"@id\":\"http:\\\/\\\/unaymilletras.com\\\/#\\\/schema\\\/person\\\/a10550e4bff9a23f941f52b2cd5d8686\"},\"headline\":\"Melocos presenta &#8216;Madrid&#8217;, su nuevo single marcado por la nostalgia\",\"datePublished\":\"2026-01-23T13:30:18+00:00\",\"dateModified\":\"2026-01-23T13:32:20+00:00\",\"mainEntityOfPage\":{\"@id\":\"https:\\\/\\\/unaymilletras.com\\\/melocos-presenta-madrid-su-nuevo-single-marcado-por-la-nostalgia\\\/\"},\"wordCount\":279,\"publisher\":{\"@id\":\"http:\\\/\\\/unaymilletras.com\\\/#organization\"},\"image\":{\"@id\":\"https:\\\/\\\/unaymilletras.com\\\/melocos-presenta-madrid-su-nuevo-single-marcado-por-la-nostalgia\\\/#primaryimage\"},\"thumbnailUrl\":\"https:\\\/\\\/unaymilletras.com\\\/wp-content\\\/uploads\\\/2026\\\/01\\\/unnamed-2-e1769173584293.png\",\"articleSection\":[\"M\u00fasica\"],\"inLanguage\":\"en-GB\"},{\"@type\":\"WebPage\",\"@id\":\"https:\\\/\\\/unaymilletras.com\\\/melocos-presenta-madrid-su-nuevo-single-marcado-por-la-nostalgia\\\/\",\"url\":\"https:\\\/\\\/unaymilletras.com\\\/melocos-presenta-madrid-su-nuevo-single-marcado-por-la-nostalgia\\\/\",\"name\":\"Melocos presenta \u201cMadrid\u201d, su nuevo single\",\"isPartOf\":{\"@id\":\"http:\\\/\\\/unaymilletras.com\\\/#website\"},\"primaryImageOfPage\":{\"@id\":\"https:\\\/\\\/unaymilletras.com\\\/melocos-presenta-madrid-su-nuevo-single-marcado-por-la-nostalgia\\\/#primaryimage\"},\"image\":{\"@id\":\"https:\\\/\\\/unaymilletras.com\\\/melocos-presenta-madrid-su-nuevo-single-marcado-por-la-nostalgia\\\/#primaryimage\"},\"thumbnailUrl\":\"https:\\\/\\\/unaymilletras.com\\\/wp-content\\\/uploads\\\/2026\\\/01\\\/unnamed-2-e1769173584293.png\",\"datePublished\":\"2026-01-23T13:30:18+00:00\",\"dateModified\":\"2026-01-23T13:32:20+00:00\",\"description\":\"Melocos presenta \u201cMadrid\u201d, su nuevo single cargado de nostalgia sobre despedidas, ausencias y recuerdos. Ya disponible en plataformas.\",\"breadcrumb\":{\"@id\":\"https:\\\/\\\/unaymilletras.com\\\/melocos-presenta-madrid-su-nuevo-single-marcado-por-la-nostalgia\\\/#breadcrumb\"},\"inLanguage\":\"en-GB\",\"potentialAction\":[{\"@type\":\"ReadAction\",\"target\":[\"https:\\\/\\\/unaymilletras.com\\\/melocos-presenta-madrid-su-nuevo-single-marcado-por-la-nostalgia\\\/\"]}]},{\"@type\":\"ImageObject\",\"inLanguage\":\"en-GB\",\"@id\":\"https:\\\/\\\/unaymilletras.com\\\/melocos-presenta-madrid-su-nuevo-single-marcado-por-la-nostalgia\\\/#primaryimage\",\"url\":\"https:\\\/\\\/unaymilletras.com\\\/wp-content\\\/uploads\\\/2026\\\/01\\\/unnamed-2-e1769173584293.png\",\"contentUrl\":\"https:\\\/\\\/unaymilletras.com\\\/wp-content\\\/uploads\\\/2026\\\/01\\\/unnamed-2-e1769173584293.png\",\"width\":600,\"height\":600},{\"@type\":\"BreadcrumbList\",\"@id\":\"https:\\\/\\\/unaymilletras.com\\\/melocos-presenta-madrid-su-nuevo-single-marcado-por-la-nostalgia\\\/#breadcrumb\",\"itemListElement\":[{\"@type\":\"ListItem\",\"position\":1,\"name\":\"Home\",\"item\":\"http:\\\/\\\/unaymilletras.com\\\/\"},{\"@type\":\"ListItem\",\"position\":2,\"name\":\"Melocos presenta &#8216;Madrid&#8217;, su nuevo single marcado por la nostalgia\"}]},{\"@type\":\"WebSite\",\"@id\":\"http:\\\/\\\/unaymilletras.com\\\/#website\",\"url\":\"http:\\\/\\\/unaymilletras.com\\\/\",\"name\":\"Una y Mil Letras\",\"description\":\"\",\"publisher\":{\"@id\":\"http:\\\/\\\/unaymilletras.com\\\/#organization\"},\"potentialAction\":[{\"@type\":\"SearchAction\",\"target\":{\"@type\":\"EntryPoint\",\"urlTemplate\":\"http:\\\/\\\/unaymilletras.com\\\/?s={search_term_string}\"},\"query-input\":{\"@type\":\"PropertyValueSpecification\",\"valueRequired\":true,\"valueName\":\"search_term_string\"}}],\"inLanguage\":\"en-GB\"},{\"@type\":\"Organization\",\"@id\":\"http:\\\/\\\/unaymilletras.com\\\/#organization\",\"name\":\"Una y Mil Letras\",\"url\":\"http:\\\/\\\/unaymilletras.com\\\/\",\"logo\":{\"@type\":\"ImageObject\",\"inLanguage\":\"en-GB\",\"@id\":\"http:\\\/\\\/unaymilletras.com\\\/#\\\/schema\\\/logo\\\/image\\\/\",\"url\":\"https:\\\/\\\/unaymilletras.com\\\/wp-content\\\/uploads\\\/2024\\\/06\\\/cropped-Logo-removebg-preview.png\",\"contentUrl\":\"https:\\\/\\\/unaymilletras.com\\\/wp-content\\\/uploads\\\/2024\\\/06\\\/cropped-Logo-removebg-preview.png\",\"width\":512,\"height\":512,\"caption\":\"Una y Mil Letras\"},\"image\":{\"@id\":\"http:\\\/\\\/unaymilletras.com\\\/#\\\/schema\\\/logo\\\/image\\\/\"},\"sameAs\":[\"https:\\\/\\\/x.com\\\/UnaYMilLetras\",\"https:\\\/\\\/instagram.com\\\/UnaYMilLetras\"]},{\"@type\":\"Person\",\"@id\":\"http:\\\/\\\/unaymilletras.com\\\/#\\\/schema\\\/person\\\/a10550e4bff9a23f941f52b2cd5d8686\",\"name\":\"Alba Benito\",\"image\":{\"@type\":\"ImageObject\",\"inLanguage\":\"en-GB\",\"@id\":\"https:\\\/\\\/secure.gravatar.com\\\/avatar\\\/f227a2222ee313f4b5dea91891742064ec98aa8f11b91568879eaecf941f84de?s=96&d=mm&r=g\",\"url\":\"https:\\\/\\\/secure.gravatar.com\\\/avatar\\\/f227a2222ee313f4b5dea91891742064ec98aa8f11b91568879eaecf941f84de?s=96&d=mm&r=g\",\"contentUrl\":\"https:\\\/\\\/secure.gravatar.com\\\/avatar\\\/f227a2222ee313f4b5dea91891742064ec98aa8f11b91568879eaecf941f84de?s=96&d=mm&r=g\",\"caption\":\"Alba Benito\"},\"url\":\"https:\\\/\\\/unaymilletras.com\\\/en\\\/author\\\/aalbaas_\\\/\"}]}<\/script>\n<!-- \/ Yoast SEO plugin. -->","yoast_head_json":{"title":"Melocos presenta \u201cMadrid\u201d, su nuevo single","description":"Melocos presenta \u201cMadrid\u201d, su nuevo single cargado de nostalgia sobre despedidas, ausencias y recuerdos. Ya disponible en plataformas.","robots":{"index":"index","follow":"follow","max-snippet":"max-snippet:-1","max-image-preview":"max-image-preview:large","max-video-preview":"max-video-preview:-1"},"canonical":"https:\/\/unaymilletras.com\/en\/melocos-presenta-madrid-su-nuevo-single-marcado-por-la-nostalgia\/","og_locale":"en_GB","og_type":"article","og_title":"Melocos presenta \u201cMadrid\u201d, su nuevo single","og_description":"Melocos presenta \u201cMadrid\u201d, su nuevo single cargado de nostalgia sobre despedidas, ausencias y recuerdos. Ya disponible en plataformas.","og_url":"https:\/\/unaymilletras.com\/en\/melocos-presenta-madrid-su-nuevo-single-marcado-por-la-nostalgia\/","og_site_name":"Una y Mil Letras","article_published_time":"2026-01-23T13:30:18+00:00","article_modified_time":"2026-01-23T13:32:20+00:00","og_image":[{"width":600,"height":600,"url":"http:\/\/unaymilletras.com\/wp-content\/uploads\/2026\/01\/unnamed-2-e1769173584293.png","type":"image\/png"}],"author":"Alba Benito","twitter_card":"summary_large_image","twitter_creator":"@UnaYMilLetras","twitter_site":"@UnaYMilLetras","twitter_misc":{"Written by":"Alba Benito","Estimated reading time":"2 minutes"},"schema":{"@context":"https:\/\/schema.org","@graph":[{"@type":"Article","@id":"https:\/\/unaymilletras.com\/melocos-presenta-madrid-su-nuevo-single-marcado-por-la-nostalgia\/#article","isPartOf":{"@id":"https:\/\/unaymilletras.com\/melocos-presenta-madrid-su-nuevo-single-marcado-por-la-nostalgia\/"},"author":{"name":"Alba Benito","@id":"http:\/\/unaymilletras.com\/#\/schema\/person\/a10550e4bff9a23f941f52b2cd5d8686"},"headline":"Melocos presenta &#8216;Madrid&#8217;, su nuevo single marcado por la nostalgia","datePublished":"2026-01-23T13:30:18+00:00","dateModified":"2026-01-23T13:32:20+00:00","mainEntityOfPage":{"@id":"https:\/\/unaymilletras.com\/melocos-presenta-madrid-su-nuevo-single-marcado-por-la-nostalgia\/"},"wordCount":279,"publisher":{"@id":"http:\/\/unaymilletras.com\/#organization"},"image":{"@id":"https:\/\/unaymilletras.com\/melocos-presenta-madrid-su-nuevo-single-marcado-por-la-nostalgia\/#primaryimage"},"thumbnailUrl":"https:\/\/unaymilletras.com\/wp-content\/uploads\/2026\/01\/unnamed-2-e1769173584293.png","articleSection":["M\u00fasica"],"inLanguage":"en-GB"},{"@type":"WebPage","@id":"https:\/\/unaymilletras.com\/melocos-presenta-madrid-su-nuevo-single-marcado-por-la-nostalgia\/","url":"https:\/\/unaymilletras.com\/melocos-presenta-madrid-su-nuevo-single-marcado-por-la-nostalgia\/","name":"Melocos presenta \u201cMadrid\u201d, su nuevo single","isPartOf":{"@id":"http:\/\/unaymilletras.com\/#website"},"primaryImageOfPage":{"@id":"https:\/\/unaymilletras.com\/melocos-presenta-madrid-su-nuevo-single-marcado-por-la-nostalgia\/#primaryimage"},"image":{"@id":"https:\/\/unaymilletras.com\/melocos-presenta-madrid-su-nuevo-single-marcado-por-la-nostalgia\/#primaryimage"},"thumbnailUrl":"https:\/\/unaymilletras.com\/wp-content\/uploads\/2026\/01\/unnamed-2-e1769173584293.png","datePublished":"2026-01-23T13:30:18+00:00","dateModified":"2026-01-23T13:32:20+00:00","description":"Melocos presenta \u201cMadrid\u201d, su nuevo single cargado de nostalgia sobre despedidas, ausencias y recuerdos. Ya disponible en plataformas.","breadcrumb":{"@id":"https:\/\/unaymilletras.com\/melocos-presenta-madrid-su-nuevo-single-marcado-por-la-nostalgia\/#breadcrumb"},"inLanguage":"en-GB","potentialAction":[{"@type":"ReadAction","target":["https:\/\/unaymilletras.com\/melocos-presenta-madrid-su-nuevo-single-marcado-por-la-nostalgia\/"]}]},{"@type":"ImageObject","inLanguage":"en-GB","@id":"https:\/\/unaymilletras.com\/melocos-presenta-madrid-su-nuevo-single-marcado-por-la-nostalgia\/#primaryimage","url":"https:\/\/unaymilletras.com\/wp-content\/uploads\/2026\/01\/unnamed-2-e1769173584293.png","contentUrl":"https:\/\/unaymilletras.com\/wp-content\/uploads\/2026\/01\/unnamed-2-e1769173584293.png","width":600,"height":600},{"@type":"BreadcrumbList","@id":"https:\/\/unaymilletras.com\/melocos-presenta-madrid-su-nuevo-single-marcado-por-la-nostalgia\/#breadcrumb","itemListElement":[{"@type":"ListItem","position":1,"name":"Home","item":"http:\/\/unaymilletras.com\/"},{"@type":"ListItem","position":2,"name":"Melocos presenta &#8216;Madrid&#8217;, su nuevo single marcado por la nostalgia"}]},{"@type":"WebSite","@id":"http:\/\/unaymilletras.com\/#website","url":"http:\/\/unaymilletras.com\/","name":"Una y Mil Letras","description":"","publisher":{"@id":"http:\/\/unaymilletras.com\/#organization"},"potentialAction":[{"@type":"SearchAction","target":{"@type":"EntryPoint","urlTemplate":"http:\/\/unaymilletras.com\/?s={search_term_string}"},"query-input":{"@type":"PropertyValueSpecification","valueRequired":true,"valueName":"search_term_string"}}],"inLanguage":"en-GB"},{"@type":"Organization","@id":"http:\/\/unaymilletras.com\/#organization","name":"Una y Mil Letras","url":"http:\/\/unaymilletras.com\/","logo":{"@type":"ImageObject","inLanguage":"en-GB","@id":"http:\/\/unaymilletras.com\/#\/schema\/logo\/image\/","url":"https:\/\/unaymilletras.com\/wp-content\/uploads\/2024\/06\/cropped-Logo-removebg-preview.png","contentUrl":"https:\/\/unaymilletras.com\/wp-content\/uploads\/2024\/06\/cropped-Logo-removebg-preview.png","width":512,"height":512,"caption":"Una y Mil Letras"},"image":{"@id":"http:\/\/unaymilletras.com\/#\/schema\/logo\/image\/"},"sameAs":["https:\/\/x.com\/UnaYMilLetras","https:\/\/instagram.com\/UnaYMilLetras"]},{"@type":"Person","@id":"http:\/\/unaymilletras.com\/#\/schema\/person\/a10550e4bff9a23f941f52b2cd5d8686","name":"Alba Benito","image":{"@type":"ImageObject","inLanguage":"en-GB","@id":"https:\/\/secure.gravatar.com\/avatar\/f227a2222ee313f4b5dea91891742064ec98aa8f11b91568879eaecf941f84de?s=96&d=mm&r=g","url":"https:\/\/secure.gravatar.com\/avatar\/f227a2222ee313f4b5dea91891742064ec98aa8f11b91568879eaecf941f84de?s=96&d=mm&r=g","contentUrl":"https:\/\/secure.gravatar.com\/avatar\/f227a2222ee313f4b5dea91891742064ec98aa8f11b91568879eaecf941f84de?s=96&d=mm&r=g","caption":"Alba Benito"},"url":"https:\/\/unaymilletras.com\/en\/author\/aalbaas_\/"}]}},"_links":{"self":[{"href":"https:\/\/unaymilletras.com\/en\/wp-json\/wp\/v2\/posts\/7108","targetHints":{"allow":["GET"]}}],"collection":[{"href":"https:\/\/unaymilletras.com\/en\/wp-json\/wp\/v2\/posts"}],"about":[{"href":"https:\/\/unaymilletras.com\/en\/wp-json\/wp\/v2\/types\/post"}],"author":[{"embeddable":true,"href":"https:\/\/unaymilletras.com\/en\/wp-json\/wp\/v2\/users\/13"}],"replies":[{"embeddable":true,"href":"https:\/\/unaymilletras.com\/en\/wp-json\/wp\/v2\/comments?post=7108"}],"version-history":[{"count":7,"href":"https:\/\/unaymilletras.com\/en\/wp-json\/wp\/v2\/posts\/7108\/revisions"}],"predecessor-version":[{"id":7119,"href":"https:\/\/unaymilletras.com\/en\/wp-json\/wp\/v2\/posts\/7108\/revisions\/7119"}],"wp:featuredmedia":[{"embeddable":true,"href":"https:\/\/unaymilletras.com\/en\/wp-json\/wp\/v2\/media\/7110"}],"wp:attachment":[{"href":"https:\/\/unaymilletras.com\/en\/wp-json\/wp\/v2\/media?parent=7108"}],"wp:term":[{"taxonomy":"category","embeddable":true,"href":"https:\/\/unaymilletras.com\/en\/wp-json\/wp\/v2\/categories?post=7108"},{"taxonomy":"post_tag","embeddable":true,"href":"https:\/\/unaymilletras.com\/en\/wp-json\/wp\/v2\/tags?post=7108"}],"curies":[{"name":"wp","href":"https:\/\/api.w.org\/{rel}","templated":true}]}}