{"id":7114,"date":"2026-01-23T20:23:50","date_gmt":"2026-01-23T19:23:50","guid":{"rendered":"https:\/\/unaymilletras.com\/?p=7114"},"modified":"2026-01-23T20:23:50","modified_gmt":"2026-01-23T19:23:50","slug":"el-festival-subsonico-presenta-su-primer-cartel","status":"publish","type":"post","link":"https:\/\/unaymilletras.com\/en\/el-festival-subsonico-presenta-su-primer-cartel\/","title":{"rendered":"El Festival SUBS\u00d3NICO presenta su primer cartel"},"content":{"rendered":"<div data-elementor-type=\"wp-post\" data-elementor-id=\"7114\" class=\"elementor elementor-7114\">\n\t\t\t\t\t\t<section class=\"elementor-section elementor-top-section elementor-element elementor-element-009cf1a elementor-section-boxed elementor-section-height-default elementor-section-height-default\" data-id=\"009cf1a\" data-element_type=\"section\" data-e-type=\"section\">\n\t\t\t\t\t\t<div class=\"elementor-container elementor-column-gap-default\">\n\t\t\t\t\t<div class=\"elementor-column elementor-col-100 elementor-top-column elementor-element elementor-element-95370a6\" data-id=\"95370a6\" data-element_type=\"column\" data-e-type=\"column\">\n\t\t\t<div class=\"elementor-widget-wrap elementor-element-populated\">\n\t\t\t\t\t\t<div class=\"elementor-element elementor-element-9935733 elementor-widget elementor-widget-text-editor\" data-id=\"9935733\" data-element_type=\"widget\" data-e-type=\"widget\" data-widget_type=\"text-editor.default\">\n\t\t\t\t<div class=\"elementor-widget-container\">\n\t\t\t\t\t\t\t\t\t<h2 style=\"text-align: center;\"><span style=\"color: #808080;\"><em>El 5 y 6 de junio, Rivas acoger\u00e1 el festival SUBS\u00d3NICO en el Auditorio Miguel R\u00edos\u00a0<\/em><\/span><\/h2>\t\t\t\t\t\t\t\t<\/div>\n\t\t\t\t<\/div>\n\t\t\t\t\t<\/div>\n\t\t<\/div>\n\t\t\t\t\t<\/div>\n\t\t<\/section>\n\t\t\t\t<section class=\"elementor-section elementor-top-section elementor-element elementor-element-b82e599 elementor-section-boxed elementor-section-height-default elementor-section-height-default\" data-id=\"b82e599\" data-element_type=\"section\" data-e-type=\"section\">\n\t\t\t\t\t\t<div class=\"elementor-container elementor-column-gap-default\">\n\t\t\t\t\t<div class=\"elementor-column elementor-col-100 elementor-top-column elementor-element elementor-element-7cea06e\" data-id=\"7cea06e\" data-element_type=\"column\" data-e-type=\"column\">\n\t\t\t<div class=\"elementor-widget-wrap elementor-element-populated\">\n\t\t\t\t\t\t<div class=\"elementor-element elementor-element-987b0d4 elementor-widget elementor-widget-text-editor\" data-id=\"987b0d4\" data-element_type=\"widget\" data-e-type=\"widget\" data-widget_type=\"text-editor.default\">\n\t\t\t\t<div class=\"elementor-widget-container\">\n\t\t\t\t\t\t\t\t\t<p data-start=\"455\" data-end=\"839\">El <strong data-start=\"458\" data-end=\"480\">Festival SUBS\u00d3NICO<\/strong> ha anunciado oficialmente su primer cartel y confirma su llegada al calendario musical de 2026 como una nueva apuesta por la cultura urbana. El festival se celebrar\u00e1 los d\u00edas <strong data-start=\"656\" data-end=\"723\">5 y 6 de junio en el Auditorio Miguel R\u00edos de Rivas Vaciamadrid<\/strong>, reuniendo a una amplia representaci\u00f3n de artistas que definen el presente y el futuro del sonido urbano en Espa\u00f1a.<\/p><p data-start=\"841\" data-end=\"1203\">Nombres como <strong data-start=\"854\" data-end=\"915\">Sticky M.A, Al Safir, 8belial, Hard GZ, L0rna o Juicy Bae<\/strong> forman parte de un cartel que combina referentes consolidados con talento emergente. El Festival SUBS\u00d3NICO nace con la vocaci\u00f3n de ser algo m\u00e1s que una sucesi\u00f3n de conciertos: un espacio de encuentro donde la m\u00fasica dialoga con el arte, la moda y las nuevas formas de expresi\u00f3n creativa.<\/p>\t\t\t\t\t\t\t\t<\/div>\n\t\t\t\t<\/div>\n\t\t\t\t\t<\/div>\n\t\t<\/div>\n\t\t\t\t\t<\/div>\n\t\t<\/section>\n\t\t\t\t<section class=\"elementor-section elementor-top-section elementor-element elementor-element-f01ae36 elementor-section-boxed elementor-section-height-default elementor-section-height-default\" data-id=\"f01ae36\" data-element_type=\"section\" data-e-type=\"section\">\n\t\t\t\t\t\t<div class=\"elementor-container elementor-column-gap-default\">\n\t\t\t\t\t<div class=\"elementor-column elementor-col-100 elementor-top-column elementor-element elementor-element-babd41a\" data-id=\"babd41a\" data-element_type=\"column\" data-e-type=\"column\">\n\t\t\t<div class=\"elementor-widget-wrap elementor-element-populated\">\n\t\t\t\t\t\t<div class=\"elementor-element elementor-element-a577b06 elementor-widget elementor-widget-image\" data-id=\"a577b06\" data-element_type=\"widget\" data-e-type=\"widget\" data-widget_type=\"image.default\">\n\t\t\t\t<div class=\"elementor-widget-container\">\n\t\t\t\t\t\t\t\t\t\t\t\t\t\t\t<img fetchpriority=\"high\" decoding=\"async\" width=\"640\" height=\"802\" src=\"https:\/\/unaymilletras.com\/wp-content\/uploads\/2026\/01\/SB26-Cartel-feed-1-817x1024.jpg\" class=\"attachment-large size-large wp-image-7116\" alt=\"Festival Subs\u00f3nico\" srcset=\"https:\/\/unaymilletras.com\/wp-content\/uploads\/2026\/01\/SB26-Cartel-feed-1-817x1024.jpg 817w, https:\/\/unaymilletras.com\/wp-content\/uploads\/2026\/01\/SB26-Cartel-feed-1-239x300.jpg 239w, https:\/\/unaymilletras.com\/wp-content\/uploads\/2026\/01\/SB26-Cartel-feed-1-768x962.jpg 768w, https:\/\/unaymilletras.com\/wp-content\/uploads\/2026\/01\/SB26-Cartel-feed-1-1226x1536.jpg 1226w, https:\/\/unaymilletras.com\/wp-content\/uploads\/2026\/01\/SB26-Cartel-feed-1-1634x2048.jpg 1634w, https:\/\/unaymilletras.com\/wp-content\/uploads\/2026\/01\/SB26-Cartel-feed-1-10x12.jpg 10w, https:\/\/unaymilletras.com\/wp-content\/uploads\/2026\/01\/SB26-Cartel-feed-1-1024x1283.jpg 1024w, https:\/\/unaymilletras.com\/wp-content\/uploads\/2026\/01\/SB26-Cartel-feed-1-e1769174037845.jpg 600w\" sizes=\"(max-width: 640px) 100vw, 640px\" \/>\t\t\t\t\t\t\t\t\t\t\t\t\t\t\t<\/div>\n\t\t\t\t<\/div>\n\t\t\t\t\t<\/div>\n\t\t<\/div>\n\t\t\t\t\t<\/div>\n\t\t<\/section>\n\t\t\t\t<section class=\"elementor-section elementor-top-section elementor-element elementor-element-58b35b3 elementor-section-boxed elementor-section-height-default elementor-section-height-default\" data-id=\"58b35b3\" data-element_type=\"section\" data-e-type=\"section\">\n\t\t\t\t\t\t<div class=\"elementor-container elementor-column-gap-default\">\n\t\t\t\t\t<div class=\"elementor-column elementor-col-100 elementor-top-column elementor-element elementor-element-fd8d9ab\" data-id=\"fd8d9ab\" data-element_type=\"column\" data-e-type=\"column\">\n\t\t\t<div class=\"elementor-widget-wrap elementor-element-populated\">\n\t\t\t\t\t\t<div class=\"elementor-element elementor-element-d2b15a9 elementor-widget elementor-widget-text-editor\" data-id=\"d2b15a9\" data-element_type=\"widget\" data-e-type=\"widget\" data-widget_type=\"text-editor.default\">\n\t\t\t\t<div class=\"elementor-widget-container\">\n\t\t\t\t\t\t\t\t\t<p data-start=\"1205\" data-end=\"1623\">Entre los principales reclamos destaca <strong data-start=\"1244\" data-end=\"1255\">Hard GZ<\/strong>, uno de los grandes nombres del rap nacional, que llegar\u00e1 al festival presentando el segundo volumen de su proyecto <em data-start=\"1372\" data-end=\"1381\">LACOSTA<\/em>. Junto a \u00e9l, <strong data-start=\"1395\" data-end=\"1407\">Al Safir<\/strong> contin\u00faa afianzando su evoluci\u00f3n art\u00edstica tras el lanzamiento de <em data-start=\"1474\" data-end=\"1484\">PR\u00cdNCIPE<\/em>, mientras que <strong data-start=\"1499\" data-end=\"1513\">Sticky M.A<\/strong>, figura clave del underground espa\u00f1ol, aportar\u00e1 su inconfundible sonido siempre a la vanguardia de la escena.<\/p><p data-start=\"1625\" data-end=\"1989\">El cartel tambi\u00e9n refleja la diversidad de la escena urbana actual con artistas como <strong data-start=\"1710\" data-end=\"1723\">Juicy Bae<\/strong>, que sigue consolid\u00e1ndose como uno de los referentes del R&amp;B nacional tras <em data-start=\"1799\" data-end=\"1811\">El Secreto<\/em>, o <strong data-start=\"1815\" data-end=\"1827\">Israel B<\/strong>, que presentar\u00e1 su celebrado trabajo <em data-start=\"1865\" data-end=\"1899\">C\u00f3mo coronar a un rey sin cabeza<\/em>. A ellos se suman propuestas como Soto Asa, Miranda, Parkineos, Jarfaiter y Matasvandals.<\/p><p data-start=\"1991\" data-end=\"2469\">El Festival SUBS\u00d3NICO apuesta con fuerza por la nueva ola de artistas que est\u00e1n marcando el pulso del g\u00e9nero. <strong data-start=\"2101\" data-end=\"2113\">Gloosito<\/strong>, <strong data-start=\"2115\" data-end=\"2126\">8belial<\/strong>, una de las voces m\u00e1s singulares del nuevo sonido urbano espa\u00f1ol, y <strong data-start=\"2195\" data-end=\"2206\">El Bugg<\/strong>, con su mixtape <em data-start=\"2223\" data-end=\"2236\">Nueva Cabra<\/em>, representan esa energ\u00eda emergente. Tambi\u00e9n estar\u00e1n <strong data-start=\"2289\" data-end=\"2303\">La Blackie<\/strong>, <strong data-start=\"2305\" data-end=\"2316\">L\u2019haine<\/strong>, <strong data-start=\"2318\" data-end=\"2327\">L0rna<\/strong>, considerada una de las mayores promesas del trap nacional, y <strong data-start=\"2390\" data-end=\"2411\">Xiyo &amp; Fernandezz<\/strong>, con un reggaet\u00f3n fresco que conecta barrio y actualidad.<\/p>\t\t\t\t\t\t\t\t<\/div>\n\t\t\t\t<\/div>\n\t\t\t\t\t<\/div>\n\t\t<\/div>\n\t\t\t\t\t<\/div>\n\t\t<\/section>\n\t\t\t\t<section class=\"elementor-section elementor-top-section elementor-element elementor-element-9b4073b elementor-section-boxed elementor-section-height-default elementor-section-height-default\" data-id=\"9b4073b\" data-element_type=\"section\" data-e-type=\"section\">\n\t\t\t\t\t\t<div class=\"elementor-container elementor-column-gap-default\">\n\t\t\t\t\t<div class=\"elementor-column elementor-col-100 elementor-top-column elementor-element elementor-element-4e473f3\" data-id=\"4e473f3\" data-element_type=\"column\" data-e-type=\"column\">\n\t\t\t<div class=\"elementor-widget-wrap elementor-element-populated\">\n\t\t\t\t\t\t<div class=\"elementor-element elementor-element-e814851 elementor-widget elementor-widget-video\" data-id=\"e814851\" data-element_type=\"widget\" data-e-type=\"widget\" data-settings=\"{&quot;youtube_url&quot;:&quot;https:\\\/\\\/www.youtube.com\\\/watch?v=6cWXsWePDgg&quot;,&quot;video_type&quot;:&quot;youtube&quot;,&quot;controls&quot;:&quot;yes&quot;}\" data-widget_type=\"video.default\">\n\t\t\t\t<div class=\"elementor-widget-container\">\n\t\t\t\t\t\t\t<div class=\"elementor-wrapper elementor-open-inline\">\n\t\t\t<div class=\"elementor-video\"><\/div>\t\t<\/div>\n\t\t\t\t\t\t<\/div>\n\t\t\t\t<\/div>\n\t\t\t\t\t<\/div>\n\t\t<\/div>\n\t\t\t\t\t<\/div>\n\t\t<\/section>\n\t\t\t\t<section class=\"elementor-section elementor-top-section elementor-element elementor-element-e026813 elementor-section-boxed elementor-section-height-default elementor-section-height-default\" data-id=\"e026813\" data-element_type=\"section\" data-e-type=\"section\">\n\t\t\t\t\t\t<div class=\"elementor-container elementor-column-gap-default\">\n\t\t\t\t\t<div class=\"elementor-column elementor-col-100 elementor-top-column elementor-element elementor-element-493fe81\" data-id=\"493fe81\" data-element_type=\"column\" data-e-type=\"column\">\n\t\t\t<div class=\"elementor-widget-wrap elementor-element-populated\">\n\t\t\t\t\t\t<div class=\"elementor-element elementor-element-3fb28be elementor-widget elementor-widget-text-editor\" data-id=\"3fb28be\" data-element_type=\"widget\" data-e-type=\"widget\" data-widget_type=\"text-editor.default\">\n\t\t\t\t<div class=\"elementor-widget-container\">\n\t\t\t\t\t\t\t\t\t<p data-start=\"2471\" data-end=\"2677\">El line up se completa con nombres como <strong data-start=\"2511\" data-end=\"2563\">Yynestrosa, John Poll\u00f5n, Huda, Maritune y Anadie<\/strong>, artistas que forman parte de una escena en constante evoluci\u00f3n y que refuerzan el car\u00e1cter diverso del festival.<\/p><p data-start=\"2679\" data-end=\"2947\">M\u00e1s all\u00e1 de la m\u00fasica, el Festival SUBS\u00d3NICO apuesta por una experiencia cuidada, segura e inclusiva. El Auditorio Miguel R\u00edos contar\u00e1 con todos los servicios necesarios y con un planteamiento centrado en la accesibilidad, la sostenibilidad y el bienestar del p\u00fablico.<\/p><p data-start=\"2949\" data-end=\"3304\">El recinto est\u00e1 perfectamente conectado mediante transporte p\u00fablico, con la estaci\u00f3n <strong data-start=\"3034\" data-end=\"3060\">Rivas Futura (L\u00ednea 9)<\/strong> como principal acceso, adem\u00e1s de varias l\u00edneas de autob\u00fas, taxis y VTC. Tambi\u00e9n habr\u00e1 <strong data-start=\"3147\" data-end=\"3169\">parkings gratuitos<\/strong>, plazas reservadas para personas con movilidad reducida y un <strong data-start=\"3231\" data-end=\"3257\">servicio de lanzaderas<\/strong> para facilitar el regreso tras los conciertos.<\/p><p data-start=\"3306\" data-end=\"3627\" data-is-last-node=\"\" data-is-only-node=\"\">Los <strong data-start=\"3310\" data-end=\"3380\">abonos saldr\u00e1n a la venta el domingo 25 de enero a las 18:00 horas<\/strong> a trav\u00e9s de <strong data-start=\"3393\" data-end=\"3409\">subsonico.es<\/strong> y <strong data-start=\"3412\" data-end=\"3427\">feverup.com<\/strong>, donde el p\u00fablico ya puede inscribirse en la lista de espera. El Festival SUBS\u00d3NICO inicia as\u00ed su andadura con la intenci\u00f3n de convertirse en una nueva referencia dentro del panorama urbano nacional.<\/p>\t\t\t\t\t\t\t\t<\/div>\n\t\t\t\t<\/div>\n\t\t\t\t\t<\/div>\n\t\t<\/div>\n\t\t\t\t\t<\/div>\n\t\t<\/section>\n\t\t\t\t<\/div>","protected":false},"excerpt":{"rendered":"<p>El 5 y 6 de junio, Rivas acoger\u00e1 el festival SUBS\u00d3NICO en el Auditorio Miguel R\u00edos\u00a0 El Festival SUBS\u00d3NICO ha anunciado oficialmente su primer cartel y confirma su llegada al calendario musical de 2026 como una nueva apuesta por la cultura urbana. El festival se celebrar\u00e1 los d\u00edas 5 y 6 de junio en el [&hellip;]<\/p>\n","protected":false},"author":6,"featured_media":7116,"comment_status":"closed","ping_status":"closed","sticky":false,"template":"","format":"standard","meta":{"footnotes":""},"categories":[119,4],"tags":[],"class_list":["post-7114","post","type-post","status-publish","format-standard","has-post-thumbnail","hentry","category-eventos","category-musica"],"yoast_head":"<!-- This site is optimized with the Yoast SEO plugin v27.4 - https:\/\/yoast.com\/product\/yoast-seo-wordpress\/ -->\n<title>El Festival SUBS\u00d3NICO presenta su primer cartel<\/title>\n<meta name=\"description\" content=\"El 5 y 6 de junio, Rivas acoger\u00e1 el festival SUBS\u00d3NICO en el Auditorio Miguel R\u00edos con una programaci\u00f3n centrada en la escena urbana actual\" \/>\n<meta name=\"robots\" content=\"index, follow, max-snippet:-1, max-image-preview:large, max-video-preview:-1\" \/>\n<link rel=\"canonical\" href=\"https:\/\/unaymilletras.com\/en\/el-festival-subsonico-presenta-su-primer-cartel\/\" \/>\n<meta property=\"og:locale\" content=\"en_GB\" \/>\n<meta property=\"og:type\" content=\"article\" \/>\n<meta property=\"og:title\" content=\"El Festival SUBS\u00d3NICO presenta su primer cartel\" \/>\n<meta property=\"og:description\" content=\"El 5 y 6 de junio, Rivas acoger\u00e1 el festival SUBS\u00d3NICO en el Auditorio Miguel R\u00edos con una programaci\u00f3n centrada en la escena urbana actual\" \/>\n<meta property=\"og:url\" content=\"https:\/\/unaymilletras.com\/en\/el-festival-subsonico-presenta-su-primer-cartel\/\" \/>\n<meta property=\"og:site_name\" content=\"Una y Mil Letras\" \/>\n<meta property=\"article:published_time\" content=\"2026-01-23T19:23:50+00:00\" \/>\n<meta property=\"og:image\" content=\"http:\/\/unaymilletras.com\/wp-content\/uploads\/2026\/01\/SB26-Cartel-feed-1-e1769174037845.jpg\" \/>\n\t<meta property=\"og:image:width\" content=\"600\" \/>\n\t<meta property=\"og:image:height\" content=\"752\" \/>\n\t<meta property=\"og:image:type\" content=\"image\/jpeg\" \/>\n<meta name=\"author\" content=\"Redacci\u00f3n\" \/>\n<meta name=\"twitter:card\" content=\"summary_large_image\" \/>\n<meta name=\"twitter:creator\" content=\"@UnaYMilLetras\" \/>\n<meta name=\"twitter:site\" content=\"@UnaYMilLetras\" \/>\n<meta name=\"twitter:label1\" content=\"Written by\" \/>\n\t<meta name=\"twitter:data1\" content=\"Redacci\u00f3n\" \/>\n\t<meta name=\"twitter:label2\" content=\"Estimated reading time\" \/>\n\t<meta name=\"twitter:data2\" content=\"1 minute\" \/>\n<script type=\"application\/ld+json\" class=\"yoast-schema-graph\">{\"@context\":\"https:\\\/\\\/schema.org\",\"@graph\":[{\"@type\":\"Article\",\"@id\":\"https:\\\/\\\/unaymilletras.com\\\/el-festival-subsonico-presenta-su-primer-cartel\\\/#article\",\"isPartOf\":{\"@id\":\"https:\\\/\\\/unaymilletras.com\\\/el-festival-subsonico-presenta-su-primer-cartel\\\/\"},\"author\":{\"name\":\"Redacci\u00f3n\",\"@id\":\"http:\\\/\\\/unaymilletras.com\\\/#\\\/schema\\\/person\\\/0860dc8a218329991ee2c7591f4f849d\"},\"headline\":\"El Festival SUBS\u00d3NICO presenta su primer cartel\",\"datePublished\":\"2026-01-23T19:23:50+00:00\",\"mainEntityOfPage\":{\"@id\":\"https:\\\/\\\/unaymilletras.com\\\/el-festival-subsonico-presenta-su-primer-cartel\\\/\"},\"wordCount\":575,\"publisher\":{\"@id\":\"http:\\\/\\\/unaymilletras.com\\\/#organization\"},\"image\":{\"@id\":\"https:\\\/\\\/unaymilletras.com\\\/el-festival-subsonico-presenta-su-primer-cartel\\\/#primaryimage\"},\"thumbnailUrl\":\"https:\\\/\\\/unaymilletras.com\\\/wp-content\\\/uploads\\\/2026\\\/01\\\/SB26-Cartel-feed-1-e1769174037845.jpg\",\"articleSection\":[\"Eventos\",\"M\u00fasica\"],\"inLanguage\":\"en-GB\"},{\"@type\":\"WebPage\",\"@id\":\"https:\\\/\\\/unaymilletras.com\\\/el-festival-subsonico-presenta-su-primer-cartel\\\/\",\"url\":\"https:\\\/\\\/unaymilletras.com\\\/el-festival-subsonico-presenta-su-primer-cartel\\\/\",\"name\":\"El Festival SUBS\u00d3NICO presenta su primer cartel\",\"isPartOf\":{\"@id\":\"http:\\\/\\\/unaymilletras.com\\\/#website\"},\"primaryImageOfPage\":{\"@id\":\"https:\\\/\\\/unaymilletras.com\\\/el-festival-subsonico-presenta-su-primer-cartel\\\/#primaryimage\"},\"image\":{\"@id\":\"https:\\\/\\\/unaymilletras.com\\\/el-festival-subsonico-presenta-su-primer-cartel\\\/#primaryimage\"},\"thumbnailUrl\":\"https:\\\/\\\/unaymilletras.com\\\/wp-content\\\/uploads\\\/2026\\\/01\\\/SB26-Cartel-feed-1-e1769174037845.jpg\",\"datePublished\":\"2026-01-23T19:23:50+00:00\",\"description\":\"El 5 y 6 de junio, Rivas acoger\u00e1 el festival SUBS\u00d3NICO en el Auditorio Miguel R\u00edos con una programaci\u00f3n centrada en la escena urbana actual\",\"breadcrumb\":{\"@id\":\"https:\\\/\\\/unaymilletras.com\\\/el-festival-subsonico-presenta-su-primer-cartel\\\/#breadcrumb\"},\"inLanguage\":\"en-GB\",\"potentialAction\":[{\"@type\":\"ReadAction\",\"target\":[\"https:\\\/\\\/unaymilletras.com\\\/el-festival-subsonico-presenta-su-primer-cartel\\\/\"]}]},{\"@type\":\"ImageObject\",\"inLanguage\":\"en-GB\",\"@id\":\"https:\\\/\\\/unaymilletras.com\\\/el-festival-subsonico-presenta-su-primer-cartel\\\/#primaryimage\",\"url\":\"https:\\\/\\\/unaymilletras.com\\\/wp-content\\\/uploads\\\/2026\\\/01\\\/SB26-Cartel-feed-1-e1769174037845.jpg\",\"contentUrl\":\"https:\\\/\\\/unaymilletras.com\\\/wp-content\\\/uploads\\\/2026\\\/01\\\/SB26-Cartel-feed-1-e1769174037845.jpg\",\"width\":600,\"height\":752,\"caption\":\"Festival Subs\u00f3nico\"},{\"@type\":\"BreadcrumbList\",\"@id\":\"https:\\\/\\\/unaymilletras.com\\\/el-festival-subsonico-presenta-su-primer-cartel\\\/#breadcrumb\",\"itemListElement\":[{\"@type\":\"ListItem\",\"position\":1,\"name\":\"Home\",\"item\":\"http:\\\/\\\/unaymilletras.com\\\/\"},{\"@type\":\"ListItem\",\"position\":2,\"name\":\"El Festival SUBS\u00d3NICO presenta su primer cartel\"}]},{\"@type\":\"WebSite\",\"@id\":\"http:\\\/\\\/unaymilletras.com\\\/#website\",\"url\":\"http:\\\/\\\/unaymilletras.com\\\/\",\"name\":\"Una y Mil Letras\",\"description\":\"\",\"publisher\":{\"@id\":\"http:\\\/\\\/unaymilletras.com\\\/#organization\"},\"potentialAction\":[{\"@type\":\"SearchAction\",\"target\":{\"@type\":\"EntryPoint\",\"urlTemplate\":\"http:\\\/\\\/unaymilletras.com\\\/?s={search_term_string}\"},\"query-input\":{\"@type\":\"PropertyValueSpecification\",\"valueRequired\":true,\"valueName\":\"search_term_string\"}}],\"inLanguage\":\"en-GB\"},{\"@type\":\"Organization\",\"@id\":\"http:\\\/\\\/unaymilletras.com\\\/#organization\",\"name\":\"Una y Mil Letras\",\"url\":\"http:\\\/\\\/unaymilletras.com\\\/\",\"logo\":{\"@type\":\"ImageObject\",\"inLanguage\":\"en-GB\",\"@id\":\"http:\\\/\\\/unaymilletras.com\\\/#\\\/schema\\\/logo\\\/image\\\/\",\"url\":\"https:\\\/\\\/unaymilletras.com\\\/wp-content\\\/uploads\\\/2024\\\/06\\\/cropped-Logo-removebg-preview.png\",\"contentUrl\":\"https:\\\/\\\/unaymilletras.com\\\/wp-content\\\/uploads\\\/2024\\\/06\\\/cropped-Logo-removebg-preview.png\",\"width\":512,\"height\":512,\"caption\":\"Una y Mil Letras\"},\"image\":{\"@id\":\"http:\\\/\\\/unaymilletras.com\\\/#\\\/schema\\\/logo\\\/image\\\/\"},\"sameAs\":[\"https:\\\/\\\/x.com\\\/UnaYMilLetras\",\"https:\\\/\\\/instagram.com\\\/UnaYMilLetras\"]},{\"@type\":\"Person\",\"@id\":\"http:\\\/\\\/unaymilletras.com\\\/#\\\/schema\\\/person\\\/0860dc8a218329991ee2c7591f4f849d\",\"name\":\"Redacci\u00f3n\",\"image\":{\"@type\":\"ImageObject\",\"inLanguage\":\"en-GB\",\"@id\":\"https:\\\/\\\/secure.gravatar.com\\\/avatar\\\/d8f55e05a8b6597e45c55a1dcbdbfe44f4a360d88b48e00de5216a79b7732796?s=96&d=mm&r=g\",\"url\":\"https:\\\/\\\/secure.gravatar.com\\\/avatar\\\/d8f55e05a8b6597e45c55a1dcbdbfe44f4a360d88b48e00de5216a79b7732796?s=96&d=mm&r=g\",\"contentUrl\":\"https:\\\/\\\/secure.gravatar.com\\\/avatar\\\/d8f55e05a8b6597e45c55a1dcbdbfe44f4a360d88b48e00de5216a79b7732796?s=96&d=mm&r=g\",\"caption\":\"Redacci\u00f3n\"},\"url\":\"https:\\\/\\\/unaymilletras.com\\\/en\\\/author\\\/redaccion\\\/\"}]}<\/script>\n<!-- \/ Yoast SEO plugin. -->","yoast_head_json":{"title":"El Festival SUBS\u00d3NICO presenta su primer cartel","description":"El 5 y 6 de junio, Rivas acoger\u00e1 el festival SUBS\u00d3NICO en el Auditorio Miguel R\u00edos con una programaci\u00f3n centrada en la escena urbana actual","robots":{"index":"index","follow":"follow","max-snippet":"max-snippet:-1","max-image-preview":"max-image-preview:large","max-video-preview":"max-video-preview:-1"},"canonical":"https:\/\/unaymilletras.com\/en\/el-festival-subsonico-presenta-su-primer-cartel\/","og_locale":"en_GB","og_type":"article","og_title":"El Festival SUBS\u00d3NICO presenta su primer cartel","og_description":"El 5 y 6 de junio, Rivas acoger\u00e1 el festival SUBS\u00d3NICO en el Auditorio Miguel R\u00edos con una programaci\u00f3n centrada en la escena urbana actual","og_url":"https:\/\/unaymilletras.com\/en\/el-festival-subsonico-presenta-su-primer-cartel\/","og_site_name":"Una y Mil Letras","article_published_time":"2026-01-23T19:23:50+00:00","og_image":[{"width":600,"height":752,"url":"http:\/\/unaymilletras.com\/wp-content\/uploads\/2026\/01\/SB26-Cartel-feed-1-e1769174037845.jpg","type":"image\/jpeg"}],"author":"Redacci\u00f3n","twitter_card":"summary_large_image","twitter_creator":"@UnaYMilLetras","twitter_site":"@UnaYMilLetras","twitter_misc":{"Written by":"Redacci\u00f3n","Estimated reading time":"1 minute"},"schema":{"@context":"https:\/\/schema.org","@graph":[{"@type":"Article","@id":"https:\/\/unaymilletras.com\/el-festival-subsonico-presenta-su-primer-cartel\/#article","isPartOf":{"@id":"https:\/\/unaymilletras.com\/el-festival-subsonico-presenta-su-primer-cartel\/"},"author":{"name":"Redacci\u00f3n","@id":"http:\/\/unaymilletras.com\/#\/schema\/person\/0860dc8a218329991ee2c7591f4f849d"},"headline":"El Festival SUBS\u00d3NICO presenta su primer cartel","datePublished":"2026-01-23T19:23:50+00:00","mainEntityOfPage":{"@id":"https:\/\/unaymilletras.com\/el-festival-subsonico-presenta-su-primer-cartel\/"},"wordCount":575,"publisher":{"@id":"http:\/\/unaymilletras.com\/#organization"},"image":{"@id":"https:\/\/unaymilletras.com\/el-festival-subsonico-presenta-su-primer-cartel\/#primaryimage"},"thumbnailUrl":"https:\/\/unaymilletras.com\/wp-content\/uploads\/2026\/01\/SB26-Cartel-feed-1-e1769174037845.jpg","articleSection":["Eventos","M\u00fasica"],"inLanguage":"en-GB"},{"@type":"WebPage","@id":"https:\/\/unaymilletras.com\/el-festival-subsonico-presenta-su-primer-cartel\/","url":"https:\/\/unaymilletras.com\/el-festival-subsonico-presenta-su-primer-cartel\/","name":"El Festival SUBS\u00d3NICO presenta su primer cartel","isPartOf":{"@id":"http:\/\/unaymilletras.com\/#website"},"primaryImageOfPage":{"@id":"https:\/\/unaymilletras.com\/el-festival-subsonico-presenta-su-primer-cartel\/#primaryimage"},"image":{"@id":"https:\/\/unaymilletras.com\/el-festival-subsonico-presenta-su-primer-cartel\/#primaryimage"},"thumbnailUrl":"https:\/\/unaymilletras.com\/wp-content\/uploads\/2026\/01\/SB26-Cartel-feed-1-e1769174037845.jpg","datePublished":"2026-01-23T19:23:50+00:00","description":"El 5 y 6 de junio, Rivas acoger\u00e1 el festival SUBS\u00d3NICO en el Auditorio Miguel R\u00edos con una programaci\u00f3n centrada en la escena urbana actual","breadcrumb":{"@id":"https:\/\/unaymilletras.com\/el-festival-subsonico-presenta-su-primer-cartel\/#breadcrumb"},"inLanguage":"en-GB","potentialAction":[{"@type":"ReadAction","target":["https:\/\/unaymilletras.com\/el-festival-subsonico-presenta-su-primer-cartel\/"]}]},{"@type":"ImageObject","inLanguage":"en-GB","@id":"https:\/\/unaymilletras.com\/el-festival-subsonico-presenta-su-primer-cartel\/#primaryimage","url":"https:\/\/unaymilletras.com\/wp-content\/uploads\/2026\/01\/SB26-Cartel-feed-1-e1769174037845.jpg","contentUrl":"https:\/\/unaymilletras.com\/wp-content\/uploads\/2026\/01\/SB26-Cartel-feed-1-e1769174037845.jpg","width":600,"height":752,"caption":"Festival Subs\u00f3nico"},{"@type":"BreadcrumbList","@id":"https:\/\/unaymilletras.com\/el-festival-subsonico-presenta-su-primer-cartel\/#breadcrumb","itemListElement":[{"@type":"ListItem","position":1,"name":"Home","item":"http:\/\/unaymilletras.com\/"},{"@type":"ListItem","position":2,"name":"El Festival SUBS\u00d3NICO presenta su primer cartel"}]},{"@type":"WebSite","@id":"http:\/\/unaymilletras.com\/#website","url":"http:\/\/unaymilletras.com\/","name":"Una y Mil Letras","description":"","publisher":{"@id":"http:\/\/unaymilletras.com\/#organization"},"potentialAction":[{"@type":"SearchAction","target":{"@type":"EntryPoint","urlTemplate":"http:\/\/unaymilletras.com\/?s={search_term_string}"},"query-input":{"@type":"PropertyValueSpecification","valueRequired":true,"valueName":"search_term_string"}}],"inLanguage":"en-GB"},{"@type":"Organization","@id":"http:\/\/unaymilletras.com\/#organization","name":"Una y Mil Letras","url":"http:\/\/unaymilletras.com\/","logo":{"@type":"ImageObject","inLanguage":"en-GB","@id":"http:\/\/unaymilletras.com\/#\/schema\/logo\/image\/","url":"https:\/\/unaymilletras.com\/wp-content\/uploads\/2024\/06\/cropped-Logo-removebg-preview.png","contentUrl":"https:\/\/unaymilletras.com\/wp-content\/uploads\/2024\/06\/cropped-Logo-removebg-preview.png","width":512,"height":512,"caption":"Una y Mil Letras"},"image":{"@id":"http:\/\/unaymilletras.com\/#\/schema\/logo\/image\/"},"sameAs":["https:\/\/x.com\/UnaYMilLetras","https:\/\/instagram.com\/UnaYMilLetras"]},{"@type":"Person","@id":"http:\/\/unaymilletras.com\/#\/schema\/person\/0860dc8a218329991ee2c7591f4f849d","name":"Redacci\u00f3n","image":{"@type":"ImageObject","inLanguage":"en-GB","@id":"https:\/\/secure.gravatar.com\/avatar\/d8f55e05a8b6597e45c55a1dcbdbfe44f4a360d88b48e00de5216a79b7732796?s=96&d=mm&r=g","url":"https:\/\/secure.gravatar.com\/avatar\/d8f55e05a8b6597e45c55a1dcbdbfe44f4a360d88b48e00de5216a79b7732796?s=96&d=mm&r=g","contentUrl":"https:\/\/secure.gravatar.com\/avatar\/d8f55e05a8b6597e45c55a1dcbdbfe44f4a360d88b48e00de5216a79b7732796?s=96&d=mm&r=g","caption":"Redacci\u00f3n"},"url":"https:\/\/unaymilletras.com\/en\/author\/redaccion\/"}]}},"_links":{"self":[{"href":"https:\/\/unaymilletras.com\/en\/wp-json\/wp\/v2\/posts\/7114","targetHints":{"allow":["GET"]}}],"collection":[{"href":"https:\/\/unaymilletras.com\/en\/wp-json\/wp\/v2\/posts"}],"about":[{"href":"https:\/\/unaymilletras.com\/en\/wp-json\/wp\/v2\/types\/post"}],"author":[{"embeddable":true,"href":"https:\/\/unaymilletras.com\/en\/wp-json\/wp\/v2\/users\/6"}],"replies":[{"embeddable":true,"href":"https:\/\/unaymilletras.com\/en\/wp-json\/wp\/v2\/comments?post=7114"}],"version-history":[{"count":7,"href":"https:\/\/unaymilletras.com\/en\/wp-json\/wp\/v2\/posts\/7114\/revisions"}],"predecessor-version":[{"id":7126,"href":"https:\/\/unaymilletras.com\/en\/wp-json\/wp\/v2\/posts\/7114\/revisions\/7126"}],"wp:featuredmedia":[{"embeddable":true,"href":"https:\/\/unaymilletras.com\/en\/wp-json\/wp\/v2\/media\/7116"}],"wp:attachment":[{"href":"https:\/\/unaymilletras.com\/en\/wp-json\/wp\/v2\/media?parent=7114"}],"wp:term":[{"taxonomy":"category","embeddable":true,"href":"https:\/\/unaymilletras.com\/en\/wp-json\/wp\/v2\/categories?post=7114"},{"taxonomy":"post_tag","embeddable":true,"href":"https:\/\/unaymilletras.com\/en\/wp-json\/wp\/v2\/tags?post=7114"}],"curies":[{"name":"wp","href":"https:\/\/api.w.org\/{rel}","templated":true}]}}