{"id":7127,"date":"2026-01-26T12:31:48","date_gmt":"2026-01-26T11:31:48","guid":{"rendered":"https:\/\/unaymilletras.com\/?p=7127"},"modified":"2026-01-26T12:33:57","modified_gmt":"2026-01-26T11:33:57","slug":"furia-parte-2-incorporan-maribel-verdu-carmen-maura-y-ana-mena","status":"publish","type":"post","link":"https:\/\/unaymilletras.com\/en\/furia-parte-2-incorporan-maribel-verdu-carmen-maura-y-ana-mena\/","title":{"rendered":"FURIA Parte 2 incorporan  Maribel Verd\u00fa, Carmen Maura y Ana Mena"},"content":{"rendered":"<div data-elementor-type=\"wp-post\" data-elementor-id=\"7127\" class=\"elementor elementor-7127\">\n\t\t\t\t\t\t<section class=\"elementor-section elementor-top-section elementor-element elementor-element-cf2967c elementor-section-boxed elementor-section-height-default elementor-section-height-default\" data-id=\"cf2967c\" data-element_type=\"section\" data-e-type=\"section\">\n\t\t\t\t\t\t<div class=\"elementor-container elementor-column-gap-default\">\n\t\t\t\t\t<div class=\"elementor-column elementor-col-100 elementor-top-column elementor-element elementor-element-5640c60\" data-id=\"5640c60\" data-element_type=\"column\" data-e-type=\"column\">\n\t\t\t<div class=\"elementor-widget-wrap elementor-element-populated\">\n\t\t\t\t\t\t<div class=\"elementor-element elementor-element-e2dd89a elementor-widget elementor-widget-text-editor\" data-id=\"e2dd89a\" data-element_type=\"widget\" data-e-type=\"widget\" data-widget_type=\"text-editor.default\">\n\t\t\t\t<div class=\"elementor-widget-container\">\n\t\t\t\t\t\t\t\t\t<h2 style=\"text-align: center;\"><span style=\"color: #808080;\"><em>La serie de HBO, Furia 2, inicia el rodaje de su segunda temporada en Madrid y se estrenar\u00e1 este a\u00f1o en HBO Max<\/em><\/span><\/h2>\t\t\t\t\t\t\t\t<\/div>\n\t\t\t\t<\/div>\n\t\t\t\t\t<\/div>\n\t\t<\/div>\n\t\t\t\t\t<\/div>\n\t\t<\/section>\n\t\t\t\t<section class=\"elementor-section elementor-top-section elementor-element elementor-element-057d8fa elementor-section-boxed elementor-section-height-default elementor-section-height-default\" data-id=\"057d8fa\" data-element_type=\"section\" data-e-type=\"section\">\n\t\t\t\t\t\t<div class=\"elementor-container elementor-column-gap-default\">\n\t\t\t\t\t<div class=\"elementor-column elementor-col-100 elementor-top-column elementor-element elementor-element-882c985\" data-id=\"882c985\" data-element_type=\"column\" data-e-type=\"column\">\n\t\t\t<div class=\"elementor-widget-wrap elementor-element-populated\">\n\t\t\t\t\t\t<div class=\"elementor-element elementor-element-c38ddb4 elementor-widget elementor-widget-text-editor\" data-id=\"c38ddb4\" data-element_type=\"widget\" data-e-type=\"widget\" data-widget_type=\"text-editor.default\">\n\t\t\t\t<div class=\"elementor-widget-container\">\n\t\t\t\t\t\t\t\t\t<p data-start=\"383\" data-end=\"883\"><strong data-start=\"383\" data-end=\"400\">FURIA Parte 2<\/strong> ya calienta motores. HBO Max ha confirmado el reparto principal de la nueva entrega de la serie creada y dirigida por F\u00e9lix Sabroso, que arrancar\u00e1 pr\u00f3ximamente su rodaje en distintas localizaciones de Madrid. A Claudia Salas y Ana Torrent, que retoman sus personajes, se suman ahora nombres tan destacados como <strong data-start=\"712\" data-end=\"794\">Maribel Verd\u00fa, Carmen Maura, Mar\u00eda Le\u00f3n, Cecilia Su\u00e1rez, Ana Mena y Clara Sans<\/strong>, reforzando una apuesta coral que vuelve a situar a las mujeres en el centro del relato.<\/p><p data-start=\"885\" data-end=\"1372\">La segunda parte de <strong data-start=\"905\" data-end=\"914\">FURIA<\/strong> profundizar\u00e1 en nuevas historias protagonizadas por mujeres atrapadas en un sistema donde todo puede convertirse en espect\u00e1culo y mercanc\u00eda. Frente a ese engranaje implacable, las protagonistas encontrar\u00e1n en la furia \u2014emocional, pol\u00edtica y vital\u2014 su \u00fanica herramienta de resistencia. La serie vuelve as\u00ed a explorar los l\u00edmites entre poder, deseo, violencia simb\u00f3lica y supervivencia con el tono irreverente y provocador que la ha convertido en un fen\u00f3meno.<\/p><p data-start=\"1374\" data-end=\"1729\">La nueva temporada contar\u00e1 con <strong data-start=\"1405\" data-end=\"1437\">ocho episodios de 30 minutos<\/strong> y vuelve a estar escrita por F\u00e9lix Sabroso junto a Juan Flahn, con direcci\u00f3n compartida con Jau Forn\u00e9s. La producci\u00f3n corre a cargo de Producciones Mandarina para HBO Max en Espa\u00f1a, con Jos\u00e9 Mar\u00eda Caro, Antonio Trashorras y David Oca\u00f1a como productores ejecutivos por parte de la plataforma.<\/p>\t\t\t\t\t\t\t\t<\/div>\n\t\t\t\t<\/div>\n\t\t\t\t\t<\/div>\n\t\t<\/div>\n\t\t\t\t\t<\/div>\n\t\t<\/section>\n\t\t\t\t<section class=\"elementor-section elementor-top-section elementor-element elementor-element-2bb3d0e elementor-section-boxed elementor-section-height-default elementor-section-height-default\" data-id=\"2bb3d0e\" data-element_type=\"section\" data-e-type=\"section\">\n\t\t\t\t\t\t<div class=\"elementor-container elementor-column-gap-default\">\n\t\t\t\t\t<div class=\"elementor-column elementor-col-100 elementor-top-column elementor-element elementor-element-ae79772\" data-id=\"ae79772\" data-element_type=\"column\" data-e-type=\"column\">\n\t\t\t<div class=\"elementor-widget-wrap elementor-element-populated\">\n\t\t\t\t\t\t<div class=\"elementor-element elementor-element-4aac175 elementor-widget elementor-widget-image\" data-id=\"4aac175\" data-element_type=\"widget\" data-e-type=\"widget\" data-widget_type=\"image.default\">\n\t\t\t\t<div class=\"elementor-widget-container\">\n\t\t\t\t\t\t\t\t\t\t\t\t\t\t\t<img fetchpriority=\"high\" decoding=\"async\" width=\"640\" height=\"360\" src=\"https:\/\/unaymilletras.com\/wp-content\/uploads\/2026\/01\/furia-2-cast_69775061e1bb0-1024x576.png\" class=\"attachment-large size-large wp-image-7129\" alt=\"Furia parte 2\" srcset=\"https:\/\/unaymilletras.com\/wp-content\/uploads\/2026\/01\/furia-2-cast_69775061e1bb0-1024x576.png 1024w, https:\/\/unaymilletras.com\/wp-content\/uploads\/2026\/01\/furia-2-cast_69775061e1bb0-300x169.png 300w, https:\/\/unaymilletras.com\/wp-content\/uploads\/2026\/01\/furia-2-cast_69775061e1bb0-768x432.png 768w, https:\/\/unaymilletras.com\/wp-content\/uploads\/2026\/01\/furia-2-cast_69775061e1bb0-18x10.png 18w, https:\/\/unaymilletras.com\/wp-content\/uploads\/2026\/01\/furia-2-cast_69775061e1bb0-e1769427172596.png 600w\" sizes=\"(max-width: 640px) 100vw, 640px\" \/>\t\t\t\t\t\t\t\t\t\t\t\t\t\t\t<\/div>\n\t\t\t\t<\/div>\n\t\t\t\t\t<\/div>\n\t\t<\/div>\n\t\t\t\t\t<\/div>\n\t\t<\/section>\n\t\t\t\t<section class=\"elementor-section elementor-top-section elementor-element elementor-element-05bfa8a elementor-section-boxed elementor-section-height-default elementor-section-height-default\" data-id=\"05bfa8a\" data-element_type=\"section\" data-e-type=\"section\">\n\t\t\t\t\t\t<div class=\"elementor-container elementor-column-gap-default\">\n\t\t\t\t\t<div class=\"elementor-column elementor-col-100 elementor-top-column elementor-element elementor-element-309d633\" data-id=\"309d633\" data-element_type=\"column\" data-e-type=\"column\">\n\t\t\t<div class=\"elementor-widget-wrap elementor-element-populated\">\n\t\t\t\t\t\t<div class=\"elementor-element elementor-element-fd49605 elementor-widget elementor-widget-text-editor\" data-id=\"fd49605\" data-element_type=\"widget\" data-e-type=\"widget\" data-widget_type=\"text-editor.default\">\n\t\t\t\t<div class=\"elementor-widget-container\">\n\t\t\t\t\t\t\t\t\t<p data-start=\"1731\" data-end=\"2151\">Estrenada el pasado mes de julio, <strong data-start=\"1765\" data-end=\"1774\">FURIA<\/strong> se consolid\u00f3 como una de las series m\u00e1s vistas de HBO Max en Espa\u00f1a desde 2021, solo superada por <em data-start=\"1873\" data-end=\"1893\">La Casa del Drag\u00f3n<\/em> y <em data-start=\"1896\" data-end=\"1912\">The Last of Us<\/em>. Su primera temporada fue celebrada tanto por la cr\u00edtica como por la industria, destacando especialmente su reparto femenino, que reuni\u00f3 por primera vez en pantalla a Carmen Machi, Candela Pe\u00f1a, Cecilia Roth, Nathalie Poza y Pilar Castro.<\/p><p data-start=\"2153\" data-end=\"2428\">El impacto de la serie se tradujo en importantes reconocimientos, entre ellos un <strong data-start=\"2234\" data-end=\"2282\">Premio Ondas a Mejor interpretaci\u00f3n femenina<\/strong>, un premio especial del jurado en los <strong data-start=\"2321\" data-end=\"2343\">Rose d\u2019Or europeos<\/strong> al elenco protagonista y m\u00faltiples nominaciones en los Premios Feroz, Forqu\u00e9 e Iris.<\/p><p data-start=\"2430\" data-end=\"2712\" data-is-last-node=\"\" data-is-only-node=\"\">Con este nuevo reparto y una segunda parte en marcha, <strong data-start=\"2484\" data-end=\"2493\">FURIA<\/strong> apunta a ampliar su retrato \u00e1cido y contempor\u00e1neo sobre el poder, el espect\u00e1culo y la rabia como forma de respuesta, consolid\u00e1ndose como una de las ficciones espa\u00f1olas m\u00e1s personales y reconocibles del panorama actual.<\/p>\t\t\t\t\t\t\t\t<\/div>\n\t\t\t\t<\/div>\n\t\t\t\t\t<\/div>\n\t\t<\/div>\n\t\t\t\t\t<\/div>\n\t\t<\/section>\n\t\t\t\t<\/div>","protected":false},"excerpt":{"rendered":"<p>La serie de HBO, Furia 2, inicia el rodaje de su segunda temporada en Madrid y se estrenar\u00e1 este a\u00f1o en HBO Max FURIA Parte 2 ya calienta motores. HBO Max ha confirmado el reparto principal de la nueva entrega de la serie creada y dirigida por F\u00e9lix Sabroso, que arrancar\u00e1 pr\u00f3ximamente su rodaje en [&hellip;]<\/p>\n","protected":false},"author":6,"featured_media":7129,"comment_status":"closed","ping_status":"closed","sticky":false,"template":"","format":"standard","meta":{"footnotes":""},"categories":[117],"tags":[],"class_list":["post-7127","post","type-post","status-publish","format-standard","has-post-thumbnail","hentry","category-peliculas-y-series"],"yoast_head":"<!-- This site is optimized with the Yoast SEO plugin v27.4 - https:\/\/yoast.com\/product\/yoast-seo-wordpress\/ -->\n<title>FURIA Parte 2 incorporan Maribel Verd\u00fa, Carmen Maura y Ana Mena &#8902; Una y Mil Letras<\/title>\n<meta name=\"description\" content=\"La serie original de HBO, Furia 2, inicia el rodaje de su segunda temporada en Madrid y se estrenar\u00e1 este a\u00f1o en HBO Max\" \/>\n<meta name=\"robots\" content=\"index, follow, max-snippet:-1, max-image-preview:large, max-video-preview:-1\" \/>\n<link rel=\"canonical\" href=\"https:\/\/unaymilletras.com\/en\/furia-parte-2-incorporan-maribel-verdu-carmen-maura-y-ana-mena\/\" \/>\n<meta property=\"og:locale\" content=\"en_GB\" \/>\n<meta property=\"og:type\" content=\"article\" \/>\n<meta property=\"og:title\" content=\"FURIA Parte 2 incorporan Maribel Verd\u00fa, Carmen Maura y Ana Mena &#8902; Una y Mil Letras\" \/>\n<meta property=\"og:description\" content=\"La serie original de HBO, Furia 2, inicia el rodaje de su segunda temporada en Madrid y se estrenar\u00e1 este a\u00f1o en HBO Max\" \/>\n<meta property=\"og:url\" content=\"https:\/\/unaymilletras.com\/en\/furia-parte-2-incorporan-maribel-verdu-carmen-maura-y-ana-mena\/\" \/>\n<meta property=\"og:site_name\" content=\"Una y Mil Letras\" \/>\n<meta property=\"article:published_time\" content=\"2026-01-26T11:31:48+00:00\" \/>\n<meta property=\"article:modified_time\" content=\"2026-01-26T11:33:57+00:00\" \/>\n<meta property=\"og:image\" content=\"http:\/\/unaymilletras.com\/wp-content\/uploads\/2026\/01\/furia-2-cast_69775061e1bb0-e1769427172596.png\" \/>\n\t<meta property=\"og:image:width\" content=\"600\" \/>\n\t<meta property=\"og:image:height\" content=\"338\" \/>\n\t<meta property=\"og:image:type\" content=\"image\/png\" \/>\n<meta name=\"author\" content=\"Redacci\u00f3n\" \/>\n<meta name=\"twitter:card\" content=\"summary_large_image\" \/>\n<meta name=\"twitter:creator\" content=\"@UnaYMilLetras\" \/>\n<meta name=\"twitter:site\" content=\"@UnaYMilLetras\" \/>\n<meta name=\"twitter:label1\" content=\"Written by\" \/>\n\t<meta name=\"twitter:data1\" content=\"Redacci\u00f3n\" \/>\n\t<meta name=\"twitter:label2\" content=\"Estimated reading time\" \/>\n\t<meta name=\"twitter:data2\" content=\"3 minutes\" \/>\n<script type=\"application\/ld+json\" class=\"yoast-schema-graph\">{\"@context\":\"https:\\\/\\\/schema.org\",\"@graph\":[{\"@type\":\"Article\",\"@id\":\"https:\\\/\\\/unaymilletras.com\\\/furia-parte-2-incorporan-maribel-verdu-carmen-maura-y-ana-mena\\\/#article\",\"isPartOf\":{\"@id\":\"https:\\\/\\\/unaymilletras.com\\\/furia-parte-2-incorporan-maribel-verdu-carmen-maura-y-ana-mena\\\/\"},\"author\":{\"name\":\"Redacci\u00f3n\",\"@id\":\"http:\\\/\\\/unaymilletras.com\\\/#\\\/schema\\\/person\\\/0860dc8a218329991ee2c7591f4f849d\"},\"headline\":\"FURIA Parte 2 incorporan Maribel Verd\u00fa, Carmen Maura y Ana Mena\",\"datePublished\":\"2026-01-26T11:31:48+00:00\",\"dateModified\":\"2026-01-26T11:33:57+00:00\",\"mainEntityOfPage\":{\"@id\":\"https:\\\/\\\/unaymilletras.com\\\/furia-parte-2-incorporan-maribel-verdu-carmen-maura-y-ana-mena\\\/\"},\"wordCount\":433,\"publisher\":{\"@id\":\"http:\\\/\\\/unaymilletras.com\\\/#organization\"},\"image\":{\"@id\":\"https:\\\/\\\/unaymilletras.com\\\/furia-parte-2-incorporan-maribel-verdu-carmen-maura-y-ana-mena\\\/#primaryimage\"},\"thumbnailUrl\":\"https:\\\/\\\/unaymilletras.com\\\/wp-content\\\/uploads\\\/2026\\\/01\\\/furia-2-cast_69775061e1bb0-e1769427172596.png\",\"articleSection\":[\"Pel\u00edculas y Series\"],\"inLanguage\":\"en-GB\"},{\"@type\":\"WebPage\",\"@id\":\"https:\\\/\\\/unaymilletras.com\\\/furia-parte-2-incorporan-maribel-verdu-carmen-maura-y-ana-mena\\\/\",\"url\":\"https:\\\/\\\/unaymilletras.com\\\/furia-parte-2-incorporan-maribel-verdu-carmen-maura-y-ana-mena\\\/\",\"name\":\"FURIA Parte 2 incorporan Maribel Verd\u00fa, Carmen Maura y Ana Mena &#8902; Una y Mil Letras\",\"isPartOf\":{\"@id\":\"http:\\\/\\\/unaymilletras.com\\\/#website\"},\"primaryImageOfPage\":{\"@id\":\"https:\\\/\\\/unaymilletras.com\\\/furia-parte-2-incorporan-maribel-verdu-carmen-maura-y-ana-mena\\\/#primaryimage\"},\"image\":{\"@id\":\"https:\\\/\\\/unaymilletras.com\\\/furia-parte-2-incorporan-maribel-verdu-carmen-maura-y-ana-mena\\\/#primaryimage\"},\"thumbnailUrl\":\"https:\\\/\\\/unaymilletras.com\\\/wp-content\\\/uploads\\\/2026\\\/01\\\/furia-2-cast_69775061e1bb0-e1769427172596.png\",\"datePublished\":\"2026-01-26T11:31:48+00:00\",\"dateModified\":\"2026-01-26T11:33:57+00:00\",\"description\":\"La serie original de HBO, Furia 2, inicia el rodaje de su segunda temporada en Madrid y se estrenar\u00e1 este a\u00f1o en HBO Max\",\"breadcrumb\":{\"@id\":\"https:\\\/\\\/unaymilletras.com\\\/furia-parte-2-incorporan-maribel-verdu-carmen-maura-y-ana-mena\\\/#breadcrumb\"},\"inLanguage\":\"en-GB\",\"potentialAction\":[{\"@type\":\"ReadAction\",\"target\":[\"https:\\\/\\\/unaymilletras.com\\\/furia-parte-2-incorporan-maribel-verdu-carmen-maura-y-ana-mena\\\/\"]}]},{\"@type\":\"ImageObject\",\"inLanguage\":\"en-GB\",\"@id\":\"https:\\\/\\\/unaymilletras.com\\\/furia-parte-2-incorporan-maribel-verdu-carmen-maura-y-ana-mena\\\/#primaryimage\",\"url\":\"https:\\\/\\\/unaymilletras.com\\\/wp-content\\\/uploads\\\/2026\\\/01\\\/furia-2-cast_69775061e1bb0-e1769427172596.png\",\"contentUrl\":\"https:\\\/\\\/unaymilletras.com\\\/wp-content\\\/uploads\\\/2026\\\/01\\\/furia-2-cast_69775061e1bb0-e1769427172596.png\",\"width\":600,\"height\":338,\"caption\":\"Furia parte 2\"},{\"@type\":\"BreadcrumbList\",\"@id\":\"https:\\\/\\\/unaymilletras.com\\\/furia-parte-2-incorporan-maribel-verdu-carmen-maura-y-ana-mena\\\/#breadcrumb\",\"itemListElement\":[{\"@type\":\"ListItem\",\"position\":1,\"name\":\"Home\",\"item\":\"http:\\\/\\\/unaymilletras.com\\\/\"},{\"@type\":\"ListItem\",\"position\":2,\"name\":\"FURIA Parte 2 incorporan Maribel Verd\u00fa, Carmen Maura y Ana Mena\"}]},{\"@type\":\"WebSite\",\"@id\":\"http:\\\/\\\/unaymilletras.com\\\/#website\",\"url\":\"http:\\\/\\\/unaymilletras.com\\\/\",\"name\":\"Una y Mil Letras\",\"description\":\"\",\"publisher\":{\"@id\":\"http:\\\/\\\/unaymilletras.com\\\/#organization\"},\"potentialAction\":[{\"@type\":\"SearchAction\",\"target\":{\"@type\":\"EntryPoint\",\"urlTemplate\":\"http:\\\/\\\/unaymilletras.com\\\/?s={search_term_string}\"},\"query-input\":{\"@type\":\"PropertyValueSpecification\",\"valueRequired\":true,\"valueName\":\"search_term_string\"}}],\"inLanguage\":\"en-GB\"},{\"@type\":\"Organization\",\"@id\":\"http:\\\/\\\/unaymilletras.com\\\/#organization\",\"name\":\"Una y Mil Letras\",\"url\":\"http:\\\/\\\/unaymilletras.com\\\/\",\"logo\":{\"@type\":\"ImageObject\",\"inLanguage\":\"en-GB\",\"@id\":\"http:\\\/\\\/unaymilletras.com\\\/#\\\/schema\\\/logo\\\/image\\\/\",\"url\":\"https:\\\/\\\/unaymilletras.com\\\/wp-content\\\/uploads\\\/2024\\\/06\\\/cropped-Logo-removebg-preview.png\",\"contentUrl\":\"https:\\\/\\\/unaymilletras.com\\\/wp-content\\\/uploads\\\/2024\\\/06\\\/cropped-Logo-removebg-preview.png\",\"width\":512,\"height\":512,\"caption\":\"Una y Mil Letras\"},\"image\":{\"@id\":\"http:\\\/\\\/unaymilletras.com\\\/#\\\/schema\\\/logo\\\/image\\\/\"},\"sameAs\":[\"https:\\\/\\\/x.com\\\/UnaYMilLetras\",\"https:\\\/\\\/instagram.com\\\/UnaYMilLetras\"]},{\"@type\":\"Person\",\"@id\":\"http:\\\/\\\/unaymilletras.com\\\/#\\\/schema\\\/person\\\/0860dc8a218329991ee2c7591f4f849d\",\"name\":\"Redacci\u00f3n\",\"image\":{\"@type\":\"ImageObject\",\"inLanguage\":\"en-GB\",\"@id\":\"https:\\\/\\\/secure.gravatar.com\\\/avatar\\\/d8f55e05a8b6597e45c55a1dcbdbfe44f4a360d88b48e00de5216a79b7732796?s=96&d=mm&r=g\",\"url\":\"https:\\\/\\\/secure.gravatar.com\\\/avatar\\\/d8f55e05a8b6597e45c55a1dcbdbfe44f4a360d88b48e00de5216a79b7732796?s=96&d=mm&r=g\",\"contentUrl\":\"https:\\\/\\\/secure.gravatar.com\\\/avatar\\\/d8f55e05a8b6597e45c55a1dcbdbfe44f4a360d88b48e00de5216a79b7732796?s=96&d=mm&r=g\",\"caption\":\"Redacci\u00f3n\"},\"url\":\"https:\\\/\\\/unaymilletras.com\\\/en\\\/author\\\/redaccion\\\/\"}]}<\/script>\n<!-- \/ Yoast SEO plugin. -->","yoast_head_json":{"title":"FURIA Parte 2 incorporan Maribel Verd\u00fa, Carmen Maura y Ana Mena &#8902; Una y Mil Letras","description":"La serie original de HBO, Furia 2, inicia el rodaje de su segunda temporada en Madrid y se estrenar\u00e1 este a\u00f1o en HBO Max","robots":{"index":"index","follow":"follow","max-snippet":"max-snippet:-1","max-image-preview":"max-image-preview:large","max-video-preview":"max-video-preview:-1"},"canonical":"https:\/\/unaymilletras.com\/en\/furia-parte-2-incorporan-maribel-verdu-carmen-maura-y-ana-mena\/","og_locale":"en_GB","og_type":"article","og_title":"FURIA Parte 2 incorporan Maribel Verd\u00fa, Carmen Maura y Ana Mena &#8902; Una y Mil Letras","og_description":"La serie original de HBO, Furia 2, inicia el rodaje de su segunda temporada en Madrid y se estrenar\u00e1 este a\u00f1o en HBO Max","og_url":"https:\/\/unaymilletras.com\/en\/furia-parte-2-incorporan-maribel-verdu-carmen-maura-y-ana-mena\/","og_site_name":"Una y Mil Letras","article_published_time":"2026-01-26T11:31:48+00:00","article_modified_time":"2026-01-26T11:33:57+00:00","og_image":[{"width":600,"height":338,"url":"http:\/\/unaymilletras.com\/wp-content\/uploads\/2026\/01\/furia-2-cast_69775061e1bb0-e1769427172596.png","type":"image\/png"}],"author":"Redacci\u00f3n","twitter_card":"summary_large_image","twitter_creator":"@UnaYMilLetras","twitter_site":"@UnaYMilLetras","twitter_misc":{"Written by":"Redacci\u00f3n","Estimated reading time":"3 minutes"},"schema":{"@context":"https:\/\/schema.org","@graph":[{"@type":"Article","@id":"https:\/\/unaymilletras.com\/furia-parte-2-incorporan-maribel-verdu-carmen-maura-y-ana-mena\/#article","isPartOf":{"@id":"https:\/\/unaymilletras.com\/furia-parte-2-incorporan-maribel-verdu-carmen-maura-y-ana-mena\/"},"author":{"name":"Redacci\u00f3n","@id":"http:\/\/unaymilletras.com\/#\/schema\/person\/0860dc8a218329991ee2c7591f4f849d"},"headline":"FURIA Parte 2 incorporan Maribel Verd\u00fa, Carmen Maura y Ana Mena","datePublished":"2026-01-26T11:31:48+00:00","dateModified":"2026-01-26T11:33:57+00:00","mainEntityOfPage":{"@id":"https:\/\/unaymilletras.com\/furia-parte-2-incorporan-maribel-verdu-carmen-maura-y-ana-mena\/"},"wordCount":433,"publisher":{"@id":"http:\/\/unaymilletras.com\/#organization"},"image":{"@id":"https:\/\/unaymilletras.com\/furia-parte-2-incorporan-maribel-verdu-carmen-maura-y-ana-mena\/#primaryimage"},"thumbnailUrl":"https:\/\/unaymilletras.com\/wp-content\/uploads\/2026\/01\/furia-2-cast_69775061e1bb0-e1769427172596.png","articleSection":["Pel\u00edculas y Series"],"inLanguage":"en-GB"},{"@type":"WebPage","@id":"https:\/\/unaymilletras.com\/furia-parte-2-incorporan-maribel-verdu-carmen-maura-y-ana-mena\/","url":"https:\/\/unaymilletras.com\/furia-parte-2-incorporan-maribel-verdu-carmen-maura-y-ana-mena\/","name":"FURIA Parte 2 incorporan Maribel Verd\u00fa, Carmen Maura y Ana Mena &#8902; Una y Mil Letras","isPartOf":{"@id":"http:\/\/unaymilletras.com\/#website"},"primaryImageOfPage":{"@id":"https:\/\/unaymilletras.com\/furia-parte-2-incorporan-maribel-verdu-carmen-maura-y-ana-mena\/#primaryimage"},"image":{"@id":"https:\/\/unaymilletras.com\/furia-parte-2-incorporan-maribel-verdu-carmen-maura-y-ana-mena\/#primaryimage"},"thumbnailUrl":"https:\/\/unaymilletras.com\/wp-content\/uploads\/2026\/01\/furia-2-cast_69775061e1bb0-e1769427172596.png","datePublished":"2026-01-26T11:31:48+00:00","dateModified":"2026-01-26T11:33:57+00:00","description":"La serie original de HBO, Furia 2, inicia el rodaje de su segunda temporada en Madrid y se estrenar\u00e1 este a\u00f1o en HBO Max","breadcrumb":{"@id":"https:\/\/unaymilletras.com\/furia-parte-2-incorporan-maribel-verdu-carmen-maura-y-ana-mena\/#breadcrumb"},"inLanguage":"en-GB","potentialAction":[{"@type":"ReadAction","target":["https:\/\/unaymilletras.com\/furia-parte-2-incorporan-maribel-verdu-carmen-maura-y-ana-mena\/"]}]},{"@type":"ImageObject","inLanguage":"en-GB","@id":"https:\/\/unaymilletras.com\/furia-parte-2-incorporan-maribel-verdu-carmen-maura-y-ana-mena\/#primaryimage","url":"https:\/\/unaymilletras.com\/wp-content\/uploads\/2026\/01\/furia-2-cast_69775061e1bb0-e1769427172596.png","contentUrl":"https:\/\/unaymilletras.com\/wp-content\/uploads\/2026\/01\/furia-2-cast_69775061e1bb0-e1769427172596.png","width":600,"height":338,"caption":"Furia parte 2"},{"@type":"BreadcrumbList","@id":"https:\/\/unaymilletras.com\/furia-parte-2-incorporan-maribel-verdu-carmen-maura-y-ana-mena\/#breadcrumb","itemListElement":[{"@type":"ListItem","position":1,"name":"Home","item":"http:\/\/unaymilletras.com\/"},{"@type":"ListItem","position":2,"name":"FURIA Parte 2 incorporan Maribel Verd\u00fa, Carmen Maura y Ana Mena"}]},{"@type":"WebSite","@id":"http:\/\/unaymilletras.com\/#website","url":"http:\/\/unaymilletras.com\/","name":"Una y Mil Letras","description":"","publisher":{"@id":"http:\/\/unaymilletras.com\/#organization"},"potentialAction":[{"@type":"SearchAction","target":{"@type":"EntryPoint","urlTemplate":"http:\/\/unaymilletras.com\/?s={search_term_string}"},"query-input":{"@type":"PropertyValueSpecification","valueRequired":true,"valueName":"search_term_string"}}],"inLanguage":"en-GB"},{"@type":"Organization","@id":"http:\/\/unaymilletras.com\/#organization","name":"Una y Mil Letras","url":"http:\/\/unaymilletras.com\/","logo":{"@type":"ImageObject","inLanguage":"en-GB","@id":"http:\/\/unaymilletras.com\/#\/schema\/logo\/image\/","url":"https:\/\/unaymilletras.com\/wp-content\/uploads\/2024\/06\/cropped-Logo-removebg-preview.png","contentUrl":"https:\/\/unaymilletras.com\/wp-content\/uploads\/2024\/06\/cropped-Logo-removebg-preview.png","width":512,"height":512,"caption":"Una y Mil Letras"},"image":{"@id":"http:\/\/unaymilletras.com\/#\/schema\/logo\/image\/"},"sameAs":["https:\/\/x.com\/UnaYMilLetras","https:\/\/instagram.com\/UnaYMilLetras"]},{"@type":"Person","@id":"http:\/\/unaymilletras.com\/#\/schema\/person\/0860dc8a218329991ee2c7591f4f849d","name":"Redacci\u00f3n","image":{"@type":"ImageObject","inLanguage":"en-GB","@id":"https:\/\/secure.gravatar.com\/avatar\/d8f55e05a8b6597e45c55a1dcbdbfe44f4a360d88b48e00de5216a79b7732796?s=96&d=mm&r=g","url":"https:\/\/secure.gravatar.com\/avatar\/d8f55e05a8b6597e45c55a1dcbdbfe44f4a360d88b48e00de5216a79b7732796?s=96&d=mm&r=g","contentUrl":"https:\/\/secure.gravatar.com\/avatar\/d8f55e05a8b6597e45c55a1dcbdbfe44f4a360d88b48e00de5216a79b7732796?s=96&d=mm&r=g","caption":"Redacci\u00f3n"},"url":"https:\/\/unaymilletras.com\/en\/author\/redaccion\/"}]}},"_links":{"self":[{"href":"https:\/\/unaymilletras.com\/en\/wp-json\/wp\/v2\/posts\/7127","targetHints":{"allow":["GET"]}}],"collection":[{"href":"https:\/\/unaymilletras.com\/en\/wp-json\/wp\/v2\/posts"}],"about":[{"href":"https:\/\/unaymilletras.com\/en\/wp-json\/wp\/v2\/types\/post"}],"author":[{"embeddable":true,"href":"https:\/\/unaymilletras.com\/en\/wp-json\/wp\/v2\/users\/6"}],"replies":[{"embeddable":true,"href":"https:\/\/unaymilletras.com\/en\/wp-json\/wp\/v2\/comments?post=7127"}],"version-history":[{"count":7,"href":"https:\/\/unaymilletras.com\/en\/wp-json\/wp\/v2\/posts\/7127\/revisions"}],"predecessor-version":[{"id":7135,"href":"https:\/\/unaymilletras.com\/en\/wp-json\/wp\/v2\/posts\/7127\/revisions\/7135"}],"wp:featuredmedia":[{"embeddable":true,"href":"https:\/\/unaymilletras.com\/en\/wp-json\/wp\/v2\/media\/7129"}],"wp:attachment":[{"href":"https:\/\/unaymilletras.com\/en\/wp-json\/wp\/v2\/media?parent=7127"}],"wp:term":[{"taxonomy":"category","embeddable":true,"href":"https:\/\/unaymilletras.com\/en\/wp-json\/wp\/v2\/categories?post=7127"},{"taxonomy":"post_tag","embeddable":true,"href":"https:\/\/unaymilletras.com\/en\/wp-json\/wp\/v2\/tags?post=7127"}],"curies":[{"name":"wp","href":"https:\/\/api.w.org\/{rel}","templated":true}]}}