{"id":7136,"date":"2026-01-27T12:00:00","date_gmt":"2026-01-27T11:00:00","guid":{"rendered":"https:\/\/unaymilletras.com\/?p=7136"},"modified":"2026-01-26T18:35:31","modified_gmt":"2026-01-26T17:35:31","slug":"cris-imaz-vuela-hacia-una-nueva-etapa-creativa-con-su-single-vuela","status":"publish","type":"post","link":"https:\/\/unaymilletras.com\/en\/cris-imaz-vuela-hacia-una-nueva-etapa-creativa-con-su-single-vuela\/","title":{"rendered":"Cris Imaz vuela hacia una nueva etapa creativa con su single \u201cVuela\u201d"},"content":{"rendered":"<div data-elementor-type=\"wp-post\" data-elementor-id=\"7136\" class=\"elementor elementor-7136\">\n\t\t\t\t\t\t<section class=\"elementor-section elementor-top-section elementor-element elementor-element-5e78010 elementor-section-boxed elementor-section-height-default elementor-section-height-default\" data-id=\"5e78010\" data-element_type=\"section\" data-e-type=\"section\">\n\t\t\t\t\t\t<div class=\"elementor-container elementor-column-gap-default\">\n\t\t\t\t\t<div class=\"elementor-column elementor-col-100 elementor-top-column elementor-element elementor-element-aeb9698\" data-id=\"aeb9698\" data-element_type=\"column\" data-e-type=\"column\">\n\t\t\t<div class=\"elementor-widget-wrap elementor-element-populated\">\n\t\t\t\t\t\t<div class=\"elementor-element elementor-element-541bd08 elementor-widget elementor-widget-text-editor\" data-id=\"541bd08\" data-element_type=\"widget\" data-e-type=\"widget\" data-widget_type=\"text-editor.default\">\n\t\t\t\t<div class=\"elementor-widget-container\">\n\t\t\t\t\t\t\t\t\t<h2 style=\"text-align: center;\"><span style=\"color: #808080;\"><em>\u201cVuela\u201d confirma el momento art\u00edstico de Cris Imaz y anticipa el universo \u00edntimo de su pr\u00f3ximo \u00e1lbum, Creciente<\/em><\/span><\/h2>\t\t\t\t\t\t\t\t<\/div>\n\t\t\t\t<\/div>\n\t\t\t\t\t<\/div>\n\t\t<\/div>\n\t\t\t\t\t<\/div>\n\t\t<\/section>\n\t\t\t\t<section class=\"elementor-section elementor-top-section elementor-element elementor-element-77d2dba elementor-section-boxed elementor-section-height-default elementor-section-height-default\" data-id=\"77d2dba\" data-element_type=\"section\" data-e-type=\"section\">\n\t\t\t\t\t\t<div class=\"elementor-container elementor-column-gap-default\">\n\t\t\t\t\t<div class=\"elementor-column elementor-col-100 elementor-top-column elementor-element elementor-element-5a621d7\" data-id=\"5a621d7\" data-element_type=\"column\" data-e-type=\"column\">\n\t\t\t<div class=\"elementor-widget-wrap elementor-element-populated\">\n\t\t\t\t\t\t<div class=\"elementor-element elementor-element-98c6470 elementor-widget elementor-widget-text-editor\" data-id=\"98c6470\" data-element_type=\"widget\" data-e-type=\"widget\" data-widget_type=\"text-editor.default\">\n\t\t\t\t<div class=\"elementor-widget-container\">\n\t\t\t\t\t\t\t\t\t<p data-start=\"190\" data-end=\"658\">Cris Imaz vuelve a ponerse en el centro de la conversaci\u00f3n musical con <strong data-start=\"261\" data-end=\"272\"><i>Vuela<\/i><\/strong>, un nuevo single que funciona como declaraci\u00f3n de principios y como antesala directa de <em data-start=\"361\" data-end=\"372\">Creciente<\/em>, el \u00e1lbum que marcar\u00e1 su siguiente paso art\u00edstico. En esta canci\u00f3n, <strong data-start=\"441\" data-end=\"454\">Cris Imaz<\/strong> convierte la libertad, la curiosidad y la ruptura de expectativas en motor creativo, firmando una de sus composiciones m\u00e1s luminosas y significativas hasta la fecha.<\/p>\n<p data-start=\"660\" data-end=\"1104\">Tras un a\u00f1o especialmente prol\u00edfico, en el que ha ido desvelando distintas piezas de su nuevo trabajo, la cantautora presenta ahora una canci\u00f3n dedicada a esas figuras que desaf\u00edan lo establecido y siguen viviendo con impulso propio. <i>Vuela<\/i>&nbsp;pone el foco en las abuelas que se saltan normas, rompen patrones y se niegan a encajar en lo que la sociedad espera de ellas, reivindicando una juventud entendida no como edad, sino como actitud vital.<\/p>\t\t\t\t\t\t\t\t<\/div>\n\t\t\t\t<\/div>\n\t\t\t\t\t<\/div>\n\t\t<\/div>\n\t\t\t\t\t<\/div>\n\t\t<\/section>\n\t\t\t\t<section class=\"elementor-section elementor-top-section elementor-element elementor-element-edee51b elementor-section-boxed elementor-section-height-default elementor-section-height-default\" data-id=\"edee51b\" data-element_type=\"section\" data-e-type=\"section\">\n\t\t\t\t\t\t<div class=\"elementor-container elementor-column-gap-default\">\n\t\t\t\t\t<div class=\"elementor-column elementor-col-100 elementor-top-column elementor-element elementor-element-903919c\" data-id=\"903919c\" data-element_type=\"column\" data-e-type=\"column\">\n\t\t\t<div class=\"elementor-widget-wrap elementor-element-populated\">\n\t\t\t\t\t\t<div class=\"elementor-element elementor-element-f65720c elementor-widget elementor-widget-image\" data-id=\"f65720c\" data-element_type=\"widget\" data-e-type=\"widget\" data-widget_type=\"image.default\">\n\t\t\t\t<div class=\"elementor-widget-container\">\n\t\t\t\t\t\t\t\t\t\t\t\t\t\t\t<img fetchpriority=\"high\" decoding=\"async\" width=\"640\" height=\"427\" src=\"https:\/\/unaymilletras.com\/wp-content\/uploads\/2026\/01\/Cris-Imaz-Noja-63-1024x683.jpg\" class=\"attachment-large size-large wp-image-7138\" alt=\"Cris Imaz\" srcset=\"https:\/\/unaymilletras.com\/wp-content\/uploads\/2026\/01\/Cris-Imaz-Noja-63-1024x683.jpg 1024w, https:\/\/unaymilletras.com\/wp-content\/uploads\/2026\/01\/Cris-Imaz-Noja-63-300x200.jpg 300w, https:\/\/unaymilletras.com\/wp-content\/uploads\/2026\/01\/Cris-Imaz-Noja-63-768x512.jpg 768w, https:\/\/unaymilletras.com\/wp-content\/uploads\/2026\/01\/Cris-Imaz-Noja-63-1536x1024.jpg 1536w, https:\/\/unaymilletras.com\/wp-content\/uploads\/2026\/01\/Cris-Imaz-Noja-63-2048x1365.jpg 2048w, https:\/\/unaymilletras.com\/wp-content\/uploads\/2026\/01\/Cris-Imaz-Noja-63-18x12.jpg 18w, https:\/\/unaymilletras.com\/wp-content\/uploads\/2026\/01\/Cris-Imaz-Noja-63-scaled-e1769448565515.jpg 600w\" sizes=\"(max-width: 640px) 100vw, 640px\" \/>\t\t\t\t\t\t\t\t\t\t\t\t\t\t\t<\/div>\n\t\t\t\t<\/div>\n\t\t\t\t\t<\/div>\n\t\t<\/div>\n\t\t\t\t\t<\/div>\n\t\t<\/section>\n\t\t\t\t<section class=\"elementor-section elementor-top-section elementor-element elementor-element-55e63bf elementor-section-boxed elementor-section-height-default elementor-section-height-default\" data-id=\"55e63bf\" data-element_type=\"section\" data-e-type=\"section\">\n\t\t\t\t\t\t<div class=\"elementor-container elementor-column-gap-default\">\n\t\t\t\t\t<div class=\"elementor-column elementor-col-100 elementor-top-column elementor-element elementor-element-76a9274\" data-id=\"76a9274\" data-element_type=\"column\" data-e-type=\"column\">\n\t\t\t<div class=\"elementor-widget-wrap elementor-element-populated\">\n\t\t\t\t\t\t<div class=\"elementor-element elementor-element-af01efd elementor-widget elementor-widget-text-editor\" data-id=\"af01efd\" data-element_type=\"widget\" data-e-type=\"widget\" data-widget_type=\"text-editor.default\">\n\t\t\t\t<div class=\"elementor-widget-container\">\n\t\t\t\t\t\t\t\t\t<p data-start=\"1106\" data-end=\"1509\">Musicalmente, el tema mantiene el sello org\u00e1nico que define a Cris Imaz, apoyado en instrumentos ac\u00fasticos y en un cuidado trabajo de armon\u00edas vocales. La producci\u00f3n corre a cargo de \u00c1lvaro Navarro, conocido por su trabajo junto a Pedro Pastor y otros proyectos de la escena folk-pop, reforzando esa sensaci\u00f3n de cercan\u00eda y honestidad que atraviesa toda la canci\u00f3n.\u00a0<\/p><p data-start=\"1511\" data-end=\"1929\"><em>Vuela<\/em>\u00a0no solo ampl\u00eda el universo narrativo de <em data-start=\"1559\" data-end=\"1570\">Creciente<\/em>, sino que tambi\u00e9n resume algunas de las preocupaciones que atraviesan este nuevo \u00e1lbum: el ritmo fren\u00e9tico del d\u00eda a d\u00eda, la necesidad de estar presentes y la importancia de no perder la curiosidad. Una reflexi\u00f3n que conecta con la idea que la propia artista lanza en la canci\u00f3n: la juventud no se mide en a\u00f1os, sino en ganas de seguir probando cosas nuevas.<\/p>\t\t\t\t\t\t\t\t<\/div>\n\t\t\t\t<\/div>\n\t\t\t\t\t<\/div>\n\t\t<\/div>\n\t\t\t\t\t<\/div>\n\t\t<\/section>\n\t\t\t\t<section class=\"elementor-section elementor-top-section elementor-element elementor-element-82d2423 elementor-section-boxed elementor-section-height-default elementor-section-height-default\" data-id=\"82d2423\" data-element_type=\"section\" data-e-type=\"section\">\n\t\t\t\t\t\t<div class=\"elementor-container elementor-column-gap-default\">\n\t\t\t\t\t<div class=\"elementor-column elementor-col-100 elementor-top-column elementor-element elementor-element-1431c38\" data-id=\"1431c38\" data-element_type=\"column\" data-e-type=\"column\">\n\t\t\t<div class=\"elementor-widget-wrap elementor-element-populated\">\n\t\t\t\t\t\t<div class=\"elementor-element elementor-element-4c167db elementor-widget elementor-widget-video\" data-id=\"4c167db\" data-element_type=\"widget\" data-e-type=\"widget\" data-settings=\"{&quot;youtube_url&quot;:&quot;https:\\\/\\\/www.youtube.com\\\/watch?v=4n4osnDfyx4&quot;,&quot;video_type&quot;:&quot;youtube&quot;,&quot;controls&quot;:&quot;yes&quot;}\" data-widget_type=\"video.default\">\n\t\t\t\t<div class=\"elementor-widget-container\">\n\t\t\t\t\t\t\t<div class=\"elementor-wrapper elementor-open-inline\">\n\t\t\t<div class=\"elementor-video\"><\/div>\t\t<\/div>\n\t\t\t\t\t\t<\/div>\n\t\t\t\t<\/div>\n\t\t\t\t\t<\/div>\n\t\t<\/div>\n\t\t\t\t\t<\/div>\n\t\t<\/section>\n\t\t\t\t<section class=\"elementor-section elementor-top-section elementor-element elementor-element-7db2217 elementor-section-boxed elementor-section-height-default elementor-section-height-default\" data-id=\"7db2217\" data-element_type=\"section\" data-e-type=\"section\">\n\t\t\t\t\t\t<div class=\"elementor-container elementor-column-gap-default\">\n\t\t\t\t\t<div class=\"elementor-column elementor-col-100 elementor-top-column elementor-element elementor-element-8b8f7b1\" data-id=\"8b8f7b1\" data-element_type=\"column\" data-e-type=\"column\">\n\t\t\t<div class=\"elementor-widget-wrap elementor-element-populated\">\n\t\t\t\t\t\t<div class=\"elementor-element elementor-element-6b407b8 elementor-widget elementor-widget-text-editor\" data-id=\"6b407b8\" data-element_type=\"widget\" data-e-type=\"widget\" data-widget_type=\"text-editor.default\">\n\t\t\t\t<div class=\"elementor-widget-container\">\n\t\t\t\t\t\t\t\t\t<p>Con este lanzamiento, Cris Imaz contin\u00faa consolidando una trayectoria marcada por la sensibilidad, el compromiso emocional y una identidad sonora reconocible dentro del pop-folk actual. <i>Vuela<\/i>&nbsp;se suma as\u00ed a los adelantos previos del disco, confirmando que <em data-start=\"2188\" data-end=\"2199\">Creciente<\/em> ser\u00e1 un proyecto clave en su evoluci\u00f3n art\u00edstica y personal.<\/p>\t\t\t\t\t\t\t\t<\/div>\n\t\t\t\t<\/div>\n\t\t\t\t\t<\/div>\n\t\t<\/div>\n\t\t\t\t\t<\/div>\n\t\t<\/section>\n\t\t\t\t<\/div>","protected":false},"excerpt":{"rendered":"<p>\u201cVuela\u201d confirma el momento art\u00edstico de Cris Imaz y anticipa el universo \u00edntimo de su pr\u00f3ximo \u00e1lbum, Creciente Cris Imaz vuelve a ponerse en el centro de la conversaci\u00f3n musical con Vuela, un nuevo single que funciona como declaraci\u00f3n de principios y como antesala directa de Creciente, el \u00e1lbum que marcar\u00e1 su siguiente paso art\u00edstico. [&hellip;]<\/p>\n","protected":false},"author":6,"featured_media":7138,"comment_status":"closed","ping_status":"closed","sticky":false,"template":"","format":"standard","meta":{"footnotes":""},"categories":[1],"tags":[],"class_list":["post-7136","post","type-post","status-publish","format-standard","has-post-thumbnail","hentry","category-uncategorized"],"yoast_head":"<!-- This site is optimized with the Yoast SEO plugin v27.4 - https:\/\/yoast.com\/product\/yoast-seo-wordpress\/ -->\n<title>Cris Imaz vuela hacia una nueva etapa creativa con su single \u201cVuela\u201d<\/title>\n<meta name=\"description\" content=\"\u201cVuela\u201d confirma el momento art\u00edstico de Cris Imaz y anticipa el universo \u00edntimo de su pr\u00f3ximo \u00e1lbum, Creciente\" \/>\n<meta name=\"robots\" content=\"index, follow, max-snippet:-1, max-image-preview:large, max-video-preview:-1\" \/>\n<link rel=\"canonical\" href=\"https:\/\/unaymilletras.com\/en\/cris-imaz-vuela-hacia-una-nueva-etapa-creativa-con-su-single-vuela\/\" \/>\n<meta property=\"og:locale\" content=\"en_GB\" \/>\n<meta property=\"og:type\" content=\"article\" \/>\n<meta property=\"og:title\" content=\"Cris Imaz vuela hacia una nueva etapa creativa con su single \u201cVuela\u201d\" \/>\n<meta property=\"og:description\" content=\"\u201cVuela\u201d confirma el momento art\u00edstico de Cris Imaz y anticipa el universo \u00edntimo de su pr\u00f3ximo \u00e1lbum, Creciente\" \/>\n<meta property=\"og:url\" content=\"https:\/\/unaymilletras.com\/en\/cris-imaz-vuela-hacia-una-nueva-etapa-creativa-con-su-single-vuela\/\" \/>\n<meta property=\"og:site_name\" content=\"Una y Mil Letras\" \/>\n<meta property=\"article:published_time\" content=\"2026-01-27T11:00:00+00:00\" \/>\n<meta property=\"og:image\" content=\"https:\/\/unaymilletras.com\/wp-content\/uploads\/2026\/01\/Cris-Imaz-Noja-63-scaled-e1769448565515.jpg\" \/>\n\t<meta property=\"og:image:width\" content=\"600\" \/>\n\t<meta property=\"og:image:height\" content=\"400\" \/>\n\t<meta property=\"og:image:type\" content=\"image\/jpeg\" \/>\n<meta name=\"author\" content=\"Redacci\u00f3n\" \/>\n<meta name=\"twitter:card\" content=\"summary_large_image\" \/>\n<meta name=\"twitter:creator\" content=\"@UnaYMilLetras\" \/>\n<meta name=\"twitter:site\" content=\"@UnaYMilLetras\" \/>\n<meta name=\"twitter:label1\" content=\"Written by\" \/>\n\t<meta name=\"twitter:data1\" content=\"Redacci\u00f3n\" \/>\n\t<meta name=\"twitter:label2\" content=\"Estimated reading time\" \/>\n\t<meta name=\"twitter:data2\" content=\"2 minutes\" \/>\n<script type=\"application\/ld+json\" class=\"yoast-schema-graph\">{\"@context\":\"https:\\\/\\\/schema.org\",\"@graph\":[{\"@type\":\"Article\",\"@id\":\"https:\\\/\\\/unaymilletras.com\\\/cris-imaz-vuela-hacia-una-nueva-etapa-creativa-con-su-single-vuela\\\/#article\",\"isPartOf\":{\"@id\":\"https:\\\/\\\/unaymilletras.com\\\/cris-imaz-vuela-hacia-una-nueva-etapa-creativa-con-su-single-vuela\\\/\"},\"author\":{\"name\":\"Redacci\u00f3n\",\"@id\":\"http:\\\/\\\/unaymilletras.com\\\/#\\\/schema\\\/person\\\/0860dc8a218329991ee2c7591f4f849d\"},\"headline\":\"Cris Imaz vuela hacia una nueva etapa creativa con su single \u201cVuela\u201d\",\"datePublished\":\"2026-01-27T11:00:00+00:00\",\"mainEntityOfPage\":{\"@id\":\"https:\\\/\\\/unaymilletras.com\\\/cris-imaz-vuela-hacia-una-nueva-etapa-creativa-con-su-single-vuela\\\/\"},\"wordCount\":389,\"publisher\":{\"@id\":\"http:\\\/\\\/unaymilletras.com\\\/#organization\"},\"image\":{\"@id\":\"https:\\\/\\\/unaymilletras.com\\\/cris-imaz-vuela-hacia-una-nueva-etapa-creativa-con-su-single-vuela\\\/#primaryimage\"},\"thumbnailUrl\":\"https:\\\/\\\/unaymilletras.com\\\/wp-content\\\/uploads\\\/2026\\\/01\\\/Cris-Imaz-Noja-63-scaled-e1769448565515.jpg\",\"articleSection\":[\"Uncategorized\"],\"inLanguage\":\"en-GB\"},{\"@type\":\"WebPage\",\"@id\":\"https:\\\/\\\/unaymilletras.com\\\/cris-imaz-vuela-hacia-una-nueva-etapa-creativa-con-su-single-vuela\\\/\",\"url\":\"https:\\\/\\\/unaymilletras.com\\\/cris-imaz-vuela-hacia-una-nueva-etapa-creativa-con-su-single-vuela\\\/\",\"name\":\"Cris Imaz vuela hacia una nueva etapa creativa con su single \u201cVuela\u201d\",\"isPartOf\":{\"@id\":\"http:\\\/\\\/unaymilletras.com\\\/#website\"},\"primaryImageOfPage\":{\"@id\":\"https:\\\/\\\/unaymilletras.com\\\/cris-imaz-vuela-hacia-una-nueva-etapa-creativa-con-su-single-vuela\\\/#primaryimage\"},\"image\":{\"@id\":\"https:\\\/\\\/unaymilletras.com\\\/cris-imaz-vuela-hacia-una-nueva-etapa-creativa-con-su-single-vuela\\\/#primaryimage\"},\"thumbnailUrl\":\"https:\\\/\\\/unaymilletras.com\\\/wp-content\\\/uploads\\\/2026\\\/01\\\/Cris-Imaz-Noja-63-scaled-e1769448565515.jpg\",\"datePublished\":\"2026-01-27T11:00:00+00:00\",\"description\":\"\u201cVuela\u201d confirma el momento art\u00edstico de Cris Imaz y anticipa el universo \u00edntimo de su pr\u00f3ximo \u00e1lbum, Creciente\",\"breadcrumb\":{\"@id\":\"https:\\\/\\\/unaymilletras.com\\\/cris-imaz-vuela-hacia-una-nueva-etapa-creativa-con-su-single-vuela\\\/#breadcrumb\"},\"inLanguage\":\"en-GB\",\"potentialAction\":[{\"@type\":\"ReadAction\",\"target\":[\"https:\\\/\\\/unaymilletras.com\\\/cris-imaz-vuela-hacia-una-nueva-etapa-creativa-con-su-single-vuela\\\/\"]}]},{\"@type\":\"ImageObject\",\"inLanguage\":\"en-GB\",\"@id\":\"https:\\\/\\\/unaymilletras.com\\\/cris-imaz-vuela-hacia-una-nueva-etapa-creativa-con-su-single-vuela\\\/#primaryimage\",\"url\":\"https:\\\/\\\/unaymilletras.com\\\/wp-content\\\/uploads\\\/2026\\\/01\\\/Cris-Imaz-Noja-63-scaled-e1769448565515.jpg\",\"contentUrl\":\"https:\\\/\\\/unaymilletras.com\\\/wp-content\\\/uploads\\\/2026\\\/01\\\/Cris-Imaz-Noja-63-scaled-e1769448565515.jpg\",\"width\":600,\"height\":400,\"caption\":\"Cris Imaz\"},{\"@type\":\"BreadcrumbList\",\"@id\":\"https:\\\/\\\/unaymilletras.com\\\/cris-imaz-vuela-hacia-una-nueva-etapa-creativa-con-su-single-vuela\\\/#breadcrumb\",\"itemListElement\":[{\"@type\":\"ListItem\",\"position\":1,\"name\":\"Home\",\"item\":\"http:\\\/\\\/unaymilletras.com\\\/\"},{\"@type\":\"ListItem\",\"position\":2,\"name\":\"Cris Imaz vuela hacia una nueva etapa creativa con su single \u201cVuela\u201d\"}]},{\"@type\":\"WebSite\",\"@id\":\"http:\\\/\\\/unaymilletras.com\\\/#website\",\"url\":\"http:\\\/\\\/unaymilletras.com\\\/\",\"name\":\"Una y Mil Letras\",\"description\":\"\",\"publisher\":{\"@id\":\"http:\\\/\\\/unaymilletras.com\\\/#organization\"},\"potentialAction\":[{\"@type\":\"SearchAction\",\"target\":{\"@type\":\"EntryPoint\",\"urlTemplate\":\"http:\\\/\\\/unaymilletras.com\\\/?s={search_term_string}\"},\"query-input\":{\"@type\":\"PropertyValueSpecification\",\"valueRequired\":true,\"valueName\":\"search_term_string\"}}],\"inLanguage\":\"en-GB\"},{\"@type\":\"Organization\",\"@id\":\"http:\\\/\\\/unaymilletras.com\\\/#organization\",\"name\":\"Una y Mil Letras\",\"url\":\"http:\\\/\\\/unaymilletras.com\\\/\",\"logo\":{\"@type\":\"ImageObject\",\"inLanguage\":\"en-GB\",\"@id\":\"http:\\\/\\\/unaymilletras.com\\\/#\\\/schema\\\/logo\\\/image\\\/\",\"url\":\"https:\\\/\\\/unaymilletras.com\\\/wp-content\\\/uploads\\\/2024\\\/06\\\/cropped-Logo-removebg-preview.png\",\"contentUrl\":\"https:\\\/\\\/unaymilletras.com\\\/wp-content\\\/uploads\\\/2024\\\/06\\\/cropped-Logo-removebg-preview.png\",\"width\":512,\"height\":512,\"caption\":\"Una y Mil Letras\"},\"image\":{\"@id\":\"http:\\\/\\\/unaymilletras.com\\\/#\\\/schema\\\/logo\\\/image\\\/\"},\"sameAs\":[\"https:\\\/\\\/x.com\\\/UnaYMilLetras\",\"https:\\\/\\\/instagram.com\\\/UnaYMilLetras\"]},{\"@type\":\"Person\",\"@id\":\"http:\\\/\\\/unaymilletras.com\\\/#\\\/schema\\\/person\\\/0860dc8a218329991ee2c7591f4f849d\",\"name\":\"Redacci\u00f3n\",\"image\":{\"@type\":\"ImageObject\",\"inLanguage\":\"en-GB\",\"@id\":\"https:\\\/\\\/secure.gravatar.com\\\/avatar\\\/d8f55e05a8b6597e45c55a1dcbdbfe44f4a360d88b48e00de5216a79b7732796?s=96&d=mm&r=g\",\"url\":\"https:\\\/\\\/secure.gravatar.com\\\/avatar\\\/d8f55e05a8b6597e45c55a1dcbdbfe44f4a360d88b48e00de5216a79b7732796?s=96&d=mm&r=g\",\"contentUrl\":\"https:\\\/\\\/secure.gravatar.com\\\/avatar\\\/d8f55e05a8b6597e45c55a1dcbdbfe44f4a360d88b48e00de5216a79b7732796?s=96&d=mm&r=g\",\"caption\":\"Redacci\u00f3n\"},\"url\":\"https:\\\/\\\/unaymilletras.com\\\/en\\\/author\\\/redaccion\\\/\"}]}<\/script>\n<!-- \/ Yoast SEO plugin. -->","yoast_head_json":{"title":"Cris Imaz vuela hacia una nueva etapa creativa con su single \u201cVuela\u201d","description":"\u201cVuela\u201d confirma el momento art\u00edstico de Cris Imaz y anticipa el universo \u00edntimo de su pr\u00f3ximo \u00e1lbum, Creciente","robots":{"index":"index","follow":"follow","max-snippet":"max-snippet:-1","max-image-preview":"max-image-preview:large","max-video-preview":"max-video-preview:-1"},"canonical":"https:\/\/unaymilletras.com\/en\/cris-imaz-vuela-hacia-una-nueva-etapa-creativa-con-su-single-vuela\/","og_locale":"en_GB","og_type":"article","og_title":"Cris Imaz vuela hacia una nueva etapa creativa con su single \u201cVuela\u201d","og_description":"\u201cVuela\u201d confirma el momento art\u00edstico de Cris Imaz y anticipa el universo \u00edntimo de su pr\u00f3ximo \u00e1lbum, Creciente","og_url":"https:\/\/unaymilletras.com\/en\/cris-imaz-vuela-hacia-una-nueva-etapa-creativa-con-su-single-vuela\/","og_site_name":"Una y Mil Letras","article_published_time":"2026-01-27T11:00:00+00:00","og_image":[{"width":600,"height":400,"url":"https:\/\/unaymilletras.com\/wp-content\/uploads\/2026\/01\/Cris-Imaz-Noja-63-scaled-e1769448565515.jpg","type":"image\/jpeg"}],"author":"Redacci\u00f3n","twitter_card":"summary_large_image","twitter_creator":"@UnaYMilLetras","twitter_site":"@UnaYMilLetras","twitter_misc":{"Written by":"Redacci\u00f3n","Estimated reading time":"2 minutes"},"schema":{"@context":"https:\/\/schema.org","@graph":[{"@type":"Article","@id":"https:\/\/unaymilletras.com\/cris-imaz-vuela-hacia-una-nueva-etapa-creativa-con-su-single-vuela\/#article","isPartOf":{"@id":"https:\/\/unaymilletras.com\/cris-imaz-vuela-hacia-una-nueva-etapa-creativa-con-su-single-vuela\/"},"author":{"name":"Redacci\u00f3n","@id":"http:\/\/unaymilletras.com\/#\/schema\/person\/0860dc8a218329991ee2c7591f4f849d"},"headline":"Cris Imaz vuela hacia una nueva etapa creativa con su single \u201cVuela\u201d","datePublished":"2026-01-27T11:00:00+00:00","mainEntityOfPage":{"@id":"https:\/\/unaymilletras.com\/cris-imaz-vuela-hacia-una-nueva-etapa-creativa-con-su-single-vuela\/"},"wordCount":389,"publisher":{"@id":"http:\/\/unaymilletras.com\/#organization"},"image":{"@id":"https:\/\/unaymilletras.com\/cris-imaz-vuela-hacia-una-nueva-etapa-creativa-con-su-single-vuela\/#primaryimage"},"thumbnailUrl":"https:\/\/unaymilletras.com\/wp-content\/uploads\/2026\/01\/Cris-Imaz-Noja-63-scaled-e1769448565515.jpg","articleSection":["Uncategorized"],"inLanguage":"en-GB"},{"@type":"WebPage","@id":"https:\/\/unaymilletras.com\/cris-imaz-vuela-hacia-una-nueva-etapa-creativa-con-su-single-vuela\/","url":"https:\/\/unaymilletras.com\/cris-imaz-vuela-hacia-una-nueva-etapa-creativa-con-su-single-vuela\/","name":"Cris Imaz vuela hacia una nueva etapa creativa con su single \u201cVuela\u201d","isPartOf":{"@id":"http:\/\/unaymilletras.com\/#website"},"primaryImageOfPage":{"@id":"https:\/\/unaymilletras.com\/cris-imaz-vuela-hacia-una-nueva-etapa-creativa-con-su-single-vuela\/#primaryimage"},"image":{"@id":"https:\/\/unaymilletras.com\/cris-imaz-vuela-hacia-una-nueva-etapa-creativa-con-su-single-vuela\/#primaryimage"},"thumbnailUrl":"https:\/\/unaymilletras.com\/wp-content\/uploads\/2026\/01\/Cris-Imaz-Noja-63-scaled-e1769448565515.jpg","datePublished":"2026-01-27T11:00:00+00:00","description":"\u201cVuela\u201d confirma el momento art\u00edstico de Cris Imaz y anticipa el universo \u00edntimo de su pr\u00f3ximo \u00e1lbum, Creciente","breadcrumb":{"@id":"https:\/\/unaymilletras.com\/cris-imaz-vuela-hacia-una-nueva-etapa-creativa-con-su-single-vuela\/#breadcrumb"},"inLanguage":"en-GB","potentialAction":[{"@type":"ReadAction","target":["https:\/\/unaymilletras.com\/cris-imaz-vuela-hacia-una-nueva-etapa-creativa-con-su-single-vuela\/"]}]},{"@type":"ImageObject","inLanguage":"en-GB","@id":"https:\/\/unaymilletras.com\/cris-imaz-vuela-hacia-una-nueva-etapa-creativa-con-su-single-vuela\/#primaryimage","url":"https:\/\/unaymilletras.com\/wp-content\/uploads\/2026\/01\/Cris-Imaz-Noja-63-scaled-e1769448565515.jpg","contentUrl":"https:\/\/unaymilletras.com\/wp-content\/uploads\/2026\/01\/Cris-Imaz-Noja-63-scaled-e1769448565515.jpg","width":600,"height":400,"caption":"Cris Imaz"},{"@type":"BreadcrumbList","@id":"https:\/\/unaymilletras.com\/cris-imaz-vuela-hacia-una-nueva-etapa-creativa-con-su-single-vuela\/#breadcrumb","itemListElement":[{"@type":"ListItem","position":1,"name":"Home","item":"http:\/\/unaymilletras.com\/"},{"@type":"ListItem","position":2,"name":"Cris Imaz vuela hacia una nueva etapa creativa con su single \u201cVuela\u201d"}]},{"@type":"WebSite","@id":"http:\/\/unaymilletras.com\/#website","url":"http:\/\/unaymilletras.com\/","name":"Una y Mil Letras","description":"","publisher":{"@id":"http:\/\/unaymilletras.com\/#organization"},"potentialAction":[{"@type":"SearchAction","target":{"@type":"EntryPoint","urlTemplate":"http:\/\/unaymilletras.com\/?s={search_term_string}"},"query-input":{"@type":"PropertyValueSpecification","valueRequired":true,"valueName":"search_term_string"}}],"inLanguage":"en-GB"},{"@type":"Organization","@id":"http:\/\/unaymilletras.com\/#organization","name":"Una y Mil Letras","url":"http:\/\/unaymilletras.com\/","logo":{"@type":"ImageObject","inLanguage":"en-GB","@id":"http:\/\/unaymilletras.com\/#\/schema\/logo\/image\/","url":"https:\/\/unaymilletras.com\/wp-content\/uploads\/2024\/06\/cropped-Logo-removebg-preview.png","contentUrl":"https:\/\/unaymilletras.com\/wp-content\/uploads\/2024\/06\/cropped-Logo-removebg-preview.png","width":512,"height":512,"caption":"Una y Mil Letras"},"image":{"@id":"http:\/\/unaymilletras.com\/#\/schema\/logo\/image\/"},"sameAs":["https:\/\/x.com\/UnaYMilLetras","https:\/\/instagram.com\/UnaYMilLetras"]},{"@type":"Person","@id":"http:\/\/unaymilletras.com\/#\/schema\/person\/0860dc8a218329991ee2c7591f4f849d","name":"Redacci\u00f3n","image":{"@type":"ImageObject","inLanguage":"en-GB","@id":"https:\/\/secure.gravatar.com\/avatar\/d8f55e05a8b6597e45c55a1dcbdbfe44f4a360d88b48e00de5216a79b7732796?s=96&d=mm&r=g","url":"https:\/\/secure.gravatar.com\/avatar\/d8f55e05a8b6597e45c55a1dcbdbfe44f4a360d88b48e00de5216a79b7732796?s=96&d=mm&r=g","contentUrl":"https:\/\/secure.gravatar.com\/avatar\/d8f55e05a8b6597e45c55a1dcbdbfe44f4a360d88b48e00de5216a79b7732796?s=96&d=mm&r=g","caption":"Redacci\u00f3n"},"url":"https:\/\/unaymilletras.com\/en\/author\/redaccion\/"}]}},"_links":{"self":[{"href":"https:\/\/unaymilletras.com\/en\/wp-json\/wp\/v2\/posts\/7136","targetHints":{"allow":["GET"]}}],"collection":[{"href":"https:\/\/unaymilletras.com\/en\/wp-json\/wp\/v2\/posts"}],"about":[{"href":"https:\/\/unaymilletras.com\/en\/wp-json\/wp\/v2\/types\/post"}],"author":[{"embeddable":true,"href":"https:\/\/unaymilletras.com\/en\/wp-json\/wp\/v2\/users\/6"}],"replies":[{"embeddable":true,"href":"https:\/\/unaymilletras.com\/en\/wp-json\/wp\/v2\/comments?post=7136"}],"version-history":[{"count":7,"href":"https:\/\/unaymilletras.com\/en\/wp-json\/wp\/v2\/posts\/7136\/revisions"}],"predecessor-version":[{"id":7144,"href":"https:\/\/unaymilletras.com\/en\/wp-json\/wp\/v2\/posts\/7136\/revisions\/7144"}],"wp:featuredmedia":[{"embeddable":true,"href":"https:\/\/unaymilletras.com\/en\/wp-json\/wp\/v2\/media\/7138"}],"wp:attachment":[{"href":"https:\/\/unaymilletras.com\/en\/wp-json\/wp\/v2\/media?parent=7136"}],"wp:term":[{"taxonomy":"category","embeddable":true,"href":"https:\/\/unaymilletras.com\/en\/wp-json\/wp\/v2\/categories?post=7136"},{"taxonomy":"post_tag","embeddable":true,"href":"https:\/\/unaymilletras.com\/en\/wp-json\/wp\/v2\/tags?post=7136"}],"curies":[{"name":"wp","href":"https:\/\/api.w.org\/{rel}","templated":true}]}}