{"id":7145,"date":"2026-01-26T19:55:51","date_gmt":"2026-01-26T18:55:51","guid":{"rendered":"https:\/\/unaymilletras.com\/?p=7145"},"modified":"2026-01-26T20:10:36","modified_gmt":"2026-01-26T19:10:36","slug":"rawayana-vendran-a-madrid-y-barcelona-con-su-gira-donde-es-el-after","status":"publish","type":"post","link":"https:\/\/unaymilletras.com\/en\/rawayana-vendran-a-madrid-y-barcelona-con-su-gira-donde-es-el-after\/","title":{"rendered":"Rawayana vendr\u00e1n a Madrid y Barcelona con su gira \u00bfD\u00f3nde es el after?"},"content":{"rendered":"<div data-elementor-type=\"wp-post\" data-elementor-id=\"7145\" class=\"elementor elementor-7145\">\n\t\t\t\t\t\t<section class=\"elementor-section elementor-top-section elementor-element elementor-element-7aaf4e9 elementor-section-boxed elementor-section-height-default elementor-section-height-default\" data-id=\"7aaf4e9\" data-element_type=\"section\" data-e-type=\"section\">\n\t\t\t\t\t\t<div class=\"elementor-container elementor-column-gap-default\">\n\t\t\t\t\t<div class=\"elementor-column elementor-col-100 elementor-top-column elementor-element elementor-element-f6ac998\" data-id=\"f6ac998\" data-element_type=\"column\" data-e-type=\"column\">\n\t\t\t<div class=\"elementor-widget-wrap elementor-element-populated\">\n\t\t\t\t\t\t<div class=\"elementor-element elementor-element-d7e1470 elementor-widget elementor-widget-text-editor\" data-id=\"d7e1470\" data-element_type=\"widget\" data-e-type=\"widget\" data-widget_type=\"text-editor.default\">\n\t\t\t\t<div class=\"elementor-widget-container\">\n\t\t\t\t\t\t\t\t\t<h2 style=\"text-align: center;\"><span style=\"color: #808080;\"><em>La banda ganadora del GRAMMY\u00ae Rawayana presenta en Espa\u00f1a su nuevo \u00e1lbum en \u00bfD\u00f3nde es el after? World Tour<\/em><\/span><\/h2>\t\t\t\t\t\t\t\t<\/div>\n\t\t\t\t<\/div>\n\t\t\t\t\t<\/div>\n\t\t<\/div>\n\t\t\t\t\t<\/div>\n\t\t<\/section>\n\t\t\t\t<section class=\"elementor-section elementor-top-section elementor-element elementor-element-6ea88c3 elementor-section-boxed elementor-section-height-default elementor-section-height-default\" data-id=\"6ea88c3\" data-element_type=\"section\" data-e-type=\"section\">\n\t\t\t\t\t\t<div class=\"elementor-container elementor-column-gap-default\">\n\t\t\t\t\t<div class=\"elementor-column elementor-col-100 elementor-top-column elementor-element elementor-element-ee3d16a\" data-id=\"ee3d16a\" data-element_type=\"column\" data-e-type=\"column\">\n\t\t\t<div class=\"elementor-widget-wrap elementor-element-populated\">\n\t\t\t\t\t\t<div class=\"elementor-element elementor-element-6ccfe79 elementor-widget elementor-widget-text-editor\" data-id=\"6ccfe79\" data-element_type=\"widget\" data-e-type=\"widget\" data-widget_type=\"text-editor.default\">\n\t\t\t\t<div class=\"elementor-widget-container\">\n\t\t\t\t\t\t\t\t\t<p data-start=\"188\" data-end=\"547\">Rawayana confirma su paso por Espa\u00f1a con dos conciertos en <strong data-start=\"247\" data-end=\"269\">Madrid y Barcelona<\/strong> dentro de su nueva gira internacional, el <em data-start=\"312\" data-end=\"344\">\u00bfD\u00f3nde es el after? World Tour<\/em>. La banda venezolana actuar\u00e1 el <strong data-start=\"377\" data-end=\"422\">15 de mayo en el Movistar Arena de Madrid<\/strong> y el <strong data-start=\"428\" data-end=\"478\">17 de mayo en el Palau Sant Jordi de Barcelona<\/strong>, llevando al directo uno de los discos m\u00e1s ambiciosos de su carrera.<\/p>\n<p data-start=\"549\" data-end=\"994\">El tour arrancar\u00e1 el <strong data-start=\"570\" data-end=\"595\">17 de abril en Bogot\u00e1<\/strong> y recorrer\u00e1 Latinoam\u00e9rica y Europa, reflejando el gran momento que atraviesa Rawayana tras el lanzamiento de <em data-start=\"705\" data-end=\"726\">\u00bfD\u00f3nde es el after?<\/em>, un \u00e1lbum de <strong data-start=\"740\" data-end=\"756\">23 canciones<\/strong> que consolida su posici\u00f3n como uno de los proyectos m\u00e1s innovadores de la m\u00fasica latina actual.&nbsp;<\/p>\t\t\t\t\t\t\t\t<\/div>\n\t\t\t\t<\/div>\n\t\t\t\t\t<\/div>\n\t\t<\/div>\n\t\t\t\t\t<\/div>\n\t\t<\/section>\n\t\t\t\t<section class=\"elementor-section elementor-top-section elementor-element elementor-element-1d7ffa6 elementor-section-boxed elementor-section-height-default elementor-section-height-default\" data-id=\"1d7ffa6\" data-element_type=\"section\" data-e-type=\"section\">\n\t\t\t\t\t\t<div class=\"elementor-container elementor-column-gap-default\">\n\t\t\t\t\t<div class=\"elementor-column elementor-col-50 elementor-top-column elementor-element elementor-element-9d97c25\" data-id=\"9d97c25\" data-element_type=\"column\" data-e-type=\"column\">\n\t\t\t<div class=\"elementor-widget-wrap elementor-element-populated\">\n\t\t\t\t\t\t<div class=\"elementor-element elementor-element-13fae8a elementor-widget elementor-widget-image\" data-id=\"13fae8a\" data-element_type=\"widget\" data-e-type=\"widget\" data-widget_type=\"image.default\">\n\t\t\t\t<div class=\"elementor-widget-container\">\n\t\t\t\t\t\t\t\t\t\t\t\t\t\t\t<img fetchpriority=\"high\" decoding=\"async\" width=\"640\" height=\"807\" src=\"https:\/\/unaymilletras.com\/wp-content\/uploads\/2026\/01\/b244132f-5041-82a7-73d9-1ef8e78f.jpg\" class=\"attachment-large size-large wp-image-7147\" alt=\"Rawayana\" srcset=\"https:\/\/unaymilletras.com\/wp-content\/uploads\/2026\/01\/b244132f-5041-82a7-73d9-1ef8e78f.jpg 684w, https:\/\/unaymilletras.com\/wp-content\/uploads\/2026\/01\/b244132f-5041-82a7-73d9-1ef8e78f-238x300.jpg 238w, https:\/\/unaymilletras.com\/wp-content\/uploads\/2026\/01\/b244132f-5041-82a7-73d9-1ef8e78f-10x12.jpg 10w\" sizes=\"(max-width: 640px) 100vw, 640px\" \/>\t\t\t\t\t\t\t\t\t\t\t\t\t\t\t<\/div>\n\t\t\t\t<\/div>\n\t\t\t\t\t<\/div>\n\t\t<\/div>\n\t\t\t\t<div class=\"elementor-column elementor-col-50 elementor-top-column elementor-element elementor-element-ec23634\" data-id=\"ec23634\" data-element_type=\"column\" data-e-type=\"column\">\n\t\t\t<div class=\"elementor-widget-wrap elementor-element-populated\">\n\t\t\t\t\t\t<div class=\"elementor-element elementor-element-e60115f elementor-widget elementor-widget-text-editor\" data-id=\"e60115f\" data-element_type=\"widget\" data-e-type=\"widget\" data-widget_type=\"text-editor.default\">\n\t\t\t\t<div class=\"elementor-widget-container\">\n\t\t\t\t\t\t\t\t\t<p data-start=\"996\" data-end=\"1421\">El disco propone un viaje sonoro que mezcla pop alternativo, funk, reggae y ritmos urbanos, siempre desde una identidad fresca y reconocible.<\/p><p data-start=\"996\" data-end=\"1421\">Entre los temas m\u00e1s destacados se encuentran <em data-start=\"1041\" data-end=\"1069\">La noche que no hab\u00eda Uber<\/em> y <em data-start=\"1072\" data-end=\"1084\">Reyimiller<\/em>, junto a una amplia lista de colaboraciones con artistas como <strong data-start=\"1147\" data-end=\"1243\">Manuel Turizo, Elena Rose, Car\u00edn Le\u00f3n, Grupo Frontera, DannyLux, Jowell &amp; Randy o Magic Juan<\/strong>.\u00a0<\/p><p data-start=\"996\" data-end=\"1421\">Su impacto ha sido inmediato: el \u00e1lbum debut\u00f3 en el <strong data-start=\"1297\" data-end=\"1339\">#1 del Top Album Debuts USA de Spotify<\/strong> y en el <strong data-start=\"1348\" data-end=\"1369\">#2 a nivel global<\/strong>, confirmando la proyecci\u00f3n internacional del grupo.<\/p>\t\t\t\t\t\t\t\t<\/div>\n\t\t\t\t<\/div>\n\t\t\t\t\t<\/div>\n\t\t<\/div>\n\t\t\t\t\t<\/div>\n\t\t<\/section>\n\t\t\t\t<section class=\"elementor-section elementor-top-section elementor-element elementor-element-0cf5bd2 elementor-section-boxed elementor-section-height-default elementor-section-height-default\" data-id=\"0cf5bd2\" data-element_type=\"section\" data-e-type=\"section\">\n\t\t\t\t\t\t<div class=\"elementor-container elementor-column-gap-default\">\n\t\t\t\t\t<div class=\"elementor-column elementor-col-100 elementor-top-column elementor-element elementor-element-3ddca2a\" data-id=\"3ddca2a\" data-element_type=\"column\" data-e-type=\"column\">\n\t\t\t<div class=\"elementor-widget-wrap elementor-element-populated\">\n\t\t\t\t\t\t<div class=\"elementor-element elementor-element-fa96cf5 elementor-widget elementor-widget-text-editor\" data-id=\"fa96cf5\" data-element_type=\"widget\" data-e-type=\"widget\" data-widget_type=\"text-editor.default\">\n\t\t\t\t<div class=\"elementor-widget-container\">\n\t\t\t\t\t\t\t\t\t<p><span style=\"text-align: left;\">Las entradas para los conciertos de&nbsp;<\/span><span data-start=\"1459\" data-end=\"1493\" style=\"font-weight: bolder; text-align: left;\">Rawayana en Madrid y Barcelona<\/span><span style=\"text-align: left;\">&nbsp;estar\u00e1n disponibles a partir del&nbsp;<\/span><span data-start=\"1527\" data-end=\"1562\" style=\"font-weight: bolder; text-align: left;\">jueves 29 de enero a las 10:00h<\/span><span style=\"text-align: left;\">&nbsp;en LiveNation.es y Ticketmaster, con preventas activas los d\u00edas previos. Una oportunidad \u00fanica para disfrutar en directo de un proyecto que convierte cada show en una experiencia colectiva marcada por el baile, la energ\u00eda y la conexi\u00f3n con el p\u00fablico.<\/span><\/p>\t\t\t\t\t\t\t\t<\/div>\n\t\t\t\t<\/div>\n\t\t\t\t\t<\/div>\n\t\t<\/div>\n\t\t\t\t\t<\/div>\n\t\t<\/section>\n\t\t\t\t<\/div>","protected":false},"excerpt":{"rendered":"<p>La banda ganadora del GRAMMY\u00ae Rawayana presenta en Espa\u00f1a su nuevo \u00e1lbum en \u00bfD\u00f3nde es el after? World Tour Rawayana confirma su paso por Espa\u00f1a con dos conciertos en Madrid y Barcelona dentro de su nueva gira internacional, el \u00bfD\u00f3nde es el after? World Tour. La banda venezolana actuar\u00e1 el 15 de mayo en el [&hellip;]<\/p>\n","protected":false},"author":6,"featured_media":7147,"comment_status":"closed","ping_status":"closed","sticky":false,"template":"","format":"standard","meta":{"footnotes":""},"categories":[119,4],"tags":[],"class_list":["post-7145","post","type-post","status-publish","format-standard","has-post-thumbnail","hentry","category-eventos","category-musica"],"yoast_head":"<!-- This site is optimized with the Yoast SEO plugin v27.4 - https:\/\/yoast.com\/product\/yoast-seo-wordpress\/ -->\n<title>Rawayana vendr\u00e1n a Madrid y Barcelona con su gira \u00bfD\u00f3nde es el after?<\/title>\n<meta name=\"description\" content=\"La banda ganadora del GRAMMY\u00ae Rawayana presenta en Espa\u00f1a su nuevo \u00e1lbum dentro del \u00bfD\u00f3nde es el after? World Tour\" \/>\n<meta name=\"robots\" content=\"index, follow, max-snippet:-1, max-image-preview:large, max-video-preview:-1\" \/>\n<link rel=\"canonical\" href=\"https:\/\/unaymilletras.com\/en\/rawayana-vendran-a-madrid-y-barcelona-con-su-gira-donde-es-el-after\/\" \/>\n<meta property=\"og:locale\" content=\"en_GB\" \/>\n<meta property=\"og:type\" content=\"article\" \/>\n<meta property=\"og:title\" content=\"Rawayana vendr\u00e1n a Madrid y Barcelona con su gira \u00bfD\u00f3nde es el after?\" \/>\n<meta property=\"og:description\" content=\"La banda ganadora del GRAMMY\u00ae Rawayana presenta en Espa\u00f1a su nuevo \u00e1lbum dentro del \u00bfD\u00f3nde es el after? World Tour\" \/>\n<meta property=\"og:url\" content=\"https:\/\/unaymilletras.com\/en\/rawayana-vendran-a-madrid-y-barcelona-con-su-gira-donde-es-el-after\/\" \/>\n<meta property=\"og:site_name\" content=\"Una y Mil Letras\" \/>\n<meta property=\"article:published_time\" content=\"2026-01-26T18:55:51+00:00\" \/>\n<meta property=\"article:modified_time\" content=\"2026-01-26T19:10:36+00:00\" \/>\n<meta property=\"og:image\" content=\"http:\/\/unaymilletras.com\/wp-content\/uploads\/2026\/01\/b244132f-5041-82a7-73d9-1ef8e78f.jpg\" \/>\n\t<meta property=\"og:image:width\" content=\"684\" \/>\n\t<meta property=\"og:image:height\" content=\"862\" \/>\n\t<meta property=\"og:image:type\" content=\"image\/jpeg\" \/>\n<meta name=\"author\" content=\"Redacci\u00f3n\" \/>\n<meta name=\"twitter:card\" content=\"summary_large_image\" \/>\n<meta name=\"twitter:creator\" content=\"@UnaYMilLetras\" \/>\n<meta name=\"twitter:site\" content=\"@UnaYMilLetras\" \/>\n<meta name=\"twitter:label1\" content=\"Written by\" \/>\n\t<meta name=\"twitter:data1\" content=\"Redacci\u00f3n\" \/>\n\t<meta name=\"twitter:label2\" content=\"Estimated reading time\" \/>\n\t<meta name=\"twitter:data2\" content=\"2 minutes\" \/>\n<script type=\"application\/ld+json\" class=\"yoast-schema-graph\">{\"@context\":\"https:\\\/\\\/schema.org\",\"@graph\":[{\"@type\":\"Article\",\"@id\":\"https:\\\/\\\/unaymilletras.com\\\/rawayana-vendran-a-madrid-y-barcelona-con-su-gira-donde-es-el-after\\\/#article\",\"isPartOf\":{\"@id\":\"https:\\\/\\\/unaymilletras.com\\\/rawayana-vendran-a-madrid-y-barcelona-con-su-gira-donde-es-el-after\\\/\"},\"author\":{\"name\":\"Redacci\u00f3n\",\"@id\":\"http:\\\/\\\/unaymilletras.com\\\/#\\\/schema\\\/person\\\/0860dc8a218329991ee2c7591f4f849d\"},\"headline\":\"Rawayana vendr\u00e1n a Madrid y Barcelona con su gira \u00bfD\u00f3nde es el after?\",\"datePublished\":\"2026-01-26T18:55:51+00:00\",\"dateModified\":\"2026-01-26T19:10:36+00:00\",\"mainEntityOfPage\":{\"@id\":\"https:\\\/\\\/unaymilletras.com\\\/rawayana-vendran-a-madrid-y-barcelona-con-su-gira-donde-es-el-after\\\/\"},\"wordCount\":323,\"publisher\":{\"@id\":\"http:\\\/\\\/unaymilletras.com\\\/#organization\"},\"image\":{\"@id\":\"https:\\\/\\\/unaymilletras.com\\\/rawayana-vendran-a-madrid-y-barcelona-con-su-gira-donde-es-el-after\\\/#primaryimage\"},\"thumbnailUrl\":\"https:\\\/\\\/unaymilletras.com\\\/wp-content\\\/uploads\\\/2026\\\/01\\\/b244132f-5041-82a7-73d9-1ef8e78f.jpg\",\"articleSection\":[\"Eventos\",\"M\u00fasica\"],\"inLanguage\":\"en-GB\"},{\"@type\":\"WebPage\",\"@id\":\"https:\\\/\\\/unaymilletras.com\\\/rawayana-vendran-a-madrid-y-barcelona-con-su-gira-donde-es-el-after\\\/\",\"url\":\"https:\\\/\\\/unaymilletras.com\\\/rawayana-vendran-a-madrid-y-barcelona-con-su-gira-donde-es-el-after\\\/\",\"name\":\"Rawayana vendr\u00e1n a Madrid y Barcelona con su gira \u00bfD\u00f3nde es el after?\",\"isPartOf\":{\"@id\":\"http:\\\/\\\/unaymilletras.com\\\/#website\"},\"primaryImageOfPage\":{\"@id\":\"https:\\\/\\\/unaymilletras.com\\\/rawayana-vendran-a-madrid-y-barcelona-con-su-gira-donde-es-el-after\\\/#primaryimage\"},\"image\":{\"@id\":\"https:\\\/\\\/unaymilletras.com\\\/rawayana-vendran-a-madrid-y-barcelona-con-su-gira-donde-es-el-after\\\/#primaryimage\"},\"thumbnailUrl\":\"https:\\\/\\\/unaymilletras.com\\\/wp-content\\\/uploads\\\/2026\\\/01\\\/b244132f-5041-82a7-73d9-1ef8e78f.jpg\",\"datePublished\":\"2026-01-26T18:55:51+00:00\",\"dateModified\":\"2026-01-26T19:10:36+00:00\",\"description\":\"La banda ganadora del GRAMMY\u00ae Rawayana presenta en Espa\u00f1a su nuevo \u00e1lbum dentro del \u00bfD\u00f3nde es el after? World Tour\",\"breadcrumb\":{\"@id\":\"https:\\\/\\\/unaymilletras.com\\\/rawayana-vendran-a-madrid-y-barcelona-con-su-gira-donde-es-el-after\\\/#breadcrumb\"},\"inLanguage\":\"en-GB\",\"potentialAction\":[{\"@type\":\"ReadAction\",\"target\":[\"https:\\\/\\\/unaymilletras.com\\\/rawayana-vendran-a-madrid-y-barcelona-con-su-gira-donde-es-el-after\\\/\"]}]},{\"@type\":\"ImageObject\",\"inLanguage\":\"en-GB\",\"@id\":\"https:\\\/\\\/unaymilletras.com\\\/rawayana-vendran-a-madrid-y-barcelona-con-su-gira-donde-es-el-after\\\/#primaryimage\",\"url\":\"https:\\\/\\\/unaymilletras.com\\\/wp-content\\\/uploads\\\/2026\\\/01\\\/b244132f-5041-82a7-73d9-1ef8e78f.jpg\",\"contentUrl\":\"https:\\\/\\\/unaymilletras.com\\\/wp-content\\\/uploads\\\/2026\\\/01\\\/b244132f-5041-82a7-73d9-1ef8e78f.jpg\",\"width\":684,\"height\":862,\"caption\":\"Rawayana\"},{\"@type\":\"BreadcrumbList\",\"@id\":\"https:\\\/\\\/unaymilletras.com\\\/rawayana-vendran-a-madrid-y-barcelona-con-su-gira-donde-es-el-after\\\/#breadcrumb\",\"itemListElement\":[{\"@type\":\"ListItem\",\"position\":1,\"name\":\"Home\",\"item\":\"http:\\\/\\\/unaymilletras.com\\\/\"},{\"@type\":\"ListItem\",\"position\":2,\"name\":\"Rawayana vendr\u00e1n a Madrid y Barcelona con su gira \u00bfD\u00f3nde es el after?\"}]},{\"@type\":\"WebSite\",\"@id\":\"http:\\\/\\\/unaymilletras.com\\\/#website\",\"url\":\"http:\\\/\\\/unaymilletras.com\\\/\",\"name\":\"Una y Mil Letras\",\"description\":\"\",\"publisher\":{\"@id\":\"http:\\\/\\\/unaymilletras.com\\\/#organization\"},\"potentialAction\":[{\"@type\":\"SearchAction\",\"target\":{\"@type\":\"EntryPoint\",\"urlTemplate\":\"http:\\\/\\\/unaymilletras.com\\\/?s={search_term_string}\"},\"query-input\":{\"@type\":\"PropertyValueSpecification\",\"valueRequired\":true,\"valueName\":\"search_term_string\"}}],\"inLanguage\":\"en-GB\"},{\"@type\":\"Organization\",\"@id\":\"http:\\\/\\\/unaymilletras.com\\\/#organization\",\"name\":\"Una y Mil Letras\",\"url\":\"http:\\\/\\\/unaymilletras.com\\\/\",\"logo\":{\"@type\":\"ImageObject\",\"inLanguage\":\"en-GB\",\"@id\":\"http:\\\/\\\/unaymilletras.com\\\/#\\\/schema\\\/logo\\\/image\\\/\",\"url\":\"https:\\\/\\\/unaymilletras.com\\\/wp-content\\\/uploads\\\/2024\\\/06\\\/cropped-Logo-removebg-preview.png\",\"contentUrl\":\"https:\\\/\\\/unaymilletras.com\\\/wp-content\\\/uploads\\\/2024\\\/06\\\/cropped-Logo-removebg-preview.png\",\"width\":512,\"height\":512,\"caption\":\"Una y Mil Letras\"},\"image\":{\"@id\":\"http:\\\/\\\/unaymilletras.com\\\/#\\\/schema\\\/logo\\\/image\\\/\"},\"sameAs\":[\"https:\\\/\\\/x.com\\\/UnaYMilLetras\",\"https:\\\/\\\/instagram.com\\\/UnaYMilLetras\"]},{\"@type\":\"Person\",\"@id\":\"http:\\\/\\\/unaymilletras.com\\\/#\\\/schema\\\/person\\\/0860dc8a218329991ee2c7591f4f849d\",\"name\":\"Redacci\u00f3n\",\"image\":{\"@type\":\"ImageObject\",\"inLanguage\":\"en-GB\",\"@id\":\"https:\\\/\\\/secure.gravatar.com\\\/avatar\\\/d8f55e05a8b6597e45c55a1dcbdbfe44f4a360d88b48e00de5216a79b7732796?s=96&d=mm&r=g\",\"url\":\"https:\\\/\\\/secure.gravatar.com\\\/avatar\\\/d8f55e05a8b6597e45c55a1dcbdbfe44f4a360d88b48e00de5216a79b7732796?s=96&d=mm&r=g\",\"contentUrl\":\"https:\\\/\\\/secure.gravatar.com\\\/avatar\\\/d8f55e05a8b6597e45c55a1dcbdbfe44f4a360d88b48e00de5216a79b7732796?s=96&d=mm&r=g\",\"caption\":\"Redacci\u00f3n\"},\"url\":\"https:\\\/\\\/unaymilletras.com\\\/en\\\/author\\\/redaccion\\\/\"}]}<\/script>\n<!-- \/ Yoast SEO plugin. -->","yoast_head_json":{"title":"Rawayana vendr\u00e1n a Madrid y Barcelona con su gira \u00bfD\u00f3nde es el after?","description":"La banda ganadora del GRAMMY\u00ae Rawayana presenta en Espa\u00f1a su nuevo \u00e1lbum dentro del \u00bfD\u00f3nde es el after? World Tour","robots":{"index":"index","follow":"follow","max-snippet":"max-snippet:-1","max-image-preview":"max-image-preview:large","max-video-preview":"max-video-preview:-1"},"canonical":"https:\/\/unaymilletras.com\/en\/rawayana-vendran-a-madrid-y-barcelona-con-su-gira-donde-es-el-after\/","og_locale":"en_GB","og_type":"article","og_title":"Rawayana vendr\u00e1n a Madrid y Barcelona con su gira \u00bfD\u00f3nde es el after?","og_description":"La banda ganadora del GRAMMY\u00ae Rawayana presenta en Espa\u00f1a su nuevo \u00e1lbum dentro del \u00bfD\u00f3nde es el after? World Tour","og_url":"https:\/\/unaymilletras.com\/en\/rawayana-vendran-a-madrid-y-barcelona-con-su-gira-donde-es-el-after\/","og_site_name":"Una y Mil Letras","article_published_time":"2026-01-26T18:55:51+00:00","article_modified_time":"2026-01-26T19:10:36+00:00","og_image":[{"width":684,"height":862,"url":"http:\/\/unaymilletras.com\/wp-content\/uploads\/2026\/01\/b244132f-5041-82a7-73d9-1ef8e78f.jpg","type":"image\/jpeg"}],"author":"Redacci\u00f3n","twitter_card":"summary_large_image","twitter_creator":"@UnaYMilLetras","twitter_site":"@UnaYMilLetras","twitter_misc":{"Written by":"Redacci\u00f3n","Estimated reading time":"2 minutes"},"schema":{"@context":"https:\/\/schema.org","@graph":[{"@type":"Article","@id":"https:\/\/unaymilletras.com\/rawayana-vendran-a-madrid-y-barcelona-con-su-gira-donde-es-el-after\/#article","isPartOf":{"@id":"https:\/\/unaymilletras.com\/rawayana-vendran-a-madrid-y-barcelona-con-su-gira-donde-es-el-after\/"},"author":{"name":"Redacci\u00f3n","@id":"http:\/\/unaymilletras.com\/#\/schema\/person\/0860dc8a218329991ee2c7591f4f849d"},"headline":"Rawayana vendr\u00e1n a Madrid y Barcelona con su gira \u00bfD\u00f3nde es el after?","datePublished":"2026-01-26T18:55:51+00:00","dateModified":"2026-01-26T19:10:36+00:00","mainEntityOfPage":{"@id":"https:\/\/unaymilletras.com\/rawayana-vendran-a-madrid-y-barcelona-con-su-gira-donde-es-el-after\/"},"wordCount":323,"publisher":{"@id":"http:\/\/unaymilletras.com\/#organization"},"image":{"@id":"https:\/\/unaymilletras.com\/rawayana-vendran-a-madrid-y-barcelona-con-su-gira-donde-es-el-after\/#primaryimage"},"thumbnailUrl":"https:\/\/unaymilletras.com\/wp-content\/uploads\/2026\/01\/b244132f-5041-82a7-73d9-1ef8e78f.jpg","articleSection":["Eventos","M\u00fasica"],"inLanguage":"en-GB"},{"@type":"WebPage","@id":"https:\/\/unaymilletras.com\/rawayana-vendran-a-madrid-y-barcelona-con-su-gira-donde-es-el-after\/","url":"https:\/\/unaymilletras.com\/rawayana-vendran-a-madrid-y-barcelona-con-su-gira-donde-es-el-after\/","name":"Rawayana vendr\u00e1n a Madrid y Barcelona con su gira \u00bfD\u00f3nde es el after?","isPartOf":{"@id":"http:\/\/unaymilletras.com\/#website"},"primaryImageOfPage":{"@id":"https:\/\/unaymilletras.com\/rawayana-vendran-a-madrid-y-barcelona-con-su-gira-donde-es-el-after\/#primaryimage"},"image":{"@id":"https:\/\/unaymilletras.com\/rawayana-vendran-a-madrid-y-barcelona-con-su-gira-donde-es-el-after\/#primaryimage"},"thumbnailUrl":"https:\/\/unaymilletras.com\/wp-content\/uploads\/2026\/01\/b244132f-5041-82a7-73d9-1ef8e78f.jpg","datePublished":"2026-01-26T18:55:51+00:00","dateModified":"2026-01-26T19:10:36+00:00","description":"La banda ganadora del GRAMMY\u00ae Rawayana presenta en Espa\u00f1a su nuevo \u00e1lbum dentro del \u00bfD\u00f3nde es el after? World Tour","breadcrumb":{"@id":"https:\/\/unaymilletras.com\/rawayana-vendran-a-madrid-y-barcelona-con-su-gira-donde-es-el-after\/#breadcrumb"},"inLanguage":"en-GB","potentialAction":[{"@type":"ReadAction","target":["https:\/\/unaymilletras.com\/rawayana-vendran-a-madrid-y-barcelona-con-su-gira-donde-es-el-after\/"]}]},{"@type":"ImageObject","inLanguage":"en-GB","@id":"https:\/\/unaymilletras.com\/rawayana-vendran-a-madrid-y-barcelona-con-su-gira-donde-es-el-after\/#primaryimage","url":"https:\/\/unaymilletras.com\/wp-content\/uploads\/2026\/01\/b244132f-5041-82a7-73d9-1ef8e78f.jpg","contentUrl":"https:\/\/unaymilletras.com\/wp-content\/uploads\/2026\/01\/b244132f-5041-82a7-73d9-1ef8e78f.jpg","width":684,"height":862,"caption":"Rawayana"},{"@type":"BreadcrumbList","@id":"https:\/\/unaymilletras.com\/rawayana-vendran-a-madrid-y-barcelona-con-su-gira-donde-es-el-after\/#breadcrumb","itemListElement":[{"@type":"ListItem","position":1,"name":"Home","item":"http:\/\/unaymilletras.com\/"},{"@type":"ListItem","position":2,"name":"Rawayana vendr\u00e1n a Madrid y Barcelona con su gira \u00bfD\u00f3nde es el after?"}]},{"@type":"WebSite","@id":"http:\/\/unaymilletras.com\/#website","url":"http:\/\/unaymilletras.com\/","name":"Una y Mil Letras","description":"","publisher":{"@id":"http:\/\/unaymilletras.com\/#organization"},"potentialAction":[{"@type":"SearchAction","target":{"@type":"EntryPoint","urlTemplate":"http:\/\/unaymilletras.com\/?s={search_term_string}"},"query-input":{"@type":"PropertyValueSpecification","valueRequired":true,"valueName":"search_term_string"}}],"inLanguage":"en-GB"},{"@type":"Organization","@id":"http:\/\/unaymilletras.com\/#organization","name":"Una y Mil Letras","url":"http:\/\/unaymilletras.com\/","logo":{"@type":"ImageObject","inLanguage":"en-GB","@id":"http:\/\/unaymilletras.com\/#\/schema\/logo\/image\/","url":"https:\/\/unaymilletras.com\/wp-content\/uploads\/2024\/06\/cropped-Logo-removebg-preview.png","contentUrl":"https:\/\/unaymilletras.com\/wp-content\/uploads\/2024\/06\/cropped-Logo-removebg-preview.png","width":512,"height":512,"caption":"Una y Mil Letras"},"image":{"@id":"http:\/\/unaymilletras.com\/#\/schema\/logo\/image\/"},"sameAs":["https:\/\/x.com\/UnaYMilLetras","https:\/\/instagram.com\/UnaYMilLetras"]},{"@type":"Person","@id":"http:\/\/unaymilletras.com\/#\/schema\/person\/0860dc8a218329991ee2c7591f4f849d","name":"Redacci\u00f3n","image":{"@type":"ImageObject","inLanguage":"en-GB","@id":"https:\/\/secure.gravatar.com\/avatar\/d8f55e05a8b6597e45c55a1dcbdbfe44f4a360d88b48e00de5216a79b7732796?s=96&d=mm&r=g","url":"https:\/\/secure.gravatar.com\/avatar\/d8f55e05a8b6597e45c55a1dcbdbfe44f4a360d88b48e00de5216a79b7732796?s=96&d=mm&r=g","contentUrl":"https:\/\/secure.gravatar.com\/avatar\/d8f55e05a8b6597e45c55a1dcbdbfe44f4a360d88b48e00de5216a79b7732796?s=96&d=mm&r=g","caption":"Redacci\u00f3n"},"url":"https:\/\/unaymilletras.com\/en\/author\/redaccion\/"}]}},"_links":{"self":[{"href":"https:\/\/unaymilletras.com\/en\/wp-json\/wp\/v2\/posts\/7145","targetHints":{"allow":["GET"]}}],"collection":[{"href":"https:\/\/unaymilletras.com\/en\/wp-json\/wp\/v2\/posts"}],"about":[{"href":"https:\/\/unaymilletras.com\/en\/wp-json\/wp\/v2\/types\/post"}],"author":[{"embeddable":true,"href":"https:\/\/unaymilletras.com\/en\/wp-json\/wp\/v2\/users\/6"}],"replies":[{"embeddable":true,"href":"https:\/\/unaymilletras.com\/en\/wp-json\/wp\/v2\/comments?post=7145"}],"version-history":[{"count":7,"href":"https:\/\/unaymilletras.com\/en\/wp-json\/wp\/v2\/posts\/7145\/revisions"}],"predecessor-version":[{"id":7153,"href":"https:\/\/unaymilletras.com\/en\/wp-json\/wp\/v2\/posts\/7145\/revisions\/7153"}],"wp:featuredmedia":[{"embeddable":true,"href":"https:\/\/unaymilletras.com\/en\/wp-json\/wp\/v2\/media\/7147"}],"wp:attachment":[{"href":"https:\/\/unaymilletras.com\/en\/wp-json\/wp\/v2\/media?parent=7145"}],"wp:term":[{"taxonomy":"category","embeddable":true,"href":"https:\/\/unaymilletras.com\/en\/wp-json\/wp\/v2\/categories?post=7145"},{"taxonomy":"post_tag","embeddable":true,"href":"https:\/\/unaymilletras.com\/en\/wp-json\/wp\/v2\/tags?post=7145"}],"curies":[{"name":"wp","href":"https:\/\/api.w.org\/{rel}","templated":true}]}}