{"id":7155,"date":"2026-01-27T11:16:05","date_gmt":"2026-01-27T10:16:05","guid":{"rendered":"https:\/\/unaymilletras.com\/?p=7155"},"modified":"2026-01-27T11:18:14","modified_gmt":"2026-01-27T10:18:14","slug":"orion-anuncia-su-gira-constelaciones-por-espana","status":"publish","type":"post","link":"https:\/\/unaymilletras.com\/en\/orion-anuncia-su-gira-constelaciones-por-espana\/","title":{"rendered":"ORI\u00d3N anuncia su gira \u201cConstelaciones\u201d por Espa\u00f1a"},"content":{"rendered":"<div data-elementor-type=\"wp-post\" data-elementor-id=\"7155\" class=\"elementor elementor-7155\">\n\t\t\t\t\t\t<section class=\"elementor-section elementor-top-section elementor-element elementor-element-318aa18 elementor-section-boxed elementor-section-height-default elementor-section-height-default\" data-id=\"318aa18\" data-element_type=\"section\" data-e-type=\"section\">\n\t\t\t\t\t\t<div class=\"elementor-container elementor-column-gap-default\">\n\t\t\t\t\t<div class=\"elementor-column elementor-col-100 elementor-top-column elementor-element elementor-element-5b1c2b8\" data-id=\"5b1c2b8\" data-element_type=\"column\" data-e-type=\"column\">\n\t\t\t<div class=\"elementor-widget-wrap elementor-element-populated\">\n\t\t\t\t\t\t<div class=\"elementor-element elementor-element-a4a2814 elementor-widget elementor-widget-text-editor\" data-id=\"a4a2814\" data-element_type=\"widget\" data-e-type=\"widget\" data-widget_type=\"text-editor.default\">\n\t\t\t\t<div class=\"elementor-widget-container\">\n\t\t\t\t\t\t\t\t\t<p style=\"text-align: justify\">La banda espa\u00f1ola ORI\u00d3N ha confirmado oficialmente su nueva gira por Espa\u00f1a bajo el nombre <em data-start=\"321\" data-end=\"337\">Constelaciones<\/em>, un recorrido musical que pasar\u00e1 por Barcelona, Zaragoza, Madrid y Valencia durante el mes de abril de 2026.<\/p>\t\t\t\t\t\t\t\t<\/div>\n\t\t\t\t<\/div>\n\t\t\t\t\t<\/div>\n\t\t<\/div>\n\t\t\t\t\t<\/div>\n\t\t<\/section>\n\t\t\t\t<section class=\"elementor-section elementor-top-section elementor-element elementor-element-4166aa0 elementor-section-boxed elementor-section-height-default elementor-section-height-default\" data-id=\"4166aa0\" data-element_type=\"section\" data-e-type=\"section\">\n\t\t\t\t\t\t<div class=\"elementor-container elementor-column-gap-default\">\n\t\t\t\t\t<div class=\"elementor-column elementor-col-100 elementor-top-column elementor-element elementor-element-177777a\" data-id=\"177777a\" data-element_type=\"column\" data-e-type=\"column\">\n\t\t\t<div class=\"elementor-widget-wrap elementor-element-populated\">\n\t\t\t\t\t\t<div class=\"elementor-element elementor-element-2d83880 elementor-widget__width-initial elementor-widget elementor-widget-image\" data-id=\"2d83880\" data-element_type=\"widget\" data-e-type=\"widget\" data-widget_type=\"image.default\">\n\t\t\t\t<div class=\"elementor-widget-container\">\n\t\t\t\t\t\t\t\t\t\t\t\t\t\t\t<img fetchpriority=\"high\" decoding=\"async\" width=\"640\" height=\"960\" src=\"https:\/\/unaymilletras.com\/wp-content\/uploads\/2026\/01\/G02_8031-Editar-683x1024.jpg\" class=\"attachment-large size-large wp-image-7158\" alt=\"\" srcset=\"https:\/\/unaymilletras.com\/wp-content\/uploads\/2026\/01\/G02_8031-Editar-683x1024.jpg 683w, https:\/\/unaymilletras.com\/wp-content\/uploads\/2026\/01\/G02_8031-Editar-200x300.jpg 200w, https:\/\/unaymilletras.com\/wp-content\/uploads\/2026\/01\/G02_8031-Editar-768x1152.jpg 768w, https:\/\/unaymilletras.com\/wp-content\/uploads\/2026\/01\/G02_8031-Editar-1024x1536.jpg 1024w, https:\/\/unaymilletras.com\/wp-content\/uploads\/2026\/01\/G02_8031-Editar-1365x2048.jpg 1365w, https:\/\/unaymilletras.com\/wp-content\/uploads\/2026\/01\/G02_8031-Editar-8x12.jpg 8w, https:\/\/unaymilletras.com\/wp-content\/uploads\/2026\/01\/G02_8031-Editar-scaled-e1769508302515.jpg 600w\" sizes=\"(max-width: 640px) 100vw, 640px\" \/>\t\t\t\t\t\t\t\t\t\t\t\t\t\t\t<\/div>\n\t\t\t\t<\/div>\n\t\t\t\t\t<\/div>\n\t\t<\/div>\n\t\t\t\t\t<\/div>\n\t\t<\/section>\n\t\t\t\t<section class=\"elementor-section elementor-top-section elementor-element elementor-element-363f47a elementor-section-boxed elementor-section-height-default elementor-section-height-default\" data-id=\"363f47a\" data-element_type=\"section\" data-e-type=\"section\">\n\t\t\t\t\t\t<div class=\"elementor-container elementor-column-gap-default\">\n\t\t\t\t\t<div class=\"elementor-column elementor-col-100 elementor-top-column elementor-element elementor-element-e482e3d\" data-id=\"e482e3d\" data-element_type=\"column\" data-e-type=\"column\">\n\t\t\t<div class=\"elementor-widget-wrap elementor-element-populated\">\n\t\t\t\t\t\t<div class=\"elementor-element elementor-element-8117ec5 elementor-widget elementor-widget-text-editor\" data-id=\"8117ec5\" data-element_type=\"widget\" data-e-type=\"widget\" data-widget_type=\"text-editor.default\">\n\t\t\t\t<div class=\"elementor-widget-container\">\n\t\t\t\t\t\t\t\t\t<p style=\"text-align: justify\">El tour marca una nueva etapa para la banda, que propone un espect\u00e1culo concebido como un viaje sonoro y emocional \u201cjunto a las estrellas\u201d, donde cada canci\u00f3n funciona como un punto de conexi\u00f3n con el p\u00fablico.<\/p><p style=\"text-align: justify\">Tal y como ellos explican, <em data-start=\"686\" data-end=\"702\">Constelaciones<\/em> combina m\u00fasica, atm\u00f3sferas y relatos para crear una experiencia en directo que trasciende el formato tradicional de concierto.<\/p>\t\t\t\t\t\t\t\t<\/div>\n\t\t\t\t<\/div>\n\t\t\t\t\t<\/div>\n\t\t<\/div>\n\t\t\t\t\t<\/div>\n\t\t<\/section>\n\t\t\t\t<section class=\"elementor-section elementor-top-section elementor-element elementor-element-0c95ed2 elementor-section-boxed elementor-section-height-default elementor-section-height-default\" data-id=\"0c95ed2\" data-element_type=\"section\" data-e-type=\"section\">\n\t\t\t\t\t\t<div class=\"elementor-container elementor-column-gap-default\">\n\t\t\t\t\t<div class=\"elementor-column elementor-col-50 elementor-top-column elementor-element elementor-element-064b589\" data-id=\"064b589\" data-element_type=\"column\" data-e-type=\"column\">\n\t\t\t<div class=\"elementor-widget-wrap elementor-element-populated\">\n\t\t\t\t\t\t<div class=\"elementor-element elementor-element-7ad03a9 elementor-widget__width-initial elementor-widget elementor-widget-image\" data-id=\"7ad03a9\" data-element_type=\"widget\" data-e-type=\"widget\" data-widget_type=\"image.default\">\n\t\t\t\t<div class=\"elementor-widget-container\">\n\t\t\t\t\t\t\t\t\t\t\t\t\t\t\t<img decoding=\"async\" width=\"576\" height=\"1024\" src=\"https:\/\/unaymilletras.com\/wp-content\/uploads\/2026\/01\/flyer_oficial_historia-576x1024.png\" class=\"attachment-large size-large wp-image-7157\" alt=\"\" srcset=\"https:\/\/unaymilletras.com\/wp-content\/uploads\/2026\/01\/flyer_oficial_historia-576x1024.png 576w, https:\/\/unaymilletras.com\/wp-content\/uploads\/2026\/01\/flyer_oficial_historia-169x300.png 169w, https:\/\/unaymilletras.com\/wp-content\/uploads\/2026\/01\/flyer_oficial_historia-768x1365.png 768w, https:\/\/unaymilletras.com\/wp-content\/uploads\/2026\/01\/flyer_oficial_historia-864x1536.png 864w, https:\/\/unaymilletras.com\/wp-content\/uploads\/2026\/01\/flyer_oficial_historia-7x12.png 7w, https:\/\/unaymilletras.com\/wp-content\/uploads\/2026\/01\/flyer_oficial_historia-1024x1820.png 1024w, https:\/\/unaymilletras.com\/wp-content\/uploads\/2026\/01\/flyer_oficial_historia-e1769508201788.png 600w\" sizes=\"(max-width: 576px) 100vw, 576px\" \/>\t\t\t\t\t\t\t\t\t\t\t\t\t\t\t<\/div>\n\t\t\t\t<\/div>\n\t\t\t\t\t<\/div>\n\t\t<\/div>\n\t\t\t\t<div class=\"elementor-column elementor-col-50 elementor-top-column elementor-element elementor-element-f757420\" data-id=\"f757420\" data-element_type=\"column\" data-e-type=\"column\">\n\t\t\t<div class=\"elementor-widget-wrap elementor-element-populated\">\n\t\t\t\t\t\t<div class=\"elementor-element elementor-element-5a4623b elementor-widget elementor-widget-text-editor\" data-id=\"5a4623b\" data-element_type=\"widget\" data-e-type=\"widget\" data-widget_type=\"text-editor.default\">\n\t\t\t\t<div class=\"elementor-widget-container\">\n\t\t\t\t\t\t\t\t\t<p style=\"text-align: justify\">La gira <em data-start=\"124\" data-end=\"140\">Constelaciones<\/em> recorrer\u00e1 cuatro ciudades espa\u00f1olas durante el mes de abril de 2026, con paradas en Barcelona, Zaragoza, Madrid y Valencia.<\/p><p style=\"text-align: justify\">Las entradas para todos los conciertos ya est\u00e1n disponibles a trav\u00e9s de los canales oficiales de venta, con distintas modalidades y precios seg\u00fan cada sala. Una oportunidad \u00fanica para vivir en directo el nuevo universo sonoro de ORI\u00d3N.<\/p>\t\t\t\t\t\t\t\t<\/div>\n\t\t\t\t<\/div>\n\t\t\t\t\t<\/div>\n\t\t<\/div>\n\t\t\t\t\t<\/div>\n\t\t<\/section>\n\t\t\t\t<section class=\"elementor-section elementor-top-section elementor-element elementor-element-414f4e1 elementor-section-boxed elementor-section-height-default elementor-section-height-default\" data-id=\"414f4e1\" data-element_type=\"section\" data-e-type=\"section\">\n\t\t\t\t\t\t<div class=\"elementor-container elementor-column-gap-default\">\n\t\t\t\t\t<div class=\"elementor-column elementor-col-100 elementor-top-column elementor-element elementor-element-0e10f2a\" data-id=\"0e10f2a\" data-element_type=\"column\" data-e-type=\"column\">\n\t\t\t<div class=\"elementor-widget-wrap elementor-element-populated\">\n\t\t\t\t\t\t<div class=\"elementor-element elementor-element-f6bb941 elementor-widget elementor-widget-text-editor\" data-id=\"f6bb941\" data-element_type=\"widget\" data-e-type=\"widget\" data-widget_type=\"text-editor.default\">\n\t\t\t\t<div class=\"elementor-widget-container\">\n\t\t\t\t\t\t\t\t\t<p style=\"text-align: justify\">Con esta gira, ORI\u00d3N reafirma su consolidaci\u00f3n dentro de la escena independiente nacional y abre una nueva etapa en su crecimiento art\u00edstico, llevando al directo una propuesta que combina energ\u00eda, letras y una conexi\u00f3n cada vez m\u00e1s s\u00f3lida con su p\u00fablico. <em data-start=\"255\" data-end=\"271\">Constelaciones<\/em> se presenta as\u00ed como un recorrido donde cada ciudad se convierte en un punto de encuentro \u00fanico, en el que identidad musical, presencia esc\u00e9nica y emoci\u00f3n compartida se unen para ofrecer una experiencia que trasciende el concierto y se convierte en un verdadero viaje junto a la audiencia.<\/p>\t\t\t\t\t\t\t\t<\/div>\n\t\t\t\t<\/div>\n\t\t\t\t\t<\/div>\n\t\t<\/div>\n\t\t\t\t\t<\/div>\n\t\t<\/section>\n\t\t\t\t<section class=\"elementor-section elementor-top-section elementor-element elementor-element-1f4177d elementor-section-boxed elementor-section-height-default elementor-section-height-default\" data-id=\"1f4177d\" data-element_type=\"section\" data-e-type=\"section\">\n\t\t\t\t\t\t<div class=\"elementor-container elementor-column-gap-default\">\n\t\t\t\t\t<div class=\"elementor-column elementor-col-100 elementor-top-column elementor-element elementor-element-d787e71\" data-id=\"d787e71\" data-element_type=\"column\" data-e-type=\"column\">\n\t\t\t<div class=\"elementor-widget-wrap elementor-element-populated\">\n\t\t\t\t\t\t<div class=\"elementor-element elementor-element-d301919 elementor-widget elementor-widget-text-editor\" data-id=\"d301919\" data-element_type=\"widget\" data-e-type=\"widget\" data-widget_type=\"text-editor.default\">\n\t\t\t\t<div class=\"elementor-widget-container\">\n\t\t\t\t\t\t\t\t\t<p>Para m\u00e1s informaci\u00f3n y novedades, poder seguir a la banda en sus<a href=\"https:\/\/www.instagram.com\/orionbanda\/\"> redes sociales<\/a> y visitar su <a href=\"http:\/\/www.orionmusic.es\/\">p\u00e1gina web.\u00a0<\/a><\/p><p>Sigue descubriendo m\u00e1s sobre la actualidad musical en <em><a href=\"https:\/\/unaymilletras.com\/en\/\">Una y mil letras<\/a><\/em><\/p>\t\t\t\t\t\t\t\t<\/div>\n\t\t\t\t<\/div>\n\t\t\t\t\t<\/div>\n\t\t<\/div>\n\t\t\t\t\t<\/div>\n\t\t<\/section>\n\t\t\t\t<\/div>","protected":false},"excerpt":{"rendered":"<p>La banda espa\u00f1ola ORI\u00d3N ha confirmado oficialmente su nueva gira por Espa\u00f1a bajo el nombre Constelaciones, un recorrido musical que pasar\u00e1 por Barcelona, Zaragoza, Madrid y Valencia durante el mes de abril de 2026. El tour marca una nueva etapa para la banda, que propone un espect\u00e1culo concebido como un viaje sonoro y emocional \u201cjunto [&hellip;]<\/p>\n","protected":false},"author":13,"featured_media":7157,"comment_status":"closed","ping_status":"closed","sticky":false,"template":"","format":"standard","meta":{"footnotes":""},"categories":[119,4],"tags":[],"class_list":["post-7155","post","type-post","status-publish","format-standard","has-post-thumbnail","hentry","category-eventos","category-musica"],"yoast_head":"<!-- This site is optimized with the Yoast SEO plugin v27.4 - https:\/\/yoast.com\/product\/yoast-seo-wordpress\/ -->\n<title>ORI\u00d3N anuncia su gira \u201cConstelaciones\u201d por Espa\u00f1a<\/title>\n<meta name=\"description\" content=\"ORI\u00d3N anuncia su gira \u201cConstelaciones\u201d por Espa\u00f1a en abril de 2026 con cuatro conciertos. Entradas ya a la venta.\" \/>\n<meta name=\"robots\" content=\"index, follow, max-snippet:-1, max-image-preview:large, max-video-preview:-1\" \/>\n<link rel=\"canonical\" href=\"https:\/\/unaymilletras.com\/en\/orion-anuncia-su-gira-constelaciones-por-espana\/\" \/>\n<meta property=\"og:locale\" content=\"en_GB\" \/>\n<meta property=\"og:type\" content=\"article\" \/>\n<meta property=\"og:title\" content=\"ORI\u00d3N anuncia su gira \u201cConstelaciones\u201d por Espa\u00f1a\" \/>\n<meta property=\"og:description\" content=\"ORI\u00d3N anuncia su gira \u201cConstelaciones\u201d por Espa\u00f1a en abril de 2026 con cuatro conciertos. Entradas ya a la venta.\" \/>\n<meta property=\"og:url\" content=\"https:\/\/unaymilletras.com\/en\/orion-anuncia-su-gira-constelaciones-por-espana\/\" \/>\n<meta property=\"og:site_name\" content=\"Una y Mil Letras\" \/>\n<meta property=\"article:published_time\" content=\"2026-01-27T10:16:05+00:00\" \/>\n<meta property=\"article:modified_time\" content=\"2026-01-27T10:18:14+00:00\" \/>\n<meta property=\"og:image\" content=\"http:\/\/unaymilletras.com\/wp-content\/uploads\/2026\/01\/flyer_oficial_historia-e1769508201788.png\" \/>\n\t<meta property=\"og:image:width\" content=\"600\" \/>\n\t<meta property=\"og:image:height\" content=\"1067\" \/>\n\t<meta property=\"og:image:type\" content=\"image\/png\" \/>\n<meta name=\"author\" content=\"Alba Benito\" \/>\n<meta name=\"twitter:card\" content=\"summary_large_image\" \/>\n<meta name=\"twitter:creator\" content=\"@UnaYMilLetras\" \/>\n<meta name=\"twitter:site\" content=\"@UnaYMilLetras\" \/>\n<meta name=\"twitter:label1\" content=\"Written by\" \/>\n\t<meta name=\"twitter:data1\" content=\"Alba Benito\" \/>\n\t<meta name=\"twitter:label2\" content=\"Estimated reading time\" \/>\n\t<meta name=\"twitter:data2\" content=\"2 minutes\" \/>\n<script type=\"application\/ld+json\" class=\"yoast-schema-graph\">{\"@context\":\"https:\\\/\\\/schema.org\",\"@graph\":[{\"@type\":\"Article\",\"@id\":\"https:\\\/\\\/unaymilletras.com\\\/orion-anuncia-su-gira-constelaciones-por-espana\\\/#article\",\"isPartOf\":{\"@id\":\"https:\\\/\\\/unaymilletras.com\\\/orion-anuncia-su-gira-constelaciones-por-espana\\\/\"},\"author\":{\"name\":\"Alba Benito\",\"@id\":\"http:\\\/\\\/unaymilletras.com\\\/#\\\/schema\\\/person\\\/a10550e4bff9a23f941f52b2cd5d8686\"},\"headline\":\"ORI\u00d3N anuncia su gira \u201cConstelaciones\u201d por Espa\u00f1a\",\"datePublished\":\"2026-01-27T10:16:05+00:00\",\"dateModified\":\"2026-01-27T10:18:14+00:00\",\"mainEntityOfPage\":{\"@id\":\"https:\\\/\\\/unaymilletras.com\\\/orion-anuncia-su-gira-constelaciones-por-espana\\\/\"},\"wordCount\":310,\"publisher\":{\"@id\":\"http:\\\/\\\/unaymilletras.com\\\/#organization\"},\"image\":{\"@id\":\"https:\\\/\\\/unaymilletras.com\\\/orion-anuncia-su-gira-constelaciones-por-espana\\\/#primaryimage\"},\"thumbnailUrl\":\"https:\\\/\\\/unaymilletras.com\\\/wp-content\\\/uploads\\\/2026\\\/01\\\/flyer_oficial_historia-e1769508201788.png\",\"articleSection\":[\"Eventos\",\"M\u00fasica\"],\"inLanguage\":\"en-GB\"},{\"@type\":\"WebPage\",\"@id\":\"https:\\\/\\\/unaymilletras.com\\\/orion-anuncia-su-gira-constelaciones-por-espana\\\/\",\"url\":\"https:\\\/\\\/unaymilletras.com\\\/orion-anuncia-su-gira-constelaciones-por-espana\\\/\",\"name\":\"ORI\u00d3N anuncia su gira \u201cConstelaciones\u201d por Espa\u00f1a\",\"isPartOf\":{\"@id\":\"http:\\\/\\\/unaymilletras.com\\\/#website\"},\"primaryImageOfPage\":{\"@id\":\"https:\\\/\\\/unaymilletras.com\\\/orion-anuncia-su-gira-constelaciones-por-espana\\\/#primaryimage\"},\"image\":{\"@id\":\"https:\\\/\\\/unaymilletras.com\\\/orion-anuncia-su-gira-constelaciones-por-espana\\\/#primaryimage\"},\"thumbnailUrl\":\"https:\\\/\\\/unaymilletras.com\\\/wp-content\\\/uploads\\\/2026\\\/01\\\/flyer_oficial_historia-e1769508201788.png\",\"datePublished\":\"2026-01-27T10:16:05+00:00\",\"dateModified\":\"2026-01-27T10:18:14+00:00\",\"description\":\"ORI\u00d3N anuncia su gira \u201cConstelaciones\u201d por Espa\u00f1a en abril de 2026 con cuatro conciertos. Entradas ya a la venta.\",\"breadcrumb\":{\"@id\":\"https:\\\/\\\/unaymilletras.com\\\/orion-anuncia-su-gira-constelaciones-por-espana\\\/#breadcrumb\"},\"inLanguage\":\"en-GB\",\"potentialAction\":[{\"@type\":\"ReadAction\",\"target\":[\"https:\\\/\\\/unaymilletras.com\\\/orion-anuncia-su-gira-constelaciones-por-espana\\\/\"]}]},{\"@type\":\"ImageObject\",\"inLanguage\":\"en-GB\",\"@id\":\"https:\\\/\\\/unaymilletras.com\\\/orion-anuncia-su-gira-constelaciones-por-espana\\\/#primaryimage\",\"url\":\"https:\\\/\\\/unaymilletras.com\\\/wp-content\\\/uploads\\\/2026\\\/01\\\/flyer_oficial_historia-e1769508201788.png\",\"contentUrl\":\"https:\\\/\\\/unaymilletras.com\\\/wp-content\\\/uploads\\\/2026\\\/01\\\/flyer_oficial_historia-e1769508201788.png\",\"width\":600,\"height\":1067},{\"@type\":\"BreadcrumbList\",\"@id\":\"https:\\\/\\\/unaymilletras.com\\\/orion-anuncia-su-gira-constelaciones-por-espana\\\/#breadcrumb\",\"itemListElement\":[{\"@type\":\"ListItem\",\"position\":1,\"name\":\"Home\",\"item\":\"http:\\\/\\\/unaymilletras.com\\\/\"},{\"@type\":\"ListItem\",\"position\":2,\"name\":\"ORI\u00d3N anuncia su gira \u201cConstelaciones\u201d por Espa\u00f1a\"}]},{\"@type\":\"WebSite\",\"@id\":\"http:\\\/\\\/unaymilletras.com\\\/#website\",\"url\":\"http:\\\/\\\/unaymilletras.com\\\/\",\"name\":\"Una y Mil Letras\",\"description\":\"\",\"publisher\":{\"@id\":\"http:\\\/\\\/unaymilletras.com\\\/#organization\"},\"potentialAction\":[{\"@type\":\"SearchAction\",\"target\":{\"@type\":\"EntryPoint\",\"urlTemplate\":\"http:\\\/\\\/unaymilletras.com\\\/?s={search_term_string}\"},\"query-input\":{\"@type\":\"PropertyValueSpecification\",\"valueRequired\":true,\"valueName\":\"search_term_string\"}}],\"inLanguage\":\"en-GB\"},{\"@type\":\"Organization\",\"@id\":\"http:\\\/\\\/unaymilletras.com\\\/#organization\",\"name\":\"Una y Mil Letras\",\"url\":\"http:\\\/\\\/unaymilletras.com\\\/\",\"logo\":{\"@type\":\"ImageObject\",\"inLanguage\":\"en-GB\",\"@id\":\"http:\\\/\\\/unaymilletras.com\\\/#\\\/schema\\\/logo\\\/image\\\/\",\"url\":\"https:\\\/\\\/unaymilletras.com\\\/wp-content\\\/uploads\\\/2024\\\/06\\\/cropped-Logo-removebg-preview.png\",\"contentUrl\":\"https:\\\/\\\/unaymilletras.com\\\/wp-content\\\/uploads\\\/2024\\\/06\\\/cropped-Logo-removebg-preview.png\",\"width\":512,\"height\":512,\"caption\":\"Una y Mil Letras\"},\"image\":{\"@id\":\"http:\\\/\\\/unaymilletras.com\\\/#\\\/schema\\\/logo\\\/image\\\/\"},\"sameAs\":[\"https:\\\/\\\/x.com\\\/UnaYMilLetras\",\"https:\\\/\\\/instagram.com\\\/UnaYMilLetras\"]},{\"@type\":\"Person\",\"@id\":\"http:\\\/\\\/unaymilletras.com\\\/#\\\/schema\\\/person\\\/a10550e4bff9a23f941f52b2cd5d8686\",\"name\":\"Alba Benito\",\"image\":{\"@type\":\"ImageObject\",\"inLanguage\":\"en-GB\",\"@id\":\"https:\\\/\\\/secure.gravatar.com\\\/avatar\\\/f227a2222ee313f4b5dea91891742064ec98aa8f11b91568879eaecf941f84de?s=96&d=mm&r=g\",\"url\":\"https:\\\/\\\/secure.gravatar.com\\\/avatar\\\/f227a2222ee313f4b5dea91891742064ec98aa8f11b91568879eaecf941f84de?s=96&d=mm&r=g\",\"contentUrl\":\"https:\\\/\\\/secure.gravatar.com\\\/avatar\\\/f227a2222ee313f4b5dea91891742064ec98aa8f11b91568879eaecf941f84de?s=96&d=mm&r=g\",\"caption\":\"Alba Benito\"},\"url\":\"https:\\\/\\\/unaymilletras.com\\\/en\\\/author\\\/aalbaas_\\\/\"}]}<\/script>\n<!-- \/ Yoast SEO plugin. -->","yoast_head_json":{"title":"ORI\u00d3N anuncia su gira \u201cConstelaciones\u201d por Espa\u00f1a","description":"ORI\u00d3N anuncia su gira \u201cConstelaciones\u201d por Espa\u00f1a en abril de 2026 con cuatro conciertos. Entradas ya a la venta.","robots":{"index":"index","follow":"follow","max-snippet":"max-snippet:-1","max-image-preview":"max-image-preview:large","max-video-preview":"max-video-preview:-1"},"canonical":"https:\/\/unaymilletras.com\/en\/orion-anuncia-su-gira-constelaciones-por-espana\/","og_locale":"en_GB","og_type":"article","og_title":"ORI\u00d3N anuncia su gira \u201cConstelaciones\u201d por Espa\u00f1a","og_description":"ORI\u00d3N anuncia su gira \u201cConstelaciones\u201d por Espa\u00f1a en abril de 2026 con cuatro conciertos. Entradas ya a la venta.","og_url":"https:\/\/unaymilletras.com\/en\/orion-anuncia-su-gira-constelaciones-por-espana\/","og_site_name":"Una y Mil Letras","article_published_time":"2026-01-27T10:16:05+00:00","article_modified_time":"2026-01-27T10:18:14+00:00","og_image":[{"width":600,"height":1067,"url":"http:\/\/unaymilletras.com\/wp-content\/uploads\/2026\/01\/flyer_oficial_historia-e1769508201788.png","type":"image\/png"}],"author":"Alba Benito","twitter_card":"summary_large_image","twitter_creator":"@UnaYMilLetras","twitter_site":"@UnaYMilLetras","twitter_misc":{"Written by":"Alba Benito","Estimated reading time":"2 minutes"},"schema":{"@context":"https:\/\/schema.org","@graph":[{"@type":"Article","@id":"https:\/\/unaymilletras.com\/orion-anuncia-su-gira-constelaciones-por-espana\/#article","isPartOf":{"@id":"https:\/\/unaymilletras.com\/orion-anuncia-su-gira-constelaciones-por-espana\/"},"author":{"name":"Alba Benito","@id":"http:\/\/unaymilletras.com\/#\/schema\/person\/a10550e4bff9a23f941f52b2cd5d8686"},"headline":"ORI\u00d3N anuncia su gira \u201cConstelaciones\u201d por Espa\u00f1a","datePublished":"2026-01-27T10:16:05+00:00","dateModified":"2026-01-27T10:18:14+00:00","mainEntityOfPage":{"@id":"https:\/\/unaymilletras.com\/orion-anuncia-su-gira-constelaciones-por-espana\/"},"wordCount":310,"publisher":{"@id":"http:\/\/unaymilletras.com\/#organization"},"image":{"@id":"https:\/\/unaymilletras.com\/orion-anuncia-su-gira-constelaciones-por-espana\/#primaryimage"},"thumbnailUrl":"https:\/\/unaymilletras.com\/wp-content\/uploads\/2026\/01\/flyer_oficial_historia-e1769508201788.png","articleSection":["Eventos","M\u00fasica"],"inLanguage":"en-GB"},{"@type":"WebPage","@id":"https:\/\/unaymilletras.com\/orion-anuncia-su-gira-constelaciones-por-espana\/","url":"https:\/\/unaymilletras.com\/orion-anuncia-su-gira-constelaciones-por-espana\/","name":"ORI\u00d3N anuncia su gira \u201cConstelaciones\u201d por Espa\u00f1a","isPartOf":{"@id":"http:\/\/unaymilletras.com\/#website"},"primaryImageOfPage":{"@id":"https:\/\/unaymilletras.com\/orion-anuncia-su-gira-constelaciones-por-espana\/#primaryimage"},"image":{"@id":"https:\/\/unaymilletras.com\/orion-anuncia-su-gira-constelaciones-por-espana\/#primaryimage"},"thumbnailUrl":"https:\/\/unaymilletras.com\/wp-content\/uploads\/2026\/01\/flyer_oficial_historia-e1769508201788.png","datePublished":"2026-01-27T10:16:05+00:00","dateModified":"2026-01-27T10:18:14+00:00","description":"ORI\u00d3N anuncia su gira \u201cConstelaciones\u201d por Espa\u00f1a en abril de 2026 con cuatro conciertos. Entradas ya a la venta.","breadcrumb":{"@id":"https:\/\/unaymilletras.com\/orion-anuncia-su-gira-constelaciones-por-espana\/#breadcrumb"},"inLanguage":"en-GB","potentialAction":[{"@type":"ReadAction","target":["https:\/\/unaymilletras.com\/orion-anuncia-su-gira-constelaciones-por-espana\/"]}]},{"@type":"ImageObject","inLanguage":"en-GB","@id":"https:\/\/unaymilletras.com\/orion-anuncia-su-gira-constelaciones-por-espana\/#primaryimage","url":"https:\/\/unaymilletras.com\/wp-content\/uploads\/2026\/01\/flyer_oficial_historia-e1769508201788.png","contentUrl":"https:\/\/unaymilletras.com\/wp-content\/uploads\/2026\/01\/flyer_oficial_historia-e1769508201788.png","width":600,"height":1067},{"@type":"BreadcrumbList","@id":"https:\/\/unaymilletras.com\/orion-anuncia-su-gira-constelaciones-por-espana\/#breadcrumb","itemListElement":[{"@type":"ListItem","position":1,"name":"Home","item":"http:\/\/unaymilletras.com\/"},{"@type":"ListItem","position":2,"name":"ORI\u00d3N anuncia su gira \u201cConstelaciones\u201d por Espa\u00f1a"}]},{"@type":"WebSite","@id":"http:\/\/unaymilletras.com\/#website","url":"http:\/\/unaymilletras.com\/","name":"Una y Mil Letras","description":"","publisher":{"@id":"http:\/\/unaymilletras.com\/#organization"},"potentialAction":[{"@type":"SearchAction","target":{"@type":"EntryPoint","urlTemplate":"http:\/\/unaymilletras.com\/?s={search_term_string}"},"query-input":{"@type":"PropertyValueSpecification","valueRequired":true,"valueName":"search_term_string"}}],"inLanguage":"en-GB"},{"@type":"Organization","@id":"http:\/\/unaymilletras.com\/#organization","name":"Una y Mil Letras","url":"http:\/\/unaymilletras.com\/","logo":{"@type":"ImageObject","inLanguage":"en-GB","@id":"http:\/\/unaymilletras.com\/#\/schema\/logo\/image\/","url":"https:\/\/unaymilletras.com\/wp-content\/uploads\/2024\/06\/cropped-Logo-removebg-preview.png","contentUrl":"https:\/\/unaymilletras.com\/wp-content\/uploads\/2024\/06\/cropped-Logo-removebg-preview.png","width":512,"height":512,"caption":"Una y Mil Letras"},"image":{"@id":"http:\/\/unaymilletras.com\/#\/schema\/logo\/image\/"},"sameAs":["https:\/\/x.com\/UnaYMilLetras","https:\/\/instagram.com\/UnaYMilLetras"]},{"@type":"Person","@id":"http:\/\/unaymilletras.com\/#\/schema\/person\/a10550e4bff9a23f941f52b2cd5d8686","name":"Alba Benito","image":{"@type":"ImageObject","inLanguage":"en-GB","@id":"https:\/\/secure.gravatar.com\/avatar\/f227a2222ee313f4b5dea91891742064ec98aa8f11b91568879eaecf941f84de?s=96&d=mm&r=g","url":"https:\/\/secure.gravatar.com\/avatar\/f227a2222ee313f4b5dea91891742064ec98aa8f11b91568879eaecf941f84de?s=96&d=mm&r=g","contentUrl":"https:\/\/secure.gravatar.com\/avatar\/f227a2222ee313f4b5dea91891742064ec98aa8f11b91568879eaecf941f84de?s=96&d=mm&r=g","caption":"Alba Benito"},"url":"https:\/\/unaymilletras.com\/en\/author\/aalbaas_\/"}]}},"_links":{"self":[{"href":"https:\/\/unaymilletras.com\/en\/wp-json\/wp\/v2\/posts\/7155","targetHints":{"allow":["GET"]}}],"collection":[{"href":"https:\/\/unaymilletras.com\/en\/wp-json\/wp\/v2\/posts"}],"about":[{"href":"https:\/\/unaymilletras.com\/en\/wp-json\/wp\/v2\/types\/post"}],"author":[{"embeddable":true,"href":"https:\/\/unaymilletras.com\/en\/wp-json\/wp\/v2\/users\/13"}],"replies":[{"embeddable":true,"href":"https:\/\/unaymilletras.com\/en\/wp-json\/wp\/v2\/comments?post=7155"}],"version-history":[{"count":7,"href":"https:\/\/unaymilletras.com\/en\/wp-json\/wp\/v2\/posts\/7155\/revisions"}],"predecessor-version":[{"id":7164,"href":"https:\/\/unaymilletras.com\/en\/wp-json\/wp\/v2\/posts\/7155\/revisions\/7164"}],"wp:featuredmedia":[{"embeddable":true,"href":"https:\/\/unaymilletras.com\/en\/wp-json\/wp\/v2\/media\/7157"}],"wp:attachment":[{"href":"https:\/\/unaymilletras.com\/en\/wp-json\/wp\/v2\/media?parent=7155"}],"wp:term":[{"taxonomy":"category","embeddable":true,"href":"https:\/\/unaymilletras.com\/en\/wp-json\/wp\/v2\/categories?post=7155"},{"taxonomy":"post_tag","embeddable":true,"href":"https:\/\/unaymilletras.com\/en\/wp-json\/wp\/v2\/tags?post=7155"}],"curies":[{"name":"wp","href":"https:\/\/api.w.org\/{rel}","templated":true}]}}