{"id":7165,"date":"2026-01-27T18:00:00","date_gmt":"2026-01-27T17:00:00","guid":{"rendered":"https:\/\/unaymilletras.com\/?p=7165"},"modified":"2026-01-27T13:11:21","modified_gmt":"2026-01-27T12:11:21","slug":"hans-zimmer-llega-a-espana-con-the-next-level-en-2026","status":"publish","type":"post","link":"https:\/\/unaymilletras.com\/en\/hans-zimmer-llega-a-espana-con-the-next-level-en-2026\/","title":{"rendered":"Hans Zimmer llega a Espa\u00f1a con The Next Level en 2026"},"content":{"rendered":"<div data-elementor-type=\"wp-post\" data-elementor-id=\"7165\" class=\"elementor elementor-7165\">\n\t\t\t\t\t\t<section class=\"elementor-section elementor-top-section elementor-element elementor-element-2029116 elementor-section-boxed elementor-section-height-default elementor-section-height-default\" data-id=\"2029116\" data-element_type=\"section\" data-e-type=\"section\">\n\t\t\t\t\t\t<div class=\"elementor-container elementor-column-gap-default\">\n\t\t\t\t\t<div class=\"elementor-column elementor-col-100 elementor-top-column elementor-element elementor-element-693c91b\" data-id=\"693c91b\" data-element_type=\"column\" data-e-type=\"column\">\n\t\t\t<div class=\"elementor-widget-wrap elementor-element-populated\">\n\t\t\t\t\t\t<div class=\"elementor-element elementor-element-0018c12 elementor-widget elementor-widget-text-editor\" data-id=\"0018c12\" data-element_type=\"widget\" data-e-type=\"widget\" data-widget_type=\"text-editor.default\">\n\t\t\t\t<div class=\"elementor-widget-container\">\n\t\t\t\t\t\t\t\t\t<h2 style=\"text-align: center;\"><span style=\"color: #808080;\"><em>Valencia, Barcelona y Madrid acoger\u00e1n el nuevo y revolucionario show en directo del compositor Hans Zimmer<\/em><\/span><\/h2>\t\t\t\t\t\t\t\t<\/div>\n\t\t\t\t<\/div>\n\t\t\t\t\t<\/div>\n\t\t<\/div>\n\t\t\t\t\t<\/div>\n\t\t<\/section>\n\t\t\t\t<section class=\"elementor-section elementor-top-section elementor-element elementor-element-4cad4fc elementor-section-boxed elementor-section-height-default elementor-section-height-default\" data-id=\"4cad4fc\" data-element_type=\"section\" data-e-type=\"section\">\n\t\t\t\t\t\t<div class=\"elementor-container elementor-column-gap-default\">\n\t\t\t\t\t<div class=\"elementor-column elementor-col-100 elementor-top-column elementor-element elementor-element-aaf3d8c\" data-id=\"aaf3d8c\" data-element_type=\"column\" data-e-type=\"column\">\n\t\t\t<div class=\"elementor-widget-wrap elementor-element-populated\">\n\t\t\t\t\t\t<div class=\"elementor-element elementor-element-df16194 elementor-widget elementor-widget-text-editor\" data-id=\"df16194\" data-element_type=\"widget\" data-e-type=\"widget\" data-widget_type=\"text-editor.default\">\n\t\t\t\t<div class=\"elementor-widget-container\">\n\t\t\t\t\t\t\t\t\t<p data-start=\"160\" data-end=\"592\"><strong data-start=\"160\" data-end=\"196\">Hans Zimmer Live: The Next Level<\/strong> aterriza en Espa\u00f1a en marzo de 2026 como parte de su nueva <strong data-start=\"256\" data-end=\"272\">gira mundial<\/strong>, un espect\u00e1culo con el que el legendario compositor vuelve a elevar el concepto de m\u00fasica en directo. El artista, ganador de m\u00faltiples premios <strong data-start=\"416\" data-end=\"436\">Oscar\u00ae y Grammy\u00ae<\/strong>, presentar\u00e1 un show completamente renovado junto a una banda de <strong data-start=\"501\" data-end=\"515\">19 m\u00fasicos<\/strong>, combinando su ic\u00f3nico universo sonoro con una puesta en escena nunca vista.<\/p><p data-start=\"594\" data-end=\"957\">Con <em data-start=\"598\" data-end=\"614\">The Next Level<\/em>, Hans Zimmer apuesta por una experiencia inmersiva que incorpora <strong data-start=\"680\" data-end=\"706\">elementos electr\u00f3nicos<\/strong>, un <strong data-start=\"711\" data-end=\"752\">dise\u00f1o de iluminaci\u00f3n de gran impacto<\/strong> y un escenario totalmente nuevo. El espect\u00e1culo contin\u00faa la evoluci\u00f3n natural de sus anteriores giras, pero va un paso m\u00e1s all\u00e1, rompiendo los l\u00edmites entre concierto, electr\u00f3nica y experiencia sensorial.<\/p>\t\t\t\t\t\t\t\t<\/div>\n\t\t\t\t<\/div>\n\t\t\t\t\t<\/div>\n\t\t<\/div>\n\t\t\t\t\t<\/div>\n\t\t<\/section>\n\t\t\t\t<section class=\"elementor-section elementor-top-section elementor-element elementor-element-b193cdc elementor-section-boxed elementor-section-height-default elementor-section-height-default\" data-id=\"b193cdc\" data-element_type=\"section\" data-e-type=\"section\">\n\t\t\t\t\t\t<div class=\"elementor-container elementor-column-gap-default\">\n\t\t\t\t\t<div class=\"elementor-column elementor-col-50 elementor-top-column elementor-element elementor-element-ffa8ce7\" data-id=\"ffa8ce7\" data-element_type=\"column\" data-e-type=\"column\">\n\t\t\t<div class=\"elementor-widget-wrap elementor-element-populated\">\n\t\t\t\t\t\t<div class=\"elementor-element elementor-element-f44f684 elementor-widget elementor-widget-image\" data-id=\"f44f684\" data-element_type=\"widget\" data-e-type=\"widget\" data-widget_type=\"image.default\">\n\t\t\t\t<div class=\"elementor-widget-container\">\n\t\t\t\t\t\t\t\t\t\t\t\t\t\t\t<img fetchpriority=\"high\" decoding=\"async\" width=\"640\" height=\"427\" src=\"https:\/\/unaymilletras.com\/wp-content\/uploads\/2026\/01\/HZLive_2024_credit_RCIGlobal_SemmelConcerts_Frank-Embacher-14-1024x683.jpg\" class=\"attachment-large size-large wp-image-7167\" alt=\"Hans Zimmer\" srcset=\"https:\/\/unaymilletras.com\/wp-content\/uploads\/2026\/01\/HZLive_2024_credit_RCIGlobal_SemmelConcerts_Frank-Embacher-14-1024x683.jpg 1024w, https:\/\/unaymilletras.com\/wp-content\/uploads\/2026\/01\/HZLive_2024_credit_RCIGlobal_SemmelConcerts_Frank-Embacher-14-300x200.jpg 300w, https:\/\/unaymilletras.com\/wp-content\/uploads\/2026\/01\/HZLive_2024_credit_RCIGlobal_SemmelConcerts_Frank-Embacher-14-768x512.jpg 768w, https:\/\/unaymilletras.com\/wp-content\/uploads\/2026\/01\/HZLive_2024_credit_RCIGlobal_SemmelConcerts_Frank-Embacher-14-1536x1025.jpg 1536w, https:\/\/unaymilletras.com\/wp-content\/uploads\/2026\/01\/HZLive_2024_credit_RCIGlobal_SemmelConcerts_Frank-Embacher-14-18x12.jpg 18w, https:\/\/unaymilletras.com\/wp-content\/uploads\/2026\/01\/HZLive_2024_credit_RCIGlobal_SemmelConcerts_Frank-Embacher-14-e1769515765737.jpg 600w\" sizes=\"(max-width: 640px) 100vw, 640px\" \/>\t\t\t\t\t\t\t\t\t\t\t\t\t\t\t<\/div>\n\t\t\t\t<\/div>\n\t\t\t\t\t<\/div>\n\t\t<\/div>\n\t\t\t\t<div class=\"elementor-column elementor-col-50 elementor-top-column elementor-element elementor-element-a343142\" data-id=\"a343142\" data-element_type=\"column\" data-e-type=\"column\">\n\t\t\t<div class=\"elementor-widget-wrap elementor-element-populated\">\n\t\t\t\t\t\t<div class=\"elementor-element elementor-element-e4da6a6 elementor-widget elementor-widget-text-editor\" data-id=\"e4da6a6\" data-element_type=\"widget\" data-e-type=\"widget\" data-widget_type=\"text-editor.default\">\n\t\t\t\t<div class=\"elementor-widget-container\">\n\t\t\t\t\t\t\t\t\t<blockquote><p data-start=\"959\" data-end=\"1241\">\u201cLa idea es que el p\u00fablico sienta que est\u00e1 en una rave o subido a una monta\u00f1a rusa. Cada show es un viaje de descubrimiento. El mayor reto es dejar atr\u00e1s el status quo y crear algo nuevo\u201d, explica el propio Zimmer, dejando clara la filosof\u00eda que impulsa esta nueva etapa en directo.<\/p><\/blockquote>\t\t\t\t\t\t\t\t<\/div>\n\t\t\t\t<\/div>\n\t\t\t\t\t<\/div>\n\t\t<\/div>\n\t\t\t\t\t<\/div>\n\t\t<\/section>\n\t\t\t\t<section class=\"elementor-section elementor-top-section elementor-element elementor-element-da7fa04 elementor-section-boxed elementor-section-height-default elementor-section-height-default\" data-id=\"da7fa04\" data-element_type=\"section\" data-e-type=\"section\">\n\t\t\t\t\t\t<div class=\"elementor-container elementor-column-gap-default\">\n\t\t\t\t\t<div class=\"elementor-column elementor-col-100 elementor-top-column elementor-element elementor-element-29acffb\" data-id=\"29acffb\" data-element_type=\"column\" data-e-type=\"column\">\n\t\t\t<div class=\"elementor-widget-wrap elementor-element-populated\">\n\t\t\t\t\t\t<div class=\"elementor-element elementor-element-9d4d89d elementor-widget elementor-widget-text-editor\" data-id=\"9d4d89d\" data-element_type=\"widget\" data-e-type=\"widget\" data-widget_type=\"text-editor.default\">\n\t\t\t\t<div class=\"elementor-widget-container\">\n\t\t\t\t\t\t\t\t\t<p data-start=\"1243\" data-end=\"1644\">Tras arrasar en Europa hasta finales de 2025, la gira continuar\u00e1 entre <strong data-start=\"1314\" data-end=\"1341\">febrero y abril de 2026<\/strong>, visitando <strong data-start=\"1353\" data-end=\"1366\">17 pa\u00edses<\/strong> y algunos de los recintos m\u00e1s grandes del continente. En Espa\u00f1a, <strong data-start=\"1432\" data-end=\"1452\">Hans Zimmer Live<\/strong> pasar\u00e1 por <strong data-start=\"1464\" data-end=\"1504\">Valencia (Roig Arena) el 26 de marzo<\/strong>, <strong data-start=\"1506\" data-end=\"1553\">Barcelona (Palau Sant Jordi) el 27 de marzo<\/strong> y <strong data-start=\"1556\" data-end=\"1605\">Madrid (WiZink Center) el 29 de marzo de 2026<\/strong>, con <strong data-start=\"1611\" data-end=\"1643\">todas las fechas ya agotadas<\/strong>.<\/p><p data-start=\"1646\" data-end=\"1976\" data-is-last-node=\"\" data-is-only-node=\"\">Considerado uno de los <strong data-start=\"1669\" data-end=\"1706\">imprescindibles musicales de 2026<\/strong>, <em data-start=\"1708\" data-end=\"1724\">The Next Level<\/em> confirma a Hans Zimmer como una figura clave en la reinvenci\u00f3n del directo contempor\u00e1neo. Las \u00faltimas entradas disponibles para otras ciudades europeas pueden encontrarse en <strong data-start=\"1899\" data-end=\"1925\"><a class=\"decorated-link\" href=\"http:\/\/www.hanszimmerlive.com\" target=\"_new\" rel=\"noopener\" data-start=\"1901\" data-end=\"1923\">www.hanszimmerlive.com<\/a><\/strong>, aunque la mayor\u00eda de fechas ya rozan el sold out.<\/p>\t\t\t\t\t\t\t\t<\/div>\n\t\t\t\t<\/div>\n\t\t\t\t\t<\/div>\n\t\t<\/div>\n\t\t\t\t\t<\/div>\n\t\t<\/section>\n\t\t\t\t<\/div>","protected":false},"excerpt":{"rendered":"<p>Valencia, Barcelona y Madrid acoger\u00e1n el nuevo y revolucionario show en directo del compositor Hans Zimmer Hans Zimmer Live: The Next Level aterriza en Espa\u00f1a en marzo de 2026 como parte de su nueva gira mundial, un espect\u00e1culo con el que el legendario compositor vuelve a elevar el concepto de m\u00fasica en directo. El artista, [&hellip;]<\/p>\n","protected":false},"author":6,"featured_media":7167,"comment_status":"closed","ping_status":"closed","sticky":false,"template":"","format":"standard","meta":{"footnotes":""},"categories":[4],"tags":[],"class_list":["post-7165","post","type-post","status-publish","format-standard","has-post-thumbnail","hentry","category-musica"],"yoast_head":"<!-- This site is optimized with the Yoast SEO plugin v27.4 - https:\/\/yoast.com\/product\/yoast-seo-wordpress\/ -->\n<title>Hans Zimmer llega a Espa\u00f1a con The Next Level en 2026<\/title>\n<meta name=\"description\" content=\"Valencia, Barcelona y Madrid acoger\u00e1n el nuevo y revolucionario show en directo del compositor Hans Zimmer\" \/>\n<meta name=\"robots\" content=\"index, follow, max-snippet:-1, max-image-preview:large, max-video-preview:-1\" \/>\n<link rel=\"canonical\" href=\"https:\/\/unaymilletras.com\/en\/hans-zimmer-llega-a-espana-con-the-next-level-en-2026\/\" \/>\n<meta property=\"og:locale\" content=\"en_GB\" \/>\n<meta property=\"og:type\" content=\"article\" \/>\n<meta property=\"og:title\" content=\"Hans Zimmer llega a Espa\u00f1a con The Next Level en 2026\" \/>\n<meta property=\"og:description\" content=\"Valencia, Barcelona y Madrid acoger\u00e1n el nuevo y revolucionario show en directo del compositor Hans Zimmer\" \/>\n<meta property=\"og:url\" content=\"https:\/\/unaymilletras.com\/en\/hans-zimmer-llega-a-espana-con-the-next-level-en-2026\/\" \/>\n<meta property=\"og:site_name\" content=\"Una y Mil Letras\" \/>\n<meta property=\"article:published_time\" content=\"2026-01-27T17:00:00+00:00\" \/>\n<meta property=\"og:image\" content=\"https:\/\/unaymilletras.com\/wp-content\/uploads\/2026\/01\/HZLive_2024_credit_RCIGlobal_SemmelConcerts_Frank-Embacher-14-e1769515765737.jpg\" \/>\n\t<meta property=\"og:image:width\" content=\"600\" \/>\n\t<meta property=\"og:image:height\" content=\"400\" \/>\n\t<meta property=\"og:image:type\" content=\"image\/jpeg\" \/>\n<meta name=\"author\" content=\"Redacci\u00f3n\" \/>\n<meta name=\"twitter:card\" content=\"summary_large_image\" \/>\n<meta name=\"twitter:creator\" content=\"@UnaYMilLetras\" \/>\n<meta name=\"twitter:site\" content=\"@UnaYMilLetras\" \/>\n<meta name=\"twitter:label1\" content=\"Written by\" \/>\n\t<meta name=\"twitter:data1\" content=\"Redacci\u00f3n\" \/>\n\t<meta name=\"twitter:label2\" content=\"Estimated reading time\" \/>\n\t<meta name=\"twitter:data2\" content=\"2 minutes\" \/>\n<script type=\"application\/ld+json\" class=\"yoast-schema-graph\">{\"@context\":\"https:\\\/\\\/schema.org\",\"@graph\":[{\"@type\":\"Article\",\"@id\":\"https:\\\/\\\/unaymilletras.com\\\/hans-zimmer-llega-a-espana-con-the-next-level-en-2026\\\/#article\",\"isPartOf\":{\"@id\":\"https:\\\/\\\/unaymilletras.com\\\/hans-zimmer-llega-a-espana-con-the-next-level-en-2026\\\/\"},\"author\":{\"name\":\"Redacci\u00f3n\",\"@id\":\"http:\\\/\\\/unaymilletras.com\\\/#\\\/schema\\\/person\\\/0860dc8a218329991ee2c7591f4f849d\"},\"headline\":\"Hans Zimmer llega a Espa\u00f1a con The Next Level en 2026\",\"datePublished\":\"2026-01-27T17:00:00+00:00\",\"mainEntityOfPage\":{\"@id\":\"https:\\\/\\\/unaymilletras.com\\\/hans-zimmer-llega-a-espana-con-the-next-level-en-2026\\\/\"},\"wordCount\":334,\"publisher\":{\"@id\":\"http:\\\/\\\/unaymilletras.com\\\/#organization\"},\"image\":{\"@id\":\"https:\\\/\\\/unaymilletras.com\\\/hans-zimmer-llega-a-espana-con-the-next-level-en-2026\\\/#primaryimage\"},\"thumbnailUrl\":\"https:\\\/\\\/unaymilletras.com\\\/wp-content\\\/uploads\\\/2026\\\/01\\\/HZLive_2024_credit_RCIGlobal_SemmelConcerts_Frank-Embacher-14-e1769515765737.jpg\",\"articleSection\":[\"M\u00fasica\"],\"inLanguage\":\"en-GB\"},{\"@type\":\"WebPage\",\"@id\":\"https:\\\/\\\/unaymilletras.com\\\/hans-zimmer-llega-a-espana-con-the-next-level-en-2026\\\/\",\"url\":\"https:\\\/\\\/unaymilletras.com\\\/hans-zimmer-llega-a-espana-con-the-next-level-en-2026\\\/\",\"name\":\"Hans Zimmer llega a Espa\u00f1a con The Next Level en 2026\",\"isPartOf\":{\"@id\":\"http:\\\/\\\/unaymilletras.com\\\/#website\"},\"primaryImageOfPage\":{\"@id\":\"https:\\\/\\\/unaymilletras.com\\\/hans-zimmer-llega-a-espana-con-the-next-level-en-2026\\\/#primaryimage\"},\"image\":{\"@id\":\"https:\\\/\\\/unaymilletras.com\\\/hans-zimmer-llega-a-espana-con-the-next-level-en-2026\\\/#primaryimage\"},\"thumbnailUrl\":\"https:\\\/\\\/unaymilletras.com\\\/wp-content\\\/uploads\\\/2026\\\/01\\\/HZLive_2024_credit_RCIGlobal_SemmelConcerts_Frank-Embacher-14-e1769515765737.jpg\",\"datePublished\":\"2026-01-27T17:00:00+00:00\",\"description\":\"Valencia, Barcelona y Madrid acoger\u00e1n el nuevo y revolucionario show en directo del compositor Hans Zimmer\",\"breadcrumb\":{\"@id\":\"https:\\\/\\\/unaymilletras.com\\\/hans-zimmer-llega-a-espana-con-the-next-level-en-2026\\\/#breadcrumb\"},\"inLanguage\":\"en-GB\",\"potentialAction\":[{\"@type\":\"ReadAction\",\"target\":[\"https:\\\/\\\/unaymilletras.com\\\/hans-zimmer-llega-a-espana-con-the-next-level-en-2026\\\/\"]}]},{\"@type\":\"ImageObject\",\"inLanguage\":\"en-GB\",\"@id\":\"https:\\\/\\\/unaymilletras.com\\\/hans-zimmer-llega-a-espana-con-the-next-level-en-2026\\\/#primaryimage\",\"url\":\"https:\\\/\\\/unaymilletras.com\\\/wp-content\\\/uploads\\\/2026\\\/01\\\/HZLive_2024_credit_RCIGlobal_SemmelConcerts_Frank-Embacher-14-e1769515765737.jpg\",\"contentUrl\":\"https:\\\/\\\/unaymilletras.com\\\/wp-content\\\/uploads\\\/2026\\\/01\\\/HZLive_2024_credit_RCIGlobal_SemmelConcerts_Frank-Embacher-14-e1769515765737.jpg\",\"width\":600,\"height\":400,\"caption\":\"Hans Zimmer\"},{\"@type\":\"BreadcrumbList\",\"@id\":\"https:\\\/\\\/unaymilletras.com\\\/hans-zimmer-llega-a-espana-con-the-next-level-en-2026\\\/#breadcrumb\",\"itemListElement\":[{\"@type\":\"ListItem\",\"position\":1,\"name\":\"Home\",\"item\":\"http:\\\/\\\/unaymilletras.com\\\/\"},{\"@type\":\"ListItem\",\"position\":2,\"name\":\"Hans Zimmer llega a Espa\u00f1a con The Next Level en 2026\"}]},{\"@type\":\"WebSite\",\"@id\":\"http:\\\/\\\/unaymilletras.com\\\/#website\",\"url\":\"http:\\\/\\\/unaymilletras.com\\\/\",\"name\":\"Una y Mil Letras\",\"description\":\"\",\"publisher\":{\"@id\":\"http:\\\/\\\/unaymilletras.com\\\/#organization\"},\"potentialAction\":[{\"@type\":\"SearchAction\",\"target\":{\"@type\":\"EntryPoint\",\"urlTemplate\":\"http:\\\/\\\/unaymilletras.com\\\/?s={search_term_string}\"},\"query-input\":{\"@type\":\"PropertyValueSpecification\",\"valueRequired\":true,\"valueName\":\"search_term_string\"}}],\"inLanguage\":\"en-GB\"},{\"@type\":\"Organization\",\"@id\":\"http:\\\/\\\/unaymilletras.com\\\/#organization\",\"name\":\"Una y Mil Letras\",\"url\":\"http:\\\/\\\/unaymilletras.com\\\/\",\"logo\":{\"@type\":\"ImageObject\",\"inLanguage\":\"en-GB\",\"@id\":\"http:\\\/\\\/unaymilletras.com\\\/#\\\/schema\\\/logo\\\/image\\\/\",\"url\":\"https:\\\/\\\/unaymilletras.com\\\/wp-content\\\/uploads\\\/2024\\\/06\\\/cropped-Logo-removebg-preview.png\",\"contentUrl\":\"https:\\\/\\\/unaymilletras.com\\\/wp-content\\\/uploads\\\/2024\\\/06\\\/cropped-Logo-removebg-preview.png\",\"width\":512,\"height\":512,\"caption\":\"Una y Mil Letras\"},\"image\":{\"@id\":\"http:\\\/\\\/unaymilletras.com\\\/#\\\/schema\\\/logo\\\/image\\\/\"},\"sameAs\":[\"https:\\\/\\\/x.com\\\/UnaYMilLetras\",\"https:\\\/\\\/instagram.com\\\/UnaYMilLetras\"]},{\"@type\":\"Person\",\"@id\":\"http:\\\/\\\/unaymilletras.com\\\/#\\\/schema\\\/person\\\/0860dc8a218329991ee2c7591f4f849d\",\"name\":\"Redacci\u00f3n\",\"image\":{\"@type\":\"ImageObject\",\"inLanguage\":\"en-GB\",\"@id\":\"https:\\\/\\\/secure.gravatar.com\\\/avatar\\\/d8f55e05a8b6597e45c55a1dcbdbfe44f4a360d88b48e00de5216a79b7732796?s=96&d=mm&r=g\",\"url\":\"https:\\\/\\\/secure.gravatar.com\\\/avatar\\\/d8f55e05a8b6597e45c55a1dcbdbfe44f4a360d88b48e00de5216a79b7732796?s=96&d=mm&r=g\",\"contentUrl\":\"https:\\\/\\\/secure.gravatar.com\\\/avatar\\\/d8f55e05a8b6597e45c55a1dcbdbfe44f4a360d88b48e00de5216a79b7732796?s=96&d=mm&r=g\",\"caption\":\"Redacci\u00f3n\"},\"url\":\"https:\\\/\\\/unaymilletras.com\\\/en\\\/author\\\/redaccion\\\/\"}]}<\/script>\n<!-- \/ Yoast SEO plugin. -->","yoast_head_json":{"title":"Hans Zimmer llega a Espa\u00f1a con The Next Level en 2026","description":"Valencia, Barcelona y Madrid acoger\u00e1n el nuevo y revolucionario show en directo del compositor Hans Zimmer","robots":{"index":"index","follow":"follow","max-snippet":"max-snippet:-1","max-image-preview":"max-image-preview:large","max-video-preview":"max-video-preview:-1"},"canonical":"https:\/\/unaymilletras.com\/en\/hans-zimmer-llega-a-espana-con-the-next-level-en-2026\/","og_locale":"en_GB","og_type":"article","og_title":"Hans Zimmer llega a Espa\u00f1a con The Next Level en 2026","og_description":"Valencia, Barcelona y Madrid acoger\u00e1n el nuevo y revolucionario show en directo del compositor Hans Zimmer","og_url":"https:\/\/unaymilletras.com\/en\/hans-zimmer-llega-a-espana-con-the-next-level-en-2026\/","og_site_name":"Una y Mil Letras","article_published_time":"2026-01-27T17:00:00+00:00","og_image":[{"width":600,"height":400,"url":"https:\/\/unaymilletras.com\/wp-content\/uploads\/2026\/01\/HZLive_2024_credit_RCIGlobal_SemmelConcerts_Frank-Embacher-14-e1769515765737.jpg","type":"image\/jpeg"}],"author":"Redacci\u00f3n","twitter_card":"summary_large_image","twitter_creator":"@UnaYMilLetras","twitter_site":"@UnaYMilLetras","twitter_misc":{"Written by":"Redacci\u00f3n","Estimated reading time":"2 minutes"},"schema":{"@context":"https:\/\/schema.org","@graph":[{"@type":"Article","@id":"https:\/\/unaymilletras.com\/hans-zimmer-llega-a-espana-con-the-next-level-en-2026\/#article","isPartOf":{"@id":"https:\/\/unaymilletras.com\/hans-zimmer-llega-a-espana-con-the-next-level-en-2026\/"},"author":{"name":"Redacci\u00f3n","@id":"http:\/\/unaymilletras.com\/#\/schema\/person\/0860dc8a218329991ee2c7591f4f849d"},"headline":"Hans Zimmer llega a Espa\u00f1a con The Next Level en 2026","datePublished":"2026-01-27T17:00:00+00:00","mainEntityOfPage":{"@id":"https:\/\/unaymilletras.com\/hans-zimmer-llega-a-espana-con-the-next-level-en-2026\/"},"wordCount":334,"publisher":{"@id":"http:\/\/unaymilletras.com\/#organization"},"image":{"@id":"https:\/\/unaymilletras.com\/hans-zimmer-llega-a-espana-con-the-next-level-en-2026\/#primaryimage"},"thumbnailUrl":"https:\/\/unaymilletras.com\/wp-content\/uploads\/2026\/01\/HZLive_2024_credit_RCIGlobal_SemmelConcerts_Frank-Embacher-14-e1769515765737.jpg","articleSection":["M\u00fasica"],"inLanguage":"en-GB"},{"@type":"WebPage","@id":"https:\/\/unaymilletras.com\/hans-zimmer-llega-a-espana-con-the-next-level-en-2026\/","url":"https:\/\/unaymilletras.com\/hans-zimmer-llega-a-espana-con-the-next-level-en-2026\/","name":"Hans Zimmer llega a Espa\u00f1a con The Next Level en 2026","isPartOf":{"@id":"http:\/\/unaymilletras.com\/#website"},"primaryImageOfPage":{"@id":"https:\/\/unaymilletras.com\/hans-zimmer-llega-a-espana-con-the-next-level-en-2026\/#primaryimage"},"image":{"@id":"https:\/\/unaymilletras.com\/hans-zimmer-llega-a-espana-con-the-next-level-en-2026\/#primaryimage"},"thumbnailUrl":"https:\/\/unaymilletras.com\/wp-content\/uploads\/2026\/01\/HZLive_2024_credit_RCIGlobal_SemmelConcerts_Frank-Embacher-14-e1769515765737.jpg","datePublished":"2026-01-27T17:00:00+00:00","description":"Valencia, Barcelona y Madrid acoger\u00e1n el nuevo y revolucionario show en directo del compositor Hans Zimmer","breadcrumb":{"@id":"https:\/\/unaymilletras.com\/hans-zimmer-llega-a-espana-con-the-next-level-en-2026\/#breadcrumb"},"inLanguage":"en-GB","potentialAction":[{"@type":"ReadAction","target":["https:\/\/unaymilletras.com\/hans-zimmer-llega-a-espana-con-the-next-level-en-2026\/"]}]},{"@type":"ImageObject","inLanguage":"en-GB","@id":"https:\/\/unaymilletras.com\/hans-zimmer-llega-a-espana-con-the-next-level-en-2026\/#primaryimage","url":"https:\/\/unaymilletras.com\/wp-content\/uploads\/2026\/01\/HZLive_2024_credit_RCIGlobal_SemmelConcerts_Frank-Embacher-14-e1769515765737.jpg","contentUrl":"https:\/\/unaymilletras.com\/wp-content\/uploads\/2026\/01\/HZLive_2024_credit_RCIGlobal_SemmelConcerts_Frank-Embacher-14-e1769515765737.jpg","width":600,"height":400,"caption":"Hans Zimmer"},{"@type":"BreadcrumbList","@id":"https:\/\/unaymilletras.com\/hans-zimmer-llega-a-espana-con-the-next-level-en-2026\/#breadcrumb","itemListElement":[{"@type":"ListItem","position":1,"name":"Home","item":"http:\/\/unaymilletras.com\/"},{"@type":"ListItem","position":2,"name":"Hans Zimmer llega a Espa\u00f1a con The Next Level en 2026"}]},{"@type":"WebSite","@id":"http:\/\/unaymilletras.com\/#website","url":"http:\/\/unaymilletras.com\/","name":"Una y Mil Letras","description":"","publisher":{"@id":"http:\/\/unaymilletras.com\/#organization"},"potentialAction":[{"@type":"SearchAction","target":{"@type":"EntryPoint","urlTemplate":"http:\/\/unaymilletras.com\/?s={search_term_string}"},"query-input":{"@type":"PropertyValueSpecification","valueRequired":true,"valueName":"search_term_string"}}],"inLanguage":"en-GB"},{"@type":"Organization","@id":"http:\/\/unaymilletras.com\/#organization","name":"Una y Mil Letras","url":"http:\/\/unaymilletras.com\/","logo":{"@type":"ImageObject","inLanguage":"en-GB","@id":"http:\/\/unaymilletras.com\/#\/schema\/logo\/image\/","url":"https:\/\/unaymilletras.com\/wp-content\/uploads\/2024\/06\/cropped-Logo-removebg-preview.png","contentUrl":"https:\/\/unaymilletras.com\/wp-content\/uploads\/2024\/06\/cropped-Logo-removebg-preview.png","width":512,"height":512,"caption":"Una y Mil Letras"},"image":{"@id":"http:\/\/unaymilletras.com\/#\/schema\/logo\/image\/"},"sameAs":["https:\/\/x.com\/UnaYMilLetras","https:\/\/instagram.com\/UnaYMilLetras"]},{"@type":"Person","@id":"http:\/\/unaymilletras.com\/#\/schema\/person\/0860dc8a218329991ee2c7591f4f849d","name":"Redacci\u00f3n","image":{"@type":"ImageObject","inLanguage":"en-GB","@id":"https:\/\/secure.gravatar.com\/avatar\/d8f55e05a8b6597e45c55a1dcbdbfe44f4a360d88b48e00de5216a79b7732796?s=96&d=mm&r=g","url":"https:\/\/secure.gravatar.com\/avatar\/d8f55e05a8b6597e45c55a1dcbdbfe44f4a360d88b48e00de5216a79b7732796?s=96&d=mm&r=g","contentUrl":"https:\/\/secure.gravatar.com\/avatar\/d8f55e05a8b6597e45c55a1dcbdbfe44f4a360d88b48e00de5216a79b7732796?s=96&d=mm&r=g","caption":"Redacci\u00f3n"},"url":"https:\/\/unaymilletras.com\/en\/author\/redaccion\/"}]}},"_links":{"self":[{"href":"https:\/\/unaymilletras.com\/en\/wp-json\/wp\/v2\/posts\/7165","targetHints":{"allow":["GET"]}}],"collection":[{"href":"https:\/\/unaymilletras.com\/en\/wp-json\/wp\/v2\/posts"}],"about":[{"href":"https:\/\/unaymilletras.com\/en\/wp-json\/wp\/v2\/types\/post"}],"author":[{"embeddable":true,"href":"https:\/\/unaymilletras.com\/en\/wp-json\/wp\/v2\/users\/6"}],"replies":[{"embeddable":true,"href":"https:\/\/unaymilletras.com\/en\/wp-json\/wp\/v2\/comments?post=7165"}],"version-history":[{"count":4,"href":"https:\/\/unaymilletras.com\/en\/wp-json\/wp\/v2\/posts\/7165\/revisions"}],"predecessor-version":[{"id":7170,"href":"https:\/\/unaymilletras.com\/en\/wp-json\/wp\/v2\/posts\/7165\/revisions\/7170"}],"wp:featuredmedia":[{"embeddable":true,"href":"https:\/\/unaymilletras.com\/en\/wp-json\/wp\/v2\/media\/7167"}],"wp:attachment":[{"href":"https:\/\/unaymilletras.com\/en\/wp-json\/wp\/v2\/media?parent=7165"}],"wp:term":[{"taxonomy":"category","embeddable":true,"href":"https:\/\/unaymilletras.com\/en\/wp-json\/wp\/v2\/categories?post=7165"},{"taxonomy":"post_tag","embeddable":true,"href":"https:\/\/unaymilletras.com\/en\/wp-json\/wp\/v2\/tags?post=7165"}],"curies":[{"name":"wp","href":"https:\/\/api.w.org\/{rel}","templated":true}]}}