{"id":7172,"date":"2026-01-29T17:51:56","date_gmt":"2026-01-29T16:51:56","guid":{"rendered":"https:\/\/unaymilletras.com\/?p=7172"},"modified":"2026-01-29T17:51:57","modified_gmt":"2026-01-29T16:51:57","slug":"nico-miseria-desde-siempre-supe-que-queria-vivir-por-y-para-la-musica","status":"publish","type":"post","link":"https:\/\/unaymilletras.com\/en\/nico-miseria-desde-siempre-supe-que-queria-vivir-por-y-para-la-musica\/","title":{"rendered":"Nico Miseria: \u00abDesde siempre supe que quer\u00eda vivir por y para la m\u00fasica\u00bb"},"content":{"rendered":"<div data-elementor-type=\"wp-post\" data-elementor-id=\"7172\" class=\"elementor elementor-7172\">\n\t\t\t\t\t\t<section class=\"elementor-section elementor-top-section elementor-element elementor-element-f36452a elementor-section-boxed elementor-section-height-default elementor-section-height-default\" data-id=\"f36452a\" data-element_type=\"section\" data-e-type=\"section\">\n\t\t\t\t\t\t<div class=\"elementor-container elementor-column-gap-default\">\n\t\t\t\t\t<div class=\"elementor-column elementor-col-100 elementor-top-column elementor-element elementor-element-83098d0\" data-id=\"83098d0\" data-element_type=\"column\" data-e-type=\"column\">\n\t\t\t<div class=\"elementor-widget-wrap elementor-element-populated\">\n\t\t\t\t\t\t<div class=\"elementor-element elementor-element-03c985b elementor-widget elementor-widget-heading\" data-id=\"03c985b\" data-element_type=\"widget\" data-e-type=\"widget\" data-widget_type=\"heading.default\">\n\t\t\t\t<div class=\"elementor-widget-container\">\n\t\t\t\t\t<h2 class=\"elementor-heading-title elementor-size-default\">Nico Miseria arranca su gira por varias ciudades<\/h2>\t\t\t\t<\/div>\n\t\t\t\t<\/div>\n\t\t\t\t\t<\/div>\n\t\t<\/div>\n\t\t\t\t\t<\/div>\n\t\t<\/section>\n\t\t\t\t<section class=\"elementor-section elementor-top-section elementor-element elementor-element-78570be9 elementor-section-boxed elementor-section-height-default elementor-section-height-default\" data-id=\"78570be9\" data-element_type=\"section\" data-e-type=\"section\">\n\t\t\t\t\t\t<div class=\"elementor-container elementor-column-gap-default\">\n\t\t\t\t\t<div class=\"elementor-column elementor-col-100 elementor-top-column elementor-element elementor-element-3706a993\" data-id=\"3706a993\" data-element_type=\"column\" data-e-type=\"column\">\n\t\t\t<div class=\"elementor-widget-wrap elementor-element-populated\">\n\t\t\t\t\t\t<div class=\"elementor-element elementor-element-5c5ed476 elementor-widget elementor-widget-text-editor\" data-id=\"5c5ed476\" data-element_type=\"widget\" data-e-type=\"widget\" data-widget_type=\"text-editor.default\">\n\t\t\t\t<div class=\"elementor-widget-container\">\n\t\t\t\t\t\t\t\t\t\n<p>Desde Almansa, un peque\u00f1o pueblo de Castilla-La Mancha, surge el proyecto musical de Nico Miseria, un universo en el que hay espacio para todo: rap, poes\u00eda, producci\u00f3n\u2026 todo depende de qui\u00e9n lo escuche. Lo que no cambia es la honestidad, que est\u00e1 en el coraz\u00f3n de su trayectoria, de su mundo interior, de sus emociones y de cada una de sus canciones.<\/p>\n\n\n\n<p>Con su \u00faltimo proyecto, <em>EL CORAZ\u00d3N MANDA<\/em>, Nico vuelve a demostrar que no se conforma con caminos establecidos. El \u00e1lbum es largo, intenso y est\u00e1 lleno de colaboraciones con artistas emergentes. Ahora, mientras prepara sus conciertos por distintas ciudades y nos abre una ventana a su proceso creativo. <\/p>\n\n\n\n<p><em><strong>Nico Miseria \u2014el proyecto musical de Nicol\u00e1s Monreal Garc\u00eda\u2014 es compositor, productor, int\u00e9rprete y poeta urbano.<\/strong> <strong>Pero, \u00bfqui\u00e9n es de verdad Nico Miseria?<\/strong><\/em><\/p>\n\n\n\n<p>No me gusta definirme, porque existe el riesgo de encasillarte y dejar de ser quien realmente eres. Soy un chico que creci\u00f3 en Almansa, un pueblo de Castilla-La Mancha, y desde siempre supe que quer\u00eda vivir por y para la m\u00fasica. <\/p>\n\n\n\n<p><strong><em>Podr\u00edamos definir tu trabajo como rap\u2026 o quiz\u00e1 como poes\u00eda. \u00bfC\u00f3mo clasificar\u00edas tu propia m\u00fasica?<\/em><\/strong><\/p>\n\n\n\n<p>Como dec\u00eda, no me gusta definirme ni poner etiquetas a lo que hago. Me considero un creador: alguien que cree y que crea. Me gusta pensar que mi m\u00fasica puede ser algo distinto para cada persona. Para algunos ser\u00e9 rapero; para otros, poeta; y para otros, productor.<\/p>\n\n\n\n<p><strong><em>Tus canciones dejan de ser solo tuyas en el momento en que la gente las escucha. \u00bfHay partes de ti que solo han salido a la luz gracias al acto de crear?<\/em><\/strong><\/p>\n\n\n\n<p>S\u00ed, totalmente. Escribir es, a veces, la \u00fanica manera de dar salida a ciertas cosas; ni siquiera sabes que estaban ah\u00ed hasta que, de forma subconsciente, las expresas en voz alta.<\/p>\n\n\n\n<figure class=\"wp-block-embed is-type-rich is-provider-spotify wp-block-embed-spotify wp-embed-aspect-21-9 wp-has-aspect-ratio\"><div class=\"wp-block-embed__wrapper\">\n<iframe title=\"Spotify Embed: EL CORAZ\u00d3N MANDA\" style=\"border-radius: 12px\" width=\"100%\" height=\"352\" frameborder=\"0\" allowfullscreen allow=\"autoplay; clipboard-write; encrypted-media; fullscreen; picture-in-picture\" loading=\"lazy\" src=\"https:\/\/open.spotify.com\/embed\/album\/2am6bidvxhxkCd2iHwjR3V?si=iBlh8bvkRbC2m_TDS4NRlw&amp;utm_source=oembed\"><\/iframe>\n<\/div><\/figure>\n\n\n\n<p><strong><em>El pasado mes de octubre lanzaste un disco nuevo. \u00bfC\u00f3mo est\u00e1 siendo la acogida del p\u00fablico?<\/em><\/strong><\/p>\n\n\n\n<p>Muy bien, estoy muy contento. Doy gracias por tener gente fiel que siempre trata de conectar con lo que hago, entenderlo y sentirlo.<\/p>\n\n\n\n<p><strong><em>El \u00e1lbum lleva por t\u00edtulo EL CORAZ\u00d3N MANDA. \u00bfSientes que las canciones de este proyecto han sido \u201ccorazonadas\u201d?<\/em><\/strong><\/p>\n\n\n\n<p>Bueno, siempre lo son, supongo que s\u00ed. El cerebro solo procesa y pule las cosas despu\u00e9s; el coraz\u00f3n es quien decide qu\u00e9 se hace.<\/p>\n\n\n\n<p><strong><em>Es tu proyecto m\u00e1s largo hasta la fecha. \u00bfQu\u00e9 te llev\u00f3 a crear un proyecto tan extenso?<\/em><\/strong><\/p>\n\n\n\n<p>Nunca me importa la duraci\u00f3n. Dura lo que siento que debe durar, ni m\u00e1s ni menos. Nunca pienso en si es demasiado o muy poco; es lo que debe ser por su propia naturaleza.<\/p>\n\n\n\n<p><strong><em>Los invitados no faltan, y el contar con artistas emergentes est\u00e1 muy presente en tu proyecto, con nombres como Alba Calva. \u00bfSientes que tienes que darle un espacio a los artistas m\u00e1s peque\u00f1os al tener esa oportunidad en tu mano?<\/em><\/strong><\/p>\n\n\n\n<p>S\u00ed, creo que ahora es mi momento de d\u00e1rsela a quienes se la merecen y saben aprovecharla. La poca repercusi\u00f3n que tengo no me importa compartirla. Alba, en este caso, me ha salvado y me ha devuelto la ilusi\u00f3n por la m\u00fasica; le debo mucho, yo tambi\u00e9n a ella.<\/p>\n\n\n\n<p><strong><em>En \u201cTodo lo que puedas pagar con dinero es barato\u201d, una de las canciones del \u00e1lbum, dices \u2018el respeto nadie te lo regala\u2019. \u00bfC\u00f3mo ha sido el proceso de llegar a este punto en la industria? \u00bfHa sido un camino dif\u00edcil partiendo de Almansa?<\/em><\/strong><\/p>\n\n\n\n<p>Mucho. No podr\u00eda expresarlo en estas pocas l\u00edneas: todo lo que he sacrificado merece la pena cada d\u00eda. Ni las veces que he pensado en rendirme, pero tanto tiempo pele\u00e1ndolo tambi\u00e9n me ha hecho fuerte, y siempre vuelvo a levantarme. Aunque, la verdad, tampoco s\u00e9 bien en qu\u00e9 punto de la industria estoy.<\/p>\n\n\n\n<h2 class=\"wp-block-heading\">Gira 2026: \u00abNo es a pesar de&#8230; sino precisamente por ello\u00bb<\/h2>\n\n\n\n<p><strong><em>El \u00e1lbum ahora se sube al escenario de distintas ciudades. \u00bfQu\u00e9 esperas que la gente se lleve de cada show?<\/em><\/strong><\/p>\n\n\n\n<p>Creo que hay que venir a emocionarse y a sentir lo que tengas que sentir. Hay muchas sorpresas, y cada bolo es \u00fanico.<\/p>\n\n\n\n<p><strong><em>Las primeras fechas son en Andaluc\u00eda: Granada (12 de febrero) y Sevilla (13 de febrero). Vuelves despu\u00e9s de cuatro a\u00f1os, llevas a Allan Parrish y, en tus redes sociales, dices que tienes muchas cosas que ense\u00f1ar. \u00bfQu\u00e9 pueden esperar tus seguidores de esas noches?<\/em><\/strong><\/p>\n\n\n\n<p>A un humilde chico de Almansa que recitar\u00e1 y cantar\u00e1 durante un rato, si ellxs me lo permiten y me dan la bendici\u00f3n de escucharme con el coraz\u00f3n. Como digo en cada show, habr\u00e1 sorpresas diferentes; ninguna experiencia se repite exactamente igual dos veces.<\/p>\n\n\n\n<figure class=\"wp-block-image size-large\"><img fetchpriority=\"high\" decoding=\"async\" width=\"819\" height=\"1024\" src=\"https:\/\/unaymilletras.com\/wp-content\/uploads\/2026\/01\/image-819x1024.png\" alt=\"\" class=\"wp-image-7173\" \/><figcaption class=\"wp-element-caption\">Fuente: Polar Agency<\/figcaption><\/figure>\n\n\n\n<p><strong><em>Tras este tiempo y estos cambios, \u00bfc\u00f3mo sientes que ha evolucionado tu relaci\u00f3n con el p\u00fablico?<\/em><\/strong><\/p>\n\n\n\n<p>Supongo que siempre ha sido la misma, pero gracias a Dios cada vez viene m\u00e1s gente. Intento ser cercano siempre; es el momento en que todos podemos comprobar que somos mucho m\u00e1s parecidos de lo que nos atrevemos a reconocer desde la distancia que pone Internet.<\/p>\n\n\n\n<p><strong><em>Y mirando hacia el futuro, despu\u00e9s de un proyecto tan ambicioso y de esta gira intensa, \u00bfqu\u00e9 nuevos caminos creativos te gustar\u00eda explorar en los pr\u00f3ximos a\u00f1os?<\/em><\/strong><\/p>\n\n\n\n<p>Es un secreto, pero siempre me gusta intentar cosas nuevas. Esperen lo peor y acertar\u00e1n. Adem\u00e1s, he vuelto bastante a mi faceta como productor en proyectos de otros artistas; ya han salido algunos como <em>EL INTERIORISTA<\/em> de Bejito y alg\u00fan tema con Faenna, Beefsoup, Galera y The Pausing, y seguir\u00e1n saliendo muchos m\u00e1s.<\/p>\n\t\t\t\t\t\t\t\t<\/div>\n\t\t\t\t<\/div>\n\t\t\t\t\t<\/div>\n\t\t<\/div>\n\t\t\t\t\t<\/div>\n\t\t<\/section>\n\t\t\t\t<\/div>","protected":false},"excerpt":{"rendered":"<p>Nico Miseria arranca su gira por varias ciudades Desde Almansa, un peque\u00f1o pueblo de Castilla-La Mancha, surge el proyecto musical de Nico Miseria, un universo en el que hay espacio para todo: rap, poes\u00eda, producci\u00f3n\u2026 todo depende de qui\u00e9n lo escuche. Lo que no cambia es la honestidad, que est\u00e1 en el coraz\u00f3n de su [&hellip;]<\/p>\n","protected":false},"author":5,"featured_media":7178,"comment_status":"closed","ping_status":"closed","sticky":false,"template":"","format":"standard","meta":{"footnotes":""},"categories":[112,4],"tags":[271,352,351],"class_list":["post-7172","post","type-post","status-publish","format-standard","has-post-thumbnail","hentry","category-entrevistas","category-musica","tag-271","tag-el-corazon-manda","tag-nico-miseria"],"yoast_head":"<!-- This site is optimized with the Yoast SEO plugin v27.5 - https:\/\/yoast.com\/product\/yoast-seo-wordpress\/ -->\n<title>Nico Miseria: &quot;Desde siempre supe que quer\u00eda vivir por y para la m\u00fasica&quot; &#8902; Una y Mil Letras<\/title>\n<meta name=\"description\" content=\"El artista de Almansa habla sobre su \u00faltimo \u00e1lbum EL CORAZ\u00d3N MANDA, su proceso creativo y la gira que arranca por varias ciudades\" \/>\n<meta name=\"robots\" content=\"index, follow, max-snippet:-1, max-image-preview:large, max-video-preview:-1\" \/>\n<link rel=\"canonical\" href=\"https:\/\/unaymilletras.com\/en\/nico-miseria-desde-siempre-supe-que-queria-vivir-por-y-para-la-musica\/\" \/>\n<meta property=\"og:locale\" content=\"en_GB\" \/>\n<meta property=\"og:type\" content=\"article\" \/>\n<meta property=\"og:title\" content=\"Nico Miseria: &quot;Desde siempre supe que quer\u00eda vivir por y para la m\u00fasica&quot; &#8902; Una y Mil Letras\" \/>\n<meta property=\"og:description\" content=\"El artista de Almansa habla sobre su \u00faltimo \u00e1lbum EL CORAZ\u00d3N MANDA, su proceso creativo y la gira que arranca por varias ciudades\" \/>\n<meta property=\"og:url\" content=\"https:\/\/unaymilletras.com\/en\/nico-miseria-desde-siempre-supe-que-queria-vivir-por-y-para-la-musica\/\" \/>\n<meta property=\"og:site_name\" content=\"Una y Mil Letras\" \/>\n<meta property=\"article:published_time\" content=\"2026-01-29T16:51:56+00:00\" \/>\n<meta property=\"article:modified_time\" content=\"2026-01-29T16:51:57+00:00\" \/>\n<meta property=\"og:image\" content=\"http:\/\/unaymilletras.com\/wp-content\/uploads\/2026\/01\/nico-miseria-1.jpg\" \/>\n\t<meta property=\"og:image:width\" content=\"1536\" \/>\n\t<meta property=\"og:image:height\" content=\"1024\" \/>\n\t<meta property=\"og:image:type\" content=\"image\/jpeg\" \/>\n<meta name=\"author\" content=\"Luc\u00eda Fandi\u00f1o\" \/>\n<meta name=\"twitter:card\" content=\"summary_large_image\" \/>\n<meta name=\"twitter:creator\" content=\"@UnaYMilLetras\" \/>\n<meta name=\"twitter:site\" content=\"@UnaYMilLetras\" \/>\n<meta name=\"twitter:label1\" content=\"Written by\" \/>\n\t<meta name=\"twitter:data1\" content=\"Luc\u00eda Fandi\u00f1o\" \/>\n\t<meta name=\"twitter:label2\" content=\"Estimated reading time\" \/>\n\t<meta name=\"twitter:data2\" content=\"5 minutes\" \/>\n<script type=\"application\/ld+json\" class=\"yoast-schema-graph\">{\"@context\":\"https:\\\/\\\/schema.org\",\"@graph\":[{\"@type\":\"Article\",\"@id\":\"https:\\\/\\\/unaymilletras.com\\\/nico-miseria-desde-siempre-supe-que-queria-vivir-por-y-para-la-musica\\\/#article\",\"isPartOf\":{\"@id\":\"https:\\\/\\\/unaymilletras.com\\\/nico-miseria-desde-siempre-supe-que-queria-vivir-por-y-para-la-musica\\\/\"},\"author\":{\"name\":\"Luc\u00eda Fandi\u00f1o\",\"@id\":\"http:\\\/\\\/unaymilletras.com\\\/#\\\/schema\\\/person\\\/047a24f09ead3f0ba2387e5df86d9336\"},\"headline\":\"Nico Miseria: \u00abDesde siempre supe que quer\u00eda vivir por y para la m\u00fasica\u00bb\",\"datePublished\":\"2026-01-29T16:51:56+00:00\",\"dateModified\":\"2026-01-29T16:51:57+00:00\",\"mainEntityOfPage\":{\"@id\":\"https:\\\/\\\/unaymilletras.com\\\/nico-miseria-desde-siempre-supe-que-queria-vivir-por-y-para-la-musica\\\/\"},\"wordCount\":1002,\"publisher\":{\"@id\":\"http:\\\/\\\/unaymilletras.com\\\/#organization\"},\"image\":{\"@id\":\"https:\\\/\\\/unaymilletras.com\\\/nico-miseria-desde-siempre-supe-que-queria-vivir-por-y-para-la-musica\\\/#primaryimage\"},\"thumbnailUrl\":\"https:\\\/\\\/unaymilletras.com\\\/wp-content\\\/uploads\\\/2026\\\/01\\\/nico-miseria-1-e1770061423164.jpg\",\"keywords\":[\"2026\",\"EL CORAZ\u00d3N MANDA\",\"Nico Miseria\"],\"articleSection\":[\"Entrevistas\",\"M\u00fasica\"],\"inLanguage\":\"en-GB\"},{\"@type\":\"WebPage\",\"@id\":\"https:\\\/\\\/unaymilletras.com\\\/nico-miseria-desde-siempre-supe-que-queria-vivir-por-y-para-la-musica\\\/\",\"url\":\"https:\\\/\\\/unaymilletras.com\\\/nico-miseria-desde-siempre-supe-que-queria-vivir-por-y-para-la-musica\\\/\",\"name\":\"Nico Miseria: \\\"Desde siempre supe que quer\u00eda vivir por y para la m\u00fasica\\\" &#8902; Una y Mil Letras\",\"isPartOf\":{\"@id\":\"http:\\\/\\\/unaymilletras.com\\\/#website\"},\"primaryImageOfPage\":{\"@id\":\"https:\\\/\\\/unaymilletras.com\\\/nico-miseria-desde-siempre-supe-que-queria-vivir-por-y-para-la-musica\\\/#primaryimage\"},\"image\":{\"@id\":\"https:\\\/\\\/unaymilletras.com\\\/nico-miseria-desde-siempre-supe-que-queria-vivir-por-y-para-la-musica\\\/#primaryimage\"},\"thumbnailUrl\":\"https:\\\/\\\/unaymilletras.com\\\/wp-content\\\/uploads\\\/2026\\\/01\\\/nico-miseria-1-e1770061423164.jpg\",\"datePublished\":\"2026-01-29T16:51:56+00:00\",\"dateModified\":\"2026-01-29T16:51:57+00:00\",\"description\":\"El artista de Almansa habla sobre su \u00faltimo \u00e1lbum EL CORAZ\u00d3N MANDA, su proceso creativo y la gira que arranca por varias ciudades\",\"breadcrumb\":{\"@id\":\"https:\\\/\\\/unaymilletras.com\\\/nico-miseria-desde-siempre-supe-que-queria-vivir-por-y-para-la-musica\\\/#breadcrumb\"},\"inLanguage\":\"en-GB\",\"potentialAction\":[{\"@type\":\"ReadAction\",\"target\":[\"https:\\\/\\\/unaymilletras.com\\\/nico-miseria-desde-siempre-supe-que-queria-vivir-por-y-para-la-musica\\\/\"]}]},{\"@type\":\"ImageObject\",\"inLanguage\":\"en-GB\",\"@id\":\"https:\\\/\\\/unaymilletras.com\\\/nico-miseria-desde-siempre-supe-que-queria-vivir-por-y-para-la-musica\\\/#primaryimage\",\"url\":\"https:\\\/\\\/unaymilletras.com\\\/wp-content\\\/uploads\\\/2026\\\/01\\\/nico-miseria-1-e1770061423164.jpg\",\"contentUrl\":\"https:\\\/\\\/unaymilletras.com\\\/wp-content\\\/uploads\\\/2026\\\/01\\\/nico-miseria-1-e1770061423164.jpg\",\"width\":600,\"height\":400},{\"@type\":\"BreadcrumbList\",\"@id\":\"https:\\\/\\\/unaymilletras.com\\\/nico-miseria-desde-siempre-supe-que-queria-vivir-por-y-para-la-musica\\\/#breadcrumb\",\"itemListElement\":[{\"@type\":\"ListItem\",\"position\":1,\"name\":\"Home\",\"item\":\"http:\\\/\\\/unaymilletras.com\\\/\"},{\"@type\":\"ListItem\",\"position\":2,\"name\":\"Nico Miseria: \u00abDesde siempre supe que quer\u00eda vivir por y para la m\u00fasica\u00bb\"}]},{\"@type\":\"WebSite\",\"@id\":\"http:\\\/\\\/unaymilletras.com\\\/#website\",\"url\":\"http:\\\/\\\/unaymilletras.com\\\/\",\"name\":\"Una y Mil Letras\",\"description\":\"\",\"publisher\":{\"@id\":\"http:\\\/\\\/unaymilletras.com\\\/#organization\"},\"potentialAction\":[{\"@type\":\"SearchAction\",\"target\":{\"@type\":\"EntryPoint\",\"urlTemplate\":\"http:\\\/\\\/unaymilletras.com\\\/?s={search_term_string}\"},\"query-input\":{\"@type\":\"PropertyValueSpecification\",\"valueRequired\":true,\"valueName\":\"search_term_string\"}}],\"inLanguage\":\"en-GB\"},{\"@type\":\"Organization\",\"@id\":\"http:\\\/\\\/unaymilletras.com\\\/#organization\",\"name\":\"Una y Mil Letras\",\"url\":\"http:\\\/\\\/unaymilletras.com\\\/\",\"logo\":{\"@type\":\"ImageObject\",\"inLanguage\":\"en-GB\",\"@id\":\"http:\\\/\\\/unaymilletras.com\\\/#\\\/schema\\\/logo\\\/image\\\/\",\"url\":\"https:\\\/\\\/unaymilletras.com\\\/wp-content\\\/uploads\\\/2024\\\/06\\\/cropped-Logo-removebg-preview.png\",\"contentUrl\":\"https:\\\/\\\/unaymilletras.com\\\/wp-content\\\/uploads\\\/2024\\\/06\\\/cropped-Logo-removebg-preview.png\",\"width\":512,\"height\":512,\"caption\":\"Una y Mil Letras\"},\"image\":{\"@id\":\"http:\\\/\\\/unaymilletras.com\\\/#\\\/schema\\\/logo\\\/image\\\/\"},\"sameAs\":[\"https:\\\/\\\/x.com\\\/UnaYMilLetras\",\"https:\\\/\\\/instagram.com\\\/UnaYMilLetras\"]},{\"@type\":\"Person\",\"@id\":\"http:\\\/\\\/unaymilletras.com\\\/#\\\/schema\\\/person\\\/047a24f09ead3f0ba2387e5df86d9336\",\"name\":\"Luc\u00eda Fandi\u00f1o\",\"image\":{\"@type\":\"ImageObject\",\"inLanguage\":\"en-GB\",\"@id\":\"https:\\\/\\\/secure.gravatar.com\\\/avatar\\\/d22d9eea03f89c5d17f4b05c3efeb11bad23ff32b99e63bbf54232bc1b6a06b2?s=96&d=mm&r=g\",\"url\":\"https:\\\/\\\/secure.gravatar.com\\\/avatar\\\/d22d9eea03f89c5d17f4b05c3efeb11bad23ff32b99e63bbf54232bc1b6a06b2?s=96&d=mm&r=g\",\"contentUrl\":\"https:\\\/\\\/secure.gravatar.com\\\/avatar\\\/d22d9eea03f89c5d17f4b05c3efeb11bad23ff32b99e63bbf54232bc1b6a06b2?s=96&d=mm&r=g\",\"caption\":\"Luc\u00eda Fandi\u00f1o\"},\"sameAs\":[\"www.instagram.com\\\/luciaafandino\"],\"url\":\"https:\\\/\\\/unaymilletras.com\\\/en\\\/author\\\/luciaafandino\\\/\"}]}<\/script>\n<!-- \/ Yoast SEO plugin. -->","yoast_head_json":{"title":"Nico Miseria: \"Desde siempre supe que quer\u00eda vivir por y para la m\u00fasica\" &#8902; Una y Mil Letras","description":"El artista de Almansa habla sobre su \u00faltimo \u00e1lbum EL CORAZ\u00d3N MANDA, su proceso creativo y la gira que arranca por varias ciudades","robots":{"index":"index","follow":"follow","max-snippet":"max-snippet:-1","max-image-preview":"max-image-preview:large","max-video-preview":"max-video-preview:-1"},"canonical":"https:\/\/unaymilletras.com\/en\/nico-miseria-desde-siempre-supe-que-queria-vivir-por-y-para-la-musica\/","og_locale":"en_GB","og_type":"article","og_title":"Nico Miseria: \"Desde siempre supe que quer\u00eda vivir por y para la m\u00fasica\" &#8902; Una y Mil Letras","og_description":"El artista de Almansa habla sobre su \u00faltimo \u00e1lbum EL CORAZ\u00d3N MANDA, su proceso creativo y la gira que arranca por varias ciudades","og_url":"https:\/\/unaymilletras.com\/en\/nico-miseria-desde-siempre-supe-que-queria-vivir-por-y-para-la-musica\/","og_site_name":"Una y Mil Letras","article_published_time":"2026-01-29T16:51:56+00:00","article_modified_time":"2026-01-29T16:51:57+00:00","og_image":[{"width":1536,"height":1024,"url":"http:\/\/unaymilletras.com\/wp-content\/uploads\/2026\/01\/nico-miseria-1.jpg","type":"image\/jpeg"}],"author":"Luc\u00eda Fandi\u00f1o","twitter_card":"summary_large_image","twitter_creator":"@UnaYMilLetras","twitter_site":"@UnaYMilLetras","twitter_misc":{"Written by":"Luc\u00eda Fandi\u00f1o","Estimated reading time":"5 minutes"},"schema":{"@context":"https:\/\/schema.org","@graph":[{"@type":"Article","@id":"https:\/\/unaymilletras.com\/nico-miseria-desde-siempre-supe-que-queria-vivir-por-y-para-la-musica\/#article","isPartOf":{"@id":"https:\/\/unaymilletras.com\/nico-miseria-desde-siempre-supe-que-queria-vivir-por-y-para-la-musica\/"},"author":{"name":"Luc\u00eda Fandi\u00f1o","@id":"http:\/\/unaymilletras.com\/#\/schema\/person\/047a24f09ead3f0ba2387e5df86d9336"},"headline":"Nico Miseria: \u00abDesde siempre supe que quer\u00eda vivir por y para la m\u00fasica\u00bb","datePublished":"2026-01-29T16:51:56+00:00","dateModified":"2026-01-29T16:51:57+00:00","mainEntityOfPage":{"@id":"https:\/\/unaymilletras.com\/nico-miseria-desde-siempre-supe-que-queria-vivir-por-y-para-la-musica\/"},"wordCount":1002,"publisher":{"@id":"http:\/\/unaymilletras.com\/#organization"},"image":{"@id":"https:\/\/unaymilletras.com\/nico-miseria-desde-siempre-supe-que-queria-vivir-por-y-para-la-musica\/#primaryimage"},"thumbnailUrl":"https:\/\/unaymilletras.com\/wp-content\/uploads\/2026\/01\/nico-miseria-1-e1770061423164.jpg","keywords":["2026","EL CORAZ\u00d3N MANDA","Nico Miseria"],"articleSection":["Entrevistas","M\u00fasica"],"inLanguage":"en-GB"},{"@type":"WebPage","@id":"https:\/\/unaymilletras.com\/nico-miseria-desde-siempre-supe-que-queria-vivir-por-y-para-la-musica\/","url":"https:\/\/unaymilletras.com\/nico-miseria-desde-siempre-supe-que-queria-vivir-por-y-para-la-musica\/","name":"Nico Miseria: \"Desde siempre supe que quer\u00eda vivir por y para la m\u00fasica\" &#8902; Una y Mil Letras","isPartOf":{"@id":"http:\/\/unaymilletras.com\/#website"},"primaryImageOfPage":{"@id":"https:\/\/unaymilletras.com\/nico-miseria-desde-siempre-supe-que-queria-vivir-por-y-para-la-musica\/#primaryimage"},"image":{"@id":"https:\/\/unaymilletras.com\/nico-miseria-desde-siempre-supe-que-queria-vivir-por-y-para-la-musica\/#primaryimage"},"thumbnailUrl":"https:\/\/unaymilletras.com\/wp-content\/uploads\/2026\/01\/nico-miseria-1-e1770061423164.jpg","datePublished":"2026-01-29T16:51:56+00:00","dateModified":"2026-01-29T16:51:57+00:00","description":"El artista de Almansa habla sobre su \u00faltimo \u00e1lbum EL CORAZ\u00d3N MANDA, su proceso creativo y la gira que arranca por varias ciudades","breadcrumb":{"@id":"https:\/\/unaymilletras.com\/nico-miseria-desde-siempre-supe-que-queria-vivir-por-y-para-la-musica\/#breadcrumb"},"inLanguage":"en-GB","potentialAction":[{"@type":"ReadAction","target":["https:\/\/unaymilletras.com\/nico-miseria-desde-siempre-supe-que-queria-vivir-por-y-para-la-musica\/"]}]},{"@type":"ImageObject","inLanguage":"en-GB","@id":"https:\/\/unaymilletras.com\/nico-miseria-desde-siempre-supe-que-queria-vivir-por-y-para-la-musica\/#primaryimage","url":"https:\/\/unaymilletras.com\/wp-content\/uploads\/2026\/01\/nico-miseria-1-e1770061423164.jpg","contentUrl":"https:\/\/unaymilletras.com\/wp-content\/uploads\/2026\/01\/nico-miseria-1-e1770061423164.jpg","width":600,"height":400},{"@type":"BreadcrumbList","@id":"https:\/\/unaymilletras.com\/nico-miseria-desde-siempre-supe-que-queria-vivir-por-y-para-la-musica\/#breadcrumb","itemListElement":[{"@type":"ListItem","position":1,"name":"Home","item":"http:\/\/unaymilletras.com\/"},{"@type":"ListItem","position":2,"name":"Nico Miseria: \u00abDesde siempre supe que quer\u00eda vivir por y para la m\u00fasica\u00bb"}]},{"@type":"WebSite","@id":"http:\/\/unaymilletras.com\/#website","url":"http:\/\/unaymilletras.com\/","name":"Una y Mil Letras","description":"","publisher":{"@id":"http:\/\/unaymilletras.com\/#organization"},"potentialAction":[{"@type":"SearchAction","target":{"@type":"EntryPoint","urlTemplate":"http:\/\/unaymilletras.com\/?s={search_term_string}"},"query-input":{"@type":"PropertyValueSpecification","valueRequired":true,"valueName":"search_term_string"}}],"inLanguage":"en-GB"},{"@type":"Organization","@id":"http:\/\/unaymilletras.com\/#organization","name":"Una y Mil Letras","url":"http:\/\/unaymilletras.com\/","logo":{"@type":"ImageObject","inLanguage":"en-GB","@id":"http:\/\/unaymilletras.com\/#\/schema\/logo\/image\/","url":"https:\/\/unaymilletras.com\/wp-content\/uploads\/2024\/06\/cropped-Logo-removebg-preview.png","contentUrl":"https:\/\/unaymilletras.com\/wp-content\/uploads\/2024\/06\/cropped-Logo-removebg-preview.png","width":512,"height":512,"caption":"Una y Mil Letras"},"image":{"@id":"http:\/\/unaymilletras.com\/#\/schema\/logo\/image\/"},"sameAs":["https:\/\/x.com\/UnaYMilLetras","https:\/\/instagram.com\/UnaYMilLetras"]},{"@type":"Person","@id":"http:\/\/unaymilletras.com\/#\/schema\/person\/047a24f09ead3f0ba2387e5df86d9336","name":"Luc\u00eda Fandi\u00f1o","image":{"@type":"ImageObject","inLanguage":"en-GB","@id":"https:\/\/secure.gravatar.com\/avatar\/d22d9eea03f89c5d17f4b05c3efeb11bad23ff32b99e63bbf54232bc1b6a06b2?s=96&d=mm&r=g","url":"https:\/\/secure.gravatar.com\/avatar\/d22d9eea03f89c5d17f4b05c3efeb11bad23ff32b99e63bbf54232bc1b6a06b2?s=96&d=mm&r=g","contentUrl":"https:\/\/secure.gravatar.com\/avatar\/d22d9eea03f89c5d17f4b05c3efeb11bad23ff32b99e63bbf54232bc1b6a06b2?s=96&d=mm&r=g","caption":"Luc\u00eda Fandi\u00f1o"},"sameAs":["www.instagram.com\/luciaafandino"],"url":"https:\/\/unaymilletras.com\/en\/author\/luciaafandino\/"}]}},"_links":{"self":[{"href":"https:\/\/unaymilletras.com\/en\/wp-json\/wp\/v2\/posts\/7172","targetHints":{"allow":["GET"]}}],"collection":[{"href":"https:\/\/unaymilletras.com\/en\/wp-json\/wp\/v2\/posts"}],"about":[{"href":"https:\/\/unaymilletras.com\/en\/wp-json\/wp\/v2\/types\/post"}],"author":[{"embeddable":true,"href":"https:\/\/unaymilletras.com\/en\/wp-json\/wp\/v2\/users\/5"}],"replies":[{"embeddable":true,"href":"https:\/\/unaymilletras.com\/en\/wp-json\/wp\/v2\/comments?post=7172"}],"version-history":[{"count":4,"href":"https:\/\/unaymilletras.com\/en\/wp-json\/wp\/v2\/posts\/7172\/revisions"}],"predecessor-version":[{"id":7177,"href":"https:\/\/unaymilletras.com\/en\/wp-json\/wp\/v2\/posts\/7172\/revisions\/7177"}],"wp:featuredmedia":[{"embeddable":true,"href":"https:\/\/unaymilletras.com\/en\/wp-json\/wp\/v2\/media\/7178"}],"wp:attachment":[{"href":"https:\/\/unaymilletras.com\/en\/wp-json\/wp\/v2\/media?parent=7172"}],"wp:term":[{"taxonomy":"category","embeddable":true,"href":"https:\/\/unaymilletras.com\/en\/wp-json\/wp\/v2\/categories?post=7172"},{"taxonomy":"post_tag","embeddable":true,"href":"https:\/\/unaymilletras.com\/en\/wp-json\/wp\/v2\/tags?post=7172"}],"curies":[{"name":"wp","href":"https:\/\/api.w.org\/{rel}","templated":true}]}}