{"id":7371,"date":"2025-10-01T13:00:00","date_gmt":"2025-10-01T11:00:00","guid":{"rendered":"https:\/\/unaymilletras.com\/?p=7371"},"modified":"2026-02-13T13:14:17","modified_gmt":"2026-02-13T12:14:17","slug":"nathy-peluso-cerrara-su-gira-mundial-en-barcelona-y-madrid-en-febrero","status":"publish","type":"post","link":"https:\/\/unaymilletras.com\/en\/nathy-peluso-cerrara-su-gira-mundial-en-barcelona-y-madrid-en-febrero\/","title":{"rendered":"Nathy Peluso cerrar\u00e1 su gira mundial en Barcelona y Madrid en febrero"},"content":{"rendered":"<div data-elementor-type=\"wp-post\" data-elementor-id=\"7371\" class=\"elementor elementor-7371\">\n\t\t\t\t\t\t<section class=\"elementor-section elementor-top-section elementor-element elementor-element-14a7c4e elementor-section-boxed elementor-section-height-default elementor-section-height-default\" data-id=\"14a7c4e\" data-element_type=\"section\" data-e-type=\"section\">\n\t\t\t\t\t\t<div class=\"elementor-container elementor-column-gap-default\">\n\t\t\t\t\t<div class=\"elementor-column elementor-col-100 elementor-top-column elementor-element elementor-element-005fda5\" data-id=\"005fda5\" data-element_type=\"column\" data-e-type=\"column\">\n\t\t\t<div class=\"elementor-widget-wrap elementor-element-populated\">\n\t\t\t\t\t\t<div class=\"elementor-element elementor-element-23611d5 elementor-widget elementor-widget-text-editor\" data-id=\"23611d5\" data-element_type=\"widget\" data-e-type=\"widget\" data-widget_type=\"text-editor.default\">\n\t\t\t\t<div class=\"elementor-widget-container\">\n\t\t\t\t\t\t\t\t\t<h2 style=\"text-align: center;\"><span style=\"color: #808080;\"><em>Nathy Peluso actuar\u00e1 el 14 de febrero en el Palau Sant Jordi y el 17 en el Movistar Arena para poner fin a la era de GRASA<\/em><\/span><\/h2>\t\t\t\t\t\t\t\t<\/div>\n\t\t\t\t<\/div>\n\t\t\t\t\t<\/div>\n\t\t<\/div>\n\t\t\t\t\t<\/div>\n\t\t<\/section>\n\t\t\t\t<section class=\"elementor-section elementor-top-section elementor-element elementor-element-1a9d1de elementor-section-boxed elementor-section-height-default elementor-section-height-default\" data-id=\"1a9d1de\" data-element_type=\"section\" data-e-type=\"section\">\n\t\t\t\t\t\t<div class=\"elementor-container elementor-column-gap-default\">\n\t\t\t\t\t<div class=\"elementor-column elementor-col-100 elementor-top-column elementor-element elementor-element-ebce9d2\" data-id=\"ebce9d2\" data-element_type=\"column\" data-e-type=\"column\">\n\t\t\t<div class=\"elementor-widget-wrap elementor-element-populated\">\n\t\t\t\t\t\t<div class=\"elementor-element elementor-element-6a42e27 elementor-widget elementor-widget-text-editor\" data-id=\"6a42e27\" data-element_type=\"widget\" data-e-type=\"widget\" data-widget_type=\"text-editor.default\">\n\t\t\t\t<div class=\"elementor-widget-container\">\n\t\t\t\t\t\t\t\t\t<p data-start=\"351\" data-end=\"665\">Nathy Peluso ha anunciado dos conciertos muy especiales en Espa\u00f1a con los que clausurar\u00e1 su actual gira internacional. La artista actuar\u00e1 el <strong data-start=\"492\" data-end=\"545\">14 de febrero en el Palau Sant Jordi de Barcelona<\/strong> y el <strong data-start=\"551\" data-end=\"599\">17 de febrero en el Movistar Arena de Madrid<\/strong>, dos citas que marcar\u00e1n el cierre definitivo del tour de <em data-start=\"657\" data-end=\"664\">GRASA<\/em>.<\/p>\n<p data-start=\"667\" data-end=\"1009\">Despu\u00e9s de recorrer ciudades como Nueva York, Los \u00c1ngeles, Londres o Par\u00eds, donde ha colgado el cartel de entradas agotadas, la cantante reafirma su posici\u00f3n como una de las figuras m\u00e1s s\u00f3lidas y singulares del panorama global. Antes de regresar a Espa\u00f1a, tambi\u00e9n tiene previstas actuaciones en M\u00e9xico y Puerto Rico el pr\u00f3ximo mes de octubre.<\/p>\t\t\t\t\t\t\t\t<\/div>\n\t\t\t\t<\/div>\n\t\t\t\t\t<\/div>\n\t\t<\/div>\n\t\t\t\t\t<\/div>\n\t\t<\/section>\n\t\t\t\t<section class=\"elementor-section elementor-top-section elementor-element elementor-element-c045c7c elementor-section-boxed elementor-section-height-default elementor-section-height-default\" data-id=\"c045c7c\" data-element_type=\"section\" data-e-type=\"section\">\n\t\t\t\t\t\t<div class=\"elementor-container elementor-column-gap-default\">\n\t\t\t\t\t<div class=\"elementor-column elementor-col-50 elementor-top-column elementor-element elementor-element-e699d42\" data-id=\"e699d42\" data-element_type=\"column\" data-e-type=\"column\">\n\t\t\t<div class=\"elementor-widget-wrap elementor-element-populated\">\n\t\t\t\t\t\t<div class=\"elementor-element elementor-element-7b0a090 elementor-widget elementor-widget-image\" data-id=\"7b0a090\" data-element_type=\"widget\" data-e-type=\"widget\" data-widget_type=\"image.default\">\n\t\t\t\t<div class=\"elementor-widget-container\">\n\t\t\t\t\t\t\t\t\t\t\t\t\t\t\t<img fetchpriority=\"high\" decoding=\"async\" width=\"640\" height=\"800\" src=\"https:\/\/unaymilletras.com\/wp-content\/uploads\/2026\/02\/a70a3b05-ad79-6be8-fcc9-3e3c499c-819x1024.jpg\" class=\"attachment-large size-large wp-image-7373\" alt=\"Nathy Peluso\" srcset=\"https:\/\/unaymilletras.com\/wp-content\/uploads\/2026\/02\/a70a3b05-ad79-6be8-fcc9-3e3c499c-819x1024.jpg 819w, https:\/\/unaymilletras.com\/wp-content\/uploads\/2026\/02\/a70a3b05-ad79-6be8-fcc9-3e3c499c-240x300.jpg 240w, https:\/\/unaymilletras.com\/wp-content\/uploads\/2026\/02\/a70a3b05-ad79-6be8-fcc9-3e3c499c-768x960.jpg 768w, https:\/\/unaymilletras.com\/wp-content\/uploads\/2026\/02\/a70a3b05-ad79-6be8-fcc9-3e3c499c-10x12.jpg 10w, https:\/\/unaymilletras.com\/wp-content\/uploads\/2026\/02\/a70a3b05-ad79-6be8-fcc9-3e3c499c-1024x1280.jpg 1024w, https:\/\/unaymilletras.com\/wp-content\/uploads\/2026\/02\/a70a3b05-ad79-6be8-fcc9-3e3c499c-e1770984666625.jpg 600w\" sizes=\"(max-width: 640px) 100vw, 640px\" \/>\t\t\t\t\t\t\t\t\t\t\t\t\t\t\t<\/div>\n\t\t\t\t<\/div>\n\t\t\t\t\t<\/div>\n\t\t<\/div>\n\t\t\t\t<div class=\"elementor-column elementor-col-50 elementor-top-column elementor-element elementor-element-07ed2d9\" data-id=\"07ed2d9\" data-element_type=\"column\" data-e-type=\"column\">\n\t\t\t<div class=\"elementor-widget-wrap elementor-element-populated\">\n\t\t\t\t\t\t<div class=\"elementor-element elementor-element-6354401 elementor-widget elementor-widget-text-editor\" data-id=\"6354401\" data-element_type=\"widget\" data-e-type=\"widget\" data-widget_type=\"text-editor.default\">\n\t\t\t\t<div class=\"elementor-widget-container\">\n\t\t\t\t\t\t\t\t\t<p data-start=\"1011\" data-end=\"1310\">Desde su debut con <em data-start=\"1030\" data-end=\"1040\">Calambre<\/em> en 2020, Nathy Peluso ha construido una carrera marcada por la versatilidad y el riesgo art\u00edstico. Su propuesta mezcla rap, salsa, soul y balada con una puesta en escena intensa y teatral que la ha convertido en una de las int\u00e9rpretes m\u00e1s magn\u00e9ticas del directo actual.<\/p>\n<p data-start=\"1312\" data-end=\"1688\">Con <em data-start=\"1316\" data-end=\"1323\">GRASA<\/em>, su trabajo m\u00e1s reciente, la artista profundiz\u00f3 en una est\u00e9tica influida por la salsa neoyorquina, el imaginario del cine de g\u00e1nsters y referentes contempor\u00e1neos como Dev Hynes o Kendrick Lamar. El \u00e1lbum fue reconocido con tres Latin GRAMMY en 2024, incluyendo Mejor Canci\u00f3n Rap \u2014siendo la primera artista femenina en lograrlo\u2014 y Mejor \u00c1lbum de M\u00fasica Alternativa.<\/p>\t\t\t\t\t\t\t\t<\/div>\n\t\t\t\t<\/div>\n\t\t\t\t\t<\/div>\n\t\t<\/div>\n\t\t\t\t\t<\/div>\n\t\t<\/section>\n\t\t\t\t<section class=\"elementor-section elementor-top-section elementor-element elementor-element-75417ac elementor-section-boxed elementor-section-height-default elementor-section-height-default\" data-id=\"75417ac\" data-element_type=\"section\" data-e-type=\"section\">\n\t\t\t\t\t\t<div class=\"elementor-container elementor-column-gap-default\">\n\t\t\t\t\t<div class=\"elementor-column elementor-col-100 elementor-top-column elementor-element elementor-element-e341da0\" data-id=\"e341da0\" data-element_type=\"column\" data-e-type=\"column\">\n\t\t\t<div class=\"elementor-widget-wrap elementor-element-populated\">\n\t\t\t\t\t\t<div class=\"elementor-element elementor-element-659d432 elementor-widget elementor-widget-text-editor\" data-id=\"659d432\" data-element_type=\"widget\" data-e-type=\"widget\" data-widget_type=\"text-editor.default\">\n\t\t\t\t<div class=\"elementor-widget-container\">\n\t\t\t\t\t\t\t\t\t<p data-start=\"1690\" data-end=\"2045\">Los conciertos de Barcelona y Madrid supondr\u00e1n el punto final a una gira que ya supera las 40 fechas internacionales. Dos noches que no solo servir\u00e1n como despedida de esta etapa, sino tambi\u00e9n como confirmaci\u00f3n del momento art\u00edstico que atraviesa Nathy Peluso, consolidada como una de las voces m\u00e1s potentes y personales de la m\u00fasica latina contempor\u00e1nea.<\/p>\t\t\t\t\t\t\t\t<\/div>\n\t\t\t\t<\/div>\n\t\t\t\t\t<\/div>\n\t\t<\/div>\n\t\t\t\t\t<\/div>\n\t\t<\/section>\n\t\t\t\t<\/div>","protected":false},"excerpt":{"rendered":"<p>Nathy Peluso actuar\u00e1 el 14 de febrero en el Palau Sant Jordi y el 17 en el Movistar Arena para poner fin a la era de GRASA Nathy Peluso ha anunciado dos conciertos muy especiales en Espa\u00f1a con los que clausurar\u00e1 su actual gira internacional. La artista actuar\u00e1 el 14 de febrero en el Palau [&hellip;]<\/p>\n","protected":false},"author":6,"featured_media":7373,"comment_status":"closed","ping_status":"closed","sticky":false,"template":"","format":"standard","meta":{"footnotes":""},"categories":[119,4],"tags":[],"class_list":["post-7371","post","type-post","status-publish","format-standard","has-post-thumbnail","hentry","category-eventos","category-musica"],"yoast_head":"<!-- This site is optimized with the Yoast SEO plugin v27.4 - https:\/\/yoast.com\/product\/yoast-seo-wordpress\/ -->\n<title>Nathy Peluso cerrar\u00e1 su gira mundial en Barcelona y Madrid en febrero<\/title>\n<meta name=\"description\" content=\"Nathy Peluso actuar\u00e1 el 14 de febrero en el Palau Sant Jordi y el 17 en el Movistar Arena para poner fin a la era de GRASA\" \/>\n<meta name=\"robots\" content=\"index, follow, max-snippet:-1, max-image-preview:large, max-video-preview:-1\" \/>\n<link rel=\"canonical\" href=\"https:\/\/unaymilletras.com\/en\/nathy-peluso-cerrara-su-gira-mundial-en-barcelona-y-madrid-en-febrero\/\" \/>\n<meta property=\"og:locale\" content=\"en_GB\" \/>\n<meta property=\"og:type\" content=\"article\" \/>\n<meta property=\"og:title\" content=\"Nathy Peluso cerrar\u00e1 su gira mundial en Barcelona y Madrid en febrero\" \/>\n<meta property=\"og:description\" content=\"Nathy Peluso actuar\u00e1 el 14 de febrero en el Palau Sant Jordi y el 17 en el Movistar Arena para poner fin a la era de GRASA\" \/>\n<meta property=\"og:url\" content=\"https:\/\/unaymilletras.com\/en\/nathy-peluso-cerrara-su-gira-mundial-en-barcelona-y-madrid-en-febrero\/\" \/>\n<meta property=\"og:site_name\" content=\"Una y Mil Letras\" \/>\n<meta property=\"article:published_time\" content=\"2025-10-01T11:00:00+00:00\" \/>\n<meta property=\"article:modified_time\" content=\"2026-02-13T12:14:17+00:00\" \/>\n<meta property=\"og:image\" content=\"http:\/\/unaymilletras.com\/wp-content\/uploads\/2026\/02\/a70a3b05-ad79-6be8-fcc9-3e3c499c-e1770984666625.jpg\" \/>\n\t<meta property=\"og:image:width\" content=\"600\" \/>\n\t<meta property=\"og:image:height\" content=\"750\" \/>\n\t<meta property=\"og:image:type\" content=\"image\/jpeg\" \/>\n<meta name=\"author\" content=\"Redacci\u00f3n\" \/>\n<meta name=\"twitter:card\" content=\"summary_large_image\" \/>\n<meta name=\"twitter:creator\" content=\"@UnaYMilLetras\" \/>\n<meta name=\"twitter:site\" content=\"@UnaYMilLetras\" \/>\n<meta name=\"twitter:label1\" content=\"Written by\" \/>\n\t<meta name=\"twitter:data1\" content=\"Redacci\u00f3n\" \/>\n\t<meta name=\"twitter:label2\" content=\"Estimated reading time\" \/>\n\t<meta name=\"twitter:data2\" content=\"2 minutes\" \/>\n<script type=\"application\/ld+json\" class=\"yoast-schema-graph\">{\"@context\":\"https:\\\/\\\/schema.org\",\"@graph\":[{\"@type\":\"Article\",\"@id\":\"https:\\\/\\\/unaymilletras.com\\\/nathy-peluso-cerrara-su-gira-mundial-en-barcelona-y-madrid-en-febrero\\\/#article\",\"isPartOf\":{\"@id\":\"https:\\\/\\\/unaymilletras.com\\\/nathy-peluso-cerrara-su-gira-mundial-en-barcelona-y-madrid-en-febrero\\\/\"},\"author\":{\"name\":\"Redacci\u00f3n\",\"@id\":\"http:\\\/\\\/unaymilletras.com\\\/#\\\/schema\\\/person\\\/0860dc8a218329991ee2c7591f4f849d\"},\"headline\":\"Nathy Peluso cerrar\u00e1 su gira mundial en Barcelona y Madrid en febrero\",\"datePublished\":\"2025-10-01T11:00:00+00:00\",\"dateModified\":\"2026-02-13T12:14:17+00:00\",\"mainEntityOfPage\":{\"@id\":\"https:\\\/\\\/unaymilletras.com\\\/nathy-peluso-cerrara-su-gira-mundial-en-barcelona-y-madrid-en-febrero\\\/\"},\"wordCount\":338,\"publisher\":{\"@id\":\"http:\\\/\\\/unaymilletras.com\\\/#organization\"},\"image\":{\"@id\":\"https:\\\/\\\/unaymilletras.com\\\/nathy-peluso-cerrara-su-gira-mundial-en-barcelona-y-madrid-en-febrero\\\/#primaryimage\"},\"thumbnailUrl\":\"https:\\\/\\\/unaymilletras.com\\\/wp-content\\\/uploads\\\/2026\\\/02\\\/a70a3b05-ad79-6be8-fcc9-3e3c499c-e1770984666625.jpg\",\"articleSection\":[\"Eventos\",\"M\u00fasica\"],\"inLanguage\":\"en-GB\"},{\"@type\":\"WebPage\",\"@id\":\"https:\\\/\\\/unaymilletras.com\\\/nathy-peluso-cerrara-su-gira-mundial-en-barcelona-y-madrid-en-febrero\\\/\",\"url\":\"https:\\\/\\\/unaymilletras.com\\\/nathy-peluso-cerrara-su-gira-mundial-en-barcelona-y-madrid-en-febrero\\\/\",\"name\":\"Nathy Peluso cerrar\u00e1 su gira mundial en Barcelona y Madrid en febrero\",\"isPartOf\":{\"@id\":\"http:\\\/\\\/unaymilletras.com\\\/#website\"},\"primaryImageOfPage\":{\"@id\":\"https:\\\/\\\/unaymilletras.com\\\/nathy-peluso-cerrara-su-gira-mundial-en-barcelona-y-madrid-en-febrero\\\/#primaryimage\"},\"image\":{\"@id\":\"https:\\\/\\\/unaymilletras.com\\\/nathy-peluso-cerrara-su-gira-mundial-en-barcelona-y-madrid-en-febrero\\\/#primaryimage\"},\"thumbnailUrl\":\"https:\\\/\\\/unaymilletras.com\\\/wp-content\\\/uploads\\\/2026\\\/02\\\/a70a3b05-ad79-6be8-fcc9-3e3c499c-e1770984666625.jpg\",\"datePublished\":\"2025-10-01T11:00:00+00:00\",\"dateModified\":\"2026-02-13T12:14:17+00:00\",\"description\":\"Nathy Peluso actuar\u00e1 el 14 de febrero en el Palau Sant Jordi y el 17 en el Movistar Arena para poner fin a la era de GRASA\",\"breadcrumb\":{\"@id\":\"https:\\\/\\\/unaymilletras.com\\\/nathy-peluso-cerrara-su-gira-mundial-en-barcelona-y-madrid-en-febrero\\\/#breadcrumb\"},\"inLanguage\":\"en-GB\",\"potentialAction\":[{\"@type\":\"ReadAction\",\"target\":[\"https:\\\/\\\/unaymilletras.com\\\/nathy-peluso-cerrara-su-gira-mundial-en-barcelona-y-madrid-en-febrero\\\/\"]}]},{\"@type\":\"ImageObject\",\"inLanguage\":\"en-GB\",\"@id\":\"https:\\\/\\\/unaymilletras.com\\\/nathy-peluso-cerrara-su-gira-mundial-en-barcelona-y-madrid-en-febrero\\\/#primaryimage\",\"url\":\"https:\\\/\\\/unaymilletras.com\\\/wp-content\\\/uploads\\\/2026\\\/02\\\/a70a3b05-ad79-6be8-fcc9-3e3c499c-e1770984666625.jpg\",\"contentUrl\":\"https:\\\/\\\/unaymilletras.com\\\/wp-content\\\/uploads\\\/2026\\\/02\\\/a70a3b05-ad79-6be8-fcc9-3e3c499c-e1770984666625.jpg\",\"width\":600,\"height\":750,\"caption\":\"Nathy Peluso\"},{\"@type\":\"BreadcrumbList\",\"@id\":\"https:\\\/\\\/unaymilletras.com\\\/nathy-peluso-cerrara-su-gira-mundial-en-barcelona-y-madrid-en-febrero\\\/#breadcrumb\",\"itemListElement\":[{\"@type\":\"ListItem\",\"position\":1,\"name\":\"Home\",\"item\":\"http:\\\/\\\/unaymilletras.com\\\/\"},{\"@type\":\"ListItem\",\"position\":2,\"name\":\"Nathy Peluso cerrar\u00e1 su gira mundial en Barcelona y Madrid en febrero\"}]},{\"@type\":\"WebSite\",\"@id\":\"http:\\\/\\\/unaymilletras.com\\\/#website\",\"url\":\"http:\\\/\\\/unaymilletras.com\\\/\",\"name\":\"Una y Mil Letras\",\"description\":\"\",\"publisher\":{\"@id\":\"http:\\\/\\\/unaymilletras.com\\\/#organization\"},\"potentialAction\":[{\"@type\":\"SearchAction\",\"target\":{\"@type\":\"EntryPoint\",\"urlTemplate\":\"http:\\\/\\\/unaymilletras.com\\\/?s={search_term_string}\"},\"query-input\":{\"@type\":\"PropertyValueSpecification\",\"valueRequired\":true,\"valueName\":\"search_term_string\"}}],\"inLanguage\":\"en-GB\"},{\"@type\":\"Organization\",\"@id\":\"http:\\\/\\\/unaymilletras.com\\\/#organization\",\"name\":\"Una y Mil Letras\",\"url\":\"http:\\\/\\\/unaymilletras.com\\\/\",\"logo\":{\"@type\":\"ImageObject\",\"inLanguage\":\"en-GB\",\"@id\":\"http:\\\/\\\/unaymilletras.com\\\/#\\\/schema\\\/logo\\\/image\\\/\",\"url\":\"https:\\\/\\\/unaymilletras.com\\\/wp-content\\\/uploads\\\/2024\\\/06\\\/cropped-Logo-removebg-preview.png\",\"contentUrl\":\"https:\\\/\\\/unaymilletras.com\\\/wp-content\\\/uploads\\\/2024\\\/06\\\/cropped-Logo-removebg-preview.png\",\"width\":512,\"height\":512,\"caption\":\"Una y Mil Letras\"},\"image\":{\"@id\":\"http:\\\/\\\/unaymilletras.com\\\/#\\\/schema\\\/logo\\\/image\\\/\"},\"sameAs\":[\"https:\\\/\\\/x.com\\\/UnaYMilLetras\",\"https:\\\/\\\/instagram.com\\\/UnaYMilLetras\"]},{\"@type\":\"Person\",\"@id\":\"http:\\\/\\\/unaymilletras.com\\\/#\\\/schema\\\/person\\\/0860dc8a218329991ee2c7591f4f849d\",\"name\":\"Redacci\u00f3n\",\"image\":{\"@type\":\"ImageObject\",\"inLanguage\":\"en-GB\",\"@id\":\"https:\\\/\\\/secure.gravatar.com\\\/avatar\\\/d8f55e05a8b6597e45c55a1dcbdbfe44f4a360d88b48e00de5216a79b7732796?s=96&d=mm&r=g\",\"url\":\"https:\\\/\\\/secure.gravatar.com\\\/avatar\\\/d8f55e05a8b6597e45c55a1dcbdbfe44f4a360d88b48e00de5216a79b7732796?s=96&d=mm&r=g\",\"contentUrl\":\"https:\\\/\\\/secure.gravatar.com\\\/avatar\\\/d8f55e05a8b6597e45c55a1dcbdbfe44f4a360d88b48e00de5216a79b7732796?s=96&d=mm&r=g\",\"caption\":\"Redacci\u00f3n\"},\"url\":\"https:\\\/\\\/unaymilletras.com\\\/en\\\/author\\\/redaccion\\\/\"}]}<\/script>\n<!-- \/ Yoast SEO plugin. -->","yoast_head_json":{"title":"Nathy Peluso cerrar\u00e1 su gira mundial en Barcelona y Madrid en febrero","description":"Nathy Peluso actuar\u00e1 el 14 de febrero en el Palau Sant Jordi y el 17 en el Movistar Arena para poner fin a la era de GRASA","robots":{"index":"index","follow":"follow","max-snippet":"max-snippet:-1","max-image-preview":"max-image-preview:large","max-video-preview":"max-video-preview:-1"},"canonical":"https:\/\/unaymilletras.com\/en\/nathy-peluso-cerrara-su-gira-mundial-en-barcelona-y-madrid-en-febrero\/","og_locale":"en_GB","og_type":"article","og_title":"Nathy Peluso cerrar\u00e1 su gira mundial en Barcelona y Madrid en febrero","og_description":"Nathy Peluso actuar\u00e1 el 14 de febrero en el Palau Sant Jordi y el 17 en el Movistar Arena para poner fin a la era de GRASA","og_url":"https:\/\/unaymilletras.com\/en\/nathy-peluso-cerrara-su-gira-mundial-en-barcelona-y-madrid-en-febrero\/","og_site_name":"Una y Mil Letras","article_published_time":"2025-10-01T11:00:00+00:00","article_modified_time":"2026-02-13T12:14:17+00:00","og_image":[{"width":600,"height":750,"url":"http:\/\/unaymilletras.com\/wp-content\/uploads\/2026\/02\/a70a3b05-ad79-6be8-fcc9-3e3c499c-e1770984666625.jpg","type":"image\/jpeg"}],"author":"Redacci\u00f3n","twitter_card":"summary_large_image","twitter_creator":"@UnaYMilLetras","twitter_site":"@UnaYMilLetras","twitter_misc":{"Written by":"Redacci\u00f3n","Estimated reading time":"2 minutes"},"schema":{"@context":"https:\/\/schema.org","@graph":[{"@type":"Article","@id":"https:\/\/unaymilletras.com\/nathy-peluso-cerrara-su-gira-mundial-en-barcelona-y-madrid-en-febrero\/#article","isPartOf":{"@id":"https:\/\/unaymilletras.com\/nathy-peluso-cerrara-su-gira-mundial-en-barcelona-y-madrid-en-febrero\/"},"author":{"name":"Redacci\u00f3n","@id":"http:\/\/unaymilletras.com\/#\/schema\/person\/0860dc8a218329991ee2c7591f4f849d"},"headline":"Nathy Peluso cerrar\u00e1 su gira mundial en Barcelona y Madrid en febrero","datePublished":"2025-10-01T11:00:00+00:00","dateModified":"2026-02-13T12:14:17+00:00","mainEntityOfPage":{"@id":"https:\/\/unaymilletras.com\/nathy-peluso-cerrara-su-gira-mundial-en-barcelona-y-madrid-en-febrero\/"},"wordCount":338,"publisher":{"@id":"http:\/\/unaymilletras.com\/#organization"},"image":{"@id":"https:\/\/unaymilletras.com\/nathy-peluso-cerrara-su-gira-mundial-en-barcelona-y-madrid-en-febrero\/#primaryimage"},"thumbnailUrl":"https:\/\/unaymilletras.com\/wp-content\/uploads\/2026\/02\/a70a3b05-ad79-6be8-fcc9-3e3c499c-e1770984666625.jpg","articleSection":["Eventos","M\u00fasica"],"inLanguage":"en-GB"},{"@type":"WebPage","@id":"https:\/\/unaymilletras.com\/nathy-peluso-cerrara-su-gira-mundial-en-barcelona-y-madrid-en-febrero\/","url":"https:\/\/unaymilletras.com\/nathy-peluso-cerrara-su-gira-mundial-en-barcelona-y-madrid-en-febrero\/","name":"Nathy Peluso cerrar\u00e1 su gira mundial en Barcelona y Madrid en febrero","isPartOf":{"@id":"http:\/\/unaymilletras.com\/#website"},"primaryImageOfPage":{"@id":"https:\/\/unaymilletras.com\/nathy-peluso-cerrara-su-gira-mundial-en-barcelona-y-madrid-en-febrero\/#primaryimage"},"image":{"@id":"https:\/\/unaymilletras.com\/nathy-peluso-cerrara-su-gira-mundial-en-barcelona-y-madrid-en-febrero\/#primaryimage"},"thumbnailUrl":"https:\/\/unaymilletras.com\/wp-content\/uploads\/2026\/02\/a70a3b05-ad79-6be8-fcc9-3e3c499c-e1770984666625.jpg","datePublished":"2025-10-01T11:00:00+00:00","dateModified":"2026-02-13T12:14:17+00:00","description":"Nathy Peluso actuar\u00e1 el 14 de febrero en el Palau Sant Jordi y el 17 en el Movistar Arena para poner fin a la era de GRASA","breadcrumb":{"@id":"https:\/\/unaymilletras.com\/nathy-peluso-cerrara-su-gira-mundial-en-barcelona-y-madrid-en-febrero\/#breadcrumb"},"inLanguage":"en-GB","potentialAction":[{"@type":"ReadAction","target":["https:\/\/unaymilletras.com\/nathy-peluso-cerrara-su-gira-mundial-en-barcelona-y-madrid-en-febrero\/"]}]},{"@type":"ImageObject","inLanguage":"en-GB","@id":"https:\/\/unaymilletras.com\/nathy-peluso-cerrara-su-gira-mundial-en-barcelona-y-madrid-en-febrero\/#primaryimage","url":"https:\/\/unaymilletras.com\/wp-content\/uploads\/2026\/02\/a70a3b05-ad79-6be8-fcc9-3e3c499c-e1770984666625.jpg","contentUrl":"https:\/\/unaymilletras.com\/wp-content\/uploads\/2026\/02\/a70a3b05-ad79-6be8-fcc9-3e3c499c-e1770984666625.jpg","width":600,"height":750,"caption":"Nathy Peluso"},{"@type":"BreadcrumbList","@id":"https:\/\/unaymilletras.com\/nathy-peluso-cerrara-su-gira-mundial-en-barcelona-y-madrid-en-febrero\/#breadcrumb","itemListElement":[{"@type":"ListItem","position":1,"name":"Home","item":"http:\/\/unaymilletras.com\/"},{"@type":"ListItem","position":2,"name":"Nathy Peluso cerrar\u00e1 su gira mundial en Barcelona y Madrid en febrero"}]},{"@type":"WebSite","@id":"http:\/\/unaymilletras.com\/#website","url":"http:\/\/unaymilletras.com\/","name":"Una y Mil Letras","description":"","publisher":{"@id":"http:\/\/unaymilletras.com\/#organization"},"potentialAction":[{"@type":"SearchAction","target":{"@type":"EntryPoint","urlTemplate":"http:\/\/unaymilletras.com\/?s={search_term_string}"},"query-input":{"@type":"PropertyValueSpecification","valueRequired":true,"valueName":"search_term_string"}}],"inLanguage":"en-GB"},{"@type":"Organization","@id":"http:\/\/unaymilletras.com\/#organization","name":"Una y Mil Letras","url":"http:\/\/unaymilletras.com\/","logo":{"@type":"ImageObject","inLanguage":"en-GB","@id":"http:\/\/unaymilletras.com\/#\/schema\/logo\/image\/","url":"https:\/\/unaymilletras.com\/wp-content\/uploads\/2024\/06\/cropped-Logo-removebg-preview.png","contentUrl":"https:\/\/unaymilletras.com\/wp-content\/uploads\/2024\/06\/cropped-Logo-removebg-preview.png","width":512,"height":512,"caption":"Una y Mil Letras"},"image":{"@id":"http:\/\/unaymilletras.com\/#\/schema\/logo\/image\/"},"sameAs":["https:\/\/x.com\/UnaYMilLetras","https:\/\/instagram.com\/UnaYMilLetras"]},{"@type":"Person","@id":"http:\/\/unaymilletras.com\/#\/schema\/person\/0860dc8a218329991ee2c7591f4f849d","name":"Redacci\u00f3n","image":{"@type":"ImageObject","inLanguage":"en-GB","@id":"https:\/\/secure.gravatar.com\/avatar\/d8f55e05a8b6597e45c55a1dcbdbfe44f4a360d88b48e00de5216a79b7732796?s=96&d=mm&r=g","url":"https:\/\/secure.gravatar.com\/avatar\/d8f55e05a8b6597e45c55a1dcbdbfe44f4a360d88b48e00de5216a79b7732796?s=96&d=mm&r=g","contentUrl":"https:\/\/secure.gravatar.com\/avatar\/d8f55e05a8b6597e45c55a1dcbdbfe44f4a360d88b48e00de5216a79b7732796?s=96&d=mm&r=g","caption":"Redacci\u00f3n"},"url":"https:\/\/unaymilletras.com\/en\/author\/redaccion\/"}]}},"_links":{"self":[{"href":"https:\/\/unaymilletras.com\/en\/wp-json\/wp\/v2\/posts\/7371","targetHints":{"allow":["GET"]}}],"collection":[{"href":"https:\/\/unaymilletras.com\/en\/wp-json\/wp\/v2\/posts"}],"about":[{"href":"https:\/\/unaymilletras.com\/en\/wp-json\/wp\/v2\/types\/post"}],"author":[{"embeddable":true,"href":"https:\/\/unaymilletras.com\/en\/wp-json\/wp\/v2\/users\/6"}],"replies":[{"embeddable":true,"href":"https:\/\/unaymilletras.com\/en\/wp-json\/wp\/v2\/comments?post=7371"}],"version-history":[{"count":4,"href":"https:\/\/unaymilletras.com\/en\/wp-json\/wp\/v2\/posts\/7371\/revisions"}],"predecessor-version":[{"id":7376,"href":"https:\/\/unaymilletras.com\/en\/wp-json\/wp\/v2\/posts\/7371\/revisions\/7376"}],"wp:featuredmedia":[{"embeddable":true,"href":"https:\/\/unaymilletras.com\/en\/wp-json\/wp\/v2\/media\/7373"}],"wp:attachment":[{"href":"https:\/\/unaymilletras.com\/en\/wp-json\/wp\/v2\/media?parent=7371"}],"wp:term":[{"taxonomy":"category","embeddable":true,"href":"https:\/\/unaymilletras.com\/en\/wp-json\/wp\/v2\/categories?post=7371"},{"taxonomy":"post_tag","embeddable":true,"href":"https:\/\/unaymilletras.com\/en\/wp-json\/wp\/v2\/tags?post=7371"}],"curies":[{"name":"wp","href":"https:\/\/api.w.org\/{rel}","templated":true}]}}