{"id":7779,"date":"2026-03-07T20:24:00","date_gmt":"2026-03-07T19:24:00","guid":{"rendered":"https:\/\/unaymilletras.com\/?p=7779"},"modified":"2026-03-11T01:25:32","modified_gmt":"2026-03-11T00:25:32","slug":"bad-gyal-lanza-su-segundo-album-mas-cara","status":"publish","type":"post","link":"https:\/\/unaymilletras.com\/en\/bad-gyal-lanza-su-segundo-album-mas-cara\/","title":{"rendered":"Bad Gyal lanza su segundo \u00e1lbum M\u00e1s Cara"},"content":{"rendered":"<div data-elementor-type=\"wp-post\" data-elementor-id=\"7779\" class=\"elementor elementor-7779\">\n\t\t\t\t\t\t<section class=\"elementor-section elementor-top-section elementor-element elementor-element-23846a0 elementor-section-boxed elementor-section-height-default elementor-section-height-default\" data-id=\"23846a0\" data-element_type=\"section\" data-e-type=\"section\">\n\t\t\t\t\t\t<div class=\"elementor-container elementor-column-gap-default\">\n\t\t\t\t\t<div class=\"elementor-column elementor-col-100 elementor-top-column elementor-element elementor-element-cd26bb4\" data-id=\"cd26bb4\" data-element_type=\"column\" data-e-type=\"column\">\n\t\t\t<div class=\"elementor-widget-wrap elementor-element-populated\">\n\t\t\t\t\t\t<div class=\"elementor-element elementor-element-3ea5579 elementor-widget elementor-widget-text-editor\" data-id=\"3ea5579\" data-element_type=\"widget\" data-e-type=\"widget\" data-widget_type=\"text-editor.default\">\n\t\t\t\t<div class=\"elementor-widget-container\">\n\t\t\t\t\t\t\t\t\t<h2 style=\"text-align: center;\"><span style=\"color: #808080;\"><em>La artista Bad Gyal presenta un proyecto global que mezcla reggaet\u00f3n, dancehall y R&amp;B con nuevas influencias caribe\u00f1as<\/em><\/span><\/h2>\t\t\t\t\t\t\t\t<\/div>\n\t\t\t\t<\/div>\n\t\t\t\t\t<\/div>\n\t\t<\/div>\n\t\t\t\t\t<\/div>\n\t\t<\/section>\n\t\t\t\t<section class=\"elementor-section elementor-top-section elementor-element elementor-element-ed86a5a elementor-section-boxed elementor-section-height-default elementor-section-height-default\" data-id=\"ed86a5a\" data-element_type=\"section\" data-e-type=\"section\">\n\t\t\t\t\t\t<div class=\"elementor-container elementor-column-gap-default\">\n\t\t\t\t\t<div class=\"elementor-column elementor-col-100 elementor-top-column elementor-element elementor-element-9bd4fb8\" data-id=\"9bd4fb8\" data-element_type=\"column\" data-e-type=\"column\">\n\t\t\t<div class=\"elementor-widget-wrap elementor-element-populated\">\n\t\t\t\t\t\t<div class=\"elementor-element elementor-element-4b29dd3 elementor-widget elementor-widget-text-editor\" data-id=\"4b29dd3\" data-element_type=\"widget\" data-e-type=\"widget\" data-widget_type=\"text-editor.default\">\n\t\t\t\t<div class=\"elementor-widget-container\">\n\t\t\t\t\t\t\t\t\t<p data-start=\"271\" data-end=\"570\"><span class=\"hover:entity-accent entity-underline inline cursor-pointer align-baseline\"><span class=\"whitespace-normal\"><b>Bad Gyal<\/b><\/span><\/span> presenta <em data-start=\"318\" data-end=\"328\">m\u00e1s cara<\/em>, su segundo \u00e1lbum de estudio y uno de los proyectos m\u00e1s ambiciosos de su carrera. Concebido como su \u201cdream playlist\u201d, el disco re\u00fane influencias que han marcado su desarrollo art\u00edstico y las combina con una visi\u00f3n actual de la m\u00fasica urbana.<\/p>\n<p data-start=\"572\" data-end=\"888\">El \u00e1lbum fue creado entre Miami, Puerto Rico, Colombia y Espa\u00f1a, integrando g\u00e9neros como reggaet\u00f3n, R&amp;B, dancehall, merengue house, shatta jamaiquino, guaracha y kompa haitiano. El resultado es un proyecto que mezcla nostalgia y vanguardia, manteniendo el ADN urbano de la artista mientras ampl\u00eda su universo sonoro.<\/p>\n<p data-start=\"890\" data-end=\"1181\">Bad Gyal firma cr\u00e9ditos de coautor\u00eda en todas las canciones del \u00e1lbum, reconectando con las referencias que marcaron sus primeros pasos en la m\u00fasica. Entre los temas destacan <em data-start=\"1065\" data-end=\"1082\">un coro y ya \ud83d\ude42<\/em>, <em data-start=\"1084\" data-end=\"1099\">la iniciativa<\/em> o el propio <em data-start=\"1112\" data-end=\"1122\">m\u00e1s cara<\/em>, que muestran distintas facetas de su propuesta art\u00edstica.<\/p>\t\t\t\t\t\t\t\t<\/div>\n\t\t\t\t<\/div>\n\t\t\t\t\t<\/div>\n\t\t<\/div>\n\t\t\t\t\t<\/div>\n\t\t<\/section>\n\t\t\t\t<section class=\"elementor-section elementor-top-section elementor-element elementor-element-241def7 elementor-section-boxed elementor-section-height-default elementor-section-height-default\" data-id=\"241def7\" data-element_type=\"section\" data-e-type=\"section\">\n\t\t\t\t\t\t<div class=\"elementor-container elementor-column-gap-default\">\n\t\t\t\t\t<div class=\"elementor-column elementor-col-50 elementor-top-column elementor-element elementor-element-8f8f3b3\" data-id=\"8f8f3b3\" data-element_type=\"column\" data-e-type=\"column\">\n\t\t\t<div class=\"elementor-widget-wrap elementor-element-populated\">\n\t\t\t\t\t\t<div class=\"elementor-element elementor-element-1694b3f elementor-widget elementor-widget-image\" data-id=\"1694b3f\" data-element_type=\"widget\" data-e-type=\"widget\" data-widget_type=\"image.default\">\n\t\t\t\t<div class=\"elementor-widget-container\">\n\t\t\t\t\t\t\t\t\t\t\t\t\t\t\t<img fetchpriority=\"high\" decoding=\"async\" width=\"640\" height=\"640\" src=\"https:\/\/unaymilletras.com\/wp-content\/uploads\/2026\/03\/BG_MasCara_Album-Cover_Photo-Credit_-Interscope-Records-1-1024x1024.jpg\" class=\"attachment-large size-large wp-image-7841\" alt=\"Portada m\u00e1s cara Bad Gyal\" srcset=\"https:\/\/unaymilletras.com\/wp-content\/uploads\/2026\/03\/BG_MasCara_Album-Cover_Photo-Credit_-Interscope-Records-1-1024x1024.jpg 1024w, https:\/\/unaymilletras.com\/wp-content\/uploads\/2026\/03\/BG_MasCara_Album-Cover_Photo-Credit_-Interscope-Records-1-300x300.jpg 300w, https:\/\/unaymilletras.com\/wp-content\/uploads\/2026\/03\/BG_MasCara_Album-Cover_Photo-Credit_-Interscope-Records-1-150x150.jpg 150w, https:\/\/unaymilletras.com\/wp-content\/uploads\/2026\/03\/BG_MasCara_Album-Cover_Photo-Credit_-Interscope-Records-1-768x768.jpg 768w, https:\/\/unaymilletras.com\/wp-content\/uploads\/2026\/03\/BG_MasCara_Album-Cover_Photo-Credit_-Interscope-Records-1-1536x1536.jpg 1536w, https:\/\/unaymilletras.com\/wp-content\/uploads\/2026\/03\/BG_MasCara_Album-Cover_Photo-Credit_-Interscope-Records-1-scaled-e1773188625825.jpg 600w\" sizes=\"(max-width: 640px) 100vw, 640px\" \/>\t\t\t\t\t\t\t\t\t\t\t\t\t\t\t<\/div>\n\t\t\t\t<\/div>\n\t\t\t\t\t<\/div>\n\t\t<\/div>\n\t\t\t\t<div class=\"elementor-column elementor-col-50 elementor-top-column elementor-element elementor-element-990c4be\" data-id=\"990c4be\" data-element_type=\"column\" data-e-type=\"column\">\n\t\t\t<div class=\"elementor-widget-wrap elementor-element-populated\">\n\t\t\t\t\t\t<div class=\"elementor-element elementor-element-1503723 elementor-widget elementor-widget-image\" data-id=\"1503723\" data-element_type=\"widget\" data-e-type=\"widget\" data-widget_type=\"image.default\">\n\t\t\t\t<div class=\"elementor-widget-container\">\n\t\t\t\t\t\t\t\t\t\t\t\t\t\t\t<img decoding=\"async\" width=\"640\" height=\"800\" src=\"https:\/\/unaymilletras.com\/wp-content\/uploads\/2026\/03\/Album-Tracklist-819x1024.jpeg\" class=\"attachment-large size-large wp-image-7840\" alt=\"Tacklist m\u00e1s cara Bad Gyal\" srcset=\"https:\/\/unaymilletras.com\/wp-content\/uploads\/2026\/03\/Album-Tracklist-819x1024.jpeg 819w, https:\/\/unaymilletras.com\/wp-content\/uploads\/2026\/03\/Album-Tracklist-240x300.jpeg 240w, https:\/\/unaymilletras.com\/wp-content\/uploads\/2026\/03\/Album-Tracklist-768x960.jpeg 768w, https:\/\/unaymilletras.com\/wp-content\/uploads\/2026\/03\/Album-Tracklist-1229x1536.jpeg 1229w, https:\/\/unaymilletras.com\/wp-content\/uploads\/2026\/03\/Album-Tracklist-1638x2048.jpeg 1638w, https:\/\/unaymilletras.com\/wp-content\/uploads\/2026\/03\/Album-Tracklist-10x12.jpeg 10w, https:\/\/unaymilletras.com\/wp-content\/uploads\/2026\/03\/Album-Tracklist-1024x1280.jpeg 1024w, https:\/\/unaymilletras.com\/wp-content\/uploads\/2026\/03\/Album-Tracklist-scaled-e1773188560535.jpeg 600w\" sizes=\"(max-width: 640px) 100vw, 640px\" \/>\t\t\t\t\t\t\t\t\t\t\t\t\t\t\t<\/div>\n\t\t\t\t<\/div>\n\t\t\t\t\t<\/div>\n\t\t<\/div>\n\t\t\t\t\t<\/div>\n\t\t<\/section>\n\t\t\t\t<section class=\"elementor-section elementor-top-section elementor-element elementor-element-0c43457 elementor-section-boxed elementor-section-height-default elementor-section-height-default\" data-id=\"0c43457\" data-element_type=\"section\" data-e-type=\"section\">\n\t\t\t\t\t\t<div class=\"elementor-container elementor-column-gap-default\">\n\t\t\t\t\t<div class=\"elementor-column elementor-col-100 elementor-top-column elementor-element elementor-element-c3fc775\" data-id=\"c3fc775\" data-element_type=\"column\" data-e-type=\"column\">\n\t\t\t<div class=\"elementor-widget-wrap elementor-element-populated\">\n\t\t\t\t\t\t<div class=\"elementor-element elementor-element-022bb55 elementor-widget elementor-widget-text-editor\" data-id=\"022bb55\" data-element_type=\"widget\" data-e-type=\"widget\" data-widget_type=\"text-editor.default\">\n\t\t\t\t<div class=\"elementor-widget-container\">\n\t\t\t\t\t\t\t\t\t<p data-start=\"1625\" data-end=\"1915\">A lo largo del disco, la artista explora temas como la confianza, el deseo, el lujo y la autoexpresi\u00f3n desde una perspectiva femenina propia. El proyecto juega con esa dualidad entre lo \u00edntimo y lo espectacular, un rasgo que se ha convertido en uno de los pilares de su identidad art\u00edstica.<\/p><p data-start=\"1917\" data-end=\"2236\">El \u00e1lbum tambi\u00e9n cuenta con colaboraciones de artistas como <span class=\"hover:entity-accent entity-underline inline cursor-pointer align-baseline\"><span class=\"whitespace-normal\">Chencho Corleone<\/span><\/span>, <span class=\"hover:entity-accent entity-underline inline cursor-pointer align-baseline\"><span class=\"whitespace-normal\">J \u00c1lvarez<\/span><\/span>, <span class=\"hover:entity-accent entity-underline inline cursor-pointer align-baseline\"><span class=\"whitespace-normal\">Ozuna<\/span><\/span>, Maureen, 8Belial, Victor Mendivil, Jenny \u201cLa Sexy Voz\u201d, Jadiel y De La Rose, combinando referentes consolidados con nuevas voces de la escena.<\/p><p data-start=\"2238\" data-end=\"2530\">Coincidiendo con el lanzamiento del \u00e1lbum, Bad Gyal ha estrenado el videoclip de <em data-start=\"2319\" data-end=\"2336\">un coro y ya \ud83d\ude42<\/em>, dirigido por Daniel Sannwald. El video, rodado en Barcelona, explora la sensualidad de la canci\u00f3n y la figura de la artista en una narrativa nocturna que mezcla deseo, poder y est\u00e9tica urbana.<\/p>\t\t\t\t\t\t\t\t<\/div>\n\t\t\t\t<\/div>\n\t\t\t\t\t<\/div>\n\t\t<\/div>\n\t\t\t\t\t<\/div>\n\t\t<\/section>\n\t\t\t\t<section class=\"elementor-section elementor-top-section elementor-element elementor-element-c15f84b elementor-section-boxed elementor-section-height-default elementor-section-height-default\" data-id=\"c15f84b\" data-element_type=\"section\" data-e-type=\"section\">\n\t\t\t\t\t\t<div class=\"elementor-container elementor-column-gap-default\">\n\t\t\t\t\t<div class=\"elementor-column elementor-col-100 elementor-top-column elementor-element elementor-element-0e61c6a\" data-id=\"0e61c6a\" data-element_type=\"column\" data-e-type=\"column\">\n\t\t\t<div class=\"elementor-widget-wrap elementor-element-populated\">\n\t\t\t\t\t\t<div class=\"elementor-element elementor-element-434a0fa elementor-widget elementor-widget-video\" data-id=\"434a0fa\" data-element_type=\"widget\" data-e-type=\"widget\" data-settings=\"{&quot;youtube_url&quot;:&quot;https:\\\/\\\/www.youtube.com\\\/watch?v=oCv7gXLrDFI&quot;,&quot;video_type&quot;:&quot;youtube&quot;,&quot;controls&quot;:&quot;yes&quot;}\" data-widget_type=\"video.default\">\n\t\t\t\t<div class=\"elementor-widget-container\">\n\t\t\t\t\t\t\t<div class=\"elementor-wrapper elementor-open-inline\">\n\t\t\t<div class=\"elementor-video\"><\/div>\t\t<\/div>\n\t\t\t\t\t\t<\/div>\n\t\t\t\t<\/div>\n\t\t\t\t\t<\/div>\n\t\t<\/div>\n\t\t\t\t\t<\/div>\n\t\t<\/section>\n\t\t\t\t<section class=\"elementor-section elementor-top-section elementor-element elementor-element-934fd9b elementor-section-boxed elementor-section-height-default elementor-section-height-default\" data-id=\"934fd9b\" data-element_type=\"section\" data-e-type=\"section\">\n\t\t\t\t\t\t<div class=\"elementor-container elementor-column-gap-default\">\n\t\t\t\t\t<div class=\"elementor-column elementor-col-100 elementor-top-column elementor-element elementor-element-9fc1471\" data-id=\"9fc1471\" data-element_type=\"column\" data-e-type=\"column\">\n\t\t\t<div class=\"elementor-widget-wrap elementor-element-populated\">\n\t\t\t\t\t\t<div class=\"elementor-element elementor-element-ae6dfaa elementor-widget elementor-widget-text-editor\" data-id=\"ae6dfaa\" data-element_type=\"widget\" data-e-type=\"widget\" data-widget_type=\"text-editor.default\">\n\t\t\t\t<div class=\"elementor-widget-container\">\n\t\t\t\t\t\t\t\t\t<p data-start=\"2532\" data-end=\"2923\">El lanzamiento llega en un momento clave para la artista, que contin\u00faa consolidando su proyecci\u00f3n internacional. Su gira por Espa\u00f1a avanza con m\u00faltiples fechas agotadas y culminar\u00e1 con su actuaci\u00f3n como headliner en <span class=\"hover:entity-accent entity-underline inline cursor-pointer align-baseline\"><span class=\"whitespace-normal\">Primavera Sound<\/span><\/span>. Adem\u00e1s, recientemente particip\u00f3 en los <span class=\"hover:entity-accent entity-underline inline cursor-pointer align-baseline\"><span class=\"whitespace-normal\">Premios Goya<\/span><\/span>, donde interpret\u00f3 en catal\u00e1n en su debut en la ceremonia.<\/p><p data-start=\"2925\" data-end=\"3134\">Con <em data-start=\"2929\" data-end=\"2939\">m\u00e1s cara<\/em>, Bad Gyal reafirma su posici\u00f3n como una de las voces m\u00e1s influyentes y vers\u00e1tiles de la m\u00fasica urbana actual, expandiendo su sonido y consolidando su presencia dentro del panorama internacional.<\/p>\t\t\t\t\t\t\t\t<\/div>\n\t\t\t\t<\/div>\n\t\t\t\t\t<\/div>\n\t\t<\/div>\n\t\t\t\t\t<\/div>\n\t\t<\/section>\n\t\t\t\t<\/div>","protected":false},"excerpt":{"rendered":"<p>La artista Bad Gyal presenta un proyecto global que mezcla reggaet\u00f3n, dancehall y R&amp;B con nuevas influencias caribe\u00f1as Bad Gyal presenta m\u00e1s cara, su segundo \u00e1lbum de estudio y uno de los proyectos m\u00e1s ambiciosos de su carrera. Concebido como su \u201cdream playlist\u201d, el disco re\u00fane influencias que han marcado su desarrollo art\u00edstico y las [&hellip;]<\/p>\n","protected":false},"author":6,"featured_media":7841,"comment_status":"closed","ping_status":"closed","sticky":false,"template":"","format":"standard","meta":{"footnotes":""},"categories":[4],"tags":[],"class_list":["post-7779","post","type-post","status-publish","format-standard","has-post-thumbnail","hentry","category-musica"],"yoast_head":"<!-- This site is optimized with the Yoast SEO plugin v27.4 - https:\/\/yoast.com\/product\/yoast-seo-wordpress\/ -->\n<title>Bad Gyal lanza su segundo \u00e1lbum M\u00e1s Cara<\/title>\n<meta name=\"description\" content=\"La artista catalana Bad Gyal presenta un proyecto global que mezcla reggaet\u00f3n, dancehall y R&amp;B con nuevas influencias caribe\u00f1as\" \/>\n<meta name=\"robots\" content=\"index, follow, max-snippet:-1, max-image-preview:large, max-video-preview:-1\" \/>\n<link rel=\"canonical\" href=\"https:\/\/unaymilletras.com\/en\/bad-gyal-lanza-su-segundo-album-mas-cara\/\" \/>\n<meta property=\"og:locale\" content=\"en_GB\" \/>\n<meta property=\"og:type\" content=\"article\" \/>\n<meta property=\"og:title\" content=\"Bad Gyal lanza su segundo \u00e1lbum M\u00e1s Cara\" \/>\n<meta property=\"og:description\" content=\"La artista catalana Bad Gyal presenta un proyecto global que mezcla reggaet\u00f3n, dancehall y R&amp;B con nuevas influencias caribe\u00f1as\" \/>\n<meta property=\"og:url\" content=\"https:\/\/unaymilletras.com\/en\/bad-gyal-lanza-su-segundo-album-mas-cara\/\" \/>\n<meta property=\"og:site_name\" content=\"Una y Mil Letras\" \/>\n<meta property=\"article:published_time\" content=\"2026-03-07T19:24:00+00:00\" \/>\n<meta property=\"article:modified_time\" content=\"2026-03-11T00:25:32+00:00\" \/>\n<meta property=\"og:image\" content=\"http:\/\/unaymilletras.com\/wp-content\/uploads\/2026\/03\/BG_MasCara_Album-Cover_Photo-Credit_-Interscope-Records-1-scaled-e1773188625825.jpg\" \/>\n\t<meta property=\"og:image:width\" content=\"600\" \/>\n\t<meta property=\"og:image:height\" content=\"600\" \/>\n\t<meta property=\"og:image:type\" content=\"image\/jpeg\" \/>\n<meta name=\"author\" content=\"Redacci\u00f3n\" \/>\n<meta name=\"twitter:card\" content=\"summary_large_image\" \/>\n<meta name=\"twitter:creator\" content=\"@UnaYMilLetras\" \/>\n<meta name=\"twitter:site\" content=\"@UnaYMilLetras\" \/>\n<meta name=\"twitter:label1\" content=\"Written by\" \/>\n\t<meta name=\"twitter:data1\" content=\"Redacci\u00f3n\" \/>\n\t<meta name=\"twitter:label2\" content=\"Estimated reading time\" \/>\n\t<meta name=\"twitter:data2\" content=\"3 minutes\" \/>\n<script type=\"application\/ld+json\" class=\"yoast-schema-graph\">{\"@context\":\"https:\\\/\\\/schema.org\",\"@graph\":[{\"@type\":\"Article\",\"@id\":\"https:\\\/\\\/unaymilletras.com\\\/bad-gyal-lanza-su-segundo-album-mas-cara\\\/#article\",\"isPartOf\":{\"@id\":\"https:\\\/\\\/unaymilletras.com\\\/bad-gyal-lanza-su-segundo-album-mas-cara\\\/\"},\"author\":{\"name\":\"Redacci\u00f3n\",\"@id\":\"http:\\\/\\\/unaymilletras.com\\\/#\\\/schema\\\/person\\\/0860dc8a218329991ee2c7591f4f849d\"},\"headline\":\"Bad Gyal lanza su segundo \u00e1lbum M\u00e1s Cara\",\"datePublished\":\"2026-03-07T19:24:00+00:00\",\"dateModified\":\"2026-03-11T00:25:32+00:00\",\"mainEntityOfPage\":{\"@id\":\"https:\\\/\\\/unaymilletras.com\\\/bad-gyal-lanza-su-segundo-album-mas-cara\\\/\"},\"wordCount\":433,\"publisher\":{\"@id\":\"http:\\\/\\\/unaymilletras.com\\\/#organization\"},\"image\":{\"@id\":\"https:\\\/\\\/unaymilletras.com\\\/bad-gyal-lanza-su-segundo-album-mas-cara\\\/#primaryimage\"},\"thumbnailUrl\":\"https:\\\/\\\/unaymilletras.com\\\/wp-content\\\/uploads\\\/2026\\\/03\\\/BG_MasCara_Album-Cover_Photo-Credit_-Interscope-Records-1-scaled-e1773188625825.jpg\",\"articleSection\":[\"M\u00fasica\"],\"inLanguage\":\"en-GB\"},{\"@type\":\"WebPage\",\"@id\":\"https:\\\/\\\/unaymilletras.com\\\/bad-gyal-lanza-su-segundo-album-mas-cara\\\/\",\"url\":\"https:\\\/\\\/unaymilletras.com\\\/bad-gyal-lanza-su-segundo-album-mas-cara\\\/\",\"name\":\"Bad Gyal lanza su segundo \u00e1lbum M\u00e1s Cara\",\"isPartOf\":{\"@id\":\"http:\\\/\\\/unaymilletras.com\\\/#website\"},\"primaryImageOfPage\":{\"@id\":\"https:\\\/\\\/unaymilletras.com\\\/bad-gyal-lanza-su-segundo-album-mas-cara\\\/#primaryimage\"},\"image\":{\"@id\":\"https:\\\/\\\/unaymilletras.com\\\/bad-gyal-lanza-su-segundo-album-mas-cara\\\/#primaryimage\"},\"thumbnailUrl\":\"https:\\\/\\\/unaymilletras.com\\\/wp-content\\\/uploads\\\/2026\\\/03\\\/BG_MasCara_Album-Cover_Photo-Credit_-Interscope-Records-1-scaled-e1773188625825.jpg\",\"datePublished\":\"2026-03-07T19:24:00+00:00\",\"dateModified\":\"2026-03-11T00:25:32+00:00\",\"description\":\"La artista catalana Bad Gyal presenta un proyecto global que mezcla reggaet\u00f3n, dancehall y R&B con nuevas influencias caribe\u00f1as\",\"breadcrumb\":{\"@id\":\"https:\\\/\\\/unaymilletras.com\\\/bad-gyal-lanza-su-segundo-album-mas-cara\\\/#breadcrumb\"},\"inLanguage\":\"en-GB\",\"potentialAction\":[{\"@type\":\"ReadAction\",\"target\":[\"https:\\\/\\\/unaymilletras.com\\\/bad-gyal-lanza-su-segundo-album-mas-cara\\\/\"]}]},{\"@type\":\"ImageObject\",\"inLanguage\":\"en-GB\",\"@id\":\"https:\\\/\\\/unaymilletras.com\\\/bad-gyal-lanza-su-segundo-album-mas-cara\\\/#primaryimage\",\"url\":\"https:\\\/\\\/unaymilletras.com\\\/wp-content\\\/uploads\\\/2026\\\/03\\\/BG_MasCara_Album-Cover_Photo-Credit_-Interscope-Records-1-scaled-e1773188625825.jpg\",\"contentUrl\":\"https:\\\/\\\/unaymilletras.com\\\/wp-content\\\/uploads\\\/2026\\\/03\\\/BG_MasCara_Album-Cover_Photo-Credit_-Interscope-Records-1-scaled-e1773188625825.jpg\",\"width\":600,\"height\":600,\"caption\":\"Portada m\u00e1s cara Bad Gyal\"},{\"@type\":\"BreadcrumbList\",\"@id\":\"https:\\\/\\\/unaymilletras.com\\\/bad-gyal-lanza-su-segundo-album-mas-cara\\\/#breadcrumb\",\"itemListElement\":[{\"@type\":\"ListItem\",\"position\":1,\"name\":\"Home\",\"item\":\"http:\\\/\\\/unaymilletras.com\\\/\"},{\"@type\":\"ListItem\",\"position\":2,\"name\":\"Bad Gyal lanza su segundo \u00e1lbum M\u00e1s Cara\"}]},{\"@type\":\"WebSite\",\"@id\":\"http:\\\/\\\/unaymilletras.com\\\/#website\",\"url\":\"http:\\\/\\\/unaymilletras.com\\\/\",\"name\":\"Una y Mil Letras\",\"description\":\"\",\"publisher\":{\"@id\":\"http:\\\/\\\/unaymilletras.com\\\/#organization\"},\"potentialAction\":[{\"@type\":\"SearchAction\",\"target\":{\"@type\":\"EntryPoint\",\"urlTemplate\":\"http:\\\/\\\/unaymilletras.com\\\/?s={search_term_string}\"},\"query-input\":{\"@type\":\"PropertyValueSpecification\",\"valueRequired\":true,\"valueName\":\"search_term_string\"}}],\"inLanguage\":\"en-GB\"},{\"@type\":\"Organization\",\"@id\":\"http:\\\/\\\/unaymilletras.com\\\/#organization\",\"name\":\"Una y Mil Letras\",\"url\":\"http:\\\/\\\/unaymilletras.com\\\/\",\"logo\":{\"@type\":\"ImageObject\",\"inLanguage\":\"en-GB\",\"@id\":\"http:\\\/\\\/unaymilletras.com\\\/#\\\/schema\\\/logo\\\/image\\\/\",\"url\":\"https:\\\/\\\/unaymilletras.com\\\/wp-content\\\/uploads\\\/2024\\\/06\\\/cropped-Logo-removebg-preview.png\",\"contentUrl\":\"https:\\\/\\\/unaymilletras.com\\\/wp-content\\\/uploads\\\/2024\\\/06\\\/cropped-Logo-removebg-preview.png\",\"width\":512,\"height\":512,\"caption\":\"Una y Mil Letras\"},\"image\":{\"@id\":\"http:\\\/\\\/unaymilletras.com\\\/#\\\/schema\\\/logo\\\/image\\\/\"},\"sameAs\":[\"https:\\\/\\\/x.com\\\/UnaYMilLetras\",\"https:\\\/\\\/instagram.com\\\/UnaYMilLetras\"]},{\"@type\":\"Person\",\"@id\":\"http:\\\/\\\/unaymilletras.com\\\/#\\\/schema\\\/person\\\/0860dc8a218329991ee2c7591f4f849d\",\"name\":\"Redacci\u00f3n\",\"image\":{\"@type\":\"ImageObject\",\"inLanguage\":\"en-GB\",\"@id\":\"https:\\\/\\\/secure.gravatar.com\\\/avatar\\\/d8f55e05a8b6597e45c55a1dcbdbfe44f4a360d88b48e00de5216a79b7732796?s=96&d=mm&r=g\",\"url\":\"https:\\\/\\\/secure.gravatar.com\\\/avatar\\\/d8f55e05a8b6597e45c55a1dcbdbfe44f4a360d88b48e00de5216a79b7732796?s=96&d=mm&r=g\",\"contentUrl\":\"https:\\\/\\\/secure.gravatar.com\\\/avatar\\\/d8f55e05a8b6597e45c55a1dcbdbfe44f4a360d88b48e00de5216a79b7732796?s=96&d=mm&r=g\",\"caption\":\"Redacci\u00f3n\"},\"url\":\"https:\\\/\\\/unaymilletras.com\\\/en\\\/author\\\/redaccion\\\/\"}]}<\/script>\n<!-- \/ Yoast SEO plugin. -->","yoast_head_json":{"title":"Bad Gyal lanza su segundo \u00e1lbum M\u00e1s Cara","description":"La artista catalana Bad Gyal presenta un proyecto global que mezcla reggaet\u00f3n, dancehall y R&B con nuevas influencias caribe\u00f1as","robots":{"index":"index","follow":"follow","max-snippet":"max-snippet:-1","max-image-preview":"max-image-preview:large","max-video-preview":"max-video-preview:-1"},"canonical":"https:\/\/unaymilletras.com\/en\/bad-gyal-lanza-su-segundo-album-mas-cara\/","og_locale":"en_GB","og_type":"article","og_title":"Bad Gyal lanza su segundo \u00e1lbum M\u00e1s Cara","og_description":"La artista catalana Bad Gyal presenta un proyecto global que mezcla reggaet\u00f3n, dancehall y R&B con nuevas influencias caribe\u00f1as","og_url":"https:\/\/unaymilletras.com\/en\/bad-gyal-lanza-su-segundo-album-mas-cara\/","og_site_name":"Una y Mil Letras","article_published_time":"2026-03-07T19:24:00+00:00","article_modified_time":"2026-03-11T00:25:32+00:00","og_image":[{"width":600,"height":600,"url":"http:\/\/unaymilletras.com\/wp-content\/uploads\/2026\/03\/BG_MasCara_Album-Cover_Photo-Credit_-Interscope-Records-1-scaled-e1773188625825.jpg","type":"image\/jpeg"}],"author":"Redacci\u00f3n","twitter_card":"summary_large_image","twitter_creator":"@UnaYMilLetras","twitter_site":"@UnaYMilLetras","twitter_misc":{"Written by":"Redacci\u00f3n","Estimated reading time":"3 minutes"},"schema":{"@context":"https:\/\/schema.org","@graph":[{"@type":"Article","@id":"https:\/\/unaymilletras.com\/bad-gyal-lanza-su-segundo-album-mas-cara\/#article","isPartOf":{"@id":"https:\/\/unaymilletras.com\/bad-gyal-lanza-su-segundo-album-mas-cara\/"},"author":{"name":"Redacci\u00f3n","@id":"http:\/\/unaymilletras.com\/#\/schema\/person\/0860dc8a218329991ee2c7591f4f849d"},"headline":"Bad Gyal lanza su segundo \u00e1lbum M\u00e1s Cara","datePublished":"2026-03-07T19:24:00+00:00","dateModified":"2026-03-11T00:25:32+00:00","mainEntityOfPage":{"@id":"https:\/\/unaymilletras.com\/bad-gyal-lanza-su-segundo-album-mas-cara\/"},"wordCount":433,"publisher":{"@id":"http:\/\/unaymilletras.com\/#organization"},"image":{"@id":"https:\/\/unaymilletras.com\/bad-gyal-lanza-su-segundo-album-mas-cara\/#primaryimage"},"thumbnailUrl":"https:\/\/unaymilletras.com\/wp-content\/uploads\/2026\/03\/BG_MasCara_Album-Cover_Photo-Credit_-Interscope-Records-1-scaled-e1773188625825.jpg","articleSection":["M\u00fasica"],"inLanguage":"en-GB"},{"@type":"WebPage","@id":"https:\/\/unaymilletras.com\/bad-gyal-lanza-su-segundo-album-mas-cara\/","url":"https:\/\/unaymilletras.com\/bad-gyal-lanza-su-segundo-album-mas-cara\/","name":"Bad Gyal lanza su segundo \u00e1lbum M\u00e1s Cara","isPartOf":{"@id":"http:\/\/unaymilletras.com\/#website"},"primaryImageOfPage":{"@id":"https:\/\/unaymilletras.com\/bad-gyal-lanza-su-segundo-album-mas-cara\/#primaryimage"},"image":{"@id":"https:\/\/unaymilletras.com\/bad-gyal-lanza-su-segundo-album-mas-cara\/#primaryimage"},"thumbnailUrl":"https:\/\/unaymilletras.com\/wp-content\/uploads\/2026\/03\/BG_MasCara_Album-Cover_Photo-Credit_-Interscope-Records-1-scaled-e1773188625825.jpg","datePublished":"2026-03-07T19:24:00+00:00","dateModified":"2026-03-11T00:25:32+00:00","description":"La artista catalana Bad Gyal presenta un proyecto global que mezcla reggaet\u00f3n, dancehall y R&B con nuevas influencias caribe\u00f1as","breadcrumb":{"@id":"https:\/\/unaymilletras.com\/bad-gyal-lanza-su-segundo-album-mas-cara\/#breadcrumb"},"inLanguage":"en-GB","potentialAction":[{"@type":"ReadAction","target":["https:\/\/unaymilletras.com\/bad-gyal-lanza-su-segundo-album-mas-cara\/"]}]},{"@type":"ImageObject","inLanguage":"en-GB","@id":"https:\/\/unaymilletras.com\/bad-gyal-lanza-su-segundo-album-mas-cara\/#primaryimage","url":"https:\/\/unaymilletras.com\/wp-content\/uploads\/2026\/03\/BG_MasCara_Album-Cover_Photo-Credit_-Interscope-Records-1-scaled-e1773188625825.jpg","contentUrl":"https:\/\/unaymilletras.com\/wp-content\/uploads\/2026\/03\/BG_MasCara_Album-Cover_Photo-Credit_-Interscope-Records-1-scaled-e1773188625825.jpg","width":600,"height":600,"caption":"Portada m\u00e1s cara Bad Gyal"},{"@type":"BreadcrumbList","@id":"https:\/\/unaymilletras.com\/bad-gyal-lanza-su-segundo-album-mas-cara\/#breadcrumb","itemListElement":[{"@type":"ListItem","position":1,"name":"Home","item":"http:\/\/unaymilletras.com\/"},{"@type":"ListItem","position":2,"name":"Bad Gyal lanza su segundo \u00e1lbum M\u00e1s Cara"}]},{"@type":"WebSite","@id":"http:\/\/unaymilletras.com\/#website","url":"http:\/\/unaymilletras.com\/","name":"Una y Mil Letras","description":"","publisher":{"@id":"http:\/\/unaymilletras.com\/#organization"},"potentialAction":[{"@type":"SearchAction","target":{"@type":"EntryPoint","urlTemplate":"http:\/\/unaymilletras.com\/?s={search_term_string}"},"query-input":{"@type":"PropertyValueSpecification","valueRequired":true,"valueName":"search_term_string"}}],"inLanguage":"en-GB"},{"@type":"Organization","@id":"http:\/\/unaymilletras.com\/#organization","name":"Una y Mil Letras","url":"http:\/\/unaymilletras.com\/","logo":{"@type":"ImageObject","inLanguage":"en-GB","@id":"http:\/\/unaymilletras.com\/#\/schema\/logo\/image\/","url":"https:\/\/unaymilletras.com\/wp-content\/uploads\/2024\/06\/cropped-Logo-removebg-preview.png","contentUrl":"https:\/\/unaymilletras.com\/wp-content\/uploads\/2024\/06\/cropped-Logo-removebg-preview.png","width":512,"height":512,"caption":"Una y Mil Letras"},"image":{"@id":"http:\/\/unaymilletras.com\/#\/schema\/logo\/image\/"},"sameAs":["https:\/\/x.com\/UnaYMilLetras","https:\/\/instagram.com\/UnaYMilLetras"]},{"@type":"Person","@id":"http:\/\/unaymilletras.com\/#\/schema\/person\/0860dc8a218329991ee2c7591f4f849d","name":"Redacci\u00f3n","image":{"@type":"ImageObject","inLanguage":"en-GB","@id":"https:\/\/secure.gravatar.com\/avatar\/d8f55e05a8b6597e45c55a1dcbdbfe44f4a360d88b48e00de5216a79b7732796?s=96&d=mm&r=g","url":"https:\/\/secure.gravatar.com\/avatar\/d8f55e05a8b6597e45c55a1dcbdbfe44f4a360d88b48e00de5216a79b7732796?s=96&d=mm&r=g","contentUrl":"https:\/\/secure.gravatar.com\/avatar\/d8f55e05a8b6597e45c55a1dcbdbfe44f4a360d88b48e00de5216a79b7732796?s=96&d=mm&r=g","caption":"Redacci\u00f3n"},"url":"https:\/\/unaymilletras.com\/en\/author\/redaccion\/"}]}},"_links":{"self":[{"href":"https:\/\/unaymilletras.com\/en\/wp-json\/wp\/v2\/posts\/7779","targetHints":{"allow":["GET"]}}],"collection":[{"href":"https:\/\/unaymilletras.com\/en\/wp-json\/wp\/v2\/posts"}],"about":[{"href":"https:\/\/unaymilletras.com\/en\/wp-json\/wp\/v2\/types\/post"}],"author":[{"embeddable":true,"href":"https:\/\/unaymilletras.com\/en\/wp-json\/wp\/v2\/users\/6"}],"replies":[{"embeddable":true,"href":"https:\/\/unaymilletras.com\/en\/wp-json\/wp\/v2\/comments?post=7779"}],"version-history":[{"count":4,"href":"https:\/\/unaymilletras.com\/en\/wp-json\/wp\/v2\/posts\/7779\/revisions"}],"predecessor-version":[{"id":7844,"href":"https:\/\/unaymilletras.com\/en\/wp-json\/wp\/v2\/posts\/7779\/revisions\/7844"}],"wp:featuredmedia":[{"embeddable":true,"href":"https:\/\/unaymilletras.com\/en\/wp-json\/wp\/v2\/media\/7841"}],"wp:attachment":[{"href":"https:\/\/unaymilletras.com\/en\/wp-json\/wp\/v2\/media?parent=7779"}],"wp:term":[{"taxonomy":"category","embeddable":true,"href":"https:\/\/unaymilletras.com\/en\/wp-json\/wp\/v2\/categories?post=7779"},{"taxonomy":"post_tag","embeddable":true,"href":"https:\/\/unaymilletras.com\/en\/wp-json\/wp\/v2\/tags?post=7779"}],"curies":[{"name":"wp","href":"https:\/\/api.w.org\/{rel}","templated":true}]}}