{"id":7781,"date":"2026-03-08T17:52:18","date_gmt":"2026-03-08T16:52:18","guid":{"rendered":"https:\/\/unaymilletras.com\/?p=7781"},"modified":"2026-03-08T17:52:19","modified_gmt":"2026-03-08T16:52:19","slug":"pitbull-vuelve-a-espana-en-2026","status":"publish","type":"post","link":"https:\/\/unaymilletras.com\/en\/pitbull-vuelve-a-espana-en-2026\/","title":{"rendered":"Pitbull vuelve a Espa\u00f1a en 2026"},"content":{"rendered":"<div data-elementor-type=\"wp-post\" data-elementor-id=\"7781\" class=\"elementor elementor-7781\">\n\t\t\t\t\t\t<section class=\"elementor-section elementor-top-section elementor-element elementor-element-8fae8ad elementor-section-boxed elementor-section-height-default elementor-section-height-default\" data-id=\"8fae8ad\" data-element_type=\"section\" data-e-type=\"section\">\n\t\t\t\t\t\t<div class=\"elementor-container elementor-column-gap-default\">\n\t\t\t\t\t<div class=\"elementor-column elementor-col-100 elementor-top-column elementor-element elementor-element-1793e14\" data-id=\"1793e14\" data-element_type=\"column\" data-e-type=\"column\">\n\t\t\t<div class=\"elementor-widget-wrap elementor-element-populated\">\n\t\t\t\t\t\t<div class=\"elementor-element elementor-element-ad1f001 elementor-widget elementor-widget-heading\" data-id=\"ad1f001\" data-element_type=\"widget\" data-e-type=\"widget\" data-widget_type=\"heading.default\">\n\t\t\t\t<div class=\"elementor-widget-container\">\n\t\t\t\t\t<h2 class=\"elementor-heading-title elementor-size-default\">El artista actuar\u00e1 en Madrid y Barcelona en el mes de noviembre<\/h2>\t\t\t\t<\/div>\n\t\t\t\t<\/div>\n\t\t\t\t\t<\/div>\n\t\t<\/div>\n\t\t\t\t\t<\/div>\n\t\t<\/section>\n\t\t\t\t<section class=\"elementor-section elementor-top-section elementor-element elementor-element-7ec53a56 elementor-section-boxed elementor-section-height-default elementor-section-height-default\" data-id=\"7ec53a56\" data-element_type=\"section\" data-e-type=\"section\">\n\t\t\t\t\t\t<div class=\"elementor-container elementor-column-gap-default\">\n\t\t\t\t\t<div class=\"elementor-column elementor-col-100 elementor-top-column elementor-element elementor-element-38cc4516\" data-id=\"38cc4516\" data-element_type=\"column\" data-e-type=\"column\">\n\t\t\t<div class=\"elementor-widget-wrap elementor-element-populated\">\n\t\t\t\t\t\t<div class=\"elementor-element elementor-element-7693544f elementor-widget elementor-widget-text-editor\" data-id=\"7693544f\" data-element_type=\"widget\" data-e-type=\"widget\" data-widget_type=\"text-editor.default\">\n\t\t\t\t<div class=\"elementor-widget-container\">\n\t\t\t\t\t\t\t\t\t\n<p>El 2026 se est\u00e1 firmando como un a\u00f1o de m\u00fasica, ritmo y energ\u00eda sin l\u00edmites. Pitbull, conocido mundialmente como <em>Mr. Worldwide<\/em> y <em>Mr. 305<\/em>, ha confirmado su regreso a Europa con su gira \u00ab<em>I&#8217;m Back\u00bb<\/em>, y Espa\u00f1a ser\u00e1 una de las paradas. <\/p>\n\n\n\n<p>La superestrella estadounidense actuar\u00e1 el 4 de noviembre en el Palau Sant Jordi de Barcelona y el 5 de noviembre en el Movistar Arena de Madrid. A ambos escenarios se subir\u00e1 con un espect\u00e1culo multigeneracional: hits, espect\u00e1culo visual y la energ\u00eda caracter\u00edstica de su proyecto musical. <\/p>\n\n\n\n<figure class=\"wp-block-image size-large\"><img fetchpriority=\"high\" decoding=\"async\" width=\"788\" height=\"1024\" src=\"https:\/\/unaymilletras.com\/wp-content\/uploads\/2026\/03\/image-3-788x1024.png\" alt=\"\" class=\"wp-image-7782\" srcset=\"https:\/\/unaymilletras.com\/wp-content\/uploads\/2026\/03\/image-3-788x1024.png 788w, https:\/\/unaymilletras.com\/wp-content\/uploads\/2026\/03\/image-3-231x300.png 231w, https:\/\/unaymilletras.com\/wp-content\/uploads\/2026\/03\/image-3-768x998.png 768w, https:\/\/unaymilletras.com\/wp-content\/uploads\/2026\/03\/image-3-1182x1536.png 1182w, https:\/\/unaymilletras.com\/wp-content\/uploads\/2026\/03\/image-3-1575x2048.png 1575w, https:\/\/unaymilletras.com\/wp-content\/uploads\/2026\/03\/image-3-9x12.png 9w, https:\/\/unaymilletras.com\/wp-content\/uploads\/2026\/03\/image-3-1024x1331.png 1024w, https:\/\/unaymilletras.com\/wp-content\/uploads\/2026\/03\/image-3-scaled.png 1969w\" sizes=\"(max-width: 788px) 100vw, 788px\" \/><figcaption class=\"wp-element-caption\">Fuente: Live Nation<\/figcaption><\/figure>\n\n\n\n<p>La gira europea de Pitbull recorrer\u00e1 m\u00e1s de 20 ciudades, desde Lisboa hasta Helsinki, pasando por Z\u00farich, Mil\u00e1n, Lyon, Belgrado, Praga o Budapest. Tras una trayectoria llena de \u00e9xitos y el fen\u00f3meno viral de sus seguidores con pelucas calvas, conocido como <em>The Bald E&#8217;s<\/em>, el artista vuelve para demostrar que est\u00e1 de vuelta.<\/p>\n\n\n\n<p>Sus canciones trascienden generaciones y, cuando suenan en una fiesta, todos las viven al m\u00e1ximo. Por eso, desde <em>I Know You Want Me<\/em> hasta <em>Give Me Everything<\/em>, los conciertos de Pitbull se convierten en un viaje por los himnos que han marcado toda una d\u00e9cada y que siguen haciendo bailar a todo el mundo. \u00bfTe vas a perder la oportunidad de verlo en directo?<\/p>\n\n\n\n<h2 class=\"wp-block-heading\">\u00bfC\u00f3mo conseguir las entradas?<\/h2>\n\n\n\n<p>Las entradas para los conciertos en Espa\u00f1a estar\u00e1n disponibles en varias fases. El mi\u00e9rcoles 11 de marzo habr\u00e1 una preventa a trav\u00e9s de Live Nation y S.S Music. Y, <strong>la venta general comenzar\u00e1 el viernes 13 de marzo<\/strong> a las 10 de la ma\u00f1ana y las entradas estar\u00e1n a la venta en <a href=\"https:\/\/www.livenation.es\/pitbull-tickets-adp284345\">Live Nation<\/a>, <a href=\"https:\/\/www.ticketmaster.es\/artist\/pitbull-entradas\/67883\">Ticketmaster<\/a> y <a href=\"https:\/\/www.elcorteingles.es\/entradas\/conciertos\/pitbull\/\">El Corte Ingl\u00e9s<\/a>, con precios que partir\u00e1n desde 60 euros m\u00e1s gastos de distribuci\u00f3n. <\/p>\n\n\n\n<figure class=\"wp-block-embed is-type-rich is-provider-spotify wp-block-embed-spotify wp-embed-aspect-21-9 wp-has-aspect-ratio\"><div class=\"wp-block-embed__wrapper\">\n<iframe title=\"Spotify Embed: Pitbull\" style=\"border-radius: 12px\" width=\"100%\" height=\"352\" frameborder=\"0\" allowfullscreen allow=\"autoplay; clipboard-write; encrypted-media; fullscreen; picture-in-picture\" loading=\"lazy\" src=\"https:\/\/open.spotify.com\/embed\/artist\/0TnOYISbd1XYRBk9myaseg?si=BumZ26swQmafdlgoXQPsCA&amp;utm_source=oembed\"><\/iframe>\n<\/div><\/figure>\n\n\n\n<p>Estas fechas se suman a un calendario europeo que consolida la gira como una de las m\u00e1s ambiciosas de la carrera de Pitbull, con paradas en estadios y arenas capaces de acoger a miles de fans dispuestos a bailar y cantar sin descanso.<\/p>\n\t\t\t\t\t\t\t\t<\/div>\n\t\t\t\t<\/div>\n\t\t\t\t\t<\/div>\n\t\t<\/div>\n\t\t\t\t\t<\/div>\n\t\t<\/section>\n\t\t\t\t<\/div>","protected":false},"excerpt":{"rendered":"<p>El artista actuar\u00e1 en Madrid y Barcelona en el mes de noviembre El 2026 se est\u00e1 firmando como un a\u00f1o de m\u00fasica, ritmo y energ\u00eda sin l\u00edmites. Pitbull, conocido mundialmente como Mr. Worldwide y Mr. 305, ha confirmado su regreso a Europa con su gira \u00abI&#8217;m Back\u00bb, y Espa\u00f1a ser\u00e1 una de las paradas. La [&hellip;]<\/p>\n","protected":false},"author":5,"featured_media":7787,"comment_status":"closed","ping_status":"closed","sticky":false,"template":"","format":"standard","meta":{"footnotes":""},"categories":[4],"tags":[178,410,412,257,170,414,413,409],"class_list":["post-7781","post","type-post","status-publish","format-standard","has-post-thumbnail","hentry","category-musica","tag-espana","tag-im-back","tag-live-nation","tag-madrid","tag-movistar-arena","tag-mr-worldwide","tag-palau-sant-jordi","tag-pitbull"],"yoast_head":"<!-- This site is optimized with the Yoast SEO plugin v27.4 - https:\/\/yoast.com\/product\/yoast-seo-wordpress\/ -->\n<title>Pitbull vuelve a Espa\u00f1a en 2026 &#8902; Una y Mil Letras<\/title>\n<meta name=\"description\" content=\"Mr Worlwide llega a Espa\u00f1a: Pitbull har\u00e1 vibrar Madrid y Barcelona con sus \u00e9xitos el pr\u00f3ximo mes de noviembre\" \/>\n<meta name=\"robots\" content=\"index, follow, max-snippet:-1, max-image-preview:large, max-video-preview:-1\" \/>\n<link rel=\"canonical\" href=\"https:\/\/unaymilletras.com\/en\/pitbull-vuelve-a-espana-en-2026\/\" \/>\n<meta property=\"og:locale\" content=\"en_GB\" \/>\n<meta property=\"og:type\" content=\"article\" \/>\n<meta property=\"og:title\" content=\"Pitbull vuelve a Espa\u00f1a en 2026 &#8902; Una y Mil Letras\" \/>\n<meta property=\"og:description\" content=\"Mr Worlwide llega a Espa\u00f1a: Pitbull har\u00e1 vibrar Madrid y Barcelona con sus \u00e9xitos el pr\u00f3ximo mes de noviembre\" \/>\n<meta property=\"og:url\" content=\"https:\/\/unaymilletras.com\/en\/pitbull-vuelve-a-espana-en-2026\/\" \/>\n<meta property=\"og:site_name\" content=\"Una y Mil Letras\" \/>\n<meta property=\"article:published_time\" content=\"2026-03-08T16:52:18+00:00\" \/>\n<meta property=\"article:modified_time\" content=\"2026-03-08T16:52:19+00:00\" \/>\n<meta property=\"og:image\" content=\"http:\/\/unaymilletras.com\/wp-content\/uploads\/2026\/03\/f2895e6a-8172-4f2a-b257-a12439339564_SOURCE.jpg\" \/>\n\t<meta property=\"og:image:width\" content=\"2426\" \/>\n\t<meta property=\"og:image:height\" content=\"1365\" \/>\n\t<meta property=\"og:image:type\" content=\"image\/jpeg\" \/>\n<meta name=\"author\" content=\"Luc\u00eda Fandi\u00f1o\" \/>\n<meta name=\"twitter:card\" content=\"summary_large_image\" \/>\n<meta name=\"twitter:creator\" content=\"@UnaYMilLetras\" \/>\n<meta name=\"twitter:site\" content=\"@UnaYMilLetras\" \/>\n<meta name=\"twitter:label1\" content=\"Written by\" \/>\n\t<meta name=\"twitter:data1\" content=\"Luc\u00eda Fandi\u00f1o\" \/>\n\t<meta name=\"twitter:label2\" content=\"Estimated reading time\" \/>\n\t<meta name=\"twitter:data2\" content=\"2 minutes\" \/>\n<script type=\"application\/ld+json\" class=\"yoast-schema-graph\">{\"@context\":\"https:\\\/\\\/schema.org\",\"@graph\":[{\"@type\":\"Article\",\"@id\":\"https:\\\/\\\/unaymilletras.com\\\/pitbull-vuelve-a-espana-en-2026\\\/#article\",\"isPartOf\":{\"@id\":\"https:\\\/\\\/unaymilletras.com\\\/pitbull-vuelve-a-espana-en-2026\\\/\"},\"author\":{\"name\":\"Luc\u00eda Fandi\u00f1o\",\"@id\":\"http:\\\/\\\/unaymilletras.com\\\/#\\\/schema\\\/person\\\/047a24f09ead3f0ba2387e5df86d9336\"},\"headline\":\"Pitbull vuelve a Espa\u00f1a en 2026\",\"datePublished\":\"2026-03-08T16:52:18+00:00\",\"dateModified\":\"2026-03-08T16:52:19+00:00\",\"mainEntityOfPage\":{\"@id\":\"https:\\\/\\\/unaymilletras.com\\\/pitbull-vuelve-a-espana-en-2026\\\/\"},\"wordCount\":376,\"publisher\":{\"@id\":\"http:\\\/\\\/unaymilletras.com\\\/#organization\"},\"image\":{\"@id\":\"https:\\\/\\\/unaymilletras.com\\\/pitbull-vuelve-a-espana-en-2026\\\/#primaryimage\"},\"thumbnailUrl\":\"https:\\\/\\\/unaymilletras.com\\\/wp-content\\\/uploads\\\/2026\\\/03\\\/f2895e6a-8172-4f2a-b257-a12439339564_SOURCE.jpg\",\"keywords\":[\"Espa\u00f1a\",\"I'm Back\",\"Live Nation\",\"Madrid\",\"Movistar Arena\",\"Mr Worldwide\",\"Palau Sant Jordi\",\"Pitbull\"],\"articleSection\":[\"M\u00fasica\"],\"inLanguage\":\"en-GB\"},{\"@type\":\"WebPage\",\"@id\":\"https:\\\/\\\/unaymilletras.com\\\/pitbull-vuelve-a-espana-en-2026\\\/\",\"url\":\"https:\\\/\\\/unaymilletras.com\\\/pitbull-vuelve-a-espana-en-2026\\\/\",\"name\":\"Pitbull vuelve a Espa\u00f1a en 2026 &#8902; Una y Mil Letras\",\"isPartOf\":{\"@id\":\"http:\\\/\\\/unaymilletras.com\\\/#website\"},\"primaryImageOfPage\":{\"@id\":\"https:\\\/\\\/unaymilletras.com\\\/pitbull-vuelve-a-espana-en-2026\\\/#primaryimage\"},\"image\":{\"@id\":\"https:\\\/\\\/unaymilletras.com\\\/pitbull-vuelve-a-espana-en-2026\\\/#primaryimage\"},\"thumbnailUrl\":\"https:\\\/\\\/unaymilletras.com\\\/wp-content\\\/uploads\\\/2026\\\/03\\\/f2895e6a-8172-4f2a-b257-a12439339564_SOURCE.jpg\",\"datePublished\":\"2026-03-08T16:52:18+00:00\",\"dateModified\":\"2026-03-08T16:52:19+00:00\",\"description\":\"Mr Worlwide llega a Espa\u00f1a: Pitbull har\u00e1 vibrar Madrid y Barcelona con sus \u00e9xitos el pr\u00f3ximo mes de noviembre\",\"breadcrumb\":{\"@id\":\"https:\\\/\\\/unaymilletras.com\\\/pitbull-vuelve-a-espana-en-2026\\\/#breadcrumb\"},\"inLanguage\":\"en-GB\",\"potentialAction\":[{\"@type\":\"ReadAction\",\"target\":[\"https:\\\/\\\/unaymilletras.com\\\/pitbull-vuelve-a-espana-en-2026\\\/\"]}]},{\"@type\":\"ImageObject\",\"inLanguage\":\"en-GB\",\"@id\":\"https:\\\/\\\/unaymilletras.com\\\/pitbull-vuelve-a-espana-en-2026\\\/#primaryimage\",\"url\":\"https:\\\/\\\/unaymilletras.com\\\/wp-content\\\/uploads\\\/2026\\\/03\\\/f2895e6a-8172-4f2a-b257-a12439339564_SOURCE.jpg\",\"contentUrl\":\"https:\\\/\\\/unaymilletras.com\\\/wp-content\\\/uploads\\\/2026\\\/03\\\/f2895e6a-8172-4f2a-b257-a12439339564_SOURCE.jpg\",\"width\":2426,\"height\":1365},{\"@type\":\"BreadcrumbList\",\"@id\":\"https:\\\/\\\/unaymilletras.com\\\/pitbull-vuelve-a-espana-en-2026\\\/#breadcrumb\",\"itemListElement\":[{\"@type\":\"ListItem\",\"position\":1,\"name\":\"Home\",\"item\":\"http:\\\/\\\/unaymilletras.com\\\/\"},{\"@type\":\"ListItem\",\"position\":2,\"name\":\"Pitbull vuelve a Espa\u00f1a en 2026\"}]},{\"@type\":\"WebSite\",\"@id\":\"http:\\\/\\\/unaymilletras.com\\\/#website\",\"url\":\"http:\\\/\\\/unaymilletras.com\\\/\",\"name\":\"Una y Mil Letras\",\"description\":\"\",\"publisher\":{\"@id\":\"http:\\\/\\\/unaymilletras.com\\\/#organization\"},\"potentialAction\":[{\"@type\":\"SearchAction\",\"target\":{\"@type\":\"EntryPoint\",\"urlTemplate\":\"http:\\\/\\\/unaymilletras.com\\\/?s={search_term_string}\"},\"query-input\":{\"@type\":\"PropertyValueSpecification\",\"valueRequired\":true,\"valueName\":\"search_term_string\"}}],\"inLanguage\":\"en-GB\"},{\"@type\":\"Organization\",\"@id\":\"http:\\\/\\\/unaymilletras.com\\\/#organization\",\"name\":\"Una y Mil Letras\",\"url\":\"http:\\\/\\\/unaymilletras.com\\\/\",\"logo\":{\"@type\":\"ImageObject\",\"inLanguage\":\"en-GB\",\"@id\":\"http:\\\/\\\/unaymilletras.com\\\/#\\\/schema\\\/logo\\\/image\\\/\",\"url\":\"https:\\\/\\\/unaymilletras.com\\\/wp-content\\\/uploads\\\/2024\\\/06\\\/cropped-Logo-removebg-preview.png\",\"contentUrl\":\"https:\\\/\\\/unaymilletras.com\\\/wp-content\\\/uploads\\\/2024\\\/06\\\/cropped-Logo-removebg-preview.png\",\"width\":512,\"height\":512,\"caption\":\"Una y Mil Letras\"},\"image\":{\"@id\":\"http:\\\/\\\/unaymilletras.com\\\/#\\\/schema\\\/logo\\\/image\\\/\"},\"sameAs\":[\"https:\\\/\\\/x.com\\\/UnaYMilLetras\",\"https:\\\/\\\/instagram.com\\\/UnaYMilLetras\"]},{\"@type\":\"Person\",\"@id\":\"http:\\\/\\\/unaymilletras.com\\\/#\\\/schema\\\/person\\\/047a24f09ead3f0ba2387e5df86d9336\",\"name\":\"Luc\u00eda Fandi\u00f1o\",\"image\":{\"@type\":\"ImageObject\",\"inLanguage\":\"en-GB\",\"@id\":\"https:\\\/\\\/secure.gravatar.com\\\/avatar\\\/d22d9eea03f89c5d17f4b05c3efeb11bad23ff32b99e63bbf54232bc1b6a06b2?s=96&d=mm&r=g\",\"url\":\"https:\\\/\\\/secure.gravatar.com\\\/avatar\\\/d22d9eea03f89c5d17f4b05c3efeb11bad23ff32b99e63bbf54232bc1b6a06b2?s=96&d=mm&r=g\",\"contentUrl\":\"https:\\\/\\\/secure.gravatar.com\\\/avatar\\\/d22d9eea03f89c5d17f4b05c3efeb11bad23ff32b99e63bbf54232bc1b6a06b2?s=96&d=mm&r=g\",\"caption\":\"Luc\u00eda Fandi\u00f1o\"},\"sameAs\":[\"www.instagram.com\\\/luciaafandino\"],\"url\":\"https:\\\/\\\/unaymilletras.com\\\/en\\\/author\\\/luciaafandino\\\/\"}]}<\/script>\n<!-- \/ Yoast SEO plugin. -->","yoast_head_json":{"title":"Pitbull vuelve a Espa\u00f1a en 2026 &#8902; Una y Mil Letras","description":"Mr Worlwide llega a Espa\u00f1a: Pitbull har\u00e1 vibrar Madrid y Barcelona con sus \u00e9xitos el pr\u00f3ximo mes de noviembre","robots":{"index":"index","follow":"follow","max-snippet":"max-snippet:-1","max-image-preview":"max-image-preview:large","max-video-preview":"max-video-preview:-1"},"canonical":"https:\/\/unaymilletras.com\/en\/pitbull-vuelve-a-espana-en-2026\/","og_locale":"en_GB","og_type":"article","og_title":"Pitbull vuelve a Espa\u00f1a en 2026 &#8902; Una y Mil Letras","og_description":"Mr Worlwide llega a Espa\u00f1a: Pitbull har\u00e1 vibrar Madrid y Barcelona con sus \u00e9xitos el pr\u00f3ximo mes de noviembre","og_url":"https:\/\/unaymilletras.com\/en\/pitbull-vuelve-a-espana-en-2026\/","og_site_name":"Una y Mil Letras","article_published_time":"2026-03-08T16:52:18+00:00","article_modified_time":"2026-03-08T16:52:19+00:00","og_image":[{"width":2426,"height":1365,"url":"http:\/\/unaymilletras.com\/wp-content\/uploads\/2026\/03\/f2895e6a-8172-4f2a-b257-a12439339564_SOURCE.jpg","type":"image\/jpeg"}],"author":"Luc\u00eda Fandi\u00f1o","twitter_card":"summary_large_image","twitter_creator":"@UnaYMilLetras","twitter_site":"@UnaYMilLetras","twitter_misc":{"Written by":"Luc\u00eda Fandi\u00f1o","Estimated reading time":"2 minutes"},"schema":{"@context":"https:\/\/schema.org","@graph":[{"@type":"Article","@id":"https:\/\/unaymilletras.com\/pitbull-vuelve-a-espana-en-2026\/#article","isPartOf":{"@id":"https:\/\/unaymilletras.com\/pitbull-vuelve-a-espana-en-2026\/"},"author":{"name":"Luc\u00eda Fandi\u00f1o","@id":"http:\/\/unaymilletras.com\/#\/schema\/person\/047a24f09ead3f0ba2387e5df86d9336"},"headline":"Pitbull vuelve a Espa\u00f1a en 2026","datePublished":"2026-03-08T16:52:18+00:00","dateModified":"2026-03-08T16:52:19+00:00","mainEntityOfPage":{"@id":"https:\/\/unaymilletras.com\/pitbull-vuelve-a-espana-en-2026\/"},"wordCount":376,"publisher":{"@id":"http:\/\/unaymilletras.com\/#organization"},"image":{"@id":"https:\/\/unaymilletras.com\/pitbull-vuelve-a-espana-en-2026\/#primaryimage"},"thumbnailUrl":"https:\/\/unaymilletras.com\/wp-content\/uploads\/2026\/03\/f2895e6a-8172-4f2a-b257-a12439339564_SOURCE.jpg","keywords":["Espa\u00f1a","I'm Back","Live Nation","Madrid","Movistar Arena","Mr Worldwide","Palau Sant Jordi","Pitbull"],"articleSection":["M\u00fasica"],"inLanguage":"en-GB"},{"@type":"WebPage","@id":"https:\/\/unaymilletras.com\/pitbull-vuelve-a-espana-en-2026\/","url":"https:\/\/unaymilletras.com\/pitbull-vuelve-a-espana-en-2026\/","name":"Pitbull vuelve a Espa\u00f1a en 2026 &#8902; Una y Mil Letras","isPartOf":{"@id":"http:\/\/unaymilletras.com\/#website"},"primaryImageOfPage":{"@id":"https:\/\/unaymilletras.com\/pitbull-vuelve-a-espana-en-2026\/#primaryimage"},"image":{"@id":"https:\/\/unaymilletras.com\/pitbull-vuelve-a-espana-en-2026\/#primaryimage"},"thumbnailUrl":"https:\/\/unaymilletras.com\/wp-content\/uploads\/2026\/03\/f2895e6a-8172-4f2a-b257-a12439339564_SOURCE.jpg","datePublished":"2026-03-08T16:52:18+00:00","dateModified":"2026-03-08T16:52:19+00:00","description":"Mr Worlwide llega a Espa\u00f1a: Pitbull har\u00e1 vibrar Madrid y Barcelona con sus \u00e9xitos el pr\u00f3ximo mes de noviembre","breadcrumb":{"@id":"https:\/\/unaymilletras.com\/pitbull-vuelve-a-espana-en-2026\/#breadcrumb"},"inLanguage":"en-GB","potentialAction":[{"@type":"ReadAction","target":["https:\/\/unaymilletras.com\/pitbull-vuelve-a-espana-en-2026\/"]}]},{"@type":"ImageObject","inLanguage":"en-GB","@id":"https:\/\/unaymilletras.com\/pitbull-vuelve-a-espana-en-2026\/#primaryimage","url":"https:\/\/unaymilletras.com\/wp-content\/uploads\/2026\/03\/f2895e6a-8172-4f2a-b257-a12439339564_SOURCE.jpg","contentUrl":"https:\/\/unaymilletras.com\/wp-content\/uploads\/2026\/03\/f2895e6a-8172-4f2a-b257-a12439339564_SOURCE.jpg","width":2426,"height":1365},{"@type":"BreadcrumbList","@id":"https:\/\/unaymilletras.com\/pitbull-vuelve-a-espana-en-2026\/#breadcrumb","itemListElement":[{"@type":"ListItem","position":1,"name":"Home","item":"http:\/\/unaymilletras.com\/"},{"@type":"ListItem","position":2,"name":"Pitbull vuelve a Espa\u00f1a en 2026"}]},{"@type":"WebSite","@id":"http:\/\/unaymilletras.com\/#website","url":"http:\/\/unaymilletras.com\/","name":"Una y Mil Letras","description":"","publisher":{"@id":"http:\/\/unaymilletras.com\/#organization"},"potentialAction":[{"@type":"SearchAction","target":{"@type":"EntryPoint","urlTemplate":"http:\/\/unaymilletras.com\/?s={search_term_string}"},"query-input":{"@type":"PropertyValueSpecification","valueRequired":true,"valueName":"search_term_string"}}],"inLanguage":"en-GB"},{"@type":"Organization","@id":"http:\/\/unaymilletras.com\/#organization","name":"Una y Mil Letras","url":"http:\/\/unaymilletras.com\/","logo":{"@type":"ImageObject","inLanguage":"en-GB","@id":"http:\/\/unaymilletras.com\/#\/schema\/logo\/image\/","url":"https:\/\/unaymilletras.com\/wp-content\/uploads\/2024\/06\/cropped-Logo-removebg-preview.png","contentUrl":"https:\/\/unaymilletras.com\/wp-content\/uploads\/2024\/06\/cropped-Logo-removebg-preview.png","width":512,"height":512,"caption":"Una y Mil Letras"},"image":{"@id":"http:\/\/unaymilletras.com\/#\/schema\/logo\/image\/"},"sameAs":["https:\/\/x.com\/UnaYMilLetras","https:\/\/instagram.com\/UnaYMilLetras"]},{"@type":"Person","@id":"http:\/\/unaymilletras.com\/#\/schema\/person\/047a24f09ead3f0ba2387e5df86d9336","name":"Luc\u00eda Fandi\u00f1o","image":{"@type":"ImageObject","inLanguage":"en-GB","@id":"https:\/\/secure.gravatar.com\/avatar\/d22d9eea03f89c5d17f4b05c3efeb11bad23ff32b99e63bbf54232bc1b6a06b2?s=96&d=mm&r=g","url":"https:\/\/secure.gravatar.com\/avatar\/d22d9eea03f89c5d17f4b05c3efeb11bad23ff32b99e63bbf54232bc1b6a06b2?s=96&d=mm&r=g","contentUrl":"https:\/\/secure.gravatar.com\/avatar\/d22d9eea03f89c5d17f4b05c3efeb11bad23ff32b99e63bbf54232bc1b6a06b2?s=96&d=mm&r=g","caption":"Luc\u00eda Fandi\u00f1o"},"sameAs":["www.instagram.com\/luciaafandino"],"url":"https:\/\/unaymilletras.com\/en\/author\/luciaafandino\/"}]}},"_links":{"self":[{"href":"https:\/\/unaymilletras.com\/en\/wp-json\/wp\/v2\/posts\/7781","targetHints":{"allow":["GET"]}}],"collection":[{"href":"https:\/\/unaymilletras.com\/en\/wp-json\/wp\/v2\/posts"}],"about":[{"href":"https:\/\/unaymilletras.com\/en\/wp-json\/wp\/v2\/types\/post"}],"author":[{"embeddable":true,"href":"https:\/\/unaymilletras.com\/en\/wp-json\/wp\/v2\/users\/5"}],"replies":[{"embeddable":true,"href":"https:\/\/unaymilletras.com\/en\/wp-json\/wp\/v2\/comments?post=7781"}],"version-history":[{"count":5,"href":"https:\/\/unaymilletras.com\/en\/wp-json\/wp\/v2\/posts\/7781\/revisions"}],"predecessor-version":[{"id":7788,"href":"https:\/\/unaymilletras.com\/en\/wp-json\/wp\/v2\/posts\/7781\/revisions\/7788"}],"wp:featuredmedia":[{"embeddable":true,"href":"https:\/\/unaymilletras.com\/en\/wp-json\/wp\/v2\/media\/7787"}],"wp:attachment":[{"href":"https:\/\/unaymilletras.com\/en\/wp-json\/wp\/v2\/media?parent=7781"}],"wp:term":[{"taxonomy":"category","embeddable":true,"href":"https:\/\/unaymilletras.com\/en\/wp-json\/wp\/v2\/categories?post=7781"},{"taxonomy":"post_tag","embeddable":true,"href":"https:\/\/unaymilletras.com\/en\/wp-json\/wp\/v2\/tags?post=7781"}],"curies":[{"name":"wp","href":"https:\/\/api.w.org\/{rel}","templated":true}]}}