{"id":7789,"date":"2026-03-09T10:00:00","date_gmt":"2026-03-09T09:00:00","guid":{"rendered":"https:\/\/unaymilletras.com\/?p=7789"},"modified":"2026-03-09T13:45:04","modified_gmt":"2026-03-09T12:45:04","slug":"taburete-actuara-el-20-de-agosto-en-festival-costa-feira","status":"publish","type":"post","link":"https:\/\/unaymilletras.com\/en\/taburete-actuara-el-20-de-agosto-en-festival-costa-feira\/","title":{"rendered":"Taburete actuar\u00e1 el 20 de agosto en festival Costa Feira"},"content":{"rendered":"<div data-elementor-type=\"wp-post\" data-elementor-id=\"7789\" class=\"elementor elementor-7789\">\n\t\t\t\t\t\t<section class=\"elementor-section elementor-top-section elementor-element elementor-element-2367626 elementor-section-boxed elementor-section-height-default elementor-section-height-default\" data-id=\"2367626\" data-element_type=\"section\" data-e-type=\"section\">\n\t\t\t\t\t\t<div class=\"elementor-container elementor-column-gap-default\">\n\t\t\t\t\t<div class=\"elementor-column elementor-col-100 elementor-top-column elementor-element elementor-element-ba96f0f\" data-id=\"ba96f0f\" data-element_type=\"column\" data-e-type=\"column\">\n\t\t\t<div class=\"elementor-widget-wrap elementor-element-populated\">\n\t\t\t\t\t\t<div class=\"elementor-element elementor-element-fd64289 elementor-widget elementor-widget-heading\" data-id=\"fd64289\" data-element_type=\"widget\" data-e-type=\"widget\" data-widget_type=\"heading.default\">\n\t\t\t\t<div class=\"elementor-widget-container\">\n\t\t\t\t\t<h2 class=\"elementor-heading-title elementor-size-default\">El festival sigue ampliando su cartel para el pr\u00f3ximo verano<\/h2>\t\t\t\t<\/div>\n\t\t\t\t<\/div>\n\t\t\t\t\t<\/div>\n\t\t<\/div>\n\t\t\t\t\t<\/div>\n\t\t<\/section>\n\t\t\t\t<section class=\"elementor-section elementor-top-section elementor-element elementor-element-5bf1523a elementor-section-boxed elementor-section-height-default elementor-section-height-default\" data-id=\"5bf1523a\" data-element_type=\"section\" data-e-type=\"section\">\n\t\t\t\t\t\t<div class=\"elementor-container elementor-column-gap-default\">\n\t\t\t\t\t<div class=\"elementor-column elementor-col-100 elementor-top-column elementor-element elementor-element-748d93e0\" data-id=\"748d93e0\" data-element_type=\"column\" data-e-type=\"column\">\n\t\t\t<div class=\"elementor-widget-wrap elementor-element-populated\">\n\t\t\t\t\t\t<div class=\"elementor-element elementor-element-40814837 elementor-widget elementor-widget-text-editor\" data-id=\"40814837\" data-element_type=\"widget\" data-e-type=\"widget\" data-widget_type=\"text-editor.default\">\n\t\t\t\t<div class=\"elementor-widget-container\">\n\t\t\t\t\t\t\t\t\t\n<p>Sanxenxo se prepara para una dosis de pop-rock con sabor madrile\u00f1o. Taburete subir\u00e1, como ya ha hecho en a\u00f1os anteriores, al escenario del festival Costa Feira el jueves 20 de agosto. La banda liderada por Willy B\u00e1rcenas se suma as\u00ed a la \u00fanica fecha previamente anunciada, la de Rusowsky el 15 de agosto. <\/p>\n\n\n<div class=\"wp-block-image\">\n<figure class=\"aligncenter size-full\"><img fetchpriority=\"high\" decoding=\"async\" width=\"687\" height=\"791\" src=\"https:\/\/unaymilletras.com\/wp-content\/uploads\/2026\/03\/image-4.png\" alt=\"\" class=\"wp-image-7791\" srcset=\"https:\/\/unaymilletras.com\/wp-content\/uploads\/2026\/03\/image-4.png 687w, https:\/\/unaymilletras.com\/wp-content\/uploads\/2026\/03\/image-4-261x300.png 261w, https:\/\/unaymilletras.com\/wp-content\/uploads\/2026\/03\/image-4-10x12.png 10w\" sizes=\"(max-width: 687px) 100vw, 687px\" \/><figcaption class=\"wp-element-caption\">Fuente: Costa Feira<\/figcaption><\/figure>\n<\/div>\n\n\n<p>Tras m\u00e1s de un a\u00f1o alejados de los escenarios, Taburete regres\u00f3 a finales del a\u00f1o pasado con su sexto disco \u00ab<em>El perro que fuma\u00bb<\/em>, un \u00e1lbum que reafirma su consolidaci\u00f3n en el pop-rock de nuestro pa\u00eds. Con este trabajo, adem\u00e1s, abren una nueva etapa en su trayectoria, manteniendo su caracter\u00edstico sonido.<\/p>\n\n\n\n<figure class=\"wp-block-embed is-type-rich is-provider-spotify wp-block-embed-spotify wp-embed-aspect-21-9 wp-has-aspect-ratio\"><div class=\"wp-block-embed__wrapper\">\n<iframe title=\"Spotify Embed: El perro que fuma\" style=\"border-radius: 12px\" width=\"100%\" height=\"352\" frameborder=\"0\" allowfullscreen allow=\"autoplay; clipboard-write; encrypted-media; fullscreen; picture-in-picture\" loading=\"lazy\" src=\"https:\/\/open.spotify.com\/embed\/album\/2VYXLotaXXm4e2NfXbY14Z?si=e000e2fb80ce4873&amp;utm_source=oembed\"><\/iframe>\n<\/div><\/figure>\n\n\n\n<h2 class=\"wp-block-heading\"><em>El perro que fuma <\/em>en directo<\/h2>\n\n\n\n<p>El pasado fin de semana el grupo cerr\u00f3 la primera etapa de esta gira de regreso, una serie de conciertos con los que han vuelto a encontrarse con su p\u00fablico tras m\u00e1s de un a\u00f1o alejados de los escenarios. <\/p>\n\n\n\n<p>A partir de ahora, la banda inicia una nueva fase marcada por su presencia en festivales de todo el pa\u00eds. El primer destino ser\u00e1 el pr\u00f3ximo 4 de abril en X\u00e0bia, punto de partida de un calendario que en los pr\u00f3ximos meses recorrer\u00e1 distintas ciudades espa\u00f1olas, coincidiendo con la llegada del buen tiempo y el arranque de la temporada musical al aire libre.<\/p>\n\n\n\n<ul class=\"wp-block-list\">\n<li>4 de abril &#8211; <strong>Mar de Javea <\/strong><\/li>\n\n\n\n<li>18 de abril &#8211; <strong>Aires de Ja\u00e9n<\/strong> (Jabalquinto) <\/li>\n\n\n\n<li>9 de mayo &#8211; <strong>Jerez de los Caballeros <\/strong><\/li>\n\n\n\n<li>16 de mayo &#8211; <strong>Teatro Axerqu\u00eda<\/strong> (C\u00f3rdoba)<\/li>\n\n\n\n<li>6 de junio &#8211; <strong>Tarraco Arena<\/strong> (Tarragona)<\/li>\n\n\n\n<li>Del 19 al 20 de junio &#8211; <strong>Del Poble Fest<\/strong> (Tavernes de la Valldigna)<\/li>\n\n\n\n<li>26 y 27 de junio &#8211; <strong> Galicia Fest<\/strong> (Vigo)<\/li>\n\n\n\n<li>1 de julio &#8211; <strong>Les Nits de Barcelona<\/strong><\/li>\n\n\n\n<li>3 de julio &#8211; <strong>Metr\u00f3poli <\/strong>(Gij\u00f3n)<\/li>\n\n\n\n<li>10 de julio &#8211; <strong>Torre Luc\u00eda<\/strong> (Plasencia)<\/li>\n\n\n\n<li>17 de julio &#8211; <strong>Campos de Lavanda de la Batalla de Brihuega<\/strong> (Guadalajara)<\/li>\n\n\n\n<li>2 de agosto &#8211; <strong>Cap Roig<\/strong> (Calella de Palafrugell)<\/li>\n\n\n\n<li>20 de agosto &#8211; <strong>Costa Feira <\/strong>(Sanxenxo)<\/li>\n\n\n\n<li>Del 4 al 5 de septiembre &#8211; <strong>Recorda Fest<\/strong> (A Coru\u00f1a)<\/li>\n\n\n\n<li>9 de septiembre &#8211; <strong>Caseta de los Jardinillos<\/strong> (Albacete)<\/li>\n\n\n\n<li>12 de septiembre &#8211; <strong>Fuensalida <\/strong><\/li>\n\n\n\n<li>2 de octubre &#8211; <strong>Plaza de Toros de Murcia <\/strong><\/li>\n\n\n\n<li>26 de diciembre &#8211; <strong>Movistar Arena<\/strong> (Madrid)<\/li>\n<\/ul>\n\n\n\n<p>En ese recorrido estival se enmarca tambi\u00e9n su parada en Sanxenxo. La actuaci\u00f3n del 20 de agosto formar\u00e1 parte de una nueva edici\u00f3n de Costa Feira, el ciclo musical que cada verano convierte a la localidad pontevedresa en uno de los grandes puntos de encuentro de la m\u00fasica en directo en Galicia.<\/p>\n\n\n\n<p>Las entradas ya est\u00e1n disponibles a trav\u00e9s de los <a href=\"https:\/\/costafeira.com\/\">canales habituales de venta del festival.<\/a> Si quieres disfrutar de esta noche de m\u00fasica en Galicia y volver a corear en directo algunos de sus temas m\u00e1s conocidas junto a las nuevas canciones de <em>El perro que fuma<\/em>, <a href=\"https:\/\/costafeira.com\/\">\u00a1corre a por tu entrada!<\/a><\/p>\n\t\t\t\t\t\t\t\t<\/div>\n\t\t\t\t<\/div>\n\t\t\t\t\t<\/div>\n\t\t<\/div>\n\t\t\t\t\t<\/div>\n\t\t<\/section>\n\t\t\t\t<\/div>","protected":false},"excerpt":{"rendered":"<p>El festival sigue ampliando su cartel para el pr\u00f3ximo verano Sanxenxo se prepara para una dosis de pop-rock con sabor madrile\u00f1o. Taburete subir\u00e1, como ya ha hecho en a\u00f1os anteriores, al escenario del festival Costa Feira el jueves 20 de agosto. La banda liderada por Willy B\u00e1rcenas se suma as\u00ed a la \u00fanica fecha previamente [&hellip;]<\/p>\n","protected":false},"author":5,"featured_media":7797,"comment_status":"closed","ping_status":"closed","sticky":false,"template":"","format":"standard","meta":{"footnotes":""},"categories":[4],"tags":[],"class_list":["post-7789","post","type-post","status-publish","format-standard","has-post-thumbnail","hentry","category-musica"],"yoast_head":"<!-- This site is optimized with the Yoast SEO plugin v27.4 - https:\/\/yoast.com\/product\/yoast-seo-wordpress\/ -->\n<title>Taburete actuar\u00e1 el 20 de agosto en festival Costa Feira &#8902; Una y Mil Letras<\/title>\n<meta name=\"description\" content=\"Taburete actuar\u00e1 el 20 de agosto en el festival Costa Feira de Sanxenxo dentro de su gira de regreso con El perro que fuma.\" \/>\n<meta name=\"robots\" content=\"index, follow, max-snippet:-1, max-image-preview:large, max-video-preview:-1\" \/>\n<link rel=\"canonical\" href=\"https:\/\/unaymilletras.com\/en\/taburete-actuara-el-20-de-agosto-en-festival-costa-feira\/\" \/>\n<meta property=\"og:locale\" content=\"en_GB\" \/>\n<meta property=\"og:type\" content=\"article\" \/>\n<meta property=\"og:title\" content=\"Taburete actuar\u00e1 el 20 de agosto en festival Costa Feira &#8902; Una y Mil Letras\" \/>\n<meta property=\"og:description\" content=\"Taburete actuar\u00e1 el 20 de agosto en el festival Costa Feira de Sanxenxo dentro de su gira de regreso con El perro que fuma.\" \/>\n<meta property=\"og:url\" content=\"https:\/\/unaymilletras.com\/en\/taburete-actuara-el-20-de-agosto-en-festival-costa-feira\/\" \/>\n<meta property=\"og:site_name\" content=\"Una y Mil Letras\" \/>\n<meta property=\"article:published_time\" content=\"2026-03-09T09:00:00+00:00\" \/>\n<meta property=\"article:modified_time\" content=\"2026-03-09T12:45:04+00:00\" \/>\n<meta property=\"og:image\" content=\"http:\/\/unaymilletras.com\/wp-content\/uploads\/2026\/03\/unnamed-51-scaled.jpg\" \/>\n\t<meta property=\"og:image:width\" content=\"2560\" \/>\n\t<meta property=\"og:image:height\" content=\"1707\" \/>\n\t<meta property=\"og:image:type\" content=\"image\/jpeg\" \/>\n<meta name=\"author\" content=\"Luc\u00eda Fandi\u00f1o\" \/>\n<meta name=\"twitter:card\" content=\"summary_large_image\" \/>\n<meta name=\"twitter:creator\" content=\"@UnaYMilLetras\" \/>\n<meta name=\"twitter:site\" content=\"@UnaYMilLetras\" \/>\n<meta name=\"twitter:label1\" content=\"Written by\" \/>\n\t<meta name=\"twitter:data1\" content=\"Luc\u00eda Fandi\u00f1o\" \/>\n\t<meta name=\"twitter:label2\" content=\"Estimated reading time\" \/>\n\t<meta name=\"twitter:data2\" content=\"3 minutes\" \/>\n<script type=\"application\/ld+json\" class=\"yoast-schema-graph\">{\"@context\":\"https:\\\/\\\/schema.org\",\"@graph\":[{\"@type\":\"Article\",\"@id\":\"https:\\\/\\\/unaymilletras.com\\\/taburete-actuara-el-20-de-agosto-en-festival-costa-feira\\\/#article\",\"isPartOf\":{\"@id\":\"https:\\\/\\\/unaymilletras.com\\\/taburete-actuara-el-20-de-agosto-en-festival-costa-feira\\\/\"},\"author\":{\"name\":\"Luc\u00eda Fandi\u00f1o\",\"@id\":\"http:\\\/\\\/unaymilletras.com\\\/#\\\/schema\\\/person\\\/047a24f09ead3f0ba2387e5df86d9336\"},\"headline\":\"Taburete actuar\u00e1 el 20 de agosto en festival Costa Feira\",\"datePublished\":\"2026-03-09T09:00:00+00:00\",\"dateModified\":\"2026-03-09T12:45:04+00:00\",\"mainEntityOfPage\":{\"@id\":\"https:\\\/\\\/unaymilletras.com\\\/taburete-actuara-el-20-de-agosto-en-festival-costa-feira\\\/\"},\"wordCount\":513,\"publisher\":{\"@id\":\"http:\\\/\\\/unaymilletras.com\\\/#organization\"},\"image\":{\"@id\":\"https:\\\/\\\/unaymilletras.com\\\/taburete-actuara-el-20-de-agosto-en-festival-costa-feira\\\/#primaryimage\"},\"thumbnailUrl\":\"https:\\\/\\\/unaymilletras.com\\\/wp-content\\\/uploads\\\/2026\\\/03\\\/unnamed-51-scaled.jpg\",\"articleSection\":[\"M\u00fasica\"],\"inLanguage\":\"en-GB\"},{\"@type\":\"WebPage\",\"@id\":\"https:\\\/\\\/unaymilletras.com\\\/taburete-actuara-el-20-de-agosto-en-festival-costa-feira\\\/\",\"url\":\"https:\\\/\\\/unaymilletras.com\\\/taburete-actuara-el-20-de-agosto-en-festival-costa-feira\\\/\",\"name\":\"Taburete actuar\u00e1 el 20 de agosto en festival Costa Feira &#8902; Una y Mil Letras\",\"isPartOf\":{\"@id\":\"http:\\\/\\\/unaymilletras.com\\\/#website\"},\"primaryImageOfPage\":{\"@id\":\"https:\\\/\\\/unaymilletras.com\\\/taburete-actuara-el-20-de-agosto-en-festival-costa-feira\\\/#primaryimage\"},\"image\":{\"@id\":\"https:\\\/\\\/unaymilletras.com\\\/taburete-actuara-el-20-de-agosto-en-festival-costa-feira\\\/#primaryimage\"},\"thumbnailUrl\":\"https:\\\/\\\/unaymilletras.com\\\/wp-content\\\/uploads\\\/2026\\\/03\\\/unnamed-51-scaled.jpg\",\"datePublished\":\"2026-03-09T09:00:00+00:00\",\"dateModified\":\"2026-03-09T12:45:04+00:00\",\"description\":\"Taburete actuar\u00e1 el 20 de agosto en el festival Costa Feira de Sanxenxo dentro de su gira de regreso con El perro que fuma.\",\"breadcrumb\":{\"@id\":\"https:\\\/\\\/unaymilletras.com\\\/taburete-actuara-el-20-de-agosto-en-festival-costa-feira\\\/#breadcrumb\"},\"inLanguage\":\"en-GB\",\"potentialAction\":[{\"@type\":\"ReadAction\",\"target\":[\"https:\\\/\\\/unaymilletras.com\\\/taburete-actuara-el-20-de-agosto-en-festival-costa-feira\\\/\"]}]},{\"@type\":\"ImageObject\",\"inLanguage\":\"en-GB\",\"@id\":\"https:\\\/\\\/unaymilletras.com\\\/taburete-actuara-el-20-de-agosto-en-festival-costa-feira\\\/#primaryimage\",\"url\":\"https:\\\/\\\/unaymilletras.com\\\/wp-content\\\/uploads\\\/2026\\\/03\\\/unnamed-51-scaled.jpg\",\"contentUrl\":\"https:\\\/\\\/unaymilletras.com\\\/wp-content\\\/uploads\\\/2026\\\/03\\\/unnamed-51-scaled.jpg\",\"width\":2560,\"height\":1707},{\"@type\":\"BreadcrumbList\",\"@id\":\"https:\\\/\\\/unaymilletras.com\\\/taburete-actuara-el-20-de-agosto-en-festival-costa-feira\\\/#breadcrumb\",\"itemListElement\":[{\"@type\":\"ListItem\",\"position\":1,\"name\":\"Home\",\"item\":\"http:\\\/\\\/unaymilletras.com\\\/\"},{\"@type\":\"ListItem\",\"position\":2,\"name\":\"Taburete actuar\u00e1 el 20 de agosto en festival Costa Feira\"}]},{\"@type\":\"WebSite\",\"@id\":\"http:\\\/\\\/unaymilletras.com\\\/#website\",\"url\":\"http:\\\/\\\/unaymilletras.com\\\/\",\"name\":\"Una y Mil Letras\",\"description\":\"\",\"publisher\":{\"@id\":\"http:\\\/\\\/unaymilletras.com\\\/#organization\"},\"potentialAction\":[{\"@type\":\"SearchAction\",\"target\":{\"@type\":\"EntryPoint\",\"urlTemplate\":\"http:\\\/\\\/unaymilletras.com\\\/?s={search_term_string}\"},\"query-input\":{\"@type\":\"PropertyValueSpecification\",\"valueRequired\":true,\"valueName\":\"search_term_string\"}}],\"inLanguage\":\"en-GB\"},{\"@type\":\"Organization\",\"@id\":\"http:\\\/\\\/unaymilletras.com\\\/#organization\",\"name\":\"Una y Mil Letras\",\"url\":\"http:\\\/\\\/unaymilletras.com\\\/\",\"logo\":{\"@type\":\"ImageObject\",\"inLanguage\":\"en-GB\",\"@id\":\"http:\\\/\\\/unaymilletras.com\\\/#\\\/schema\\\/logo\\\/image\\\/\",\"url\":\"https:\\\/\\\/unaymilletras.com\\\/wp-content\\\/uploads\\\/2024\\\/06\\\/cropped-Logo-removebg-preview.png\",\"contentUrl\":\"https:\\\/\\\/unaymilletras.com\\\/wp-content\\\/uploads\\\/2024\\\/06\\\/cropped-Logo-removebg-preview.png\",\"width\":512,\"height\":512,\"caption\":\"Una y Mil Letras\"},\"image\":{\"@id\":\"http:\\\/\\\/unaymilletras.com\\\/#\\\/schema\\\/logo\\\/image\\\/\"},\"sameAs\":[\"https:\\\/\\\/x.com\\\/UnaYMilLetras\",\"https:\\\/\\\/instagram.com\\\/UnaYMilLetras\"]},{\"@type\":\"Person\",\"@id\":\"http:\\\/\\\/unaymilletras.com\\\/#\\\/schema\\\/person\\\/047a24f09ead3f0ba2387e5df86d9336\",\"name\":\"Luc\u00eda Fandi\u00f1o\",\"image\":{\"@type\":\"ImageObject\",\"inLanguage\":\"en-GB\",\"@id\":\"https:\\\/\\\/secure.gravatar.com\\\/avatar\\\/d22d9eea03f89c5d17f4b05c3efeb11bad23ff32b99e63bbf54232bc1b6a06b2?s=96&d=mm&r=g\",\"url\":\"https:\\\/\\\/secure.gravatar.com\\\/avatar\\\/d22d9eea03f89c5d17f4b05c3efeb11bad23ff32b99e63bbf54232bc1b6a06b2?s=96&d=mm&r=g\",\"contentUrl\":\"https:\\\/\\\/secure.gravatar.com\\\/avatar\\\/d22d9eea03f89c5d17f4b05c3efeb11bad23ff32b99e63bbf54232bc1b6a06b2?s=96&d=mm&r=g\",\"caption\":\"Luc\u00eda Fandi\u00f1o\"},\"sameAs\":[\"www.instagram.com\\\/luciaafandino\"],\"url\":\"https:\\\/\\\/unaymilletras.com\\\/en\\\/author\\\/luciaafandino\\\/\"}]}<\/script>\n<!-- \/ Yoast SEO plugin. -->","yoast_head_json":{"title":"Taburete actuar\u00e1 el 20 de agosto en festival Costa Feira &#8902; Una y Mil Letras","description":"Taburete actuar\u00e1 el 20 de agosto en el festival Costa Feira de Sanxenxo dentro de su gira de regreso con El perro que fuma.","robots":{"index":"index","follow":"follow","max-snippet":"max-snippet:-1","max-image-preview":"max-image-preview:large","max-video-preview":"max-video-preview:-1"},"canonical":"https:\/\/unaymilletras.com\/en\/taburete-actuara-el-20-de-agosto-en-festival-costa-feira\/","og_locale":"en_GB","og_type":"article","og_title":"Taburete actuar\u00e1 el 20 de agosto en festival Costa Feira &#8902; Una y Mil Letras","og_description":"Taburete actuar\u00e1 el 20 de agosto en el festival Costa Feira de Sanxenxo dentro de su gira de regreso con El perro que fuma.","og_url":"https:\/\/unaymilletras.com\/en\/taburete-actuara-el-20-de-agosto-en-festival-costa-feira\/","og_site_name":"Una y Mil Letras","article_published_time":"2026-03-09T09:00:00+00:00","article_modified_time":"2026-03-09T12:45:04+00:00","og_image":[{"width":2560,"height":1707,"url":"http:\/\/unaymilletras.com\/wp-content\/uploads\/2026\/03\/unnamed-51-scaled.jpg","type":"image\/jpeg"}],"author":"Luc\u00eda Fandi\u00f1o","twitter_card":"summary_large_image","twitter_creator":"@UnaYMilLetras","twitter_site":"@UnaYMilLetras","twitter_misc":{"Written by":"Luc\u00eda Fandi\u00f1o","Estimated reading time":"3 minutes"},"schema":{"@context":"https:\/\/schema.org","@graph":[{"@type":"Article","@id":"https:\/\/unaymilletras.com\/taburete-actuara-el-20-de-agosto-en-festival-costa-feira\/#article","isPartOf":{"@id":"https:\/\/unaymilletras.com\/taburete-actuara-el-20-de-agosto-en-festival-costa-feira\/"},"author":{"name":"Luc\u00eda Fandi\u00f1o","@id":"http:\/\/unaymilletras.com\/#\/schema\/person\/047a24f09ead3f0ba2387e5df86d9336"},"headline":"Taburete actuar\u00e1 el 20 de agosto en festival Costa Feira","datePublished":"2026-03-09T09:00:00+00:00","dateModified":"2026-03-09T12:45:04+00:00","mainEntityOfPage":{"@id":"https:\/\/unaymilletras.com\/taburete-actuara-el-20-de-agosto-en-festival-costa-feira\/"},"wordCount":513,"publisher":{"@id":"http:\/\/unaymilletras.com\/#organization"},"image":{"@id":"https:\/\/unaymilletras.com\/taburete-actuara-el-20-de-agosto-en-festival-costa-feira\/#primaryimage"},"thumbnailUrl":"https:\/\/unaymilletras.com\/wp-content\/uploads\/2026\/03\/unnamed-51-scaled.jpg","articleSection":["M\u00fasica"],"inLanguage":"en-GB"},{"@type":"WebPage","@id":"https:\/\/unaymilletras.com\/taburete-actuara-el-20-de-agosto-en-festival-costa-feira\/","url":"https:\/\/unaymilletras.com\/taburete-actuara-el-20-de-agosto-en-festival-costa-feira\/","name":"Taburete actuar\u00e1 el 20 de agosto en festival Costa Feira &#8902; Una y Mil Letras","isPartOf":{"@id":"http:\/\/unaymilletras.com\/#website"},"primaryImageOfPage":{"@id":"https:\/\/unaymilletras.com\/taburete-actuara-el-20-de-agosto-en-festival-costa-feira\/#primaryimage"},"image":{"@id":"https:\/\/unaymilletras.com\/taburete-actuara-el-20-de-agosto-en-festival-costa-feira\/#primaryimage"},"thumbnailUrl":"https:\/\/unaymilletras.com\/wp-content\/uploads\/2026\/03\/unnamed-51-scaled.jpg","datePublished":"2026-03-09T09:00:00+00:00","dateModified":"2026-03-09T12:45:04+00:00","description":"Taburete actuar\u00e1 el 20 de agosto en el festival Costa Feira de Sanxenxo dentro de su gira de regreso con El perro que fuma.","breadcrumb":{"@id":"https:\/\/unaymilletras.com\/taburete-actuara-el-20-de-agosto-en-festival-costa-feira\/#breadcrumb"},"inLanguage":"en-GB","potentialAction":[{"@type":"ReadAction","target":["https:\/\/unaymilletras.com\/taburete-actuara-el-20-de-agosto-en-festival-costa-feira\/"]}]},{"@type":"ImageObject","inLanguage":"en-GB","@id":"https:\/\/unaymilletras.com\/taburete-actuara-el-20-de-agosto-en-festival-costa-feira\/#primaryimage","url":"https:\/\/unaymilletras.com\/wp-content\/uploads\/2026\/03\/unnamed-51-scaled.jpg","contentUrl":"https:\/\/unaymilletras.com\/wp-content\/uploads\/2026\/03\/unnamed-51-scaled.jpg","width":2560,"height":1707},{"@type":"BreadcrumbList","@id":"https:\/\/unaymilletras.com\/taburete-actuara-el-20-de-agosto-en-festival-costa-feira\/#breadcrumb","itemListElement":[{"@type":"ListItem","position":1,"name":"Home","item":"http:\/\/unaymilletras.com\/"},{"@type":"ListItem","position":2,"name":"Taburete actuar\u00e1 el 20 de agosto en festival Costa Feira"}]},{"@type":"WebSite","@id":"http:\/\/unaymilletras.com\/#website","url":"http:\/\/unaymilletras.com\/","name":"Una y Mil Letras","description":"","publisher":{"@id":"http:\/\/unaymilletras.com\/#organization"},"potentialAction":[{"@type":"SearchAction","target":{"@type":"EntryPoint","urlTemplate":"http:\/\/unaymilletras.com\/?s={search_term_string}"},"query-input":{"@type":"PropertyValueSpecification","valueRequired":true,"valueName":"search_term_string"}}],"inLanguage":"en-GB"},{"@type":"Organization","@id":"http:\/\/unaymilletras.com\/#organization","name":"Una y Mil Letras","url":"http:\/\/unaymilletras.com\/","logo":{"@type":"ImageObject","inLanguage":"en-GB","@id":"http:\/\/unaymilletras.com\/#\/schema\/logo\/image\/","url":"https:\/\/unaymilletras.com\/wp-content\/uploads\/2024\/06\/cropped-Logo-removebg-preview.png","contentUrl":"https:\/\/unaymilletras.com\/wp-content\/uploads\/2024\/06\/cropped-Logo-removebg-preview.png","width":512,"height":512,"caption":"Una y Mil Letras"},"image":{"@id":"http:\/\/unaymilletras.com\/#\/schema\/logo\/image\/"},"sameAs":["https:\/\/x.com\/UnaYMilLetras","https:\/\/instagram.com\/UnaYMilLetras"]},{"@type":"Person","@id":"http:\/\/unaymilletras.com\/#\/schema\/person\/047a24f09ead3f0ba2387e5df86d9336","name":"Luc\u00eda Fandi\u00f1o","image":{"@type":"ImageObject","inLanguage":"en-GB","@id":"https:\/\/secure.gravatar.com\/avatar\/d22d9eea03f89c5d17f4b05c3efeb11bad23ff32b99e63bbf54232bc1b6a06b2?s=96&d=mm&r=g","url":"https:\/\/secure.gravatar.com\/avatar\/d22d9eea03f89c5d17f4b05c3efeb11bad23ff32b99e63bbf54232bc1b6a06b2?s=96&d=mm&r=g","contentUrl":"https:\/\/secure.gravatar.com\/avatar\/d22d9eea03f89c5d17f4b05c3efeb11bad23ff32b99e63bbf54232bc1b6a06b2?s=96&d=mm&r=g","caption":"Luc\u00eda Fandi\u00f1o"},"sameAs":["www.instagram.com\/luciaafandino"],"url":"https:\/\/unaymilletras.com\/en\/author\/luciaafandino\/"}]}},"_links":{"self":[{"href":"https:\/\/unaymilletras.com\/en\/wp-json\/wp\/v2\/posts\/7789","targetHints":{"allow":["GET"]}}],"collection":[{"href":"https:\/\/unaymilletras.com\/en\/wp-json\/wp\/v2\/posts"}],"about":[{"href":"https:\/\/unaymilletras.com\/en\/wp-json\/wp\/v2\/types\/post"}],"author":[{"embeddable":true,"href":"https:\/\/unaymilletras.com\/en\/wp-json\/wp\/v2\/users\/5"}],"replies":[{"embeddable":true,"href":"https:\/\/unaymilletras.com\/en\/wp-json\/wp\/v2\/comments?post=7789"}],"version-history":[{"count":5,"href":"https:\/\/unaymilletras.com\/en\/wp-json\/wp\/v2\/posts\/7789\/revisions"}],"predecessor-version":[{"id":7795,"href":"https:\/\/unaymilletras.com\/en\/wp-json\/wp\/v2\/posts\/7789\/revisions\/7795"}],"wp:featuredmedia":[{"embeddable":true,"href":"https:\/\/unaymilletras.com\/en\/wp-json\/wp\/v2\/media\/7797"}],"wp:attachment":[{"href":"https:\/\/unaymilletras.com\/en\/wp-json\/wp\/v2\/media?parent=7789"}],"wp:term":[{"taxonomy":"category","embeddable":true,"href":"https:\/\/unaymilletras.com\/en\/wp-json\/wp\/v2\/categories?post=7789"},{"taxonomy":"post_tag","embeddable":true,"href":"https:\/\/unaymilletras.com\/en\/wp-json\/wp\/v2\/tags?post=7789"}],"curies":[{"name":"wp","href":"https:\/\/api.w.org\/{rel}","templated":true}]}}