{"id":7808,"date":"2026-03-10T01:01:33","date_gmt":"2026-03-10T00:01:33","guid":{"rendered":"https:\/\/unaymilletras.com\/?p=7808"},"modified":"2026-03-10T21:06:58","modified_gmt":"2026-03-10T20:06:58","slug":"la-velada-del-ano-vi-fecha-lugar-y-combates-confirmados","status":"publish","type":"post","link":"https:\/\/unaymilletras.com\/en\/la-velada-del-ano-vi-fecha-lugar-y-combates-confirmados\/","title":{"rendered":"La Velada del A\u00f1o VI: fecha, lugar y combates confirmados"},"content":{"rendered":"<div data-elementor-type=\"wp-post\" data-elementor-id=\"7808\" class=\"elementor elementor-7808\">\n\t\t\t\t\t\t<section class=\"elementor-section elementor-top-section elementor-element elementor-element-43b8ec9 elementor-section-boxed elementor-section-height-default elementor-section-height-default\" data-id=\"43b8ec9\" data-element_type=\"section\" data-e-type=\"section\">\n\t\t\t\t\t\t<div class=\"elementor-container elementor-column-gap-default\">\n\t\t\t\t\t<div class=\"elementor-column elementor-col-100 elementor-top-column elementor-element elementor-element-04ba33d\" data-id=\"04ba33d\" data-element_type=\"column\" data-e-type=\"column\">\n\t\t\t<div class=\"elementor-widget-wrap elementor-element-populated\">\n\t\t\t\t\t\t<div class=\"elementor-element elementor-element-d0a92a8 elementor-widget elementor-widget-text-editor\" data-id=\"d0a92a8\" data-element_type=\"widget\" data-e-type=\"widget\" data-widget_type=\"text-editor.default\">\n\t\t\t\t<div class=\"elementor-widget-container\">\n\t\t\t\t\t\t\t\t\t<h2 style=\"text-align: center;\"><span style=\"color: #808080;\"><em>IlloJuan vs TheGrefg y YoSoyPlex vs Fernanfloo encabezar\u00e1n La Velada del A\u00f1o VI el 25 de julio en el Estadio de La Cartuja de Sevilla<\/em><\/span><\/h2>\t\t\t\t\t\t\t\t<\/div>\n\t\t\t\t<\/div>\n\t\t\t\t\t<\/div>\n\t\t<\/div>\n\t\t\t\t\t<\/div>\n\t\t<\/section>\n\t\t\t\t<section class=\"elementor-section elementor-top-section elementor-element elementor-element-5b3f430 elementor-section-boxed elementor-section-height-default elementor-section-height-default\" data-id=\"5b3f430\" data-element_type=\"section\" data-e-type=\"section\">\n\t\t\t\t\t\t<div class=\"elementor-container elementor-column-gap-default\">\n\t\t\t\t\t<div class=\"elementor-column elementor-col-100 elementor-top-column elementor-element elementor-element-865e1a8\" data-id=\"865e1a8\" data-element_type=\"column\" data-e-type=\"column\">\n\t\t\t<div class=\"elementor-widget-wrap elementor-element-populated\">\n\t\t\t\t\t\t<div class=\"elementor-element elementor-element-044c78d elementor-widget elementor-widget-text-editor\" data-id=\"044c78d\" data-element_type=\"widget\" data-e-type=\"widget\" data-widget_type=\"text-editor.default\">\n\t\t\t\t<div class=\"elementor-widget-container\">\n\t\t\t\t\t\t\t\t\t<p data-start=\"223\" data-end=\"493\">La Velada del A\u00f1o VI ya es una realidad. Ibai Llanos present\u00f3 oficialmente la nueva edici\u00f3n de su evento de boxeo entre creadores de contenido, que volver\u00e1 a reunir a algunos de los nombres m\u00e1s populares de internet en uno de los espect\u00e1culos m\u00e1s seguidos del streaming.<\/p>\n<p data-start=\"495\" data-end=\"771\">El evento se celebrar\u00e1 el <strong data-start=\"521\" data-end=\"544\">25 de julio de 2026<\/strong> en el <strong data-start=\"551\" data-end=\"587\">Estadio de La Cartuja de Sevilla<\/strong>, con una capacidad para m\u00e1s de <strong data-start=\"619\" data-end=\"642\">80.000 espectadores<\/strong>. Como ya es habitual, se retransmitir\u00e1 gratuitamente a trav\u00e9s de las plataformas del propio Ibai, como Twitch, YouTube y TikTok.<\/p>\t\t\t\t\t\t\t\t<\/div>\n\t\t\t\t<\/div>\n\t\t\t\t\t<\/div>\n\t\t<\/div>\n\t\t\t\t\t<\/div>\n\t\t<\/section>\n\t\t\t\t<section class=\"elementor-section elementor-top-section elementor-element elementor-element-1a94030 elementor-section-boxed elementor-section-height-default elementor-section-height-default\" data-id=\"1a94030\" data-element_type=\"section\" data-e-type=\"section\">\n\t\t\t\t\t\t<div class=\"elementor-container elementor-column-gap-default\">\n\t\t\t\t\t<div class=\"elementor-column elementor-col-100 elementor-top-column elementor-element elementor-element-da36cd3\" data-id=\"da36cd3\" data-element_type=\"column\" data-e-type=\"column\">\n\t\t\t<div class=\"elementor-widget-wrap elementor-element-populated\">\n\t\t\t\t\t\t<div class=\"elementor-element elementor-element-dab0af1 elementor-widget elementor-widget-image\" data-id=\"dab0af1\" data-element_type=\"widget\" data-e-type=\"widget\" data-widget_type=\"image.default\">\n\t\t\t\t<div class=\"elementor-widget-container\">\n\t\t\t\t\t\t\t\t\t\t\t\t\t\t\t<img fetchpriority=\"high\" decoding=\"async\" width=\"640\" height=\"246\" src=\"https:\/\/unaymilletras.com\/wp-content\/uploads\/2026\/03\/8dea474a-582c-ac64-e85a-7db8cdb3-1024x393.jpg\" class=\"attachment-large size-large wp-image-7810\" alt=\"La Velada del A\u00f1o VI\" srcset=\"https:\/\/unaymilletras.com\/wp-content\/uploads\/2026\/03\/8dea474a-582c-ac64-e85a-7db8cdb3-1024x393.jpg 1024w, https:\/\/unaymilletras.com\/wp-content\/uploads\/2026\/03\/8dea474a-582c-ac64-e85a-7db8cdb3-300x115.jpg 300w, https:\/\/unaymilletras.com\/wp-content\/uploads\/2026\/03\/8dea474a-582c-ac64-e85a-7db8cdb3-768x295.jpg 768w, https:\/\/unaymilletras.com\/wp-content\/uploads\/2026\/03\/8dea474a-582c-ac64-e85a-7db8cdb3-18x7.jpg 18w, https:\/\/unaymilletras.com\/wp-content\/uploads\/2026\/03\/8dea474a-582c-ac64-e85a-7db8cdb3-e1773098683656.jpg 600w\" sizes=\"(max-width: 640px) 100vw, 640px\" \/>\t\t\t\t\t\t\t\t\t\t\t\t\t\t\t<\/div>\n\t\t\t\t<\/div>\n\t\t\t\t\t<\/div>\n\t\t<\/div>\n\t\t\t\t\t<\/div>\n\t\t<\/section>\n\t\t\t\t<section class=\"elementor-section elementor-top-section elementor-element elementor-element-393d6c9 elementor-section-boxed elementor-section-height-default elementor-section-height-default\" data-id=\"393d6c9\" data-element_type=\"section\" data-e-type=\"section\">\n\t\t\t\t\t\t<div class=\"elementor-container elementor-column-gap-default\">\n\t\t\t\t\t<div class=\"elementor-column elementor-col-100 elementor-top-column elementor-element elementor-element-978a41d\" data-id=\"978a41d\" data-element_type=\"column\" data-e-type=\"column\">\n\t\t\t<div class=\"elementor-widget-wrap elementor-element-populated\">\n\t\t\t\t\t\t<div class=\"elementor-element elementor-element-08c17c2 elementor-widget elementor-widget-text-editor\" data-id=\"08c17c2\" data-element_type=\"widget\" data-e-type=\"widget\" data-widget_type=\"text-editor.default\">\n\t\t\t\t<div class=\"elementor-widget-container\">\n\t\t\t\t\t\t\t\t\t<p data-start=\"1118\" data-end=\"1263\">Esta sexta edici\u00f3n ser\u00e1 la m\u00e1s ambiciosa hasta la fecha, con\u00a0<strong data-start=\"834\" data-end=\"861\">10 combates confirmados<\/strong>, m\u00e1s participantes que nunca y varios enfrentamientos entre creadores de Espa\u00f1a y Latinoam\u00e9rica. La presentaci\u00f3n del evento tambi\u00e9n volvi\u00f3 a batir r\u00e9cords de audiencia, con\u00a0<strong data-start=\"1035\" data-end=\"1096\">m\u00e1s de 1,7 millones de dispositivos conectados en directo<\/strong>\u00a0durante el anuncio.<\/p><p data-start=\"1118\" data-end=\"1263\">Adem\u00e1s, las entradas se agotaron en menos de tres horas, confirmando una vez m\u00e1s el enorme fen\u00f3meno en el que se ha convertido La Velada del A\u00f1o.<\/p><h4 data-start=\"1520\" data-end=\"1567\"><span style=\"color: #800000;\"><em><strong>Combates confirmados de La Velada del A\u00f1o VI<\/strong><\/em><\/span><\/h4>\t\t\t\t\t\t\t\t<\/div>\n\t\t\t\t<\/div>\n\t\t\t\t\t<\/div>\n\t\t<\/div>\n\t\t\t\t\t<\/div>\n\t\t<\/section>\n\t\t\t\t<section class=\"elementor-section elementor-top-section elementor-element elementor-element-62580b9 elementor-section-boxed elementor-section-height-default elementor-section-height-default\" data-id=\"62580b9\" data-element_type=\"section\" data-e-type=\"section\">\n\t\t\t\t\t\t<div class=\"elementor-container elementor-column-gap-default\">\n\t\t\t\t\t<div class=\"elementor-column elementor-col-50 elementor-top-column elementor-element elementor-element-cf2923e\" data-id=\"cf2923e\" data-element_type=\"column\" data-e-type=\"column\">\n\t\t\t<div class=\"elementor-widget-wrap elementor-element-populated\">\n\t\t\t\t\t\t<div class=\"elementor-element elementor-element-ebbb41a elementor-widget elementor-widget-image\" data-id=\"ebbb41a\" data-element_type=\"widget\" data-e-type=\"widget\" data-widget_type=\"image.default\">\n\t\t\t\t<div class=\"elementor-widget-container\">\n\t\t\t\t\t\t\t\t\t\t\t\t\t\t\t<img decoding=\"async\" width=\"640\" height=\"853\" src=\"https:\/\/unaymilletras.com\/wp-content\/uploads\/2026\/03\/5f7d09be-3e10-4d92-b493-15ec88e57c1b-768x1024.jpg\" class=\"attachment-large size-large wp-image-7813\" alt=\"La Velada del A\u00f1o VI\" srcset=\"https:\/\/unaymilletras.com\/wp-content\/uploads\/2026\/03\/5f7d09be-3e10-4d92-b493-15ec88e57c1b-768x1024.jpg 768w, https:\/\/unaymilletras.com\/wp-content\/uploads\/2026\/03\/5f7d09be-3e10-4d92-b493-15ec88e57c1b-225x300.jpg 225w, https:\/\/unaymilletras.com\/wp-content\/uploads\/2026\/03\/5f7d09be-3e10-4d92-b493-15ec88e57c1b-1152x1536.jpg 1152w, https:\/\/unaymilletras.com\/wp-content\/uploads\/2026\/03\/5f7d09be-3e10-4d92-b493-15ec88e57c1b-1536x2048.jpg 1536w, https:\/\/unaymilletras.com\/wp-content\/uploads\/2026\/03\/5f7d09be-3e10-4d92-b493-15ec88e57c1b-9x12.jpg 9w, https:\/\/unaymilletras.com\/wp-content\/uploads\/2026\/03\/5f7d09be-3e10-4d92-b493-15ec88e57c1b-1024x1365.jpg 1024w, https:\/\/unaymilletras.com\/wp-content\/uploads\/2026\/03\/5f7d09be-3e10-4d92-b493-15ec88e57c1b.jpg 1920w\" sizes=\"(max-width: 640px) 100vw, 640px\" \/>\t\t\t\t\t\t\t\t\t\t\t\t\t\t\t<\/div>\n\t\t\t\t<\/div>\n\t\t\t\t\t<\/div>\n\t\t<\/div>\n\t\t\t\t<div class=\"elementor-column elementor-col-50 elementor-top-column elementor-element elementor-element-c85adb5\" data-id=\"c85adb5\" data-element_type=\"column\" data-e-type=\"column\">\n\t\t\t<div class=\"elementor-widget-wrap elementor-element-populated\">\n\t\t\t\t\t\t<div class=\"elementor-element elementor-element-4bbe06d elementor-widget elementor-widget-text-editor\" data-id=\"4bbe06d\" data-element_type=\"widget\" data-e-type=\"widget\" data-widget_type=\"text-editor.default\">\n\t\t\t\t<div class=\"elementor-widget-container\">\n\t\t\t\t\t\t\t\t\t<h5 data-start=\"1569\" data-end=\"1599\"><strong>Edu Aguirre vs Gast\u00f3n Edul<\/strong><\/h5><p data-start=\"1600\" data-end=\"1816\">El periodista espa\u00f1ol Edu Aguirre se enfrentar\u00e1 al argentino Gast\u00f3n Edul en uno de los combates m\u00e1s curiosos de la noche. Dos comunicadores acostumbrados a cubrir grandes eventos deportivos que ahora pasar\u00e1n al ring.<\/p>\t\t\t\t\t\t\t\t<\/div>\n\t\t\t\t<\/div>\n\t\t\t\t\t<\/div>\n\t\t<\/div>\n\t\t\t\t\t<\/div>\n\t\t<\/section>\n\t\t\t\t<section class=\"elementor-section elementor-top-section elementor-element elementor-element-fb6e0e7 elementor-section-boxed elementor-section-height-default elementor-section-height-default\" data-id=\"fb6e0e7\" data-element_type=\"section\" data-e-type=\"section\">\n\t\t\t\t\t\t<div class=\"elementor-container elementor-column-gap-default\">\n\t\t\t\t\t<div class=\"elementor-column elementor-col-50 elementor-top-column elementor-element elementor-element-87c5a3b\" data-id=\"87c5a3b\" data-element_type=\"column\" data-e-type=\"column\">\n\t\t\t<div class=\"elementor-widget-wrap elementor-element-populated\">\n\t\t\t\t\t\t<div class=\"elementor-element elementor-element-abf72fa elementor-widget elementor-widget-text-editor\" data-id=\"abf72fa\" data-element_type=\"widget\" data-e-type=\"widget\" data-widget_type=\"text-editor.default\">\n\t\t\t\t<div class=\"elementor-widget-container\">\n\t\t\t\t\t\t\t\t\t<h5 data-start=\"1956\" data-end=\"1989\"><strong>Fabiana Sevillano vs La Parce<\/strong><\/h5><p data-start=\"1990\" data-end=\"2281\">La creadora espa\u00f1ola Fabiana Sevillanosse enfrentar\u00e1 a La Parce, presidenta del equipo Atl\u00e9tico Parceras en la Queens League Am\u00e9ricas. El combate enfrentar\u00e1 a Espa\u00f1a y Colombia en un duelo entre dos creadoras que llegan sin experiencia previa en deportes de contacto.<\/p>\t\t\t\t\t\t\t\t<\/div>\n\t\t\t\t<\/div>\n\t\t\t\t\t<\/div>\n\t\t<\/div>\n\t\t\t\t<div class=\"elementor-column elementor-col-50 elementor-top-column elementor-element elementor-element-79cc624\" data-id=\"79cc624\" data-element_type=\"column\" data-e-type=\"column\">\n\t\t\t<div class=\"elementor-widget-wrap elementor-element-populated\">\n\t\t\t\t\t\t<div class=\"elementor-element elementor-element-78db726 elementor-widget elementor-widget-image\" data-id=\"78db726\" data-element_type=\"widget\" data-e-type=\"widget\" data-widget_type=\"image.default\">\n\t\t\t\t<div class=\"elementor-widget-container\">\n\t\t\t\t\t\t\t\t\t\t\t\t\t\t\t<img decoding=\"async\" width=\"640\" height=\"853\" src=\"https:\/\/unaymilletras.com\/wp-content\/uploads\/2026\/03\/fca95d49-8e6a-4262-bd53-d09bb7eb42b4-768x1024.jpg\" class=\"attachment-large size-large wp-image-7820\" alt=\"La Velada del A\u00f1o VI\" srcset=\"https:\/\/unaymilletras.com\/wp-content\/uploads\/2026\/03\/fca95d49-8e6a-4262-bd53-d09bb7eb42b4-768x1024.jpg 768w, https:\/\/unaymilletras.com\/wp-content\/uploads\/2026\/03\/fca95d49-8e6a-4262-bd53-d09bb7eb42b4-225x300.jpg 225w, https:\/\/unaymilletras.com\/wp-content\/uploads\/2026\/03\/fca95d49-8e6a-4262-bd53-d09bb7eb42b4-1152x1536.jpg 1152w, https:\/\/unaymilletras.com\/wp-content\/uploads\/2026\/03\/fca95d49-8e6a-4262-bd53-d09bb7eb42b4-1536x2048.jpg 1536w, https:\/\/unaymilletras.com\/wp-content\/uploads\/2026\/03\/fca95d49-8e6a-4262-bd53-d09bb7eb42b4-9x12.jpg 9w, https:\/\/unaymilletras.com\/wp-content\/uploads\/2026\/03\/fca95d49-8e6a-4262-bd53-d09bb7eb42b4-1024x1365.jpg 1024w, https:\/\/unaymilletras.com\/wp-content\/uploads\/2026\/03\/fca95d49-8e6a-4262-bd53-d09bb7eb42b4-e1773100103959.jpg 600w\" sizes=\"(max-width: 640px) 100vw, 640px\" \/>\t\t\t\t\t\t\t\t\t\t\t\t\t\t\t<\/div>\n\t\t\t\t<\/div>\n\t\t\t\t\t<\/div>\n\t\t<\/div>\n\t\t\t\t\t<\/div>\n\t\t<\/section>\n\t\t\t\t<section class=\"elementor-section elementor-top-section elementor-element elementor-element-7011eec elementor-section-boxed elementor-section-height-default elementor-section-height-default\" data-id=\"7011eec\" data-element_type=\"section\" data-e-type=\"section\">\n\t\t\t\t\t\t<div class=\"elementor-container elementor-column-gap-default\">\n\t\t\t\t\t<div class=\"elementor-column elementor-col-50 elementor-top-column elementor-element elementor-element-c8feeb9\" data-id=\"c8feeb9\" data-element_type=\"column\" data-e-type=\"column\">\n\t\t\t<div class=\"elementor-widget-wrap elementor-element-populated\">\n\t\t\t\t\t\t<div class=\"elementor-element elementor-element-8573bf1 elementor-widget elementor-widget-image\" data-id=\"8573bf1\" data-element_type=\"widget\" data-e-type=\"widget\" data-widget_type=\"image.default\">\n\t\t\t\t<div class=\"elementor-widget-container\">\n\t\t\t\t\t\t\t\t\t\t\t\t\t\t\t<img loading=\"lazy\" decoding=\"async\" width=\"640\" height=\"853\" src=\"https:\/\/unaymilletras.com\/wp-content\/uploads\/2026\/03\/6a5bf687-f9d9-4a27-ab75-f05e3a9aa476-768x1024.jpg\" class=\"attachment-large size-large wp-image-7814\" alt=\"La Velada del A\u00f1o VI\" srcset=\"https:\/\/unaymilletras.com\/wp-content\/uploads\/2026\/03\/6a5bf687-f9d9-4a27-ab75-f05e3a9aa476-768x1024.jpg 768w, https:\/\/unaymilletras.com\/wp-content\/uploads\/2026\/03\/6a5bf687-f9d9-4a27-ab75-f05e3a9aa476-225x300.jpg 225w, https:\/\/unaymilletras.com\/wp-content\/uploads\/2026\/03\/6a5bf687-f9d9-4a27-ab75-f05e3a9aa476-1152x1536.jpg 1152w, https:\/\/unaymilletras.com\/wp-content\/uploads\/2026\/03\/6a5bf687-f9d9-4a27-ab75-f05e3a9aa476-1536x2048.jpg 1536w, https:\/\/unaymilletras.com\/wp-content\/uploads\/2026\/03\/6a5bf687-f9d9-4a27-ab75-f05e3a9aa476-9x12.jpg 9w, https:\/\/unaymilletras.com\/wp-content\/uploads\/2026\/03\/6a5bf687-f9d9-4a27-ab75-f05e3a9aa476-1024x1365.jpg 1024w, https:\/\/unaymilletras.com\/wp-content\/uploads\/2026\/03\/6a5bf687-f9d9-4a27-ab75-f05e3a9aa476-e1773100126562.jpg 600w\" sizes=\"(max-width: 640px) 100vw, 640px\" \/>\t\t\t\t\t\t\t\t\t\t\t\t\t\t\t<\/div>\n\t\t\t\t<\/div>\n\t\t\t\t\t<\/div>\n\t\t<\/div>\n\t\t\t\t<div class=\"elementor-column elementor-col-50 elementor-top-column elementor-element elementor-element-4cd7dab\" data-id=\"4cd7dab\" data-element_type=\"column\" data-e-type=\"column\">\n\t\t\t<div class=\"elementor-widget-wrap elementor-element-populated\">\n\t\t\t\t\t\t<div class=\"elementor-element elementor-element-df507c8 elementor-widget elementor-widget-text-editor\" data-id=\"df507c8\" data-element_type=\"widget\" data-e-type=\"widget\" data-widget_type=\"text-editor.default\">\n\t\t\t\t<div class=\"elementor-widget-container\">\n\t\t\t\t\t\t\t\t\t<h5 data-start=\"2283\" data-end=\"2314\"><strong>Alondrissa vs Angie Velasco<\/strong><\/h5><p data-start=\"2315\" data-end=\"2537\">La streamer puertorrique\u00f1a Alondrissa se medir\u00e1 a la creadora argentina Angie Velasco. Aunque mantienen una buena relaci\u00f3n fuera del ring, ambas llevan meses prepar\u00e1ndose f\u00edsicamente para un combate que promete intensidad.<\/p>\t\t\t\t\t\t\t\t<\/div>\n\t\t\t\t<\/div>\n\t\t\t\t\t<\/div>\n\t\t<\/div>\n\t\t\t\t\t<\/div>\n\t\t<\/section>\n\t\t\t\t<section class=\"elementor-section elementor-top-section elementor-element elementor-element-52c2ec9 elementor-section-boxed elementor-section-height-default elementor-section-height-default\" data-id=\"52c2ec9\" data-element_type=\"section\" data-e-type=\"section\">\n\t\t\t\t\t\t<div class=\"elementor-container elementor-column-gap-default\">\n\t\t\t\t\t<div class=\"elementor-column elementor-col-50 elementor-top-column elementor-element elementor-element-9bd6570\" data-id=\"9bd6570\" data-element_type=\"column\" data-e-type=\"column\">\n\t\t\t<div class=\"elementor-widget-wrap elementor-element-populated\">\n\t\t\t\t\t\t<div class=\"elementor-element elementor-element-799e682 elementor-widget elementor-widget-text-editor\" data-id=\"799e682\" data-element_type=\"widget\" data-e-type=\"widget\" data-widget_type=\"text-editor.default\">\n\t\t\t\t<div class=\"elementor-widget-container\">\n\t\t\t\t\t\t\t\t\t<h5 data-start=\"2539\" data-end=\"2564\"><strong>Clersss vs Natalia MX<\/strong><\/h5><p data-start=\"2565\" data-end=\"2818\">Uno de los enfrentamientos Espa\u00f1a vs M\u00e9xico de esta edici\u00f3n. Clersss se enfrentar\u00e1 a Natalia MX, creadora mexicana y presidenta del equipo Club de Cuervos en la Queens League Am\u00e9ricas. Natalia parte como una de las favoritas por su perfil m\u00e1s deportivo.<\/p>\t\t\t\t\t\t\t\t<\/div>\n\t\t\t\t<\/div>\n\t\t\t\t\t<\/div>\n\t\t<\/div>\n\t\t\t\t<div class=\"elementor-column elementor-col-50 elementor-top-column elementor-element elementor-element-cf06e50\" data-id=\"cf06e50\" data-element_type=\"column\" data-e-type=\"column\">\n\t\t\t<div class=\"elementor-widget-wrap elementor-element-populated\">\n\t\t\t\t\t\t<div class=\"elementor-element elementor-element-16f545b elementor-widget elementor-widget-image\" data-id=\"16f545b\" data-element_type=\"widget\" data-e-type=\"widget\" data-widget_type=\"image.default\">\n\t\t\t\t<div class=\"elementor-widget-container\">\n\t\t\t\t\t\t\t\t\t\t\t\t\t\t\t<img loading=\"lazy\" decoding=\"async\" width=\"640\" height=\"853\" src=\"https:\/\/unaymilletras.com\/wp-content\/uploads\/2026\/03\/0bec4081-33fb-4e4a-86ee-064ea38ff35c-768x1024.jpg\" class=\"attachment-large size-large wp-image-7811\" alt=\"La Velada del A\u00f1o VI\" srcset=\"https:\/\/unaymilletras.com\/wp-content\/uploads\/2026\/03\/0bec4081-33fb-4e4a-86ee-064ea38ff35c-768x1024.jpg 768w, https:\/\/unaymilletras.com\/wp-content\/uploads\/2026\/03\/0bec4081-33fb-4e4a-86ee-064ea38ff35c-225x300.jpg 225w, https:\/\/unaymilletras.com\/wp-content\/uploads\/2026\/03\/0bec4081-33fb-4e4a-86ee-064ea38ff35c-1152x1536.jpg 1152w, https:\/\/unaymilletras.com\/wp-content\/uploads\/2026\/03\/0bec4081-33fb-4e4a-86ee-064ea38ff35c-1536x2048.jpg 1536w, https:\/\/unaymilletras.com\/wp-content\/uploads\/2026\/03\/0bec4081-33fb-4e4a-86ee-064ea38ff35c-9x12.jpg 9w, https:\/\/unaymilletras.com\/wp-content\/uploads\/2026\/03\/0bec4081-33fb-4e4a-86ee-064ea38ff35c-1024x1365.jpg 1024w, https:\/\/unaymilletras.com\/wp-content\/uploads\/2026\/03\/0bec4081-33fb-4e4a-86ee-064ea38ff35c-e1773100144936.jpg 600w\" sizes=\"(max-width: 640px) 100vw, 640px\" \/>\t\t\t\t\t\t\t\t\t\t\t\t\t\t\t<\/div>\n\t\t\t\t<\/div>\n\t\t\t\t\t<\/div>\n\t\t<\/div>\n\t\t\t\t\t<\/div>\n\t\t<\/section>\n\t\t\t\t<section class=\"elementor-section elementor-top-section elementor-element elementor-element-333d4ba elementor-section-boxed elementor-section-height-default elementor-section-height-default\" data-id=\"333d4ba\" data-element_type=\"section\" data-e-type=\"section\">\n\t\t\t\t\t\t<div class=\"elementor-container elementor-column-gap-default\">\n\t\t\t\t\t<div class=\"elementor-column elementor-col-50 elementor-top-column elementor-element elementor-element-b21ec85\" data-id=\"b21ec85\" data-element_type=\"column\" data-e-type=\"column\">\n\t\t\t<div class=\"elementor-widget-wrap elementor-element-populated\">\n\t\t\t\t\t\t<div class=\"elementor-element elementor-element-fe05830 elementor-widget elementor-widget-image\" data-id=\"fe05830\" data-element_type=\"widget\" data-e-type=\"widget\" data-widget_type=\"image.default\">\n\t\t\t\t<div class=\"elementor-widget-container\">\n\t\t\t\t\t\t\t\t\t\t\t\t\t\t\t<img loading=\"lazy\" decoding=\"async\" width=\"640\" height=\"853\" src=\"https:\/\/unaymilletras.com\/wp-content\/uploads\/2026\/03\/12033047-da15-4779-ad57-b962c662bc95-768x1024.jpg\" class=\"attachment-large size-large wp-image-7817\" alt=\"La Velada del A\u00f1o VI\" srcset=\"https:\/\/unaymilletras.com\/wp-content\/uploads\/2026\/03\/12033047-da15-4779-ad57-b962c662bc95-768x1024.jpg 768w, https:\/\/unaymilletras.com\/wp-content\/uploads\/2026\/03\/12033047-da15-4779-ad57-b962c662bc95-225x300.jpg 225w, https:\/\/unaymilletras.com\/wp-content\/uploads\/2026\/03\/12033047-da15-4779-ad57-b962c662bc95-1152x1536.jpg 1152w, https:\/\/unaymilletras.com\/wp-content\/uploads\/2026\/03\/12033047-da15-4779-ad57-b962c662bc95-1536x2048.jpg 1536w, https:\/\/unaymilletras.com\/wp-content\/uploads\/2026\/03\/12033047-da15-4779-ad57-b962c662bc95-9x12.jpg 9w, https:\/\/unaymilletras.com\/wp-content\/uploads\/2026\/03\/12033047-da15-4779-ad57-b962c662bc95-1024x1365.jpg 1024w, https:\/\/unaymilletras.com\/wp-content\/uploads\/2026\/03\/12033047-da15-4779-ad57-b962c662bc95-e1773100170501.jpg 600w\" sizes=\"(max-width: 640px) 100vw, 640px\" \/>\t\t\t\t\t\t\t\t\t\t\t\t\t\t\t<\/div>\n\t\t\t\t<\/div>\n\t\t\t\t\t<\/div>\n\t\t<\/div>\n\t\t\t\t<div class=\"elementor-column elementor-col-50 elementor-top-column elementor-element elementor-element-0a12527\" data-id=\"0a12527\" data-element_type=\"column\" data-e-type=\"column\">\n\t\t\t<div class=\"elementor-widget-wrap elementor-element-populated\">\n\t\t\t\t\t\t<div class=\"elementor-element elementor-element-6a5dcb3 elementor-widget elementor-widget-text-editor\" data-id=\"6a5dcb3\" data-element_type=\"widget\" data-e-type=\"widget\" data-widget_type=\"text-editor.default\">\n\t\t\t\t<div class=\"elementor-widget-container\">\n\t\t\t\t\t\t\t\t\t<h5 data-start=\"2820\" data-end=\"2846\"><strong>Gero Arias vs ByViruzz<\/strong><\/h5><p data-start=\"2847\" data-end=\"3103\">El argentino Gero Arias buscar\u00e1 poner a prueba a ByViruzz, uno de los competidores m\u00e1s experimentados de La Velada. El creador espa\u00f1ol disputar\u00e1 su quinto combate en el evento y llega con la reputaci\u00f3n de ser uno de los boxeadores m\u00e1s t\u00e9cnicos del formato.<\/p>\t\t\t\t\t\t\t\t<\/div>\n\t\t\t\t<\/div>\n\t\t\t\t\t<\/div>\n\t\t<\/div>\n\t\t\t\t\t<\/div>\n\t\t<\/section>\n\t\t\t\t<section class=\"elementor-section elementor-top-section elementor-element elementor-element-0866e5e elementor-section-boxed elementor-section-height-default elementor-section-height-default\" data-id=\"0866e5e\" data-element_type=\"section\" data-e-type=\"section\">\n\t\t\t\t\t\t<div class=\"elementor-container elementor-column-gap-default\">\n\t\t\t\t\t<div class=\"elementor-column elementor-col-50 elementor-top-column elementor-element elementor-element-99d2dc6\" data-id=\"99d2dc6\" data-element_type=\"column\" data-e-type=\"column\">\n\t\t\t<div class=\"elementor-widget-wrap elementor-element-populated\">\n\t\t\t\t\t\t<div class=\"elementor-element elementor-element-4b3f582 elementor-widget elementor-widget-text-editor\" data-id=\"4b3f582\" data-element_type=\"widget\" data-e-type=\"widget\" data-widget_type=\"text-editor.default\">\n\t\t\t\t<div class=\"elementor-widget-container\">\n\t\t\t\t\t\t\t\t\t<h5 data-start=\"3105\" data-end=\"3128\"><strong>Samy Rivers vs Roro<\/strong><\/h5><p data-start=\"3129\" data-end=\"3348\">Este ser\u00e1 el gran <strong data-start=\"3147\" data-end=\"3170\">main event femenino<\/strong>. Samy Rivers regresar\u00e1 al ring para disputar su tercer combate dentro del evento, mientras que Roro buscar\u00e1 redimirse tras la derrota y la lesi\u00f3n sufrida en la edici\u00f3n anterior.<\/p>\t\t\t\t\t\t\t\t<\/div>\n\t\t\t\t<\/div>\n\t\t\t\t\t<\/div>\n\t\t<\/div>\n\t\t\t\t<div class=\"elementor-column elementor-col-50 elementor-top-column elementor-element elementor-element-fa26c68\" data-id=\"fa26c68\" data-element_type=\"column\" data-e-type=\"column\">\n\t\t\t<div class=\"elementor-widget-wrap elementor-element-populated\">\n\t\t\t\t\t\t<div class=\"elementor-element elementor-element-6a5db1d elementor-widget elementor-widget-image\" data-id=\"6a5db1d\" data-element_type=\"widget\" data-e-type=\"widget\" data-widget_type=\"image.default\">\n\t\t\t\t<div class=\"elementor-widget-container\">\n\t\t\t\t\t\t\t\t\t\t\t\t\t\t\t<img loading=\"lazy\" decoding=\"async\" width=\"640\" height=\"853\" src=\"https:\/\/unaymilletras.com\/wp-content\/uploads\/2026\/03\/354c2302-081f-4f5e-878f-0a6dad8f2742-768x1024.jpg\" class=\"attachment-large size-large wp-image-7816\" alt=\"La Velada del A\u00f1o VI\" srcset=\"https:\/\/unaymilletras.com\/wp-content\/uploads\/2026\/03\/354c2302-081f-4f5e-878f-0a6dad8f2742-768x1024.jpg 768w, https:\/\/unaymilletras.com\/wp-content\/uploads\/2026\/03\/354c2302-081f-4f5e-878f-0a6dad8f2742-225x300.jpg 225w, https:\/\/unaymilletras.com\/wp-content\/uploads\/2026\/03\/354c2302-081f-4f5e-878f-0a6dad8f2742-1152x1536.jpg 1152w, https:\/\/unaymilletras.com\/wp-content\/uploads\/2026\/03\/354c2302-081f-4f5e-878f-0a6dad8f2742-1536x2048.jpg 1536w, https:\/\/unaymilletras.com\/wp-content\/uploads\/2026\/03\/354c2302-081f-4f5e-878f-0a6dad8f2742-9x12.jpg 9w, https:\/\/unaymilletras.com\/wp-content\/uploads\/2026\/03\/354c2302-081f-4f5e-878f-0a6dad8f2742-1024x1365.jpg 1024w, https:\/\/unaymilletras.com\/wp-content\/uploads\/2026\/03\/354c2302-081f-4f5e-878f-0a6dad8f2742-e1773100198874.jpg 600w\" sizes=\"(max-width: 640px) 100vw, 640px\" \/>\t\t\t\t\t\t\t\t\t\t\t\t\t\t\t<\/div>\n\t\t\t\t<\/div>\n\t\t\t\t\t<\/div>\n\t\t<\/div>\n\t\t\t\t\t<\/div>\n\t\t<\/section>\n\t\t\t\t<section class=\"elementor-section elementor-top-section elementor-element elementor-element-02fc6f9 elementor-section-boxed elementor-section-height-default elementor-section-height-default\" data-id=\"02fc6f9\" data-element_type=\"section\" data-e-type=\"section\">\n\t\t\t\t\t\t<div class=\"elementor-container elementor-column-gap-default\">\n\t\t\t\t\t<div class=\"elementor-column elementor-col-50 elementor-top-column elementor-element elementor-element-ee16518\" data-id=\"ee16518\" data-element_type=\"column\" data-e-type=\"column\">\n\t\t\t<div class=\"elementor-widget-wrap elementor-element-populated\">\n\t\t\t\t\t\t<div class=\"elementor-element elementor-element-bfe85ca elementor-widget elementor-widget-image\" data-id=\"bfe85ca\" data-element_type=\"widget\" data-e-type=\"widget\" data-widget_type=\"image.default\">\n\t\t\t\t<div class=\"elementor-widget-container\">\n\t\t\t\t\t\t\t\t\t\t\t\t\t\t\t<img loading=\"lazy\" decoding=\"async\" width=\"640\" height=\"853\" src=\"https:\/\/unaymilletras.com\/wp-content\/uploads\/2026\/03\/6b45ed18-8fa2-4c22-bf13-2ffb576d6422-768x1024.jpg\" class=\"attachment-large size-large wp-image-7815\" alt=\"La Velada del A\u00f1o VI\" srcset=\"https:\/\/unaymilletras.com\/wp-content\/uploads\/2026\/03\/6b45ed18-8fa2-4c22-bf13-2ffb576d6422-768x1024.jpg 768w, https:\/\/unaymilletras.com\/wp-content\/uploads\/2026\/03\/6b45ed18-8fa2-4c22-bf13-2ffb576d6422-225x300.jpg 225w, https:\/\/unaymilletras.com\/wp-content\/uploads\/2026\/03\/6b45ed18-8fa2-4c22-bf13-2ffb576d6422-1152x1536.jpg 1152w, https:\/\/unaymilletras.com\/wp-content\/uploads\/2026\/03\/6b45ed18-8fa2-4c22-bf13-2ffb576d6422-1536x2048.jpg 1536w, https:\/\/unaymilletras.com\/wp-content\/uploads\/2026\/03\/6b45ed18-8fa2-4c22-bf13-2ffb576d6422-9x12.jpg 9w, https:\/\/unaymilletras.com\/wp-content\/uploads\/2026\/03\/6b45ed18-8fa2-4c22-bf13-2ffb576d6422-1024x1365.jpg 1024w, https:\/\/unaymilletras.com\/wp-content\/uploads\/2026\/03\/6b45ed18-8fa2-4c22-bf13-2ffb576d6422-e1773100263783.jpg 600w\" sizes=\"(max-width: 640px) 100vw, 640px\" \/>\t\t\t\t\t\t\t\t\t\t\t\t\t\t\t<\/div>\n\t\t\t\t<\/div>\n\t\t\t\t\t<\/div>\n\t\t<\/div>\n\t\t\t\t<div class=\"elementor-column elementor-col-50 elementor-top-column elementor-element elementor-element-0c35708\" data-id=\"0c35708\" data-element_type=\"column\" data-e-type=\"column\">\n\t\t\t<div class=\"elementor-widget-wrap elementor-element-populated\">\n\t\t\t\t\t\t<div class=\"elementor-element elementor-element-5d5a89b elementor-widget elementor-widget-text-editor\" data-id=\"5d5a89b\" data-element_type=\"widget\" data-e-type=\"widget\" data-widget_type=\"text-editor.default\">\n\t\t\t\t<div class=\"elementor-widget-container\">\n\t\t\t\t\t\t\t\t\t<h5 data-start=\"3350\" data-end=\"3376\"><strong>Lit Killah vs Kidd Keo<\/strong><\/h5><p data-start=\"3377\" data-end=\"3630\">Uno de los enfrentamientos m\u00e1s llamativos reunir\u00e1 a dos artistas de la m\u00fasica urbana. El argentino Lit Killah y el espa\u00f1ol Kidd Keo pasar\u00e1n de compartir cartel en festivales a enfrentarse en el ring, en un duelo que mezcla espect\u00e1culo musical y deporte.<\/p>\t\t\t\t\t\t\t\t<\/div>\n\t\t\t\t<\/div>\n\t\t\t\t\t<\/div>\n\t\t<\/div>\n\t\t\t\t\t<\/div>\n\t\t<\/section>\n\t\t\t\t<section class=\"elementor-section elementor-top-section elementor-element elementor-element-36b7ee0 elementor-section-boxed elementor-section-height-default elementor-section-height-default\" data-id=\"36b7ee0\" data-element_type=\"section\" data-e-type=\"section\">\n\t\t\t\t\t\t<div class=\"elementor-container elementor-column-gap-default\">\n\t\t\t\t\t<div class=\"elementor-column elementor-col-50 elementor-top-column elementor-element elementor-element-eec65f4\" data-id=\"eec65f4\" data-element_type=\"column\" data-e-type=\"column\">\n\t\t\t<div class=\"elementor-widget-wrap elementor-element-populated\">\n\t\t\t\t\t\t<div class=\"elementor-element elementor-element-74b5f49 elementor-widget elementor-widget-text-editor\" data-id=\"74b5f49\" data-element_type=\"widget\" data-e-type=\"widget\" data-widget_type=\"text-editor.default\">\n\t\t\t\t<div class=\"elementor-widget-container\">\n\t\t\t\t\t\t\t\t\t<h5 data-start=\"3632\" data-end=\"3662\"><strong>Marta D\u00edaz vs Tatiana Kaer<\/strong><\/h5><p data-start=\"3663\" data-end=\"3879\">La influencer Marta D\u00edaz se enfrentar\u00e1 a Tatiana Kaer en uno de los combates m\u00e1s medi\u00e1ticos entre creadoras de contenido espa\u00f1olas. Ambas mostrar\u00e1n a sus comunidades todo el proceso de entrenamiento previo al evento.<\/p>\t\t\t\t\t\t\t\t<\/div>\n\t\t\t\t<\/div>\n\t\t\t\t\t<\/div>\n\t\t<\/div>\n\t\t\t\t<div class=\"elementor-column elementor-col-50 elementor-top-column elementor-element elementor-element-7790767\" data-id=\"7790767\" data-element_type=\"column\" data-e-type=\"column\">\n\t\t\t<div class=\"elementor-widget-wrap elementor-element-populated\">\n\t\t\t\t\t\t<div class=\"elementor-element elementor-element-de06017 elementor-widget elementor-widget-image\" data-id=\"de06017\" data-element_type=\"widget\" data-e-type=\"widget\" data-widget_type=\"image.default\">\n\t\t\t\t<div class=\"elementor-widget-container\">\n\t\t\t\t\t\t\t\t\t\t\t\t\t\t\t<img loading=\"lazy\" decoding=\"async\" width=\"640\" height=\"853\" src=\"https:\/\/unaymilletras.com\/wp-content\/uploads\/2026\/03\/bc1b3fdc-a056-488a-8123-1cd292421801-768x1024.jpg\" class=\"attachment-large size-large wp-image-7818\" alt=\"La Velada del A\u00f1o VI\" srcset=\"https:\/\/unaymilletras.com\/wp-content\/uploads\/2026\/03\/bc1b3fdc-a056-488a-8123-1cd292421801-768x1024.jpg 768w, https:\/\/unaymilletras.com\/wp-content\/uploads\/2026\/03\/bc1b3fdc-a056-488a-8123-1cd292421801-225x300.jpg 225w, https:\/\/unaymilletras.com\/wp-content\/uploads\/2026\/03\/bc1b3fdc-a056-488a-8123-1cd292421801-1152x1536.jpg 1152w, https:\/\/unaymilletras.com\/wp-content\/uploads\/2026\/03\/bc1b3fdc-a056-488a-8123-1cd292421801-1536x2048.jpg 1536w, https:\/\/unaymilletras.com\/wp-content\/uploads\/2026\/03\/bc1b3fdc-a056-488a-8123-1cd292421801-9x12.jpg 9w, https:\/\/unaymilletras.com\/wp-content\/uploads\/2026\/03\/bc1b3fdc-a056-488a-8123-1cd292421801-1024x1365.jpg 1024w, https:\/\/unaymilletras.com\/wp-content\/uploads\/2026\/03\/bc1b3fdc-a056-488a-8123-1cd292421801-e1773100298608.jpg 600w\" sizes=\"(max-width: 640px) 100vw, 640px\" \/>\t\t\t\t\t\t\t\t\t\t\t\t\t\t\t<\/div>\n\t\t\t\t<\/div>\n\t\t\t\t\t<\/div>\n\t\t<\/div>\n\t\t\t\t\t<\/div>\n\t\t<\/section>\n\t\t\t\t<section class=\"elementor-section elementor-top-section elementor-element elementor-element-61374d3 elementor-section-boxed elementor-section-height-default elementor-section-height-default\" data-id=\"61374d3\" data-element_type=\"section\" data-e-type=\"section\">\n\t\t\t\t\t\t<div class=\"elementor-container elementor-column-gap-default\">\n\t\t\t\t\t<div class=\"elementor-column elementor-col-50 elementor-top-column elementor-element elementor-element-60b987f\" data-id=\"60b987f\" data-element_type=\"column\" data-e-type=\"column\">\n\t\t\t<div class=\"elementor-widget-wrap elementor-element-populated\">\n\t\t\t\t\t\t<div class=\"elementor-element elementor-element-2ca136a elementor-widget elementor-widget-image\" data-id=\"2ca136a\" data-element_type=\"widget\" data-e-type=\"widget\" data-widget_type=\"image.default\">\n\t\t\t\t<div class=\"elementor-widget-container\">\n\t\t\t\t\t\t\t\t\t\t\t\t\t\t\t<img loading=\"lazy\" decoding=\"async\" width=\"640\" height=\"853\" src=\"https:\/\/unaymilletras.com\/wp-content\/uploads\/2026\/03\/0faed59f-7004-41c5-8db9-4258009ddda8-768x1024.jpg\" class=\"attachment-large size-large wp-image-7812\" alt=\"La Velada del A\u00f1o VI\" srcset=\"https:\/\/unaymilletras.com\/wp-content\/uploads\/2026\/03\/0faed59f-7004-41c5-8db9-4258009ddda8-768x1024.jpg 768w, https:\/\/unaymilletras.com\/wp-content\/uploads\/2026\/03\/0faed59f-7004-41c5-8db9-4258009ddda8-225x300.jpg 225w, https:\/\/unaymilletras.com\/wp-content\/uploads\/2026\/03\/0faed59f-7004-41c5-8db9-4258009ddda8-1152x1536.jpg 1152w, https:\/\/unaymilletras.com\/wp-content\/uploads\/2026\/03\/0faed59f-7004-41c5-8db9-4258009ddda8-1536x2048.jpg 1536w, https:\/\/unaymilletras.com\/wp-content\/uploads\/2026\/03\/0faed59f-7004-41c5-8db9-4258009ddda8-9x12.jpg 9w, https:\/\/unaymilletras.com\/wp-content\/uploads\/2026\/03\/0faed59f-7004-41c5-8db9-4258009ddda8-1024x1365.jpg 1024w, https:\/\/unaymilletras.com\/wp-content\/uploads\/2026\/03\/0faed59f-7004-41c5-8db9-4258009ddda8-e1773100352835.jpg 600w\" sizes=\"(max-width: 640px) 100vw, 640px\" \/>\t\t\t\t\t\t\t\t\t\t\t\t\t\t\t<\/div>\n\t\t\t\t<\/div>\n\t\t\t\t\t<\/div>\n\t\t<\/div>\n\t\t\t\t<div class=\"elementor-column elementor-col-50 elementor-top-column elementor-element elementor-element-d46e63f\" data-id=\"d46e63f\" data-element_type=\"column\" data-e-type=\"column\">\n\t\t\t<div class=\"elementor-widget-wrap elementor-element-populated\">\n\t\t\t\t\t\t<div class=\"elementor-element elementor-element-fb3056d elementor-widget elementor-widget-text-editor\" data-id=\"fb3056d\" data-element_type=\"widget\" data-e-type=\"widget\" data-widget_type=\"text-editor.default\">\n\t\t\t\t<div class=\"elementor-widget-container\">\n\t\t\t\t\t\t\t\t\t<h5 data-start=\"3881\" data-end=\"3908\"><strong>YoSoyPlex vs Fernanfloo<\/strong><\/h5><p data-start=\"3909\" data-end=\"4176\">Uno de los dos <strong data-start=\"3924\" data-end=\"3950\">main events masculinos<\/strong> enfrentar\u00e1 al espa\u00f1ol YoSoyPlex y al salvadore\u00f1o Fernanfloo. Ambos ya saben lo que es ganar en La Velada: Plex lo hizo en el Santiago Bernab\u00e9u y Fernanfloo en el Metropolitano, por lo que llegan con experiencia en el formato.<\/p>\t\t\t\t\t\t\t\t<\/div>\n\t\t\t\t<\/div>\n\t\t\t\t\t<\/div>\n\t\t<\/div>\n\t\t\t\t\t<\/div>\n\t\t<\/section>\n\t\t\t\t<section class=\"elementor-section elementor-top-section elementor-element elementor-element-cd827d5 elementor-section-boxed elementor-section-height-default elementor-section-height-default\" data-id=\"cd827d5\" data-element_type=\"section\" data-e-type=\"section\">\n\t\t\t\t\t\t<div class=\"elementor-container elementor-column-gap-default\">\n\t\t\t\t\t<div class=\"elementor-column elementor-col-50 elementor-top-column elementor-element elementor-element-4edd8c8\" data-id=\"4edd8c8\" data-element_type=\"column\" data-e-type=\"column\">\n\t\t\t<div class=\"elementor-widget-wrap elementor-element-populated\">\n\t\t\t\t\t\t<div class=\"elementor-element elementor-element-9216192 elementor-widget elementor-widget-text-editor\" data-id=\"9216192\" data-element_type=\"widget\" data-e-type=\"widget\" data-widget_type=\"text-editor.default\">\n\t\t\t\t<div class=\"elementor-widget-container\">\n\t\t\t\t\t\t\t\t\t<h5 data-start=\"4178\" data-end=\"4202\"><strong>IlloJuan vs TheGrefg<\/strong><\/h5><p data-start=\"4203\" data-end=\"4445\">El combate que cerrar\u00e1 la noche enfrentar\u00e1 a dos de los creadores de contenido m\u00e1s grandes de Espa\u00f1a. IlloJuan buscar\u00e1 sorprender a TheGrefg, que llega tras vencer con contundencia a Westcol en la \u00faltima edici\u00f3n y con la etiqueta de favorito.<\/p>\t\t\t\t\t\t\t\t<\/div>\n\t\t\t\t<\/div>\n\t\t\t\t\t<\/div>\n\t\t<\/div>\n\t\t\t\t<div class=\"elementor-column elementor-col-50 elementor-top-column elementor-element elementor-element-b595c35\" data-id=\"b595c35\" data-element_type=\"column\" data-e-type=\"column\">\n\t\t\t<div class=\"elementor-widget-wrap elementor-element-populated\">\n\t\t\t\t\t\t<div class=\"elementor-element elementor-element-a2e7908 elementor-widget elementor-widget-image\" data-id=\"a2e7908\" data-element_type=\"widget\" data-e-type=\"widget\" data-widget_type=\"image.default\">\n\t\t\t\t<div class=\"elementor-widget-container\">\n\t\t\t\t\t\t\t\t\t\t\t\t\t\t\t<img loading=\"lazy\" decoding=\"async\" width=\"640\" height=\"853\" src=\"https:\/\/unaymilletras.com\/wp-content\/uploads\/2026\/03\/c2a456ea-95fd-4f39-9229-bc21800c8216-768x1024.jpg\" class=\"attachment-large size-large wp-image-7819\" alt=\"La Velada del A\u00f1o VI\" srcset=\"https:\/\/unaymilletras.com\/wp-content\/uploads\/2026\/03\/c2a456ea-95fd-4f39-9229-bc21800c8216-768x1024.jpg 768w, https:\/\/unaymilletras.com\/wp-content\/uploads\/2026\/03\/c2a456ea-95fd-4f39-9229-bc21800c8216-225x300.jpg 225w, https:\/\/unaymilletras.com\/wp-content\/uploads\/2026\/03\/c2a456ea-95fd-4f39-9229-bc21800c8216-1152x1536.jpg 1152w, https:\/\/unaymilletras.com\/wp-content\/uploads\/2026\/03\/c2a456ea-95fd-4f39-9229-bc21800c8216-1536x2048.jpg 1536w, https:\/\/unaymilletras.com\/wp-content\/uploads\/2026\/03\/c2a456ea-95fd-4f39-9229-bc21800c8216-9x12.jpg 9w, https:\/\/unaymilletras.com\/wp-content\/uploads\/2026\/03\/c2a456ea-95fd-4f39-9229-bc21800c8216-1024x1365.jpg 1024w, https:\/\/unaymilletras.com\/wp-content\/uploads\/2026\/03\/c2a456ea-95fd-4f39-9229-bc21800c8216-e1773100070653.jpg 600w\" sizes=\"(max-width: 640px) 100vw, 640px\" \/>\t\t\t\t\t\t\t\t\t\t\t\t\t\t\t<\/div>\n\t\t\t\t<\/div>\n\t\t\t\t\t<\/div>\n\t\t<\/div>\n\t\t\t\t\t<\/div>\n\t\t<\/section>\n\t\t\t\t<section class=\"elementor-section elementor-top-section elementor-element elementor-element-311115d elementor-section-boxed elementor-section-height-default elementor-section-height-default\" data-id=\"311115d\" data-element_type=\"section\" data-e-type=\"section\">\n\t\t\t\t\t\t<div class=\"elementor-container elementor-column-gap-default\">\n\t\t\t\t\t<div class=\"elementor-column elementor-col-100 elementor-top-column elementor-element elementor-element-f7553a1\" data-id=\"f7553a1\" data-element_type=\"column\" data-e-type=\"column\">\n\t\t\t<div class=\"elementor-widget-wrap elementor-element-populated\">\n\t\t\t\t\t\t<div class=\"elementor-element elementor-element-4eb1f43 elementor-widget elementor-widget-text-editor\" data-id=\"4eb1f43\" data-element_type=\"widget\" data-e-type=\"widget\" data-widget_type=\"text-editor.default\">\n\t\t\t\t<div class=\"elementor-widget-container\">\n\t\t\t\t\t\t\t\t\t<p>La Velada del A\u00f1o se ha consolidado como uno de los mayores eventos de entretenimiento del mundo del streaming, reuniendo deporte, m\u00fasica y espect\u00e1culo ante millones de espectadores. Con un estadio lleno y una cartelera m\u00e1s amplia que nunca, la sexta edici\u00f3n promete convertir Sevilla en el epicentro del entretenimiento digital este verano<\/p>\t\t\t\t\t\t\t\t<\/div>\n\t\t\t\t<\/div>\n\t\t\t\t\t<\/div>\n\t\t<\/div>\n\t\t\t\t\t<\/div>\n\t\t<\/section>\n\t\t\t\t<\/div>","protected":false},"excerpt":{"rendered":"<p>IlloJuan vs TheGrefg y YoSoyPlex vs Fernanfloo encabezar\u00e1n La Velada del A\u00f1o VI el 25 de julio en el Estadio de La Cartuja de Sevilla La Velada del A\u00f1o VI ya es una realidad. Ibai Llanos present\u00f3 oficialmente la nueva edici\u00f3n de su evento de boxeo entre creadores de contenido, que volver\u00e1 a reunir a [&hellip;]<\/p>\n","protected":false},"author":6,"featured_media":7810,"comment_status":"closed","ping_status":"closed","sticky":false,"template":"","format":"standard","meta":{"footnotes":""},"categories":[2,118,119],"tags":[],"class_list":["post-7808","post","type-post","status-publish","format-standard","has-post-thumbnail","hentry","category-celebrities","category-deportes","category-eventos"],"yoast_head":"<!-- This site is optimized with the Yoast SEO plugin v27.4 - https:\/\/yoast.com\/product\/yoast-seo-wordpress\/ -->\n<title>La Velada del A\u00f1o VI: fecha, lugar y combates confirmados<\/title>\n<meta name=\"description\" content=\"IlloJuan vs TheGrefg y YoSoyPlex vs Fernanfloo encabezar\u00e1n La Velada del A\u00f1o VI el 25 de julio en el Estadio de La Cartuja de Sevilla\" \/>\n<meta name=\"robots\" content=\"index, follow, max-snippet:-1, max-image-preview:large, max-video-preview:-1\" \/>\n<link rel=\"canonical\" href=\"https:\/\/unaymilletras.com\/en\/la-velada-del-ano-vi-fecha-lugar-y-combates-confirmados\/\" \/>\n<meta property=\"og:locale\" content=\"en_GB\" \/>\n<meta property=\"og:type\" content=\"article\" \/>\n<meta property=\"og:title\" content=\"La Velada del A\u00f1o VI: fecha, lugar y combates confirmados\" \/>\n<meta property=\"og:description\" content=\"IlloJuan vs TheGrefg y YoSoyPlex vs Fernanfloo encabezar\u00e1n La Velada del A\u00f1o VI el 25 de julio en el Estadio de La Cartuja de Sevilla\" \/>\n<meta property=\"og:url\" content=\"https:\/\/unaymilletras.com\/en\/la-velada-del-ano-vi-fecha-lugar-y-combates-confirmados\/\" \/>\n<meta property=\"og:site_name\" content=\"Una y Mil Letras\" \/>\n<meta property=\"article:published_time\" content=\"2026-03-10T00:01:33+00:00\" \/>\n<meta property=\"article:modified_time\" content=\"2026-03-10T20:06:58+00:00\" \/>\n<meta property=\"og:image\" content=\"http:\/\/unaymilletras.com\/wp-content\/uploads\/2026\/03\/8dea474a-582c-ac64-e85a-7db8cdb3-e1773098683656.jpg\" \/>\n\t<meta property=\"og:image:width\" content=\"600\" \/>\n\t<meta property=\"og:image:height\" content=\"231\" \/>\n\t<meta property=\"og:image:type\" content=\"image\/jpeg\" \/>\n<meta name=\"author\" content=\"Redacci\u00f3n\" \/>\n<meta name=\"twitter:card\" content=\"summary_large_image\" \/>\n<meta name=\"twitter:creator\" content=\"@UnaYMilLetras\" \/>\n<meta name=\"twitter:site\" content=\"@UnaYMilLetras\" \/>\n<meta name=\"twitter:label1\" content=\"Written by\" \/>\n\t<meta name=\"twitter:data1\" content=\"Redacci\u00f3n\" \/>\n\t<meta name=\"twitter:label2\" content=\"Estimated reading time\" \/>\n\t<meta name=\"twitter:data2\" content=\"6 minutes\" \/>\n<script type=\"application\/ld+json\" class=\"yoast-schema-graph\">{\"@context\":\"https:\\\/\\\/schema.org\",\"@graph\":[{\"@type\":\"Article\",\"@id\":\"https:\\\/\\\/unaymilletras.com\\\/la-velada-del-ano-vi-fecha-lugar-y-combates-confirmados\\\/#article\",\"isPartOf\":{\"@id\":\"https:\\\/\\\/unaymilletras.com\\\/la-velada-del-ano-vi-fecha-lugar-y-combates-confirmados\\\/\"},\"author\":{\"name\":\"Redacci\u00f3n\",\"@id\":\"http:\\\/\\\/unaymilletras.com\\\/#\\\/schema\\\/person\\\/0860dc8a218329991ee2c7591f4f849d\"},\"headline\":\"La Velada del A\u00f1o VI: fecha, lugar y combates confirmados\",\"datePublished\":\"2026-03-10T00:01:33+00:00\",\"dateModified\":\"2026-03-10T20:06:58+00:00\",\"mainEntityOfPage\":{\"@id\":\"https:\\\/\\\/unaymilletras.com\\\/la-velada-del-ano-vi-fecha-lugar-y-combates-confirmados\\\/\"},\"wordCount\":766,\"publisher\":{\"@id\":\"http:\\\/\\\/unaymilletras.com\\\/#organization\"},\"image\":{\"@id\":\"https:\\\/\\\/unaymilletras.com\\\/la-velada-del-ano-vi-fecha-lugar-y-combates-confirmados\\\/#primaryimage\"},\"thumbnailUrl\":\"https:\\\/\\\/unaymilletras.com\\\/wp-content\\\/uploads\\\/2026\\\/03\\\/8dea474a-582c-ac64-e85a-7db8cdb3-e1773098683656.jpg\",\"articleSection\":[\"Celebrities\",\"Deportes\",\"Eventos\"],\"inLanguage\":\"en-GB\"},{\"@type\":\"WebPage\",\"@id\":\"https:\\\/\\\/unaymilletras.com\\\/la-velada-del-ano-vi-fecha-lugar-y-combates-confirmados\\\/\",\"url\":\"https:\\\/\\\/unaymilletras.com\\\/la-velada-del-ano-vi-fecha-lugar-y-combates-confirmados\\\/\",\"name\":\"La Velada del A\u00f1o VI: fecha, lugar y combates confirmados\",\"isPartOf\":{\"@id\":\"http:\\\/\\\/unaymilletras.com\\\/#website\"},\"primaryImageOfPage\":{\"@id\":\"https:\\\/\\\/unaymilletras.com\\\/la-velada-del-ano-vi-fecha-lugar-y-combates-confirmados\\\/#primaryimage\"},\"image\":{\"@id\":\"https:\\\/\\\/unaymilletras.com\\\/la-velada-del-ano-vi-fecha-lugar-y-combates-confirmados\\\/#primaryimage\"},\"thumbnailUrl\":\"https:\\\/\\\/unaymilletras.com\\\/wp-content\\\/uploads\\\/2026\\\/03\\\/8dea474a-582c-ac64-e85a-7db8cdb3-e1773098683656.jpg\",\"datePublished\":\"2026-03-10T00:01:33+00:00\",\"dateModified\":\"2026-03-10T20:06:58+00:00\",\"description\":\"IlloJuan vs TheGrefg y YoSoyPlex vs Fernanfloo encabezar\u00e1n La Velada del A\u00f1o VI el 25 de julio en el Estadio de La Cartuja de Sevilla\",\"breadcrumb\":{\"@id\":\"https:\\\/\\\/unaymilletras.com\\\/la-velada-del-ano-vi-fecha-lugar-y-combates-confirmados\\\/#breadcrumb\"},\"inLanguage\":\"en-GB\",\"potentialAction\":[{\"@type\":\"ReadAction\",\"target\":[\"https:\\\/\\\/unaymilletras.com\\\/la-velada-del-ano-vi-fecha-lugar-y-combates-confirmados\\\/\"]}]},{\"@type\":\"ImageObject\",\"inLanguage\":\"en-GB\",\"@id\":\"https:\\\/\\\/unaymilletras.com\\\/la-velada-del-ano-vi-fecha-lugar-y-combates-confirmados\\\/#primaryimage\",\"url\":\"https:\\\/\\\/unaymilletras.com\\\/wp-content\\\/uploads\\\/2026\\\/03\\\/8dea474a-582c-ac64-e85a-7db8cdb3-e1773098683656.jpg\",\"contentUrl\":\"https:\\\/\\\/unaymilletras.com\\\/wp-content\\\/uploads\\\/2026\\\/03\\\/8dea474a-582c-ac64-e85a-7db8cdb3-e1773098683656.jpg\",\"width\":600,\"height\":231,\"caption\":\"La Velada del A\u00f1o VI\"},{\"@type\":\"BreadcrumbList\",\"@id\":\"https:\\\/\\\/unaymilletras.com\\\/la-velada-del-ano-vi-fecha-lugar-y-combates-confirmados\\\/#breadcrumb\",\"itemListElement\":[{\"@type\":\"ListItem\",\"position\":1,\"name\":\"Home\",\"item\":\"http:\\\/\\\/unaymilletras.com\\\/\"},{\"@type\":\"ListItem\",\"position\":2,\"name\":\"La Velada del A\u00f1o VI: fecha, lugar y combates confirmados\"}]},{\"@type\":\"WebSite\",\"@id\":\"http:\\\/\\\/unaymilletras.com\\\/#website\",\"url\":\"http:\\\/\\\/unaymilletras.com\\\/\",\"name\":\"Una y Mil Letras\",\"description\":\"\",\"publisher\":{\"@id\":\"http:\\\/\\\/unaymilletras.com\\\/#organization\"},\"potentialAction\":[{\"@type\":\"SearchAction\",\"target\":{\"@type\":\"EntryPoint\",\"urlTemplate\":\"http:\\\/\\\/unaymilletras.com\\\/?s={search_term_string}\"},\"query-input\":{\"@type\":\"PropertyValueSpecification\",\"valueRequired\":true,\"valueName\":\"search_term_string\"}}],\"inLanguage\":\"en-GB\"},{\"@type\":\"Organization\",\"@id\":\"http:\\\/\\\/unaymilletras.com\\\/#organization\",\"name\":\"Una y Mil Letras\",\"url\":\"http:\\\/\\\/unaymilletras.com\\\/\",\"logo\":{\"@type\":\"ImageObject\",\"inLanguage\":\"en-GB\",\"@id\":\"http:\\\/\\\/unaymilletras.com\\\/#\\\/schema\\\/logo\\\/image\\\/\",\"url\":\"https:\\\/\\\/unaymilletras.com\\\/wp-content\\\/uploads\\\/2024\\\/06\\\/cropped-Logo-removebg-preview.png\",\"contentUrl\":\"https:\\\/\\\/unaymilletras.com\\\/wp-content\\\/uploads\\\/2024\\\/06\\\/cropped-Logo-removebg-preview.png\",\"width\":512,\"height\":512,\"caption\":\"Una y Mil Letras\"},\"image\":{\"@id\":\"http:\\\/\\\/unaymilletras.com\\\/#\\\/schema\\\/logo\\\/image\\\/\"},\"sameAs\":[\"https:\\\/\\\/x.com\\\/UnaYMilLetras\",\"https:\\\/\\\/instagram.com\\\/UnaYMilLetras\"]},{\"@type\":\"Person\",\"@id\":\"http:\\\/\\\/unaymilletras.com\\\/#\\\/schema\\\/person\\\/0860dc8a218329991ee2c7591f4f849d\",\"name\":\"Redacci\u00f3n\",\"image\":{\"@type\":\"ImageObject\",\"inLanguage\":\"en-GB\",\"@id\":\"https:\\\/\\\/secure.gravatar.com\\\/avatar\\\/d8f55e05a8b6597e45c55a1dcbdbfe44f4a360d88b48e00de5216a79b7732796?s=96&d=mm&r=g\",\"url\":\"https:\\\/\\\/secure.gravatar.com\\\/avatar\\\/d8f55e05a8b6597e45c55a1dcbdbfe44f4a360d88b48e00de5216a79b7732796?s=96&d=mm&r=g\",\"contentUrl\":\"https:\\\/\\\/secure.gravatar.com\\\/avatar\\\/d8f55e05a8b6597e45c55a1dcbdbfe44f4a360d88b48e00de5216a79b7732796?s=96&d=mm&r=g\",\"caption\":\"Redacci\u00f3n\"},\"url\":\"https:\\\/\\\/unaymilletras.com\\\/en\\\/author\\\/redaccion\\\/\"}]}<\/script>\n<!-- \/ Yoast SEO plugin. -->","yoast_head_json":{"title":"La Velada del A\u00f1o VI: fecha, lugar y combates confirmados","description":"IlloJuan vs TheGrefg y YoSoyPlex vs Fernanfloo encabezar\u00e1n La Velada del A\u00f1o VI el 25 de julio en el Estadio de La Cartuja de Sevilla","robots":{"index":"index","follow":"follow","max-snippet":"max-snippet:-1","max-image-preview":"max-image-preview:large","max-video-preview":"max-video-preview:-1"},"canonical":"https:\/\/unaymilletras.com\/en\/la-velada-del-ano-vi-fecha-lugar-y-combates-confirmados\/","og_locale":"en_GB","og_type":"article","og_title":"La Velada del A\u00f1o VI: fecha, lugar y combates confirmados","og_description":"IlloJuan vs TheGrefg y YoSoyPlex vs Fernanfloo encabezar\u00e1n La Velada del A\u00f1o VI el 25 de julio en el Estadio de La Cartuja de Sevilla","og_url":"https:\/\/unaymilletras.com\/en\/la-velada-del-ano-vi-fecha-lugar-y-combates-confirmados\/","og_site_name":"Una y Mil Letras","article_published_time":"2026-03-10T00:01:33+00:00","article_modified_time":"2026-03-10T20:06:58+00:00","og_image":[{"width":600,"height":231,"url":"http:\/\/unaymilletras.com\/wp-content\/uploads\/2026\/03\/8dea474a-582c-ac64-e85a-7db8cdb3-e1773098683656.jpg","type":"image\/jpeg"}],"author":"Redacci\u00f3n","twitter_card":"summary_large_image","twitter_creator":"@UnaYMilLetras","twitter_site":"@UnaYMilLetras","twitter_misc":{"Written by":"Redacci\u00f3n","Estimated reading time":"6 minutes"},"schema":{"@context":"https:\/\/schema.org","@graph":[{"@type":"Article","@id":"https:\/\/unaymilletras.com\/la-velada-del-ano-vi-fecha-lugar-y-combates-confirmados\/#article","isPartOf":{"@id":"https:\/\/unaymilletras.com\/la-velada-del-ano-vi-fecha-lugar-y-combates-confirmados\/"},"author":{"name":"Redacci\u00f3n","@id":"http:\/\/unaymilletras.com\/#\/schema\/person\/0860dc8a218329991ee2c7591f4f849d"},"headline":"La Velada del A\u00f1o VI: fecha, lugar y combates confirmados","datePublished":"2026-03-10T00:01:33+00:00","dateModified":"2026-03-10T20:06:58+00:00","mainEntityOfPage":{"@id":"https:\/\/unaymilletras.com\/la-velada-del-ano-vi-fecha-lugar-y-combates-confirmados\/"},"wordCount":766,"publisher":{"@id":"http:\/\/unaymilletras.com\/#organization"},"image":{"@id":"https:\/\/unaymilletras.com\/la-velada-del-ano-vi-fecha-lugar-y-combates-confirmados\/#primaryimage"},"thumbnailUrl":"https:\/\/unaymilletras.com\/wp-content\/uploads\/2026\/03\/8dea474a-582c-ac64-e85a-7db8cdb3-e1773098683656.jpg","articleSection":["Celebrities","Deportes","Eventos"],"inLanguage":"en-GB"},{"@type":"WebPage","@id":"https:\/\/unaymilletras.com\/la-velada-del-ano-vi-fecha-lugar-y-combates-confirmados\/","url":"https:\/\/unaymilletras.com\/la-velada-del-ano-vi-fecha-lugar-y-combates-confirmados\/","name":"La Velada del A\u00f1o VI: fecha, lugar y combates confirmados","isPartOf":{"@id":"http:\/\/unaymilletras.com\/#website"},"primaryImageOfPage":{"@id":"https:\/\/unaymilletras.com\/la-velada-del-ano-vi-fecha-lugar-y-combates-confirmados\/#primaryimage"},"image":{"@id":"https:\/\/unaymilletras.com\/la-velada-del-ano-vi-fecha-lugar-y-combates-confirmados\/#primaryimage"},"thumbnailUrl":"https:\/\/unaymilletras.com\/wp-content\/uploads\/2026\/03\/8dea474a-582c-ac64-e85a-7db8cdb3-e1773098683656.jpg","datePublished":"2026-03-10T00:01:33+00:00","dateModified":"2026-03-10T20:06:58+00:00","description":"IlloJuan vs TheGrefg y YoSoyPlex vs Fernanfloo encabezar\u00e1n La Velada del A\u00f1o VI el 25 de julio en el Estadio de La Cartuja de Sevilla","breadcrumb":{"@id":"https:\/\/unaymilletras.com\/la-velada-del-ano-vi-fecha-lugar-y-combates-confirmados\/#breadcrumb"},"inLanguage":"en-GB","potentialAction":[{"@type":"ReadAction","target":["https:\/\/unaymilletras.com\/la-velada-del-ano-vi-fecha-lugar-y-combates-confirmados\/"]}]},{"@type":"ImageObject","inLanguage":"en-GB","@id":"https:\/\/unaymilletras.com\/la-velada-del-ano-vi-fecha-lugar-y-combates-confirmados\/#primaryimage","url":"https:\/\/unaymilletras.com\/wp-content\/uploads\/2026\/03\/8dea474a-582c-ac64-e85a-7db8cdb3-e1773098683656.jpg","contentUrl":"https:\/\/unaymilletras.com\/wp-content\/uploads\/2026\/03\/8dea474a-582c-ac64-e85a-7db8cdb3-e1773098683656.jpg","width":600,"height":231,"caption":"La Velada del A\u00f1o VI"},{"@type":"BreadcrumbList","@id":"https:\/\/unaymilletras.com\/la-velada-del-ano-vi-fecha-lugar-y-combates-confirmados\/#breadcrumb","itemListElement":[{"@type":"ListItem","position":1,"name":"Home","item":"http:\/\/unaymilletras.com\/"},{"@type":"ListItem","position":2,"name":"La Velada del A\u00f1o VI: fecha, lugar y combates confirmados"}]},{"@type":"WebSite","@id":"http:\/\/unaymilletras.com\/#website","url":"http:\/\/unaymilletras.com\/","name":"Una y Mil Letras","description":"","publisher":{"@id":"http:\/\/unaymilletras.com\/#organization"},"potentialAction":[{"@type":"SearchAction","target":{"@type":"EntryPoint","urlTemplate":"http:\/\/unaymilletras.com\/?s={search_term_string}"},"query-input":{"@type":"PropertyValueSpecification","valueRequired":true,"valueName":"search_term_string"}}],"inLanguage":"en-GB"},{"@type":"Organization","@id":"http:\/\/unaymilletras.com\/#organization","name":"Una y Mil Letras","url":"http:\/\/unaymilletras.com\/","logo":{"@type":"ImageObject","inLanguage":"en-GB","@id":"http:\/\/unaymilletras.com\/#\/schema\/logo\/image\/","url":"https:\/\/unaymilletras.com\/wp-content\/uploads\/2024\/06\/cropped-Logo-removebg-preview.png","contentUrl":"https:\/\/unaymilletras.com\/wp-content\/uploads\/2024\/06\/cropped-Logo-removebg-preview.png","width":512,"height":512,"caption":"Una y Mil Letras"},"image":{"@id":"http:\/\/unaymilletras.com\/#\/schema\/logo\/image\/"},"sameAs":["https:\/\/x.com\/UnaYMilLetras","https:\/\/instagram.com\/UnaYMilLetras"]},{"@type":"Person","@id":"http:\/\/unaymilletras.com\/#\/schema\/person\/0860dc8a218329991ee2c7591f4f849d","name":"Redacci\u00f3n","image":{"@type":"ImageObject","inLanguage":"en-GB","@id":"https:\/\/secure.gravatar.com\/avatar\/d8f55e05a8b6597e45c55a1dcbdbfe44f4a360d88b48e00de5216a79b7732796?s=96&d=mm&r=g","url":"https:\/\/secure.gravatar.com\/avatar\/d8f55e05a8b6597e45c55a1dcbdbfe44f4a360d88b48e00de5216a79b7732796?s=96&d=mm&r=g","contentUrl":"https:\/\/secure.gravatar.com\/avatar\/d8f55e05a8b6597e45c55a1dcbdbfe44f4a360d88b48e00de5216a79b7732796?s=96&d=mm&r=g","caption":"Redacci\u00f3n"},"url":"https:\/\/unaymilletras.com\/en\/author\/redaccion\/"}]}},"_links":{"self":[{"href":"https:\/\/unaymilletras.com\/en\/wp-json\/wp\/v2\/posts\/7808","targetHints":{"allow":["GET"]}}],"collection":[{"href":"https:\/\/unaymilletras.com\/en\/wp-json\/wp\/v2\/posts"}],"about":[{"href":"https:\/\/unaymilletras.com\/en\/wp-json\/wp\/v2\/types\/post"}],"author":[{"embeddable":true,"href":"https:\/\/unaymilletras.com\/en\/wp-json\/wp\/v2\/users\/6"}],"replies":[{"embeddable":true,"href":"https:\/\/unaymilletras.com\/en\/wp-json\/wp\/v2\/comments?post=7808"}],"version-history":[{"count":10,"href":"https:\/\/unaymilletras.com\/en\/wp-json\/wp\/v2\/posts\/7808\/revisions"}],"predecessor-version":[{"id":7829,"href":"https:\/\/unaymilletras.com\/en\/wp-json\/wp\/v2\/posts\/7808\/revisions\/7829"}],"wp:featuredmedia":[{"embeddable":true,"href":"https:\/\/unaymilletras.com\/en\/wp-json\/wp\/v2\/media\/7810"}],"wp:attachment":[{"href":"https:\/\/unaymilletras.com\/en\/wp-json\/wp\/v2\/media?parent=7808"}],"wp:term":[{"taxonomy":"category","embeddable":true,"href":"https:\/\/unaymilletras.com\/en\/wp-json\/wp\/v2\/categories?post=7808"},{"taxonomy":"post_tag","embeddable":true,"href":"https:\/\/unaymilletras.com\/en\/wp-json\/wp\/v2\/tags?post=7808"}],"curies":[{"name":"wp","href":"https:\/\/api.w.org\/{rel}","templated":true}]}}