{"id":7830,"date":"2026-03-10T19:15:45","date_gmt":"2026-03-10T18:15:45","guid":{"rendered":"https:\/\/unaymilletras.com\/?p=7830"},"modified":"2026-03-10T19:16:04","modified_gmt":"2026-03-10T18:16:04","slug":"gonzalo-hermida-anuncia-las-primeras-fechas-de-su-gira-bandera-libertad-por-espana","status":"publish","type":"post","link":"https:\/\/unaymilletras.com\/en\/gonzalo-hermida-anuncia-las-primeras-fechas-de-su-gira-bandera-libertad-por-espana\/","title":{"rendered":"Gonzalo Hermida anuncia las primeras fechas de su gira Bandera Libertad por Espa\u00f1a"},"content":{"rendered":"<div data-elementor-type=\"wp-post\" data-elementor-id=\"7830\" class=\"elementor elementor-7830\">\n\t\t\t\t\t\t<section class=\"elementor-section elementor-top-section elementor-element elementor-element-d8b73ce elementor-section-boxed elementor-section-height-default elementor-section-height-default\" data-id=\"d8b73ce\" data-element_type=\"section\" data-e-type=\"section\">\n\t\t\t\t\t\t<div class=\"elementor-container elementor-column-gap-default\">\n\t\t\t\t\t<div class=\"elementor-column elementor-col-100 elementor-top-column elementor-element elementor-element-37f1581\" data-id=\"37f1581\" data-element_type=\"column\" data-e-type=\"column\">\n\t\t\t<div class=\"elementor-widget-wrap elementor-element-populated\">\n\t\t\t\t\t\t<div class=\"elementor-element elementor-element-33e8b4e elementor-widget elementor-widget-text-editor\" data-id=\"33e8b4e\" data-element_type=\"widget\" data-e-type=\"widget\" data-widget_type=\"text-editor.default\">\n\t\t\t\t<div class=\"elementor-widget-container\">\n\t\t\t\t\t\t\t\t\t<p style=\"text-align: justify\"><strong data-start=\"505\" data-end=\"591\">Gonzalo Hermida anuncia las primeras fechas de su gira Bandera Libertad por Espa\u00f1a<\/strong>, una nueva etapa en directo con la que el artista gaditano volver\u00e1 a encontrarse con su p\u00fablico en un espect\u00e1culo marcado por la emoci\u00f3n, la libertad y la energ\u00eda positiva. El cantante prepara un show renovado en el que repasar\u00e1 algunos de los temas m\u00e1s importantes de su trayectoria.<\/p>\t\t\t\t\t\t\t\t<\/div>\n\t\t\t\t<\/div>\n\t\t\t\t\t<\/div>\n\t\t<\/div>\n\t\t\t\t\t<\/div>\n\t\t<\/section>\n\t\t\t\t<section class=\"elementor-section elementor-top-section elementor-element elementor-element-920f6d6 elementor-section-boxed elementor-section-height-default elementor-section-height-default\" data-id=\"920f6d6\" data-element_type=\"section\" data-e-type=\"section\">\n\t\t\t\t\t\t<div class=\"elementor-container elementor-column-gap-default\">\n\t\t\t\t\t<div class=\"elementor-column elementor-col-100 elementor-top-column elementor-element elementor-element-0fc86a3\" data-id=\"0fc86a3\" data-element_type=\"column\" data-e-type=\"column\">\n\t\t\t<div class=\"elementor-widget-wrap elementor-element-populated\">\n\t\t\t\t\t\t<div class=\"elementor-element elementor-element-8e19dbe elementor-widget__width-initial elementor-widget elementor-widget-image\" data-id=\"8e19dbe\" data-element_type=\"widget\" data-e-type=\"widget\" data-widget_type=\"image.default\">\n\t\t\t\t<div class=\"elementor-widget-container\">\n\t\t\t\t\t\t\t\t\t\t\t\t\t\t\t<img fetchpriority=\"high\" decoding=\"async\" width=\"640\" height=\"640\" src=\"https:\/\/unaymilletras.com\/wp-content\/uploads\/2026\/03\/unnamed-1024x1024.jpg\" class=\"attachment-large size-large wp-image-7832\" alt=\"\" srcset=\"https:\/\/unaymilletras.com\/wp-content\/uploads\/2026\/03\/unnamed-1024x1024.jpg 1024w, https:\/\/unaymilletras.com\/wp-content\/uploads\/2026\/03\/unnamed-300x300.jpg 300w, https:\/\/unaymilletras.com\/wp-content\/uploads\/2026\/03\/unnamed-150x150.jpg 150w, https:\/\/unaymilletras.com\/wp-content\/uploads\/2026\/03\/unnamed-768x768.jpg 768w, https:\/\/unaymilletras.com\/wp-content\/uploads\/2026\/03\/unnamed-12x12.jpg 12w, https:\/\/unaymilletras.com\/wp-content\/uploads\/2026\/03\/unnamed-e1773165277599.jpg 600w\" sizes=\"(max-width: 640px) 100vw, 640px\" \/>\t\t\t\t\t\t\t\t\t\t\t\t\t\t\t<\/div>\n\t\t\t\t<\/div>\n\t\t\t\t\t<\/div>\n\t\t<\/div>\n\t\t\t\t\t<\/div>\n\t\t<\/section>\n\t\t\t\t<section class=\"elementor-section elementor-top-section elementor-element elementor-element-c11fa46 elementor-section-boxed elementor-section-height-default elementor-section-height-default\" data-id=\"c11fa46\" data-element_type=\"section\" data-e-type=\"section\">\n\t\t\t\t\t\t<div class=\"elementor-container elementor-column-gap-default\">\n\t\t\t\t\t<div class=\"elementor-column elementor-col-100 elementor-top-column elementor-element elementor-element-e1bea49\" data-id=\"e1bea49\" data-element_type=\"column\" data-e-type=\"column\">\n\t\t\t<div class=\"elementor-widget-wrap elementor-element-populated\">\n\t\t\t\t\t\t<div class=\"elementor-element elementor-element-499657b elementor-widget elementor-widget-text-editor\" data-id=\"499657b\" data-element_type=\"widget\" data-e-type=\"widget\" data-widget_type=\"text-editor.default\">\n\t\t\t\t<div class=\"elementor-widget-container\">\n\t\t\t\t\t\t\t\t\t<p style=\"text-align: justify\">El anuncio llega tras la publicaci\u00f3n de su \u00faltimo trabajo discogr\u00e1fico y supone el inicio de la gira m\u00e1s ambiciosa de su carrera. En este nuevo directo, Hermida busca crear una experiencia especial para los asistentes, combinando sus canciones m\u00e1s conocidas con la fuerza del directo.<\/p>\t\t\t\t\t\t\t\t<\/div>\n\t\t\t\t<\/div>\n\t\t\t\t\t<\/div>\n\t\t<\/div>\n\t\t\t\t\t<\/div>\n\t\t<\/section>\n\t\t\t\t<section class=\"elementor-section elementor-top-section elementor-element elementor-element-350fa39 elementor-section-boxed elementor-section-height-default elementor-section-height-default\" data-id=\"350fa39\" data-element_type=\"section\" data-e-type=\"section\">\n\t\t\t\t\t\t<div class=\"elementor-container elementor-column-gap-default\">\n\t\t\t\t\t<div class=\"elementor-column elementor-col-100 elementor-top-column elementor-element elementor-element-23f8369\" data-id=\"23f8369\" data-element_type=\"column\" data-e-type=\"column\">\n\t\t\t<div class=\"elementor-widget-wrap elementor-element-populated\">\n\t\t\t\t\t\t<div class=\"elementor-element elementor-element-2b3fad3 elementor-widget elementor-widget-text-editor\" data-id=\"2b3fad3\" data-element_type=\"widget\" data-e-type=\"widget\" data-widget_type=\"text-editor.default\">\n\t\t\t\t<div class=\"elementor-widget-container\">\n\t\t\t\t\t\t\t\t\t<h4><span style=\"color: #808080\">Primeras ciudades confirmadas de la gira Bandera Libertad<\/span><\/h4>\t\t\t\t\t\t\t\t<\/div>\n\t\t\t\t<\/div>\n\t\t\t\t\t<\/div>\n\t\t<\/div>\n\t\t\t\t\t<\/div>\n\t\t<\/section>\n\t\t\t\t<section class=\"elementor-section elementor-top-section elementor-element elementor-element-a30d57f elementor-section-boxed elementor-section-height-default elementor-section-height-default\" data-id=\"a30d57f\" data-element_type=\"section\" data-e-type=\"section\">\n\t\t\t\t\t\t<div class=\"elementor-container elementor-column-gap-default\">\n\t\t\t\t\t<div class=\"elementor-column elementor-col-100 elementor-top-column elementor-element elementor-element-cd4a5c0\" data-id=\"cd4a5c0\" data-element_type=\"column\" data-e-type=\"column\">\n\t\t\t<div class=\"elementor-widget-wrap elementor-element-populated\">\n\t\t\t\t\t\t<div class=\"elementor-element elementor-element-c6b9c0b elementor-widget elementor-widget-text-editor\" data-id=\"c6b9c0b\" data-element_type=\"widget\" data-e-type=\"widget\" data-widget_type=\"text-editor.default\">\n\t\t\t\t<div class=\"elementor-widget-container\">\n\t\t\t\t\t\t\t\t\t<p style=\"text-align: justify\" data-start=\"1226\" data-end=\"1414\">El artista desvel\u00f3 el cartel con las primeras paradas confirmadas del tour, que recorrer\u00e1 varias ciudades espa\u00f1olas durante los pr\u00f3ximos meses. Entre los destinos anunciados se encuentran:<\/p><p style=\"text-align: justify\" data-start=\"1416\" data-end=\"1571\">A Coru\u00f1a, C\u00e1diz, Badajoz, La Palma, Sanl\u00facar de Barrameda, Zaragoza, Salamanca, M\u00e1laga, Bilbao, Sevilla, Valladolid, Albacete, Valencia, C\u00f3rdoba y Granada.<\/p><p style=\"text-align: justify\" data-start=\"1573\" data-end=\"1768\">Con este recorrido, Gonzalo Hermida consolida su presencia en los escenarios tras una etapa de crecimiento musical y profesional que lo ha llevado a girar tanto por Espa\u00f1a como por Latinoam\u00e9rica.<\/p>\t\t\t\t\t\t\t\t<\/div>\n\t\t\t\t<\/div>\n\t\t\t\t\t<\/div>\n\t\t<\/div>\n\t\t\t\t\t<\/div>\n\t\t<\/section>\n\t\t\t\t<section class=\"elementor-section elementor-top-section elementor-element elementor-element-4348c43 elementor-section-boxed elementor-section-height-default elementor-section-height-default\" data-id=\"4348c43\" data-element_type=\"section\" data-e-type=\"section\">\n\t\t\t\t\t\t<div class=\"elementor-container elementor-column-gap-default\">\n\t\t\t\t\t<div class=\"elementor-column elementor-col-100 elementor-top-column elementor-element elementor-element-45b93a0\" data-id=\"45b93a0\" data-element_type=\"column\" data-e-type=\"column\">\n\t\t\t<div class=\"elementor-widget-wrap elementor-element-populated\">\n\t\t\t\t\t\t<div class=\"elementor-element elementor-element-dd97954 elementor-widget elementor-widget-text-editor\" data-id=\"dd97954\" data-element_type=\"widget\" data-e-type=\"widget\" data-widget_type=\"text-editor.default\">\n\t\t\t\t<div class=\"elementor-widget-container\">\n\t\t\t\t\t\t\t\t\t<h4><span style=\"color: #808080\">Entradas ya a la venta<\/span><\/h4>\t\t\t\t\t\t\t\t<\/div>\n\t\t\t\t<\/div>\n\t\t\t\t\t<\/div>\n\t\t<\/div>\n\t\t\t\t\t<\/div>\n\t\t<\/section>\n\t\t\t\t<section class=\"elementor-section elementor-top-section elementor-element elementor-element-4b6b01d elementor-section-boxed elementor-section-height-default elementor-section-height-default\" data-id=\"4b6b01d\" data-element_type=\"section\" data-e-type=\"section\">\n\t\t\t\t\t\t<div class=\"elementor-container elementor-column-gap-default\">\n\t\t\t\t\t<div class=\"elementor-column elementor-col-100 elementor-top-column elementor-element elementor-element-8a2b53f\" data-id=\"8a2b53f\" data-element_type=\"column\" data-e-type=\"column\">\n\t\t\t<div class=\"elementor-widget-wrap elementor-element-populated\">\n\t\t\t\t\t\t<div class=\"elementor-element elementor-element-da37619 elementor-widget elementor-widget-text-editor\" data-id=\"da37619\" data-element_type=\"widget\" data-e-type=\"widget\" data-widget_type=\"text-editor.default\">\n\t\t\t\t<div class=\"elementor-widget-container\">\n\t\t\t\t\t\t\t\t\t<p style=\"text-align: justify\">Las <strong data-start=\"1801\" data-end=\"1862\">entradas para la gira Bandera Libertad de Gonzalo Hermida<\/strong> ya se encuentran disponibles a trav\u00e9s de su <a href=\"http:\/\/gonzalohermidaoficial.com\">p\u00e1gina web oficial<\/a>. En los conciertos, el p\u00fablico podr\u00e1 corear algunos de los temas m\u00e1s populares del cantante como <em data-start=\"2023\" data-end=\"2049\">Que No Se Acabe La Noche<\/em>, <em data-start=\"2051\" data-end=\"2068\">Mam\u00e1 Te Promet\u00ed<\/em>, <em data-start=\"2070\" data-end=\"2094\">La Ciudad Intermitente<\/em> o <em data-start=\"2097\" data-end=\"2113\">La Vida Es Hoy<\/em>..<\/p>\t\t\t\t\t\t\t\t<\/div>\n\t\t\t\t<\/div>\n\t\t\t\t\t<\/div>\n\t\t<\/div>\n\t\t\t\t\t<\/div>\n\t\t<\/section>\n\t\t\t\t<section class=\"elementor-section elementor-top-section elementor-element elementor-element-3622d6e elementor-section-boxed elementor-section-height-default elementor-section-height-default\" data-id=\"3622d6e\" data-element_type=\"section\" data-e-type=\"section\">\n\t\t\t\t\t\t<div class=\"elementor-container elementor-column-gap-default\">\n\t\t\t\t\t<div class=\"elementor-column elementor-col-100 elementor-top-column elementor-element elementor-element-661e5fa\" data-id=\"661e5fa\" data-element_type=\"column\" data-e-type=\"column\">\n\t\t\t<div class=\"elementor-widget-wrap elementor-element-populated\">\n\t\t\t\t\t\t<div class=\"elementor-element elementor-element-8295fa6 elementor-widget elementor-widget-text-editor\" data-id=\"8295fa6\" data-element_type=\"widget\" data-e-type=\"widget\" data-widget_type=\"text-editor.default\">\n\t\t\t\t<div class=\"elementor-widget-container\">\n\t\t\t\t\t\t\t\t\t<p style=\"text-align: justify\">El nuevo tour nace a partir de su tercer \u00e1lbum de estudio, que incluye canciones como <em data-start=\"2202\" data-end=\"2219\">Mam\u00e1 Te Promet\u00ed<\/em> junto a Andr\u00e9s Koi, <em data-start=\"2240\" data-end=\"2252\">La Bandera<\/em>, <em data-start=\"2254\" data-end=\"2278\">Nadie Se Muere De Amor<\/em> o <em data-start=\"2281\" data-end=\"2307\">Que No Se Acabe La Noche<\/em>, piezas que marcan una evoluci\u00f3n en el sonido del artista.<\/p>\t\t\t\t\t\t\t\t<\/div>\n\t\t\t\t<\/div>\n\t\t\t\t\t<\/div>\n\t\t<\/div>\n\t\t\t\t\t<\/div>\n\t\t<\/section>\n\t\t\t\t<section class=\"elementor-section elementor-top-section elementor-element elementor-element-9e54bf7 elementor-section-boxed elementor-section-height-default elementor-section-height-default\" data-id=\"9e54bf7\" data-element_type=\"section\" data-e-type=\"section\">\n\t\t\t\t\t\t<div class=\"elementor-container elementor-column-gap-default\">\n\t\t\t\t\t<div class=\"elementor-column elementor-col-100 elementor-top-column elementor-element elementor-element-61c7d34\" data-id=\"61c7d34\" data-element_type=\"column\" data-e-type=\"column\">\n\t\t\t<div class=\"elementor-widget-wrap elementor-element-populated\">\n\t\t\t\t\t\t<div class=\"elementor-element elementor-element-fc773f9 elementor-align-center elementor-widget elementor-widget-button\" data-id=\"fc773f9\" data-element_type=\"widget\" data-e-type=\"widget\" data-widget_type=\"button.default\">\n\t\t\t\t<div class=\"elementor-widget-container\">\n\t\t\t\t\t\t\t\t\t<div class=\"elementor-button-wrapper\">\n\t\t\t\t\t<a class=\"elementor-button elementor-button-link elementor-size-sm\" href=\"https:\/\/open.spotify.com\/intl-es\/artist\/2bk3GMoc0FPUB4nt5gW7Or?si=emg5gB8HRlmyCWOufImydQ&#038;utm_campaign=gonzalo-hermida-anuncia-las-primeras-fechas-de-su-gira-bandera-libertad&#038;utm_medium=email&#038;utm_source=acumbamail&#038;nd=1&#038;dlsi=6f6e13df06b941d3\">\n\t\t\t\t\t\t<span class=\"elementor-button-content-wrapper\">\n\t\t\t\t\t\t\t\t\t<span class=\"elementor-button-text\">ESCUCHA A GONZALO HERMIDA<\/span>\n\t\t\t\t\t<\/span>\n\t\t\t\t\t<\/a>\n\t\t\t\t<\/div>\n\t\t\t\t\t\t\t\t<\/div>\n\t\t\t\t<\/div>\n\t\t\t\t\t<\/div>\n\t\t<\/div>\n\t\t\t\t\t<\/div>\n\t\t<\/section>\n\t\t\t\t<section class=\"elementor-section elementor-top-section elementor-element elementor-element-324a7fd elementor-section-boxed elementor-section-height-default elementor-section-height-default\" data-id=\"324a7fd\" data-element_type=\"section\" data-e-type=\"section\">\n\t\t\t\t\t\t<div class=\"elementor-container elementor-column-gap-default\">\n\t\t\t\t\t<div class=\"elementor-column elementor-col-100 elementor-top-column elementor-element elementor-element-edcc943\" data-id=\"edcc943\" data-element_type=\"column\" data-e-type=\"column\">\n\t\t\t<div class=\"elementor-widget-wrap elementor-element-populated\">\n\t\t\t\t\t\t<div class=\"elementor-element elementor-element-9d424f6 elementor-widget elementor-widget-text-editor\" data-id=\"9d424f6\" data-element_type=\"widget\" data-e-type=\"widget\" data-widget_type=\"text-editor.default\">\n\t\t\t\t<div class=\"elementor-widget-container\">\n\t\t\t\t\t\t\t\t\t<p>Sigue descubriendo m\u00e1s sobre la actualidad musical en\u00a0<em><a href=\"https:\/\/unaymilletras.com\/en\/\">Una y mil letras<\/a><\/em><\/p>\t\t\t\t\t\t\t\t<\/div>\n\t\t\t\t<\/div>\n\t\t\t\t\t<\/div>\n\t\t<\/div>\n\t\t\t\t\t<\/div>\n\t\t<\/section>\n\t\t\t\t<\/div>","protected":false},"excerpt":{"rendered":"<p>Gonzalo Hermida anuncia las primeras fechas de su gira Bandera Libertad por Espa\u00f1a, una nueva etapa en directo con la que el artista gaditano volver\u00e1 a encontrarse con su p\u00fablico en un espect\u00e1culo marcado por la emoci\u00f3n, la libertad y la energ\u00eda positiva. El cantante prepara un show renovado en el que repasar\u00e1 algunos de [&hellip;]<\/p>\n","protected":false},"author":13,"featured_media":7832,"comment_status":"closed","ping_status":"closed","sticky":false,"template":"","format":"standard","meta":{"footnotes":""},"categories":[4],"tags":[],"class_list":["post-7830","post","type-post","status-publish","format-standard","has-post-thumbnail","hentry","category-musica"],"yoast_head":"<!-- This site is optimized with the Yoast SEO plugin v27.4 - https:\/\/yoast.com\/product\/yoast-seo-wordpress\/ -->\n<title>Gonzalo Hermida anuncia las primeras fechas de su gira<\/title>\n<meta name=\"description\" content=\"Gonzalo Hermida anuncia las primeras fechas de su gira Bandera Libertad. Consulta todas las ciudades y d\u00f3nde comprar las entradas.\" \/>\n<meta name=\"robots\" content=\"index, follow, max-snippet:-1, max-image-preview:large, max-video-preview:-1\" \/>\n<link rel=\"canonical\" href=\"https:\/\/unaymilletras.com\/en\/gonzalo-hermida-anuncia-las-primeras-fechas-de-su-gira-bandera-libertad-por-espana\/\" \/>\n<meta property=\"og:locale\" content=\"en_GB\" \/>\n<meta property=\"og:type\" content=\"article\" \/>\n<meta property=\"og:title\" content=\"Gonzalo Hermida anuncia las primeras fechas de su gira\" \/>\n<meta property=\"og:description\" content=\"Gonzalo Hermida anuncia las primeras fechas de su gira Bandera Libertad. Consulta todas las ciudades y d\u00f3nde comprar las entradas.\" \/>\n<meta property=\"og:url\" content=\"https:\/\/unaymilletras.com\/en\/gonzalo-hermida-anuncia-las-primeras-fechas-de-su-gira-bandera-libertad-por-espana\/\" \/>\n<meta property=\"og:site_name\" content=\"Una y Mil Letras\" \/>\n<meta property=\"article:published_time\" content=\"2026-03-10T18:15:45+00:00\" \/>\n<meta property=\"article:modified_time\" content=\"2026-03-10T18:16:04+00:00\" \/>\n<meta property=\"og:image\" content=\"http:\/\/unaymilletras.com\/wp-content\/uploads\/2026\/03\/unnamed-e1773165277599.jpg\" \/>\n\t<meta property=\"og:image:width\" content=\"600\" \/>\n\t<meta property=\"og:image:height\" content=\"600\" \/>\n\t<meta property=\"og:image:type\" content=\"image\/jpeg\" \/>\n<meta name=\"author\" content=\"Alba Benito\" \/>\n<meta name=\"twitter:card\" content=\"summary_large_image\" \/>\n<meta name=\"twitter:creator\" content=\"@UnaYMilLetras\" \/>\n<meta name=\"twitter:site\" content=\"@UnaYMilLetras\" \/>\n<meta name=\"twitter:label1\" content=\"Written by\" \/>\n\t<meta name=\"twitter:data1\" content=\"Alba Benito\" \/>\n\t<meta name=\"twitter:label2\" content=\"Estimated reading time\" \/>\n\t<meta name=\"twitter:data2\" content=\"2 minutes\" \/>\n<script type=\"application\/ld+json\" class=\"yoast-schema-graph\">{\"@context\":\"https:\\\/\\\/schema.org\",\"@graph\":[{\"@type\":\"Article\",\"@id\":\"https:\\\/\\\/unaymilletras.com\\\/gonzalo-hermida-anuncia-las-primeras-fechas-de-su-gira-bandera-libertad-por-espana\\\/#article\",\"isPartOf\":{\"@id\":\"https:\\\/\\\/unaymilletras.com\\\/gonzalo-hermida-anuncia-las-primeras-fechas-de-su-gira-bandera-libertad-por-espana\\\/\"},\"author\":{\"name\":\"Alba Benito\",\"@id\":\"http:\\\/\\\/unaymilletras.com\\\/#\\\/schema\\\/person\\\/a10550e4bff9a23f941f52b2cd5d8686\"},\"headline\":\"Gonzalo Hermida anuncia las primeras fechas de su gira Bandera Libertad por Espa\u00f1a\",\"datePublished\":\"2026-03-10T18:15:45+00:00\",\"dateModified\":\"2026-03-10T18:16:04+00:00\",\"mainEntityOfPage\":{\"@id\":\"https:\\\/\\\/unaymilletras.com\\\/gonzalo-hermida-anuncia-las-primeras-fechas-de-su-gira-bandera-libertad-por-espana\\\/\"},\"wordCount\":356,\"publisher\":{\"@id\":\"http:\\\/\\\/unaymilletras.com\\\/#organization\"},\"image\":{\"@id\":\"https:\\\/\\\/unaymilletras.com\\\/gonzalo-hermida-anuncia-las-primeras-fechas-de-su-gira-bandera-libertad-por-espana\\\/#primaryimage\"},\"thumbnailUrl\":\"https:\\\/\\\/unaymilletras.com\\\/wp-content\\\/uploads\\\/2026\\\/03\\\/unnamed-e1773165277599.jpg\",\"articleSection\":[\"M\u00fasica\"],\"inLanguage\":\"en-GB\"},{\"@type\":\"WebPage\",\"@id\":\"https:\\\/\\\/unaymilletras.com\\\/gonzalo-hermida-anuncia-las-primeras-fechas-de-su-gira-bandera-libertad-por-espana\\\/\",\"url\":\"https:\\\/\\\/unaymilletras.com\\\/gonzalo-hermida-anuncia-las-primeras-fechas-de-su-gira-bandera-libertad-por-espana\\\/\",\"name\":\"Gonzalo Hermida anuncia las primeras fechas de su gira\",\"isPartOf\":{\"@id\":\"http:\\\/\\\/unaymilletras.com\\\/#website\"},\"primaryImageOfPage\":{\"@id\":\"https:\\\/\\\/unaymilletras.com\\\/gonzalo-hermida-anuncia-las-primeras-fechas-de-su-gira-bandera-libertad-por-espana\\\/#primaryimage\"},\"image\":{\"@id\":\"https:\\\/\\\/unaymilletras.com\\\/gonzalo-hermida-anuncia-las-primeras-fechas-de-su-gira-bandera-libertad-por-espana\\\/#primaryimage\"},\"thumbnailUrl\":\"https:\\\/\\\/unaymilletras.com\\\/wp-content\\\/uploads\\\/2026\\\/03\\\/unnamed-e1773165277599.jpg\",\"datePublished\":\"2026-03-10T18:15:45+00:00\",\"dateModified\":\"2026-03-10T18:16:04+00:00\",\"description\":\"Gonzalo Hermida anuncia las primeras fechas de su gira Bandera Libertad. Consulta todas las ciudades y d\u00f3nde comprar las entradas.\",\"breadcrumb\":{\"@id\":\"https:\\\/\\\/unaymilletras.com\\\/gonzalo-hermida-anuncia-las-primeras-fechas-de-su-gira-bandera-libertad-por-espana\\\/#breadcrumb\"},\"inLanguage\":\"en-GB\",\"potentialAction\":[{\"@type\":\"ReadAction\",\"target\":[\"https:\\\/\\\/unaymilletras.com\\\/gonzalo-hermida-anuncia-las-primeras-fechas-de-su-gira-bandera-libertad-por-espana\\\/\"]}]},{\"@type\":\"ImageObject\",\"inLanguage\":\"en-GB\",\"@id\":\"https:\\\/\\\/unaymilletras.com\\\/gonzalo-hermida-anuncia-las-primeras-fechas-de-su-gira-bandera-libertad-por-espana\\\/#primaryimage\",\"url\":\"https:\\\/\\\/unaymilletras.com\\\/wp-content\\\/uploads\\\/2026\\\/03\\\/unnamed-e1773165277599.jpg\",\"contentUrl\":\"https:\\\/\\\/unaymilletras.com\\\/wp-content\\\/uploads\\\/2026\\\/03\\\/unnamed-e1773165277599.jpg\",\"width\":600,\"height\":600},{\"@type\":\"BreadcrumbList\",\"@id\":\"https:\\\/\\\/unaymilletras.com\\\/gonzalo-hermida-anuncia-las-primeras-fechas-de-su-gira-bandera-libertad-por-espana\\\/#breadcrumb\",\"itemListElement\":[{\"@type\":\"ListItem\",\"position\":1,\"name\":\"Home\",\"item\":\"http:\\\/\\\/unaymilletras.com\\\/\"},{\"@type\":\"ListItem\",\"position\":2,\"name\":\"Gonzalo Hermida anuncia las primeras fechas de su gira Bandera Libertad por Espa\u00f1a\"}]},{\"@type\":\"WebSite\",\"@id\":\"http:\\\/\\\/unaymilletras.com\\\/#website\",\"url\":\"http:\\\/\\\/unaymilletras.com\\\/\",\"name\":\"Una y Mil Letras\",\"description\":\"\",\"publisher\":{\"@id\":\"http:\\\/\\\/unaymilletras.com\\\/#organization\"},\"potentialAction\":[{\"@type\":\"SearchAction\",\"target\":{\"@type\":\"EntryPoint\",\"urlTemplate\":\"http:\\\/\\\/unaymilletras.com\\\/?s={search_term_string}\"},\"query-input\":{\"@type\":\"PropertyValueSpecification\",\"valueRequired\":true,\"valueName\":\"search_term_string\"}}],\"inLanguage\":\"en-GB\"},{\"@type\":\"Organization\",\"@id\":\"http:\\\/\\\/unaymilletras.com\\\/#organization\",\"name\":\"Una y Mil Letras\",\"url\":\"http:\\\/\\\/unaymilletras.com\\\/\",\"logo\":{\"@type\":\"ImageObject\",\"inLanguage\":\"en-GB\",\"@id\":\"http:\\\/\\\/unaymilletras.com\\\/#\\\/schema\\\/logo\\\/image\\\/\",\"url\":\"https:\\\/\\\/unaymilletras.com\\\/wp-content\\\/uploads\\\/2024\\\/06\\\/cropped-Logo-removebg-preview.png\",\"contentUrl\":\"https:\\\/\\\/unaymilletras.com\\\/wp-content\\\/uploads\\\/2024\\\/06\\\/cropped-Logo-removebg-preview.png\",\"width\":512,\"height\":512,\"caption\":\"Una y Mil Letras\"},\"image\":{\"@id\":\"http:\\\/\\\/unaymilletras.com\\\/#\\\/schema\\\/logo\\\/image\\\/\"},\"sameAs\":[\"https:\\\/\\\/x.com\\\/UnaYMilLetras\",\"https:\\\/\\\/instagram.com\\\/UnaYMilLetras\"]},{\"@type\":\"Person\",\"@id\":\"http:\\\/\\\/unaymilletras.com\\\/#\\\/schema\\\/person\\\/a10550e4bff9a23f941f52b2cd5d8686\",\"name\":\"Alba Benito\",\"image\":{\"@type\":\"ImageObject\",\"inLanguage\":\"en-GB\",\"@id\":\"https:\\\/\\\/secure.gravatar.com\\\/avatar\\\/f227a2222ee313f4b5dea91891742064ec98aa8f11b91568879eaecf941f84de?s=96&d=mm&r=g\",\"url\":\"https:\\\/\\\/secure.gravatar.com\\\/avatar\\\/f227a2222ee313f4b5dea91891742064ec98aa8f11b91568879eaecf941f84de?s=96&d=mm&r=g\",\"contentUrl\":\"https:\\\/\\\/secure.gravatar.com\\\/avatar\\\/f227a2222ee313f4b5dea91891742064ec98aa8f11b91568879eaecf941f84de?s=96&d=mm&r=g\",\"caption\":\"Alba Benito\"},\"url\":\"https:\\\/\\\/unaymilletras.com\\\/en\\\/author\\\/aalbaas_\\\/\"}]}<\/script>\n<!-- \/ Yoast SEO plugin. -->","yoast_head_json":{"title":"Gonzalo Hermida anuncia las primeras fechas de su gira","description":"Gonzalo Hermida anuncia las primeras fechas de su gira Bandera Libertad. Consulta todas las ciudades y d\u00f3nde comprar las entradas.","robots":{"index":"index","follow":"follow","max-snippet":"max-snippet:-1","max-image-preview":"max-image-preview:large","max-video-preview":"max-video-preview:-1"},"canonical":"https:\/\/unaymilletras.com\/en\/gonzalo-hermida-anuncia-las-primeras-fechas-de-su-gira-bandera-libertad-por-espana\/","og_locale":"en_GB","og_type":"article","og_title":"Gonzalo Hermida anuncia las primeras fechas de su gira","og_description":"Gonzalo Hermida anuncia las primeras fechas de su gira Bandera Libertad. Consulta todas las ciudades y d\u00f3nde comprar las entradas.","og_url":"https:\/\/unaymilletras.com\/en\/gonzalo-hermida-anuncia-las-primeras-fechas-de-su-gira-bandera-libertad-por-espana\/","og_site_name":"Una y Mil Letras","article_published_time":"2026-03-10T18:15:45+00:00","article_modified_time":"2026-03-10T18:16:04+00:00","og_image":[{"width":600,"height":600,"url":"http:\/\/unaymilletras.com\/wp-content\/uploads\/2026\/03\/unnamed-e1773165277599.jpg","type":"image\/jpeg"}],"author":"Alba Benito","twitter_card":"summary_large_image","twitter_creator":"@UnaYMilLetras","twitter_site":"@UnaYMilLetras","twitter_misc":{"Written by":"Alba Benito","Estimated reading time":"2 minutes"},"schema":{"@context":"https:\/\/schema.org","@graph":[{"@type":"Article","@id":"https:\/\/unaymilletras.com\/gonzalo-hermida-anuncia-las-primeras-fechas-de-su-gira-bandera-libertad-por-espana\/#article","isPartOf":{"@id":"https:\/\/unaymilletras.com\/gonzalo-hermida-anuncia-las-primeras-fechas-de-su-gira-bandera-libertad-por-espana\/"},"author":{"name":"Alba Benito","@id":"http:\/\/unaymilletras.com\/#\/schema\/person\/a10550e4bff9a23f941f52b2cd5d8686"},"headline":"Gonzalo Hermida anuncia las primeras fechas de su gira Bandera Libertad por Espa\u00f1a","datePublished":"2026-03-10T18:15:45+00:00","dateModified":"2026-03-10T18:16:04+00:00","mainEntityOfPage":{"@id":"https:\/\/unaymilletras.com\/gonzalo-hermida-anuncia-las-primeras-fechas-de-su-gira-bandera-libertad-por-espana\/"},"wordCount":356,"publisher":{"@id":"http:\/\/unaymilletras.com\/#organization"},"image":{"@id":"https:\/\/unaymilletras.com\/gonzalo-hermida-anuncia-las-primeras-fechas-de-su-gira-bandera-libertad-por-espana\/#primaryimage"},"thumbnailUrl":"https:\/\/unaymilletras.com\/wp-content\/uploads\/2026\/03\/unnamed-e1773165277599.jpg","articleSection":["M\u00fasica"],"inLanguage":"en-GB"},{"@type":"WebPage","@id":"https:\/\/unaymilletras.com\/gonzalo-hermida-anuncia-las-primeras-fechas-de-su-gira-bandera-libertad-por-espana\/","url":"https:\/\/unaymilletras.com\/gonzalo-hermida-anuncia-las-primeras-fechas-de-su-gira-bandera-libertad-por-espana\/","name":"Gonzalo Hermida anuncia las primeras fechas de su gira","isPartOf":{"@id":"http:\/\/unaymilletras.com\/#website"},"primaryImageOfPage":{"@id":"https:\/\/unaymilletras.com\/gonzalo-hermida-anuncia-las-primeras-fechas-de-su-gira-bandera-libertad-por-espana\/#primaryimage"},"image":{"@id":"https:\/\/unaymilletras.com\/gonzalo-hermida-anuncia-las-primeras-fechas-de-su-gira-bandera-libertad-por-espana\/#primaryimage"},"thumbnailUrl":"https:\/\/unaymilletras.com\/wp-content\/uploads\/2026\/03\/unnamed-e1773165277599.jpg","datePublished":"2026-03-10T18:15:45+00:00","dateModified":"2026-03-10T18:16:04+00:00","description":"Gonzalo Hermida anuncia las primeras fechas de su gira Bandera Libertad. Consulta todas las ciudades y d\u00f3nde comprar las entradas.","breadcrumb":{"@id":"https:\/\/unaymilletras.com\/gonzalo-hermida-anuncia-las-primeras-fechas-de-su-gira-bandera-libertad-por-espana\/#breadcrumb"},"inLanguage":"en-GB","potentialAction":[{"@type":"ReadAction","target":["https:\/\/unaymilletras.com\/gonzalo-hermida-anuncia-las-primeras-fechas-de-su-gira-bandera-libertad-por-espana\/"]}]},{"@type":"ImageObject","inLanguage":"en-GB","@id":"https:\/\/unaymilletras.com\/gonzalo-hermida-anuncia-las-primeras-fechas-de-su-gira-bandera-libertad-por-espana\/#primaryimage","url":"https:\/\/unaymilletras.com\/wp-content\/uploads\/2026\/03\/unnamed-e1773165277599.jpg","contentUrl":"https:\/\/unaymilletras.com\/wp-content\/uploads\/2026\/03\/unnamed-e1773165277599.jpg","width":600,"height":600},{"@type":"BreadcrumbList","@id":"https:\/\/unaymilletras.com\/gonzalo-hermida-anuncia-las-primeras-fechas-de-su-gira-bandera-libertad-por-espana\/#breadcrumb","itemListElement":[{"@type":"ListItem","position":1,"name":"Home","item":"http:\/\/unaymilletras.com\/"},{"@type":"ListItem","position":2,"name":"Gonzalo Hermida anuncia las primeras fechas de su gira Bandera Libertad por Espa\u00f1a"}]},{"@type":"WebSite","@id":"http:\/\/unaymilletras.com\/#website","url":"http:\/\/unaymilletras.com\/","name":"Una y Mil Letras","description":"","publisher":{"@id":"http:\/\/unaymilletras.com\/#organization"},"potentialAction":[{"@type":"SearchAction","target":{"@type":"EntryPoint","urlTemplate":"http:\/\/unaymilletras.com\/?s={search_term_string}"},"query-input":{"@type":"PropertyValueSpecification","valueRequired":true,"valueName":"search_term_string"}}],"inLanguage":"en-GB"},{"@type":"Organization","@id":"http:\/\/unaymilletras.com\/#organization","name":"Una y Mil Letras","url":"http:\/\/unaymilletras.com\/","logo":{"@type":"ImageObject","inLanguage":"en-GB","@id":"http:\/\/unaymilletras.com\/#\/schema\/logo\/image\/","url":"https:\/\/unaymilletras.com\/wp-content\/uploads\/2024\/06\/cropped-Logo-removebg-preview.png","contentUrl":"https:\/\/unaymilletras.com\/wp-content\/uploads\/2024\/06\/cropped-Logo-removebg-preview.png","width":512,"height":512,"caption":"Una y Mil Letras"},"image":{"@id":"http:\/\/unaymilletras.com\/#\/schema\/logo\/image\/"},"sameAs":["https:\/\/x.com\/UnaYMilLetras","https:\/\/instagram.com\/UnaYMilLetras"]},{"@type":"Person","@id":"http:\/\/unaymilletras.com\/#\/schema\/person\/a10550e4bff9a23f941f52b2cd5d8686","name":"Alba Benito","image":{"@type":"ImageObject","inLanguage":"en-GB","@id":"https:\/\/secure.gravatar.com\/avatar\/f227a2222ee313f4b5dea91891742064ec98aa8f11b91568879eaecf941f84de?s=96&d=mm&r=g","url":"https:\/\/secure.gravatar.com\/avatar\/f227a2222ee313f4b5dea91891742064ec98aa8f11b91568879eaecf941f84de?s=96&d=mm&r=g","contentUrl":"https:\/\/secure.gravatar.com\/avatar\/f227a2222ee313f4b5dea91891742064ec98aa8f11b91568879eaecf941f84de?s=96&d=mm&r=g","caption":"Alba Benito"},"url":"https:\/\/unaymilletras.com\/en\/author\/aalbaas_\/"}]}},"_links":{"self":[{"href":"https:\/\/unaymilletras.com\/en\/wp-json\/wp\/v2\/posts\/7830","targetHints":{"allow":["GET"]}}],"collection":[{"href":"https:\/\/unaymilletras.com\/en\/wp-json\/wp\/v2\/posts"}],"about":[{"href":"https:\/\/unaymilletras.com\/en\/wp-json\/wp\/v2\/types\/post"}],"author":[{"embeddable":true,"href":"https:\/\/unaymilletras.com\/en\/wp-json\/wp\/v2\/users\/13"}],"replies":[{"embeddable":true,"href":"https:\/\/unaymilletras.com\/en\/wp-json\/wp\/v2\/comments?post=7830"}],"version-history":[{"count":7,"href":"https:\/\/unaymilletras.com\/en\/wp-json\/wp\/v2\/posts\/7830\/revisions"}],"predecessor-version":[{"id":7838,"href":"https:\/\/unaymilletras.com\/en\/wp-json\/wp\/v2\/posts\/7830\/revisions\/7838"}],"wp:featuredmedia":[{"embeddable":true,"href":"https:\/\/unaymilletras.com\/en\/wp-json\/wp\/v2\/media\/7832"}],"wp:attachment":[{"href":"https:\/\/unaymilletras.com\/en\/wp-json\/wp\/v2\/media?parent=7830"}],"wp:term":[{"taxonomy":"category","embeddable":true,"href":"https:\/\/unaymilletras.com\/en\/wp-json\/wp\/v2\/categories?post=7830"},{"taxonomy":"post_tag","embeddable":true,"href":"https:\/\/unaymilletras.com\/en\/wp-json\/wp\/v2\/tags?post=7830"}],"curies":[{"name":"wp","href":"https:\/\/api.w.org\/{rel}","templated":true}]}}