{"id":7854,"date":"2026-03-12T19:00:00","date_gmt":"2026-03-12T18:00:00","guid":{"rendered":"https:\/\/unaymilletras.com\/?p=7854"},"modified":"2026-03-13T00:24:48","modified_gmt":"2026-03-12T23:24:48","slug":"lucia-casani-no-se-si-tirarme-a-la-piscina-con-un-ep-directamente","status":"publish","type":"post","link":"https:\/\/unaymilletras.com\/en\/lucia-casani-no-se-si-tirarme-a-la-piscina-con-un-ep-directamente\/","title":{"rendered":"Luc\u00eda Casani: \u00abNo s\u00e9 si tirarme a la piscina con un EP directamente\u00bb"},"content":{"rendered":"<div data-elementor-type=\"wp-post\" data-elementor-id=\"7854\" class=\"elementor elementor-7854\">\n\t\t\t\t\t\t<section class=\"elementor-section elementor-top-section elementor-element elementor-element-c8958b5 elementor-section-boxed elementor-section-height-default elementor-section-height-default\" data-id=\"c8958b5\" data-element_type=\"section\" data-e-type=\"section\">\n\t\t\t\t\t\t<div class=\"elementor-container elementor-column-gap-default\">\n\t\t\t\t\t<div class=\"elementor-column elementor-col-100 elementor-top-column elementor-element elementor-element-f0dcbf5\" data-id=\"f0dcbf5\" data-element_type=\"column\" data-e-type=\"column\">\n\t\t\t<div class=\"elementor-widget-wrap elementor-element-populated\">\n\t\t\t\t\t\t<div class=\"elementor-element elementor-element-09e0e2a elementor-widget elementor-widget-text-editor\" data-id=\"09e0e2a\" data-element_type=\"widget\" data-e-type=\"widget\" data-widget_type=\"text-editor.default\">\n\t\t\t\t<div class=\"elementor-widget-container\">\n\t\t\t\t\t\t\t\t\t<h2 style=\"text-align: center;\"><span style=\"color: #808080;\"><em>Luc\u00eda Casani inicia su nueva etapa en su carrera musical con \u201cPara M\u00ed\u201d, su primer single tras Operaci\u00f3n Triunfo<\/em><\/span><\/h2>\t\t\t\t\t\t\t\t<\/div>\n\t\t\t\t<\/div>\n\t\t\t\t\t<\/div>\n\t\t<\/div>\n\t\t\t\t\t<\/div>\n\t\t<\/section>\n\t\t\t\t<section class=\"elementor-section elementor-top-section elementor-element elementor-element-b728050 elementor-section-boxed elementor-section-height-default elementor-section-height-default\" data-id=\"b728050\" data-element_type=\"section\" data-e-type=\"section\">\n\t\t\t\t\t\t<div class=\"elementor-container elementor-column-gap-default\">\n\t\t\t\t\t<div class=\"elementor-column elementor-col-100 elementor-top-column elementor-element elementor-element-4aae087\" data-id=\"4aae087\" data-element_type=\"column\" data-e-type=\"column\">\n\t\t\t<div class=\"elementor-widget-wrap elementor-element-populated\">\n\t\t\t\t\t\t<div class=\"elementor-element elementor-element-02d96ae elementor-widget elementor-widget-text-editor\" data-id=\"02d96ae\" data-element_type=\"widget\" data-e-type=\"widget\" data-widget_type=\"text-editor.default\">\n\t\t\t\t<div class=\"elementor-widget-container\">\n\t\t\t\t\t\t\t\t\t<p data-start=\"209\" data-end=\"546\">Tras su paso por <span class=\"hover:entity-accent entity-underline inline cursor-pointer align-baseline\"><span class=\"whitespace-normal\">Operaci\u00f3n Triunfo 2025<\/span><\/span>, <span class=\"hover:entity-accent entity-underline inline cursor-pointer align-baseline\"><span class=\"whitespace-normal\">Luc\u00eda Casani<\/span><\/span> comienza a dar forma a su camino fuera de la Academia con el lanzamiento de <span style=\"color: #808080;\"><a style=\"color: #808080;\" href=\"https:\/\/open.spotify.com\/intl-es\/track\/0hhmC17ttCSm9FYQWl8PKl?si=cb25017c398d4b53\"><strong data-start=\"379\" data-end=\"392\"><i>Para M\u00ed<\/i><\/strong><\/a><\/span>, su primer single en esta nueva etapa. Un tema pop con influencias urbanas que destaca por su sensibilidad y por una interpretaci\u00f3n cercana y vulnerable.<\/p><p data-start=\"548\" data-end=\"781\">Compuesta junto a Ainoa Buitrago y Greta Ch\u2019aska, la canci\u00f3n aborda ese momento en el que la persona idealizada cae del pedestal y aparece la decepci\u00f3n, junto al deseo de volver a ese instante inicial en el que todo parec\u00eda perfecto.<\/p><p data-start=\"783\" data-end=\"1007\" data-is-last-node=\"\" data-is-only-node=\"\">Hablamos con Luc\u00eda sobre el significado de <strong data-start=\"826\" data-end=\"839\"><i>Para M\u00ed<\/i><\/strong>, c\u00f3mo ha sido el proceso creativo despu\u00e9s del programa y qu\u00e9 quiere transmitir en esta nueva etapa musical en la que empieza a construir su propia identidad art\u00edstica.<\/p>\t\t\t\t\t\t\t\t<\/div>\n\t\t\t\t<\/div>\n\t\t\t\t\t<\/div>\n\t\t<\/div>\n\t\t\t\t\t<\/div>\n\t\t<\/section>\n\t\t\t\t<section class=\"elementor-section elementor-top-section elementor-element elementor-element-47c5dfc elementor-section-boxed elementor-section-height-default elementor-section-height-default\" data-id=\"47c5dfc\" data-element_type=\"section\" data-e-type=\"section\">\n\t\t\t\t\t\t<div class=\"elementor-container elementor-column-gap-default\">\n\t\t\t\t\t<div class=\"elementor-column elementor-col-100 elementor-top-column elementor-element elementor-element-da498d4\" data-id=\"da498d4\" data-element_type=\"column\" data-e-type=\"column\">\n\t\t\t<div class=\"elementor-widget-wrap elementor-element-populated\">\n\t\t\t\t\t\t<div class=\"elementor-element elementor-element-e872ea9 elementor-widget elementor-widget-video\" data-id=\"e872ea9\" data-element_type=\"widget\" data-e-type=\"widget\" data-settings=\"{&quot;youtube_url&quot;:&quot;https:\\\/\\\/www.youtube.com\\\/watch?v=ERZ_2G6pNx0&quot;,&quot;video_type&quot;:&quot;youtube&quot;,&quot;controls&quot;:&quot;yes&quot;}\" data-widget_type=\"video.default\">\n\t\t\t\t<div class=\"elementor-widget-container\">\n\t\t\t\t\t\t\t<div class=\"elementor-wrapper elementor-open-inline\">\n\t\t\t<div class=\"elementor-video\"><\/div>\t\t<\/div>\n\t\t\t\t\t\t<\/div>\n\t\t\t\t<\/div>\n\t\t\t\t\t<\/div>\n\t\t<\/div>\n\t\t\t\t\t<\/div>\n\t\t<\/section>\n\t\t\t\t<\/div>","protected":false},"excerpt":{"rendered":"<p>Luc\u00eda Casani inicia su nueva etapa en su carrera musical con \u201cPara M\u00ed\u201d, su primer single tras Operaci\u00f3n Triunfo Tras su paso por Operaci\u00f3n Triunfo 2025, Luc\u00eda Casani comienza a dar forma a su camino fuera de la Academia con el lanzamiento de Para M\u00ed, su primer single en esta nueva etapa. Un tema pop [&hellip;]<\/p>\n","protected":false},"author":1,"featured_media":7856,"comment_status":"closed","ping_status":"closed","sticky":false,"template":"","format":"standard","meta":{"footnotes":""},"categories":[119,4],"tags":[],"class_list":["post-7854","post","type-post","status-publish","format-standard","has-post-thumbnail","hentry","category-eventos","category-musica"],"yoast_head":"<!-- This site is optimized with the Yoast SEO plugin v27.4 - https:\/\/yoast.com\/product\/yoast-seo-wordpress\/ -->\n<title>Luc\u00eda Casani: &quot;No s\u00e9 si tirarme a la piscina con un EP directamente&quot;<\/title>\n<meta name=\"description\" content=\"Luc\u00eda Casani inicia su nueva etapa en su carrera musical con \u201cPara M\u00ed\u201d, su primer single tras Operaci\u00f3n Triunfo\" \/>\n<meta name=\"robots\" content=\"index, follow, max-snippet:-1, max-image-preview:large, max-video-preview:-1\" \/>\n<link rel=\"canonical\" href=\"https:\/\/unaymilletras.com\/en\/lucia-casani-no-se-si-tirarme-a-la-piscina-con-un-ep-directamente\/\" \/>\n<meta property=\"og:locale\" content=\"en_GB\" \/>\n<meta property=\"og:type\" content=\"article\" \/>\n<meta property=\"og:title\" content=\"Luc\u00eda Casani: &quot;No s\u00e9 si tirarme a la piscina con un EP directamente&quot;\" \/>\n<meta property=\"og:description\" content=\"Luc\u00eda Casani inicia su nueva etapa en su carrera musical con \u201cPara M\u00ed\u201d, su primer single tras Operaci\u00f3n Triunfo\" \/>\n<meta property=\"og:url\" content=\"https:\/\/unaymilletras.com\/en\/lucia-casani-no-se-si-tirarme-a-la-piscina-con-un-ep-directamente\/\" \/>\n<meta property=\"og:site_name\" content=\"Una y Mil Letras\" \/>\n<meta property=\"article:published_time\" content=\"2026-03-12T18:00:00+00:00\" \/>\n<meta property=\"article:modified_time\" content=\"2026-03-12T23:24:48+00:00\" \/>\n<meta property=\"og:image\" content=\"http:\/\/unaymilletras.com\/wp-content\/uploads\/2026\/03\/MG_1437-scaled-e1773357710709.jpg\" \/>\n\t<meta property=\"og:image:width\" content=\"600\" \/>\n\t<meta property=\"og:image:height\" content=\"400\" \/>\n\t<meta property=\"og:image:type\" content=\"image\/jpeg\" \/>\n<meta name=\"author\" content=\"Maria Gil Robledo\" \/>\n<meta name=\"twitter:card\" content=\"summary_large_image\" \/>\n<meta name=\"twitter:creator\" content=\"@UnaYMilLetras\" \/>\n<meta name=\"twitter:site\" content=\"@UnaYMilLetras\" \/>\n<meta name=\"twitter:label1\" content=\"Written by\" \/>\n\t<meta name=\"twitter:data1\" content=\"Maria Gil Robledo\" \/>\n\t<meta name=\"twitter:label2\" content=\"Estimated reading time\" \/>\n\t<meta name=\"twitter:data2\" content=\"1 minute\" \/>\n<script type=\"application\/ld+json\" class=\"yoast-schema-graph\">{\"@context\":\"https:\\\/\\\/schema.org\",\"@graph\":[{\"@type\":\"Article\",\"@id\":\"https:\\\/\\\/unaymilletras.com\\\/lucia-casani-no-se-si-tirarme-a-la-piscina-con-un-ep-directamente\\\/#article\",\"isPartOf\":{\"@id\":\"https:\\\/\\\/unaymilletras.com\\\/lucia-casani-no-se-si-tirarme-a-la-piscina-con-un-ep-directamente\\\/\"},\"author\":{\"name\":\"Maria Gil Robledo\",\"@id\":\"http:\\\/\\\/unaymilletras.com\\\/#\\\/schema\\\/person\\\/d55ba681b8a4e463d8982dbe36a5dc94\"},\"headline\":\"Luc\u00eda Casani: \u00abNo s\u00e9 si tirarme a la piscina con un EP directamente\u00bb\",\"datePublished\":\"2026-03-12T18:00:00+00:00\",\"dateModified\":\"2026-03-12T23:24:48+00:00\",\"mainEntityOfPage\":{\"@id\":\"https:\\\/\\\/unaymilletras.com\\\/lucia-casani-no-se-si-tirarme-a-la-piscina-con-un-ep-directamente\\\/\"},\"wordCount\":183,\"publisher\":{\"@id\":\"http:\\\/\\\/unaymilletras.com\\\/#organization\"},\"image\":{\"@id\":\"https:\\\/\\\/unaymilletras.com\\\/lucia-casani-no-se-si-tirarme-a-la-piscina-con-un-ep-directamente\\\/#primaryimage\"},\"thumbnailUrl\":\"https:\\\/\\\/unaymilletras.com\\\/wp-content\\\/uploads\\\/2026\\\/03\\\/MG_1437-scaled-e1773357710709.jpg\",\"articleSection\":[\"Eventos\",\"M\u00fasica\"],\"inLanguage\":\"en-GB\"},{\"@type\":\"WebPage\",\"@id\":\"https:\\\/\\\/unaymilletras.com\\\/lucia-casani-no-se-si-tirarme-a-la-piscina-con-un-ep-directamente\\\/\",\"url\":\"https:\\\/\\\/unaymilletras.com\\\/lucia-casani-no-se-si-tirarme-a-la-piscina-con-un-ep-directamente\\\/\",\"name\":\"Luc\u00eda Casani: \\\"No s\u00e9 si tirarme a la piscina con un EP directamente\\\"\",\"isPartOf\":{\"@id\":\"http:\\\/\\\/unaymilletras.com\\\/#website\"},\"primaryImageOfPage\":{\"@id\":\"https:\\\/\\\/unaymilletras.com\\\/lucia-casani-no-se-si-tirarme-a-la-piscina-con-un-ep-directamente\\\/#primaryimage\"},\"image\":{\"@id\":\"https:\\\/\\\/unaymilletras.com\\\/lucia-casani-no-se-si-tirarme-a-la-piscina-con-un-ep-directamente\\\/#primaryimage\"},\"thumbnailUrl\":\"https:\\\/\\\/unaymilletras.com\\\/wp-content\\\/uploads\\\/2026\\\/03\\\/MG_1437-scaled-e1773357710709.jpg\",\"datePublished\":\"2026-03-12T18:00:00+00:00\",\"dateModified\":\"2026-03-12T23:24:48+00:00\",\"description\":\"Luc\u00eda Casani inicia su nueva etapa en su carrera musical con \u201cPara M\u00ed\u201d, su primer single tras Operaci\u00f3n Triunfo\",\"breadcrumb\":{\"@id\":\"https:\\\/\\\/unaymilletras.com\\\/lucia-casani-no-se-si-tirarme-a-la-piscina-con-un-ep-directamente\\\/#breadcrumb\"},\"inLanguage\":\"en-GB\",\"potentialAction\":[{\"@type\":\"ReadAction\",\"target\":[\"https:\\\/\\\/unaymilletras.com\\\/lucia-casani-no-se-si-tirarme-a-la-piscina-con-un-ep-directamente\\\/\"]}]},{\"@type\":\"ImageObject\",\"inLanguage\":\"en-GB\",\"@id\":\"https:\\\/\\\/unaymilletras.com\\\/lucia-casani-no-se-si-tirarme-a-la-piscina-con-un-ep-directamente\\\/#primaryimage\",\"url\":\"https:\\\/\\\/unaymilletras.com\\\/wp-content\\\/uploads\\\/2026\\\/03\\\/MG_1437-scaled-e1773357710709.jpg\",\"contentUrl\":\"https:\\\/\\\/unaymilletras.com\\\/wp-content\\\/uploads\\\/2026\\\/03\\\/MG_1437-scaled-e1773357710709.jpg\",\"width\":600,\"height\":400,\"caption\":\"Lucia Casani\"},{\"@type\":\"BreadcrumbList\",\"@id\":\"https:\\\/\\\/unaymilletras.com\\\/lucia-casani-no-se-si-tirarme-a-la-piscina-con-un-ep-directamente\\\/#breadcrumb\",\"itemListElement\":[{\"@type\":\"ListItem\",\"position\":1,\"name\":\"Home\",\"item\":\"http:\\\/\\\/unaymilletras.com\\\/\"},{\"@type\":\"ListItem\",\"position\":2,\"name\":\"Luc\u00eda Casani: \u00abNo s\u00e9 si tirarme a la piscina con un EP directamente\u00bb\"}]},{\"@type\":\"WebSite\",\"@id\":\"http:\\\/\\\/unaymilletras.com\\\/#website\",\"url\":\"http:\\\/\\\/unaymilletras.com\\\/\",\"name\":\"Una y Mil Letras\",\"description\":\"\",\"publisher\":{\"@id\":\"http:\\\/\\\/unaymilletras.com\\\/#organization\"},\"potentialAction\":[{\"@type\":\"SearchAction\",\"target\":{\"@type\":\"EntryPoint\",\"urlTemplate\":\"http:\\\/\\\/unaymilletras.com\\\/?s={search_term_string}\"},\"query-input\":{\"@type\":\"PropertyValueSpecification\",\"valueRequired\":true,\"valueName\":\"search_term_string\"}}],\"inLanguage\":\"en-GB\"},{\"@type\":\"Organization\",\"@id\":\"http:\\\/\\\/unaymilletras.com\\\/#organization\",\"name\":\"Una y Mil Letras\",\"url\":\"http:\\\/\\\/unaymilletras.com\\\/\",\"logo\":{\"@type\":\"ImageObject\",\"inLanguage\":\"en-GB\",\"@id\":\"http:\\\/\\\/unaymilletras.com\\\/#\\\/schema\\\/logo\\\/image\\\/\",\"url\":\"https:\\\/\\\/unaymilletras.com\\\/wp-content\\\/uploads\\\/2024\\\/06\\\/cropped-Logo-removebg-preview.png\",\"contentUrl\":\"https:\\\/\\\/unaymilletras.com\\\/wp-content\\\/uploads\\\/2024\\\/06\\\/cropped-Logo-removebg-preview.png\",\"width\":512,\"height\":512,\"caption\":\"Una y Mil Letras\"},\"image\":{\"@id\":\"http:\\\/\\\/unaymilletras.com\\\/#\\\/schema\\\/logo\\\/image\\\/\"},\"sameAs\":[\"https:\\\/\\\/x.com\\\/UnaYMilLetras\",\"https:\\\/\\\/instagram.com\\\/UnaYMilLetras\"]},{\"@type\":\"Person\",\"@id\":\"http:\\\/\\\/unaymilletras.com\\\/#\\\/schema\\\/person\\\/d55ba681b8a4e463d8982dbe36a5dc94\",\"name\":\"Maria Gil Robledo\",\"image\":{\"@type\":\"ImageObject\",\"inLanguage\":\"en-GB\",\"@id\":\"https:\\\/\\\/secure.gravatar.com\\\/avatar\\\/4b8e5102e0015789407eb4870b12f0f2857952d83ca124058f92b764bd1840c3?s=96&d=mm&r=g\",\"url\":\"https:\\\/\\\/secure.gravatar.com\\\/avatar\\\/4b8e5102e0015789407eb4870b12f0f2857952d83ca124058f92b764bd1840c3?s=96&d=mm&r=g\",\"contentUrl\":\"https:\\\/\\\/secure.gravatar.com\\\/avatar\\\/4b8e5102e0015789407eb4870b12f0f2857952d83ca124058f92b764bd1840c3?s=96&d=mm&r=g\",\"caption\":\"Maria Gil Robledo\"},\"sameAs\":[\"http:\\\/\\\/unaymilletras.com\"],\"url\":\"https:\\\/\\\/unaymilletras.com\\\/en\\\/author\\\/mariiagiil02_\\\/\"}]}<\/script>\n<!-- \/ Yoast SEO plugin. -->","yoast_head_json":{"title":"Luc\u00eda Casani: \"No s\u00e9 si tirarme a la piscina con un EP directamente\"","description":"Luc\u00eda Casani inicia su nueva etapa en su carrera musical con \u201cPara M\u00ed\u201d, su primer single tras Operaci\u00f3n Triunfo","robots":{"index":"index","follow":"follow","max-snippet":"max-snippet:-1","max-image-preview":"max-image-preview:large","max-video-preview":"max-video-preview:-1"},"canonical":"https:\/\/unaymilletras.com\/en\/lucia-casani-no-se-si-tirarme-a-la-piscina-con-un-ep-directamente\/","og_locale":"en_GB","og_type":"article","og_title":"Luc\u00eda Casani: \"No s\u00e9 si tirarme a la piscina con un EP directamente\"","og_description":"Luc\u00eda Casani inicia su nueva etapa en su carrera musical con \u201cPara M\u00ed\u201d, su primer single tras Operaci\u00f3n Triunfo","og_url":"https:\/\/unaymilletras.com\/en\/lucia-casani-no-se-si-tirarme-a-la-piscina-con-un-ep-directamente\/","og_site_name":"Una y Mil Letras","article_published_time":"2026-03-12T18:00:00+00:00","article_modified_time":"2026-03-12T23:24:48+00:00","og_image":[{"width":600,"height":400,"url":"http:\/\/unaymilletras.com\/wp-content\/uploads\/2026\/03\/MG_1437-scaled-e1773357710709.jpg","type":"image\/jpeg"}],"author":"Maria Gil Robledo","twitter_card":"summary_large_image","twitter_creator":"@UnaYMilLetras","twitter_site":"@UnaYMilLetras","twitter_misc":{"Written by":"Maria Gil Robledo","Estimated reading time":"1 minute"},"schema":{"@context":"https:\/\/schema.org","@graph":[{"@type":"Article","@id":"https:\/\/unaymilletras.com\/lucia-casani-no-se-si-tirarme-a-la-piscina-con-un-ep-directamente\/#article","isPartOf":{"@id":"https:\/\/unaymilletras.com\/lucia-casani-no-se-si-tirarme-a-la-piscina-con-un-ep-directamente\/"},"author":{"name":"Maria Gil Robledo","@id":"http:\/\/unaymilletras.com\/#\/schema\/person\/d55ba681b8a4e463d8982dbe36a5dc94"},"headline":"Luc\u00eda Casani: \u00abNo s\u00e9 si tirarme a la piscina con un EP directamente\u00bb","datePublished":"2026-03-12T18:00:00+00:00","dateModified":"2026-03-12T23:24:48+00:00","mainEntityOfPage":{"@id":"https:\/\/unaymilletras.com\/lucia-casani-no-se-si-tirarme-a-la-piscina-con-un-ep-directamente\/"},"wordCount":183,"publisher":{"@id":"http:\/\/unaymilletras.com\/#organization"},"image":{"@id":"https:\/\/unaymilletras.com\/lucia-casani-no-se-si-tirarme-a-la-piscina-con-un-ep-directamente\/#primaryimage"},"thumbnailUrl":"https:\/\/unaymilletras.com\/wp-content\/uploads\/2026\/03\/MG_1437-scaled-e1773357710709.jpg","articleSection":["Eventos","M\u00fasica"],"inLanguage":"en-GB"},{"@type":"WebPage","@id":"https:\/\/unaymilletras.com\/lucia-casani-no-se-si-tirarme-a-la-piscina-con-un-ep-directamente\/","url":"https:\/\/unaymilletras.com\/lucia-casani-no-se-si-tirarme-a-la-piscina-con-un-ep-directamente\/","name":"Luc\u00eda Casani: \"No s\u00e9 si tirarme a la piscina con un EP directamente\"","isPartOf":{"@id":"http:\/\/unaymilletras.com\/#website"},"primaryImageOfPage":{"@id":"https:\/\/unaymilletras.com\/lucia-casani-no-se-si-tirarme-a-la-piscina-con-un-ep-directamente\/#primaryimage"},"image":{"@id":"https:\/\/unaymilletras.com\/lucia-casani-no-se-si-tirarme-a-la-piscina-con-un-ep-directamente\/#primaryimage"},"thumbnailUrl":"https:\/\/unaymilletras.com\/wp-content\/uploads\/2026\/03\/MG_1437-scaled-e1773357710709.jpg","datePublished":"2026-03-12T18:00:00+00:00","dateModified":"2026-03-12T23:24:48+00:00","description":"Luc\u00eda Casani inicia su nueva etapa en su carrera musical con \u201cPara M\u00ed\u201d, su primer single tras Operaci\u00f3n Triunfo","breadcrumb":{"@id":"https:\/\/unaymilletras.com\/lucia-casani-no-se-si-tirarme-a-la-piscina-con-un-ep-directamente\/#breadcrumb"},"inLanguage":"en-GB","potentialAction":[{"@type":"ReadAction","target":["https:\/\/unaymilletras.com\/lucia-casani-no-se-si-tirarme-a-la-piscina-con-un-ep-directamente\/"]}]},{"@type":"ImageObject","inLanguage":"en-GB","@id":"https:\/\/unaymilletras.com\/lucia-casani-no-se-si-tirarme-a-la-piscina-con-un-ep-directamente\/#primaryimage","url":"https:\/\/unaymilletras.com\/wp-content\/uploads\/2026\/03\/MG_1437-scaled-e1773357710709.jpg","contentUrl":"https:\/\/unaymilletras.com\/wp-content\/uploads\/2026\/03\/MG_1437-scaled-e1773357710709.jpg","width":600,"height":400,"caption":"Lucia Casani"},{"@type":"BreadcrumbList","@id":"https:\/\/unaymilletras.com\/lucia-casani-no-se-si-tirarme-a-la-piscina-con-un-ep-directamente\/#breadcrumb","itemListElement":[{"@type":"ListItem","position":1,"name":"Home","item":"http:\/\/unaymilletras.com\/"},{"@type":"ListItem","position":2,"name":"Luc\u00eda Casani: \u00abNo s\u00e9 si tirarme a la piscina con un EP directamente\u00bb"}]},{"@type":"WebSite","@id":"http:\/\/unaymilletras.com\/#website","url":"http:\/\/unaymilletras.com\/","name":"Una y Mil Letras","description":"","publisher":{"@id":"http:\/\/unaymilletras.com\/#organization"},"potentialAction":[{"@type":"SearchAction","target":{"@type":"EntryPoint","urlTemplate":"http:\/\/unaymilletras.com\/?s={search_term_string}"},"query-input":{"@type":"PropertyValueSpecification","valueRequired":true,"valueName":"search_term_string"}}],"inLanguage":"en-GB"},{"@type":"Organization","@id":"http:\/\/unaymilletras.com\/#organization","name":"Una y Mil Letras","url":"http:\/\/unaymilletras.com\/","logo":{"@type":"ImageObject","inLanguage":"en-GB","@id":"http:\/\/unaymilletras.com\/#\/schema\/logo\/image\/","url":"https:\/\/unaymilletras.com\/wp-content\/uploads\/2024\/06\/cropped-Logo-removebg-preview.png","contentUrl":"https:\/\/unaymilletras.com\/wp-content\/uploads\/2024\/06\/cropped-Logo-removebg-preview.png","width":512,"height":512,"caption":"Una y Mil Letras"},"image":{"@id":"http:\/\/unaymilletras.com\/#\/schema\/logo\/image\/"},"sameAs":["https:\/\/x.com\/UnaYMilLetras","https:\/\/instagram.com\/UnaYMilLetras"]},{"@type":"Person","@id":"http:\/\/unaymilletras.com\/#\/schema\/person\/d55ba681b8a4e463d8982dbe36a5dc94","name":"Maria Gil Robledo","image":{"@type":"ImageObject","inLanguage":"en-GB","@id":"https:\/\/secure.gravatar.com\/avatar\/4b8e5102e0015789407eb4870b12f0f2857952d83ca124058f92b764bd1840c3?s=96&d=mm&r=g","url":"https:\/\/secure.gravatar.com\/avatar\/4b8e5102e0015789407eb4870b12f0f2857952d83ca124058f92b764bd1840c3?s=96&d=mm&r=g","contentUrl":"https:\/\/secure.gravatar.com\/avatar\/4b8e5102e0015789407eb4870b12f0f2857952d83ca124058f92b764bd1840c3?s=96&d=mm&r=g","caption":"Maria Gil Robledo"},"sameAs":["http:\/\/unaymilletras.com"],"url":"https:\/\/unaymilletras.com\/en\/author\/mariiagiil02_\/"}]}},"_links":{"self":[{"href":"https:\/\/unaymilletras.com\/en\/wp-json\/wp\/v2\/posts\/7854","targetHints":{"allow":["GET"]}}],"collection":[{"href":"https:\/\/unaymilletras.com\/en\/wp-json\/wp\/v2\/posts"}],"about":[{"href":"https:\/\/unaymilletras.com\/en\/wp-json\/wp\/v2\/types\/post"}],"author":[{"embeddable":true,"href":"https:\/\/unaymilletras.com\/en\/wp-json\/wp\/v2\/users\/1"}],"replies":[{"embeddable":true,"href":"https:\/\/unaymilletras.com\/en\/wp-json\/wp\/v2\/comments?post=7854"}],"version-history":[{"count":4,"href":"https:\/\/unaymilletras.com\/en\/wp-json\/wp\/v2\/posts\/7854\/revisions"}],"predecessor-version":[{"id":7859,"href":"https:\/\/unaymilletras.com\/en\/wp-json\/wp\/v2\/posts\/7854\/revisions\/7859"}],"wp:featuredmedia":[{"embeddable":true,"href":"https:\/\/unaymilletras.com\/en\/wp-json\/wp\/v2\/media\/7856"}],"wp:attachment":[{"href":"https:\/\/unaymilletras.com\/en\/wp-json\/wp\/v2\/media?parent=7854"}],"wp:term":[{"taxonomy":"category","embeddable":true,"href":"https:\/\/unaymilletras.com\/en\/wp-json\/wp\/v2\/categories?post=7854"},{"taxonomy":"post_tag","embeddable":true,"href":"https:\/\/unaymilletras.com\/en\/wp-json\/wp\/v2\/tags?post=7854"}],"curies":[{"name":"wp","href":"https:\/\/api.w.org\/{rel}","templated":true}]}}