{"id":7860,"date":"2026-03-09T14:30:00","date_gmt":"2026-03-09T13:30:00","guid":{"rendered":"https:\/\/unaymilletras.com\/?p=7860"},"modified":"2026-03-18T10:48:53","modified_gmt":"2026-03-18T09:48:53","slug":"marquitos-presenta-la-portada-y-el-tracklist-de-alma-de-cantaro","status":"publish","type":"post","link":"https:\/\/unaymilletras.com\/en\/marquitos-presenta-la-portada-y-el-tracklist-de-alma-de-cantaro\/","title":{"rendered":"Marquitos presenta la portada y el tracklist de  Alma de C\u00e1ntaro"},"content":{"rendered":"<div data-elementor-type=\"wp-post\" data-elementor-id=\"7860\" class=\"elementor elementor-7860\">\n\t\t\t\t\t\t<section class=\"elementor-section elementor-top-section elementor-element elementor-element-a8e4270 elementor-section-boxed elementor-section-height-default elementor-section-height-default\" data-id=\"a8e4270\" data-element_type=\"section\" data-e-type=\"section\">\n\t\t\t\t\t\t<div class=\"elementor-container elementor-column-gap-default\">\n\t\t\t\t\t<div class=\"elementor-column elementor-col-100 elementor-top-column elementor-element elementor-element-910754d\" data-id=\"910754d\" data-element_type=\"column\" data-e-type=\"column\">\n\t\t\t<div class=\"elementor-widget-wrap elementor-element-populated\">\n\t\t\t\t\t\t<div class=\"elementor-element elementor-element-221ed4f elementor-widget elementor-widget-text-editor\" data-id=\"221ed4f\" data-element_type=\"widget\" data-e-type=\"widget\" data-widget_type=\"text-editor.default\">\n\t\t\t\t<div class=\"elementor-widget-container\">\n\t\t\t\t\t\t\t\t\t<h2 style=\"text-align: center;\"><span style=\"color: #808080;\"><em>El artista madrile\u00f1o Marquitos publicar\u00e1 su nuevo proyecto el 20 de marzo y lo presentar\u00e1 el 8 de abril en La Riviera\u00a0<\/em><\/span><\/h2>\t\t\t\t\t\t\t\t<\/div>\n\t\t\t\t<\/div>\n\t\t\t\t\t<\/div>\n\t\t<\/div>\n\t\t\t\t\t<\/div>\n\t\t<\/section>\n\t\t\t\t<section class=\"elementor-section elementor-top-section elementor-element elementor-element-5629baa elementor-section-boxed elementor-section-height-default elementor-section-height-default\" data-id=\"5629baa\" data-element_type=\"section\" data-e-type=\"section\">\n\t\t\t\t\t\t<div class=\"elementor-container elementor-column-gap-default\">\n\t\t\t\t\t<div class=\"elementor-column elementor-col-100 elementor-top-column elementor-element elementor-element-1f054aa\" data-id=\"1f054aa\" data-element_type=\"column\" data-e-type=\"column\">\n\t\t\t<div class=\"elementor-widget-wrap elementor-element-populated\">\n\t\t\t\t\t\t<div class=\"elementor-element elementor-element-0de98ad elementor-widget elementor-widget-text-editor\" data-id=\"0de98ad\" data-element_type=\"widget\" data-e-type=\"widget\" data-widget_type=\"text-editor.default\">\n\t\t\t\t<div class=\"elementor-widget-container\">\n\t\t\t\t\t\t\t\t\t<p data-start=\"219\" data-end=\"668\">El artista <span class=\"hover:entity-accent entity-underline inline cursor-pointer align-baseline\"><span class=\"whitespace-normal\">Marquitos<\/span><\/span> ha presentado oficialmente la portada y el tracklist de su nuevo \u00e1lbum <em data-start=\"339\" data-end=\"356\">Alma de C\u00e1ntaro<\/em>, que ver\u00e1 la luz el pr\u00f3ximo <strong data-start=\"385\" data-end=\"400\">20 de marzo<\/strong> en todas las plataformas digitales. El proyecto marca una nueva etapa en la evoluci\u00f3n art\u00edstica del m\u00fasico madrile\u00f1o, anteriormente conocido como ODDLIQUOR, y supone un paso importante en la consolidaci\u00f3n de su identidad musical.<\/p><p data-start=\"219\" data-end=\"668\">Compuesto por <strong data-start=\"684\" data-end=\"700\">15 canciones<\/strong>, <em data-start=\"702\" data-end=\"719\">Alma de C\u00e1ntaro<\/em> se plantea como un trabajo m\u00e1s ambicioso, personal y maduro dentro de su trayectoria. El \u00e1lbum propone un viaje emocional en el que conviven la introspecci\u00f3n, la experimentaci\u00f3n sonora y una clara proyecci\u00f3n internacional, manteniendo el sello personal que ha caracterizado la m\u00fasica del artista desde sus inicios.<\/p>\t\t\t\t\t\t\t\t<\/div>\n\t\t\t\t<\/div>\n\t\t\t\t\t<\/div>\n\t\t<\/div>\n\t\t\t\t\t<\/div>\n\t\t<\/section>\n\t\t\t\t<section class=\"elementor-section elementor-top-section elementor-element elementor-element-000c583 elementor-section-boxed elementor-section-height-default elementor-section-height-default\" data-id=\"000c583\" data-element_type=\"section\" data-e-type=\"section\">\n\t\t\t\t\t\t<div class=\"elementor-container elementor-column-gap-default\">\n\t\t\t\t\t<div class=\"elementor-column elementor-col-50 elementor-top-column elementor-element elementor-element-d013216\" data-id=\"d013216\" data-element_type=\"column\" data-e-type=\"column\">\n\t\t\t<div class=\"elementor-widget-wrap elementor-element-populated\">\n\t\t\t\t\t\t<div class=\"elementor-element elementor-element-57f5461 elementor-widget elementor-widget-image\" data-id=\"57f5461\" data-element_type=\"widget\" data-e-type=\"widget\" data-widget_type=\"image.default\">\n\t\t\t\t<div class=\"elementor-widget-container\">\n\t\t\t\t\t\t\t\t\t\t\t\t\t\t\t<img fetchpriority=\"high\" decoding=\"async\" width=\"640\" height=\"640\" src=\"https:\/\/unaymilletras.com\/wp-content\/uploads\/2026\/03\/PORTADA-DISCO-Alma-De-Cantaro-1024x1024.jpg\" class=\"attachment-large size-large wp-image-7862\" alt=\"Marquitos Alma de C\u00e1ntaro\" srcset=\"https:\/\/unaymilletras.com\/wp-content\/uploads\/2026\/03\/PORTADA-DISCO-Alma-De-Cantaro-1024x1024.jpg 1024w, https:\/\/unaymilletras.com\/wp-content\/uploads\/2026\/03\/PORTADA-DISCO-Alma-De-Cantaro-300x300.jpg 300w, https:\/\/unaymilletras.com\/wp-content\/uploads\/2026\/03\/PORTADA-DISCO-Alma-De-Cantaro-150x150.jpg 150w, https:\/\/unaymilletras.com\/wp-content\/uploads\/2026\/03\/PORTADA-DISCO-Alma-De-Cantaro-768x768.jpg 768w, https:\/\/unaymilletras.com\/wp-content\/uploads\/2026\/03\/PORTADA-DISCO-Alma-De-Cantaro-1536x1536.jpg 1536w, https:\/\/unaymilletras.com\/wp-content\/uploads\/2026\/03\/PORTADA-DISCO-Alma-De-Cantaro-2048x2048.jpg 2048w, https:\/\/unaymilletras.com\/wp-content\/uploads\/2026\/03\/PORTADA-DISCO-Alma-De-Cantaro-12x12.jpg 12w, https:\/\/unaymilletras.com\/wp-content\/uploads\/2026\/03\/PORTADA-DISCO-Alma-De-Cantaro-scaled-e1773397512240.jpg 600w\" sizes=\"(max-width: 640px) 100vw, 640px\" \/>\t\t\t\t\t\t\t\t\t\t\t\t\t\t\t<\/div>\n\t\t\t\t<\/div>\n\t\t\t\t\t<\/div>\n\t\t<\/div>\n\t\t\t\t<div class=\"elementor-column elementor-col-50 elementor-top-column elementor-element elementor-element-c23ca17\" data-id=\"c23ca17\" data-element_type=\"column\" data-e-type=\"column\">\n\t\t\t<div class=\"elementor-widget-wrap elementor-element-populated\">\n\t\t\t\t\t\t<div class=\"elementor-element elementor-element-0d648bd elementor-widget elementor-widget-image\" data-id=\"0d648bd\" data-element_type=\"widget\" data-e-type=\"widget\" data-widget_type=\"image.default\">\n\t\t\t\t<div class=\"elementor-widget-container\">\n\t\t\t\t\t\t\t\t\t\t\t\t\t\t\t<img decoding=\"async\" width=\"640\" height=\"640\" src=\"https:\/\/unaymilletras.com\/wp-content\/uploads\/2026\/03\/MARQUITOS_TRACKLIST_DETAIL-1024x1024.jpg\" class=\"attachment-large size-large wp-image-7863\" alt=\"Marquitos tracklist\" srcset=\"https:\/\/unaymilletras.com\/wp-content\/uploads\/2026\/03\/MARQUITOS_TRACKLIST_DETAIL-1024x1024.jpg 1024w, https:\/\/unaymilletras.com\/wp-content\/uploads\/2026\/03\/MARQUITOS_TRACKLIST_DETAIL-300x300.jpg 300w, https:\/\/unaymilletras.com\/wp-content\/uploads\/2026\/03\/MARQUITOS_TRACKLIST_DETAIL-150x150.jpg 150w, https:\/\/unaymilletras.com\/wp-content\/uploads\/2026\/03\/MARQUITOS_TRACKLIST_DETAIL-768x768.jpg 768w, https:\/\/unaymilletras.com\/wp-content\/uploads\/2026\/03\/MARQUITOS_TRACKLIST_DETAIL-1536x1536.jpg 1536w, https:\/\/unaymilletras.com\/wp-content\/uploads\/2026\/03\/MARQUITOS_TRACKLIST_DETAIL-12x12.jpg 12w, https:\/\/unaymilletras.com\/wp-content\/uploads\/2026\/03\/MARQUITOS_TRACKLIST_DETAIL-e1773397531474.jpg 600w\" sizes=\"(max-width: 640px) 100vw, 640px\" \/>\t\t\t\t\t\t\t\t\t\t\t\t\t\t\t<\/div>\n\t\t\t\t<\/div>\n\t\t\t\t\t<\/div>\n\t\t<\/div>\n\t\t\t\t\t<\/div>\n\t\t<\/section>\n\t\t\t\t<section class=\"elementor-section elementor-top-section elementor-element elementor-element-1f8766d elementor-section-boxed elementor-section-height-default elementor-section-height-default\" data-id=\"1f8766d\" data-element_type=\"section\" data-e-type=\"section\">\n\t\t\t\t\t\t<div class=\"elementor-container elementor-column-gap-default\">\n\t\t\t\t\t<div class=\"elementor-column elementor-col-100 elementor-top-column elementor-element elementor-element-7b8a736\" data-id=\"7b8a736\" data-element_type=\"column\" data-e-type=\"column\">\n\t\t\t<div class=\"elementor-widget-wrap elementor-element-populated\">\n\t\t\t\t\t\t<div class=\"elementor-element elementor-element-6b7c900 elementor-widget elementor-widget-text-editor\" data-id=\"6b7c900\" data-element_type=\"widget\" data-e-type=\"widget\" data-widget_type=\"text-editor.default\">\n\t\t\t\t<div class=\"elementor-widget-container\">\n\t\t\t\t\t\t\t\t\t<p>Entre los cortes destacados del proyecto se encuentra <em data-start=\"1128\" data-end=\"1139\">Thanx God<\/em>, una colaboraci\u00f3n junto a <span class=\"hover:entity-accent entity-underline inline cursor-pointer align-baseline\"><span class=\"whitespace-normal\">West Srk<\/span><\/span> que promete convertirse en uno de los temas m\u00e1s comentados del \u00e1lbum. Adem\u00e1s, el disco incluir\u00e1 un focus track junto a <strong data-start=\"1323\" data-end=\"1389\">uno de los artistas internacionales m\u00e1s relevantes del momento<\/strong>, cuyo nombre se revelar\u00e1 pocos d\u00edas antes del lanzamiento oficial, generando expectaci\u00f3n entre seguidores y medios.<\/p><p class=\"not-prose mt-0! mb-0! flex-auto truncate\">Este lanzamiento llega despu\u00e9s de un cambio importante en la carrera del artista. Tras varios a\u00f1os publicando m\u00fasica bajo el nombre de ODDLIQUOR, en 2025 decidi\u00f3 iniciar una nueva etapa utilizando su propio nombre art\u00edstico, reflejando un proceso de madurez personal y creativa.<\/p>\t\t\t\t\t\t\t\t<\/div>\n\t\t\t\t<\/div>\n\t\t\t\t\t<\/div>\n\t\t<\/div>\n\t\t\t\t\t<\/div>\n\t\t<\/section>\n\t\t\t\t<section class=\"elementor-section elementor-top-section elementor-element elementor-element-d377bc2 elementor-section-boxed elementor-section-height-default elementor-section-height-default\" data-id=\"d377bc2\" data-element_type=\"section\" data-e-type=\"section\">\n\t\t\t\t\t\t<div class=\"elementor-container elementor-column-gap-default\">\n\t\t\t\t\t<div class=\"elementor-column elementor-col-100 elementor-top-column elementor-element elementor-element-c7cde36\" data-id=\"c7cde36\" data-element_type=\"column\" data-e-type=\"column\">\n\t\t\t<div class=\"elementor-widget-wrap elementor-element-populated\">\n\t\t\t\t\t\t<div class=\"elementor-element elementor-element-55c00e7 elementor-widget elementor-widget-video\" data-id=\"55c00e7\" data-element_type=\"widget\" data-e-type=\"widget\" data-settings=\"{&quot;youtube_url&quot;:&quot;https:\\\/\\\/www.youtube.com\\\/watch?v=uHRUfUhpsHQ&quot;,&quot;video_type&quot;:&quot;youtube&quot;,&quot;controls&quot;:&quot;yes&quot;}\" data-widget_type=\"video.default\">\n\t\t\t\t<div class=\"elementor-widget-container\">\n\t\t\t\t\t\t\t<div class=\"elementor-wrapper elementor-open-inline\">\n\t\t\t<div class=\"elementor-video\"><\/div>\t\t<\/div>\n\t\t\t\t\t\t<\/div>\n\t\t\t\t<\/div>\n\t\t\t\t\t<\/div>\n\t\t<\/div>\n\t\t\t\t\t<\/div>\n\t\t<\/section>\n\t\t\t\t<section class=\"elementor-section elementor-top-section elementor-element elementor-element-c1d8115 elementor-section-boxed elementor-section-height-default elementor-section-height-default\" data-id=\"c1d8115\" data-element_type=\"section\" data-e-type=\"section\">\n\t\t\t\t\t\t<div class=\"elementor-container elementor-column-gap-default\">\n\t\t\t\t\t<div class=\"elementor-column elementor-col-100 elementor-top-column elementor-element elementor-element-96978c2\" data-id=\"96978c2\" data-element_type=\"column\" data-e-type=\"column\">\n\t\t\t<div class=\"elementor-widget-wrap elementor-element-populated\">\n\t\t\t\t\t\t<div class=\"elementor-element elementor-element-dd10a77 elementor-widget elementor-widget-text-editor\" data-id=\"dd10a77\" data-element_type=\"widget\" data-e-type=\"widget\" data-widget_type=\"text-editor.default\">\n\t\t\t\t<div class=\"elementor-widget-container\">\n\t\t\t\t\t\t\t\t\t<p data-start=\"2398\" data-end=\"2777\">Los singles <em data-start=\"2410\" data-end=\"2439\">Mis \u00eddolos est\u00e1n en mi casa<\/em> y <em data-start=\"2442\" data-end=\"2461\">Un buen hijo pta.<\/em> marcaron el inicio de esta nueva etapa art\u00edstica, mientras que <em data-start=\"2525\" data-end=\"2532\">Bucle<\/em> fue el primer adelanto de <em data-start=\"2559\" data-end=\"2576\">Alma de C\u00e1ntaro<\/em>, un tema que reflejaba una visi\u00f3n m\u00e1s global influida por sus experiencias y viajes a ciudades como Nueva York, Los \u00c1ngeles, Miami, Ciudad de M\u00e9xico o Medell\u00edn.<\/p><p data-start=\"2779\" data-end=\"3088\">Como broche al lanzamiento del \u00e1lbum, Marquitos presentar\u00e1 el proyecto en directo el pr\u00f3ximo <strong data-start=\"2872\" data-end=\"2886\">8 de abril<\/strong> en la sala <span class=\"hover:entity-accent entity-underline inline cursor-pointer align-baseline\"><span class=\"whitespace-normal\">La Riviera<\/span><\/span> de <span class=\"hover:entity-accent entity-underline inline cursor-pointer align-baseline\"><span class=\"whitespace-normal\">Madrid<\/span><\/span>. Las entradas ya est\u00e1n disponibles a trav\u00e9s de la plataforma Fever.<\/p>\t\t\t\t\t\t\t\t<\/div>\n\t\t\t\t<\/div>\n\t\t\t\t\t<\/div>\n\t\t<\/div>\n\t\t\t\t\t<\/div>\n\t\t<\/section>\n\t\t\t\t<\/div>","protected":false},"excerpt":{"rendered":"<p>El artista madrile\u00f1o Marquitos publicar\u00e1 su nuevo proyecto el 20 de marzo y lo presentar\u00e1 el 8 de abril en La Riviera\u00a0 El artista Marquitos ha presentado oficialmente la portada y el tracklist de su nuevo \u00e1lbum Alma de C\u00e1ntaro, que ver\u00e1 la luz el pr\u00f3ximo 20 de marzo en todas las plataformas digitales. El [&hellip;]<\/p>\n","protected":false},"author":6,"featured_media":7862,"comment_status":"closed","ping_status":"closed","sticky":false,"template":"","format":"standard","meta":{"footnotes":""},"categories":[4],"tags":[],"class_list":["post-7860","post","type-post","status-publish","format-standard","has-post-thumbnail","hentry","category-musica"],"yoast_head":"<!-- This site is optimized with the Yoast SEO plugin v27.4 - https:\/\/yoast.com\/product\/yoast-seo-wordpress\/ -->\n<title>Marquitos presenta la portada y el tracklist de Alma de C\u00e1ntaro<\/title>\n<meta name=\"description\" content=\"El artista madrile\u00f1o Marquitos publicar\u00e1 su nuevo proyecto el 20 de marzo y lo presentar\u00e1 en directo el 8 de abril en La Riviera de Madrid\" \/>\n<meta name=\"robots\" content=\"index, follow, max-snippet:-1, max-image-preview:large, max-video-preview:-1\" \/>\n<link rel=\"canonical\" href=\"https:\/\/unaymilletras.com\/en\/marquitos-presenta-la-portada-y-el-tracklist-de-alma-de-cantaro\/\" \/>\n<meta property=\"og:locale\" content=\"en_GB\" \/>\n<meta property=\"og:type\" content=\"article\" \/>\n<meta property=\"og:title\" content=\"Marquitos presenta la portada y el tracklist de Alma de C\u00e1ntaro\" \/>\n<meta property=\"og:description\" content=\"El artista madrile\u00f1o Marquitos publicar\u00e1 su nuevo proyecto el 20 de marzo y lo presentar\u00e1 en directo el 8 de abril en La Riviera de Madrid\" \/>\n<meta property=\"og:url\" content=\"https:\/\/unaymilletras.com\/en\/marquitos-presenta-la-portada-y-el-tracklist-de-alma-de-cantaro\/\" \/>\n<meta property=\"og:site_name\" content=\"Una y Mil Letras\" \/>\n<meta property=\"article:published_time\" content=\"2026-03-09T13:30:00+00:00\" \/>\n<meta property=\"article:modified_time\" content=\"2026-03-18T09:48:53+00:00\" \/>\n<meta property=\"og:image\" content=\"http:\/\/unaymilletras.com\/wp-content\/uploads\/2026\/03\/PORTADA-DISCO-Alma-De-Cantaro-scaled-e1773397512240.jpg\" \/>\n\t<meta property=\"og:image:width\" content=\"600\" \/>\n\t<meta property=\"og:image:height\" content=\"600\" \/>\n\t<meta property=\"og:image:type\" content=\"image\/jpeg\" \/>\n<meta name=\"author\" content=\"Redacci\u00f3n\" \/>\n<meta name=\"twitter:card\" content=\"summary_large_image\" \/>\n<meta name=\"twitter:creator\" content=\"@UnaYMilLetras\" \/>\n<meta name=\"twitter:site\" content=\"@UnaYMilLetras\" \/>\n<meta name=\"twitter:label1\" content=\"Written by\" \/>\n\t<meta name=\"twitter:data1\" content=\"Redacci\u00f3n\" \/>\n\t<meta name=\"twitter:label2\" content=\"Estimated reading time\" \/>\n\t<meta name=\"twitter:data2\" content=\"3 minutes\" \/>\n<script type=\"application\/ld+json\" class=\"yoast-schema-graph\">{\"@context\":\"https:\\\/\\\/schema.org\",\"@graph\":[{\"@type\":\"Article\",\"@id\":\"https:\\\/\\\/unaymilletras.com\\\/marquitos-presenta-la-portada-y-el-tracklist-de-alma-de-cantaro\\\/#article\",\"isPartOf\":{\"@id\":\"https:\\\/\\\/unaymilletras.com\\\/marquitos-presenta-la-portada-y-el-tracklist-de-alma-de-cantaro\\\/\"},\"author\":{\"name\":\"Redacci\u00f3n\",\"@id\":\"http:\\\/\\\/unaymilletras.com\\\/#\\\/schema\\\/person\\\/0860dc8a218329991ee2c7591f4f849d\"},\"headline\":\"Marquitos presenta la portada y el tracklist de Alma de C\u00e1ntaro\",\"datePublished\":\"2026-03-09T13:30:00+00:00\",\"dateModified\":\"2026-03-18T09:48:53+00:00\",\"mainEntityOfPage\":{\"@id\":\"https:\\\/\\\/unaymilletras.com\\\/marquitos-presenta-la-portada-y-el-tracklist-de-alma-de-cantaro\\\/\"},\"wordCount\":383,\"publisher\":{\"@id\":\"http:\\\/\\\/unaymilletras.com\\\/#organization\"},\"image\":{\"@id\":\"https:\\\/\\\/unaymilletras.com\\\/marquitos-presenta-la-portada-y-el-tracklist-de-alma-de-cantaro\\\/#primaryimage\"},\"thumbnailUrl\":\"https:\\\/\\\/unaymilletras.com\\\/wp-content\\\/uploads\\\/2026\\\/03\\\/PORTADA-DISCO-Alma-De-Cantaro-scaled-e1773397512240.jpg\",\"articleSection\":[\"M\u00fasica\"],\"inLanguage\":\"en-GB\"},{\"@type\":\"WebPage\",\"@id\":\"https:\\\/\\\/unaymilletras.com\\\/marquitos-presenta-la-portada-y-el-tracklist-de-alma-de-cantaro\\\/\",\"url\":\"https:\\\/\\\/unaymilletras.com\\\/marquitos-presenta-la-portada-y-el-tracklist-de-alma-de-cantaro\\\/\",\"name\":\"Marquitos presenta la portada y el tracklist de Alma de C\u00e1ntaro\",\"isPartOf\":{\"@id\":\"http:\\\/\\\/unaymilletras.com\\\/#website\"},\"primaryImageOfPage\":{\"@id\":\"https:\\\/\\\/unaymilletras.com\\\/marquitos-presenta-la-portada-y-el-tracklist-de-alma-de-cantaro\\\/#primaryimage\"},\"image\":{\"@id\":\"https:\\\/\\\/unaymilletras.com\\\/marquitos-presenta-la-portada-y-el-tracklist-de-alma-de-cantaro\\\/#primaryimage\"},\"thumbnailUrl\":\"https:\\\/\\\/unaymilletras.com\\\/wp-content\\\/uploads\\\/2026\\\/03\\\/PORTADA-DISCO-Alma-De-Cantaro-scaled-e1773397512240.jpg\",\"datePublished\":\"2026-03-09T13:30:00+00:00\",\"dateModified\":\"2026-03-18T09:48:53+00:00\",\"description\":\"El artista madrile\u00f1o Marquitos publicar\u00e1 su nuevo proyecto el 20 de marzo y lo presentar\u00e1 en directo el 8 de abril en La Riviera de Madrid\",\"breadcrumb\":{\"@id\":\"https:\\\/\\\/unaymilletras.com\\\/marquitos-presenta-la-portada-y-el-tracklist-de-alma-de-cantaro\\\/#breadcrumb\"},\"inLanguage\":\"en-GB\",\"potentialAction\":[{\"@type\":\"ReadAction\",\"target\":[\"https:\\\/\\\/unaymilletras.com\\\/marquitos-presenta-la-portada-y-el-tracklist-de-alma-de-cantaro\\\/\"]}]},{\"@type\":\"ImageObject\",\"inLanguage\":\"en-GB\",\"@id\":\"https:\\\/\\\/unaymilletras.com\\\/marquitos-presenta-la-portada-y-el-tracklist-de-alma-de-cantaro\\\/#primaryimage\",\"url\":\"https:\\\/\\\/unaymilletras.com\\\/wp-content\\\/uploads\\\/2026\\\/03\\\/PORTADA-DISCO-Alma-De-Cantaro-scaled-e1773397512240.jpg\",\"contentUrl\":\"https:\\\/\\\/unaymilletras.com\\\/wp-content\\\/uploads\\\/2026\\\/03\\\/PORTADA-DISCO-Alma-De-Cantaro-scaled-e1773397512240.jpg\",\"width\":600,\"height\":600,\"caption\":\"Marquitos Alma de C\u00e1ntaro\"},{\"@type\":\"BreadcrumbList\",\"@id\":\"https:\\\/\\\/unaymilletras.com\\\/marquitos-presenta-la-portada-y-el-tracklist-de-alma-de-cantaro\\\/#breadcrumb\",\"itemListElement\":[{\"@type\":\"ListItem\",\"position\":1,\"name\":\"Home\",\"item\":\"http:\\\/\\\/unaymilletras.com\\\/\"},{\"@type\":\"ListItem\",\"position\":2,\"name\":\"Marquitos presenta la portada y el tracklist de Alma de C\u00e1ntaro\"}]},{\"@type\":\"WebSite\",\"@id\":\"http:\\\/\\\/unaymilletras.com\\\/#website\",\"url\":\"http:\\\/\\\/unaymilletras.com\\\/\",\"name\":\"Una y Mil Letras\",\"description\":\"\",\"publisher\":{\"@id\":\"http:\\\/\\\/unaymilletras.com\\\/#organization\"},\"potentialAction\":[{\"@type\":\"SearchAction\",\"target\":{\"@type\":\"EntryPoint\",\"urlTemplate\":\"http:\\\/\\\/unaymilletras.com\\\/?s={search_term_string}\"},\"query-input\":{\"@type\":\"PropertyValueSpecification\",\"valueRequired\":true,\"valueName\":\"search_term_string\"}}],\"inLanguage\":\"en-GB\"},{\"@type\":\"Organization\",\"@id\":\"http:\\\/\\\/unaymilletras.com\\\/#organization\",\"name\":\"Una y Mil Letras\",\"url\":\"http:\\\/\\\/unaymilletras.com\\\/\",\"logo\":{\"@type\":\"ImageObject\",\"inLanguage\":\"en-GB\",\"@id\":\"http:\\\/\\\/unaymilletras.com\\\/#\\\/schema\\\/logo\\\/image\\\/\",\"url\":\"https:\\\/\\\/unaymilletras.com\\\/wp-content\\\/uploads\\\/2024\\\/06\\\/cropped-Logo-removebg-preview.png\",\"contentUrl\":\"https:\\\/\\\/unaymilletras.com\\\/wp-content\\\/uploads\\\/2024\\\/06\\\/cropped-Logo-removebg-preview.png\",\"width\":512,\"height\":512,\"caption\":\"Una y Mil Letras\"},\"image\":{\"@id\":\"http:\\\/\\\/unaymilletras.com\\\/#\\\/schema\\\/logo\\\/image\\\/\"},\"sameAs\":[\"https:\\\/\\\/x.com\\\/UnaYMilLetras\",\"https:\\\/\\\/instagram.com\\\/UnaYMilLetras\"]},{\"@type\":\"Person\",\"@id\":\"http:\\\/\\\/unaymilletras.com\\\/#\\\/schema\\\/person\\\/0860dc8a218329991ee2c7591f4f849d\",\"name\":\"Redacci\u00f3n\",\"image\":{\"@type\":\"ImageObject\",\"inLanguage\":\"en-GB\",\"@id\":\"https:\\\/\\\/secure.gravatar.com\\\/avatar\\\/d8f55e05a8b6597e45c55a1dcbdbfe44f4a360d88b48e00de5216a79b7732796?s=96&d=mm&r=g\",\"url\":\"https:\\\/\\\/secure.gravatar.com\\\/avatar\\\/d8f55e05a8b6597e45c55a1dcbdbfe44f4a360d88b48e00de5216a79b7732796?s=96&d=mm&r=g\",\"contentUrl\":\"https:\\\/\\\/secure.gravatar.com\\\/avatar\\\/d8f55e05a8b6597e45c55a1dcbdbfe44f4a360d88b48e00de5216a79b7732796?s=96&d=mm&r=g\",\"caption\":\"Redacci\u00f3n\"},\"url\":\"https:\\\/\\\/unaymilletras.com\\\/en\\\/author\\\/redaccion\\\/\"}]}<\/script>\n<!-- \/ Yoast SEO plugin. -->","yoast_head_json":{"title":"Marquitos presenta la portada y el tracklist de Alma de C\u00e1ntaro","description":"El artista madrile\u00f1o Marquitos publicar\u00e1 su nuevo proyecto el 20 de marzo y lo presentar\u00e1 en directo el 8 de abril en La Riviera de Madrid","robots":{"index":"index","follow":"follow","max-snippet":"max-snippet:-1","max-image-preview":"max-image-preview:large","max-video-preview":"max-video-preview:-1"},"canonical":"https:\/\/unaymilletras.com\/en\/marquitos-presenta-la-portada-y-el-tracklist-de-alma-de-cantaro\/","og_locale":"en_GB","og_type":"article","og_title":"Marquitos presenta la portada y el tracklist de Alma de C\u00e1ntaro","og_description":"El artista madrile\u00f1o Marquitos publicar\u00e1 su nuevo proyecto el 20 de marzo y lo presentar\u00e1 en directo el 8 de abril en La Riviera de Madrid","og_url":"https:\/\/unaymilletras.com\/en\/marquitos-presenta-la-portada-y-el-tracklist-de-alma-de-cantaro\/","og_site_name":"Una y Mil Letras","article_published_time":"2026-03-09T13:30:00+00:00","article_modified_time":"2026-03-18T09:48:53+00:00","og_image":[{"width":600,"height":600,"url":"http:\/\/unaymilletras.com\/wp-content\/uploads\/2026\/03\/PORTADA-DISCO-Alma-De-Cantaro-scaled-e1773397512240.jpg","type":"image\/jpeg"}],"author":"Redacci\u00f3n","twitter_card":"summary_large_image","twitter_creator":"@UnaYMilLetras","twitter_site":"@UnaYMilLetras","twitter_misc":{"Written by":"Redacci\u00f3n","Estimated reading time":"3 minutes"},"schema":{"@context":"https:\/\/schema.org","@graph":[{"@type":"Article","@id":"https:\/\/unaymilletras.com\/marquitos-presenta-la-portada-y-el-tracklist-de-alma-de-cantaro\/#article","isPartOf":{"@id":"https:\/\/unaymilletras.com\/marquitos-presenta-la-portada-y-el-tracklist-de-alma-de-cantaro\/"},"author":{"name":"Redacci\u00f3n","@id":"http:\/\/unaymilletras.com\/#\/schema\/person\/0860dc8a218329991ee2c7591f4f849d"},"headline":"Marquitos presenta la portada y el tracklist de Alma de C\u00e1ntaro","datePublished":"2026-03-09T13:30:00+00:00","dateModified":"2026-03-18T09:48:53+00:00","mainEntityOfPage":{"@id":"https:\/\/unaymilletras.com\/marquitos-presenta-la-portada-y-el-tracklist-de-alma-de-cantaro\/"},"wordCount":383,"publisher":{"@id":"http:\/\/unaymilletras.com\/#organization"},"image":{"@id":"https:\/\/unaymilletras.com\/marquitos-presenta-la-portada-y-el-tracklist-de-alma-de-cantaro\/#primaryimage"},"thumbnailUrl":"https:\/\/unaymilletras.com\/wp-content\/uploads\/2026\/03\/PORTADA-DISCO-Alma-De-Cantaro-scaled-e1773397512240.jpg","articleSection":["M\u00fasica"],"inLanguage":"en-GB"},{"@type":"WebPage","@id":"https:\/\/unaymilletras.com\/marquitos-presenta-la-portada-y-el-tracklist-de-alma-de-cantaro\/","url":"https:\/\/unaymilletras.com\/marquitos-presenta-la-portada-y-el-tracklist-de-alma-de-cantaro\/","name":"Marquitos presenta la portada y el tracklist de Alma de C\u00e1ntaro","isPartOf":{"@id":"http:\/\/unaymilletras.com\/#website"},"primaryImageOfPage":{"@id":"https:\/\/unaymilletras.com\/marquitos-presenta-la-portada-y-el-tracklist-de-alma-de-cantaro\/#primaryimage"},"image":{"@id":"https:\/\/unaymilletras.com\/marquitos-presenta-la-portada-y-el-tracklist-de-alma-de-cantaro\/#primaryimage"},"thumbnailUrl":"https:\/\/unaymilletras.com\/wp-content\/uploads\/2026\/03\/PORTADA-DISCO-Alma-De-Cantaro-scaled-e1773397512240.jpg","datePublished":"2026-03-09T13:30:00+00:00","dateModified":"2026-03-18T09:48:53+00:00","description":"El artista madrile\u00f1o Marquitos publicar\u00e1 su nuevo proyecto el 20 de marzo y lo presentar\u00e1 en directo el 8 de abril en La Riviera de Madrid","breadcrumb":{"@id":"https:\/\/unaymilletras.com\/marquitos-presenta-la-portada-y-el-tracklist-de-alma-de-cantaro\/#breadcrumb"},"inLanguage":"en-GB","potentialAction":[{"@type":"ReadAction","target":["https:\/\/unaymilletras.com\/marquitos-presenta-la-portada-y-el-tracklist-de-alma-de-cantaro\/"]}]},{"@type":"ImageObject","inLanguage":"en-GB","@id":"https:\/\/unaymilletras.com\/marquitos-presenta-la-portada-y-el-tracklist-de-alma-de-cantaro\/#primaryimage","url":"https:\/\/unaymilletras.com\/wp-content\/uploads\/2026\/03\/PORTADA-DISCO-Alma-De-Cantaro-scaled-e1773397512240.jpg","contentUrl":"https:\/\/unaymilletras.com\/wp-content\/uploads\/2026\/03\/PORTADA-DISCO-Alma-De-Cantaro-scaled-e1773397512240.jpg","width":600,"height":600,"caption":"Marquitos Alma de C\u00e1ntaro"},{"@type":"BreadcrumbList","@id":"https:\/\/unaymilletras.com\/marquitos-presenta-la-portada-y-el-tracklist-de-alma-de-cantaro\/#breadcrumb","itemListElement":[{"@type":"ListItem","position":1,"name":"Home","item":"http:\/\/unaymilletras.com\/"},{"@type":"ListItem","position":2,"name":"Marquitos presenta la portada y el tracklist de Alma de C\u00e1ntaro"}]},{"@type":"WebSite","@id":"http:\/\/unaymilletras.com\/#website","url":"http:\/\/unaymilletras.com\/","name":"Una y Mil Letras","description":"","publisher":{"@id":"http:\/\/unaymilletras.com\/#organization"},"potentialAction":[{"@type":"SearchAction","target":{"@type":"EntryPoint","urlTemplate":"http:\/\/unaymilletras.com\/?s={search_term_string}"},"query-input":{"@type":"PropertyValueSpecification","valueRequired":true,"valueName":"search_term_string"}}],"inLanguage":"en-GB"},{"@type":"Organization","@id":"http:\/\/unaymilletras.com\/#organization","name":"Una y Mil Letras","url":"http:\/\/unaymilletras.com\/","logo":{"@type":"ImageObject","inLanguage":"en-GB","@id":"http:\/\/unaymilletras.com\/#\/schema\/logo\/image\/","url":"https:\/\/unaymilletras.com\/wp-content\/uploads\/2024\/06\/cropped-Logo-removebg-preview.png","contentUrl":"https:\/\/unaymilletras.com\/wp-content\/uploads\/2024\/06\/cropped-Logo-removebg-preview.png","width":512,"height":512,"caption":"Una y Mil Letras"},"image":{"@id":"http:\/\/unaymilletras.com\/#\/schema\/logo\/image\/"},"sameAs":["https:\/\/x.com\/UnaYMilLetras","https:\/\/instagram.com\/UnaYMilLetras"]},{"@type":"Person","@id":"http:\/\/unaymilletras.com\/#\/schema\/person\/0860dc8a218329991ee2c7591f4f849d","name":"Redacci\u00f3n","image":{"@type":"ImageObject","inLanguage":"en-GB","@id":"https:\/\/secure.gravatar.com\/avatar\/d8f55e05a8b6597e45c55a1dcbdbfe44f4a360d88b48e00de5216a79b7732796?s=96&d=mm&r=g","url":"https:\/\/secure.gravatar.com\/avatar\/d8f55e05a8b6597e45c55a1dcbdbfe44f4a360d88b48e00de5216a79b7732796?s=96&d=mm&r=g","contentUrl":"https:\/\/secure.gravatar.com\/avatar\/d8f55e05a8b6597e45c55a1dcbdbfe44f4a360d88b48e00de5216a79b7732796?s=96&d=mm&r=g","caption":"Redacci\u00f3n"},"url":"https:\/\/unaymilletras.com\/en\/author\/redaccion\/"}]}},"_links":{"self":[{"href":"https:\/\/unaymilletras.com\/en\/wp-json\/wp\/v2\/posts\/7860","targetHints":{"allow":["GET"]}}],"collection":[{"href":"https:\/\/unaymilletras.com\/en\/wp-json\/wp\/v2\/posts"}],"about":[{"href":"https:\/\/unaymilletras.com\/en\/wp-json\/wp\/v2\/types\/post"}],"author":[{"embeddable":true,"href":"https:\/\/unaymilletras.com\/en\/wp-json\/wp\/v2\/users\/6"}],"replies":[{"embeddable":true,"href":"https:\/\/unaymilletras.com\/en\/wp-json\/wp\/v2\/comments?post=7860"}],"version-history":[{"count":4,"href":"https:\/\/unaymilletras.com\/en\/wp-json\/wp\/v2\/posts\/7860\/revisions"}],"predecessor-version":[{"id":7866,"href":"https:\/\/unaymilletras.com\/en\/wp-json\/wp\/v2\/posts\/7860\/revisions\/7866"}],"wp:featuredmedia":[{"embeddable":true,"href":"https:\/\/unaymilletras.com\/en\/wp-json\/wp\/v2\/media\/7862"}],"wp:attachment":[{"href":"https:\/\/unaymilletras.com\/en\/wp-json\/wp\/v2\/media?parent=7860"}],"wp:term":[{"taxonomy":"category","embeddable":true,"href":"https:\/\/unaymilletras.com\/en\/wp-json\/wp\/v2\/categories?post=7860"},{"taxonomy":"post_tag","embeddable":true,"href":"https:\/\/unaymilletras.com\/en\/wp-json\/wp\/v2\/tags?post=7860"}],"curies":[{"name":"wp","href":"https:\/\/api.w.org\/{rel}","templated":true}]}}