{"id":7867,"date":"2026-03-12T21:00:00","date_gmt":"2026-03-12T20:00:00","guid":{"rendered":"https:\/\/unaymilletras.com\/?p=7867"},"modified":"2026-03-18T10:48:43","modified_gmt":"2026-03-18T09:48:43","slug":"karlitos-se-despide-de-eudaimonia-con-nuestrakancion-akustico","status":"publish","type":"post","link":"https:\/\/unaymilletras.com\/en\/karlitos-se-despide-de-eudaimonia-con-nuestrakancion-akustico\/","title":{"rendered":"Karlitos se despide de Eudaimon\u00eda con \u201cnuestraKanci\u00f3n (ak\u00fastico)"},"content":{"rendered":"<div data-elementor-type=\"wp-post\" data-elementor-id=\"7867\" class=\"elementor elementor-7867\">\n\t\t\t\t\t\t<section class=\"elementor-section elementor-top-section elementor-element elementor-element-5d3934f elementor-section-boxed elementor-section-height-default elementor-section-height-default\" data-id=\"5d3934f\" data-element_type=\"section\" data-e-type=\"section\">\n\t\t\t\t\t\t<div class=\"elementor-container elementor-column-gap-default\">\n\t\t\t\t\t<div class=\"elementor-column elementor-col-100 elementor-top-column elementor-element elementor-element-28d1f04\" data-id=\"28d1f04\" data-element_type=\"column\" data-e-type=\"column\">\n\t\t\t<div class=\"elementor-widget-wrap elementor-element-populated\">\n\t\t\t\t\t\t<div class=\"elementor-element elementor-element-258e55c elementor-widget elementor-widget-text-editor\" data-id=\"258e55c\" data-element_type=\"widget\" data-e-type=\"widget\" data-widget_type=\"text-editor.default\">\n\t\t\t\t<div class=\"elementor-widget-container\">\n\t\t\t\t\t\t\t\t\t<h2 style=\"text-align: center;\"><span style=\"color: #808080;\"><em>El artista Karlitos publica una versi\u00f3n \u00edntima del tema para cerrar la etapa de su primer \u00e1lbum<\/em><\/span><\/h2>\t\t\t\t\t\t\t\t<\/div>\n\t\t\t\t<\/div>\n\t\t\t\t\t<\/div>\n\t\t<\/div>\n\t\t\t\t\t<\/div>\n\t\t<\/section>\n\t\t\t\t<section class=\"elementor-section elementor-top-section elementor-element elementor-element-c3e8966 elementor-section-boxed elementor-section-height-default elementor-section-height-default\" data-id=\"c3e8966\" data-element_type=\"section\" data-e-type=\"section\">\n\t\t\t\t\t\t<div class=\"elementor-container elementor-column-gap-default\">\n\t\t\t\t\t<div class=\"elementor-column elementor-col-100 elementor-top-column elementor-element elementor-element-dafc57b\" data-id=\"dafc57b\" data-element_type=\"column\" data-e-type=\"column\">\n\t\t\t<div class=\"elementor-widget-wrap elementor-element-populated\">\n\t\t\t\t\t\t<div class=\"elementor-element elementor-element-3bb8773 elementor-widget elementor-widget-text-editor\" data-id=\"3bb8773\" data-element_type=\"widget\" data-e-type=\"widget\" data-widget_type=\"text-editor.default\">\n\t\t\t\t<div class=\"elementor-widget-container\">\n\t\t\t\t\t\t\t\t\t<p data-start=\"180\" data-end=\"522\">Karlitos presenta una nueva versi\u00f3n ac\u00fastica de <strong data-start=\"228\" data-end=\"248\"><em>nuestraKanci\u00f3n<\/em><\/strong>, uno de los temas m\u00e1s especiales de su \u00e1lbum debut <em data-start=\"300\" data-end=\"312\">Eudaimon\u00eda<\/em>. Con este lanzamiento, el artista pone un cierre simb\u00f3lico a la etapa de su primer proyecto discogr\u00e1fico y empieza a mirar hacia lo que vendr\u00e1 en su pr\u00f3xima etapa musical.\u00a0<\/p><p data-start=\"524\" data-end=\"1004\">En este formato m\u00e1s \u00edntimo, la canci\u00f3n se centra en la emoci\u00f3n y el significado de su historia. El tema habla de despedidas que llegan sin avisar, de recuerdos que permanecen incluso cuando todo ha terminado y de ese proceso de intentar avanzar mientras una parte sigue mirando hacia el pasado. La letra refleja ese momento en el que el amor se transforma en distancia y aparecen las contradicciones entre querer quedarse o aprender a soltar.\u00a0<\/p>\t\t\t\t\t\t\t\t<\/div>\n\t\t\t\t<\/div>\n\t\t\t\t\t<\/div>\n\t\t<\/div>\n\t\t\t\t\t<\/div>\n\t\t<\/section>\n\t\t\t\t<section class=\"elementor-section elementor-top-section elementor-element elementor-element-4d5349f elementor-section-boxed elementor-section-height-default elementor-section-height-default\" data-id=\"4d5349f\" data-element_type=\"section\" data-e-type=\"section\">\n\t\t\t\t\t\t<div class=\"elementor-container elementor-column-gap-default\">\n\t\t\t\t\t<div class=\"elementor-column elementor-col-100 elementor-top-column elementor-element elementor-element-b5677c7\" data-id=\"b5677c7\" data-element_type=\"column\" data-e-type=\"column\">\n\t\t\t<div class=\"elementor-widget-wrap elementor-element-populated\">\n\t\t\t\t\t\t<div class=\"elementor-element elementor-element-e4594e8 elementor-widget elementor-widget-video\" data-id=\"e4594e8\" data-element_type=\"widget\" data-e-type=\"widget\" data-settings=\"{&quot;youtube_url&quot;:&quot;https:\\\/\\\/www.youtube.com\\\/watch?v=24vdq3zn8Tw&quot;,&quot;video_type&quot;:&quot;youtube&quot;,&quot;controls&quot;:&quot;yes&quot;}\" data-widget_type=\"video.default\">\n\t\t\t\t<div class=\"elementor-widget-container\">\n\t\t\t\t\t\t\t<div class=\"elementor-wrapper elementor-open-inline\">\n\t\t\t<div class=\"elementor-video\"><\/div>\t\t<\/div>\n\t\t\t\t\t\t<\/div>\n\t\t\t\t<\/div>\n\t\t\t\t\t<\/div>\n\t\t<\/div>\n\t\t\t\t\t<\/div>\n\t\t<\/section>\n\t\t\t\t<section class=\"elementor-section elementor-top-section elementor-element elementor-element-2292d1f elementor-section-boxed elementor-section-height-default elementor-section-height-default\" data-id=\"2292d1f\" data-element_type=\"section\" data-e-type=\"section\">\n\t\t\t\t\t\t<div class=\"elementor-container elementor-column-gap-default\">\n\t\t\t\t\t<div class=\"elementor-column elementor-col-100 elementor-top-column elementor-element elementor-element-3ad3347\" data-id=\"3ad3347\" data-element_type=\"column\" data-e-type=\"column\">\n\t\t\t<div class=\"elementor-widget-wrap elementor-element-populated\">\n\t\t\t\t\t\t<div class=\"elementor-element elementor-element-00916c5 elementor-widget elementor-widget-text-editor\" data-id=\"00916c5\" data-element_type=\"widget\" data-e-type=\"widget\" data-widget_type=\"text-editor.default\">\n\t\t\t\t<div class=\"elementor-widget-container\">\n\t\t\t\t\t\t\t\t\t<p data-start=\"1006\" data-end=\"1366\"><em data-start=\"1006\" data-end=\"1018\">Eudaimon\u00eda<\/em>, ya disponible en todas las plataformas digitales, es un proyecto conceptual que recorre un proceso de reconstrucci\u00f3n personal y crecimiento interior del artista. El t\u00edtulo hace referencia al concepto filos\u00f3fico de la eudaimon\u00eda, entendido como un estado de bienestar pleno, realizaci\u00f3n y desarrollo personal.\u00a0<\/p><p data-start=\"1368\" data-end=\"1761\">Antes del lanzamiento del disco, Karlitos present\u00f3 el proyecto completo en una listening party celebrada en Madrid junto a un grupo reducido de invitados. Durante el evento, el artista comparti\u00f3 actuaciones en directo y explic\u00f3 el proceso creativo detr\u00e1s del \u00e1lbum, mostrando la importancia de cada canci\u00f3n dentro de la historia que construye el proyecto.<\/p><p data-start=\"1368\" data-end=\"1761\">El \u00e1lbum nace de una etapa personal complicada para el artista, que logr\u00f3 transformar esa experiencia en m\u00fasica. Cada canci\u00f3n funciona como un recuerdo o un s\u00edmbolo dentro del camino que lo llev\u00f3 a reconstruirse y encontrar una nueva etapa. Con el ac\u00fastico de \u201cnuestraKanci\u00f3n\u201d, Karlitos pone el broche final a esta fase y abre la puerta a lo que est\u00e1 por venir.<\/p>\t\t\t\t\t\t\t\t<\/div>\n\t\t\t\t<\/div>\n\t\t\t\t\t<\/div>\n\t\t<\/div>\n\t\t\t\t\t<\/div>\n\t\t<\/section>\n\t\t\t\t<\/div>","protected":false},"excerpt":{"rendered":"<p>El artista Karlitos publica una versi\u00f3n \u00edntima del tema para cerrar la etapa de su primer \u00e1lbum Karlitos presenta una nueva versi\u00f3n ac\u00fastica de nuestraKanci\u00f3n, uno de los temas m\u00e1s especiales de su \u00e1lbum debut Eudaimon\u00eda. Con este lanzamiento, el artista pone un cierre simb\u00f3lico a la etapa de su primer proyecto discogr\u00e1fico y empieza [&hellip;]<\/p>\n","protected":false},"author":6,"featured_media":7869,"comment_status":"closed","ping_status":"closed","sticky":false,"template":"","format":"standard","meta":{"footnotes":""},"categories":[4],"tags":[],"class_list":["post-7867","post","type-post","status-publish","format-standard","has-post-thumbnail","hentry","category-musica"],"yoast_head":"<!-- This site is optimized with the Yoast SEO plugin v27.4 - https:\/\/yoast.com\/product\/yoast-seo-wordpress\/ -->\n<title>Karlitos se despide de Eudaimon\u00eda con \u201cnuestraKanci\u00f3n (ak\u00fastico)<\/title>\n<meta name=\"description\" content=\"El artista Karlitos publica una versi\u00f3n \u00edntima del tema para cerrar simb\u00f3licamente la etapa de su primer \u00e1lbum\" \/>\n<meta name=\"robots\" content=\"index, follow, max-snippet:-1, max-image-preview:large, max-video-preview:-1\" \/>\n<link rel=\"canonical\" href=\"https:\/\/unaymilletras.com\/en\/karlitos-se-despide-de-eudaimonia-con-nuestrakancion-akustico\/\" \/>\n<meta property=\"og:locale\" content=\"en_GB\" \/>\n<meta property=\"og:type\" content=\"article\" \/>\n<meta property=\"og:title\" content=\"Karlitos se despide de Eudaimon\u00eda con \u201cnuestraKanci\u00f3n (ak\u00fastico)\" \/>\n<meta property=\"og:description\" content=\"El artista Karlitos publica una versi\u00f3n \u00edntima del tema para cerrar simb\u00f3licamente la etapa de su primer \u00e1lbum\" \/>\n<meta property=\"og:url\" content=\"https:\/\/unaymilletras.com\/en\/karlitos-se-despide-de-eudaimonia-con-nuestrakancion-akustico\/\" \/>\n<meta property=\"og:site_name\" content=\"Una y Mil Letras\" \/>\n<meta property=\"article:published_time\" content=\"2026-03-12T20:00:00+00:00\" \/>\n<meta property=\"article:modified_time\" content=\"2026-03-18T09:48:43+00:00\" \/>\n<meta property=\"og:image\" content=\"http:\/\/unaymilletras.com\/wp-content\/uploads\/2026\/03\/PORTADA-e1773398999745.png\" \/>\n\t<meta property=\"og:image:width\" content=\"600\" \/>\n\t<meta property=\"og:image:height\" content=\"600\" \/>\n\t<meta property=\"og:image:type\" content=\"image\/png\" \/>\n<meta name=\"author\" content=\"Redacci\u00f3n\" \/>\n<meta name=\"twitter:card\" content=\"summary_large_image\" \/>\n<meta name=\"twitter:creator\" content=\"@UnaYMilLetras\" \/>\n<meta name=\"twitter:site\" content=\"@UnaYMilLetras\" \/>\n<meta name=\"twitter:label1\" content=\"Written by\" \/>\n\t<meta name=\"twitter:data1\" content=\"Redacci\u00f3n\" \/>\n\t<meta name=\"twitter:label2\" content=\"Estimated reading time\" \/>\n\t<meta name=\"twitter:data2\" content=\"2 minutes\" \/>\n<script type=\"application\/ld+json\" class=\"yoast-schema-graph\">{\"@context\":\"https:\\\/\\\/schema.org\",\"@graph\":[{\"@type\":\"Article\",\"@id\":\"https:\\\/\\\/unaymilletras.com\\\/karlitos-se-despide-de-eudaimonia-con-nuestrakancion-akustico\\\/#article\",\"isPartOf\":{\"@id\":\"https:\\\/\\\/unaymilletras.com\\\/karlitos-se-despide-de-eudaimonia-con-nuestrakancion-akustico\\\/\"},\"author\":{\"name\":\"Redacci\u00f3n\",\"@id\":\"http:\\\/\\\/unaymilletras.com\\\/#\\\/schema\\\/person\\\/0860dc8a218329991ee2c7591f4f849d\"},\"headline\":\"Karlitos se despide de Eudaimon\u00eda con \u201cnuestraKanci\u00f3n (ak\u00fastico)\",\"datePublished\":\"2026-03-12T20:00:00+00:00\",\"dateModified\":\"2026-03-18T09:48:43+00:00\",\"mainEntityOfPage\":{\"@id\":\"https:\\\/\\\/unaymilletras.com\\\/karlitos-se-despide-de-eudaimonia-con-nuestrakancion-akustico\\\/\"},\"wordCount\":350,\"publisher\":{\"@id\":\"http:\\\/\\\/unaymilletras.com\\\/#organization\"},\"image\":{\"@id\":\"https:\\\/\\\/unaymilletras.com\\\/karlitos-se-despide-de-eudaimonia-con-nuestrakancion-akustico\\\/#primaryimage\"},\"thumbnailUrl\":\"https:\\\/\\\/unaymilletras.com\\\/wp-content\\\/uploads\\\/2026\\\/03\\\/PORTADA-e1773398999745.png\",\"articleSection\":[\"M\u00fasica\"],\"inLanguage\":\"en-GB\"},{\"@type\":\"WebPage\",\"@id\":\"https:\\\/\\\/unaymilletras.com\\\/karlitos-se-despide-de-eudaimonia-con-nuestrakancion-akustico\\\/\",\"url\":\"https:\\\/\\\/unaymilletras.com\\\/karlitos-se-despide-de-eudaimonia-con-nuestrakancion-akustico\\\/\",\"name\":\"Karlitos se despide de Eudaimon\u00eda con \u201cnuestraKanci\u00f3n (ak\u00fastico)\",\"isPartOf\":{\"@id\":\"http:\\\/\\\/unaymilletras.com\\\/#website\"},\"primaryImageOfPage\":{\"@id\":\"https:\\\/\\\/unaymilletras.com\\\/karlitos-se-despide-de-eudaimonia-con-nuestrakancion-akustico\\\/#primaryimage\"},\"image\":{\"@id\":\"https:\\\/\\\/unaymilletras.com\\\/karlitos-se-despide-de-eudaimonia-con-nuestrakancion-akustico\\\/#primaryimage\"},\"thumbnailUrl\":\"https:\\\/\\\/unaymilletras.com\\\/wp-content\\\/uploads\\\/2026\\\/03\\\/PORTADA-e1773398999745.png\",\"datePublished\":\"2026-03-12T20:00:00+00:00\",\"dateModified\":\"2026-03-18T09:48:43+00:00\",\"description\":\"El artista Karlitos publica una versi\u00f3n \u00edntima del tema para cerrar simb\u00f3licamente la etapa de su primer \u00e1lbum\",\"breadcrumb\":{\"@id\":\"https:\\\/\\\/unaymilletras.com\\\/karlitos-se-despide-de-eudaimonia-con-nuestrakancion-akustico\\\/#breadcrumb\"},\"inLanguage\":\"en-GB\",\"potentialAction\":[{\"@type\":\"ReadAction\",\"target\":[\"https:\\\/\\\/unaymilletras.com\\\/karlitos-se-despide-de-eudaimonia-con-nuestrakancion-akustico\\\/\"]}]},{\"@type\":\"ImageObject\",\"inLanguage\":\"en-GB\",\"@id\":\"https:\\\/\\\/unaymilletras.com\\\/karlitos-se-despide-de-eudaimonia-con-nuestrakancion-akustico\\\/#primaryimage\",\"url\":\"https:\\\/\\\/unaymilletras.com\\\/wp-content\\\/uploads\\\/2026\\\/03\\\/PORTADA-e1773398999745.png\",\"contentUrl\":\"https:\\\/\\\/unaymilletras.com\\\/wp-content\\\/uploads\\\/2026\\\/03\\\/PORTADA-e1773398999745.png\",\"width\":600,\"height\":600,\"caption\":\"Karlitos\"},{\"@type\":\"BreadcrumbList\",\"@id\":\"https:\\\/\\\/unaymilletras.com\\\/karlitos-se-despide-de-eudaimonia-con-nuestrakancion-akustico\\\/#breadcrumb\",\"itemListElement\":[{\"@type\":\"ListItem\",\"position\":1,\"name\":\"Home\",\"item\":\"http:\\\/\\\/unaymilletras.com\\\/\"},{\"@type\":\"ListItem\",\"position\":2,\"name\":\"Karlitos se despide de Eudaimon\u00eda con \u201cnuestraKanci\u00f3n (ak\u00fastico)\"}]},{\"@type\":\"WebSite\",\"@id\":\"http:\\\/\\\/unaymilletras.com\\\/#website\",\"url\":\"http:\\\/\\\/unaymilletras.com\\\/\",\"name\":\"Una y Mil Letras\",\"description\":\"\",\"publisher\":{\"@id\":\"http:\\\/\\\/unaymilletras.com\\\/#organization\"},\"potentialAction\":[{\"@type\":\"SearchAction\",\"target\":{\"@type\":\"EntryPoint\",\"urlTemplate\":\"http:\\\/\\\/unaymilletras.com\\\/?s={search_term_string}\"},\"query-input\":{\"@type\":\"PropertyValueSpecification\",\"valueRequired\":true,\"valueName\":\"search_term_string\"}}],\"inLanguage\":\"en-GB\"},{\"@type\":\"Organization\",\"@id\":\"http:\\\/\\\/unaymilletras.com\\\/#organization\",\"name\":\"Una y Mil Letras\",\"url\":\"http:\\\/\\\/unaymilletras.com\\\/\",\"logo\":{\"@type\":\"ImageObject\",\"inLanguage\":\"en-GB\",\"@id\":\"http:\\\/\\\/unaymilletras.com\\\/#\\\/schema\\\/logo\\\/image\\\/\",\"url\":\"https:\\\/\\\/unaymilletras.com\\\/wp-content\\\/uploads\\\/2024\\\/06\\\/cropped-Logo-removebg-preview.png\",\"contentUrl\":\"https:\\\/\\\/unaymilletras.com\\\/wp-content\\\/uploads\\\/2024\\\/06\\\/cropped-Logo-removebg-preview.png\",\"width\":512,\"height\":512,\"caption\":\"Una y Mil Letras\"},\"image\":{\"@id\":\"http:\\\/\\\/unaymilletras.com\\\/#\\\/schema\\\/logo\\\/image\\\/\"},\"sameAs\":[\"https:\\\/\\\/x.com\\\/UnaYMilLetras\",\"https:\\\/\\\/instagram.com\\\/UnaYMilLetras\"]},{\"@type\":\"Person\",\"@id\":\"http:\\\/\\\/unaymilletras.com\\\/#\\\/schema\\\/person\\\/0860dc8a218329991ee2c7591f4f849d\",\"name\":\"Redacci\u00f3n\",\"image\":{\"@type\":\"ImageObject\",\"inLanguage\":\"en-GB\",\"@id\":\"https:\\\/\\\/secure.gravatar.com\\\/avatar\\\/d8f55e05a8b6597e45c55a1dcbdbfe44f4a360d88b48e00de5216a79b7732796?s=96&d=mm&r=g\",\"url\":\"https:\\\/\\\/secure.gravatar.com\\\/avatar\\\/d8f55e05a8b6597e45c55a1dcbdbfe44f4a360d88b48e00de5216a79b7732796?s=96&d=mm&r=g\",\"contentUrl\":\"https:\\\/\\\/secure.gravatar.com\\\/avatar\\\/d8f55e05a8b6597e45c55a1dcbdbfe44f4a360d88b48e00de5216a79b7732796?s=96&d=mm&r=g\",\"caption\":\"Redacci\u00f3n\"},\"url\":\"https:\\\/\\\/unaymilletras.com\\\/en\\\/author\\\/redaccion\\\/\"}]}<\/script>\n<!-- \/ Yoast SEO plugin. -->","yoast_head_json":{"title":"Karlitos se despide de Eudaimon\u00eda con \u201cnuestraKanci\u00f3n (ak\u00fastico)","description":"El artista Karlitos publica una versi\u00f3n \u00edntima del tema para cerrar simb\u00f3licamente la etapa de su primer \u00e1lbum","robots":{"index":"index","follow":"follow","max-snippet":"max-snippet:-1","max-image-preview":"max-image-preview:large","max-video-preview":"max-video-preview:-1"},"canonical":"https:\/\/unaymilletras.com\/en\/karlitos-se-despide-de-eudaimonia-con-nuestrakancion-akustico\/","og_locale":"en_GB","og_type":"article","og_title":"Karlitos se despide de Eudaimon\u00eda con \u201cnuestraKanci\u00f3n (ak\u00fastico)","og_description":"El artista Karlitos publica una versi\u00f3n \u00edntima del tema para cerrar simb\u00f3licamente la etapa de su primer \u00e1lbum","og_url":"https:\/\/unaymilletras.com\/en\/karlitos-se-despide-de-eudaimonia-con-nuestrakancion-akustico\/","og_site_name":"Una y Mil Letras","article_published_time":"2026-03-12T20:00:00+00:00","article_modified_time":"2026-03-18T09:48:43+00:00","og_image":[{"width":600,"height":600,"url":"http:\/\/unaymilletras.com\/wp-content\/uploads\/2026\/03\/PORTADA-e1773398999745.png","type":"image\/png"}],"author":"Redacci\u00f3n","twitter_card":"summary_large_image","twitter_creator":"@UnaYMilLetras","twitter_site":"@UnaYMilLetras","twitter_misc":{"Written by":"Redacci\u00f3n","Estimated reading time":"2 minutes"},"schema":{"@context":"https:\/\/schema.org","@graph":[{"@type":"Article","@id":"https:\/\/unaymilletras.com\/karlitos-se-despide-de-eudaimonia-con-nuestrakancion-akustico\/#article","isPartOf":{"@id":"https:\/\/unaymilletras.com\/karlitos-se-despide-de-eudaimonia-con-nuestrakancion-akustico\/"},"author":{"name":"Redacci\u00f3n","@id":"http:\/\/unaymilletras.com\/#\/schema\/person\/0860dc8a218329991ee2c7591f4f849d"},"headline":"Karlitos se despide de Eudaimon\u00eda con \u201cnuestraKanci\u00f3n (ak\u00fastico)","datePublished":"2026-03-12T20:00:00+00:00","dateModified":"2026-03-18T09:48:43+00:00","mainEntityOfPage":{"@id":"https:\/\/unaymilletras.com\/karlitos-se-despide-de-eudaimonia-con-nuestrakancion-akustico\/"},"wordCount":350,"publisher":{"@id":"http:\/\/unaymilletras.com\/#organization"},"image":{"@id":"https:\/\/unaymilletras.com\/karlitos-se-despide-de-eudaimonia-con-nuestrakancion-akustico\/#primaryimage"},"thumbnailUrl":"https:\/\/unaymilletras.com\/wp-content\/uploads\/2026\/03\/PORTADA-e1773398999745.png","articleSection":["M\u00fasica"],"inLanguage":"en-GB"},{"@type":"WebPage","@id":"https:\/\/unaymilletras.com\/karlitos-se-despide-de-eudaimonia-con-nuestrakancion-akustico\/","url":"https:\/\/unaymilletras.com\/karlitos-se-despide-de-eudaimonia-con-nuestrakancion-akustico\/","name":"Karlitos se despide de Eudaimon\u00eda con \u201cnuestraKanci\u00f3n (ak\u00fastico)","isPartOf":{"@id":"http:\/\/unaymilletras.com\/#website"},"primaryImageOfPage":{"@id":"https:\/\/unaymilletras.com\/karlitos-se-despide-de-eudaimonia-con-nuestrakancion-akustico\/#primaryimage"},"image":{"@id":"https:\/\/unaymilletras.com\/karlitos-se-despide-de-eudaimonia-con-nuestrakancion-akustico\/#primaryimage"},"thumbnailUrl":"https:\/\/unaymilletras.com\/wp-content\/uploads\/2026\/03\/PORTADA-e1773398999745.png","datePublished":"2026-03-12T20:00:00+00:00","dateModified":"2026-03-18T09:48:43+00:00","description":"El artista Karlitos publica una versi\u00f3n \u00edntima del tema para cerrar simb\u00f3licamente la etapa de su primer \u00e1lbum","breadcrumb":{"@id":"https:\/\/unaymilletras.com\/karlitos-se-despide-de-eudaimonia-con-nuestrakancion-akustico\/#breadcrumb"},"inLanguage":"en-GB","potentialAction":[{"@type":"ReadAction","target":["https:\/\/unaymilletras.com\/karlitos-se-despide-de-eudaimonia-con-nuestrakancion-akustico\/"]}]},{"@type":"ImageObject","inLanguage":"en-GB","@id":"https:\/\/unaymilletras.com\/karlitos-se-despide-de-eudaimonia-con-nuestrakancion-akustico\/#primaryimage","url":"https:\/\/unaymilletras.com\/wp-content\/uploads\/2026\/03\/PORTADA-e1773398999745.png","contentUrl":"https:\/\/unaymilletras.com\/wp-content\/uploads\/2026\/03\/PORTADA-e1773398999745.png","width":600,"height":600,"caption":"Karlitos"},{"@type":"BreadcrumbList","@id":"https:\/\/unaymilletras.com\/karlitos-se-despide-de-eudaimonia-con-nuestrakancion-akustico\/#breadcrumb","itemListElement":[{"@type":"ListItem","position":1,"name":"Home","item":"http:\/\/unaymilletras.com\/"},{"@type":"ListItem","position":2,"name":"Karlitos se despide de Eudaimon\u00eda con \u201cnuestraKanci\u00f3n (ak\u00fastico)"}]},{"@type":"WebSite","@id":"http:\/\/unaymilletras.com\/#website","url":"http:\/\/unaymilletras.com\/","name":"Una y Mil Letras","description":"","publisher":{"@id":"http:\/\/unaymilletras.com\/#organization"},"potentialAction":[{"@type":"SearchAction","target":{"@type":"EntryPoint","urlTemplate":"http:\/\/unaymilletras.com\/?s={search_term_string}"},"query-input":{"@type":"PropertyValueSpecification","valueRequired":true,"valueName":"search_term_string"}}],"inLanguage":"en-GB"},{"@type":"Organization","@id":"http:\/\/unaymilletras.com\/#organization","name":"Una y Mil Letras","url":"http:\/\/unaymilletras.com\/","logo":{"@type":"ImageObject","inLanguage":"en-GB","@id":"http:\/\/unaymilletras.com\/#\/schema\/logo\/image\/","url":"https:\/\/unaymilletras.com\/wp-content\/uploads\/2024\/06\/cropped-Logo-removebg-preview.png","contentUrl":"https:\/\/unaymilletras.com\/wp-content\/uploads\/2024\/06\/cropped-Logo-removebg-preview.png","width":512,"height":512,"caption":"Una y Mil Letras"},"image":{"@id":"http:\/\/unaymilletras.com\/#\/schema\/logo\/image\/"},"sameAs":["https:\/\/x.com\/UnaYMilLetras","https:\/\/instagram.com\/UnaYMilLetras"]},{"@type":"Person","@id":"http:\/\/unaymilletras.com\/#\/schema\/person\/0860dc8a218329991ee2c7591f4f849d","name":"Redacci\u00f3n","image":{"@type":"ImageObject","inLanguage":"en-GB","@id":"https:\/\/secure.gravatar.com\/avatar\/d8f55e05a8b6597e45c55a1dcbdbfe44f4a360d88b48e00de5216a79b7732796?s=96&d=mm&r=g","url":"https:\/\/secure.gravatar.com\/avatar\/d8f55e05a8b6597e45c55a1dcbdbfe44f4a360d88b48e00de5216a79b7732796?s=96&d=mm&r=g","contentUrl":"https:\/\/secure.gravatar.com\/avatar\/d8f55e05a8b6597e45c55a1dcbdbfe44f4a360d88b48e00de5216a79b7732796?s=96&d=mm&r=g","caption":"Redacci\u00f3n"},"url":"https:\/\/unaymilletras.com\/en\/author\/redaccion\/"}]}},"_links":{"self":[{"href":"https:\/\/unaymilletras.com\/en\/wp-json\/wp\/v2\/posts\/7867","targetHints":{"allow":["GET"]}}],"collection":[{"href":"https:\/\/unaymilletras.com\/en\/wp-json\/wp\/v2\/posts"}],"about":[{"href":"https:\/\/unaymilletras.com\/en\/wp-json\/wp\/v2\/types\/post"}],"author":[{"embeddable":true,"href":"https:\/\/unaymilletras.com\/en\/wp-json\/wp\/v2\/users\/6"}],"replies":[{"embeddable":true,"href":"https:\/\/unaymilletras.com\/en\/wp-json\/wp\/v2\/comments?post=7867"}],"version-history":[{"count":4,"href":"https:\/\/unaymilletras.com\/en\/wp-json\/wp\/v2\/posts\/7867\/revisions"}],"predecessor-version":[{"id":7872,"href":"https:\/\/unaymilletras.com\/en\/wp-json\/wp\/v2\/posts\/7867\/revisions\/7872"}],"wp:featuredmedia":[{"embeddable":true,"href":"https:\/\/unaymilletras.com\/en\/wp-json\/wp\/v2\/media\/7869"}],"wp:attachment":[{"href":"https:\/\/unaymilletras.com\/en\/wp-json\/wp\/v2\/media?parent=7867"}],"wp:term":[{"taxonomy":"category","embeddable":true,"href":"https:\/\/unaymilletras.com\/en\/wp-json\/wp\/v2\/categories?post=7867"},{"taxonomy":"post_tag","embeddable":true,"href":"https:\/\/unaymilletras.com\/en\/wp-json\/wp\/v2\/tags?post=7867"}],"curies":[{"name":"wp","href":"https:\/\/api.w.org\/{rel}","templated":true}]}}