{"id":808,"date":"2023-06-08T15:00:00","date_gmt":"2023-06-08T13:00:00","guid":{"rendered":"http:\/\/unaymilletras.com\/?p=808"},"modified":"2023-06-08T15:11:56","modified_gmt":"2023-06-08T13:11:56","slug":"rash-lanza-un-nuevo-album-rabia-positiva","status":"publish","type":"post","link":"https:\/\/unaymilletras.com\/en\/rash-lanza-un-nuevo-album-rabia-positiva\/","title":{"rendered":"Rash lanza un nuevo \u00e1lbum, \u00abRabia Positiva\u00bb"},"content":{"rendered":"<div data-elementor-type=\"wp-post\" data-elementor-id=\"808\" class=\"elementor elementor-808\">\n\t\t\t\t\t\t<section class=\"elementor-section elementor-top-section elementor-element elementor-element-60ad266 elementor-section-boxed elementor-section-height-default elementor-section-height-default\" data-id=\"60ad266\" data-element_type=\"section\" data-e-type=\"section\">\n\t\t\t\t\t\t<div class=\"elementor-container elementor-column-gap-default\">\n\t\t\t\t\t<div class=\"elementor-column elementor-col-100 elementor-top-column elementor-element elementor-element-4d15678\" data-id=\"4d15678\" data-element_type=\"column\" data-e-type=\"column\">\n\t\t\t<div class=\"elementor-widget-wrap elementor-element-populated\">\n\t\t\t\t\t\t<div class=\"elementor-element elementor-element-0c3e33e elementor-widget elementor-widget-text-editor\" data-id=\"0c3e33e\" data-element_type=\"widget\" data-e-type=\"widget\" data-widget_type=\"text-editor.default\">\n\t\t\t\t<div class=\"elementor-widget-container\">\n\t\t\t\t\t\t\t\t\t<h2><span style=\"color: #808080;\"><em>Rabia positiva es el tercer \u00e1lbum del madrile\u00f1o Rash y cuenta con 10 canciones<\/em><\/span><\/h2>\t\t\t\t\t\t\t\t<\/div>\n\t\t\t\t<\/div>\n\t\t\t\t\t<\/div>\n\t\t<\/div>\n\t\t\t\t\t<\/div>\n\t\t<\/section>\n\t\t\t\t<section class=\"elementor-section elementor-top-section elementor-element elementor-element-dd5aca4 elementor-section-boxed elementor-section-height-default elementor-section-height-default\" data-id=\"dd5aca4\" data-element_type=\"section\" data-e-type=\"section\">\n\t\t\t\t\t\t<div class=\"elementor-container elementor-column-gap-default\">\n\t\t\t\t\t<div class=\"elementor-column elementor-col-100 elementor-top-column elementor-element elementor-element-85997f6\" data-id=\"85997f6\" data-element_type=\"column\" data-e-type=\"column\">\n\t\t\t<div class=\"elementor-widget-wrap elementor-element-populated\">\n\t\t\t\t\t\t<div class=\"elementor-element elementor-element-2d9c218 elementor-widget elementor-widget-text-editor\" data-id=\"2d9c218\" data-element_type=\"widget\" data-e-type=\"widget\" data-widget_type=\"text-editor.default\">\n\t\t\t\t<div class=\"elementor-widget-container\">\n\t\t\t\t\t\t\t\t\t<p><b>Rash<\/b>, el talentoso cantautor madrile\u00f1o conocido por su energ\u00eda y eclecticismo en la escena musical espa\u00f1ola, se prepara para el lanzamiento de su nuevo <a href=\"https:\/\/open.spotify.com\/album\/54TJ7c5HQPhNBhDVY0NVqR?si=R-gsVt8MSMKFSuf1-EOwmA\">\u00e1lbum<\/a>. Tras una exitosa trayectoria que lo llev\u00f3 desde peque\u00f1os garitos hasta cerrar las Fiestas de La Paloma, Rash ha dejado su marca en el circuito de salas en Espa\u00f1a.<\/p>\n<p>Con su estilo canalla, gamberro, mestizo y callejero, el artista ha logrado cautivar a audiencias de diferentes g\u00e9neros musicales. Sus arreglos, que combinan guitarras espa\u00f1olas, ritmos y cuerdas de violonchelo y viol\u00edn, irradian fuerza, energ\u00eda y una rabia positiva.<\/p>\t\t\t\t\t\t\t\t<\/div>\n\t\t\t\t<\/div>\n\t\t\t\t\t<\/div>\n\t\t<\/div>\n\t\t\t\t\t<\/div>\n\t\t<\/section>\n\t\t\t\t<section class=\"elementor-section elementor-top-section elementor-element elementor-element-ccb53ec elementor-section-boxed elementor-section-height-default elementor-section-height-default\" data-id=\"ccb53ec\" data-element_type=\"section\" data-e-type=\"section\">\n\t\t\t\t\t\t<div class=\"elementor-container elementor-column-gap-default\">\n\t\t\t\t\t<div class=\"elementor-column elementor-col-100 elementor-top-column elementor-element elementor-element-1511fa8\" data-id=\"1511fa8\" data-element_type=\"column\" data-e-type=\"column\">\n\t\t\t<div class=\"elementor-widget-wrap elementor-element-populated\">\n\t\t\t\t\t\t<div class=\"elementor-element elementor-element-9e31966 elementor-widget elementor-widget-image\" data-id=\"9e31966\" data-element_type=\"widget\" data-e-type=\"widget\" data-widget_type=\"image.default\">\n\t\t\t\t<div class=\"elementor-widget-container\">\n\t\t\t\t\t\t\t\t\t\t\t\t\t\t\t<img fetchpriority=\"high\" decoding=\"async\" width=\"640\" height=\"640\" src=\"https:\/\/unaymilletras.com\/wp-content\/uploads\/2023\/06\/Portada-disco-RASH-1024x1024.jpeg\" class=\"attachment-large size-large wp-image-810\" alt=\"Rash\" srcset=\"https:\/\/unaymilletras.com\/wp-content\/uploads\/2023\/06\/Portada-disco-RASH-1024x1024.jpeg 1024w, https:\/\/unaymilletras.com\/wp-content\/uploads\/2023\/06\/Portada-disco-RASH-e1686171895208-300x300.jpeg 300w, https:\/\/unaymilletras.com\/wp-content\/uploads\/2023\/06\/Portada-disco-RASH-e1686171895208-150x150.jpeg 150w, https:\/\/unaymilletras.com\/wp-content\/uploads\/2023\/06\/Portada-disco-RASH-768x768.jpeg 768w, https:\/\/unaymilletras.com\/wp-content\/uploads\/2023\/06\/Portada-disco-RASH-1536x1536.jpeg 1536w, https:\/\/unaymilletras.com\/wp-content\/uploads\/2023\/06\/Portada-disco-RASH-e1686171895208.jpeg 600w\" sizes=\"(max-width: 640px) 100vw, 640px\" \/>\t\t\t\t\t\t\t\t\t\t\t\t\t\t\t<\/div>\n\t\t\t\t<\/div>\n\t\t\t\t\t<\/div>\n\t\t<\/div>\n\t\t\t\t\t<\/div>\n\t\t<\/section>\n\t\t\t\t<section class=\"elementor-section elementor-top-section elementor-element elementor-element-55998df elementor-section-boxed elementor-section-height-default elementor-section-height-default\" data-id=\"55998df\" data-element_type=\"section\" data-e-type=\"section\">\n\t\t\t\t\t\t<div class=\"elementor-container elementor-column-gap-default\">\n\t\t\t\t\t<div class=\"elementor-column elementor-col-100 elementor-top-column elementor-element elementor-element-7a5d266\" data-id=\"7a5d266\" data-element_type=\"column\" data-e-type=\"column\">\n\t\t\t<div class=\"elementor-widget-wrap elementor-element-populated\">\n\t\t\t\t\t\t<div class=\"elementor-element elementor-element-f8228e1 elementor-widget elementor-widget-text-editor\" data-id=\"f8228e1\" data-element_type=\"widget\" data-e-type=\"widget\" data-widget_type=\"text-editor.default\">\n\t\t\t\t<div class=\"elementor-widget-container\">\n\t\t\t\t\t\t\t\t\t<p><span style=\"color: var( --e-global-color-text ); font-family: var( --e-global-typography-text-font-family ), Sans-serif; font-weight: var( --e-global-typography-text-font-weight );\">En este nuevo trabajo, Rash ha decidido romper con los t\u00f3picos instrumentales que caracterizan a muchos discos actuales de la canci\u00f3n de autor. El cantautor ha compuesto un \u00e1lbum desde el coraz\u00f3n, liber\u00e1ndose de las expectativas y explorando nuevas emociones. Para ello, ha contado con el calor y las colaboraciones de amigos cercanos como Conchita, Luis Ramiro y el poeta Antonio Carre\u00f1o. Adem\u00e1s, se espera una sorpresa adicional que ser\u00e1 revelada en las pr\u00f3ximas semanas.<\/span><\/p><p>El nuevo <span style=\"color: #808080;\"><a style=\"color: #808080;\" href=\"http:\/\/unaymilletras.com\/en\/khea-pone-fecha-a-serotonina-24-de-mayo\/\">\u00e1lbum<\/a>,<\/span> que consta de 10 temas, refleja las vivencias y sentimientos de Rash, as\u00ed como su resurgimiento personal despu\u00e9s de atravesar un per\u00edodo dif\u00edcil donde su coraz\u00f3n se vio afectado. \u00abYa no te quiero para m\u00ed\u00bb es el primer sencillo de este nuevo trabajo, en el que Rash aborda el tema del renacimiento de alguien que ha estado atrapado en un amor t\u00f3xico.<\/p>\t\t\t\t\t\t\t\t<\/div>\n\t\t\t\t<\/div>\n\t\t\t\t\t<\/div>\n\t\t<\/div>\n\t\t\t\t\t<\/div>\n\t\t<\/section>\n\t\t\t\t<section class=\"elementor-section elementor-top-section elementor-element elementor-element-430716c elementor-section-boxed elementor-section-height-default elementor-section-height-default\" data-id=\"430716c\" data-element_type=\"section\" data-e-type=\"section\">\n\t\t\t\t\t\t<div class=\"elementor-container elementor-column-gap-default\">\n\t\t\t\t\t<div class=\"elementor-column elementor-col-100 elementor-top-column elementor-element elementor-element-b1a5926\" data-id=\"b1a5926\" data-element_type=\"column\" data-e-type=\"column\">\n\t\t\t<div class=\"elementor-widget-wrap elementor-element-populated\">\n\t\t\t\t\t\t<div class=\"elementor-element elementor-element-eb8ece0 elementor-widget elementor-widget-image\" data-id=\"eb8ece0\" data-element_type=\"widget\" data-e-type=\"widget\" data-widget_type=\"image.default\">\n\t\t\t\t<div class=\"elementor-widget-container\">\n\t\t\t\t\t\t\t\t\t\t\t\t\t\t\t<img decoding=\"async\" width=\"640\" height=\"905\" src=\"https:\/\/unaymilletras.com\/wp-content\/uploads\/2023\/06\/rash_poster-Murcia-red-724x1024.jpeg\" class=\"attachment-large size-large wp-image-811\" alt=\"Concierto Rash\" srcset=\"https:\/\/unaymilletras.com\/wp-content\/uploads\/2023\/06\/rash_poster-Murcia-red-724x1024.jpeg 724w, https:\/\/unaymilletras.com\/wp-content\/uploads\/2023\/06\/rash_poster-Murcia-red-e1686172218722-212x300.jpeg 212w, https:\/\/unaymilletras.com\/wp-content\/uploads\/2023\/06\/rash_poster-Murcia-red-768x1086.jpeg 768w, https:\/\/unaymilletras.com\/wp-content\/uploads\/2023\/06\/rash_poster-Murcia-red-e1686172218722.jpeg 600w\" sizes=\"(max-width: 640px) 100vw, 640px\" \/>\t\t\t\t\t\t\t\t\t\t\t\t\t\t\t<\/div>\n\t\t\t\t<\/div>\n\t\t\t\t\t<\/div>\n\t\t<\/div>\n\t\t\t\t\t<\/div>\n\t\t<\/section>\n\t\t\t\t<section class=\"elementor-section elementor-top-section elementor-element elementor-element-c40ea5f elementor-section-boxed elementor-section-height-default elementor-section-height-default\" data-id=\"c40ea5f\" data-element_type=\"section\" data-e-type=\"section\">\n\t\t\t\t\t\t<div class=\"elementor-container elementor-column-gap-default\">\n\t\t\t\t\t<div class=\"elementor-column elementor-col-100 elementor-top-column elementor-element elementor-element-fd0a8fc\" data-id=\"fd0a8fc\" data-element_type=\"column\" data-e-type=\"column\">\n\t\t\t<div class=\"elementor-widget-wrap elementor-element-populated\">\n\t\t\t\t\t\t<div class=\"elementor-element elementor-element-c1c3d6e elementor-widget elementor-widget-text-editor\" data-id=\"c1c3d6e\" data-element_type=\"widget\" data-e-type=\"widget\" data-widget_type=\"text-editor.default\">\n\t\t\t\t<div class=\"elementor-widget-container\">\n\t\t\t\t\t\t\t\t\t<p><span style=\"color: var( --e-global-color-text ); font-family: var( --e-global-typography-text-font-family ), Sans-serif; font-weight: var( --e-global-typography-text-font-weight );\">Para la producci\u00f3n de este \u00e1lbum, Rash ha vuelto a confiar en Fernando Montesinos, quien ya hab\u00eda trabajado con el artista en sus dos discos anteriores. La combinaci\u00f3n de la creatividad de Rash y la experiencia de Montesinos promete ofrecer un sonido fresco y aut\u00e9ntico.<\/span><br><\/p>\n<p>Los seguidores de Rash y los amantes de la m\u00fasica en general esperan con ansias el lanzamiento de este nuevo \u00e1lbum, que promete ser un hito en la carrera del cantautor madrile\u00f1o. Con su inconfundible estilo y su pasi\u00f3n por transmitir emociones a trav\u00e9s de sus letras, Rash contin\u00faa consolid\u00e1ndose como una de las figuras m\u00e1s destacadas de la escena musical en Espa\u00f1a.<\/p>\t\t\t\t\t\t\t\t<\/div>\n\t\t\t\t<\/div>\n\t\t\t\t\t<\/div>\n\t\t<\/div>\n\t\t\t\t\t<\/div>\n\t\t<\/section>\n\t\t\t\t<\/div>","protected":false},"excerpt":{"rendered":"<p>Rabia positiva es el tercer \u00e1lbum del madrile\u00f1o Rash y cuenta con 10 canciones Rash, el talentoso cantautor madrile\u00f1o conocido por su energ\u00eda y eclecticismo en la escena musical espa\u00f1ola, se prepara para el lanzamiento de su nuevo \u00e1lbum. Tras una exitosa trayectoria que lo llev\u00f3 desde peque\u00f1os garitos hasta cerrar las Fiestas de La [&hellip;]<\/p>\n","protected":false},"author":1,"featured_media":810,"comment_status":"open","ping_status":"open","sticky":false,"template":"","format":"standard","meta":{"footnotes":""},"categories":[4],"tags":[],"class_list":["post-808","post","type-post","status-publish","format-standard","has-post-thumbnail","hentry","category-musica"],"yoast_head":"<!-- This site is optimized with the Yoast SEO plugin v27.4 - https:\/\/yoast.com\/product\/yoast-seo-wordpress\/ -->\n<title>Rash lanza un nuevo \u00e1lbum, &quot;Rabia Positiva&quot; &#8902; Una y Mil Letras<\/title>\n<meta name=\"description\" content=\"Rabia positiva es el tercer \u00e1lbum del madrile\u00f1o Rash y cuenta con 10 canciones y donde se encuentran varias colaboraciones...\" \/>\n<meta name=\"robots\" content=\"index, follow, max-snippet:-1, max-image-preview:large, max-video-preview:-1\" \/>\n<link rel=\"canonical\" href=\"https:\/\/unaymilletras.com\/en\/rash-lanza-un-nuevo-album-rabia-positiva\/\" \/>\n<meta property=\"og:locale\" content=\"en_GB\" \/>\n<meta property=\"og:type\" content=\"article\" \/>\n<meta property=\"og:title\" content=\"Rash lanza un nuevo \u00e1lbum, &quot;Rabia Positiva&quot; &#8902; Una y Mil Letras\" \/>\n<meta property=\"og:description\" content=\"Rabia positiva es el tercer \u00e1lbum del madrile\u00f1o Rash y cuenta con 10 canciones y donde se encuentran varias colaboraciones...\" \/>\n<meta property=\"og:url\" content=\"https:\/\/unaymilletras.com\/en\/rash-lanza-un-nuevo-album-rabia-positiva\/\" \/>\n<meta property=\"og:site_name\" content=\"Una y Mil Letras\" \/>\n<meta property=\"article:published_time\" content=\"2023-06-08T13:00:00+00:00\" \/>\n<meta property=\"article:modified_time\" content=\"2023-06-08T13:11:56+00:00\" \/>\n<meta property=\"og:image\" content=\"https:\/\/unaymilletras.com\/wp-content\/uploads\/2023\/06\/Portada-disco-RASH-e1686171895208.jpeg\" \/>\n\t<meta property=\"og:image:width\" content=\"600\" \/>\n\t<meta property=\"og:image:height\" content=\"600\" \/>\n\t<meta property=\"og:image:type\" content=\"image\/jpeg\" \/>\n<meta name=\"author\" content=\"Maria Gil Robledo\" \/>\n<meta name=\"twitter:card\" content=\"summary_large_image\" \/>\n<meta name=\"twitter:creator\" content=\"@UnaYMilLetras\" \/>\n<meta name=\"twitter:site\" content=\"@UnaYMilLetras\" \/>\n<meta name=\"twitter:label1\" content=\"Written by\" \/>\n\t<meta name=\"twitter:data1\" content=\"Maria Gil Robledo\" \/>\n\t<meta name=\"twitter:label2\" content=\"Estimated reading time\" \/>\n\t<meta name=\"twitter:data2\" content=\"3 minutes\" \/>\n<script type=\"application\/ld+json\" class=\"yoast-schema-graph\">{\"@context\":\"https:\\\/\\\/schema.org\",\"@graph\":[{\"@type\":\"Article\",\"@id\":\"https:\\\/\\\/unaymilletras.com\\\/rash-lanza-un-nuevo-album-rabia-positiva\\\/#article\",\"isPartOf\":{\"@id\":\"https:\\\/\\\/unaymilletras.com\\\/rash-lanza-un-nuevo-album-rabia-positiva\\\/\"},\"author\":{\"name\":\"Maria Gil Robledo\",\"@id\":\"http:\\\/\\\/unaymilletras.com\\\/#\\\/schema\\\/person\\\/d55ba681b8a4e463d8982dbe36a5dc94\"},\"headline\":\"Rash lanza un nuevo \u00e1lbum, \u00abRabia Positiva\u00bb\",\"datePublished\":\"2023-06-08T13:00:00+00:00\",\"dateModified\":\"2023-06-08T13:11:56+00:00\",\"mainEntityOfPage\":{\"@id\":\"https:\\\/\\\/unaymilletras.com\\\/rash-lanza-un-nuevo-album-rabia-positiva\\\/\"},\"wordCount\":394,\"commentCount\":0,\"publisher\":{\"@id\":\"http:\\\/\\\/unaymilletras.com\\\/#organization\"},\"image\":{\"@id\":\"https:\\\/\\\/unaymilletras.com\\\/rash-lanza-un-nuevo-album-rabia-positiva\\\/#primaryimage\"},\"thumbnailUrl\":\"https:\\\/\\\/unaymilletras.com\\\/wp-content\\\/uploads\\\/2023\\\/06\\\/Portada-disco-RASH-e1686171895208.jpeg\",\"articleSection\":[\"M\u00fasica\"],\"inLanguage\":\"en-GB\",\"potentialAction\":[{\"@type\":\"CommentAction\",\"name\":\"Comment\",\"target\":[\"https:\\\/\\\/unaymilletras.com\\\/rash-lanza-un-nuevo-album-rabia-positiva\\\/#respond\"]}]},{\"@type\":\"WebPage\",\"@id\":\"https:\\\/\\\/unaymilletras.com\\\/rash-lanza-un-nuevo-album-rabia-positiva\\\/\",\"url\":\"https:\\\/\\\/unaymilletras.com\\\/rash-lanza-un-nuevo-album-rabia-positiva\\\/\",\"name\":\"Rash lanza un nuevo \u00e1lbum, \\\"Rabia Positiva\\\" &#8902; Una y Mil Letras\",\"isPartOf\":{\"@id\":\"http:\\\/\\\/unaymilletras.com\\\/#website\"},\"primaryImageOfPage\":{\"@id\":\"https:\\\/\\\/unaymilletras.com\\\/rash-lanza-un-nuevo-album-rabia-positiva\\\/#primaryimage\"},\"image\":{\"@id\":\"https:\\\/\\\/unaymilletras.com\\\/rash-lanza-un-nuevo-album-rabia-positiva\\\/#primaryimage\"},\"thumbnailUrl\":\"https:\\\/\\\/unaymilletras.com\\\/wp-content\\\/uploads\\\/2023\\\/06\\\/Portada-disco-RASH-e1686171895208.jpeg\",\"datePublished\":\"2023-06-08T13:00:00+00:00\",\"dateModified\":\"2023-06-08T13:11:56+00:00\",\"description\":\"Rabia positiva es el tercer \u00e1lbum del madrile\u00f1o Rash y cuenta con 10 canciones y donde se encuentran varias colaboraciones...\",\"breadcrumb\":{\"@id\":\"https:\\\/\\\/unaymilletras.com\\\/rash-lanza-un-nuevo-album-rabia-positiva\\\/#breadcrumb\"},\"inLanguage\":\"en-GB\",\"potentialAction\":[{\"@type\":\"ReadAction\",\"target\":[\"https:\\\/\\\/unaymilletras.com\\\/rash-lanza-un-nuevo-album-rabia-positiva\\\/\"]}]},{\"@type\":\"ImageObject\",\"inLanguage\":\"en-GB\",\"@id\":\"https:\\\/\\\/unaymilletras.com\\\/rash-lanza-un-nuevo-album-rabia-positiva\\\/#primaryimage\",\"url\":\"https:\\\/\\\/unaymilletras.com\\\/wp-content\\\/uploads\\\/2023\\\/06\\\/Portada-disco-RASH-e1686171895208.jpeg\",\"contentUrl\":\"https:\\\/\\\/unaymilletras.com\\\/wp-content\\\/uploads\\\/2023\\\/06\\\/Portada-disco-RASH-e1686171895208.jpeg\",\"width\":600,\"height\":600,\"caption\":\"Rash\"},{\"@type\":\"BreadcrumbList\",\"@id\":\"https:\\\/\\\/unaymilletras.com\\\/rash-lanza-un-nuevo-album-rabia-positiva\\\/#breadcrumb\",\"itemListElement\":[{\"@type\":\"ListItem\",\"position\":1,\"name\":\"Home\",\"item\":\"http:\\\/\\\/unaymilletras.com\\\/\"},{\"@type\":\"ListItem\",\"position\":2,\"name\":\"Rash lanza un nuevo \u00e1lbum, \u00abRabia Positiva\u00bb\"}]},{\"@type\":\"WebSite\",\"@id\":\"http:\\\/\\\/unaymilletras.com\\\/#website\",\"url\":\"http:\\\/\\\/unaymilletras.com\\\/\",\"name\":\"Una y Mil Letras\",\"description\":\"\",\"publisher\":{\"@id\":\"http:\\\/\\\/unaymilletras.com\\\/#organization\"},\"potentialAction\":[{\"@type\":\"SearchAction\",\"target\":{\"@type\":\"EntryPoint\",\"urlTemplate\":\"http:\\\/\\\/unaymilletras.com\\\/?s={search_term_string}\"},\"query-input\":{\"@type\":\"PropertyValueSpecification\",\"valueRequired\":true,\"valueName\":\"search_term_string\"}}],\"inLanguage\":\"en-GB\"},{\"@type\":\"Organization\",\"@id\":\"http:\\\/\\\/unaymilletras.com\\\/#organization\",\"name\":\"Una y Mil Letras\",\"url\":\"http:\\\/\\\/unaymilletras.com\\\/\",\"logo\":{\"@type\":\"ImageObject\",\"inLanguage\":\"en-GB\",\"@id\":\"http:\\\/\\\/unaymilletras.com\\\/#\\\/schema\\\/logo\\\/image\\\/\",\"url\":\"https:\\\/\\\/unaymilletras.com\\\/wp-content\\\/uploads\\\/2024\\\/06\\\/cropped-Logo-removebg-preview.png\",\"contentUrl\":\"https:\\\/\\\/unaymilletras.com\\\/wp-content\\\/uploads\\\/2024\\\/06\\\/cropped-Logo-removebg-preview.png\",\"width\":512,\"height\":512,\"caption\":\"Una y Mil Letras\"},\"image\":{\"@id\":\"http:\\\/\\\/unaymilletras.com\\\/#\\\/schema\\\/logo\\\/image\\\/\"},\"sameAs\":[\"https:\\\/\\\/x.com\\\/UnaYMilLetras\",\"https:\\\/\\\/instagram.com\\\/UnaYMilLetras\"]},{\"@type\":\"Person\",\"@id\":\"http:\\\/\\\/unaymilletras.com\\\/#\\\/schema\\\/person\\\/d55ba681b8a4e463d8982dbe36a5dc94\",\"name\":\"Maria Gil Robledo\",\"image\":{\"@type\":\"ImageObject\",\"inLanguage\":\"en-GB\",\"@id\":\"https:\\\/\\\/secure.gravatar.com\\\/avatar\\\/4b8e5102e0015789407eb4870b12f0f2857952d83ca124058f92b764bd1840c3?s=96&d=mm&r=g\",\"url\":\"https:\\\/\\\/secure.gravatar.com\\\/avatar\\\/4b8e5102e0015789407eb4870b12f0f2857952d83ca124058f92b764bd1840c3?s=96&d=mm&r=g\",\"contentUrl\":\"https:\\\/\\\/secure.gravatar.com\\\/avatar\\\/4b8e5102e0015789407eb4870b12f0f2857952d83ca124058f92b764bd1840c3?s=96&d=mm&r=g\",\"caption\":\"Maria Gil Robledo\"},\"sameAs\":[\"http:\\\/\\\/unaymilletras.com\"],\"url\":\"https:\\\/\\\/unaymilletras.com\\\/en\\\/author\\\/mariiagiil02_\\\/\"}]}<\/script>\n<!-- \/ Yoast SEO plugin. -->","yoast_head_json":{"title":"Rash lanza un nuevo \u00e1lbum, \"Rabia Positiva\" &#8902; Una y Mil Letras","description":"Rabia positiva es el tercer \u00e1lbum del madrile\u00f1o Rash y cuenta con 10 canciones y donde se encuentran varias colaboraciones...","robots":{"index":"index","follow":"follow","max-snippet":"max-snippet:-1","max-image-preview":"max-image-preview:large","max-video-preview":"max-video-preview:-1"},"canonical":"https:\/\/unaymilletras.com\/en\/rash-lanza-un-nuevo-album-rabia-positiva\/","og_locale":"en_GB","og_type":"article","og_title":"Rash lanza un nuevo \u00e1lbum, \"Rabia Positiva\" &#8902; Una y Mil Letras","og_description":"Rabia positiva es el tercer \u00e1lbum del madrile\u00f1o Rash y cuenta con 10 canciones y donde se encuentran varias colaboraciones...","og_url":"https:\/\/unaymilletras.com\/en\/rash-lanza-un-nuevo-album-rabia-positiva\/","og_site_name":"Una y Mil Letras","article_published_time":"2023-06-08T13:00:00+00:00","article_modified_time":"2023-06-08T13:11:56+00:00","og_image":[{"width":600,"height":600,"url":"https:\/\/unaymilletras.com\/wp-content\/uploads\/2023\/06\/Portada-disco-RASH-e1686171895208.jpeg","type":"image\/jpeg"}],"author":"Maria Gil Robledo","twitter_card":"summary_large_image","twitter_creator":"@UnaYMilLetras","twitter_site":"@UnaYMilLetras","twitter_misc":{"Written by":"Maria Gil Robledo","Estimated reading time":"3 minutes"},"schema":{"@context":"https:\/\/schema.org","@graph":[{"@type":"Article","@id":"https:\/\/unaymilletras.com\/rash-lanza-un-nuevo-album-rabia-positiva\/#article","isPartOf":{"@id":"https:\/\/unaymilletras.com\/rash-lanza-un-nuevo-album-rabia-positiva\/"},"author":{"name":"Maria Gil Robledo","@id":"http:\/\/unaymilletras.com\/#\/schema\/person\/d55ba681b8a4e463d8982dbe36a5dc94"},"headline":"Rash lanza un nuevo \u00e1lbum, \u00abRabia Positiva\u00bb","datePublished":"2023-06-08T13:00:00+00:00","dateModified":"2023-06-08T13:11:56+00:00","mainEntityOfPage":{"@id":"https:\/\/unaymilletras.com\/rash-lanza-un-nuevo-album-rabia-positiva\/"},"wordCount":394,"commentCount":0,"publisher":{"@id":"http:\/\/unaymilletras.com\/#organization"},"image":{"@id":"https:\/\/unaymilletras.com\/rash-lanza-un-nuevo-album-rabia-positiva\/#primaryimage"},"thumbnailUrl":"https:\/\/unaymilletras.com\/wp-content\/uploads\/2023\/06\/Portada-disco-RASH-e1686171895208.jpeg","articleSection":["M\u00fasica"],"inLanguage":"en-GB","potentialAction":[{"@type":"CommentAction","name":"Comment","target":["https:\/\/unaymilletras.com\/rash-lanza-un-nuevo-album-rabia-positiva\/#respond"]}]},{"@type":"WebPage","@id":"https:\/\/unaymilletras.com\/rash-lanza-un-nuevo-album-rabia-positiva\/","url":"https:\/\/unaymilletras.com\/rash-lanza-un-nuevo-album-rabia-positiva\/","name":"Rash lanza un nuevo \u00e1lbum, \"Rabia Positiva\" &#8902; Una y Mil Letras","isPartOf":{"@id":"http:\/\/unaymilletras.com\/#website"},"primaryImageOfPage":{"@id":"https:\/\/unaymilletras.com\/rash-lanza-un-nuevo-album-rabia-positiva\/#primaryimage"},"image":{"@id":"https:\/\/unaymilletras.com\/rash-lanza-un-nuevo-album-rabia-positiva\/#primaryimage"},"thumbnailUrl":"https:\/\/unaymilletras.com\/wp-content\/uploads\/2023\/06\/Portada-disco-RASH-e1686171895208.jpeg","datePublished":"2023-06-08T13:00:00+00:00","dateModified":"2023-06-08T13:11:56+00:00","description":"Rabia positiva es el tercer \u00e1lbum del madrile\u00f1o Rash y cuenta con 10 canciones y donde se encuentran varias colaboraciones...","breadcrumb":{"@id":"https:\/\/unaymilletras.com\/rash-lanza-un-nuevo-album-rabia-positiva\/#breadcrumb"},"inLanguage":"en-GB","potentialAction":[{"@type":"ReadAction","target":["https:\/\/unaymilletras.com\/rash-lanza-un-nuevo-album-rabia-positiva\/"]}]},{"@type":"ImageObject","inLanguage":"en-GB","@id":"https:\/\/unaymilletras.com\/rash-lanza-un-nuevo-album-rabia-positiva\/#primaryimage","url":"https:\/\/unaymilletras.com\/wp-content\/uploads\/2023\/06\/Portada-disco-RASH-e1686171895208.jpeg","contentUrl":"https:\/\/unaymilletras.com\/wp-content\/uploads\/2023\/06\/Portada-disco-RASH-e1686171895208.jpeg","width":600,"height":600,"caption":"Rash"},{"@type":"BreadcrumbList","@id":"https:\/\/unaymilletras.com\/rash-lanza-un-nuevo-album-rabia-positiva\/#breadcrumb","itemListElement":[{"@type":"ListItem","position":1,"name":"Home","item":"http:\/\/unaymilletras.com\/"},{"@type":"ListItem","position":2,"name":"Rash lanza un nuevo \u00e1lbum, \u00abRabia Positiva\u00bb"}]},{"@type":"WebSite","@id":"http:\/\/unaymilletras.com\/#website","url":"http:\/\/unaymilletras.com\/","name":"Una y Mil Letras","description":"","publisher":{"@id":"http:\/\/unaymilletras.com\/#organization"},"potentialAction":[{"@type":"SearchAction","target":{"@type":"EntryPoint","urlTemplate":"http:\/\/unaymilletras.com\/?s={search_term_string}"},"query-input":{"@type":"PropertyValueSpecification","valueRequired":true,"valueName":"search_term_string"}}],"inLanguage":"en-GB"},{"@type":"Organization","@id":"http:\/\/unaymilletras.com\/#organization","name":"Una y Mil Letras","url":"http:\/\/unaymilletras.com\/","logo":{"@type":"ImageObject","inLanguage":"en-GB","@id":"http:\/\/unaymilletras.com\/#\/schema\/logo\/image\/","url":"https:\/\/unaymilletras.com\/wp-content\/uploads\/2024\/06\/cropped-Logo-removebg-preview.png","contentUrl":"https:\/\/unaymilletras.com\/wp-content\/uploads\/2024\/06\/cropped-Logo-removebg-preview.png","width":512,"height":512,"caption":"Una y Mil Letras"},"image":{"@id":"http:\/\/unaymilletras.com\/#\/schema\/logo\/image\/"},"sameAs":["https:\/\/x.com\/UnaYMilLetras","https:\/\/instagram.com\/UnaYMilLetras"]},{"@type":"Person","@id":"http:\/\/unaymilletras.com\/#\/schema\/person\/d55ba681b8a4e463d8982dbe36a5dc94","name":"Maria Gil Robledo","image":{"@type":"ImageObject","inLanguage":"en-GB","@id":"https:\/\/secure.gravatar.com\/avatar\/4b8e5102e0015789407eb4870b12f0f2857952d83ca124058f92b764bd1840c3?s=96&d=mm&r=g","url":"https:\/\/secure.gravatar.com\/avatar\/4b8e5102e0015789407eb4870b12f0f2857952d83ca124058f92b764bd1840c3?s=96&d=mm&r=g","contentUrl":"https:\/\/secure.gravatar.com\/avatar\/4b8e5102e0015789407eb4870b12f0f2857952d83ca124058f92b764bd1840c3?s=96&d=mm&r=g","caption":"Maria Gil Robledo"},"sameAs":["http:\/\/unaymilletras.com"],"url":"https:\/\/unaymilletras.com\/en\/author\/mariiagiil02_\/"}]}},"_links":{"self":[{"href":"https:\/\/unaymilletras.com\/en\/wp-json\/wp\/v2\/posts\/808","targetHints":{"allow":["GET"]}}],"collection":[{"href":"https:\/\/unaymilletras.com\/en\/wp-json\/wp\/v2\/posts"}],"about":[{"href":"https:\/\/unaymilletras.com\/en\/wp-json\/wp\/v2\/types\/post"}],"author":[{"embeddable":true,"href":"https:\/\/unaymilletras.com\/en\/wp-json\/wp\/v2\/users\/1"}],"replies":[{"embeddable":true,"href":"https:\/\/unaymilletras.com\/en\/wp-json\/wp\/v2\/comments?post=808"}],"version-history":[{"count":20,"href":"https:\/\/unaymilletras.com\/en\/wp-json\/wp\/v2\/posts\/808\/revisions"}],"predecessor-version":[{"id":842,"href":"https:\/\/unaymilletras.com\/en\/wp-json\/wp\/v2\/posts\/808\/revisions\/842"}],"wp:featuredmedia":[{"embeddable":true,"href":"https:\/\/unaymilletras.com\/en\/wp-json\/wp\/v2\/media\/810"}],"wp:attachment":[{"href":"https:\/\/unaymilletras.com\/en\/wp-json\/wp\/v2\/media?parent=808"}],"wp:term":[{"taxonomy":"category","embeddable":true,"href":"https:\/\/unaymilletras.com\/en\/wp-json\/wp\/v2\/categories?post=808"},{"taxonomy":"post_tag","embeddable":true,"href":"https:\/\/unaymilletras.com\/en\/wp-json\/wp\/v2\/tags?post=808"}],"curies":[{"name":"wp","href":"https:\/\/api.w.org\/{rel}","templated":true}]}}