{"id":8293,"date":"2026-04-26T21:52:06","date_gmt":"2026-04-26T19:52:06","guid":{"rendered":"https:\/\/unaymilletras.com\/?p=8293"},"modified":"2026-04-26T21:52:07","modified_gmt":"2026-04-26T19:52:07","slug":"gonzalo-hermida-cumple-su-sueno-y-emociona-al-gran-teatro-falla-de-cadiz-en-una-noche-inolvidable","status":"publish","type":"post","link":"https:\/\/unaymilletras.com\/en\/gonzalo-hermida-cumple-su-sueno-y-emociona-al-gran-teatro-falla-de-cadiz-en-una-noche-inolvidable\/","title":{"rendered":"Gonzalo Hermida cumple su sue\u00f1o y emociona al Gran Teatro Falla de C\u00e1diz en una noche inolvidable"},"content":{"rendered":"<div data-elementor-type=\"wp-post\" data-elementor-id=\"8293\" class=\"elementor elementor-8293\">\n\t\t\t\t\t\t<section class=\"elementor-section elementor-top-section elementor-element elementor-element-4a0504a elementor-section-boxed elementor-section-height-default elementor-section-height-default\" data-id=\"4a0504a\" data-element_type=\"section\" data-e-type=\"section\">\n\t\t\t\t\t\t<div class=\"elementor-container elementor-column-gap-default\">\n\t\t\t\t\t<div class=\"elementor-column elementor-col-100 elementor-top-column elementor-element elementor-element-7a5b5a0\" data-id=\"7a5b5a0\" data-element_type=\"column\" data-e-type=\"column\">\n\t\t\t<div class=\"elementor-widget-wrap elementor-element-populated\">\n\t\t\t\t\t\t<div class=\"elementor-element elementor-element-4be1600 elementor-widget elementor-widget-text-editor\" data-id=\"4be1600\" data-element_type=\"widget\" data-e-type=\"widget\" data-widget_type=\"text-editor.default\">\n\t\t\t\t<div class=\"elementor-widget-container\">\n\t\t\t\t\t\t\t\t\t<p>Gonzalo Hermida emociona al <strong data-start=\"263\" data-end=\"293\">Gran Teatro Falla de C\u00e1diz<\/strong> con un concierto inolvidable el pasado jueves. El cantante\u00a0logr\u00f3 cumplir uno de sus grandes sue\u00f1os: <strong data-start=\"447\" data-end=\"496\">llenar el teatro m\u00e1s emblem\u00e1tico de su tierra<\/strong>. Ante cerca de <strong data-start=\"512\" data-end=\"528\">mil personas<\/strong>, el artista gaditano ofreci\u00f3 un espect\u00e1culo de dos horas donde repas\u00f3 sus mayores \u00e9xitos y present\u00f3 en directo los temas de su nuevo trabajo discogr\u00e1fico, <strong>\u00abBandera Libertad\u00bb.<\/strong><\/p>\t\t\t\t\t\t\t\t<\/div>\n\t\t\t\t<\/div>\n\t\t\t\t\t<\/div>\n\t\t<\/div>\n\t\t\t\t\t<\/div>\n\t\t<\/section>\n\t\t\t\t<section class=\"elementor-section elementor-top-section elementor-element elementor-element-fdb417f elementor-section-boxed elementor-section-height-default elementor-section-height-default\" data-id=\"fdb417f\" data-element_type=\"section\" data-e-type=\"section\">\n\t\t\t\t\t\t<div class=\"elementor-container elementor-column-gap-default\">\n\t\t\t\t\t<div class=\"elementor-column elementor-col-100 elementor-top-column elementor-element elementor-element-b3b8846\" data-id=\"b3b8846\" data-element_type=\"column\" data-e-type=\"column\">\n\t\t\t<div class=\"elementor-widget-wrap elementor-element-populated\">\n\t\t\t\t\t\t<div class=\"elementor-element elementor-element-ed65ca5 elementor-widget__width-initial elementor-widget elementor-widget-image\" data-id=\"ed65ca5\" data-element_type=\"widget\" data-e-type=\"widget\" data-widget_type=\"image.default\">\n\t\t\t\t<div class=\"elementor-widget-container\">\n\t\t\t\t\t\t\t\t\t\t\t\t\t\t\t<img fetchpriority=\"high\" decoding=\"async\" width=\"640\" height=\"428\" src=\"https:\/\/unaymilletras.com\/wp-content\/uploads\/2026\/04\/unnamed-1-1024x684.jpg\" class=\"attachment-large size-large wp-image-8295\" alt=\"\" srcset=\"https:\/\/unaymilletras.com\/wp-content\/uploads\/2026\/04\/unnamed-1-1024x684.jpg 1024w, https:\/\/unaymilletras.com\/wp-content\/uploads\/2026\/04\/unnamed-1-300x200.jpg 300w, https:\/\/unaymilletras.com\/wp-content\/uploads\/2026\/04\/unnamed-1-768x513.jpg 768w, https:\/\/unaymilletras.com\/wp-content\/uploads\/2026\/04\/unnamed-1-1536x1026.jpg 1536w, https:\/\/unaymilletras.com\/wp-content\/uploads\/2026\/04\/unnamed-1-18x12.jpg 18w, https:\/\/unaymilletras.com\/wp-content\/uploads\/2026\/04\/unnamed-1-e1777190325457.jpg 600w\" sizes=\"(max-width: 640px) 100vw, 640px\" \/>\t\t\t\t\t\t\t\t\t\t\t\t\t\t\t<\/div>\n\t\t\t\t<\/div>\n\t\t\t\t\t<\/div>\n\t\t<\/div>\n\t\t\t\t\t<\/div>\n\t\t<\/section>\n\t\t\t\t<section class=\"elementor-section elementor-top-section elementor-element elementor-element-f00b7aa elementor-section-boxed elementor-section-height-default elementor-section-height-default\" data-id=\"f00b7aa\" data-element_type=\"section\" data-e-type=\"section\">\n\t\t\t\t\t\t<div class=\"elementor-container elementor-column-gap-default\">\n\t\t\t\t\t<div class=\"elementor-column elementor-col-50 elementor-top-column elementor-element elementor-element-7c033fb\" data-id=\"7c033fb\" data-element_type=\"column\" data-e-type=\"column\">\n\t\t\t<div class=\"elementor-widget-wrap elementor-element-populated\">\n\t\t\t\t\t\t<div class=\"elementor-element elementor-element-9a3ad7f elementor-widget__width-initial elementor-widget elementor-widget-text-editor\" data-id=\"9a3ad7f\" data-element_type=\"widget\" data-e-type=\"widget\" data-widget_type=\"text-editor.default\">\n\t\t\t\t<div class=\"elementor-widget-container\">\n\t\t\t\t\t\t\t\t\t<p style=\"text-align: justify\">El concierto arranc\u00f3 con fuerza con <strong data-start=\"739\" data-end=\"758\">\u2018Almas Gemelas\u2019<\/strong> y continu\u00f3 con uno de los temas m\u00e1s coreados por el p\u00fablico, <strong data-start=\"820\" data-end=\"848\">\u2018La Ciudad Intermitente\u2019<\/strong>, que hizo vibrar al auditorio desde los primeros minutos. Uno de los momentos m\u00e1s visuales de la noche lleg\u00f3 con <strong data-start=\"962\" data-end=\"988\">\u2018Esperanza al Coraz\u00f3n\u2019<\/strong>, cuando el Teatro Falla se ilumin\u00f3 con globos y luces de colores, creando una estampa que dej\u00f3 sin palabras a los asistentes.<\/p>\t\t\t\t\t\t\t\t<\/div>\n\t\t\t\t<\/div>\n\t\t\t\t\t<\/div>\n\t\t<\/div>\n\t\t\t\t<div class=\"elementor-column elementor-col-50 elementor-top-column elementor-element elementor-element-daeaa89\" data-id=\"daeaa89\" data-element_type=\"column\" data-e-type=\"column\">\n\t\t\t<div class=\"elementor-widget-wrap elementor-element-populated\">\n\t\t\t\t\t\t<div class=\"elementor-element elementor-element-15e3fad elementor-widget__width-initial elementor-widget elementor-widget-image\" data-id=\"15e3fad\" data-element_type=\"widget\" data-e-type=\"widget\" data-widget_type=\"image.default\">\n\t\t\t\t<div class=\"elementor-widget-container\">\n\t\t\t\t\t\t\t\t\t\t\t\t\t\t\t<img decoding=\"async\" width=\"640\" height=\"428\" src=\"https:\/\/unaymilletras.com\/wp-content\/uploads\/2026\/04\/unnamed-3-1-1024x684.jpg\" class=\"attachment-large size-large wp-image-8297\" alt=\"\" srcset=\"https:\/\/unaymilletras.com\/wp-content\/uploads\/2026\/04\/unnamed-3-1-1024x684.jpg 1024w, https:\/\/unaymilletras.com\/wp-content\/uploads\/2026\/04\/unnamed-3-1-300x200.jpg 300w, https:\/\/unaymilletras.com\/wp-content\/uploads\/2026\/04\/unnamed-3-1-768x513.jpg 768w, https:\/\/unaymilletras.com\/wp-content\/uploads\/2026\/04\/unnamed-3-1-1536x1026.jpg 1536w, https:\/\/unaymilletras.com\/wp-content\/uploads\/2026\/04\/unnamed-3-1-18x12.jpg 18w, https:\/\/unaymilletras.com\/wp-content\/uploads\/2026\/04\/unnamed-3-1-e1777190082661.jpg 600w\" sizes=\"(max-width: 640px) 100vw, 640px\" \/>\t\t\t\t\t\t\t\t\t\t\t\t\t\t\t<\/div>\n\t\t\t\t<\/div>\n\t\t\t\t\t<\/div>\n\t\t<\/div>\n\t\t\t\t\t<\/div>\n\t\t<\/section>\n\t\t\t\t<section class=\"elementor-section elementor-top-section elementor-element elementor-element-6a23e82 elementor-section-boxed elementor-section-height-default elementor-section-height-default\" data-id=\"6a23e82\" data-element_type=\"section\" data-e-type=\"section\">\n\t\t\t\t\t\t<div class=\"elementor-container elementor-column-gap-default\">\n\t\t\t\t\t<div class=\"elementor-column elementor-col-100 elementor-top-column elementor-element elementor-element-7285e33\" data-id=\"7285e33\" data-element_type=\"column\" data-e-type=\"column\">\n\t\t\t<div class=\"elementor-widget-wrap elementor-element-populated\">\n\t\t\t\t\t\t<div class=\"elementor-element elementor-element-0465bc1 elementor-widget elementor-widget-text-editor\" data-id=\"0465bc1\" data-element_type=\"widget\" data-e-type=\"widget\" data-widget_type=\"text-editor.default\">\n\t\t\t\t<div class=\"elementor-widget-container\">\n\t\t\t\t\t\t\t\t\t<p style=\"text-align: justify\">Durante el resto del show, Gonzalo mantuvo al p\u00fablico entregado con un recorrido por su discograf\u00eda, interpretando canciones como <strong data-start=\"1246\" data-end=\"1262\">\u2018La Promesa\u2019<\/strong> o <strong data-start=\"1265\" data-end=\"1287\">\u2018Que Viva la Vida\u2019<\/strong>, adem\u00e1s de nuevos temas como <strong data-start=\"1317\" data-end=\"1333\">\u2018La Bandera\u2019<\/strong>, <strong data-start=\"1335\" data-end=\"1350\">\u2018Mi Suerte\u2019<\/strong>, <strong data-start=\"1352\" data-end=\"1372\">\u2018Cinco Disparos\u2019<\/strong> y <strong data-start=\"1375\" data-end=\"1403\">\u2018Nadie Se Muere de Amor\u2019<\/strong>, pertenecientes a su \u00faltimo \u00e1lbum.<\/p>\t\t\t\t\t\t\t\t<\/div>\n\t\t\t\t<\/div>\n\t\t\t\t\t<\/div>\n\t\t<\/div>\n\t\t\t\t\t<\/div>\n\t\t<\/section>\n\t\t\t\t<section class=\"elementor-section elementor-top-section elementor-element elementor-element-dc714de elementor-section-boxed elementor-section-height-default elementor-section-height-default\" data-id=\"dc714de\" data-element_type=\"section\" data-e-type=\"section\">\n\t\t\t\t\t\t<div class=\"elementor-container elementor-column-gap-default\">\n\t\t\t\t\t<div class=\"elementor-column elementor-col-100 elementor-top-column elementor-element elementor-element-ad2bacd\" data-id=\"ad2bacd\" data-element_type=\"column\" data-e-type=\"column\">\n\t\t\t<div class=\"elementor-widget-wrap elementor-element-populated\">\n\t\t\t\t\t\t<div class=\"elementor-element elementor-element-902041c elementor-widget elementor-widget-text-editor\" data-id=\"902041c\" data-element_type=\"widget\" data-e-type=\"widget\" data-widget_type=\"text-editor.default\">\n\t\t\t\t<div class=\"elementor-widget-container\">\n\t\t\t\t\t\t\t\t\t<h4><span style=\"color: #333333\">Invitados especiales<\/span><\/h4>\t\t\t\t\t\t\t\t<\/div>\n\t\t\t\t<\/div>\n\t\t\t\t\t<\/div>\n\t\t<\/div>\n\t\t\t\t\t<\/div>\n\t\t<\/section>\n\t\t\t\t<section class=\"elementor-section elementor-top-section elementor-element elementor-element-14bc7c4 elementor-section-boxed elementor-section-height-default elementor-section-height-default\" data-id=\"14bc7c4\" data-element_type=\"section\" data-e-type=\"section\">\n\t\t\t\t\t\t<div class=\"elementor-container elementor-column-gap-default\">\n\t\t\t\t\t<div class=\"elementor-column elementor-col-100 elementor-top-column elementor-element elementor-element-ac484f0\" data-id=\"ac484f0\" data-element_type=\"column\" data-e-type=\"column\">\n\t\t\t<div class=\"elementor-widget-wrap elementor-element-populated\">\n\t\t\t\t\t\t<div class=\"elementor-element elementor-element-d935228 elementor-widget elementor-widget-text-editor\" data-id=\"d935228\" data-element_type=\"widget\" data-e-type=\"widget\" data-widget_type=\"text-editor.default\">\n\t\t\t\t<div class=\"elementor-widget-container\">\n\t\t\t\t\t\t\t\t\t<p style=\"text-align: justify\">El concierto fue grabado en vivo por <strong><a href=\"https:\/\/www.bolazofilms.com\/\">Bolazo Films<\/a><\/strong> para su futura publicaci\u00f3n, y el cantante aprovech\u00f3 la ocasi\u00f3n para compartir escenario con algunas figuras clave en su trayectoria. <strong data-start=\"1662\" data-end=\"1679\">Pablo Cebri\u00e1n<\/strong>, productor de su \u00faltimo disco, subi\u00f3 al escenario para acompa\u00f1arlo a la guitarra en <strong data-start=\"1764\" data-end=\"1787\">\u2018No Le Tengo Miedo\u2019<\/strong>.<\/p>\n<p>Otro de los instantes m\u00e1s celebrados de la noche lleg\u00f3 con la aparici\u00f3n de <strong data-start=\"1865\" data-end=\"1879\">Andr\u00e9s Koi<\/strong>, quien interpret\u00f3 junto a Gonzalo Hermida el tema <strong data-start=\"1922\" data-end=\"1943\">\u2018Mam\u00e1 Te Promet\u00ed\u2019<\/strong>, desatando la euforia en el tramo final del espect\u00e1culo.<\/p>\t\t\t\t\t\t\t\t<\/div>\n\t\t\t\t<\/div>\n\t\t\t\t\t<\/div>\n\t\t<\/div>\n\t\t\t\t\t<\/div>\n\t\t<\/section>\n\t\t\t\t<section class=\"elementor-section elementor-top-section elementor-element elementor-element-07d6cae elementor-section-boxed elementor-section-height-default elementor-section-height-default\" data-id=\"07d6cae\" data-element_type=\"section\" data-e-type=\"section\">\n\t\t\t\t\t\t<div class=\"elementor-container elementor-column-gap-default\">\n\t\t\t\t\t<div class=\"elementor-column elementor-col-50 elementor-top-column elementor-element elementor-element-e7b1b10\" data-id=\"e7b1b10\" data-element_type=\"column\" data-e-type=\"column\">\n\t\t\t<div class=\"elementor-widget-wrap elementor-element-populated\">\n\t\t\t\t\t\t<div class=\"elementor-element elementor-element-dd0bc27 elementor-widget__width-initial elementor-widget elementor-widget-image\" data-id=\"dd0bc27\" data-element_type=\"widget\" data-e-type=\"widget\" data-widget_type=\"image.default\">\n\t\t\t\t<div class=\"elementor-widget-container\">\n\t\t\t\t\t\t\t\t\t\t\t\t\t\t\t<img decoding=\"async\" width=\"640\" height=\"406\" src=\"https:\/\/unaymilletras.com\/wp-content\/uploads\/2026\/04\/DSC00133-1024x649.jpg\" class=\"attachment-large size-large wp-image-8313\" alt=\"\" srcset=\"https:\/\/unaymilletras.com\/wp-content\/uploads\/2026\/04\/DSC00133-1024x649.jpg 1024w, https:\/\/unaymilletras.com\/wp-content\/uploads\/2026\/04\/DSC00133-300x190.jpg 300w, https:\/\/unaymilletras.com\/wp-content\/uploads\/2026\/04\/DSC00133-768x487.jpg 768w, https:\/\/unaymilletras.com\/wp-content\/uploads\/2026\/04\/DSC00133-1536x974.jpg 1536w, https:\/\/unaymilletras.com\/wp-content\/uploads\/2026\/04\/DSC00133-2048x1298.jpg 2048w, https:\/\/unaymilletras.com\/wp-content\/uploads\/2026\/04\/DSC00133-18x12.jpg 18w\" sizes=\"(max-width: 640px) 100vw, 640px\" \/>\t\t\t\t\t\t\t\t\t\t\t\t\t\t\t<\/div>\n\t\t\t\t<\/div>\n\t\t\t\t\t<\/div>\n\t\t<\/div>\n\t\t\t\t<div class=\"elementor-column elementor-col-50 elementor-top-column elementor-element elementor-element-4f0fef1\" data-id=\"4f0fef1\" data-element_type=\"column\" data-e-type=\"column\">\n\t\t\t<div class=\"elementor-widget-wrap elementor-element-populated\">\n\t\t\t\t\t\t<div class=\"elementor-element elementor-element-a3ddfd5 elementor-widget elementor-widget-image\" data-id=\"a3ddfd5\" data-element_type=\"widget\" data-e-type=\"widget\" data-widget_type=\"image.default\">\n\t\t\t\t<div class=\"elementor-widget-container\">\n\t\t\t\t\t\t\t\t\t\t\t\t\t\t\t<img loading=\"lazy\" decoding=\"async\" width=\"640\" height=\"386\" src=\"https:\/\/unaymilletras.com\/wp-content\/uploads\/2026\/04\/DSC00513-1024x617.jpg\" class=\"attachment-large size-large wp-image-8312\" alt=\"\" srcset=\"https:\/\/unaymilletras.com\/wp-content\/uploads\/2026\/04\/DSC00513-1024x617.jpg 1024w, https:\/\/unaymilletras.com\/wp-content\/uploads\/2026\/04\/DSC00513-300x181.jpg 300w, https:\/\/unaymilletras.com\/wp-content\/uploads\/2026\/04\/DSC00513-768x463.jpg 768w, https:\/\/unaymilletras.com\/wp-content\/uploads\/2026\/04\/DSC00513-1536x925.jpg 1536w, https:\/\/unaymilletras.com\/wp-content\/uploads\/2026\/04\/DSC00513-2048x1234.jpg 2048w, https:\/\/unaymilletras.com\/wp-content\/uploads\/2026\/04\/DSC00513-18x12.jpg 18w\" sizes=\"(max-width: 640px) 100vw, 640px\" \/>\t\t\t\t\t\t\t\t\t\t\t\t\t\t\t<\/div>\n\t\t\t\t<\/div>\n\t\t\t\t\t<\/div>\n\t\t<\/div>\n\t\t\t\t\t<\/div>\n\t\t<\/section>\n\t\t\t\t<section class=\"elementor-section elementor-top-section elementor-element elementor-element-5c214a9 elementor-section-boxed elementor-section-height-default elementor-section-height-default\" data-id=\"5c214a9\" data-element_type=\"section\" data-e-type=\"section\">\n\t\t\t\t\t\t<div class=\"elementor-container elementor-column-gap-default\">\n\t\t\t\t\t<div class=\"elementor-column elementor-col-100 elementor-top-column elementor-element elementor-element-d0dae39\" data-id=\"d0dae39\" data-element_type=\"column\" data-e-type=\"column\">\n\t\t\t<div class=\"elementor-widget-wrap elementor-element-populated\">\n\t\t\t\t\t\t<div class=\"elementor-element elementor-element-f5708da elementor-widget elementor-widget-text-editor\" data-id=\"f5708da\" data-element_type=\"widget\" data-e-type=\"widget\" data-widget_type=\"text-editor.default\">\n\t\t\t\t<div class=\"elementor-widget-container\">\n\t\t\t\t\t\t\t\t\t<p style=\"text-align: justify\" data-start=\"2057\" data-end=\"2326\">El broche final lo puso <strong data-start=\"2081\" data-end=\"2111\">\u2018Que No Se Acabe La Noche\u2019<\/strong>, convertido ya en el mayor \u00e9xito del artista hasta la fecha. El p\u00fablico cant\u00f3 al un\u00edsono mientras Gonzalo se desped\u00eda emocionado en su debut en el Falla, en una noche que quedar\u00e1 marcada como un hito en su carrera.<\/p><p style=\"text-align: justify\" data-start=\"2328\" data-end=\"2530\">Este concierto supone adem\u00e1s el inicio de una nueva etapa: una gira que llevar\u00e1 al cantante a recorrer Espa\u00f1a durante <strong data-start=\"2446\" data-end=\"2461\">2026 y 2027<\/strong>, en lo que se perfila como el tour m\u00e1s importante de su trayectoria.<\/p><p data-start=\"2328\" data-end=\"2530\">Sigue descubriendo m\u00e1s sobre la actualidad musical\u00a0en\u00a0<em><a href=\"https:\/\/unaymilletras.com\/en\/\">Una y mil letras<\/a><\/em><\/p>\t\t\t\t\t\t\t\t<\/div>\n\t\t\t\t<\/div>\n\t\t\t\t\t<\/div>\n\t\t<\/div>\n\t\t\t\t\t<\/div>\n\t\t<\/section>\n\t\t\t\t<\/div>","protected":false},"excerpt":{"rendered":"<p>Gonzalo Hermida emociona al Gran Teatro Falla de C\u00e1diz con un concierto inolvidable el pasado jueves. El cantante\u00a0logr\u00f3 cumplir uno de sus grandes sue\u00f1os: llenar el teatro m\u00e1s emblem\u00e1tico de su tierra. Ante cerca de mil personas, el artista gaditano ofreci\u00f3 un espect\u00e1culo de dos horas donde repas\u00f3 sus mayores \u00e9xitos y present\u00f3 en directo [&hellip;]<\/p>\n","protected":false},"author":13,"featured_media":8296,"comment_status":"closed","ping_status":"closed","sticky":false,"template":"","format":"standard","meta":{"footnotes":""},"categories":[119,4],"tags":[],"class_list":["post-8293","post","type-post","status-publish","format-standard","has-post-thumbnail","hentry","category-eventos","category-musica"],"yoast_head":"<!-- This site is optimized with the Yoast SEO plugin v27.4 - https:\/\/yoast.com\/product\/yoast-seo-wordpress\/ -->\n<title>Gonzalo Hermida emociona al Gran Teatro Falla de C\u00e1diz<\/title>\n<meta name=\"description\" content=\"Gonzalo Hermida emociona al Gran Teatro Falla de C\u00e1diz con un concierto inolvidable, lleno de \u00e9xitos e invitados especiales.\" \/>\n<meta name=\"robots\" content=\"index, follow, max-snippet:-1, max-image-preview:large, max-video-preview:-1\" \/>\n<link rel=\"canonical\" href=\"https:\/\/unaymilletras.com\/en\/gonzalo-hermida-cumple-su-sueno-y-emociona-al-gran-teatro-falla-de-cadiz-en-una-noche-inolvidable\/\" \/>\n<meta property=\"og:locale\" content=\"en_GB\" \/>\n<meta property=\"og:type\" content=\"article\" \/>\n<meta property=\"og:title\" content=\"Gonzalo Hermida emociona al Gran Teatro Falla de C\u00e1diz\" \/>\n<meta property=\"og:description\" content=\"Gonzalo Hermida emociona al Gran Teatro Falla de C\u00e1diz con un concierto inolvidable, lleno de \u00e9xitos e invitados especiales.\" \/>\n<meta property=\"og:url\" content=\"https:\/\/unaymilletras.com\/en\/gonzalo-hermida-cumple-su-sueno-y-emociona-al-gran-teatro-falla-de-cadiz-en-una-noche-inolvidable\/\" \/>\n<meta property=\"og:site_name\" content=\"Una y Mil Letras\" \/>\n<meta property=\"article:published_time\" content=\"2026-04-26T19:52:06+00:00\" \/>\n<meta property=\"article:modified_time\" content=\"2026-04-26T19:52:07+00:00\" \/>\n<meta property=\"og:image\" content=\"http:\/\/unaymilletras.com\/wp-content\/uploads\/2026\/04\/unnamed-2-1-e1777194957766.jpg\" \/>\n\t<meta property=\"og:image:width\" content=\"600\" \/>\n\t<meta property=\"og:image:height\" content=\"401\" \/>\n\t<meta property=\"og:image:type\" content=\"image\/jpeg\" \/>\n<meta name=\"author\" content=\"Alba Benito\" \/>\n<meta name=\"twitter:card\" content=\"summary_large_image\" \/>\n<meta name=\"twitter:creator\" content=\"@UnaYMilLetras\" \/>\n<meta name=\"twitter:site\" content=\"@UnaYMilLetras\" \/>\n<meta name=\"twitter:label1\" content=\"Written by\" \/>\n\t<meta name=\"twitter:data1\" content=\"Alba Benito\" \/>\n\t<meta name=\"twitter:label2\" content=\"Estimated reading time\" \/>\n\t<meta name=\"twitter:data2\" content=\"3 minutes\" \/>\n<script type=\"application\/ld+json\" class=\"yoast-schema-graph\">{\"@context\":\"https:\\\/\\\/schema.org\",\"@graph\":[{\"@type\":\"Article\",\"@id\":\"https:\\\/\\\/unaymilletras.com\\\/gonzalo-hermida-cumple-su-sueno-y-emociona-al-gran-teatro-falla-de-cadiz-en-una-noche-inolvidable\\\/#article\",\"isPartOf\":{\"@id\":\"https:\\\/\\\/unaymilletras.com\\\/gonzalo-hermida-cumple-su-sueno-y-emociona-al-gran-teatro-falla-de-cadiz-en-una-noche-inolvidable\\\/\"},\"author\":{\"name\":\"Alba Benito\",\"@id\":\"http:\\\/\\\/unaymilletras.com\\\/#\\\/schema\\\/person\\\/a10550e4bff9a23f941f52b2cd5d8686\"},\"headline\":\"Gonzalo Hermida cumple su sue\u00f1o y emociona al Gran Teatro Falla de C\u00e1diz en una noche inolvidable\",\"datePublished\":\"2026-04-26T19:52:06+00:00\",\"dateModified\":\"2026-04-26T19:52:07+00:00\",\"mainEntityOfPage\":{\"@id\":\"https:\\\/\\\/unaymilletras.com\\\/gonzalo-hermida-cumple-su-sueno-y-emociona-al-gran-teatro-falla-de-cadiz-en-una-noche-inolvidable\\\/\"},\"wordCount\":411,\"publisher\":{\"@id\":\"http:\\\/\\\/unaymilletras.com\\\/#organization\"},\"image\":{\"@id\":\"https:\\\/\\\/unaymilletras.com\\\/gonzalo-hermida-cumple-su-sueno-y-emociona-al-gran-teatro-falla-de-cadiz-en-una-noche-inolvidable\\\/#primaryimage\"},\"thumbnailUrl\":\"https:\\\/\\\/unaymilletras.com\\\/wp-content\\\/uploads\\\/2026\\\/04\\\/unnamed-2-1-e1777194957766.jpg\",\"articleSection\":[\"Eventos\",\"M\u00fasica\"],\"inLanguage\":\"en-GB\"},{\"@type\":\"WebPage\",\"@id\":\"https:\\\/\\\/unaymilletras.com\\\/gonzalo-hermida-cumple-su-sueno-y-emociona-al-gran-teatro-falla-de-cadiz-en-una-noche-inolvidable\\\/\",\"url\":\"https:\\\/\\\/unaymilletras.com\\\/gonzalo-hermida-cumple-su-sueno-y-emociona-al-gran-teatro-falla-de-cadiz-en-una-noche-inolvidable\\\/\",\"name\":\"Gonzalo Hermida emociona al Gran Teatro Falla de C\u00e1diz\",\"isPartOf\":{\"@id\":\"http:\\\/\\\/unaymilletras.com\\\/#website\"},\"primaryImageOfPage\":{\"@id\":\"https:\\\/\\\/unaymilletras.com\\\/gonzalo-hermida-cumple-su-sueno-y-emociona-al-gran-teatro-falla-de-cadiz-en-una-noche-inolvidable\\\/#primaryimage\"},\"image\":{\"@id\":\"https:\\\/\\\/unaymilletras.com\\\/gonzalo-hermida-cumple-su-sueno-y-emociona-al-gran-teatro-falla-de-cadiz-en-una-noche-inolvidable\\\/#primaryimage\"},\"thumbnailUrl\":\"https:\\\/\\\/unaymilletras.com\\\/wp-content\\\/uploads\\\/2026\\\/04\\\/unnamed-2-1-e1777194957766.jpg\",\"datePublished\":\"2026-04-26T19:52:06+00:00\",\"dateModified\":\"2026-04-26T19:52:07+00:00\",\"description\":\"Gonzalo Hermida emociona al Gran Teatro Falla de C\u00e1diz con un concierto inolvidable, lleno de \u00e9xitos e invitados especiales.\",\"breadcrumb\":{\"@id\":\"https:\\\/\\\/unaymilletras.com\\\/gonzalo-hermida-cumple-su-sueno-y-emociona-al-gran-teatro-falla-de-cadiz-en-una-noche-inolvidable\\\/#breadcrumb\"},\"inLanguage\":\"en-GB\",\"potentialAction\":[{\"@type\":\"ReadAction\",\"target\":[\"https:\\\/\\\/unaymilletras.com\\\/gonzalo-hermida-cumple-su-sueno-y-emociona-al-gran-teatro-falla-de-cadiz-en-una-noche-inolvidable\\\/\"]}]},{\"@type\":\"ImageObject\",\"inLanguage\":\"en-GB\",\"@id\":\"https:\\\/\\\/unaymilletras.com\\\/gonzalo-hermida-cumple-su-sueno-y-emociona-al-gran-teatro-falla-de-cadiz-en-una-noche-inolvidable\\\/#primaryimage\",\"url\":\"https:\\\/\\\/unaymilletras.com\\\/wp-content\\\/uploads\\\/2026\\\/04\\\/unnamed-2-1-e1777194957766.jpg\",\"contentUrl\":\"https:\\\/\\\/unaymilletras.com\\\/wp-content\\\/uploads\\\/2026\\\/04\\\/unnamed-2-1-e1777194957766.jpg\",\"width\":600,\"height\":401},{\"@type\":\"BreadcrumbList\",\"@id\":\"https:\\\/\\\/unaymilletras.com\\\/gonzalo-hermida-cumple-su-sueno-y-emociona-al-gran-teatro-falla-de-cadiz-en-una-noche-inolvidable\\\/#breadcrumb\",\"itemListElement\":[{\"@type\":\"ListItem\",\"position\":1,\"name\":\"Home\",\"item\":\"http:\\\/\\\/unaymilletras.com\\\/\"},{\"@type\":\"ListItem\",\"position\":2,\"name\":\"Gonzalo Hermida cumple su sue\u00f1o y emociona al Gran Teatro Falla de C\u00e1diz en una noche inolvidable\"}]},{\"@type\":\"WebSite\",\"@id\":\"http:\\\/\\\/unaymilletras.com\\\/#website\",\"url\":\"http:\\\/\\\/unaymilletras.com\\\/\",\"name\":\"Una y Mil Letras\",\"description\":\"\",\"publisher\":{\"@id\":\"http:\\\/\\\/unaymilletras.com\\\/#organization\"},\"potentialAction\":[{\"@type\":\"SearchAction\",\"target\":{\"@type\":\"EntryPoint\",\"urlTemplate\":\"http:\\\/\\\/unaymilletras.com\\\/?s={search_term_string}\"},\"query-input\":{\"@type\":\"PropertyValueSpecification\",\"valueRequired\":true,\"valueName\":\"search_term_string\"}}],\"inLanguage\":\"en-GB\"},{\"@type\":\"Organization\",\"@id\":\"http:\\\/\\\/unaymilletras.com\\\/#organization\",\"name\":\"Una y Mil Letras\",\"url\":\"http:\\\/\\\/unaymilletras.com\\\/\",\"logo\":{\"@type\":\"ImageObject\",\"inLanguage\":\"en-GB\",\"@id\":\"http:\\\/\\\/unaymilletras.com\\\/#\\\/schema\\\/logo\\\/image\\\/\",\"url\":\"https:\\\/\\\/unaymilletras.com\\\/wp-content\\\/uploads\\\/2024\\\/06\\\/cropped-Logo-removebg-preview.png\",\"contentUrl\":\"https:\\\/\\\/unaymilletras.com\\\/wp-content\\\/uploads\\\/2024\\\/06\\\/cropped-Logo-removebg-preview.png\",\"width\":512,\"height\":512,\"caption\":\"Una y Mil Letras\"},\"image\":{\"@id\":\"http:\\\/\\\/unaymilletras.com\\\/#\\\/schema\\\/logo\\\/image\\\/\"},\"sameAs\":[\"https:\\\/\\\/x.com\\\/UnaYMilLetras\",\"https:\\\/\\\/instagram.com\\\/UnaYMilLetras\"]},{\"@type\":\"Person\",\"@id\":\"http:\\\/\\\/unaymilletras.com\\\/#\\\/schema\\\/person\\\/a10550e4bff9a23f941f52b2cd5d8686\",\"name\":\"Alba Benito\",\"image\":{\"@type\":\"ImageObject\",\"inLanguage\":\"en-GB\",\"@id\":\"https:\\\/\\\/secure.gravatar.com\\\/avatar\\\/f227a2222ee313f4b5dea91891742064ec98aa8f11b91568879eaecf941f84de?s=96&d=mm&r=g\",\"url\":\"https:\\\/\\\/secure.gravatar.com\\\/avatar\\\/f227a2222ee313f4b5dea91891742064ec98aa8f11b91568879eaecf941f84de?s=96&d=mm&r=g\",\"contentUrl\":\"https:\\\/\\\/secure.gravatar.com\\\/avatar\\\/f227a2222ee313f4b5dea91891742064ec98aa8f11b91568879eaecf941f84de?s=96&d=mm&r=g\",\"caption\":\"Alba Benito\"},\"url\":\"https:\\\/\\\/unaymilletras.com\\\/en\\\/author\\\/aalbaas_\\\/\"}]}<\/script>\n<!-- \/ Yoast SEO plugin. -->","yoast_head_json":{"title":"Gonzalo Hermida emociona al Gran Teatro Falla de C\u00e1diz","description":"Gonzalo Hermida emociona al Gran Teatro Falla de C\u00e1diz con un concierto inolvidable, lleno de \u00e9xitos e invitados especiales.","robots":{"index":"index","follow":"follow","max-snippet":"max-snippet:-1","max-image-preview":"max-image-preview:large","max-video-preview":"max-video-preview:-1"},"canonical":"https:\/\/unaymilletras.com\/en\/gonzalo-hermida-cumple-su-sueno-y-emociona-al-gran-teatro-falla-de-cadiz-en-una-noche-inolvidable\/","og_locale":"en_GB","og_type":"article","og_title":"Gonzalo Hermida emociona al Gran Teatro Falla de C\u00e1diz","og_description":"Gonzalo Hermida emociona al Gran Teatro Falla de C\u00e1diz con un concierto inolvidable, lleno de \u00e9xitos e invitados especiales.","og_url":"https:\/\/unaymilletras.com\/en\/gonzalo-hermida-cumple-su-sueno-y-emociona-al-gran-teatro-falla-de-cadiz-en-una-noche-inolvidable\/","og_site_name":"Una y Mil Letras","article_published_time":"2026-04-26T19:52:06+00:00","article_modified_time":"2026-04-26T19:52:07+00:00","og_image":[{"width":600,"height":401,"url":"http:\/\/unaymilletras.com\/wp-content\/uploads\/2026\/04\/unnamed-2-1-e1777194957766.jpg","type":"image\/jpeg"}],"author":"Alba Benito","twitter_card":"summary_large_image","twitter_creator":"@UnaYMilLetras","twitter_site":"@UnaYMilLetras","twitter_misc":{"Written by":"Alba Benito","Estimated reading time":"3 minutes"},"schema":{"@context":"https:\/\/schema.org","@graph":[{"@type":"Article","@id":"https:\/\/unaymilletras.com\/gonzalo-hermida-cumple-su-sueno-y-emociona-al-gran-teatro-falla-de-cadiz-en-una-noche-inolvidable\/#article","isPartOf":{"@id":"https:\/\/unaymilletras.com\/gonzalo-hermida-cumple-su-sueno-y-emociona-al-gran-teatro-falla-de-cadiz-en-una-noche-inolvidable\/"},"author":{"name":"Alba Benito","@id":"http:\/\/unaymilletras.com\/#\/schema\/person\/a10550e4bff9a23f941f52b2cd5d8686"},"headline":"Gonzalo Hermida cumple su sue\u00f1o y emociona al Gran Teatro Falla de C\u00e1diz en una noche inolvidable","datePublished":"2026-04-26T19:52:06+00:00","dateModified":"2026-04-26T19:52:07+00:00","mainEntityOfPage":{"@id":"https:\/\/unaymilletras.com\/gonzalo-hermida-cumple-su-sueno-y-emociona-al-gran-teatro-falla-de-cadiz-en-una-noche-inolvidable\/"},"wordCount":411,"publisher":{"@id":"http:\/\/unaymilletras.com\/#organization"},"image":{"@id":"https:\/\/unaymilletras.com\/gonzalo-hermida-cumple-su-sueno-y-emociona-al-gran-teatro-falla-de-cadiz-en-una-noche-inolvidable\/#primaryimage"},"thumbnailUrl":"https:\/\/unaymilletras.com\/wp-content\/uploads\/2026\/04\/unnamed-2-1-e1777194957766.jpg","articleSection":["Eventos","M\u00fasica"],"inLanguage":"en-GB"},{"@type":"WebPage","@id":"https:\/\/unaymilletras.com\/gonzalo-hermida-cumple-su-sueno-y-emociona-al-gran-teatro-falla-de-cadiz-en-una-noche-inolvidable\/","url":"https:\/\/unaymilletras.com\/gonzalo-hermida-cumple-su-sueno-y-emociona-al-gran-teatro-falla-de-cadiz-en-una-noche-inolvidable\/","name":"Gonzalo Hermida emociona al Gran Teatro Falla de C\u00e1diz","isPartOf":{"@id":"http:\/\/unaymilletras.com\/#website"},"primaryImageOfPage":{"@id":"https:\/\/unaymilletras.com\/gonzalo-hermida-cumple-su-sueno-y-emociona-al-gran-teatro-falla-de-cadiz-en-una-noche-inolvidable\/#primaryimage"},"image":{"@id":"https:\/\/unaymilletras.com\/gonzalo-hermida-cumple-su-sueno-y-emociona-al-gran-teatro-falla-de-cadiz-en-una-noche-inolvidable\/#primaryimage"},"thumbnailUrl":"https:\/\/unaymilletras.com\/wp-content\/uploads\/2026\/04\/unnamed-2-1-e1777194957766.jpg","datePublished":"2026-04-26T19:52:06+00:00","dateModified":"2026-04-26T19:52:07+00:00","description":"Gonzalo Hermida emociona al Gran Teatro Falla de C\u00e1diz con un concierto inolvidable, lleno de \u00e9xitos e invitados especiales.","breadcrumb":{"@id":"https:\/\/unaymilletras.com\/gonzalo-hermida-cumple-su-sueno-y-emociona-al-gran-teatro-falla-de-cadiz-en-una-noche-inolvidable\/#breadcrumb"},"inLanguage":"en-GB","potentialAction":[{"@type":"ReadAction","target":["https:\/\/unaymilletras.com\/gonzalo-hermida-cumple-su-sueno-y-emociona-al-gran-teatro-falla-de-cadiz-en-una-noche-inolvidable\/"]}]},{"@type":"ImageObject","inLanguage":"en-GB","@id":"https:\/\/unaymilletras.com\/gonzalo-hermida-cumple-su-sueno-y-emociona-al-gran-teatro-falla-de-cadiz-en-una-noche-inolvidable\/#primaryimage","url":"https:\/\/unaymilletras.com\/wp-content\/uploads\/2026\/04\/unnamed-2-1-e1777194957766.jpg","contentUrl":"https:\/\/unaymilletras.com\/wp-content\/uploads\/2026\/04\/unnamed-2-1-e1777194957766.jpg","width":600,"height":401},{"@type":"BreadcrumbList","@id":"https:\/\/unaymilletras.com\/gonzalo-hermida-cumple-su-sueno-y-emociona-al-gran-teatro-falla-de-cadiz-en-una-noche-inolvidable\/#breadcrumb","itemListElement":[{"@type":"ListItem","position":1,"name":"Home","item":"http:\/\/unaymilletras.com\/"},{"@type":"ListItem","position":2,"name":"Gonzalo Hermida cumple su sue\u00f1o y emociona al Gran Teatro Falla de C\u00e1diz en una noche inolvidable"}]},{"@type":"WebSite","@id":"http:\/\/unaymilletras.com\/#website","url":"http:\/\/unaymilletras.com\/","name":"Una y Mil Letras","description":"","publisher":{"@id":"http:\/\/unaymilletras.com\/#organization"},"potentialAction":[{"@type":"SearchAction","target":{"@type":"EntryPoint","urlTemplate":"http:\/\/unaymilletras.com\/?s={search_term_string}"},"query-input":{"@type":"PropertyValueSpecification","valueRequired":true,"valueName":"search_term_string"}}],"inLanguage":"en-GB"},{"@type":"Organization","@id":"http:\/\/unaymilletras.com\/#organization","name":"Una y Mil Letras","url":"http:\/\/unaymilletras.com\/","logo":{"@type":"ImageObject","inLanguage":"en-GB","@id":"http:\/\/unaymilletras.com\/#\/schema\/logo\/image\/","url":"https:\/\/unaymilletras.com\/wp-content\/uploads\/2024\/06\/cropped-Logo-removebg-preview.png","contentUrl":"https:\/\/unaymilletras.com\/wp-content\/uploads\/2024\/06\/cropped-Logo-removebg-preview.png","width":512,"height":512,"caption":"Una y Mil Letras"},"image":{"@id":"http:\/\/unaymilletras.com\/#\/schema\/logo\/image\/"},"sameAs":["https:\/\/x.com\/UnaYMilLetras","https:\/\/instagram.com\/UnaYMilLetras"]},{"@type":"Person","@id":"http:\/\/unaymilletras.com\/#\/schema\/person\/a10550e4bff9a23f941f52b2cd5d8686","name":"Alba Benito","image":{"@type":"ImageObject","inLanguage":"en-GB","@id":"https:\/\/secure.gravatar.com\/avatar\/f227a2222ee313f4b5dea91891742064ec98aa8f11b91568879eaecf941f84de?s=96&d=mm&r=g","url":"https:\/\/secure.gravatar.com\/avatar\/f227a2222ee313f4b5dea91891742064ec98aa8f11b91568879eaecf941f84de?s=96&d=mm&r=g","contentUrl":"https:\/\/secure.gravatar.com\/avatar\/f227a2222ee313f4b5dea91891742064ec98aa8f11b91568879eaecf941f84de?s=96&d=mm&r=g","caption":"Alba Benito"},"url":"https:\/\/unaymilletras.com\/en\/author\/aalbaas_\/"}]}},"_links":{"self":[{"href":"https:\/\/unaymilletras.com\/en\/wp-json\/wp\/v2\/posts\/8293","targetHints":{"allow":["GET"]}}],"collection":[{"href":"https:\/\/unaymilletras.com\/en\/wp-json\/wp\/v2\/posts"}],"about":[{"href":"https:\/\/unaymilletras.com\/en\/wp-json\/wp\/v2\/types\/post"}],"author":[{"embeddable":true,"href":"https:\/\/unaymilletras.com\/en\/wp-json\/wp\/v2\/users\/13"}],"replies":[{"embeddable":true,"href":"https:\/\/unaymilletras.com\/en\/wp-json\/wp\/v2\/comments?post=8293"}],"version-history":[{"count":10,"href":"https:\/\/unaymilletras.com\/en\/wp-json\/wp\/v2\/posts\/8293\/revisions"}],"predecessor-version":[{"id":8319,"href":"https:\/\/unaymilletras.com\/en\/wp-json\/wp\/v2\/posts\/8293\/revisions\/8319"}],"wp:featuredmedia":[{"embeddable":true,"href":"https:\/\/unaymilletras.com\/en\/wp-json\/wp\/v2\/media\/8296"}],"wp:attachment":[{"href":"https:\/\/unaymilletras.com\/en\/wp-json\/wp\/v2\/media?parent=8293"}],"wp:term":[{"taxonomy":"category","embeddable":true,"href":"https:\/\/unaymilletras.com\/en\/wp-json\/wp\/v2\/categories?post=8293"},{"taxonomy":"post_tag","embeddable":true,"href":"https:\/\/unaymilletras.com\/en\/wp-json\/wp\/v2\/tags?post=8293"}],"curies":[{"name":"wp","href":"https:\/\/api.w.org\/{rel}","templated":true}]}}