{"id":8301,"date":"2026-04-26T10:59:42","date_gmt":"2026-04-26T08:59:42","guid":{"rendered":"https:\/\/unaymilletras.com\/?p=8301"},"modified":"2026-04-26T11:11:54","modified_gmt":"2026-04-26T09:11:54","slug":"blanca-vergara-presenta-tu-y-yo-el-ultimo-adelanto-de-su-primer-disco","status":"publish","type":"post","link":"https:\/\/unaymilletras.com\/en\/blanca-vergara-presenta-tu-y-yo-el-ultimo-adelanto-de-su-primer-disco\/","title":{"rendered":"Blanca Vergara presenta \u201cT\u00fa y Yo\u201d, el \u00faltimo adelanto de su primer disco"},"content":{"rendered":"<div data-elementor-type=\"wp-post\" data-elementor-id=\"8301\" class=\"elementor elementor-8301\">\n\t\t\t\t\t\t<section class=\"elementor-section elementor-top-section elementor-element elementor-element-c5ce4f6 elementor-section-boxed elementor-section-height-default elementor-section-height-default\" data-id=\"c5ce4f6\" data-element_type=\"section\" data-e-type=\"section\">\n\t\t\t\t\t\t<div class=\"elementor-container elementor-column-gap-default\">\n\t\t\t\t\t<div class=\"elementor-column elementor-col-100 elementor-top-column elementor-element elementor-element-a30b2fd\" data-id=\"a30b2fd\" data-element_type=\"column\" data-e-type=\"column\">\n\t\t\t<div class=\"elementor-widget-wrap elementor-element-populated\">\n\t\t\t\t\t\t<div class=\"elementor-element elementor-element-8946a06 elementor-widget elementor-widget-text-editor\" data-id=\"8946a06\" data-element_type=\"widget\" data-e-type=\"widget\" data-widget_type=\"text-editor.default\">\n\t\t\t\t<div class=\"elementor-widget-container\">\n\t\t\t\t\t\t\t\t\t<p style=\"text-align: justify\"><strong data-start=\"0\" data-end=\"77\" data-is-only-node=\"\">Blanca Vergara presenta \u201cT\u00fa y Yo\u201d, el tercer y \u00faltimo adelanto de su primer disco.<\/strong> La artista mallorquina contin\u00faa consolidando su lugar como una de las voces emergentes m\u00e1s destacadas del pop actual con el lanzamiento de este nuevo sencillo, <a href=\"https:\/\/open.spotify.com\/intl-es\/track\/0qsqDb8TqerLevWeOhKYw0?si=f39a8d002cf24a6a\">ya disponible<\/a> en todas las plataformas digitales.<\/p>\t\t\t\t\t\t\t\t<\/div>\n\t\t\t\t<\/div>\n\t\t\t\t\t<\/div>\n\t\t<\/div>\n\t\t\t\t\t<\/div>\n\t\t<\/section>\n\t\t\t\t<section class=\"elementor-section elementor-top-section elementor-element elementor-element-b2d0151 elementor-section-boxed elementor-section-height-default elementor-section-height-default\" data-id=\"b2d0151\" data-element_type=\"section\" data-e-type=\"section\">\n\t\t\t\t\t\t<div class=\"elementor-container elementor-column-gap-default\">\n\t\t\t\t\t<div class=\"elementor-column elementor-col-100 elementor-top-column elementor-element elementor-element-8aaa70d\" data-id=\"8aaa70d\" data-element_type=\"column\" data-e-type=\"column\">\n\t\t\t<div class=\"elementor-widget-wrap elementor-element-populated\">\n\t\t\t\t\t\t<div class=\"elementor-element elementor-element-6f71ccd elementor-widget__width-initial elementor-widget elementor-widget-image\" data-id=\"6f71ccd\" data-element_type=\"widget\" data-e-type=\"widget\" data-widget_type=\"image.default\">\n\t\t\t\t<div class=\"elementor-widget-container\">\n\t\t\t\t\t\t\t\t\t\t\t\t\t\t\t<img fetchpriority=\"high\" decoding=\"async\" width=\"640\" height=\"421\" src=\"https:\/\/unaymilletras.com\/wp-content\/uploads\/2026\/04\/IMG_6094-1024x673.jpeg\" class=\"attachment-large size-large wp-image-8304\" alt=\"\" srcset=\"https:\/\/unaymilletras.com\/wp-content\/uploads\/2026\/04\/IMG_6094-1024x673.jpeg 1024w, https:\/\/unaymilletras.com\/wp-content\/uploads\/2026\/04\/IMG_6094-300x197.jpeg 300w, https:\/\/unaymilletras.com\/wp-content\/uploads\/2026\/04\/IMG_6094-768x505.jpeg 768w, https:\/\/unaymilletras.com\/wp-content\/uploads\/2026\/04\/IMG_6094-18x12.jpeg 18w, https:\/\/unaymilletras.com\/wp-content\/uploads\/2026\/04\/IMG_6094-e1777193077759.jpeg 600w\" sizes=\"(max-width: 640px) 100vw, 640px\" \/>\t\t\t\t\t\t\t\t\t\t\t\t\t\t\t<\/div>\n\t\t\t\t<\/div>\n\t\t\t\t\t<\/div>\n\t\t<\/div>\n\t\t\t\t\t<\/div>\n\t\t<\/section>\n\t\t\t\t<section class=\"elementor-section elementor-top-section elementor-element elementor-element-f3aed40 elementor-section-boxed elementor-section-height-default elementor-section-height-default\" data-id=\"f3aed40\" data-element_type=\"section\" data-e-type=\"section\">\n\t\t\t\t\t\t<div class=\"elementor-container elementor-column-gap-default\">\n\t\t\t\t\t<div class=\"elementor-column elementor-col-100 elementor-top-column elementor-element elementor-element-88e0fac\" data-id=\"88e0fac\" data-element_type=\"column\" data-e-type=\"column\">\n\t\t\t<div class=\"elementor-widget-wrap elementor-element-populated\">\n\t\t\t\t\t\t<div class=\"elementor-element elementor-element-ee4f042 elementor-widget elementor-widget-text-editor\" data-id=\"ee4f042\" data-element_type=\"widget\" data-e-type=\"widget\" data-widget_type=\"text-editor.default\">\n\t\t\t\t<div class=\"elementor-widget-container\">\n\t\t\t\t\t\t\t\t\t<p style=\"text-align: justify\">Con \u201cT\u00fa y Yo\u201d, Blanca se adentra en un terreno emocional complejo y reconocible: ese punto ambiguo en el que una relaci\u00f3n no llega a consolidarse, pero tampoco desaparece del todo. La canci\u00f3n nace desde la incertidumbre y el bloqueo emocional, retratando el momento inc\u00f3modo de compartir espacio con alguien que lo fue todo y que ahora se ha convertido en una pregunta sin respuesta.<\/p>\t\t\t\t\t\t\t\t<\/div>\n\t\t\t\t<\/div>\n\t\t\t\t\t<\/div>\n\t\t<\/div>\n\t\t\t\t\t<\/div>\n\t\t<\/section>\n\t\t\t\t<section class=\"elementor-section elementor-top-section elementor-element elementor-element-db75b14 elementor-section-boxed elementor-section-height-default elementor-section-height-default\" data-id=\"db75b14\" data-element_type=\"section\" data-e-type=\"section\">\n\t\t\t\t\t\t<div class=\"elementor-container elementor-column-gap-default\">\n\t\t\t\t\t<div class=\"elementor-column elementor-col-100 elementor-top-column elementor-element elementor-element-c35177c\" data-id=\"c35177c\" data-element_type=\"column\" data-e-type=\"column\">\n\t\t\t<div class=\"elementor-widget-wrap elementor-element-populated\">\n\t\t\t\t\t\t<div class=\"elementor-element elementor-element-65858ff elementor-widget elementor-widget-text-editor\" data-id=\"65858ff\" data-element_type=\"widget\" data-e-type=\"widget\" data-widget_type=\"text-editor.default\">\n\t\t\t\t<div class=\"elementor-widget-container\">\n\t\t\t\t\t\t\t\t\t<h4><span style=\"color: #808080\">El videoclip ya est\u00e1 disponible<\/span><\/h4>\t\t\t\t\t\t\t\t<\/div>\n\t\t\t\t<\/div>\n\t\t\t\t\t<\/div>\n\t\t<\/div>\n\t\t\t\t\t<\/div>\n\t\t<\/section>\n\t\t\t\t<section class=\"elementor-section elementor-top-section elementor-element elementor-element-c180a0c elementor-section-boxed elementor-section-height-default elementor-section-height-default\" data-id=\"c180a0c\" data-element_type=\"section\" data-e-type=\"section\">\n\t\t\t\t\t\t<div class=\"elementor-container elementor-column-gap-default\">\n\t\t\t\t\t<div class=\"elementor-column elementor-col-100 elementor-top-column elementor-element elementor-element-3118e2c\" data-id=\"3118e2c\" data-element_type=\"column\" data-e-type=\"column\">\n\t\t\t<div class=\"elementor-widget-wrap elementor-element-populated\">\n\t\t\t\t\t\t<div class=\"elementor-element elementor-element-5be201a elementor-widget elementor-widget-text-editor\" data-id=\"5be201a\" data-element_type=\"widget\" data-e-type=\"widget\" data-widget_type=\"text-editor.default\">\n\t\t\t\t<div class=\"elementor-widget-container\">\n\t\t\t\t\t\t\t\t\t<p style=\"text-align: justify\" data-start=\"863\" data-end=\"1165\">El lanzamiento viene acompa\u00f1ado adem\u00e1s de un <strong data-start=\"908\" data-end=\"951\">videoclip oficial disponible en YouTube<\/strong>, una pieza audiovisual que refuerza la atm\u00f3sfera \u00edntima del tema y su carga emocional, aportando una dimensi\u00f3n visual a esa historia marcada por los silencios, las miradas y las palabras que nunca llegan a tiempo.<\/p>\t\t\t\t\t\t\t\t<\/div>\n\t\t\t\t<\/div>\n\t\t\t\t\t<\/div>\n\t\t<\/div>\n\t\t\t\t\t<\/div>\n\t\t<\/section>\n\t\t\t\t<section class=\"elementor-section elementor-top-section elementor-element elementor-element-ccc00ce elementor-section-boxed elementor-section-height-default elementor-section-height-default\" data-id=\"ccc00ce\" data-element_type=\"section\" data-e-type=\"section\">\n\t\t\t\t\t\t<div class=\"elementor-container elementor-column-gap-default\">\n\t\t\t\t\t<div class=\"elementor-column elementor-col-100 elementor-top-column elementor-element elementor-element-553ac8d\" data-id=\"553ac8d\" data-element_type=\"column\" data-e-type=\"column\">\n\t\t\t<div class=\"elementor-widget-wrap elementor-element-populated\">\n\t\t\t\t\t\t<div class=\"elementor-element elementor-element-2f4bfe9 elementor-widget__width-initial elementor-widget elementor-widget-video\" data-id=\"2f4bfe9\" data-element_type=\"widget\" data-e-type=\"widget\" data-settings=\"{&quot;youtube_url&quot;:&quot;https:\\\/\\\/youtu.be\\\/9NuPQL6JQ1Y?si=FaghbW5RVUzUOQrZ&quot;,&quot;video_type&quot;:&quot;youtube&quot;,&quot;controls&quot;:&quot;yes&quot;}\" data-widget_type=\"video.default\">\n\t\t\t\t<div class=\"elementor-widget-container\">\n\t\t\t\t\t\t\t<div class=\"elementor-wrapper elementor-open-inline\">\n\t\t\t<div class=\"elementor-video\"><\/div>\t\t<\/div>\n\t\t\t\t\t\t<\/div>\n\t\t\t\t<\/div>\n\t\t\t\t\t<\/div>\n\t\t<\/div>\n\t\t\t\t\t<\/div>\n\t\t<\/section>\n\t\t\t\t<section class=\"elementor-section elementor-top-section elementor-element elementor-element-62c003b elementor-section-boxed elementor-section-height-default elementor-section-height-default\" data-id=\"62c003b\" data-element_type=\"section\" data-e-type=\"section\">\n\t\t\t\t\t\t<div class=\"elementor-container elementor-column-gap-default\">\n\t\t\t\t\t<div class=\"elementor-column elementor-col-100 elementor-top-column elementor-element elementor-element-4287e01\" data-id=\"4287e01\" data-element_type=\"column\" data-e-type=\"column\">\n\t\t\t<div class=\"elementor-widget-wrap elementor-element-populated\">\n\t\t\t\t\t\t<div class=\"elementor-element elementor-element-9549aa8 elementor-widget elementor-widget-text-editor\" data-id=\"9549aa8\" data-element_type=\"widget\" data-e-type=\"widget\" data-widget_type=\"text-editor.default\">\n\t\t\t\t<div class=\"elementor-widget-container\">\n\t\t\t\t\t\t\t\t\t<p style=\"text-align: justify\">La artista explica que escribi\u00f3 la canci\u00f3n pensando en esas relaciones que se repiten, atrapadas entre el \u201ccasi\u201d y el \u201cnunca\u201d. Dos personas que permanecen en un lugar ambiguo, ni juntas ni separadas, regresando una y otra vez al mismo sitio. En la narrativa del tema, un sof\u00e1 se convierte en s\u00edmbolo de todo lo que no se dice, de conversaciones pendientes y emociones acumuladas.<\/p>\t\t\t\t\t\t\t\t<\/div>\n\t\t\t\t<\/div>\n\t\t\t\t\t<\/div>\n\t\t<\/div>\n\t\t\t\t\t<\/div>\n\t\t<\/section>\n\t\t\t\t<section class=\"elementor-section elementor-top-section elementor-element elementor-element-60719bf elementor-section-boxed elementor-section-height-default elementor-section-height-default\" data-id=\"60719bf\" data-element_type=\"section\" data-e-type=\"section\">\n\t\t\t\t\t\t<div class=\"elementor-container elementor-column-gap-default\">\n\t\t\t\t\t<div class=\"elementor-column elementor-col-50 elementor-top-column elementor-element elementor-element-573584a\" data-id=\"573584a\" data-element_type=\"column\" data-e-type=\"column\">\n\t\t\t<div class=\"elementor-widget-wrap elementor-element-populated\">\n\t\t\t\t\t\t<div class=\"elementor-element elementor-element-fe76d7f elementor-widget elementor-widget-text-editor\" data-id=\"fe76d7f\" data-element_type=\"widget\" data-e-type=\"widget\" data-widget_type=\"text-editor.default\">\n\t\t\t\t<div class=\"elementor-widget-container\">\n\t\t\t\t\t\t\t\t\t<p style=\"text-align: justify\">Lejos de ser una canci\u00f3n de amor o de desamor, el sencillo se instala en ese espacio emocional indefinido donde habitan los v\u00ednculos incompletos: lo que no fue, pero tampoco dej\u00f3 de ser. Un relato sincero, directo y sin artificios que vuelve a demostrar la capacidad de Blanca Vergara para conectar desde lo cotidiano.<\/p>\t\t\t\t\t\t\t\t<\/div>\n\t\t\t\t<\/div>\n\t\t\t\t\t<\/div>\n\t\t<\/div>\n\t\t\t\t<div class=\"elementor-column elementor-col-50 elementor-top-column elementor-element elementor-element-a549872\" data-id=\"a549872\" data-element_type=\"column\" data-e-type=\"column\">\n\t\t\t<div class=\"elementor-widget-wrap elementor-element-populated\">\n\t\t\t\t\t\t<div class=\"elementor-element elementor-element-a3c2f80 elementor-widget__width-initial elementor-widget elementor-widget-image\" data-id=\"a3c2f80\" data-element_type=\"widget\" data-e-type=\"widget\" data-widget_type=\"image.default\">\n\t\t\t\t<div class=\"elementor-widget-container\">\n\t\t\t\t\t\t\t\t\t\t\t\t\t\t\t<img decoding=\"async\" width=\"640\" height=\"960\" src=\"https:\/\/unaymilletras.com\/wp-content\/uploads\/2026\/04\/DSC_0174-683x1024.jpg\" class=\"attachment-large size-large wp-image-8303\" alt=\"\" srcset=\"https:\/\/unaymilletras.com\/wp-content\/uploads\/2026\/04\/DSC_0174-683x1024.jpg 683w, https:\/\/unaymilletras.com\/wp-content\/uploads\/2026\/04\/DSC_0174-200x300.jpg 200w, https:\/\/unaymilletras.com\/wp-content\/uploads\/2026\/04\/DSC_0174-768x1152.jpg 768w, https:\/\/unaymilletras.com\/wp-content\/uploads\/2026\/04\/DSC_0174-1024x1536.jpg 1024w, https:\/\/unaymilletras.com\/wp-content\/uploads\/2026\/04\/DSC_0174-1365x2048.jpg 1365w, https:\/\/unaymilletras.com\/wp-content\/uploads\/2026\/04\/DSC_0174-8x12.jpg 8w, https:\/\/unaymilletras.com\/wp-content\/uploads\/2026\/04\/DSC_0174-scaled-e1777193515495.jpg 600w\" sizes=\"(max-width: 640px) 100vw, 640px\" \/>\t\t\t\t\t\t\t\t\t\t\t\t\t\t\t<\/div>\n\t\t\t\t<\/div>\n\t\t\t\t\t<\/div>\n\t\t<\/div>\n\t\t\t\t\t<\/div>\n\t\t<\/section>\n\t\t\t\t<section class=\"elementor-section elementor-top-section elementor-element elementor-element-85d0d6c elementor-section-boxed elementor-section-height-default elementor-section-height-default\" data-id=\"85d0d6c\" data-element_type=\"section\" data-e-type=\"section\">\n\t\t\t\t\t\t<div class=\"elementor-container elementor-column-gap-default\">\n\t\t\t\t\t<div class=\"elementor-column elementor-col-100 elementor-top-column elementor-element elementor-element-430907f\" data-id=\"430907f\" data-element_type=\"column\" data-e-type=\"column\">\n\t\t\t<div class=\"elementor-widget-wrap elementor-element-populated\">\n\t\t\t\t\t\t<div class=\"elementor-element elementor-element-0f510b0 elementor-widget elementor-widget-text-editor\" data-id=\"0f510b0\" data-element_type=\"widget\" data-e-type=\"widget\" data-widget_type=\"text-editor.default\">\n\t\t\t\t<div class=\"elementor-widget-container\">\n\t\t\t\t\t\t\t\t\t<p>Con \u201cT\u00fa y Yo\u201d como \u00faltimo adelanto, Blanca Vergara prepara el terreno para el lanzamiento de su esperado \u00e1lbum debut el pr\u00f3ximo <strong data-start=\"3046\" data-end=\"3059\">8 de mayo<\/strong>, consolidando su identidad art\u00edstica como una de las nuevas voces m\u00e1s prometedoras del pop espa\u00f1ol.<\/p><p>\u00a0<\/p><p>Sigue descubriendo m\u00e1s sobre la actualidad musical\u00a0en\u00a0<em><a href=\"https:\/\/unaymilletras.com\/en\/\">Una y mil letras<\/a><\/em><\/p>\t\t\t\t\t\t\t\t<\/div>\n\t\t\t\t<\/div>\n\t\t\t\t\t<\/div>\n\t\t<\/div>\n\t\t\t\t\t<\/div>\n\t\t<\/section>\n\t\t\t\t<\/div>","protected":false},"excerpt":{"rendered":"<p>Blanca Vergara presenta \u201cT\u00fa y Yo\u201d, el tercer y \u00faltimo adelanto de su primer disco. La artista mallorquina contin\u00faa consolidando su lugar como una de las voces emergentes m\u00e1s destacadas del pop actual con el lanzamiento de este nuevo sencillo, ya disponible en todas las plataformas digitales. Con \u201cT\u00fa y Yo\u201d, Blanca se adentra en [&hellip;]<\/p>\n","protected":false},"author":13,"featured_media":8304,"comment_status":"closed","ping_status":"closed","sticky":false,"template":"","format":"standard","meta":{"footnotes":""},"categories":[4],"tags":[],"class_list":["post-8301","post","type-post","status-publish","format-standard","has-post-thumbnail","hentry","category-musica"],"yoast_head":"<!-- This site is optimized with the Yoast SEO plugin v27.4 - https:\/\/yoast.com\/product\/yoast-seo-wordpress\/ -->\n<title>Blanca Vergara presenta \u201cT\u00fa y Yo\u201d<\/title>\n<meta name=\"description\" content=\"Blanca Vergara presenta \u201cT\u00fa y Yo\u201d, el \u00faltimo adelanto de su primer disco, disponible ya en plataformas digitales.\" \/>\n<meta name=\"robots\" content=\"index, follow, max-snippet:-1, max-image-preview:large, max-video-preview:-1\" \/>\n<link rel=\"canonical\" href=\"https:\/\/unaymilletras.com\/en\/blanca-vergara-presenta-tu-y-yo-el-ultimo-adelanto-de-su-primer-disco\/\" \/>\n<meta property=\"og:locale\" content=\"en_GB\" \/>\n<meta property=\"og:type\" content=\"article\" \/>\n<meta property=\"og:title\" content=\"Blanca Vergara presenta \u201cT\u00fa y Yo\u201d\" \/>\n<meta property=\"og:description\" content=\"Blanca Vergara presenta \u201cT\u00fa y Yo\u201d, el \u00faltimo adelanto de su primer disco, disponible ya en plataformas digitales.\" \/>\n<meta property=\"og:url\" content=\"https:\/\/unaymilletras.com\/en\/blanca-vergara-presenta-tu-y-yo-el-ultimo-adelanto-de-su-primer-disco\/\" \/>\n<meta property=\"og:site_name\" content=\"Una y Mil Letras\" \/>\n<meta property=\"article:published_time\" content=\"2026-04-26T08:59:42+00:00\" \/>\n<meta property=\"article:modified_time\" content=\"2026-04-26T09:11:54+00:00\" \/>\n<meta property=\"og:image\" content=\"http:\/\/unaymilletras.com\/wp-content\/uploads\/2026\/04\/IMG_6094-e1777193077759.jpeg\" \/>\n\t<meta property=\"og:image:width\" content=\"600\" \/>\n\t<meta property=\"og:image:height\" content=\"395\" \/>\n\t<meta property=\"og:image:type\" content=\"image\/jpeg\" \/>\n<meta name=\"author\" content=\"Alba Benito\" \/>\n<meta name=\"twitter:card\" content=\"summary_large_image\" \/>\n<meta name=\"twitter:creator\" content=\"@UnaYMilLetras\" \/>\n<meta name=\"twitter:site\" content=\"@UnaYMilLetras\" \/>\n<meta name=\"twitter:label1\" content=\"Written by\" \/>\n\t<meta name=\"twitter:data1\" content=\"Alba Benito\" \/>\n\t<meta name=\"twitter:label2\" content=\"Estimated reading time\" \/>\n\t<meta name=\"twitter:data2\" content=\"2 minutes\" \/>\n<script type=\"application\/ld+json\" class=\"yoast-schema-graph\">{\"@context\":\"https:\\\/\\\/schema.org\",\"@graph\":[{\"@type\":\"Article\",\"@id\":\"https:\\\/\\\/unaymilletras.com\\\/blanca-vergara-presenta-tu-y-yo-el-ultimo-adelanto-de-su-primer-disco\\\/#article\",\"isPartOf\":{\"@id\":\"https:\\\/\\\/unaymilletras.com\\\/blanca-vergara-presenta-tu-y-yo-el-ultimo-adelanto-de-su-primer-disco\\\/\"},\"author\":{\"name\":\"Alba Benito\",\"@id\":\"http:\\\/\\\/unaymilletras.com\\\/#\\\/schema\\\/person\\\/a10550e4bff9a23f941f52b2cd5d8686\"},\"headline\":\"Blanca Vergara presenta \u201cT\u00fa y Yo\u201d, el \u00faltimo adelanto de su primer disco\",\"datePublished\":\"2026-04-26T08:59:42+00:00\",\"dateModified\":\"2026-04-26T09:11:54+00:00\",\"mainEntityOfPage\":{\"@id\":\"https:\\\/\\\/unaymilletras.com\\\/blanca-vergara-presenta-tu-y-yo-el-ultimo-adelanto-de-su-primer-disco\\\/\"},\"wordCount\":373,\"publisher\":{\"@id\":\"http:\\\/\\\/unaymilletras.com\\\/#organization\"},\"image\":{\"@id\":\"https:\\\/\\\/unaymilletras.com\\\/blanca-vergara-presenta-tu-y-yo-el-ultimo-adelanto-de-su-primer-disco\\\/#primaryimage\"},\"thumbnailUrl\":\"https:\\\/\\\/unaymilletras.com\\\/wp-content\\\/uploads\\\/2026\\\/04\\\/IMG_6094-e1777193077759.jpeg\",\"articleSection\":[\"M\u00fasica\"],\"inLanguage\":\"en-GB\"},{\"@type\":\"WebPage\",\"@id\":\"https:\\\/\\\/unaymilletras.com\\\/blanca-vergara-presenta-tu-y-yo-el-ultimo-adelanto-de-su-primer-disco\\\/\",\"url\":\"https:\\\/\\\/unaymilletras.com\\\/blanca-vergara-presenta-tu-y-yo-el-ultimo-adelanto-de-su-primer-disco\\\/\",\"name\":\"Blanca Vergara presenta \u201cT\u00fa y Yo\u201d\",\"isPartOf\":{\"@id\":\"http:\\\/\\\/unaymilletras.com\\\/#website\"},\"primaryImageOfPage\":{\"@id\":\"https:\\\/\\\/unaymilletras.com\\\/blanca-vergara-presenta-tu-y-yo-el-ultimo-adelanto-de-su-primer-disco\\\/#primaryimage\"},\"image\":{\"@id\":\"https:\\\/\\\/unaymilletras.com\\\/blanca-vergara-presenta-tu-y-yo-el-ultimo-adelanto-de-su-primer-disco\\\/#primaryimage\"},\"thumbnailUrl\":\"https:\\\/\\\/unaymilletras.com\\\/wp-content\\\/uploads\\\/2026\\\/04\\\/IMG_6094-e1777193077759.jpeg\",\"datePublished\":\"2026-04-26T08:59:42+00:00\",\"dateModified\":\"2026-04-26T09:11:54+00:00\",\"description\":\"Blanca Vergara presenta \u201cT\u00fa y Yo\u201d, el \u00faltimo adelanto de su primer disco, disponible ya en plataformas digitales.\",\"breadcrumb\":{\"@id\":\"https:\\\/\\\/unaymilletras.com\\\/blanca-vergara-presenta-tu-y-yo-el-ultimo-adelanto-de-su-primer-disco\\\/#breadcrumb\"},\"inLanguage\":\"en-GB\",\"potentialAction\":[{\"@type\":\"ReadAction\",\"target\":[\"https:\\\/\\\/unaymilletras.com\\\/blanca-vergara-presenta-tu-y-yo-el-ultimo-adelanto-de-su-primer-disco\\\/\"]}]},{\"@type\":\"ImageObject\",\"inLanguage\":\"en-GB\",\"@id\":\"https:\\\/\\\/unaymilletras.com\\\/blanca-vergara-presenta-tu-y-yo-el-ultimo-adelanto-de-su-primer-disco\\\/#primaryimage\",\"url\":\"https:\\\/\\\/unaymilletras.com\\\/wp-content\\\/uploads\\\/2026\\\/04\\\/IMG_6094-e1777193077759.jpeg\",\"contentUrl\":\"https:\\\/\\\/unaymilletras.com\\\/wp-content\\\/uploads\\\/2026\\\/04\\\/IMG_6094-e1777193077759.jpeg\",\"width\":600,\"height\":395},{\"@type\":\"BreadcrumbList\",\"@id\":\"https:\\\/\\\/unaymilletras.com\\\/blanca-vergara-presenta-tu-y-yo-el-ultimo-adelanto-de-su-primer-disco\\\/#breadcrumb\",\"itemListElement\":[{\"@type\":\"ListItem\",\"position\":1,\"name\":\"Home\",\"item\":\"http:\\\/\\\/unaymilletras.com\\\/\"},{\"@type\":\"ListItem\",\"position\":2,\"name\":\"Blanca Vergara presenta \u201cT\u00fa y Yo\u201d, el \u00faltimo adelanto de su primer disco\"}]},{\"@type\":\"WebSite\",\"@id\":\"http:\\\/\\\/unaymilletras.com\\\/#website\",\"url\":\"http:\\\/\\\/unaymilletras.com\\\/\",\"name\":\"Una y Mil Letras\",\"description\":\"\",\"publisher\":{\"@id\":\"http:\\\/\\\/unaymilletras.com\\\/#organization\"},\"potentialAction\":[{\"@type\":\"SearchAction\",\"target\":{\"@type\":\"EntryPoint\",\"urlTemplate\":\"http:\\\/\\\/unaymilletras.com\\\/?s={search_term_string}\"},\"query-input\":{\"@type\":\"PropertyValueSpecification\",\"valueRequired\":true,\"valueName\":\"search_term_string\"}}],\"inLanguage\":\"en-GB\"},{\"@type\":\"Organization\",\"@id\":\"http:\\\/\\\/unaymilletras.com\\\/#organization\",\"name\":\"Una y Mil Letras\",\"url\":\"http:\\\/\\\/unaymilletras.com\\\/\",\"logo\":{\"@type\":\"ImageObject\",\"inLanguage\":\"en-GB\",\"@id\":\"http:\\\/\\\/unaymilletras.com\\\/#\\\/schema\\\/logo\\\/image\\\/\",\"url\":\"https:\\\/\\\/unaymilletras.com\\\/wp-content\\\/uploads\\\/2024\\\/06\\\/cropped-Logo-removebg-preview.png\",\"contentUrl\":\"https:\\\/\\\/unaymilletras.com\\\/wp-content\\\/uploads\\\/2024\\\/06\\\/cropped-Logo-removebg-preview.png\",\"width\":512,\"height\":512,\"caption\":\"Una y Mil Letras\"},\"image\":{\"@id\":\"http:\\\/\\\/unaymilletras.com\\\/#\\\/schema\\\/logo\\\/image\\\/\"},\"sameAs\":[\"https:\\\/\\\/x.com\\\/UnaYMilLetras\",\"https:\\\/\\\/instagram.com\\\/UnaYMilLetras\"]},{\"@type\":\"Person\",\"@id\":\"http:\\\/\\\/unaymilletras.com\\\/#\\\/schema\\\/person\\\/a10550e4bff9a23f941f52b2cd5d8686\",\"name\":\"Alba Benito\",\"image\":{\"@type\":\"ImageObject\",\"inLanguage\":\"en-GB\",\"@id\":\"https:\\\/\\\/secure.gravatar.com\\\/avatar\\\/f227a2222ee313f4b5dea91891742064ec98aa8f11b91568879eaecf941f84de?s=96&d=mm&r=g\",\"url\":\"https:\\\/\\\/secure.gravatar.com\\\/avatar\\\/f227a2222ee313f4b5dea91891742064ec98aa8f11b91568879eaecf941f84de?s=96&d=mm&r=g\",\"contentUrl\":\"https:\\\/\\\/secure.gravatar.com\\\/avatar\\\/f227a2222ee313f4b5dea91891742064ec98aa8f11b91568879eaecf941f84de?s=96&d=mm&r=g\",\"caption\":\"Alba Benito\"},\"url\":\"https:\\\/\\\/unaymilletras.com\\\/en\\\/author\\\/aalbaas_\\\/\"}]}<\/script>\n<!-- \/ Yoast SEO plugin. -->","yoast_head_json":{"title":"Blanca Vergara presenta \u201cT\u00fa y Yo\u201d","description":"Blanca Vergara presenta \u201cT\u00fa y Yo\u201d, el \u00faltimo adelanto de su primer disco, disponible ya en plataformas digitales.","robots":{"index":"index","follow":"follow","max-snippet":"max-snippet:-1","max-image-preview":"max-image-preview:large","max-video-preview":"max-video-preview:-1"},"canonical":"https:\/\/unaymilletras.com\/en\/blanca-vergara-presenta-tu-y-yo-el-ultimo-adelanto-de-su-primer-disco\/","og_locale":"en_GB","og_type":"article","og_title":"Blanca Vergara presenta \u201cT\u00fa y Yo\u201d","og_description":"Blanca Vergara presenta \u201cT\u00fa y Yo\u201d, el \u00faltimo adelanto de su primer disco, disponible ya en plataformas digitales.","og_url":"https:\/\/unaymilletras.com\/en\/blanca-vergara-presenta-tu-y-yo-el-ultimo-adelanto-de-su-primer-disco\/","og_site_name":"Una y Mil Letras","article_published_time":"2026-04-26T08:59:42+00:00","article_modified_time":"2026-04-26T09:11:54+00:00","og_image":[{"width":600,"height":395,"url":"http:\/\/unaymilletras.com\/wp-content\/uploads\/2026\/04\/IMG_6094-e1777193077759.jpeg","type":"image\/jpeg"}],"author":"Alba Benito","twitter_card":"summary_large_image","twitter_creator":"@UnaYMilLetras","twitter_site":"@UnaYMilLetras","twitter_misc":{"Written by":"Alba Benito","Estimated reading time":"2 minutes"},"schema":{"@context":"https:\/\/schema.org","@graph":[{"@type":"Article","@id":"https:\/\/unaymilletras.com\/blanca-vergara-presenta-tu-y-yo-el-ultimo-adelanto-de-su-primer-disco\/#article","isPartOf":{"@id":"https:\/\/unaymilletras.com\/blanca-vergara-presenta-tu-y-yo-el-ultimo-adelanto-de-su-primer-disco\/"},"author":{"name":"Alba Benito","@id":"http:\/\/unaymilletras.com\/#\/schema\/person\/a10550e4bff9a23f941f52b2cd5d8686"},"headline":"Blanca Vergara presenta \u201cT\u00fa y Yo\u201d, el \u00faltimo adelanto de su primer disco","datePublished":"2026-04-26T08:59:42+00:00","dateModified":"2026-04-26T09:11:54+00:00","mainEntityOfPage":{"@id":"https:\/\/unaymilletras.com\/blanca-vergara-presenta-tu-y-yo-el-ultimo-adelanto-de-su-primer-disco\/"},"wordCount":373,"publisher":{"@id":"http:\/\/unaymilletras.com\/#organization"},"image":{"@id":"https:\/\/unaymilletras.com\/blanca-vergara-presenta-tu-y-yo-el-ultimo-adelanto-de-su-primer-disco\/#primaryimage"},"thumbnailUrl":"https:\/\/unaymilletras.com\/wp-content\/uploads\/2026\/04\/IMG_6094-e1777193077759.jpeg","articleSection":["M\u00fasica"],"inLanguage":"en-GB"},{"@type":"WebPage","@id":"https:\/\/unaymilletras.com\/blanca-vergara-presenta-tu-y-yo-el-ultimo-adelanto-de-su-primer-disco\/","url":"https:\/\/unaymilletras.com\/blanca-vergara-presenta-tu-y-yo-el-ultimo-adelanto-de-su-primer-disco\/","name":"Blanca Vergara presenta \u201cT\u00fa y Yo\u201d","isPartOf":{"@id":"http:\/\/unaymilletras.com\/#website"},"primaryImageOfPage":{"@id":"https:\/\/unaymilletras.com\/blanca-vergara-presenta-tu-y-yo-el-ultimo-adelanto-de-su-primer-disco\/#primaryimage"},"image":{"@id":"https:\/\/unaymilletras.com\/blanca-vergara-presenta-tu-y-yo-el-ultimo-adelanto-de-su-primer-disco\/#primaryimage"},"thumbnailUrl":"https:\/\/unaymilletras.com\/wp-content\/uploads\/2026\/04\/IMG_6094-e1777193077759.jpeg","datePublished":"2026-04-26T08:59:42+00:00","dateModified":"2026-04-26T09:11:54+00:00","description":"Blanca Vergara presenta \u201cT\u00fa y Yo\u201d, el \u00faltimo adelanto de su primer disco, disponible ya en plataformas digitales.","breadcrumb":{"@id":"https:\/\/unaymilletras.com\/blanca-vergara-presenta-tu-y-yo-el-ultimo-adelanto-de-su-primer-disco\/#breadcrumb"},"inLanguage":"en-GB","potentialAction":[{"@type":"ReadAction","target":["https:\/\/unaymilletras.com\/blanca-vergara-presenta-tu-y-yo-el-ultimo-adelanto-de-su-primer-disco\/"]}]},{"@type":"ImageObject","inLanguage":"en-GB","@id":"https:\/\/unaymilletras.com\/blanca-vergara-presenta-tu-y-yo-el-ultimo-adelanto-de-su-primer-disco\/#primaryimage","url":"https:\/\/unaymilletras.com\/wp-content\/uploads\/2026\/04\/IMG_6094-e1777193077759.jpeg","contentUrl":"https:\/\/unaymilletras.com\/wp-content\/uploads\/2026\/04\/IMG_6094-e1777193077759.jpeg","width":600,"height":395},{"@type":"BreadcrumbList","@id":"https:\/\/unaymilletras.com\/blanca-vergara-presenta-tu-y-yo-el-ultimo-adelanto-de-su-primer-disco\/#breadcrumb","itemListElement":[{"@type":"ListItem","position":1,"name":"Home","item":"http:\/\/unaymilletras.com\/"},{"@type":"ListItem","position":2,"name":"Blanca Vergara presenta \u201cT\u00fa y Yo\u201d, el \u00faltimo adelanto de su primer disco"}]},{"@type":"WebSite","@id":"http:\/\/unaymilletras.com\/#website","url":"http:\/\/unaymilletras.com\/","name":"Una y Mil Letras","description":"","publisher":{"@id":"http:\/\/unaymilletras.com\/#organization"},"potentialAction":[{"@type":"SearchAction","target":{"@type":"EntryPoint","urlTemplate":"http:\/\/unaymilletras.com\/?s={search_term_string}"},"query-input":{"@type":"PropertyValueSpecification","valueRequired":true,"valueName":"search_term_string"}}],"inLanguage":"en-GB"},{"@type":"Organization","@id":"http:\/\/unaymilletras.com\/#organization","name":"Una y Mil Letras","url":"http:\/\/unaymilletras.com\/","logo":{"@type":"ImageObject","inLanguage":"en-GB","@id":"http:\/\/unaymilletras.com\/#\/schema\/logo\/image\/","url":"https:\/\/unaymilletras.com\/wp-content\/uploads\/2024\/06\/cropped-Logo-removebg-preview.png","contentUrl":"https:\/\/unaymilletras.com\/wp-content\/uploads\/2024\/06\/cropped-Logo-removebg-preview.png","width":512,"height":512,"caption":"Una y Mil Letras"},"image":{"@id":"http:\/\/unaymilletras.com\/#\/schema\/logo\/image\/"},"sameAs":["https:\/\/x.com\/UnaYMilLetras","https:\/\/instagram.com\/UnaYMilLetras"]},{"@type":"Person","@id":"http:\/\/unaymilletras.com\/#\/schema\/person\/a10550e4bff9a23f941f52b2cd5d8686","name":"Alba Benito","image":{"@type":"ImageObject","inLanguage":"en-GB","@id":"https:\/\/secure.gravatar.com\/avatar\/f227a2222ee313f4b5dea91891742064ec98aa8f11b91568879eaecf941f84de?s=96&d=mm&r=g","url":"https:\/\/secure.gravatar.com\/avatar\/f227a2222ee313f4b5dea91891742064ec98aa8f11b91568879eaecf941f84de?s=96&d=mm&r=g","contentUrl":"https:\/\/secure.gravatar.com\/avatar\/f227a2222ee313f4b5dea91891742064ec98aa8f11b91568879eaecf941f84de?s=96&d=mm&r=g","caption":"Alba Benito"},"url":"https:\/\/unaymilletras.com\/en\/author\/aalbaas_\/"}]}},"_links":{"self":[{"href":"https:\/\/unaymilletras.com\/en\/wp-json\/wp\/v2\/posts\/8301","targetHints":{"allow":["GET"]}}],"collection":[{"href":"https:\/\/unaymilletras.com\/en\/wp-json\/wp\/v2\/posts"}],"about":[{"href":"https:\/\/unaymilletras.com\/en\/wp-json\/wp\/v2\/types\/post"}],"author":[{"embeddable":true,"href":"https:\/\/unaymilletras.com\/en\/wp-json\/wp\/v2\/users\/13"}],"replies":[{"embeddable":true,"href":"https:\/\/unaymilletras.com\/en\/wp-json\/wp\/v2\/comments?post=8301"}],"version-history":[{"count":7,"href":"https:\/\/unaymilletras.com\/en\/wp-json\/wp\/v2\/posts\/8301\/revisions"}],"predecessor-version":[{"id":8311,"href":"https:\/\/unaymilletras.com\/en\/wp-json\/wp\/v2\/posts\/8301\/revisions\/8311"}],"wp:featuredmedia":[{"embeddable":true,"href":"https:\/\/unaymilletras.com\/en\/wp-json\/wp\/v2\/media\/8304"}],"wp:attachment":[{"href":"https:\/\/unaymilletras.com\/en\/wp-json\/wp\/v2\/media?parent=8301"}],"wp:term":[{"taxonomy":"category","embeddable":true,"href":"https:\/\/unaymilletras.com\/en\/wp-json\/wp\/v2\/categories?post=8301"},{"taxonomy":"post_tag","embeddable":true,"href":"https:\/\/unaymilletras.com\/en\/wp-json\/wp\/v2\/tags?post=8301"}],"curies":[{"name":"wp","href":"https:\/\/api.w.org\/{rel}","templated":true}]}}