{"id":8320,"date":"2026-04-27T12:48:22","date_gmt":"2026-04-27T10:48:22","guid":{"rendered":"https:\/\/unaymilletras.com\/?p=8320"},"modified":"2026-04-27T12:51:04","modified_gmt":"2026-04-27T10:51:04","slug":"funzo-llega-con-su-primera-gira-en-solitario-para-presentar-tdah","status":"publish","type":"post","link":"https:\/\/unaymilletras.com\/en\/funzo-llega-con-su-primera-gira-en-solitario-para-presentar-tdah\/","title":{"rendered":"Funzo llega con su primera gira en solitario para presentar TDAH"},"content":{"rendered":"<div data-elementor-type=\"wp-post\" data-elementor-id=\"8320\" class=\"elementor elementor-8320\">\n\t\t\t\t\t\t<section class=\"elementor-section elementor-top-section elementor-element elementor-element-125646a elementor-section-boxed elementor-section-height-default elementor-section-height-default\" data-id=\"125646a\" data-element_type=\"section\" data-e-type=\"section\">\n\t\t\t\t\t\t<div class=\"elementor-container elementor-column-gap-default\">\n\t\t\t\t\t<div class=\"elementor-column elementor-col-100 elementor-top-column elementor-element elementor-element-1ea12c9\" data-id=\"1ea12c9\" data-element_type=\"column\" data-e-type=\"column\">\n\t\t\t<div class=\"elementor-widget-wrap elementor-element-populated\">\n\t\t\t\t\t\t<div class=\"elementor-element elementor-element-41a8196 elementor-widget elementor-widget-text-editor\" data-id=\"41a8196\" data-element_type=\"widget\" data-e-type=\"widget\" data-widget_type=\"text-editor.default\">\n\t\t\t\t<div class=\"elementor-widget-container\">\n\t\t\t\t\t\t\t\t\t<h2 style=\"text-align: center;\"><span style=\"color: #808080;\"><em>El artista alicantino Funzo recorrer\u00e1 salas de toda Espa\u00f1a con un directo que marca un antes y un despu\u00e9s en su carrera<\/em><\/span><\/h2>\t\t\t\t\t\t\t\t<\/div>\n\t\t\t\t<\/div>\n\t\t\t\t\t<\/div>\n\t\t<\/div>\n\t\t\t\t\t<\/div>\n\t\t<\/section>\n\t\t\t\t<section class=\"elementor-section elementor-top-section elementor-element elementor-element-9ddd6bc elementor-section-boxed elementor-section-height-default elementor-section-height-default\" data-id=\"9ddd6bc\" data-element_type=\"section\" data-e-type=\"section\">\n\t\t\t\t\t\t<div class=\"elementor-container elementor-column-gap-default\">\n\t\t\t\t\t<div class=\"elementor-column elementor-col-100 elementor-top-column elementor-element elementor-element-c89d3a0\" data-id=\"c89d3a0\" data-element_type=\"column\" data-e-type=\"column\">\n\t\t\t<div class=\"elementor-widget-wrap elementor-element-populated\">\n\t\t\t\t\t\t<div class=\"elementor-element elementor-element-3300235 elementor-widget elementor-widget-text-editor\" data-id=\"3300235\" data-element_type=\"widget\" data-e-type=\"widget\" data-widget_type=\"text-editor.default\">\n\t\t\t\t<div class=\"elementor-widget-container\">\n\t\t\t\t\t\t\t\t\t<p data-start=\"267\" data-end=\"548\"><span class=\"hover:entity-accent entity-underline inline cursor-pointer align-baseline\"><span class=\"whitespace-normal\"><b>Funzo<\/b><\/span><\/span> da un paso clave en su trayectoria con el anuncio de su <b>primera gira en solitario<\/b>. El artista urbano regresa a las salas con un directo propio en el que presentar\u00e1 <em data-start=\"469\" data-end=\"475\"><b>TDAH<\/b><\/em>, su nuevo \u00e1lbum y el proyecto m\u00e1s personal de su carrera hasta la fecha. <span style=\"color: #808080;\"><strong><a style=\"color: #808080;\" href=\"https:\/\/www.funzako.com\/\">Las entradas ya est\u00e1n a la venta.<\/a><\/strong><\/span><\/p><p data-start=\"550\" data-end=\"895\">Este tour supone un punto de inflexi\u00f3n: por primera vez, Funzo se sube al escenario en solitario, construyendo una propuesta \u00edntegramente propia tras a\u00f1os consolid\u00e1ndose dentro de la escena urbana nacional. Un cambio que no solo afecta al formato del directo, sino tambi\u00e9n al enfoque art\u00edstico, con un show m\u00e1s \u00edntimo y centrado en su identidad.<\/p>\t\t\t\t\t\t\t\t<\/div>\n\t\t\t\t<\/div>\n\t\t\t\t\t<\/div>\n\t\t<\/div>\n\t\t\t\t\t<\/div>\n\t\t<\/section>\n\t\t\t\t<section class=\"elementor-section elementor-top-section elementor-element elementor-element-1b9e74b elementor-section-boxed elementor-section-height-default elementor-section-height-default\" data-id=\"1b9e74b\" data-element_type=\"section\" data-e-type=\"section\">\n\t\t\t\t\t\t<div class=\"elementor-container elementor-column-gap-default\">\n\t\t\t\t\t<div class=\"elementor-column elementor-col-100 elementor-top-column elementor-element elementor-element-3a5abb3\" data-id=\"3a5abb3\" data-element_type=\"column\" data-e-type=\"column\">\n\t\t\t<div class=\"elementor-widget-wrap elementor-element-populated\">\n\t\t\t\t\t\t<div class=\"elementor-element elementor-element-29d9cfd elementor-widget elementor-widget-image\" data-id=\"29d9cfd\" data-element_type=\"widget\" data-e-type=\"widget\" data-widget_type=\"image.default\">\n\t\t\t\t<div class=\"elementor-widget-container\">\n\t\t\t\t\t\t\t\t\t\t\t\t\t\t\t<img fetchpriority=\"high\" decoding=\"async\" width=\"640\" height=\"800\" src=\"https:\/\/unaymilletras.com\/wp-content\/uploads\/2026\/04\/82bce8de-78b7-4417-42b2-e2994f05-819x1024.jpg\" class=\"attachment-large size-large wp-image-8322\" alt=\"gira Funzo\" srcset=\"https:\/\/unaymilletras.com\/wp-content\/uploads\/2026\/04\/82bce8de-78b7-4417-42b2-e2994f05-819x1024.jpg 819w, https:\/\/unaymilletras.com\/wp-content\/uploads\/2026\/04\/82bce8de-78b7-4417-42b2-e2994f05-240x300.jpg 240w, https:\/\/unaymilletras.com\/wp-content\/uploads\/2026\/04\/82bce8de-78b7-4417-42b2-e2994f05-768x960.jpg 768w, https:\/\/unaymilletras.com\/wp-content\/uploads\/2026\/04\/82bce8de-78b7-4417-42b2-e2994f05-10x12.jpg 10w, https:\/\/unaymilletras.com\/wp-content\/uploads\/2026\/04\/82bce8de-78b7-4417-42b2-e2994f05-e1777286970854.jpg 600w\" sizes=\"(max-width: 640px) 100vw, 640px\" \/>\t\t\t\t\t\t\t\t\t\t\t\t\t\t\t<\/div>\n\t\t\t\t<\/div>\n\t\t\t\t\t<\/div>\n\t\t<\/div>\n\t\t\t\t\t<\/div>\n\t\t<\/section>\n\t\t\t\t<section class=\"elementor-section elementor-top-section elementor-element elementor-element-1c69b99 elementor-section-boxed elementor-section-height-default elementor-section-height-default\" data-id=\"1c69b99\" data-element_type=\"section\" data-e-type=\"section\">\n\t\t\t\t\t\t<div class=\"elementor-container elementor-column-gap-default\">\n\t\t\t\t\t<div class=\"elementor-column elementor-col-100 elementor-top-column elementor-element elementor-element-6f274c4\" data-id=\"6f274c4\" data-element_type=\"column\" data-e-type=\"column\">\n\t\t\t<div class=\"elementor-widget-wrap elementor-element-populated\">\n\t\t\t\t\t\t<div class=\"elementor-element elementor-element-6b39720 elementor-widget elementor-widget-text-editor\" data-id=\"6b39720\" data-element_type=\"widget\" data-e-type=\"widget\" data-widget_type=\"text-editor.default\">\n\t\t\t\t<div class=\"elementor-widget-container\">\n\t\t\t\t\t\t\t\t\t<p data-start=\"897\" data-end=\"1176\">El repertorio combinar\u00e1 los temas de <em data-start=\"934\" data-end=\"940\">TDAH<\/em> con algunas de las canciones que han marcado su carrera, en un recorrido que conecta pasado y presente. La propuesta busca precisamente eso: mostrar una nueva etapa sin perder el v\u00ednculo con el p\u00fablico que lo ha acompa\u00f1ado hasta ahora.<\/p><p data-start=\"1178\" data-end=\"1535\">La gira pasar\u00e1 por diferentes ciudades de Espa\u00f1a entre 2026 y 2027, con paradas en salas como <span class=\"hover:entity-accent entity-underline inline cursor-pointer align-baseline\"><span class=\"whitespace-normal\">Sala Mamba!<\/span><\/span>, <span class=\"hover:entity-accent entity-underline inline cursor-pointer align-baseline\"><span class=\"whitespace-normal\">Santana 27<\/span><\/span>, <span class=\"hover:entity-accent entity-underline inline cursor-pointer align-baseline\"><span class=\"whitespace-normal\">Sala Oasis<\/span><\/span> o <span class=\"hover:entity-accent entity-underline inline cursor-pointer align-baseline\"><span class=\"whitespace-normal\">Sala Apolo<\/span><\/span>. El tramo final incluir\u00e1 citas destacadas como Madrid en <span class=\"hover:entity-accent entity-underline inline cursor-pointer align-baseline\"><span class=\"whitespace-normal\">Live Las Ventas<\/span><\/span> o Barcelona.<\/p><p data-start=\"1537\" data-end=\"1842\" data-is-last-node=\"\" data-is-only-node=\"\">Con esta gira, <span class=\"hover:entity-accent entity-underline inline cursor-pointer align-baseline\"><span class=\"whitespace-normal\">Funzo<\/span><\/span> apuesta por un formato m\u00e1s cercano y directo, en el que la narrativa de <em data-start=\"1662\" data-end=\"1668\">TDAH<\/em> ser\u00e1 el eje central del espect\u00e1culo. Un nuevo cap\u00edtulo que busca consolidar su evoluci\u00f3n art\u00edstica y reforzar su conexi\u00f3n con el p\u00fablico en una etapa m\u00e1s personal y honesta.<\/p>\t\t\t\t\t\t\t\t<\/div>\n\t\t\t\t<\/div>\n\t\t\t\t\t<\/div>\n\t\t<\/div>\n\t\t\t\t\t<\/div>\n\t\t<\/section>\n\t\t\t\t<\/div>","protected":false},"excerpt":{"rendered":"<p>El artista alicantino Funzo recorrer\u00e1 salas de toda Espa\u00f1a con un directo que marca un antes y un despu\u00e9s en su carrera Funzo da un paso clave en su trayectoria con el anuncio de su primera gira en solitario. El artista urbano regresa a las salas con un directo propio en el que presentar\u00e1 TDAH, [&hellip;]<\/p>\n","protected":false},"author":6,"featured_media":8322,"comment_status":"closed","ping_status":"closed","sticky":false,"template":"","format":"standard","meta":{"footnotes":""},"categories":[119,4],"tags":[],"class_list":["post-8320","post","type-post","status-publish","format-standard","has-post-thumbnail","hentry","category-eventos","category-musica"],"yoast_head":"<!-- This site is optimized with the Yoast SEO plugin v27.4 - https:\/\/yoast.com\/product\/yoast-seo-wordpress\/ -->\n<title>Funzo llega con su primera gira en solitario para presentar TDAH<\/title>\n<meta name=\"description\" content=\"El artista alicantino Funzo recorrer\u00e1 salas de toda Espa\u00f1a con un directo que marca un antes y un despu\u00e9s en su carrera\" \/>\n<meta name=\"robots\" content=\"index, follow, max-snippet:-1, max-image-preview:large, max-video-preview:-1\" \/>\n<link rel=\"canonical\" href=\"https:\/\/unaymilletras.com\/en\/funzo-llega-con-su-primera-gira-en-solitario-para-presentar-tdah\/\" \/>\n<meta property=\"og:locale\" content=\"en_GB\" \/>\n<meta property=\"og:type\" content=\"article\" \/>\n<meta property=\"og:title\" content=\"Funzo llega con su primera gira en solitario para presentar TDAH\" \/>\n<meta property=\"og:description\" content=\"El artista alicantino Funzo recorrer\u00e1 salas de toda Espa\u00f1a con un directo que marca un antes y un despu\u00e9s en su carrera\" \/>\n<meta property=\"og:url\" content=\"https:\/\/unaymilletras.com\/en\/funzo-llega-con-su-primera-gira-en-solitario-para-presentar-tdah\/\" \/>\n<meta property=\"og:site_name\" content=\"Una y Mil Letras\" \/>\n<meta property=\"article:published_time\" content=\"2026-04-27T10:48:22+00:00\" \/>\n<meta property=\"article:modified_time\" content=\"2026-04-27T10:51:04+00:00\" \/>\n<meta property=\"og:image\" content=\"http:\/\/unaymilletras.com\/wp-content\/uploads\/2026\/04\/82bce8de-78b7-4417-42b2-e2994f05-e1777286970854.jpg\" \/>\n\t<meta property=\"og:image:width\" content=\"600\" \/>\n\t<meta property=\"og:image:height\" content=\"750\" \/>\n\t<meta property=\"og:image:type\" content=\"image\/jpeg\" \/>\n<meta name=\"author\" content=\"Redacci\u00f3n\" \/>\n<meta name=\"twitter:card\" content=\"summary_large_image\" \/>\n<meta name=\"twitter:creator\" content=\"@UnaYMilLetras\" \/>\n<meta name=\"twitter:site\" content=\"@UnaYMilLetras\" \/>\n<meta name=\"twitter:label1\" content=\"Written by\" \/>\n\t<meta name=\"twitter:data1\" content=\"Redacci\u00f3n\" \/>\n\t<meta name=\"twitter:label2\" content=\"Estimated reading time\" \/>\n\t<meta name=\"twitter:data2\" content=\"2 minutes\" \/>\n<script type=\"application\/ld+json\" class=\"yoast-schema-graph\">{\"@context\":\"https:\\\/\\\/schema.org\",\"@graph\":[{\"@type\":\"Article\",\"@id\":\"https:\\\/\\\/unaymilletras.com\\\/funzo-llega-con-su-primera-gira-en-solitario-para-presentar-tdah\\\/#article\",\"isPartOf\":{\"@id\":\"https:\\\/\\\/unaymilletras.com\\\/funzo-llega-con-su-primera-gira-en-solitario-para-presentar-tdah\\\/\"},\"author\":{\"name\":\"Redacci\u00f3n\",\"@id\":\"http:\\\/\\\/unaymilletras.com\\\/#\\\/schema\\\/person\\\/0860dc8a218329991ee2c7591f4f849d\"},\"headline\":\"Funzo llega con su primera gira en solitario para presentar TDAH\",\"datePublished\":\"2026-04-27T10:48:22+00:00\",\"dateModified\":\"2026-04-27T10:51:04+00:00\",\"mainEntityOfPage\":{\"@id\":\"https:\\\/\\\/unaymilletras.com\\\/funzo-llega-con-su-primera-gira-en-solitario-para-presentar-tdah\\\/\"},\"wordCount\":297,\"publisher\":{\"@id\":\"http:\\\/\\\/unaymilletras.com\\\/#organization\"},\"image\":{\"@id\":\"https:\\\/\\\/unaymilletras.com\\\/funzo-llega-con-su-primera-gira-en-solitario-para-presentar-tdah\\\/#primaryimage\"},\"thumbnailUrl\":\"https:\\\/\\\/unaymilletras.com\\\/wp-content\\\/uploads\\\/2026\\\/04\\\/82bce8de-78b7-4417-42b2-e2994f05-e1777286970854.jpg\",\"articleSection\":[\"Eventos\",\"M\u00fasica\"],\"inLanguage\":\"en-GB\"},{\"@type\":\"WebPage\",\"@id\":\"https:\\\/\\\/unaymilletras.com\\\/funzo-llega-con-su-primera-gira-en-solitario-para-presentar-tdah\\\/\",\"url\":\"https:\\\/\\\/unaymilletras.com\\\/funzo-llega-con-su-primera-gira-en-solitario-para-presentar-tdah\\\/\",\"name\":\"Funzo llega con su primera gira en solitario para presentar TDAH\",\"isPartOf\":{\"@id\":\"http:\\\/\\\/unaymilletras.com\\\/#website\"},\"primaryImageOfPage\":{\"@id\":\"https:\\\/\\\/unaymilletras.com\\\/funzo-llega-con-su-primera-gira-en-solitario-para-presentar-tdah\\\/#primaryimage\"},\"image\":{\"@id\":\"https:\\\/\\\/unaymilletras.com\\\/funzo-llega-con-su-primera-gira-en-solitario-para-presentar-tdah\\\/#primaryimage\"},\"thumbnailUrl\":\"https:\\\/\\\/unaymilletras.com\\\/wp-content\\\/uploads\\\/2026\\\/04\\\/82bce8de-78b7-4417-42b2-e2994f05-e1777286970854.jpg\",\"datePublished\":\"2026-04-27T10:48:22+00:00\",\"dateModified\":\"2026-04-27T10:51:04+00:00\",\"description\":\"El artista alicantino Funzo recorrer\u00e1 salas de toda Espa\u00f1a con un directo que marca un antes y un despu\u00e9s en su carrera\",\"breadcrumb\":{\"@id\":\"https:\\\/\\\/unaymilletras.com\\\/funzo-llega-con-su-primera-gira-en-solitario-para-presentar-tdah\\\/#breadcrumb\"},\"inLanguage\":\"en-GB\",\"potentialAction\":[{\"@type\":\"ReadAction\",\"target\":[\"https:\\\/\\\/unaymilletras.com\\\/funzo-llega-con-su-primera-gira-en-solitario-para-presentar-tdah\\\/\"]}]},{\"@type\":\"ImageObject\",\"inLanguage\":\"en-GB\",\"@id\":\"https:\\\/\\\/unaymilletras.com\\\/funzo-llega-con-su-primera-gira-en-solitario-para-presentar-tdah\\\/#primaryimage\",\"url\":\"https:\\\/\\\/unaymilletras.com\\\/wp-content\\\/uploads\\\/2026\\\/04\\\/82bce8de-78b7-4417-42b2-e2994f05-e1777286970854.jpg\",\"contentUrl\":\"https:\\\/\\\/unaymilletras.com\\\/wp-content\\\/uploads\\\/2026\\\/04\\\/82bce8de-78b7-4417-42b2-e2994f05-e1777286970854.jpg\",\"width\":600,\"height\":750,\"caption\":\"gira Funzo\"},{\"@type\":\"BreadcrumbList\",\"@id\":\"https:\\\/\\\/unaymilletras.com\\\/funzo-llega-con-su-primera-gira-en-solitario-para-presentar-tdah\\\/#breadcrumb\",\"itemListElement\":[{\"@type\":\"ListItem\",\"position\":1,\"name\":\"Home\",\"item\":\"http:\\\/\\\/unaymilletras.com\\\/\"},{\"@type\":\"ListItem\",\"position\":2,\"name\":\"Funzo llega con su primera gira en solitario para presentar TDAH\"}]},{\"@type\":\"WebSite\",\"@id\":\"http:\\\/\\\/unaymilletras.com\\\/#website\",\"url\":\"http:\\\/\\\/unaymilletras.com\\\/\",\"name\":\"Una y Mil Letras\",\"description\":\"\",\"publisher\":{\"@id\":\"http:\\\/\\\/unaymilletras.com\\\/#organization\"},\"potentialAction\":[{\"@type\":\"SearchAction\",\"target\":{\"@type\":\"EntryPoint\",\"urlTemplate\":\"http:\\\/\\\/unaymilletras.com\\\/?s={search_term_string}\"},\"query-input\":{\"@type\":\"PropertyValueSpecification\",\"valueRequired\":true,\"valueName\":\"search_term_string\"}}],\"inLanguage\":\"en-GB\"},{\"@type\":\"Organization\",\"@id\":\"http:\\\/\\\/unaymilletras.com\\\/#organization\",\"name\":\"Una y Mil Letras\",\"url\":\"http:\\\/\\\/unaymilletras.com\\\/\",\"logo\":{\"@type\":\"ImageObject\",\"inLanguage\":\"en-GB\",\"@id\":\"http:\\\/\\\/unaymilletras.com\\\/#\\\/schema\\\/logo\\\/image\\\/\",\"url\":\"https:\\\/\\\/unaymilletras.com\\\/wp-content\\\/uploads\\\/2024\\\/06\\\/cropped-Logo-removebg-preview.png\",\"contentUrl\":\"https:\\\/\\\/unaymilletras.com\\\/wp-content\\\/uploads\\\/2024\\\/06\\\/cropped-Logo-removebg-preview.png\",\"width\":512,\"height\":512,\"caption\":\"Una y Mil Letras\"},\"image\":{\"@id\":\"http:\\\/\\\/unaymilletras.com\\\/#\\\/schema\\\/logo\\\/image\\\/\"},\"sameAs\":[\"https:\\\/\\\/x.com\\\/UnaYMilLetras\",\"https:\\\/\\\/instagram.com\\\/UnaYMilLetras\"]},{\"@type\":\"Person\",\"@id\":\"http:\\\/\\\/unaymilletras.com\\\/#\\\/schema\\\/person\\\/0860dc8a218329991ee2c7591f4f849d\",\"name\":\"Redacci\u00f3n\",\"image\":{\"@type\":\"ImageObject\",\"inLanguage\":\"en-GB\",\"@id\":\"https:\\\/\\\/secure.gravatar.com\\\/avatar\\\/d8f55e05a8b6597e45c55a1dcbdbfe44f4a360d88b48e00de5216a79b7732796?s=96&d=mm&r=g\",\"url\":\"https:\\\/\\\/secure.gravatar.com\\\/avatar\\\/d8f55e05a8b6597e45c55a1dcbdbfe44f4a360d88b48e00de5216a79b7732796?s=96&d=mm&r=g\",\"contentUrl\":\"https:\\\/\\\/secure.gravatar.com\\\/avatar\\\/d8f55e05a8b6597e45c55a1dcbdbfe44f4a360d88b48e00de5216a79b7732796?s=96&d=mm&r=g\",\"caption\":\"Redacci\u00f3n\"},\"url\":\"https:\\\/\\\/unaymilletras.com\\\/en\\\/author\\\/redaccion\\\/\"}]}<\/script>\n<!-- \/ Yoast SEO plugin. -->","yoast_head_json":{"title":"Funzo llega con su primera gira en solitario para presentar TDAH","description":"El artista alicantino Funzo recorrer\u00e1 salas de toda Espa\u00f1a con un directo que marca un antes y un despu\u00e9s en su carrera","robots":{"index":"index","follow":"follow","max-snippet":"max-snippet:-1","max-image-preview":"max-image-preview:large","max-video-preview":"max-video-preview:-1"},"canonical":"https:\/\/unaymilletras.com\/en\/funzo-llega-con-su-primera-gira-en-solitario-para-presentar-tdah\/","og_locale":"en_GB","og_type":"article","og_title":"Funzo llega con su primera gira en solitario para presentar TDAH","og_description":"El artista alicantino Funzo recorrer\u00e1 salas de toda Espa\u00f1a con un directo que marca un antes y un despu\u00e9s en su carrera","og_url":"https:\/\/unaymilletras.com\/en\/funzo-llega-con-su-primera-gira-en-solitario-para-presentar-tdah\/","og_site_name":"Una y Mil Letras","article_published_time":"2026-04-27T10:48:22+00:00","article_modified_time":"2026-04-27T10:51:04+00:00","og_image":[{"width":600,"height":750,"url":"http:\/\/unaymilletras.com\/wp-content\/uploads\/2026\/04\/82bce8de-78b7-4417-42b2-e2994f05-e1777286970854.jpg","type":"image\/jpeg"}],"author":"Redacci\u00f3n","twitter_card":"summary_large_image","twitter_creator":"@UnaYMilLetras","twitter_site":"@UnaYMilLetras","twitter_misc":{"Written by":"Redacci\u00f3n","Estimated reading time":"2 minutes"},"schema":{"@context":"https:\/\/schema.org","@graph":[{"@type":"Article","@id":"https:\/\/unaymilletras.com\/funzo-llega-con-su-primera-gira-en-solitario-para-presentar-tdah\/#article","isPartOf":{"@id":"https:\/\/unaymilletras.com\/funzo-llega-con-su-primera-gira-en-solitario-para-presentar-tdah\/"},"author":{"name":"Redacci\u00f3n","@id":"http:\/\/unaymilletras.com\/#\/schema\/person\/0860dc8a218329991ee2c7591f4f849d"},"headline":"Funzo llega con su primera gira en solitario para presentar TDAH","datePublished":"2026-04-27T10:48:22+00:00","dateModified":"2026-04-27T10:51:04+00:00","mainEntityOfPage":{"@id":"https:\/\/unaymilletras.com\/funzo-llega-con-su-primera-gira-en-solitario-para-presentar-tdah\/"},"wordCount":297,"publisher":{"@id":"http:\/\/unaymilletras.com\/#organization"},"image":{"@id":"https:\/\/unaymilletras.com\/funzo-llega-con-su-primera-gira-en-solitario-para-presentar-tdah\/#primaryimage"},"thumbnailUrl":"https:\/\/unaymilletras.com\/wp-content\/uploads\/2026\/04\/82bce8de-78b7-4417-42b2-e2994f05-e1777286970854.jpg","articleSection":["Eventos","M\u00fasica"],"inLanguage":"en-GB"},{"@type":"WebPage","@id":"https:\/\/unaymilletras.com\/funzo-llega-con-su-primera-gira-en-solitario-para-presentar-tdah\/","url":"https:\/\/unaymilletras.com\/funzo-llega-con-su-primera-gira-en-solitario-para-presentar-tdah\/","name":"Funzo llega con su primera gira en solitario para presentar TDAH","isPartOf":{"@id":"http:\/\/unaymilletras.com\/#website"},"primaryImageOfPage":{"@id":"https:\/\/unaymilletras.com\/funzo-llega-con-su-primera-gira-en-solitario-para-presentar-tdah\/#primaryimage"},"image":{"@id":"https:\/\/unaymilletras.com\/funzo-llega-con-su-primera-gira-en-solitario-para-presentar-tdah\/#primaryimage"},"thumbnailUrl":"https:\/\/unaymilletras.com\/wp-content\/uploads\/2026\/04\/82bce8de-78b7-4417-42b2-e2994f05-e1777286970854.jpg","datePublished":"2026-04-27T10:48:22+00:00","dateModified":"2026-04-27T10:51:04+00:00","description":"El artista alicantino Funzo recorrer\u00e1 salas de toda Espa\u00f1a con un directo que marca un antes y un despu\u00e9s en su carrera","breadcrumb":{"@id":"https:\/\/unaymilletras.com\/funzo-llega-con-su-primera-gira-en-solitario-para-presentar-tdah\/#breadcrumb"},"inLanguage":"en-GB","potentialAction":[{"@type":"ReadAction","target":["https:\/\/unaymilletras.com\/funzo-llega-con-su-primera-gira-en-solitario-para-presentar-tdah\/"]}]},{"@type":"ImageObject","inLanguage":"en-GB","@id":"https:\/\/unaymilletras.com\/funzo-llega-con-su-primera-gira-en-solitario-para-presentar-tdah\/#primaryimage","url":"https:\/\/unaymilletras.com\/wp-content\/uploads\/2026\/04\/82bce8de-78b7-4417-42b2-e2994f05-e1777286970854.jpg","contentUrl":"https:\/\/unaymilletras.com\/wp-content\/uploads\/2026\/04\/82bce8de-78b7-4417-42b2-e2994f05-e1777286970854.jpg","width":600,"height":750,"caption":"gira Funzo"},{"@type":"BreadcrumbList","@id":"https:\/\/unaymilletras.com\/funzo-llega-con-su-primera-gira-en-solitario-para-presentar-tdah\/#breadcrumb","itemListElement":[{"@type":"ListItem","position":1,"name":"Home","item":"http:\/\/unaymilletras.com\/"},{"@type":"ListItem","position":2,"name":"Funzo llega con su primera gira en solitario para presentar TDAH"}]},{"@type":"WebSite","@id":"http:\/\/unaymilletras.com\/#website","url":"http:\/\/unaymilletras.com\/","name":"Una y Mil Letras","description":"","publisher":{"@id":"http:\/\/unaymilletras.com\/#organization"},"potentialAction":[{"@type":"SearchAction","target":{"@type":"EntryPoint","urlTemplate":"http:\/\/unaymilletras.com\/?s={search_term_string}"},"query-input":{"@type":"PropertyValueSpecification","valueRequired":true,"valueName":"search_term_string"}}],"inLanguage":"en-GB"},{"@type":"Organization","@id":"http:\/\/unaymilletras.com\/#organization","name":"Una y Mil Letras","url":"http:\/\/unaymilletras.com\/","logo":{"@type":"ImageObject","inLanguage":"en-GB","@id":"http:\/\/unaymilletras.com\/#\/schema\/logo\/image\/","url":"https:\/\/unaymilletras.com\/wp-content\/uploads\/2024\/06\/cropped-Logo-removebg-preview.png","contentUrl":"https:\/\/unaymilletras.com\/wp-content\/uploads\/2024\/06\/cropped-Logo-removebg-preview.png","width":512,"height":512,"caption":"Una y Mil Letras"},"image":{"@id":"http:\/\/unaymilletras.com\/#\/schema\/logo\/image\/"},"sameAs":["https:\/\/x.com\/UnaYMilLetras","https:\/\/instagram.com\/UnaYMilLetras"]},{"@type":"Person","@id":"http:\/\/unaymilletras.com\/#\/schema\/person\/0860dc8a218329991ee2c7591f4f849d","name":"Redacci\u00f3n","image":{"@type":"ImageObject","inLanguage":"en-GB","@id":"https:\/\/secure.gravatar.com\/avatar\/d8f55e05a8b6597e45c55a1dcbdbfe44f4a360d88b48e00de5216a79b7732796?s=96&d=mm&r=g","url":"https:\/\/secure.gravatar.com\/avatar\/d8f55e05a8b6597e45c55a1dcbdbfe44f4a360d88b48e00de5216a79b7732796?s=96&d=mm&r=g","contentUrl":"https:\/\/secure.gravatar.com\/avatar\/d8f55e05a8b6597e45c55a1dcbdbfe44f4a360d88b48e00de5216a79b7732796?s=96&d=mm&r=g","caption":"Redacci\u00f3n"},"url":"https:\/\/unaymilletras.com\/en\/author\/redaccion\/"}]}},"_links":{"self":[{"href":"https:\/\/unaymilletras.com\/en\/wp-json\/wp\/v2\/posts\/8320","targetHints":{"allow":["GET"]}}],"collection":[{"href":"https:\/\/unaymilletras.com\/en\/wp-json\/wp\/v2\/posts"}],"about":[{"href":"https:\/\/unaymilletras.com\/en\/wp-json\/wp\/v2\/types\/post"}],"author":[{"embeddable":true,"href":"https:\/\/unaymilletras.com\/en\/wp-json\/wp\/v2\/users\/6"}],"replies":[{"embeddable":true,"href":"https:\/\/unaymilletras.com\/en\/wp-json\/wp\/v2\/comments?post=8320"}],"version-history":[{"count":7,"href":"https:\/\/unaymilletras.com\/en\/wp-json\/wp\/v2\/posts\/8320\/revisions"}],"predecessor-version":[{"id":8328,"href":"https:\/\/unaymilletras.com\/en\/wp-json\/wp\/v2\/posts\/8320\/revisions\/8328"}],"wp:featuredmedia":[{"embeddable":true,"href":"https:\/\/unaymilletras.com\/en\/wp-json\/wp\/v2\/media\/8322"}],"wp:attachment":[{"href":"https:\/\/unaymilletras.com\/en\/wp-json\/wp\/v2\/media?parent=8320"}],"wp:term":[{"taxonomy":"category","embeddable":true,"href":"https:\/\/unaymilletras.com\/en\/wp-json\/wp\/v2\/categories?post=8320"},{"taxonomy":"post_tag","embeddable":true,"href":"https:\/\/unaymilletras.com\/en\/wp-json\/wp\/v2\/tags?post=8320"}],"curies":[{"name":"wp","href":"https:\/\/api.w.org\/{rel}","templated":true}]}}