{"id":8329,"date":"2026-04-27T13:04:43","date_gmt":"2026-04-27T11:04:43","guid":{"rendered":"https:\/\/unaymilletras.com\/?p=8329"},"modified":"2026-04-27T13:08:47","modified_gmt":"2026-04-27T11:08:47","slug":"quevedo-presenta-el-track-by-track-de-el-baifo-con-a-amazon-music","status":"publish","type":"post","link":"https:\/\/unaymilletras.com\/en\/quevedo-presenta-el-track-by-track-de-el-baifo-con-a-amazon-music\/","title":{"rendered":"Quevedo presenta el Track by Track de \u201cEl Baifo\u00bb con a Amazon Music"},"content":{"rendered":"<div data-elementor-type=\"wp-post\" data-elementor-id=\"8329\" class=\"elementor elementor-8329\">\n\t\t\t\t\t\t<section class=\"elementor-section elementor-top-section elementor-element elementor-element-6836a55 elementor-section-boxed elementor-section-height-default elementor-section-height-default\" data-id=\"6836a55\" data-element_type=\"section\" data-e-type=\"section\">\n\t\t\t\t\t\t<div class=\"elementor-container elementor-column-gap-default\">\n\t\t\t\t\t<div class=\"elementor-column elementor-col-100 elementor-top-column elementor-element elementor-element-92ac1d5\" data-id=\"92ac1d5\" data-element_type=\"column\" data-e-type=\"column\">\n\t\t\t<div class=\"elementor-widget-wrap elementor-element-populated\">\n\t\t\t\t\t\t<div class=\"elementor-element elementor-element-3f244f6 elementor-widget elementor-widget-text-editor\" data-id=\"3f244f6\" data-element_type=\"widget\" data-e-type=\"widget\" data-widget_type=\"text-editor.default\">\n\t\t\t\t<div class=\"elementor-widget-container\">\n\t\t\t\t\t\t\t\t\t<h2 style=\"text-align: center;\"><span style=\"color: #808080;\"><em>Quevedo ofrece una mirada \u00edntima al proceso creativo de su nuevo \u00e1lbum, desgranando historia, referencias y significado de cada canci\u00f3n<\/em><\/span><\/h2>\t\t\t\t\t\t\t\t<\/div>\n\t\t\t\t<\/div>\n\t\t\t\t\t<\/div>\n\t\t<\/div>\n\t\t\t\t\t<\/div>\n\t\t<\/section>\n\t\t\t\t<section class=\"elementor-section elementor-top-section elementor-element elementor-element-62c5590 elementor-section-boxed elementor-section-height-default elementor-section-height-default\" data-id=\"62c5590\" data-element_type=\"section\" data-e-type=\"section\">\n\t\t\t\t\t\t<div class=\"elementor-container elementor-column-gap-default\">\n\t\t\t\t\t<div class=\"elementor-column elementor-col-100 elementor-top-column elementor-element elementor-element-ce8cef2\" data-id=\"ce8cef2\" data-element_type=\"column\" data-e-type=\"column\">\n\t\t\t<div class=\"elementor-widget-wrap elementor-element-populated\">\n\t\t\t\t\t\t<div class=\"elementor-element elementor-element-9d616c7 elementor-widget elementor-widget-text-editor\" data-id=\"9d616c7\" data-element_type=\"widget\" data-e-type=\"widget\" data-widget_type=\"text-editor.default\">\n\t\t\t\t<div class=\"elementor-widget-container\">\n\t\t\t\t\t\t\t\t\t<p data-start=\"237\" data-end=\"600\"><span class=\"hover:entity-accent entity-underline inline cursor-pointer align-baseline\"><span class=\"whitespace-normal\"><b>Quevedo<\/b><\/span><\/span> da un paso m\u00e1s en la forma de conectar con su p\u00fablico con el lanzamiento del <em data-start=\"352\" data-end=\"368\"><b>track by track<\/b><\/em> exclusivo de <i><b>EL BAIFO<\/b><\/i>, disponible en <span style=\"color: #808080;\"><a style=\"color: #808080;\" href=\"https:\/\/music.amazon.es\/playlists\/B0GXBB2ZT6\"><span class=\"hover:entity-accent entity-underline inline cursor-pointer align-baseline\"><span class=\"whitespace-normal\"><b>Amazon Music<\/b><\/span><\/span><\/a><\/span>. A trav\u00e9s de este formato, el artista comparte an\u00e9cdotas, recuerdos y reflexiones personales que permiten entender en profundidad el universo del disco.<\/p><p data-start=\"602\" data-end=\"939\">Este contenido acompa\u00f1a el estreno de su tercer \u00e1lbum de estudio, un proyecto que marca un giro hacia una propuesta m\u00e1s natural, cercana y aut\u00e9ntica. A lo largo de las 14 canciones que componen <i>EL BAIFO<\/i>, Quevedo deja atr\u00e1s narrativas m\u00e1s construidas para mostrarse desde un lugar m\u00e1s honesto, conectado con su identidad y sus ra\u00edces.<\/p>\t\t\t\t\t\t\t\t<\/div>\n\t\t\t\t<\/div>\n\t\t\t\t\t<\/div>\n\t\t<\/div>\n\t\t\t\t\t<\/div>\n\t\t<\/section>\n\t\t\t\t<section class=\"elementor-section elementor-top-section elementor-element elementor-element-dc4aa23 elementor-section-boxed elementor-section-height-default elementor-section-height-default\" data-id=\"dc4aa23\" data-element_type=\"section\" data-e-type=\"section\">\n\t\t\t\t\t\t<div class=\"elementor-container elementor-column-gap-default\">\n\t\t\t\t\t<div class=\"elementor-column elementor-col-100 elementor-top-column elementor-element elementor-element-0733b72\" data-id=\"0733b72\" data-element_type=\"column\" data-e-type=\"column\">\n\t\t\t<div class=\"elementor-widget-wrap elementor-element-populated\">\n\t\t\t\t\t\t<div class=\"elementor-element elementor-element-6536514 elementor-widget elementor-widget-image\" data-id=\"6536514\" data-element_type=\"widget\" data-e-type=\"widget\" data-widget_type=\"image.default\">\n\t\t\t\t<div class=\"elementor-widget-container\">\n\t\t\t\t\t\t\t\t\t\t\t\t\t\t\t<img fetchpriority=\"high\" decoding=\"async\" width=\"640\" height=\"640\" src=\"https:\/\/unaymilletras.com\/wp-content\/uploads\/2026\/04\/ES_TrackbyTrack_Quevedo_AmazonMusic-1024x1024.jpg\" class=\"attachment-large size-large wp-image-8331\" alt=\"Quevedo track by track\" srcset=\"https:\/\/unaymilletras.com\/wp-content\/uploads\/2026\/04\/ES_TrackbyTrack_Quevedo_AmazonMusic-1024x1024.jpg 1024w, https:\/\/unaymilletras.com\/wp-content\/uploads\/2026\/04\/ES_TrackbyTrack_Quevedo_AmazonMusic-300x300.jpg 300w, https:\/\/unaymilletras.com\/wp-content\/uploads\/2026\/04\/ES_TrackbyTrack_Quevedo_AmazonMusic-150x150.jpg 150w, https:\/\/unaymilletras.com\/wp-content\/uploads\/2026\/04\/ES_TrackbyTrack_Quevedo_AmazonMusic-768x768.jpg 768w, https:\/\/unaymilletras.com\/wp-content\/uploads\/2026\/04\/ES_TrackbyTrack_Quevedo_AmazonMusic-1536x1536.jpg 1536w, https:\/\/unaymilletras.com\/wp-content\/uploads\/2026\/04\/ES_TrackbyTrack_Quevedo_AmazonMusic-2048x2048.jpg 2048w, https:\/\/unaymilletras.com\/wp-content\/uploads\/2026\/04\/ES_TrackbyTrack_Quevedo_AmazonMusic-12x12.jpg 12w, https:\/\/unaymilletras.com\/wp-content\/uploads\/2026\/04\/ES_TrackbyTrack_Quevedo_AmazonMusic-e1777287946782.jpg 600w\" sizes=\"(max-width: 640px) 100vw, 640px\" \/>\t\t\t\t\t\t\t\t\t\t\t\t\t\t\t<\/div>\n\t\t\t\t<\/div>\n\t\t\t\t\t<\/div>\n\t\t<\/div>\n\t\t\t\t\t<\/div>\n\t\t<\/section>\n\t\t\t\t<section class=\"elementor-section elementor-top-section elementor-element elementor-element-6e31799 elementor-section-boxed elementor-section-height-default elementor-section-height-default\" data-id=\"6e31799\" data-element_type=\"section\" data-e-type=\"section\">\n\t\t\t\t\t\t<div class=\"elementor-container elementor-column-gap-default\">\n\t\t\t\t\t<div class=\"elementor-column elementor-col-100 elementor-top-column elementor-element elementor-element-9b2abc5\" data-id=\"9b2abc5\" data-element_type=\"column\" data-e-type=\"column\">\n\t\t\t<div class=\"elementor-widget-wrap elementor-element-populated\">\n\t\t\t\t\t\t<div class=\"elementor-element elementor-element-c3a757b elementor-widget elementor-widget-text-editor\" data-id=\"c3a757b\" data-element_type=\"widget\" data-e-type=\"widget\" data-widget_type=\"text-editor.default\">\n\t\t\t\t<div class=\"elementor-widget-container\">\n\t\t\t\t\t\t\t\t\t<p data-start=\"941\" data-end=\"1305\">El t\u00edtulo del \u00e1lbum, que hace referencia a la cr\u00eda de la cabra en Canarias, funciona como s\u00edmbolo del arraigo del artista con su tierra. En este trabajo, el imaginario canario cobra un papel central, con una narrativa inspirada en las verbenas y en la cultura popular del archipi\u00e9lago, donde la celebraci\u00f3n colectiva y lo cotidiano se convierten en eje creativo.<\/p><p data-start=\"1307\" data-end=\"1646\">Musicalmente, el disco combina reggaet\u00f3n con una est\u00e9tica que reivindica lo local desde una perspectiva contempor\u00e1nea, transitando entre la nostalgia, el orgullo cultural y la identidad. Los adelantos <em>Ni borracho<\/em> y <em>Scandic<\/em> ya anticipaban esta direcci\u00f3n, consolidando <span style=\"color: #808080;\"><a style=\"color: #808080;\" href=\"https:\/\/unaymilletras.com\/en\/el-baifo-nuevo-album-de-quevedo-esta-semana\/\"><em>EL BAIFO<\/em><\/a><\/span>\u00a0como uno de los proyectos m\u00e1s ambiciosos de su carrera.<\/p>\t\t\t\t\t\t\t\t<\/div>\n\t\t\t\t<\/div>\n\t\t\t\t\t<\/div>\n\t\t<\/div>\n\t\t\t\t\t<\/div>\n\t\t<\/section>\n\t\t\t\t<section class=\"elementor-section elementor-top-section elementor-element elementor-element-5a3bf9c elementor-section-boxed elementor-section-height-default elementor-section-height-default\" data-id=\"5a3bf9c\" data-element_type=\"section\" data-e-type=\"section\">\n\t\t\t\t\t\t<div class=\"elementor-container elementor-column-gap-default\">\n\t\t\t\t\t<div class=\"elementor-column elementor-col-100 elementor-top-column elementor-element elementor-element-9e445fa\" data-id=\"9e445fa\" data-element_type=\"column\" data-e-type=\"column\">\n\t\t\t<div class=\"elementor-widget-wrap elementor-element-populated\">\n\t\t\t\t\t\t<div class=\"elementor-element elementor-element-db4e595 elementor-widget elementor-widget-video\" data-id=\"db4e595\" data-element_type=\"widget\" data-e-type=\"widget\" data-settings=\"{&quot;youtube_url&quot;:&quot;https:\\\/\\\/www.youtube.com\\\/watch?v=LZPLBSRnxSY&quot;,&quot;video_type&quot;:&quot;youtube&quot;,&quot;controls&quot;:&quot;yes&quot;}\" data-widget_type=\"video.default\">\n\t\t\t\t<div class=\"elementor-widget-container\">\n\t\t\t\t\t\t\t<div class=\"elementor-wrapper elementor-open-inline\">\n\t\t\t<div class=\"elementor-video\"><\/div>\t\t<\/div>\n\t\t\t\t\t\t<\/div>\n\t\t\t\t<\/div>\n\t\t\t\t\t<\/div>\n\t\t<\/div>\n\t\t\t\t\t<\/div>\n\t\t<\/section>\n\t\t\t\t<section class=\"elementor-section elementor-top-section elementor-element elementor-element-9b483cc elementor-section-boxed elementor-section-height-default elementor-section-height-default\" data-id=\"9b483cc\" data-element_type=\"section\" data-e-type=\"section\">\n\t\t\t\t\t\t<div class=\"elementor-container elementor-column-gap-default\">\n\t\t\t\t\t<div class=\"elementor-column elementor-col-100 elementor-top-column elementor-element elementor-element-ab62505\" data-id=\"ab62505\" data-element_type=\"column\" data-e-type=\"column\">\n\t\t\t<div class=\"elementor-widget-wrap elementor-element-populated\">\n\t\t\t\t\t\t<div class=\"elementor-element elementor-element-96f18b8 elementor-widget elementor-widget-text-editor\" data-id=\"96f18b8\" data-element_type=\"widget\" data-e-type=\"widget\" data-widget_type=\"text-editor.default\">\n\t\t\t\t<div class=\"elementor-widget-container\">\n\t\t\t\t\t\t\t\t\t<p data-start=\"1648\" data-end=\"1964\">El \u00e1lbum tambi\u00e9n cuenta con colaboraciones que ampl\u00edan su alcance y refuerzan ese di\u00e1logo entre tradici\u00f3n y modernidad, con nombres como <span class=\"hover:entity-accent entity-underline inline cursor-pointer align-baseline\"><span class=\"whitespace-normal\">Elvis Crespo<\/span><\/span>, <span class=\"hover:entity-accent entity-underline inline cursor-pointer align-baseline\"><span class=\"whitespace-normal\">Lucho RK<\/span><\/span>, <span class=\"hover:entity-accent entity-underline inline cursor-pointer align-baseline\"><span class=\"whitespace-normal\">La Pantera<\/span><\/span>, adem\u00e1s de Juseph, Los Gofiones, Nueva L\u00ednea y Tonny Tun Tun.<\/p><p data-start=\"1966\" data-end=\"2193\" data-is-last-node=\"\" data-is-only-node=\"\">Con este lanzamiento, <span class=\"hover:entity-accent entity-underline inline cursor-pointer align-baseline\"><span class=\"whitespace-normal\">Quevedo<\/span><\/span> no solo presenta un nuevo \u00e1lbum, sino tambi\u00e9n una forma diferente de escucharlo: m\u00e1s cercana, m\u00e1s explicada y m\u00e1s conectada con todo lo que hay detr\u00e1s de cada canci\u00f3n.<\/p>\t\t\t\t\t\t\t\t<\/div>\n\t\t\t\t<\/div>\n\t\t\t\t\t<\/div>\n\t\t<\/div>\n\t\t\t\t\t<\/div>\n\t\t<\/section>\n\t\t\t\t<\/div>","protected":false},"excerpt":{"rendered":"<p>Quevedo ofrece una mirada \u00edntima al proceso creativo de su nuevo \u00e1lbum, desgranando historia, referencias y significado de cada canci\u00f3n Quevedo da un paso m\u00e1s en la forma de conectar con su p\u00fablico con el lanzamiento del track by track exclusivo de EL BAIFO, disponible en Amazon Music. A trav\u00e9s de este formato, el artista [&hellip;]<\/p>\n","protected":false},"author":6,"featured_media":8331,"comment_status":"closed","ping_status":"closed","sticky":false,"template":"","format":"standard","meta":{"footnotes":""},"categories":[4],"tags":[],"class_list":["post-8329","post","type-post","status-publish","format-standard","has-post-thumbnail","hentry","category-musica"],"yoast_head":"<!-- This site is optimized with the Yoast SEO plugin v27.4 - https:\/\/yoast.com\/product\/yoast-seo-wordpress\/ -->\n<title>Quevedo presenta el Track by Track de \u201cEl Baifo&quot; con a Amazon Music<\/title>\n<meta name=\"description\" content=\"Quevedo ofrece una mirada \u00edntima al proceso creativo de su nuevo \u00e1lbum, desgranando historia, referencias y significado de cada canci\u00f3n\" \/>\n<meta name=\"robots\" content=\"index, follow, max-snippet:-1, max-image-preview:large, max-video-preview:-1\" \/>\n<link rel=\"canonical\" href=\"https:\/\/unaymilletras.com\/en\/quevedo-presenta-el-track-by-track-de-el-baifo-con-a-amazon-music\/\" \/>\n<meta property=\"og:locale\" content=\"en_GB\" \/>\n<meta property=\"og:type\" content=\"article\" \/>\n<meta property=\"og:title\" content=\"Quevedo presenta el Track by Track de \u201cEl Baifo&quot; con a Amazon Music\" \/>\n<meta property=\"og:description\" content=\"Quevedo ofrece una mirada \u00edntima al proceso creativo de su nuevo \u00e1lbum, desgranando historia, referencias y significado de cada canci\u00f3n\" \/>\n<meta property=\"og:url\" content=\"https:\/\/unaymilletras.com\/en\/quevedo-presenta-el-track-by-track-de-el-baifo-con-a-amazon-music\/\" \/>\n<meta property=\"og:site_name\" content=\"Una y Mil Letras\" \/>\n<meta property=\"article:published_time\" content=\"2026-04-27T11:04:43+00:00\" \/>\n<meta property=\"article:modified_time\" content=\"2026-04-27T11:08:47+00:00\" \/>\n<meta property=\"og:image\" content=\"http:\/\/unaymilletras.com\/wp-content\/uploads\/2026\/04\/ES_TrackbyTrack_Quevedo_AmazonMusic-e1777287946782.jpg\" \/>\n\t<meta property=\"og:image:width\" content=\"600\" \/>\n\t<meta property=\"og:image:height\" content=\"600\" \/>\n\t<meta property=\"og:image:type\" content=\"image\/jpeg\" \/>\n<meta name=\"author\" content=\"Redacci\u00f3n\" \/>\n<meta name=\"twitter:card\" content=\"summary_large_image\" \/>\n<meta name=\"twitter:creator\" content=\"@UnaYMilLetras\" \/>\n<meta name=\"twitter:site\" content=\"@UnaYMilLetras\" \/>\n<meta name=\"twitter:label1\" content=\"Written by\" \/>\n\t<meta name=\"twitter:data1\" content=\"Redacci\u00f3n\" \/>\n\t<meta name=\"twitter:label2\" content=\"Estimated reading time\" \/>\n\t<meta name=\"twitter:data2\" content=\"2 minutes\" \/>\n<script type=\"application\/ld+json\" class=\"yoast-schema-graph\">{\"@context\":\"https:\\\/\\\/schema.org\",\"@graph\":[{\"@type\":\"Article\",\"@id\":\"https:\\\/\\\/unaymilletras.com\\\/quevedo-presenta-el-track-by-track-de-el-baifo-con-a-amazon-music\\\/#article\",\"isPartOf\":{\"@id\":\"https:\\\/\\\/unaymilletras.com\\\/quevedo-presenta-el-track-by-track-de-el-baifo-con-a-amazon-music\\\/\"},\"author\":{\"name\":\"Redacci\u00f3n\",\"@id\":\"http:\\\/\\\/unaymilletras.com\\\/#\\\/schema\\\/person\\\/0860dc8a218329991ee2c7591f4f849d\"},\"headline\":\"Quevedo presenta el Track by Track de \u201cEl Baifo\u00bb con a Amazon Music\",\"datePublished\":\"2026-04-27T11:04:43+00:00\",\"dateModified\":\"2026-04-27T11:08:47+00:00\",\"mainEntityOfPage\":{\"@id\":\"https:\\\/\\\/unaymilletras.com\\\/quevedo-presenta-el-track-by-track-de-el-baifo-con-a-amazon-music\\\/\"},\"wordCount\":359,\"publisher\":{\"@id\":\"http:\\\/\\\/unaymilletras.com\\\/#organization\"},\"image\":{\"@id\":\"https:\\\/\\\/unaymilletras.com\\\/quevedo-presenta-el-track-by-track-de-el-baifo-con-a-amazon-music\\\/#primaryimage\"},\"thumbnailUrl\":\"https:\\\/\\\/unaymilletras.com\\\/wp-content\\\/uploads\\\/2026\\\/04\\\/ES_TrackbyTrack_Quevedo_AmazonMusic-e1777287946782.jpg\",\"articleSection\":[\"M\u00fasica\"],\"inLanguage\":\"en-GB\"},{\"@type\":\"WebPage\",\"@id\":\"https:\\\/\\\/unaymilletras.com\\\/quevedo-presenta-el-track-by-track-de-el-baifo-con-a-amazon-music\\\/\",\"url\":\"https:\\\/\\\/unaymilletras.com\\\/quevedo-presenta-el-track-by-track-de-el-baifo-con-a-amazon-music\\\/\",\"name\":\"Quevedo presenta el Track by Track de \u201cEl Baifo\\\" con a Amazon Music\",\"isPartOf\":{\"@id\":\"http:\\\/\\\/unaymilletras.com\\\/#website\"},\"primaryImageOfPage\":{\"@id\":\"https:\\\/\\\/unaymilletras.com\\\/quevedo-presenta-el-track-by-track-de-el-baifo-con-a-amazon-music\\\/#primaryimage\"},\"image\":{\"@id\":\"https:\\\/\\\/unaymilletras.com\\\/quevedo-presenta-el-track-by-track-de-el-baifo-con-a-amazon-music\\\/#primaryimage\"},\"thumbnailUrl\":\"https:\\\/\\\/unaymilletras.com\\\/wp-content\\\/uploads\\\/2026\\\/04\\\/ES_TrackbyTrack_Quevedo_AmazonMusic-e1777287946782.jpg\",\"datePublished\":\"2026-04-27T11:04:43+00:00\",\"dateModified\":\"2026-04-27T11:08:47+00:00\",\"description\":\"Quevedo ofrece una mirada \u00edntima al proceso creativo de su nuevo \u00e1lbum, desgranando historia, referencias y significado de cada canci\u00f3n\",\"breadcrumb\":{\"@id\":\"https:\\\/\\\/unaymilletras.com\\\/quevedo-presenta-el-track-by-track-de-el-baifo-con-a-amazon-music\\\/#breadcrumb\"},\"inLanguage\":\"en-GB\",\"potentialAction\":[{\"@type\":\"ReadAction\",\"target\":[\"https:\\\/\\\/unaymilletras.com\\\/quevedo-presenta-el-track-by-track-de-el-baifo-con-a-amazon-music\\\/\"]}]},{\"@type\":\"ImageObject\",\"inLanguage\":\"en-GB\",\"@id\":\"https:\\\/\\\/unaymilletras.com\\\/quevedo-presenta-el-track-by-track-de-el-baifo-con-a-amazon-music\\\/#primaryimage\",\"url\":\"https:\\\/\\\/unaymilletras.com\\\/wp-content\\\/uploads\\\/2026\\\/04\\\/ES_TrackbyTrack_Quevedo_AmazonMusic-e1777287946782.jpg\",\"contentUrl\":\"https:\\\/\\\/unaymilletras.com\\\/wp-content\\\/uploads\\\/2026\\\/04\\\/ES_TrackbyTrack_Quevedo_AmazonMusic-e1777287946782.jpg\",\"width\":600,\"height\":600,\"caption\":\"Quevedo track by track\"},{\"@type\":\"BreadcrumbList\",\"@id\":\"https:\\\/\\\/unaymilletras.com\\\/quevedo-presenta-el-track-by-track-de-el-baifo-con-a-amazon-music\\\/#breadcrumb\",\"itemListElement\":[{\"@type\":\"ListItem\",\"position\":1,\"name\":\"Home\",\"item\":\"http:\\\/\\\/unaymilletras.com\\\/\"},{\"@type\":\"ListItem\",\"position\":2,\"name\":\"Quevedo presenta el Track by Track de \u201cEl Baifo\u00bb con a Amazon Music\"}]},{\"@type\":\"WebSite\",\"@id\":\"http:\\\/\\\/unaymilletras.com\\\/#website\",\"url\":\"http:\\\/\\\/unaymilletras.com\\\/\",\"name\":\"Una y Mil Letras\",\"description\":\"\",\"publisher\":{\"@id\":\"http:\\\/\\\/unaymilletras.com\\\/#organization\"},\"potentialAction\":[{\"@type\":\"SearchAction\",\"target\":{\"@type\":\"EntryPoint\",\"urlTemplate\":\"http:\\\/\\\/unaymilletras.com\\\/?s={search_term_string}\"},\"query-input\":{\"@type\":\"PropertyValueSpecification\",\"valueRequired\":true,\"valueName\":\"search_term_string\"}}],\"inLanguage\":\"en-GB\"},{\"@type\":\"Organization\",\"@id\":\"http:\\\/\\\/unaymilletras.com\\\/#organization\",\"name\":\"Una y Mil Letras\",\"url\":\"http:\\\/\\\/unaymilletras.com\\\/\",\"logo\":{\"@type\":\"ImageObject\",\"inLanguage\":\"en-GB\",\"@id\":\"http:\\\/\\\/unaymilletras.com\\\/#\\\/schema\\\/logo\\\/image\\\/\",\"url\":\"https:\\\/\\\/unaymilletras.com\\\/wp-content\\\/uploads\\\/2024\\\/06\\\/cropped-Logo-removebg-preview.png\",\"contentUrl\":\"https:\\\/\\\/unaymilletras.com\\\/wp-content\\\/uploads\\\/2024\\\/06\\\/cropped-Logo-removebg-preview.png\",\"width\":512,\"height\":512,\"caption\":\"Una y Mil Letras\"},\"image\":{\"@id\":\"http:\\\/\\\/unaymilletras.com\\\/#\\\/schema\\\/logo\\\/image\\\/\"},\"sameAs\":[\"https:\\\/\\\/x.com\\\/UnaYMilLetras\",\"https:\\\/\\\/instagram.com\\\/UnaYMilLetras\"]},{\"@type\":\"Person\",\"@id\":\"http:\\\/\\\/unaymilletras.com\\\/#\\\/schema\\\/person\\\/0860dc8a218329991ee2c7591f4f849d\",\"name\":\"Redacci\u00f3n\",\"image\":{\"@type\":\"ImageObject\",\"inLanguage\":\"en-GB\",\"@id\":\"https:\\\/\\\/secure.gravatar.com\\\/avatar\\\/d8f55e05a8b6597e45c55a1dcbdbfe44f4a360d88b48e00de5216a79b7732796?s=96&d=mm&r=g\",\"url\":\"https:\\\/\\\/secure.gravatar.com\\\/avatar\\\/d8f55e05a8b6597e45c55a1dcbdbfe44f4a360d88b48e00de5216a79b7732796?s=96&d=mm&r=g\",\"contentUrl\":\"https:\\\/\\\/secure.gravatar.com\\\/avatar\\\/d8f55e05a8b6597e45c55a1dcbdbfe44f4a360d88b48e00de5216a79b7732796?s=96&d=mm&r=g\",\"caption\":\"Redacci\u00f3n\"},\"url\":\"https:\\\/\\\/unaymilletras.com\\\/en\\\/author\\\/redaccion\\\/\"}]}<\/script>\n<!-- \/ Yoast SEO plugin. -->","yoast_head_json":{"title":"Quevedo presenta el Track by Track de \u201cEl Baifo\" con a Amazon Music","description":"Quevedo ofrece una mirada \u00edntima al proceso creativo de su nuevo \u00e1lbum, desgranando historia, referencias y significado de cada canci\u00f3n","robots":{"index":"index","follow":"follow","max-snippet":"max-snippet:-1","max-image-preview":"max-image-preview:large","max-video-preview":"max-video-preview:-1"},"canonical":"https:\/\/unaymilletras.com\/en\/quevedo-presenta-el-track-by-track-de-el-baifo-con-a-amazon-music\/","og_locale":"en_GB","og_type":"article","og_title":"Quevedo presenta el Track by Track de \u201cEl Baifo\" con a Amazon Music","og_description":"Quevedo ofrece una mirada \u00edntima al proceso creativo de su nuevo \u00e1lbum, desgranando historia, referencias y significado de cada canci\u00f3n","og_url":"https:\/\/unaymilletras.com\/en\/quevedo-presenta-el-track-by-track-de-el-baifo-con-a-amazon-music\/","og_site_name":"Una y Mil Letras","article_published_time":"2026-04-27T11:04:43+00:00","article_modified_time":"2026-04-27T11:08:47+00:00","og_image":[{"width":600,"height":600,"url":"http:\/\/unaymilletras.com\/wp-content\/uploads\/2026\/04\/ES_TrackbyTrack_Quevedo_AmazonMusic-e1777287946782.jpg","type":"image\/jpeg"}],"author":"Redacci\u00f3n","twitter_card":"summary_large_image","twitter_creator":"@UnaYMilLetras","twitter_site":"@UnaYMilLetras","twitter_misc":{"Written by":"Redacci\u00f3n","Estimated reading time":"2 minutes"},"schema":{"@context":"https:\/\/schema.org","@graph":[{"@type":"Article","@id":"https:\/\/unaymilletras.com\/quevedo-presenta-el-track-by-track-de-el-baifo-con-a-amazon-music\/#article","isPartOf":{"@id":"https:\/\/unaymilletras.com\/quevedo-presenta-el-track-by-track-de-el-baifo-con-a-amazon-music\/"},"author":{"name":"Redacci\u00f3n","@id":"http:\/\/unaymilletras.com\/#\/schema\/person\/0860dc8a218329991ee2c7591f4f849d"},"headline":"Quevedo presenta el Track by Track de \u201cEl Baifo\u00bb con a Amazon Music","datePublished":"2026-04-27T11:04:43+00:00","dateModified":"2026-04-27T11:08:47+00:00","mainEntityOfPage":{"@id":"https:\/\/unaymilletras.com\/quevedo-presenta-el-track-by-track-de-el-baifo-con-a-amazon-music\/"},"wordCount":359,"publisher":{"@id":"http:\/\/unaymilletras.com\/#organization"},"image":{"@id":"https:\/\/unaymilletras.com\/quevedo-presenta-el-track-by-track-de-el-baifo-con-a-amazon-music\/#primaryimage"},"thumbnailUrl":"https:\/\/unaymilletras.com\/wp-content\/uploads\/2026\/04\/ES_TrackbyTrack_Quevedo_AmazonMusic-e1777287946782.jpg","articleSection":["M\u00fasica"],"inLanguage":"en-GB"},{"@type":"WebPage","@id":"https:\/\/unaymilletras.com\/quevedo-presenta-el-track-by-track-de-el-baifo-con-a-amazon-music\/","url":"https:\/\/unaymilletras.com\/quevedo-presenta-el-track-by-track-de-el-baifo-con-a-amazon-music\/","name":"Quevedo presenta el Track by Track de \u201cEl Baifo\" con a Amazon Music","isPartOf":{"@id":"http:\/\/unaymilletras.com\/#website"},"primaryImageOfPage":{"@id":"https:\/\/unaymilletras.com\/quevedo-presenta-el-track-by-track-de-el-baifo-con-a-amazon-music\/#primaryimage"},"image":{"@id":"https:\/\/unaymilletras.com\/quevedo-presenta-el-track-by-track-de-el-baifo-con-a-amazon-music\/#primaryimage"},"thumbnailUrl":"https:\/\/unaymilletras.com\/wp-content\/uploads\/2026\/04\/ES_TrackbyTrack_Quevedo_AmazonMusic-e1777287946782.jpg","datePublished":"2026-04-27T11:04:43+00:00","dateModified":"2026-04-27T11:08:47+00:00","description":"Quevedo ofrece una mirada \u00edntima al proceso creativo de su nuevo \u00e1lbum, desgranando historia, referencias y significado de cada canci\u00f3n","breadcrumb":{"@id":"https:\/\/unaymilletras.com\/quevedo-presenta-el-track-by-track-de-el-baifo-con-a-amazon-music\/#breadcrumb"},"inLanguage":"en-GB","potentialAction":[{"@type":"ReadAction","target":["https:\/\/unaymilletras.com\/quevedo-presenta-el-track-by-track-de-el-baifo-con-a-amazon-music\/"]}]},{"@type":"ImageObject","inLanguage":"en-GB","@id":"https:\/\/unaymilletras.com\/quevedo-presenta-el-track-by-track-de-el-baifo-con-a-amazon-music\/#primaryimage","url":"https:\/\/unaymilletras.com\/wp-content\/uploads\/2026\/04\/ES_TrackbyTrack_Quevedo_AmazonMusic-e1777287946782.jpg","contentUrl":"https:\/\/unaymilletras.com\/wp-content\/uploads\/2026\/04\/ES_TrackbyTrack_Quevedo_AmazonMusic-e1777287946782.jpg","width":600,"height":600,"caption":"Quevedo track by track"},{"@type":"BreadcrumbList","@id":"https:\/\/unaymilletras.com\/quevedo-presenta-el-track-by-track-de-el-baifo-con-a-amazon-music\/#breadcrumb","itemListElement":[{"@type":"ListItem","position":1,"name":"Home","item":"http:\/\/unaymilletras.com\/"},{"@type":"ListItem","position":2,"name":"Quevedo presenta el Track by Track de \u201cEl Baifo\u00bb con a Amazon Music"}]},{"@type":"WebSite","@id":"http:\/\/unaymilletras.com\/#website","url":"http:\/\/unaymilletras.com\/","name":"Una y Mil Letras","description":"","publisher":{"@id":"http:\/\/unaymilletras.com\/#organization"},"potentialAction":[{"@type":"SearchAction","target":{"@type":"EntryPoint","urlTemplate":"http:\/\/unaymilletras.com\/?s={search_term_string}"},"query-input":{"@type":"PropertyValueSpecification","valueRequired":true,"valueName":"search_term_string"}}],"inLanguage":"en-GB"},{"@type":"Organization","@id":"http:\/\/unaymilletras.com\/#organization","name":"Una y Mil Letras","url":"http:\/\/unaymilletras.com\/","logo":{"@type":"ImageObject","inLanguage":"en-GB","@id":"http:\/\/unaymilletras.com\/#\/schema\/logo\/image\/","url":"https:\/\/unaymilletras.com\/wp-content\/uploads\/2024\/06\/cropped-Logo-removebg-preview.png","contentUrl":"https:\/\/unaymilletras.com\/wp-content\/uploads\/2024\/06\/cropped-Logo-removebg-preview.png","width":512,"height":512,"caption":"Una y Mil Letras"},"image":{"@id":"http:\/\/unaymilletras.com\/#\/schema\/logo\/image\/"},"sameAs":["https:\/\/x.com\/UnaYMilLetras","https:\/\/instagram.com\/UnaYMilLetras"]},{"@type":"Person","@id":"http:\/\/unaymilletras.com\/#\/schema\/person\/0860dc8a218329991ee2c7591f4f849d","name":"Redacci\u00f3n","image":{"@type":"ImageObject","inLanguage":"en-GB","@id":"https:\/\/secure.gravatar.com\/avatar\/d8f55e05a8b6597e45c55a1dcbdbfe44f4a360d88b48e00de5216a79b7732796?s=96&d=mm&r=g","url":"https:\/\/secure.gravatar.com\/avatar\/d8f55e05a8b6597e45c55a1dcbdbfe44f4a360d88b48e00de5216a79b7732796?s=96&d=mm&r=g","contentUrl":"https:\/\/secure.gravatar.com\/avatar\/d8f55e05a8b6597e45c55a1dcbdbfe44f4a360d88b48e00de5216a79b7732796?s=96&d=mm&r=g","caption":"Redacci\u00f3n"},"url":"https:\/\/unaymilletras.com\/en\/author\/redaccion\/"}]}},"_links":{"self":[{"href":"https:\/\/unaymilletras.com\/en\/wp-json\/wp\/v2\/posts\/8329","targetHints":{"allow":["GET"]}}],"collection":[{"href":"https:\/\/unaymilletras.com\/en\/wp-json\/wp\/v2\/posts"}],"about":[{"href":"https:\/\/unaymilletras.com\/en\/wp-json\/wp\/v2\/types\/post"}],"author":[{"embeddable":true,"href":"https:\/\/unaymilletras.com\/en\/wp-json\/wp\/v2\/users\/6"}],"replies":[{"embeddable":true,"href":"https:\/\/unaymilletras.com\/en\/wp-json\/wp\/v2\/comments?post=8329"}],"version-history":[{"count":7,"href":"https:\/\/unaymilletras.com\/en\/wp-json\/wp\/v2\/posts\/8329\/revisions"}],"predecessor-version":[{"id":8337,"href":"https:\/\/unaymilletras.com\/en\/wp-json\/wp\/v2\/posts\/8329\/revisions\/8337"}],"wp:featuredmedia":[{"embeddable":true,"href":"https:\/\/unaymilletras.com\/en\/wp-json\/wp\/v2\/media\/8331"}],"wp:attachment":[{"href":"https:\/\/unaymilletras.com\/en\/wp-json\/wp\/v2\/media?parent=8329"}],"wp:term":[{"taxonomy":"category","embeddable":true,"href":"https:\/\/unaymilletras.com\/en\/wp-json\/wp\/v2\/categories?post=8329"},{"taxonomy":"post_tag","embeddable":true,"href":"https:\/\/unaymilletras.com\/en\/wp-json\/wp\/v2\/tags?post=8329"}],"curies":[{"name":"wp","href":"https:\/\/api.w.org\/{rel}","templated":true}]}}