{"id":8350,"date":"2026-04-30T12:02:19","date_gmt":"2026-04-30T10:02:19","guid":{"rendered":"https:\/\/unaymilletras.com\/?p=8350"},"modified":"2026-04-30T12:04:05","modified_gmt":"2026-04-30T10:04:05","slug":"manuel-carrasco-convierte-sus-raices-en-himno-con-a-la-sombra-de-una-higuera","status":"publish","type":"post","link":"https:\/\/unaymilletras.com\/en\/manuel-carrasco-convierte-sus-raices-en-himno-con-a-la-sombra-de-una-higuera\/","title":{"rendered":"Manuel Carrasco convierte sus ra\u00edces en himno con \u201cA la sombra de una higuera\u201d"},"content":{"rendered":"<div data-elementor-type=\"wp-post\" data-elementor-id=\"8350\" class=\"elementor elementor-8350\">\n\t\t\t\t\t\t<section class=\"elementor-section elementor-top-section elementor-element elementor-element-9b486ea elementor-section-boxed elementor-section-height-default elementor-section-height-default\" data-id=\"9b486ea\" data-element_type=\"section\" data-e-type=\"section\">\n\t\t\t\t\t\t<div class=\"elementor-container elementor-column-gap-default\">\n\t\t\t\t\t<div class=\"elementor-column elementor-col-100 elementor-top-column elementor-element elementor-element-efdd6ab\" data-id=\"efdd6ab\" data-element_type=\"column\" data-e-type=\"column\">\n\t\t\t<div class=\"elementor-widget-wrap elementor-element-populated\">\n\t\t\t\t\t\t<div class=\"elementor-element elementor-element-9cfbc1a elementor-widget elementor-widget-text-editor\" data-id=\"9cfbc1a\" data-element_type=\"widget\" data-e-type=\"widget\" data-widget_type=\"text-editor.default\">\n\t\t\t\t<div class=\"elementor-widget-container\">\n\t\t\t\t\t\t\t\t\t<h2 style=\"text-align: center;\"><span style=\"color: #808080;\"><em>Manuel Carrasco presenta una de sus canciones m\u00e1s \u00edntimas, acompa\u00f1ado por su familia y conectando emoci\u00f3n, identidad y origen<\/em><\/span><\/h2>\t\t\t\t\t\t\t\t<\/div>\n\t\t\t\t<\/div>\n\t\t\t\t\t<\/div>\n\t\t<\/div>\n\t\t\t\t\t<\/div>\n\t\t<\/section>\n\t\t\t\t<section class=\"elementor-section elementor-top-section elementor-element elementor-element-c2694a8 elementor-section-boxed elementor-section-height-default elementor-section-height-default\" data-id=\"c2694a8\" data-element_type=\"section\" data-e-type=\"section\">\n\t\t\t\t\t\t<div class=\"elementor-container elementor-column-gap-default\">\n\t\t\t\t\t<div class=\"elementor-column elementor-col-100 elementor-top-column elementor-element elementor-element-fee67a8\" data-id=\"fee67a8\" data-element_type=\"column\" data-e-type=\"column\">\n\t\t\t<div class=\"elementor-widget-wrap elementor-element-populated\">\n\t\t\t\t\t\t<div class=\"elementor-element elementor-element-5af9b91 elementor-widget elementor-widget-text-editor\" data-id=\"5af9b91\" data-element_type=\"widget\" data-e-type=\"widget\" data-widget_type=\"text-editor.default\">\n\t\t\t\t<div class=\"elementor-widget-container\">\n\t\t\t\t\t\t\t\t\t<p data-start=\"208\" data-end=\"543\"><strong><span class=\"hover:entity-accent entity-underline inline cursor-pointer align-baseline\"><span class=\"whitespace-normal\">Manuel Carrasco<\/span><\/span><\/strong> presenta <strong><em>A la sombra de una higuera<\/em><\/strong>, un nuevo tema profundamente ligado a sus ra\u00edces y a su historia personal. La canci\u00f3n da ahora el salto al estudio para convertirse en una declaraci\u00f3n de identidad, orgullo y pertenencia, en la que el artista pone en valor todo aquello que le ha construido.<\/p><p data-start=\"545\" data-end=\"818\">Con una sonoridad pop cargada de emoci\u00f3n y autenticidad, el tema se transforma en un grito \u00edntimo pero universal que celebra el origen y la memoria. M\u00e1s all\u00e1 de lo autobiogr\u00e1fico, la canci\u00f3n conecta con cualquiera que entienda la importancia de no olvidar de d\u00f3nde viene.<\/p><p data-start=\"820\" data-end=\"1151\">Esta versi\u00f3n de estudio refuerza a\u00fan m\u00e1s su car\u00e1cter personal con la participaci\u00f3n de su propia familia: su mujer y sus hijos acompa\u00f1an en los coros, aportando cercan\u00eda y verdad a una canci\u00f3n que respira hogar, afecto y legado. El resultado es una obra que trasciende la interpretaci\u00f3n para convertirse en una vivencia emocional.<\/p>\t\t\t\t\t\t\t\t<\/div>\n\t\t\t\t<\/div>\n\t\t\t\t\t<\/div>\n\t\t<\/div>\n\t\t\t\t\t<\/div>\n\t\t<\/section>\n\t\t\t\t<section class=\"elementor-section elementor-top-section elementor-element elementor-element-4fcfe64 elementor-section-boxed elementor-section-height-default elementor-section-height-default\" data-id=\"4fcfe64\" data-element_type=\"section\" data-e-type=\"section\">\n\t\t\t\t\t\t<div class=\"elementor-container elementor-column-gap-default\">\n\t\t\t\t\t<div class=\"elementor-column elementor-col-100 elementor-top-column elementor-element elementor-element-e076bb2\" data-id=\"e076bb2\" data-element_type=\"column\" data-e-type=\"column\">\n\t\t\t<div class=\"elementor-widget-wrap elementor-element-populated\">\n\t\t\t\t\t\t<div class=\"elementor-element elementor-element-4991ccb elementor-widget elementor-widget-image\" data-id=\"4991ccb\" data-element_type=\"widget\" data-e-type=\"widget\" data-widget_type=\"image.default\">\n\t\t\t\t<div class=\"elementor-widget-container\">\n\t\t\t\t\t\t\t\t\t\t\t\t\t\t\t<img fetchpriority=\"high\" decoding=\"async\" width=\"640\" height=\"640\" src=\"https:\/\/unaymilletras.com\/wp-content\/uploads\/2026\/04\/w660_1558269_single-alasombra-2.jpg\" class=\"attachment-large size-large wp-image-8351\" alt=\"Manuel Carrasco\" srcset=\"https:\/\/unaymilletras.com\/wp-content\/uploads\/2026\/04\/w660_1558269_single-alasombra-2.jpg 660w, https:\/\/unaymilletras.com\/wp-content\/uploads\/2026\/04\/w660_1558269_single-alasombra-2-300x300.jpg 300w, https:\/\/unaymilletras.com\/wp-content\/uploads\/2026\/04\/w660_1558269_single-alasombra-2-150x150.jpg 150w, https:\/\/unaymilletras.com\/wp-content\/uploads\/2026\/04\/w660_1558269_single-alasombra-2-12x12.jpg 12w\" sizes=\"(max-width: 640px) 100vw, 640px\" \/>\t\t\t\t\t\t\t\t\t\t\t\t\t\t\t<\/div>\n\t\t\t\t<\/div>\n\t\t\t\t\t<\/div>\n\t\t<\/div>\n\t\t\t\t\t<\/div>\n\t\t<\/section>\n\t\t\t\t<section class=\"elementor-section elementor-top-section elementor-element elementor-element-d5ec795 elementor-section-boxed elementor-section-height-default elementor-section-height-default\" data-id=\"d5ec795\" data-element_type=\"section\" data-e-type=\"section\">\n\t\t\t\t\t\t<div class=\"elementor-container elementor-column-gap-default\">\n\t\t\t\t\t<div class=\"elementor-column elementor-col-100 elementor-top-column elementor-element elementor-element-2576b49\" data-id=\"2576b49\" data-element_type=\"column\" data-e-type=\"column\">\n\t\t\t<div class=\"elementor-widget-wrap elementor-element-populated\">\n\t\t\t\t\t\t<div class=\"elementor-element elementor-element-a9ec307 elementor-widget elementor-widget-text-editor\" data-id=\"a9ec307\" data-element_type=\"widget\" data-e-type=\"widget\" data-widget_type=\"text-editor.default\">\n\t\t\t\t<div class=\"elementor-widget-container\">\n\t\t\t\t\t\t\t\t\t<p data-start=\"1153\" data-end=\"1453\">Con este lanzamiento, <span class=\"hover:entity-accent entity-underline inline cursor-pointer align-baseline\"><span class=\"whitespace-normal\">Manuel Carrasco<\/span><\/span> sigue ampliando su universo art\u00edstico y suma un nuevo cap\u00edtulo a su trayectoria con <em>Salvaje desde la ra\u00edz<\/em>, un proyecto especial que se materializar\u00e1 en cuatro conciertos en el <span class=\"hover:entity-accent entity-underline inline cursor-pointer align-baseline\"><span class=\"whitespace-normal\">Estadio La Cartuja<\/span><\/span> durante junio de 2026.<\/p><p data-start=\"1455\" data-end=\"1703\">Por primera vez, un artista espa\u00f1ol convierte un estadio en residencia durante cuatro noches consecutivas, cada una centrada en un \u00e1lbum diferente de su \u00faltima d\u00e9cada: <em data-start=\"1623\" data-end=\"1641\">Bailar el viento<\/em>, <em data-start=\"1643\" data-end=\"1661\">La cruz del mapa<\/em>, <em data-start=\"1663\" data-end=\"1681\">Coraz\u00f3n y flecha<\/em> y <em data-start=\"1684\" data-end=\"1700\">Pueblo salvaje<\/em>.<\/p><p data-start=\"1705\" data-end=\"1734\">Las fechas confirmadas son:<\/p><p data-start=\"1736\" data-end=\"1916\">\u2022 13 de junio de 2026 \u2014 \u201cViento salvaje\u201d<br data-start=\"1776\" data-end=\"1779\" \/>\u2022 14 de junio de 2026 \u2014 \u201cLa cruz salvaje\u201d<br data-start=\"1820\" data-end=\"1823\" \/>\u2022 19 de junio de 2026 \u2014 \u201cCoraz\u00f3n salvaje\u201d<br data-start=\"1864\" data-end=\"1867\" \/>\u2022 20 de junio de 2026 \u2014 \u201cPueblo salvaje I y II\u201d<\/p><p data-start=\"1918\" data-end=\"2246\" data-is-last-node=\"\" data-is-only-node=\"\">Cada concierto ser\u00e1 independiente, pero conectado por un mismo hilo conceptual, recuperando canciones que llevan a\u00f1os sin sonar en directo, junto a los grandes \u00e9xitos que han marcado su carrera. Una propuesta que combina homenaje y evoluci\u00f3n, nostalgia y presente, en un formato in\u00e9dito dentro de la m\u00fasica en directo en Espa\u00f1a<\/p>\t\t\t\t\t\t\t\t<\/div>\n\t\t\t\t<\/div>\n\t\t\t\t\t<\/div>\n\t\t<\/div>\n\t\t\t\t\t<\/div>\n\t\t<\/section>\n\t\t\t\t<\/div>","protected":false},"excerpt":{"rendered":"<p>Manuel Carrasco presenta una de sus canciones m\u00e1s \u00edntimas, acompa\u00f1ado por su familia y conectando emoci\u00f3n, identidad y origen Manuel Carrasco presenta A la sombra de una higuera, un nuevo tema profundamente ligado a sus ra\u00edces y a su historia personal. La canci\u00f3n da ahora el salto al estudio para convertirse en una declaraci\u00f3n de [&hellip;]<\/p>\n","protected":false},"author":1,"featured_media":8351,"comment_status":"closed","ping_status":"","sticky":false,"template":"","format":"standard","meta":{"footnotes":""},"categories":[1],"tags":[],"class_list":["post-8350","post","type-post","status-publish","format-standard","has-post-thumbnail","hentry","category-uncategorized"],"yoast_head":"<!-- This site is optimized with the Yoast SEO plugin v27.4 - https:\/\/yoast.com\/product\/yoast-seo-wordpress\/ -->\n<title>Manuel Carrasco convierte sus ra\u00edces en himno con \u201cA la sombra de una higuera\u201d &#8902; Una y Mil Letras<\/title>\n<meta name=\"robots\" content=\"index, follow, max-snippet:-1, max-image-preview:large, max-video-preview:-1\" \/>\n<link rel=\"canonical\" href=\"https:\/\/unaymilletras.com\/en\/manuel-carrasco-convierte-sus-raices-en-himno-con-a-la-sombra-de-una-higuera\/\" \/>\n<meta property=\"og:locale\" content=\"en_GB\" \/>\n<meta property=\"og:type\" content=\"article\" \/>\n<meta property=\"og:title\" content=\"Manuel Carrasco convierte sus ra\u00edces en himno con \u201cA la sombra de una higuera\u201d &#8902; Una y Mil Letras\" \/>\n<meta property=\"og:description\" content=\"Manuel Carrasco presenta una de sus canciones m\u00e1s \u00edntimas, acompa\u00f1ado por su familia y conectando emoci\u00f3n, identidad y origen Manuel Carrasco presenta A la sombra de una higuera, un nuevo tema profundamente ligado a sus ra\u00edces y a su historia personal. La canci\u00f3n da ahora el salto al estudio para convertirse en una declaraci\u00f3n de [&hellip;]\" \/>\n<meta property=\"og:url\" content=\"https:\/\/unaymilletras.com\/en\/manuel-carrasco-convierte-sus-raices-en-himno-con-a-la-sombra-de-una-higuera\/\" \/>\n<meta property=\"og:site_name\" content=\"Una y Mil Letras\" \/>\n<meta property=\"article:published_time\" content=\"2026-04-30T10:02:19+00:00\" \/>\n<meta property=\"article:modified_time\" content=\"2026-04-30T10:04:05+00:00\" \/>\n<meta property=\"og:image\" content=\"http:\/\/unaymilletras.com\/wp-content\/uploads\/2026\/04\/w660_1558269_single-alasombra-2.jpg\" \/>\n\t<meta property=\"og:image:width\" content=\"660\" \/>\n\t<meta property=\"og:image:height\" content=\"660\" \/>\n\t<meta property=\"og:image:type\" content=\"image\/jpeg\" \/>\n<meta name=\"author\" content=\"Maria Gil Robledo\" \/>\n<meta name=\"twitter:card\" content=\"summary_large_image\" \/>\n<meta name=\"twitter:creator\" content=\"@UnaYMilLetras\" \/>\n<meta name=\"twitter:site\" content=\"@UnaYMilLetras\" \/>\n<meta name=\"twitter:label1\" content=\"Written by\" \/>\n\t<meta name=\"twitter:data1\" content=\"Maria Gil Robledo\" \/>\n\t<meta name=\"twitter:label2\" content=\"Estimated reading time\" \/>\n\t<meta name=\"twitter:data2\" content=\"2 minutes\" \/>\n<script type=\"application\/ld+json\" class=\"yoast-schema-graph\">{\"@context\":\"https:\\\/\\\/schema.org\",\"@graph\":[{\"@type\":\"Article\",\"@id\":\"https:\\\/\\\/unaymilletras.com\\\/manuel-carrasco-convierte-sus-raices-en-himno-con-a-la-sombra-de-una-higuera\\\/#article\",\"isPartOf\":{\"@id\":\"https:\\\/\\\/unaymilletras.com\\\/manuel-carrasco-convierte-sus-raices-en-himno-con-a-la-sombra-de-una-higuera\\\/\"},\"author\":{\"name\":\"Maria Gil Robledo\",\"@id\":\"http:\\\/\\\/unaymilletras.com\\\/#\\\/schema\\\/person\\\/d55ba681b8a4e463d8982dbe36a5dc94\"},\"headline\":\"Manuel Carrasco convierte sus ra\u00edces en himno con \u201cA la sombra de una higuera\u201d\",\"datePublished\":\"2026-04-30T10:02:19+00:00\",\"dateModified\":\"2026-04-30T10:04:05+00:00\",\"mainEntityOfPage\":{\"@id\":\"https:\\\/\\\/unaymilletras.com\\\/manuel-carrasco-convierte-sus-raices-en-himno-con-a-la-sombra-de-una-higuera\\\/\"},\"wordCount\":379,\"publisher\":{\"@id\":\"http:\\\/\\\/unaymilletras.com\\\/#organization\"},\"image\":{\"@id\":\"https:\\\/\\\/unaymilletras.com\\\/manuel-carrasco-convierte-sus-raices-en-himno-con-a-la-sombra-de-una-higuera\\\/#primaryimage\"},\"thumbnailUrl\":\"https:\\\/\\\/unaymilletras.com\\\/wp-content\\\/uploads\\\/2026\\\/04\\\/w660_1558269_single-alasombra-2.jpg\",\"articleSection\":[\"Uncategorized\"],\"inLanguage\":\"en-GB\"},{\"@type\":\"WebPage\",\"@id\":\"https:\\\/\\\/unaymilletras.com\\\/manuel-carrasco-convierte-sus-raices-en-himno-con-a-la-sombra-de-una-higuera\\\/\",\"url\":\"https:\\\/\\\/unaymilletras.com\\\/manuel-carrasco-convierte-sus-raices-en-himno-con-a-la-sombra-de-una-higuera\\\/\",\"name\":\"Manuel Carrasco convierte sus ra\u00edces en himno con \u201cA la sombra de una higuera\u201d &#8902; Una y Mil Letras\",\"isPartOf\":{\"@id\":\"http:\\\/\\\/unaymilletras.com\\\/#website\"},\"primaryImageOfPage\":{\"@id\":\"https:\\\/\\\/unaymilletras.com\\\/manuel-carrasco-convierte-sus-raices-en-himno-con-a-la-sombra-de-una-higuera\\\/#primaryimage\"},\"image\":{\"@id\":\"https:\\\/\\\/unaymilletras.com\\\/manuel-carrasco-convierte-sus-raices-en-himno-con-a-la-sombra-de-una-higuera\\\/#primaryimage\"},\"thumbnailUrl\":\"https:\\\/\\\/unaymilletras.com\\\/wp-content\\\/uploads\\\/2026\\\/04\\\/w660_1558269_single-alasombra-2.jpg\",\"datePublished\":\"2026-04-30T10:02:19+00:00\",\"dateModified\":\"2026-04-30T10:04:05+00:00\",\"breadcrumb\":{\"@id\":\"https:\\\/\\\/unaymilletras.com\\\/manuel-carrasco-convierte-sus-raices-en-himno-con-a-la-sombra-de-una-higuera\\\/#breadcrumb\"},\"inLanguage\":\"en-GB\",\"potentialAction\":[{\"@type\":\"ReadAction\",\"target\":[\"https:\\\/\\\/unaymilletras.com\\\/manuel-carrasco-convierte-sus-raices-en-himno-con-a-la-sombra-de-una-higuera\\\/\"]}]},{\"@type\":\"ImageObject\",\"inLanguage\":\"en-GB\",\"@id\":\"https:\\\/\\\/unaymilletras.com\\\/manuel-carrasco-convierte-sus-raices-en-himno-con-a-la-sombra-de-una-higuera\\\/#primaryimage\",\"url\":\"https:\\\/\\\/unaymilletras.com\\\/wp-content\\\/uploads\\\/2026\\\/04\\\/w660_1558269_single-alasombra-2.jpg\",\"contentUrl\":\"https:\\\/\\\/unaymilletras.com\\\/wp-content\\\/uploads\\\/2026\\\/04\\\/w660_1558269_single-alasombra-2.jpg\",\"width\":660,\"height\":660,\"caption\":\"Manuel Carrasco\"},{\"@type\":\"BreadcrumbList\",\"@id\":\"https:\\\/\\\/unaymilletras.com\\\/manuel-carrasco-convierte-sus-raices-en-himno-con-a-la-sombra-de-una-higuera\\\/#breadcrumb\",\"itemListElement\":[{\"@type\":\"ListItem\",\"position\":1,\"name\":\"Home\",\"item\":\"http:\\\/\\\/unaymilletras.com\\\/\"},{\"@type\":\"ListItem\",\"position\":2,\"name\":\"Manuel Carrasco convierte sus ra\u00edces en himno con \u201cA la sombra de una higuera\u201d\"}]},{\"@type\":\"WebSite\",\"@id\":\"http:\\\/\\\/unaymilletras.com\\\/#website\",\"url\":\"http:\\\/\\\/unaymilletras.com\\\/\",\"name\":\"Una y Mil Letras\",\"description\":\"\",\"publisher\":{\"@id\":\"http:\\\/\\\/unaymilletras.com\\\/#organization\"},\"potentialAction\":[{\"@type\":\"SearchAction\",\"target\":{\"@type\":\"EntryPoint\",\"urlTemplate\":\"http:\\\/\\\/unaymilletras.com\\\/?s={search_term_string}\"},\"query-input\":{\"@type\":\"PropertyValueSpecification\",\"valueRequired\":true,\"valueName\":\"search_term_string\"}}],\"inLanguage\":\"en-GB\"},{\"@type\":\"Organization\",\"@id\":\"http:\\\/\\\/unaymilletras.com\\\/#organization\",\"name\":\"Una y Mil Letras\",\"url\":\"http:\\\/\\\/unaymilletras.com\\\/\",\"logo\":{\"@type\":\"ImageObject\",\"inLanguage\":\"en-GB\",\"@id\":\"http:\\\/\\\/unaymilletras.com\\\/#\\\/schema\\\/logo\\\/image\\\/\",\"url\":\"https:\\\/\\\/unaymilletras.com\\\/wp-content\\\/uploads\\\/2024\\\/06\\\/cropped-Logo-removebg-preview.png\",\"contentUrl\":\"https:\\\/\\\/unaymilletras.com\\\/wp-content\\\/uploads\\\/2024\\\/06\\\/cropped-Logo-removebg-preview.png\",\"width\":512,\"height\":512,\"caption\":\"Una y Mil Letras\"},\"image\":{\"@id\":\"http:\\\/\\\/unaymilletras.com\\\/#\\\/schema\\\/logo\\\/image\\\/\"},\"sameAs\":[\"https:\\\/\\\/x.com\\\/UnaYMilLetras\",\"https:\\\/\\\/instagram.com\\\/UnaYMilLetras\"]},{\"@type\":\"Person\",\"@id\":\"http:\\\/\\\/unaymilletras.com\\\/#\\\/schema\\\/person\\\/d55ba681b8a4e463d8982dbe36a5dc94\",\"name\":\"Maria Gil Robledo\",\"image\":{\"@type\":\"ImageObject\",\"inLanguage\":\"en-GB\",\"@id\":\"https:\\\/\\\/secure.gravatar.com\\\/avatar\\\/4b8e5102e0015789407eb4870b12f0f2857952d83ca124058f92b764bd1840c3?s=96&d=mm&r=g\",\"url\":\"https:\\\/\\\/secure.gravatar.com\\\/avatar\\\/4b8e5102e0015789407eb4870b12f0f2857952d83ca124058f92b764bd1840c3?s=96&d=mm&r=g\",\"contentUrl\":\"https:\\\/\\\/secure.gravatar.com\\\/avatar\\\/4b8e5102e0015789407eb4870b12f0f2857952d83ca124058f92b764bd1840c3?s=96&d=mm&r=g\",\"caption\":\"Maria Gil Robledo\"},\"sameAs\":[\"http:\\\/\\\/unaymilletras.com\"],\"url\":\"https:\\\/\\\/unaymilletras.com\\\/en\\\/author\\\/mariiagiil02_\\\/\"}]}<\/script>\n<!-- \/ Yoast SEO plugin. -->","yoast_head_json":{"title":"Manuel Carrasco convierte sus ra\u00edces en himno con \u201cA la sombra de una higuera\u201d &#8902; Una y Mil Letras","robots":{"index":"index","follow":"follow","max-snippet":"max-snippet:-1","max-image-preview":"max-image-preview:large","max-video-preview":"max-video-preview:-1"},"canonical":"https:\/\/unaymilletras.com\/en\/manuel-carrasco-convierte-sus-raices-en-himno-con-a-la-sombra-de-una-higuera\/","og_locale":"en_GB","og_type":"article","og_title":"Manuel Carrasco convierte sus ra\u00edces en himno con \u201cA la sombra de una higuera\u201d &#8902; Una y Mil Letras","og_description":"Manuel Carrasco presenta una de sus canciones m\u00e1s \u00edntimas, acompa\u00f1ado por su familia y conectando emoci\u00f3n, identidad y origen Manuel Carrasco presenta A la sombra de una higuera, un nuevo tema profundamente ligado a sus ra\u00edces y a su historia personal. La canci\u00f3n da ahora el salto al estudio para convertirse en una declaraci\u00f3n de [&hellip;]","og_url":"https:\/\/unaymilletras.com\/en\/manuel-carrasco-convierte-sus-raices-en-himno-con-a-la-sombra-de-una-higuera\/","og_site_name":"Una y Mil Letras","article_published_time":"2026-04-30T10:02:19+00:00","article_modified_time":"2026-04-30T10:04:05+00:00","og_image":[{"width":660,"height":660,"url":"http:\/\/unaymilletras.com\/wp-content\/uploads\/2026\/04\/w660_1558269_single-alasombra-2.jpg","type":"image\/jpeg"}],"author":"Maria Gil Robledo","twitter_card":"summary_large_image","twitter_creator":"@UnaYMilLetras","twitter_site":"@UnaYMilLetras","twitter_misc":{"Written by":"Maria Gil Robledo","Estimated reading time":"2 minutes"},"schema":{"@context":"https:\/\/schema.org","@graph":[{"@type":"Article","@id":"https:\/\/unaymilletras.com\/manuel-carrasco-convierte-sus-raices-en-himno-con-a-la-sombra-de-una-higuera\/#article","isPartOf":{"@id":"https:\/\/unaymilletras.com\/manuel-carrasco-convierte-sus-raices-en-himno-con-a-la-sombra-de-una-higuera\/"},"author":{"name":"Maria Gil Robledo","@id":"http:\/\/unaymilletras.com\/#\/schema\/person\/d55ba681b8a4e463d8982dbe36a5dc94"},"headline":"Manuel Carrasco convierte sus ra\u00edces en himno con \u201cA la sombra de una higuera\u201d","datePublished":"2026-04-30T10:02:19+00:00","dateModified":"2026-04-30T10:04:05+00:00","mainEntityOfPage":{"@id":"https:\/\/unaymilletras.com\/manuel-carrasco-convierte-sus-raices-en-himno-con-a-la-sombra-de-una-higuera\/"},"wordCount":379,"publisher":{"@id":"http:\/\/unaymilletras.com\/#organization"},"image":{"@id":"https:\/\/unaymilletras.com\/manuel-carrasco-convierte-sus-raices-en-himno-con-a-la-sombra-de-una-higuera\/#primaryimage"},"thumbnailUrl":"https:\/\/unaymilletras.com\/wp-content\/uploads\/2026\/04\/w660_1558269_single-alasombra-2.jpg","articleSection":["Uncategorized"],"inLanguage":"en-GB"},{"@type":"WebPage","@id":"https:\/\/unaymilletras.com\/manuel-carrasco-convierte-sus-raices-en-himno-con-a-la-sombra-de-una-higuera\/","url":"https:\/\/unaymilletras.com\/manuel-carrasco-convierte-sus-raices-en-himno-con-a-la-sombra-de-una-higuera\/","name":"Manuel Carrasco convierte sus ra\u00edces en himno con \u201cA la sombra de una higuera\u201d &#8902; Una y Mil Letras","isPartOf":{"@id":"http:\/\/unaymilletras.com\/#website"},"primaryImageOfPage":{"@id":"https:\/\/unaymilletras.com\/manuel-carrasco-convierte-sus-raices-en-himno-con-a-la-sombra-de-una-higuera\/#primaryimage"},"image":{"@id":"https:\/\/unaymilletras.com\/manuel-carrasco-convierte-sus-raices-en-himno-con-a-la-sombra-de-una-higuera\/#primaryimage"},"thumbnailUrl":"https:\/\/unaymilletras.com\/wp-content\/uploads\/2026\/04\/w660_1558269_single-alasombra-2.jpg","datePublished":"2026-04-30T10:02:19+00:00","dateModified":"2026-04-30T10:04:05+00:00","breadcrumb":{"@id":"https:\/\/unaymilletras.com\/manuel-carrasco-convierte-sus-raices-en-himno-con-a-la-sombra-de-una-higuera\/#breadcrumb"},"inLanguage":"en-GB","potentialAction":[{"@type":"ReadAction","target":["https:\/\/unaymilletras.com\/manuel-carrasco-convierte-sus-raices-en-himno-con-a-la-sombra-de-una-higuera\/"]}]},{"@type":"ImageObject","inLanguage":"en-GB","@id":"https:\/\/unaymilletras.com\/manuel-carrasco-convierte-sus-raices-en-himno-con-a-la-sombra-de-una-higuera\/#primaryimage","url":"https:\/\/unaymilletras.com\/wp-content\/uploads\/2026\/04\/w660_1558269_single-alasombra-2.jpg","contentUrl":"https:\/\/unaymilletras.com\/wp-content\/uploads\/2026\/04\/w660_1558269_single-alasombra-2.jpg","width":660,"height":660,"caption":"Manuel Carrasco"},{"@type":"BreadcrumbList","@id":"https:\/\/unaymilletras.com\/manuel-carrasco-convierte-sus-raices-en-himno-con-a-la-sombra-de-una-higuera\/#breadcrumb","itemListElement":[{"@type":"ListItem","position":1,"name":"Home","item":"http:\/\/unaymilletras.com\/"},{"@type":"ListItem","position":2,"name":"Manuel Carrasco convierte sus ra\u00edces en himno con \u201cA la sombra de una higuera\u201d"}]},{"@type":"WebSite","@id":"http:\/\/unaymilletras.com\/#website","url":"http:\/\/unaymilletras.com\/","name":"Una y Mil Letras","description":"","publisher":{"@id":"http:\/\/unaymilletras.com\/#organization"},"potentialAction":[{"@type":"SearchAction","target":{"@type":"EntryPoint","urlTemplate":"http:\/\/unaymilletras.com\/?s={search_term_string}"},"query-input":{"@type":"PropertyValueSpecification","valueRequired":true,"valueName":"search_term_string"}}],"inLanguage":"en-GB"},{"@type":"Organization","@id":"http:\/\/unaymilletras.com\/#organization","name":"Una y Mil Letras","url":"http:\/\/unaymilletras.com\/","logo":{"@type":"ImageObject","inLanguage":"en-GB","@id":"http:\/\/unaymilletras.com\/#\/schema\/logo\/image\/","url":"https:\/\/unaymilletras.com\/wp-content\/uploads\/2024\/06\/cropped-Logo-removebg-preview.png","contentUrl":"https:\/\/unaymilletras.com\/wp-content\/uploads\/2024\/06\/cropped-Logo-removebg-preview.png","width":512,"height":512,"caption":"Una y Mil Letras"},"image":{"@id":"http:\/\/unaymilletras.com\/#\/schema\/logo\/image\/"},"sameAs":["https:\/\/x.com\/UnaYMilLetras","https:\/\/instagram.com\/UnaYMilLetras"]},{"@type":"Person","@id":"http:\/\/unaymilletras.com\/#\/schema\/person\/d55ba681b8a4e463d8982dbe36a5dc94","name":"Maria Gil Robledo","image":{"@type":"ImageObject","inLanguage":"en-GB","@id":"https:\/\/secure.gravatar.com\/avatar\/4b8e5102e0015789407eb4870b12f0f2857952d83ca124058f92b764bd1840c3?s=96&d=mm&r=g","url":"https:\/\/secure.gravatar.com\/avatar\/4b8e5102e0015789407eb4870b12f0f2857952d83ca124058f92b764bd1840c3?s=96&d=mm&r=g","contentUrl":"https:\/\/secure.gravatar.com\/avatar\/4b8e5102e0015789407eb4870b12f0f2857952d83ca124058f92b764bd1840c3?s=96&d=mm&r=g","caption":"Maria Gil Robledo"},"sameAs":["http:\/\/unaymilletras.com"],"url":"https:\/\/unaymilletras.com\/en\/author\/mariiagiil02_\/"}]}},"_links":{"self":[{"href":"https:\/\/unaymilletras.com\/en\/wp-json\/wp\/v2\/posts\/8350","targetHints":{"allow":["GET"]}}],"collection":[{"href":"https:\/\/unaymilletras.com\/en\/wp-json\/wp\/v2\/posts"}],"about":[{"href":"https:\/\/unaymilletras.com\/en\/wp-json\/wp\/v2\/types\/post"}],"author":[{"embeddable":true,"href":"https:\/\/unaymilletras.com\/en\/wp-json\/wp\/v2\/users\/1"}],"replies":[{"embeddable":true,"href":"https:\/\/unaymilletras.com\/en\/wp-json\/wp\/v2\/comments?post=8350"}],"version-history":[{"count":6,"href":"https:\/\/unaymilletras.com\/en\/wp-json\/wp\/v2\/posts\/8350\/revisions"}],"predecessor-version":[{"id":8357,"href":"https:\/\/unaymilletras.com\/en\/wp-json\/wp\/v2\/posts\/8350\/revisions\/8357"}],"wp:featuredmedia":[{"embeddable":true,"href":"https:\/\/unaymilletras.com\/en\/wp-json\/wp\/v2\/media\/8351"}],"wp:attachment":[{"href":"https:\/\/unaymilletras.com\/en\/wp-json\/wp\/v2\/media?parent=8350"}],"wp:term":[{"taxonomy":"category","embeddable":true,"href":"https:\/\/unaymilletras.com\/en\/wp-json\/wp\/v2\/categories?post=8350"},{"taxonomy":"post_tag","embeddable":true,"href":"https:\/\/unaymilletras.com\/en\/wp-json\/wp\/v2\/tags?post=8350"}],"curies":[{"name":"wp","href":"https:\/\/api.w.org\/{rel}","templated":true}]}}