{"id":853,"date":"2023-06-08T20:42:02","date_gmt":"2023-06-08T18:42:02","guid":{"rendered":"http:\/\/unaymilletras.com\/?p=853"},"modified":"2023-06-08T20:42:05","modified_gmt":"2023-06-08T18:42:05","slug":"milo-j-espana","status":"publish","type":"post","link":"https:\/\/unaymilletras.com\/en\/milo-j-espana\/","title":{"rendered":"Milo J anuncia sus conciertos en Espa\u00f1a"},"content":{"rendered":"<div data-elementor-type=\"wp-post\" data-elementor-id=\"853\" class=\"elementor elementor-853\">\n\t\t\t\t\t\t<section class=\"elementor-section elementor-top-section elementor-element elementor-element-4826561 elementor-section-boxed elementor-section-height-default elementor-section-height-default\" data-id=\"4826561\" data-element_type=\"section\" data-e-type=\"section\">\n\t\t\t\t\t\t<div class=\"elementor-container elementor-column-gap-default\">\n\t\t\t\t\t<div class=\"elementor-column elementor-col-100 elementor-top-column elementor-element elementor-element-7c98bbf\" data-id=\"7c98bbf\" data-element_type=\"column\" data-e-type=\"column\">\n\t\t\t<div class=\"elementor-widget-wrap elementor-element-populated\">\n\t\t\t\t\t\t<div class=\"elementor-element elementor-element-c0c2c60 elementor-widget elementor-widget-text-editor\" data-id=\"c0c2c60\" data-element_type=\"widget\" data-e-type=\"widget\" data-widget_type=\"text-editor.default\">\n\t\t\t\t<div class=\"elementor-widget-container\">\n\t\t\t\t\t\t\t\t\t<h2><em><span style=\"color: #808080;\">Barcelona y Madrid son las ciudades que visitar\u00e1 Milo J con sus primeros conciertos en Espa\u00f1a<\/span><\/em><\/h2>\t\t\t\t\t\t\t\t<\/div>\n\t\t\t\t<\/div>\n\t\t\t\t\t<\/div>\n\t\t<\/div>\n\t\t\t\t\t<\/div>\n\t\t<\/section>\n\t\t\t\t<section class=\"elementor-section elementor-top-section elementor-element elementor-element-fd18484 elementor-section-boxed elementor-section-height-default elementor-section-height-default\" data-id=\"fd18484\" data-element_type=\"section\" data-e-type=\"section\">\n\t\t\t\t\t\t<div class=\"elementor-container elementor-column-gap-default\">\n\t\t\t\t\t<div class=\"elementor-column elementor-col-100 elementor-top-column elementor-element elementor-element-43d2168\" data-id=\"43d2168\" data-element_type=\"column\" data-e-type=\"column\">\n\t\t\t<div class=\"elementor-widget-wrap elementor-element-populated\">\n\t\t\t\t\t\t<div class=\"elementor-element elementor-element-d2f9293 elementor-widget elementor-widget-text-editor\" data-id=\"d2f9293\" data-element_type=\"widget\" data-e-type=\"widget\" data-widget_type=\"text-editor.default\">\n\t\t\t\t<div class=\"elementor-widget-container\">\n\t\t\t\t\t\t\t\t\t<p><b>Milo J<\/b> ha anunciado a trav\u00e9s de sus redes sociales los primeros conciertos de su esperada gira en Espa\u00f1a. Por ahora solo visitar\u00e1 la <b>Sala Apolo<\/b> de <b><a href=\"https:\/\/www.ticketmaster.es\/event\/milo-j-entradas\/36261\">Barcelona<\/a><\/b> el <b>29 de junio<\/b> y la <b>Sala Paqui <\/b>de <b><a href=\"https:\/\/www.ticketmaster.es\/event\/milo-j-entradas\/36259\">Madrid<\/a><\/b> el <b>6 de julio<\/b>. Con una base de seguidores en constante crecimiento, el cantante argentino est\u00e1 listo para cautivar al p\u00fablico espa\u00f1ol con su talento y energ\u00eda.&nbsp;<span style=\"color: var( --e-global-color-text ); font-family: var( --e-global-typography-text-font-family ), Sans-serif; font-weight: var( --e-global-typography-text-font-weight );\">Las entradas para ambos conciertos saldr\u00e1n a la venta ma\u00f1ana, 9 de junio, a las 17:00 (hora espa\u00f1ola).<\/span><\/p>\t\t\t\t\t\t\t\t<\/div>\n\t\t\t\t<\/div>\n\t\t\t\t\t<\/div>\n\t\t<\/div>\n\t\t\t\t\t<\/div>\n\t\t<\/section>\n\t\t\t\t<section class=\"elementor-section elementor-top-section elementor-element elementor-element-f356a19 elementor-section-boxed elementor-section-height-default elementor-section-height-default\" data-id=\"f356a19\" data-element_type=\"section\" data-e-type=\"section\">\n\t\t\t\t\t\t<div class=\"elementor-container elementor-column-gap-default\">\n\t\t\t\t\t<div class=\"elementor-column elementor-col-50 elementor-top-column elementor-element elementor-element-7a17921\" data-id=\"7a17921\" data-element_type=\"column\" data-e-type=\"column\">\n\t\t\t<div class=\"elementor-widget-wrap elementor-element-populated\">\n\t\t\t\t\t\t<div class=\"elementor-element elementor-element-05be376 elementor-widget elementor-widget-image\" data-id=\"05be376\" data-element_type=\"widget\" data-e-type=\"widget\" data-widget_type=\"image.default\">\n\t\t\t\t<div class=\"elementor-widget-container\">\n\t\t\t\t\t\t\t\t\t\t\t\t\t\t\t<img fetchpriority=\"high\" decoding=\"async\" width=\"640\" height=\"628\" src=\"https:\/\/unaymilletras.com\/wp-content\/uploads\/2023\/06\/bcn.jpeg\" class=\"attachment-large size-large wp-image-856\" alt=\"Milo J\" srcset=\"https:\/\/unaymilletras.com\/wp-content\/uploads\/2023\/06\/bcn.jpeg 720w, https:\/\/unaymilletras.com\/wp-content\/uploads\/2023\/06\/bcn-300x295.jpeg 300w\" sizes=\"(max-width: 640px) 100vw, 640px\" \/>\t\t\t\t\t\t\t\t\t\t\t\t\t\t\t<\/div>\n\t\t\t\t<\/div>\n\t\t\t\t\t<\/div>\n\t\t<\/div>\n\t\t\t\t<div class=\"elementor-column elementor-col-50 elementor-top-column elementor-element elementor-element-d0c50a6\" data-id=\"d0c50a6\" data-element_type=\"column\" data-e-type=\"column\">\n\t\t\t<div class=\"elementor-widget-wrap elementor-element-populated\">\n\t\t\t\t\t\t<div class=\"elementor-element elementor-element-75148cd elementor-widget elementor-widget-image\" data-id=\"75148cd\" data-element_type=\"widget\" data-e-type=\"widget\" data-widget_type=\"image.default\">\n\t\t\t\t<div class=\"elementor-widget-container\">\n\t\t\t\t\t\t\t\t\t\t\t\t\t\t\t<img decoding=\"async\" width=\"640\" height=\"628\" src=\"https:\/\/unaymilletras.com\/wp-content\/uploads\/2023\/06\/md.jpeg\" class=\"attachment-large size-large wp-image-858\" alt=\"Milo J\" srcset=\"https:\/\/unaymilletras.com\/wp-content\/uploads\/2023\/06\/md.jpeg 720w, https:\/\/unaymilletras.com\/wp-content\/uploads\/2023\/06\/md-300x294.jpeg 300w\" sizes=\"(max-width: 640px) 100vw, 640px\" \/>\t\t\t\t\t\t\t\t\t\t\t\t\t\t\t<\/div>\n\t\t\t\t<\/div>\n\t\t\t\t\t<\/div>\n\t\t<\/div>\n\t\t\t\t\t<\/div>\n\t\t<\/section>\n\t\t\t\t<section class=\"elementor-section elementor-top-section elementor-element elementor-element-e85599d elementor-section-boxed elementor-section-height-default elementor-section-height-default\" data-id=\"e85599d\" data-element_type=\"section\" data-e-type=\"section\">\n\t\t\t\t\t\t<div class=\"elementor-container elementor-column-gap-default\">\n\t\t\t\t\t<div class=\"elementor-column elementor-col-100 elementor-top-column elementor-element elementor-element-ee5519b\" data-id=\"ee5519b\" data-element_type=\"column\" data-e-type=\"column\">\n\t\t\t<div class=\"elementor-widget-wrap elementor-element-populated\">\n\t\t\t\t\t\t<div class=\"elementor-element elementor-element-648ad19 elementor-widget elementor-widget-text-editor\" data-id=\"648ad19\" data-element_type=\"widget\" data-e-type=\"widget\" data-widget_type=\"text-editor.default\">\n\t\t\t\t<div class=\"elementor-widget-container\">\n\t\t\t\t\t\t\t\t\t<p><span style=\"color: var( --e-global-color-text ); font-family: var( --e-global-typography-text-font-family ), Sans-serif; font-weight: var( --e-global-typography-text-font-weight );\">Con una trayectoria en constante ascenso y varios \u00e9xitos en su haber, Milo J ha logrado destacarse en la escena musical internacional. Su fusi\u00f3n de g\u00e9neros, que va desde el pop y el R&amp;B hasta toques de m\u00fasica electr\u00f3nica, ha calado en un p\u00fablico diverso, llev\u00e1ndole hasta un lugar destacado en la industria.<\/span><br><\/p>\n<p>\u00abNo puedo esperar para encontrarme cara a cara con mis seguidores espa\u00f1oles\u00bb, expres\u00f3 Milo J en una reciente entrevista. \u00abSiempre he sentido una conexi\u00f3n especial con la cultura y la pasi\u00f3n que se vive en Espa\u00f1a, y estoy emocionado de poder compartir mi m\u00fasica en vivo con todos ustedes\u00bb. Ahora ya hay una fecha para que esto suceda.&nbsp;<\/p>\t\t\t\t\t\t\t\t<\/div>\n\t\t\t\t<\/div>\n\t\t\t\t\t<\/div>\n\t\t<\/div>\n\t\t\t\t\t<\/div>\n\t\t<\/section>\n\t\t\t\t<\/div>","protected":false},"excerpt":{"rendered":"<p>Barcelona y Madrid son las ciudades que visitar\u00e1 Milo J con sus primeros conciertos en Espa\u00f1a Milo J ha anunciado a trav\u00e9s de sus redes sociales los primeros conciertos de su esperada gira en Espa\u00f1a. Por ahora solo visitar\u00e1 la Sala Apolo de Barcelona el 29 de junio y la Sala Paqui de Madrid el [&hellip;]<\/p>\n","protected":false},"author":1,"featured_media":857,"comment_status":"open","ping_status":"open","sticky":false,"template":"","format":"standard","meta":{"footnotes":""},"categories":[4],"tags":[],"class_list":["post-853","post","type-post","status-publish","format-standard","has-post-thumbnail","hentry","category-musica"],"yoast_head":"<!-- This site is optimized with the Yoast SEO plugin v27.4 - https:\/\/yoast.com\/product\/yoast-seo-wordpress\/ -->\n<title>Milo J anuncia sus conciertos en Espa\u00f1a &#8902; Una y Mil Letras<\/title>\n<meta name=\"description\" content=\"Barcelona (29 de junio) y Madrid (6 de julio) son las ciudades que visitar\u00e1 Milo J con sus primeros conciertos en Espa\u00f1a...\" \/>\n<meta name=\"robots\" content=\"index, follow, max-snippet:-1, max-image-preview:large, max-video-preview:-1\" \/>\n<link rel=\"canonical\" href=\"http:\/\/unaymilletras.com\/en\/milo-j-espana\/\" \/>\n<meta property=\"og:locale\" content=\"en_GB\" \/>\n<meta property=\"og:type\" content=\"article\" \/>\n<meta property=\"og:title\" content=\"Milo J anuncia sus conciertos en Espa\u00f1a &#8902; Una y Mil Letras\" \/>\n<meta property=\"og:description\" content=\"Barcelona (29 de junio) y Madrid (6 de julio) son las ciudades que visitar\u00e1 Milo J con sus primeros conciertos en Espa\u00f1a...\" \/>\n<meta property=\"og:url\" content=\"http:\/\/unaymilletras.com\/en\/milo-j-espana\/\" \/>\n<meta property=\"og:site_name\" content=\"Una y Mil Letras\" \/>\n<meta property=\"article:published_time\" content=\"2023-06-08T18:42:02+00:00\" \/>\n<meta property=\"article:modified_time\" content=\"2023-06-08T18:42:05+00:00\" \/>\n<meta property=\"og:image\" content=\"http:\/\/unaymilletras.com\/wp-content\/uploads\/2023\/06\/portada-1.jpeg\" \/>\n\t<meta property=\"og:image:width\" content=\"720\" \/>\n\t<meta property=\"og:image:height\" content=\"1268\" \/>\n\t<meta property=\"og:image:type\" content=\"image\/jpeg\" \/>\n<meta name=\"author\" content=\"Maria Gil Robledo\" \/>\n<meta name=\"twitter:card\" content=\"summary_large_image\" \/>\n<meta name=\"twitter:creator\" content=\"@UnaYMilLetras\" \/>\n<meta name=\"twitter:site\" content=\"@UnaYMilLetras\" \/>\n<meta name=\"twitter:label1\" content=\"Written by\" \/>\n\t<meta name=\"twitter:data1\" content=\"Maria Gil Robledo\" \/>\n\t<meta name=\"twitter:label2\" content=\"Estimated reading time\" \/>\n\t<meta name=\"twitter:data2\" content=\"2 minutes\" \/>\n<script type=\"application\/ld+json\" class=\"yoast-schema-graph\">{\"@context\":\"https:\\\/\\\/schema.org\",\"@graph\":[{\"@type\":\"Article\",\"@id\":\"http:\\\/\\\/unaymilletras.com\\\/milo-j-espana\\\/#article\",\"isPartOf\":{\"@id\":\"http:\\\/\\\/unaymilletras.com\\\/milo-j-espana\\\/\"},\"author\":{\"name\":\"Maria Gil Robledo\",\"@id\":\"http:\\\/\\\/unaymilletras.com\\\/#\\\/schema\\\/person\\\/d55ba681b8a4e463d8982dbe36a5dc94\"},\"headline\":\"Milo J anuncia sus conciertos en Espa\u00f1a\",\"datePublished\":\"2023-06-08T18:42:02+00:00\",\"dateModified\":\"2023-06-08T18:42:05+00:00\",\"mainEntityOfPage\":{\"@id\":\"http:\\\/\\\/unaymilletras.com\\\/milo-j-espana\\\/\"},\"wordCount\":238,\"commentCount\":0,\"publisher\":{\"@id\":\"http:\\\/\\\/unaymilletras.com\\\/#organization\"},\"image\":{\"@id\":\"http:\\\/\\\/unaymilletras.com\\\/milo-j-espana\\\/#primaryimage\"},\"thumbnailUrl\":\"https:\\\/\\\/unaymilletras.com\\\/wp-content\\\/uploads\\\/2023\\\/06\\\/portada-1.jpeg\",\"articleSection\":[\"M\u00fasica\"],\"inLanguage\":\"en-GB\",\"potentialAction\":[{\"@type\":\"CommentAction\",\"name\":\"Comment\",\"target\":[\"http:\\\/\\\/unaymilletras.com\\\/milo-j-espana\\\/#respond\"]}]},{\"@type\":\"WebPage\",\"@id\":\"http:\\\/\\\/unaymilletras.com\\\/milo-j-espana\\\/\",\"url\":\"http:\\\/\\\/unaymilletras.com\\\/milo-j-espana\\\/\",\"name\":\"Milo J anuncia sus conciertos en Espa\u00f1a &#8902; Una y Mil Letras\",\"isPartOf\":{\"@id\":\"http:\\\/\\\/unaymilletras.com\\\/#website\"},\"primaryImageOfPage\":{\"@id\":\"http:\\\/\\\/unaymilletras.com\\\/milo-j-espana\\\/#primaryimage\"},\"image\":{\"@id\":\"http:\\\/\\\/unaymilletras.com\\\/milo-j-espana\\\/#primaryimage\"},\"thumbnailUrl\":\"https:\\\/\\\/unaymilletras.com\\\/wp-content\\\/uploads\\\/2023\\\/06\\\/portada-1.jpeg\",\"datePublished\":\"2023-06-08T18:42:02+00:00\",\"dateModified\":\"2023-06-08T18:42:05+00:00\",\"description\":\"Barcelona (29 de junio) y Madrid (6 de julio) son las ciudades que visitar\u00e1 Milo J con sus primeros conciertos en Espa\u00f1a...\",\"breadcrumb\":{\"@id\":\"http:\\\/\\\/unaymilletras.com\\\/milo-j-espana\\\/#breadcrumb\"},\"inLanguage\":\"en-GB\",\"potentialAction\":[{\"@type\":\"ReadAction\",\"target\":[\"http:\\\/\\\/unaymilletras.com\\\/milo-j-espana\\\/\"]}]},{\"@type\":\"ImageObject\",\"inLanguage\":\"en-GB\",\"@id\":\"http:\\\/\\\/unaymilletras.com\\\/milo-j-espana\\\/#primaryimage\",\"url\":\"https:\\\/\\\/unaymilletras.com\\\/wp-content\\\/uploads\\\/2023\\\/06\\\/portada-1.jpeg\",\"contentUrl\":\"https:\\\/\\\/unaymilletras.com\\\/wp-content\\\/uploads\\\/2023\\\/06\\\/portada-1.jpeg\",\"width\":720,\"height\":1268,\"caption\":\"Milo J\"},{\"@type\":\"BreadcrumbList\",\"@id\":\"http:\\\/\\\/unaymilletras.com\\\/milo-j-espana\\\/#breadcrumb\",\"itemListElement\":[{\"@type\":\"ListItem\",\"position\":1,\"name\":\"Home\",\"item\":\"http:\\\/\\\/unaymilletras.com\\\/\"},{\"@type\":\"ListItem\",\"position\":2,\"name\":\"Milo J anuncia sus conciertos en Espa\u00f1a\"}]},{\"@type\":\"WebSite\",\"@id\":\"http:\\\/\\\/unaymilletras.com\\\/#website\",\"url\":\"http:\\\/\\\/unaymilletras.com\\\/\",\"name\":\"Una y Mil Letras\",\"description\":\"\",\"publisher\":{\"@id\":\"http:\\\/\\\/unaymilletras.com\\\/#organization\"},\"potentialAction\":[{\"@type\":\"SearchAction\",\"target\":{\"@type\":\"EntryPoint\",\"urlTemplate\":\"http:\\\/\\\/unaymilletras.com\\\/?s={search_term_string}\"},\"query-input\":{\"@type\":\"PropertyValueSpecification\",\"valueRequired\":true,\"valueName\":\"search_term_string\"}}],\"inLanguage\":\"en-GB\"},{\"@type\":\"Organization\",\"@id\":\"http:\\\/\\\/unaymilletras.com\\\/#organization\",\"name\":\"Una y Mil Letras\",\"url\":\"http:\\\/\\\/unaymilletras.com\\\/\",\"logo\":{\"@type\":\"ImageObject\",\"inLanguage\":\"en-GB\",\"@id\":\"http:\\\/\\\/unaymilletras.com\\\/#\\\/schema\\\/logo\\\/image\\\/\",\"url\":\"https:\\\/\\\/unaymilletras.com\\\/wp-content\\\/uploads\\\/2024\\\/06\\\/cropped-Logo-removebg-preview.png\",\"contentUrl\":\"https:\\\/\\\/unaymilletras.com\\\/wp-content\\\/uploads\\\/2024\\\/06\\\/cropped-Logo-removebg-preview.png\",\"width\":512,\"height\":512,\"caption\":\"Una y Mil Letras\"},\"image\":{\"@id\":\"http:\\\/\\\/unaymilletras.com\\\/#\\\/schema\\\/logo\\\/image\\\/\"},\"sameAs\":[\"https:\\\/\\\/x.com\\\/UnaYMilLetras\",\"https:\\\/\\\/instagram.com\\\/UnaYMilLetras\"]},{\"@type\":\"Person\",\"@id\":\"http:\\\/\\\/unaymilletras.com\\\/#\\\/schema\\\/person\\\/d55ba681b8a4e463d8982dbe36a5dc94\",\"name\":\"Maria Gil Robledo\",\"image\":{\"@type\":\"ImageObject\",\"inLanguage\":\"en-GB\",\"@id\":\"https:\\\/\\\/secure.gravatar.com\\\/avatar\\\/4b8e5102e0015789407eb4870b12f0f2857952d83ca124058f92b764bd1840c3?s=96&d=mm&r=g\",\"url\":\"https:\\\/\\\/secure.gravatar.com\\\/avatar\\\/4b8e5102e0015789407eb4870b12f0f2857952d83ca124058f92b764bd1840c3?s=96&d=mm&r=g\",\"contentUrl\":\"https:\\\/\\\/secure.gravatar.com\\\/avatar\\\/4b8e5102e0015789407eb4870b12f0f2857952d83ca124058f92b764bd1840c3?s=96&d=mm&r=g\",\"caption\":\"Maria Gil Robledo\"},\"sameAs\":[\"http:\\\/\\\/unaymilletras.com\"],\"url\":\"https:\\\/\\\/unaymilletras.com\\\/en\\\/author\\\/mariiagiil02_\\\/\"}]}<\/script>\n<!-- \/ Yoast SEO plugin. -->","yoast_head_json":{"title":"Milo J anuncia sus conciertos en Espa\u00f1a &#8902; Una y Mil Letras","description":"Barcelona (29 de junio) y Madrid (6 de julio) son las ciudades que visitar\u00e1 Milo J con sus primeros conciertos en Espa\u00f1a...","robots":{"index":"index","follow":"follow","max-snippet":"max-snippet:-1","max-image-preview":"max-image-preview:large","max-video-preview":"max-video-preview:-1"},"canonical":"http:\/\/unaymilletras.com\/en\/milo-j-espana\/","og_locale":"en_GB","og_type":"article","og_title":"Milo J anuncia sus conciertos en Espa\u00f1a &#8902; Una y Mil Letras","og_description":"Barcelona (29 de junio) y Madrid (6 de julio) son las ciudades que visitar\u00e1 Milo J con sus primeros conciertos en Espa\u00f1a...","og_url":"http:\/\/unaymilletras.com\/en\/milo-j-espana\/","og_site_name":"Una y Mil Letras","article_published_time":"2023-06-08T18:42:02+00:00","article_modified_time":"2023-06-08T18:42:05+00:00","og_image":[{"width":720,"height":1268,"url":"http:\/\/unaymilletras.com\/wp-content\/uploads\/2023\/06\/portada-1.jpeg","type":"image\/jpeg"}],"author":"Maria Gil Robledo","twitter_card":"summary_large_image","twitter_creator":"@UnaYMilLetras","twitter_site":"@UnaYMilLetras","twitter_misc":{"Written by":"Maria Gil Robledo","Estimated reading time":"2 minutes"},"schema":{"@context":"https:\/\/schema.org","@graph":[{"@type":"Article","@id":"http:\/\/unaymilletras.com\/milo-j-espana\/#article","isPartOf":{"@id":"http:\/\/unaymilletras.com\/milo-j-espana\/"},"author":{"name":"Maria Gil Robledo","@id":"http:\/\/unaymilletras.com\/#\/schema\/person\/d55ba681b8a4e463d8982dbe36a5dc94"},"headline":"Milo J anuncia sus conciertos en Espa\u00f1a","datePublished":"2023-06-08T18:42:02+00:00","dateModified":"2023-06-08T18:42:05+00:00","mainEntityOfPage":{"@id":"http:\/\/unaymilletras.com\/milo-j-espana\/"},"wordCount":238,"commentCount":0,"publisher":{"@id":"http:\/\/unaymilletras.com\/#organization"},"image":{"@id":"http:\/\/unaymilletras.com\/milo-j-espana\/#primaryimage"},"thumbnailUrl":"https:\/\/unaymilletras.com\/wp-content\/uploads\/2023\/06\/portada-1.jpeg","articleSection":["M\u00fasica"],"inLanguage":"en-GB","potentialAction":[{"@type":"CommentAction","name":"Comment","target":["http:\/\/unaymilletras.com\/milo-j-espana\/#respond"]}]},{"@type":"WebPage","@id":"http:\/\/unaymilletras.com\/milo-j-espana\/","url":"http:\/\/unaymilletras.com\/milo-j-espana\/","name":"Milo J anuncia sus conciertos en Espa\u00f1a &#8902; Una y Mil Letras","isPartOf":{"@id":"http:\/\/unaymilletras.com\/#website"},"primaryImageOfPage":{"@id":"http:\/\/unaymilletras.com\/milo-j-espana\/#primaryimage"},"image":{"@id":"http:\/\/unaymilletras.com\/milo-j-espana\/#primaryimage"},"thumbnailUrl":"https:\/\/unaymilletras.com\/wp-content\/uploads\/2023\/06\/portada-1.jpeg","datePublished":"2023-06-08T18:42:02+00:00","dateModified":"2023-06-08T18:42:05+00:00","description":"Barcelona (29 de junio) y Madrid (6 de julio) son las ciudades que visitar\u00e1 Milo J con sus primeros conciertos en Espa\u00f1a...","breadcrumb":{"@id":"http:\/\/unaymilletras.com\/milo-j-espana\/#breadcrumb"},"inLanguage":"en-GB","potentialAction":[{"@type":"ReadAction","target":["http:\/\/unaymilletras.com\/milo-j-espana\/"]}]},{"@type":"ImageObject","inLanguage":"en-GB","@id":"http:\/\/unaymilletras.com\/milo-j-espana\/#primaryimage","url":"https:\/\/unaymilletras.com\/wp-content\/uploads\/2023\/06\/portada-1.jpeg","contentUrl":"https:\/\/unaymilletras.com\/wp-content\/uploads\/2023\/06\/portada-1.jpeg","width":720,"height":1268,"caption":"Milo J"},{"@type":"BreadcrumbList","@id":"http:\/\/unaymilletras.com\/milo-j-espana\/#breadcrumb","itemListElement":[{"@type":"ListItem","position":1,"name":"Home","item":"http:\/\/unaymilletras.com\/"},{"@type":"ListItem","position":2,"name":"Milo J anuncia sus conciertos en Espa\u00f1a"}]},{"@type":"WebSite","@id":"http:\/\/unaymilletras.com\/#website","url":"http:\/\/unaymilletras.com\/","name":"Una y Mil Letras","description":"","publisher":{"@id":"http:\/\/unaymilletras.com\/#organization"},"potentialAction":[{"@type":"SearchAction","target":{"@type":"EntryPoint","urlTemplate":"http:\/\/unaymilletras.com\/?s={search_term_string}"},"query-input":{"@type":"PropertyValueSpecification","valueRequired":true,"valueName":"search_term_string"}}],"inLanguage":"en-GB"},{"@type":"Organization","@id":"http:\/\/unaymilletras.com\/#organization","name":"Una y Mil Letras","url":"http:\/\/unaymilletras.com\/","logo":{"@type":"ImageObject","inLanguage":"en-GB","@id":"http:\/\/unaymilletras.com\/#\/schema\/logo\/image\/","url":"https:\/\/unaymilletras.com\/wp-content\/uploads\/2024\/06\/cropped-Logo-removebg-preview.png","contentUrl":"https:\/\/unaymilletras.com\/wp-content\/uploads\/2024\/06\/cropped-Logo-removebg-preview.png","width":512,"height":512,"caption":"Una y Mil Letras"},"image":{"@id":"http:\/\/unaymilletras.com\/#\/schema\/logo\/image\/"},"sameAs":["https:\/\/x.com\/UnaYMilLetras","https:\/\/instagram.com\/UnaYMilLetras"]},{"@type":"Person","@id":"http:\/\/unaymilletras.com\/#\/schema\/person\/d55ba681b8a4e463d8982dbe36a5dc94","name":"Maria Gil Robledo","image":{"@type":"ImageObject","inLanguage":"en-GB","@id":"https:\/\/secure.gravatar.com\/avatar\/4b8e5102e0015789407eb4870b12f0f2857952d83ca124058f92b764bd1840c3?s=96&d=mm&r=g","url":"https:\/\/secure.gravatar.com\/avatar\/4b8e5102e0015789407eb4870b12f0f2857952d83ca124058f92b764bd1840c3?s=96&d=mm&r=g","contentUrl":"https:\/\/secure.gravatar.com\/avatar\/4b8e5102e0015789407eb4870b12f0f2857952d83ca124058f92b764bd1840c3?s=96&d=mm&r=g","caption":"Maria Gil Robledo"},"sameAs":["http:\/\/unaymilletras.com"],"url":"https:\/\/unaymilletras.com\/en\/author\/mariiagiil02_\/"}]}},"_links":{"self":[{"href":"https:\/\/unaymilletras.com\/en\/wp-json\/wp\/v2\/posts\/853","targetHints":{"allow":["GET"]}}],"collection":[{"href":"https:\/\/unaymilletras.com\/en\/wp-json\/wp\/v2\/posts"}],"about":[{"href":"https:\/\/unaymilletras.com\/en\/wp-json\/wp\/v2\/types\/post"}],"author":[{"embeddable":true,"href":"https:\/\/unaymilletras.com\/en\/wp-json\/wp\/v2\/users\/1"}],"replies":[{"embeddable":true,"href":"https:\/\/unaymilletras.com\/en\/wp-json\/wp\/v2\/comments?post=853"}],"version-history":[{"count":6,"href":"https:\/\/unaymilletras.com\/en\/wp-json\/wp\/v2\/posts\/853\/revisions"}],"predecessor-version":[{"id":862,"href":"https:\/\/unaymilletras.com\/en\/wp-json\/wp\/v2\/posts\/853\/revisions\/862"}],"wp:featuredmedia":[{"embeddable":true,"href":"https:\/\/unaymilletras.com\/en\/wp-json\/wp\/v2\/media\/857"}],"wp:attachment":[{"href":"https:\/\/unaymilletras.com\/en\/wp-json\/wp\/v2\/media?parent=853"}],"wp:term":[{"taxonomy":"category","embeddable":true,"href":"https:\/\/unaymilletras.com\/en\/wp-json\/wp\/v2\/categories?post=853"},{"taxonomy":"post_tag","embeddable":true,"href":"https:\/\/unaymilletras.com\/en\/wp-json\/wp\/v2\/tags?post=853"}],"curies":[{"name":"wp","href":"https:\/\/api.w.org\/{rel}","templated":true}]}}