{"id":874,"date":"2023-06-12T17:55:57","date_gmt":"2023-06-12T15:55:57","guid":{"rendered":"http:\/\/unaymilletras.com\/?p=874"},"modified":"2023-06-12T18:06:17","modified_gmt":"2023-06-12T16:06:17","slug":"anitta-actuacion-durante-la-final-champions-league","status":"publish","type":"post","link":"https:\/\/unaymilletras.com\/en\/anitta-actuacion-durante-la-final-champions-league\/","title":{"rendered":"Anitta deslumbr\u00f3 con su actuaci\u00f3n durante la final de la UEFA Champions League"},"content":{"rendered":"<div data-elementor-type=\"wp-post\" data-elementor-id=\"874\" class=\"elementor elementor-874\">\n\t\t\t\t\t\t<section class=\"elementor-section elementor-top-section elementor-element elementor-element-84f75bd elementor-section-boxed elementor-section-height-default elementor-section-height-default\" data-id=\"84f75bd\" data-element_type=\"section\" data-e-type=\"section\">\n\t\t\t\t\t\t<div class=\"elementor-container elementor-column-gap-default\">\n\t\t\t\t\t<div class=\"elementor-column elementor-col-100 elementor-top-column elementor-element elementor-element-b74ba46\" data-id=\"b74ba46\" data-element_type=\"column\" data-e-type=\"column\">\n\t\t\t<div class=\"elementor-widget-wrap elementor-element-populated\">\n\t\t\t\t\t\t<div class=\"elementor-element elementor-element-aba41b6 elementor-widget elementor-widget-text-editor\" data-id=\"aba41b6\" data-element_type=\"widget\" data-e-type=\"widget\" data-widget_type=\"text-editor.default\">\n\t\t\t\t<div class=\"elementor-widget-container\">\n\t\t\t\t\t\t\t\t\t<h2><span style=\"color: #808080;\"><em>M\u00e1s de 200 pa\u00edses presenciaron la primera presentaci\u00f3n en directo de \u201cFunk Rave\u201d, el nuevo sencillo de Anitta<\/em><\/span><\/h2>\t\t\t\t\t\t\t\t<\/div>\n\t\t\t\t<\/div>\n\t\t\t\t\t<\/div>\n\t\t<\/div>\n\t\t\t\t\t<\/div>\n\t\t<\/section>\n\t\t\t\t<section class=\"elementor-section elementor-top-section elementor-element elementor-element-cc59018 elementor-section-boxed elementor-section-height-default elementor-section-height-default\" data-id=\"cc59018\" data-element_type=\"section\" data-e-type=\"section\">\n\t\t\t\t\t\t<div class=\"elementor-container elementor-column-gap-default\">\n\t\t\t\t\t<div class=\"elementor-column elementor-col-100 elementor-top-column elementor-element elementor-element-b6848b2\" data-id=\"b6848b2\" data-element_type=\"column\" data-e-type=\"column\">\n\t\t\t<div class=\"elementor-widget-wrap elementor-element-populated\">\n\t\t\t\t\t\t<div class=\"elementor-element elementor-element-3886766 elementor-widget elementor-widget-text-editor\" data-id=\"3886766\" data-element_type=\"widget\" data-e-type=\"widget\" data-widget_type=\"text-editor.default\">\n\t\t\t\t<div class=\"elementor-widget-container\">\n\t\t\t\t\t\t\t\t\t<p>El <b>Estadio Ol\u00edmpico Atat\u00fcc<\/b>, en Turqu\u00eda, fue el testigo de la inolvidable actuaci\u00f3n de <b>Anitta<\/b> durante la final de la<b> UEFA Champions League<\/b>, en el \u201cKick Off Show. La artista present\u00f3 por primera vez en directo su nuevo single, <em><b>Fun Rave<\/b><\/em>, interpret\u00e1ndolo ante m\u00e1s de 200 pa\u00edses y millones de aficionados que esperaban el inicio del partido.<\/p>\t\t\t\t\t\t\t\t<\/div>\n\t\t\t\t<\/div>\n\t\t\t\t\t<\/div>\n\t\t<\/div>\n\t\t\t\t\t<\/div>\n\t\t<\/section>\n\t\t\t\t<section class=\"elementor-section elementor-top-section elementor-element elementor-element-840f436 elementor-section-boxed elementor-section-height-default elementor-section-height-default\" data-id=\"840f436\" data-element_type=\"section\" data-e-type=\"section\">\n\t\t\t\t\t\t<div class=\"elementor-container elementor-column-gap-default\">\n\t\t\t\t\t<div class=\"elementor-column elementor-col-50 elementor-top-column elementor-element elementor-element-8083d04\" data-id=\"8083d04\" data-element_type=\"column\" data-e-type=\"column\">\n\t\t\t<div class=\"elementor-widget-wrap elementor-element-populated\">\n\t\t\t\t\t\t<div class=\"elementor-element elementor-element-96ce46a elementor-widget elementor-widget-image\" data-id=\"96ce46a\" data-element_type=\"widget\" data-e-type=\"widget\" data-widget_type=\"image.default\">\n\t\t\t\t<div class=\"elementor-widget-container\">\n\t\t\t\t\t\t\t\t\t\t\t\t<figure class=\"wp-caption\">\n\t\t\t\t\t\t\t\t\t\t<img fetchpriority=\"high\" decoding=\"async\" width=\"640\" height=\"428\" src=\"https:\/\/unaymilletras.com\/wp-content\/uploads\/2023\/06\/Anitta-Getty-Images-4-1024x684.jpg\" class=\"attachment-large size-large wp-image-876\" alt=\"\" srcset=\"https:\/\/unaymilletras.com\/wp-content\/uploads\/2023\/06\/Anitta-Getty-Images-4-1024x684.jpg 1024w, https:\/\/unaymilletras.com\/wp-content\/uploads\/2023\/06\/Anitta-Getty-Images-4-e1686585446619-300x200.jpg 300w, https:\/\/unaymilletras.com\/wp-content\/uploads\/2023\/06\/Anitta-Getty-Images-4-768x513.jpg 768w, https:\/\/unaymilletras.com\/wp-content\/uploads\/2023\/06\/Anitta-Getty-Images-4-1536x1025.jpg 1536w, https:\/\/unaymilletras.com\/wp-content\/uploads\/2023\/06\/Anitta-Getty-Images-4-e1686585446619.jpg 600w\" sizes=\"(max-width: 640px) 100vw, 640px\" \/>\t\t\t\t\t\t\t\t\t\t\t<figcaption class=\"widget-image-caption wp-caption-text\">Fotograf\u00eda: Getty Image<\/figcaption>\n\t\t\t\t\t\t\t\t\t\t<\/figure>\n\t\t\t\t\t\t\t\t\t<\/div>\n\t\t\t\t<\/div>\n\t\t\t\t\t<\/div>\n\t\t<\/div>\n\t\t\t\t<div class=\"elementor-column elementor-col-50 elementor-top-column elementor-element elementor-element-d14de86\" data-id=\"d14de86\" data-element_type=\"column\" data-e-type=\"column\">\n\t\t\t<div class=\"elementor-widget-wrap elementor-element-populated\">\n\t\t\t\t\t\t<div class=\"elementor-element elementor-element-783d5b1 elementor-widget elementor-widget-image\" data-id=\"783d5b1\" data-element_type=\"widget\" data-e-type=\"widget\" data-widget_type=\"image.default\">\n\t\t\t\t<div class=\"elementor-widget-container\">\n\t\t\t\t\t\t\t\t\t\t\t\t<figure class=\"wp-caption\">\n\t\t\t\t\t\t\t\t\t\t<img decoding=\"async\" width=\"600\" height=\"400\" src=\"https:\/\/unaymilletras.com\/wp-content\/uploads\/2023\/06\/Image-2023-06-10-Anitta-Getty-Images-5-e1686585437863.jpg\" class=\"attachment-large size-large wp-image-877\" alt=\"Anitta\" srcset=\"https:\/\/unaymilletras.com\/wp-content\/uploads\/2023\/06\/Image-2023-06-10-Anitta-Getty-Images-5-e1686585437863.jpg 600w, https:\/\/unaymilletras.com\/wp-content\/uploads\/2023\/06\/Image-2023-06-10-Anitta-Getty-Images-5-e1686585437863-300x200.jpg 300w\" sizes=\"(max-width: 600px) 100vw, 600px\" \/>\t\t\t\t\t\t\t\t\t\t\t<figcaption class=\"widget-image-caption wp-caption-text\">Fotograf\u00eda: Getty Image<\/figcaption>\n\t\t\t\t\t\t\t\t\t\t<\/figure>\n\t\t\t\t\t\t\t\t\t<\/div>\n\t\t\t\t<\/div>\n\t\t\t\t\t<\/div>\n\t\t<\/div>\n\t\t\t\t\t<\/div>\n\t\t<\/section>\n\t\t\t\t<section class=\"elementor-section elementor-top-section elementor-element elementor-element-b7bfb53 elementor-section-boxed elementor-section-height-default elementor-section-height-default\" data-id=\"b7bfb53\" data-element_type=\"section\" data-e-type=\"section\">\n\t\t\t\t\t\t<div class=\"elementor-container elementor-column-gap-default\">\n\t\t\t\t\t<div class=\"elementor-column elementor-col-100 elementor-top-column elementor-element elementor-element-d1fc723\" data-id=\"d1fc723\" data-element_type=\"column\" data-e-type=\"column\">\n\t\t\t<div class=\"elementor-widget-wrap elementor-element-populated\">\n\t\t\t\t\t\t<div class=\"elementor-element elementor-element-1002253 elementor-widget elementor-widget-text-editor\" data-id=\"1002253\" data-element_type=\"widget\" data-e-type=\"widget\" data-widget_type=\"text-editor.default\">\n\t\t\t\t<div class=\"elementor-widget-container\">\n\t\t\t\t\t\t\t\t\t<p>Una gran producci\u00f3n compuesta por m\u00e1s de 60 paneles hexagonales de LED acompa\u00f1\u00f3 a Anitta en su interpretaci\u00f3n de <em><b><a href=\"https:\/\/open.spotify.com\/track\/3IAfUEeaXRX9s9UdKOJrFI?si=b484a7a7a9c14d7e\">Envolver<\/a><\/b><\/em>, un tema mundialmente conocido que ha traspasado fronteras y ha puesto a bailar a millones de personas desde su estreno. Una vez que el tema acab\u00f3 la cantante sorprendi\u00f3 al p\u00fablico cantando un ade<span style=\"color: #808080;\">lanto de <em>Fun Rav<\/em>, su <a style=\"color: #808080;\" href=\"http:\/\/unaymilletras.com\/en\/rosalia-tuya\/\">nuevo<\/a> <\/span>sencillo. Todo ello, a lo que hay que a\u00f1adir que estuvo acompa\u00f1ada por <b>Burna Boy<\/b>, hizo que fuese un espect\u00e1culo deslumbrante, logrando conquistar tanto a los asistentes como a los televidentes.<\/p>\t\t\t\t\t\t\t\t<\/div>\n\t\t\t\t<\/div>\n\t\t\t\t\t<\/div>\n\t\t<\/div>\n\t\t\t\t\t<\/div>\n\t\t<\/section>\n\t\t\t\t<section class=\"elementor-section elementor-top-section elementor-element elementor-element-0865e73 elementor-section-boxed elementor-section-height-default elementor-section-height-default\" data-id=\"0865e73\" data-element_type=\"section\" data-e-type=\"section\">\n\t\t\t\t\t\t<div class=\"elementor-container elementor-column-gap-default\">\n\t\t\t\t\t<div class=\"elementor-column elementor-col-50 elementor-top-column elementor-element elementor-element-d077346\" data-id=\"d077346\" data-element_type=\"column\" data-e-type=\"column\">\n\t\t\t<div class=\"elementor-widget-wrap elementor-element-populated\">\n\t\t\t\t\t\t<div class=\"elementor-element elementor-element-0f44a6a elementor-widget elementor-widget-image\" data-id=\"0f44a6a\" data-element_type=\"widget\" data-e-type=\"widget\" data-widget_type=\"image.default\">\n\t\t\t\t<div class=\"elementor-widget-container\">\n\t\t\t\t\t\t\t\t\t\t\t\t\t\t\t<img decoding=\"async\" width=\"640\" height=\"961\" src=\"https:\/\/unaymilletras.com\/wp-content\/uploads\/2023\/06\/Image-2023-06-10-Getty-Images-2.jpg\" class=\"attachment-large size-large wp-image-879\" alt=\"Anitta\" srcset=\"https:\/\/unaymilletras.com\/wp-content\/uploads\/2023\/06\/Image-2023-06-10-Getty-Images-2.jpg 682w, https:\/\/unaymilletras.com\/wp-content\/uploads\/2023\/06\/Image-2023-06-10-Getty-Images-2-200x300.jpg 200w\" sizes=\"(max-width: 640px) 100vw, 640px\" \/>\t\t\t\t\t\t\t\t\t\t\t\t\t\t\t<\/div>\n\t\t\t\t<\/div>\n\t\t\t\t\t<\/div>\n\t\t<\/div>\n\t\t\t\t<div class=\"elementor-column elementor-col-50 elementor-top-column elementor-element elementor-element-b09dc7d\" data-id=\"b09dc7d\" data-element_type=\"column\" data-e-type=\"column\">\n\t\t\t<div class=\"elementor-widget-wrap elementor-element-populated\">\n\t\t\t\t\t\t<div class=\"elementor-element elementor-element-afce9dc elementor-widget elementor-widget-text-editor\" data-id=\"afce9dc\" data-element_type=\"widget\" data-e-type=\"widget\" data-widget_type=\"text-editor.default\">\n\t\t\t\t<div class=\"elementor-widget-container\">\n\t\t\t\t\t\t\t\t\t<h3><span style=\"color: #808080;\">\u00abEstoy muy emocionada&#8230;es un sue\u00f1o hecho realidad poder actuar en el Kick Off Show de la final de la Liga de Campeones de la UEFA\u201d,<\/span><\/h3>\t\t\t\t\t\t\t\t<\/div>\n\t\t\t\t<\/div>\n\t\t\t\t\t<\/div>\n\t\t<\/div>\n\t\t\t\t\t<\/div>\n\t\t<\/section>\n\t\t\t\t<section class=\"elementor-section elementor-top-section elementor-element elementor-element-4b41277 elementor-section-boxed elementor-section-height-default elementor-section-height-default\" data-id=\"4b41277\" data-element_type=\"section\" data-e-type=\"section\">\n\t\t\t\t\t\t<div class=\"elementor-container elementor-column-gap-default\">\n\t\t\t\t\t<div class=\"elementor-column elementor-col-100 elementor-top-column elementor-element elementor-element-bd07440\" data-id=\"bd07440\" data-element_type=\"column\" data-e-type=\"column\">\n\t\t\t<div class=\"elementor-widget-wrap elementor-element-populated\">\n\t\t\t\t\t\t<div class=\"elementor-element elementor-element-cb7a08f elementor-widget elementor-widget-text-editor\" data-id=\"cb7a08f\" data-element_type=\"widget\" data-e-type=\"widget\" data-widget_type=\"text-editor.default\">\n\t\t\t\t<div class=\"elementor-widget-container\">\n\t\t\t\t\t\t\t\t\t<p>Anitta ha conseguido convertirse en una l\u00edder de una nueva generaci\u00f3n de m\u00fasica latinoamericana. Con 6 a\u00f1os de carrera a su espalda se ha consolidado como la artista n\u00famero uno en Brasil y acumula m\u00e1s de 64 millones de seguidores en Instagram y 23 millones de oyentes mensuales en <a href=\"https:\/\/open.spotify.com\/artist\/7FNnA9vBm6EKceENgCGRMb?si=6254308118df4533\">Spotify<\/a>. La int\u00e9rprete de temas tan ic\u00f3nicos como <em>Downtown<\/em> se ha ganado el cari\u00f1o de Espa\u00f1a creando momentos inolvidables, como el perreo a Ayuso durante la gala de Los40 Music Awards.<\/p>\n<p>Por su parte, este es el s\u00e9ptimo a\u00f1o del \u201cKick Off Show\u201d by Pepsi\u00ae de la final de la UEFA Champions League. Con esto han unido m\u00fasica, cultura y deporte a trav\u00e9s de un gran espect\u00e1culo. Este evento adem\u00e1s de transmitirse en m\u00e1s de 200 pa\u00edses, tambi\u00e9n se ha podido ver a trav\u00e9s de los distintos canales oficiales de la UEFA en YouTube y de la UEFA Champions League en TikTok.<\/p>\t\t\t\t\t\t\t\t<\/div>\n\t\t\t\t<\/div>\n\t\t\t\t\t<\/div>\n\t\t<\/div>\n\t\t\t\t\t<\/div>\n\t\t<\/section>\n\t\t\t\t<\/div>","protected":false},"excerpt":{"rendered":"<p>M\u00e1s de 200 pa\u00edses presenciaron la primera presentaci\u00f3n en directo de \u201cFunk Rave\u201d, el nuevo sencillo de Anitta El Estadio Ol\u00edmpico Atat\u00fcc, en Turqu\u00eda, fue el testigo de la inolvidable actuaci\u00f3n de Anitta durante la final de la UEFA Champions League, en el \u201cKick Off Show. La artista present\u00f3 por primera vez en directo su [&hellip;]<\/p>\n","protected":false},"author":1,"featured_media":877,"comment_status":"open","ping_status":"open","sticky":false,"template":"","format":"standard","meta":{"footnotes":""},"categories":[4],"tags":[],"class_list":["post-874","post","type-post","status-publish","format-standard","has-post-thumbnail","hentry","category-musica"],"yoast_head":"<!-- This site is optimized with the Yoast SEO plugin v27.4 - https:\/\/yoast.com\/product\/yoast-seo-wordpress\/ -->\n<title>Anitta deslumbr\u00f3 con su actuaci\u00f3n durante la final de la UEFA Champions League &#8902; Una y Mil Letras<\/title>\n<meta name=\"description\" content=\"M\u00e1s de 200 pa\u00edses presenciaron la primera presentaci\u00f3n en directo de \u201cFunk Rave\u201d, el nuevo sencillo de Anitta\" \/>\n<meta name=\"robots\" content=\"index, follow, max-snippet:-1, max-image-preview:large, max-video-preview:-1\" \/>\n<link rel=\"canonical\" href=\"https:\/\/unaymilletras.com\/en\/anitta-actuacion-durante-la-final-champions-league\/\" \/>\n<meta property=\"og:locale\" content=\"en_GB\" \/>\n<meta property=\"og:type\" content=\"article\" \/>\n<meta property=\"og:title\" content=\"Anitta deslumbr\u00f3 con su actuaci\u00f3n durante la final de la UEFA Champions League &#8902; Una y Mil Letras\" \/>\n<meta property=\"og:description\" content=\"M\u00e1s de 200 pa\u00edses presenciaron la primera presentaci\u00f3n en directo de \u201cFunk Rave\u201d, el nuevo sencillo de Anitta\" \/>\n<meta property=\"og:url\" content=\"https:\/\/unaymilletras.com\/en\/anitta-actuacion-durante-la-final-champions-league\/\" \/>\n<meta property=\"og:site_name\" content=\"Una y Mil Letras\" \/>\n<meta property=\"article:published_time\" content=\"2023-06-12T15:55:57+00:00\" \/>\n<meta property=\"article:modified_time\" content=\"2023-06-12T16:06:17+00:00\" \/>\n<meta property=\"og:image\" content=\"https:\/\/unaymilletras.com\/wp-content\/uploads\/2023\/06\/Image-2023-06-10-Anitta-Getty-Images-5-e1686585437863.jpg\" \/>\n\t<meta property=\"og:image:width\" content=\"600\" \/>\n\t<meta property=\"og:image:height\" content=\"400\" \/>\n\t<meta property=\"og:image:type\" content=\"image\/jpeg\" \/>\n<meta name=\"author\" content=\"Maria Gil Robledo\" \/>\n<meta name=\"twitter:card\" content=\"summary_large_image\" \/>\n<meta name=\"twitter:creator\" content=\"@UnaYMilLetras\" \/>\n<meta name=\"twitter:site\" content=\"@UnaYMilLetras\" \/>\n<meta name=\"twitter:label1\" content=\"Written by\" \/>\n\t<meta name=\"twitter:data1\" content=\"Maria Gil Robledo\" \/>\n\t<meta name=\"twitter:label2\" content=\"Estimated reading time\" \/>\n\t<meta name=\"twitter:data2\" content=\"3 minutes\" \/>\n<script type=\"application\/ld+json\" class=\"yoast-schema-graph\">{\"@context\":\"https:\\\/\\\/schema.org\",\"@graph\":[{\"@type\":\"Article\",\"@id\":\"https:\\\/\\\/unaymilletras.com\\\/anitta-actuacion-durante-la-final-champions-league\\\/#article\",\"isPartOf\":{\"@id\":\"https:\\\/\\\/unaymilletras.com\\\/anitta-actuacion-durante-la-final-champions-league\\\/\"},\"author\":{\"name\":\"Maria Gil Robledo\",\"@id\":\"http:\\\/\\\/unaymilletras.com\\\/#\\\/schema\\\/person\\\/d55ba681b8a4e463d8982dbe36a5dc94\"},\"headline\":\"Anitta deslumbr\u00f3 con su actuaci\u00f3n durante la final de la UEFA Champions League\",\"datePublished\":\"2023-06-12T15:55:57+00:00\",\"dateModified\":\"2023-06-12T16:06:17+00:00\",\"mainEntityOfPage\":{\"@id\":\"https:\\\/\\\/unaymilletras.com\\\/anitta-actuacion-durante-la-final-champions-league\\\/\"},\"wordCount\":395,\"commentCount\":0,\"publisher\":{\"@id\":\"http:\\\/\\\/unaymilletras.com\\\/#organization\"},\"image\":{\"@id\":\"https:\\\/\\\/unaymilletras.com\\\/anitta-actuacion-durante-la-final-champions-league\\\/#primaryimage\"},\"thumbnailUrl\":\"https:\\\/\\\/unaymilletras.com\\\/wp-content\\\/uploads\\\/2023\\\/06\\\/Image-2023-06-10-Anitta-Getty-Images-5-e1686585437863.jpg\",\"articleSection\":[\"M\u00fasica\"],\"inLanguage\":\"en-GB\",\"potentialAction\":[{\"@type\":\"CommentAction\",\"name\":\"Comment\",\"target\":[\"https:\\\/\\\/unaymilletras.com\\\/anitta-actuacion-durante-la-final-champions-league\\\/#respond\"]}]},{\"@type\":\"WebPage\",\"@id\":\"https:\\\/\\\/unaymilletras.com\\\/anitta-actuacion-durante-la-final-champions-league\\\/\",\"url\":\"https:\\\/\\\/unaymilletras.com\\\/anitta-actuacion-durante-la-final-champions-league\\\/\",\"name\":\"Anitta deslumbr\u00f3 con su actuaci\u00f3n durante la final de la UEFA Champions League &#8902; Una y Mil Letras\",\"isPartOf\":{\"@id\":\"http:\\\/\\\/unaymilletras.com\\\/#website\"},\"primaryImageOfPage\":{\"@id\":\"https:\\\/\\\/unaymilletras.com\\\/anitta-actuacion-durante-la-final-champions-league\\\/#primaryimage\"},\"image\":{\"@id\":\"https:\\\/\\\/unaymilletras.com\\\/anitta-actuacion-durante-la-final-champions-league\\\/#primaryimage\"},\"thumbnailUrl\":\"https:\\\/\\\/unaymilletras.com\\\/wp-content\\\/uploads\\\/2023\\\/06\\\/Image-2023-06-10-Anitta-Getty-Images-5-e1686585437863.jpg\",\"datePublished\":\"2023-06-12T15:55:57+00:00\",\"dateModified\":\"2023-06-12T16:06:17+00:00\",\"description\":\"M\u00e1s de 200 pa\u00edses presenciaron la primera presentaci\u00f3n en directo de \u201cFunk Rave\u201d, el nuevo sencillo de Anitta\",\"breadcrumb\":{\"@id\":\"https:\\\/\\\/unaymilletras.com\\\/anitta-actuacion-durante-la-final-champions-league\\\/#breadcrumb\"},\"inLanguage\":\"en-GB\",\"potentialAction\":[{\"@type\":\"ReadAction\",\"target\":[\"https:\\\/\\\/unaymilletras.com\\\/anitta-actuacion-durante-la-final-champions-league\\\/\"]}]},{\"@type\":\"ImageObject\",\"inLanguage\":\"en-GB\",\"@id\":\"https:\\\/\\\/unaymilletras.com\\\/anitta-actuacion-durante-la-final-champions-league\\\/#primaryimage\",\"url\":\"https:\\\/\\\/unaymilletras.com\\\/wp-content\\\/uploads\\\/2023\\\/06\\\/Image-2023-06-10-Anitta-Getty-Images-5-e1686585437863.jpg\",\"contentUrl\":\"https:\\\/\\\/unaymilletras.com\\\/wp-content\\\/uploads\\\/2023\\\/06\\\/Image-2023-06-10-Anitta-Getty-Images-5-e1686585437863.jpg\",\"width\":600,\"height\":400,\"caption\":\"Fotograf\u00eda: Getty Image\"},{\"@type\":\"BreadcrumbList\",\"@id\":\"https:\\\/\\\/unaymilletras.com\\\/anitta-actuacion-durante-la-final-champions-league\\\/#breadcrumb\",\"itemListElement\":[{\"@type\":\"ListItem\",\"position\":1,\"name\":\"Home\",\"item\":\"http:\\\/\\\/unaymilletras.com\\\/\"},{\"@type\":\"ListItem\",\"position\":2,\"name\":\"Anitta deslumbr\u00f3 con su actuaci\u00f3n durante la final de la UEFA Champions League\"}]},{\"@type\":\"WebSite\",\"@id\":\"http:\\\/\\\/unaymilletras.com\\\/#website\",\"url\":\"http:\\\/\\\/unaymilletras.com\\\/\",\"name\":\"Una y Mil Letras\",\"description\":\"\",\"publisher\":{\"@id\":\"http:\\\/\\\/unaymilletras.com\\\/#organization\"},\"potentialAction\":[{\"@type\":\"SearchAction\",\"target\":{\"@type\":\"EntryPoint\",\"urlTemplate\":\"http:\\\/\\\/unaymilletras.com\\\/?s={search_term_string}\"},\"query-input\":{\"@type\":\"PropertyValueSpecification\",\"valueRequired\":true,\"valueName\":\"search_term_string\"}}],\"inLanguage\":\"en-GB\"},{\"@type\":\"Organization\",\"@id\":\"http:\\\/\\\/unaymilletras.com\\\/#organization\",\"name\":\"Una y Mil Letras\",\"url\":\"http:\\\/\\\/unaymilletras.com\\\/\",\"logo\":{\"@type\":\"ImageObject\",\"inLanguage\":\"en-GB\",\"@id\":\"http:\\\/\\\/unaymilletras.com\\\/#\\\/schema\\\/logo\\\/image\\\/\",\"url\":\"https:\\\/\\\/unaymilletras.com\\\/wp-content\\\/uploads\\\/2024\\\/06\\\/cropped-Logo-removebg-preview.png\",\"contentUrl\":\"https:\\\/\\\/unaymilletras.com\\\/wp-content\\\/uploads\\\/2024\\\/06\\\/cropped-Logo-removebg-preview.png\",\"width\":512,\"height\":512,\"caption\":\"Una y Mil Letras\"},\"image\":{\"@id\":\"http:\\\/\\\/unaymilletras.com\\\/#\\\/schema\\\/logo\\\/image\\\/\"},\"sameAs\":[\"https:\\\/\\\/x.com\\\/UnaYMilLetras\",\"https:\\\/\\\/instagram.com\\\/UnaYMilLetras\"]},{\"@type\":\"Person\",\"@id\":\"http:\\\/\\\/unaymilletras.com\\\/#\\\/schema\\\/person\\\/d55ba681b8a4e463d8982dbe36a5dc94\",\"name\":\"Maria Gil Robledo\",\"image\":{\"@type\":\"ImageObject\",\"inLanguage\":\"en-GB\",\"@id\":\"https:\\\/\\\/secure.gravatar.com\\\/avatar\\\/4b8e5102e0015789407eb4870b12f0f2857952d83ca124058f92b764bd1840c3?s=96&d=mm&r=g\",\"url\":\"https:\\\/\\\/secure.gravatar.com\\\/avatar\\\/4b8e5102e0015789407eb4870b12f0f2857952d83ca124058f92b764bd1840c3?s=96&d=mm&r=g\",\"contentUrl\":\"https:\\\/\\\/secure.gravatar.com\\\/avatar\\\/4b8e5102e0015789407eb4870b12f0f2857952d83ca124058f92b764bd1840c3?s=96&d=mm&r=g\",\"caption\":\"Maria Gil Robledo\"},\"sameAs\":[\"http:\\\/\\\/unaymilletras.com\"],\"url\":\"https:\\\/\\\/unaymilletras.com\\\/en\\\/author\\\/mariiagiil02_\\\/\"}]}<\/script>\n<!-- \/ Yoast SEO plugin. -->","yoast_head_json":{"title":"Anitta deslumbr\u00f3 con su actuaci\u00f3n durante la final de la UEFA Champions League &#8902; Una y Mil Letras","description":"M\u00e1s de 200 pa\u00edses presenciaron la primera presentaci\u00f3n en directo de \u201cFunk Rave\u201d, el nuevo sencillo de Anitta","robots":{"index":"index","follow":"follow","max-snippet":"max-snippet:-1","max-image-preview":"max-image-preview:large","max-video-preview":"max-video-preview:-1"},"canonical":"https:\/\/unaymilletras.com\/en\/anitta-actuacion-durante-la-final-champions-league\/","og_locale":"en_GB","og_type":"article","og_title":"Anitta deslumbr\u00f3 con su actuaci\u00f3n durante la final de la UEFA Champions League &#8902; Una y Mil Letras","og_description":"M\u00e1s de 200 pa\u00edses presenciaron la primera presentaci\u00f3n en directo de \u201cFunk Rave\u201d, el nuevo sencillo de Anitta","og_url":"https:\/\/unaymilletras.com\/en\/anitta-actuacion-durante-la-final-champions-league\/","og_site_name":"Una y Mil Letras","article_published_time":"2023-06-12T15:55:57+00:00","article_modified_time":"2023-06-12T16:06:17+00:00","og_image":[{"width":600,"height":400,"url":"https:\/\/unaymilletras.com\/wp-content\/uploads\/2023\/06\/Image-2023-06-10-Anitta-Getty-Images-5-e1686585437863.jpg","type":"image\/jpeg"}],"author":"Maria Gil Robledo","twitter_card":"summary_large_image","twitter_creator":"@UnaYMilLetras","twitter_site":"@UnaYMilLetras","twitter_misc":{"Written by":"Maria Gil Robledo","Estimated reading time":"3 minutes"},"schema":{"@context":"https:\/\/schema.org","@graph":[{"@type":"Article","@id":"https:\/\/unaymilletras.com\/anitta-actuacion-durante-la-final-champions-league\/#article","isPartOf":{"@id":"https:\/\/unaymilletras.com\/anitta-actuacion-durante-la-final-champions-league\/"},"author":{"name":"Maria Gil Robledo","@id":"http:\/\/unaymilletras.com\/#\/schema\/person\/d55ba681b8a4e463d8982dbe36a5dc94"},"headline":"Anitta deslumbr\u00f3 con su actuaci\u00f3n durante la final de la UEFA Champions League","datePublished":"2023-06-12T15:55:57+00:00","dateModified":"2023-06-12T16:06:17+00:00","mainEntityOfPage":{"@id":"https:\/\/unaymilletras.com\/anitta-actuacion-durante-la-final-champions-league\/"},"wordCount":395,"commentCount":0,"publisher":{"@id":"http:\/\/unaymilletras.com\/#organization"},"image":{"@id":"https:\/\/unaymilletras.com\/anitta-actuacion-durante-la-final-champions-league\/#primaryimage"},"thumbnailUrl":"https:\/\/unaymilletras.com\/wp-content\/uploads\/2023\/06\/Image-2023-06-10-Anitta-Getty-Images-5-e1686585437863.jpg","articleSection":["M\u00fasica"],"inLanguage":"en-GB","potentialAction":[{"@type":"CommentAction","name":"Comment","target":["https:\/\/unaymilletras.com\/anitta-actuacion-durante-la-final-champions-league\/#respond"]}]},{"@type":"WebPage","@id":"https:\/\/unaymilletras.com\/anitta-actuacion-durante-la-final-champions-league\/","url":"https:\/\/unaymilletras.com\/anitta-actuacion-durante-la-final-champions-league\/","name":"Anitta deslumbr\u00f3 con su actuaci\u00f3n durante la final de la UEFA Champions League &#8902; Una y Mil Letras","isPartOf":{"@id":"http:\/\/unaymilletras.com\/#website"},"primaryImageOfPage":{"@id":"https:\/\/unaymilletras.com\/anitta-actuacion-durante-la-final-champions-league\/#primaryimage"},"image":{"@id":"https:\/\/unaymilletras.com\/anitta-actuacion-durante-la-final-champions-league\/#primaryimage"},"thumbnailUrl":"https:\/\/unaymilletras.com\/wp-content\/uploads\/2023\/06\/Image-2023-06-10-Anitta-Getty-Images-5-e1686585437863.jpg","datePublished":"2023-06-12T15:55:57+00:00","dateModified":"2023-06-12T16:06:17+00:00","description":"M\u00e1s de 200 pa\u00edses presenciaron la primera presentaci\u00f3n en directo de \u201cFunk Rave\u201d, el nuevo sencillo de Anitta","breadcrumb":{"@id":"https:\/\/unaymilletras.com\/anitta-actuacion-durante-la-final-champions-league\/#breadcrumb"},"inLanguage":"en-GB","potentialAction":[{"@type":"ReadAction","target":["https:\/\/unaymilletras.com\/anitta-actuacion-durante-la-final-champions-league\/"]}]},{"@type":"ImageObject","inLanguage":"en-GB","@id":"https:\/\/unaymilletras.com\/anitta-actuacion-durante-la-final-champions-league\/#primaryimage","url":"https:\/\/unaymilletras.com\/wp-content\/uploads\/2023\/06\/Image-2023-06-10-Anitta-Getty-Images-5-e1686585437863.jpg","contentUrl":"https:\/\/unaymilletras.com\/wp-content\/uploads\/2023\/06\/Image-2023-06-10-Anitta-Getty-Images-5-e1686585437863.jpg","width":600,"height":400,"caption":"Fotograf\u00eda: Getty Image"},{"@type":"BreadcrumbList","@id":"https:\/\/unaymilletras.com\/anitta-actuacion-durante-la-final-champions-league\/#breadcrumb","itemListElement":[{"@type":"ListItem","position":1,"name":"Home","item":"http:\/\/unaymilletras.com\/"},{"@type":"ListItem","position":2,"name":"Anitta deslumbr\u00f3 con su actuaci\u00f3n durante la final de la UEFA Champions League"}]},{"@type":"WebSite","@id":"http:\/\/unaymilletras.com\/#website","url":"http:\/\/unaymilletras.com\/","name":"Una y Mil Letras","description":"","publisher":{"@id":"http:\/\/unaymilletras.com\/#organization"},"potentialAction":[{"@type":"SearchAction","target":{"@type":"EntryPoint","urlTemplate":"http:\/\/unaymilletras.com\/?s={search_term_string}"},"query-input":{"@type":"PropertyValueSpecification","valueRequired":true,"valueName":"search_term_string"}}],"inLanguage":"en-GB"},{"@type":"Organization","@id":"http:\/\/unaymilletras.com\/#organization","name":"Una y Mil Letras","url":"http:\/\/unaymilletras.com\/","logo":{"@type":"ImageObject","inLanguage":"en-GB","@id":"http:\/\/unaymilletras.com\/#\/schema\/logo\/image\/","url":"https:\/\/unaymilletras.com\/wp-content\/uploads\/2024\/06\/cropped-Logo-removebg-preview.png","contentUrl":"https:\/\/unaymilletras.com\/wp-content\/uploads\/2024\/06\/cropped-Logo-removebg-preview.png","width":512,"height":512,"caption":"Una y Mil Letras"},"image":{"@id":"http:\/\/unaymilletras.com\/#\/schema\/logo\/image\/"},"sameAs":["https:\/\/x.com\/UnaYMilLetras","https:\/\/instagram.com\/UnaYMilLetras"]},{"@type":"Person","@id":"http:\/\/unaymilletras.com\/#\/schema\/person\/d55ba681b8a4e463d8982dbe36a5dc94","name":"Maria Gil Robledo","image":{"@type":"ImageObject","inLanguage":"en-GB","@id":"https:\/\/secure.gravatar.com\/avatar\/4b8e5102e0015789407eb4870b12f0f2857952d83ca124058f92b764bd1840c3?s=96&d=mm&r=g","url":"https:\/\/secure.gravatar.com\/avatar\/4b8e5102e0015789407eb4870b12f0f2857952d83ca124058f92b764bd1840c3?s=96&d=mm&r=g","contentUrl":"https:\/\/secure.gravatar.com\/avatar\/4b8e5102e0015789407eb4870b12f0f2857952d83ca124058f92b764bd1840c3?s=96&d=mm&r=g","caption":"Maria Gil Robledo"},"sameAs":["http:\/\/unaymilletras.com"],"url":"https:\/\/unaymilletras.com\/en\/author\/mariiagiil02_\/"}]}},"_links":{"self":[{"href":"https:\/\/unaymilletras.com\/en\/wp-json\/wp\/v2\/posts\/874","targetHints":{"allow":["GET"]}}],"collection":[{"href":"https:\/\/unaymilletras.com\/en\/wp-json\/wp\/v2\/posts"}],"about":[{"href":"https:\/\/unaymilletras.com\/en\/wp-json\/wp\/v2\/types\/post"}],"author":[{"embeddable":true,"href":"https:\/\/unaymilletras.com\/en\/wp-json\/wp\/v2\/users\/1"}],"replies":[{"embeddable":true,"href":"https:\/\/unaymilletras.com\/en\/wp-json\/wp\/v2\/comments?post=874"}],"version-history":[{"count":4,"href":"https:\/\/unaymilletras.com\/en\/wp-json\/wp\/v2\/posts\/874\/revisions"}],"predecessor-version":[{"id":882,"href":"https:\/\/unaymilletras.com\/en\/wp-json\/wp\/v2\/posts\/874\/revisions\/882"}],"wp:featuredmedia":[{"embeddable":true,"href":"https:\/\/unaymilletras.com\/en\/wp-json\/wp\/v2\/media\/877"}],"wp:attachment":[{"href":"https:\/\/unaymilletras.com\/en\/wp-json\/wp\/v2\/media?parent=874"}],"wp:term":[{"taxonomy":"category","embeddable":true,"href":"https:\/\/unaymilletras.com\/en\/wp-json\/wp\/v2\/categories?post=874"},{"taxonomy":"post_tag","embeddable":true,"href":"https:\/\/unaymilletras.com\/en\/wp-json\/wp\/v2\/tags?post=874"}],"curies":[{"name":"wp","href":"https:\/\/api.w.org\/{rel}","templated":true}]}}