{"id":884,"date":"2023-06-13T16:30:00","date_gmt":"2023-06-13T14:30:00","guid":{"rendered":"http:\/\/unaymilletras.com\/?p=884"},"modified":"2023-06-13T16:44:38","modified_gmt":"2023-06-13T14:44:38","slug":"camilo-renueva-su-disco-de-adentro-pa-fuera","status":"publish","type":"post","link":"https:\/\/unaymilletras.com\/en\/camilo-renueva-su-disco-de-adentro-pa-fuera\/","title":{"rendered":"Camilo renueva su disco \u00abDe Adentro Pa Fuera\u00bb"},"content":{"rendered":"<div data-elementor-type=\"wp-post\" data-elementor-id=\"884\" class=\"elementor elementor-884\">\n\t\t\t\t\t\t<section class=\"elementor-section elementor-top-section elementor-element elementor-element-a6ab517 elementor-section-boxed elementor-section-height-default elementor-section-height-default\" data-id=\"a6ab517\" data-element_type=\"section\" data-e-type=\"section\">\n\t\t\t\t\t\t<div class=\"elementor-container elementor-column-gap-default\">\n\t\t\t\t\t<div class=\"elementor-column elementor-col-100 elementor-top-column elementor-element elementor-element-fb41458\" data-id=\"fb41458\" data-element_type=\"column\" data-e-type=\"column\">\n\t\t\t<div class=\"elementor-widget-wrap elementor-element-populated\">\n\t\t\t\t\t\t<div class=\"elementor-element elementor-element-d132d03 elementor-widget elementor-widget-text-editor\" data-id=\"d132d03\" data-element_type=\"widget\" data-e-type=\"widget\" data-widget_type=\"text-editor.default\">\n\t\t\t\t<div class=\"elementor-widget-container\">\n\t\t\t\t\t\t\t\t\t<h2><em><span style=\"color: #808080;\">La nueva edici\u00f3n del disco de Camilo cuenta con grabaciones en directo desde su concierto en La Puerta De Alcal\u00e1<\/span><\/em><\/h2>\t\t\t\t\t\t\t\t<\/div>\n\t\t\t\t<\/div>\n\t\t\t\t\t<\/div>\n\t\t<\/div>\n\t\t\t\t\t<\/div>\n\t\t<\/section>\n\t\t\t\t<section class=\"elementor-section elementor-top-section elementor-element elementor-element-69eed4a elementor-section-boxed elementor-section-height-default elementor-section-height-default\" data-id=\"69eed4a\" data-element_type=\"section\" data-e-type=\"section\">\n\t\t\t\t\t\t<div class=\"elementor-container elementor-column-gap-default\">\n\t\t\t\t\t<div class=\"elementor-column elementor-col-100 elementor-top-column elementor-element elementor-element-f8d0b85\" data-id=\"f8d0b85\" data-element_type=\"column\" data-e-type=\"column\">\n\t\t\t<div class=\"elementor-widget-wrap elementor-element-populated\">\n\t\t\t\t\t\t<div class=\"elementor-element elementor-element-c2a1db6 elementor-widget elementor-widget-text-editor\" data-id=\"c2a1db6\" data-element_type=\"widget\" data-e-type=\"widget\" data-widget_type=\"text-editor.default\">\n\t\t\t\t<div class=\"elementor-widget-container\">\n\t\t\t\t\t\t\t\t\t<p><b>Camilo<\/b> ha sorprendido a sus seguidores con la edici\u00f3n deluxe de su tercer \u00e1lbum de estudio, <i><b><a href=\"https:\/\/open.spotify.com\/album\/33CW5fr7A0nTN5prOTyScI?si=v3UipU6_SpSAosqovofRbQ\">De Adentro Pa Afuera<\/a><\/b><\/i>. Esta nueva versi\u00f3n incluye seis canciones grabadas en directo durante su concierto ofrecido en <b>La Puerta De Alcal\u00e1<\/b> en Madrid. Aqu\u00ed logr\u00f3 juntar a m\u00e1s de 80,000 fan\u00e1ticos para disfrutar de un show inolvidable.<\/p><p>La edici\u00f3n deluxe de <i>De Adentro Pa Afuera<\/i> cuenta con una selecci\u00f3n de temas que incluyen \u00e9xitos como <i><b>KESI<\/b><\/i>, <i><b>Por Primera Vez<\/b>,<\/i>\u00a0la colaboraci\u00f3n con su mujer <b>Evaluna<\/b>, <i><b>5:24<\/b><\/i>,<b> <\/b><i><b>De Adentro Pa Afuera<\/b> o\u00a0<b>Tutu<\/b><\/i> entre otros muchos. Estas grabaciones en directo capturan la energ\u00eda y la pasi\u00f3n de la actuaci\u00f3n de Camilo durante su concierto gratuito en Madrid, brindando a los oyentes una experiencia \u00fanica.<\/p>\t\t\t\t\t\t\t\t<\/div>\n\t\t\t\t<\/div>\n\t\t\t\t\t<\/div>\n\t\t<\/div>\n\t\t\t\t\t<\/div>\n\t\t<\/section>\n\t\t\t\t<section class=\"elementor-section elementor-top-section elementor-element elementor-element-6aec105 elementor-section-boxed elementor-section-height-default elementor-section-height-default\" data-id=\"6aec105\" data-element_type=\"section\" data-e-type=\"section\">\n\t\t\t\t\t\t<div class=\"elementor-container elementor-column-gap-default\">\n\t\t\t\t\t<div class=\"elementor-column elementor-col-100 elementor-top-column elementor-element elementor-element-e114be9\" data-id=\"e114be9\" data-element_type=\"column\" data-e-type=\"column\">\n\t\t\t<div class=\"elementor-widget-wrap elementor-element-populated\">\n\t\t\t\t\t\t<div class=\"elementor-element elementor-element-d80e876 elementor-widget elementor-widget-image\" data-id=\"d80e876\" data-element_type=\"widget\" data-e-type=\"widget\" data-widget_type=\"image.default\">\n\t\t\t\t<div class=\"elementor-widget-container\">\n\t\t\t\t\t\t\t\t\t\t\t\t\t\t\t<img fetchpriority=\"high\" decoding=\"async\" width=\"548\" height=\"548\" src=\"https:\/\/unaymilletras.com\/wp-content\/uploads\/2023\/06\/camilo.png\" class=\"attachment-large size-large wp-image-886\" alt=\"camilo\" srcset=\"https:\/\/unaymilletras.com\/wp-content\/uploads\/2023\/06\/camilo.png 548w, https:\/\/unaymilletras.com\/wp-content\/uploads\/2023\/06\/camilo-300x300.png 300w, https:\/\/unaymilletras.com\/wp-content\/uploads\/2023\/06\/camilo-150x150.png 150w\" sizes=\"(max-width: 548px) 100vw, 548px\" \/>\t\t\t\t\t\t\t\t\t\t\t\t\t\t\t<\/div>\n\t\t\t\t<\/div>\n\t\t\t\t\t<\/div>\n\t\t<\/div>\n\t\t\t\t\t<\/div>\n\t\t<\/section>\n\t\t\t\t<section class=\"elementor-section elementor-top-section elementor-element elementor-element-8799d71 elementor-section-boxed elementor-section-height-default elementor-section-height-default\" data-id=\"8799d71\" data-element_type=\"section\" data-e-type=\"section\">\n\t\t\t\t\t\t<div class=\"elementor-container elementor-column-gap-default\">\n\t\t\t\t\t<div class=\"elementor-column elementor-col-100 elementor-top-column elementor-element elementor-element-ab26233\" data-id=\"ab26233\" data-element_type=\"column\" data-e-type=\"column\">\n\t\t\t<div class=\"elementor-widget-wrap elementor-element-populated\">\n\t\t\t\t\t\t<div class=\"elementor-element elementor-element-b0b55d0 elementor-widget elementor-widget-text-editor\" data-id=\"b0b55d0\" data-element_type=\"widget\" data-e-type=\"widget\" data-widget_type=\"text-editor.default\">\n\t\t\t\t<div class=\"elementor-widget-container\">\n\t\t\t\t\t\t\t\t\t<p>Desde su lanzamiento original en septiembre de 2022, <i>De Adentro Pa Afuera<\/i>&nbsp;ha obtenido un gran \u00e9xito, acumulando m\u00e1s de 1.6 mil millones de reproducciones. Asimismo, ha recibido un disco de platino en Estados Unidos. El \u00e1lbum, que presenta colaboraciones destacadas con artistas como <b>Camila Cabello<\/b>, <b>Myke Towers<\/b>, <b>Grupo Firm<\/b>e, <b>Nicki Nicole <\/b>o&nbsp;<b>Alejandro Sanz<\/b>, se destaca como el trabajo m\u00e1s personal y emotivo en el cat\u00e1logo de Camilo. Cada canci\u00f3n captura e inmortaliza los sentimientos y las emociones que surgieron en \u00e9l con la llegada de su hija, \u00cdndigo.<\/p>\n<p><\/p>\t\t\t\t\t\t\t\t<\/div>\n\t\t\t\t<\/div>\n\t\t\t\t\t<\/div>\n\t\t<\/div>\n\t\t\t\t\t<\/div>\n\t\t<\/section>\n\t\t\t\t<section class=\"elementor-section elementor-top-section elementor-element elementor-element-8088735 elementor-section-boxed elementor-section-height-default elementor-section-height-default\" data-id=\"8088735\" data-element_type=\"section\" data-e-type=\"section\">\n\t\t\t\t\t\t<div class=\"elementor-container elementor-column-gap-default\">\n\t\t\t\t\t<div class=\"elementor-column elementor-col-50 elementor-top-column elementor-element elementor-element-e2cc5f2\" data-id=\"e2cc5f2\" data-element_type=\"column\" data-e-type=\"column\">\n\t\t\t<div class=\"elementor-widget-wrap elementor-element-populated\">\n\t\t\t\t\t\t<div class=\"elementor-element elementor-element-f87452f elementor-widget elementor-widget-text-editor\" data-id=\"f87452f\" data-element_type=\"widget\" data-e-type=\"widget\" data-widget_type=\"text-editor.default\">\n\t\t\t\t<div class=\"elementor-widget-container\">\n\t\t\t\t\t\t\t\t\t<p>Billboard elogi\u00f3 la habilidad de Camilo para escribir canciones pegajosas sin comprometer la calidad l\u00edrica y la profundidad. El \u00e1lbum recibi\u00f3 muy buenas cr\u00edticas, llegando a alcanzar el puesto n\u00famero 6 en la lista de Latin Pop Albums de Billboard. Adem\u00e1s, varias canciones se posicionaron en los primeros puestos de las listas de reproducci\u00f3n, como <em>Aeropuerto<\/em>, <em>Alaska<\/em> o <em>Pegao<\/em><\/p>\t\t\t\t\t\t\t\t<\/div>\n\t\t\t\t<\/div>\n\t\t\t\t\t<\/div>\n\t\t<\/div>\n\t\t\t\t<div class=\"elementor-column elementor-col-50 elementor-top-column elementor-element elementor-element-73e345c\" data-id=\"73e345c\" data-element_type=\"column\" data-e-type=\"column\">\n\t\t\t<div class=\"elementor-widget-wrap elementor-element-populated\">\n\t\t\t\t\t\t<div class=\"elementor-element elementor-element-15a299c elementor-widget elementor-widget-text-editor\" data-id=\"15a299c\" data-element_type=\"widget\" data-e-type=\"widget\" data-widget_type=\"text-editor.default\">\n\t\t\t\t<div class=\"elementor-widget-container\">\n\t\t\t\t\t\t\t\t\t<p>La presentaci\u00f3n de esta edici\u00f3n deluxe llega tan solo tres d\u00edas despu\u00e9s de la exitosa conclusi\u00f3n de la gira <b><i>De Adentro Pa Afuera Tour<\/i><\/b>, en la cual Camilo recorri\u00f3 m\u00faltiples pa\u00edses durante los \u00faltimos 12 meses, agotando todas las en<span style=\"color: #808080;\">tradas en m\u00e1s de 150 <a style=\"color: #808080;\" href=\"http:\/\/unaymilletras.com\/en\/milo-j-espana\/\">conciertos<\/a>. Co<\/span>n una base de seguidores en constante crecimiento, Camilo ha dejado una huella imborrable en la escena musical con su talento y dedicaci\u00f3n.<\/p>\t\t\t\t\t\t\t\t<\/div>\n\t\t\t\t<\/div>\n\t\t\t\t\t<\/div>\n\t\t<\/div>\n\t\t\t\t\t<\/div>\n\t\t<\/section>\n\t\t\t\t<\/div>","protected":false},"excerpt":{"rendered":"<p>La nueva edici\u00f3n del disco de Camilo cuenta con grabaciones en directo desde su concierto en La Puerta De Alcal\u00e1<\/p>","protected":false},"author":1,"featured_media":886,"comment_status":"open","ping_status":"open","sticky":false,"template":"","format":"standard","meta":{"footnotes":""},"categories":[4],"tags":[],"class_list":["post-884","post","type-post","status-publish","format-standard","has-post-thumbnail","hentry","category-musica"],"yoast_head":"<!-- This site is optimized with the Yoast SEO plugin v27.4 - https:\/\/yoast.com\/product\/yoast-seo-wordpress\/ -->\n<title>Camilo renueva su disco &quot;De Adentro Pa Fuera&quot; &#8902; Una y Mil Letras<\/title>\n<meta name=\"description\" content=\"La nueva edici\u00f3n del disco de Camilo cuenta con grabaciones en directo desde su concierto en La Puerta De Alcal\u00e1\" \/>\n<meta name=\"robots\" content=\"index, follow, max-snippet:-1, max-image-preview:large, max-video-preview:-1\" \/>\n<link rel=\"canonical\" href=\"https:\/\/unaymilletras.com\/en\/camilo-renueva-su-disco-de-adentro-pa-fuera\/\" \/>\n<meta property=\"og:locale\" content=\"en_GB\" \/>\n<meta property=\"og:type\" content=\"article\" \/>\n<meta property=\"og:title\" content=\"Camilo renueva su disco &quot;De Adentro Pa Fuera&quot; &#8902; Una y Mil Letras\" \/>\n<meta property=\"og:description\" content=\"La nueva edici\u00f3n del disco de Camilo cuenta con grabaciones en directo desde su concierto en La Puerta De Alcal\u00e1\" \/>\n<meta property=\"og:url\" content=\"https:\/\/unaymilletras.com\/en\/camilo-renueva-su-disco-de-adentro-pa-fuera\/\" \/>\n<meta property=\"og:site_name\" content=\"Una y Mil Letras\" \/>\n<meta property=\"article:published_time\" content=\"2023-06-13T14:30:00+00:00\" \/>\n<meta property=\"article:modified_time\" content=\"2023-06-13T14:44:38+00:00\" \/>\n<meta property=\"og:image\" content=\"https:\/\/unaymilletras.com\/wp-content\/uploads\/2023\/06\/camilo.png\" \/>\n\t<meta property=\"og:image:width\" content=\"548\" \/>\n\t<meta property=\"og:image:height\" content=\"548\" \/>\n\t<meta property=\"og:image:type\" content=\"image\/png\" \/>\n<meta name=\"author\" content=\"Maria Gil Robledo\" \/>\n<meta name=\"twitter:card\" content=\"summary_large_image\" \/>\n<meta name=\"twitter:creator\" content=\"@UnaYMilLetras\" \/>\n<meta name=\"twitter:site\" content=\"@UnaYMilLetras\" \/>\n<meta name=\"twitter:label1\" content=\"Written by\" \/>\n\t<meta name=\"twitter:data1\" content=\"Maria Gil Robledo\" \/>\n\t<meta name=\"twitter:label2\" content=\"Estimated reading time\" \/>\n\t<meta name=\"twitter:data2\" content=\"2 minutes\" \/>\n<script type=\"application\/ld+json\" class=\"yoast-schema-graph\">{\"@context\":\"https:\\\/\\\/schema.org\",\"@graph\":[{\"@type\":\"Article\",\"@id\":\"https:\\\/\\\/unaymilletras.com\\\/camilo-renueva-su-disco-de-adentro-pa-fuera\\\/#article\",\"isPartOf\":{\"@id\":\"https:\\\/\\\/unaymilletras.com\\\/camilo-renueva-su-disco-de-adentro-pa-fuera\\\/\"},\"author\":{\"name\":\"Maria Gil Robledo\",\"@id\":\"http:\\\/\\\/unaymilletras.com\\\/#\\\/schema\\\/person\\\/d55ba681b8a4e463d8982dbe36a5dc94\"},\"headline\":\"Camilo renueva su disco \u00abDe Adentro Pa Fuera\u00bb\",\"datePublished\":\"2023-06-13T14:30:00+00:00\",\"dateModified\":\"2023-06-13T14:44:38+00:00\",\"mainEntityOfPage\":{\"@id\":\"https:\\\/\\\/unaymilletras.com\\\/camilo-renueva-su-disco-de-adentro-pa-fuera\\\/\"},\"wordCount\":391,\"commentCount\":0,\"publisher\":{\"@id\":\"http:\\\/\\\/unaymilletras.com\\\/#organization\"},\"image\":{\"@id\":\"https:\\\/\\\/unaymilletras.com\\\/camilo-renueva-su-disco-de-adentro-pa-fuera\\\/#primaryimage\"},\"thumbnailUrl\":\"https:\\\/\\\/unaymilletras.com\\\/wp-content\\\/uploads\\\/2023\\\/06\\\/camilo.png\",\"articleSection\":[\"M\u00fasica\"],\"inLanguage\":\"en-GB\",\"potentialAction\":[{\"@type\":\"CommentAction\",\"name\":\"Comment\",\"target\":[\"https:\\\/\\\/unaymilletras.com\\\/camilo-renueva-su-disco-de-adentro-pa-fuera\\\/#respond\"]}]},{\"@type\":\"WebPage\",\"@id\":\"https:\\\/\\\/unaymilletras.com\\\/camilo-renueva-su-disco-de-adentro-pa-fuera\\\/\",\"url\":\"https:\\\/\\\/unaymilletras.com\\\/camilo-renueva-su-disco-de-adentro-pa-fuera\\\/\",\"name\":\"Camilo renueva su disco \\\"De Adentro Pa Fuera\\\" &#8902; Una y Mil Letras\",\"isPartOf\":{\"@id\":\"http:\\\/\\\/unaymilletras.com\\\/#website\"},\"primaryImageOfPage\":{\"@id\":\"https:\\\/\\\/unaymilletras.com\\\/camilo-renueva-su-disco-de-adentro-pa-fuera\\\/#primaryimage\"},\"image\":{\"@id\":\"https:\\\/\\\/unaymilletras.com\\\/camilo-renueva-su-disco-de-adentro-pa-fuera\\\/#primaryimage\"},\"thumbnailUrl\":\"https:\\\/\\\/unaymilletras.com\\\/wp-content\\\/uploads\\\/2023\\\/06\\\/camilo.png\",\"datePublished\":\"2023-06-13T14:30:00+00:00\",\"dateModified\":\"2023-06-13T14:44:38+00:00\",\"description\":\"La nueva edici\u00f3n del disco de Camilo cuenta con grabaciones en directo desde su concierto en La Puerta De Alcal\u00e1\",\"breadcrumb\":{\"@id\":\"https:\\\/\\\/unaymilletras.com\\\/camilo-renueva-su-disco-de-adentro-pa-fuera\\\/#breadcrumb\"},\"inLanguage\":\"en-GB\",\"potentialAction\":[{\"@type\":\"ReadAction\",\"target\":[\"https:\\\/\\\/unaymilletras.com\\\/camilo-renueva-su-disco-de-adentro-pa-fuera\\\/\"]}]},{\"@type\":\"ImageObject\",\"inLanguage\":\"en-GB\",\"@id\":\"https:\\\/\\\/unaymilletras.com\\\/camilo-renueva-su-disco-de-adentro-pa-fuera\\\/#primaryimage\",\"url\":\"https:\\\/\\\/unaymilletras.com\\\/wp-content\\\/uploads\\\/2023\\\/06\\\/camilo.png\",\"contentUrl\":\"https:\\\/\\\/unaymilletras.com\\\/wp-content\\\/uploads\\\/2023\\\/06\\\/camilo.png\",\"width\":548,\"height\":548,\"caption\":\"camilo\"},{\"@type\":\"BreadcrumbList\",\"@id\":\"https:\\\/\\\/unaymilletras.com\\\/camilo-renueva-su-disco-de-adentro-pa-fuera\\\/#breadcrumb\",\"itemListElement\":[{\"@type\":\"ListItem\",\"position\":1,\"name\":\"Home\",\"item\":\"http:\\\/\\\/unaymilletras.com\\\/\"},{\"@type\":\"ListItem\",\"position\":2,\"name\":\"Camilo renueva su disco \u00abDe Adentro Pa Fuera\u00bb\"}]},{\"@type\":\"WebSite\",\"@id\":\"http:\\\/\\\/unaymilletras.com\\\/#website\",\"url\":\"http:\\\/\\\/unaymilletras.com\\\/\",\"name\":\"Una y Mil Letras\",\"description\":\"\",\"publisher\":{\"@id\":\"http:\\\/\\\/unaymilletras.com\\\/#organization\"},\"potentialAction\":[{\"@type\":\"SearchAction\",\"target\":{\"@type\":\"EntryPoint\",\"urlTemplate\":\"http:\\\/\\\/unaymilletras.com\\\/?s={search_term_string}\"},\"query-input\":{\"@type\":\"PropertyValueSpecification\",\"valueRequired\":true,\"valueName\":\"search_term_string\"}}],\"inLanguage\":\"en-GB\"},{\"@type\":\"Organization\",\"@id\":\"http:\\\/\\\/unaymilletras.com\\\/#organization\",\"name\":\"Una y Mil Letras\",\"url\":\"http:\\\/\\\/unaymilletras.com\\\/\",\"logo\":{\"@type\":\"ImageObject\",\"inLanguage\":\"en-GB\",\"@id\":\"http:\\\/\\\/unaymilletras.com\\\/#\\\/schema\\\/logo\\\/image\\\/\",\"url\":\"https:\\\/\\\/unaymilletras.com\\\/wp-content\\\/uploads\\\/2024\\\/06\\\/cropped-Logo-removebg-preview.png\",\"contentUrl\":\"https:\\\/\\\/unaymilletras.com\\\/wp-content\\\/uploads\\\/2024\\\/06\\\/cropped-Logo-removebg-preview.png\",\"width\":512,\"height\":512,\"caption\":\"Una y Mil Letras\"},\"image\":{\"@id\":\"http:\\\/\\\/unaymilletras.com\\\/#\\\/schema\\\/logo\\\/image\\\/\"},\"sameAs\":[\"https:\\\/\\\/x.com\\\/UnaYMilLetras\",\"https:\\\/\\\/instagram.com\\\/UnaYMilLetras\"]},{\"@type\":\"Person\",\"@id\":\"http:\\\/\\\/unaymilletras.com\\\/#\\\/schema\\\/person\\\/d55ba681b8a4e463d8982dbe36a5dc94\",\"name\":\"Maria Gil Robledo\",\"image\":{\"@type\":\"ImageObject\",\"inLanguage\":\"en-GB\",\"@id\":\"https:\\\/\\\/secure.gravatar.com\\\/avatar\\\/4b8e5102e0015789407eb4870b12f0f2857952d83ca124058f92b764bd1840c3?s=96&d=mm&r=g\",\"url\":\"https:\\\/\\\/secure.gravatar.com\\\/avatar\\\/4b8e5102e0015789407eb4870b12f0f2857952d83ca124058f92b764bd1840c3?s=96&d=mm&r=g\",\"contentUrl\":\"https:\\\/\\\/secure.gravatar.com\\\/avatar\\\/4b8e5102e0015789407eb4870b12f0f2857952d83ca124058f92b764bd1840c3?s=96&d=mm&r=g\",\"caption\":\"Maria Gil Robledo\"},\"sameAs\":[\"http:\\\/\\\/unaymilletras.com\"],\"url\":\"https:\\\/\\\/unaymilletras.com\\\/en\\\/author\\\/mariiagiil02_\\\/\"}]}<\/script>\n<!-- \/ Yoast SEO plugin. -->","yoast_head_json":{"title":"Camilo renueva su disco \"De Adentro Pa Fuera\" &#8902; Una y Mil Letras","description":"La nueva edici\u00f3n del disco de Camilo cuenta con grabaciones en directo desde su concierto en La Puerta De Alcal\u00e1","robots":{"index":"index","follow":"follow","max-snippet":"max-snippet:-1","max-image-preview":"max-image-preview:large","max-video-preview":"max-video-preview:-1"},"canonical":"https:\/\/unaymilletras.com\/en\/camilo-renueva-su-disco-de-adentro-pa-fuera\/","og_locale":"en_GB","og_type":"article","og_title":"Camilo renueva su disco \"De Adentro Pa Fuera\" &#8902; Una y Mil Letras","og_description":"La nueva edici\u00f3n del disco de Camilo cuenta con grabaciones en directo desde su concierto en La Puerta De Alcal\u00e1","og_url":"https:\/\/unaymilletras.com\/en\/camilo-renueva-su-disco-de-adentro-pa-fuera\/","og_site_name":"Una y Mil Letras","article_published_time":"2023-06-13T14:30:00+00:00","article_modified_time":"2023-06-13T14:44:38+00:00","og_image":[{"width":548,"height":548,"url":"https:\/\/unaymilletras.com\/wp-content\/uploads\/2023\/06\/camilo.png","type":"image\/png"}],"author":"Maria Gil Robledo","twitter_card":"summary_large_image","twitter_creator":"@UnaYMilLetras","twitter_site":"@UnaYMilLetras","twitter_misc":{"Written by":"Maria Gil Robledo","Estimated reading time":"2 minutes"},"schema":{"@context":"https:\/\/schema.org","@graph":[{"@type":"Article","@id":"https:\/\/unaymilletras.com\/camilo-renueva-su-disco-de-adentro-pa-fuera\/#article","isPartOf":{"@id":"https:\/\/unaymilletras.com\/camilo-renueva-su-disco-de-adentro-pa-fuera\/"},"author":{"name":"Maria Gil Robledo","@id":"http:\/\/unaymilletras.com\/#\/schema\/person\/d55ba681b8a4e463d8982dbe36a5dc94"},"headline":"Camilo renueva su disco \u00abDe Adentro Pa Fuera\u00bb","datePublished":"2023-06-13T14:30:00+00:00","dateModified":"2023-06-13T14:44:38+00:00","mainEntityOfPage":{"@id":"https:\/\/unaymilletras.com\/camilo-renueva-su-disco-de-adentro-pa-fuera\/"},"wordCount":391,"commentCount":0,"publisher":{"@id":"http:\/\/unaymilletras.com\/#organization"},"image":{"@id":"https:\/\/unaymilletras.com\/camilo-renueva-su-disco-de-adentro-pa-fuera\/#primaryimage"},"thumbnailUrl":"https:\/\/unaymilletras.com\/wp-content\/uploads\/2023\/06\/camilo.png","articleSection":["M\u00fasica"],"inLanguage":"en-GB","potentialAction":[{"@type":"CommentAction","name":"Comment","target":["https:\/\/unaymilletras.com\/camilo-renueva-su-disco-de-adentro-pa-fuera\/#respond"]}]},{"@type":"WebPage","@id":"https:\/\/unaymilletras.com\/camilo-renueva-su-disco-de-adentro-pa-fuera\/","url":"https:\/\/unaymilletras.com\/camilo-renueva-su-disco-de-adentro-pa-fuera\/","name":"Camilo renueva su disco \"De Adentro Pa Fuera\" &#8902; Una y Mil Letras","isPartOf":{"@id":"http:\/\/unaymilletras.com\/#website"},"primaryImageOfPage":{"@id":"https:\/\/unaymilletras.com\/camilo-renueva-su-disco-de-adentro-pa-fuera\/#primaryimage"},"image":{"@id":"https:\/\/unaymilletras.com\/camilo-renueva-su-disco-de-adentro-pa-fuera\/#primaryimage"},"thumbnailUrl":"https:\/\/unaymilletras.com\/wp-content\/uploads\/2023\/06\/camilo.png","datePublished":"2023-06-13T14:30:00+00:00","dateModified":"2023-06-13T14:44:38+00:00","description":"La nueva edici\u00f3n del disco de Camilo cuenta con grabaciones en directo desde su concierto en La Puerta De Alcal\u00e1","breadcrumb":{"@id":"https:\/\/unaymilletras.com\/camilo-renueva-su-disco-de-adentro-pa-fuera\/#breadcrumb"},"inLanguage":"en-GB","potentialAction":[{"@type":"ReadAction","target":["https:\/\/unaymilletras.com\/camilo-renueva-su-disco-de-adentro-pa-fuera\/"]}]},{"@type":"ImageObject","inLanguage":"en-GB","@id":"https:\/\/unaymilletras.com\/camilo-renueva-su-disco-de-adentro-pa-fuera\/#primaryimage","url":"https:\/\/unaymilletras.com\/wp-content\/uploads\/2023\/06\/camilo.png","contentUrl":"https:\/\/unaymilletras.com\/wp-content\/uploads\/2023\/06\/camilo.png","width":548,"height":548,"caption":"camilo"},{"@type":"BreadcrumbList","@id":"https:\/\/unaymilletras.com\/camilo-renueva-su-disco-de-adentro-pa-fuera\/#breadcrumb","itemListElement":[{"@type":"ListItem","position":1,"name":"Home","item":"http:\/\/unaymilletras.com\/"},{"@type":"ListItem","position":2,"name":"Camilo renueva su disco \u00abDe Adentro Pa Fuera\u00bb"}]},{"@type":"WebSite","@id":"http:\/\/unaymilletras.com\/#website","url":"http:\/\/unaymilletras.com\/","name":"Una y Mil Letras","description":"","publisher":{"@id":"http:\/\/unaymilletras.com\/#organization"},"potentialAction":[{"@type":"SearchAction","target":{"@type":"EntryPoint","urlTemplate":"http:\/\/unaymilletras.com\/?s={search_term_string}"},"query-input":{"@type":"PropertyValueSpecification","valueRequired":true,"valueName":"search_term_string"}}],"inLanguage":"en-GB"},{"@type":"Organization","@id":"http:\/\/unaymilletras.com\/#organization","name":"Una y Mil Letras","url":"http:\/\/unaymilletras.com\/","logo":{"@type":"ImageObject","inLanguage":"en-GB","@id":"http:\/\/unaymilletras.com\/#\/schema\/logo\/image\/","url":"https:\/\/unaymilletras.com\/wp-content\/uploads\/2024\/06\/cropped-Logo-removebg-preview.png","contentUrl":"https:\/\/unaymilletras.com\/wp-content\/uploads\/2024\/06\/cropped-Logo-removebg-preview.png","width":512,"height":512,"caption":"Una y Mil Letras"},"image":{"@id":"http:\/\/unaymilletras.com\/#\/schema\/logo\/image\/"},"sameAs":["https:\/\/x.com\/UnaYMilLetras","https:\/\/instagram.com\/UnaYMilLetras"]},{"@type":"Person","@id":"http:\/\/unaymilletras.com\/#\/schema\/person\/d55ba681b8a4e463d8982dbe36a5dc94","name":"Maria Gil Robledo","image":{"@type":"ImageObject","inLanguage":"en-GB","@id":"https:\/\/secure.gravatar.com\/avatar\/4b8e5102e0015789407eb4870b12f0f2857952d83ca124058f92b764bd1840c3?s=96&d=mm&r=g","url":"https:\/\/secure.gravatar.com\/avatar\/4b8e5102e0015789407eb4870b12f0f2857952d83ca124058f92b764bd1840c3?s=96&d=mm&r=g","contentUrl":"https:\/\/secure.gravatar.com\/avatar\/4b8e5102e0015789407eb4870b12f0f2857952d83ca124058f92b764bd1840c3?s=96&d=mm&r=g","caption":"Maria Gil Robledo"},"sameAs":["http:\/\/unaymilletras.com"],"url":"https:\/\/unaymilletras.com\/en\/author\/mariiagiil02_\/"}]}},"_links":{"self":[{"href":"https:\/\/unaymilletras.com\/en\/wp-json\/wp\/v2\/posts\/884","targetHints":{"allow":["GET"]}}],"collection":[{"href":"https:\/\/unaymilletras.com\/en\/wp-json\/wp\/v2\/posts"}],"about":[{"href":"https:\/\/unaymilletras.com\/en\/wp-json\/wp\/v2\/types\/post"}],"author":[{"embeddable":true,"href":"https:\/\/unaymilletras.com\/en\/wp-json\/wp\/v2\/users\/1"}],"replies":[{"embeddable":true,"href":"https:\/\/unaymilletras.com\/en\/wp-json\/wp\/v2\/comments?post=884"}],"version-history":[{"count":6,"href":"https:\/\/unaymilletras.com\/en\/wp-json\/wp\/v2\/posts\/884\/revisions"}],"predecessor-version":[{"id":891,"href":"https:\/\/unaymilletras.com\/en\/wp-json\/wp\/v2\/posts\/884\/revisions\/891"}],"wp:featuredmedia":[{"embeddable":true,"href":"https:\/\/unaymilletras.com\/en\/wp-json\/wp\/v2\/media\/886"}],"wp:attachment":[{"href":"https:\/\/unaymilletras.com\/en\/wp-json\/wp\/v2\/media?parent=884"}],"wp:term":[{"taxonomy":"category","embeddable":true,"href":"https:\/\/unaymilletras.com\/en\/wp-json\/wp\/v2\/categories?post=884"},{"taxonomy":"post_tag","embeddable":true,"href":"https:\/\/unaymilletras.com\/en\/wp-json\/wp\/v2\/tags?post=884"}],"curies":[{"name":"wp","href":"https:\/\/api.w.org\/{rel}","templated":true}]}}